{"id":595,"date":"2024-09-08T17:51:58","date_gmt":"2024-09-08T15:51:58","guid":{"rendered":"https:\/\/www.pogotowieflagowe.pl\/aktualne\/polskie-wladze-podejmuja-dzialania-majace-na-celu-deportacje-czeczenskiego-aktywisty-ktory-walczyl-o-ukraine\/"},"modified":"2024-09-08T17:51:59","modified_gmt":"2024-09-08T15:51:59","slug":"polskie-wladze-podejmuja-dzialania-majace-na-celu-deportacje-czeczenskiego-aktywisty-ktory-walczyl-o-ukraine","status":"publish","type":"post","link":"https:\/\/www.pogotowieflagowe.pl\/aktualne\/polskie-wladze-podejmuja-dzialania-majace-na-celu-deportacje-czeczenskiego-aktywisty-ktory-walczyl-o-ukraine\/","title":{"rendered":"Polskie w\u0142adze podejmuj\u0105 dzia\u0142ania maj\u0105ce na celu deportacj\u0119 czecze\u0144skiego aktywisty, kt\u00f3ry walczy\u0142 o Ukrain\u0119"},"content":{"rendered":"\n<div class=\"td_block_wrap tdb_single_content tdi_48 td-pb-border-top td_block_template_8 td-post-content tagdiv-type\" data-td-block-uid=\"tdi_48\">\n<style>.tdi_48{margines g\u00f3rny:0px!wa\u017cne;margines dolny:0px!wa\u017cne;wype\u0142nienie g\u00f3rne:0px!wa\u017cne;wype\u0142nienie dolne:0px!wa\u017cne}<\/style>\n<style>.tdb_single_content{margines-dolny:0;*powi\u0119kszenie:1}.tdb_single_content:before,.tdb_single_content:after{wy\u015bwietlanie:tabela;zawarto\u015b\u0107:'';wysoko\u015b\u0107-linii:0}.tdb_single_content:after{wyczy\u015b\u0107:oba}.tdb_single_content .tdb-block-inner>*:not(.wp-block-quote):not(.alignwide):not(.alignfull.wp-block-cover.has-parallax):not(.td-a-ad){margines-lewy:auto;margines-prawy:auto}.tdb_single_content a{zdarzenia-wska\u017anika:auto}.tdb_single_content .td-spot-id-top_ad .tdc-placeholder-title:before{zawarto\u015b\u0107:'Pocz\u0105tek artyku\u0142u Reklama'!important}.tdb_single_content .td-spot-id-inline_ad0 .tdc-placeholder-title:before{content:'Reklama inline artyku\u0142u 1'!important}.tdb_single_content .td-spot-id-inline_ad1 .tdc-placeholder-title:before{content:'Reklama inline artyku\u0142u 2'!important}.tdb_single_content .td-spot-id-inline_ad2 .tdc-placeholder-title:before{content:'Reklama inline artyku\u0142u 3'!important}.tdb_single_content .td-spot-id-bottom_ad .tdc-placeholder-title:before{content:'Reklama dolna artyku\u0142u'!important}.tdb_single_content .id_top_ad,.tdb_single_content .id_bottom_ad{clear:both;margines-dolny:21px;wyr\u00f3wnanie-tekstu:\u015brodek}.tdb_single_content .id_top_ad img,.tdb_single_content .id_bottom_ad img{margines-dolny:0}.tdb_single_content .id_top_ad .adsbygoogle,.tdb_single_content .id_bottom_ad .adsbygoogle{pozycja:wzgl\u0119dna}.tdb_single_content .id_ad_content-poziom-lewy,.tdb_single_content .id_ad_content-poziom-prawy,.tdb_single_content .id_ad_content-horiz-center{margines dolny:15px}.tdb_single_content .id_ad_content-horiz-lewy img,.tdb_single_content .id_ad_content-horiz-prawy img,.tdb_single_content .id_ad_content-horiz-center img{margines dolny:0}.tdb_single_content .id_ad_content-horiz-center{wyr\u00f3wnanie tekstu:\u015brodek}.tdb_single_content .id_ad_content-horiz-center img{margines prawy:auto;margines lewy:auto}.tdb_single_content .id_ad_content-horiz-left{float:lewy;margines g\u00f3rny:9px;margines prawy:21px}.tdb_single_content .id_ad_content-horiz-right{float:right;margines-g\u00f3rny:6px;margines-lewy:21px}.tdb_single_content .tdc-a-ad .tdc-placeholder-title{szeroko\u015b\u0107:300px;wysoko\u015b\u0107:250px}.tdb_single_content .tdc-a-ad .tdc-placeholder-title:before{pozycja:absolutna;g\u00f3ra:50%;-webkit-transform:translateY(-50%);przekszta\u0142cenie:translateY(-50%);margines:auto;wy\u015bwietlanie:tabela;szeroko\u015b\u0107:100%}.tdb_single_content .tdb-block-inner.td-fix-index{word-break:break-word}.tdi_48,.tdi_48>p,.tdi_48 .tdb-block-inner>p{rozmiar-czcionki:16px!wa\u017cne;wysoko\u015b\u0107-linii:1.6!wa\u017cne}.tdi_48 .tdb-block-inner cytat p{styl-czcionki:normalny!wa\u017cne}@media (maks. szeroko\u015b\u0107:767px){.tdb_single_content .id_ad_content-poziom-lewo,.tdb_single_content .id_ad_content-poziom-prawo,.tdb_single_content .id_ad_content-poziom-\u015brodek{margines:0 auto 26px auto}}@media (maks. szeroko\u015b\u0107:767px){.tdb_single_content .id_ad_content-poziom-lewo{margines-prawy:0}}@media (maks. szeroko\u015b\u0107:767px){.tdb_single_content .id_ad_content-horiz-right{margines-lewy:0}}@media (maksymalna szeroko\u015b\u0107:767px){.tdb_single_content .td-a-ad{float:none;wyr\u00f3wnanie tekstu:\u015brodek}.tdb_single_content .td-a-ad img{margines-prawy:auto;margines-lewy:auto}.tdb_single_content .tdc-a-ad{float:none}}<\/style>\n<div class=\"tdb-block-inner td-fix-index\">\n<p>Islam Belokiew, czecze\u0144ski dzia\u0142acz niepodleg\u0142o\u015bciowy, kt\u00f3ry od 20 lat mieszka w Polsce, grozi deportacja. Adam Borowski, przedstawiciel klubu \u201eGazeta Polska\u201d w Warszawie i honorowy konsul Czecze\u0144skiej Republiki Iczkerii w Polsce, ujawni\u0142 to w TV Republika.<\/p>\n<p>Belokiew, kt\u00f3ry przyby\u0142 do Polski w czasie wojny czecze\u0144sko-rosyjskiej w 2004 r., legalnie przebywa w kraju w ramach ochrony humanitarnej znanej jako \u201eochrona uzupe\u0142niaj\u0105ca\u201d. Status ten jest zazwyczaj przyznawany cudzoziemcom, kt\u00f3rzy s\u0105 nara\u017ceni na powa\u017cne ryzyko \u015bmierci, tortur lub innego nieludzkiego traktowania w przypadku powrotu do kraju ojczystego.<\/p>\n<p>Pomimo jego legalnego statusu Borowski przekaza\u0142, \u017ce Urz\u0105d ds. Cudzoziemc\u00f3w wszcz\u0105\u0142 procedury maj\u0105ce na celu pozbawienie Belokiew ochrony i deportacj\u0119 z powrotem do Rosji, w zasadzie wysy\u0142aj\u0105c go na wysoce prawdopodobn\u0105 \u015bmier\u0107 z powodu jego zaanga\u017cowania w konflikt ukrai\u0144ski przeciwko si\u0142om rosyjskim. Borowski podkre\u015bli\u0142 powag\u0119 sytuacji, stwierdzaj\u0105c, \u017ce udzia\u0142 Belokiew w konflikcie i jego antyrosyjskie stanowisko sprawiaj\u0105, \u017ce jego powr\u00f3t do Rosji mo\u017ce oznacza\u0107 potencjalny wyrok \u015bmierci.<\/p>\n<p>Belokiew by\u0142 aktywnym uczestnikiem ruchu niepodleg\u0142o\u015bciowego Czeczenii i znacz\u0105co przyczyni\u0142 si\u0119 do wysi\u0142ku wojennego na Ukrainie jako rzecznik batalionu czecze\u0144skiego nazwanego na cze\u015b\u0107 Imama Mansura. Opr\u00f3cz swojej roli bojowej prowadzi blogi krytykuj\u0105ce Rosj\u0119, co jeszcze bardziej go nara\u017ca, gdyby zosta\u0142 deportowany.<\/p>\n<p>Potencjalna deportacja jest postrzegana nie tylko jako ryzyko dla bezpiecze\u0144stwa Belokiewa, ale tak\u017ce jako szersza pr\u00f3ba zastraszenia spo\u0142eczno\u015bci czecze\u0144skiej w Polsce. Wed\u0142ug Borowskiego, ten ruch mo\u017ce zniech\u0119ci\u0107 czecze\u0144sk\u0105 diaspor\u0119 do anga\u017cowania si\u0119 w dzia\u0142ania antyrosyjskie i wyra\u017cania sprzeciwu wobec rosyjskiego rz\u0105du.<\/p>\n<p>Sytuacja ta odzwierciedla sytuacj\u0119 Ahmada Zakajewa, wybitnej postaci czecze\u0144skiej \u015bciganej przez w\u0142adze rosyjskie, zatrzymanego w Polsce w 2010 r. Rozwijaj\u0105cy si\u0119 scenariusz budzi obawy o bezpiecze\u0144stwo i traktowanie uchod\u017ac\u00f3w politycznych i aktywist\u00f3w szukaj\u0105cych schronienia przed re\u017cimami opresyjnymi, w szczeg\u00f3lno\u015bci tych sprzeciwiaj\u0105cych si\u0119 Rosji w kontek\u015bcie trwaj\u0105cych konflikt\u00f3w regionalnych.<\/p>\n<\/div>\n<\/div>\n","protected":false},"excerpt":{"rendered":"<p>Islam Belokiew, czecze\u0144ski dzia\u0142acz niepodleg\u0142o\u015bciowy, kt\u00f3ry od 20 lat mieszka w Polsce, grozi deportacja. Adam Borowski, przedstawiciel klubu \u201eGazeta Polska\u201d<\/p>\n","protected":false},"author":1,"featured_media":596,"comment_status":"closed","ping_status":"","sticky":false,"template":"","format":"standard","meta":{"footnotes":""},"categories":[44],"tags":[1009,1006,1008,1007,919,1010,1005,1004,487,1012,1011,1003],"class_list":["post-595","post","type-post","status-publish","format-standard","has-post-thumbnail","hentry","category-polityka","tag-aktywisty","tag-celu","tag-czeczenskiego","tag-deportacje","tag-dzialania","tag-ktory","tag-majace","tag-podejmuja","tag-polskie","tag-ukraine","tag-walczyl","tag-wladze","generate-columns","tablet-grid-50","mobile-grid-100","grid-parent","grid-50","resize-featured-image"],"yoast_head":"<!-- This site is optimized with the Yoast SEO plugin v23.2 - https:\/\/yoast.com\/wordpress\/plugins\/seo\/ -->\n<title>Polskie w\u0142adze podejmuj\u0105 dzia\u0142ania maj\u0105ce na celu deportacj\u0119 czecze\u0144skiego aktywisty, kt\u00f3ry walczy\u0142 o Ukrain\u0119 - POGOTOWIE FLAGOWE\u00ae<\/title>\n<meta name=\"robots\" content=\"index, follow, max-snippet:-1, max-image-preview:large, max-video-preview:-1\" \/>\n<link rel=\"canonical\" href=\"https:\/\/www.pogotowieflagowe.pl\/aktualne\/polskie-wladze-podejmuja-dzialania-majace-na-celu-deportacje-czeczenskiego-aktywisty-ktory-walczyl-o-ukraine\/\" \/>\n<meta property=\"og:locale\" content=\"pl_PL\" \/>\n<meta property=\"og:type\" content=\"article\" \/>\n<meta property=\"og:title\" content=\"Polskie w\u0142adze podejmuj\u0105 dzia\u0142ania maj\u0105ce na celu deportacj\u0119 czecze\u0144skiego aktywisty, kt\u00f3ry walczy\u0142 o Ukrain\u0119 - POGOTOWIE FLAGOWE\u00ae\" \/>\n<meta property=\"og:description\" content=\"Islam Belokiew, czecze\u0144ski dzia\u0142acz niepodleg\u0142o\u015bciowy, kt\u00f3ry od 20 lat mieszka w Polsce, grozi deportacja. Adam Borowski, przedstawiciel klubu \u201eGazeta Polska\u201d\" \/>\n<meta property=\"og:url\" content=\"https:\/\/www.pogotowieflagowe.pl\/aktualne\/polskie-wladze-podejmuja-dzialania-majace-na-celu-deportacje-czeczenskiego-aktywisty-ktory-walczyl-o-ukraine\/\" \/>\n<meta property=\"og:site_name\" content=\"POGOTOWIE FLAGOWE\u00ae\" \/>\n<meta property=\"article:published_time\" content=\"2024-09-08T15:51:58+00:00\" \/>\n<meta property=\"article:modified_time\" content=\"2024-09-08T15:51:59+00:00\" \/>\n<meta property=\"og:image\" content=\"https:\/\/www.pogotowieflagowe.pl\/aktualne\/wp-content\/uploads\/2024\/09\/Polskie-wladze-podejmuja-dzialania-majace-na-celu-deportacje-czeczenskiego-aktywisty.jpg\" \/>\n\t<meta property=\"og:image:width\" content=\"1280\" \/>\n\t<meta property=\"og:image:height\" content=\"720\" \/>\n\t<meta property=\"og:image:type\" content=\"image\/jpeg\" \/>\n<meta name=\"author\" content=\"Filip\" \/>\n<meta name=\"twitter:card\" content=\"summary_large_image\" \/>\n<meta name=\"twitter:label1\" content=\"Napisane przez\" \/>\n\t<meta name=\"twitter:data1\" content=\"Filip\" \/>\n\t<meta name=\"twitter:label2\" content=\"Szacowany czas czytania\" \/>\n\t<meta name=\"twitter:data2\" content=\"2 minuty\" \/>\n<script type=\"application\/ld+json\" class=\"yoast-schema-graph\">{\"@context\":\"https:\/\/schema.org\",\"@graph\":[{\"@type\":\"Article\",\"@id\":\"https:\/\/www.pogotowieflagowe.pl\/aktualne\/polskie-wladze-podejmuja-dzialania-majace-na-celu-deportacje-czeczenskiego-aktywisty-ktory-walczyl-o-ukraine\/#article\",\"isPartOf\":{\"@id\":\"https:\/\/www.pogotowieflagowe.pl\/aktualne\/polskie-wladze-podejmuja-dzialania-majace-na-celu-deportacje-czeczenskiego-aktywisty-ktory-walczyl-o-ukraine\/\"},\"author\":{\"name\":\"Filip\",\"@id\":\"https:\/\/www.pogotowieflagowe.pl\/aktualne\/#\/schema\/person\/9c2fb7d2362ebf6fa088960d7f0d27b0\"},\"headline\":\"Polskie w\u0142adze podejmuj\u0105 dzia\u0142ania maj\u0105ce na celu deportacj\u0119 czecze\u0144skiego aktywisty, kt\u00f3ry walczy\u0142 o Ukrain\u0119\",\"datePublished\":\"2024-09-08T15:51:58+00:00\",\"dateModified\":\"2024-09-08T15:51:59+00:00\",\"mainEntityOfPage\":{\"@id\":\"https:\/\/www.pogotowieflagowe.pl\/aktualne\/polskie-wladze-podejmuja-dzialania-majace-na-celu-deportacje-czeczenskiego-aktywisty-ktory-walczyl-o-ukraine\/\"},\"wordCount\":358,\"publisher\":{\"@id\":\"https:\/\/www.pogotowieflagowe.pl\/aktualne\/#organization\"},\"image\":{\"@id\":\"https:\/\/www.pogotowieflagowe.pl\/aktualne\/polskie-wladze-podejmuja-dzialania-majace-na-celu-deportacje-czeczenskiego-aktywisty-ktory-walczyl-o-ukraine\/#primaryimage\"},\"thumbnailUrl\":\"https:\/\/www.pogotowieflagowe.pl\/aktualne\/wp-content\/uploads\/2024\/09\/Polskie-wladze-podejmuja-dzialania-majace-na-celu-deportacje-czeczenskiego-aktywisty.jpg\",\"keywords\":[\"aktywisty\",\"celu\",\"czecze\u0144skiego\",\"deportacj\u0119\",\"dzia\u0142ania\",\"kt\u00f3ry\",\"maj\u0105ce\",\"podejmuj\u0105\",\"Polskie\",\"Ukrain\u0119\",\"walczy\u0142\",\"w\u0142adze\"],\"articleSection\":[\"Polityka\"],\"inLanguage\":\"pl-PL\"},{\"@type\":\"WebPage\",\"@id\":\"https:\/\/www.pogotowieflagowe.pl\/aktualne\/polskie-wladze-podejmuja-dzialania-majace-na-celu-deportacje-czeczenskiego-aktywisty-ktory-walczyl-o-ukraine\/\",\"url\":\"https:\/\/www.pogotowieflagowe.pl\/aktualne\/polskie-wladze-podejmuja-dzialania-majace-na-celu-deportacje-czeczenskiego-aktywisty-ktory-walczyl-o-ukraine\/\",\"name\":\"Polskie w\u0142adze podejmuj\u0105 dzia\u0142ania maj\u0105ce na celu deportacj\u0119 czecze\u0144skiego aktywisty, kt\u00f3ry walczy\u0142 o Ukrain\u0119 - POGOTOWIE FLAGOWE\u00ae\",\"isPartOf\":{\"@id\":\"https:\/\/www.pogotowieflagowe.pl\/aktualne\/#website\"},\"primaryImageOfPage\":{\"@id\":\"https:\/\/www.pogotowieflagowe.pl\/aktualne\/polskie-wladze-podejmuja-dzialania-majace-na-celu-deportacje-czeczenskiego-aktywisty-ktory-walczyl-o-ukraine\/#primaryimage\"},\"image\":{\"@id\":\"https:\/\/www.pogotowieflagowe.pl\/aktualne\/polskie-wladze-podejmuja-dzialania-majace-na-celu-deportacje-czeczenskiego-aktywisty-ktory-walczyl-o-ukraine\/#primaryimage\"},\"thumbnailUrl\":\"https:\/\/www.pogotowieflagowe.pl\/aktualne\/wp-content\/uploads\/2024\/09\/Polskie-wladze-podejmuja-dzialania-majace-na-celu-deportacje-czeczenskiego-aktywisty.jpg\",\"datePublished\":\"2024-09-08T15:51:58+00:00\",\"dateModified\":\"2024-09-08T15:51:59+00:00\",\"breadcrumb\":{\"@id\":\"https:\/\/www.pogotowieflagowe.pl\/aktualne\/polskie-wladze-podejmuja-dzialania-majace-na-celu-deportacje-czeczenskiego-aktywisty-ktory-walczyl-o-ukraine\/#breadcrumb\"},\"inLanguage\":\"pl-PL\",\"potentialAction\":[{\"@type\":\"ReadAction\",\"target\":[\"https:\/\/www.pogotowieflagowe.pl\/aktualne\/polskie-wladze-podejmuja-dzialania-majace-na-celu-deportacje-czeczenskiego-aktywisty-ktory-walczyl-o-ukraine\/\"]}]},{\"@type\":\"ImageObject\",\"inLanguage\":\"pl-PL\",\"@id\":\"https:\/\/www.pogotowieflagowe.pl\/aktualne\/polskie-wladze-podejmuja-dzialania-majace-na-celu-deportacje-czeczenskiego-aktywisty-ktory-walczyl-o-ukraine\/#primaryimage\",\"url\":\"https:\/\/www.pogotowieflagowe.pl\/aktualne\/wp-content\/uploads\/2024\/09\/Polskie-wladze-podejmuja-dzialania-majace-na-celu-deportacje-czeczenskiego-aktywisty.jpg\",\"contentUrl\":\"https:\/\/www.pogotowieflagowe.pl\/aktualne\/wp-content\/uploads\/2024\/09\/Polskie-wladze-podejmuja-dzialania-majace-na-celu-deportacje-czeczenskiego-aktywisty.jpg\",\"width\":1280,\"height\":720,\"caption\":\"Polskie w\u0142adze podejmuj\u0105 dzia\u0142ania maj\u0105ce na celu deportacj\u0119 czecze\u0144skiego aktywisty, kt\u00f3ry walczy\u0142 o Ukrain\u0119\"},{\"@type\":\"BreadcrumbList\",\"@id\":\"https:\/\/www.pogotowieflagowe.pl\/aktualne\/polskie-wladze-podejmuja-dzialania-majace-na-celu-deportacje-czeczenskiego-aktywisty-ktory-walczyl-o-ukraine\/#breadcrumb\",\"itemListElement\":[{\"@type\":\"ListItem\",\"position\":1,\"name\":\"Home\",\"item\":\"https:\/\/www.pogotowieflagowe.pl\/aktualne\/\"},{\"@type\":\"ListItem\",\"position\":2,\"name\":\"Polskie w\u0142adze podejmuj\u0105 dzia\u0142ania maj\u0105ce na celu deportacj\u0119 czecze\u0144skiego aktywisty, kt\u00f3ry walczy\u0142 o Ukrain\u0119\"}]},{\"@type\":\"WebSite\",\"@id\":\"https:\/\/www.pogotowieflagowe.pl\/aktualne\/#website\",\"url\":\"https:\/\/www.pogotowieflagowe.pl\/aktualne\/\",\"name\":\"POGOTOWIE FLAGOWE\u00ae\",\"description\":\"\",\"publisher\":{\"@id\":\"https:\/\/www.pogotowieflagowe.pl\/aktualne\/#organization\"},\"potentialAction\":[{\"@type\":\"SearchAction\",\"target\":{\"@type\":\"EntryPoint\",\"urlTemplate\":\"https:\/\/www.pogotowieflagowe.pl\/aktualne\/?s={search_term_string}\"},\"query-input\":\"required name=search_term_string\"}],\"inLanguage\":\"pl-PL\"},{\"@type\":\"Organization\",\"@id\":\"https:\/\/www.pogotowieflagowe.pl\/aktualne\/#organization\",\"name\":\"POGOTOWIE FLAGOWE\u00ae\",\"url\":\"https:\/\/www.pogotowieflagowe.pl\/aktualne\/\",\"logo\":{\"@type\":\"ImageObject\",\"inLanguage\":\"pl-PL\",\"@id\":\"https:\/\/www.pogotowieflagowe.pl\/aktualne\/#\/schema\/logo\/image\/\",\"url\":\"https:\/\/www.pogotowieflagowe.pl\/aktualne\/wp-content\/uploads\/2024\/08\/cropped-pogotowieflagowe_flaga_projekt_sm.jpg\",\"contentUrl\":\"https:\/\/www.pogotowieflagowe.pl\/aktualne\/wp-content\/uploads\/2024\/08\/cropped-pogotowieflagowe_flaga_projekt_sm.jpg\",\"width\":250,\"height\":143,\"caption\":\"POGOTOWIE FLAGOWE\u00ae\"},\"image\":{\"@id\":\"https:\/\/www.pogotowieflagowe.pl\/aktualne\/#\/schema\/logo\/image\/\"}},{\"@type\":\"Person\",\"@id\":\"https:\/\/www.pogotowieflagowe.pl\/aktualne\/#\/schema\/person\/9c2fb7d2362ebf6fa088960d7f0d27b0\",\"name\":\"Filip\",\"image\":{\"@type\":\"ImageObject\",\"inLanguage\":\"pl-PL\",\"@id\":\"https:\/\/www.pogotowieflagowe.pl\/aktualne\/#\/schema\/person\/image\/\",\"url\":\"https:\/\/www.pogotowieflagowe.pl\/aktualne\/wp-content\/uploads\/2024\/08\/pogotowieflagowe.pl_.jpg\",\"contentUrl\":\"https:\/\/www.pogotowieflagowe.pl\/aktualne\/wp-content\/uploads\/2024\/08\/pogotowieflagowe.pl_.jpg\",\"caption\":\"Filip\"},\"description\":\"Jestem Filip, polski dziennikarz z dyplomem nauk politycznych Uniwersytetu Warszawskiego. Rozpoczynaj\u0105c swoj\u0105 karier\u0119 w r\u00f3\u017cnych lokalnych mediach, zdoby\u0142em solidne do\u015bwiadczenie w zakresie \u015bledztwa i redakcji. Obecnie jako redaktor w Pogotowie flagowe, staram si\u0119 dostarcza\u0107 dog\u0142\u0119bne i istotne analizy na temat najwa\u017cniejszych kwestii aktualno\u015bci, \u0142\u0105cz\u0105c rygor z pasj\u0105 dziennikarsk\u0105.\",\"sameAs\":[\"https:\/\/www.pogotowieflagowe.pl\/\"]}]}<\/script>\n<!-- \/ Yoast SEO plugin. -->","yoast_head_json":{"title":"Polskie w\u0142adze podejmuj\u0105 dzia\u0142ania maj\u0105ce na celu deportacj\u0119 czecze\u0144skiego aktywisty, kt\u00f3ry walczy\u0142 o Ukrain\u0119 - POGOTOWIE FLAGOWE\u00ae","robots":{"index":"index","follow":"follow","max-snippet":"max-snippet:-1","max-image-preview":"max-image-preview:large","max-video-preview":"max-video-preview:-1"},"canonical":"https:\/\/www.pogotowieflagowe.pl\/aktualne\/polskie-wladze-podejmuja-dzialania-majace-na-celu-deportacje-czeczenskiego-aktywisty-ktory-walczyl-o-ukraine\/","og_locale":"pl_PL","og_type":"article","og_title":"Polskie w\u0142adze podejmuj\u0105 dzia\u0142ania maj\u0105ce na celu deportacj\u0119 czecze\u0144skiego aktywisty, kt\u00f3ry walczy\u0142 o Ukrain\u0119 - POGOTOWIE FLAGOWE\u00ae","og_description":"Islam Belokiew, czecze\u0144ski dzia\u0142acz niepodleg\u0142o\u015bciowy, kt\u00f3ry od 20 lat mieszka w Polsce, grozi deportacja. Adam Borowski, przedstawiciel klubu \u201eGazeta Polska\u201d","og_url":"https:\/\/www.pogotowieflagowe.pl\/aktualne\/polskie-wladze-podejmuja-dzialania-majace-na-celu-deportacje-czeczenskiego-aktywisty-ktory-walczyl-o-ukraine\/","og_site_name":"POGOTOWIE FLAGOWE\u00ae","article_published_time":"2024-09-08T15:51:58+00:00","article_modified_time":"2024-09-08T15:51:59+00:00","og_image":[{"width":1280,"height":720,"url":"https:\/\/www.pogotowieflagowe.pl\/aktualne\/wp-content\/uploads\/2024\/09\/Polskie-wladze-podejmuja-dzialania-majace-na-celu-deportacje-czeczenskiego-aktywisty.jpg","type":"image\/jpeg"}],"author":"Filip","twitter_card":"summary_large_image","twitter_misc":{"Napisane przez":"Filip","Szacowany czas czytania":"2 minuty"},"schema":{"@context":"https:\/\/schema.org","@graph":[{"@type":"Article","@id":"https:\/\/www.pogotowieflagowe.pl\/aktualne\/polskie-wladze-podejmuja-dzialania-majace-na-celu-deportacje-czeczenskiego-aktywisty-ktory-walczyl-o-ukraine\/#article","isPartOf":{"@id":"https:\/\/www.pogotowieflagowe.pl\/aktualne\/polskie-wladze-podejmuja-dzialania-majace-na-celu-deportacje-czeczenskiego-aktywisty-ktory-walczyl-o-ukraine\/"},"author":{"name":"Filip","@id":"https:\/\/www.pogotowieflagowe.pl\/aktualne\/#\/schema\/person\/9c2fb7d2362ebf6fa088960d7f0d27b0"},"headline":"Polskie w\u0142adze podejmuj\u0105 dzia\u0142ania maj\u0105ce na celu deportacj\u0119 czecze\u0144skiego aktywisty, kt\u00f3ry walczy\u0142 o Ukrain\u0119","datePublished":"2024-09-08T15:51:58+00:00","dateModified":"2024-09-08T15:51:59+00:00","mainEntityOfPage":{"@id":"https:\/\/www.pogotowieflagowe.pl\/aktualne\/polskie-wladze-podejmuja-dzialania-majace-na-celu-deportacje-czeczenskiego-aktywisty-ktory-walczyl-o-ukraine\/"},"wordCount":358,"publisher":{"@id":"https:\/\/www.pogotowieflagowe.pl\/aktualne\/#organization"},"image":{"@id":"https:\/\/www.pogotowieflagowe.pl\/aktualne\/polskie-wladze-podejmuja-dzialania-majace-na-celu-deportacje-czeczenskiego-aktywisty-ktory-walczyl-o-ukraine\/#primaryimage"},"thumbnailUrl":"https:\/\/www.pogotowieflagowe.pl\/aktualne\/wp-content\/uploads\/2024\/09\/Polskie-wladze-podejmuja-dzialania-majace-na-celu-deportacje-czeczenskiego-aktywisty.jpg","keywords":["aktywisty","celu","czecze\u0144skiego","deportacj\u0119","dzia\u0142ania","kt\u00f3ry","maj\u0105ce","podejmuj\u0105","Polskie","Ukrain\u0119","walczy\u0142","w\u0142adze"],"articleSection":["Polityka"],"inLanguage":"pl-PL"},{"@type":"WebPage","@id":"https:\/\/www.pogotowieflagowe.pl\/aktualne\/polskie-wladze-podejmuja-dzialania-majace-na-celu-deportacje-czeczenskiego-aktywisty-ktory-walczyl-o-ukraine\/","url":"https:\/\/www.pogotowieflagowe.pl\/aktualne\/polskie-wladze-podejmuja-dzialania-majace-na-celu-deportacje-czeczenskiego-aktywisty-ktory-walczyl-o-ukraine\/","name":"Polskie w\u0142adze podejmuj\u0105 dzia\u0142ania maj\u0105ce na celu deportacj\u0119 czecze\u0144skiego aktywisty, kt\u00f3ry walczy\u0142 o Ukrain\u0119 - POGOTOWIE FLAGOWE\u00ae","isPartOf":{"@id":"https:\/\/www.pogotowieflagowe.pl\/aktualne\/#website"},"primaryImageOfPage":{"@id":"https:\/\/www.pogotowieflagowe.pl\/aktualne\/polskie-wladze-podejmuja-dzialania-majace-na-celu-deportacje-czeczenskiego-aktywisty-ktory-walczyl-o-ukraine\/#primaryimage"},"image":{"@id":"https:\/\/www.pogotowieflagowe.pl\/aktualne\/polskie-wladze-podejmuja-dzialania-majace-na-celu-deportacje-czeczenskiego-aktywisty-ktory-walczyl-o-ukraine\/#primaryimage"},"thumbnailUrl":"https:\/\/www.pogotowieflagowe.pl\/aktualne\/wp-content\/uploads\/2024\/09\/Polskie-wladze-podejmuja-dzialania-majace-na-celu-deportacje-czeczenskiego-aktywisty.jpg","datePublished":"2024-09-08T15:51:58+00:00","dateModified":"2024-09-08T15:51:59+00:00","breadcrumb":{"@id":"https:\/\/www.pogotowieflagowe.pl\/aktualne\/polskie-wladze-podejmuja-dzialania-majace-na-celu-deportacje-czeczenskiego-aktywisty-ktory-walczyl-o-ukraine\/#breadcrumb"},"inLanguage":"pl-PL","potentialAction":[{"@type":"ReadAction","target":["https:\/\/www.pogotowieflagowe.pl\/aktualne\/polskie-wladze-podejmuja-dzialania-majace-na-celu-deportacje-czeczenskiego-aktywisty-ktory-walczyl-o-ukraine\/"]}]},{"@type":"ImageObject","inLanguage":"pl-PL","@id":"https:\/\/www.pogotowieflagowe.pl\/aktualne\/polskie-wladze-podejmuja-dzialania-majace-na-celu-deportacje-czeczenskiego-aktywisty-ktory-walczyl-o-ukraine\/#primaryimage","url":"https:\/\/www.pogotowieflagowe.pl\/aktualne\/wp-content\/uploads\/2024\/09\/Polskie-wladze-podejmuja-dzialania-majace-na-celu-deportacje-czeczenskiego-aktywisty.jpg","contentUrl":"https:\/\/www.pogotowieflagowe.pl\/aktualne\/wp-content\/uploads\/2024\/09\/Polskie-wladze-podejmuja-dzialania-majace-na-celu-deportacje-czeczenskiego-aktywisty.jpg","width":1280,"height":720,"caption":"Polskie w\u0142adze podejmuj\u0105 dzia\u0142ania maj\u0105ce na celu deportacj\u0119 czecze\u0144skiego aktywisty, kt\u00f3ry walczy\u0142 o Ukrain\u0119"},{"@type":"BreadcrumbList","@id":"https:\/\/www.pogotowieflagowe.pl\/aktualne\/polskie-wladze-podejmuja-dzialania-majace-na-celu-deportacje-czeczenskiego-aktywisty-ktory-walczyl-o-ukraine\/#breadcrumb","itemListElement":[{"@type":"ListItem","position":1,"name":"Home","item":"https:\/\/www.pogotowieflagowe.pl\/aktualne\/"},{"@type":"ListItem","position":2,"name":"Polskie w\u0142adze podejmuj\u0105 dzia\u0142ania maj\u0105ce na celu deportacj\u0119 czecze\u0144skiego aktywisty, kt\u00f3ry walczy\u0142 o Ukrain\u0119"}]},{"@type":"WebSite","@id":"https:\/\/www.pogotowieflagowe.pl\/aktualne\/#website","url":"https:\/\/www.pogotowieflagowe.pl\/aktualne\/","name":"POGOTOWIE FLAGOWE\u00ae","description":"","publisher":{"@id":"https:\/\/www.pogotowieflagowe.pl\/aktualne\/#organization"},"potentialAction":[{"@type":"SearchAction","target":{"@type":"EntryPoint","urlTemplate":"https:\/\/www.pogotowieflagowe.pl\/aktualne\/?s={search_term_string}"},"query-input":"required name=search_term_string"}],"inLanguage":"pl-PL"},{"@type":"Organization","@id":"https:\/\/www.pogotowieflagowe.pl\/aktualne\/#organization","name":"POGOTOWIE FLAGOWE\u00ae","url":"https:\/\/www.pogotowieflagowe.pl\/aktualne\/","logo":{"@type":"ImageObject","inLanguage":"pl-PL","@id":"https:\/\/www.pogotowieflagowe.pl\/aktualne\/#\/schema\/logo\/image\/","url":"https:\/\/www.pogotowieflagowe.pl\/aktualne\/wp-content\/uploads\/2024\/08\/cropped-pogotowieflagowe_flaga_projekt_sm.jpg","contentUrl":"https:\/\/www.pogotowieflagowe.pl\/aktualne\/wp-content\/uploads\/2024\/08\/cropped-pogotowieflagowe_flaga_projekt_sm.jpg","width":250,"height":143,"caption":"POGOTOWIE FLAGOWE\u00ae"},"image":{"@id":"https:\/\/www.pogotowieflagowe.pl\/aktualne\/#\/schema\/logo\/image\/"}},{"@type":"Person","@id":"https:\/\/www.pogotowieflagowe.pl\/aktualne\/#\/schema\/person\/9c2fb7d2362ebf6fa088960d7f0d27b0","name":"Filip","image":{"@type":"ImageObject","inLanguage":"pl-PL","@id":"https:\/\/www.pogotowieflagowe.pl\/aktualne\/#\/schema\/person\/image\/","url":"https:\/\/www.pogotowieflagowe.pl\/aktualne\/wp-content\/uploads\/2024\/08\/pogotowieflagowe.pl_.jpg","contentUrl":"https:\/\/www.pogotowieflagowe.pl\/aktualne\/wp-content\/uploads\/2024\/08\/pogotowieflagowe.pl_.jpg","caption":"Filip"},"description":"Jestem Filip, polski dziennikarz z dyplomem nauk politycznych Uniwersytetu Warszawskiego. Rozpoczynaj\u0105c swoj\u0105 karier\u0119 w r\u00f3\u017cnych lokalnych mediach, zdoby\u0142em solidne do\u015bwiadczenie w zakresie \u015bledztwa i redakcji. Obecnie jako redaktor w Pogotowie flagowe, staram si\u0119 dostarcza\u0107 dog\u0142\u0119bne i istotne analizy na temat najwa\u017cniejszych kwestii aktualno\u015bci, \u0142\u0105cz\u0105c rygor z pasj\u0105 dziennikarsk\u0105.","sameAs":["https:\/\/www.pogotowieflagowe.pl\/"]}]}},"_links":{"self":[{"href":"https:\/\/www.pogotowieflagowe.pl\/aktualne\/wp-json\/wp\/v2\/posts\/595","targetHints":{"allow":["GET"]}}],"collection":[{"href":"https:\/\/www.pogotowieflagowe.pl\/aktualne\/wp-json\/wp\/v2\/posts"}],"about":[{"href":"https:\/\/www.pogotowieflagowe.pl\/aktualne\/wp-json\/wp\/v2\/types\/post"}],"author":[{"embeddable":true,"href":"https:\/\/www.pogotowieflagowe.pl\/aktualne\/wp-json\/wp\/v2\/users\/1"}],"replies":[{"embeddable":true,"href":"https:\/\/www.pogotowieflagowe.pl\/aktualne\/wp-json\/wp\/v2\/comments?post=595"}],"version-history":[{"count":1,"href":"https:\/\/www.pogotowieflagowe.pl\/aktualne\/wp-json\/wp\/v2\/posts\/595\/revisions"}],"predecessor-version":[{"id":597,"href":"https:\/\/www.pogotowieflagowe.pl\/aktualne\/wp-json\/wp\/v2\/posts\/595\/revisions\/597"}],"wp:featuredmedia":[{"embeddable":true,"href":"https:\/\/www.pogotowieflagowe.pl\/aktualne\/wp-json\/wp\/v2\/media\/596"}],"wp:attachment":[{"href":"https:\/\/www.pogotowieflagowe.pl\/aktualne\/wp-json\/wp\/v2\/media?parent=595"}],"wp:term":[{"taxonomy":"category","embeddable":true,"href":"https:\/\/www.pogotowieflagowe.pl\/aktualne\/wp-json\/wp\/v2\/categories?post=595"},{"taxonomy":"post_tag","embeddable":true,"href":"https:\/\/www.pogotowieflagowe.pl\/aktualne\/wp-json\/wp\/v2\/tags?post=595"}],"curies":[{"name":"wp","href":"https:\/\/api.w.org\/{rel}","templated":true}]}}