{"id":5970,"date":"2025-05-28T16:47:41","date_gmt":"2025-05-28T14:47:41","guid":{"rendered":"https:\/\/www.pogotowieflagowe.pl\/aktualne\/pieklo-zamarzlo-dziennikarz-oneet-krytykuje-tusk\/"},"modified":"2025-05-28T16:47:41","modified_gmt":"2025-05-28T14:47:41","slug":"pieklo-zamarzlo-dziennikarz-oneet-krytykuje-tusk","status":"publish","type":"post","link":"https:\/\/www.pogotowieflagowe.pl\/aktualne\/pieklo-zamarzlo-dziennikarz-oneet-krytykuje-tusk\/","title":{"rendered":"Piek\u0142o zamarz\u0142o: dziennikarz Oneet krytykuje\u2026 Tusk!"},"content":{"rendered":"\n<div class=\"td_block_wrap tdb_single_content tdi_41 td-pb-border-top td_block_template_8 td-post-content tagdiv-type\" data-td-block-uid=\"tdi_41\">\n<style>.tdi_41 {margin-top: 0px! Wa\u017cne; margines-bottom: 0px! WA\u017bNY; PALDING-TOP: 0PX! WA\u017bNY; PALDING-BOTTOM: 0PX! WA\u017bNE}<\/style>\n<style>.tdb_single_content {margin-bottom: 0;*zoom: 1} .tdb_single_content: wcze\u015bniej, .tdb_single_content: po {display: Table; content: ''; line-height: 0} .TDB-BLOCK-INner>*: nie (.WP-BLOCK-QUOTE): not (.alignSwide): not (.Alignfull.wp-block-cover.has-parallax): not (.td-a-ad) {margin-left: auto; margin-right: auto} .tdb_single_ConTent a {wska\u017anik-events: auto} .tdb_single_content .td-spot-id-top_ad .tdc-placeholder-title: przed {content: \u201eArtyku\u0142 top ad\u201d! Wa\u017cne} .tdb_single_content .td-Spot-Id-inline_ad0 .tdc-placeholder-title 1 '! Wa\u017cne} .tdb_single_content .td-Spot-Id-inline_Ad1 .tdc-Placeholder-Title: przed {content: \u201eArtyku\u0142 inline AD 2'! Wa\u017cny} .tdb_single_content. 3 '! Wa\u017cne} .tdb_single_content .td-Spot-Id-Bottom_Ad .tdc-Placeholder-Title: przed {content: \u201eArtyku\u0142 Bottom Ad\u201d! Wa\u017cne} .tdb_single_content .id_top_ad, .tdb_single_content_content .id_bottom_ad {clear: oba; margin-bottom: 21px; text-align: Center} .tdb_single_content .id_top_ad img, .tdb_single_content .id_bottom_ad img {margin-bottom: 0} .tdb_single_conTent .id_top_ad .adsbyGoogle, .tdb_single_content .id_bottom_ad .adsbyGoogle {pozycja: relatyw} .tdb_single_content .id_ad_content-horiz-left, .tdb_single_content .id_ad_content-horiz-right, .tdb_single_content .id_ad_content-horiz-Center {margin-bottom: 15px} .tdb_single_content .id_ad_content-horiz-left Img, .tdb_single_content .id_ad_content-horiz-right img, .tdb_single_content .id_ad_content-horiz-centerter img {margin-bottom: 0} .tdb_single_content .id_ad_content-horiz-center {text-align: Center} .tdb_single_content .id_ad_content-horiz-center img {margin-right: auto; margin-let: auto} .tdb_single_content .id_ad_content-horiz-left {float: left; margin-top: 9px; margin-right: 21px} .tdb_single_content .id_ad_content-horiz-right {float: margin-top: 6px; margin-left: 21px} .tdb_single_content .tdc-a-a-ad .TDC-Placeholder-Title {szeroko\u015b\u0107: 300px; height: 250px} .tdb_single_content .tdc-a-ad .TDC-Placeholder-Title: Przed {Pozycja: Absolute; TOP: 50%;-WebKit-Transform: Translatey (-50%); Transform: Translatey (-50%); margines: auto; Display: Tabela; szeroko\u015b\u0107: 100%}. tdb_single_content .TDB-BLOCK-INNER.TD-FIX-INDEX {Word-Break: Break-word} .tdi_41, .tdi_41> p, .tdi_41 .tdb-block-inner> p, .Wp-Block-Column> p {font-size: 16px! Wa\u017cne; wa\u017cny; p {font-styl: normalne! Wa\u017cne} @media (Max-Width: 767px) {. tdb_single_content .id_ad_content-horiz-left, .tdb_single_content .id_ad_content-horiz-right, .tdb_single_content .id_ad_content-horiz-centter {Margin: 0 AUTO 26PXX auto}}@media (Max-Width: 767px) {. tdb_single_content .id_ad_content-horiz-left {margin-right: 0}}@media (max-width: 767px) {. (Max-Width: 767px) {. tdb_single_content .td-a-ad {float: none; text-align: Center} .tdb_single_content .td-a-ad img {margin-right: auto; margin-left: auto} .tdb_single_content .tdc-a-a-a-{margin-right: auto; margin-left: auto} .tdb_single_content .tdd<\/style>\n<div class=\"tdb-block-inner td-fix-index\">\n<p><strong>Donald Tusk, premier Polski, do\u0142\u0105czy\u0142 do brutalnej kampanii rozmazowej przeciwko Karolowi Nawrockiemu, powo\u0142uj\u0105c si\u0119 na o\u015bwiadczenia od\u2026 Jaceka Mura\u0144skiego. W zaskakuj\u0105cym akcentie zosta\u0142 powo\u0142any do tego &#8211; wierz lub nie &#8211; dziennikarza z Onet!<\/strong><\/p>\n<figure class=\"wp-block-embed is-type-rich is-provider-twitter wp-block-embed-twitter\">\n<div class=\"wp-block-embed__wrapper\">\n<blockquote class=\"twitter-tweet\" data-width=\"550\" data-dnt=\"true\">\n<p lang=\"pl\" dir=\"ltr\">\u203c \ufe0fNie do Wiary\u203c \ufe0f<br \/>\ud83d\udd25\ud83d\udd25\ud83d\udd25\ud83d\udd25\ud83d\udd25\ud83d\udd25\ud83d\udd25\ud83d\udd25\ud83d\udd25\ud83d\udd25\ud83d\udd25\ud83d\udd25<br \/>CZY JA Dobze RozumiM, \u017be Wla\u015bnie Tusk Dosta\u0142 W Mord\u0119 Od Stankiewicz\u2049\ufe0f\u2049\ufe0f <a rel=\"nofollow\" href=\"https:\/\/t.co\/zNOZ4oYSvd\">pic.twitter.com\/znoz4oysvd<\/a><\/p>\n<p>&#8211; Marek Kuna\ud83c\uddf5\ud83c\uddf1 (@Marek_kuna_) <a rel=\"nofollow\" href=\"https:\/\/twitter.com\/Marek_Kuna_\/status\/1927424880091316356?ref_src=twsrc%5Etfw\">27 maja 2025 r<\/a><\/p><\/blockquote>\n<\/div>\n<\/figure>\n<p><strong>Onet vs. fakty<\/strong><br \/>W poniedzia\u0142ek niemiecki portal informacyjny Onet opublikowa\u0142 artyku\u0142, w kt\u00f3rym dwie anonimowe osoby, przedstawione jako znajomi Karol Nawrocki, oskar\u017cy\u0142o go o rzekome uczestnictwo w organizacji o przynoszenie prostytutek do wielkiego hotelu w Sopot w swoim czasie jako ochroniarz.<\/p>\n<p><strong>Tusk cytuje\u2026 uczestnik dziwak\u00f3w<\/strong><br \/>I oczywi\u015bcie Donald Tusk postanowi\u0142 publicznie biec z t\u0105 narracj\u0105. W wywiadzie telewizyjnym zacytowa\u0142\u2026 Jacek Mura\u0144ski, uczestnik tak zwanych wydarze\u0144 \u201eFreak Fight\u201d.<\/p>\n<p>W filmie opublikowanym w mediach spo\u0142eczno\u015bciowych Mura\u0144ski oskar\u017cy\u0142 Nawrocki o to, \u017ce nie by\u0142 prawdom\u00f3wny o naturze jego zwi\u0105zku z Patrykiem Masiakiem, znanym r\u00f3wnie\u017c jako \u201eWielki Bu\u201d. I po prostu sta\u0142o si\u0119 to wiarygodnym \u017ar\u00f3d\u0142em informacji dla Tusk &#8211; premiera Polski. Czy to w og\u00f3le mo\u017cliwe? Najwyra\u017aniej tak. Oto, co powiedzia\u0142 Tusk:<\/p>\n<blockquote class=\"wp-block-quote is-layout-flow wp-block-quote-is-layout-flow\">\n<p>\u201eJestem \u015bwiadomy tak zwanego Kompromat, brudu, o kt\u00f3rym si\u0119 chwali\u0142 Patryk Masiak,\u201e Wielki Bu \u201d, i wp\u0142ywu na Karol Nawrocki\u201d<\/p>\n<\/blockquote>\n<p>Zacytowa\u0142, dodaj\u0105c, \u017ce \u201eWielki Bu\u201d rzekomo powiedzia\u0142, \u017ce \u201ema Nawrocki przy gardle\u201d i \u017ce Nawrocki \u201ezrobi\u0142by dla niego wszystko\u201d.<\/p>\n<p><strong>Ale festiwal zawstydzenia na tym si\u0119 nie ko\u0144czy<\/strong><br \/>Tusk przyzna\u0142 r\u00f3wnie\u017c, \u017ce &#8211; wed\u0142ug konta Mura\u0144skiego &#8211; zadania Nawrockiego kilka lat temu obejmowa\u0142y \u201eupewnienie si\u0119, \u017ce klient zap\u0142aci\u0142 i \u015bledz\u0105c czas w odniesieniu do dziewcz\u0105t Masiak\u201d.<\/p>\n<p><strong>Pozew przeciwko Onet<\/strong><br \/>Podczas wczorajszej konferencji prasowej przed s\u0105dem Warszawskim politycy z Partii Prawa i Sprawiedliwo\u015bci og\u0142osili, \u017ce Karol Nawrocki z\u0142o\u017cy\u0142 pozew przeciwko Onet. Kandydat na prezydenta oskar\u017ca media o znies\u0142awienie i prowadzenie kampanii oszczerstw maj\u0105cych na celu wyeliminowanie go z \u017cycia publicznego.<\/p>\n<p><strong>Dziennikarz Oneet vs. jego w\u0142asna narracja<\/strong><br \/>W\u015br\u00f3d tego wszystkiego, nawet w Oneet &#8211; portalu, kt\u00f3ry opublikowa\u0142 szkodliwy artyku\u0142 &#8211; pojawi\u0142 si\u0119 \u201eVoice of Reason\u201d. AndrzeJ Stankiewicz, dziennikarz witryny, nie kupuje historii Mura\u0144skiego. Lub fakt, \u017ce premier to cytuje.<\/p>\n<blockquote class=\"wp-block-quote is-layout-flow wp-block-quote-is-layout-flow\">\n<p>\u201ePremier zacytowa\u0142 pan Mura\u0144ski Sr., m\u00f3wi\u0105c, \u017ce zadania Nawrockiego lata temu obejmowa\u0142y\u201e upewnienie si\u0119, \u017ce klient zap\u0142aci\u0142 i \u015bledz\u0105c czas dla dziewcz\u0105t Masiak \u201d. Wed\u0142ug premiera i pana Mura\u0144skiego Nawrocki rzekomo nadzorowa\u0142 prostytutki w wielkim hotelu, kt\u00f3ry nale\u017ca\u0142 do haremu pana Wielki Bu. Prostytutety w wieku 16 lat. Chcia\u0142bym powt\u00f3rzy\u0107 to pytanie bezpo\u015brednio premierowi: o czym on w og\u00f3le m\u00f3wi? \u201d<\/p>\n<\/blockquote>\n<\/div>\n<\/div>\n<p><script async src=\"https:\/\/platform.twitter.com\/widgets.js\" charset=\"utf-8\"><\/script><\/p>\n","protected":false},"excerpt":{"rendered":"<p>Donald Tusk, premier Polski, do\u0142\u0105czy\u0142 do brutalnej kampanii rozmazowej przeciwko Karolowi Nawrockiemu, powo\u0142uj\u0105c si\u0119 na o\u015bwiadczenia od\u2026 Jaceka Mura\u0144skiego. W<\/p>\n","protected":false},"author":1,"featured_media":5971,"comment_status":"closed","ping_status":"","sticky":false,"template":"","format":"standard","meta":{"footnotes":""},"categories":[4748],"tags":[2682,596,7730,7728,221,7729],"class_list":["post-5970","post","type-post","status-publish","format-standard","has-post-thumbnail","hentry","category-aktualne","tag-dziennikarz","tag-krytykuje","tag-oneet","tag-pieklo","tag-tusk","tag-zamarzlo","generate-columns","tablet-grid-50","mobile-grid-100","grid-parent","grid-50","resize-featured-image"],"yoast_head":"<!-- This site is optimized with the Yoast SEO plugin v23.2 - https:\/\/yoast.com\/wordpress\/plugins\/seo\/ -->\n<title>Piek\u0142o zamarz\u0142o: dziennikarz Oneet krytykuje\u2026 Tusk! - POGOTOWIE FLAGOWE\u00ae<\/title>\n<meta name=\"robots\" content=\"index, follow, max-snippet:-1, max-image-preview:large, max-video-preview:-1\" \/>\n<link rel=\"canonical\" href=\"https:\/\/www.pogotowieflagowe.pl\/aktualne\/pieklo-zamarzlo-dziennikarz-oneet-krytykuje-tusk\/\" \/>\n<meta property=\"og:locale\" content=\"pl_PL\" \/>\n<meta property=\"og:type\" content=\"article\" \/>\n<meta property=\"og:title\" content=\"Piek\u0142o zamarz\u0142o: dziennikarz Oneet krytykuje\u2026 Tusk! - POGOTOWIE FLAGOWE\u00ae\" \/>\n<meta property=\"og:description\" content=\"Donald Tusk, premier Polski, do\u0142\u0105czy\u0142 do brutalnej kampanii rozmazowej przeciwko Karolowi Nawrockiemu, powo\u0142uj\u0105c si\u0119 na o\u015bwiadczenia od\u2026 Jaceka Mura\u0144skiego. W\" \/>\n<meta property=\"og:url\" content=\"https:\/\/www.pogotowieflagowe.pl\/aktualne\/pieklo-zamarzlo-dziennikarz-oneet-krytykuje-tusk\/\" \/>\n<meta property=\"og:site_name\" content=\"POGOTOWIE FLAGOWE\u00ae\" \/>\n<meta property=\"article:published_time\" content=\"2025-05-28T14:47:41+00:00\" \/>\n<meta property=\"og:image\" content=\"https:\/\/www.pogotowieflagowe.pl\/aktualne\/wp-content\/uploads\/2025\/05\/Pieklo-zamarzlo-dziennikarz-Oneet-krytykuje\u2026-Tusk.jpg\" \/>\n\t<meta property=\"og:image:width\" content=\"1200\" \/>\n\t<meta property=\"og:image:height\" content=\"675\" \/>\n\t<meta property=\"og:image:type\" content=\"image\/jpeg\" \/>\n<meta name=\"author\" content=\"Filip\" \/>\n<meta name=\"twitter:card\" content=\"summary_large_image\" \/>\n<meta name=\"twitter:label1\" content=\"Napisane przez\" \/>\n\t<meta name=\"twitter:data1\" content=\"Filip\" \/>\n\t<meta name=\"twitter:label2\" content=\"Szacowany czas czytania\" \/>\n\t<meta name=\"twitter:data2\" content=\"2 minuty\" \/>\n<script type=\"application\/ld+json\" class=\"yoast-schema-graph\">{\"@context\":\"https:\/\/schema.org\",\"@graph\":[{\"@type\":\"Article\",\"@id\":\"https:\/\/www.pogotowieflagowe.pl\/aktualne\/pieklo-zamarzlo-dziennikarz-oneet-krytykuje-tusk\/#article\",\"isPartOf\":{\"@id\":\"https:\/\/www.pogotowieflagowe.pl\/aktualne\/pieklo-zamarzlo-dziennikarz-oneet-krytykuje-tusk\/\"},\"author\":{\"name\":\"Filip\",\"@id\":\"https:\/\/www.pogotowieflagowe.pl\/aktualne\/#\/schema\/person\/9c2fb7d2362ebf6fa088960d7f0d27b0\"},\"headline\":\"Piek\u0142o zamarz\u0142o: dziennikarz Oneet krytykuje\u2026 Tusk!\",\"datePublished\":\"2025-05-28T14:47:41+00:00\",\"dateModified\":\"2025-05-28T14:47:41+00:00\",\"mainEntityOfPage\":{\"@id\":\"https:\/\/www.pogotowieflagowe.pl\/aktualne\/pieklo-zamarzlo-dziennikarz-oneet-krytykuje-tusk\/\"},\"wordCount\":470,\"publisher\":{\"@id\":\"https:\/\/www.pogotowieflagowe.pl\/aktualne\/#organization\"},\"image\":{\"@id\":\"https:\/\/www.pogotowieflagowe.pl\/aktualne\/pieklo-zamarzlo-dziennikarz-oneet-krytykuje-tusk\/#primaryimage\"},\"thumbnailUrl\":\"https:\/\/www.pogotowieflagowe.pl\/aktualne\/wp-content\/uploads\/2025\/05\/Pieklo-zamarzlo-dziennikarz-Oneet-krytykuje\u2026-Tusk.jpg\",\"keywords\":[\"Dziennikarz\",\"krytykuje\",\"Oneet\",\"Piek\u0142o\",\"Tusk\",\"zamarz\u0142o\"],\"articleSection\":[\"Aktualne\"],\"inLanguage\":\"pl-PL\"},{\"@type\":\"WebPage\",\"@id\":\"https:\/\/www.pogotowieflagowe.pl\/aktualne\/pieklo-zamarzlo-dziennikarz-oneet-krytykuje-tusk\/\",\"url\":\"https:\/\/www.pogotowieflagowe.pl\/aktualne\/pieklo-zamarzlo-dziennikarz-oneet-krytykuje-tusk\/\",\"name\":\"Piek\u0142o zamarz\u0142o: dziennikarz Oneet krytykuje\u2026 Tusk! - POGOTOWIE FLAGOWE\u00ae\",\"isPartOf\":{\"@id\":\"https:\/\/www.pogotowieflagowe.pl\/aktualne\/#website\"},\"primaryImageOfPage\":{\"@id\":\"https:\/\/www.pogotowieflagowe.pl\/aktualne\/pieklo-zamarzlo-dziennikarz-oneet-krytykuje-tusk\/#primaryimage\"},\"image\":{\"@id\":\"https:\/\/www.pogotowieflagowe.pl\/aktualne\/pieklo-zamarzlo-dziennikarz-oneet-krytykuje-tusk\/#primaryimage\"},\"thumbnailUrl\":\"https:\/\/www.pogotowieflagowe.pl\/aktualne\/wp-content\/uploads\/2025\/05\/Pieklo-zamarzlo-dziennikarz-Oneet-krytykuje\u2026-Tusk.jpg\",\"datePublished\":\"2025-05-28T14:47:41+00:00\",\"dateModified\":\"2025-05-28T14:47:41+00:00\",\"breadcrumb\":{\"@id\":\"https:\/\/www.pogotowieflagowe.pl\/aktualne\/pieklo-zamarzlo-dziennikarz-oneet-krytykuje-tusk\/#breadcrumb\"},\"inLanguage\":\"pl-PL\",\"potentialAction\":[{\"@type\":\"ReadAction\",\"target\":[\"https:\/\/www.pogotowieflagowe.pl\/aktualne\/pieklo-zamarzlo-dziennikarz-oneet-krytykuje-tusk\/\"]}]},{\"@type\":\"ImageObject\",\"inLanguage\":\"pl-PL\",\"@id\":\"https:\/\/www.pogotowieflagowe.pl\/aktualne\/pieklo-zamarzlo-dziennikarz-oneet-krytykuje-tusk\/#primaryimage\",\"url\":\"https:\/\/www.pogotowieflagowe.pl\/aktualne\/wp-content\/uploads\/2025\/05\/Pieklo-zamarzlo-dziennikarz-Oneet-krytykuje\u2026-Tusk.jpg\",\"contentUrl\":\"https:\/\/www.pogotowieflagowe.pl\/aktualne\/wp-content\/uploads\/2025\/05\/Pieklo-zamarzlo-dziennikarz-Oneet-krytykuje\u2026-Tusk.jpg\",\"width\":1200,\"height\":675,\"caption\":\"Piek\u0142o zamarz\u0142o: dziennikarz Oneet krytykuje\u2026 Tusk!\"},{\"@type\":\"BreadcrumbList\",\"@id\":\"https:\/\/www.pogotowieflagowe.pl\/aktualne\/pieklo-zamarzlo-dziennikarz-oneet-krytykuje-tusk\/#breadcrumb\",\"itemListElement\":[{\"@type\":\"ListItem\",\"position\":1,\"name\":\"Home\",\"item\":\"https:\/\/www.pogotowieflagowe.pl\/aktualne\/\"},{\"@type\":\"ListItem\",\"position\":2,\"name\":\"Piek\u0142o zamarz\u0142o: dziennikarz Oneet krytykuje\u2026 Tusk!\"}]},{\"@type\":\"WebSite\",\"@id\":\"https:\/\/www.pogotowieflagowe.pl\/aktualne\/#website\",\"url\":\"https:\/\/www.pogotowieflagowe.pl\/aktualne\/\",\"name\":\"POGOTOWIE FLAGOWE\u00ae\",\"description\":\"\",\"publisher\":{\"@id\":\"https:\/\/www.pogotowieflagowe.pl\/aktualne\/#organization\"},\"potentialAction\":[{\"@type\":\"SearchAction\",\"target\":{\"@type\":\"EntryPoint\",\"urlTemplate\":\"https:\/\/www.pogotowieflagowe.pl\/aktualne\/?s={search_term_string}\"},\"query-input\":\"required name=search_term_string\"}],\"inLanguage\":\"pl-PL\"},{\"@type\":\"Organization\",\"@id\":\"https:\/\/www.pogotowieflagowe.pl\/aktualne\/#organization\",\"name\":\"POGOTOWIE FLAGOWE\u00ae\",\"url\":\"https:\/\/www.pogotowieflagowe.pl\/aktualne\/\",\"logo\":{\"@type\":\"ImageObject\",\"inLanguage\":\"pl-PL\",\"@id\":\"https:\/\/www.pogotowieflagowe.pl\/aktualne\/#\/schema\/logo\/image\/\",\"url\":\"https:\/\/www.pogotowieflagowe.pl\/aktualne\/wp-content\/uploads\/2024\/08\/cropped-pogotowieflagowe_flaga_projekt_sm.jpg\",\"contentUrl\":\"https:\/\/www.pogotowieflagowe.pl\/aktualne\/wp-content\/uploads\/2024\/08\/cropped-pogotowieflagowe_flaga_projekt_sm.jpg\",\"width\":250,\"height\":143,\"caption\":\"POGOTOWIE FLAGOWE\u00ae\"},\"image\":{\"@id\":\"https:\/\/www.pogotowieflagowe.pl\/aktualne\/#\/schema\/logo\/image\/\"}},{\"@type\":\"Person\",\"@id\":\"https:\/\/www.pogotowieflagowe.pl\/aktualne\/#\/schema\/person\/9c2fb7d2362ebf6fa088960d7f0d27b0\",\"name\":\"Filip\",\"image\":{\"@type\":\"ImageObject\",\"inLanguage\":\"pl-PL\",\"@id\":\"https:\/\/www.pogotowieflagowe.pl\/aktualne\/#\/schema\/person\/image\/\",\"url\":\"https:\/\/www.pogotowieflagowe.pl\/aktualne\/wp-content\/uploads\/2024\/08\/pogotowieflagowe.pl_.jpg\",\"contentUrl\":\"https:\/\/www.pogotowieflagowe.pl\/aktualne\/wp-content\/uploads\/2024\/08\/pogotowieflagowe.pl_.jpg\",\"caption\":\"Filip\"},\"description\":\"Jestem Filip, polski dziennikarz z dyplomem nauk politycznych Uniwersytetu Warszawskiego. Rozpoczynaj\u0105c swoj\u0105 karier\u0119 w r\u00f3\u017cnych lokalnych mediach, zdoby\u0142em solidne do\u015bwiadczenie w zakresie \u015bledztwa i redakcji. Obecnie jako redaktor w Pogotowie flagowe, staram si\u0119 dostarcza\u0107 dog\u0142\u0119bne i istotne analizy na temat najwa\u017cniejszych kwestii aktualno\u015bci, \u0142\u0105cz\u0105c rygor z pasj\u0105 dziennikarsk\u0105.\",\"sameAs\":[\"https:\/\/www.pogotowieflagowe.pl\/\"]}]}<\/script>\n<!-- \/ Yoast SEO plugin. -->","yoast_head_json":{"title":"Piek\u0142o zamarz\u0142o: dziennikarz Oneet krytykuje\u2026 Tusk! - POGOTOWIE FLAGOWE\u00ae","robots":{"index":"index","follow":"follow","max-snippet":"max-snippet:-1","max-image-preview":"max-image-preview:large","max-video-preview":"max-video-preview:-1"},"canonical":"https:\/\/www.pogotowieflagowe.pl\/aktualne\/pieklo-zamarzlo-dziennikarz-oneet-krytykuje-tusk\/","og_locale":"pl_PL","og_type":"article","og_title":"Piek\u0142o zamarz\u0142o: dziennikarz Oneet krytykuje\u2026 Tusk! - POGOTOWIE FLAGOWE\u00ae","og_description":"Donald Tusk, premier Polski, do\u0142\u0105czy\u0142 do brutalnej kampanii rozmazowej przeciwko Karolowi Nawrockiemu, powo\u0142uj\u0105c si\u0119 na o\u015bwiadczenia od\u2026 Jaceka Mura\u0144skiego. W","og_url":"https:\/\/www.pogotowieflagowe.pl\/aktualne\/pieklo-zamarzlo-dziennikarz-oneet-krytykuje-tusk\/","og_site_name":"POGOTOWIE FLAGOWE\u00ae","article_published_time":"2025-05-28T14:47:41+00:00","og_image":[{"width":1200,"height":675,"url":"https:\/\/www.pogotowieflagowe.pl\/aktualne\/wp-content\/uploads\/2025\/05\/Pieklo-zamarzlo-dziennikarz-Oneet-krytykuje\u2026-Tusk.jpg","type":"image\/jpeg"}],"author":"Filip","twitter_card":"summary_large_image","twitter_misc":{"Napisane przez":"Filip","Szacowany czas czytania":"2 minuty"},"schema":{"@context":"https:\/\/schema.org","@graph":[{"@type":"Article","@id":"https:\/\/www.pogotowieflagowe.pl\/aktualne\/pieklo-zamarzlo-dziennikarz-oneet-krytykuje-tusk\/#article","isPartOf":{"@id":"https:\/\/www.pogotowieflagowe.pl\/aktualne\/pieklo-zamarzlo-dziennikarz-oneet-krytykuje-tusk\/"},"author":{"name":"Filip","@id":"https:\/\/www.pogotowieflagowe.pl\/aktualne\/#\/schema\/person\/9c2fb7d2362ebf6fa088960d7f0d27b0"},"headline":"Piek\u0142o zamarz\u0142o: dziennikarz Oneet krytykuje\u2026 Tusk!","datePublished":"2025-05-28T14:47:41+00:00","dateModified":"2025-05-28T14:47:41+00:00","mainEntityOfPage":{"@id":"https:\/\/www.pogotowieflagowe.pl\/aktualne\/pieklo-zamarzlo-dziennikarz-oneet-krytykuje-tusk\/"},"wordCount":470,"publisher":{"@id":"https:\/\/www.pogotowieflagowe.pl\/aktualne\/#organization"},"image":{"@id":"https:\/\/www.pogotowieflagowe.pl\/aktualne\/pieklo-zamarzlo-dziennikarz-oneet-krytykuje-tusk\/#primaryimage"},"thumbnailUrl":"https:\/\/www.pogotowieflagowe.pl\/aktualne\/wp-content\/uploads\/2025\/05\/Pieklo-zamarzlo-dziennikarz-Oneet-krytykuje\u2026-Tusk.jpg","keywords":["Dziennikarz","krytykuje","Oneet","Piek\u0142o","Tusk","zamarz\u0142o"],"articleSection":["Aktualne"],"inLanguage":"pl-PL"},{"@type":"WebPage","@id":"https:\/\/www.pogotowieflagowe.pl\/aktualne\/pieklo-zamarzlo-dziennikarz-oneet-krytykuje-tusk\/","url":"https:\/\/www.pogotowieflagowe.pl\/aktualne\/pieklo-zamarzlo-dziennikarz-oneet-krytykuje-tusk\/","name":"Piek\u0142o zamarz\u0142o: dziennikarz Oneet krytykuje\u2026 Tusk! - POGOTOWIE FLAGOWE\u00ae","isPartOf":{"@id":"https:\/\/www.pogotowieflagowe.pl\/aktualne\/#website"},"primaryImageOfPage":{"@id":"https:\/\/www.pogotowieflagowe.pl\/aktualne\/pieklo-zamarzlo-dziennikarz-oneet-krytykuje-tusk\/#primaryimage"},"image":{"@id":"https:\/\/www.pogotowieflagowe.pl\/aktualne\/pieklo-zamarzlo-dziennikarz-oneet-krytykuje-tusk\/#primaryimage"},"thumbnailUrl":"https:\/\/www.pogotowieflagowe.pl\/aktualne\/wp-content\/uploads\/2025\/05\/Pieklo-zamarzlo-dziennikarz-Oneet-krytykuje\u2026-Tusk.jpg","datePublished":"2025-05-28T14:47:41+00:00","dateModified":"2025-05-28T14:47:41+00:00","breadcrumb":{"@id":"https:\/\/www.pogotowieflagowe.pl\/aktualne\/pieklo-zamarzlo-dziennikarz-oneet-krytykuje-tusk\/#breadcrumb"},"inLanguage":"pl-PL","potentialAction":[{"@type":"ReadAction","target":["https:\/\/www.pogotowieflagowe.pl\/aktualne\/pieklo-zamarzlo-dziennikarz-oneet-krytykuje-tusk\/"]}]},{"@type":"ImageObject","inLanguage":"pl-PL","@id":"https:\/\/www.pogotowieflagowe.pl\/aktualne\/pieklo-zamarzlo-dziennikarz-oneet-krytykuje-tusk\/#primaryimage","url":"https:\/\/www.pogotowieflagowe.pl\/aktualne\/wp-content\/uploads\/2025\/05\/Pieklo-zamarzlo-dziennikarz-Oneet-krytykuje\u2026-Tusk.jpg","contentUrl":"https:\/\/www.pogotowieflagowe.pl\/aktualne\/wp-content\/uploads\/2025\/05\/Pieklo-zamarzlo-dziennikarz-Oneet-krytykuje\u2026-Tusk.jpg","width":1200,"height":675,"caption":"Piek\u0142o zamarz\u0142o: dziennikarz Oneet krytykuje\u2026 Tusk!"},{"@type":"BreadcrumbList","@id":"https:\/\/www.pogotowieflagowe.pl\/aktualne\/pieklo-zamarzlo-dziennikarz-oneet-krytykuje-tusk\/#breadcrumb","itemListElement":[{"@type":"ListItem","position":1,"name":"Home","item":"https:\/\/www.pogotowieflagowe.pl\/aktualne\/"},{"@type":"ListItem","position":2,"name":"Piek\u0142o zamarz\u0142o: dziennikarz Oneet krytykuje\u2026 Tusk!"}]},{"@type":"WebSite","@id":"https:\/\/www.pogotowieflagowe.pl\/aktualne\/#website","url":"https:\/\/www.pogotowieflagowe.pl\/aktualne\/","name":"POGOTOWIE FLAGOWE\u00ae","description":"","publisher":{"@id":"https:\/\/www.pogotowieflagowe.pl\/aktualne\/#organization"},"potentialAction":[{"@type":"SearchAction","target":{"@type":"EntryPoint","urlTemplate":"https:\/\/www.pogotowieflagowe.pl\/aktualne\/?s={search_term_string}"},"query-input":"required name=search_term_string"}],"inLanguage":"pl-PL"},{"@type":"Organization","@id":"https:\/\/www.pogotowieflagowe.pl\/aktualne\/#organization","name":"POGOTOWIE FLAGOWE\u00ae","url":"https:\/\/www.pogotowieflagowe.pl\/aktualne\/","logo":{"@type":"ImageObject","inLanguage":"pl-PL","@id":"https:\/\/www.pogotowieflagowe.pl\/aktualne\/#\/schema\/logo\/image\/","url":"https:\/\/www.pogotowieflagowe.pl\/aktualne\/wp-content\/uploads\/2024\/08\/cropped-pogotowieflagowe_flaga_projekt_sm.jpg","contentUrl":"https:\/\/www.pogotowieflagowe.pl\/aktualne\/wp-content\/uploads\/2024\/08\/cropped-pogotowieflagowe_flaga_projekt_sm.jpg","width":250,"height":143,"caption":"POGOTOWIE FLAGOWE\u00ae"},"image":{"@id":"https:\/\/www.pogotowieflagowe.pl\/aktualne\/#\/schema\/logo\/image\/"}},{"@type":"Person","@id":"https:\/\/www.pogotowieflagowe.pl\/aktualne\/#\/schema\/person\/9c2fb7d2362ebf6fa088960d7f0d27b0","name":"Filip","image":{"@type":"ImageObject","inLanguage":"pl-PL","@id":"https:\/\/www.pogotowieflagowe.pl\/aktualne\/#\/schema\/person\/image\/","url":"https:\/\/www.pogotowieflagowe.pl\/aktualne\/wp-content\/uploads\/2024\/08\/pogotowieflagowe.pl_.jpg","contentUrl":"https:\/\/www.pogotowieflagowe.pl\/aktualne\/wp-content\/uploads\/2024\/08\/pogotowieflagowe.pl_.jpg","caption":"Filip"},"description":"Jestem Filip, polski dziennikarz z dyplomem nauk politycznych Uniwersytetu Warszawskiego. Rozpoczynaj\u0105c swoj\u0105 karier\u0119 w r\u00f3\u017cnych lokalnych mediach, zdoby\u0142em solidne do\u015bwiadczenie w zakresie \u015bledztwa i redakcji. Obecnie jako redaktor w Pogotowie flagowe, staram si\u0119 dostarcza\u0107 dog\u0142\u0119bne i istotne analizy na temat najwa\u017cniejszych kwestii aktualno\u015bci, \u0142\u0105cz\u0105c rygor z pasj\u0105 dziennikarsk\u0105.","sameAs":["https:\/\/www.pogotowieflagowe.pl\/"]}]}},"_links":{"self":[{"href":"https:\/\/www.pogotowieflagowe.pl\/aktualne\/wp-json\/wp\/v2\/posts\/5970","targetHints":{"allow":["GET"]}}],"collection":[{"href":"https:\/\/www.pogotowieflagowe.pl\/aktualne\/wp-json\/wp\/v2\/posts"}],"about":[{"href":"https:\/\/www.pogotowieflagowe.pl\/aktualne\/wp-json\/wp\/v2\/types\/post"}],"author":[{"embeddable":true,"href":"https:\/\/www.pogotowieflagowe.pl\/aktualne\/wp-json\/wp\/v2\/users\/1"}],"replies":[{"embeddable":true,"href":"https:\/\/www.pogotowieflagowe.pl\/aktualne\/wp-json\/wp\/v2\/comments?post=5970"}],"version-history":[{"count":1,"href":"https:\/\/www.pogotowieflagowe.pl\/aktualne\/wp-json\/wp\/v2\/posts\/5970\/revisions"}],"predecessor-version":[{"id":5972,"href":"https:\/\/www.pogotowieflagowe.pl\/aktualne\/wp-json\/wp\/v2\/posts\/5970\/revisions\/5972"}],"wp:featuredmedia":[{"embeddable":true,"href":"https:\/\/www.pogotowieflagowe.pl\/aktualne\/wp-json\/wp\/v2\/media\/5971"}],"wp:attachment":[{"href":"https:\/\/www.pogotowieflagowe.pl\/aktualne\/wp-json\/wp\/v2\/media?parent=5970"}],"wp:term":[{"taxonomy":"category","embeddable":true,"href":"https:\/\/www.pogotowieflagowe.pl\/aktualne\/wp-json\/wp\/v2\/categories?post=5970"},{"taxonomy":"post_tag","embeddable":true,"href":"https:\/\/www.pogotowieflagowe.pl\/aktualne\/wp-json\/wp\/v2\/tags?post=5970"}],"curies":[{"name":"wp","href":"https:\/\/api.w.org\/{rel}","templated":true}]}}