{"id":5973,"date":"2025-05-28T21:47:08","date_gmt":"2025-05-28T19:47:08","guid":{"rendered":"https:\/\/www.pogotowieflagowe.pl\/aktualne\/usa-oskarzaja-ue-o-ingerowanie-w-wybory-prezydenckie-w-polsce\/"},"modified":"2025-05-28T21:47:09","modified_gmt":"2025-05-28T19:47:09","slug":"usa-oskarzaja-ue-o-ingerowanie-w-wybory-prezydenckie-w-polsce","status":"publish","type":"post","link":"https:\/\/www.pogotowieflagowe.pl\/aktualne\/usa-oskarzaja-ue-o-ingerowanie-w-wybory-prezydenckie-w-polsce\/","title":{"rendered":"USA oskar\u017caj\u0105 UE o ingerowanie w wybory prezydenckie w Polsce"},"content":{"rendered":"\n<div class=\"td_block_wrap tdb_single_content tdi_41 td-pb-border-top td_block_template_8 td-post-content tagdiv-type\" data-td-block-uid=\"tdi_41\">\n<style>.tdi_41 {margin-top: 0px! Wa\u017cne; margines-bottom: 0px! WA\u017bNY; PALDING-TOP: 0PX! WA\u017bNY; PALDING-BOTTOM: 0PX! WA\u017bNE}<\/style>\n<style>.tdb_single_content {margin-bottom: 0;*zoom: 1} .tdb_single_content: wcze\u015bniej, .tdb_single_content: po {display: Table; content: ''; line-height: 0} .TDB-BLOCK-INner>*: nie (.WP-BLOCK-QUOTE): not (.alignSwide): not (.Alignfull.wp-block-cover.has-parallax): not (.td-a-ad) {margin-left: auto; margin-right: auto} .tdb_single_ConTent a {wska\u017anik-events: auto} .tdb_single_content .td-spot-id-top_ad .tdc-placeholder-title: przed {content: \u201eArtyku\u0142 top ad\u201d! Wa\u017cne} .tdb_single_content .td-Spot-Id-inline_ad0 .tdc-placeholder-title 1 '! Wa\u017cne} .tdb_single_content .td-Spot-Id-inline_Ad1 .tdc-Placeholder-Title: przed {content: \u201eArtyku\u0142 inline AD 2'! Wa\u017cny} .tdb_single_content. 3 '! Wa\u017cne} .tdb_single_content .td-Spot-Id-Bottom_Ad .tdc-Placeholder-Title: przed {content: \u201eArtyku\u0142 Bottom Ad\u201d! Wa\u017cne} .tdb_single_content .id_top_ad, .tdb_single_content_content .id_bottom_ad {clear: oba; margin-bottom: 21px; text-align: Center} .tdb_single_content .id_top_ad img, .tdb_single_content .id_bottom_ad img {margin-bottom: 0} .tdb_single_conTent .id_top_ad .adsbyGoogle, .tdb_single_content .id_bottom_ad .adsbyGoogle {pozycja: relatyw} .tdb_single_content .id_ad_content-horiz-left, .tdb_single_content .id_ad_content-horiz-right, .tdb_single_content .id_ad_content-horiz-Center {margin-bottom: 15px} .tdb_single_content .id_ad_content-horiz-left Img, .tdb_single_content .id_ad_content-horiz-right img, .tdb_single_content .id_ad_content-horiz-centerter img {margin-bottom: 0} .tdb_single_content .id_ad_content-horiz-center {text-align: Center} .tdb_single_content .id_ad_content-horiz-center img {margin-right: auto; margin-let: auto} .tdb_single_content .id_ad_content-horiz-left {float: left; margin-top: 9px; margin-right: 21px} .tdb_single_content .id_ad_content-horiz-right {float: margin-top: 6px; margin-left: 21px} .tdb_single_content .tdc-a-a-ad .TDC-Placeholder-Title {szeroko\u015b\u0107: 300px; height: 250px} .tdb_single_content .tdc-a-ad .TDC-Placeholder-Title: Przed {Pozycja: Absolute; TOP: 50%;-WebKit-Transform: Translatey (-50%); Transform: Translatey (-50%); margines: auto; Display: Tabela; szeroko\u015b\u0107: 100%}. tdb_single_content .TDB-BLOCK-INNER.TD-FIX-INDEX {Word-Break: Break-word} .tdi_41, .tdi_41> p, .tdi_41 .tdb-block-inner> p, .Wp-Block-Column> p {font-size: 16px! Wa\u017cne; wa\u017cny; p {font-styl: normalne! Wa\u017cne} @media (Max-Width: 767px) {. tdb_single_content .id_ad_content-horiz-left, .tdb_single_content .id_ad_content-horiz-right, .tdb_single_content .id_ad_content-horiz-centter {Margin: 0 AUTO 26PXX auto}}@media (Max-Width: 767px) {. tdb_single_content .id_ad_content-horiz-left {margin-right: 0}}@media (max-width: 767px) {. (Max-Width: 767px) {. tdb_single_content .td-a-ad {float: none; text-align: Center} .tdb_single_content .td-a-ad img {margin-right: auto; margin-left: auto} .tdb_single_content .tdc-a-a-a-{margin-right: auto; margin-left: auto} .tdb_single_content .tdd<\/style>\n<div class=\"tdb-block-inner td-fix-index\">\n<p><strong>Cz\u0142onkowie Kongresu Stan\u00f3w Zjednoczonych napisali list do Prezydenta Komisji Europejskiej w sprawie praworz\u0105dno\u015bci w Polsce. Bezpo\u015brednio kwestionuj\u0105 Ursula von der Leyen o to, co okre\u015blaj\u0105 jako podw\u00f3jne standardy Unii Europejskiej.<\/strong><\/p>\n<figure class=\"wp-block-embed is-type-rich is-provider-twitter wp-block-embed-twitter\">\n<div class=\"wp-block-embed__wrapper\">\n<blockquote class=\"twitter-tweet\" data-width=\"550\" data-dnt=\"true\">\n<p lang=\"en\" dir=\"ltr\">Obama, Soros i Globalista Left pr\u00f3buj\u0105 zwolni\u0107 wybory prezydenckie w Polsce. UE nie powinna milcze\u0107 tylko dlatego, \u017ce czerpa\u0142a korzy\u015bci z tej ingerencji. <a rel=\"nofollow\" href=\"https:\/\/twitter.com\/RepBrianMast?ref_src=twsrc%5Etfw\">@Repbrianmast<\/a> <a rel=\"nofollow\" href=\"https:\/\/twitter.com\/RepKeithSelf?ref_src=twsrc%5Etfw\">@Repkeithself<\/a> <a rel=\"nofollow\" href=\"https:\/\/twitter.com\/repdarrellissa?ref_src=twsrc%5Etfw\">@repdarrellissa<\/a> <a rel=\"nofollow\" href=\"https:\/\/twitter.com\/RepTimBurchett?ref_src=twsrc%5Etfw\">@ReptimBurchett<\/a> <a rel=\"nofollow\" href=\"https:\/\/twitter.com\/Rep_Davidson?ref_src=twsrc%5Etfw\">@Rep_davidson<\/a> <a rel=\"nofollow\" href=\"https:\/\/twitter.com\/RepLuna?ref_src=twsrc%5Etfw\">@Repluna<\/a> <a rel=\"nofollow\" href=\"https:\/\/twitter.com\/RepAndyHarrisMD?ref_src=twsrc%5Etfw\">@Repandyharrismd<\/a> <a rel=\"nofollow\" href=\"https:\/\/t.co\/BD2kR4MVBJ\">pic.twitter.com\/bd2kr4mvbj<\/a><\/p>\n<p>&#8211; Wi\u0119kszo\u015b\u0107 Komitetu Spraw Zagranicznych House (@Houseforeigngop) <a rel=\"nofollow\" href=\"https:\/\/twitter.com\/HouseForeignGOP\/status\/1927466617031557354?ref_src=twsrc%5Etfw\">27 maja 2025 r<\/a><\/p><\/blockquote>\n<\/div>\n<\/figure>\n<p>Ameryka\u0144scy prawodawcy podnosz\u0105 alarm w sprawie sytuacji w Polsce, oskar\u017caj\u0105c rz\u0105d premiera Donalda Tuska o naruszenie zasad praworz\u0105dno\u015bci i wskazanie niesp\u00f3jnego podej\u015bcia UE. W li\u015bcie podpisanym przez o\u015bmiu cz\u0142onk\u00f3w Kongresu i skierowanych do prezydenta Ursuli von der Leyena podkre\u015blaj\u0105 obawy dotycz\u0105ce nielegalnego finansowania kampanii wyborczej koalicji obywatelskiej, blokowania funduszy publicznych pomimo orzecze\u0144 s\u0105dowych oraz wp\u0142ywu zagranicznych organizacji na polskie wybory.<\/p>\n<hr class=\"wp-block-separator has-alpha-channel-opacity\">\n<p class=\"has-text-align-center\"><em><strong>Sto dziewi\u0119tnastego Kongresu<\/strong><br \/><strong>Izba reprezentant\u00f3w USA<\/strong><br \/><strong>Komitet ds. Spraw Zagranicznych<\/strong><br \/>2170 Rayburn House Office Building<br \/>Waszyngton, DC 20515<\/em><\/p>\n<p><strong><em>27 maja 2025 r<\/em><\/strong><\/p>\n<p><em><strong>Szanowny Ursula von der Leyen<\/strong><br \/>Prezydent<br \/>Komisja Europejska<br \/>Rue de la loi \/ wetstraat 200<\/em><br \/><em>1049 Bruksela, Belgia<\/em><\/p>\n<p><em>Drogi prezydent von der Leyen:<\/em><\/p>\n<p><em>Piszemy, aby wyrazi\u0107 g\u0142\u0119boki alarm nad zg\u0142oszonymi rozwojem w Polsce, kt\u00f3re mog\u0105 podwa\u017cy\u0107 integralno\u015b\u0107 jego proces\u00f3w demokratycznych, szczeg\u00f3lnie gdy kraj zbli\u017ca si\u0119 do drugiej rundy wybor\u00f3w prezydenckich w dniu 1 czerwca 2025 r. Rz\u0105d zg\u0142osi\u0142 miesi\u0105cow\u0105 odmow\u0119 przestrzegania nakaz\u00f3w s\u0105dowych w celu uwolnienia publicznego finansowania prawa i sprawiedliwo\u015bci (PIS), sugeruje celowe wysi\u0142ki na rzecz przechylenia wyboru. Dzia\u0142ania te, kt\u00f3re wyst\u0119puj\u0105 w Zegarku Komisji Europejskiej, ujawniaj\u0105 niepokoj\u0105cy podw\u00f3jny standard w podej\u015bciu UE do Polski, co wymaga pilnej uwagi.<\/em><\/p>\n<p><em>15 maja dochodzenie przez wiod\u0105c\u0105 polsk\u0105 publikacj\u0119 poinformowa\u0142o, \u017ce polska organizacja pozarz\u0105dowa, kt\u00f3ra otrzyma\u0142a fundusze od organizacji finansowanych przez ameryka\u0144sk\u0105 parti\u0119 demokratyczn\u0105 Megadonor George Sorosa Otwarte Stowarzyszenie Spo\u0142ecze\u0144stwa, u\u0142atwi\u0142o produkcj\u0119 reklam medi\u00f3w spo\u0142eczno\u015bciowych promuj\u0105cych Trzaskowskiego i zdyskredytuj\u0105c\u0105 jego rywali, wspieraj\u0105c Karol Nawrocki i konfederacj\u0119 Mentzena. Kilka \u017ar\u00f3de\u0142 poinformowa\u0142o r\u00f3wnie\u017c, \u017ce Estratos Digital GMBH-firma z siedzib\u0105 w wiede\u0144skiej wi\u0119kszo\u015bci, kt\u00f3rej w\u0142a\u015bcicielem jest Higher Ground Labs, fundusz ameryka\u0144ski prowadzony przez g\u0142\u00f3wnych agent\u00f3w Partii Demokratycznej, kt\u00f3rzy pomogli przeprowadzi\u0107 kampanie prezydenckie w USA w Baracku Obamie, Hillary Clinton i Kamala Harris-by\u0142 za oko\u0142o 420 000 PLN (105 000 USD). 2025 na poparcie Trzaskowskiego. Estratos jest t\u0105 sam\u0105 organizacj\u0105, kt\u00f3ra podobno odegra\u0142a kluczow\u0105 rol\u0119 w poparciu antywizyktowej opozycji w wyborach w 2022 r., Rzudz\u0105c \u201eukrywanie \u017ar\u00f3de\u0142 finansowania kampanii, podnosz\u0105c dodatkowe czerwone flagi na temat ich dzia\u0142alno\u015bci w Polsce\u201d.<\/em><\/p>\n<p><em>R\u00f3wnie niepokoj\u0105ce s\u0105 doniesienia o niewielkiej odmowie rz\u0105du TUSK w celu uwolnienia dziesi\u0105tek milion\u00f3w dolar\u00f3w w finansowaniu kampanii publicznej, kt\u00f3re PIS ma prawnie uprawniony do otrzymania, op\u00f3\u017aniaj\u0105c orzeczenie przez komisj\u0119 nadzorcz\u0105 S\u0105du Polski. Fundusze, administracja TUSK wydaje si\u0119 pr\u00f3bowa\u0107 kaleczy\u0107 zdolno\u015b\u0107 PIS do uczciwego konkurowania w wyborach prezydenckich i naruszenia praworz\u0105dno\u015bci.<\/em><\/p>\n<p><em>Unia Europejska, jako por\u0119czyciel standard\u00f3w demokratycznych i praw cz\u0142owieka na mocy traktatu o Unii Europejskiej, ponosi obowi\u0105zek zapewnienia, aby pa\u0144stwa cz\u0142onkowskie podtrzyma\u0142y praworz\u0105dno\u015b\u0107. Jednak pomimo krytyki g\u0142o\u015bnej Komisji Europejskiej i decyzji o wstrzymaniu ponad 150 miliard\u00f3w dolar\u00f3w z Polski za domniemane naruszenia praworz\u0105dno\u015bci w ramach poprzedniego rz\u0105du PIS, pozosta\u0142o ona wyra\u017anie cicho, pomimo wyra\u017anych dowod\u00f3w narusze\u0144 prawa pod administracj\u0105 Tuska. W rzeczywisto\u015bci w lutym 2024 r. &#8211; po tym, jak rz\u0105d TUSK wyrzuci\u0142 i zainstalowa\u0142 nowego krajowego prokuratora bez zgody prezydenta Dudy w sprawie zg\u0142oszonego naruszenia polskiego prawa &#8211; Komisja Europejska, pod waszym kierunkiem, zwolni\u0142a jeszcze 7,1 miliarda dolar\u00f3w (6,3 mld EU), kt\u00f3re uprzednio uprzedni\u0142o z PIS rz\u0105du PIS. Wydanie. \u2078 To selektywne egzekwowanie &#8211; kondygnacja i sankcjonowanie PIS podczas ignorowania dzia\u0142a\u0144 Tuska &#8211; sugeruje podw\u00f3jny standard, kt\u00f3ry m\u00f3g\u0142by podwa\u017cy\u0107 wiarygodno\u015b\u0107 UE jako stra\u017cnika zasad demokratycznych.<\/em><\/p>\n<p><em>Rozw\u00f3j te rodz\u0105 r\u00f3wnie\u017c krytyczne pytania dotycz\u0105ce integralno\u015bci demokratycznych instytucji Polski i roli UE w zapewnianiu uczciwych wybor\u00f3w. Aby rozwi\u0105za\u0107 te obawy, z szacunkiem prosimy o zorganizowanie odprawy, aby odpowiedzie\u0107 na nast\u0119puj\u0105ce pytania:<\/em><\/p>\n<ol class=\"wp-block-list\">\n<li><em>Jakie podmioty dostarczy\u0142y 105 000 USD (420 000 PLN) wykorzystywanych w reklamach na Facebooku promuj\u0105cych Rafa\u0142 Trzaskowskiego, i czy kt\u00f3rykolwiek z tych funduszy pochodzi z zagranicznych \u017ar\u00f3de\u0142 z naruszeniem polskiego prawa wyborczego?<\/em><\/li>\n<li><em>Jak\u0105 rol\u0119, je\u015bli w og\u00f3le, Estratos Digital GmbH i jego ameryka\u0144ski w\u0142a\u015bciciel, Higher Ground Labs, gra\u0142 w koordynowaniu lub finansowaniu tych reklam, a w jakim stopniu zaanga\u017cowali si\u0119 agenci Partii Demokratycznej USA?<\/em><\/li>\n<li><em>W jaki spos\u00f3b Komisja uzasadnia brak zaj\u0119cia si\u0119 odmow\u0105 rz\u0105du TUSK zwolnienia milion\u00f3w dolar\u00f3w w finansowaniu przez s\u0105d PIS, bior\u0105c pod uwag\u0119 wcze\u015bniejsze sankcje wobec wcze\u015bniejszego rz\u0105du PIS za naruszenia prawa?<\/em><\/li>\n<li><em>Dlaczego Komisja milcza\u0142a na temat buntu Ministra Finans\u00f3w Andrzeja Doma\u0144skiego przez Polsk\u0119, Krajow\u0105 Komisj\u0119 Wyborcz\u0105 i Rzecz\u00f3w Rzecznik\u00f3w Praw Obywatelskich, bior\u0105c pod uwag\u0119 jego wcze\u015bniejsz\u0105 krytyk\u0119 g\u0142o\u015bn\u0105 i agresywne dzia\u0142ania przeciwko rz\u0105dowi PIS?<\/em><\/li>\n<li><em>Jakie mechanizmy nadzoru wdro\u017cono komisj\u0119, aby zapobiec finansowanym zagranicznym organizacjom pozarz\u0105dowym, takich jak te powi\u0105zane z fundamentami otwartymi spo\u0142ecze\u0144stwem George&#8217;a Sorosa, od wp\u0142ywu na wybory prezydenckie w Polsce w 2025 r.?<\/em><\/li>\n<\/ol>\n<p><em>Aby zaplanowa\u0107 odpraw\u0119, skontaktuj si\u0119 z personelem komitetu pod numerem (202) 226-8467. Dzi\u0119kujemy za szybk\u0105 dba\u0142o\u015b\u0107 o t\u0119 spraw\u0119.<\/em><\/p>\n<p><em>Z powa\u017caniem,<br \/><strong>Brian Mast<\/strong><br \/>Przewodnicz\u0105cy<br \/>Komitet ds. Spraw Zagranicznych<\/em><\/p>\n<p><em><strong>Chris Smith<\/strong><br \/>Przewodnicz\u0105cy<br \/>Podkomitet ds. Afryki<\/em><\/p>\n<p><em><strong>Keith Self<\/strong><br \/>Przewodnicz\u0105cy<br \/>Podkomitet ds. Europy<\/em><\/p>\n<p><em><strong>Darrell Issa<\/strong><br \/>Cz\u0142onek Kongresu<\/em><\/p>\n<p><em><strong>Tim Burchett<\/strong><br \/>Cz\u0142onek Kongresu<\/em><\/p>\n<p><em><strong>Warren Davidson<\/strong><br \/>Cz\u0142onek Kongresu<\/em><\/p>\n<p><em><strong>Anna Paulina Luna<\/strong><br \/>Cz\u0142onek Kongresu<\/em><\/p>\n<p><em><strong>Andy Harris, MD<\/strong><br \/>Cz\u0142onek Kongresu<\/em><\/p>\n<\/div>\n<\/div>\n<p><script async src=\"https:\/\/platform.twitter.com\/widgets.js\" charset=\"utf-8\"><\/script><\/p>\n","protected":false},"excerpt":{"rendered":"<p>Cz\u0142onkowie Kongresu Stan\u00f3w Zjednoczonych napisali list do Prezydenta Komisji Europejskiej w sprawie praworz\u0105dno\u015bci w Polsce. Bezpo\u015brednio kwestionuj\u0105 Ursula von der<\/p>\n","protected":false},"author":1,"featured_media":5974,"comment_status":"closed","ping_status":"","sticky":false,"template":"","format":"standard","meta":{"footnotes":""},"categories":[44],"tags":[7732,7731,60,4290,312,2492],"class_list":["post-5973","post","type-post","status-publish","format-standard","has-post-thumbnail","hentry","category-polityka","tag-ingerowanie","tag-oskarzaja","tag-polsce","tag-prezydenckie","tag-usa","tag-wybory","generate-columns","tablet-grid-50","mobile-grid-100","grid-parent","grid-50","resize-featured-image"],"yoast_head":"<!-- This site is optimized with the Yoast SEO plugin v23.2 - https:\/\/yoast.com\/wordpress\/plugins\/seo\/ -->\n<title>USA oskar\u017caj\u0105 UE o ingerowanie w wybory prezydenckie w Polsce - POGOTOWIE FLAGOWE\u00ae<\/title>\n<meta name=\"robots\" content=\"index, follow, max-snippet:-1, max-image-preview:large, max-video-preview:-1\" \/>\n<link rel=\"canonical\" href=\"https:\/\/www.pogotowieflagowe.pl\/aktualne\/usa-oskarzaja-ue-o-ingerowanie-w-wybory-prezydenckie-w-polsce\/\" \/>\n<meta property=\"og:locale\" content=\"pl_PL\" \/>\n<meta property=\"og:type\" content=\"article\" \/>\n<meta property=\"og:title\" content=\"USA oskar\u017caj\u0105 UE o ingerowanie w wybory prezydenckie w Polsce - POGOTOWIE FLAGOWE\u00ae\" \/>\n<meta property=\"og:description\" content=\"Cz\u0142onkowie Kongresu Stan\u00f3w Zjednoczonych napisali list do Prezydenta Komisji Europejskiej w sprawie praworz\u0105dno\u015bci w Polsce. Bezpo\u015brednio kwestionuj\u0105 Ursula von der\" \/>\n<meta property=\"og:url\" content=\"https:\/\/www.pogotowieflagowe.pl\/aktualne\/usa-oskarzaja-ue-o-ingerowanie-w-wybory-prezydenckie-w-polsce\/\" \/>\n<meta property=\"og:site_name\" content=\"POGOTOWIE FLAGOWE\u00ae\" \/>\n<meta property=\"article:published_time\" content=\"2025-05-28T19:47:08+00:00\" \/>\n<meta property=\"article:modified_time\" content=\"2025-05-28T19:47:09+00:00\" \/>\n<meta property=\"og:image\" content=\"https:\/\/www.pogotowieflagowe.pl\/aktualne\/wp-content\/uploads\/2025\/05\/USA-oskarzaja-UE-o-ingerowanie-w-wybory-prezydenckie-w-Polsce.jpg\" \/>\n\t<meta property=\"og:image:width\" content=\"1200\" \/>\n\t<meta property=\"og:image:height\" content=\"675\" \/>\n\t<meta property=\"og:image:type\" content=\"image\/jpeg\" \/>\n<meta name=\"author\" content=\"Filip\" \/>\n<meta name=\"twitter:card\" content=\"summary_large_image\" \/>\n<meta name=\"twitter:label1\" content=\"Napisane przez\" \/>\n\t<meta name=\"twitter:data1\" content=\"Filip\" \/>\n\t<meta name=\"twitter:label2\" content=\"Szacowany czas czytania\" \/>\n\t<meta name=\"twitter:data2\" content=\"5 minut\" \/>\n<script type=\"application\/ld+json\" class=\"yoast-schema-graph\">{\"@context\":\"https:\/\/schema.org\",\"@graph\":[{\"@type\":\"Article\",\"@id\":\"https:\/\/www.pogotowieflagowe.pl\/aktualne\/usa-oskarzaja-ue-o-ingerowanie-w-wybory-prezydenckie-w-polsce\/#article\",\"isPartOf\":{\"@id\":\"https:\/\/www.pogotowieflagowe.pl\/aktualne\/usa-oskarzaja-ue-o-ingerowanie-w-wybory-prezydenckie-w-polsce\/\"},\"author\":{\"name\":\"Filip\",\"@id\":\"https:\/\/www.pogotowieflagowe.pl\/aktualne\/#\/schema\/person\/9c2fb7d2362ebf6fa088960d7f0d27b0\"},\"headline\":\"USA oskar\u017caj\u0105 UE o ingerowanie w wybory prezydenckie w Polsce\",\"datePublished\":\"2025-05-28T19:47:08+00:00\",\"dateModified\":\"2025-05-28T19:47:09+00:00\",\"mainEntityOfPage\":{\"@id\":\"https:\/\/www.pogotowieflagowe.pl\/aktualne\/usa-oskarzaja-ue-o-ingerowanie-w-wybory-prezydenckie-w-polsce\/\"},\"wordCount\":1001,\"publisher\":{\"@id\":\"https:\/\/www.pogotowieflagowe.pl\/aktualne\/#organization\"},\"image\":{\"@id\":\"https:\/\/www.pogotowieflagowe.pl\/aktualne\/usa-oskarzaja-ue-o-ingerowanie-w-wybory-prezydenckie-w-polsce\/#primaryimage\"},\"thumbnailUrl\":\"https:\/\/www.pogotowieflagowe.pl\/aktualne\/wp-content\/uploads\/2025\/05\/USA-oskarzaja-UE-o-ingerowanie-w-wybory-prezydenckie-w-Polsce.jpg\",\"keywords\":[\"ingerowanie\",\"oskar\u017caj\u0105\",\"Polsce\",\"prezydenckie\",\"USA\",\"Wybory\"],\"articleSection\":[\"Polityka\"],\"inLanguage\":\"pl-PL\"},{\"@type\":\"WebPage\",\"@id\":\"https:\/\/www.pogotowieflagowe.pl\/aktualne\/usa-oskarzaja-ue-o-ingerowanie-w-wybory-prezydenckie-w-polsce\/\",\"url\":\"https:\/\/www.pogotowieflagowe.pl\/aktualne\/usa-oskarzaja-ue-o-ingerowanie-w-wybory-prezydenckie-w-polsce\/\",\"name\":\"USA oskar\u017caj\u0105 UE o ingerowanie w wybory prezydenckie w Polsce - POGOTOWIE FLAGOWE\u00ae\",\"isPartOf\":{\"@id\":\"https:\/\/www.pogotowieflagowe.pl\/aktualne\/#website\"},\"primaryImageOfPage\":{\"@id\":\"https:\/\/www.pogotowieflagowe.pl\/aktualne\/usa-oskarzaja-ue-o-ingerowanie-w-wybory-prezydenckie-w-polsce\/#primaryimage\"},\"image\":{\"@id\":\"https:\/\/www.pogotowieflagowe.pl\/aktualne\/usa-oskarzaja-ue-o-ingerowanie-w-wybory-prezydenckie-w-polsce\/#primaryimage\"},\"thumbnailUrl\":\"https:\/\/www.pogotowieflagowe.pl\/aktualne\/wp-content\/uploads\/2025\/05\/USA-oskarzaja-UE-o-ingerowanie-w-wybory-prezydenckie-w-Polsce.jpg\",\"datePublished\":\"2025-05-28T19:47:08+00:00\",\"dateModified\":\"2025-05-28T19:47:09+00:00\",\"breadcrumb\":{\"@id\":\"https:\/\/www.pogotowieflagowe.pl\/aktualne\/usa-oskarzaja-ue-o-ingerowanie-w-wybory-prezydenckie-w-polsce\/#breadcrumb\"},\"inLanguage\":\"pl-PL\",\"potentialAction\":[{\"@type\":\"ReadAction\",\"target\":[\"https:\/\/www.pogotowieflagowe.pl\/aktualne\/usa-oskarzaja-ue-o-ingerowanie-w-wybory-prezydenckie-w-polsce\/\"]}]},{\"@type\":\"ImageObject\",\"inLanguage\":\"pl-PL\",\"@id\":\"https:\/\/www.pogotowieflagowe.pl\/aktualne\/usa-oskarzaja-ue-o-ingerowanie-w-wybory-prezydenckie-w-polsce\/#primaryimage\",\"url\":\"https:\/\/www.pogotowieflagowe.pl\/aktualne\/wp-content\/uploads\/2025\/05\/USA-oskarzaja-UE-o-ingerowanie-w-wybory-prezydenckie-w-Polsce.jpg\",\"contentUrl\":\"https:\/\/www.pogotowieflagowe.pl\/aktualne\/wp-content\/uploads\/2025\/05\/USA-oskarzaja-UE-o-ingerowanie-w-wybory-prezydenckie-w-Polsce.jpg\",\"width\":1200,\"height\":675,\"caption\":\"USA oskar\u017caj\u0105 UE o ingerowanie w wybory prezydenckie w Polsce\"},{\"@type\":\"BreadcrumbList\",\"@id\":\"https:\/\/www.pogotowieflagowe.pl\/aktualne\/usa-oskarzaja-ue-o-ingerowanie-w-wybory-prezydenckie-w-polsce\/#breadcrumb\",\"itemListElement\":[{\"@type\":\"ListItem\",\"position\":1,\"name\":\"Home\",\"item\":\"https:\/\/www.pogotowieflagowe.pl\/aktualne\/\"},{\"@type\":\"ListItem\",\"position\":2,\"name\":\"USA oskar\u017caj\u0105 UE o ingerowanie w wybory prezydenckie w Polsce\"}]},{\"@type\":\"WebSite\",\"@id\":\"https:\/\/www.pogotowieflagowe.pl\/aktualne\/#website\",\"url\":\"https:\/\/www.pogotowieflagowe.pl\/aktualne\/\",\"name\":\"POGOTOWIE FLAGOWE\u00ae\",\"description\":\"\",\"publisher\":{\"@id\":\"https:\/\/www.pogotowieflagowe.pl\/aktualne\/#organization\"},\"potentialAction\":[{\"@type\":\"SearchAction\",\"target\":{\"@type\":\"EntryPoint\",\"urlTemplate\":\"https:\/\/www.pogotowieflagowe.pl\/aktualne\/?s={search_term_string}\"},\"query-input\":\"required name=search_term_string\"}],\"inLanguage\":\"pl-PL\"},{\"@type\":\"Organization\",\"@id\":\"https:\/\/www.pogotowieflagowe.pl\/aktualne\/#organization\",\"name\":\"POGOTOWIE FLAGOWE\u00ae\",\"url\":\"https:\/\/www.pogotowieflagowe.pl\/aktualne\/\",\"logo\":{\"@type\":\"ImageObject\",\"inLanguage\":\"pl-PL\",\"@id\":\"https:\/\/www.pogotowieflagowe.pl\/aktualne\/#\/schema\/logo\/image\/\",\"url\":\"https:\/\/www.pogotowieflagowe.pl\/aktualne\/wp-content\/uploads\/2024\/08\/cropped-pogotowieflagowe_flaga_projekt_sm.jpg\",\"contentUrl\":\"https:\/\/www.pogotowieflagowe.pl\/aktualne\/wp-content\/uploads\/2024\/08\/cropped-pogotowieflagowe_flaga_projekt_sm.jpg\",\"width\":250,\"height\":143,\"caption\":\"POGOTOWIE FLAGOWE\u00ae\"},\"image\":{\"@id\":\"https:\/\/www.pogotowieflagowe.pl\/aktualne\/#\/schema\/logo\/image\/\"}},{\"@type\":\"Person\",\"@id\":\"https:\/\/www.pogotowieflagowe.pl\/aktualne\/#\/schema\/person\/9c2fb7d2362ebf6fa088960d7f0d27b0\",\"name\":\"Filip\",\"image\":{\"@type\":\"ImageObject\",\"inLanguage\":\"pl-PL\",\"@id\":\"https:\/\/www.pogotowieflagowe.pl\/aktualne\/#\/schema\/person\/image\/\",\"url\":\"https:\/\/www.pogotowieflagowe.pl\/aktualne\/wp-content\/uploads\/2024\/08\/pogotowieflagowe.pl_.jpg\",\"contentUrl\":\"https:\/\/www.pogotowieflagowe.pl\/aktualne\/wp-content\/uploads\/2024\/08\/pogotowieflagowe.pl_.jpg\",\"caption\":\"Filip\"},\"description\":\"Jestem Filip, polski dziennikarz z dyplomem nauk politycznych Uniwersytetu Warszawskiego. Rozpoczynaj\u0105c swoj\u0105 karier\u0119 w r\u00f3\u017cnych lokalnych mediach, zdoby\u0142em solidne do\u015bwiadczenie w zakresie \u015bledztwa i redakcji. Obecnie jako redaktor w Pogotowie flagowe, staram si\u0119 dostarcza\u0107 dog\u0142\u0119bne i istotne analizy na temat najwa\u017cniejszych kwestii aktualno\u015bci, \u0142\u0105cz\u0105c rygor z pasj\u0105 dziennikarsk\u0105.\",\"sameAs\":[\"https:\/\/www.pogotowieflagowe.pl\/\"]}]}<\/script>\n<!-- \/ Yoast SEO plugin. -->","yoast_head_json":{"title":"USA oskar\u017caj\u0105 UE o ingerowanie w wybory prezydenckie w Polsce - POGOTOWIE FLAGOWE\u00ae","robots":{"index":"index","follow":"follow","max-snippet":"max-snippet:-1","max-image-preview":"max-image-preview:large","max-video-preview":"max-video-preview:-1"},"canonical":"https:\/\/www.pogotowieflagowe.pl\/aktualne\/usa-oskarzaja-ue-o-ingerowanie-w-wybory-prezydenckie-w-polsce\/","og_locale":"pl_PL","og_type":"article","og_title":"USA oskar\u017caj\u0105 UE o ingerowanie w wybory prezydenckie w Polsce - POGOTOWIE FLAGOWE\u00ae","og_description":"Cz\u0142onkowie Kongresu Stan\u00f3w Zjednoczonych napisali list do Prezydenta Komisji Europejskiej w sprawie praworz\u0105dno\u015bci w Polsce. Bezpo\u015brednio kwestionuj\u0105 Ursula von der","og_url":"https:\/\/www.pogotowieflagowe.pl\/aktualne\/usa-oskarzaja-ue-o-ingerowanie-w-wybory-prezydenckie-w-polsce\/","og_site_name":"POGOTOWIE FLAGOWE\u00ae","article_published_time":"2025-05-28T19:47:08+00:00","article_modified_time":"2025-05-28T19:47:09+00:00","og_image":[{"width":1200,"height":675,"url":"https:\/\/www.pogotowieflagowe.pl\/aktualne\/wp-content\/uploads\/2025\/05\/USA-oskarzaja-UE-o-ingerowanie-w-wybory-prezydenckie-w-Polsce.jpg","type":"image\/jpeg"}],"author":"Filip","twitter_card":"summary_large_image","twitter_misc":{"Napisane przez":"Filip","Szacowany czas czytania":"5 minut"},"schema":{"@context":"https:\/\/schema.org","@graph":[{"@type":"Article","@id":"https:\/\/www.pogotowieflagowe.pl\/aktualne\/usa-oskarzaja-ue-o-ingerowanie-w-wybory-prezydenckie-w-polsce\/#article","isPartOf":{"@id":"https:\/\/www.pogotowieflagowe.pl\/aktualne\/usa-oskarzaja-ue-o-ingerowanie-w-wybory-prezydenckie-w-polsce\/"},"author":{"name":"Filip","@id":"https:\/\/www.pogotowieflagowe.pl\/aktualne\/#\/schema\/person\/9c2fb7d2362ebf6fa088960d7f0d27b0"},"headline":"USA oskar\u017caj\u0105 UE o ingerowanie w wybory prezydenckie w Polsce","datePublished":"2025-05-28T19:47:08+00:00","dateModified":"2025-05-28T19:47:09+00:00","mainEntityOfPage":{"@id":"https:\/\/www.pogotowieflagowe.pl\/aktualne\/usa-oskarzaja-ue-o-ingerowanie-w-wybory-prezydenckie-w-polsce\/"},"wordCount":1001,"publisher":{"@id":"https:\/\/www.pogotowieflagowe.pl\/aktualne\/#organization"},"image":{"@id":"https:\/\/www.pogotowieflagowe.pl\/aktualne\/usa-oskarzaja-ue-o-ingerowanie-w-wybory-prezydenckie-w-polsce\/#primaryimage"},"thumbnailUrl":"https:\/\/www.pogotowieflagowe.pl\/aktualne\/wp-content\/uploads\/2025\/05\/USA-oskarzaja-UE-o-ingerowanie-w-wybory-prezydenckie-w-Polsce.jpg","keywords":["ingerowanie","oskar\u017caj\u0105","Polsce","prezydenckie","USA","Wybory"],"articleSection":["Polityka"],"inLanguage":"pl-PL"},{"@type":"WebPage","@id":"https:\/\/www.pogotowieflagowe.pl\/aktualne\/usa-oskarzaja-ue-o-ingerowanie-w-wybory-prezydenckie-w-polsce\/","url":"https:\/\/www.pogotowieflagowe.pl\/aktualne\/usa-oskarzaja-ue-o-ingerowanie-w-wybory-prezydenckie-w-polsce\/","name":"USA oskar\u017caj\u0105 UE o ingerowanie w wybory prezydenckie w Polsce - POGOTOWIE FLAGOWE\u00ae","isPartOf":{"@id":"https:\/\/www.pogotowieflagowe.pl\/aktualne\/#website"},"primaryImageOfPage":{"@id":"https:\/\/www.pogotowieflagowe.pl\/aktualne\/usa-oskarzaja-ue-o-ingerowanie-w-wybory-prezydenckie-w-polsce\/#primaryimage"},"image":{"@id":"https:\/\/www.pogotowieflagowe.pl\/aktualne\/usa-oskarzaja-ue-o-ingerowanie-w-wybory-prezydenckie-w-polsce\/#primaryimage"},"thumbnailUrl":"https:\/\/www.pogotowieflagowe.pl\/aktualne\/wp-content\/uploads\/2025\/05\/USA-oskarzaja-UE-o-ingerowanie-w-wybory-prezydenckie-w-Polsce.jpg","datePublished":"2025-05-28T19:47:08+00:00","dateModified":"2025-05-28T19:47:09+00:00","breadcrumb":{"@id":"https:\/\/www.pogotowieflagowe.pl\/aktualne\/usa-oskarzaja-ue-o-ingerowanie-w-wybory-prezydenckie-w-polsce\/#breadcrumb"},"inLanguage":"pl-PL","potentialAction":[{"@type":"ReadAction","target":["https:\/\/www.pogotowieflagowe.pl\/aktualne\/usa-oskarzaja-ue-o-ingerowanie-w-wybory-prezydenckie-w-polsce\/"]}]},{"@type":"ImageObject","inLanguage":"pl-PL","@id":"https:\/\/www.pogotowieflagowe.pl\/aktualne\/usa-oskarzaja-ue-o-ingerowanie-w-wybory-prezydenckie-w-polsce\/#primaryimage","url":"https:\/\/www.pogotowieflagowe.pl\/aktualne\/wp-content\/uploads\/2025\/05\/USA-oskarzaja-UE-o-ingerowanie-w-wybory-prezydenckie-w-Polsce.jpg","contentUrl":"https:\/\/www.pogotowieflagowe.pl\/aktualne\/wp-content\/uploads\/2025\/05\/USA-oskarzaja-UE-o-ingerowanie-w-wybory-prezydenckie-w-Polsce.jpg","width":1200,"height":675,"caption":"USA oskar\u017caj\u0105 UE o ingerowanie w wybory prezydenckie w Polsce"},{"@type":"BreadcrumbList","@id":"https:\/\/www.pogotowieflagowe.pl\/aktualne\/usa-oskarzaja-ue-o-ingerowanie-w-wybory-prezydenckie-w-polsce\/#breadcrumb","itemListElement":[{"@type":"ListItem","position":1,"name":"Home","item":"https:\/\/www.pogotowieflagowe.pl\/aktualne\/"},{"@type":"ListItem","position":2,"name":"USA oskar\u017caj\u0105 UE o ingerowanie w wybory prezydenckie w Polsce"}]},{"@type":"WebSite","@id":"https:\/\/www.pogotowieflagowe.pl\/aktualne\/#website","url":"https:\/\/www.pogotowieflagowe.pl\/aktualne\/","name":"POGOTOWIE FLAGOWE\u00ae","description":"","publisher":{"@id":"https:\/\/www.pogotowieflagowe.pl\/aktualne\/#organization"},"potentialAction":[{"@type":"SearchAction","target":{"@type":"EntryPoint","urlTemplate":"https:\/\/www.pogotowieflagowe.pl\/aktualne\/?s={search_term_string}"},"query-input":"required name=search_term_string"}],"inLanguage":"pl-PL"},{"@type":"Organization","@id":"https:\/\/www.pogotowieflagowe.pl\/aktualne\/#organization","name":"POGOTOWIE FLAGOWE\u00ae","url":"https:\/\/www.pogotowieflagowe.pl\/aktualne\/","logo":{"@type":"ImageObject","inLanguage":"pl-PL","@id":"https:\/\/www.pogotowieflagowe.pl\/aktualne\/#\/schema\/logo\/image\/","url":"https:\/\/www.pogotowieflagowe.pl\/aktualne\/wp-content\/uploads\/2024\/08\/cropped-pogotowieflagowe_flaga_projekt_sm.jpg","contentUrl":"https:\/\/www.pogotowieflagowe.pl\/aktualne\/wp-content\/uploads\/2024\/08\/cropped-pogotowieflagowe_flaga_projekt_sm.jpg","width":250,"height":143,"caption":"POGOTOWIE FLAGOWE\u00ae"},"image":{"@id":"https:\/\/www.pogotowieflagowe.pl\/aktualne\/#\/schema\/logo\/image\/"}},{"@type":"Person","@id":"https:\/\/www.pogotowieflagowe.pl\/aktualne\/#\/schema\/person\/9c2fb7d2362ebf6fa088960d7f0d27b0","name":"Filip","image":{"@type":"ImageObject","inLanguage":"pl-PL","@id":"https:\/\/www.pogotowieflagowe.pl\/aktualne\/#\/schema\/person\/image\/","url":"https:\/\/www.pogotowieflagowe.pl\/aktualne\/wp-content\/uploads\/2024\/08\/pogotowieflagowe.pl_.jpg","contentUrl":"https:\/\/www.pogotowieflagowe.pl\/aktualne\/wp-content\/uploads\/2024\/08\/pogotowieflagowe.pl_.jpg","caption":"Filip"},"description":"Jestem Filip, polski dziennikarz z dyplomem nauk politycznych Uniwersytetu Warszawskiego. Rozpoczynaj\u0105c swoj\u0105 karier\u0119 w r\u00f3\u017cnych lokalnych mediach, zdoby\u0142em solidne do\u015bwiadczenie w zakresie \u015bledztwa i redakcji. Obecnie jako redaktor w Pogotowie flagowe, staram si\u0119 dostarcza\u0107 dog\u0142\u0119bne i istotne analizy na temat najwa\u017cniejszych kwestii aktualno\u015bci, \u0142\u0105cz\u0105c rygor z pasj\u0105 dziennikarsk\u0105.","sameAs":["https:\/\/www.pogotowieflagowe.pl\/"]}]}},"_links":{"self":[{"href":"https:\/\/www.pogotowieflagowe.pl\/aktualne\/wp-json\/wp\/v2\/posts\/5973","targetHints":{"allow":["GET"]}}],"collection":[{"href":"https:\/\/www.pogotowieflagowe.pl\/aktualne\/wp-json\/wp\/v2\/posts"}],"about":[{"href":"https:\/\/www.pogotowieflagowe.pl\/aktualne\/wp-json\/wp\/v2\/types\/post"}],"author":[{"embeddable":true,"href":"https:\/\/www.pogotowieflagowe.pl\/aktualne\/wp-json\/wp\/v2\/users\/1"}],"replies":[{"embeddable":true,"href":"https:\/\/www.pogotowieflagowe.pl\/aktualne\/wp-json\/wp\/v2\/comments?post=5973"}],"version-history":[{"count":1,"href":"https:\/\/www.pogotowieflagowe.pl\/aktualne\/wp-json\/wp\/v2\/posts\/5973\/revisions"}],"predecessor-version":[{"id":5975,"href":"https:\/\/www.pogotowieflagowe.pl\/aktualne\/wp-json\/wp\/v2\/posts\/5973\/revisions\/5975"}],"wp:featuredmedia":[{"embeddable":true,"href":"https:\/\/www.pogotowieflagowe.pl\/aktualne\/wp-json\/wp\/v2\/media\/5974"}],"wp:attachment":[{"href":"https:\/\/www.pogotowieflagowe.pl\/aktualne\/wp-json\/wp\/v2\/media?parent=5973"}],"wp:term":[{"taxonomy":"category","embeddable":true,"href":"https:\/\/www.pogotowieflagowe.pl\/aktualne\/wp-json\/wp\/v2\/categories?post=5973"},{"taxonomy":"post_tag","embeddable":true,"href":"https:\/\/www.pogotowieflagowe.pl\/aktualne\/wp-json\/wp\/v2\/tags?post=5973"}],"curies":[{"name":"wp","href":"https:\/\/api.w.org\/{rel}","templated":true}]}}