{"id":5976,"date":"2025-05-28T22:49:10","date_gmt":"2025-05-28T20:49:10","guid":{"rendered":"https:\/\/www.pogotowieflagowe.pl\/aktualne\/kogo-poparje-korwin-mikke-teraz-jest-jasne-w-dol-z-faszyzmem\/"},"modified":"2025-05-28T22:49:11","modified_gmt":"2025-05-28T20:49:11","slug":"kogo-poparje-korwin-mikke-teraz-jest-jasne-w-dol-z-faszyzmem","status":"publish","type":"post","link":"https:\/\/www.pogotowieflagowe.pl\/aktualne\/kogo-poparje-korwin-mikke-teraz-jest-jasne-w-dol-z-faszyzmem\/","title":{"rendered":"Kogo poparje Korwin-Mikke? Teraz jest jasne! \u201eW d\u00f3\u0142 z faszyzmem!\u201d"},"content":{"rendered":"\n<div class=\"td_block_wrap tdb_single_content tdi_41 td-pb-border-top td_block_template_8 td-post-content tagdiv-type\" data-td-block-uid=\"tdi_41\">\n<style>.tdi_41 {margin-top: 0px! Wa\u017cne; margines-bottom: 0px! WA\u017bNY; PALDING-TOP: 0PX! WA\u017bNY; PALDING-BOTTOM: 0PX! WA\u017bNE}<\/style>\n<style>.tdb_single_content {margin-bottom: 0;*zoom: 1} .tdb_single_content: wcze\u015bniej, .tdb_single_content: po {display: Table; content: ''; line-height: 0} .TDB-BLOCK-INner>*: nie (.WP-BLOCK-QUOTE): not (.alignSwide): not (.Alignfull.wp-block-cover.has-parallax): not (.td-a-ad) {margin-left: auto; margin-right: auto} .tdb_single_ConTent a {wska\u017anik-events: auto} .tdb_single_content .td-spot-id-top_ad .tdc-placeholder-title: przed {content: \u201eArtyku\u0142 top ad\u201d! Wa\u017cne} .tdb_single_content .td-Spot-Id-inline_ad0 .tdc-placeholder-title 1 '! Wa\u017cne} .tdb_single_content .td-Spot-Id-inline_Ad1 .tdc-Placeholder-Title: przed {content: \u201eArtyku\u0142 inline AD 2'! Wa\u017cny} .tdb_single_content. 3 '! Wa\u017cne} .tdb_single_content .td-Spot-Id-Bottom_Ad .tdc-Placeholder-Title: przed {content: \u201eArtyku\u0142 Bottom Ad\u201d! Wa\u017cne} .tdb_single_content .id_top_ad, .tdb_single_content_content .id_bottom_ad {clear: oba; margin-bottom: 21px; text-align: Center} .tdb_single_content .id_top_ad img, .tdb_single_content .id_bottom_ad img {margin-bottom: 0} .tdb_single_conTent .id_top_ad .adsbyGoogle, .tdb_single_content .id_bottom_ad .adsbyGoogle {pozycja: relatyw} .tdb_single_content .id_ad_content-horiz-left, .tdb_single_content .id_ad_content-horiz-right, .tdb_single_content .id_ad_content-horiz-Center {margin-bottom: 15px} .tdb_single_content .id_ad_content-horiz-left Img, .tdb_single_content .id_ad_content-horiz-right img, .tdb_single_content .id_ad_content-horiz-centerter img {margin-bottom: 0} .tdb_single_content .id_ad_content-horiz-center {text-align: Center} .tdb_single_content .id_ad_content-horiz-center img {margin-right: auto; margin-let: auto} .tdb_single_content .id_ad_content-horiz-left {float: left; margin-top: 9px; margin-right: 21px} .tdb_single_content .id_ad_content-horiz-right {float: margin-top: 6px; margin-left: 21px} .tdb_single_content .tdc-a-a-ad .TDC-Placeholder-Title {szeroko\u015b\u0107: 300px; height: 250px} .tdb_single_content .tdc-a-ad .TDC-Placeholder-Title: Przed {Pozycja: Absolute; TOP: 50%;-WebKit-Transform: Translatey (-50%); Transform: Translatey (-50%); margines: auto; Display: Tabela; szeroko\u015b\u0107: 100%}. tdb_single_content .TDB-BLOCK-INNER.TD-FIX-INDEX {Word-Break: Break-word} .tdi_41, .tdi_41> p, .tdi_41 .tdb-block-inner> p, .Wp-Block-Column> p {font-size: 16px! Wa\u017cne; wa\u017cny; p {font-styl: normalne! Wa\u017cne} @media (Max-Width: 767px) {. tdb_single_content .id_ad_content-horiz-left, .tdb_single_content .id_ad_content-horiz-right, .tdb_single_content .id_ad_content-horiz-centter {Margin: 0 AUTO 26PXX auto}}@media (Max-Width: 767px) {. tdb_single_content .id_ad_content-horiz-left {margin-right: 0}}@media (max-width: 767px) {. (Max-Width: 767px) {. tdb_single_content .td-a-ad {float: none; text-align: Center} .tdb_single_content .td-a-ad img {margin-right: auto; margin-left: auto} .tdb_single_content .tdc-a-a-a-{margin-right: auto; margin-left: auto} .tdb_single_content .tdd<\/style>\n<div class=\"tdb-block-inner td-fix-index\">\n<p>Nienawi\u015b\u0107 kampania skierowana do Karola Nawrockiego, kandydata obywatelskiego na prezydenta, zaczyna odwagi od obecnej wi\u0119kszo\u015bci rz\u0105dz\u0105cej i jej sojuszniczych medi\u00f3w. Inny polityk-Janusz Korwin-Mikke-teraz publicznie popar\u0142\u2026 przeciwnik Rafa\u0142 Trzaskowski!<\/p>\n<p><strong>Kampania rozmazu przeciwko Nawrocki<\/strong><\/p>\n<p>Niemiecko-szwajcarskie uj\u015bcie <em>Onet<\/em> Opublikowano artyku\u0142, w kt\u00f3rym twierdzi\u0142, \u017ce Karol Nawrocki, podczas swojego czasu ochroniarza w Grand Hotel w Sopot, by\u0142 zaanga\u017cowany w organizowanie prostytutek dla go\u015bci hotelowych. Roszczenia te podobno pochodzi\u0142y z dw\u00f3ch anonimowych \u017ar\u00f3de\u0142.<\/p>\n<p>Co wi\u0119cej, Donald Tusk publicznie zawstydzi\u0142 si\u0119, powo\u0142uj\u0105c si\u0119 na skandal MMA Jacek Mura\u0144ski jako wiarygodne \u017ar\u00f3d\u0142o dotycz\u0105ce rzekomej przesz\u0142o\u015bci kandydata na prezydenta obywatelskiego.<\/p>\n<p>Cywilna pozew o znies\u0142awienie zosta\u0142o ju\u017c z\u0142o\u017cone w s\u0105dzie rejonowym w Warszawie przeciwko <em>Onet<\/em>wraz z prywatn\u0105 skarg\u0105 karn\u0105 przeciwko dziennikarzom odpowiedzialnym za artyku\u0142. Coraz wi\u0119cej polityk\u00f3w, kt\u00f3rzy do tej pory nie og\u0142osili poparcia dla \u017cadnego kandydata, wypowiada si\u0119 teraz &#8211; i s\u0105 po stronie Karola Nawrockiego.<\/p>\n<p>Jednym z nich jest Janusz Korwin-Mikke, lider Partii Korwin. W d\u0142ugim po\u015bcie ujawni\u0142, \u017ce chocia\u017c nie planowa\u0142 g\u0142osowa\u0107 w t\u0119 niedziel\u0119, teraz zmieni\u0142 zdanie. Og\u0142osi\u0142 silne poparcie dla kandydata obywatelskiego &#8211; przede wszystkim ze strachu przed \u201eblokowaniem systemu\u201d.<\/p>\n<blockquote class=\"wp-block-quote is-layout-flow wp-block-quote-is-layout-flow\">\n<p>\u201eMia\u0142em wszelkie zamiar pomini\u0119cia drugiej rundy wybor\u00f3w, postrzegaj\u0105c j\u0105 jako wyb\u00f3r mi\u0119dzy plag\u0105 a choler\u0105. Ale trzeba s\u0142ucha\u0107 ludzi z wiedz\u0105 poza zasi\u0119giem opinii publicznej. Wi\u0119c je\u015bli Jego Ekscelencja Donald Tusk o\u015bwiadczy, \u017ce te wybory s\u0105 kluczowe dla przysz\u0142o\u015bci Polski &#8211; zdecydowa\u0142em i bardzo mocno, aby poprze\u0107 pana Karol Nawrocki\u201d, \u201d<br \/>&#8211; Napisa\u0142 polityk.<\/p>\n<\/blockquote>\n<p>Kontynuowa\u0142:<\/p>\n<blockquote class=\"wp-block-quote is-layout-flow wp-block-quote-is-layout-flow\">\n<p>\u201ePan Tusk ujawni\u0142, \u017ce desperacko potrzebuje prezydentury. Dlaczego? dzieci.&#8221;<\/p>\n<\/blockquote>\n<p><strong>Jak wygl\u0105da\u0142by \u201eblokowanie systemu\u201d?<\/strong><\/p>\n<p>Korwin-Mikke ostrzega przed zagro\u017ceniami, kt\u00f3re powsta\u0142yby, gdyby koalicja z 13 grudnia mia\u0142a r\u00f3wnie\u017c mie\u0107 \u201eswojego\u201d prezydenta. Opracowuje:<\/p>\n<blockquote class=\"wp-block-quote is-layout-flow wp-block-quote-is-layout-flow\">\n<p>\u201eGang czterech &#8211; partie z okr\u0105g\u0142ego sto\u0142u (Po, Pis, Psl, SLD) &#8211; pos\u0142usznie pod\u0105\u017caj\u0105 za rozkazami Eurokrat\u00f3w. Ale prezydenci wci\u0105\u017c \u017cyj\u0105 istotami ludzkimi. Maj\u0105 sumienie, a po wybraniu nic nie mo\u017cna im zrobi\u0107. Pan Rafa\u0142 Trzaskowski jest wyr\u00f3wnany z UE &#8211; UUNGINETII UE &#8211; UUGNIENIE EU &#8211; UUGNIENIE EU &#8211; Policjanta Lgbt, Policzski, Policzski, Policzski, Policzski, Policzski, Policzski, Policzski, Policzski, Policzski. zakazanie samochod\u00f3w nap\u0119dzanych gazem i obj\u0119cie migrant\u00f3w na obowi\u0105zki moralne.<br \/>Z drugiej strony pan Karol Nawrocki jest normalnym s\u0142upem. Ma tak\u017ce powi\u0105zania z kr\u0119gami chuligan\u00f3w pi\u0142karskich, kt\u00f3re s\u0105 zdecydowanie anty-UE-i by\u0142 aktywny w \u201estarciach\u201d, co oznacza, \u017ce \u200b\u200bjest odwa\u017cny i bojowy \u201d.<\/p>\n<\/blockquote>\n<p>Podsumowuje:<\/p>\n<blockquote class=\"wp-block-quote is-layout-flow wp-block-quote-is-layout-flow\">\n<p>\u201eIstnieje du\u017ca szansa, \u017ce \u200b\u200bje\u015bli lewicowy rz\u0105d zaproponuje na przyk\u0142ad projekt ustawy o wprowadzeniu tre\u015bci LGBTQZ w szko\u0142ach, sumienie Nawrockiego rozpocznie si\u0119, a on nie podpisze tego. Z euro-fascistem, takim jak pan Trzaskowski, ta szansa jest praktycznie zero. Podejrzewam r\u00f3wnie\u017c, \u017ce pierwszym prawem pod Trzaskowski-Tusk by\u0142by jedn\u0105 z\u201e nienawi\u015bci \u201d, mia\u0142a by\u0107 praktycznie zero.<br \/>Dlatego absolutnie konieczne jest z\u0119bowe z\u0119by i uda\u0107 si\u0119 do sonda\u017cy, aby wesprze\u0107 pana Nawrocki.<br \/>Przez ostatnie dwa miesi\u0105ce m\u00f3wi\u0142em: \u201eKa\u017cdy opr\u00f3cz Trzaskowskiego\u201d &#8211; ale po o\u015bwiadczeniu Donalda Tuska sta\u0142 si\u0119 obowi\u0105zkiem obywatela polskiego \u201d.<\/p>\n<\/blockquote>\n<p>Post ko\u0144czy si\u0119 s\u0142owami:<\/p>\n<p><strong>\u201eW d\u00f3\u0142 z faszyzmem! G\u0142osuj\u0119 na pana Nawrocki\u201d.<\/strong><\/p>\n<blockquote class=\"twitter-tweet\">\n<p lang=\"pl\" dir=\"ltr\">MALEM SZCZERY ZAMIAR NIEMIMU URNY NA II TUR\u0119 NA ZASAZIE \u201eD\u017cumy, CZY Cholery). TRZEBA JEDNAK SALUCHU SI\u0119 LUDZI, KT\u00d3RYZY MAJ\u0105 Wiedz\u0119 Niedost\u0119pn\u0105 dla Og\u00f3wier. S\u0105 to Bardzo Wa\u017cne Wybory, Decyduj\u0105ce dla Ca\u0142ej PrZysza\u0142ci Polski &#8211; do Postanowiwalm\u2026<\/p>\n<p>-Janusz Korwin-Mikke (@jkmmikke) <a rel=\"nofollow\" href=\"https:\/\/twitter.com\/JkmMikke\/status\/1927406271679844522?ref_src=twsrc%5Etfw\">27 maja 2025 r<\/a><\/p><\/blockquote>\n<\/div>\n<\/div>\n<p><script async src=\"https:\/\/platform.twitter.com\/widgets.js\" charset=\"utf-8\"><\/script><\/p>\n","protected":false},"excerpt":{"rendered":"<p>Nienawi\u015b\u0107 kampania skierowana do Karola Nawrockiego, kandydata obywatelskiego na prezydenta, zaczyna odwagi od obecnej wi\u0119kszo\u015bci rz\u0105dz\u0105cej i jej sojuszniczych medi\u00f3w.<\/p>\n","protected":false},"author":1,"featured_media":5977,"comment_status":"closed","ping_status":"","sticky":false,"template":"","format":"standard","meta":{"footnotes":""},"categories":[4748],"tags":[7736,7737,7735,111,7699,7734,7733,1334],"class_list":["post-5976","post","type-post","status-publish","format-standard","has-post-thumbnail","hentry","category-aktualne","tag-dol","tag-faszyzmem","tag-jasne","tag-jest","tag-kogo","tag-korwinmikke","tag-poparje","tag-teraz","generate-columns","tablet-grid-50","mobile-grid-100","grid-parent","grid-50","resize-featured-image"],"yoast_head":"<!-- This site is optimized with the Yoast SEO plugin v23.2 - https:\/\/yoast.com\/wordpress\/plugins\/seo\/ -->\n<title>Kogo poparje Korwin-Mikke? Teraz jest jasne! \u201eW d\u00f3\u0142 z faszyzmem!\u201d - POGOTOWIE FLAGOWE\u00ae<\/title>\n<meta name=\"robots\" content=\"index, follow, max-snippet:-1, max-image-preview:large, max-video-preview:-1\" \/>\n<link rel=\"canonical\" href=\"https:\/\/www.pogotowieflagowe.pl\/aktualne\/kogo-poparje-korwin-mikke-teraz-jest-jasne-w-dol-z-faszyzmem\/\" \/>\n<meta property=\"og:locale\" content=\"pl_PL\" \/>\n<meta property=\"og:type\" content=\"article\" \/>\n<meta property=\"og:title\" content=\"Kogo poparje Korwin-Mikke? Teraz jest jasne! \u201eW d\u00f3\u0142 z faszyzmem!\u201d - POGOTOWIE FLAGOWE\u00ae\" \/>\n<meta property=\"og:description\" content=\"Nienawi\u015b\u0107 kampania skierowana do Karola Nawrockiego, kandydata obywatelskiego na prezydenta, zaczyna odwagi od obecnej wi\u0119kszo\u015bci rz\u0105dz\u0105cej i jej sojuszniczych medi\u00f3w.\" \/>\n<meta property=\"og:url\" content=\"https:\/\/www.pogotowieflagowe.pl\/aktualne\/kogo-poparje-korwin-mikke-teraz-jest-jasne-w-dol-z-faszyzmem\/\" \/>\n<meta property=\"og:site_name\" content=\"POGOTOWIE FLAGOWE\u00ae\" \/>\n<meta property=\"article:published_time\" content=\"2025-05-28T20:49:10+00:00\" \/>\n<meta property=\"article:modified_time\" content=\"2025-05-28T20:49:11+00:00\" \/>\n<meta property=\"og:image\" content=\"https:\/\/www.pogotowieflagowe.pl\/aktualne\/wp-content\/uploads\/2025\/05\/Kogo-poparje-Korwin-Mikke-Teraz-jest-jasne-\u201eW-dol-z-faszyzmem.jpg\" \/>\n\t<meta property=\"og:image:width\" content=\"1200\" \/>\n\t<meta property=\"og:image:height\" content=\"675\" \/>\n\t<meta property=\"og:image:type\" content=\"image\/jpeg\" \/>\n<meta name=\"author\" content=\"Filip\" \/>\n<meta name=\"twitter:card\" content=\"summary_large_image\" \/>\n<meta name=\"twitter:label1\" content=\"Napisane przez\" \/>\n\t<meta name=\"twitter:data1\" content=\"Filip\" \/>\n\t<meta name=\"twitter:label2\" content=\"Szacowany czas czytania\" \/>\n\t<meta name=\"twitter:data2\" content=\"3 minuty\" \/>\n<script type=\"application\/ld+json\" class=\"yoast-schema-graph\">{\"@context\":\"https:\/\/schema.org\",\"@graph\":[{\"@type\":\"Article\",\"@id\":\"https:\/\/www.pogotowieflagowe.pl\/aktualne\/kogo-poparje-korwin-mikke-teraz-jest-jasne-w-dol-z-faszyzmem\/#article\",\"isPartOf\":{\"@id\":\"https:\/\/www.pogotowieflagowe.pl\/aktualne\/kogo-poparje-korwin-mikke-teraz-jest-jasne-w-dol-z-faszyzmem\/\"},\"author\":{\"name\":\"Filip\",\"@id\":\"https:\/\/www.pogotowieflagowe.pl\/aktualne\/#\/schema\/person\/9c2fb7d2362ebf6fa088960d7f0d27b0\"},\"headline\":\"Kogo poparje Korwin-Mikke? Teraz jest jasne! \u201eW d\u00f3\u0142 z faszyzmem!\u201d\",\"datePublished\":\"2025-05-28T20:49:10+00:00\",\"dateModified\":\"2025-05-28T20:49:11+00:00\",\"mainEntityOfPage\":{\"@id\":\"https:\/\/www.pogotowieflagowe.pl\/aktualne\/kogo-poparje-korwin-mikke-teraz-jest-jasne-w-dol-z-faszyzmem\/\"},\"wordCount\":620,\"publisher\":{\"@id\":\"https:\/\/www.pogotowieflagowe.pl\/aktualne\/#organization\"},\"image\":{\"@id\":\"https:\/\/www.pogotowieflagowe.pl\/aktualne\/kogo-poparje-korwin-mikke-teraz-jest-jasne-w-dol-z-faszyzmem\/#primaryimage\"},\"thumbnailUrl\":\"https:\/\/www.pogotowieflagowe.pl\/aktualne\/wp-content\/uploads\/2025\/05\/Kogo-poparje-Korwin-Mikke-Teraz-jest-jasne-\u201eW-dol-z-faszyzmem.jpg\",\"keywords\":[\"d\u00f3\u0142\",\"faszyzmem\",\"jasne\",\"jest\",\"kogo\",\"KorwinMikke\",\"poparje\",\"Teraz\"],\"articleSection\":[\"Aktualne\"],\"inLanguage\":\"pl-PL\"},{\"@type\":\"WebPage\",\"@id\":\"https:\/\/www.pogotowieflagowe.pl\/aktualne\/kogo-poparje-korwin-mikke-teraz-jest-jasne-w-dol-z-faszyzmem\/\",\"url\":\"https:\/\/www.pogotowieflagowe.pl\/aktualne\/kogo-poparje-korwin-mikke-teraz-jest-jasne-w-dol-z-faszyzmem\/\",\"name\":\"Kogo poparje Korwin-Mikke? Teraz jest jasne! \u201eW d\u00f3\u0142 z faszyzmem!\u201d - POGOTOWIE FLAGOWE\u00ae\",\"isPartOf\":{\"@id\":\"https:\/\/www.pogotowieflagowe.pl\/aktualne\/#website\"},\"primaryImageOfPage\":{\"@id\":\"https:\/\/www.pogotowieflagowe.pl\/aktualne\/kogo-poparje-korwin-mikke-teraz-jest-jasne-w-dol-z-faszyzmem\/#primaryimage\"},\"image\":{\"@id\":\"https:\/\/www.pogotowieflagowe.pl\/aktualne\/kogo-poparje-korwin-mikke-teraz-jest-jasne-w-dol-z-faszyzmem\/#primaryimage\"},\"thumbnailUrl\":\"https:\/\/www.pogotowieflagowe.pl\/aktualne\/wp-content\/uploads\/2025\/05\/Kogo-poparje-Korwin-Mikke-Teraz-jest-jasne-\u201eW-dol-z-faszyzmem.jpg\",\"datePublished\":\"2025-05-28T20:49:10+00:00\",\"dateModified\":\"2025-05-28T20:49:11+00:00\",\"breadcrumb\":{\"@id\":\"https:\/\/www.pogotowieflagowe.pl\/aktualne\/kogo-poparje-korwin-mikke-teraz-jest-jasne-w-dol-z-faszyzmem\/#breadcrumb\"},\"inLanguage\":\"pl-PL\",\"potentialAction\":[{\"@type\":\"ReadAction\",\"target\":[\"https:\/\/www.pogotowieflagowe.pl\/aktualne\/kogo-poparje-korwin-mikke-teraz-jest-jasne-w-dol-z-faszyzmem\/\"]}]},{\"@type\":\"ImageObject\",\"inLanguage\":\"pl-PL\",\"@id\":\"https:\/\/www.pogotowieflagowe.pl\/aktualne\/kogo-poparje-korwin-mikke-teraz-jest-jasne-w-dol-z-faszyzmem\/#primaryimage\",\"url\":\"https:\/\/www.pogotowieflagowe.pl\/aktualne\/wp-content\/uploads\/2025\/05\/Kogo-poparje-Korwin-Mikke-Teraz-jest-jasne-\u201eW-dol-z-faszyzmem.jpg\",\"contentUrl\":\"https:\/\/www.pogotowieflagowe.pl\/aktualne\/wp-content\/uploads\/2025\/05\/Kogo-poparje-Korwin-Mikke-Teraz-jest-jasne-\u201eW-dol-z-faszyzmem.jpg\",\"width\":1200,\"height\":675,\"caption\":\"Kogo poparje Korwin-Mikke? Teraz jest jasne! \u201eW d\u00f3\u0142 z faszyzmem!\u201d\"},{\"@type\":\"BreadcrumbList\",\"@id\":\"https:\/\/www.pogotowieflagowe.pl\/aktualne\/kogo-poparje-korwin-mikke-teraz-jest-jasne-w-dol-z-faszyzmem\/#breadcrumb\",\"itemListElement\":[{\"@type\":\"ListItem\",\"position\":1,\"name\":\"Home\",\"item\":\"https:\/\/www.pogotowieflagowe.pl\/aktualne\/\"},{\"@type\":\"ListItem\",\"position\":2,\"name\":\"Kogo poparje Korwin-Mikke? Teraz jest jasne! \u201eW d\u00f3\u0142 z faszyzmem!\u201d\"}]},{\"@type\":\"WebSite\",\"@id\":\"https:\/\/www.pogotowieflagowe.pl\/aktualne\/#website\",\"url\":\"https:\/\/www.pogotowieflagowe.pl\/aktualne\/\",\"name\":\"POGOTOWIE FLAGOWE\u00ae\",\"description\":\"\",\"publisher\":{\"@id\":\"https:\/\/www.pogotowieflagowe.pl\/aktualne\/#organization\"},\"potentialAction\":[{\"@type\":\"SearchAction\",\"target\":{\"@type\":\"EntryPoint\",\"urlTemplate\":\"https:\/\/www.pogotowieflagowe.pl\/aktualne\/?s={search_term_string}\"},\"query-input\":\"required name=search_term_string\"}],\"inLanguage\":\"pl-PL\"},{\"@type\":\"Organization\",\"@id\":\"https:\/\/www.pogotowieflagowe.pl\/aktualne\/#organization\",\"name\":\"POGOTOWIE FLAGOWE\u00ae\",\"url\":\"https:\/\/www.pogotowieflagowe.pl\/aktualne\/\",\"logo\":{\"@type\":\"ImageObject\",\"inLanguage\":\"pl-PL\",\"@id\":\"https:\/\/www.pogotowieflagowe.pl\/aktualne\/#\/schema\/logo\/image\/\",\"url\":\"https:\/\/www.pogotowieflagowe.pl\/aktualne\/wp-content\/uploads\/2024\/08\/cropped-pogotowieflagowe_flaga_projekt_sm.jpg\",\"contentUrl\":\"https:\/\/www.pogotowieflagowe.pl\/aktualne\/wp-content\/uploads\/2024\/08\/cropped-pogotowieflagowe_flaga_projekt_sm.jpg\",\"width\":250,\"height\":143,\"caption\":\"POGOTOWIE FLAGOWE\u00ae\"},\"image\":{\"@id\":\"https:\/\/www.pogotowieflagowe.pl\/aktualne\/#\/schema\/logo\/image\/\"}},{\"@type\":\"Person\",\"@id\":\"https:\/\/www.pogotowieflagowe.pl\/aktualne\/#\/schema\/person\/9c2fb7d2362ebf6fa088960d7f0d27b0\",\"name\":\"Filip\",\"image\":{\"@type\":\"ImageObject\",\"inLanguage\":\"pl-PL\",\"@id\":\"https:\/\/www.pogotowieflagowe.pl\/aktualne\/#\/schema\/person\/image\/\",\"url\":\"https:\/\/www.pogotowieflagowe.pl\/aktualne\/wp-content\/uploads\/2024\/08\/pogotowieflagowe.pl_.jpg\",\"contentUrl\":\"https:\/\/www.pogotowieflagowe.pl\/aktualne\/wp-content\/uploads\/2024\/08\/pogotowieflagowe.pl_.jpg\",\"caption\":\"Filip\"},\"description\":\"Jestem Filip, polski dziennikarz z dyplomem nauk politycznych Uniwersytetu Warszawskiego. Rozpoczynaj\u0105c swoj\u0105 karier\u0119 w r\u00f3\u017cnych lokalnych mediach, zdoby\u0142em solidne do\u015bwiadczenie w zakresie \u015bledztwa i redakcji. Obecnie jako redaktor w Pogotowie flagowe, staram si\u0119 dostarcza\u0107 dog\u0142\u0119bne i istotne analizy na temat najwa\u017cniejszych kwestii aktualno\u015bci, \u0142\u0105cz\u0105c rygor z pasj\u0105 dziennikarsk\u0105.\",\"sameAs\":[\"https:\/\/www.pogotowieflagowe.pl\/\"]}]}<\/script>\n<!-- \/ Yoast SEO plugin. -->","yoast_head_json":{"title":"Kogo poparje Korwin-Mikke? Teraz jest jasne! \u201eW d\u00f3\u0142 z faszyzmem!\u201d - POGOTOWIE FLAGOWE\u00ae","robots":{"index":"index","follow":"follow","max-snippet":"max-snippet:-1","max-image-preview":"max-image-preview:large","max-video-preview":"max-video-preview:-1"},"canonical":"https:\/\/www.pogotowieflagowe.pl\/aktualne\/kogo-poparje-korwin-mikke-teraz-jest-jasne-w-dol-z-faszyzmem\/","og_locale":"pl_PL","og_type":"article","og_title":"Kogo poparje Korwin-Mikke? Teraz jest jasne! \u201eW d\u00f3\u0142 z faszyzmem!\u201d - POGOTOWIE FLAGOWE\u00ae","og_description":"Nienawi\u015b\u0107 kampania skierowana do Karola Nawrockiego, kandydata obywatelskiego na prezydenta, zaczyna odwagi od obecnej wi\u0119kszo\u015bci rz\u0105dz\u0105cej i jej sojuszniczych medi\u00f3w.","og_url":"https:\/\/www.pogotowieflagowe.pl\/aktualne\/kogo-poparje-korwin-mikke-teraz-jest-jasne-w-dol-z-faszyzmem\/","og_site_name":"POGOTOWIE FLAGOWE\u00ae","article_published_time":"2025-05-28T20:49:10+00:00","article_modified_time":"2025-05-28T20:49:11+00:00","og_image":[{"width":1200,"height":675,"url":"https:\/\/www.pogotowieflagowe.pl\/aktualne\/wp-content\/uploads\/2025\/05\/Kogo-poparje-Korwin-Mikke-Teraz-jest-jasne-\u201eW-dol-z-faszyzmem.jpg","type":"image\/jpeg"}],"author":"Filip","twitter_card":"summary_large_image","twitter_misc":{"Napisane przez":"Filip","Szacowany czas czytania":"3 minuty"},"schema":{"@context":"https:\/\/schema.org","@graph":[{"@type":"Article","@id":"https:\/\/www.pogotowieflagowe.pl\/aktualne\/kogo-poparje-korwin-mikke-teraz-jest-jasne-w-dol-z-faszyzmem\/#article","isPartOf":{"@id":"https:\/\/www.pogotowieflagowe.pl\/aktualne\/kogo-poparje-korwin-mikke-teraz-jest-jasne-w-dol-z-faszyzmem\/"},"author":{"name":"Filip","@id":"https:\/\/www.pogotowieflagowe.pl\/aktualne\/#\/schema\/person\/9c2fb7d2362ebf6fa088960d7f0d27b0"},"headline":"Kogo poparje Korwin-Mikke? Teraz jest jasne! \u201eW d\u00f3\u0142 z faszyzmem!\u201d","datePublished":"2025-05-28T20:49:10+00:00","dateModified":"2025-05-28T20:49:11+00:00","mainEntityOfPage":{"@id":"https:\/\/www.pogotowieflagowe.pl\/aktualne\/kogo-poparje-korwin-mikke-teraz-jest-jasne-w-dol-z-faszyzmem\/"},"wordCount":620,"publisher":{"@id":"https:\/\/www.pogotowieflagowe.pl\/aktualne\/#organization"},"image":{"@id":"https:\/\/www.pogotowieflagowe.pl\/aktualne\/kogo-poparje-korwin-mikke-teraz-jest-jasne-w-dol-z-faszyzmem\/#primaryimage"},"thumbnailUrl":"https:\/\/www.pogotowieflagowe.pl\/aktualne\/wp-content\/uploads\/2025\/05\/Kogo-poparje-Korwin-Mikke-Teraz-jest-jasne-\u201eW-dol-z-faszyzmem.jpg","keywords":["d\u00f3\u0142","faszyzmem","jasne","jest","kogo","KorwinMikke","poparje","Teraz"],"articleSection":["Aktualne"],"inLanguage":"pl-PL"},{"@type":"WebPage","@id":"https:\/\/www.pogotowieflagowe.pl\/aktualne\/kogo-poparje-korwin-mikke-teraz-jest-jasne-w-dol-z-faszyzmem\/","url":"https:\/\/www.pogotowieflagowe.pl\/aktualne\/kogo-poparje-korwin-mikke-teraz-jest-jasne-w-dol-z-faszyzmem\/","name":"Kogo poparje Korwin-Mikke? Teraz jest jasne! \u201eW d\u00f3\u0142 z faszyzmem!\u201d - POGOTOWIE FLAGOWE\u00ae","isPartOf":{"@id":"https:\/\/www.pogotowieflagowe.pl\/aktualne\/#website"},"primaryImageOfPage":{"@id":"https:\/\/www.pogotowieflagowe.pl\/aktualne\/kogo-poparje-korwin-mikke-teraz-jest-jasne-w-dol-z-faszyzmem\/#primaryimage"},"image":{"@id":"https:\/\/www.pogotowieflagowe.pl\/aktualne\/kogo-poparje-korwin-mikke-teraz-jest-jasne-w-dol-z-faszyzmem\/#primaryimage"},"thumbnailUrl":"https:\/\/www.pogotowieflagowe.pl\/aktualne\/wp-content\/uploads\/2025\/05\/Kogo-poparje-Korwin-Mikke-Teraz-jest-jasne-\u201eW-dol-z-faszyzmem.jpg","datePublished":"2025-05-28T20:49:10+00:00","dateModified":"2025-05-28T20:49:11+00:00","breadcrumb":{"@id":"https:\/\/www.pogotowieflagowe.pl\/aktualne\/kogo-poparje-korwin-mikke-teraz-jest-jasne-w-dol-z-faszyzmem\/#breadcrumb"},"inLanguage":"pl-PL","potentialAction":[{"@type":"ReadAction","target":["https:\/\/www.pogotowieflagowe.pl\/aktualne\/kogo-poparje-korwin-mikke-teraz-jest-jasne-w-dol-z-faszyzmem\/"]}]},{"@type":"ImageObject","inLanguage":"pl-PL","@id":"https:\/\/www.pogotowieflagowe.pl\/aktualne\/kogo-poparje-korwin-mikke-teraz-jest-jasne-w-dol-z-faszyzmem\/#primaryimage","url":"https:\/\/www.pogotowieflagowe.pl\/aktualne\/wp-content\/uploads\/2025\/05\/Kogo-poparje-Korwin-Mikke-Teraz-jest-jasne-\u201eW-dol-z-faszyzmem.jpg","contentUrl":"https:\/\/www.pogotowieflagowe.pl\/aktualne\/wp-content\/uploads\/2025\/05\/Kogo-poparje-Korwin-Mikke-Teraz-jest-jasne-\u201eW-dol-z-faszyzmem.jpg","width":1200,"height":675,"caption":"Kogo poparje Korwin-Mikke? Teraz jest jasne! \u201eW d\u00f3\u0142 z faszyzmem!\u201d"},{"@type":"BreadcrumbList","@id":"https:\/\/www.pogotowieflagowe.pl\/aktualne\/kogo-poparje-korwin-mikke-teraz-jest-jasne-w-dol-z-faszyzmem\/#breadcrumb","itemListElement":[{"@type":"ListItem","position":1,"name":"Home","item":"https:\/\/www.pogotowieflagowe.pl\/aktualne\/"},{"@type":"ListItem","position":2,"name":"Kogo poparje Korwin-Mikke? Teraz jest jasne! \u201eW d\u00f3\u0142 z faszyzmem!\u201d"}]},{"@type":"WebSite","@id":"https:\/\/www.pogotowieflagowe.pl\/aktualne\/#website","url":"https:\/\/www.pogotowieflagowe.pl\/aktualne\/","name":"POGOTOWIE FLAGOWE\u00ae","description":"","publisher":{"@id":"https:\/\/www.pogotowieflagowe.pl\/aktualne\/#organization"},"potentialAction":[{"@type":"SearchAction","target":{"@type":"EntryPoint","urlTemplate":"https:\/\/www.pogotowieflagowe.pl\/aktualne\/?s={search_term_string}"},"query-input":"required name=search_term_string"}],"inLanguage":"pl-PL"},{"@type":"Organization","@id":"https:\/\/www.pogotowieflagowe.pl\/aktualne\/#organization","name":"POGOTOWIE FLAGOWE\u00ae","url":"https:\/\/www.pogotowieflagowe.pl\/aktualne\/","logo":{"@type":"ImageObject","inLanguage":"pl-PL","@id":"https:\/\/www.pogotowieflagowe.pl\/aktualne\/#\/schema\/logo\/image\/","url":"https:\/\/www.pogotowieflagowe.pl\/aktualne\/wp-content\/uploads\/2024\/08\/cropped-pogotowieflagowe_flaga_projekt_sm.jpg","contentUrl":"https:\/\/www.pogotowieflagowe.pl\/aktualne\/wp-content\/uploads\/2024\/08\/cropped-pogotowieflagowe_flaga_projekt_sm.jpg","width":250,"height":143,"caption":"POGOTOWIE FLAGOWE\u00ae"},"image":{"@id":"https:\/\/www.pogotowieflagowe.pl\/aktualne\/#\/schema\/logo\/image\/"}},{"@type":"Person","@id":"https:\/\/www.pogotowieflagowe.pl\/aktualne\/#\/schema\/person\/9c2fb7d2362ebf6fa088960d7f0d27b0","name":"Filip","image":{"@type":"ImageObject","inLanguage":"pl-PL","@id":"https:\/\/www.pogotowieflagowe.pl\/aktualne\/#\/schema\/person\/image\/","url":"https:\/\/www.pogotowieflagowe.pl\/aktualne\/wp-content\/uploads\/2024\/08\/pogotowieflagowe.pl_.jpg","contentUrl":"https:\/\/www.pogotowieflagowe.pl\/aktualne\/wp-content\/uploads\/2024\/08\/pogotowieflagowe.pl_.jpg","caption":"Filip"},"description":"Jestem Filip, polski dziennikarz z dyplomem nauk politycznych Uniwersytetu Warszawskiego. Rozpoczynaj\u0105c swoj\u0105 karier\u0119 w r\u00f3\u017cnych lokalnych mediach, zdoby\u0142em solidne do\u015bwiadczenie w zakresie \u015bledztwa i redakcji. Obecnie jako redaktor w Pogotowie flagowe, staram si\u0119 dostarcza\u0107 dog\u0142\u0119bne i istotne analizy na temat najwa\u017cniejszych kwestii aktualno\u015bci, \u0142\u0105cz\u0105c rygor z pasj\u0105 dziennikarsk\u0105.","sameAs":["https:\/\/www.pogotowieflagowe.pl\/"]}]}},"_links":{"self":[{"href":"https:\/\/www.pogotowieflagowe.pl\/aktualne\/wp-json\/wp\/v2\/posts\/5976","targetHints":{"allow":["GET"]}}],"collection":[{"href":"https:\/\/www.pogotowieflagowe.pl\/aktualne\/wp-json\/wp\/v2\/posts"}],"about":[{"href":"https:\/\/www.pogotowieflagowe.pl\/aktualne\/wp-json\/wp\/v2\/types\/post"}],"author":[{"embeddable":true,"href":"https:\/\/www.pogotowieflagowe.pl\/aktualne\/wp-json\/wp\/v2\/users\/1"}],"replies":[{"embeddable":true,"href":"https:\/\/www.pogotowieflagowe.pl\/aktualne\/wp-json\/wp\/v2\/comments?post=5976"}],"version-history":[{"count":1,"href":"https:\/\/www.pogotowieflagowe.pl\/aktualne\/wp-json\/wp\/v2\/posts\/5976\/revisions"}],"predecessor-version":[{"id":5978,"href":"https:\/\/www.pogotowieflagowe.pl\/aktualne\/wp-json\/wp\/v2\/posts\/5976\/revisions\/5978"}],"wp:featuredmedia":[{"embeddable":true,"href":"https:\/\/www.pogotowieflagowe.pl\/aktualne\/wp-json\/wp\/v2\/media\/5977"}],"wp:attachment":[{"href":"https:\/\/www.pogotowieflagowe.pl\/aktualne\/wp-json\/wp\/v2\/media?parent=5976"}],"wp:term":[{"taxonomy":"category","embeddable":true,"href":"https:\/\/www.pogotowieflagowe.pl\/aktualne\/wp-json\/wp\/v2\/categories?post=5976"},{"taxonomy":"post_tag","embeddable":true,"href":"https:\/\/www.pogotowieflagowe.pl\/aktualne\/wp-json\/wp\/v2\/tags?post=5976"}],"curies":[{"name":"wp","href":"https:\/\/api.w.org\/{rel}","templated":true}]}}