{"id":598,"date":"2024-09-08T18:49:18","date_gmt":"2024-09-08T16:49:18","guid":{"rendered":"https:\/\/www.pogotowieflagowe.pl\/aktualne\/kajetanowicz-trzeci-w-wrc2-challenger-w-rajdzie-akropolu\/"},"modified":"2024-09-08T18:49:22","modified_gmt":"2024-09-08T16:49:22","slug":"kajetanowicz-trzeci-w-wrc2-challenger-w-rajdzie-akropolu","status":"publish","type":"post","link":"https:\/\/www.pogotowieflagowe.pl\/aktualne\/kajetanowicz-trzeci-w-wrc2-challenger-w-rajdzie-akropolu\/","title":{"rendered":"Kajetanowicz trzeci w WRC2 Challenger w Rajdzie Akropolu"},"content":{"rendered":"\n<div class=\"td_block_wrap tdb_single_content tdi_48 td-pb-border-top td_block_template_8 td-post-content tagdiv-type\" data-td-block-uid=\"tdi_48\">\n<style>.tdi_48{margines g\u00f3rny:0px!wa\u017cne;margines dolny:0px!wa\u017cne;wype\u0142nienie g\u00f3rne:0px!wa\u017cne;wype\u0142nienie dolne:0px!wa\u017cne}<\/style>\n<style>.tdb_single_content{margines-dolny:0;*powi\u0119kszenie:1}.tdb_single_content:before,.tdb_single_content:after{wy\u015bwietlanie:tabela;zawarto\u015b\u0107:'';wysoko\u015b\u0107-linii:0}.tdb_single_content:after{wyczy\u015b\u0107:oba}.tdb_single_content .tdb-block-inner>*:not(.wp-block-quote):not(.alignwide):not(.alignfull.wp-block-cover.has-parallax):not(.td-a-ad){margines-lewy:auto;margines-prawy:auto}.tdb_single_content a{zdarzenia-wska\u017anika:auto}.tdb_single_content .td-spot-id-top_ad .tdc-placeholder-title:before{zawarto\u015b\u0107:'Pocz\u0105tek artyku\u0142u Reklama'!important}.tdb_single_content .td-spot-id-inline_ad0 .tdc-placeholder-title:before{content:'Reklama inline artyku\u0142u 1'!important}.tdb_single_content .td-spot-id-inline_ad1 .tdc-placeholder-title:before{content:'Reklama inline artyku\u0142u 2'!important}.tdb_single_content .td-spot-id-inline_ad2 .tdc-placeholder-title:before{content:'Reklama inline artyku\u0142u 3'!important}.tdb_single_content .td-spot-id-bottom_ad .tdc-placeholder-title:before{content:'Reklama dolna artyku\u0142u'!important}.tdb_single_content .id_top_ad,.tdb_single_content .id_bottom_ad{clear:both;margines-dolny:21px;wyr\u00f3wnanie-tekstu:\u015brodek}.tdb_single_content .id_top_ad img,.tdb_single_content .id_bottom_ad img{margines-dolny:0}.tdb_single_content .id_top_ad .adsbygoogle,.tdb_single_content .id_bottom_ad .adsbygoogle{pozycja:wzgl\u0119dna}.tdb_single_content .id_ad_content-poziom-lewy,.tdb_single_content .id_ad_content-poziom-prawy,.tdb_single_content .id_ad_content-horiz-center{margines dolny:15px}.tdb_single_content .id_ad_content-horiz-lewy img,.tdb_single_content .id_ad_content-horiz-prawy img,.tdb_single_content .id_ad_content-horiz-center img{margines dolny:0}.tdb_single_content .id_ad_content-horiz-center{wyr\u00f3wnanie tekstu:\u015brodek}.tdb_single_content .id_ad_content-horiz-center img{margines prawy:auto;margines lewy:auto}.tdb_single_content .id_ad_content-horiz-left{float:lewy;margines g\u00f3rny:9px;margines prawy:21px}.tdb_single_content .id_ad_content-horiz-right{float:right;margines-g\u00f3rny:6px;margines-lewy:21px}.tdb_single_content .tdc-a-ad .tdc-placeholder-title{szeroko\u015b\u0107:300px;wysoko\u015b\u0107:250px}.tdb_single_content .tdc-a-ad .tdc-placeholder-title:before{pozycja:absolutna;g\u00f3ra:50%;-webkit-transform:translateY(-50%);przekszta\u0142cenie:translateY(-50%);margines:auto;wy\u015bwietlanie:tabela;szeroko\u015b\u0107:100%}.tdb_single_content .tdb-block-inner.td-fix-index{word-break:break-word}.tdi_48,.tdi_48>p,.tdi_48 .tdb-block-inner>p{rozmiar-czcionki:16px!wa\u017cne;wysoko\u015b\u0107-linii:1.6!wa\u017cne}.tdi_48 .tdb-block-inner cytat p{styl-czcionki:normalny!wa\u017cne}@media (maks. szeroko\u015b\u0107:767px){.tdb_single_content .id_ad_content-poziom-lewo,.tdb_single_content .id_ad_content-poziom-prawo,.tdb_single_content .id_ad_content-poziom-\u015brodek{margines:0 auto 26px auto}}@media (maks. szeroko\u015b\u0107:767px){.tdb_single_content .id_ad_content-poziom-lewo{margines-prawy:0}}@media (maks. szeroko\u015b\u0107:767px){.tdb_single_content .id_ad_content-horiz-right{margines-lewy:0}}@media (maksymalna szeroko\u015b\u0107:767px){.tdb_single_content .td-a-ad{float:none;wyr\u00f3wnanie tekstu:\u015brodek}.tdb_single_content .td-a-ad img{margines-prawy:auto;margines-lewy:auto}.tdb_single_content .tdc-a-ad{float:none}}<\/style>\n<div class=\"tdb-block-inner td-fix-index\">\n<p><strong>Rajd Akropolu, cz\u0119\u015b\u0107 Rajdowych Mistrzostw \u015awiata (WRC), by\u0142 \u015bwiadkiem, jak belgijski kierowca Thierry Neuville (Hyundai I20 Rally1) utrzymuje prowadzenie po drugim etapie. Neuville zajmuje dominuj\u0105c\u0105 pozycj\u0119, wyprzedzaj\u0105c hiszpa\u0144skiego kierowc\u0119 Daniego Sordo (Hyundai I20 Rally1), kt\u00f3ry traci 54,9 sekundy. Francuz S\u00e9bastien Ogier (Toyota Yaris Rally1), o\u015bmiokrotny mistrz \u015bwiata, zajmuje trzecie miejsce, trac\u0105c do lidera 1 minut\u0119 i 19,9 sekundy. Esto\u0144czyk Ott T\u00e4nak (Hyundai I20 Rally1), kt\u00f3ry prowadzi\u0142 po pierwszym etapie, napotka\u0142 powa\u017cne przeszkody z powodu dw\u00f3ch przebitych opon, co spowodowa\u0142o, \u017ce spad\u0142 na czwarte miejsce.<\/strong><\/p>\n<h2 class=\"wp-block-heading\">Wyzwania Rajdu Akropolu<\/h2>\n<p>Rajd Akropolu potwierdza swoj\u0105 reputacj\u0119 jednego z najtrudniejszych wydarze\u0144 w kalendarzu WRC. Skaliste, pokryte \u017cwirem odcinki specjalne da\u0142y si\u0119 we znaki zar\u00f3wno kierowcom, jak i maszynom, odnotowano kilka incydent\u00f3w. Esto\u0144czyk Ott T\u00e4nak, kt\u00f3ry prowadzi\u0142 po pierwszym etapie, dozna\u0142 powa\u017cnego niepowodzenia po przebiciu dw\u00f3ch opon w sobotni poranek. Pomimo uko\u0144czenia etapu spad\u0142 na czwarte miejsce, ponad trzy minuty za Neuvillem.<\/p>\n<p>W kategorii WRC2, Polak Kajetan Kajetanowicz znalaz\u0142 si\u0119 w trudnej sytuacji. Obecnie czwarty w klasyfikacji generalnej WRC2 i trzeci w\u015br\u00f3d prywatnych zespo\u0142\u00f3w w kategorii WRC2 Challenger, Kajetanowicz naciska mocno pomimo wyczerpuj\u0105cych warunk\u00f3w. Zajmuje \u00f3sme miejsce w klasyfikacji generalnej, prawie siedem minut za liderem.<\/p>\n<\/div>\n<\/div>\n","protected":false},"excerpt":{"rendered":"<p>Rajd Akropolu, cz\u0119\u015b\u0107 Rajdowych Mistrzostw \u015awiata (WRC), by\u0142 \u015bwiadkiem, jak belgijski kierowca Thierry Neuville (Hyundai I20 Rally1) utrzymuje prowadzenie po<\/p>\n","protected":false},"author":1,"featured_media":599,"comment_status":"closed","ping_status":"","sticky":false,"template":"","format":"standard","meta":{"footnotes":""},"categories":[118],"tags":[1018,1016,1013,1017,1014,1015],"class_list":["post-598","post","type-post","status-publish","format-standard","has-post-thumbnail","hentry","category-lekkoatletyka","tag-akropolu","tag-challenger","tag-kajetanowicz","tag-rajdzie","tag-trzeci","tag-wrc2","generate-columns","tablet-grid-50","mobile-grid-100","grid-parent","grid-50","resize-featured-image"],"yoast_head":"<!-- This site is optimized with the Yoast SEO plugin v23.2 - https:\/\/yoast.com\/wordpress\/plugins\/seo\/ -->\n<title>Kajetanowicz trzeci w WRC2 Challenger w Rajdzie Akropolu - POGOTOWIE FLAGOWE\u00ae<\/title>\n<meta name=\"robots\" content=\"index, follow, max-snippet:-1, max-image-preview:large, max-video-preview:-1\" \/>\n<link rel=\"canonical\" href=\"https:\/\/www.pogotowieflagowe.pl\/aktualne\/kajetanowicz-trzeci-w-wrc2-challenger-w-rajdzie-akropolu\/\" \/>\n<meta property=\"og:locale\" content=\"pl_PL\" \/>\n<meta property=\"og:type\" content=\"article\" \/>\n<meta property=\"og:title\" content=\"Kajetanowicz trzeci w WRC2 Challenger w Rajdzie Akropolu - POGOTOWIE FLAGOWE\u00ae\" \/>\n<meta property=\"og:description\" content=\"Rajd Akropolu, cz\u0119\u015b\u0107 Rajdowych Mistrzostw \u015awiata (WRC), by\u0142 \u015bwiadkiem, jak belgijski kierowca Thierry Neuville (Hyundai I20 Rally1) utrzymuje prowadzenie po\" \/>\n<meta property=\"og:url\" content=\"https:\/\/www.pogotowieflagowe.pl\/aktualne\/kajetanowicz-trzeci-w-wrc2-challenger-w-rajdzie-akropolu\/\" \/>\n<meta property=\"og:site_name\" content=\"POGOTOWIE FLAGOWE\u00ae\" \/>\n<meta property=\"article:published_time\" content=\"2024-09-08T16:49:18+00:00\" \/>\n<meta property=\"article:modified_time\" content=\"2024-09-08T16:49:22+00:00\" \/>\n<meta property=\"og:image\" content=\"https:\/\/www.pogotowieflagowe.pl\/aktualne\/wp-content\/uploads\/2024\/09\/Kajetanowicz-trzeci-w-WRC2-Challenger-w-Rajdzie-Akropolu.jpg\" \/>\n\t<meta property=\"og:image:width\" content=\"2048\" \/>\n\t<meta property=\"og:image:height\" content=\"1356\" \/>\n\t<meta property=\"og:image:type\" content=\"image\/jpeg\" \/>\n<meta name=\"author\" content=\"Filip\" \/>\n<meta name=\"twitter:card\" content=\"summary_large_image\" \/>\n<meta name=\"twitter:label1\" content=\"Napisane przez\" \/>\n\t<meta name=\"twitter:data1\" content=\"Filip\" \/>\n\t<meta name=\"twitter:label2\" content=\"Szacowany czas czytania\" \/>\n\t<meta name=\"twitter:data2\" content=\"1 minuta\" \/>\n<script type=\"application\/ld+json\" class=\"yoast-schema-graph\">{\"@context\":\"https:\/\/schema.org\",\"@graph\":[{\"@type\":\"Article\",\"@id\":\"https:\/\/www.pogotowieflagowe.pl\/aktualne\/kajetanowicz-trzeci-w-wrc2-challenger-w-rajdzie-akropolu\/#article\",\"isPartOf\":{\"@id\":\"https:\/\/www.pogotowieflagowe.pl\/aktualne\/kajetanowicz-trzeci-w-wrc2-challenger-w-rajdzie-akropolu\/\"},\"author\":{\"name\":\"Filip\",\"@id\":\"https:\/\/www.pogotowieflagowe.pl\/aktualne\/#\/schema\/person\/9c2fb7d2362ebf6fa088960d7f0d27b0\"},\"headline\":\"Kajetanowicz trzeci w WRC2 Challenger w Rajdzie Akropolu\",\"datePublished\":\"2024-09-08T16:49:18+00:00\",\"dateModified\":\"2024-09-08T16:49:22+00:00\",\"mainEntityOfPage\":{\"@id\":\"https:\/\/www.pogotowieflagowe.pl\/aktualne\/kajetanowicz-trzeci-w-wrc2-challenger-w-rajdzie-akropolu\/\"},\"wordCount\":221,\"publisher\":{\"@id\":\"https:\/\/www.pogotowieflagowe.pl\/aktualne\/#organization\"},\"image\":{\"@id\":\"https:\/\/www.pogotowieflagowe.pl\/aktualne\/kajetanowicz-trzeci-w-wrc2-challenger-w-rajdzie-akropolu\/#primaryimage\"},\"thumbnailUrl\":\"https:\/\/www.pogotowieflagowe.pl\/aktualne\/wp-content\/uploads\/2024\/09\/Kajetanowicz-trzeci-w-WRC2-Challenger-w-Rajdzie-Akropolu.jpg\",\"keywords\":[\"Akropolu\",\"Challenger\",\"Kajetanowicz\",\"Rajdzie\",\"trzeci\",\"WRC2\"],\"articleSection\":[\"Lekkoatletyka\"],\"inLanguage\":\"pl-PL\"},{\"@type\":\"WebPage\",\"@id\":\"https:\/\/www.pogotowieflagowe.pl\/aktualne\/kajetanowicz-trzeci-w-wrc2-challenger-w-rajdzie-akropolu\/\",\"url\":\"https:\/\/www.pogotowieflagowe.pl\/aktualne\/kajetanowicz-trzeci-w-wrc2-challenger-w-rajdzie-akropolu\/\",\"name\":\"Kajetanowicz trzeci w WRC2 Challenger w Rajdzie Akropolu - POGOTOWIE FLAGOWE\u00ae\",\"isPartOf\":{\"@id\":\"https:\/\/www.pogotowieflagowe.pl\/aktualne\/#website\"},\"primaryImageOfPage\":{\"@id\":\"https:\/\/www.pogotowieflagowe.pl\/aktualne\/kajetanowicz-trzeci-w-wrc2-challenger-w-rajdzie-akropolu\/#primaryimage\"},\"image\":{\"@id\":\"https:\/\/www.pogotowieflagowe.pl\/aktualne\/kajetanowicz-trzeci-w-wrc2-challenger-w-rajdzie-akropolu\/#primaryimage\"},\"thumbnailUrl\":\"https:\/\/www.pogotowieflagowe.pl\/aktualne\/wp-content\/uploads\/2024\/09\/Kajetanowicz-trzeci-w-WRC2-Challenger-w-Rajdzie-Akropolu.jpg\",\"datePublished\":\"2024-09-08T16:49:18+00:00\",\"dateModified\":\"2024-09-08T16:49:22+00:00\",\"breadcrumb\":{\"@id\":\"https:\/\/www.pogotowieflagowe.pl\/aktualne\/kajetanowicz-trzeci-w-wrc2-challenger-w-rajdzie-akropolu\/#breadcrumb\"},\"inLanguage\":\"pl-PL\",\"potentialAction\":[{\"@type\":\"ReadAction\",\"target\":[\"https:\/\/www.pogotowieflagowe.pl\/aktualne\/kajetanowicz-trzeci-w-wrc2-challenger-w-rajdzie-akropolu\/\"]}]},{\"@type\":\"ImageObject\",\"inLanguage\":\"pl-PL\",\"@id\":\"https:\/\/www.pogotowieflagowe.pl\/aktualne\/kajetanowicz-trzeci-w-wrc2-challenger-w-rajdzie-akropolu\/#primaryimage\",\"url\":\"https:\/\/www.pogotowieflagowe.pl\/aktualne\/wp-content\/uploads\/2024\/09\/Kajetanowicz-trzeci-w-WRC2-Challenger-w-Rajdzie-Akropolu.jpg\",\"contentUrl\":\"https:\/\/www.pogotowieflagowe.pl\/aktualne\/wp-content\/uploads\/2024\/09\/Kajetanowicz-trzeci-w-WRC2-Challenger-w-Rajdzie-Akropolu.jpg\",\"width\":2048,\"height\":1356,\"caption\":\"Kajetanowicz trzeci w WRC2 Challenger w Rajdzie Akropolu\"},{\"@type\":\"BreadcrumbList\",\"@id\":\"https:\/\/www.pogotowieflagowe.pl\/aktualne\/kajetanowicz-trzeci-w-wrc2-challenger-w-rajdzie-akropolu\/#breadcrumb\",\"itemListElement\":[{\"@type\":\"ListItem\",\"position\":1,\"name\":\"Home\",\"item\":\"https:\/\/www.pogotowieflagowe.pl\/aktualne\/\"},{\"@type\":\"ListItem\",\"position\":2,\"name\":\"Kajetanowicz trzeci w WRC2 Challenger w Rajdzie Akropolu\"}]},{\"@type\":\"WebSite\",\"@id\":\"https:\/\/www.pogotowieflagowe.pl\/aktualne\/#website\",\"url\":\"https:\/\/www.pogotowieflagowe.pl\/aktualne\/\",\"name\":\"POGOTOWIE FLAGOWE\u00ae\",\"description\":\"\",\"publisher\":{\"@id\":\"https:\/\/www.pogotowieflagowe.pl\/aktualne\/#organization\"},\"potentialAction\":[{\"@type\":\"SearchAction\",\"target\":{\"@type\":\"EntryPoint\",\"urlTemplate\":\"https:\/\/www.pogotowieflagowe.pl\/aktualne\/?s={search_term_string}\"},\"query-input\":\"required name=search_term_string\"}],\"inLanguage\":\"pl-PL\"},{\"@type\":\"Organization\",\"@id\":\"https:\/\/www.pogotowieflagowe.pl\/aktualne\/#organization\",\"name\":\"POGOTOWIE FLAGOWE\u00ae\",\"url\":\"https:\/\/www.pogotowieflagowe.pl\/aktualne\/\",\"logo\":{\"@type\":\"ImageObject\",\"inLanguage\":\"pl-PL\",\"@id\":\"https:\/\/www.pogotowieflagowe.pl\/aktualne\/#\/schema\/logo\/image\/\",\"url\":\"https:\/\/www.pogotowieflagowe.pl\/aktualne\/wp-content\/uploads\/2024\/08\/cropped-pogotowieflagowe_flaga_projekt_sm.jpg\",\"contentUrl\":\"https:\/\/www.pogotowieflagowe.pl\/aktualne\/wp-content\/uploads\/2024\/08\/cropped-pogotowieflagowe_flaga_projekt_sm.jpg\",\"width\":250,\"height\":143,\"caption\":\"POGOTOWIE FLAGOWE\u00ae\"},\"image\":{\"@id\":\"https:\/\/www.pogotowieflagowe.pl\/aktualne\/#\/schema\/logo\/image\/\"}},{\"@type\":\"Person\",\"@id\":\"https:\/\/www.pogotowieflagowe.pl\/aktualne\/#\/schema\/person\/9c2fb7d2362ebf6fa088960d7f0d27b0\",\"name\":\"Filip\",\"image\":{\"@type\":\"ImageObject\",\"inLanguage\":\"pl-PL\",\"@id\":\"https:\/\/www.pogotowieflagowe.pl\/aktualne\/#\/schema\/person\/image\/\",\"url\":\"https:\/\/www.pogotowieflagowe.pl\/aktualne\/wp-content\/uploads\/2024\/08\/pogotowieflagowe.pl_.jpg\",\"contentUrl\":\"https:\/\/www.pogotowieflagowe.pl\/aktualne\/wp-content\/uploads\/2024\/08\/pogotowieflagowe.pl_.jpg\",\"caption\":\"Filip\"},\"description\":\"Jestem Filip, polski dziennikarz z dyplomem nauk politycznych Uniwersytetu Warszawskiego. Rozpoczynaj\u0105c swoj\u0105 karier\u0119 w r\u00f3\u017cnych lokalnych mediach, zdoby\u0142em solidne do\u015bwiadczenie w zakresie \u015bledztwa i redakcji. Obecnie jako redaktor w Pogotowie flagowe, staram si\u0119 dostarcza\u0107 dog\u0142\u0119bne i istotne analizy na temat najwa\u017cniejszych kwestii aktualno\u015bci, \u0142\u0105cz\u0105c rygor z pasj\u0105 dziennikarsk\u0105.\",\"sameAs\":[\"https:\/\/www.pogotowieflagowe.pl\/\"]}]}<\/script>\n<!-- \/ Yoast SEO plugin. -->","yoast_head_json":{"title":"Kajetanowicz trzeci w WRC2 Challenger w Rajdzie Akropolu - POGOTOWIE FLAGOWE\u00ae","robots":{"index":"index","follow":"follow","max-snippet":"max-snippet:-1","max-image-preview":"max-image-preview:large","max-video-preview":"max-video-preview:-1"},"canonical":"https:\/\/www.pogotowieflagowe.pl\/aktualne\/kajetanowicz-trzeci-w-wrc2-challenger-w-rajdzie-akropolu\/","og_locale":"pl_PL","og_type":"article","og_title":"Kajetanowicz trzeci w WRC2 Challenger w Rajdzie Akropolu - POGOTOWIE FLAGOWE\u00ae","og_description":"Rajd Akropolu, cz\u0119\u015b\u0107 Rajdowych Mistrzostw \u015awiata (WRC), by\u0142 \u015bwiadkiem, jak belgijski kierowca Thierry Neuville (Hyundai I20 Rally1) utrzymuje prowadzenie po","og_url":"https:\/\/www.pogotowieflagowe.pl\/aktualne\/kajetanowicz-trzeci-w-wrc2-challenger-w-rajdzie-akropolu\/","og_site_name":"POGOTOWIE FLAGOWE\u00ae","article_published_time":"2024-09-08T16:49:18+00:00","article_modified_time":"2024-09-08T16:49:22+00:00","og_image":[{"width":2048,"height":1356,"url":"https:\/\/www.pogotowieflagowe.pl\/aktualne\/wp-content\/uploads\/2024\/09\/Kajetanowicz-trzeci-w-WRC2-Challenger-w-Rajdzie-Akropolu.jpg","type":"image\/jpeg"}],"author":"Filip","twitter_card":"summary_large_image","twitter_misc":{"Napisane przez":"Filip","Szacowany czas czytania":"1 minuta"},"schema":{"@context":"https:\/\/schema.org","@graph":[{"@type":"Article","@id":"https:\/\/www.pogotowieflagowe.pl\/aktualne\/kajetanowicz-trzeci-w-wrc2-challenger-w-rajdzie-akropolu\/#article","isPartOf":{"@id":"https:\/\/www.pogotowieflagowe.pl\/aktualne\/kajetanowicz-trzeci-w-wrc2-challenger-w-rajdzie-akropolu\/"},"author":{"name":"Filip","@id":"https:\/\/www.pogotowieflagowe.pl\/aktualne\/#\/schema\/person\/9c2fb7d2362ebf6fa088960d7f0d27b0"},"headline":"Kajetanowicz trzeci w WRC2 Challenger w Rajdzie Akropolu","datePublished":"2024-09-08T16:49:18+00:00","dateModified":"2024-09-08T16:49:22+00:00","mainEntityOfPage":{"@id":"https:\/\/www.pogotowieflagowe.pl\/aktualne\/kajetanowicz-trzeci-w-wrc2-challenger-w-rajdzie-akropolu\/"},"wordCount":221,"publisher":{"@id":"https:\/\/www.pogotowieflagowe.pl\/aktualne\/#organization"},"image":{"@id":"https:\/\/www.pogotowieflagowe.pl\/aktualne\/kajetanowicz-trzeci-w-wrc2-challenger-w-rajdzie-akropolu\/#primaryimage"},"thumbnailUrl":"https:\/\/www.pogotowieflagowe.pl\/aktualne\/wp-content\/uploads\/2024\/09\/Kajetanowicz-trzeci-w-WRC2-Challenger-w-Rajdzie-Akropolu.jpg","keywords":["Akropolu","Challenger","Kajetanowicz","Rajdzie","trzeci","WRC2"],"articleSection":["Lekkoatletyka"],"inLanguage":"pl-PL"},{"@type":"WebPage","@id":"https:\/\/www.pogotowieflagowe.pl\/aktualne\/kajetanowicz-trzeci-w-wrc2-challenger-w-rajdzie-akropolu\/","url":"https:\/\/www.pogotowieflagowe.pl\/aktualne\/kajetanowicz-trzeci-w-wrc2-challenger-w-rajdzie-akropolu\/","name":"Kajetanowicz trzeci w WRC2 Challenger w Rajdzie Akropolu - POGOTOWIE FLAGOWE\u00ae","isPartOf":{"@id":"https:\/\/www.pogotowieflagowe.pl\/aktualne\/#website"},"primaryImageOfPage":{"@id":"https:\/\/www.pogotowieflagowe.pl\/aktualne\/kajetanowicz-trzeci-w-wrc2-challenger-w-rajdzie-akropolu\/#primaryimage"},"image":{"@id":"https:\/\/www.pogotowieflagowe.pl\/aktualne\/kajetanowicz-trzeci-w-wrc2-challenger-w-rajdzie-akropolu\/#primaryimage"},"thumbnailUrl":"https:\/\/www.pogotowieflagowe.pl\/aktualne\/wp-content\/uploads\/2024\/09\/Kajetanowicz-trzeci-w-WRC2-Challenger-w-Rajdzie-Akropolu.jpg","datePublished":"2024-09-08T16:49:18+00:00","dateModified":"2024-09-08T16:49:22+00:00","breadcrumb":{"@id":"https:\/\/www.pogotowieflagowe.pl\/aktualne\/kajetanowicz-trzeci-w-wrc2-challenger-w-rajdzie-akropolu\/#breadcrumb"},"inLanguage":"pl-PL","potentialAction":[{"@type":"ReadAction","target":["https:\/\/www.pogotowieflagowe.pl\/aktualne\/kajetanowicz-trzeci-w-wrc2-challenger-w-rajdzie-akropolu\/"]}]},{"@type":"ImageObject","inLanguage":"pl-PL","@id":"https:\/\/www.pogotowieflagowe.pl\/aktualne\/kajetanowicz-trzeci-w-wrc2-challenger-w-rajdzie-akropolu\/#primaryimage","url":"https:\/\/www.pogotowieflagowe.pl\/aktualne\/wp-content\/uploads\/2024\/09\/Kajetanowicz-trzeci-w-WRC2-Challenger-w-Rajdzie-Akropolu.jpg","contentUrl":"https:\/\/www.pogotowieflagowe.pl\/aktualne\/wp-content\/uploads\/2024\/09\/Kajetanowicz-trzeci-w-WRC2-Challenger-w-Rajdzie-Akropolu.jpg","width":2048,"height":1356,"caption":"Kajetanowicz trzeci w WRC2 Challenger w Rajdzie Akropolu"},{"@type":"BreadcrumbList","@id":"https:\/\/www.pogotowieflagowe.pl\/aktualne\/kajetanowicz-trzeci-w-wrc2-challenger-w-rajdzie-akropolu\/#breadcrumb","itemListElement":[{"@type":"ListItem","position":1,"name":"Home","item":"https:\/\/www.pogotowieflagowe.pl\/aktualne\/"},{"@type":"ListItem","position":2,"name":"Kajetanowicz trzeci w WRC2 Challenger w Rajdzie Akropolu"}]},{"@type":"WebSite","@id":"https:\/\/www.pogotowieflagowe.pl\/aktualne\/#website","url":"https:\/\/www.pogotowieflagowe.pl\/aktualne\/","name":"POGOTOWIE FLAGOWE\u00ae","description":"","publisher":{"@id":"https:\/\/www.pogotowieflagowe.pl\/aktualne\/#organization"},"potentialAction":[{"@type":"SearchAction","target":{"@type":"EntryPoint","urlTemplate":"https:\/\/www.pogotowieflagowe.pl\/aktualne\/?s={search_term_string}"},"query-input":"required name=search_term_string"}],"inLanguage":"pl-PL"},{"@type":"Organization","@id":"https:\/\/www.pogotowieflagowe.pl\/aktualne\/#organization","name":"POGOTOWIE FLAGOWE\u00ae","url":"https:\/\/www.pogotowieflagowe.pl\/aktualne\/","logo":{"@type":"ImageObject","inLanguage":"pl-PL","@id":"https:\/\/www.pogotowieflagowe.pl\/aktualne\/#\/schema\/logo\/image\/","url":"https:\/\/www.pogotowieflagowe.pl\/aktualne\/wp-content\/uploads\/2024\/08\/cropped-pogotowieflagowe_flaga_projekt_sm.jpg","contentUrl":"https:\/\/www.pogotowieflagowe.pl\/aktualne\/wp-content\/uploads\/2024\/08\/cropped-pogotowieflagowe_flaga_projekt_sm.jpg","width":250,"height":143,"caption":"POGOTOWIE FLAGOWE\u00ae"},"image":{"@id":"https:\/\/www.pogotowieflagowe.pl\/aktualne\/#\/schema\/logo\/image\/"}},{"@type":"Person","@id":"https:\/\/www.pogotowieflagowe.pl\/aktualne\/#\/schema\/person\/9c2fb7d2362ebf6fa088960d7f0d27b0","name":"Filip","image":{"@type":"ImageObject","inLanguage":"pl-PL","@id":"https:\/\/www.pogotowieflagowe.pl\/aktualne\/#\/schema\/person\/image\/","url":"https:\/\/www.pogotowieflagowe.pl\/aktualne\/wp-content\/uploads\/2024\/08\/pogotowieflagowe.pl_.jpg","contentUrl":"https:\/\/www.pogotowieflagowe.pl\/aktualne\/wp-content\/uploads\/2024\/08\/pogotowieflagowe.pl_.jpg","caption":"Filip"},"description":"Jestem Filip, polski dziennikarz z dyplomem nauk politycznych Uniwersytetu Warszawskiego. Rozpoczynaj\u0105c swoj\u0105 karier\u0119 w r\u00f3\u017cnych lokalnych mediach, zdoby\u0142em solidne do\u015bwiadczenie w zakresie \u015bledztwa i redakcji. Obecnie jako redaktor w Pogotowie flagowe, staram si\u0119 dostarcza\u0107 dog\u0142\u0119bne i istotne analizy na temat najwa\u017cniejszych kwestii aktualno\u015bci, \u0142\u0105cz\u0105c rygor z pasj\u0105 dziennikarsk\u0105.","sameAs":["https:\/\/www.pogotowieflagowe.pl\/"]}]}},"_links":{"self":[{"href":"https:\/\/www.pogotowieflagowe.pl\/aktualne\/wp-json\/wp\/v2\/posts\/598","targetHints":{"allow":["GET"]}}],"collection":[{"href":"https:\/\/www.pogotowieflagowe.pl\/aktualne\/wp-json\/wp\/v2\/posts"}],"about":[{"href":"https:\/\/www.pogotowieflagowe.pl\/aktualne\/wp-json\/wp\/v2\/types\/post"}],"author":[{"embeddable":true,"href":"https:\/\/www.pogotowieflagowe.pl\/aktualne\/wp-json\/wp\/v2\/users\/1"}],"replies":[{"embeddable":true,"href":"https:\/\/www.pogotowieflagowe.pl\/aktualne\/wp-json\/wp\/v2\/comments?post=598"}],"version-history":[{"count":1,"href":"https:\/\/www.pogotowieflagowe.pl\/aktualne\/wp-json\/wp\/v2\/posts\/598\/revisions"}],"predecessor-version":[{"id":600,"href":"https:\/\/www.pogotowieflagowe.pl\/aktualne\/wp-json\/wp\/v2\/posts\/598\/revisions\/600"}],"wp:featuredmedia":[{"embeddable":true,"href":"https:\/\/www.pogotowieflagowe.pl\/aktualne\/wp-json\/wp\/v2\/media\/599"}],"wp:attachment":[{"href":"https:\/\/www.pogotowieflagowe.pl\/aktualne\/wp-json\/wp\/v2\/media?parent=598"}],"wp:term":[{"taxonomy":"category","embeddable":true,"href":"https:\/\/www.pogotowieflagowe.pl\/aktualne\/wp-json\/wp\/v2\/categories?post=598"},{"taxonomy":"post_tag","embeddable":true,"href":"https:\/\/www.pogotowieflagowe.pl\/aktualne\/wp-json\/wp\/v2\/tags?post=598"}],"curies":[{"name":"wp","href":"https:\/\/api.w.org\/{rel}","templated":true}]}}