{"id":5988,"date":"2025-05-29T16:46:59","date_gmt":"2025-05-29T14:46:59","guid":{"rendered":"https:\/\/www.pogotowieflagowe.pl\/aktualne\/mentzen-nie-widze-powodu-aby-glosowac-na-rafal-trzaskowski\/"},"modified":"2025-05-29T16:47:00","modified_gmt":"2025-05-29T14:47:00","slug":"mentzen-nie-widze-powodu-aby-glosowac-na-rafal-trzaskowski","status":"publish","type":"post","link":"https:\/\/www.pogotowieflagowe.pl\/aktualne\/mentzen-nie-widze-powodu-aby-glosowac-na-rafal-trzaskowski\/","title":{"rendered":"Mentzen: \u201eNie widz\u0119 powodu, aby g\u0142osowa\u0107 na Rafa\u0142 Trzaskowski\u201d"},"content":{"rendered":"\n<div class=\"td_block_wrap tdb_single_content tdi_41 td-pb-border-top td_block_template_8 td-post-content tagdiv-type\" data-td-block-uid=\"tdi_41\">\n<style>.tdi_41 {margin-top: 0px! Wa\u017cne; margines-bottom: 0px! WA\u017bNY; PALDING-TOP: 0PX! WA\u017bNY; PALDING-BOTTOM: 0PX! WA\u017bNE}<\/style>\n<style>.tdb_single_content {margin-bottom: 0;*zoom: 1} .tdb_single_content: wcze\u015bniej, .tdb_single_content: po {display: Table; content: ''; line-height: 0} .TDB-BLOCK-INner>*: nie (.WP-BLOCK-QUOTE): not (.alignSwide): not (.Alignfull.wp-block-cover.has-parallax): not (.td-a-ad) {margin-left: auto; margin-right: auto} .tdb_single_ConTent a {wska\u017anik-events: auto} .tdb_single_content .td-spot-id-top_ad .tdc-placeholder-title: przed {content: \u201eArtyku\u0142 top ad\u201d! Wa\u017cne} .tdb_single_content .td-Spot-Id-inline_ad0 .tdc-placeholder-title 1 '! Wa\u017cne} .tdb_single_content .td-Spot-Id-inline_Ad1 .tdc-Placeholder-Title: przed {content: \u201eArtyku\u0142 inline AD 2'! Wa\u017cny} .tdb_single_content. 3 '! Wa\u017cne} .tdb_single_content .td-Spot-Id-Bottom_Ad .tdc-Placeholder-Title: przed {content: \u201eArtyku\u0142 Bottom Ad\u201d! Wa\u017cne} .tdb_single_content .id_top_ad, .tdb_single_content_content .id_bottom_ad {clear: oba; margin-bottom: 21px; text-align: Center} .tdb_single_content .id_top_ad img, .tdb_single_content .id_bottom_ad img {margin-bottom: 0} .tdb_single_conTent .id_top_ad .adsbyGoogle, .tdb_single_content .id_bottom_ad .adsbyGoogle {pozycja: relatyw} .tdb_single_content .id_ad_content-horiz-left, .tdb_single_content .id_ad_content-horiz-right, .tdb_single_content .id_ad_content-horiz-Center {margin-bottom: 15px} .tdb_single_content .id_ad_content-horiz-left Img, .tdb_single_content .id_ad_content-horiz-right img, .tdb_single_content .id_ad_content-horiz-centerter img {margin-bottom: 0} .tdb_single_content .id_ad_content-horiz-center {text-align: Center} .tdb_single_content .id_ad_content-horiz-center img {margin-right: auto; margin-let: auto} .tdb_single_content .id_ad_content-horiz-left {float: left; margin-top: 9px; margin-right: 21px} .tdb_single_content .id_ad_content-horiz-right {float: margin-top: 6px; margin-left: 21px} .tdb_single_content .tdc-a-a-ad .TDC-Placeholder-Title {szeroko\u015b\u0107: 300px; height: 250px} .tdb_single_content .tdc-a-ad .TDC-Placeholder-Title: Przed {Pozycja: Absolute; TOP: 50%;-WebKit-Transform: Translatey (-50%); Transform: Translatey (-50%); margines: auto; Display: Tabela; szeroko\u015b\u0107: 100%}. tdb_single_content .TDB-BLOCK-INNER.TD-FIX-INDEX {Word-Break: Break-word} .tdi_41, .tdi_41> p, .tdi_41 .tdb-block-inner> p, .Wp-Block-Column> p {font-size: 16px! Wa\u017cne; wa\u017cny; p {font-styl: normalne! Wa\u017cne} @media (Max-Width: 767px) {. tdb_single_content .id_ad_content-horiz-left, .tdb_single_content .id_ad_content-horiz-right, .tdb_single_content .id_ad_content-horiz-centter {Margin: 0 AUTO 26PXX auto}}@media (Max-Width: 767px) {. tdb_single_content .id_ad_content-horiz-left {margin-right: 0}}@media (max-width: 767px) {. (Max-Width: 767px) {. tdb_single_content .td-a-ad {float: none; text-align: Center} .tdb_single_content .td-a-ad img {margin-right: auto; margin-left: auto} .tdb_single_content .tdc-a-a-a-{margin-right: auto; margin-left: auto} .tdb_single_content .tdd<\/style>\n<div class=\"tdb-block-inner td-fix-index\">\n<p><strong>\u201eNie widz\u0119 powodu, aby g\u0142osowa\u0107 na Rafa\u0142 Trzaskowskiego\u201d &#8211; powiedzia\u0142 S\u0142awomir Mentzen podczas transmisji na \u017cywo na swoim kanale YouTube. Kandydat do konfederacji podsumowa\u0142 swoje rozmowy z Rafa\u0142em Trzaskowskim i Karolem Nawrockim.<\/strong><\/p>\n<hr class=\"wp-block-separator has-alpha-channel-opacity\">\n<p>W pierwszej cz\u0119\u015bci Mentzen nakre\u015bli\u0142, Point by Point, jego dyskusje z Karol Nawrocki i Rafa\u0142 Trzaskowski (platforma obywatelska). Przypomnia\u0142 widzom, \u017ce Nawrocki podpisa\u0142 \u201eDeklaracja Toru\u0144\u201d, kt\u00f3ra wed\u0142ug Mentzen \u201epowinna ca\u0142kowicie rozstrzygn\u0105\u0107 kwesti\u0119 g\u0142osowania\u201d dla tych, kt\u00f3rzy zgadzaj\u0105 si\u0119 z jej tre\u015bci\u0105.<\/p>\n<p>Mentzen skomentowa\u0142 r\u00f3wnie\u017c, \u017ce historia \u017cycia Nawrockiego \u201eto \u015bwietna kinowa opowie\u015b\u0107 w ameryka\u0144skim stylu\u201d. \u201eTo rodzaj historii, kt\u00f3ra mog\u0142aby nakr\u0119ci\u0107 \u015bwietny film &#8211; taki, kt\u00f3rego nie widzieli\u015bmy, ale mogliby mie\u0107\u201d &#8211; powiedzia\u0142, krytykuj\u0105c zesp\u00f3\u0142 kampanii kandydata obywatelskiego za to, \u017ce skutecznie \u201esprzeda\u0142\u201d przekonuj\u0105c\u0105 osobist\u0105 histori\u0119 Nawrockiego, kt\u00f3ra pozwoli\u0142a zespo\u0142owi Trzaskowskiego zaatakowa\u0107 go.<\/p>\n<p>Jego ocena Rafa\u0142 Trzaskowskiego by\u0142a znacznie mniej korzystna. Mentzen wskaza\u0142 niesp\u00f3jno\u015bci w o\u015bwiadczeniach i zapisach politycznych Trzaskowskiego, a tak\u017ce szersz\u0105 histori\u0119 jego partii. Zauwa\u017cy\u0142, \u017ce platforma obywatelska wielokrotnie obieca\u0142a jedn\u0105 rzecz i robi\u0142 inn\u0105. Trzaskowski cz\u0119sto odchyli\u0142 kwestie, m\u00f3wi\u0105c, \u017ce \u201ew tej chwili\u201d nie by\u0142o plan\u00f3w na przyk\u0142ad przyj\u0119cia migrant\u00f3w lub przyj\u0119cia euro &#8211; ale, jak powiedzia\u0142 kiedy\u015b w debacie \u201eczasy si\u0119 zmieniaj\u0105\u201d.<\/p>\n<p>\u201eSp\u0119dzili ca\u0142\u0105 kampani\u0119 na rozszerzanie dezinformacji o mnie, a teraz Trzaskowski wychodzi, m\u00f3wi\u0105c, \u017ce musimy walczy\u0107 z dezinformacj\u0105? Przepraszam, ale daj mi spok\u00f3j\u201d &#8211; powiedzia\u0142 Mentzen, wyra\u017anie zirytowany. Zwr\u00f3ci\u0142 r\u00f3wnie\u017c uwag\u0119, \u017ce Trzaskowski odm\u00f3wi\u0142 podpisania nawet jednej przyrzeczenia, takiego jak nie podnoszenie podatk\u00f3w.<\/p>\n<p>\u201ePodsumowuj\u0105c, nie widz\u0119 powodu, aby g\u0142osowa\u0107 na Rafa\u0142 Trzaskowskiego\u201d, powt\u00f3rzy\u0142 Mentzen, opisuj\u0105c go jako \u201e\u015bliski\u201d. Wed\u0142ug Mentzena Trzaskowski przyjmuje kredyt za ka\u017cdy sukces, ale twierdzi, \u017ce nic nie wie o niepowodzeniach lub skandaliach &#8211; \u201ejakby nie mia\u0142 z nimi nic wsp\u00f3lnego\u201d.<\/p>\n<p>\u201eKa\u017cdy, kto ogl\u0105da\u0142 t\u0119 debat\u0119, widzia\u0142, \u017ce nie popieram Rafa\u0142a Trzaskowskiego. Ka\u017cdy, kto pod\u0105\u017cy\u0142 za moj\u0105 kampani\u0105, wie, \u017ce nie popieram Rafa\u0142a Trzaskowskiego. Wi\u0119c wychodzenie z nim na piwo nie jest absolutnie oznak\u0105 poparcia\u201d &#8211; podkre\u015bli\u0142.<\/p>\n<\/div>\n<\/div>\n","protected":false},"excerpt":{"rendered":"<p>\u201eNie widz\u0119 powodu, aby g\u0142osowa\u0107 na Rafa\u0142 Trzaskowskiego\u201d &#8211; powiedzia\u0142 S\u0142awomir Mentzen podczas transmisji na \u017cywo na swoim kanale YouTube.<\/p>\n","protected":false},"author":1,"featured_media":5989,"comment_status":"closed","ping_status":"","sticky":false,"template":"","format":"standard","meta":{"footnotes":""},"categories":[4748],"tags":[2143,7747,7553,450,61,936,2196,7746],"class_list":["post-5988","post","type-post","status-publish","format-standard","has-post-thumbnail","hentry","category-aktualne","tag-aby","tag-glosowac","tag-mentzen","tag-nie","tag-powodu","tag-rafal","tag-trzaskowski","tag-widze","generate-columns","tablet-grid-50","mobile-grid-100","grid-parent","grid-50","resize-featured-image"],"yoast_head":"<!-- This site is optimized with the Yoast SEO plugin v23.2 - https:\/\/yoast.com\/wordpress\/plugins\/seo\/ -->\n<title>Mentzen: \u201eNie widz\u0119 powodu, aby g\u0142osowa\u0107 na Rafa\u0142 Trzaskowski\u201d - POGOTOWIE FLAGOWE\u00ae<\/title>\n<meta name=\"robots\" content=\"index, follow, max-snippet:-1, max-image-preview:large, max-video-preview:-1\" \/>\n<link rel=\"canonical\" href=\"https:\/\/www.pogotowieflagowe.pl\/aktualne\/mentzen-nie-widze-powodu-aby-glosowac-na-rafal-trzaskowski\/\" \/>\n<meta property=\"og:locale\" content=\"pl_PL\" \/>\n<meta property=\"og:type\" content=\"article\" \/>\n<meta property=\"og:title\" content=\"Mentzen: \u201eNie widz\u0119 powodu, aby g\u0142osowa\u0107 na Rafa\u0142 Trzaskowski\u201d - POGOTOWIE FLAGOWE\u00ae\" \/>\n<meta property=\"og:description\" content=\"\u201eNie widz\u0119 powodu, aby g\u0142osowa\u0107 na Rafa\u0142 Trzaskowskiego\u201d &#8211; powiedzia\u0142 S\u0142awomir Mentzen podczas transmisji na \u017cywo na swoim kanale YouTube.\" \/>\n<meta property=\"og:url\" content=\"https:\/\/www.pogotowieflagowe.pl\/aktualne\/mentzen-nie-widze-powodu-aby-glosowac-na-rafal-trzaskowski\/\" \/>\n<meta property=\"og:site_name\" content=\"POGOTOWIE FLAGOWE\u00ae\" \/>\n<meta property=\"article:published_time\" content=\"2025-05-29T14:46:59+00:00\" \/>\n<meta property=\"article:modified_time\" content=\"2025-05-29T14:47:00+00:00\" \/>\n<meta property=\"og:image\" content=\"https:\/\/www.pogotowieflagowe.pl\/aktualne\/wp-content\/uploads\/2025\/05\/Mentzen-\u201eNie-widze-powodu-aby-glosowac-na-Rafal-Trzaskowski.webp.webp\" \/>\n\t<meta property=\"og:image:width\" content=\"1280\" \/>\n\t<meta property=\"og:image:height\" content=\"720\" \/>\n\t<meta property=\"og:image:type\" content=\"image\/webp\" \/>\n<meta name=\"author\" content=\"Filip\" \/>\n<meta name=\"twitter:card\" content=\"summary_large_image\" \/>\n<meta name=\"twitter:label1\" content=\"Napisane przez\" \/>\n\t<meta name=\"twitter:data1\" content=\"Filip\" \/>\n\t<meta name=\"twitter:label2\" content=\"Szacowany czas czytania\" \/>\n\t<meta name=\"twitter:data2\" content=\"2 minuty\" \/>\n<script type=\"application\/ld+json\" class=\"yoast-schema-graph\">{\"@context\":\"https:\/\/schema.org\",\"@graph\":[{\"@type\":\"Article\",\"@id\":\"https:\/\/www.pogotowieflagowe.pl\/aktualne\/mentzen-nie-widze-powodu-aby-glosowac-na-rafal-trzaskowski\/#article\",\"isPartOf\":{\"@id\":\"https:\/\/www.pogotowieflagowe.pl\/aktualne\/mentzen-nie-widze-powodu-aby-glosowac-na-rafal-trzaskowski\/\"},\"author\":{\"name\":\"Filip\",\"@id\":\"https:\/\/www.pogotowieflagowe.pl\/aktualne\/#\/schema\/person\/9c2fb7d2362ebf6fa088960d7f0d27b0\"},\"headline\":\"Mentzen: \u201eNie widz\u0119 powodu, aby g\u0142osowa\u0107 na Rafa\u0142 Trzaskowski\u201d\",\"datePublished\":\"2025-05-29T14:46:59+00:00\",\"dateModified\":\"2025-05-29T14:47:00+00:00\",\"mainEntityOfPage\":{\"@id\":\"https:\/\/www.pogotowieflagowe.pl\/aktualne\/mentzen-nie-widze-powodu-aby-glosowac-na-rafal-trzaskowski\/\"},\"wordCount\":381,\"publisher\":{\"@id\":\"https:\/\/www.pogotowieflagowe.pl\/aktualne\/#organization\"},\"image\":{\"@id\":\"https:\/\/www.pogotowieflagowe.pl\/aktualne\/mentzen-nie-widze-powodu-aby-glosowac-na-rafal-trzaskowski\/#primaryimage\"},\"thumbnailUrl\":\"https:\/\/www.pogotowieflagowe.pl\/aktualne\/wp-content\/uploads\/2025\/05\/Mentzen-\u201eNie-widze-powodu-aby-glosowac-na-Rafal-Trzaskowski.webp.webp\",\"keywords\":[\"aby\",\"g\u0142osowa\u0107\",\"Mentzen\",\"Nie\",\"powodu\",\"Rafa\u0142\",\"Trzaskowski\",\"widz\u0119\"],\"articleSection\":[\"Aktualne\"],\"inLanguage\":\"pl-PL\"},{\"@type\":\"WebPage\",\"@id\":\"https:\/\/www.pogotowieflagowe.pl\/aktualne\/mentzen-nie-widze-powodu-aby-glosowac-na-rafal-trzaskowski\/\",\"url\":\"https:\/\/www.pogotowieflagowe.pl\/aktualne\/mentzen-nie-widze-powodu-aby-glosowac-na-rafal-trzaskowski\/\",\"name\":\"Mentzen: \u201eNie widz\u0119 powodu, aby g\u0142osowa\u0107 na Rafa\u0142 Trzaskowski\u201d - POGOTOWIE FLAGOWE\u00ae\",\"isPartOf\":{\"@id\":\"https:\/\/www.pogotowieflagowe.pl\/aktualne\/#website\"},\"primaryImageOfPage\":{\"@id\":\"https:\/\/www.pogotowieflagowe.pl\/aktualne\/mentzen-nie-widze-powodu-aby-glosowac-na-rafal-trzaskowski\/#primaryimage\"},\"image\":{\"@id\":\"https:\/\/www.pogotowieflagowe.pl\/aktualne\/mentzen-nie-widze-powodu-aby-glosowac-na-rafal-trzaskowski\/#primaryimage\"},\"thumbnailUrl\":\"https:\/\/www.pogotowieflagowe.pl\/aktualne\/wp-content\/uploads\/2025\/05\/Mentzen-\u201eNie-widze-powodu-aby-glosowac-na-Rafal-Trzaskowski.webp.webp\",\"datePublished\":\"2025-05-29T14:46:59+00:00\",\"dateModified\":\"2025-05-29T14:47:00+00:00\",\"breadcrumb\":{\"@id\":\"https:\/\/www.pogotowieflagowe.pl\/aktualne\/mentzen-nie-widze-powodu-aby-glosowac-na-rafal-trzaskowski\/#breadcrumb\"},\"inLanguage\":\"pl-PL\",\"potentialAction\":[{\"@type\":\"ReadAction\",\"target\":[\"https:\/\/www.pogotowieflagowe.pl\/aktualne\/mentzen-nie-widze-powodu-aby-glosowac-na-rafal-trzaskowski\/\"]}]},{\"@type\":\"ImageObject\",\"inLanguage\":\"pl-PL\",\"@id\":\"https:\/\/www.pogotowieflagowe.pl\/aktualne\/mentzen-nie-widze-powodu-aby-glosowac-na-rafal-trzaskowski\/#primaryimage\",\"url\":\"https:\/\/www.pogotowieflagowe.pl\/aktualne\/wp-content\/uploads\/2025\/05\/Mentzen-\u201eNie-widze-powodu-aby-glosowac-na-Rafal-Trzaskowski.webp.webp\",\"contentUrl\":\"https:\/\/www.pogotowieflagowe.pl\/aktualne\/wp-content\/uploads\/2025\/05\/Mentzen-\u201eNie-widze-powodu-aby-glosowac-na-Rafal-Trzaskowski.webp.webp\",\"width\":1280,\"height\":720,\"caption\":\"Mentzen: \u201eNie widz\u0119 powodu, aby g\u0142osowa\u0107 na Rafa\u0142 Trzaskowski\u201d\"},{\"@type\":\"BreadcrumbList\",\"@id\":\"https:\/\/www.pogotowieflagowe.pl\/aktualne\/mentzen-nie-widze-powodu-aby-glosowac-na-rafal-trzaskowski\/#breadcrumb\",\"itemListElement\":[{\"@type\":\"ListItem\",\"position\":1,\"name\":\"Home\",\"item\":\"https:\/\/www.pogotowieflagowe.pl\/aktualne\/\"},{\"@type\":\"ListItem\",\"position\":2,\"name\":\"Mentzen: \u201eNie widz\u0119 powodu, aby g\u0142osowa\u0107 na Rafa\u0142 Trzaskowski\u201d\"}]},{\"@type\":\"WebSite\",\"@id\":\"https:\/\/www.pogotowieflagowe.pl\/aktualne\/#website\",\"url\":\"https:\/\/www.pogotowieflagowe.pl\/aktualne\/\",\"name\":\"POGOTOWIE FLAGOWE\u00ae\",\"description\":\"\",\"publisher\":{\"@id\":\"https:\/\/www.pogotowieflagowe.pl\/aktualne\/#organization\"},\"potentialAction\":[{\"@type\":\"SearchAction\",\"target\":{\"@type\":\"EntryPoint\",\"urlTemplate\":\"https:\/\/www.pogotowieflagowe.pl\/aktualne\/?s={search_term_string}\"},\"query-input\":\"required name=search_term_string\"}],\"inLanguage\":\"pl-PL\"},{\"@type\":\"Organization\",\"@id\":\"https:\/\/www.pogotowieflagowe.pl\/aktualne\/#organization\",\"name\":\"POGOTOWIE FLAGOWE\u00ae\",\"url\":\"https:\/\/www.pogotowieflagowe.pl\/aktualne\/\",\"logo\":{\"@type\":\"ImageObject\",\"inLanguage\":\"pl-PL\",\"@id\":\"https:\/\/www.pogotowieflagowe.pl\/aktualne\/#\/schema\/logo\/image\/\",\"url\":\"https:\/\/www.pogotowieflagowe.pl\/aktualne\/wp-content\/uploads\/2024\/08\/cropped-pogotowieflagowe_flaga_projekt_sm.jpg\",\"contentUrl\":\"https:\/\/www.pogotowieflagowe.pl\/aktualne\/wp-content\/uploads\/2024\/08\/cropped-pogotowieflagowe_flaga_projekt_sm.jpg\",\"width\":250,\"height\":143,\"caption\":\"POGOTOWIE FLAGOWE\u00ae\"},\"image\":{\"@id\":\"https:\/\/www.pogotowieflagowe.pl\/aktualne\/#\/schema\/logo\/image\/\"}},{\"@type\":\"Person\",\"@id\":\"https:\/\/www.pogotowieflagowe.pl\/aktualne\/#\/schema\/person\/9c2fb7d2362ebf6fa088960d7f0d27b0\",\"name\":\"Filip\",\"image\":{\"@type\":\"ImageObject\",\"inLanguage\":\"pl-PL\",\"@id\":\"https:\/\/www.pogotowieflagowe.pl\/aktualne\/#\/schema\/person\/image\/\",\"url\":\"https:\/\/www.pogotowieflagowe.pl\/aktualne\/wp-content\/uploads\/2024\/08\/pogotowieflagowe.pl_.jpg\",\"contentUrl\":\"https:\/\/www.pogotowieflagowe.pl\/aktualne\/wp-content\/uploads\/2024\/08\/pogotowieflagowe.pl_.jpg\",\"caption\":\"Filip\"},\"description\":\"Jestem Filip, polski dziennikarz z dyplomem nauk politycznych Uniwersytetu Warszawskiego. Rozpoczynaj\u0105c swoj\u0105 karier\u0119 w r\u00f3\u017cnych lokalnych mediach, zdoby\u0142em solidne do\u015bwiadczenie w zakresie \u015bledztwa i redakcji. Obecnie jako redaktor w Pogotowie flagowe, staram si\u0119 dostarcza\u0107 dog\u0142\u0119bne i istotne analizy na temat najwa\u017cniejszych kwestii aktualno\u015bci, \u0142\u0105cz\u0105c rygor z pasj\u0105 dziennikarsk\u0105.\",\"sameAs\":[\"https:\/\/www.pogotowieflagowe.pl\/\"]}]}<\/script>\n<!-- \/ Yoast SEO plugin. -->","yoast_head_json":{"title":"Mentzen: \u201eNie widz\u0119 powodu, aby g\u0142osowa\u0107 na Rafa\u0142 Trzaskowski\u201d - POGOTOWIE FLAGOWE\u00ae","robots":{"index":"index","follow":"follow","max-snippet":"max-snippet:-1","max-image-preview":"max-image-preview:large","max-video-preview":"max-video-preview:-1"},"canonical":"https:\/\/www.pogotowieflagowe.pl\/aktualne\/mentzen-nie-widze-powodu-aby-glosowac-na-rafal-trzaskowski\/","og_locale":"pl_PL","og_type":"article","og_title":"Mentzen: \u201eNie widz\u0119 powodu, aby g\u0142osowa\u0107 na Rafa\u0142 Trzaskowski\u201d - POGOTOWIE FLAGOWE\u00ae","og_description":"\u201eNie widz\u0119 powodu, aby g\u0142osowa\u0107 na Rafa\u0142 Trzaskowskiego\u201d &#8211; powiedzia\u0142 S\u0142awomir Mentzen podczas transmisji na \u017cywo na swoim kanale YouTube.","og_url":"https:\/\/www.pogotowieflagowe.pl\/aktualne\/mentzen-nie-widze-powodu-aby-glosowac-na-rafal-trzaskowski\/","og_site_name":"POGOTOWIE FLAGOWE\u00ae","article_published_time":"2025-05-29T14:46:59+00:00","article_modified_time":"2025-05-29T14:47:00+00:00","og_image":[{"width":1280,"height":720,"url":"https:\/\/www.pogotowieflagowe.pl\/aktualne\/wp-content\/uploads\/2025\/05\/Mentzen-\u201eNie-widze-powodu-aby-glosowac-na-Rafal-Trzaskowski.webp.webp","type":"image\/webp"}],"author":"Filip","twitter_card":"summary_large_image","twitter_misc":{"Napisane przez":"Filip","Szacowany czas czytania":"2 minuty"},"schema":{"@context":"https:\/\/schema.org","@graph":[{"@type":"Article","@id":"https:\/\/www.pogotowieflagowe.pl\/aktualne\/mentzen-nie-widze-powodu-aby-glosowac-na-rafal-trzaskowski\/#article","isPartOf":{"@id":"https:\/\/www.pogotowieflagowe.pl\/aktualne\/mentzen-nie-widze-powodu-aby-glosowac-na-rafal-trzaskowski\/"},"author":{"name":"Filip","@id":"https:\/\/www.pogotowieflagowe.pl\/aktualne\/#\/schema\/person\/9c2fb7d2362ebf6fa088960d7f0d27b0"},"headline":"Mentzen: \u201eNie widz\u0119 powodu, aby g\u0142osowa\u0107 na Rafa\u0142 Trzaskowski\u201d","datePublished":"2025-05-29T14:46:59+00:00","dateModified":"2025-05-29T14:47:00+00:00","mainEntityOfPage":{"@id":"https:\/\/www.pogotowieflagowe.pl\/aktualne\/mentzen-nie-widze-powodu-aby-glosowac-na-rafal-trzaskowski\/"},"wordCount":381,"publisher":{"@id":"https:\/\/www.pogotowieflagowe.pl\/aktualne\/#organization"},"image":{"@id":"https:\/\/www.pogotowieflagowe.pl\/aktualne\/mentzen-nie-widze-powodu-aby-glosowac-na-rafal-trzaskowski\/#primaryimage"},"thumbnailUrl":"https:\/\/www.pogotowieflagowe.pl\/aktualne\/wp-content\/uploads\/2025\/05\/Mentzen-\u201eNie-widze-powodu-aby-glosowac-na-Rafal-Trzaskowski.webp.webp","keywords":["aby","g\u0142osowa\u0107","Mentzen","Nie","powodu","Rafa\u0142","Trzaskowski","widz\u0119"],"articleSection":["Aktualne"],"inLanguage":"pl-PL"},{"@type":"WebPage","@id":"https:\/\/www.pogotowieflagowe.pl\/aktualne\/mentzen-nie-widze-powodu-aby-glosowac-na-rafal-trzaskowski\/","url":"https:\/\/www.pogotowieflagowe.pl\/aktualne\/mentzen-nie-widze-powodu-aby-glosowac-na-rafal-trzaskowski\/","name":"Mentzen: \u201eNie widz\u0119 powodu, aby g\u0142osowa\u0107 na Rafa\u0142 Trzaskowski\u201d - POGOTOWIE FLAGOWE\u00ae","isPartOf":{"@id":"https:\/\/www.pogotowieflagowe.pl\/aktualne\/#website"},"primaryImageOfPage":{"@id":"https:\/\/www.pogotowieflagowe.pl\/aktualne\/mentzen-nie-widze-powodu-aby-glosowac-na-rafal-trzaskowski\/#primaryimage"},"image":{"@id":"https:\/\/www.pogotowieflagowe.pl\/aktualne\/mentzen-nie-widze-powodu-aby-glosowac-na-rafal-trzaskowski\/#primaryimage"},"thumbnailUrl":"https:\/\/www.pogotowieflagowe.pl\/aktualne\/wp-content\/uploads\/2025\/05\/Mentzen-\u201eNie-widze-powodu-aby-glosowac-na-Rafal-Trzaskowski.webp.webp","datePublished":"2025-05-29T14:46:59+00:00","dateModified":"2025-05-29T14:47:00+00:00","breadcrumb":{"@id":"https:\/\/www.pogotowieflagowe.pl\/aktualne\/mentzen-nie-widze-powodu-aby-glosowac-na-rafal-trzaskowski\/#breadcrumb"},"inLanguage":"pl-PL","potentialAction":[{"@type":"ReadAction","target":["https:\/\/www.pogotowieflagowe.pl\/aktualne\/mentzen-nie-widze-powodu-aby-glosowac-na-rafal-trzaskowski\/"]}]},{"@type":"ImageObject","inLanguage":"pl-PL","@id":"https:\/\/www.pogotowieflagowe.pl\/aktualne\/mentzen-nie-widze-powodu-aby-glosowac-na-rafal-trzaskowski\/#primaryimage","url":"https:\/\/www.pogotowieflagowe.pl\/aktualne\/wp-content\/uploads\/2025\/05\/Mentzen-\u201eNie-widze-powodu-aby-glosowac-na-Rafal-Trzaskowski.webp.webp","contentUrl":"https:\/\/www.pogotowieflagowe.pl\/aktualne\/wp-content\/uploads\/2025\/05\/Mentzen-\u201eNie-widze-powodu-aby-glosowac-na-Rafal-Trzaskowski.webp.webp","width":1280,"height":720,"caption":"Mentzen: \u201eNie widz\u0119 powodu, aby g\u0142osowa\u0107 na Rafa\u0142 Trzaskowski\u201d"},{"@type":"BreadcrumbList","@id":"https:\/\/www.pogotowieflagowe.pl\/aktualne\/mentzen-nie-widze-powodu-aby-glosowac-na-rafal-trzaskowski\/#breadcrumb","itemListElement":[{"@type":"ListItem","position":1,"name":"Home","item":"https:\/\/www.pogotowieflagowe.pl\/aktualne\/"},{"@type":"ListItem","position":2,"name":"Mentzen: \u201eNie widz\u0119 powodu, aby g\u0142osowa\u0107 na Rafa\u0142 Trzaskowski\u201d"}]},{"@type":"WebSite","@id":"https:\/\/www.pogotowieflagowe.pl\/aktualne\/#website","url":"https:\/\/www.pogotowieflagowe.pl\/aktualne\/","name":"POGOTOWIE FLAGOWE\u00ae","description":"","publisher":{"@id":"https:\/\/www.pogotowieflagowe.pl\/aktualne\/#organization"},"potentialAction":[{"@type":"SearchAction","target":{"@type":"EntryPoint","urlTemplate":"https:\/\/www.pogotowieflagowe.pl\/aktualne\/?s={search_term_string}"},"query-input":"required name=search_term_string"}],"inLanguage":"pl-PL"},{"@type":"Organization","@id":"https:\/\/www.pogotowieflagowe.pl\/aktualne\/#organization","name":"POGOTOWIE FLAGOWE\u00ae","url":"https:\/\/www.pogotowieflagowe.pl\/aktualne\/","logo":{"@type":"ImageObject","inLanguage":"pl-PL","@id":"https:\/\/www.pogotowieflagowe.pl\/aktualne\/#\/schema\/logo\/image\/","url":"https:\/\/www.pogotowieflagowe.pl\/aktualne\/wp-content\/uploads\/2024\/08\/cropped-pogotowieflagowe_flaga_projekt_sm.jpg","contentUrl":"https:\/\/www.pogotowieflagowe.pl\/aktualne\/wp-content\/uploads\/2024\/08\/cropped-pogotowieflagowe_flaga_projekt_sm.jpg","width":250,"height":143,"caption":"POGOTOWIE FLAGOWE\u00ae"},"image":{"@id":"https:\/\/www.pogotowieflagowe.pl\/aktualne\/#\/schema\/logo\/image\/"}},{"@type":"Person","@id":"https:\/\/www.pogotowieflagowe.pl\/aktualne\/#\/schema\/person\/9c2fb7d2362ebf6fa088960d7f0d27b0","name":"Filip","image":{"@type":"ImageObject","inLanguage":"pl-PL","@id":"https:\/\/www.pogotowieflagowe.pl\/aktualne\/#\/schema\/person\/image\/","url":"https:\/\/www.pogotowieflagowe.pl\/aktualne\/wp-content\/uploads\/2024\/08\/pogotowieflagowe.pl_.jpg","contentUrl":"https:\/\/www.pogotowieflagowe.pl\/aktualne\/wp-content\/uploads\/2024\/08\/pogotowieflagowe.pl_.jpg","caption":"Filip"},"description":"Jestem Filip, polski dziennikarz z dyplomem nauk politycznych Uniwersytetu Warszawskiego. Rozpoczynaj\u0105c swoj\u0105 karier\u0119 w r\u00f3\u017cnych lokalnych mediach, zdoby\u0142em solidne do\u015bwiadczenie w zakresie \u015bledztwa i redakcji. Obecnie jako redaktor w Pogotowie flagowe, staram si\u0119 dostarcza\u0107 dog\u0142\u0119bne i istotne analizy na temat najwa\u017cniejszych kwestii aktualno\u015bci, \u0142\u0105cz\u0105c rygor z pasj\u0105 dziennikarsk\u0105.","sameAs":["https:\/\/www.pogotowieflagowe.pl\/"]}]}},"_links":{"self":[{"href":"https:\/\/www.pogotowieflagowe.pl\/aktualne\/wp-json\/wp\/v2\/posts\/5988","targetHints":{"allow":["GET"]}}],"collection":[{"href":"https:\/\/www.pogotowieflagowe.pl\/aktualne\/wp-json\/wp\/v2\/posts"}],"about":[{"href":"https:\/\/www.pogotowieflagowe.pl\/aktualne\/wp-json\/wp\/v2\/types\/post"}],"author":[{"embeddable":true,"href":"https:\/\/www.pogotowieflagowe.pl\/aktualne\/wp-json\/wp\/v2\/users\/1"}],"replies":[{"embeddable":true,"href":"https:\/\/www.pogotowieflagowe.pl\/aktualne\/wp-json\/wp\/v2\/comments?post=5988"}],"version-history":[{"count":1,"href":"https:\/\/www.pogotowieflagowe.pl\/aktualne\/wp-json\/wp\/v2\/posts\/5988\/revisions"}],"predecessor-version":[{"id":5990,"href":"https:\/\/www.pogotowieflagowe.pl\/aktualne\/wp-json\/wp\/v2\/posts\/5988\/revisions\/5990"}],"wp:featuredmedia":[{"embeddable":true,"href":"https:\/\/www.pogotowieflagowe.pl\/aktualne\/wp-json\/wp\/v2\/media\/5989"}],"wp:attachment":[{"href":"https:\/\/www.pogotowieflagowe.pl\/aktualne\/wp-json\/wp\/v2\/media?parent=5988"}],"wp:term":[{"taxonomy":"category","embeddable":true,"href":"https:\/\/www.pogotowieflagowe.pl\/aktualne\/wp-json\/wp\/v2\/categories?post=5988"},{"taxonomy":"post_tag","embeddable":true,"href":"https:\/\/www.pogotowieflagowe.pl\/aktualne\/wp-json\/wp\/v2\/tags?post=5988"}],"curies":[{"name":"wp","href":"https:\/\/api.w.org\/{rel}","templated":true}]}}