{"id":6005,"date":"2025-05-30T22:48:04","date_gmt":"2025-05-30T20:48:04","guid":{"rendered":"https:\/\/www.pogotowieflagowe.pl\/aktualne\/armia-naciskala-na-glosowanie-na-trzaskowski-zlozone-oplaty\/"},"modified":"2025-05-30T22:48:05","modified_gmt":"2025-05-30T20:48:05","slug":"armia-naciskala-na-glosowanie-na-trzaskowski-zlozone-oplaty","status":"publish","type":"post","link":"https:\/\/www.pogotowieflagowe.pl\/aktualne\/armia-naciskala-na-glosowanie-na-trzaskowski-zlozone-oplaty\/","title":{"rendered":"Armia naciska\u0142a na g\u0142osowanie na Trzaskowski: z\u0142o\u017cone op\u0142aty"},"content":{"rendered":"\n<div class=\"td_block_wrap tdb_single_content tdi_41 td-pb-border-top td_block_template_8 td-post-content tagdiv-type\" data-td-block-uid=\"tdi_41\">\n<style>.tdi_41 {margin-top: 0px! Wa\u017cne; margines-bottom: 0px! WA\u017bNY; PALDING-TOP: 0PX! WA\u017bNY; PALDING-BOTTOM: 0PX! WA\u017bNE}<\/style>\n<style>.tdb_single_content {margin-bottom: 0;*zoom: 1} .tdb_single_content: wcze\u015bniej, .tdb_single_content: po {display: Table; content: ''; line-height: 0} .TDB-BLOCK-INner>*: nie (.WP-BLOCK-QUOTE): not (.alignSwide): not (.Alignfull.wp-block-cover.has-parallax): not (.td-a-ad) {margin-left: auto; margin-right: auto} .tdb_single_ConTent a {wska\u017anik-events: auto} .tdb_single_content .td-spot-id-top_ad .tdc-placeholder-title: przed {content: \u201eArtyku\u0142 top ad\u201d! Wa\u017cne} .tdb_single_content .td-Spot-Id-inline_ad0 .tdc-placeholder-title 1 '! Wa\u017cne} .tdb_single_content .td-Spot-Id-inline_Ad1 .tdc-Placeholder-Title: przed {content: \u201eArtyku\u0142 inline AD 2'! Wa\u017cny} .tdb_single_content. 3 '! Wa\u017cne} .tdb_single_content .td-Spot-Id-Bottom_Ad .tdc-Placeholder-Title: przed {content: \u201eArtyku\u0142 Bottom Ad\u201d! Wa\u017cne} .tdb_single_content .id_top_ad, .tdb_single_content_content .id_bottom_ad {clear: oba; margin-bottom: 21px; text-align: Center} .tdb_single_content .id_top_ad img, .tdb_single_content .id_bottom_ad img {margin-bottom: 0} .tdb_single_conTent .id_top_ad .adsbyGoogle, .tdb_single_content .id_bottom_ad .adsbyGoogle {pozycja: relatyw} .tdb_single_content .id_ad_content-horiz-left, .tdb_single_content .id_ad_content-horiz-right, .tdb_single_content .id_ad_content-horiz-Center {margin-bottom: 15px} .tdb_single_content .id_ad_content-horiz-left Img, .tdb_single_content .id_ad_content-horiz-right img, .tdb_single_content .id_ad_content-horiz-centerter img {margin-bottom: 0} .tdb_single_content .id_ad_content-horiz-center {text-align: Center} .tdb_single_content .id_ad_content-horiz-center img {margin-right: auto; margin-let: auto} .tdb_single_content .id_ad_content-horiz-left {float: left; margin-top: 9px; margin-right: 21px} .tdb_single_content .id_ad_content-horiz-right {float: margin-top: 6px; margin-left: 21px} .tdb_single_content .tdc-a-a-ad .TDC-Placeholder-Title {szeroko\u015b\u0107: 300px; height: 250px} .tdb_single_content .tdc-a-ad .TDC-Placeholder-Title: Przed {Pozycja: Absolute; TOP: 50%;-WebKit-Transform: Translatey (-50%); Transform: Translatey (-50%); margines: auto; Display: Tabela; szeroko\u015b\u0107: 100%}. tdb_single_content .TDB-BLOCK-INNER.TD-FIX-INDEX {Word-Break: Break-word} .tdi_41, .tdi_41> p, .tdi_41 .tdb-block-inner> p, .Wp-Block-Column> p {font-size: 16px! Wa\u017cne; wa\u017cny; p {font-styl: normalne! Wa\u017cne} @media (Max-Width: 767px) {. tdb_single_content .id_ad_content-horiz-left, .tdb_single_content .id_ad_content-horiz-right, .tdb_single_content .id_ad_content-horiz-centter {Margin: 0 AUTO 26PXX auto}}@media (Max-Width: 767px) {. tdb_single_content .id_ad_content-horiz-left {margin-right: 0}}@media (max-width: 767px) {. (Max-Width: 767px) {. tdb_single_content .td-a-ad {float: none; text-align: Center} .tdb_single_content .td-a-ad img {margin-right: auto; margin-left: auto} .tdb_single_content .tdc-a-a-a-{margin-right: auto; margin-left: auto} .tdb_single_content .tdd<\/style>\n<div class=\"tdb-block-inner td-fix-index\">\n<p>Dow\u00f3dca jednostki wojskowej w Czarne zosta\u0142 oskar\u017cony o wywieranie presji na podrz\u0119dnych \u017co\u0142nierzy do podpisania petycji wspieraj\u0105cych kandydata na prezydenta Rafa\u0142a Trzaskowskiego. Obecnie stoi przed oskar\u017ceniem prokuratorskiego za naruszenie prawa i zagra\u017ca\u0107 neutralno\u015bci si\u0142 zbrojnych. Podobne dzia\u0142ania motywowane politycznie r\u00f3wnie\u017c mia\u0142y miejsce r\u00f3wnie\u017c w firmie podporz\u0105dkowanej Ministerstwu Obrony.<\/p>\n<p>W batalionie po\u0142o\u017conym w Czarne (Voivodeship Pomeranian) porucznik rzekomo zmusza\u0142 \u017co\u0142nierzy pod jego dow\u00f3dztwem, aby wspiera\u0107 kandydatury Rafa\u0142a Trzaskowskiego. Podobno zebra\u0142 ich osobiste numery identyfikacyjne (Pesel) i agresywnie popchn\u0105\u0142 ich do podpisywania list wsparcia, nawet obiecuj\u0105cych dni wolnych w zamian za podpisy.<\/p>\n<h2 class=\"wp-block-heading\">Dow\u00f3dca stoi przed op\u0142atami<\/h2>\n<p>\u015aledztwo, nadzorowane przez prokuratur\u0119 okr\u0119gow\u0105 w Gdynii, dotyczy zarzut\u00f3w zbierania podpisu przez porucznika w jednostce wojskowej dla kandydata na prezydenta. Departament Policji Wojskowej w Oleszno zainicjowa\u0142 \u015bledztwo 27 lutego 2025 r., Gdy zapytano o post\u0119p \u015bledztwa przez Niezale\u017cna.pl, prokuratura stwierdzi\u0142a:<\/p>\n<p>\u201eTo wst\u0119pne dochodzenie znajduje si\u0119 obecnie w fazie AD Personam, co oznacza, \u017ce \u200b\u200bjest ono w szczeg\u00f3lno\u015bci ukierunkowane na profesjonalnego \u017co\u0142nierza. \u017bo\u0142nierz zosta\u0142 formalnie obci\u0105\u017cony na podstawie art. 497 \u00a7 2 ustawy o kodeksie wyborczym z 5 stycznia 2011 r.\u201d<\/p>\n<p>Oskar\u017cony zaprzecza zarzutom. Do tej pory \u015bledczy przeprowadzili wywiady z jedenastoma \u015bwiadkami, a prokuratura rozszerzy\u0142a post\u0119powanie do 27 czerwca.<\/p>\n<p>Zgodnie z art. 497 \u00a7 2 Kodeksu wyborczego ka\u017cdy, kto zbiera podpisy wspieraj\u0105ce kandydata w obiektach wojskowych lub innych podmiotach podporz\u0105dkowanych Ministerstwu Obrony, od 1 000 do 10 000 PLN.<\/p>\n<h2 class=\"wp-block-heading\">Podwy\u017cki i wp\u0142ywy wyborcze<\/h2>\n<p>Niezale\u017cna.pl odkry\u0142 tak\u017ce intryguj\u0105c\u0105 dzia\u0142alno\u015b\u0107 wyborcz\u0105 \u201epro-obracaj\u0105c\u0105\u201d w AMW Rewita Ltd., sp\u00f3\u0142ce podporz\u0105dkowanej Ministerstwu Obrony. AMW Rewita, za\u0142o\u017cona w 2011 roku przez Agencj\u0119 Mieszkalnictwa Wojskowego (obecnie Agencj\u0119 Nieruchomo\u015bci Wojskowej) zarz\u0105dza wieloma centrami wakacyjnymi w Polsce.<\/p>\n<p>Przyw\u00f3dztwo firmy obejmuje cz\u0142onk\u00f3w PSL i Trzeecia Droga. Doniesienia medialne wskazuj\u0105, \u017ce Anna Sobieraj-Kozakiewicz, c\u00f3rka przyw\u00f3dcy PSL w Krosno i doradca ministra obrony W\u0142adys\u0142aw Kosiniak-Kamyszz, zosta\u0142a prezydentem. Rada obejmuje r\u00f3wnie\u017c radnego Radomsko i by\u0142y sekretarz Rady Centralnej PSL. Role zarz\u0105dzania w samych o\u015brodkach wakacyjnych trafi\u0142y do \u200b\u200bcz\u0142onk\u00f3w w\u0142adz lokalnych zwi\u0105zanych z Trzecia Drog\u0105.<\/p>\n<p>Niezale\u017cna.pl dost\u0119p do e-maila wys\u0142anego do pracownik\u00f3w przez prezydenta Sobieraj-Kozakiewicz, wspominaj\u0105c o podwy\u017ckach wynagrodze\u0144, ale przede wszystkim odnosz\u0105cych si\u0119 do nadchodz\u0105cych wybor\u00f3w:<\/p>\n<p>\u201eChc\u0119 r\u00f3wnie\u017c skorzysta\u0107 z okazji, aby powiedzie\u0107 kilka s\u0142\u00f3w o tym, co wydarzy si\u0119 w nast\u0119pn\u0105 niedziel\u0119. Zbli\u017camy si\u0119 do drugiej rundy wybor\u00f3w prezydenckich (\u2026) wybor\u00f3w jest nie tylko przywilejem, ale odpowiedzialno\u015bci\u0105. Jest to moment, w kt\u00f3rym ka\u017cdy z nas mo\u017ce wp\u0142yn\u0105\u0107 na kierunek, w kt\u00f3rym przyj\u0119my nasz kraj. Uwa\u017cam, \u017ce pro-zachodni, demokratyczny i stabilny przebieg Polandu jest warto\u015bci\u0105, kt\u00f3r\u0105 dzielimy-i warto chroni\u0107.<\/p>\n<\/div>\n<\/div>\n","protected":false},"excerpt":{"rendered":"<p>Dow\u00f3dca jednostki wojskowej w Czarne zosta\u0142 oskar\u017cony o wywieranie presji na podrz\u0119dnych \u017co\u0142nierzy do podpisania petycji wspieraj\u0105cych kandydata na prezydenta<\/p>\n","protected":false},"author":1,"featured_media":6006,"comment_status":"closed","ping_status":"","sticky":false,"template":"","format":"standard","meta":{"footnotes":""},"categories":[4748],"tags":[3827,7268,7767,6107,2196,7768],"class_list":["post-6005","post","type-post","status-publish","format-standard","has-post-thumbnail","hentry","category-aktualne","tag-armia","tag-glosowanie","tag-naciskala","tag-oplaty","tag-trzaskowski","tag-zlozone","generate-columns","tablet-grid-50","mobile-grid-100","grid-parent","grid-50","resize-featured-image"],"yoast_head":"<!-- This site is optimized with the Yoast SEO plugin v23.2 - https:\/\/yoast.com\/wordpress\/plugins\/seo\/ -->\n<title>Armia naciska\u0142a na g\u0142osowanie na Trzaskowski: z\u0142o\u017cone op\u0142aty - POGOTOWIE FLAGOWE\u00ae<\/title>\n<meta name=\"robots\" content=\"index, follow, max-snippet:-1, max-image-preview:large, max-video-preview:-1\" \/>\n<link rel=\"canonical\" href=\"https:\/\/www.pogotowieflagowe.pl\/aktualne\/armia-naciskala-na-glosowanie-na-trzaskowski-zlozone-oplaty\/\" \/>\n<meta property=\"og:locale\" content=\"pl_PL\" \/>\n<meta property=\"og:type\" content=\"article\" \/>\n<meta property=\"og:title\" content=\"Armia naciska\u0142a na g\u0142osowanie na Trzaskowski: z\u0142o\u017cone op\u0142aty - POGOTOWIE FLAGOWE\u00ae\" \/>\n<meta property=\"og:description\" content=\"Dow\u00f3dca jednostki wojskowej w Czarne zosta\u0142 oskar\u017cony o wywieranie presji na podrz\u0119dnych \u017co\u0142nierzy do podpisania petycji wspieraj\u0105cych kandydata na prezydenta\" \/>\n<meta property=\"og:url\" content=\"https:\/\/www.pogotowieflagowe.pl\/aktualne\/armia-naciskala-na-glosowanie-na-trzaskowski-zlozone-oplaty\/\" \/>\n<meta property=\"og:site_name\" content=\"POGOTOWIE FLAGOWE\u00ae\" \/>\n<meta property=\"article:published_time\" content=\"2025-05-30T20:48:04+00:00\" \/>\n<meta property=\"article:modified_time\" content=\"2025-05-30T20:48:05+00:00\" \/>\n<meta property=\"og:image\" content=\"https:\/\/www.pogotowieflagowe.pl\/aktualne\/wp-content\/uploads\/2025\/05\/Armia-naciskala-na-glosowanie-na-Trzaskowski-zlozone-oplaty.jpeg\" \/>\n\t<meta property=\"og:image:width\" content=\"854\" \/>\n\t<meta property=\"og:image:height\" content=\"652\" \/>\n\t<meta property=\"og:image:type\" content=\"image\/jpeg\" \/>\n<meta name=\"author\" content=\"Filip\" \/>\n<meta name=\"twitter:card\" content=\"summary_large_image\" \/>\n<meta name=\"twitter:label1\" content=\"Napisane przez\" \/>\n\t<meta name=\"twitter:data1\" content=\"Filip\" \/>\n\t<meta name=\"twitter:label2\" content=\"Szacowany czas czytania\" \/>\n\t<meta name=\"twitter:data2\" content=\"2 minuty\" \/>\n<script type=\"application\/ld+json\" class=\"yoast-schema-graph\">{\"@context\":\"https:\/\/schema.org\",\"@graph\":[{\"@type\":\"Article\",\"@id\":\"https:\/\/www.pogotowieflagowe.pl\/aktualne\/armia-naciskala-na-glosowanie-na-trzaskowski-zlozone-oplaty\/#article\",\"isPartOf\":{\"@id\":\"https:\/\/www.pogotowieflagowe.pl\/aktualne\/armia-naciskala-na-glosowanie-na-trzaskowski-zlozone-oplaty\/\"},\"author\":{\"name\":\"Filip\",\"@id\":\"https:\/\/www.pogotowieflagowe.pl\/aktualne\/#\/schema\/person\/9c2fb7d2362ebf6fa088960d7f0d27b0\"},\"headline\":\"Armia naciska\u0142a na g\u0142osowanie na Trzaskowski: z\u0142o\u017cone op\u0142aty\",\"datePublished\":\"2025-05-30T20:48:04+00:00\",\"dateModified\":\"2025-05-30T20:48:05+00:00\",\"mainEntityOfPage\":{\"@id\":\"https:\/\/www.pogotowieflagowe.pl\/aktualne\/armia-naciskala-na-glosowanie-na-trzaskowski-zlozone-oplaty\/\"},\"wordCount\":493,\"publisher\":{\"@id\":\"https:\/\/www.pogotowieflagowe.pl\/aktualne\/#organization\"},\"image\":{\"@id\":\"https:\/\/www.pogotowieflagowe.pl\/aktualne\/armia-naciskala-na-glosowanie-na-trzaskowski-zlozone-oplaty\/#primaryimage\"},\"thumbnailUrl\":\"https:\/\/www.pogotowieflagowe.pl\/aktualne\/wp-content\/uploads\/2025\/05\/Armia-naciskala-na-glosowanie-na-Trzaskowski-zlozone-oplaty.jpeg\",\"keywords\":[\"armia\",\"g\u0142osowanie\",\"naciska\u0142a\",\"op\u0142aty\",\"Trzaskowski\",\"z\u0142o\u017cone\"],\"articleSection\":[\"Aktualne\"],\"inLanguage\":\"pl-PL\"},{\"@type\":\"WebPage\",\"@id\":\"https:\/\/www.pogotowieflagowe.pl\/aktualne\/armia-naciskala-na-glosowanie-na-trzaskowski-zlozone-oplaty\/\",\"url\":\"https:\/\/www.pogotowieflagowe.pl\/aktualne\/armia-naciskala-na-glosowanie-na-trzaskowski-zlozone-oplaty\/\",\"name\":\"Armia naciska\u0142a na g\u0142osowanie na Trzaskowski: z\u0142o\u017cone op\u0142aty - POGOTOWIE FLAGOWE\u00ae\",\"isPartOf\":{\"@id\":\"https:\/\/www.pogotowieflagowe.pl\/aktualne\/#website\"},\"primaryImageOfPage\":{\"@id\":\"https:\/\/www.pogotowieflagowe.pl\/aktualne\/armia-naciskala-na-glosowanie-na-trzaskowski-zlozone-oplaty\/#primaryimage\"},\"image\":{\"@id\":\"https:\/\/www.pogotowieflagowe.pl\/aktualne\/armia-naciskala-na-glosowanie-na-trzaskowski-zlozone-oplaty\/#primaryimage\"},\"thumbnailUrl\":\"https:\/\/www.pogotowieflagowe.pl\/aktualne\/wp-content\/uploads\/2025\/05\/Armia-naciskala-na-glosowanie-na-Trzaskowski-zlozone-oplaty.jpeg\",\"datePublished\":\"2025-05-30T20:48:04+00:00\",\"dateModified\":\"2025-05-30T20:48:05+00:00\",\"breadcrumb\":{\"@id\":\"https:\/\/www.pogotowieflagowe.pl\/aktualne\/armia-naciskala-na-glosowanie-na-trzaskowski-zlozone-oplaty\/#breadcrumb\"},\"inLanguage\":\"pl-PL\",\"potentialAction\":[{\"@type\":\"ReadAction\",\"target\":[\"https:\/\/www.pogotowieflagowe.pl\/aktualne\/armia-naciskala-na-glosowanie-na-trzaskowski-zlozone-oplaty\/\"]}]},{\"@type\":\"ImageObject\",\"inLanguage\":\"pl-PL\",\"@id\":\"https:\/\/www.pogotowieflagowe.pl\/aktualne\/armia-naciskala-na-glosowanie-na-trzaskowski-zlozone-oplaty\/#primaryimage\",\"url\":\"https:\/\/www.pogotowieflagowe.pl\/aktualne\/wp-content\/uploads\/2025\/05\/Armia-naciskala-na-glosowanie-na-Trzaskowski-zlozone-oplaty.jpeg\",\"contentUrl\":\"https:\/\/www.pogotowieflagowe.pl\/aktualne\/wp-content\/uploads\/2025\/05\/Armia-naciskala-na-glosowanie-na-Trzaskowski-zlozone-oplaty.jpeg\",\"width\":854,\"height\":652,\"caption\":\"Armia naciska\u0142a na g\u0142osowanie na Trzaskowski: z\u0142o\u017cone op\u0142aty\"},{\"@type\":\"BreadcrumbList\",\"@id\":\"https:\/\/www.pogotowieflagowe.pl\/aktualne\/armia-naciskala-na-glosowanie-na-trzaskowski-zlozone-oplaty\/#breadcrumb\",\"itemListElement\":[{\"@type\":\"ListItem\",\"position\":1,\"name\":\"Home\",\"item\":\"https:\/\/www.pogotowieflagowe.pl\/aktualne\/\"},{\"@type\":\"ListItem\",\"position\":2,\"name\":\"Armia naciska\u0142a na g\u0142osowanie na Trzaskowski: z\u0142o\u017cone op\u0142aty\"}]},{\"@type\":\"WebSite\",\"@id\":\"https:\/\/www.pogotowieflagowe.pl\/aktualne\/#website\",\"url\":\"https:\/\/www.pogotowieflagowe.pl\/aktualne\/\",\"name\":\"POGOTOWIE FLAGOWE\u00ae\",\"description\":\"\",\"publisher\":{\"@id\":\"https:\/\/www.pogotowieflagowe.pl\/aktualne\/#organization\"},\"potentialAction\":[{\"@type\":\"SearchAction\",\"target\":{\"@type\":\"EntryPoint\",\"urlTemplate\":\"https:\/\/www.pogotowieflagowe.pl\/aktualne\/?s={search_term_string}\"},\"query-input\":\"required name=search_term_string\"}],\"inLanguage\":\"pl-PL\"},{\"@type\":\"Organization\",\"@id\":\"https:\/\/www.pogotowieflagowe.pl\/aktualne\/#organization\",\"name\":\"POGOTOWIE FLAGOWE\u00ae\",\"url\":\"https:\/\/www.pogotowieflagowe.pl\/aktualne\/\",\"logo\":{\"@type\":\"ImageObject\",\"inLanguage\":\"pl-PL\",\"@id\":\"https:\/\/www.pogotowieflagowe.pl\/aktualne\/#\/schema\/logo\/image\/\",\"url\":\"https:\/\/www.pogotowieflagowe.pl\/aktualne\/wp-content\/uploads\/2024\/08\/cropped-pogotowieflagowe_flaga_projekt_sm.jpg\",\"contentUrl\":\"https:\/\/www.pogotowieflagowe.pl\/aktualne\/wp-content\/uploads\/2024\/08\/cropped-pogotowieflagowe_flaga_projekt_sm.jpg\",\"width\":250,\"height\":143,\"caption\":\"POGOTOWIE FLAGOWE\u00ae\"},\"image\":{\"@id\":\"https:\/\/www.pogotowieflagowe.pl\/aktualne\/#\/schema\/logo\/image\/\"}},{\"@type\":\"Person\",\"@id\":\"https:\/\/www.pogotowieflagowe.pl\/aktualne\/#\/schema\/person\/9c2fb7d2362ebf6fa088960d7f0d27b0\",\"name\":\"Filip\",\"image\":{\"@type\":\"ImageObject\",\"inLanguage\":\"pl-PL\",\"@id\":\"https:\/\/www.pogotowieflagowe.pl\/aktualne\/#\/schema\/person\/image\/\",\"url\":\"https:\/\/www.pogotowieflagowe.pl\/aktualne\/wp-content\/uploads\/2024\/08\/pogotowieflagowe.pl_.jpg\",\"contentUrl\":\"https:\/\/www.pogotowieflagowe.pl\/aktualne\/wp-content\/uploads\/2024\/08\/pogotowieflagowe.pl_.jpg\",\"caption\":\"Filip\"},\"description\":\"Jestem Filip, polski dziennikarz z dyplomem nauk politycznych Uniwersytetu Warszawskiego. Rozpoczynaj\u0105c swoj\u0105 karier\u0119 w r\u00f3\u017cnych lokalnych mediach, zdoby\u0142em solidne do\u015bwiadczenie w zakresie \u015bledztwa i redakcji. Obecnie jako redaktor w Pogotowie flagowe, staram si\u0119 dostarcza\u0107 dog\u0142\u0119bne i istotne analizy na temat najwa\u017cniejszych kwestii aktualno\u015bci, \u0142\u0105cz\u0105c rygor z pasj\u0105 dziennikarsk\u0105.\",\"sameAs\":[\"https:\/\/www.pogotowieflagowe.pl\/\"]}]}<\/script>\n<!-- \/ Yoast SEO plugin. -->","yoast_head_json":{"title":"Armia naciska\u0142a na g\u0142osowanie na Trzaskowski: z\u0142o\u017cone op\u0142aty - POGOTOWIE FLAGOWE\u00ae","robots":{"index":"index","follow":"follow","max-snippet":"max-snippet:-1","max-image-preview":"max-image-preview:large","max-video-preview":"max-video-preview:-1"},"canonical":"https:\/\/www.pogotowieflagowe.pl\/aktualne\/armia-naciskala-na-glosowanie-na-trzaskowski-zlozone-oplaty\/","og_locale":"pl_PL","og_type":"article","og_title":"Armia naciska\u0142a na g\u0142osowanie na Trzaskowski: z\u0142o\u017cone op\u0142aty - POGOTOWIE FLAGOWE\u00ae","og_description":"Dow\u00f3dca jednostki wojskowej w Czarne zosta\u0142 oskar\u017cony o wywieranie presji na podrz\u0119dnych \u017co\u0142nierzy do podpisania petycji wspieraj\u0105cych kandydata na prezydenta","og_url":"https:\/\/www.pogotowieflagowe.pl\/aktualne\/armia-naciskala-na-glosowanie-na-trzaskowski-zlozone-oplaty\/","og_site_name":"POGOTOWIE FLAGOWE\u00ae","article_published_time":"2025-05-30T20:48:04+00:00","article_modified_time":"2025-05-30T20:48:05+00:00","og_image":[{"width":854,"height":652,"url":"https:\/\/www.pogotowieflagowe.pl\/aktualne\/wp-content\/uploads\/2025\/05\/Armia-naciskala-na-glosowanie-na-Trzaskowski-zlozone-oplaty.jpeg","type":"image\/jpeg"}],"author":"Filip","twitter_card":"summary_large_image","twitter_misc":{"Napisane przez":"Filip","Szacowany czas czytania":"2 minuty"},"schema":{"@context":"https:\/\/schema.org","@graph":[{"@type":"Article","@id":"https:\/\/www.pogotowieflagowe.pl\/aktualne\/armia-naciskala-na-glosowanie-na-trzaskowski-zlozone-oplaty\/#article","isPartOf":{"@id":"https:\/\/www.pogotowieflagowe.pl\/aktualne\/armia-naciskala-na-glosowanie-na-trzaskowski-zlozone-oplaty\/"},"author":{"name":"Filip","@id":"https:\/\/www.pogotowieflagowe.pl\/aktualne\/#\/schema\/person\/9c2fb7d2362ebf6fa088960d7f0d27b0"},"headline":"Armia naciska\u0142a na g\u0142osowanie na Trzaskowski: z\u0142o\u017cone op\u0142aty","datePublished":"2025-05-30T20:48:04+00:00","dateModified":"2025-05-30T20:48:05+00:00","mainEntityOfPage":{"@id":"https:\/\/www.pogotowieflagowe.pl\/aktualne\/armia-naciskala-na-glosowanie-na-trzaskowski-zlozone-oplaty\/"},"wordCount":493,"publisher":{"@id":"https:\/\/www.pogotowieflagowe.pl\/aktualne\/#organization"},"image":{"@id":"https:\/\/www.pogotowieflagowe.pl\/aktualne\/armia-naciskala-na-glosowanie-na-trzaskowski-zlozone-oplaty\/#primaryimage"},"thumbnailUrl":"https:\/\/www.pogotowieflagowe.pl\/aktualne\/wp-content\/uploads\/2025\/05\/Armia-naciskala-na-glosowanie-na-Trzaskowski-zlozone-oplaty.jpeg","keywords":["armia","g\u0142osowanie","naciska\u0142a","op\u0142aty","Trzaskowski","z\u0142o\u017cone"],"articleSection":["Aktualne"],"inLanguage":"pl-PL"},{"@type":"WebPage","@id":"https:\/\/www.pogotowieflagowe.pl\/aktualne\/armia-naciskala-na-glosowanie-na-trzaskowski-zlozone-oplaty\/","url":"https:\/\/www.pogotowieflagowe.pl\/aktualne\/armia-naciskala-na-glosowanie-na-trzaskowski-zlozone-oplaty\/","name":"Armia naciska\u0142a na g\u0142osowanie na Trzaskowski: z\u0142o\u017cone op\u0142aty - POGOTOWIE FLAGOWE\u00ae","isPartOf":{"@id":"https:\/\/www.pogotowieflagowe.pl\/aktualne\/#website"},"primaryImageOfPage":{"@id":"https:\/\/www.pogotowieflagowe.pl\/aktualne\/armia-naciskala-na-glosowanie-na-trzaskowski-zlozone-oplaty\/#primaryimage"},"image":{"@id":"https:\/\/www.pogotowieflagowe.pl\/aktualne\/armia-naciskala-na-glosowanie-na-trzaskowski-zlozone-oplaty\/#primaryimage"},"thumbnailUrl":"https:\/\/www.pogotowieflagowe.pl\/aktualne\/wp-content\/uploads\/2025\/05\/Armia-naciskala-na-glosowanie-na-Trzaskowski-zlozone-oplaty.jpeg","datePublished":"2025-05-30T20:48:04+00:00","dateModified":"2025-05-30T20:48:05+00:00","breadcrumb":{"@id":"https:\/\/www.pogotowieflagowe.pl\/aktualne\/armia-naciskala-na-glosowanie-na-trzaskowski-zlozone-oplaty\/#breadcrumb"},"inLanguage":"pl-PL","potentialAction":[{"@type":"ReadAction","target":["https:\/\/www.pogotowieflagowe.pl\/aktualne\/armia-naciskala-na-glosowanie-na-trzaskowski-zlozone-oplaty\/"]}]},{"@type":"ImageObject","inLanguage":"pl-PL","@id":"https:\/\/www.pogotowieflagowe.pl\/aktualne\/armia-naciskala-na-glosowanie-na-trzaskowski-zlozone-oplaty\/#primaryimage","url":"https:\/\/www.pogotowieflagowe.pl\/aktualne\/wp-content\/uploads\/2025\/05\/Armia-naciskala-na-glosowanie-na-Trzaskowski-zlozone-oplaty.jpeg","contentUrl":"https:\/\/www.pogotowieflagowe.pl\/aktualne\/wp-content\/uploads\/2025\/05\/Armia-naciskala-na-glosowanie-na-Trzaskowski-zlozone-oplaty.jpeg","width":854,"height":652,"caption":"Armia naciska\u0142a na g\u0142osowanie na Trzaskowski: z\u0142o\u017cone op\u0142aty"},{"@type":"BreadcrumbList","@id":"https:\/\/www.pogotowieflagowe.pl\/aktualne\/armia-naciskala-na-glosowanie-na-trzaskowski-zlozone-oplaty\/#breadcrumb","itemListElement":[{"@type":"ListItem","position":1,"name":"Home","item":"https:\/\/www.pogotowieflagowe.pl\/aktualne\/"},{"@type":"ListItem","position":2,"name":"Armia naciska\u0142a na g\u0142osowanie na Trzaskowski: z\u0142o\u017cone op\u0142aty"}]},{"@type":"WebSite","@id":"https:\/\/www.pogotowieflagowe.pl\/aktualne\/#website","url":"https:\/\/www.pogotowieflagowe.pl\/aktualne\/","name":"POGOTOWIE FLAGOWE\u00ae","description":"","publisher":{"@id":"https:\/\/www.pogotowieflagowe.pl\/aktualne\/#organization"},"potentialAction":[{"@type":"SearchAction","target":{"@type":"EntryPoint","urlTemplate":"https:\/\/www.pogotowieflagowe.pl\/aktualne\/?s={search_term_string}"},"query-input":"required name=search_term_string"}],"inLanguage":"pl-PL"},{"@type":"Organization","@id":"https:\/\/www.pogotowieflagowe.pl\/aktualne\/#organization","name":"POGOTOWIE FLAGOWE\u00ae","url":"https:\/\/www.pogotowieflagowe.pl\/aktualne\/","logo":{"@type":"ImageObject","inLanguage":"pl-PL","@id":"https:\/\/www.pogotowieflagowe.pl\/aktualne\/#\/schema\/logo\/image\/","url":"https:\/\/www.pogotowieflagowe.pl\/aktualne\/wp-content\/uploads\/2024\/08\/cropped-pogotowieflagowe_flaga_projekt_sm.jpg","contentUrl":"https:\/\/www.pogotowieflagowe.pl\/aktualne\/wp-content\/uploads\/2024\/08\/cropped-pogotowieflagowe_flaga_projekt_sm.jpg","width":250,"height":143,"caption":"POGOTOWIE FLAGOWE\u00ae"},"image":{"@id":"https:\/\/www.pogotowieflagowe.pl\/aktualne\/#\/schema\/logo\/image\/"}},{"@type":"Person","@id":"https:\/\/www.pogotowieflagowe.pl\/aktualne\/#\/schema\/person\/9c2fb7d2362ebf6fa088960d7f0d27b0","name":"Filip","image":{"@type":"ImageObject","inLanguage":"pl-PL","@id":"https:\/\/www.pogotowieflagowe.pl\/aktualne\/#\/schema\/person\/image\/","url":"https:\/\/www.pogotowieflagowe.pl\/aktualne\/wp-content\/uploads\/2024\/08\/pogotowieflagowe.pl_.jpg","contentUrl":"https:\/\/www.pogotowieflagowe.pl\/aktualne\/wp-content\/uploads\/2024\/08\/pogotowieflagowe.pl_.jpg","caption":"Filip"},"description":"Jestem Filip, polski dziennikarz z dyplomem nauk politycznych Uniwersytetu Warszawskiego. Rozpoczynaj\u0105c swoj\u0105 karier\u0119 w r\u00f3\u017cnych lokalnych mediach, zdoby\u0142em solidne do\u015bwiadczenie w zakresie \u015bledztwa i redakcji. Obecnie jako redaktor w Pogotowie flagowe, staram si\u0119 dostarcza\u0107 dog\u0142\u0119bne i istotne analizy na temat najwa\u017cniejszych kwestii aktualno\u015bci, \u0142\u0105cz\u0105c rygor z pasj\u0105 dziennikarsk\u0105.","sameAs":["https:\/\/www.pogotowieflagowe.pl\/"]}]}},"_links":{"self":[{"href":"https:\/\/www.pogotowieflagowe.pl\/aktualne\/wp-json\/wp\/v2\/posts\/6005","targetHints":{"allow":["GET"]}}],"collection":[{"href":"https:\/\/www.pogotowieflagowe.pl\/aktualne\/wp-json\/wp\/v2\/posts"}],"about":[{"href":"https:\/\/www.pogotowieflagowe.pl\/aktualne\/wp-json\/wp\/v2\/types\/post"}],"author":[{"embeddable":true,"href":"https:\/\/www.pogotowieflagowe.pl\/aktualne\/wp-json\/wp\/v2\/users\/1"}],"replies":[{"embeddable":true,"href":"https:\/\/www.pogotowieflagowe.pl\/aktualne\/wp-json\/wp\/v2\/comments?post=6005"}],"version-history":[{"count":1,"href":"https:\/\/www.pogotowieflagowe.pl\/aktualne\/wp-json\/wp\/v2\/posts\/6005\/revisions"}],"predecessor-version":[{"id":6007,"href":"https:\/\/www.pogotowieflagowe.pl\/aktualne\/wp-json\/wp\/v2\/posts\/6005\/revisions\/6007"}],"wp:featuredmedia":[{"embeddable":true,"href":"https:\/\/www.pogotowieflagowe.pl\/aktualne\/wp-json\/wp\/v2\/media\/6006"}],"wp:attachment":[{"href":"https:\/\/www.pogotowieflagowe.pl\/aktualne\/wp-json\/wp\/v2\/media?parent=6005"}],"wp:term":[{"taxonomy":"category","embeddable":true,"href":"https:\/\/www.pogotowieflagowe.pl\/aktualne\/wp-json\/wp\/v2\/categories?post=6005"},{"taxonomy":"post_tag","embeddable":true,"href":"https:\/\/www.pogotowieflagowe.pl\/aktualne\/wp-json\/wp\/v2\/tags?post=6005"}],"curies":[{"name":"wp","href":"https:\/\/api.w.org\/{rel}","templated":true}]}}