{"id":6008,"date":"2025-05-31T04:52:10","date_gmt":"2025-05-31T02:52:10","guid":{"rendered":"https:\/\/www.pogotowieflagowe.pl\/aktualne\/od-cieplej-wody-po-ziemniaki-wyjasnil-skandaliczny-kaskader-gajewska\/"},"modified":"2025-05-31T04:52:12","modified_gmt":"2025-05-31T02:52:12","slug":"od-cieplej-wody-po-ziemniaki-wyjasnil-skandaliczny-kaskader-gajewska","status":"publish","type":"post","link":"https:\/\/www.pogotowieflagowe.pl\/aktualne\/od-cieplej-wody-po-ziemniaki-wyjasnil-skandaliczny-kaskader-gajewska\/","title":{"rendered":"Od ciep\u0142ej wody po ziemniaki: wyja\u015bni\u0142 skandaliczny kaskader Gajewska"},"content":{"rendered":"\n<div class=\"td_block_wrap tdb_single_content tdi_41 td-pb-border-top td_block_template_8 td-post-content tagdiv-type\" data-td-block-uid=\"tdi_41\">\n<style>.tdi_41 {margin-top: 0px! Wa\u017cne; margines-bottom: 0px! WA\u017bNY; PALDING-TOP: 0PX! WA\u017bNY; PALDING-BOTTOM: 0PX! WA\u017bNE}<\/style>\n<style>.tdb_single_content {margin-bottom: 0;*zoom: 1} .tdb_single_content: wcze\u015bniej, .tdb_single_content: po {display: Table; content: ''; line-height: 0} .TDB-BLOCK-INner>*: nie (.WP-BLOCK-QUOTE): not (.alignSwide): not (.Alignfull.wp-block-cover.has-parallax): not (.td-a-ad) {margin-left: auto; margin-right: auto} .tdb_single_ConTent a {wska\u017anik-events: auto} .tdb_single_content .td-spot-id-top_ad .tdc-placeholder-title: przed {content: \u201eArtyku\u0142 top ad\u201d! Wa\u017cne} .tdb_single_content .td-Spot-Id-inline_ad0 .tdc-placeholder-title 1 '! Wa\u017cne} .tdb_single_content .td-Spot-Id-inline_Ad1 .tdc-Placeholder-Title: przed {content: \u201eArtyku\u0142 inline AD 2'! Wa\u017cny} .tdb_single_content. 3 '! Wa\u017cne} .tdb_single_content .td-Spot-Id-Bottom_Ad .tdc-Placeholder-Title: przed {content: \u201eArtyku\u0142 Bottom Ad\u201d! Wa\u017cne} .tdb_single_content .id_top_ad, .tdb_single_content_content .id_bottom_ad {clear: oba; margin-bottom: 21px; text-align: Center} .tdb_single_content .id_top_ad img, .tdb_single_content .id_bottom_ad img {margin-bottom: 0} .tdb_single_conTent .id_top_ad .adsbyGoogle, .tdb_single_content .id_bottom_ad .adsbyGoogle {pozycja: relatyw} .tdb_single_content .id_ad_content-horiz-left, .tdb_single_content .id_ad_content-horiz-right, .tdb_single_content .id_ad_content-horiz-Center {margin-bottom: 15px} .tdb_single_content .id_ad_content-horiz-left Img, .tdb_single_content .id_ad_content-horiz-right img, .tdb_single_content .id_ad_content-horiz-centerter img {margin-bottom: 0} .tdb_single_content .id_ad_content-horiz-center {text-align: Center} .tdb_single_content .id_ad_content-horiz-center img {margin-right: auto; margin-let: auto} .tdb_single_content .id_ad_content-horiz-left {float: left; margin-top: 9px; margin-right: 21px} .tdb_single_content .id_ad_content-horiz-right {float: margin-top: 6px; margin-left: 21px} .tdb_single_content .tdc-a-a-ad .TDC-Placeholder-Title {szeroko\u015b\u0107: 300px; height: 250px} .tdb_single_content .tdc-a-ad .TDC-Placeholder-Title: Przed {Pozycja: Absolute; TOP: 50%;-WebKit-Transform: Translatey (-50%); Transform: Translatey (-50%); margines: auto; Display: Tabela; szeroko\u015b\u0107: 100%}. tdb_single_content .TDB-BLOCK-INNER.TD-FIX-INDEX {Word-Break: Break-word} .tdi_41, .tdi_41> p, .tdi_41 .tdb-block-inner> p, .Wp-Block-Column> p {font-size: 16px! Wa\u017cne; wa\u017cny; p {font-styl: normalne! Wa\u017cne} @media (Max-Width: 767px) {. tdb_single_content .id_ad_content-horiz-left, .tdb_single_content .id_ad_content-horiz-right, .tdb_single_content .id_ad_content-horiz-centter {Margin: 0 AUTO 26PXX auto}}@media (Max-Width: 767px) {. tdb_single_content .id_ad_content-horiz-left {margin-right: 0}}@media (max-width: 767px) {. (Max-Width: 767px) {. tdb_single_content .td-a-ad {float: none; text-align: Center} .tdb_single_content .td-a-ad img {margin-right: auto; margin-left: auto} .tdb_single_content .tdc-a-a-a-{margin-right: auto; margin-left: auto} .tdb_single_content .tdd<\/style>\n<div class=\"tdb-block-inner td-fix-index\">\n<p>Witryna domu opieki zaanga\u017cowanej w kontrowersyjne wydarzenie kampanii zorganizowane przez pos\u0142a Platform\u0119 Civic Placing Kinga Gajewska jest obecnie offline. W rozmowie z Niezalezn\u0105.pl, dyrektor domu opieki przyzna\u0142 si\u0119 do ignorancji na temat problemu strony internetowej i skrytykowa\u0142 niepotrzebne publikowanie zdj\u0119\u0107 z udzia\u0142em mieszka\u0144c\u00f3w domu. Agnieszka \u015acigaj, MP PIS specjalizuj\u0105cy si\u0119 w polityce spo\u0142ecznej, zakwestionowa\u0142 wyja\u015bnienia re\u017cysera, twierdz\u0105c, \u017ce mieszka\u0144cy nie mogli dozna\u0107 gorszego uderzenia w ich godno\u015b\u0107.<\/p>\n<h2 class=\"wp-block-heading\">Ziemniaki na g\u0142osy: nieszcz\u0119\u015bcie kampanii Gajewska<\/h2>\n<p>W czwartek Kinga Gajewska udost\u0119pni\u0142a zdj\u0119cia i kr\u00f3tki film w mediach spo\u0142eczno\u015bciowych z wizyty w plac\u00f3wce opieki i leczenia Dom Rzzinny \u201dw Nowy Dw\u00f3r Mazowocki. Nosz\u0105c koszulk\u0119 wspieraj\u0105c\u0105 Rafa\u0142 Trzaskowski, Gajewska zaprezentowa\u0142a mieszka\u0144com worki ziemniak\u00f3w, warzyw i mi\u0119sa z kurczaka przeznaczonego na zup\u0119.<\/p>\n<p>To wydarzenie oparte na wyborach, z udzia\u0142em os\u00f3b starszych i wra\u017cliwych, prawdopodobnie nie\u015bwiadomych kontekstu politycznego, naturalnie wywo\u0142a\u0142o znaczny luz. Do pi\u0105tku Gajewska usun\u0119\u0142a kontrowersyjne tre\u015bci ze swoich medi\u00f3w spo\u0142eczno\u015bciowych, przyznaj\u0105c, \u017ce \u201ezdj\u0119cia z wizyty DPS nie powinny zosta\u0107 opublikowane\u201d.<\/p>\n<h2 class=\"wp-block-heading\">Opieka stoi w obliczu opad\u00f3w<\/h2>\n<p>Dzia\u0142ania Gajewska nie tylko wzbudzi\u0142y obawy dotycz\u0105ce narusze\u0144 godno\u015bci, ale tak\u017ce erodowa\u0142y zaufanie publiczne w instytucji po\u015bwi\u0119conej wspieraniu bezbronnych. Witryna Domu Care, DOMRODZINNY.PL, by\u0142a niedost\u0119pna w momencie raportowania.<\/p>\n<p>Kiedy skontaktowali\u015bmy si\u0119 z obiektem \u201eDom Rzzinny\u201d, aby uzyska\u0107 szczeg\u00f3\u0142owe informacje na temat wizyty Gajewska, nasza rozmowa zosta\u0142a nagle zako\u0144czona przez pracownika, kt\u00f3ry stwierdzi\u0142, \u017ce \u201enie ma z kim rozmawia\u0107\u201d.<\/p>\n<p>Nast\u0119pnie uda\u0142o nam si\u0119 dotrze\u0107 do dyrektora Wac\u0142awa Kerperta, kt\u00f3ry jest obecnie za granic\u0105. Kerpert wyja\u015bni\u0142, \u017ce wiedzia\u0142 tylko, \u017ce kto\u015b przychodzi z darowiznami. Je\u015bli chodzi o zgod\u0119 na publikacj\u0119 obrazu, wyja\u015bni\u0142:<\/p>\n<p>\u201eWszyscy mieszka\u0144cy sfotografowani podczas naszych wydarze\u0144 podpisali formularze zgody do publikacji. Uwa\u017cam jednak, \u017ce ten konkretny incydent by\u0142 niepotrzebny\u201d.<\/p>\n<p>Je\u015bli chodzi o niefunkcjonaln\u0105 stron\u0119 internetow\u0105, Kerpert zasugerowa\u0142 usterk\u0119 techniczn\u0105, obiecuj\u0105c zbada\u0107 po powrocie w przysz\u0142ym tygodniu.<\/p>\n<h2 class=\"wp-block-heading\">Wykorzystanie pod pozorem hojno\u015bci?<\/h2>\n<p>Pis MP Agnieszka \u015acigaj wyrazi\u0142 znacz\u0105cy sceptycyzm wobec wyja\u015bnienia Kerperta. Rozmawiaj\u0105c z Niezalezn\u0105.pl, argumentowa\u0142a, \u017ce \u200b\u200bka\u017cda uzyskana zgoda by\u0142a prawdopodobnie przeznaczona do cel\u00f3w promocyjnych korzystaj\u0105cych z obiektu, a nie politycznego wykorzystywania.<\/p>\n<p>Podkre\u015bli\u0142a potrzeb\u0119 wyra\u017anej zgody, szczeg\u00f3lnie w kontaktach z osobami kompetentnymi psychicznie. \u201eO ile dom opieki nie jest ich prawnym opiekunem &#8211; czego bardzo w\u0105tpi\u0119 &#8211; powr\u00f3t musi pochodzi\u0107 bezpo\u015brednio od nich\u201d &#8211; zauwa\u017cy\u0142 \u015acigaj.<\/p>\n<p>\u201eTen odcinek doskonale ilustruje cyniczn\u0105 propagand\u0119\u201e ciep\u0142ej wody w kran \u201d, co sugeruje, \u017ce mieszka\u0144cy dom\u00f3w starszych powinni czu\u0107 si\u0119 zadowoleni i wdzi\u0119czni tylko dlatego, \u017ce otrzymali worek ziemniak\u00f3w\u201d &#8211; skrytykowa\u0142a. \u201eJest to g\u0142\u0119boko upokarzaj\u0105ce i poni\u017caj\u0105ce &#8211; nie mo\u017cna by\u0142o wyrz\u0105dzi\u0107 wi\u0119kszej szkody ich godno\u015bci\u201d.<\/p>\n<p>\u015acigaj dodatkowo podkre\u015bli\u0142 podatno\u015b\u0107 mieszka\u0144c\u00f3w dom\u00f3w opieki, zauwa\u017caj\u0105c, jak takie instytucje reprezentuj\u0105 trudne etapy \u017cycia naznaczone chorob\u0105, starzeniem si\u0119 i izolacj\u0105. \u201eCi ludzie byli bezdusznie wykorzystywani na tanie zyski polityczne\u201d, stwierdzi\u0142a z zdecydowanie.<\/p>\n<p>\u201eGdyby mieszka\u0144cy ch\u0119tnie zgodzili si\u0119 w zamian za osobiste korzy\u015bci, mo\u017ce to by\u0107 nieco zrozumia\u0142e jako ich w\u0142asna decyzja. Ale wykorzystanie ich w tak upokarzaj\u0105cym wyczynu jest ca\u0142kowicie niezrozumia\u0142e i wykazuje niepokoj\u0105ce od\u0142\u0105czenie od prawdziwej empatii, szczeg\u00f3lnie wobec os\u00f3b starszych i odizolowanych\u201d &#8211; podsumowa\u0142 pose\u0142 Agnieszka ScigaJ.<\/p>\n<\/div>\n<\/div>\n","protected":false},"excerpt":{"rendered":"<p>Witryna domu opieki zaanga\u017cowanej w kontrowersyjne wydarzenie kampanii zorganizowane przez pos\u0142a Platform\u0119 Civic Placing Kinga Gajewska jest obecnie offline. W<\/p>\n","protected":false},"author":1,"featured_media":6009,"comment_status":"closed","ping_status":"","sticky":false,"template":"","format":"standard","meta":{"footnotes":""},"categories":[4748],"tags":[7769,3156,7773,2177,7770,7772,7771],"class_list":["post-6008","post","type-post","status-publish","format-standard","has-post-thumbnail","hentry","category-aktualne","tag-cieplej","tag-gajewska","tag-kaskader","tag-skandaliczny","tag-wody","tag-wyjasnil","tag-ziemniaki","generate-columns","tablet-grid-50","mobile-grid-100","grid-parent","grid-50","resize-featured-image"],"yoast_head":"<!-- This site is optimized with the Yoast SEO plugin v23.2 - https:\/\/yoast.com\/wordpress\/plugins\/seo\/ -->\n<title>Od ciep\u0142ej wody po ziemniaki: wyja\u015bni\u0142 skandaliczny kaskader Gajewska - POGOTOWIE FLAGOWE\u00ae<\/title>\n<meta name=\"robots\" content=\"index, follow, max-snippet:-1, max-image-preview:large, max-video-preview:-1\" \/>\n<link rel=\"canonical\" href=\"https:\/\/www.pogotowieflagowe.pl\/aktualne\/od-cieplej-wody-po-ziemniaki-wyjasnil-skandaliczny-kaskader-gajewska\/\" \/>\n<meta property=\"og:locale\" content=\"pl_PL\" \/>\n<meta property=\"og:type\" content=\"article\" \/>\n<meta property=\"og:title\" content=\"Od ciep\u0142ej wody po ziemniaki: wyja\u015bni\u0142 skandaliczny kaskader Gajewska - POGOTOWIE FLAGOWE\u00ae\" \/>\n<meta property=\"og:description\" content=\"Witryna domu opieki zaanga\u017cowanej w kontrowersyjne wydarzenie kampanii zorganizowane przez pos\u0142a Platform\u0119 Civic Placing Kinga Gajewska jest obecnie offline. W\" \/>\n<meta property=\"og:url\" content=\"https:\/\/www.pogotowieflagowe.pl\/aktualne\/od-cieplej-wody-po-ziemniaki-wyjasnil-skandaliczny-kaskader-gajewska\/\" \/>\n<meta property=\"og:site_name\" content=\"POGOTOWIE FLAGOWE\u00ae\" \/>\n<meta property=\"article:published_time\" content=\"2025-05-31T02:52:10+00:00\" \/>\n<meta property=\"article:modified_time\" content=\"2025-05-31T02:52:12+00:00\" \/>\n<meta property=\"og:image\" content=\"https:\/\/www.pogotowieflagowe.pl\/aktualne\/wp-content\/uploads\/2025\/05\/Od-cieplej-wody-po-ziemniaki-wyjasnil-skandaliczny-kaskader-Gajewska.webp.webp\" \/>\n\t<meta property=\"og:image:width\" content=\"1280\" \/>\n\t<meta property=\"og:image:height\" content=\"720\" \/>\n\t<meta property=\"og:image:type\" content=\"image\/webp\" \/>\n<meta name=\"author\" content=\"Filip\" \/>\n<meta name=\"twitter:card\" content=\"summary_large_image\" \/>\n<meta name=\"twitter:label1\" content=\"Napisane przez\" \/>\n\t<meta name=\"twitter:data1\" content=\"Filip\" \/>\n\t<meta name=\"twitter:label2\" content=\"Szacowany czas czytania\" \/>\n\t<meta name=\"twitter:data2\" content=\"3 minuty\" \/>\n<script type=\"application\/ld+json\" class=\"yoast-schema-graph\">{\"@context\":\"https:\/\/schema.org\",\"@graph\":[{\"@type\":\"Article\",\"@id\":\"https:\/\/www.pogotowieflagowe.pl\/aktualne\/od-cieplej-wody-po-ziemniaki-wyjasnil-skandaliczny-kaskader-gajewska\/#article\",\"isPartOf\":{\"@id\":\"https:\/\/www.pogotowieflagowe.pl\/aktualne\/od-cieplej-wody-po-ziemniaki-wyjasnil-skandaliczny-kaskader-gajewska\/\"},\"author\":{\"name\":\"Filip\",\"@id\":\"https:\/\/www.pogotowieflagowe.pl\/aktualne\/#\/schema\/person\/9c2fb7d2362ebf6fa088960d7f0d27b0\"},\"headline\":\"Od ciep\u0142ej wody po ziemniaki: wyja\u015bni\u0142 skandaliczny kaskader Gajewska\",\"datePublished\":\"2025-05-31T02:52:10+00:00\",\"dateModified\":\"2025-05-31T02:52:12+00:00\",\"mainEntityOfPage\":{\"@id\":\"https:\/\/www.pogotowieflagowe.pl\/aktualne\/od-cieplej-wody-po-ziemniaki-wyjasnil-skandaliczny-kaskader-gajewska\/\"},\"wordCount\":615,\"publisher\":{\"@id\":\"https:\/\/www.pogotowieflagowe.pl\/aktualne\/#organization\"},\"image\":{\"@id\":\"https:\/\/www.pogotowieflagowe.pl\/aktualne\/od-cieplej-wody-po-ziemniaki-wyjasnil-skandaliczny-kaskader-gajewska\/#primaryimage\"},\"thumbnailUrl\":\"https:\/\/www.pogotowieflagowe.pl\/aktualne\/wp-content\/uploads\/2025\/05\/Od-cieplej-wody-po-ziemniaki-wyjasnil-skandaliczny-kaskader-Gajewska.webp.webp\",\"keywords\":[\"ciep\u0142ej\",\"Gajewska\",\"kaskader\",\"skandaliczny\",\"wody\",\"wyja\u015bni\u0142\",\"ziemniaki\"],\"articleSection\":[\"Aktualne\"],\"inLanguage\":\"pl-PL\"},{\"@type\":\"WebPage\",\"@id\":\"https:\/\/www.pogotowieflagowe.pl\/aktualne\/od-cieplej-wody-po-ziemniaki-wyjasnil-skandaliczny-kaskader-gajewska\/\",\"url\":\"https:\/\/www.pogotowieflagowe.pl\/aktualne\/od-cieplej-wody-po-ziemniaki-wyjasnil-skandaliczny-kaskader-gajewska\/\",\"name\":\"Od ciep\u0142ej wody po ziemniaki: wyja\u015bni\u0142 skandaliczny kaskader Gajewska - POGOTOWIE FLAGOWE\u00ae\",\"isPartOf\":{\"@id\":\"https:\/\/www.pogotowieflagowe.pl\/aktualne\/#website\"},\"primaryImageOfPage\":{\"@id\":\"https:\/\/www.pogotowieflagowe.pl\/aktualne\/od-cieplej-wody-po-ziemniaki-wyjasnil-skandaliczny-kaskader-gajewska\/#primaryimage\"},\"image\":{\"@id\":\"https:\/\/www.pogotowieflagowe.pl\/aktualne\/od-cieplej-wody-po-ziemniaki-wyjasnil-skandaliczny-kaskader-gajewska\/#primaryimage\"},\"thumbnailUrl\":\"https:\/\/www.pogotowieflagowe.pl\/aktualne\/wp-content\/uploads\/2025\/05\/Od-cieplej-wody-po-ziemniaki-wyjasnil-skandaliczny-kaskader-Gajewska.webp.webp\",\"datePublished\":\"2025-05-31T02:52:10+00:00\",\"dateModified\":\"2025-05-31T02:52:12+00:00\",\"breadcrumb\":{\"@id\":\"https:\/\/www.pogotowieflagowe.pl\/aktualne\/od-cieplej-wody-po-ziemniaki-wyjasnil-skandaliczny-kaskader-gajewska\/#breadcrumb\"},\"inLanguage\":\"pl-PL\",\"potentialAction\":[{\"@type\":\"ReadAction\",\"target\":[\"https:\/\/www.pogotowieflagowe.pl\/aktualne\/od-cieplej-wody-po-ziemniaki-wyjasnil-skandaliczny-kaskader-gajewska\/\"]}]},{\"@type\":\"ImageObject\",\"inLanguage\":\"pl-PL\",\"@id\":\"https:\/\/www.pogotowieflagowe.pl\/aktualne\/od-cieplej-wody-po-ziemniaki-wyjasnil-skandaliczny-kaskader-gajewska\/#primaryimage\",\"url\":\"https:\/\/www.pogotowieflagowe.pl\/aktualne\/wp-content\/uploads\/2025\/05\/Od-cieplej-wody-po-ziemniaki-wyjasnil-skandaliczny-kaskader-Gajewska.webp.webp\",\"contentUrl\":\"https:\/\/www.pogotowieflagowe.pl\/aktualne\/wp-content\/uploads\/2025\/05\/Od-cieplej-wody-po-ziemniaki-wyjasnil-skandaliczny-kaskader-Gajewska.webp.webp\",\"width\":1280,\"height\":720,\"caption\":\"Od ciep\u0142ej wody po ziemniaki: wyja\u015bni\u0142 skandaliczny kaskader Gajewska\"},{\"@type\":\"BreadcrumbList\",\"@id\":\"https:\/\/www.pogotowieflagowe.pl\/aktualne\/od-cieplej-wody-po-ziemniaki-wyjasnil-skandaliczny-kaskader-gajewska\/#breadcrumb\",\"itemListElement\":[{\"@type\":\"ListItem\",\"position\":1,\"name\":\"Home\",\"item\":\"https:\/\/www.pogotowieflagowe.pl\/aktualne\/\"},{\"@type\":\"ListItem\",\"position\":2,\"name\":\"Od ciep\u0142ej wody po ziemniaki: wyja\u015bni\u0142 skandaliczny kaskader Gajewska\"}]},{\"@type\":\"WebSite\",\"@id\":\"https:\/\/www.pogotowieflagowe.pl\/aktualne\/#website\",\"url\":\"https:\/\/www.pogotowieflagowe.pl\/aktualne\/\",\"name\":\"POGOTOWIE FLAGOWE\u00ae\",\"description\":\"\",\"publisher\":{\"@id\":\"https:\/\/www.pogotowieflagowe.pl\/aktualne\/#organization\"},\"potentialAction\":[{\"@type\":\"SearchAction\",\"target\":{\"@type\":\"EntryPoint\",\"urlTemplate\":\"https:\/\/www.pogotowieflagowe.pl\/aktualne\/?s={search_term_string}\"},\"query-input\":\"required name=search_term_string\"}],\"inLanguage\":\"pl-PL\"},{\"@type\":\"Organization\",\"@id\":\"https:\/\/www.pogotowieflagowe.pl\/aktualne\/#organization\",\"name\":\"POGOTOWIE FLAGOWE\u00ae\",\"url\":\"https:\/\/www.pogotowieflagowe.pl\/aktualne\/\",\"logo\":{\"@type\":\"ImageObject\",\"inLanguage\":\"pl-PL\",\"@id\":\"https:\/\/www.pogotowieflagowe.pl\/aktualne\/#\/schema\/logo\/image\/\",\"url\":\"https:\/\/www.pogotowieflagowe.pl\/aktualne\/wp-content\/uploads\/2024\/08\/cropped-pogotowieflagowe_flaga_projekt_sm.jpg\",\"contentUrl\":\"https:\/\/www.pogotowieflagowe.pl\/aktualne\/wp-content\/uploads\/2024\/08\/cropped-pogotowieflagowe_flaga_projekt_sm.jpg\",\"width\":250,\"height\":143,\"caption\":\"POGOTOWIE FLAGOWE\u00ae\"},\"image\":{\"@id\":\"https:\/\/www.pogotowieflagowe.pl\/aktualne\/#\/schema\/logo\/image\/\"}},{\"@type\":\"Person\",\"@id\":\"https:\/\/www.pogotowieflagowe.pl\/aktualne\/#\/schema\/person\/9c2fb7d2362ebf6fa088960d7f0d27b0\",\"name\":\"Filip\",\"image\":{\"@type\":\"ImageObject\",\"inLanguage\":\"pl-PL\",\"@id\":\"https:\/\/www.pogotowieflagowe.pl\/aktualne\/#\/schema\/person\/image\/\",\"url\":\"https:\/\/www.pogotowieflagowe.pl\/aktualne\/wp-content\/uploads\/2024\/08\/pogotowieflagowe.pl_.jpg\",\"contentUrl\":\"https:\/\/www.pogotowieflagowe.pl\/aktualne\/wp-content\/uploads\/2024\/08\/pogotowieflagowe.pl_.jpg\",\"caption\":\"Filip\"},\"description\":\"Jestem Filip, polski dziennikarz z dyplomem nauk politycznych Uniwersytetu Warszawskiego. Rozpoczynaj\u0105c swoj\u0105 karier\u0119 w r\u00f3\u017cnych lokalnych mediach, zdoby\u0142em solidne do\u015bwiadczenie w zakresie \u015bledztwa i redakcji. Obecnie jako redaktor w Pogotowie flagowe, staram si\u0119 dostarcza\u0107 dog\u0142\u0119bne i istotne analizy na temat najwa\u017cniejszych kwestii aktualno\u015bci, \u0142\u0105cz\u0105c rygor z pasj\u0105 dziennikarsk\u0105.\",\"sameAs\":[\"https:\/\/www.pogotowieflagowe.pl\/\"]}]}<\/script>\n<!-- \/ Yoast SEO plugin. -->","yoast_head_json":{"title":"Od ciep\u0142ej wody po ziemniaki: wyja\u015bni\u0142 skandaliczny kaskader Gajewska - POGOTOWIE FLAGOWE\u00ae","robots":{"index":"index","follow":"follow","max-snippet":"max-snippet:-1","max-image-preview":"max-image-preview:large","max-video-preview":"max-video-preview:-1"},"canonical":"https:\/\/www.pogotowieflagowe.pl\/aktualne\/od-cieplej-wody-po-ziemniaki-wyjasnil-skandaliczny-kaskader-gajewska\/","og_locale":"pl_PL","og_type":"article","og_title":"Od ciep\u0142ej wody po ziemniaki: wyja\u015bni\u0142 skandaliczny kaskader Gajewska - POGOTOWIE FLAGOWE\u00ae","og_description":"Witryna domu opieki zaanga\u017cowanej w kontrowersyjne wydarzenie kampanii zorganizowane przez pos\u0142a Platform\u0119 Civic Placing Kinga Gajewska jest obecnie offline. W","og_url":"https:\/\/www.pogotowieflagowe.pl\/aktualne\/od-cieplej-wody-po-ziemniaki-wyjasnil-skandaliczny-kaskader-gajewska\/","og_site_name":"POGOTOWIE FLAGOWE\u00ae","article_published_time":"2025-05-31T02:52:10+00:00","article_modified_time":"2025-05-31T02:52:12+00:00","og_image":[{"width":1280,"height":720,"url":"https:\/\/www.pogotowieflagowe.pl\/aktualne\/wp-content\/uploads\/2025\/05\/Od-cieplej-wody-po-ziemniaki-wyjasnil-skandaliczny-kaskader-Gajewska.webp.webp","type":"image\/webp"}],"author":"Filip","twitter_card":"summary_large_image","twitter_misc":{"Napisane przez":"Filip","Szacowany czas czytania":"3 minuty"},"schema":{"@context":"https:\/\/schema.org","@graph":[{"@type":"Article","@id":"https:\/\/www.pogotowieflagowe.pl\/aktualne\/od-cieplej-wody-po-ziemniaki-wyjasnil-skandaliczny-kaskader-gajewska\/#article","isPartOf":{"@id":"https:\/\/www.pogotowieflagowe.pl\/aktualne\/od-cieplej-wody-po-ziemniaki-wyjasnil-skandaliczny-kaskader-gajewska\/"},"author":{"name":"Filip","@id":"https:\/\/www.pogotowieflagowe.pl\/aktualne\/#\/schema\/person\/9c2fb7d2362ebf6fa088960d7f0d27b0"},"headline":"Od ciep\u0142ej wody po ziemniaki: wyja\u015bni\u0142 skandaliczny kaskader Gajewska","datePublished":"2025-05-31T02:52:10+00:00","dateModified":"2025-05-31T02:52:12+00:00","mainEntityOfPage":{"@id":"https:\/\/www.pogotowieflagowe.pl\/aktualne\/od-cieplej-wody-po-ziemniaki-wyjasnil-skandaliczny-kaskader-gajewska\/"},"wordCount":615,"publisher":{"@id":"https:\/\/www.pogotowieflagowe.pl\/aktualne\/#organization"},"image":{"@id":"https:\/\/www.pogotowieflagowe.pl\/aktualne\/od-cieplej-wody-po-ziemniaki-wyjasnil-skandaliczny-kaskader-gajewska\/#primaryimage"},"thumbnailUrl":"https:\/\/www.pogotowieflagowe.pl\/aktualne\/wp-content\/uploads\/2025\/05\/Od-cieplej-wody-po-ziemniaki-wyjasnil-skandaliczny-kaskader-Gajewska.webp.webp","keywords":["ciep\u0142ej","Gajewska","kaskader","skandaliczny","wody","wyja\u015bni\u0142","ziemniaki"],"articleSection":["Aktualne"],"inLanguage":"pl-PL"},{"@type":"WebPage","@id":"https:\/\/www.pogotowieflagowe.pl\/aktualne\/od-cieplej-wody-po-ziemniaki-wyjasnil-skandaliczny-kaskader-gajewska\/","url":"https:\/\/www.pogotowieflagowe.pl\/aktualne\/od-cieplej-wody-po-ziemniaki-wyjasnil-skandaliczny-kaskader-gajewska\/","name":"Od ciep\u0142ej wody po ziemniaki: wyja\u015bni\u0142 skandaliczny kaskader Gajewska - POGOTOWIE FLAGOWE\u00ae","isPartOf":{"@id":"https:\/\/www.pogotowieflagowe.pl\/aktualne\/#website"},"primaryImageOfPage":{"@id":"https:\/\/www.pogotowieflagowe.pl\/aktualne\/od-cieplej-wody-po-ziemniaki-wyjasnil-skandaliczny-kaskader-gajewska\/#primaryimage"},"image":{"@id":"https:\/\/www.pogotowieflagowe.pl\/aktualne\/od-cieplej-wody-po-ziemniaki-wyjasnil-skandaliczny-kaskader-gajewska\/#primaryimage"},"thumbnailUrl":"https:\/\/www.pogotowieflagowe.pl\/aktualne\/wp-content\/uploads\/2025\/05\/Od-cieplej-wody-po-ziemniaki-wyjasnil-skandaliczny-kaskader-Gajewska.webp.webp","datePublished":"2025-05-31T02:52:10+00:00","dateModified":"2025-05-31T02:52:12+00:00","breadcrumb":{"@id":"https:\/\/www.pogotowieflagowe.pl\/aktualne\/od-cieplej-wody-po-ziemniaki-wyjasnil-skandaliczny-kaskader-gajewska\/#breadcrumb"},"inLanguage":"pl-PL","potentialAction":[{"@type":"ReadAction","target":["https:\/\/www.pogotowieflagowe.pl\/aktualne\/od-cieplej-wody-po-ziemniaki-wyjasnil-skandaliczny-kaskader-gajewska\/"]}]},{"@type":"ImageObject","inLanguage":"pl-PL","@id":"https:\/\/www.pogotowieflagowe.pl\/aktualne\/od-cieplej-wody-po-ziemniaki-wyjasnil-skandaliczny-kaskader-gajewska\/#primaryimage","url":"https:\/\/www.pogotowieflagowe.pl\/aktualne\/wp-content\/uploads\/2025\/05\/Od-cieplej-wody-po-ziemniaki-wyjasnil-skandaliczny-kaskader-Gajewska.webp.webp","contentUrl":"https:\/\/www.pogotowieflagowe.pl\/aktualne\/wp-content\/uploads\/2025\/05\/Od-cieplej-wody-po-ziemniaki-wyjasnil-skandaliczny-kaskader-Gajewska.webp.webp","width":1280,"height":720,"caption":"Od ciep\u0142ej wody po ziemniaki: wyja\u015bni\u0142 skandaliczny kaskader Gajewska"},{"@type":"BreadcrumbList","@id":"https:\/\/www.pogotowieflagowe.pl\/aktualne\/od-cieplej-wody-po-ziemniaki-wyjasnil-skandaliczny-kaskader-gajewska\/#breadcrumb","itemListElement":[{"@type":"ListItem","position":1,"name":"Home","item":"https:\/\/www.pogotowieflagowe.pl\/aktualne\/"},{"@type":"ListItem","position":2,"name":"Od ciep\u0142ej wody po ziemniaki: wyja\u015bni\u0142 skandaliczny kaskader Gajewska"}]},{"@type":"WebSite","@id":"https:\/\/www.pogotowieflagowe.pl\/aktualne\/#website","url":"https:\/\/www.pogotowieflagowe.pl\/aktualne\/","name":"POGOTOWIE FLAGOWE\u00ae","description":"","publisher":{"@id":"https:\/\/www.pogotowieflagowe.pl\/aktualne\/#organization"},"potentialAction":[{"@type":"SearchAction","target":{"@type":"EntryPoint","urlTemplate":"https:\/\/www.pogotowieflagowe.pl\/aktualne\/?s={search_term_string}"},"query-input":"required name=search_term_string"}],"inLanguage":"pl-PL"},{"@type":"Organization","@id":"https:\/\/www.pogotowieflagowe.pl\/aktualne\/#organization","name":"POGOTOWIE FLAGOWE\u00ae","url":"https:\/\/www.pogotowieflagowe.pl\/aktualne\/","logo":{"@type":"ImageObject","inLanguage":"pl-PL","@id":"https:\/\/www.pogotowieflagowe.pl\/aktualne\/#\/schema\/logo\/image\/","url":"https:\/\/www.pogotowieflagowe.pl\/aktualne\/wp-content\/uploads\/2024\/08\/cropped-pogotowieflagowe_flaga_projekt_sm.jpg","contentUrl":"https:\/\/www.pogotowieflagowe.pl\/aktualne\/wp-content\/uploads\/2024\/08\/cropped-pogotowieflagowe_flaga_projekt_sm.jpg","width":250,"height":143,"caption":"POGOTOWIE FLAGOWE\u00ae"},"image":{"@id":"https:\/\/www.pogotowieflagowe.pl\/aktualne\/#\/schema\/logo\/image\/"}},{"@type":"Person","@id":"https:\/\/www.pogotowieflagowe.pl\/aktualne\/#\/schema\/person\/9c2fb7d2362ebf6fa088960d7f0d27b0","name":"Filip","image":{"@type":"ImageObject","inLanguage":"pl-PL","@id":"https:\/\/www.pogotowieflagowe.pl\/aktualne\/#\/schema\/person\/image\/","url":"https:\/\/www.pogotowieflagowe.pl\/aktualne\/wp-content\/uploads\/2024\/08\/pogotowieflagowe.pl_.jpg","contentUrl":"https:\/\/www.pogotowieflagowe.pl\/aktualne\/wp-content\/uploads\/2024\/08\/pogotowieflagowe.pl_.jpg","caption":"Filip"},"description":"Jestem Filip, polski dziennikarz z dyplomem nauk politycznych Uniwersytetu Warszawskiego. Rozpoczynaj\u0105c swoj\u0105 karier\u0119 w r\u00f3\u017cnych lokalnych mediach, zdoby\u0142em solidne do\u015bwiadczenie w zakresie \u015bledztwa i redakcji. Obecnie jako redaktor w Pogotowie flagowe, staram si\u0119 dostarcza\u0107 dog\u0142\u0119bne i istotne analizy na temat najwa\u017cniejszych kwestii aktualno\u015bci, \u0142\u0105cz\u0105c rygor z pasj\u0105 dziennikarsk\u0105.","sameAs":["https:\/\/www.pogotowieflagowe.pl\/"]}]}},"_links":{"self":[{"href":"https:\/\/www.pogotowieflagowe.pl\/aktualne\/wp-json\/wp\/v2\/posts\/6008","targetHints":{"allow":["GET"]}}],"collection":[{"href":"https:\/\/www.pogotowieflagowe.pl\/aktualne\/wp-json\/wp\/v2\/posts"}],"about":[{"href":"https:\/\/www.pogotowieflagowe.pl\/aktualne\/wp-json\/wp\/v2\/types\/post"}],"author":[{"embeddable":true,"href":"https:\/\/www.pogotowieflagowe.pl\/aktualne\/wp-json\/wp\/v2\/users\/1"}],"replies":[{"embeddable":true,"href":"https:\/\/www.pogotowieflagowe.pl\/aktualne\/wp-json\/wp\/v2\/comments?post=6008"}],"version-history":[{"count":1,"href":"https:\/\/www.pogotowieflagowe.pl\/aktualne\/wp-json\/wp\/v2\/posts\/6008\/revisions"}],"predecessor-version":[{"id":6010,"href":"https:\/\/www.pogotowieflagowe.pl\/aktualne\/wp-json\/wp\/v2\/posts\/6008\/revisions\/6010"}],"wp:featuredmedia":[{"embeddable":true,"href":"https:\/\/www.pogotowieflagowe.pl\/aktualne\/wp-json\/wp\/v2\/media\/6009"}],"wp:attachment":[{"href":"https:\/\/www.pogotowieflagowe.pl\/aktualne\/wp-json\/wp\/v2\/media?parent=6008"}],"wp:term":[{"taxonomy":"category","embeddable":true,"href":"https:\/\/www.pogotowieflagowe.pl\/aktualne\/wp-json\/wp\/v2\/categories?post=6008"},{"taxonomy":"post_tag","embeddable":true,"href":"https:\/\/www.pogotowieflagowe.pl\/aktualne\/wp-json\/wp\/v2\/tags?post=6008"}],"curies":[{"name":"wp","href":"https:\/\/api.w.org\/{rel}","templated":true}]}}