{"id":601,"date":"2024-09-08T22:52:52","date_gmt":"2024-09-08T20:52:52","guid":{"rendered":"https:\/\/www.pogotowieflagowe.pl\/aktualne\/echa-przeszlosci-przywodztwo-tuska-w-cieniu-spuscizny-gomulki\/"},"modified":"2024-09-08T22:53:15","modified_gmt":"2024-09-08T20:53:15","slug":"echa-przeszlosci-przywodztwo-tuska-w-cieniu-spuscizny-gomulki","status":"publish","type":"post","link":"https:\/\/www.pogotowieflagowe.pl\/aktualne\/echa-przeszlosci-przywodztwo-tuska-w-cieniu-spuscizny-gomulki\/","title":{"rendered":"Echa przesz\u0142o\u015bci: przyw\u00f3dztwo Tuska w cieniu spu\u015bcizny Gomu\u0142ki"},"content":{"rendered":"\n<div class=\"td_block_wrap tdb_single_content tdi_48 td-pb-border-top td_block_template_8 td-post-content tagdiv-type\" data-td-block-uid=\"tdi_48\">\n<style>.tdi_48{margines g\u00f3rny:0px!wa\u017cne;margines dolny:0px!wa\u017cne;wype\u0142nienie g\u00f3rne:0px!wa\u017cne;wype\u0142nienie dolne:0px!wa\u017cne}<\/style>\n<style>.tdb_single_content{margines-dolny:0;*powi\u0119kszenie:1}.tdb_single_content:before,.tdb_single_content:after{wy\u015bwietlanie:tabela;zawarto\u015b\u0107:'';wysoko\u015b\u0107-linii:0}.tdb_single_content:after{wyczy\u015b\u0107:oba}.tdb_single_content .tdb-block-inner>*:not(.wp-block-quote):not(.alignwide):not(.alignfull.wp-block-cover.has-parallax):not(.td-a-ad){margines-lewy:auto;margines-prawy:auto}.tdb_single_content a{zdarzenia-wska\u017anika:auto}.tdb_single_content .td-spot-id-top_ad .tdc-placeholder-title:before{zawarto\u015b\u0107:'Pocz\u0105tek artyku\u0142u Reklama'!important}.tdb_single_content .td-spot-id-inline_ad0 .tdc-placeholder-title:before{content:'Reklama inline artyku\u0142u 1'!important}.tdb_single_content .td-spot-id-inline_ad1 .tdc-placeholder-title:before{content:'Reklama inline artyku\u0142u 2'!important}.tdb_single_content .td-spot-id-inline_ad2 .tdc-placeholder-title:before{content:'Reklama inline artyku\u0142u 3'!important}.tdb_single_content .td-spot-id-bottom_ad .tdc-placeholder-title:before{content:'Reklama dolna artyku\u0142u'!important}.tdb_single_content .id_top_ad,.tdb_single_content .id_bottom_ad{clear:both;margines-dolny:21px;wyr\u00f3wnanie-tekstu:\u015brodek}.tdb_single_content .id_top_ad img,.tdb_single_content .id_bottom_ad img{margines-dolny:0}.tdb_single_content .id_top_ad .adsbygoogle,.tdb_single_content .id_bottom_ad .adsbygoogle{pozycja:wzgl\u0119dna}.tdb_single_content .id_ad_content-poziom-lewy,.tdb_single_content .id_ad_content-poziom-prawy,.tdb_single_content .id_ad_content-horiz-center{margines dolny:15px}.tdb_single_content .id_ad_content-horiz-lewy img,.tdb_single_content .id_ad_content-horiz-prawy img,.tdb_single_content .id_ad_content-horiz-center img{margines dolny:0}.tdb_single_content .id_ad_content-horiz-center{wyr\u00f3wnanie tekstu:\u015brodek}.tdb_single_content .id_ad_content-horiz-center img{margines prawy:auto;margines lewy:auto}.tdb_single_content .id_ad_content-horiz-left{float:lewy;margines g\u00f3rny:9px;margines prawy:21px}.tdb_single_content .id_ad_content-horiz-right{float:right;margines-g\u00f3rny:6px;margines-lewy:21px}.tdb_single_content .tdc-a-ad .tdc-placeholder-title{szeroko\u015b\u0107:300px;wysoko\u015b\u0107:250px}.tdb_single_content .tdc-a-ad .tdc-placeholder-title:before{pozycja:absolutna;g\u00f3ra:50%;-webkit-transform:translateY(-50%);przekszta\u0142cenie:translateY(-50%);margines:auto;wy\u015bwietlanie:tabela;szeroko\u015b\u0107:100%}.tdb_single_content .tdb-block-inner.td-fix-index{word-break:break-word}.tdi_48,.tdi_48>p,.tdi_48 .tdb-block-inner>p{rozmiar-czcionki:16px!wa\u017cne;wysoko\u015b\u0107-linii:1.6!wa\u017cne}.tdi_48 .tdb-block-inner cytat p{styl-czcionki:normalny!wa\u017cne}@media (maks. szeroko\u015b\u0107:767px){.tdb_single_content .id_ad_content-poziom-lewo,.tdb_single_content .id_ad_content-poziom-prawo,.tdb_single_content .id_ad_content-poziom-\u015brodek{margines:0 auto 26px auto}}@media (maks. szeroko\u015b\u0107:767px){.tdb_single_content .id_ad_content-poziom-lewo{margines-prawy:0}}@media (maks. szeroko\u015b\u0107:767px){.tdb_single_content .id_ad_content-horiz-right{margines-lewy:0}}@media (maksymalna szeroko\u015b\u0107:767px){.tdb_single_content .td-a-ad{float:none;wyr\u00f3wnanie tekstu:\u015brodek}.tdb_single_content .td-a-ad img{margines-prawy:auto;margines-lewy:auto}.tdb_single_content .tdc-a-ad{float:none}}<\/style>\n<div class=\"tdb-block-inner td-fix-index\">\n<p><strong>Niedawne naloty na dom Roberta B\u0105kiewicza i biura Marszu Niepodleg\u0142o\u015bci przywo\u0142uj\u0105 wspomnienia z czas\u00f3w Gomu\u0142ki w Polsce. Gomu\u0142ka, posta\u0107 b\u0119d\u0105ca synonimem prymitywnych taktyk politycznych, zas\u0142yn\u0105\u0142 z pogardy dla otaczaj\u0105cych go ludzi, mimo \u017ce by\u0142 bardziej umiarkowany w por\u00f3wnaniu do swoich stalinowskich poprzednik\u00f3w.<\/strong><\/p>\n<h2 class=\"wp-block-heading\">Symbolika rajd\u00f3w<\/h2>\n<p>Przybycie o 6 rano po anonimowym krzyku sprzed sze\u015bciu lat wydaje si\u0119 bardziej desperack\u0105 pr\u00f3b\u0105 zastraszenia ni\u017c uzasadnionym aktem egzekwowania prawa. Je\u015bli w\u0142adze zamierza\u0142y wys\u0142a\u0107 przera\u017caj\u0105c\u0105 wiadomo\u015b\u0107, mog\u0142y odnie\u015b\u0107 sukces jedynie w pokazaniu daremno\u015bci i g\u0142upoty swoich dzia\u0142a\u0144, wzbudzaj\u0105c wi\u0119cej pogardy ni\u017c strachu.<\/p>\n<figure class=\"wp-block-embed is-type-rich is-provider-twitter wp-block-embed-twitter\">\n<div class=\"wp-block-embed__wrapper\">\n<blockquote class=\"twitter-tweet\" data-width=\"550\" data-dnt=\"true\">\n<p lang=\"pl\" dir=\"ltr\">Warsztaty z gad\u017cetami erotycznymi i promocja prostytucji w mediach publicznych \u2013 czytaj w wydaniu weekendowym <a rel=\"nofollow\" href=\"https:\/\/twitter.com\/hashtag\/GPC?src=hash&amp;ref_src=twsrc%5Etfw\">#GPC<\/a> wraz z dodatkami \u201eNiecodzienna Gazeta Polska\u201d oraz programem telewizyjnym. <\/p>\n<p>Wi\u0119cej na https:\/\/t.co\/1HYRtWjbz8 oraz na https:\/\/t.co\/5oUNtNgoqJ <a rel=\"nofollow\" href=\"https:\/\/t.co\/cSqXXaDDYI\">fot.twitter.com\/cSqXXaDDYI<\/a><\/p>\n<p>\u2014 GP Codziennie (@GPCodziennie) <a rel=\"nofollow\" href=\"https:\/\/twitter.com\/GPCodziennie\/status\/1831924927722918032?ref_src=twsrc%5Etfw\">6 wrze\u015bnia 2024 r.<\/a><\/p><\/blockquote>\n<\/div>\n<\/figure>\n<p>Ostatnie ruchy Adama Bodnara w rz\u0105dzie sugeruj\u0105 zmian\u0119 w kierunku tego samego typu autorytarnego zachowania, kt\u00f3re charakteryzowa\u0142o er\u0119 Gomu\u0142ki. Bodnar, niegdy\u015b szanowana posta\u0107, jest teraz zagro\u017cony tym, \u017ce zostanie zapami\u0119tany jako kolejny egzekutor prymitywnej polityki.<\/p>\n<\/div>\n<\/div>\n<p><script async src=\"https:\/\/platform.twitter.com\/widgets.js\" charset=\"utf-8\"><\/script><\/p>\n","protected":false},"excerpt":{"rendered":"<p>Niedawne naloty na dom Roberta B\u0105kiewicza i biura Marszu Niepodleg\u0142o\u015bci przywo\u0142uj\u0105 wspomnienia z czas\u00f3w Gomu\u0142ki w Polsce. Gomu\u0142ka, posta\u0107 b\u0119d\u0105ca<\/p>\n","protected":false},"author":1,"featured_media":602,"comment_status":"closed","ping_status":"","sticky":false,"template":"","format":"standard","meta":{"footnotes":""},"categories":[44],"tags":[1022,1019,1024,1020,1021,1023,567],"class_list":["post-601","post","type-post","status-publish","format-standard","has-post-thumbnail","hentry","category-polityka","tag-cieniu","tag-echa","tag-gomulki","tag-przeszlosci","tag-przywodztwo","tag-spuscizny","tag-tuska","generate-columns","tablet-grid-50","mobile-grid-100","grid-parent","grid-50","resize-featured-image"],"yoast_head":"<!-- This site is optimized with the Yoast SEO plugin v23.2 - https:\/\/yoast.com\/wordpress\/plugins\/seo\/ -->\n<title>Echa przesz\u0142o\u015bci: przyw\u00f3dztwo Tuska w cieniu spu\u015bcizny Gomu\u0142ki - POGOTOWIE FLAGOWE\u00ae<\/title>\n<meta name=\"robots\" content=\"index, follow, max-snippet:-1, max-image-preview:large, max-video-preview:-1\" \/>\n<link rel=\"canonical\" href=\"https:\/\/www.pogotowieflagowe.pl\/aktualne\/echa-przeszlosci-przywodztwo-tuska-w-cieniu-spuscizny-gomulki\/\" \/>\n<meta property=\"og:locale\" content=\"pl_PL\" \/>\n<meta property=\"og:type\" content=\"article\" \/>\n<meta property=\"og:title\" content=\"Echa przesz\u0142o\u015bci: przyw\u00f3dztwo Tuska w cieniu spu\u015bcizny Gomu\u0142ki - POGOTOWIE FLAGOWE\u00ae\" \/>\n<meta property=\"og:description\" content=\"Niedawne naloty na dom Roberta B\u0105kiewicza i biura Marszu Niepodleg\u0142o\u015bci przywo\u0142uj\u0105 wspomnienia z czas\u00f3w Gomu\u0142ki w Polsce. Gomu\u0142ka, posta\u0107 b\u0119d\u0105ca\" \/>\n<meta property=\"og:url\" content=\"https:\/\/www.pogotowieflagowe.pl\/aktualne\/echa-przeszlosci-przywodztwo-tuska-w-cieniu-spuscizny-gomulki\/\" \/>\n<meta property=\"og:site_name\" content=\"POGOTOWIE FLAGOWE\u00ae\" \/>\n<meta property=\"article:published_time\" content=\"2024-09-08T20:52:52+00:00\" \/>\n<meta property=\"article:modified_time\" content=\"2024-09-08T20:53:15+00:00\" \/>\n<meta property=\"og:image\" content=\"https:\/\/www.pogotowieflagowe.pl\/aktualne\/wp-content\/uploads\/2024\/09\/Echa-przeszlosci-przywodztwo-Tuska-w-cieniu-spuscizny-Gomulki-scaled.jpg\" \/>\n\t<meta property=\"og:image:width\" content=\"2560\" \/>\n\t<meta property=\"og:image:height\" content=\"1453\" \/>\n\t<meta property=\"og:image:type\" content=\"image\/jpeg\" \/>\n<meta name=\"author\" content=\"Filip\" \/>\n<meta name=\"twitter:card\" content=\"summary_large_image\" \/>\n<meta name=\"twitter:label1\" content=\"Napisane przez\" \/>\n\t<meta name=\"twitter:data1\" content=\"Filip\" \/>\n\t<meta name=\"twitter:label2\" content=\"Szacowany czas czytania\" \/>\n\t<meta name=\"twitter:data2\" content=\"1 minuta\" \/>\n<script type=\"application\/ld+json\" class=\"yoast-schema-graph\">{\"@context\":\"https:\/\/schema.org\",\"@graph\":[{\"@type\":\"Article\",\"@id\":\"https:\/\/www.pogotowieflagowe.pl\/aktualne\/echa-przeszlosci-przywodztwo-tuska-w-cieniu-spuscizny-gomulki\/#article\",\"isPartOf\":{\"@id\":\"https:\/\/www.pogotowieflagowe.pl\/aktualne\/echa-przeszlosci-przywodztwo-tuska-w-cieniu-spuscizny-gomulki\/\"},\"author\":{\"name\":\"Filip\",\"@id\":\"https:\/\/www.pogotowieflagowe.pl\/aktualne\/#\/schema\/person\/9c2fb7d2362ebf6fa088960d7f0d27b0\"},\"headline\":\"Echa przesz\u0142o\u015bci: przyw\u00f3dztwo Tuska w cieniu spu\u015bcizny Gomu\u0142ki\",\"datePublished\":\"2024-09-08T20:52:52+00:00\",\"dateModified\":\"2024-09-08T20:53:15+00:00\",\"mainEntityOfPage\":{\"@id\":\"https:\/\/www.pogotowieflagowe.pl\/aktualne\/echa-przeszlosci-przywodztwo-tuska-w-cieniu-spuscizny-gomulki\/\"},\"wordCount\":216,\"publisher\":{\"@id\":\"https:\/\/www.pogotowieflagowe.pl\/aktualne\/#organization\"},\"image\":{\"@id\":\"https:\/\/www.pogotowieflagowe.pl\/aktualne\/echa-przeszlosci-przywodztwo-tuska-w-cieniu-spuscizny-gomulki\/#primaryimage\"},\"thumbnailUrl\":\"https:\/\/www.pogotowieflagowe.pl\/aktualne\/wp-content\/uploads\/2024\/09\/Echa-przeszlosci-przywodztwo-Tuska-w-cieniu-spuscizny-Gomulki-scaled.jpg\",\"keywords\":[\"cieniu\",\"Echa\",\"Gomu\u0142ki\",\"przesz\u0142o\u015bci\",\"przyw\u00f3dztwo\",\"spu\u015bcizny\",\"Tuska\"],\"articleSection\":[\"Polityka\"],\"inLanguage\":\"pl-PL\"},{\"@type\":\"WebPage\",\"@id\":\"https:\/\/www.pogotowieflagowe.pl\/aktualne\/echa-przeszlosci-przywodztwo-tuska-w-cieniu-spuscizny-gomulki\/\",\"url\":\"https:\/\/www.pogotowieflagowe.pl\/aktualne\/echa-przeszlosci-przywodztwo-tuska-w-cieniu-spuscizny-gomulki\/\",\"name\":\"Echa przesz\u0142o\u015bci: przyw\u00f3dztwo Tuska w cieniu spu\u015bcizny Gomu\u0142ki - POGOTOWIE FLAGOWE\u00ae\",\"isPartOf\":{\"@id\":\"https:\/\/www.pogotowieflagowe.pl\/aktualne\/#website\"},\"primaryImageOfPage\":{\"@id\":\"https:\/\/www.pogotowieflagowe.pl\/aktualne\/echa-przeszlosci-przywodztwo-tuska-w-cieniu-spuscizny-gomulki\/#primaryimage\"},\"image\":{\"@id\":\"https:\/\/www.pogotowieflagowe.pl\/aktualne\/echa-przeszlosci-przywodztwo-tuska-w-cieniu-spuscizny-gomulki\/#primaryimage\"},\"thumbnailUrl\":\"https:\/\/www.pogotowieflagowe.pl\/aktualne\/wp-content\/uploads\/2024\/09\/Echa-przeszlosci-przywodztwo-Tuska-w-cieniu-spuscizny-Gomulki-scaled.jpg\",\"datePublished\":\"2024-09-08T20:52:52+00:00\",\"dateModified\":\"2024-09-08T20:53:15+00:00\",\"breadcrumb\":{\"@id\":\"https:\/\/www.pogotowieflagowe.pl\/aktualne\/echa-przeszlosci-przywodztwo-tuska-w-cieniu-spuscizny-gomulki\/#breadcrumb\"},\"inLanguage\":\"pl-PL\",\"potentialAction\":[{\"@type\":\"ReadAction\",\"target\":[\"https:\/\/www.pogotowieflagowe.pl\/aktualne\/echa-przeszlosci-przywodztwo-tuska-w-cieniu-spuscizny-gomulki\/\"]}]},{\"@type\":\"ImageObject\",\"inLanguage\":\"pl-PL\",\"@id\":\"https:\/\/www.pogotowieflagowe.pl\/aktualne\/echa-przeszlosci-przywodztwo-tuska-w-cieniu-spuscizny-gomulki\/#primaryimage\",\"url\":\"https:\/\/www.pogotowieflagowe.pl\/aktualne\/wp-content\/uploads\/2024\/09\/Echa-przeszlosci-przywodztwo-Tuska-w-cieniu-spuscizny-Gomulki-scaled.jpg\",\"contentUrl\":\"https:\/\/www.pogotowieflagowe.pl\/aktualne\/wp-content\/uploads\/2024\/09\/Echa-przeszlosci-przywodztwo-Tuska-w-cieniu-spuscizny-Gomulki-scaled.jpg\",\"width\":2560,\"height\":1453,\"caption\":\"Echa przesz\u0142o\u015bci: przyw\u00f3dztwo Tuska w cieniu spu\u015bcizny Gomu\u0142ki\"},{\"@type\":\"BreadcrumbList\",\"@id\":\"https:\/\/www.pogotowieflagowe.pl\/aktualne\/echa-przeszlosci-przywodztwo-tuska-w-cieniu-spuscizny-gomulki\/#breadcrumb\",\"itemListElement\":[{\"@type\":\"ListItem\",\"position\":1,\"name\":\"Home\",\"item\":\"https:\/\/www.pogotowieflagowe.pl\/aktualne\/\"},{\"@type\":\"ListItem\",\"position\":2,\"name\":\"Echa przesz\u0142o\u015bci: przyw\u00f3dztwo Tuska w cieniu spu\u015bcizny Gomu\u0142ki\"}]},{\"@type\":\"WebSite\",\"@id\":\"https:\/\/www.pogotowieflagowe.pl\/aktualne\/#website\",\"url\":\"https:\/\/www.pogotowieflagowe.pl\/aktualne\/\",\"name\":\"POGOTOWIE FLAGOWE\u00ae\",\"description\":\"\",\"publisher\":{\"@id\":\"https:\/\/www.pogotowieflagowe.pl\/aktualne\/#organization\"},\"potentialAction\":[{\"@type\":\"SearchAction\",\"target\":{\"@type\":\"EntryPoint\",\"urlTemplate\":\"https:\/\/www.pogotowieflagowe.pl\/aktualne\/?s={search_term_string}\"},\"query-input\":\"required name=search_term_string\"}],\"inLanguage\":\"pl-PL\"},{\"@type\":\"Organization\",\"@id\":\"https:\/\/www.pogotowieflagowe.pl\/aktualne\/#organization\",\"name\":\"POGOTOWIE FLAGOWE\u00ae\",\"url\":\"https:\/\/www.pogotowieflagowe.pl\/aktualne\/\",\"logo\":{\"@type\":\"ImageObject\",\"inLanguage\":\"pl-PL\",\"@id\":\"https:\/\/www.pogotowieflagowe.pl\/aktualne\/#\/schema\/logo\/image\/\",\"url\":\"https:\/\/www.pogotowieflagowe.pl\/aktualne\/wp-content\/uploads\/2024\/08\/cropped-pogotowieflagowe_flaga_projekt_sm.jpg\",\"contentUrl\":\"https:\/\/www.pogotowieflagowe.pl\/aktualne\/wp-content\/uploads\/2024\/08\/cropped-pogotowieflagowe_flaga_projekt_sm.jpg\",\"width\":250,\"height\":143,\"caption\":\"POGOTOWIE FLAGOWE\u00ae\"},\"image\":{\"@id\":\"https:\/\/www.pogotowieflagowe.pl\/aktualne\/#\/schema\/logo\/image\/\"}},{\"@type\":\"Person\",\"@id\":\"https:\/\/www.pogotowieflagowe.pl\/aktualne\/#\/schema\/person\/9c2fb7d2362ebf6fa088960d7f0d27b0\",\"name\":\"Filip\",\"image\":{\"@type\":\"ImageObject\",\"inLanguage\":\"pl-PL\",\"@id\":\"https:\/\/www.pogotowieflagowe.pl\/aktualne\/#\/schema\/person\/image\/\",\"url\":\"https:\/\/www.pogotowieflagowe.pl\/aktualne\/wp-content\/uploads\/2024\/08\/pogotowieflagowe.pl_.jpg\",\"contentUrl\":\"https:\/\/www.pogotowieflagowe.pl\/aktualne\/wp-content\/uploads\/2024\/08\/pogotowieflagowe.pl_.jpg\",\"caption\":\"Filip\"},\"description\":\"Jestem Filip, polski dziennikarz z dyplomem nauk politycznych Uniwersytetu Warszawskiego. Rozpoczynaj\u0105c swoj\u0105 karier\u0119 w r\u00f3\u017cnych lokalnych mediach, zdoby\u0142em solidne do\u015bwiadczenie w zakresie \u015bledztwa i redakcji. Obecnie jako redaktor w Pogotowie flagowe, staram si\u0119 dostarcza\u0107 dog\u0142\u0119bne i istotne analizy na temat najwa\u017cniejszych kwestii aktualno\u015bci, \u0142\u0105cz\u0105c rygor z pasj\u0105 dziennikarsk\u0105.\",\"sameAs\":[\"https:\/\/www.pogotowieflagowe.pl\/\"]}]}<\/script>\n<!-- \/ Yoast SEO plugin. -->","yoast_head_json":{"title":"Echa przesz\u0142o\u015bci: przyw\u00f3dztwo Tuska w cieniu spu\u015bcizny Gomu\u0142ki - POGOTOWIE FLAGOWE\u00ae","robots":{"index":"index","follow":"follow","max-snippet":"max-snippet:-1","max-image-preview":"max-image-preview:large","max-video-preview":"max-video-preview:-1"},"canonical":"https:\/\/www.pogotowieflagowe.pl\/aktualne\/echa-przeszlosci-przywodztwo-tuska-w-cieniu-spuscizny-gomulki\/","og_locale":"pl_PL","og_type":"article","og_title":"Echa przesz\u0142o\u015bci: przyw\u00f3dztwo Tuska w cieniu spu\u015bcizny Gomu\u0142ki - POGOTOWIE FLAGOWE\u00ae","og_description":"Niedawne naloty na dom Roberta B\u0105kiewicza i biura Marszu Niepodleg\u0142o\u015bci przywo\u0142uj\u0105 wspomnienia z czas\u00f3w Gomu\u0142ki w Polsce. Gomu\u0142ka, posta\u0107 b\u0119d\u0105ca","og_url":"https:\/\/www.pogotowieflagowe.pl\/aktualne\/echa-przeszlosci-przywodztwo-tuska-w-cieniu-spuscizny-gomulki\/","og_site_name":"POGOTOWIE FLAGOWE\u00ae","article_published_time":"2024-09-08T20:52:52+00:00","article_modified_time":"2024-09-08T20:53:15+00:00","og_image":[{"width":2560,"height":1453,"url":"https:\/\/www.pogotowieflagowe.pl\/aktualne\/wp-content\/uploads\/2024\/09\/Echa-przeszlosci-przywodztwo-Tuska-w-cieniu-spuscizny-Gomulki-scaled.jpg","type":"image\/jpeg"}],"author":"Filip","twitter_card":"summary_large_image","twitter_misc":{"Napisane przez":"Filip","Szacowany czas czytania":"1 minuta"},"schema":{"@context":"https:\/\/schema.org","@graph":[{"@type":"Article","@id":"https:\/\/www.pogotowieflagowe.pl\/aktualne\/echa-przeszlosci-przywodztwo-tuska-w-cieniu-spuscizny-gomulki\/#article","isPartOf":{"@id":"https:\/\/www.pogotowieflagowe.pl\/aktualne\/echa-przeszlosci-przywodztwo-tuska-w-cieniu-spuscizny-gomulki\/"},"author":{"name":"Filip","@id":"https:\/\/www.pogotowieflagowe.pl\/aktualne\/#\/schema\/person\/9c2fb7d2362ebf6fa088960d7f0d27b0"},"headline":"Echa przesz\u0142o\u015bci: przyw\u00f3dztwo Tuska w cieniu spu\u015bcizny Gomu\u0142ki","datePublished":"2024-09-08T20:52:52+00:00","dateModified":"2024-09-08T20:53:15+00:00","mainEntityOfPage":{"@id":"https:\/\/www.pogotowieflagowe.pl\/aktualne\/echa-przeszlosci-przywodztwo-tuska-w-cieniu-spuscizny-gomulki\/"},"wordCount":216,"publisher":{"@id":"https:\/\/www.pogotowieflagowe.pl\/aktualne\/#organization"},"image":{"@id":"https:\/\/www.pogotowieflagowe.pl\/aktualne\/echa-przeszlosci-przywodztwo-tuska-w-cieniu-spuscizny-gomulki\/#primaryimage"},"thumbnailUrl":"https:\/\/www.pogotowieflagowe.pl\/aktualne\/wp-content\/uploads\/2024\/09\/Echa-przeszlosci-przywodztwo-Tuska-w-cieniu-spuscizny-Gomulki-scaled.jpg","keywords":["cieniu","Echa","Gomu\u0142ki","przesz\u0142o\u015bci","przyw\u00f3dztwo","spu\u015bcizny","Tuska"],"articleSection":["Polityka"],"inLanguage":"pl-PL"},{"@type":"WebPage","@id":"https:\/\/www.pogotowieflagowe.pl\/aktualne\/echa-przeszlosci-przywodztwo-tuska-w-cieniu-spuscizny-gomulki\/","url":"https:\/\/www.pogotowieflagowe.pl\/aktualne\/echa-przeszlosci-przywodztwo-tuska-w-cieniu-spuscizny-gomulki\/","name":"Echa przesz\u0142o\u015bci: przyw\u00f3dztwo Tuska w cieniu spu\u015bcizny Gomu\u0142ki - POGOTOWIE FLAGOWE\u00ae","isPartOf":{"@id":"https:\/\/www.pogotowieflagowe.pl\/aktualne\/#website"},"primaryImageOfPage":{"@id":"https:\/\/www.pogotowieflagowe.pl\/aktualne\/echa-przeszlosci-przywodztwo-tuska-w-cieniu-spuscizny-gomulki\/#primaryimage"},"image":{"@id":"https:\/\/www.pogotowieflagowe.pl\/aktualne\/echa-przeszlosci-przywodztwo-tuska-w-cieniu-spuscizny-gomulki\/#primaryimage"},"thumbnailUrl":"https:\/\/www.pogotowieflagowe.pl\/aktualne\/wp-content\/uploads\/2024\/09\/Echa-przeszlosci-przywodztwo-Tuska-w-cieniu-spuscizny-Gomulki-scaled.jpg","datePublished":"2024-09-08T20:52:52+00:00","dateModified":"2024-09-08T20:53:15+00:00","breadcrumb":{"@id":"https:\/\/www.pogotowieflagowe.pl\/aktualne\/echa-przeszlosci-przywodztwo-tuska-w-cieniu-spuscizny-gomulki\/#breadcrumb"},"inLanguage":"pl-PL","potentialAction":[{"@type":"ReadAction","target":["https:\/\/www.pogotowieflagowe.pl\/aktualne\/echa-przeszlosci-przywodztwo-tuska-w-cieniu-spuscizny-gomulki\/"]}]},{"@type":"ImageObject","inLanguage":"pl-PL","@id":"https:\/\/www.pogotowieflagowe.pl\/aktualne\/echa-przeszlosci-przywodztwo-tuska-w-cieniu-spuscizny-gomulki\/#primaryimage","url":"https:\/\/www.pogotowieflagowe.pl\/aktualne\/wp-content\/uploads\/2024\/09\/Echa-przeszlosci-przywodztwo-Tuska-w-cieniu-spuscizny-Gomulki-scaled.jpg","contentUrl":"https:\/\/www.pogotowieflagowe.pl\/aktualne\/wp-content\/uploads\/2024\/09\/Echa-przeszlosci-przywodztwo-Tuska-w-cieniu-spuscizny-Gomulki-scaled.jpg","width":2560,"height":1453,"caption":"Echa przesz\u0142o\u015bci: przyw\u00f3dztwo Tuska w cieniu spu\u015bcizny Gomu\u0142ki"},{"@type":"BreadcrumbList","@id":"https:\/\/www.pogotowieflagowe.pl\/aktualne\/echa-przeszlosci-przywodztwo-tuska-w-cieniu-spuscizny-gomulki\/#breadcrumb","itemListElement":[{"@type":"ListItem","position":1,"name":"Home","item":"https:\/\/www.pogotowieflagowe.pl\/aktualne\/"},{"@type":"ListItem","position":2,"name":"Echa przesz\u0142o\u015bci: przyw\u00f3dztwo Tuska w cieniu spu\u015bcizny Gomu\u0142ki"}]},{"@type":"WebSite","@id":"https:\/\/www.pogotowieflagowe.pl\/aktualne\/#website","url":"https:\/\/www.pogotowieflagowe.pl\/aktualne\/","name":"POGOTOWIE FLAGOWE\u00ae","description":"","publisher":{"@id":"https:\/\/www.pogotowieflagowe.pl\/aktualne\/#organization"},"potentialAction":[{"@type":"SearchAction","target":{"@type":"EntryPoint","urlTemplate":"https:\/\/www.pogotowieflagowe.pl\/aktualne\/?s={search_term_string}"},"query-input":"required name=search_term_string"}],"inLanguage":"pl-PL"},{"@type":"Organization","@id":"https:\/\/www.pogotowieflagowe.pl\/aktualne\/#organization","name":"POGOTOWIE FLAGOWE\u00ae","url":"https:\/\/www.pogotowieflagowe.pl\/aktualne\/","logo":{"@type":"ImageObject","inLanguage":"pl-PL","@id":"https:\/\/www.pogotowieflagowe.pl\/aktualne\/#\/schema\/logo\/image\/","url":"https:\/\/www.pogotowieflagowe.pl\/aktualne\/wp-content\/uploads\/2024\/08\/cropped-pogotowieflagowe_flaga_projekt_sm.jpg","contentUrl":"https:\/\/www.pogotowieflagowe.pl\/aktualne\/wp-content\/uploads\/2024\/08\/cropped-pogotowieflagowe_flaga_projekt_sm.jpg","width":250,"height":143,"caption":"POGOTOWIE FLAGOWE\u00ae"},"image":{"@id":"https:\/\/www.pogotowieflagowe.pl\/aktualne\/#\/schema\/logo\/image\/"}},{"@type":"Person","@id":"https:\/\/www.pogotowieflagowe.pl\/aktualne\/#\/schema\/person\/9c2fb7d2362ebf6fa088960d7f0d27b0","name":"Filip","image":{"@type":"ImageObject","inLanguage":"pl-PL","@id":"https:\/\/www.pogotowieflagowe.pl\/aktualne\/#\/schema\/person\/image\/","url":"https:\/\/www.pogotowieflagowe.pl\/aktualne\/wp-content\/uploads\/2024\/08\/pogotowieflagowe.pl_.jpg","contentUrl":"https:\/\/www.pogotowieflagowe.pl\/aktualne\/wp-content\/uploads\/2024\/08\/pogotowieflagowe.pl_.jpg","caption":"Filip"},"description":"Jestem Filip, polski dziennikarz z dyplomem nauk politycznych Uniwersytetu Warszawskiego. Rozpoczynaj\u0105c swoj\u0105 karier\u0119 w r\u00f3\u017cnych lokalnych mediach, zdoby\u0142em solidne do\u015bwiadczenie w zakresie \u015bledztwa i redakcji. Obecnie jako redaktor w Pogotowie flagowe, staram si\u0119 dostarcza\u0107 dog\u0142\u0119bne i istotne analizy na temat najwa\u017cniejszych kwestii aktualno\u015bci, \u0142\u0105cz\u0105c rygor z pasj\u0105 dziennikarsk\u0105.","sameAs":["https:\/\/www.pogotowieflagowe.pl\/"]}]}},"_links":{"self":[{"href":"https:\/\/www.pogotowieflagowe.pl\/aktualne\/wp-json\/wp\/v2\/posts\/601","targetHints":{"allow":["GET"]}}],"collection":[{"href":"https:\/\/www.pogotowieflagowe.pl\/aktualne\/wp-json\/wp\/v2\/posts"}],"about":[{"href":"https:\/\/www.pogotowieflagowe.pl\/aktualne\/wp-json\/wp\/v2\/types\/post"}],"author":[{"embeddable":true,"href":"https:\/\/www.pogotowieflagowe.pl\/aktualne\/wp-json\/wp\/v2\/users\/1"}],"replies":[{"embeddable":true,"href":"https:\/\/www.pogotowieflagowe.pl\/aktualne\/wp-json\/wp\/v2\/comments?post=601"}],"version-history":[{"count":1,"href":"https:\/\/www.pogotowieflagowe.pl\/aktualne\/wp-json\/wp\/v2\/posts\/601\/revisions"}],"predecessor-version":[{"id":603,"href":"https:\/\/www.pogotowieflagowe.pl\/aktualne\/wp-json\/wp\/v2\/posts\/601\/revisions\/603"}],"wp:featuredmedia":[{"embeddable":true,"href":"https:\/\/www.pogotowieflagowe.pl\/aktualne\/wp-json\/wp\/v2\/media\/602"}],"wp:attachment":[{"href":"https:\/\/www.pogotowieflagowe.pl\/aktualne\/wp-json\/wp\/v2\/media?parent=601"}],"wp:term":[{"taxonomy":"category","embeddable":true,"href":"https:\/\/www.pogotowieflagowe.pl\/aktualne\/wp-json\/wp\/v2\/categories?post=601"},{"taxonomy":"post_tag","embeddable":true,"href":"https:\/\/www.pogotowieflagowe.pl\/aktualne\/wp-json\/wp\/v2\/tags?post=601"}],"curies":[{"name":"wp","href":"https:\/\/api.w.org\/{rel}","templated":true}]}}