{"id":6011,"date":"2025-05-31T10:47:49","date_gmt":"2025-05-31T08:47:49","guid":{"rendered":"https:\/\/www.pogotowieflagowe.pl\/aktualne\/niezwykly-hold-dla-bohatera-wyjatkowa-rzezba-w-grobie-zmarlego-mateusz-sitek\/"},"modified":"2025-05-31T10:47:49","modified_gmt":"2025-05-31T08:47:49","slug":"niezwykly-hold-dla-bohatera-wyjatkowa-rzezba-w-grobie-zmarlego-mateusz-sitek","status":"publish","type":"post","link":"https:\/\/www.pogotowieflagowe.pl\/aktualne\/niezwykly-hold-dla-bohatera-wyjatkowa-rzezba-w-grobie-zmarlego-mateusz-sitek\/","title":{"rendered":"Niezwyk\u0142y ho\u0142d dla bohatera: wyj\u0105tkowa rze\u017aba w grobie zmar\u0142ego Mateusz Sitek"},"content":{"rendered":"\n<div class=\"td_block_wrap tdb_single_content tdi_41 td-pb-border-top td_block_template_8 td-post-content tagdiv-type\" data-td-block-uid=\"tdi_41\">\n<style>.tdi_41 {margin-top: 0px! Wa\u017cne; margines-bottom: 0px! WA\u017bNY; PALDING-TOP: 0PX! WA\u017bNY; PALDING-BOTTOM: 0PX! WA\u017bNE}<\/style>\n<style>.tdb_single_content {margin-bottom: 0;*zoom: 1} .tdb_single_content: wcze\u015bniej, .tdb_single_content: po {display: Table; content: ''; line-height: 0} .TDB-BLOCK-INner>*: nie (.WP-BLOCK-QUOTE): not (.alignSwide): not (.Alignfull.wp-block-cover.has-parallax): not (.td-a-ad) {margin-left: auto; margin-right: auto} .tdb_single_ConTent a {wska\u017anik-events: auto} .tdb_single_content .td-spot-id-top_ad .tdc-placeholder-title: przed {content: \u201eArtyku\u0142 top ad\u201d! Wa\u017cne} .tdb_single_content .td-Spot-Id-inline_ad0 .tdc-placeholder-title 1 '! Wa\u017cne} .tdb_single_content .td-Spot-Id-inline_Ad1 .tdc-Placeholder-Title: przed {content: \u201eArtyku\u0142 inline AD 2'! Wa\u017cny} .tdb_single_content. 3 '! Wa\u017cne} .tdb_single_content .td-Spot-Id-Bottom_Ad .tdc-Placeholder-Title: przed {content: \u201eArtyku\u0142 Bottom Ad\u201d! Wa\u017cne} .tdb_single_content .id_top_ad, .tdb_single_content_content .id_bottom_ad {clear: oba; margin-bottom: 21px; text-align: Center} .tdb_single_content .id_top_ad img, .tdb_single_content .id_bottom_ad img {margin-bottom: 0} .tdb_single_conTent .id_top_ad .adsbyGoogle, .tdb_single_content .id_bottom_ad .adsbyGoogle {pozycja: relatyw} .tdb_single_content .id_ad_content-horiz-left, .tdb_single_content .id_ad_content-horiz-right, .tdb_single_content .id_ad_content-horiz-Center {margin-bottom: 15px} .tdb_single_content .id_ad_content-horiz-left Img, .tdb_single_content .id_ad_content-horiz-right img, .tdb_single_content .id_ad_content-horiz-centerter img {margin-bottom: 0} .tdb_single_content .id_ad_content-horiz-center {text-align: Center} .tdb_single_content .id_ad_content-horiz-center img {margin-right: auto; margin-let: auto} .tdb_single_content .id_ad_content-horiz-left {float: left; margin-top: 9px; margin-right: 21px} .tdb_single_content .id_ad_content-horiz-right {float: margin-top: 6px; margin-left: 21px} .tdb_single_content .tdc-a-a-ad .TDC-Placeholder-Title {szeroko\u015b\u0107: 300px; height: 250px} .tdb_single_content .tdc-a-ad .TDC-Placeholder-Title: Przed {Pozycja: Absolute; TOP: 50%;-WebKit-Transform: Translatey (-50%); Transform: Translatey (-50%); margines: auto; Display: Tabela; szeroko\u015b\u0107: 100%}. tdb_single_content .TDB-BLOCK-INNER.TD-FIX-INDEX {Word-Break: Break-word} .tdi_41, .tdi_41> p, .tdi_41 .tdb-block-inner> p, .Wp-Block-Column> p {font-size: 16px! Wa\u017cne; wa\u017cny; p {font-styl: normalne! Wa\u017cne} @media (Max-Width: 767px) {. tdb_single_content .id_ad_content-horiz-left, .tdb_single_content .id_ad_content-horiz-right, .tdb_single_content .id_ad_content-horiz-centter {Margin: 0 AUTO 26PXX auto}}@media (Max-Width: 767px) {. tdb_single_content .id_ad_content-horiz-left {margin-right: 0}}@media (max-width: 767px) {. (Max-Width: 767px) {. tdb_single_content .td-a-ad {float: none; text-align: Center} .tdb_single_content .td-a-ad img {margin-right: auto; margin-left: auto} .tdb_single_content .tdc-a-a-a-{margin-right: auto; margin-left: auto} .tdb_single_content .tdd<\/style>\n<div class=\"tdb-block-inner td-fix-index\">\n<p><strong>Unikalna rze\u017aba zosta\u0142a umieszczona w grobie zmar\u0142ego Mateusz Siteka, \u017co\u0142nierza, kt\u00f3ry zosta\u0142 zabity przez nielegalnego migranta na granicy polsko-m\u00f3zgowej. Ca\u0142y grobowiec g\u0142\u0119boko porusza si\u0119 i dotyka serca.<\/strong><\/p>\n<p>Mateusz Sitek by\u0142 21-letnim \u017co\u0142nierzem z pierwszej pancernej brygady Warszawy, kt\u00f3ry zmar\u0142 na s\u0142u\u017cbie podczas s\u0142u\u017cby na granicy polsko-belarusowskiej. 28 maja 2024 r., W pobli\u017cu Dubicze Cerkaiewne, zosta\u0142 d\u017agni\u0119ty przez jednego z nielegalnych migrant\u00f3w pr\u00f3buj\u0105cych naruszy\u0107 stalow\u0105 barier\u0119 graniczn\u0105. Pomimo natychmiastowej pomocy medycznej i przetransportowanej do wojskowego Instytutu Medycznego w Warszawie, uleg\u0142 obra\u017ceniom 6 czerwca 2024 r.. Postawi\u015bcie Sitek zosta\u0142 awansowany do rangi sier\u017canta w polskich si\u0142 zbrojnych i przyzna\u0142 Z\u0142oty Medal za zas\u0142ug\u0119 w obronie narodowej. Jego pogrzeb odby\u0142 si\u0119 12 czerwca 2024 r. W jego rodzinnym mie\u015bcie Nowej Lubie w regionie Mazovia.<\/p>\n<p>Po pierwsze, w jego miejscu spoczynku wzniesiono pi\u0119knie wykonany nagrobek, odzwierciedlaj\u0105c patriotyczne warto\u015bci, kt\u00f3re przez ca\u0142e \u017cycie prowadzi\u0142y Mateusza. W ostatnich dniach obok grobu dodano rze\u017ab\u0119, przedstawiaj\u0105c \u017co\u0142nierza stoj\u0105cego pionowo, trzymaj\u0105c bro\u0144.<\/p>\n<blockquote class=\"wp-block-quote is-layout-flow wp-block-quote-is-layout-flow\">\n<p>\u201eZmar\u0142, broni\u0105c granicy. Rze\u017aba m\u00f3wi: Pami\u0119tamy\u201d &#8211; og\u0142osi\u0142a Grazty Skwara, firm\u0119, kt\u00f3ra stworzy\u0142a utw\u00f3r.<\/p>\n<\/blockquote>\n<p><iframe width=\"560\" height=\"314\" style=\"border:none;overflow:hidden\" scrolling=\"no\" frameborder=\"0\" allowfullscreen=\"true\" allow=\"autoplay; clipboard-write; encrypted-media; picture-in-picture; web-share\" data-src=\"https:\/\/www.facebook.com\/plugins\/video.php?height=314&amp;href=https%3A%2F%2Fwww.facebook.com%2FSkwaraMonument%2Fvideos%2F624860980567892%2F&amp;show_text=false&amp;width=560&amp;t=0\" class=\"lazyload\"><\/iframe>\n<\/div>\n<\/div>\n","protected":false},"excerpt":{"rendered":"<p>Unikalna rze\u017aba zosta\u0142a umieszczona w grobie zmar\u0142ego Mateusz Siteka, \u017co\u0142nierza, kt\u00f3ry zosta\u0142 zabity przez nielegalnego migranta na granicy polsko-m\u00f3zgowej. Ca\u0142y<\/p>\n","protected":false},"author":1,"featured_media":6012,"comment_status":"closed","ping_status":"","sticky":false,"template":"","format":"standard","meta":{"footnotes":""},"categories":[4748],"tags":[7775,131,7777,130,3761,7774,7776,7778,2861,345],"class_list":["post-6011","post","type-post","status-publish","format-standard","has-post-thumbnail","hentry","category-aktualne","tag-bohatera","tag-dla","tag-grobie","tag-hold","tag-mateusz","tag-niezwykly","tag-rzezba","tag-sitek","tag-wyjatkowa","tag-zmarlego","generate-columns","tablet-grid-50","mobile-grid-100","grid-parent","grid-50","resize-featured-image"],"yoast_head":"<!-- This site is optimized with the Yoast SEO plugin v23.2 - https:\/\/yoast.com\/wordpress\/plugins\/seo\/ -->\n<title>Niezwyk\u0142y ho\u0142d dla bohatera: wyj\u0105tkowa rze\u017aba w grobie zmar\u0142ego Mateusz Sitek - POGOTOWIE FLAGOWE\u00ae<\/title>\n<meta name=\"robots\" content=\"index, follow, max-snippet:-1, max-image-preview:large, max-video-preview:-1\" \/>\n<link rel=\"canonical\" href=\"https:\/\/www.pogotowieflagowe.pl\/aktualne\/niezwykly-hold-dla-bohatera-wyjatkowa-rzezba-w-grobie-zmarlego-mateusz-sitek\/\" \/>\n<meta property=\"og:locale\" content=\"pl_PL\" \/>\n<meta property=\"og:type\" content=\"article\" \/>\n<meta property=\"og:title\" content=\"Niezwyk\u0142y ho\u0142d dla bohatera: wyj\u0105tkowa rze\u017aba w grobie zmar\u0142ego Mateusz Sitek - POGOTOWIE FLAGOWE\u00ae\" \/>\n<meta property=\"og:description\" content=\"Unikalna rze\u017aba zosta\u0142a umieszczona w grobie zmar\u0142ego Mateusz Siteka, \u017co\u0142nierza, kt\u00f3ry zosta\u0142 zabity przez nielegalnego migranta na granicy polsko-m\u00f3zgowej. Ca\u0142y\" \/>\n<meta property=\"og:url\" content=\"https:\/\/www.pogotowieflagowe.pl\/aktualne\/niezwykly-hold-dla-bohatera-wyjatkowa-rzezba-w-grobie-zmarlego-mateusz-sitek\/\" \/>\n<meta property=\"og:site_name\" content=\"POGOTOWIE FLAGOWE\u00ae\" \/>\n<meta property=\"article:published_time\" content=\"2025-05-31T08:47:49+00:00\" \/>\n<meta property=\"og:image\" content=\"https:\/\/www.pogotowieflagowe.pl\/aktualne\/wp-content\/uploads\/2025\/05\/Niezwykly-hold-dla-bohatera-wyjatkowa-rzezba-w-grobie-zmarlego-Mateusz.webp.webp\" \/>\n\t<meta property=\"og:image:width\" content=\"1280\" \/>\n\t<meta property=\"og:image:height\" content=\"720\" \/>\n\t<meta property=\"og:image:type\" content=\"image\/webp\" \/>\n<meta name=\"author\" content=\"Filip\" \/>\n<meta name=\"twitter:card\" content=\"summary_large_image\" \/>\n<meta name=\"twitter:label1\" content=\"Napisane przez\" \/>\n\t<meta name=\"twitter:data1\" content=\"Filip\" \/>\n\t<meta name=\"twitter:label2\" content=\"Szacowany czas czytania\" \/>\n\t<meta name=\"twitter:data2\" content=\"1 minuta\" \/>\n<script type=\"application\/ld+json\" class=\"yoast-schema-graph\">{\"@context\":\"https:\/\/schema.org\",\"@graph\":[{\"@type\":\"Article\",\"@id\":\"https:\/\/www.pogotowieflagowe.pl\/aktualne\/niezwykly-hold-dla-bohatera-wyjatkowa-rzezba-w-grobie-zmarlego-mateusz-sitek\/#article\",\"isPartOf\":{\"@id\":\"https:\/\/www.pogotowieflagowe.pl\/aktualne\/niezwykly-hold-dla-bohatera-wyjatkowa-rzezba-w-grobie-zmarlego-mateusz-sitek\/\"},\"author\":{\"name\":\"Filip\",\"@id\":\"https:\/\/www.pogotowieflagowe.pl\/aktualne\/#\/schema\/person\/9c2fb7d2362ebf6fa088960d7f0d27b0\"},\"headline\":\"Niezwyk\u0142y ho\u0142d dla bohatera: wyj\u0105tkowa rze\u017aba w grobie zmar\u0142ego Mateusz Sitek\",\"datePublished\":\"2025-05-31T08:47:49+00:00\",\"dateModified\":\"2025-05-31T08:47:49+00:00\",\"mainEntityOfPage\":{\"@id\":\"https:\/\/www.pogotowieflagowe.pl\/aktualne\/niezwykly-hold-dla-bohatera-wyjatkowa-rzezba-w-grobie-zmarlego-mateusz-sitek\/\"},\"wordCount\":223,\"publisher\":{\"@id\":\"https:\/\/www.pogotowieflagowe.pl\/aktualne\/#organization\"},\"image\":{\"@id\":\"https:\/\/www.pogotowieflagowe.pl\/aktualne\/niezwykly-hold-dla-bohatera-wyjatkowa-rzezba-w-grobie-zmarlego-mateusz-sitek\/#primaryimage\"},\"thumbnailUrl\":\"https:\/\/www.pogotowieflagowe.pl\/aktualne\/wp-content\/uploads\/2025\/05\/Niezwykly-hold-dla-bohatera-wyjatkowa-rzezba-w-grobie-zmarlego-Mateusz.webp.webp\",\"keywords\":[\"bohatera\",\"dla\",\"grobie\",\"Ho\u0142d\",\"Mateusz\",\"Niezwyk\u0142y\",\"rze\u017aba\",\"Sitek\",\"wyj\u0105tkow\u0105\",\"zmar\u0142ego\"],\"articleSection\":[\"Aktualne\"],\"inLanguage\":\"pl-PL\"},{\"@type\":\"WebPage\",\"@id\":\"https:\/\/www.pogotowieflagowe.pl\/aktualne\/niezwykly-hold-dla-bohatera-wyjatkowa-rzezba-w-grobie-zmarlego-mateusz-sitek\/\",\"url\":\"https:\/\/www.pogotowieflagowe.pl\/aktualne\/niezwykly-hold-dla-bohatera-wyjatkowa-rzezba-w-grobie-zmarlego-mateusz-sitek\/\",\"name\":\"Niezwyk\u0142y ho\u0142d dla bohatera: wyj\u0105tkowa rze\u017aba w grobie zmar\u0142ego Mateusz Sitek - POGOTOWIE FLAGOWE\u00ae\",\"isPartOf\":{\"@id\":\"https:\/\/www.pogotowieflagowe.pl\/aktualne\/#website\"},\"primaryImageOfPage\":{\"@id\":\"https:\/\/www.pogotowieflagowe.pl\/aktualne\/niezwykly-hold-dla-bohatera-wyjatkowa-rzezba-w-grobie-zmarlego-mateusz-sitek\/#primaryimage\"},\"image\":{\"@id\":\"https:\/\/www.pogotowieflagowe.pl\/aktualne\/niezwykly-hold-dla-bohatera-wyjatkowa-rzezba-w-grobie-zmarlego-mateusz-sitek\/#primaryimage\"},\"thumbnailUrl\":\"https:\/\/www.pogotowieflagowe.pl\/aktualne\/wp-content\/uploads\/2025\/05\/Niezwykly-hold-dla-bohatera-wyjatkowa-rzezba-w-grobie-zmarlego-Mateusz.webp.webp\",\"datePublished\":\"2025-05-31T08:47:49+00:00\",\"dateModified\":\"2025-05-31T08:47:49+00:00\",\"breadcrumb\":{\"@id\":\"https:\/\/www.pogotowieflagowe.pl\/aktualne\/niezwykly-hold-dla-bohatera-wyjatkowa-rzezba-w-grobie-zmarlego-mateusz-sitek\/#breadcrumb\"},\"inLanguage\":\"pl-PL\",\"potentialAction\":[{\"@type\":\"ReadAction\",\"target\":[\"https:\/\/www.pogotowieflagowe.pl\/aktualne\/niezwykly-hold-dla-bohatera-wyjatkowa-rzezba-w-grobie-zmarlego-mateusz-sitek\/\"]}]},{\"@type\":\"ImageObject\",\"inLanguage\":\"pl-PL\",\"@id\":\"https:\/\/www.pogotowieflagowe.pl\/aktualne\/niezwykly-hold-dla-bohatera-wyjatkowa-rzezba-w-grobie-zmarlego-mateusz-sitek\/#primaryimage\",\"url\":\"https:\/\/www.pogotowieflagowe.pl\/aktualne\/wp-content\/uploads\/2025\/05\/Niezwykly-hold-dla-bohatera-wyjatkowa-rzezba-w-grobie-zmarlego-Mateusz.webp.webp\",\"contentUrl\":\"https:\/\/www.pogotowieflagowe.pl\/aktualne\/wp-content\/uploads\/2025\/05\/Niezwykly-hold-dla-bohatera-wyjatkowa-rzezba-w-grobie-zmarlego-Mateusz.webp.webp\",\"width\":1280,\"height\":720,\"caption\":\"Niezwyk\u0142y ho\u0142d dla bohatera: wyj\u0105tkowa rze\u017aba w grobie zmar\u0142ego Mateusz Sitek\"},{\"@type\":\"BreadcrumbList\",\"@id\":\"https:\/\/www.pogotowieflagowe.pl\/aktualne\/niezwykly-hold-dla-bohatera-wyjatkowa-rzezba-w-grobie-zmarlego-mateusz-sitek\/#breadcrumb\",\"itemListElement\":[{\"@type\":\"ListItem\",\"position\":1,\"name\":\"Home\",\"item\":\"https:\/\/www.pogotowieflagowe.pl\/aktualne\/\"},{\"@type\":\"ListItem\",\"position\":2,\"name\":\"Niezwyk\u0142y ho\u0142d dla bohatera: wyj\u0105tkowa rze\u017aba w grobie zmar\u0142ego Mateusz Sitek\"}]},{\"@type\":\"WebSite\",\"@id\":\"https:\/\/www.pogotowieflagowe.pl\/aktualne\/#website\",\"url\":\"https:\/\/www.pogotowieflagowe.pl\/aktualne\/\",\"name\":\"POGOTOWIE FLAGOWE\u00ae\",\"description\":\"\",\"publisher\":{\"@id\":\"https:\/\/www.pogotowieflagowe.pl\/aktualne\/#organization\"},\"potentialAction\":[{\"@type\":\"SearchAction\",\"target\":{\"@type\":\"EntryPoint\",\"urlTemplate\":\"https:\/\/www.pogotowieflagowe.pl\/aktualne\/?s={search_term_string}\"},\"query-input\":\"required name=search_term_string\"}],\"inLanguage\":\"pl-PL\"},{\"@type\":\"Organization\",\"@id\":\"https:\/\/www.pogotowieflagowe.pl\/aktualne\/#organization\",\"name\":\"POGOTOWIE FLAGOWE\u00ae\",\"url\":\"https:\/\/www.pogotowieflagowe.pl\/aktualne\/\",\"logo\":{\"@type\":\"ImageObject\",\"inLanguage\":\"pl-PL\",\"@id\":\"https:\/\/www.pogotowieflagowe.pl\/aktualne\/#\/schema\/logo\/image\/\",\"url\":\"https:\/\/www.pogotowieflagowe.pl\/aktualne\/wp-content\/uploads\/2024\/08\/cropped-pogotowieflagowe_flaga_projekt_sm.jpg\",\"contentUrl\":\"https:\/\/www.pogotowieflagowe.pl\/aktualne\/wp-content\/uploads\/2024\/08\/cropped-pogotowieflagowe_flaga_projekt_sm.jpg\",\"width\":250,\"height\":143,\"caption\":\"POGOTOWIE FLAGOWE\u00ae\"},\"image\":{\"@id\":\"https:\/\/www.pogotowieflagowe.pl\/aktualne\/#\/schema\/logo\/image\/\"}},{\"@type\":\"Person\",\"@id\":\"https:\/\/www.pogotowieflagowe.pl\/aktualne\/#\/schema\/person\/9c2fb7d2362ebf6fa088960d7f0d27b0\",\"name\":\"Filip\",\"image\":{\"@type\":\"ImageObject\",\"inLanguage\":\"pl-PL\",\"@id\":\"https:\/\/www.pogotowieflagowe.pl\/aktualne\/#\/schema\/person\/image\/\",\"url\":\"https:\/\/www.pogotowieflagowe.pl\/aktualne\/wp-content\/uploads\/2024\/08\/pogotowieflagowe.pl_.jpg\",\"contentUrl\":\"https:\/\/www.pogotowieflagowe.pl\/aktualne\/wp-content\/uploads\/2024\/08\/pogotowieflagowe.pl_.jpg\",\"caption\":\"Filip\"},\"description\":\"Jestem Filip, polski dziennikarz z dyplomem nauk politycznych Uniwersytetu Warszawskiego. Rozpoczynaj\u0105c swoj\u0105 karier\u0119 w r\u00f3\u017cnych lokalnych mediach, zdoby\u0142em solidne do\u015bwiadczenie w zakresie \u015bledztwa i redakcji. Obecnie jako redaktor w Pogotowie flagowe, staram si\u0119 dostarcza\u0107 dog\u0142\u0119bne i istotne analizy na temat najwa\u017cniejszych kwestii aktualno\u015bci, \u0142\u0105cz\u0105c rygor z pasj\u0105 dziennikarsk\u0105.\",\"sameAs\":[\"https:\/\/www.pogotowieflagowe.pl\/\"]}]}<\/script>\n<!-- \/ Yoast SEO plugin. -->","yoast_head_json":{"title":"Niezwyk\u0142y ho\u0142d dla bohatera: wyj\u0105tkowa rze\u017aba w grobie zmar\u0142ego Mateusz Sitek - POGOTOWIE FLAGOWE\u00ae","robots":{"index":"index","follow":"follow","max-snippet":"max-snippet:-1","max-image-preview":"max-image-preview:large","max-video-preview":"max-video-preview:-1"},"canonical":"https:\/\/www.pogotowieflagowe.pl\/aktualne\/niezwykly-hold-dla-bohatera-wyjatkowa-rzezba-w-grobie-zmarlego-mateusz-sitek\/","og_locale":"pl_PL","og_type":"article","og_title":"Niezwyk\u0142y ho\u0142d dla bohatera: wyj\u0105tkowa rze\u017aba w grobie zmar\u0142ego Mateusz Sitek - POGOTOWIE FLAGOWE\u00ae","og_description":"Unikalna rze\u017aba zosta\u0142a umieszczona w grobie zmar\u0142ego Mateusz Siteka, \u017co\u0142nierza, kt\u00f3ry zosta\u0142 zabity przez nielegalnego migranta na granicy polsko-m\u00f3zgowej. Ca\u0142y","og_url":"https:\/\/www.pogotowieflagowe.pl\/aktualne\/niezwykly-hold-dla-bohatera-wyjatkowa-rzezba-w-grobie-zmarlego-mateusz-sitek\/","og_site_name":"POGOTOWIE FLAGOWE\u00ae","article_published_time":"2025-05-31T08:47:49+00:00","og_image":[{"width":1280,"height":720,"url":"https:\/\/www.pogotowieflagowe.pl\/aktualne\/wp-content\/uploads\/2025\/05\/Niezwykly-hold-dla-bohatera-wyjatkowa-rzezba-w-grobie-zmarlego-Mateusz.webp.webp","type":"image\/webp"}],"author":"Filip","twitter_card":"summary_large_image","twitter_misc":{"Napisane przez":"Filip","Szacowany czas czytania":"1 minuta"},"schema":{"@context":"https:\/\/schema.org","@graph":[{"@type":"Article","@id":"https:\/\/www.pogotowieflagowe.pl\/aktualne\/niezwykly-hold-dla-bohatera-wyjatkowa-rzezba-w-grobie-zmarlego-mateusz-sitek\/#article","isPartOf":{"@id":"https:\/\/www.pogotowieflagowe.pl\/aktualne\/niezwykly-hold-dla-bohatera-wyjatkowa-rzezba-w-grobie-zmarlego-mateusz-sitek\/"},"author":{"name":"Filip","@id":"https:\/\/www.pogotowieflagowe.pl\/aktualne\/#\/schema\/person\/9c2fb7d2362ebf6fa088960d7f0d27b0"},"headline":"Niezwyk\u0142y ho\u0142d dla bohatera: wyj\u0105tkowa rze\u017aba w grobie zmar\u0142ego Mateusz Sitek","datePublished":"2025-05-31T08:47:49+00:00","dateModified":"2025-05-31T08:47:49+00:00","mainEntityOfPage":{"@id":"https:\/\/www.pogotowieflagowe.pl\/aktualne\/niezwykly-hold-dla-bohatera-wyjatkowa-rzezba-w-grobie-zmarlego-mateusz-sitek\/"},"wordCount":223,"publisher":{"@id":"https:\/\/www.pogotowieflagowe.pl\/aktualne\/#organization"},"image":{"@id":"https:\/\/www.pogotowieflagowe.pl\/aktualne\/niezwykly-hold-dla-bohatera-wyjatkowa-rzezba-w-grobie-zmarlego-mateusz-sitek\/#primaryimage"},"thumbnailUrl":"https:\/\/www.pogotowieflagowe.pl\/aktualne\/wp-content\/uploads\/2025\/05\/Niezwykly-hold-dla-bohatera-wyjatkowa-rzezba-w-grobie-zmarlego-Mateusz.webp.webp","keywords":["bohatera","dla","grobie","Ho\u0142d","Mateusz","Niezwyk\u0142y","rze\u017aba","Sitek","wyj\u0105tkow\u0105","zmar\u0142ego"],"articleSection":["Aktualne"],"inLanguage":"pl-PL"},{"@type":"WebPage","@id":"https:\/\/www.pogotowieflagowe.pl\/aktualne\/niezwykly-hold-dla-bohatera-wyjatkowa-rzezba-w-grobie-zmarlego-mateusz-sitek\/","url":"https:\/\/www.pogotowieflagowe.pl\/aktualne\/niezwykly-hold-dla-bohatera-wyjatkowa-rzezba-w-grobie-zmarlego-mateusz-sitek\/","name":"Niezwyk\u0142y ho\u0142d dla bohatera: wyj\u0105tkowa rze\u017aba w grobie zmar\u0142ego Mateusz Sitek - POGOTOWIE FLAGOWE\u00ae","isPartOf":{"@id":"https:\/\/www.pogotowieflagowe.pl\/aktualne\/#website"},"primaryImageOfPage":{"@id":"https:\/\/www.pogotowieflagowe.pl\/aktualne\/niezwykly-hold-dla-bohatera-wyjatkowa-rzezba-w-grobie-zmarlego-mateusz-sitek\/#primaryimage"},"image":{"@id":"https:\/\/www.pogotowieflagowe.pl\/aktualne\/niezwykly-hold-dla-bohatera-wyjatkowa-rzezba-w-grobie-zmarlego-mateusz-sitek\/#primaryimage"},"thumbnailUrl":"https:\/\/www.pogotowieflagowe.pl\/aktualne\/wp-content\/uploads\/2025\/05\/Niezwykly-hold-dla-bohatera-wyjatkowa-rzezba-w-grobie-zmarlego-Mateusz.webp.webp","datePublished":"2025-05-31T08:47:49+00:00","dateModified":"2025-05-31T08:47:49+00:00","breadcrumb":{"@id":"https:\/\/www.pogotowieflagowe.pl\/aktualne\/niezwykly-hold-dla-bohatera-wyjatkowa-rzezba-w-grobie-zmarlego-mateusz-sitek\/#breadcrumb"},"inLanguage":"pl-PL","potentialAction":[{"@type":"ReadAction","target":["https:\/\/www.pogotowieflagowe.pl\/aktualne\/niezwykly-hold-dla-bohatera-wyjatkowa-rzezba-w-grobie-zmarlego-mateusz-sitek\/"]}]},{"@type":"ImageObject","inLanguage":"pl-PL","@id":"https:\/\/www.pogotowieflagowe.pl\/aktualne\/niezwykly-hold-dla-bohatera-wyjatkowa-rzezba-w-grobie-zmarlego-mateusz-sitek\/#primaryimage","url":"https:\/\/www.pogotowieflagowe.pl\/aktualne\/wp-content\/uploads\/2025\/05\/Niezwykly-hold-dla-bohatera-wyjatkowa-rzezba-w-grobie-zmarlego-Mateusz.webp.webp","contentUrl":"https:\/\/www.pogotowieflagowe.pl\/aktualne\/wp-content\/uploads\/2025\/05\/Niezwykly-hold-dla-bohatera-wyjatkowa-rzezba-w-grobie-zmarlego-Mateusz.webp.webp","width":1280,"height":720,"caption":"Niezwyk\u0142y ho\u0142d dla bohatera: wyj\u0105tkowa rze\u017aba w grobie zmar\u0142ego Mateusz Sitek"},{"@type":"BreadcrumbList","@id":"https:\/\/www.pogotowieflagowe.pl\/aktualne\/niezwykly-hold-dla-bohatera-wyjatkowa-rzezba-w-grobie-zmarlego-mateusz-sitek\/#breadcrumb","itemListElement":[{"@type":"ListItem","position":1,"name":"Home","item":"https:\/\/www.pogotowieflagowe.pl\/aktualne\/"},{"@type":"ListItem","position":2,"name":"Niezwyk\u0142y ho\u0142d dla bohatera: wyj\u0105tkowa rze\u017aba w grobie zmar\u0142ego Mateusz Sitek"}]},{"@type":"WebSite","@id":"https:\/\/www.pogotowieflagowe.pl\/aktualne\/#website","url":"https:\/\/www.pogotowieflagowe.pl\/aktualne\/","name":"POGOTOWIE FLAGOWE\u00ae","description":"","publisher":{"@id":"https:\/\/www.pogotowieflagowe.pl\/aktualne\/#organization"},"potentialAction":[{"@type":"SearchAction","target":{"@type":"EntryPoint","urlTemplate":"https:\/\/www.pogotowieflagowe.pl\/aktualne\/?s={search_term_string}"},"query-input":"required name=search_term_string"}],"inLanguage":"pl-PL"},{"@type":"Organization","@id":"https:\/\/www.pogotowieflagowe.pl\/aktualne\/#organization","name":"POGOTOWIE FLAGOWE\u00ae","url":"https:\/\/www.pogotowieflagowe.pl\/aktualne\/","logo":{"@type":"ImageObject","inLanguage":"pl-PL","@id":"https:\/\/www.pogotowieflagowe.pl\/aktualne\/#\/schema\/logo\/image\/","url":"https:\/\/www.pogotowieflagowe.pl\/aktualne\/wp-content\/uploads\/2024\/08\/cropped-pogotowieflagowe_flaga_projekt_sm.jpg","contentUrl":"https:\/\/www.pogotowieflagowe.pl\/aktualne\/wp-content\/uploads\/2024\/08\/cropped-pogotowieflagowe_flaga_projekt_sm.jpg","width":250,"height":143,"caption":"POGOTOWIE FLAGOWE\u00ae"},"image":{"@id":"https:\/\/www.pogotowieflagowe.pl\/aktualne\/#\/schema\/logo\/image\/"}},{"@type":"Person","@id":"https:\/\/www.pogotowieflagowe.pl\/aktualne\/#\/schema\/person\/9c2fb7d2362ebf6fa088960d7f0d27b0","name":"Filip","image":{"@type":"ImageObject","inLanguage":"pl-PL","@id":"https:\/\/www.pogotowieflagowe.pl\/aktualne\/#\/schema\/person\/image\/","url":"https:\/\/www.pogotowieflagowe.pl\/aktualne\/wp-content\/uploads\/2024\/08\/pogotowieflagowe.pl_.jpg","contentUrl":"https:\/\/www.pogotowieflagowe.pl\/aktualne\/wp-content\/uploads\/2024\/08\/pogotowieflagowe.pl_.jpg","caption":"Filip"},"description":"Jestem Filip, polski dziennikarz z dyplomem nauk politycznych Uniwersytetu Warszawskiego. Rozpoczynaj\u0105c swoj\u0105 karier\u0119 w r\u00f3\u017cnych lokalnych mediach, zdoby\u0142em solidne do\u015bwiadczenie w zakresie \u015bledztwa i redakcji. Obecnie jako redaktor w Pogotowie flagowe, staram si\u0119 dostarcza\u0107 dog\u0142\u0119bne i istotne analizy na temat najwa\u017cniejszych kwestii aktualno\u015bci, \u0142\u0105cz\u0105c rygor z pasj\u0105 dziennikarsk\u0105.","sameAs":["https:\/\/www.pogotowieflagowe.pl\/"]}]}},"_links":{"self":[{"href":"https:\/\/www.pogotowieflagowe.pl\/aktualne\/wp-json\/wp\/v2\/posts\/6011","targetHints":{"allow":["GET"]}}],"collection":[{"href":"https:\/\/www.pogotowieflagowe.pl\/aktualne\/wp-json\/wp\/v2\/posts"}],"about":[{"href":"https:\/\/www.pogotowieflagowe.pl\/aktualne\/wp-json\/wp\/v2\/types\/post"}],"author":[{"embeddable":true,"href":"https:\/\/www.pogotowieflagowe.pl\/aktualne\/wp-json\/wp\/v2\/users\/1"}],"replies":[{"embeddable":true,"href":"https:\/\/www.pogotowieflagowe.pl\/aktualne\/wp-json\/wp\/v2\/comments?post=6011"}],"version-history":[{"count":1,"href":"https:\/\/www.pogotowieflagowe.pl\/aktualne\/wp-json\/wp\/v2\/posts\/6011\/revisions"}],"predecessor-version":[{"id":6013,"href":"https:\/\/www.pogotowieflagowe.pl\/aktualne\/wp-json\/wp\/v2\/posts\/6011\/revisions\/6013"}],"wp:featuredmedia":[{"embeddable":true,"href":"https:\/\/www.pogotowieflagowe.pl\/aktualne\/wp-json\/wp\/v2\/media\/6012"}],"wp:attachment":[{"href":"https:\/\/www.pogotowieflagowe.pl\/aktualne\/wp-json\/wp\/v2\/media?parent=6011"}],"wp:term":[{"taxonomy":"category","embeddable":true,"href":"https:\/\/www.pogotowieflagowe.pl\/aktualne\/wp-json\/wp\/v2\/categories?post=6011"},{"taxonomy":"post_tag","embeddable":true,"href":"https:\/\/www.pogotowieflagowe.pl\/aktualne\/wp-json\/wp\/v2\/tags?post=6011"}],"curies":[{"name":"wp","href":"https:\/\/api.w.org\/{rel}","templated":true}]}}