{"id":6062,"date":"2025-06-03T04:48:12","date_gmt":"2025-06-03T02:48:12","guid":{"rendered":"https:\/\/www.pogotowieflagowe.pl\/aktualne\/cpac-polska-2025-podkarpacie-w-sercu-globalnego-konserwatywnego-dyskursu\/"},"modified":"2025-06-03T04:48:13","modified_gmt":"2025-06-03T02:48:13","slug":"cpac-polska-2025-podkarpacie-w-sercu-globalnego-konserwatywnego-dyskursu","status":"publish","type":"post","link":"https:\/\/www.pogotowieflagowe.pl\/aktualne\/cpac-polska-2025-podkarpacie-w-sercu-globalnego-konserwatywnego-dyskursu\/","title":{"rendered":"CPAC Polska 2025 &#8211; Podkarpacie w sercu globalnego konserwatywnego dyskursu"},"content":{"rendered":"\n<div class=\"td_block_wrap tdb_single_content tdi_41 td-pb-border-top td_block_template_8 td-post-content tagdiv-type\" data-td-block-uid=\"tdi_41\">\n<style>.tdi_41 {margin-top: 0px! Wa\u017cne; margines-bottom: 0px! WA\u017bNY; PALDING-TOP: 0PX! WA\u017bNY; PALDING-BOTTOM: 0PX! WA\u017bNE}<\/style>\n<style>.tdb_single_content {margin-bottom: 0;*zoom: 1} .tdb_single_content: wcze\u015bniej, .tdb_single_content: po {display: Table; content: ''; line-height: 0} .TDB-BLOCK-INner>*: nie (.WP-BLOCK-QUOTE): not (.alignSwide): not (.Alignfull.wp-block-cover.has-parallax): not (.td-a-ad) {margin-left: auto; margin-right: auto} .tdb_single_ConTent a {wska\u017anik-events: auto} .tdb_single_content .td-spot-id-top_ad .tdc-placeholder-title: przed {content: \u201eArtyku\u0142 top ad\u201d! Wa\u017cne} .tdb_single_content .td-Spot-Id-inline_ad0 .tdc-placeholder-title 1 '! Wa\u017cne} .tdb_single_content .td-Spot-Id-inline_Ad1 .tdc-Placeholder-Title: przed {content: \u201eArtyku\u0142 inline AD 2'! Wa\u017cny} .tdb_single_content. 3 '! Wa\u017cne} .tdb_single_content .td-Spot-Id-Bottom_Ad .tdc-Placeholder-Title: przed {content: \u201eArtyku\u0142 Bottom Ad\u201d! Wa\u017cne} .tdb_single_content .id_top_ad, .tdb_single_content_content .id_bottom_ad {clear: oba; margin-bottom: 21px; text-align: Center} .tdb_single_content .id_top_ad img, .tdb_single_content .id_bottom_ad img {margin-bottom: 0} .tdb_single_conTent .id_top_ad .adsbyGoogle, .tdb_single_content .id_bottom_ad .adsbyGoogle {pozycja: relatyw} .tdb_single_content .id_ad_content-horiz-left, .tdb_single_content .id_ad_content-horiz-right, .tdb_single_content .id_ad_content-horiz-Center {margin-bottom: 15px} .tdb_single_content .id_ad_content-horiz-left Img, .tdb_single_content .id_ad_content-horiz-right img, .tdb_single_content .id_ad_content-horiz-centerter img {margin-bottom: 0} .tdb_single_content .id_ad_content-horiz-center {text-align: Center} .tdb_single_content .id_ad_content-horiz-center img {margin-right: auto; margin-let: auto} .tdb_single_content .id_ad_content-horiz-left {float: left; margin-top: 9px; margin-right: 21px} .tdb_single_content .id_ad_content-horiz-right {float: margin-top: 6px; margin-left: 21px} .tdb_single_content .tdc-a-a-ad .TDC-Placeholder-Title {szeroko\u015b\u0107: 300px; height: 250px} .tdb_single_content .tdc-a-ad .TDC-Placeholder-Title: Przed {Pozycja: Absolute; TOP: 50%;-WebKit-Transform: Translatey (-50%); Transform: Translatey (-50%); margines: auto; Display: Tabela; szeroko\u015b\u0107: 100%}. tdb_single_content .TDB-BLOCK-INNER.TD-FIX-INDEX {Word-Break: Break-word} .tdi_41, .tdi_41> p, .tdi_41 .tdb-block-inner> p, .Wp-Block-Column> p {font-size: 16px! Wa\u017cne; wa\u017cny; p {font-styl: normalne! Wa\u017cne} @media (Max-Width: 767px) {. tdb_single_content .id_ad_content-horiz-left, .tdb_single_content .id_ad_content-horiz-right, .tdb_single_content .id_ad_content-horiz-centter {Margin: 0 AUTO 26PXX auto}}@media (Max-Width: 767px) {. tdb_single_content .id_ad_content-horiz-left {margin-right: 0}}@media (max-width: 767px) {. (Max-Width: 767px) {. tdb_single_content .td-a-ad {float: none; text-align: Center} .tdb_single_content .td-a-ad img {margin-right: auto; margin-left: auto} .tdb_single_content .tdc-a-a-a-{margin-right: auto; margin-left: auto} .tdb_single_content .tdd<\/style>\n<div class=\"tdb-block-inner td-fix-index\">\n<p>27 maja 2025 r. Zejdzie w historii jako dzie\u0144 Polska &#8211; po raz pierwszy &#8211; go\u015bci\u0142a jedno z najwa\u017cniejszych wydarze\u0144 w globalnej konserwatywnej sferze. Konserwatywna Konferencja Dzia\u0142a\u0144 Politycznych (CPAC) przyby\u0142a do Jasionka w pobli\u017cu RZeszowa, przekszta\u0142caj\u0105c Zen.com Expo G2A Arena w t\u0119tni\u0105c\u0105 \u017cyciem przestrzeni dialogu, pomys\u0142\u00f3w i spo\u0142eczno\u015bci. Wydarzenie zgromadzi\u0142o setki uczestnik\u00f3w z ca\u0142ego \u015bwiata &#8211; polityk\u00f3w, lider\u00f3w opinii, dziennikarzy, intelektuali\u015bci, a tak\u017ce przedsi\u0119biorc\u00f3w i dzia\u0142aczy spo\u0142ecznych. Telewizja Republika, kt\u00f3ra wspiera\u0142a organizacj\u0119 wydarzenia, mia\u0142a zaszczyt nie tylko zapewni\u0107 pe\u0142ne relacje z konferencji, ale tak\u017ce aktywne przyczynianie si\u0119 do jej przygotowania i realizacji.<\/p>\n<figure class=\"wp-block-gallery has-nested-images columns-default is-cropped wp-block-gallery-1 is-layout-flex wp-block-gallery-is-layout-flex\">\n<figure class=\"wp-block-image size-large\"><picture><source  type=\"image\/webp\" data-><\/source><\/picture><img fetchpriority=\"high\" decoding=\"async\" width=\"1920\" height=\"1281\" data-id=\"56211\" src=\"https:\/\/www.pogotowieflagowe.pl\/aktualne\/wp-content\/uploads\/2025\/06\/CPAC-Polska-2025-Podkarpacie-w-sercu-globalnego-konserwatywnego-dyskursu.jpg\" alt=\"\" class=\"wp-image-56211\"   data-eio=\"l\"><\/figure>\n<figure class=\"wp-block-image size-large\"><picture><source  type=\"image\/webp\" data-><img decoding=\"async\" width=\"1920\" height=\"1080\" data-id=\"56212\" alt=\"\" class=\"wp-image-56212 lazyload\" data-eio=\"p\" src=\"https:\/\/www.pogotowieflagowe.pl\/aktualne\/wp-content\/uploads\/2025\/06\/1748918891_864_CPAC-Polska-2025-Podkarpacie-w-sercu-globalnego-konserwatywnego-dyskursu.jpg\"  data- data-eio-rwidth=\"1920\" data-eio-rheight=\"1080\"><\/source><\/picture><img decoding=\"async\" width=\"1920\" height=\"1080\" data-id=\"56212\" src=\"https:\/\/www.pogotowieflagowe.pl\/aktualne\/wp-content\/uploads\/2025\/06\/1748918891_864_CPAC-Polska-2025-Podkarpacie-w-sercu-globalnego-konserwatywnego-dyskursu.jpg\" alt=\"\" class=\"wp-image-56212\"   data-eio=\"l\"><\/figure>\n<figure class=\"wp-block-image size-large\"><picture><source  type=\"image\/webp\" data-><img decoding=\"async\" width=\"1920\" height=\"1080\" data-id=\"56215\" alt=\"\" class=\"wp-image-56215 lazyload\" data-eio=\"p\" src=\"https:\/\/www.pogotowieflagowe.pl\/aktualne\/wp-content\/uploads\/2025\/06\/1748918891_592_CPAC-Polska-2025-Podkarpacie-w-sercu-globalnego-konserwatywnego-dyskursu.jpg\"  data- data-eio-rwidth=\"1920\" data-eio-rheight=\"1080\"><\/source><\/picture><img decoding=\"async\" width=\"1920\" height=\"1080\" data-id=\"56215\" src=\"https:\/\/www.pogotowieflagowe.pl\/aktualne\/wp-content\/uploads\/2025\/06\/1748918891_592_CPAC-Polska-2025-Podkarpacie-w-sercu-globalnego-konserwatywnego-dyskursu.jpg\" alt=\"\" class=\"wp-image-56215\"   data-eio=\"l\"><\/figure>\n<figure class=\"wp-block-image size-large\"><picture><source  type=\"image\/webp\" data-><img decoding=\"async\" width=\"1920\" height=\"1080\" data-id=\"56214\" alt=\"\" class=\"wp-image-56214 lazyload\" data-eio=\"p\" src=\"https:\/\/www.pogotowieflagowe.pl\/aktualne\/wp-content\/uploads\/2025\/06\/1748918891_50_CPAC-Polska-2025-Podkarpacie-w-sercu-globalnego-konserwatywnego-dyskursu.jpg\"  data- data-eio-rwidth=\"1920\" data-eio-rheight=\"1080\"><\/source><\/picture><img decoding=\"async\" width=\"1920\" height=\"1080\" data-id=\"56214\" src=\"https:\/\/www.pogotowieflagowe.pl\/aktualne\/wp-content\/uploads\/2025\/06\/1748918891_50_CPAC-Polska-2025-Podkarpacie-w-sercu-globalnego-konserwatywnego-dyskursu.jpg\" alt=\"\" class=\"wp-image-56214\"   data-eio=\"l\"><\/figure>\n<figure class=\"wp-block-image size-large\"><picture><source  type=\"image\/webp\" data-><img decoding=\"async\" width=\"1920\" height=\"1080\" data-id=\"56217\" alt=\"\" class=\"wp-image-56217 lazyload\" data-eio=\"p\" src=\"https:\/\/www.pogotowieflagowe.pl\/aktualne\/wp-content\/uploads\/2025\/06\/1748918892_157_CPAC-Polska-2025-Podkarpacie-w-sercu-globalnego-konserwatywnego-dyskursu.jpg\"  data- data-eio-rwidth=\"1920\" data-eio-rheight=\"1080\"><\/source><\/picture><img decoding=\"async\" width=\"1920\" height=\"1080\" data-id=\"56217\" src=\"https:\/\/www.pogotowieflagowe.pl\/aktualne\/wp-content\/uploads\/2025\/06\/1748918892_157_CPAC-Polska-2025-Podkarpacie-w-sercu-globalnego-konserwatywnego-dyskursu.jpg\" alt=\"\" class=\"wp-image-56217\"   data-eio=\"l\"><\/figure>\n<figure class=\"wp-block-image size-large\"><picture><source  type=\"image\/webp\" data-><img decoding=\"async\" width=\"1920\" height=\"1080\" data-id=\"56216\" alt=\"\" class=\"wp-image-56216 lazyload\" data-eio=\"p\" src=\"https:\/\/www.pogotowieflagowe.pl\/aktualne\/wp-content\/uploads\/2025\/06\/1748918892_567_CPAC-Polska-2025-Podkarpacie-w-sercu-globalnego-konserwatywnego-dyskursu.jpg\"  data- data-eio-rwidth=\"1920\" data-eio-rheight=\"1080\"><\/source><\/picture><img decoding=\"async\" width=\"1920\" height=\"1080\" data-id=\"56216\" src=\"https:\/\/www.pogotowieflagowe.pl\/aktualne\/wp-content\/uploads\/2025\/06\/1748918892_567_CPAC-Polska-2025-Podkarpacie-w-sercu-globalnego-konserwatywnego-dyskursu.jpg\" alt=\"\" class=\"wp-image-56216\"   data-eio=\"l\"><\/figure>\n<figure class=\"wp-block-image size-large\"><picture><source  type=\"image\/webp\" data-><img decoding=\"async\" width=\"1920\" height=\"1080\" data-id=\"56213\" alt=\"\" class=\"wp-image-56213 lazyload\" data-eio=\"p\" src=\"https:\/\/www.pogotowieflagowe.pl\/aktualne\/wp-content\/uploads\/2025\/06\/1748918892_64_CPAC-Polska-2025-Podkarpacie-w-sercu-globalnego-konserwatywnego-dyskursu.jpg\"  data- data-eio-rwidth=\"1920\" data-eio-rheight=\"1080\"><\/source><\/picture><img decoding=\"async\" width=\"1920\" height=\"1080\" data-id=\"56213\" src=\"https:\/\/www.pogotowieflagowe.pl\/aktualne\/wp-content\/uploads\/2025\/06\/1748918892_64_CPAC-Polska-2025-Podkarpacie-w-sercu-globalnego-konserwatywnego-dyskursu.jpg\" alt=\"\" class=\"wp-image-56213\"   data-eio=\"l\"><\/figure>\n<\/figure>\n<p><strong>Polska w centrum globalnej debaty<\/strong><\/p>\n<p>CPAC, o swojej ponad 50-letniej tradycji, zadebiutowa\u0142 w Polsce. Wcze\u015bniej konferencje odbywa\u0142y si\u0119 w krajach takich jak Stany Zjednoczone, Japonia, Brazylia, Korea Po\u0142udniowa i W\u0119gry. Tym razem \u015bwiat\u0142o reflektor\u00f3w zwr\u00f3ci\u0142o si\u0119 do regionu Podkarpacie.<\/p>\n<p>Oficjalne otwarcie CPAC Polska 2025 prowadzili Tomasz Sakiewicz, Micha\u0142 Racho\u0144, Adrian Kubicki i Matthew Schlapp. W\u015br\u00f3d g\u0142\u00f3wnych m\u00f3wc\u00f3w byli W\u0142adys\u0142aw Ortyl, marsza\u0142ek Voivodeship podkarpackie i ojciec Tomasz Duszkiewicz. Od wczesnego rana do p\u00f3\u017anego popo\u0142udnia CPAC Polska 2025 by\u0142a pe\u0142na aktywno\u015bci. Obecno\u015b\u0107 setek uczestnik\u00f3w z Polski i za granic\u0105 &#8211; w tym polityk\u00f3w, intelektuali\u015bci, eksperci, przyw\u00f3dcy opinii i dziennikarzy &#8211; stworzy\u0142a wyj\u0105tkow\u0105 atmosfer\u0119 wymiany intelektualnej i zjednoczonego frontu zbudowanego wok\u00f3\u0142 warto\u015bci coraz bardziej marginalizowanych w dzisiejszym \u015bwiecie: wolno\u015b\u0107, suwerenno\u015b\u0107, rodzina, odpowiedzialno\u015b\u0107 i tradycja.<\/p>\n<p><strong>Konserwatywna reakcja na wyzwania stoj\u0105ce przed Zachodem<\/strong><\/p>\n<p>Program konferencyjny zosta\u0142 otwarty przez by\u0142ego premiera Mateusza Morawecki, przyw\u00f3dc\u0119 europejskich konserwatyst\u00f3w i reformist\u00f3w, kt\u00f3rzy podkre\u015blili potrzeb\u0119 budowy silnej, suwerennej Europy opartej na trwa\u0142ym warto\u015bciach. P\u00f3\u017aniejszymi m\u00f3wcami byli prof. Pemys\u0142aw Czarnek, John Eastman i James Taylor z Heartland Institute &#8211; ka\u017cdy podkre\u015bla znaczenie wolno\u015bci, tradycji i odpowiedzialno\u015bci spo\u0142ecznej. Godnym uwagi momentem by\u0142a dyskusja prowadzona przez Matthew Schlapp z przyw\u00f3dcami CPAC z Japonii i W\u0119gier &#8211; Jay Aeba i Mikl\u00f3s Sz\u00e1nth\u00f3 &#8211; kt\u00f3rzy m\u00f3wili o wsp\u00f3lnych warto\u015bciach \u0142\u0105cz\u0105cych konserwatyst\u00f3w na ca\u0142ym \u015bwiecie. Wk\u0142ad przyw\u00f3dc\u00f3w z Rumunii, Stan\u00f3w Zjednoczonych i Niemiec dodatkowo podkre\u015bli\u0142 status wydarzenia jako prawdziwie mi\u0119dzynarodowego forum pomys\u0142\u00f3w.<\/p>\n<p><strong>RZeszowa &#8211; nowa stolica konserwatywnego dialogu<\/strong><\/p>\n<p>Popo\u0142udniowe panele wyr\u00f3\u017cnia\u0142y si\u0119 nie tylko w formacie, ale w substancji. Dyskusja z udzia\u0142em Micha\u0142 Racho\u0144a, Przemys\u0142awa Wipler, Daniel Obajtek, Anna Wellisz i James Taylor rozwi\u0105za\u0142y krytyczne kwestie, takie jak bezpiecze\u0144stwo energetyczne i suwerenno\u015b\u0107 gospodarcza. Kolejny panel z udzia\u0142em Tomasza Sakiewicza, Patryka Jaki, Janusza Kowalskiego i Hans-Georga Maassen, skupiaj\u0105cy si\u0119 na reakcji Europy na kryzys instytucji demokratycznych.<br \/>Guido Buehler, dyrektor generalny Zondacrypto &#8211; g\u0142\u00f3wnego sponsora wydarzenia &#8211; podkre\u015blony w rozmowie z Jaros\u0142awem Olechowskim kluczow\u0105 rol\u0119 technologii blockchain w wspieraniu zaufania i przejrzysto\u015bci w gospodarce.<\/p>\n<p>Konferencja powita\u0142a tak\u017ce wybitnych go\u015bci: Kristi Noem, sekretarz bezpiecze\u0144stwa wewn\u0119trznego USA i prezydent AndrzeJ Duda. Ich ko\u0144cowe uwagi dostarczy\u0142y pot\u0119\u017cnego przes\u0142ania o znaczeniu wsp\u00f3\u0142pracy mi\u0119dzynarodowej w obronie wsp\u00f3lnych warto\u015bci.<\/p>\n<p>CPAC Polska 2025 wykaza\u0142a, \u017ce \u200b\u200bkonserwatyzm polega nie tylko na zachowaniu tradycji, ale tak\u017ce na rozwi\u0105zywaniu wyzwa\u0144 wsp\u00f3\u0142czesnego \u015bwiata z celem i determinacj\u0105.<\/p>\n<p><strong>G\u0142\u00f3wnym sponsorem CPAC Polska 2025 jest Zondacrypto.<\/strong><\/p>\n<figure class=\"wp-block-image size-full\"><picture><source  type=\"image\/webp\" data-><img decoding=\"async\" width=\"1280\" height=\"720\" alt=\"\" class=\"wp-image-55804 lazyload\" data-eio=\"p\" src=\"https:\/\/www.pogotowieflagowe.pl\/aktualne\/wp-content\/uploads\/2025\/06\/1748918892_507_CPAC-Polska-2025-Podkarpacie-w-sercu-globalnego-konserwatywnego-dyskursu.jpg\"  data- data-eio-rwidth=\"1280\" data-eio-rheight=\"720\"><\/source><\/picture><img decoding=\"async\" width=\"1280\" height=\"720\" src=\"https:\/\/www.pogotowieflagowe.pl\/aktualne\/wp-content\/uploads\/2025\/06\/1748918892_507_CPAC-Polska-2025-Podkarpacie-w-sercu-globalnego-konserwatywnego-dyskursu.jpg\" alt=\"\" class=\"wp-image-55804\"   data-eio=\"l\"><\/figure>\n<\/div>\n<\/div>\n","protected":false},"excerpt":{"rendered":"<p>27 maja 2025 r. Zejdzie w historii jako dzie\u0144 Polska &#8211; po raz pierwszy &#8211; go\u015bci\u0142a jedno z najwa\u017cniejszych wydarze\u0144<\/p>\n","protected":false},"author":1,"featured_media":6063,"comment_status":"closed","ping_status":"","sticky":false,"template":"","format":"standard","meta":{"footnotes":""},"categories":[4748],"tags":[5041,7826,4650,7825,7823,4,7824],"class_list":["post-6062","post","type-post","status-publish","format-standard","has-post-thumbnail","hentry","category-aktualne","tag-cpac","tag-dyskursu","tag-globalnego","tag-konserwatywnego","tag-podkarpacie","tag-polska","tag-sercu","generate-columns","tablet-grid-50","mobile-grid-100","grid-parent","grid-50","resize-featured-image"],"yoast_head":"<!-- This site is optimized with the Yoast SEO plugin v23.2 - https:\/\/yoast.com\/wordpress\/plugins\/seo\/ -->\n<title>CPAC Polska 2025 - Podkarpacie w sercu globalnego konserwatywnego dyskursu - POGOTOWIE FLAGOWE\u00ae<\/title>\n<meta name=\"robots\" content=\"index, follow, max-snippet:-1, max-image-preview:large, max-video-preview:-1\" \/>\n<link rel=\"canonical\" href=\"https:\/\/www.pogotowieflagowe.pl\/aktualne\/cpac-polska-2025-podkarpacie-w-sercu-globalnego-konserwatywnego-dyskursu\/\" \/>\n<meta property=\"og:locale\" content=\"pl_PL\" \/>\n<meta property=\"og:type\" content=\"article\" \/>\n<meta property=\"og:title\" content=\"CPAC Polska 2025 - Podkarpacie w sercu globalnego konserwatywnego dyskursu - POGOTOWIE FLAGOWE\u00ae\" \/>\n<meta property=\"og:description\" content=\"27 maja 2025 r. Zejdzie w historii jako dzie\u0144 Polska &#8211; po raz pierwszy &#8211; go\u015bci\u0142a jedno z najwa\u017cniejszych wydarze\u0144\" \/>\n<meta property=\"og:url\" content=\"https:\/\/www.pogotowieflagowe.pl\/aktualne\/cpac-polska-2025-podkarpacie-w-sercu-globalnego-konserwatywnego-dyskursu\/\" \/>\n<meta property=\"og:site_name\" content=\"POGOTOWIE FLAGOWE\u00ae\" \/>\n<meta property=\"article:published_time\" content=\"2025-06-03T02:48:12+00:00\" \/>\n<meta property=\"article:modified_time\" content=\"2025-06-03T02:48:13+00:00\" \/>\n<meta property=\"og:image\" content=\"https:\/\/www.pogotowieflagowe.pl\/aktualne\/wp-content\/uploads\/2025\/06\/CPAC-Polska-2025-Podkarpacie-w-sercu-globalnego-konserwatywnego-dyskursu.webp.webp\" \/>\n\t<meta property=\"og:image:width\" content=\"1280\" \/>\n\t<meta property=\"og:image:height\" content=\"720\" \/>\n\t<meta property=\"og:image:type\" content=\"image\/webp\" \/>\n<meta name=\"author\" content=\"Filip\" \/>\n<meta name=\"twitter:card\" content=\"summary_large_image\" \/>\n<meta name=\"twitter:label1\" content=\"Napisane przez\" \/>\n\t<meta name=\"twitter:data1\" content=\"Filip\" \/>\n\t<meta name=\"twitter:label2\" content=\"Szacowany czas czytania\" \/>\n\t<meta name=\"twitter:data2\" content=\"3 minuty\" \/>\n<script type=\"application\/ld+json\" class=\"yoast-schema-graph\">{\"@context\":\"https:\/\/schema.org\",\"@graph\":[{\"@type\":\"Article\",\"@id\":\"https:\/\/www.pogotowieflagowe.pl\/aktualne\/cpac-polska-2025-podkarpacie-w-sercu-globalnego-konserwatywnego-dyskursu\/#article\",\"isPartOf\":{\"@id\":\"https:\/\/www.pogotowieflagowe.pl\/aktualne\/cpac-polska-2025-podkarpacie-w-sercu-globalnego-konserwatywnego-dyskursu\/\"},\"author\":{\"name\":\"Filip\",\"@id\":\"https:\/\/www.pogotowieflagowe.pl\/aktualne\/#\/schema\/person\/9c2fb7d2362ebf6fa088960d7f0d27b0\"},\"headline\":\"CPAC Polska 2025 &#8211; Podkarpacie w sercu globalnego konserwatywnego dyskursu\",\"datePublished\":\"2025-06-03T02:48:12+00:00\",\"dateModified\":\"2025-06-03T02:48:13+00:00\",\"mainEntityOfPage\":{\"@id\":\"https:\/\/www.pogotowieflagowe.pl\/aktualne\/cpac-polska-2025-podkarpacie-w-sercu-globalnego-konserwatywnego-dyskursu\/\"},\"wordCount\":598,\"publisher\":{\"@id\":\"https:\/\/www.pogotowieflagowe.pl\/aktualne\/#organization\"},\"image\":{\"@id\":\"https:\/\/www.pogotowieflagowe.pl\/aktualne\/cpac-polska-2025-podkarpacie-w-sercu-globalnego-konserwatywnego-dyskursu\/#primaryimage\"},\"thumbnailUrl\":\"https:\/\/www.pogotowieflagowe.pl\/aktualne\/wp-content\/uploads\/2025\/06\/CPAC-Polska-2025-Podkarpacie-w-sercu-globalnego-konserwatywnego-dyskursu.webp.webp\",\"keywords\":[\"CPAC\",\"dyskursu\",\"globalnego\",\"konserwatywnego\",\"Podkarpacie\",\"polska\",\"sercu\"],\"articleSection\":[\"Aktualne\"],\"inLanguage\":\"pl-PL\"},{\"@type\":\"WebPage\",\"@id\":\"https:\/\/www.pogotowieflagowe.pl\/aktualne\/cpac-polska-2025-podkarpacie-w-sercu-globalnego-konserwatywnego-dyskursu\/\",\"url\":\"https:\/\/www.pogotowieflagowe.pl\/aktualne\/cpac-polska-2025-podkarpacie-w-sercu-globalnego-konserwatywnego-dyskursu\/\",\"name\":\"CPAC Polska 2025 - Podkarpacie w sercu globalnego konserwatywnego dyskursu - POGOTOWIE FLAGOWE\u00ae\",\"isPartOf\":{\"@id\":\"https:\/\/www.pogotowieflagowe.pl\/aktualne\/#website\"},\"primaryImageOfPage\":{\"@id\":\"https:\/\/www.pogotowieflagowe.pl\/aktualne\/cpac-polska-2025-podkarpacie-w-sercu-globalnego-konserwatywnego-dyskursu\/#primaryimage\"},\"image\":{\"@id\":\"https:\/\/www.pogotowieflagowe.pl\/aktualne\/cpac-polska-2025-podkarpacie-w-sercu-globalnego-konserwatywnego-dyskursu\/#primaryimage\"},\"thumbnailUrl\":\"https:\/\/www.pogotowieflagowe.pl\/aktualne\/wp-content\/uploads\/2025\/06\/CPAC-Polska-2025-Podkarpacie-w-sercu-globalnego-konserwatywnego-dyskursu.webp.webp\",\"datePublished\":\"2025-06-03T02:48:12+00:00\",\"dateModified\":\"2025-06-03T02:48:13+00:00\",\"breadcrumb\":{\"@id\":\"https:\/\/www.pogotowieflagowe.pl\/aktualne\/cpac-polska-2025-podkarpacie-w-sercu-globalnego-konserwatywnego-dyskursu\/#breadcrumb\"},\"inLanguage\":\"pl-PL\",\"potentialAction\":[{\"@type\":\"ReadAction\",\"target\":[\"https:\/\/www.pogotowieflagowe.pl\/aktualne\/cpac-polska-2025-podkarpacie-w-sercu-globalnego-konserwatywnego-dyskursu\/\"]}]},{\"@type\":\"ImageObject\",\"inLanguage\":\"pl-PL\",\"@id\":\"https:\/\/www.pogotowieflagowe.pl\/aktualne\/cpac-polska-2025-podkarpacie-w-sercu-globalnego-konserwatywnego-dyskursu\/#primaryimage\",\"url\":\"https:\/\/www.pogotowieflagowe.pl\/aktualne\/wp-content\/uploads\/2025\/06\/CPAC-Polska-2025-Podkarpacie-w-sercu-globalnego-konserwatywnego-dyskursu.webp.webp\",\"contentUrl\":\"https:\/\/www.pogotowieflagowe.pl\/aktualne\/wp-content\/uploads\/2025\/06\/CPAC-Polska-2025-Podkarpacie-w-sercu-globalnego-konserwatywnego-dyskursu.webp.webp\",\"width\":1280,\"height\":720,\"caption\":\"CPAC Polska 2025 - Podkarpacie w sercu globalnego konserwatywnego dyskursu\"},{\"@type\":\"BreadcrumbList\",\"@id\":\"https:\/\/www.pogotowieflagowe.pl\/aktualne\/cpac-polska-2025-podkarpacie-w-sercu-globalnego-konserwatywnego-dyskursu\/#breadcrumb\",\"itemListElement\":[{\"@type\":\"ListItem\",\"position\":1,\"name\":\"Home\",\"item\":\"https:\/\/www.pogotowieflagowe.pl\/aktualne\/\"},{\"@type\":\"ListItem\",\"position\":2,\"name\":\"CPAC Polska 2025 &#8211; Podkarpacie w sercu globalnego konserwatywnego dyskursu\"}]},{\"@type\":\"WebSite\",\"@id\":\"https:\/\/www.pogotowieflagowe.pl\/aktualne\/#website\",\"url\":\"https:\/\/www.pogotowieflagowe.pl\/aktualne\/\",\"name\":\"POGOTOWIE FLAGOWE\u00ae\",\"description\":\"\",\"publisher\":{\"@id\":\"https:\/\/www.pogotowieflagowe.pl\/aktualne\/#organization\"},\"potentialAction\":[{\"@type\":\"SearchAction\",\"target\":{\"@type\":\"EntryPoint\",\"urlTemplate\":\"https:\/\/www.pogotowieflagowe.pl\/aktualne\/?s={search_term_string}\"},\"query-input\":\"required name=search_term_string\"}],\"inLanguage\":\"pl-PL\"},{\"@type\":\"Organization\",\"@id\":\"https:\/\/www.pogotowieflagowe.pl\/aktualne\/#organization\",\"name\":\"POGOTOWIE FLAGOWE\u00ae\",\"url\":\"https:\/\/www.pogotowieflagowe.pl\/aktualne\/\",\"logo\":{\"@type\":\"ImageObject\",\"inLanguage\":\"pl-PL\",\"@id\":\"https:\/\/www.pogotowieflagowe.pl\/aktualne\/#\/schema\/logo\/image\/\",\"url\":\"https:\/\/www.pogotowieflagowe.pl\/aktualne\/wp-content\/uploads\/2024\/08\/cropped-pogotowieflagowe_flaga_projekt_sm.jpg\",\"contentUrl\":\"https:\/\/www.pogotowieflagowe.pl\/aktualne\/wp-content\/uploads\/2024\/08\/cropped-pogotowieflagowe_flaga_projekt_sm.jpg\",\"width\":250,\"height\":143,\"caption\":\"POGOTOWIE FLAGOWE\u00ae\"},\"image\":{\"@id\":\"https:\/\/www.pogotowieflagowe.pl\/aktualne\/#\/schema\/logo\/image\/\"}},{\"@type\":\"Person\",\"@id\":\"https:\/\/www.pogotowieflagowe.pl\/aktualne\/#\/schema\/person\/9c2fb7d2362ebf6fa088960d7f0d27b0\",\"name\":\"Filip\",\"image\":{\"@type\":\"ImageObject\",\"inLanguage\":\"pl-PL\",\"@id\":\"https:\/\/www.pogotowieflagowe.pl\/aktualne\/#\/schema\/person\/image\/\",\"url\":\"https:\/\/www.pogotowieflagowe.pl\/aktualne\/wp-content\/uploads\/2024\/08\/pogotowieflagowe.pl_.jpg\",\"contentUrl\":\"https:\/\/www.pogotowieflagowe.pl\/aktualne\/wp-content\/uploads\/2024\/08\/pogotowieflagowe.pl_.jpg\",\"caption\":\"Filip\"},\"description\":\"Jestem Filip, polski dziennikarz z dyplomem nauk politycznych Uniwersytetu Warszawskiego. Rozpoczynaj\u0105c swoj\u0105 karier\u0119 w r\u00f3\u017cnych lokalnych mediach, zdoby\u0142em solidne do\u015bwiadczenie w zakresie \u015bledztwa i redakcji. Obecnie jako redaktor w Pogotowie flagowe, staram si\u0119 dostarcza\u0107 dog\u0142\u0119bne i istotne analizy na temat najwa\u017cniejszych kwestii aktualno\u015bci, \u0142\u0105cz\u0105c rygor z pasj\u0105 dziennikarsk\u0105.\",\"sameAs\":[\"https:\/\/www.pogotowieflagowe.pl\/\"]}]}<\/script>\n<!-- \/ Yoast SEO plugin. -->","yoast_head_json":{"title":"CPAC Polska 2025 - Podkarpacie w sercu globalnego konserwatywnego dyskursu - POGOTOWIE FLAGOWE\u00ae","robots":{"index":"index","follow":"follow","max-snippet":"max-snippet:-1","max-image-preview":"max-image-preview:large","max-video-preview":"max-video-preview:-1"},"canonical":"https:\/\/www.pogotowieflagowe.pl\/aktualne\/cpac-polska-2025-podkarpacie-w-sercu-globalnego-konserwatywnego-dyskursu\/","og_locale":"pl_PL","og_type":"article","og_title":"CPAC Polska 2025 - Podkarpacie w sercu globalnego konserwatywnego dyskursu - POGOTOWIE FLAGOWE\u00ae","og_description":"27 maja 2025 r. Zejdzie w historii jako dzie\u0144 Polska &#8211; po raz pierwszy &#8211; go\u015bci\u0142a jedno z najwa\u017cniejszych wydarze\u0144","og_url":"https:\/\/www.pogotowieflagowe.pl\/aktualne\/cpac-polska-2025-podkarpacie-w-sercu-globalnego-konserwatywnego-dyskursu\/","og_site_name":"POGOTOWIE FLAGOWE\u00ae","article_published_time":"2025-06-03T02:48:12+00:00","article_modified_time":"2025-06-03T02:48:13+00:00","og_image":[{"width":1280,"height":720,"url":"https:\/\/www.pogotowieflagowe.pl\/aktualne\/wp-content\/uploads\/2025\/06\/CPAC-Polska-2025-Podkarpacie-w-sercu-globalnego-konserwatywnego-dyskursu.webp.webp","type":"image\/webp"}],"author":"Filip","twitter_card":"summary_large_image","twitter_misc":{"Napisane przez":"Filip","Szacowany czas czytania":"3 minuty"},"schema":{"@context":"https:\/\/schema.org","@graph":[{"@type":"Article","@id":"https:\/\/www.pogotowieflagowe.pl\/aktualne\/cpac-polska-2025-podkarpacie-w-sercu-globalnego-konserwatywnego-dyskursu\/#article","isPartOf":{"@id":"https:\/\/www.pogotowieflagowe.pl\/aktualne\/cpac-polska-2025-podkarpacie-w-sercu-globalnego-konserwatywnego-dyskursu\/"},"author":{"name":"Filip","@id":"https:\/\/www.pogotowieflagowe.pl\/aktualne\/#\/schema\/person\/9c2fb7d2362ebf6fa088960d7f0d27b0"},"headline":"CPAC Polska 2025 &#8211; Podkarpacie w sercu globalnego konserwatywnego dyskursu","datePublished":"2025-06-03T02:48:12+00:00","dateModified":"2025-06-03T02:48:13+00:00","mainEntityOfPage":{"@id":"https:\/\/www.pogotowieflagowe.pl\/aktualne\/cpac-polska-2025-podkarpacie-w-sercu-globalnego-konserwatywnego-dyskursu\/"},"wordCount":598,"publisher":{"@id":"https:\/\/www.pogotowieflagowe.pl\/aktualne\/#organization"},"image":{"@id":"https:\/\/www.pogotowieflagowe.pl\/aktualne\/cpac-polska-2025-podkarpacie-w-sercu-globalnego-konserwatywnego-dyskursu\/#primaryimage"},"thumbnailUrl":"https:\/\/www.pogotowieflagowe.pl\/aktualne\/wp-content\/uploads\/2025\/06\/CPAC-Polska-2025-Podkarpacie-w-sercu-globalnego-konserwatywnego-dyskursu.webp.webp","keywords":["CPAC","dyskursu","globalnego","konserwatywnego","Podkarpacie","polska","sercu"],"articleSection":["Aktualne"],"inLanguage":"pl-PL"},{"@type":"WebPage","@id":"https:\/\/www.pogotowieflagowe.pl\/aktualne\/cpac-polska-2025-podkarpacie-w-sercu-globalnego-konserwatywnego-dyskursu\/","url":"https:\/\/www.pogotowieflagowe.pl\/aktualne\/cpac-polska-2025-podkarpacie-w-sercu-globalnego-konserwatywnego-dyskursu\/","name":"CPAC Polska 2025 - Podkarpacie w sercu globalnego konserwatywnego dyskursu - POGOTOWIE FLAGOWE\u00ae","isPartOf":{"@id":"https:\/\/www.pogotowieflagowe.pl\/aktualne\/#website"},"primaryImageOfPage":{"@id":"https:\/\/www.pogotowieflagowe.pl\/aktualne\/cpac-polska-2025-podkarpacie-w-sercu-globalnego-konserwatywnego-dyskursu\/#primaryimage"},"image":{"@id":"https:\/\/www.pogotowieflagowe.pl\/aktualne\/cpac-polska-2025-podkarpacie-w-sercu-globalnego-konserwatywnego-dyskursu\/#primaryimage"},"thumbnailUrl":"https:\/\/www.pogotowieflagowe.pl\/aktualne\/wp-content\/uploads\/2025\/06\/CPAC-Polska-2025-Podkarpacie-w-sercu-globalnego-konserwatywnego-dyskursu.webp.webp","datePublished":"2025-06-03T02:48:12+00:00","dateModified":"2025-06-03T02:48:13+00:00","breadcrumb":{"@id":"https:\/\/www.pogotowieflagowe.pl\/aktualne\/cpac-polska-2025-podkarpacie-w-sercu-globalnego-konserwatywnego-dyskursu\/#breadcrumb"},"inLanguage":"pl-PL","potentialAction":[{"@type":"ReadAction","target":["https:\/\/www.pogotowieflagowe.pl\/aktualne\/cpac-polska-2025-podkarpacie-w-sercu-globalnego-konserwatywnego-dyskursu\/"]}]},{"@type":"ImageObject","inLanguage":"pl-PL","@id":"https:\/\/www.pogotowieflagowe.pl\/aktualne\/cpac-polska-2025-podkarpacie-w-sercu-globalnego-konserwatywnego-dyskursu\/#primaryimage","url":"https:\/\/www.pogotowieflagowe.pl\/aktualne\/wp-content\/uploads\/2025\/06\/CPAC-Polska-2025-Podkarpacie-w-sercu-globalnego-konserwatywnego-dyskursu.webp.webp","contentUrl":"https:\/\/www.pogotowieflagowe.pl\/aktualne\/wp-content\/uploads\/2025\/06\/CPAC-Polska-2025-Podkarpacie-w-sercu-globalnego-konserwatywnego-dyskursu.webp.webp","width":1280,"height":720,"caption":"CPAC Polska 2025 - Podkarpacie w sercu globalnego konserwatywnego dyskursu"},{"@type":"BreadcrumbList","@id":"https:\/\/www.pogotowieflagowe.pl\/aktualne\/cpac-polska-2025-podkarpacie-w-sercu-globalnego-konserwatywnego-dyskursu\/#breadcrumb","itemListElement":[{"@type":"ListItem","position":1,"name":"Home","item":"https:\/\/www.pogotowieflagowe.pl\/aktualne\/"},{"@type":"ListItem","position":2,"name":"CPAC Polska 2025 &#8211; Podkarpacie w sercu globalnego konserwatywnego dyskursu"}]},{"@type":"WebSite","@id":"https:\/\/www.pogotowieflagowe.pl\/aktualne\/#website","url":"https:\/\/www.pogotowieflagowe.pl\/aktualne\/","name":"POGOTOWIE FLAGOWE\u00ae","description":"","publisher":{"@id":"https:\/\/www.pogotowieflagowe.pl\/aktualne\/#organization"},"potentialAction":[{"@type":"SearchAction","target":{"@type":"EntryPoint","urlTemplate":"https:\/\/www.pogotowieflagowe.pl\/aktualne\/?s={search_term_string}"},"query-input":"required name=search_term_string"}],"inLanguage":"pl-PL"},{"@type":"Organization","@id":"https:\/\/www.pogotowieflagowe.pl\/aktualne\/#organization","name":"POGOTOWIE FLAGOWE\u00ae","url":"https:\/\/www.pogotowieflagowe.pl\/aktualne\/","logo":{"@type":"ImageObject","inLanguage":"pl-PL","@id":"https:\/\/www.pogotowieflagowe.pl\/aktualne\/#\/schema\/logo\/image\/","url":"https:\/\/www.pogotowieflagowe.pl\/aktualne\/wp-content\/uploads\/2024\/08\/cropped-pogotowieflagowe_flaga_projekt_sm.jpg","contentUrl":"https:\/\/www.pogotowieflagowe.pl\/aktualne\/wp-content\/uploads\/2024\/08\/cropped-pogotowieflagowe_flaga_projekt_sm.jpg","width":250,"height":143,"caption":"POGOTOWIE FLAGOWE\u00ae"},"image":{"@id":"https:\/\/www.pogotowieflagowe.pl\/aktualne\/#\/schema\/logo\/image\/"}},{"@type":"Person","@id":"https:\/\/www.pogotowieflagowe.pl\/aktualne\/#\/schema\/person\/9c2fb7d2362ebf6fa088960d7f0d27b0","name":"Filip","image":{"@type":"ImageObject","inLanguage":"pl-PL","@id":"https:\/\/www.pogotowieflagowe.pl\/aktualne\/#\/schema\/person\/image\/","url":"https:\/\/www.pogotowieflagowe.pl\/aktualne\/wp-content\/uploads\/2024\/08\/pogotowieflagowe.pl_.jpg","contentUrl":"https:\/\/www.pogotowieflagowe.pl\/aktualne\/wp-content\/uploads\/2024\/08\/pogotowieflagowe.pl_.jpg","caption":"Filip"},"description":"Jestem Filip, polski dziennikarz z dyplomem nauk politycznych Uniwersytetu Warszawskiego. Rozpoczynaj\u0105c swoj\u0105 karier\u0119 w r\u00f3\u017cnych lokalnych mediach, zdoby\u0142em solidne do\u015bwiadczenie w zakresie \u015bledztwa i redakcji. Obecnie jako redaktor w Pogotowie flagowe, staram si\u0119 dostarcza\u0107 dog\u0142\u0119bne i istotne analizy na temat najwa\u017cniejszych kwestii aktualno\u015bci, \u0142\u0105cz\u0105c rygor z pasj\u0105 dziennikarsk\u0105.","sameAs":["https:\/\/www.pogotowieflagowe.pl\/"]}]}},"_links":{"self":[{"href":"https:\/\/www.pogotowieflagowe.pl\/aktualne\/wp-json\/wp\/v2\/posts\/6062","targetHints":{"allow":["GET"]}}],"collection":[{"href":"https:\/\/www.pogotowieflagowe.pl\/aktualne\/wp-json\/wp\/v2\/posts"}],"about":[{"href":"https:\/\/www.pogotowieflagowe.pl\/aktualne\/wp-json\/wp\/v2\/types\/post"}],"author":[{"embeddable":true,"href":"https:\/\/www.pogotowieflagowe.pl\/aktualne\/wp-json\/wp\/v2\/users\/1"}],"replies":[{"embeddable":true,"href":"https:\/\/www.pogotowieflagowe.pl\/aktualne\/wp-json\/wp\/v2\/comments?post=6062"}],"version-history":[{"count":1,"href":"https:\/\/www.pogotowieflagowe.pl\/aktualne\/wp-json\/wp\/v2\/posts\/6062\/revisions"}],"predecessor-version":[{"id":6064,"href":"https:\/\/www.pogotowieflagowe.pl\/aktualne\/wp-json\/wp\/v2\/posts\/6062\/revisions\/6064"}],"wp:featuredmedia":[{"embeddable":true,"href":"https:\/\/www.pogotowieflagowe.pl\/aktualne\/wp-json\/wp\/v2\/media\/6063"}],"wp:attachment":[{"href":"https:\/\/www.pogotowieflagowe.pl\/aktualne\/wp-json\/wp\/v2\/media?parent=6062"}],"wp:term":[{"taxonomy":"category","embeddable":true,"href":"https:\/\/www.pogotowieflagowe.pl\/aktualne\/wp-json\/wp\/v2\/categories?post=6062"},{"taxonomy":"post_tag","embeddable":true,"href":"https:\/\/www.pogotowieflagowe.pl\/aktualne\/wp-json\/wp\/v2\/tags?post=6062"}],"curies":[{"name":"wp","href":"https:\/\/api.w.org\/{rel}","templated":true}]}}