{"id":6065,"date":"2025-06-03T10:51:40","date_gmt":"2025-06-03T08:51:40","guid":{"rendered":"https:\/\/www.pogotowieflagowe.pl\/aktualne\/andrzej-duda-to-zwyciestwo-jest-niekwestionowane-i-jednoznaczne\/"},"modified":"2025-06-03T10:51:41","modified_gmt":"2025-06-03T08:51:41","slug":"andrzej-duda-to-zwyciestwo-jest-niekwestionowane-i-jednoznaczne","status":"publish","type":"post","link":"https:\/\/www.pogotowieflagowe.pl\/aktualne\/andrzej-duda-to-zwyciestwo-jest-niekwestionowane-i-jednoznaczne\/","title":{"rendered":"AndrzeJ Duda: To zwyci\u0119stwo jest niekwestionowane i jednoznaczne"},"content":{"rendered":"\n<div class=\"td_block_wrap tdb_single_content tdi_41 td-pb-border-top td_block_template_8 td-post-content tagdiv-type\" data-td-block-uid=\"tdi_41\">\n<style>.tdi_41 {margin-top: 0px! Wa\u017cne; margines-bottom: 0px! WA\u017bNY; PALDING-TOP: 0PX! WA\u017bNY; PALDING-BOTTOM: 0PX! WA\u017bNE}<\/style>\n<style>.tdb_single_content {margin-bottom: 0;*zoom: 1} .tdb_single_content: wcze\u015bniej, .tdb_single_content: po {display: Table; content: ''; line-height: 0} .TDB-BLOCK-INner>*: nie (.WP-BLOCK-QUOTE): not (.alignSwide): not (.Alignfull.wp-block-cover.has-parallax): not (.td-a-ad) {margin-left: auto; margin-right: auto} .tdb_single_ConTent a {wska\u017anik-events: auto} .tdb_single_content .td-spot-id-top_ad .tdc-placeholder-title: przed {content: \u201eArtyku\u0142 top ad\u201d! Wa\u017cne} .tdb_single_content .td-Spot-Id-inline_ad0 .tdc-placeholder-title 1 '! Wa\u017cne} .tdb_single_content .td-Spot-Id-inline_Ad1 .tdc-Placeholder-Title: przed {content: \u201eArtyku\u0142 inline AD 2'! Wa\u017cny} .tdb_single_content. 3 '! Wa\u017cne} .tdb_single_content .td-Spot-Id-Bottom_Ad .tdc-Placeholder-Title: przed {content: \u201eArtyku\u0142 Bottom Ad\u201d! Wa\u017cne} .tdb_single_content .id_top_ad, .tdb_single_content_content .id_bottom_ad {clear: oba; margin-bottom: 21px; text-align: Center} .tdb_single_content .id_top_ad img, .tdb_single_content .id_bottom_ad img {margin-bottom: 0} .tdb_single_conTent .id_top_ad .adsbyGoogle, .tdb_single_content .id_bottom_ad .adsbyGoogle {pozycja: relatyw} .tdb_single_content .id_ad_content-horiz-left, .tdb_single_content .id_ad_content-horiz-right, .tdb_single_content .id_ad_content-horiz-Center {margin-bottom: 15px} .tdb_single_content .id_ad_content-horiz-left Img, .tdb_single_content .id_ad_content-horiz-right img, .tdb_single_content .id_ad_content-horiz-centerter img {margin-bottom: 0} .tdb_single_content .id_ad_content-horiz-center {text-align: Center} .tdb_single_content .id_ad_content-horiz-center img {margin-right: auto; margin-let: auto} .tdb_single_content .id_ad_content-horiz-left {float: left; margin-top: 9px; margin-right: 21px} .tdb_single_content .id_ad_content-horiz-right {float: margin-top: 6px; margin-left: 21px} .tdb_single_content .tdc-a-a-ad .TDC-Placeholder-Title {szeroko\u015b\u0107: 300px; height: 250px} .tdb_single_content .tdc-a-ad .TDC-Placeholder-Title: Przed {Pozycja: Absolute; TOP: 50%;-WebKit-Transform: Translatey (-50%); Transform: Translatey (-50%); margines: auto; Display: Tabela; szeroko\u015b\u0107: 100%}. tdb_single_content .TDB-BLOCK-INNER.TD-FIX-INDEX {Word-Break: Break-word} .tdi_41, .tdi_41> p, .tdi_41 .tdb-block-inner> p, .Wp-Block-Column> p {font-size: 16px! Wa\u017cne; wa\u017cny; p {font-styl: normalne! Wa\u017cne} @media (Max-Width: 767px) {. tdb_single_content .id_ad_content-horiz-left, .tdb_single_content .id_ad_content-horiz-right, .tdb_single_content .id_ad_content-horiz-centter {Margin: 0 AUTO 26PXX auto}}@media (Max-Width: 767px) {. tdb_single_content .id_ad_content-horiz-left {margin-right: 0}}@media (max-width: 767px) {. (Max-Width: 767px) {. tdb_single_content .td-a-ad {float: none; text-align: Center} .tdb_single_content .td-a-ad img {margin-right: auto; margin-left: auto} .tdb_single_content .tdc-a-a-a-{margin-right: auto; margin-left: auto} .tdb_single_content .tdd<\/style>\n<div class=\"tdb-block-inner td-fix-index\">\n<p><strong>Podczas wizyty na Litwie, AndrzeJ Duda, podczas konferencji prasowej przed spotkaniem z prezydentem Litwanu Gitanasem Naus\u0117da, skupiaj\u0105c si\u0119 przede wszystkim na bezpiecze\u0144stwie Polski. Zosta\u0142 r\u00f3wnie\u017c poproszony o skomentowanie ostatnich wybor\u00f3w.<\/strong><\/p>\n<hr class=\"wp-block-separator has-alpha-channel-opacity\">\n<p>Duda podkre\u015bli\u0142 znaczenie wysokiej frekwencji wyborczej i wyrazi\u0142 wdzi\u0119czno\u015b\u0107 ponad 70 procentom polskich obywateli, kt\u00f3rzy uczestniczyli w g\u0142osowaniu.<\/p>\n<figure class=\"wp-block-pullquote\">\n<blockquote>\n<p>\u201eZa po\u015brednictwem platformy X by\u0142em jednym z pierwszych, kt\u00f3rzy pogratulowali Karolowi Nawrockimu za jego zwyci\u0119stwo i podzi\u0119kowa\u0107 wszystkim, kt\u00f3rzy wzi\u0119li udzia\u0142 w wyborach. Jeszcze wczoraj zach\u0119ca\u0142em ludzi do g\u0142osowania, podkre\u015blaj\u0105c znaczenie zwi\u0119kszania frekwencji &#8211; i jestem g\u0142\u0119boko wdzi\u0119czny wszystkim, kt\u00f3rzy oddali g\u0142os. W drugiej rundzie, ponad 20 milion\u00f3w g\u0142os\u00f3w obsadzono. Margines &#8211; populacja du\u017cego polskiego miasta. Pa\u0144stwa i zwi\u0119kszaj\u0105c nasz bud\u017cet obrony. \u201d<\/p>\n<\/blockquote>\n<\/figure>\n<p>Duda podkre\u015bli\u0142 r\u00f3wnie\u017c znaczenie kontynuowania rozwijania mi\u0119dzynarodowych sojuszy i stosunk\u00f3w dyplomatycznych. Wyrazi\u0142 nadziej\u0119, \u017ce przybywaj\u0105cy prezydent we\u017amie udzia\u0142 w nadchodz\u0105cych dziewi\u0119ciu obradach Bukarest.<\/p>\n<figure class=\"wp-block-pullquote\">\n<blockquote>\n<p>\u201eZwyci\u0119stwo Karola Nawrockiego daje mi poczucie zapewnienia, poniewa\u017c jestem pewien, \u017ce b\u0119dzie on kontynuowa\u0142 polityk\u0119, kt\u00f3ra wzmocni\u0142a nasz\u0105 obron\u0119 narodow\u0105. Wierz\u0119 r\u00f3wnie\u017c, \u017ce nowy prezydent b\u0119dzie d\u0105\u017cy\u0142 do polityki skoncentrowanej na rozwoju naszej infrastruktury. Z tych powod\u00f3w widz\u0119 wynik wybor\u00f3w z spokojnym i optymizmem.\u201d<\/p>\n<\/blockquote>\n<\/figure>\n<p>Duda og\u0142osi\u0142 r\u00f3wnie\u017c, \u017ce po powrocie do Polski spotka si\u0119 z Karolem Nawrockim, aby osobi\u015bcie om\u00f3wi\u0107 obecn\u0105 sytuacj\u0119 polityczn\u0105 i geopolityczn\u0105.<\/p>\n<\/div>\n<\/div>\n","protected":false},"excerpt":{"rendered":"<p>Podczas wizyty na Litwie, AndrzeJ Duda, podczas konferencji prasowej przed spotkaniem z prezydentem Litwanu Gitanasem Naus\u0117da, skupiaj\u0105c si\u0119 przede wszystkim<\/p>\n","protected":false},"author":1,"featured_media":6066,"comment_status":"closed","ping_status":"","sticky":false,"template":"","format":"standard","meta":{"footnotes":""},"categories":[4748],"tags":[342,343,7828,111,7827,295],"class_list":["post-6065","post","type-post","status-publish","format-standard","has-post-thumbnail","hentry","category-aktualne","tag-andrzej","tag-duda","tag-jednoznaczne","tag-jest","tag-niekwestionowane","tag-zwyciestwo","generate-columns","tablet-grid-50","mobile-grid-100","grid-parent","grid-50","resize-featured-image"],"yoast_head":"<!-- This site is optimized with the Yoast SEO plugin v23.2 - https:\/\/yoast.com\/wordpress\/plugins\/seo\/ -->\n<title>AndrzeJ Duda: To zwyci\u0119stwo jest niekwestionowane i jednoznaczne - POGOTOWIE FLAGOWE\u00ae<\/title>\n<meta name=\"robots\" content=\"index, follow, max-snippet:-1, max-image-preview:large, max-video-preview:-1\" \/>\n<link rel=\"canonical\" href=\"https:\/\/www.pogotowieflagowe.pl\/aktualne\/andrzej-duda-to-zwyciestwo-jest-niekwestionowane-i-jednoznaczne\/\" \/>\n<meta property=\"og:locale\" content=\"pl_PL\" \/>\n<meta property=\"og:type\" content=\"article\" \/>\n<meta property=\"og:title\" content=\"AndrzeJ Duda: To zwyci\u0119stwo jest niekwestionowane i jednoznaczne - POGOTOWIE FLAGOWE\u00ae\" \/>\n<meta property=\"og:description\" content=\"Podczas wizyty na Litwie, AndrzeJ Duda, podczas konferencji prasowej przed spotkaniem z prezydentem Litwanu Gitanasem Naus\u0117da, skupiaj\u0105c si\u0119 przede wszystkim\" \/>\n<meta property=\"og:url\" content=\"https:\/\/www.pogotowieflagowe.pl\/aktualne\/andrzej-duda-to-zwyciestwo-jest-niekwestionowane-i-jednoznaczne\/\" \/>\n<meta property=\"og:site_name\" content=\"POGOTOWIE FLAGOWE\u00ae\" \/>\n<meta property=\"article:published_time\" content=\"2025-06-03T08:51:40+00:00\" \/>\n<meta property=\"article:modified_time\" content=\"2025-06-03T08:51:41+00:00\" \/>\n<meta property=\"og:image\" content=\"https:\/\/www.pogotowieflagowe.pl\/aktualne\/wp-content\/uploads\/2025\/06\/AndrzeJ-Duda-To-zwyciestwo-jest-niekwestionowane-i-jednoznaczne.webp.webp\" \/>\n\t<meta property=\"og:image:width\" content=\"1280\" \/>\n\t<meta property=\"og:image:height\" content=\"720\" \/>\n\t<meta property=\"og:image:type\" content=\"image\/webp\" \/>\n<meta name=\"author\" content=\"Filip\" \/>\n<meta name=\"twitter:card\" content=\"summary_large_image\" \/>\n<meta name=\"twitter:label1\" content=\"Napisane przez\" \/>\n\t<meta name=\"twitter:data1\" content=\"Filip\" \/>\n\t<meta name=\"twitter:label2\" content=\"Szacowany czas czytania\" \/>\n\t<meta name=\"twitter:data2\" content=\"1 minuta\" \/>\n<script type=\"application\/ld+json\" class=\"yoast-schema-graph\">{\"@context\":\"https:\/\/schema.org\",\"@graph\":[{\"@type\":\"Article\",\"@id\":\"https:\/\/www.pogotowieflagowe.pl\/aktualne\/andrzej-duda-to-zwyciestwo-jest-niekwestionowane-i-jednoznaczne\/#article\",\"isPartOf\":{\"@id\":\"https:\/\/www.pogotowieflagowe.pl\/aktualne\/andrzej-duda-to-zwyciestwo-jest-niekwestionowane-i-jednoznaczne\/\"},\"author\":{\"name\":\"Filip\",\"@id\":\"https:\/\/www.pogotowieflagowe.pl\/aktualne\/#\/schema\/person\/9c2fb7d2362ebf6fa088960d7f0d27b0\"},\"headline\":\"AndrzeJ Duda: To zwyci\u0119stwo jest niekwestionowane i jednoznaczne\",\"datePublished\":\"2025-06-03T08:51:40+00:00\",\"dateModified\":\"2025-06-03T08:51:41+00:00\",\"mainEntityOfPage\":{\"@id\":\"https:\/\/www.pogotowieflagowe.pl\/aktualne\/andrzej-duda-to-zwyciestwo-jest-niekwestionowane-i-jednoznaczne\/\"},\"wordCount\":260,\"publisher\":{\"@id\":\"https:\/\/www.pogotowieflagowe.pl\/aktualne\/#organization\"},\"image\":{\"@id\":\"https:\/\/www.pogotowieflagowe.pl\/aktualne\/andrzej-duda-to-zwyciestwo-jest-niekwestionowane-i-jednoznaczne\/#primaryimage\"},\"thumbnailUrl\":\"https:\/\/www.pogotowieflagowe.pl\/aktualne\/wp-content\/uploads\/2025\/06\/AndrzeJ-Duda-To-zwyciestwo-jest-niekwestionowane-i-jednoznaczne.webp.webp\",\"keywords\":[\"Andrzej\",\"Duda\",\"jednoznaczne\",\"jest\",\"niekwestionowane\",\"zwyci\u0119stwo\"],\"articleSection\":[\"Aktualne\"],\"inLanguage\":\"pl-PL\"},{\"@type\":\"WebPage\",\"@id\":\"https:\/\/www.pogotowieflagowe.pl\/aktualne\/andrzej-duda-to-zwyciestwo-jest-niekwestionowane-i-jednoznaczne\/\",\"url\":\"https:\/\/www.pogotowieflagowe.pl\/aktualne\/andrzej-duda-to-zwyciestwo-jest-niekwestionowane-i-jednoznaczne\/\",\"name\":\"AndrzeJ Duda: To zwyci\u0119stwo jest niekwestionowane i jednoznaczne - POGOTOWIE FLAGOWE\u00ae\",\"isPartOf\":{\"@id\":\"https:\/\/www.pogotowieflagowe.pl\/aktualne\/#website\"},\"primaryImageOfPage\":{\"@id\":\"https:\/\/www.pogotowieflagowe.pl\/aktualne\/andrzej-duda-to-zwyciestwo-jest-niekwestionowane-i-jednoznaczne\/#primaryimage\"},\"image\":{\"@id\":\"https:\/\/www.pogotowieflagowe.pl\/aktualne\/andrzej-duda-to-zwyciestwo-jest-niekwestionowane-i-jednoznaczne\/#primaryimage\"},\"thumbnailUrl\":\"https:\/\/www.pogotowieflagowe.pl\/aktualne\/wp-content\/uploads\/2025\/06\/AndrzeJ-Duda-To-zwyciestwo-jest-niekwestionowane-i-jednoznaczne.webp.webp\",\"datePublished\":\"2025-06-03T08:51:40+00:00\",\"dateModified\":\"2025-06-03T08:51:41+00:00\",\"breadcrumb\":{\"@id\":\"https:\/\/www.pogotowieflagowe.pl\/aktualne\/andrzej-duda-to-zwyciestwo-jest-niekwestionowane-i-jednoznaczne\/#breadcrumb\"},\"inLanguage\":\"pl-PL\",\"potentialAction\":[{\"@type\":\"ReadAction\",\"target\":[\"https:\/\/www.pogotowieflagowe.pl\/aktualne\/andrzej-duda-to-zwyciestwo-jest-niekwestionowane-i-jednoznaczne\/\"]}]},{\"@type\":\"ImageObject\",\"inLanguage\":\"pl-PL\",\"@id\":\"https:\/\/www.pogotowieflagowe.pl\/aktualne\/andrzej-duda-to-zwyciestwo-jest-niekwestionowane-i-jednoznaczne\/#primaryimage\",\"url\":\"https:\/\/www.pogotowieflagowe.pl\/aktualne\/wp-content\/uploads\/2025\/06\/AndrzeJ-Duda-To-zwyciestwo-jest-niekwestionowane-i-jednoznaczne.webp.webp\",\"contentUrl\":\"https:\/\/www.pogotowieflagowe.pl\/aktualne\/wp-content\/uploads\/2025\/06\/AndrzeJ-Duda-To-zwyciestwo-jest-niekwestionowane-i-jednoznaczne.webp.webp\",\"width\":1280,\"height\":720,\"caption\":\"AndrzeJ Duda: To zwyci\u0119stwo jest niekwestionowane i jednoznaczne\"},{\"@type\":\"BreadcrumbList\",\"@id\":\"https:\/\/www.pogotowieflagowe.pl\/aktualne\/andrzej-duda-to-zwyciestwo-jest-niekwestionowane-i-jednoznaczne\/#breadcrumb\",\"itemListElement\":[{\"@type\":\"ListItem\",\"position\":1,\"name\":\"Home\",\"item\":\"https:\/\/www.pogotowieflagowe.pl\/aktualne\/\"},{\"@type\":\"ListItem\",\"position\":2,\"name\":\"AndrzeJ Duda: To zwyci\u0119stwo jest niekwestionowane i jednoznaczne\"}]},{\"@type\":\"WebSite\",\"@id\":\"https:\/\/www.pogotowieflagowe.pl\/aktualne\/#website\",\"url\":\"https:\/\/www.pogotowieflagowe.pl\/aktualne\/\",\"name\":\"POGOTOWIE FLAGOWE\u00ae\",\"description\":\"\",\"publisher\":{\"@id\":\"https:\/\/www.pogotowieflagowe.pl\/aktualne\/#organization\"},\"potentialAction\":[{\"@type\":\"SearchAction\",\"target\":{\"@type\":\"EntryPoint\",\"urlTemplate\":\"https:\/\/www.pogotowieflagowe.pl\/aktualne\/?s={search_term_string}\"},\"query-input\":\"required name=search_term_string\"}],\"inLanguage\":\"pl-PL\"},{\"@type\":\"Organization\",\"@id\":\"https:\/\/www.pogotowieflagowe.pl\/aktualne\/#organization\",\"name\":\"POGOTOWIE FLAGOWE\u00ae\",\"url\":\"https:\/\/www.pogotowieflagowe.pl\/aktualne\/\",\"logo\":{\"@type\":\"ImageObject\",\"inLanguage\":\"pl-PL\",\"@id\":\"https:\/\/www.pogotowieflagowe.pl\/aktualne\/#\/schema\/logo\/image\/\",\"url\":\"https:\/\/www.pogotowieflagowe.pl\/aktualne\/wp-content\/uploads\/2024\/08\/cropped-pogotowieflagowe_flaga_projekt_sm.jpg\",\"contentUrl\":\"https:\/\/www.pogotowieflagowe.pl\/aktualne\/wp-content\/uploads\/2024\/08\/cropped-pogotowieflagowe_flaga_projekt_sm.jpg\",\"width\":250,\"height\":143,\"caption\":\"POGOTOWIE FLAGOWE\u00ae\"},\"image\":{\"@id\":\"https:\/\/www.pogotowieflagowe.pl\/aktualne\/#\/schema\/logo\/image\/\"}},{\"@type\":\"Person\",\"@id\":\"https:\/\/www.pogotowieflagowe.pl\/aktualne\/#\/schema\/person\/9c2fb7d2362ebf6fa088960d7f0d27b0\",\"name\":\"Filip\",\"image\":{\"@type\":\"ImageObject\",\"inLanguage\":\"pl-PL\",\"@id\":\"https:\/\/www.pogotowieflagowe.pl\/aktualne\/#\/schema\/person\/image\/\",\"url\":\"https:\/\/www.pogotowieflagowe.pl\/aktualne\/wp-content\/uploads\/2024\/08\/pogotowieflagowe.pl_.jpg\",\"contentUrl\":\"https:\/\/www.pogotowieflagowe.pl\/aktualne\/wp-content\/uploads\/2024\/08\/pogotowieflagowe.pl_.jpg\",\"caption\":\"Filip\"},\"description\":\"Jestem Filip, polski dziennikarz z dyplomem nauk politycznych Uniwersytetu Warszawskiego. Rozpoczynaj\u0105c swoj\u0105 karier\u0119 w r\u00f3\u017cnych lokalnych mediach, zdoby\u0142em solidne do\u015bwiadczenie w zakresie \u015bledztwa i redakcji. Obecnie jako redaktor w Pogotowie flagowe, staram si\u0119 dostarcza\u0107 dog\u0142\u0119bne i istotne analizy na temat najwa\u017cniejszych kwestii aktualno\u015bci, \u0142\u0105cz\u0105c rygor z pasj\u0105 dziennikarsk\u0105.\",\"sameAs\":[\"https:\/\/www.pogotowieflagowe.pl\/\"]}]}<\/script>\n<!-- \/ Yoast SEO plugin. -->","yoast_head_json":{"title":"AndrzeJ Duda: To zwyci\u0119stwo jest niekwestionowane i jednoznaczne - POGOTOWIE FLAGOWE\u00ae","robots":{"index":"index","follow":"follow","max-snippet":"max-snippet:-1","max-image-preview":"max-image-preview:large","max-video-preview":"max-video-preview:-1"},"canonical":"https:\/\/www.pogotowieflagowe.pl\/aktualne\/andrzej-duda-to-zwyciestwo-jest-niekwestionowane-i-jednoznaczne\/","og_locale":"pl_PL","og_type":"article","og_title":"AndrzeJ Duda: To zwyci\u0119stwo jest niekwestionowane i jednoznaczne - POGOTOWIE FLAGOWE\u00ae","og_description":"Podczas wizyty na Litwie, AndrzeJ Duda, podczas konferencji prasowej przed spotkaniem z prezydentem Litwanu Gitanasem Naus\u0117da, skupiaj\u0105c si\u0119 przede wszystkim","og_url":"https:\/\/www.pogotowieflagowe.pl\/aktualne\/andrzej-duda-to-zwyciestwo-jest-niekwestionowane-i-jednoznaczne\/","og_site_name":"POGOTOWIE FLAGOWE\u00ae","article_published_time":"2025-06-03T08:51:40+00:00","article_modified_time":"2025-06-03T08:51:41+00:00","og_image":[{"width":1280,"height":720,"url":"https:\/\/www.pogotowieflagowe.pl\/aktualne\/wp-content\/uploads\/2025\/06\/AndrzeJ-Duda-To-zwyciestwo-jest-niekwestionowane-i-jednoznaczne.webp.webp","type":"image\/webp"}],"author":"Filip","twitter_card":"summary_large_image","twitter_misc":{"Napisane przez":"Filip","Szacowany czas czytania":"1 minuta"},"schema":{"@context":"https:\/\/schema.org","@graph":[{"@type":"Article","@id":"https:\/\/www.pogotowieflagowe.pl\/aktualne\/andrzej-duda-to-zwyciestwo-jest-niekwestionowane-i-jednoznaczne\/#article","isPartOf":{"@id":"https:\/\/www.pogotowieflagowe.pl\/aktualne\/andrzej-duda-to-zwyciestwo-jest-niekwestionowane-i-jednoznaczne\/"},"author":{"name":"Filip","@id":"https:\/\/www.pogotowieflagowe.pl\/aktualne\/#\/schema\/person\/9c2fb7d2362ebf6fa088960d7f0d27b0"},"headline":"AndrzeJ Duda: To zwyci\u0119stwo jest niekwestionowane i jednoznaczne","datePublished":"2025-06-03T08:51:40+00:00","dateModified":"2025-06-03T08:51:41+00:00","mainEntityOfPage":{"@id":"https:\/\/www.pogotowieflagowe.pl\/aktualne\/andrzej-duda-to-zwyciestwo-jest-niekwestionowane-i-jednoznaczne\/"},"wordCount":260,"publisher":{"@id":"https:\/\/www.pogotowieflagowe.pl\/aktualne\/#organization"},"image":{"@id":"https:\/\/www.pogotowieflagowe.pl\/aktualne\/andrzej-duda-to-zwyciestwo-jest-niekwestionowane-i-jednoznaczne\/#primaryimage"},"thumbnailUrl":"https:\/\/www.pogotowieflagowe.pl\/aktualne\/wp-content\/uploads\/2025\/06\/AndrzeJ-Duda-To-zwyciestwo-jest-niekwestionowane-i-jednoznaczne.webp.webp","keywords":["Andrzej","Duda","jednoznaczne","jest","niekwestionowane","zwyci\u0119stwo"],"articleSection":["Aktualne"],"inLanguage":"pl-PL"},{"@type":"WebPage","@id":"https:\/\/www.pogotowieflagowe.pl\/aktualne\/andrzej-duda-to-zwyciestwo-jest-niekwestionowane-i-jednoznaczne\/","url":"https:\/\/www.pogotowieflagowe.pl\/aktualne\/andrzej-duda-to-zwyciestwo-jest-niekwestionowane-i-jednoznaczne\/","name":"AndrzeJ Duda: To zwyci\u0119stwo jest niekwestionowane i jednoznaczne - POGOTOWIE FLAGOWE\u00ae","isPartOf":{"@id":"https:\/\/www.pogotowieflagowe.pl\/aktualne\/#website"},"primaryImageOfPage":{"@id":"https:\/\/www.pogotowieflagowe.pl\/aktualne\/andrzej-duda-to-zwyciestwo-jest-niekwestionowane-i-jednoznaczne\/#primaryimage"},"image":{"@id":"https:\/\/www.pogotowieflagowe.pl\/aktualne\/andrzej-duda-to-zwyciestwo-jest-niekwestionowane-i-jednoznaczne\/#primaryimage"},"thumbnailUrl":"https:\/\/www.pogotowieflagowe.pl\/aktualne\/wp-content\/uploads\/2025\/06\/AndrzeJ-Duda-To-zwyciestwo-jest-niekwestionowane-i-jednoznaczne.webp.webp","datePublished":"2025-06-03T08:51:40+00:00","dateModified":"2025-06-03T08:51:41+00:00","breadcrumb":{"@id":"https:\/\/www.pogotowieflagowe.pl\/aktualne\/andrzej-duda-to-zwyciestwo-jest-niekwestionowane-i-jednoznaczne\/#breadcrumb"},"inLanguage":"pl-PL","potentialAction":[{"@type":"ReadAction","target":["https:\/\/www.pogotowieflagowe.pl\/aktualne\/andrzej-duda-to-zwyciestwo-jest-niekwestionowane-i-jednoznaczne\/"]}]},{"@type":"ImageObject","inLanguage":"pl-PL","@id":"https:\/\/www.pogotowieflagowe.pl\/aktualne\/andrzej-duda-to-zwyciestwo-jest-niekwestionowane-i-jednoznaczne\/#primaryimage","url":"https:\/\/www.pogotowieflagowe.pl\/aktualne\/wp-content\/uploads\/2025\/06\/AndrzeJ-Duda-To-zwyciestwo-jest-niekwestionowane-i-jednoznaczne.webp.webp","contentUrl":"https:\/\/www.pogotowieflagowe.pl\/aktualne\/wp-content\/uploads\/2025\/06\/AndrzeJ-Duda-To-zwyciestwo-jest-niekwestionowane-i-jednoznaczne.webp.webp","width":1280,"height":720,"caption":"AndrzeJ Duda: To zwyci\u0119stwo jest niekwestionowane i jednoznaczne"},{"@type":"BreadcrumbList","@id":"https:\/\/www.pogotowieflagowe.pl\/aktualne\/andrzej-duda-to-zwyciestwo-jest-niekwestionowane-i-jednoznaczne\/#breadcrumb","itemListElement":[{"@type":"ListItem","position":1,"name":"Home","item":"https:\/\/www.pogotowieflagowe.pl\/aktualne\/"},{"@type":"ListItem","position":2,"name":"AndrzeJ Duda: To zwyci\u0119stwo jest niekwestionowane i jednoznaczne"}]},{"@type":"WebSite","@id":"https:\/\/www.pogotowieflagowe.pl\/aktualne\/#website","url":"https:\/\/www.pogotowieflagowe.pl\/aktualne\/","name":"POGOTOWIE FLAGOWE\u00ae","description":"","publisher":{"@id":"https:\/\/www.pogotowieflagowe.pl\/aktualne\/#organization"},"potentialAction":[{"@type":"SearchAction","target":{"@type":"EntryPoint","urlTemplate":"https:\/\/www.pogotowieflagowe.pl\/aktualne\/?s={search_term_string}"},"query-input":"required name=search_term_string"}],"inLanguage":"pl-PL"},{"@type":"Organization","@id":"https:\/\/www.pogotowieflagowe.pl\/aktualne\/#organization","name":"POGOTOWIE FLAGOWE\u00ae","url":"https:\/\/www.pogotowieflagowe.pl\/aktualne\/","logo":{"@type":"ImageObject","inLanguage":"pl-PL","@id":"https:\/\/www.pogotowieflagowe.pl\/aktualne\/#\/schema\/logo\/image\/","url":"https:\/\/www.pogotowieflagowe.pl\/aktualne\/wp-content\/uploads\/2024\/08\/cropped-pogotowieflagowe_flaga_projekt_sm.jpg","contentUrl":"https:\/\/www.pogotowieflagowe.pl\/aktualne\/wp-content\/uploads\/2024\/08\/cropped-pogotowieflagowe_flaga_projekt_sm.jpg","width":250,"height":143,"caption":"POGOTOWIE FLAGOWE\u00ae"},"image":{"@id":"https:\/\/www.pogotowieflagowe.pl\/aktualne\/#\/schema\/logo\/image\/"}},{"@type":"Person","@id":"https:\/\/www.pogotowieflagowe.pl\/aktualne\/#\/schema\/person\/9c2fb7d2362ebf6fa088960d7f0d27b0","name":"Filip","image":{"@type":"ImageObject","inLanguage":"pl-PL","@id":"https:\/\/www.pogotowieflagowe.pl\/aktualne\/#\/schema\/person\/image\/","url":"https:\/\/www.pogotowieflagowe.pl\/aktualne\/wp-content\/uploads\/2024\/08\/pogotowieflagowe.pl_.jpg","contentUrl":"https:\/\/www.pogotowieflagowe.pl\/aktualne\/wp-content\/uploads\/2024\/08\/pogotowieflagowe.pl_.jpg","caption":"Filip"},"description":"Jestem Filip, polski dziennikarz z dyplomem nauk politycznych Uniwersytetu Warszawskiego. Rozpoczynaj\u0105c swoj\u0105 karier\u0119 w r\u00f3\u017cnych lokalnych mediach, zdoby\u0142em solidne do\u015bwiadczenie w zakresie \u015bledztwa i redakcji. Obecnie jako redaktor w Pogotowie flagowe, staram si\u0119 dostarcza\u0107 dog\u0142\u0119bne i istotne analizy na temat najwa\u017cniejszych kwestii aktualno\u015bci, \u0142\u0105cz\u0105c rygor z pasj\u0105 dziennikarsk\u0105.","sameAs":["https:\/\/www.pogotowieflagowe.pl\/"]}]}},"_links":{"self":[{"href":"https:\/\/www.pogotowieflagowe.pl\/aktualne\/wp-json\/wp\/v2\/posts\/6065","targetHints":{"allow":["GET"]}}],"collection":[{"href":"https:\/\/www.pogotowieflagowe.pl\/aktualne\/wp-json\/wp\/v2\/posts"}],"about":[{"href":"https:\/\/www.pogotowieflagowe.pl\/aktualne\/wp-json\/wp\/v2\/types\/post"}],"author":[{"embeddable":true,"href":"https:\/\/www.pogotowieflagowe.pl\/aktualne\/wp-json\/wp\/v2\/users\/1"}],"replies":[{"embeddable":true,"href":"https:\/\/www.pogotowieflagowe.pl\/aktualne\/wp-json\/wp\/v2\/comments?post=6065"}],"version-history":[{"count":1,"href":"https:\/\/www.pogotowieflagowe.pl\/aktualne\/wp-json\/wp\/v2\/posts\/6065\/revisions"}],"predecessor-version":[{"id":6067,"href":"https:\/\/www.pogotowieflagowe.pl\/aktualne\/wp-json\/wp\/v2\/posts\/6065\/revisions\/6067"}],"wp:featuredmedia":[{"embeddable":true,"href":"https:\/\/www.pogotowieflagowe.pl\/aktualne\/wp-json\/wp\/v2\/media\/6066"}],"wp:attachment":[{"href":"https:\/\/www.pogotowieflagowe.pl\/aktualne\/wp-json\/wp\/v2\/media?parent=6065"}],"wp:term":[{"taxonomy":"category","embeddable":true,"href":"https:\/\/www.pogotowieflagowe.pl\/aktualne\/wp-json\/wp\/v2\/categories?post=6065"},{"taxonomy":"post_tag","embeddable":true,"href":"https:\/\/www.pogotowieflagowe.pl\/aktualne\/wp-json\/wp\/v2\/tags?post=6065"}],"curies":[{"name":"wp","href":"https:\/\/api.w.org\/{rel}","templated":true}]}}