{"id":6068,"date":"2025-06-03T16:49:35","date_gmt":"2025-06-03T14:49:35","guid":{"rendered":"https:\/\/www.pogotowieflagowe.pl\/aktualne\/jakie-sa-przyczyny-porazki-rafala-trzaskowskiego-biegunki-identyfikuja-trzy-kluczowe-czynniki\/"},"modified":"2025-06-03T16:49:36","modified_gmt":"2025-06-03T14:49:36","slug":"jakie-sa-przyczyny-porazki-rafala-trzaskowskiego-biegunki-identyfikuja-trzy-kluczowe-czynniki","status":"publish","type":"post","link":"https:\/\/www.pogotowieflagowe.pl\/aktualne\/jakie-sa-przyczyny-porazki-rafala-trzaskowskiego-biegunki-identyfikuja-trzy-kluczowe-czynniki\/","title":{"rendered":"Jakie s\u0105 przyczyny pora\u017cki Rafa\u0142a Trzaskowskiego? Biegunki identyfikuj\u0105 trzy kluczowe czynniki"},"content":{"rendered":"\n<div class=\"td_block_wrap tdb_single_content tdi_41 td-pb-border-top td_block_template_8 td-post-content tagdiv-type\" data-td-block-uid=\"tdi_41\">\n<style>.tdi_41 {margin-top: 0px! Wa\u017cne; margines-bottom: 0px! WA\u017bNY; PALDING-TOP: 0PX! WA\u017bNY; PALDING-BOTTOM: 0PX! WA\u017bNE}<\/style>\n<style>.tdb_single_content {margin-bottom: 0;*zoom: 1} .tdb_single_content: wcze\u015bniej, .tdb_single_content: po {display: Table; content: ''; line-height: 0} .TDB-BLOCK-INner>*: nie (.WP-BLOCK-QUOTE): not (.alignSwide): not (.Alignfull.wp-block-cover.has-parallax): not (.td-a-ad) {margin-left: auto; margin-right: auto} .tdb_single_ConTent a {wska\u017anik-events: auto} .tdb_single_content .td-spot-id-top_ad .tdc-placeholder-title: przed {content: \u201eArtyku\u0142 top ad\u201d! Wa\u017cne} .tdb_single_content .td-Spot-Id-inline_ad0 .tdc-placeholder-title 1 '! Wa\u017cne} .tdb_single_content .td-Spot-Id-inline_Ad1 .tdc-Placeholder-Title: przed {content: \u201eArtyku\u0142 inline AD 2'! Wa\u017cny} .tdb_single_content. 3 '! Wa\u017cne} .tdb_single_content .td-Spot-Id-Bottom_Ad .tdc-Placeholder-Title: przed {content: \u201eArtyku\u0142 Bottom Ad\u201d! Wa\u017cne} .tdb_single_content .id_top_ad, .tdb_single_content_content .id_bottom_ad {clear: oba; margin-bottom: 21px; text-align: Center} .tdb_single_content .id_top_ad img, .tdb_single_content .id_bottom_ad img {margin-bottom: 0} .tdb_single_conTent .id_top_ad .adsbyGoogle, .tdb_single_content .id_bottom_ad .adsbyGoogle {pozycja: relatyw} .tdb_single_content .id_ad_content-horiz-left, .tdb_single_content .id_ad_content-horiz-right, .tdb_single_content .id_ad_content-horiz-Center {margin-bottom: 15px} .tdb_single_content .id_ad_content-horiz-left Img, .tdb_single_content .id_ad_content-horiz-right img, .tdb_single_content .id_ad_content-horiz-centerter img {margin-bottom: 0} .tdb_single_content .id_ad_content-horiz-center {text-align: Center} .tdb_single_content .id_ad_content-horiz-center img {margin-right: auto; margin-let: auto} .tdb_single_content .id_ad_content-horiz-left {float: left; margin-top: 9px; margin-right: 21px} .tdb_single_content .id_ad_content-horiz-right {float: margin-top: 6px; margin-left: 21px} .tdb_single_content .tdc-a-a-ad .TDC-Placeholder-Title {szeroko\u015b\u0107: 300px; height: 250px} .tdb_single_content .tdc-a-ad .TDC-Placeholder-Title: Przed {Pozycja: Absolute; TOP: 50%;-WebKit-Transform: Translatey (-50%); Transform: Translatey (-50%); margines: auto; Display: Tabela; szeroko\u015b\u0107: 100%}. tdb_single_content .TDB-BLOCK-INNER.TD-FIX-INDEX {Word-Break: Break-word} .tdi_41, .tdi_41> p, .tdi_41 .tdb-block-inner> p, .Wp-Block-Column> p {font-size: 16px! Wa\u017cne; wa\u017cny; p {font-styl: normalne! Wa\u017cne} @media (Max-Width: 767px) {. tdb_single_content .id_ad_content-horiz-left, .tdb_single_content .id_ad_content-horiz-right, .tdb_single_content .id_ad_content-horiz-centter {Margin: 0 AUTO 26PXX auto}}@media (Max-Width: 767px) {. tdb_single_content .id_ad_content-horiz-left {margin-right: 0}}@media (max-width: 767px) {. (Max-Width: 767px) {. tdb_single_content .td-a-ad {float: none; text-align: Center} .tdb_single_content .td-a-ad img {margin-right: auto; margin-left: auto} .tdb_single_content .tdc-a-a-a-{margin-right: auto; margin-left: auto} .tdb_single_content .tdd<\/style>\n<div class=\"tdb-block-inner td-fix-index\">\n<p>Publiczne postrzeganie \u201ekoalicji z 15 pa\u017adziernika\u201d, wynik\u00f3w rz\u0105du Donalda Tuska i sytuacji finansowej polskich rodzin &#8211; te trzy elementy mog\u0142y ustali\u0107 utrat\u0119 Rafa\u0142a Trzaskowskiego w wyborach prezydenckich. Polaki podzielili swoje pogl\u0105dy w ankiecie przeprowadzonej przez Nationwide Research Group (OGB), instytut wyborczy znany z dok\u0142adnych prognoz ankiet wyj\u015bciowych w ostatnich wyborach prezydenckich w Polsce. Opr\u00f3cz pomiaru nastroj\u00f3w wyborc\u00f3w OGB zada\u0142 respondentom trzy kluczowe pytania.<\/p>\n<blockquote class=\"twitter-tweet\">\n<p lang=\"pl\" dir=\"ltr\">GDYBY KTAS Szuka\u0142 PowodOW porra\u017cki Rafa\u0142a Trzaskowskigo to S\u0105 Trzy Takie Powody: <\/p>\n<p>1: <a rel=\"nofollow\" href=\"https:\/\/t.co\/MuaHaEy9j7\">pic.twitter.com\/muahaey9j7<\/a><\/p>\n<p>&#8211; \u0141ukasz Paw\u0142owski (@lukaspawlowski) <a rel=\"nofollow\" href=\"https:\/\/twitter.com\/LukasPawlowski\/status\/1929335465670304034?ref_src=twsrc%5Etfw\">2 czerwca 2025 r<\/a><\/p><\/blockquote>\n<p>Pierwsze pytanie zadane, <em>\u201eCo czujesz, gdy my\u015blisz o orzeczeniu\u201e Koalicja z 15 pa\u017adziernika \u201d?<\/em> W sumie 22,8% respondent\u00f3w zg\u0142osi\u0142o \u201eoboj\u0119tno\u015b\u0107 i apati\u0119\u201d, podczas gdy jeden na pi\u0119\u0107 wyrazi\u0142 \u201erozczarowanie i \u017cal\u201d. Strach i niepok\u00f3j zosta\u0142y cytowane przez 14,5%, a 11,4% stwierdzi\u0142o, \u017ce odczuwaj\u0105 gniew i frustracj\u0119.<\/p>\n<p>Tylko mniejszo\u015b\u0107 wyra\u017ca\u0142a pozytywne sentymenty. Oko\u0142o jedna trzecia respondent\u00f3w oferowa\u0142a korzystne odpowiedzi: 17,7% wskaza\u0142o \u201erado\u015b\u0107 i satysfakcj\u0119\u201d, 11,4% wybra\u0142o \u201edum\u0119 i zadowolenie\u201d, a tylko 3,3% zg\u0142osi\u0142o \u201eentuzjazm i emocje\u201d.<\/p>\n<p><strong>Brak entuzjazmu dla rz\u0105du Tuska<\/strong><\/p>\n<p>Rz\u0105d Donalda Tuska otrzyma\u0142 r\u00f3wnie\u017c g\u0142\u00f3wnie negatywne oceny. Znacz\u0105ce 33,5% oceni\u0142o go bardzo s\u0142abo, a 13,7% opisa\u0142o to jako raczej s\u0142abe. Kolejne 22,7% wyrazi\u0142o oboj\u0119tno\u015b\u0107. Jeden na pi\u0119ciu respondent\u00f3w postrzega\u0142 rz\u0105d za \u201eraczej dobry\u201d, a tylko 9,2% uwa\u017ca\u0142o to za \u201ebardzo dobre\u201d.<\/p>\n<p>Respondenci zostali r\u00f3wnie\u017c zapytani o ich sytuacj\u0119 finansow\u0105 gospodarstwa domowego. W przypadku wi\u0119kszo\u015bci (51,9%) pozosta\u0142 niezmieniony w por\u00f3wnaniu z rokiem poprzednim. Jednak 26,5% stwierdzi\u0142o, \u017ce ich sytuacja si\u0119 pogorszy\u0142a, a pozosta\u0142a grupa zg\u0142osi\u0142a popraw\u0119.<\/p>\n<p>Po bezpo\u015brednim zwyci\u0119stwie Karola Nawrockiego analityk polityczny Wojciech Szacki zauwa\u017cy\u0142, \u017ce szczeg\u00f3\u0142owa analiza pora\u017cki kandydata KO nast\u0105pi we w\u0142a\u015bciwym czasie. Niemniej jednak wskaza\u0142 na jedn\u0105 kluczow\u0105 kwesti\u0119, pytaj\u0105c: <em>\u201eJak mog\u0142e\u015b traci\u0107 p\u00f3\u0142tora roku?\u201d<\/em> Doda\u0142 na platformie X: <em>\u201ePowiniene\u015b by\u0142 lepiej rz\u0105dzi\u0107\u201d.<\/em><\/p>\n<\/div>\n<\/div>\n<p><script async src=\"https:\/\/platform.twitter.com\/widgets.js\" charset=\"utf-8\"><\/script><\/p>\n","protected":false},"excerpt":{"rendered":"<p>Publiczne postrzeganie \u201ekoalicji z 15 pa\u017adziernika\u201d, wynik\u00f3w rz\u0105du Donalda Tuska i sytuacji finansowej polskich rodzin &#8211; te trzy elementy mog\u0142y<\/p>\n","protected":false},"author":1,"featured_media":6069,"comment_status":"closed","ping_status":"","sticky":false,"template":"","format":"standard","meta":{"footnotes":""},"categories":[4748],"tags":[7833,7835,7834,7829,421,7831,7830,7832,3221,505,6272],"class_list":["post-6068","post","type-post","status-publish","format-standard","has-post-thumbnail","hentry","category-aktualne","tag-biegunki","tag-czynniki","tag-identyfikuja","tag-jakie","tag-kluczowe","tag-porazki","tag-przyczyny","tag-rafala","tag-sa","tag-trzaskowskiego","tag-trzy","generate-columns","tablet-grid-50","mobile-grid-100","grid-parent","grid-50","resize-featured-image"],"yoast_head":"<!-- This site is optimized with the Yoast SEO plugin v23.2 - https:\/\/yoast.com\/wordpress\/plugins\/seo\/ -->\n<title>Jakie s\u0105 przyczyny pora\u017cki Rafa\u0142a Trzaskowskiego? Biegunki identyfikuj\u0105 trzy kluczowe czynniki - POGOTOWIE FLAGOWE\u00ae<\/title>\n<meta name=\"robots\" content=\"index, follow, max-snippet:-1, max-image-preview:large, max-video-preview:-1\" \/>\n<link rel=\"canonical\" href=\"https:\/\/www.pogotowieflagowe.pl\/aktualne\/jakie-sa-przyczyny-porazki-rafala-trzaskowskiego-biegunki-identyfikuja-trzy-kluczowe-czynniki\/\" \/>\n<meta property=\"og:locale\" content=\"pl_PL\" \/>\n<meta property=\"og:type\" content=\"article\" \/>\n<meta property=\"og:title\" content=\"Jakie s\u0105 przyczyny pora\u017cki Rafa\u0142a Trzaskowskiego? Biegunki identyfikuj\u0105 trzy kluczowe czynniki - POGOTOWIE FLAGOWE\u00ae\" \/>\n<meta property=\"og:description\" content=\"Publiczne postrzeganie \u201ekoalicji z 15 pa\u017adziernika\u201d, wynik\u00f3w rz\u0105du Donalda Tuska i sytuacji finansowej polskich rodzin &#8211; te trzy elementy mog\u0142y\" \/>\n<meta property=\"og:url\" content=\"https:\/\/www.pogotowieflagowe.pl\/aktualne\/jakie-sa-przyczyny-porazki-rafala-trzaskowskiego-biegunki-identyfikuja-trzy-kluczowe-czynniki\/\" \/>\n<meta property=\"og:site_name\" content=\"POGOTOWIE FLAGOWE\u00ae\" \/>\n<meta property=\"article:published_time\" content=\"2025-06-03T14:49:35+00:00\" \/>\n<meta property=\"article:modified_time\" content=\"2025-06-03T14:49:36+00:00\" \/>\n<meta property=\"og:image\" content=\"https:\/\/www.pogotowieflagowe.pl\/aktualne\/wp-content\/uploads\/2025\/06\/Jakie-sa-przyczyny-porazki-Rafala-Trzaskowskiego-Biegunki-identyfikuja-trzy-kluczowe.jpg\" \/>\n\t<meta property=\"og:image:width\" content=\"1200\" \/>\n\t<meta property=\"og:image:height\" content=\"675\" \/>\n\t<meta property=\"og:image:type\" content=\"image\/jpeg\" \/>\n<meta name=\"author\" content=\"Filip\" \/>\n<meta name=\"twitter:card\" content=\"summary_large_image\" \/>\n<meta name=\"twitter:label1\" content=\"Napisane przez\" \/>\n\t<meta name=\"twitter:data1\" content=\"Filip\" \/>\n\t<meta name=\"twitter:label2\" content=\"Szacowany czas czytania\" \/>\n\t<meta name=\"twitter:data2\" content=\"2 minuty\" \/>\n<script type=\"application\/ld+json\" class=\"yoast-schema-graph\">{\"@context\":\"https:\/\/schema.org\",\"@graph\":[{\"@type\":\"Article\",\"@id\":\"https:\/\/www.pogotowieflagowe.pl\/aktualne\/jakie-sa-przyczyny-porazki-rafala-trzaskowskiego-biegunki-identyfikuja-trzy-kluczowe-czynniki\/#article\",\"isPartOf\":{\"@id\":\"https:\/\/www.pogotowieflagowe.pl\/aktualne\/jakie-sa-przyczyny-porazki-rafala-trzaskowskiego-biegunki-identyfikuja-trzy-kluczowe-czynniki\/\"},\"author\":{\"name\":\"Filip\",\"@id\":\"https:\/\/www.pogotowieflagowe.pl\/aktualne\/#\/schema\/person\/9c2fb7d2362ebf6fa088960d7f0d27b0\"},\"headline\":\"Jakie s\u0105 przyczyny pora\u017cki Rafa\u0142a Trzaskowskiego? Biegunki identyfikuj\u0105 trzy kluczowe czynniki\",\"datePublished\":\"2025-06-03T14:49:35+00:00\",\"dateModified\":\"2025-06-03T14:49:36+00:00\",\"mainEntityOfPage\":{\"@id\":\"https:\/\/www.pogotowieflagowe.pl\/aktualne\/jakie-sa-przyczyny-porazki-rafala-trzaskowskiego-biegunki-identyfikuja-trzy-kluczowe-czynniki\/\"},\"wordCount\":350,\"publisher\":{\"@id\":\"https:\/\/www.pogotowieflagowe.pl\/aktualne\/#organization\"},\"image\":{\"@id\":\"https:\/\/www.pogotowieflagowe.pl\/aktualne\/jakie-sa-przyczyny-porazki-rafala-trzaskowskiego-biegunki-identyfikuja-trzy-kluczowe-czynniki\/#primaryimage\"},\"thumbnailUrl\":\"https:\/\/www.pogotowieflagowe.pl\/aktualne\/wp-content\/uploads\/2025\/06\/Jakie-sa-przyczyny-porazki-Rafala-Trzaskowskiego-Biegunki-identyfikuja-trzy-kluczowe.jpg\",\"keywords\":[\"Biegunki\",\"czynniki\",\"identyfikuj\u0105\",\"Jakie\",\"kluczowe\",\"pora\u017cki\",\"przyczyny\",\"Rafa\u0142a\",\"s\u0105\",\"Trzaskowskiego\",\"Trzy\"],\"articleSection\":[\"Aktualne\"],\"inLanguage\":\"pl-PL\"},{\"@type\":\"WebPage\",\"@id\":\"https:\/\/www.pogotowieflagowe.pl\/aktualne\/jakie-sa-przyczyny-porazki-rafala-trzaskowskiego-biegunki-identyfikuja-trzy-kluczowe-czynniki\/\",\"url\":\"https:\/\/www.pogotowieflagowe.pl\/aktualne\/jakie-sa-przyczyny-porazki-rafala-trzaskowskiego-biegunki-identyfikuja-trzy-kluczowe-czynniki\/\",\"name\":\"Jakie s\u0105 przyczyny pora\u017cki Rafa\u0142a Trzaskowskiego? Biegunki identyfikuj\u0105 trzy kluczowe czynniki - POGOTOWIE FLAGOWE\u00ae\",\"isPartOf\":{\"@id\":\"https:\/\/www.pogotowieflagowe.pl\/aktualne\/#website\"},\"primaryImageOfPage\":{\"@id\":\"https:\/\/www.pogotowieflagowe.pl\/aktualne\/jakie-sa-przyczyny-porazki-rafala-trzaskowskiego-biegunki-identyfikuja-trzy-kluczowe-czynniki\/#primaryimage\"},\"image\":{\"@id\":\"https:\/\/www.pogotowieflagowe.pl\/aktualne\/jakie-sa-przyczyny-porazki-rafala-trzaskowskiego-biegunki-identyfikuja-trzy-kluczowe-czynniki\/#primaryimage\"},\"thumbnailUrl\":\"https:\/\/www.pogotowieflagowe.pl\/aktualne\/wp-content\/uploads\/2025\/06\/Jakie-sa-przyczyny-porazki-Rafala-Trzaskowskiego-Biegunki-identyfikuja-trzy-kluczowe.jpg\",\"datePublished\":\"2025-06-03T14:49:35+00:00\",\"dateModified\":\"2025-06-03T14:49:36+00:00\",\"breadcrumb\":{\"@id\":\"https:\/\/www.pogotowieflagowe.pl\/aktualne\/jakie-sa-przyczyny-porazki-rafala-trzaskowskiego-biegunki-identyfikuja-trzy-kluczowe-czynniki\/#breadcrumb\"},\"inLanguage\":\"pl-PL\",\"potentialAction\":[{\"@type\":\"ReadAction\",\"target\":[\"https:\/\/www.pogotowieflagowe.pl\/aktualne\/jakie-sa-przyczyny-porazki-rafala-trzaskowskiego-biegunki-identyfikuja-trzy-kluczowe-czynniki\/\"]}]},{\"@type\":\"ImageObject\",\"inLanguage\":\"pl-PL\",\"@id\":\"https:\/\/www.pogotowieflagowe.pl\/aktualne\/jakie-sa-przyczyny-porazki-rafala-trzaskowskiego-biegunki-identyfikuja-trzy-kluczowe-czynniki\/#primaryimage\",\"url\":\"https:\/\/www.pogotowieflagowe.pl\/aktualne\/wp-content\/uploads\/2025\/06\/Jakie-sa-przyczyny-porazki-Rafala-Trzaskowskiego-Biegunki-identyfikuja-trzy-kluczowe.jpg\",\"contentUrl\":\"https:\/\/www.pogotowieflagowe.pl\/aktualne\/wp-content\/uploads\/2025\/06\/Jakie-sa-przyczyny-porazki-Rafala-Trzaskowskiego-Biegunki-identyfikuja-trzy-kluczowe.jpg\",\"width\":1200,\"height\":675,\"caption\":\"Jakie s\u0105 przyczyny pora\u017cki Rafa\u0142a Trzaskowskiego? Biegunki identyfikuj\u0105 trzy kluczowe czynniki\"},{\"@type\":\"BreadcrumbList\",\"@id\":\"https:\/\/www.pogotowieflagowe.pl\/aktualne\/jakie-sa-przyczyny-porazki-rafala-trzaskowskiego-biegunki-identyfikuja-trzy-kluczowe-czynniki\/#breadcrumb\",\"itemListElement\":[{\"@type\":\"ListItem\",\"position\":1,\"name\":\"Home\",\"item\":\"https:\/\/www.pogotowieflagowe.pl\/aktualne\/\"},{\"@type\":\"ListItem\",\"position\":2,\"name\":\"Jakie s\u0105 przyczyny pora\u017cki Rafa\u0142a Trzaskowskiego? Biegunki identyfikuj\u0105 trzy kluczowe czynniki\"}]},{\"@type\":\"WebSite\",\"@id\":\"https:\/\/www.pogotowieflagowe.pl\/aktualne\/#website\",\"url\":\"https:\/\/www.pogotowieflagowe.pl\/aktualne\/\",\"name\":\"POGOTOWIE FLAGOWE\u00ae\",\"description\":\"\",\"publisher\":{\"@id\":\"https:\/\/www.pogotowieflagowe.pl\/aktualne\/#organization\"},\"potentialAction\":[{\"@type\":\"SearchAction\",\"target\":{\"@type\":\"EntryPoint\",\"urlTemplate\":\"https:\/\/www.pogotowieflagowe.pl\/aktualne\/?s={search_term_string}\"},\"query-input\":\"required name=search_term_string\"}],\"inLanguage\":\"pl-PL\"},{\"@type\":\"Organization\",\"@id\":\"https:\/\/www.pogotowieflagowe.pl\/aktualne\/#organization\",\"name\":\"POGOTOWIE FLAGOWE\u00ae\",\"url\":\"https:\/\/www.pogotowieflagowe.pl\/aktualne\/\",\"logo\":{\"@type\":\"ImageObject\",\"inLanguage\":\"pl-PL\",\"@id\":\"https:\/\/www.pogotowieflagowe.pl\/aktualne\/#\/schema\/logo\/image\/\",\"url\":\"https:\/\/www.pogotowieflagowe.pl\/aktualne\/wp-content\/uploads\/2024\/08\/cropped-pogotowieflagowe_flaga_projekt_sm.jpg\",\"contentUrl\":\"https:\/\/www.pogotowieflagowe.pl\/aktualne\/wp-content\/uploads\/2024\/08\/cropped-pogotowieflagowe_flaga_projekt_sm.jpg\",\"width\":250,\"height\":143,\"caption\":\"POGOTOWIE FLAGOWE\u00ae\"},\"image\":{\"@id\":\"https:\/\/www.pogotowieflagowe.pl\/aktualne\/#\/schema\/logo\/image\/\"}},{\"@type\":\"Person\",\"@id\":\"https:\/\/www.pogotowieflagowe.pl\/aktualne\/#\/schema\/person\/9c2fb7d2362ebf6fa088960d7f0d27b0\",\"name\":\"Filip\",\"image\":{\"@type\":\"ImageObject\",\"inLanguage\":\"pl-PL\",\"@id\":\"https:\/\/www.pogotowieflagowe.pl\/aktualne\/#\/schema\/person\/image\/\",\"url\":\"https:\/\/www.pogotowieflagowe.pl\/aktualne\/wp-content\/uploads\/2024\/08\/pogotowieflagowe.pl_.jpg\",\"contentUrl\":\"https:\/\/www.pogotowieflagowe.pl\/aktualne\/wp-content\/uploads\/2024\/08\/pogotowieflagowe.pl_.jpg\",\"caption\":\"Filip\"},\"description\":\"Jestem Filip, polski dziennikarz z dyplomem nauk politycznych Uniwersytetu Warszawskiego. Rozpoczynaj\u0105c swoj\u0105 karier\u0119 w r\u00f3\u017cnych lokalnych mediach, zdoby\u0142em solidne do\u015bwiadczenie w zakresie \u015bledztwa i redakcji. Obecnie jako redaktor w Pogotowie flagowe, staram si\u0119 dostarcza\u0107 dog\u0142\u0119bne i istotne analizy na temat najwa\u017cniejszych kwestii aktualno\u015bci, \u0142\u0105cz\u0105c rygor z pasj\u0105 dziennikarsk\u0105.\",\"sameAs\":[\"https:\/\/www.pogotowieflagowe.pl\/\"]}]}<\/script>\n<!-- \/ Yoast SEO plugin. -->","yoast_head_json":{"title":"Jakie s\u0105 przyczyny pora\u017cki Rafa\u0142a Trzaskowskiego? Biegunki identyfikuj\u0105 trzy kluczowe czynniki - POGOTOWIE FLAGOWE\u00ae","robots":{"index":"index","follow":"follow","max-snippet":"max-snippet:-1","max-image-preview":"max-image-preview:large","max-video-preview":"max-video-preview:-1"},"canonical":"https:\/\/www.pogotowieflagowe.pl\/aktualne\/jakie-sa-przyczyny-porazki-rafala-trzaskowskiego-biegunki-identyfikuja-trzy-kluczowe-czynniki\/","og_locale":"pl_PL","og_type":"article","og_title":"Jakie s\u0105 przyczyny pora\u017cki Rafa\u0142a Trzaskowskiego? Biegunki identyfikuj\u0105 trzy kluczowe czynniki - POGOTOWIE FLAGOWE\u00ae","og_description":"Publiczne postrzeganie \u201ekoalicji z 15 pa\u017adziernika\u201d, wynik\u00f3w rz\u0105du Donalda Tuska i sytuacji finansowej polskich rodzin &#8211; te trzy elementy mog\u0142y","og_url":"https:\/\/www.pogotowieflagowe.pl\/aktualne\/jakie-sa-przyczyny-porazki-rafala-trzaskowskiego-biegunki-identyfikuja-trzy-kluczowe-czynniki\/","og_site_name":"POGOTOWIE FLAGOWE\u00ae","article_published_time":"2025-06-03T14:49:35+00:00","article_modified_time":"2025-06-03T14:49:36+00:00","og_image":[{"width":1200,"height":675,"url":"https:\/\/www.pogotowieflagowe.pl\/aktualne\/wp-content\/uploads\/2025\/06\/Jakie-sa-przyczyny-porazki-Rafala-Trzaskowskiego-Biegunki-identyfikuja-trzy-kluczowe.jpg","type":"image\/jpeg"}],"author":"Filip","twitter_card":"summary_large_image","twitter_misc":{"Napisane przez":"Filip","Szacowany czas czytania":"2 minuty"},"schema":{"@context":"https:\/\/schema.org","@graph":[{"@type":"Article","@id":"https:\/\/www.pogotowieflagowe.pl\/aktualne\/jakie-sa-przyczyny-porazki-rafala-trzaskowskiego-biegunki-identyfikuja-trzy-kluczowe-czynniki\/#article","isPartOf":{"@id":"https:\/\/www.pogotowieflagowe.pl\/aktualne\/jakie-sa-przyczyny-porazki-rafala-trzaskowskiego-biegunki-identyfikuja-trzy-kluczowe-czynniki\/"},"author":{"name":"Filip","@id":"https:\/\/www.pogotowieflagowe.pl\/aktualne\/#\/schema\/person\/9c2fb7d2362ebf6fa088960d7f0d27b0"},"headline":"Jakie s\u0105 przyczyny pora\u017cki Rafa\u0142a Trzaskowskiego? Biegunki identyfikuj\u0105 trzy kluczowe czynniki","datePublished":"2025-06-03T14:49:35+00:00","dateModified":"2025-06-03T14:49:36+00:00","mainEntityOfPage":{"@id":"https:\/\/www.pogotowieflagowe.pl\/aktualne\/jakie-sa-przyczyny-porazki-rafala-trzaskowskiego-biegunki-identyfikuja-trzy-kluczowe-czynniki\/"},"wordCount":350,"publisher":{"@id":"https:\/\/www.pogotowieflagowe.pl\/aktualne\/#organization"},"image":{"@id":"https:\/\/www.pogotowieflagowe.pl\/aktualne\/jakie-sa-przyczyny-porazki-rafala-trzaskowskiego-biegunki-identyfikuja-trzy-kluczowe-czynniki\/#primaryimage"},"thumbnailUrl":"https:\/\/www.pogotowieflagowe.pl\/aktualne\/wp-content\/uploads\/2025\/06\/Jakie-sa-przyczyny-porazki-Rafala-Trzaskowskiego-Biegunki-identyfikuja-trzy-kluczowe.jpg","keywords":["Biegunki","czynniki","identyfikuj\u0105","Jakie","kluczowe","pora\u017cki","przyczyny","Rafa\u0142a","s\u0105","Trzaskowskiego","Trzy"],"articleSection":["Aktualne"],"inLanguage":"pl-PL"},{"@type":"WebPage","@id":"https:\/\/www.pogotowieflagowe.pl\/aktualne\/jakie-sa-przyczyny-porazki-rafala-trzaskowskiego-biegunki-identyfikuja-trzy-kluczowe-czynniki\/","url":"https:\/\/www.pogotowieflagowe.pl\/aktualne\/jakie-sa-przyczyny-porazki-rafala-trzaskowskiego-biegunki-identyfikuja-trzy-kluczowe-czynniki\/","name":"Jakie s\u0105 przyczyny pora\u017cki Rafa\u0142a Trzaskowskiego? Biegunki identyfikuj\u0105 trzy kluczowe czynniki - POGOTOWIE FLAGOWE\u00ae","isPartOf":{"@id":"https:\/\/www.pogotowieflagowe.pl\/aktualne\/#website"},"primaryImageOfPage":{"@id":"https:\/\/www.pogotowieflagowe.pl\/aktualne\/jakie-sa-przyczyny-porazki-rafala-trzaskowskiego-biegunki-identyfikuja-trzy-kluczowe-czynniki\/#primaryimage"},"image":{"@id":"https:\/\/www.pogotowieflagowe.pl\/aktualne\/jakie-sa-przyczyny-porazki-rafala-trzaskowskiego-biegunki-identyfikuja-trzy-kluczowe-czynniki\/#primaryimage"},"thumbnailUrl":"https:\/\/www.pogotowieflagowe.pl\/aktualne\/wp-content\/uploads\/2025\/06\/Jakie-sa-przyczyny-porazki-Rafala-Trzaskowskiego-Biegunki-identyfikuja-trzy-kluczowe.jpg","datePublished":"2025-06-03T14:49:35+00:00","dateModified":"2025-06-03T14:49:36+00:00","breadcrumb":{"@id":"https:\/\/www.pogotowieflagowe.pl\/aktualne\/jakie-sa-przyczyny-porazki-rafala-trzaskowskiego-biegunki-identyfikuja-trzy-kluczowe-czynniki\/#breadcrumb"},"inLanguage":"pl-PL","potentialAction":[{"@type":"ReadAction","target":["https:\/\/www.pogotowieflagowe.pl\/aktualne\/jakie-sa-przyczyny-porazki-rafala-trzaskowskiego-biegunki-identyfikuja-trzy-kluczowe-czynniki\/"]}]},{"@type":"ImageObject","inLanguage":"pl-PL","@id":"https:\/\/www.pogotowieflagowe.pl\/aktualne\/jakie-sa-przyczyny-porazki-rafala-trzaskowskiego-biegunki-identyfikuja-trzy-kluczowe-czynniki\/#primaryimage","url":"https:\/\/www.pogotowieflagowe.pl\/aktualne\/wp-content\/uploads\/2025\/06\/Jakie-sa-przyczyny-porazki-Rafala-Trzaskowskiego-Biegunki-identyfikuja-trzy-kluczowe.jpg","contentUrl":"https:\/\/www.pogotowieflagowe.pl\/aktualne\/wp-content\/uploads\/2025\/06\/Jakie-sa-przyczyny-porazki-Rafala-Trzaskowskiego-Biegunki-identyfikuja-trzy-kluczowe.jpg","width":1200,"height":675,"caption":"Jakie s\u0105 przyczyny pora\u017cki Rafa\u0142a Trzaskowskiego? Biegunki identyfikuj\u0105 trzy kluczowe czynniki"},{"@type":"BreadcrumbList","@id":"https:\/\/www.pogotowieflagowe.pl\/aktualne\/jakie-sa-przyczyny-porazki-rafala-trzaskowskiego-biegunki-identyfikuja-trzy-kluczowe-czynniki\/#breadcrumb","itemListElement":[{"@type":"ListItem","position":1,"name":"Home","item":"https:\/\/www.pogotowieflagowe.pl\/aktualne\/"},{"@type":"ListItem","position":2,"name":"Jakie s\u0105 przyczyny pora\u017cki Rafa\u0142a Trzaskowskiego? Biegunki identyfikuj\u0105 trzy kluczowe czynniki"}]},{"@type":"WebSite","@id":"https:\/\/www.pogotowieflagowe.pl\/aktualne\/#website","url":"https:\/\/www.pogotowieflagowe.pl\/aktualne\/","name":"POGOTOWIE FLAGOWE\u00ae","description":"","publisher":{"@id":"https:\/\/www.pogotowieflagowe.pl\/aktualne\/#organization"},"potentialAction":[{"@type":"SearchAction","target":{"@type":"EntryPoint","urlTemplate":"https:\/\/www.pogotowieflagowe.pl\/aktualne\/?s={search_term_string}"},"query-input":"required name=search_term_string"}],"inLanguage":"pl-PL"},{"@type":"Organization","@id":"https:\/\/www.pogotowieflagowe.pl\/aktualne\/#organization","name":"POGOTOWIE FLAGOWE\u00ae","url":"https:\/\/www.pogotowieflagowe.pl\/aktualne\/","logo":{"@type":"ImageObject","inLanguage":"pl-PL","@id":"https:\/\/www.pogotowieflagowe.pl\/aktualne\/#\/schema\/logo\/image\/","url":"https:\/\/www.pogotowieflagowe.pl\/aktualne\/wp-content\/uploads\/2024\/08\/cropped-pogotowieflagowe_flaga_projekt_sm.jpg","contentUrl":"https:\/\/www.pogotowieflagowe.pl\/aktualne\/wp-content\/uploads\/2024\/08\/cropped-pogotowieflagowe_flaga_projekt_sm.jpg","width":250,"height":143,"caption":"POGOTOWIE FLAGOWE\u00ae"},"image":{"@id":"https:\/\/www.pogotowieflagowe.pl\/aktualne\/#\/schema\/logo\/image\/"}},{"@type":"Person","@id":"https:\/\/www.pogotowieflagowe.pl\/aktualne\/#\/schema\/person\/9c2fb7d2362ebf6fa088960d7f0d27b0","name":"Filip","image":{"@type":"ImageObject","inLanguage":"pl-PL","@id":"https:\/\/www.pogotowieflagowe.pl\/aktualne\/#\/schema\/person\/image\/","url":"https:\/\/www.pogotowieflagowe.pl\/aktualne\/wp-content\/uploads\/2024\/08\/pogotowieflagowe.pl_.jpg","contentUrl":"https:\/\/www.pogotowieflagowe.pl\/aktualne\/wp-content\/uploads\/2024\/08\/pogotowieflagowe.pl_.jpg","caption":"Filip"},"description":"Jestem Filip, polski dziennikarz z dyplomem nauk politycznych Uniwersytetu Warszawskiego. Rozpoczynaj\u0105c swoj\u0105 karier\u0119 w r\u00f3\u017cnych lokalnych mediach, zdoby\u0142em solidne do\u015bwiadczenie w zakresie \u015bledztwa i redakcji. Obecnie jako redaktor w Pogotowie flagowe, staram si\u0119 dostarcza\u0107 dog\u0142\u0119bne i istotne analizy na temat najwa\u017cniejszych kwestii aktualno\u015bci, \u0142\u0105cz\u0105c rygor z pasj\u0105 dziennikarsk\u0105.","sameAs":["https:\/\/www.pogotowieflagowe.pl\/"]}]}},"_links":{"self":[{"href":"https:\/\/www.pogotowieflagowe.pl\/aktualne\/wp-json\/wp\/v2\/posts\/6068","targetHints":{"allow":["GET"]}}],"collection":[{"href":"https:\/\/www.pogotowieflagowe.pl\/aktualne\/wp-json\/wp\/v2\/posts"}],"about":[{"href":"https:\/\/www.pogotowieflagowe.pl\/aktualne\/wp-json\/wp\/v2\/types\/post"}],"author":[{"embeddable":true,"href":"https:\/\/www.pogotowieflagowe.pl\/aktualne\/wp-json\/wp\/v2\/users\/1"}],"replies":[{"embeddable":true,"href":"https:\/\/www.pogotowieflagowe.pl\/aktualne\/wp-json\/wp\/v2\/comments?post=6068"}],"version-history":[{"count":1,"href":"https:\/\/www.pogotowieflagowe.pl\/aktualne\/wp-json\/wp\/v2\/posts\/6068\/revisions"}],"predecessor-version":[{"id":6070,"href":"https:\/\/www.pogotowieflagowe.pl\/aktualne\/wp-json\/wp\/v2\/posts\/6068\/revisions\/6070"}],"wp:featuredmedia":[{"embeddable":true,"href":"https:\/\/www.pogotowieflagowe.pl\/aktualne\/wp-json\/wp\/v2\/media\/6069"}],"wp:attachment":[{"href":"https:\/\/www.pogotowieflagowe.pl\/aktualne\/wp-json\/wp\/v2\/media?parent=6068"}],"wp:term":[{"taxonomy":"category","embeddable":true,"href":"https:\/\/www.pogotowieflagowe.pl\/aktualne\/wp-json\/wp\/v2\/categories?post=6068"},{"taxonomy":"post_tag","embeddable":true,"href":"https:\/\/www.pogotowieflagowe.pl\/aktualne\/wp-json\/wp\/v2\/tags?post=6068"}],"curies":[{"name":"wp","href":"https:\/\/api.w.org\/{rel}","templated":true}]}}