{"id":610,"date":"2024-09-09T14:47:25","date_gmt":"2024-09-09T12:47:25","guid":{"rendered":"https:\/\/www.pogotowieflagowe.pl\/aktualne\/wspomnienie-roberta-witkego-polskie-dziedzictwo-skokow-narciarskich\/"},"modified":"2024-09-09T14:47:26","modified_gmt":"2024-09-09T12:47:26","slug":"wspomnienie-roberta-witkego-polskie-dziedzictwo-skokow-narciarskich","status":"publish","type":"post","link":"https:\/\/www.pogotowieflagowe.pl\/aktualne\/wspomnienie-roberta-witkego-polskie-dziedzictwo-skokow-narciarskich\/","title":{"rendered":"Wspomnienie Roberta Witkego: Polskie dziedzictwo skok\u00f3w narciarskich"},"content":{"rendered":"\n<div class=\"td_block_wrap tdb_single_content tdi_48 td-pb-border-top td_block_template_8 td-post-content tagdiv-type\" data-td-block-uid=\"tdi_48\">\n<style>.tdi_48{margines g\u00f3rny:0px!wa\u017cne;margines dolny:0px!wa\u017cne;wype\u0142nienie g\u00f3rne:0px!wa\u017cne;wype\u0142nienie dolne:0px!wa\u017cne}<\/style>\n<style>.tdb_single_content{margines-dolny:0;*powi\u0119kszenie:1}.tdb_single_content:before,.tdb_single_content:after{wy\u015bwietlanie:tabela;zawarto\u015b\u0107:'';wysoko\u015b\u0107-linii:0}.tdb_single_content:after{wyczy\u015b\u0107:oba}.tdb_single_content .tdb-block-inner>*:not(.wp-block-quote):not(.alignwide):not(.alignfull.wp-block-cover.has-parallax):not(.td-a-ad){margines-lewy:auto;margines-prawy:auto}.tdb_single_content a{zdarzenia-wska\u017anika:auto}.tdb_single_content .td-spot-id-top_ad .tdc-placeholder-title:before{zawarto\u015b\u0107:'Pocz\u0105tek artyku\u0142u Reklama'!important}.tdb_single_content .td-spot-id-inline_ad0 .tdc-placeholder-title:before{content:'Reklama inline artyku\u0142u 1'!important}.tdb_single_content .td-spot-id-inline_ad1 .tdc-placeholder-title:before{content:'Reklama inline artyku\u0142u 2'!important}.tdb_single_content .td-spot-id-inline_ad2 .tdc-placeholder-title:before{content:'Reklama inline artyku\u0142u 3'!important}.tdb_single_content .td-spot-id-bottom_ad .tdc-placeholder-title:before{content:'Reklama dolna artyku\u0142u'!important}.tdb_single_content .id_top_ad,.tdb_single_content .id_bottom_ad{clear:both;margines-dolny:21px;wyr\u00f3wnanie-tekstu:\u015brodek}.tdb_single_content .id_top_ad img,.tdb_single_content .id_bottom_ad img{margines-dolny:0}.tdb_single_content .id_top_ad .adsbygoogle,.tdb_single_content .id_bottom_ad .adsbygoogle{pozycja:wzgl\u0119dna}.tdb_single_content .id_ad_content-poziom-lewy,.tdb_single_content .id_ad_content-poziom-prawy,.tdb_single_content .id_ad_content-horiz-center{margines dolny:15px}.tdb_single_content .id_ad_content-horiz-lewy img,.tdb_single_content .id_ad_content-horiz-prawy img,.tdb_single_content .id_ad_content-horiz-center img{margines dolny:0}.tdb_single_content .id_ad_content-horiz-center{wyr\u00f3wnanie tekstu:\u015brodek}.tdb_single_content .id_ad_content-horiz-center img{margines prawy:auto;margines lewy:auto}.tdb_single_content .id_ad_content-horiz-left{float:lewy;margines g\u00f3rny:9px;margines prawy:21px}.tdb_single_content .id_ad_content-horiz-right{float:right;margines-g\u00f3rny:6px;margines-lewy:21px}.tdb_single_content .tdc-a-ad .tdc-placeholder-title{szeroko\u015b\u0107:300px;wysoko\u015b\u0107:250px}.tdb_single_content .tdc-a-ad .tdc-placeholder-title:before{pozycja:absolutna;g\u00f3ra:50%;-webkit-transform:translateY(-50%);przekszta\u0142cenie:translateY(-50%);margines:auto;wy\u015bwietlanie:tabela;szeroko\u015b\u0107:100%}.tdb_single_content .tdb-block-inner.td-fix-index{word-break:break-word}.tdi_48,.tdi_48>p,.tdi_48 .tdb-block-inner>p{rozmiar-czcionki:16px!wa\u017cne;wysoko\u015b\u0107-linii:1.6!wa\u017cne}.tdi_48 .tdb-block-inner cytat p{styl-czcionki:normalny!wa\u017cne}@media (maks. szeroko\u015b\u0107:767px){.tdb_single_content .id_ad_content-poziom-lewo,.tdb_single_content .id_ad_content-poziom-prawo,.tdb_single_content .id_ad_content-poziom-\u015brodek{margines:0 auto 26px auto}}@media (maks. szeroko\u015b\u0107:767px){.tdb_single_content .id_ad_content-poziom-lewo{margines-prawy:0}}@media (maks. szeroko\u015b\u0107:767px){.tdb_single_content .id_ad_content-horiz-right{margines-lewy:0}}@media (maksymalna szeroko\u015b\u0107:767px){.tdb_single_content .td-a-ad{float:none;wyr\u00f3wnanie tekstu:\u015brodek}.tdb_single_content .td-a-ad img{margines-prawy:auto;margines-lewy:auto}.tdb_single_content .tdc-a-ad{float:none}}<\/style>\n<div class=\"tdb-block-inner td-fix-index\">\n<p><strong>\u015awiat skok\u00f3w narciarskich op\u0142akuje \u015bmier\u0107 Roberta Witkego, polskiego skoczka narciarskiego, kt\u00f3ry zmar\u0142 w wieku 57 lat. Robert, syn znanego narciarza Ryszarda Witkego, mia\u0142 okazj\u0119 rywalizowa\u0107 zar\u00f3wno w Pucharze \u015awiata, jak i Mistrzostwach \u015awiata w Lotach Narciarskich w trakcie swojej kariery. Jego odej\u015bcie oznacza koniec dziedzictwa, kt\u00f3re od dziesi\u0119cioleci jest nierozerwalnie zwi\u0105zane ze \u015bwiatem sport\u00f3w zimowych.<\/strong><\/p>\n<h2 class=\"wp-block-heading\">Rodzinna tradycja w narciarstwie<\/h2>\n<p>Robert Witke urodzi\u0142 si\u0119 w rodzinie g\u0142\u0119boko zakorzenionej w narciarstwie. Jego ojciec, Ryszard Witke, by\u0142 znan\u0105 postaci\u0105 w narciarstwie klasycznym, bior\u0105c udzia\u0142 w dw\u00f3ch Zimowych Igrzyskach Olimpijskich w latach 60. Ryszard bra\u0142 r\u00f3wnie\u017c udzia\u0142 w Turnieju Czterech Skoczni i Mistrzostwach \u015awiata, wyznaczaj\u0105c synowi wysokie standardy do na\u015bladowania. Robert zacz\u0105\u0142 zaznacza\u0107 swoj\u0105 obecno\u015b\u0107 w \u015bwiecie skok\u00f3w narciarskich w po\u0142owie lat 80., osi\u0105gaj\u0105c najlepszy wynik na Mistrzostwach \u015awiata Junior\u00f3w w 1985 r.<\/p>\n<p><iframe width=\"500\" height=\"626\" style=\"border:none;overflow:hidden\" scrolling=\"no\" frameborder=\"0\" allowfullscreen=\"true\" allow=\"autoplay; clipboard-write; encrypted-media; picture-in-picture; web-share\" data-src=\"https:\/\/www.facebook.com\/plugins\/post.php?href=https%3A%2F%2Fwww.facebook.com%2FSKIMR.WYSTAWA%2Fposts%2Fpfbid0Pbcgwv8hkjeTRvzamTPE3LdA45RCErB2GZ7LvKov1JRkG7XFa4rcRCQo3uLXbNUvl&amp;show_text=true&amp;width=500\" class=\"lazyload\"><\/iframe><\/p>\n<p>Najwa\u017cniejsze osi\u0105gni\u0119cia Roberta to br\u0105zowy medal na Mistrzostwach Polski w 1990 r. oraz udzia\u0142 w Mistrzostwach \u015awiata w Lotach Narciarskich w Kulm w Austrii. Cho\u0107 jego sukcesy mi\u0119dzynarodowe by\u0142y ograniczone, by\u0142 szanowan\u0105 postaci\u0105 w polskiej spo\u0142eczno\u015bci narciarskiej. Robert przeszed\u0142 na emerytur\u0119 w 1991 r., ale jego wp\u0142yw na sport jest nadal ceniony przez fan\u00f3w i innych sportowc\u00f3w.<\/p>\n<\/div>\n<\/div>\n","protected":false},"excerpt":{"rendered":"<p>\u015awiat skok\u00f3w narciarskich op\u0142akuje \u015bmier\u0107 Roberta Witkego, polskiego skoczka narciarskiego, kt\u00f3ry zmar\u0142 w wieku 57 lat. Robert, syn znanego narciarza<\/p>\n","protected":false},"author":1,"featured_media":611,"comment_status":"closed","ping_status":"","sticky":false,"template":"","format":"standard","meta":{"footnotes":""},"categories":[118],"tags":[1042,1044,487,1040,1043,1041,1039],"class_list":["post-610","post","type-post","status-publish","format-standard","has-post-thumbnail","hentry","category-lekkoatletyka","tag-dziedzictwo","tag-narciarskich","tag-polskie","tag-roberta","tag-skokow","tag-witkego","tag-wspomnienie","generate-columns","tablet-grid-50","mobile-grid-100","grid-parent","grid-50","resize-featured-image"],"yoast_head":"<!-- This site is optimized with the Yoast SEO plugin v23.2 - https:\/\/yoast.com\/wordpress\/plugins\/seo\/ -->\n<title>Wspomnienie Roberta Witkego: Polskie dziedzictwo skok\u00f3w narciarskich - POGOTOWIE FLAGOWE\u00ae<\/title>\n<meta name=\"robots\" content=\"index, follow, max-snippet:-1, max-image-preview:large, max-video-preview:-1\" \/>\n<link rel=\"canonical\" href=\"https:\/\/www.pogotowieflagowe.pl\/aktualne\/wspomnienie-roberta-witkego-polskie-dziedzictwo-skokow-narciarskich\/\" \/>\n<meta property=\"og:locale\" content=\"pl_PL\" \/>\n<meta property=\"og:type\" content=\"article\" \/>\n<meta property=\"og:title\" content=\"Wspomnienie Roberta Witkego: Polskie dziedzictwo skok\u00f3w narciarskich - POGOTOWIE FLAGOWE\u00ae\" \/>\n<meta property=\"og:description\" content=\"\u015awiat skok\u00f3w narciarskich op\u0142akuje \u015bmier\u0107 Roberta Witkego, polskiego skoczka narciarskiego, kt\u00f3ry zmar\u0142 w wieku 57 lat. Robert, syn znanego narciarza\" \/>\n<meta property=\"og:url\" content=\"https:\/\/www.pogotowieflagowe.pl\/aktualne\/wspomnienie-roberta-witkego-polskie-dziedzictwo-skokow-narciarskich\/\" \/>\n<meta property=\"og:site_name\" content=\"POGOTOWIE FLAGOWE\u00ae\" \/>\n<meta property=\"article:published_time\" content=\"2024-09-09T12:47:25+00:00\" \/>\n<meta property=\"article:modified_time\" content=\"2024-09-09T12:47:26+00:00\" \/>\n<meta property=\"og:image\" content=\"https:\/\/www.pogotowieflagowe.pl\/aktualne\/wp-content\/uploads\/2024\/09\/Wspomnienie-Roberta-Witkego-Polskie-dziedzictwo-skokow-narciarskich.jpg\" \/>\n\t<meta property=\"og:image:width\" content=\"1000\" \/>\n\t<meta property=\"og:image:height\" content=\"567\" \/>\n\t<meta property=\"og:image:type\" content=\"image\/jpeg\" \/>\n<meta name=\"author\" content=\"Filip\" \/>\n<meta name=\"twitter:card\" content=\"summary_large_image\" \/>\n<meta name=\"twitter:label1\" content=\"Napisane przez\" \/>\n\t<meta name=\"twitter:data1\" content=\"Filip\" \/>\n\t<meta name=\"twitter:label2\" content=\"Szacowany czas czytania\" \/>\n\t<meta name=\"twitter:data2\" content=\"1 minuta\" \/>\n<script type=\"application\/ld+json\" class=\"yoast-schema-graph\">{\"@context\":\"https:\/\/schema.org\",\"@graph\":[{\"@type\":\"Article\",\"@id\":\"https:\/\/www.pogotowieflagowe.pl\/aktualne\/wspomnienie-roberta-witkego-polskie-dziedzictwo-skokow-narciarskich\/#article\",\"isPartOf\":{\"@id\":\"https:\/\/www.pogotowieflagowe.pl\/aktualne\/wspomnienie-roberta-witkego-polskie-dziedzictwo-skokow-narciarskich\/\"},\"author\":{\"name\":\"Filip\",\"@id\":\"https:\/\/www.pogotowieflagowe.pl\/aktualne\/#\/schema\/person\/9c2fb7d2362ebf6fa088960d7f0d27b0\"},\"headline\":\"Wspomnienie Roberta Witkego: Polskie dziedzictwo skok\u00f3w narciarskich\",\"datePublished\":\"2024-09-09T12:47:25+00:00\",\"dateModified\":\"2024-09-09T12:47:26+00:00\",\"mainEntityOfPage\":{\"@id\":\"https:\/\/www.pogotowieflagowe.pl\/aktualne\/wspomnienie-roberta-witkego-polskie-dziedzictwo-skokow-narciarskich\/\"},\"wordCount\":219,\"publisher\":{\"@id\":\"https:\/\/www.pogotowieflagowe.pl\/aktualne\/#organization\"},\"image\":{\"@id\":\"https:\/\/www.pogotowieflagowe.pl\/aktualne\/wspomnienie-roberta-witkego-polskie-dziedzictwo-skokow-narciarskich\/#primaryimage\"},\"thumbnailUrl\":\"https:\/\/www.pogotowieflagowe.pl\/aktualne\/wp-content\/uploads\/2024\/09\/Wspomnienie-Roberta-Witkego-Polskie-dziedzictwo-skokow-narciarskich.jpg\",\"keywords\":[\"dziedzictwo\",\"narciarskich\",\"Polskie\",\"Roberta\",\"skok\u00f3w\",\"Witkego\",\"Wspomnienie\"],\"articleSection\":[\"Lekkoatletyka\"],\"inLanguage\":\"pl-PL\"},{\"@type\":\"WebPage\",\"@id\":\"https:\/\/www.pogotowieflagowe.pl\/aktualne\/wspomnienie-roberta-witkego-polskie-dziedzictwo-skokow-narciarskich\/\",\"url\":\"https:\/\/www.pogotowieflagowe.pl\/aktualne\/wspomnienie-roberta-witkego-polskie-dziedzictwo-skokow-narciarskich\/\",\"name\":\"Wspomnienie Roberta Witkego: Polskie dziedzictwo skok\u00f3w narciarskich - POGOTOWIE FLAGOWE\u00ae\",\"isPartOf\":{\"@id\":\"https:\/\/www.pogotowieflagowe.pl\/aktualne\/#website\"},\"primaryImageOfPage\":{\"@id\":\"https:\/\/www.pogotowieflagowe.pl\/aktualne\/wspomnienie-roberta-witkego-polskie-dziedzictwo-skokow-narciarskich\/#primaryimage\"},\"image\":{\"@id\":\"https:\/\/www.pogotowieflagowe.pl\/aktualne\/wspomnienie-roberta-witkego-polskie-dziedzictwo-skokow-narciarskich\/#primaryimage\"},\"thumbnailUrl\":\"https:\/\/www.pogotowieflagowe.pl\/aktualne\/wp-content\/uploads\/2024\/09\/Wspomnienie-Roberta-Witkego-Polskie-dziedzictwo-skokow-narciarskich.jpg\",\"datePublished\":\"2024-09-09T12:47:25+00:00\",\"dateModified\":\"2024-09-09T12:47:26+00:00\",\"breadcrumb\":{\"@id\":\"https:\/\/www.pogotowieflagowe.pl\/aktualne\/wspomnienie-roberta-witkego-polskie-dziedzictwo-skokow-narciarskich\/#breadcrumb\"},\"inLanguage\":\"pl-PL\",\"potentialAction\":[{\"@type\":\"ReadAction\",\"target\":[\"https:\/\/www.pogotowieflagowe.pl\/aktualne\/wspomnienie-roberta-witkego-polskie-dziedzictwo-skokow-narciarskich\/\"]}]},{\"@type\":\"ImageObject\",\"inLanguage\":\"pl-PL\",\"@id\":\"https:\/\/www.pogotowieflagowe.pl\/aktualne\/wspomnienie-roberta-witkego-polskie-dziedzictwo-skokow-narciarskich\/#primaryimage\",\"url\":\"https:\/\/www.pogotowieflagowe.pl\/aktualne\/wp-content\/uploads\/2024\/09\/Wspomnienie-Roberta-Witkego-Polskie-dziedzictwo-skokow-narciarskich.jpg\",\"contentUrl\":\"https:\/\/www.pogotowieflagowe.pl\/aktualne\/wp-content\/uploads\/2024\/09\/Wspomnienie-Roberta-Witkego-Polskie-dziedzictwo-skokow-narciarskich.jpg\",\"width\":1000,\"height\":567,\"caption\":\"Wspomnienie Roberta Witkego: Polskie dziedzictwo skok\u00f3w narciarskich\"},{\"@type\":\"BreadcrumbList\",\"@id\":\"https:\/\/www.pogotowieflagowe.pl\/aktualne\/wspomnienie-roberta-witkego-polskie-dziedzictwo-skokow-narciarskich\/#breadcrumb\",\"itemListElement\":[{\"@type\":\"ListItem\",\"position\":1,\"name\":\"Home\",\"item\":\"https:\/\/www.pogotowieflagowe.pl\/aktualne\/\"},{\"@type\":\"ListItem\",\"position\":2,\"name\":\"Wspomnienie Roberta Witkego: Polskie dziedzictwo skok\u00f3w narciarskich\"}]},{\"@type\":\"WebSite\",\"@id\":\"https:\/\/www.pogotowieflagowe.pl\/aktualne\/#website\",\"url\":\"https:\/\/www.pogotowieflagowe.pl\/aktualne\/\",\"name\":\"POGOTOWIE FLAGOWE\u00ae\",\"description\":\"\",\"publisher\":{\"@id\":\"https:\/\/www.pogotowieflagowe.pl\/aktualne\/#organization\"},\"potentialAction\":[{\"@type\":\"SearchAction\",\"target\":{\"@type\":\"EntryPoint\",\"urlTemplate\":\"https:\/\/www.pogotowieflagowe.pl\/aktualne\/?s={search_term_string}\"},\"query-input\":\"required name=search_term_string\"}],\"inLanguage\":\"pl-PL\"},{\"@type\":\"Organization\",\"@id\":\"https:\/\/www.pogotowieflagowe.pl\/aktualne\/#organization\",\"name\":\"POGOTOWIE FLAGOWE\u00ae\",\"url\":\"https:\/\/www.pogotowieflagowe.pl\/aktualne\/\",\"logo\":{\"@type\":\"ImageObject\",\"inLanguage\":\"pl-PL\",\"@id\":\"https:\/\/www.pogotowieflagowe.pl\/aktualne\/#\/schema\/logo\/image\/\",\"url\":\"https:\/\/www.pogotowieflagowe.pl\/aktualne\/wp-content\/uploads\/2024\/08\/cropped-pogotowieflagowe_flaga_projekt_sm.jpg\",\"contentUrl\":\"https:\/\/www.pogotowieflagowe.pl\/aktualne\/wp-content\/uploads\/2024\/08\/cropped-pogotowieflagowe_flaga_projekt_sm.jpg\",\"width\":250,\"height\":143,\"caption\":\"POGOTOWIE FLAGOWE\u00ae\"},\"image\":{\"@id\":\"https:\/\/www.pogotowieflagowe.pl\/aktualne\/#\/schema\/logo\/image\/\"}},{\"@type\":\"Person\",\"@id\":\"https:\/\/www.pogotowieflagowe.pl\/aktualne\/#\/schema\/person\/9c2fb7d2362ebf6fa088960d7f0d27b0\",\"name\":\"Filip\",\"image\":{\"@type\":\"ImageObject\",\"inLanguage\":\"pl-PL\",\"@id\":\"https:\/\/www.pogotowieflagowe.pl\/aktualne\/#\/schema\/person\/image\/\",\"url\":\"https:\/\/www.pogotowieflagowe.pl\/aktualne\/wp-content\/uploads\/2024\/08\/pogotowieflagowe.pl_.jpg\",\"contentUrl\":\"https:\/\/www.pogotowieflagowe.pl\/aktualne\/wp-content\/uploads\/2024\/08\/pogotowieflagowe.pl_.jpg\",\"caption\":\"Filip\"},\"description\":\"Jestem Filip, polski dziennikarz z dyplomem nauk politycznych Uniwersytetu Warszawskiego. Rozpoczynaj\u0105c swoj\u0105 karier\u0119 w r\u00f3\u017cnych lokalnych mediach, zdoby\u0142em solidne do\u015bwiadczenie w zakresie \u015bledztwa i redakcji. Obecnie jako redaktor w Pogotowie flagowe, staram si\u0119 dostarcza\u0107 dog\u0142\u0119bne i istotne analizy na temat najwa\u017cniejszych kwestii aktualno\u015bci, \u0142\u0105cz\u0105c rygor z pasj\u0105 dziennikarsk\u0105.\",\"sameAs\":[\"https:\/\/www.pogotowieflagowe.pl\/\"]}]}<\/script>\n<!-- \/ Yoast SEO plugin. -->","yoast_head_json":{"title":"Wspomnienie Roberta Witkego: Polskie dziedzictwo skok\u00f3w narciarskich - POGOTOWIE FLAGOWE\u00ae","robots":{"index":"index","follow":"follow","max-snippet":"max-snippet:-1","max-image-preview":"max-image-preview:large","max-video-preview":"max-video-preview:-1"},"canonical":"https:\/\/www.pogotowieflagowe.pl\/aktualne\/wspomnienie-roberta-witkego-polskie-dziedzictwo-skokow-narciarskich\/","og_locale":"pl_PL","og_type":"article","og_title":"Wspomnienie Roberta Witkego: Polskie dziedzictwo skok\u00f3w narciarskich - POGOTOWIE FLAGOWE\u00ae","og_description":"\u015awiat skok\u00f3w narciarskich op\u0142akuje \u015bmier\u0107 Roberta Witkego, polskiego skoczka narciarskiego, kt\u00f3ry zmar\u0142 w wieku 57 lat. Robert, syn znanego narciarza","og_url":"https:\/\/www.pogotowieflagowe.pl\/aktualne\/wspomnienie-roberta-witkego-polskie-dziedzictwo-skokow-narciarskich\/","og_site_name":"POGOTOWIE FLAGOWE\u00ae","article_published_time":"2024-09-09T12:47:25+00:00","article_modified_time":"2024-09-09T12:47:26+00:00","og_image":[{"width":1000,"height":567,"url":"https:\/\/www.pogotowieflagowe.pl\/aktualne\/wp-content\/uploads\/2024\/09\/Wspomnienie-Roberta-Witkego-Polskie-dziedzictwo-skokow-narciarskich.jpg","type":"image\/jpeg"}],"author":"Filip","twitter_card":"summary_large_image","twitter_misc":{"Napisane przez":"Filip","Szacowany czas czytania":"1 minuta"},"schema":{"@context":"https:\/\/schema.org","@graph":[{"@type":"Article","@id":"https:\/\/www.pogotowieflagowe.pl\/aktualne\/wspomnienie-roberta-witkego-polskie-dziedzictwo-skokow-narciarskich\/#article","isPartOf":{"@id":"https:\/\/www.pogotowieflagowe.pl\/aktualne\/wspomnienie-roberta-witkego-polskie-dziedzictwo-skokow-narciarskich\/"},"author":{"name":"Filip","@id":"https:\/\/www.pogotowieflagowe.pl\/aktualne\/#\/schema\/person\/9c2fb7d2362ebf6fa088960d7f0d27b0"},"headline":"Wspomnienie Roberta Witkego: Polskie dziedzictwo skok\u00f3w narciarskich","datePublished":"2024-09-09T12:47:25+00:00","dateModified":"2024-09-09T12:47:26+00:00","mainEntityOfPage":{"@id":"https:\/\/www.pogotowieflagowe.pl\/aktualne\/wspomnienie-roberta-witkego-polskie-dziedzictwo-skokow-narciarskich\/"},"wordCount":219,"publisher":{"@id":"https:\/\/www.pogotowieflagowe.pl\/aktualne\/#organization"},"image":{"@id":"https:\/\/www.pogotowieflagowe.pl\/aktualne\/wspomnienie-roberta-witkego-polskie-dziedzictwo-skokow-narciarskich\/#primaryimage"},"thumbnailUrl":"https:\/\/www.pogotowieflagowe.pl\/aktualne\/wp-content\/uploads\/2024\/09\/Wspomnienie-Roberta-Witkego-Polskie-dziedzictwo-skokow-narciarskich.jpg","keywords":["dziedzictwo","narciarskich","Polskie","Roberta","skok\u00f3w","Witkego","Wspomnienie"],"articleSection":["Lekkoatletyka"],"inLanguage":"pl-PL"},{"@type":"WebPage","@id":"https:\/\/www.pogotowieflagowe.pl\/aktualne\/wspomnienie-roberta-witkego-polskie-dziedzictwo-skokow-narciarskich\/","url":"https:\/\/www.pogotowieflagowe.pl\/aktualne\/wspomnienie-roberta-witkego-polskie-dziedzictwo-skokow-narciarskich\/","name":"Wspomnienie Roberta Witkego: Polskie dziedzictwo skok\u00f3w narciarskich - POGOTOWIE FLAGOWE\u00ae","isPartOf":{"@id":"https:\/\/www.pogotowieflagowe.pl\/aktualne\/#website"},"primaryImageOfPage":{"@id":"https:\/\/www.pogotowieflagowe.pl\/aktualne\/wspomnienie-roberta-witkego-polskie-dziedzictwo-skokow-narciarskich\/#primaryimage"},"image":{"@id":"https:\/\/www.pogotowieflagowe.pl\/aktualne\/wspomnienie-roberta-witkego-polskie-dziedzictwo-skokow-narciarskich\/#primaryimage"},"thumbnailUrl":"https:\/\/www.pogotowieflagowe.pl\/aktualne\/wp-content\/uploads\/2024\/09\/Wspomnienie-Roberta-Witkego-Polskie-dziedzictwo-skokow-narciarskich.jpg","datePublished":"2024-09-09T12:47:25+00:00","dateModified":"2024-09-09T12:47:26+00:00","breadcrumb":{"@id":"https:\/\/www.pogotowieflagowe.pl\/aktualne\/wspomnienie-roberta-witkego-polskie-dziedzictwo-skokow-narciarskich\/#breadcrumb"},"inLanguage":"pl-PL","potentialAction":[{"@type":"ReadAction","target":["https:\/\/www.pogotowieflagowe.pl\/aktualne\/wspomnienie-roberta-witkego-polskie-dziedzictwo-skokow-narciarskich\/"]}]},{"@type":"ImageObject","inLanguage":"pl-PL","@id":"https:\/\/www.pogotowieflagowe.pl\/aktualne\/wspomnienie-roberta-witkego-polskie-dziedzictwo-skokow-narciarskich\/#primaryimage","url":"https:\/\/www.pogotowieflagowe.pl\/aktualne\/wp-content\/uploads\/2024\/09\/Wspomnienie-Roberta-Witkego-Polskie-dziedzictwo-skokow-narciarskich.jpg","contentUrl":"https:\/\/www.pogotowieflagowe.pl\/aktualne\/wp-content\/uploads\/2024\/09\/Wspomnienie-Roberta-Witkego-Polskie-dziedzictwo-skokow-narciarskich.jpg","width":1000,"height":567,"caption":"Wspomnienie Roberta Witkego: Polskie dziedzictwo skok\u00f3w narciarskich"},{"@type":"BreadcrumbList","@id":"https:\/\/www.pogotowieflagowe.pl\/aktualne\/wspomnienie-roberta-witkego-polskie-dziedzictwo-skokow-narciarskich\/#breadcrumb","itemListElement":[{"@type":"ListItem","position":1,"name":"Home","item":"https:\/\/www.pogotowieflagowe.pl\/aktualne\/"},{"@type":"ListItem","position":2,"name":"Wspomnienie Roberta Witkego: Polskie dziedzictwo skok\u00f3w narciarskich"}]},{"@type":"WebSite","@id":"https:\/\/www.pogotowieflagowe.pl\/aktualne\/#website","url":"https:\/\/www.pogotowieflagowe.pl\/aktualne\/","name":"POGOTOWIE FLAGOWE\u00ae","description":"","publisher":{"@id":"https:\/\/www.pogotowieflagowe.pl\/aktualne\/#organization"},"potentialAction":[{"@type":"SearchAction","target":{"@type":"EntryPoint","urlTemplate":"https:\/\/www.pogotowieflagowe.pl\/aktualne\/?s={search_term_string}"},"query-input":"required name=search_term_string"}],"inLanguage":"pl-PL"},{"@type":"Organization","@id":"https:\/\/www.pogotowieflagowe.pl\/aktualne\/#organization","name":"POGOTOWIE FLAGOWE\u00ae","url":"https:\/\/www.pogotowieflagowe.pl\/aktualne\/","logo":{"@type":"ImageObject","inLanguage":"pl-PL","@id":"https:\/\/www.pogotowieflagowe.pl\/aktualne\/#\/schema\/logo\/image\/","url":"https:\/\/www.pogotowieflagowe.pl\/aktualne\/wp-content\/uploads\/2024\/08\/cropped-pogotowieflagowe_flaga_projekt_sm.jpg","contentUrl":"https:\/\/www.pogotowieflagowe.pl\/aktualne\/wp-content\/uploads\/2024\/08\/cropped-pogotowieflagowe_flaga_projekt_sm.jpg","width":250,"height":143,"caption":"POGOTOWIE FLAGOWE\u00ae"},"image":{"@id":"https:\/\/www.pogotowieflagowe.pl\/aktualne\/#\/schema\/logo\/image\/"}},{"@type":"Person","@id":"https:\/\/www.pogotowieflagowe.pl\/aktualne\/#\/schema\/person\/9c2fb7d2362ebf6fa088960d7f0d27b0","name":"Filip","image":{"@type":"ImageObject","inLanguage":"pl-PL","@id":"https:\/\/www.pogotowieflagowe.pl\/aktualne\/#\/schema\/person\/image\/","url":"https:\/\/www.pogotowieflagowe.pl\/aktualne\/wp-content\/uploads\/2024\/08\/pogotowieflagowe.pl_.jpg","contentUrl":"https:\/\/www.pogotowieflagowe.pl\/aktualne\/wp-content\/uploads\/2024\/08\/pogotowieflagowe.pl_.jpg","caption":"Filip"},"description":"Jestem Filip, polski dziennikarz z dyplomem nauk politycznych Uniwersytetu Warszawskiego. Rozpoczynaj\u0105c swoj\u0105 karier\u0119 w r\u00f3\u017cnych lokalnych mediach, zdoby\u0142em solidne do\u015bwiadczenie w zakresie \u015bledztwa i redakcji. Obecnie jako redaktor w Pogotowie flagowe, staram si\u0119 dostarcza\u0107 dog\u0142\u0119bne i istotne analizy na temat najwa\u017cniejszych kwestii aktualno\u015bci, \u0142\u0105cz\u0105c rygor z pasj\u0105 dziennikarsk\u0105.","sameAs":["https:\/\/www.pogotowieflagowe.pl\/"]}]}},"_links":{"self":[{"href":"https:\/\/www.pogotowieflagowe.pl\/aktualne\/wp-json\/wp\/v2\/posts\/610","targetHints":{"allow":["GET"]}}],"collection":[{"href":"https:\/\/www.pogotowieflagowe.pl\/aktualne\/wp-json\/wp\/v2\/posts"}],"about":[{"href":"https:\/\/www.pogotowieflagowe.pl\/aktualne\/wp-json\/wp\/v2\/types\/post"}],"author":[{"embeddable":true,"href":"https:\/\/www.pogotowieflagowe.pl\/aktualne\/wp-json\/wp\/v2\/users\/1"}],"replies":[{"embeddable":true,"href":"https:\/\/www.pogotowieflagowe.pl\/aktualne\/wp-json\/wp\/v2\/comments?post=610"}],"version-history":[{"count":1,"href":"https:\/\/www.pogotowieflagowe.pl\/aktualne\/wp-json\/wp\/v2\/posts\/610\/revisions"}],"predecessor-version":[{"id":612,"href":"https:\/\/www.pogotowieflagowe.pl\/aktualne\/wp-json\/wp\/v2\/posts\/610\/revisions\/612"}],"wp:featuredmedia":[{"embeddable":true,"href":"https:\/\/www.pogotowieflagowe.pl\/aktualne\/wp-json\/wp\/v2\/media\/611"}],"wp:attachment":[{"href":"https:\/\/www.pogotowieflagowe.pl\/aktualne\/wp-json\/wp\/v2\/media?parent=610"}],"wp:term":[{"taxonomy":"category","embeddable":true,"href":"https:\/\/www.pogotowieflagowe.pl\/aktualne\/wp-json\/wp\/v2\/categories?post=610"},{"taxonomy":"post_tag","embeddable":true,"href":"https:\/\/www.pogotowieflagowe.pl\/aktualne\/wp-json\/wp\/v2\/tags?post=610"}],"curies":[{"name":"wp","href":"https:\/\/api.w.org\/{rel}","templated":true}]}}