{"id":6140,"date":"2025-06-07T21:46:50","date_gmt":"2025-06-07T19:46:50","guid":{"rendered":"https:\/\/www.pogotowieflagowe.pl\/aktualne\/ue-rozwaza-opoznienie-wdrozenia-regulacji-ai\/"},"modified":"2025-06-07T21:46:52","modified_gmt":"2025-06-07T19:46:52","slug":"ue-rozwaza-opoznienie-wdrozenia-regulacji-ai","status":"publish","type":"post","link":"https:\/\/www.pogotowieflagowe.pl\/aktualne\/ue-rozwaza-opoznienie-wdrozenia-regulacji-ai\/","title":{"rendered":"UE rozwa\u017ca op\u00f3\u017anienie wdro\u017cenia regulacji AI"},"content":{"rendered":"\n<div class=\"td_block_wrap tdb_single_content tdi_41 td-pb-border-top td_block_template_8 td-post-content tagdiv-type\" data-td-block-uid=\"tdi_41\">\n<style>.tdi_41 {margin-top: 0px! Wa\u017cne; margines-bottom: 0px! WA\u017bNY; PALDING-TOP: 0PX! WA\u017bNY; PALDING-BOTTOM: 0PX! WA\u017bNE}<\/style>\n<style>.tdb_single_content {margin-bottom: 0;*zoom: 1} .tdb_single_content: wcze\u015bniej, .tdb_single_content: po {display: Table; content: ''; line-height: 0} .TDB-BLOCK-INner>*: nie (.WP-BLOCK-QUOTE): not (.alignSwide): not (.Alignfull.wp-block-cover.has-parallax): not (.td-a-ad) {margin-left: auto; margin-right: auto} .tdb_single_ConTent a {wska\u017anik-events: auto} .tdb_single_content .td-spot-id-top_ad .tdc-placeholder-title: przed {content: \u201eArtyku\u0142 top ad\u201d! Wa\u017cne} .tdb_single_content .td-Spot-Id-inline_ad0 .tdc-placeholder-title 1 '! Wa\u017cne} .tdb_single_content .td-Spot-Id-inline_Ad1 .tdc-Placeholder-Title: przed {content: \u201eArtyku\u0142 inline AD 2'! Wa\u017cny} .tdb_single_content. 3 '! Wa\u017cne} .tdb_single_content .td-Spot-Id-Bottom_Ad .tdc-Placeholder-Title: przed {content: \u201eArtyku\u0142 Bottom Ad\u201d! Wa\u017cne} .tdb_single_content .id_top_ad, .tdb_single_content_content .id_bottom_ad {clear: oba; margin-bottom: 21px; text-align: Center} .tdb_single_content .id_top_ad img, .tdb_single_content .id_bottom_ad img {margin-bottom: 0} .tdb_single_conTent .id_top_ad .adsbyGoogle, .tdb_single_content .id_bottom_ad .adsbyGoogle {pozycja: relatyw} .tdb_single_content .id_ad_content-horiz-left, .tdb_single_content .id_ad_content-horiz-right, .tdb_single_content .id_ad_content-horiz-Center {margin-bottom: 15px} .tdb_single_content .id_ad_content-horiz-left Img, .tdb_single_content .id_ad_content-horiz-right img, .tdb_single_content .id_ad_content-horiz-centerter img {margin-bottom: 0} .tdb_single_content .id_ad_content-horiz-center {text-align: Center} .tdb_single_content .id_ad_content-horiz-center img {margin-right: auto; margin-let: auto} .tdb_single_content .id_ad_content-horiz-left {float: left; margin-top: 9px; margin-right: 21px} .tdb_single_content .id_ad_content-horiz-right {float: margin-top: 6px; margin-left: 21px} .tdb_single_content .tdc-a-a-ad .TDC-Placeholder-Title {szeroko\u015b\u0107: 300px; height: 250px} .tdb_single_content .tdc-a-ad .TDC-Placeholder-Title: Przed {Pozycja: Absolute; TOP: 50%;-WebKit-Transform: Translatey (-50%); Transform: Translatey (-50%); margines: auto; Display: Tabela; szeroko\u015b\u0107: 100%}. tdb_single_content .TDB-BLOCK-INNER.TD-FIX-INDEX {Word-Break: Break-word} .tdi_41, .tdi_41> p, .tdi_41 .tdb-block-inner> p, .Wp-Block-Column> p {font-size: 16px! Wa\u017cne; wa\u017cny; p {font-styl: normalne! Wa\u017cne} @media (Max-Width: 767px) {. tdb_single_content .id_ad_content-horiz-left, .tdb_single_content .id_ad_content-horiz-right, .tdb_single_content .id_ad_content-horiz-centter {Margin: 0 AUTO 26PXX auto}}@media (Max-Width: 767px) {. tdb_single_content .id_ad_content-horiz-left {margin-right: 0}}@media (max-width: 767px) {. (Max-Width: 767px) {. tdb_single_content .td-a-ad {float: none; text-align: Center} .tdb_single_content .td-a-ad img {margin-right: auto; margin-left: auto} .tdb_single_content .tdc-a-a-a-{margin-right: auto; margin-left: auto} .tdb_single_content .tdd<\/style>\n<div class=\"tdb-block-inner td-fix-index\">\n<p>Wed\u0142ug <em>Politico<\/em>Komisja Europejska rozwa\u017ca odk\u0142adanie niekt\u00f3rych przepis\u00f3w ustawy o sztucznej inteligencji z powodu op\u00f3\u017anie\u0144 w przygotowaniu wytycznych dotycz\u0105cych wdra\u017cania i rosn\u0105cych wymaga\u0144 sektora technologicznego.<\/p>\n<h2 class=\"wp-block-heading\"><strong>Kiedy pojawi\u0105 si\u0119 nowe przepisy?<\/strong><\/h2>\n<p>Jak donosi <em>Politico<\/em>Podczas spotkania ministr\u00f3w cyfrowych w Luksemburgu w pi\u0105tek wiceprezydent Komisji Europejskiej Henna Virkkunen przyzna\u0142, \u017ce niekt\u00f3re postanowienia ustawy o sztucznej inteligencji UE mog\u0105 by\u0107 op\u00f3\u017anie\u0144.<\/p>\n<figure class=\"wp-block-pullquote\">\n<blockquote>\n<p>\u201eJe\u015bli oka\u017ce si\u0119, \u017ce niezb\u0119dne standardy i wytyczne nie s\u0105 gotowe na czas, nie powinni\u015bmy wykluczy\u0107 op\u00f3\u017anienia\u201d, stwierdzi\u0142a, odzwierciedlaj\u0105c obawy zar\u00f3wno interesariuszy bran\u017cy, jak i pa\u0144stw cz\u0142onkowskich.<\/p>\n<\/blockquote>\n<\/figure>\n<p>Ustawa AI, uzgodniona pod koniec 2023 r., Jest pierwszym na \u015bwiecie kompleksowym zestawem przepis\u00f3w maj\u0105cych na celu ograniczenie ryzyka zwi\u0105zanego z sztuczn\u0105 inteligencj\u0105. Niekt\u00f3re przepisy wesz\u0142y w \u017cycie w lutym, podczas gdy inne s\u0105 zaplanowane na sierpie\u0144 2025 r. I do 2026 r. Jednak firmy &#8211; szczeg\u00f3lnie te opracowuj\u0105ce zaawansowane modele AI &#8211; nadal czeka na bardziej szczeg\u00f3\u0142owe wytyczne i formalny kodeks post\u0119powania.<\/p>\n<p>W ostatnich tygodniach przedstawiciele bran\u017cy technologicznej opowiadali si\u0119 za wprowadzeniem mechanizmu \u201ezatrzymania\u201d, kt\u00f3ry pozwoli\u0142by na odroczenie termin\u00f3w zgodno\u015bci z brakiem sfinalizowanych wytycznych. Ta propozycja spotka\u0142a si\u0119 z ostro\u017cn\u0105 otwarto\u015bci\u0105 niekt\u00f3rych pa\u0144stw cz\u0142onkowskich UE. Obecne dyskusje s\u0105 zgodne z szerszymi wysi\u0142kami UE w celu usprawnienia regulacji. Na przyk\u0142ad polski rz\u0105d podkre\u015bli\u0142 znaczenie ocen wp\u0142ywu, zmniejszaj\u0105c koszty zgodno\u015bci firm i wykorzysta\u0107 technologi\u0119 w celu u\u0142atwienia przestrzegania regulacyjnego.<\/p>\n<p>Chocia\u017c ustawa AI jest powszechnie uwa\u017cana za prze\u0142omowy w globalnej rozmowie na temat etycznego i bezpiecznego rozwoju sztucznej inteligencji, jej udane wdro\u017cenie b\u0119dzie wymaga\u0142o nie tylko solidnych ram prawnych, ale tak\u017ce gotowo\u015bci operacyjnej zar\u00f3wno w\u0142adz krajowych, jak i sektora prywatnego.<\/p>\n<\/div>\n<\/div>\n","protected":false},"excerpt":{"rendered":"<p>Wed\u0142ug PoliticoKomisja Europejska rozwa\u017ca odk\u0142adanie niekt\u00f3rych przepis\u00f3w ustawy o sztucznej inteligencji z powodu op\u00f3\u017anie\u0144 w przygotowaniu wytycznych dotycz\u0105cych wdra\u017cania i<\/p>\n","protected":false},"author":1,"featured_media":6141,"comment_status":"closed","ping_status":"","sticky":false,"template":"","format":"standard","meta":{"footnotes":""},"categories":[44],"tags":[7896,7897,831,3803],"class_list":["post-6140","post","type-post","status-publish","format-standard","has-post-thumbnail","hentry","category-polityka","tag-opoznienie","tag-regulacji","tag-rozwaza","tag-wdrozenia","generate-columns","tablet-grid-50","mobile-grid-100","grid-parent","grid-50","resize-featured-image"],"yoast_head":"<!-- This site is optimized with the Yoast SEO plugin v23.2 - https:\/\/yoast.com\/wordpress\/plugins\/seo\/ -->\n<title>UE rozwa\u017ca op\u00f3\u017anienie wdro\u017cenia regulacji AI - POGOTOWIE FLAGOWE\u00ae<\/title>\n<meta name=\"robots\" content=\"index, follow, max-snippet:-1, max-image-preview:large, max-video-preview:-1\" \/>\n<link rel=\"canonical\" href=\"https:\/\/www.pogotowieflagowe.pl\/aktualne\/ue-rozwaza-opoznienie-wdrozenia-regulacji-ai\/\" \/>\n<meta property=\"og:locale\" content=\"pl_PL\" \/>\n<meta property=\"og:type\" content=\"article\" \/>\n<meta property=\"og:title\" content=\"UE rozwa\u017ca op\u00f3\u017anienie wdro\u017cenia regulacji AI - POGOTOWIE FLAGOWE\u00ae\" \/>\n<meta property=\"og:description\" content=\"Wed\u0142ug PoliticoKomisja Europejska rozwa\u017ca odk\u0142adanie niekt\u00f3rych przepis\u00f3w ustawy o sztucznej inteligencji z powodu op\u00f3\u017anie\u0144 w przygotowaniu wytycznych dotycz\u0105cych wdra\u017cania i\" \/>\n<meta property=\"og:url\" content=\"https:\/\/www.pogotowieflagowe.pl\/aktualne\/ue-rozwaza-opoznienie-wdrozenia-regulacji-ai\/\" \/>\n<meta property=\"og:site_name\" content=\"POGOTOWIE FLAGOWE\u00ae\" \/>\n<meta property=\"article:published_time\" content=\"2025-06-07T19:46:50+00:00\" \/>\n<meta property=\"article:modified_time\" content=\"2025-06-07T19:46:52+00:00\" \/>\n<meta property=\"og:image\" content=\"https:\/\/www.pogotowieflagowe.pl\/aktualne\/wp-content\/uploads\/2025\/06\/UE-rozwaza-opoznienie-wdrozenia-regulacji-AI.jpg\" \/>\n\t<meta property=\"og:image:width\" content=\"1200\" \/>\n\t<meta property=\"og:image:height\" content=\"675\" \/>\n\t<meta property=\"og:image:type\" content=\"image\/jpeg\" \/>\n<meta name=\"author\" content=\"Filip\" \/>\n<meta name=\"twitter:card\" content=\"summary_large_image\" \/>\n<meta name=\"twitter:label1\" content=\"Napisane przez\" \/>\n\t<meta name=\"twitter:data1\" content=\"Filip\" \/>\n\t<meta name=\"twitter:label2\" content=\"Szacowany czas czytania\" \/>\n\t<meta name=\"twitter:data2\" content=\"2 minuty\" \/>\n<script type=\"application\/ld+json\" class=\"yoast-schema-graph\">{\"@context\":\"https:\/\/schema.org\",\"@graph\":[{\"@type\":\"Article\",\"@id\":\"https:\/\/www.pogotowieflagowe.pl\/aktualne\/ue-rozwaza-opoznienie-wdrozenia-regulacji-ai\/#article\",\"isPartOf\":{\"@id\":\"https:\/\/www.pogotowieflagowe.pl\/aktualne\/ue-rozwaza-opoznienie-wdrozenia-regulacji-ai\/\"},\"author\":{\"name\":\"Filip\",\"@id\":\"https:\/\/www.pogotowieflagowe.pl\/aktualne\/#\/schema\/person\/9c2fb7d2362ebf6fa088960d7f0d27b0\"},\"headline\":\"UE rozwa\u017ca op\u00f3\u017anienie wdro\u017cenia regulacji AI\",\"datePublished\":\"2025-06-07T19:46:50+00:00\",\"dateModified\":\"2025-06-07T19:46:52+00:00\",\"mainEntityOfPage\":{\"@id\":\"https:\/\/www.pogotowieflagowe.pl\/aktualne\/ue-rozwaza-opoznienie-wdrozenia-regulacji-ai\/\"},\"wordCount\":318,\"publisher\":{\"@id\":\"https:\/\/www.pogotowieflagowe.pl\/aktualne\/#organization\"},\"image\":{\"@id\":\"https:\/\/www.pogotowieflagowe.pl\/aktualne\/ue-rozwaza-opoznienie-wdrozenia-regulacji-ai\/#primaryimage\"},\"thumbnailUrl\":\"https:\/\/www.pogotowieflagowe.pl\/aktualne\/wp-content\/uploads\/2025\/06\/UE-rozwaza-opoznienie-wdrozenia-regulacji-AI.jpg\",\"keywords\":[\"op\u00f3\u017anienie\",\"regulacji\",\"rozwa\u017ca\",\"wdro\u017cenia\"],\"articleSection\":[\"Polityka\"],\"inLanguage\":\"pl-PL\"},{\"@type\":\"WebPage\",\"@id\":\"https:\/\/www.pogotowieflagowe.pl\/aktualne\/ue-rozwaza-opoznienie-wdrozenia-regulacji-ai\/\",\"url\":\"https:\/\/www.pogotowieflagowe.pl\/aktualne\/ue-rozwaza-opoznienie-wdrozenia-regulacji-ai\/\",\"name\":\"UE rozwa\u017ca op\u00f3\u017anienie wdro\u017cenia regulacji AI - POGOTOWIE FLAGOWE\u00ae\",\"isPartOf\":{\"@id\":\"https:\/\/www.pogotowieflagowe.pl\/aktualne\/#website\"},\"primaryImageOfPage\":{\"@id\":\"https:\/\/www.pogotowieflagowe.pl\/aktualne\/ue-rozwaza-opoznienie-wdrozenia-regulacji-ai\/#primaryimage\"},\"image\":{\"@id\":\"https:\/\/www.pogotowieflagowe.pl\/aktualne\/ue-rozwaza-opoznienie-wdrozenia-regulacji-ai\/#primaryimage\"},\"thumbnailUrl\":\"https:\/\/www.pogotowieflagowe.pl\/aktualne\/wp-content\/uploads\/2025\/06\/UE-rozwaza-opoznienie-wdrozenia-regulacji-AI.jpg\",\"datePublished\":\"2025-06-07T19:46:50+00:00\",\"dateModified\":\"2025-06-07T19:46:52+00:00\",\"breadcrumb\":{\"@id\":\"https:\/\/www.pogotowieflagowe.pl\/aktualne\/ue-rozwaza-opoznienie-wdrozenia-regulacji-ai\/#breadcrumb\"},\"inLanguage\":\"pl-PL\",\"potentialAction\":[{\"@type\":\"ReadAction\",\"target\":[\"https:\/\/www.pogotowieflagowe.pl\/aktualne\/ue-rozwaza-opoznienie-wdrozenia-regulacji-ai\/\"]}]},{\"@type\":\"ImageObject\",\"inLanguage\":\"pl-PL\",\"@id\":\"https:\/\/www.pogotowieflagowe.pl\/aktualne\/ue-rozwaza-opoznienie-wdrozenia-regulacji-ai\/#primaryimage\",\"url\":\"https:\/\/www.pogotowieflagowe.pl\/aktualne\/wp-content\/uploads\/2025\/06\/UE-rozwaza-opoznienie-wdrozenia-regulacji-AI.jpg\",\"contentUrl\":\"https:\/\/www.pogotowieflagowe.pl\/aktualne\/wp-content\/uploads\/2025\/06\/UE-rozwaza-opoznienie-wdrozenia-regulacji-AI.jpg\",\"width\":1200,\"height\":675,\"caption\":\"UE rozwa\u017ca op\u00f3\u017anienie wdro\u017cenia regulacji AI\"},{\"@type\":\"BreadcrumbList\",\"@id\":\"https:\/\/www.pogotowieflagowe.pl\/aktualne\/ue-rozwaza-opoznienie-wdrozenia-regulacji-ai\/#breadcrumb\",\"itemListElement\":[{\"@type\":\"ListItem\",\"position\":1,\"name\":\"Home\",\"item\":\"https:\/\/www.pogotowieflagowe.pl\/aktualne\/\"},{\"@type\":\"ListItem\",\"position\":2,\"name\":\"UE rozwa\u017ca op\u00f3\u017anienie wdro\u017cenia regulacji AI\"}]},{\"@type\":\"WebSite\",\"@id\":\"https:\/\/www.pogotowieflagowe.pl\/aktualne\/#website\",\"url\":\"https:\/\/www.pogotowieflagowe.pl\/aktualne\/\",\"name\":\"POGOTOWIE FLAGOWE\u00ae\",\"description\":\"\",\"publisher\":{\"@id\":\"https:\/\/www.pogotowieflagowe.pl\/aktualne\/#organization\"},\"potentialAction\":[{\"@type\":\"SearchAction\",\"target\":{\"@type\":\"EntryPoint\",\"urlTemplate\":\"https:\/\/www.pogotowieflagowe.pl\/aktualne\/?s={search_term_string}\"},\"query-input\":\"required name=search_term_string\"}],\"inLanguage\":\"pl-PL\"},{\"@type\":\"Organization\",\"@id\":\"https:\/\/www.pogotowieflagowe.pl\/aktualne\/#organization\",\"name\":\"POGOTOWIE FLAGOWE\u00ae\",\"url\":\"https:\/\/www.pogotowieflagowe.pl\/aktualne\/\",\"logo\":{\"@type\":\"ImageObject\",\"inLanguage\":\"pl-PL\",\"@id\":\"https:\/\/www.pogotowieflagowe.pl\/aktualne\/#\/schema\/logo\/image\/\",\"url\":\"https:\/\/www.pogotowieflagowe.pl\/aktualne\/wp-content\/uploads\/2024\/08\/cropped-pogotowieflagowe_flaga_projekt_sm.jpg\",\"contentUrl\":\"https:\/\/www.pogotowieflagowe.pl\/aktualne\/wp-content\/uploads\/2024\/08\/cropped-pogotowieflagowe_flaga_projekt_sm.jpg\",\"width\":250,\"height\":143,\"caption\":\"POGOTOWIE FLAGOWE\u00ae\"},\"image\":{\"@id\":\"https:\/\/www.pogotowieflagowe.pl\/aktualne\/#\/schema\/logo\/image\/\"}},{\"@type\":\"Person\",\"@id\":\"https:\/\/www.pogotowieflagowe.pl\/aktualne\/#\/schema\/person\/9c2fb7d2362ebf6fa088960d7f0d27b0\",\"name\":\"Filip\",\"image\":{\"@type\":\"ImageObject\",\"inLanguage\":\"pl-PL\",\"@id\":\"https:\/\/www.pogotowieflagowe.pl\/aktualne\/#\/schema\/person\/image\/\",\"url\":\"https:\/\/www.pogotowieflagowe.pl\/aktualne\/wp-content\/uploads\/2024\/08\/pogotowieflagowe.pl_.jpg\",\"contentUrl\":\"https:\/\/www.pogotowieflagowe.pl\/aktualne\/wp-content\/uploads\/2024\/08\/pogotowieflagowe.pl_.jpg\",\"caption\":\"Filip\"},\"description\":\"Jestem Filip, polski dziennikarz z dyplomem nauk politycznych Uniwersytetu Warszawskiego. Rozpoczynaj\u0105c swoj\u0105 karier\u0119 w r\u00f3\u017cnych lokalnych mediach, zdoby\u0142em solidne do\u015bwiadczenie w zakresie \u015bledztwa i redakcji. Obecnie jako redaktor w Pogotowie flagowe, staram si\u0119 dostarcza\u0107 dog\u0142\u0119bne i istotne analizy na temat najwa\u017cniejszych kwestii aktualno\u015bci, \u0142\u0105cz\u0105c rygor z pasj\u0105 dziennikarsk\u0105.\",\"sameAs\":[\"https:\/\/www.pogotowieflagowe.pl\/\"]}]}<\/script>\n<!-- \/ Yoast SEO plugin. -->","yoast_head_json":{"title":"UE rozwa\u017ca op\u00f3\u017anienie wdro\u017cenia regulacji AI - POGOTOWIE FLAGOWE\u00ae","robots":{"index":"index","follow":"follow","max-snippet":"max-snippet:-1","max-image-preview":"max-image-preview:large","max-video-preview":"max-video-preview:-1"},"canonical":"https:\/\/www.pogotowieflagowe.pl\/aktualne\/ue-rozwaza-opoznienie-wdrozenia-regulacji-ai\/","og_locale":"pl_PL","og_type":"article","og_title":"UE rozwa\u017ca op\u00f3\u017anienie wdro\u017cenia regulacji AI - POGOTOWIE FLAGOWE\u00ae","og_description":"Wed\u0142ug PoliticoKomisja Europejska rozwa\u017ca odk\u0142adanie niekt\u00f3rych przepis\u00f3w ustawy o sztucznej inteligencji z powodu op\u00f3\u017anie\u0144 w przygotowaniu wytycznych dotycz\u0105cych wdra\u017cania i","og_url":"https:\/\/www.pogotowieflagowe.pl\/aktualne\/ue-rozwaza-opoznienie-wdrozenia-regulacji-ai\/","og_site_name":"POGOTOWIE FLAGOWE\u00ae","article_published_time":"2025-06-07T19:46:50+00:00","article_modified_time":"2025-06-07T19:46:52+00:00","og_image":[{"width":1200,"height":675,"url":"https:\/\/www.pogotowieflagowe.pl\/aktualne\/wp-content\/uploads\/2025\/06\/UE-rozwaza-opoznienie-wdrozenia-regulacji-AI.jpg","type":"image\/jpeg"}],"author":"Filip","twitter_card":"summary_large_image","twitter_misc":{"Napisane przez":"Filip","Szacowany czas czytania":"2 minuty"},"schema":{"@context":"https:\/\/schema.org","@graph":[{"@type":"Article","@id":"https:\/\/www.pogotowieflagowe.pl\/aktualne\/ue-rozwaza-opoznienie-wdrozenia-regulacji-ai\/#article","isPartOf":{"@id":"https:\/\/www.pogotowieflagowe.pl\/aktualne\/ue-rozwaza-opoznienie-wdrozenia-regulacji-ai\/"},"author":{"name":"Filip","@id":"https:\/\/www.pogotowieflagowe.pl\/aktualne\/#\/schema\/person\/9c2fb7d2362ebf6fa088960d7f0d27b0"},"headline":"UE rozwa\u017ca op\u00f3\u017anienie wdro\u017cenia regulacji AI","datePublished":"2025-06-07T19:46:50+00:00","dateModified":"2025-06-07T19:46:52+00:00","mainEntityOfPage":{"@id":"https:\/\/www.pogotowieflagowe.pl\/aktualne\/ue-rozwaza-opoznienie-wdrozenia-regulacji-ai\/"},"wordCount":318,"publisher":{"@id":"https:\/\/www.pogotowieflagowe.pl\/aktualne\/#organization"},"image":{"@id":"https:\/\/www.pogotowieflagowe.pl\/aktualne\/ue-rozwaza-opoznienie-wdrozenia-regulacji-ai\/#primaryimage"},"thumbnailUrl":"https:\/\/www.pogotowieflagowe.pl\/aktualne\/wp-content\/uploads\/2025\/06\/UE-rozwaza-opoznienie-wdrozenia-regulacji-AI.jpg","keywords":["op\u00f3\u017anienie","regulacji","rozwa\u017ca","wdro\u017cenia"],"articleSection":["Polityka"],"inLanguage":"pl-PL"},{"@type":"WebPage","@id":"https:\/\/www.pogotowieflagowe.pl\/aktualne\/ue-rozwaza-opoznienie-wdrozenia-regulacji-ai\/","url":"https:\/\/www.pogotowieflagowe.pl\/aktualne\/ue-rozwaza-opoznienie-wdrozenia-regulacji-ai\/","name":"UE rozwa\u017ca op\u00f3\u017anienie wdro\u017cenia regulacji AI - POGOTOWIE FLAGOWE\u00ae","isPartOf":{"@id":"https:\/\/www.pogotowieflagowe.pl\/aktualne\/#website"},"primaryImageOfPage":{"@id":"https:\/\/www.pogotowieflagowe.pl\/aktualne\/ue-rozwaza-opoznienie-wdrozenia-regulacji-ai\/#primaryimage"},"image":{"@id":"https:\/\/www.pogotowieflagowe.pl\/aktualne\/ue-rozwaza-opoznienie-wdrozenia-regulacji-ai\/#primaryimage"},"thumbnailUrl":"https:\/\/www.pogotowieflagowe.pl\/aktualne\/wp-content\/uploads\/2025\/06\/UE-rozwaza-opoznienie-wdrozenia-regulacji-AI.jpg","datePublished":"2025-06-07T19:46:50+00:00","dateModified":"2025-06-07T19:46:52+00:00","breadcrumb":{"@id":"https:\/\/www.pogotowieflagowe.pl\/aktualne\/ue-rozwaza-opoznienie-wdrozenia-regulacji-ai\/#breadcrumb"},"inLanguage":"pl-PL","potentialAction":[{"@type":"ReadAction","target":["https:\/\/www.pogotowieflagowe.pl\/aktualne\/ue-rozwaza-opoznienie-wdrozenia-regulacji-ai\/"]}]},{"@type":"ImageObject","inLanguage":"pl-PL","@id":"https:\/\/www.pogotowieflagowe.pl\/aktualne\/ue-rozwaza-opoznienie-wdrozenia-regulacji-ai\/#primaryimage","url":"https:\/\/www.pogotowieflagowe.pl\/aktualne\/wp-content\/uploads\/2025\/06\/UE-rozwaza-opoznienie-wdrozenia-regulacji-AI.jpg","contentUrl":"https:\/\/www.pogotowieflagowe.pl\/aktualne\/wp-content\/uploads\/2025\/06\/UE-rozwaza-opoznienie-wdrozenia-regulacji-AI.jpg","width":1200,"height":675,"caption":"UE rozwa\u017ca op\u00f3\u017anienie wdro\u017cenia regulacji AI"},{"@type":"BreadcrumbList","@id":"https:\/\/www.pogotowieflagowe.pl\/aktualne\/ue-rozwaza-opoznienie-wdrozenia-regulacji-ai\/#breadcrumb","itemListElement":[{"@type":"ListItem","position":1,"name":"Home","item":"https:\/\/www.pogotowieflagowe.pl\/aktualne\/"},{"@type":"ListItem","position":2,"name":"UE rozwa\u017ca op\u00f3\u017anienie wdro\u017cenia regulacji AI"}]},{"@type":"WebSite","@id":"https:\/\/www.pogotowieflagowe.pl\/aktualne\/#website","url":"https:\/\/www.pogotowieflagowe.pl\/aktualne\/","name":"POGOTOWIE FLAGOWE\u00ae","description":"","publisher":{"@id":"https:\/\/www.pogotowieflagowe.pl\/aktualne\/#organization"},"potentialAction":[{"@type":"SearchAction","target":{"@type":"EntryPoint","urlTemplate":"https:\/\/www.pogotowieflagowe.pl\/aktualne\/?s={search_term_string}"},"query-input":"required name=search_term_string"}],"inLanguage":"pl-PL"},{"@type":"Organization","@id":"https:\/\/www.pogotowieflagowe.pl\/aktualne\/#organization","name":"POGOTOWIE FLAGOWE\u00ae","url":"https:\/\/www.pogotowieflagowe.pl\/aktualne\/","logo":{"@type":"ImageObject","inLanguage":"pl-PL","@id":"https:\/\/www.pogotowieflagowe.pl\/aktualne\/#\/schema\/logo\/image\/","url":"https:\/\/www.pogotowieflagowe.pl\/aktualne\/wp-content\/uploads\/2024\/08\/cropped-pogotowieflagowe_flaga_projekt_sm.jpg","contentUrl":"https:\/\/www.pogotowieflagowe.pl\/aktualne\/wp-content\/uploads\/2024\/08\/cropped-pogotowieflagowe_flaga_projekt_sm.jpg","width":250,"height":143,"caption":"POGOTOWIE FLAGOWE\u00ae"},"image":{"@id":"https:\/\/www.pogotowieflagowe.pl\/aktualne\/#\/schema\/logo\/image\/"}},{"@type":"Person","@id":"https:\/\/www.pogotowieflagowe.pl\/aktualne\/#\/schema\/person\/9c2fb7d2362ebf6fa088960d7f0d27b0","name":"Filip","image":{"@type":"ImageObject","inLanguage":"pl-PL","@id":"https:\/\/www.pogotowieflagowe.pl\/aktualne\/#\/schema\/person\/image\/","url":"https:\/\/www.pogotowieflagowe.pl\/aktualne\/wp-content\/uploads\/2024\/08\/pogotowieflagowe.pl_.jpg","contentUrl":"https:\/\/www.pogotowieflagowe.pl\/aktualne\/wp-content\/uploads\/2024\/08\/pogotowieflagowe.pl_.jpg","caption":"Filip"},"description":"Jestem Filip, polski dziennikarz z dyplomem nauk politycznych Uniwersytetu Warszawskiego. Rozpoczynaj\u0105c swoj\u0105 karier\u0119 w r\u00f3\u017cnych lokalnych mediach, zdoby\u0142em solidne do\u015bwiadczenie w zakresie \u015bledztwa i redakcji. Obecnie jako redaktor w Pogotowie flagowe, staram si\u0119 dostarcza\u0107 dog\u0142\u0119bne i istotne analizy na temat najwa\u017cniejszych kwestii aktualno\u015bci, \u0142\u0105cz\u0105c rygor z pasj\u0105 dziennikarsk\u0105.","sameAs":["https:\/\/www.pogotowieflagowe.pl\/"]}]}},"_links":{"self":[{"href":"https:\/\/www.pogotowieflagowe.pl\/aktualne\/wp-json\/wp\/v2\/posts\/6140","targetHints":{"allow":["GET"]}}],"collection":[{"href":"https:\/\/www.pogotowieflagowe.pl\/aktualne\/wp-json\/wp\/v2\/posts"}],"about":[{"href":"https:\/\/www.pogotowieflagowe.pl\/aktualne\/wp-json\/wp\/v2\/types\/post"}],"author":[{"embeddable":true,"href":"https:\/\/www.pogotowieflagowe.pl\/aktualne\/wp-json\/wp\/v2\/users\/1"}],"replies":[{"embeddable":true,"href":"https:\/\/www.pogotowieflagowe.pl\/aktualne\/wp-json\/wp\/v2\/comments?post=6140"}],"version-history":[{"count":1,"href":"https:\/\/www.pogotowieflagowe.pl\/aktualne\/wp-json\/wp\/v2\/posts\/6140\/revisions"}],"predecessor-version":[{"id":6142,"href":"https:\/\/www.pogotowieflagowe.pl\/aktualne\/wp-json\/wp\/v2\/posts\/6140\/revisions\/6142"}],"wp:featuredmedia":[{"embeddable":true,"href":"https:\/\/www.pogotowieflagowe.pl\/aktualne\/wp-json\/wp\/v2\/media\/6141"}],"wp:attachment":[{"href":"https:\/\/www.pogotowieflagowe.pl\/aktualne\/wp-json\/wp\/v2\/media?parent=6140"}],"wp:term":[{"taxonomy":"category","embeddable":true,"href":"https:\/\/www.pogotowieflagowe.pl\/aktualne\/wp-json\/wp\/v2\/categories?post=6140"},{"taxonomy":"post_tag","embeddable":true,"href":"https:\/\/www.pogotowieflagowe.pl\/aktualne\/wp-json\/wp\/v2\/tags?post=6140"}],"curies":[{"name":"wp","href":"https:\/\/api.w.org\/{rel}","templated":true}]}}