{"id":6158,"date":"2025-06-08T15:46:57","date_gmt":"2025-06-08T13:46:57","guid":{"rendered":"https:\/\/www.pogotowieflagowe.pl\/aktualne\/von-der-leyen-gratuluje-nawrockiego-sygnal-dla-tuska-aby-nie-kwestionowac-wyniku\/"},"modified":"2025-06-08T15:46:59","modified_gmt":"2025-06-08T13:46:59","slug":"von-der-leyen-gratuluje-nawrockiego-sygnal-dla-tuska-aby-nie-kwestionowac-wyniku","status":"publish","type":"post","link":"https:\/\/www.pogotowieflagowe.pl\/aktualne\/von-der-leyen-gratuluje-nawrockiego-sygnal-dla-tuska-aby-nie-kwestionowac-wyniku\/","title":{"rendered":"Von der Leyen gratuluje Nawrockiego: \u201eSygna\u0142 dla Tuska, aby nie kwestionowa\u0107 wyniku\u201d"},"content":{"rendered":"\n<div class=\"td_block_wrap tdb_single_content tdi_41 td-pb-border-top td_block_template_8 td-post-content tagdiv-type\" data-td-block-uid=\"tdi_41\">\n<style>.tdi_41 {margin-top: 0px! Wa\u017cne; margines-bottom: 0px! WA\u017bNY; PALDING-TOP: 0PX! WA\u017bNY; PALDING-BOTTOM: 0PX! WA\u017bNE}<\/style>\n<style>.tdb_single_content {margin-bottom: 0;*zoom: 1} .tdb_single_content: wcze\u015bniej, .tdb_single_content: po {display: Table; content: ''; line-height: 0} .TDB-BLOCK-INner>*: nie (.WP-BLOCK-QUOTE): not (.alignSwide): not (.Alignfull.wp-block-cover.has-parallax): not (.td-a-ad) {margin-left: auto; margin-right: auto} .tdb_single_ConTent a {wska\u017anik-events: auto} .tdb_single_content .td-spot-id-top_ad .tdc-placeholder-title: przed {content: \u201eArtyku\u0142 top ad\u201d! Wa\u017cne} .tdb_single_content .td-Spot-Id-inline_ad0 .tdc-placeholder-title 1 '! Wa\u017cne} .tdb_single_content .td-Spot-Id-inline_Ad1 .tdc-Placeholder-Title: przed {content: \u201eArtyku\u0142 inline AD 2'! Wa\u017cny} .tdb_single_content. 3 '! Wa\u017cne} .tdb_single_content .td-Spot-Id-Bottom_Ad .tdc-Placeholder-Title: przed {content: \u201eArtyku\u0142 Bottom Ad\u201d! Wa\u017cne} .tdb_single_content .id_top_ad, .tdb_single_content_content .id_bottom_ad {clear: oba; margin-bottom: 21px; text-align: Center} .tdb_single_content .id_top_ad img, .tdb_single_content .id_bottom_ad img {margin-bottom: 0} .tdb_single_conTent .id_top_ad .adsbyGoogle, .tdb_single_content .id_bottom_ad .adsbyGoogle {pozycja: relatyw} .tdb_single_content .id_ad_content-horiz-left, .tdb_single_content .id_ad_content-horiz-right, .tdb_single_content .id_ad_content-horiz-Center {margin-bottom: 15px} .tdb_single_content .id_ad_content-horiz-left Img, .tdb_single_content .id_ad_content-horiz-right img, .tdb_single_content .id_ad_content-horiz-centerter img {margin-bottom: 0} .tdb_single_content .id_ad_content-horiz-center {text-align: Center} .tdb_single_content .id_ad_content-horiz-center img {margin-right: auto; margin-let: auto} .tdb_single_content .id_ad_content-horiz-left {float: left; margin-top: 9px; margin-right: 21px} .tdb_single_content .id_ad_content-horiz-right {float: margin-top: 6px; margin-left: 21px} .tdb_single_content .tdc-a-a-ad .TDC-Placeholder-Title {szeroko\u015b\u0107: 300px; height: 250px} .tdb_single_content .tdc-a-ad .TDC-Placeholder-Title: Przed {Pozycja: Absolute; TOP: 50%;-WebKit-Transform: Translatey (-50%); Transform: Translatey (-50%); margines: auto; Display: Tabela; szeroko\u015b\u0107: 100%}. tdb_single_content .TDB-BLOCK-INNER.TD-FIX-INDEX {Word-Break: Break-word} .tdi_41, .tdi_41> p, .tdi_41 .tdb-block-inner> p, .Wp-Block-Column> p {font-size: 16px! Wa\u017cne; wa\u017cny; p {font-styl: normalne! Wa\u017cne} @media (Max-Width: 767px) {. tdb_single_content .id_ad_content-horiz-left, .tdb_single_content .id_ad_content-horiz-right, .tdb_single_content .id_ad_content-horiz-centter {Margin: 0 AUTO 26PXX auto}}@media (Max-Width: 767px) {. tdb_single_content .id_ad_content-horiz-left {margin-right: 0}}@media (max-width: 767px) {. (Max-Width: 767px) {. tdb_single_content .td-a-ad {float: none; text-align: Center} .tdb_single_content .td-a-ad img {margin-right: auto; margin-left: auto} .tdb_single_content .tdc-a-a-a-{margin-right: auto; margin-left: auto} .tdb_single_content .tdd<\/style>\n<div class=\"tdb-block-inner td-fix-index\">\n<p><strong>\u201eUrsula von der Leyen by\u0142a jednym z pierwszych mi\u0119dzynarodowych przyw\u00f3dc\u00f3w, kt\u00f3rzy gratuluj\u0105 Karol Nawrocki. Moim zdaniem, s\u0142u\u017cy to jako sygna\u0142 dla Donalda Tuska, aby nawet nie rozwa\u017cy\u0107 zakwestionowania wyniku-jest to wyra\u017any przypadek. Karol Nawrocki wygra\u0142. Pozycja Stan\u00f3w Zjednoczonych jest r\u00f3wnie\u017c bardzo znacz\u0105ca\u201d, \u201d <\/strong>powiedzia\u0142 podczas programu Jan Kanthak, pose\u0142 prawa i sprawiedliwo\u015bci (PIS) <em>Polityczna Kawa<\/em> Prowadzony przez Tomasz Sakiewicz w telewizji Republika.<\/p>\n<h2 class=\"wp-block-heading\"><strong><em>Silni Razem<\/em> oraz zarzuty oszustwa wyborczego<\/strong><\/h2>\n<p>Politycy powi\u0105zani z parti\u0105 Platformy Civic Platform (PO), a tak\u017ce ko\u0142a sympatyczne, takie jak <em>Silni Razem<\/em> Ruch, promuje narracj\u0119 w mediach spo\u0142eczno\u015bciowych, zarzucaj\u0105c oszustwo wyborcze w wyborach prezydenckich wygranych przez dr Karol Nawrocki. W artykule opublikowanym w pi\u0105tek wykazano, w jaki spos\u00f3b konstruowano roszczenia o rzekome nieprawid\u0142owo\u015bci w protoko\u0142ach stacji wyborczej. Eksperci zwracaj\u0105 uwag\u0119, \u017ce niewielkie b\u0142\u0119dy protoko\u0142u wyst\u0105pi\u0142y na korzy\u015b\u0107 obu kandydat\u00f3w, a skala tych rozbie\u017cno\u015bci jest znikoma w por\u00f3wnaniu z marginesem zwyci\u0119stwa Nawrockiego nad Rafa\u0142em Trzaskowskim.<\/p>\n<p>Prowadz\u0105c te wysi\u0142ki to adwokat Roman Giertych i jego organizacja <em>Snaw <\/em>(Sie\u0107 monitorowania wybor\u00f3w), kt\u00f3rzy kr\u0105\u017c\u0105 online o zmienionych wynikach i zmniejszonej liczbie g\u0142os\u00f3w w por\u00f3wnaniu do pierwszej rundy, zawsze sugeruj\u0105c, \u017ce kwestie te nieproporcjonalnie szkodz\u0105 Rafa\u0142owi Trzaskowskiego.<\/p>\n<p>Dzia\u0142ania <em>13 grudnia koalicja <\/em>zosta\u0142y zwr\u00f3cone <em>Polityczna Kawa<\/em>. Pose\u0142 Jan Kanthak opisa\u0142 dzia\u0142ania Romana Giertycha i <em>Silni Razem Sect<\/em> jako \u201eca\u0142kowite szale\u0144stwo\u201d.<\/p>\n<figure class=\"wp-block-pullquote\">\n<blockquote>\n<p>\u201eMia\u0142em powa\u017cne obawy przed wyborami o to, czy w przypadku zwyci\u0119stwa Nawrocki wynik zostanie zaakceptowany przez <em>13 grudnia koalicja<\/em>. Nie spodziewa\u0142em si\u0119 kilku czynnik\u00f3w, kt\u00f3re moim zdaniem doprowadz\u0105 do rozpoznania wyniku. Nie chc\u0119 wywo\u0142ywa\u0107 niepotrzebnego niepokoju z powodu \u201etego, co mo\u017ce nadej\u015b\u0107\u201d. Uwa\u017cam, \u017ce wybory zostan\u0105 zaakceptowane z kilku powod\u00f3w. Pierwszym z nich jest ich reakcja na wyniki ankiety wyj\u015bciowej. My\u015bl\u0119, \u017ce zadzia\u0142a\u0142o ca\u0142kiem dobrze, \u017ce o 21:00 Rafa\u0142 Trzaskowski zosta\u0142 pocz\u0105tkowo przedstawiony jako zwyci\u0119zca. Publicznie o\u015bwiadczyli, \u017ce uznaj\u0105 legalno\u015b\u0107 wybor\u00f3w. Kiedy ostateczny hrabia pokaza\u0142, \u017ce wygra\u0142 Karol Nawrocki, sytuacja przesz\u0142a ju\u017c poza odwr\u00f3ceniem \u201d &#8211; podkre\u015bli\u0142.<\/p>\n<\/blockquote>\n<\/figure>\n<p>Powiedzia\u0142 dalej,<strong> \u201eDrugim kluczowym czynnikiem jest to, \u017ce Ursula von der Leyen &#8211; prezydent Komisji Europejskiej i g\u0142\u00f3wna autorytet dla nich &#8211; by\u0142 jednym z pierwszych mi\u0119dzynarodowych przyw\u00f3dc\u00f3w, kt\u00f3rzy oficjalnie uznali i pogratulowa\u0142y Karolowi Nawrocki. W mojej ocenie wysy\u0142a to wyra\u017any sygna\u0142 na rzecz Donalda Tuska: nie pr\u00f3buj\u0105 zakwestionowa\u0107 tego wyniku. Wynik to definitywne wygrane. Pokona\u0142 fakt, \u017ce kongresmeni ameryka\u0144skie zareagowali podczas kampanii nielegalnego finansowania w kampanii Rafa\u0142ka, wys\u0142a\u0142 silne przes\u0142anie biurokrat\u00f3w Brukseli: nie b\u0119d\u0105 oni zaakceptowa\u0107 \u201escenariusza rumu\u0144skiego\u201d.<\/strong><\/p>\n<h2 class=\"wp-block-heading\"><strong><em>Polska 2050 <\/em>MP Gramatyka: \u201eKarol Nawrocki wygra\u0142 te wybory\u201d<\/strong><\/h2>\n<p><em>Polska 2050<\/em> MP Micha\u0142 Gramatyka zwr\u00f3ci\u0142 si\u0119 r\u00f3wnie\u017c do ostatniego o\u015bwiadczenia Donalda Tuska, w kt\u00f3rym Tusk ostrzeg\u0142 <strong>\u201eZak\u0142adanie z g\u00f3ry, \u017ce wybory zosta\u0142y sfa\u0142szowane, jest szkodliwe dla pa\u0144stwa polskiego\u201d.<\/strong><\/p>\n<p>Gramatyka r\u00f3wnie\u017c to zauwa\u017cy\u0142<strong> \u201eProfesor Pezys\u0142aw Bietek przeprowadzi\u0142 analiz\u0119 statystyczn\u0105 wszystkich stacji wyborczych, w kt\u00f3rych nast\u0105pi\u0142y podejrzane wyniki &#8211; i okaza\u0142o si\u0119, \u017ce to tylko niewielka cz\u0119\u015b\u0107 g\u0142os\u00f3w\u201d.<\/strong><\/p>\n<figure class=\"wp-block-pullquote\">\n<blockquote>\n<p>\u201eKarol Nawrocki wygra\u0142 te wybory. Nie by\u0142o takiego wyboru. Nadal jest czas na z\u0142o\u017cenie skarg wyborczych, kt\u00f3re zostan\u0105 rozstrzygni\u0119te przez S\u0105d Najwy\u017cszy. Narodowa Komisja Wyborcza wykona\u0142a doskona\u0142\u0105 prac\u0119. Fakt, \u017ce oficjalne wyniki zosta\u0142y og\u0142oszone nast\u0119pnego dnia, udowadnia, \u017ce \u200b\u200bmo\u017cna to zrobi\u0107. Moim zdaniem. Moim zdaniem, moim zdaniem.<\/p>\n<\/blockquote>\n<\/figure>\n<\/div>\n<\/div>\n","protected":false},"excerpt":{"rendered":"<p>\u201eUrsula von der Leyen by\u0142a jednym z pierwszych mi\u0119dzynarodowych przyw\u00f3dc\u00f3w, kt\u00f3rzy gratuluj\u0105 Karol Nawrocki. Moim zdaniem, s\u0142u\u017cy to jako sygna\u0142<\/p>\n","protected":false},"author":1,"featured_media":6159,"comment_status":"closed","ping_status":"","sticky":false,"template":"","format":"standard","meta":{"footnotes":""},"categories":[44],"tags":[2143,4079,131,7840,7916,4080,3306,450,6986,567,4078,2060],"class_list":["post-6158","post","type-post","status-publish","format-standard","has-post-thumbnail","hentry","category-polityka","tag-aby","tag-der","tag-dla","tag-gratuluje","tag-kwestionowac","tag-leyen","tag-nawrockiego","tag-nie","tag-sygnal","tag-tuska","tag-von","tag-wyniku","generate-columns","tablet-grid-50","mobile-grid-100","grid-parent","grid-50","resize-featured-image"],"yoast_head":"<!-- This site is optimized with the Yoast SEO plugin v23.2 - https:\/\/yoast.com\/wordpress\/plugins\/seo\/ -->\n<title>Von der Leyen gratuluje Nawrockiego: \u201eSygna\u0142 dla Tuska, aby nie kwestionowa\u0107 wyniku\u201d - POGOTOWIE FLAGOWE\u00ae<\/title>\n<meta name=\"robots\" content=\"index, follow, max-snippet:-1, max-image-preview:large, max-video-preview:-1\" \/>\n<link rel=\"canonical\" href=\"https:\/\/www.pogotowieflagowe.pl\/aktualne\/von-der-leyen-gratuluje-nawrockiego-sygnal-dla-tuska-aby-nie-kwestionowac-wyniku\/\" \/>\n<meta property=\"og:locale\" content=\"pl_PL\" \/>\n<meta property=\"og:type\" content=\"article\" \/>\n<meta property=\"og:title\" content=\"Von der Leyen gratuluje Nawrockiego: \u201eSygna\u0142 dla Tuska, aby nie kwestionowa\u0107 wyniku\u201d - POGOTOWIE FLAGOWE\u00ae\" \/>\n<meta property=\"og:description\" content=\"\u201eUrsula von der Leyen by\u0142a jednym z pierwszych mi\u0119dzynarodowych przyw\u00f3dc\u00f3w, kt\u00f3rzy gratuluj\u0105 Karol Nawrocki. Moim zdaniem, s\u0142u\u017cy to jako sygna\u0142\" \/>\n<meta property=\"og:url\" content=\"https:\/\/www.pogotowieflagowe.pl\/aktualne\/von-der-leyen-gratuluje-nawrockiego-sygnal-dla-tuska-aby-nie-kwestionowac-wyniku\/\" \/>\n<meta property=\"og:site_name\" content=\"POGOTOWIE FLAGOWE\u00ae\" \/>\n<meta property=\"article:published_time\" content=\"2025-06-08T13:46:57+00:00\" \/>\n<meta property=\"article:modified_time\" content=\"2025-06-08T13:46:59+00:00\" \/>\n<meta property=\"og:image\" content=\"https:\/\/www.pogotowieflagowe.pl\/aktualne\/wp-content\/uploads\/2025\/06\/Von-der-Leyen-gratuluje-Nawrockiego-\u201eSygnal-dla-Tuska-aby-nie.jpg\" \/>\n\t<meta property=\"og:image:width\" content=\"1599\" \/>\n\t<meta property=\"og:image:height\" content=\"908\" \/>\n\t<meta property=\"og:image:type\" content=\"image\/jpeg\" \/>\n<meta name=\"author\" content=\"Filip\" \/>\n<meta name=\"twitter:card\" content=\"summary_large_image\" \/>\n<meta name=\"twitter:label1\" content=\"Napisane przez\" \/>\n\t<meta name=\"twitter:data1\" content=\"Filip\" \/>\n\t<meta name=\"twitter:label2\" content=\"Szacowany czas czytania\" \/>\n\t<meta name=\"twitter:data2\" content=\"3 minuty\" \/>\n<script type=\"application\/ld+json\" class=\"yoast-schema-graph\">{\"@context\":\"https:\/\/schema.org\",\"@graph\":[{\"@type\":\"Article\",\"@id\":\"https:\/\/www.pogotowieflagowe.pl\/aktualne\/von-der-leyen-gratuluje-nawrockiego-sygnal-dla-tuska-aby-nie-kwestionowac-wyniku\/#article\",\"isPartOf\":{\"@id\":\"https:\/\/www.pogotowieflagowe.pl\/aktualne\/von-der-leyen-gratuluje-nawrockiego-sygnal-dla-tuska-aby-nie-kwestionowac-wyniku\/\"},\"author\":{\"name\":\"Filip\",\"@id\":\"https:\/\/www.pogotowieflagowe.pl\/aktualne\/#\/schema\/person\/9c2fb7d2362ebf6fa088960d7f0d27b0\"},\"headline\":\"Von der Leyen gratuluje Nawrockiego: \u201eSygna\u0142 dla Tuska, aby nie kwestionowa\u0107 wyniku\u201d\",\"datePublished\":\"2025-06-08T13:46:57+00:00\",\"dateModified\":\"2025-06-08T13:46:59+00:00\",\"mainEntityOfPage\":{\"@id\":\"https:\/\/www.pogotowieflagowe.pl\/aktualne\/von-der-leyen-gratuluje-nawrockiego-sygnal-dla-tuska-aby-nie-kwestionowac-wyniku\/\"},\"wordCount\":617,\"publisher\":{\"@id\":\"https:\/\/www.pogotowieflagowe.pl\/aktualne\/#organization\"},\"image\":{\"@id\":\"https:\/\/www.pogotowieflagowe.pl\/aktualne\/von-der-leyen-gratuluje-nawrockiego-sygnal-dla-tuska-aby-nie-kwestionowac-wyniku\/#primaryimage\"},\"thumbnailUrl\":\"https:\/\/www.pogotowieflagowe.pl\/aktualne\/wp-content\/uploads\/2025\/06\/Von-der-Leyen-gratuluje-Nawrockiego-\u201eSygnal-dla-Tuska-aby-nie.jpg\",\"keywords\":[\"aby\",\"der\",\"dla\",\"gratuluje\",\"kwestionowa\u0107\",\"Leyen\",\"Nawrockiego\",\"Nie\",\"sygna\u0142\",\"Tuska\",\"von\",\"wyniku\"],\"articleSection\":[\"Polityka\"],\"inLanguage\":\"pl-PL\"},{\"@type\":\"WebPage\",\"@id\":\"https:\/\/www.pogotowieflagowe.pl\/aktualne\/von-der-leyen-gratuluje-nawrockiego-sygnal-dla-tuska-aby-nie-kwestionowac-wyniku\/\",\"url\":\"https:\/\/www.pogotowieflagowe.pl\/aktualne\/von-der-leyen-gratuluje-nawrockiego-sygnal-dla-tuska-aby-nie-kwestionowac-wyniku\/\",\"name\":\"Von der Leyen gratuluje Nawrockiego: \u201eSygna\u0142 dla Tuska, aby nie kwestionowa\u0107 wyniku\u201d - POGOTOWIE FLAGOWE\u00ae\",\"isPartOf\":{\"@id\":\"https:\/\/www.pogotowieflagowe.pl\/aktualne\/#website\"},\"primaryImageOfPage\":{\"@id\":\"https:\/\/www.pogotowieflagowe.pl\/aktualne\/von-der-leyen-gratuluje-nawrockiego-sygnal-dla-tuska-aby-nie-kwestionowac-wyniku\/#primaryimage\"},\"image\":{\"@id\":\"https:\/\/www.pogotowieflagowe.pl\/aktualne\/von-der-leyen-gratuluje-nawrockiego-sygnal-dla-tuska-aby-nie-kwestionowac-wyniku\/#primaryimage\"},\"thumbnailUrl\":\"https:\/\/www.pogotowieflagowe.pl\/aktualne\/wp-content\/uploads\/2025\/06\/Von-der-Leyen-gratuluje-Nawrockiego-\u201eSygnal-dla-Tuska-aby-nie.jpg\",\"datePublished\":\"2025-06-08T13:46:57+00:00\",\"dateModified\":\"2025-06-08T13:46:59+00:00\",\"breadcrumb\":{\"@id\":\"https:\/\/www.pogotowieflagowe.pl\/aktualne\/von-der-leyen-gratuluje-nawrockiego-sygnal-dla-tuska-aby-nie-kwestionowac-wyniku\/#breadcrumb\"},\"inLanguage\":\"pl-PL\",\"potentialAction\":[{\"@type\":\"ReadAction\",\"target\":[\"https:\/\/www.pogotowieflagowe.pl\/aktualne\/von-der-leyen-gratuluje-nawrockiego-sygnal-dla-tuska-aby-nie-kwestionowac-wyniku\/\"]}]},{\"@type\":\"ImageObject\",\"inLanguage\":\"pl-PL\",\"@id\":\"https:\/\/www.pogotowieflagowe.pl\/aktualne\/von-der-leyen-gratuluje-nawrockiego-sygnal-dla-tuska-aby-nie-kwestionowac-wyniku\/#primaryimage\",\"url\":\"https:\/\/www.pogotowieflagowe.pl\/aktualne\/wp-content\/uploads\/2025\/06\/Von-der-Leyen-gratuluje-Nawrockiego-\u201eSygnal-dla-Tuska-aby-nie.jpg\",\"contentUrl\":\"https:\/\/www.pogotowieflagowe.pl\/aktualne\/wp-content\/uploads\/2025\/06\/Von-der-Leyen-gratuluje-Nawrockiego-\u201eSygnal-dla-Tuska-aby-nie.jpg\",\"width\":1599,\"height\":908,\"caption\":\"Von der Leyen gratuluje Nawrockiego: \u201eSygna\u0142 dla Tuska, aby nie kwestionowa\u0107 wyniku\u201d\"},{\"@type\":\"BreadcrumbList\",\"@id\":\"https:\/\/www.pogotowieflagowe.pl\/aktualne\/von-der-leyen-gratuluje-nawrockiego-sygnal-dla-tuska-aby-nie-kwestionowac-wyniku\/#breadcrumb\",\"itemListElement\":[{\"@type\":\"ListItem\",\"position\":1,\"name\":\"Home\",\"item\":\"https:\/\/www.pogotowieflagowe.pl\/aktualne\/\"},{\"@type\":\"ListItem\",\"position\":2,\"name\":\"Von der Leyen gratuluje Nawrockiego: \u201eSygna\u0142 dla Tuska, aby nie kwestionowa\u0107 wyniku\u201d\"}]},{\"@type\":\"WebSite\",\"@id\":\"https:\/\/www.pogotowieflagowe.pl\/aktualne\/#website\",\"url\":\"https:\/\/www.pogotowieflagowe.pl\/aktualne\/\",\"name\":\"POGOTOWIE FLAGOWE\u00ae\",\"description\":\"\",\"publisher\":{\"@id\":\"https:\/\/www.pogotowieflagowe.pl\/aktualne\/#organization\"},\"potentialAction\":[{\"@type\":\"SearchAction\",\"target\":{\"@type\":\"EntryPoint\",\"urlTemplate\":\"https:\/\/www.pogotowieflagowe.pl\/aktualne\/?s={search_term_string}\"},\"query-input\":\"required name=search_term_string\"}],\"inLanguage\":\"pl-PL\"},{\"@type\":\"Organization\",\"@id\":\"https:\/\/www.pogotowieflagowe.pl\/aktualne\/#organization\",\"name\":\"POGOTOWIE FLAGOWE\u00ae\",\"url\":\"https:\/\/www.pogotowieflagowe.pl\/aktualne\/\",\"logo\":{\"@type\":\"ImageObject\",\"inLanguage\":\"pl-PL\",\"@id\":\"https:\/\/www.pogotowieflagowe.pl\/aktualne\/#\/schema\/logo\/image\/\",\"url\":\"https:\/\/www.pogotowieflagowe.pl\/aktualne\/wp-content\/uploads\/2024\/08\/cropped-pogotowieflagowe_flaga_projekt_sm.jpg\",\"contentUrl\":\"https:\/\/www.pogotowieflagowe.pl\/aktualne\/wp-content\/uploads\/2024\/08\/cropped-pogotowieflagowe_flaga_projekt_sm.jpg\",\"width\":250,\"height\":143,\"caption\":\"POGOTOWIE FLAGOWE\u00ae\"},\"image\":{\"@id\":\"https:\/\/www.pogotowieflagowe.pl\/aktualne\/#\/schema\/logo\/image\/\"}},{\"@type\":\"Person\",\"@id\":\"https:\/\/www.pogotowieflagowe.pl\/aktualne\/#\/schema\/person\/9c2fb7d2362ebf6fa088960d7f0d27b0\",\"name\":\"Filip\",\"image\":{\"@type\":\"ImageObject\",\"inLanguage\":\"pl-PL\",\"@id\":\"https:\/\/www.pogotowieflagowe.pl\/aktualne\/#\/schema\/person\/image\/\",\"url\":\"https:\/\/www.pogotowieflagowe.pl\/aktualne\/wp-content\/uploads\/2024\/08\/pogotowieflagowe.pl_.jpg\",\"contentUrl\":\"https:\/\/www.pogotowieflagowe.pl\/aktualne\/wp-content\/uploads\/2024\/08\/pogotowieflagowe.pl_.jpg\",\"caption\":\"Filip\"},\"description\":\"Jestem Filip, polski dziennikarz z dyplomem nauk politycznych Uniwersytetu Warszawskiego. Rozpoczynaj\u0105c swoj\u0105 karier\u0119 w r\u00f3\u017cnych lokalnych mediach, zdoby\u0142em solidne do\u015bwiadczenie w zakresie \u015bledztwa i redakcji. Obecnie jako redaktor w Pogotowie flagowe, staram si\u0119 dostarcza\u0107 dog\u0142\u0119bne i istotne analizy na temat najwa\u017cniejszych kwestii aktualno\u015bci, \u0142\u0105cz\u0105c rygor z pasj\u0105 dziennikarsk\u0105.\",\"sameAs\":[\"https:\/\/www.pogotowieflagowe.pl\/\"]}]}<\/script>\n<!-- \/ Yoast SEO plugin. -->","yoast_head_json":{"title":"Von der Leyen gratuluje Nawrockiego: \u201eSygna\u0142 dla Tuska, aby nie kwestionowa\u0107 wyniku\u201d - POGOTOWIE FLAGOWE\u00ae","robots":{"index":"index","follow":"follow","max-snippet":"max-snippet:-1","max-image-preview":"max-image-preview:large","max-video-preview":"max-video-preview:-1"},"canonical":"https:\/\/www.pogotowieflagowe.pl\/aktualne\/von-der-leyen-gratuluje-nawrockiego-sygnal-dla-tuska-aby-nie-kwestionowac-wyniku\/","og_locale":"pl_PL","og_type":"article","og_title":"Von der Leyen gratuluje Nawrockiego: \u201eSygna\u0142 dla Tuska, aby nie kwestionowa\u0107 wyniku\u201d - POGOTOWIE FLAGOWE\u00ae","og_description":"\u201eUrsula von der Leyen by\u0142a jednym z pierwszych mi\u0119dzynarodowych przyw\u00f3dc\u00f3w, kt\u00f3rzy gratuluj\u0105 Karol Nawrocki. Moim zdaniem, s\u0142u\u017cy to jako sygna\u0142","og_url":"https:\/\/www.pogotowieflagowe.pl\/aktualne\/von-der-leyen-gratuluje-nawrockiego-sygnal-dla-tuska-aby-nie-kwestionowac-wyniku\/","og_site_name":"POGOTOWIE FLAGOWE\u00ae","article_published_time":"2025-06-08T13:46:57+00:00","article_modified_time":"2025-06-08T13:46:59+00:00","og_image":[{"width":1599,"height":908,"url":"https:\/\/www.pogotowieflagowe.pl\/aktualne\/wp-content\/uploads\/2025\/06\/Von-der-Leyen-gratuluje-Nawrockiego-\u201eSygnal-dla-Tuska-aby-nie.jpg","type":"image\/jpeg"}],"author":"Filip","twitter_card":"summary_large_image","twitter_misc":{"Napisane przez":"Filip","Szacowany czas czytania":"3 minuty"},"schema":{"@context":"https:\/\/schema.org","@graph":[{"@type":"Article","@id":"https:\/\/www.pogotowieflagowe.pl\/aktualne\/von-der-leyen-gratuluje-nawrockiego-sygnal-dla-tuska-aby-nie-kwestionowac-wyniku\/#article","isPartOf":{"@id":"https:\/\/www.pogotowieflagowe.pl\/aktualne\/von-der-leyen-gratuluje-nawrockiego-sygnal-dla-tuska-aby-nie-kwestionowac-wyniku\/"},"author":{"name":"Filip","@id":"https:\/\/www.pogotowieflagowe.pl\/aktualne\/#\/schema\/person\/9c2fb7d2362ebf6fa088960d7f0d27b0"},"headline":"Von der Leyen gratuluje Nawrockiego: \u201eSygna\u0142 dla Tuska, aby nie kwestionowa\u0107 wyniku\u201d","datePublished":"2025-06-08T13:46:57+00:00","dateModified":"2025-06-08T13:46:59+00:00","mainEntityOfPage":{"@id":"https:\/\/www.pogotowieflagowe.pl\/aktualne\/von-der-leyen-gratuluje-nawrockiego-sygnal-dla-tuska-aby-nie-kwestionowac-wyniku\/"},"wordCount":617,"publisher":{"@id":"https:\/\/www.pogotowieflagowe.pl\/aktualne\/#organization"},"image":{"@id":"https:\/\/www.pogotowieflagowe.pl\/aktualne\/von-der-leyen-gratuluje-nawrockiego-sygnal-dla-tuska-aby-nie-kwestionowac-wyniku\/#primaryimage"},"thumbnailUrl":"https:\/\/www.pogotowieflagowe.pl\/aktualne\/wp-content\/uploads\/2025\/06\/Von-der-Leyen-gratuluje-Nawrockiego-\u201eSygnal-dla-Tuska-aby-nie.jpg","keywords":["aby","der","dla","gratuluje","kwestionowa\u0107","Leyen","Nawrockiego","Nie","sygna\u0142","Tuska","von","wyniku"],"articleSection":["Polityka"],"inLanguage":"pl-PL"},{"@type":"WebPage","@id":"https:\/\/www.pogotowieflagowe.pl\/aktualne\/von-der-leyen-gratuluje-nawrockiego-sygnal-dla-tuska-aby-nie-kwestionowac-wyniku\/","url":"https:\/\/www.pogotowieflagowe.pl\/aktualne\/von-der-leyen-gratuluje-nawrockiego-sygnal-dla-tuska-aby-nie-kwestionowac-wyniku\/","name":"Von der Leyen gratuluje Nawrockiego: \u201eSygna\u0142 dla Tuska, aby nie kwestionowa\u0107 wyniku\u201d - POGOTOWIE FLAGOWE\u00ae","isPartOf":{"@id":"https:\/\/www.pogotowieflagowe.pl\/aktualne\/#website"},"primaryImageOfPage":{"@id":"https:\/\/www.pogotowieflagowe.pl\/aktualne\/von-der-leyen-gratuluje-nawrockiego-sygnal-dla-tuska-aby-nie-kwestionowac-wyniku\/#primaryimage"},"image":{"@id":"https:\/\/www.pogotowieflagowe.pl\/aktualne\/von-der-leyen-gratuluje-nawrockiego-sygnal-dla-tuska-aby-nie-kwestionowac-wyniku\/#primaryimage"},"thumbnailUrl":"https:\/\/www.pogotowieflagowe.pl\/aktualne\/wp-content\/uploads\/2025\/06\/Von-der-Leyen-gratuluje-Nawrockiego-\u201eSygnal-dla-Tuska-aby-nie.jpg","datePublished":"2025-06-08T13:46:57+00:00","dateModified":"2025-06-08T13:46:59+00:00","breadcrumb":{"@id":"https:\/\/www.pogotowieflagowe.pl\/aktualne\/von-der-leyen-gratuluje-nawrockiego-sygnal-dla-tuska-aby-nie-kwestionowac-wyniku\/#breadcrumb"},"inLanguage":"pl-PL","potentialAction":[{"@type":"ReadAction","target":["https:\/\/www.pogotowieflagowe.pl\/aktualne\/von-der-leyen-gratuluje-nawrockiego-sygnal-dla-tuska-aby-nie-kwestionowac-wyniku\/"]}]},{"@type":"ImageObject","inLanguage":"pl-PL","@id":"https:\/\/www.pogotowieflagowe.pl\/aktualne\/von-der-leyen-gratuluje-nawrockiego-sygnal-dla-tuska-aby-nie-kwestionowac-wyniku\/#primaryimage","url":"https:\/\/www.pogotowieflagowe.pl\/aktualne\/wp-content\/uploads\/2025\/06\/Von-der-Leyen-gratuluje-Nawrockiego-\u201eSygnal-dla-Tuska-aby-nie.jpg","contentUrl":"https:\/\/www.pogotowieflagowe.pl\/aktualne\/wp-content\/uploads\/2025\/06\/Von-der-Leyen-gratuluje-Nawrockiego-\u201eSygnal-dla-Tuska-aby-nie.jpg","width":1599,"height":908,"caption":"Von der Leyen gratuluje Nawrockiego: \u201eSygna\u0142 dla Tuska, aby nie kwestionowa\u0107 wyniku\u201d"},{"@type":"BreadcrumbList","@id":"https:\/\/www.pogotowieflagowe.pl\/aktualne\/von-der-leyen-gratuluje-nawrockiego-sygnal-dla-tuska-aby-nie-kwestionowac-wyniku\/#breadcrumb","itemListElement":[{"@type":"ListItem","position":1,"name":"Home","item":"https:\/\/www.pogotowieflagowe.pl\/aktualne\/"},{"@type":"ListItem","position":2,"name":"Von der Leyen gratuluje Nawrockiego: \u201eSygna\u0142 dla Tuska, aby nie kwestionowa\u0107 wyniku\u201d"}]},{"@type":"WebSite","@id":"https:\/\/www.pogotowieflagowe.pl\/aktualne\/#website","url":"https:\/\/www.pogotowieflagowe.pl\/aktualne\/","name":"POGOTOWIE FLAGOWE\u00ae","description":"","publisher":{"@id":"https:\/\/www.pogotowieflagowe.pl\/aktualne\/#organization"},"potentialAction":[{"@type":"SearchAction","target":{"@type":"EntryPoint","urlTemplate":"https:\/\/www.pogotowieflagowe.pl\/aktualne\/?s={search_term_string}"},"query-input":"required name=search_term_string"}],"inLanguage":"pl-PL"},{"@type":"Organization","@id":"https:\/\/www.pogotowieflagowe.pl\/aktualne\/#organization","name":"POGOTOWIE FLAGOWE\u00ae","url":"https:\/\/www.pogotowieflagowe.pl\/aktualne\/","logo":{"@type":"ImageObject","inLanguage":"pl-PL","@id":"https:\/\/www.pogotowieflagowe.pl\/aktualne\/#\/schema\/logo\/image\/","url":"https:\/\/www.pogotowieflagowe.pl\/aktualne\/wp-content\/uploads\/2024\/08\/cropped-pogotowieflagowe_flaga_projekt_sm.jpg","contentUrl":"https:\/\/www.pogotowieflagowe.pl\/aktualne\/wp-content\/uploads\/2024\/08\/cropped-pogotowieflagowe_flaga_projekt_sm.jpg","width":250,"height":143,"caption":"POGOTOWIE FLAGOWE\u00ae"},"image":{"@id":"https:\/\/www.pogotowieflagowe.pl\/aktualne\/#\/schema\/logo\/image\/"}},{"@type":"Person","@id":"https:\/\/www.pogotowieflagowe.pl\/aktualne\/#\/schema\/person\/9c2fb7d2362ebf6fa088960d7f0d27b0","name":"Filip","image":{"@type":"ImageObject","inLanguage":"pl-PL","@id":"https:\/\/www.pogotowieflagowe.pl\/aktualne\/#\/schema\/person\/image\/","url":"https:\/\/www.pogotowieflagowe.pl\/aktualne\/wp-content\/uploads\/2024\/08\/pogotowieflagowe.pl_.jpg","contentUrl":"https:\/\/www.pogotowieflagowe.pl\/aktualne\/wp-content\/uploads\/2024\/08\/pogotowieflagowe.pl_.jpg","caption":"Filip"},"description":"Jestem Filip, polski dziennikarz z dyplomem nauk politycznych Uniwersytetu Warszawskiego. Rozpoczynaj\u0105c swoj\u0105 karier\u0119 w r\u00f3\u017cnych lokalnych mediach, zdoby\u0142em solidne do\u015bwiadczenie w zakresie \u015bledztwa i redakcji. Obecnie jako redaktor w Pogotowie flagowe, staram si\u0119 dostarcza\u0107 dog\u0142\u0119bne i istotne analizy na temat najwa\u017cniejszych kwestii aktualno\u015bci, \u0142\u0105cz\u0105c rygor z pasj\u0105 dziennikarsk\u0105.","sameAs":["https:\/\/www.pogotowieflagowe.pl\/"]}]}},"_links":{"self":[{"href":"https:\/\/www.pogotowieflagowe.pl\/aktualne\/wp-json\/wp\/v2\/posts\/6158","targetHints":{"allow":["GET"]}}],"collection":[{"href":"https:\/\/www.pogotowieflagowe.pl\/aktualne\/wp-json\/wp\/v2\/posts"}],"about":[{"href":"https:\/\/www.pogotowieflagowe.pl\/aktualne\/wp-json\/wp\/v2\/types\/post"}],"author":[{"embeddable":true,"href":"https:\/\/www.pogotowieflagowe.pl\/aktualne\/wp-json\/wp\/v2\/users\/1"}],"replies":[{"embeddable":true,"href":"https:\/\/www.pogotowieflagowe.pl\/aktualne\/wp-json\/wp\/v2\/comments?post=6158"}],"version-history":[{"count":1,"href":"https:\/\/www.pogotowieflagowe.pl\/aktualne\/wp-json\/wp\/v2\/posts\/6158\/revisions"}],"predecessor-version":[{"id":6160,"href":"https:\/\/www.pogotowieflagowe.pl\/aktualne\/wp-json\/wp\/v2\/posts\/6158\/revisions\/6160"}],"wp:featuredmedia":[{"embeddable":true,"href":"https:\/\/www.pogotowieflagowe.pl\/aktualne\/wp-json\/wp\/v2\/media\/6159"}],"wp:attachment":[{"href":"https:\/\/www.pogotowieflagowe.pl\/aktualne\/wp-json\/wp\/v2\/media?parent=6158"}],"wp:term":[{"taxonomy":"category","embeddable":true,"href":"https:\/\/www.pogotowieflagowe.pl\/aktualne\/wp-json\/wp\/v2\/categories?post=6158"},{"taxonomy":"post_tag","embeddable":true,"href":"https:\/\/www.pogotowieflagowe.pl\/aktualne\/wp-json\/wp\/v2\/tags?post=6158"}],"curies":[{"name":"wp","href":"https:\/\/api.w.org\/{rel}","templated":true}]}}