{"id":6222,"date":"2025-06-12T22:47:34","date_gmt":"2025-06-12T20:47:34","guid":{"rendered":"https:\/\/www.pogotowieflagowe.pl\/aktualne\/nie-mozemy-pozwolic-na-wyeliminowanie-wolnych-mediow-protest-w-obronie-strefy-wolnosci-slowa\/"},"modified":"2025-06-12T22:47:35","modified_gmt":"2025-06-12T20:47:35","slug":"nie-mozemy-pozwolic-na-wyeliminowanie-wolnych-mediow-protest-w-obronie-strefy-wolnosci-slowa","status":"publish","type":"post","link":"https:\/\/www.pogotowieflagowe.pl\/aktualne\/nie-mozemy-pozwolic-na-wyeliminowanie-wolnych-mediow-protest-w-obronie-strefy-wolnosci-slowa\/","title":{"rendered":"\u201eNie mo\u017cemy pozwoli\u0107 na wyeliminowanie wolnych medi\u00f3w\u201d &#8211; protest w obronie strefy wolno\u015bci s\u0142owa"},"content":{"rendered":"\n<div class=\"td_block_wrap tdb_single_content tdi_41 td-pb-border-top td_block_template_8 td-post-content tagdiv-type\" data-td-block-uid=\"tdi_41\">\n<style>.tdi_41 {margin-top: 0px! Wa\u017cne; margines-bottom: 0px! WA\u017bNY; PALDING-TOP: 0PX! WA\u017bNY; PALDING-BOTTOM: 0PX! WA\u017bNE}<\/style>\n<style>.tdb_single_content {margin-bottom: 0;*zoom: 1} .tdb_single_content: wcze\u015bniej, .tdb_single_content: po {display: Table; content: ''; line-height: 0} .TDB-BLOCK-INner>*: nie (.WP-BLOCK-QUOTE): not (.alignSwide): not (.Alignfull.wp-block-cover.has-parallax): not (.td-a-ad) {margin-left: auto; margin-right: auto} .tdb_single_ConTent a {wska\u017anik-events: auto} .tdb_single_content .td-spot-id-top_ad .tdc-placeholder-title: przed {content: \u201eArtyku\u0142 top ad\u201d! Wa\u017cne} .tdb_single_content .td-Spot-Id-inline_ad0 .tdc-placeholder-title 1 '! Wa\u017cne} .tdb_single_content .td-Spot-Id-inline_Ad1 .tdc-Placeholder-Title: przed {content: \u201eArtyku\u0142 inline AD 2'! Wa\u017cny} .tdb_single_content. 3 '! Wa\u017cne} .tdb_single_content .td-Spot-Id-Bottom_Ad .tdc-Placeholder-Title: przed {content: \u201eArtyku\u0142 Bottom Ad\u201d! Wa\u017cne} .tdb_single_content .id_top_ad, .tdb_single_content_content .id_bottom_ad {clear: oba; margin-bottom: 21px; text-align: Center} .tdb_single_content .id_top_ad img, .tdb_single_content .id_bottom_ad img {margin-bottom: 0} .tdb_single_conTent .id_top_ad .adsbyGoogle, .tdb_single_content .id_bottom_ad .adsbyGoogle {pozycja: relatyw} .tdb_single_content .id_ad_content-horiz-left, .tdb_single_content .id_ad_content-horiz-right, .tdb_single_content .id_ad_content-horiz-Center {margin-bottom: 15px} .tdb_single_content .id_ad_content-horiz-left Img, .tdb_single_content .id_ad_content-horiz-right img, .tdb_single_content .id_ad_content-horiz-centerter img {margin-bottom: 0} .tdb_single_content .id_ad_content-horiz-center {text-align: Center} .tdb_single_content .id_ad_content-horiz-center img {margin-right: auto; margin-let: auto} .tdb_single_content .id_ad_content-horiz-left {float: left; margin-top: 9px; margin-right: 21px} .tdb_single_content .id_ad_content-horiz-right {float: margin-top: 6px; margin-left: 21px} .tdb_single_content .tdc-a-a-ad .TDC-Placeholder-Title {szeroko\u015b\u0107: 300px; height: 250px} .tdb_single_content .tdc-a-ad .TDC-Placeholder-Title: Przed {Pozycja: Absolute; TOP: 50%;-WebKit-Transform: Translatey (-50%); Transform: Translatey (-50%); margines: auto; Display: Tabela; szeroko\u015b\u0107: 100%}. tdb_single_content .TDB-BLOCK-INNER.TD-FIX-INDEX {Word-Break: Break-word} .tdi_41, .tdi_41> p, .tdi_41 .tdb-block-inner> p, .Wp-Block-Column> p {font-size: 16px! Wa\u017cne; wa\u017cny; p {font-styl: normalne! Wa\u017cne} @media (Max-Width: 767px) {. tdb_single_content .id_ad_content-horiz-left, .tdb_single_content .id_ad_content-horiz-right, .tdb_single_content .id_ad_content-horiz-centter {Margin: 0 AUTO 26PXX auto}}@media (Max-Width: 767px) {. tdb_single_content .id_ad_content-horiz-left {margin-right: 0}}@media (max-width: 767px) {. (Max-Width: 767px) {. tdb_single_content .td-a-ad {float: none; text-align: Center} .tdb_single_content .td-a-ad img {margin-right: auto; margin-left: auto} .tdb_single_content .tdc-a-a-a-{margin-right: auto; margin-left: auto} .tdb_single_content .tdd<\/style>\n<div class=\"tdb-block-inner td-fix-index\">\n<p>Demonstracja broni\u0105ca medi\u00f3w zwi\u0105zanych ze stref\u0105 wolno\u015bci s\u0142owa (SWS Media &#8211; Ed.) Odby\u0142a si\u0119 w czwartek w Krakowie. Uczestnicy wyrazili oburzenie ostatnimi dzia\u0142aniami w\u0142adz. \u201eNie mo\u017cemy pozwoli\u0107 na wyeliminowanie bezp\u0142atnych medi\u00f3w\u201d, o\u015bwiadczy\u0142 Ryszard Majdzik, wsp\u00f3\u0142organizator wydarzenia i dawna posta\u0107 opozycyjna z epoki komunistycznej.<\/p>\n<p>30 maja dow\u00f3dztwo policji okr\u0119gowej Warszaw IV poprosi\u0142a wydawc\u0119 Gazeta Polsky (niezale\u017cny polski dom wydawniczy) dostarczy\u0142 dokumentacj\u0119 opisuj\u0105c\u0105 dystrybucj\u0119 wydatk\u00f3w z funduszy uzyskanych przez Fundacj\u0119 Niezale\u017cnej Media, z terminem trzech dni. \u201eNasi prawnicy wskazali, \u017ce dzia\u0142ania te s\u0105 niezgodne z prawem\u201d, powiedzia\u0142 Piotr Nisztor podczas transmisji telewizyjnej Republika.<\/p>\n<p>Czwartkowy protest w Krakowie zosta\u0142 zorganizowany w obronie strefy wolno\u015bci s\u0142owa i jej g\u0142owy, Tomasz Sakiewicz. Reporter Dawid Helsner, obecny na demonstracji, zg\u0142osi\u0142 na \u017cywo dla telewizyjnej Republiki, opisuj\u0105c atmosfer\u0119 zdominowan\u0105 przez gniew i oburzenie w\u015br\u00f3d uczestnik\u00f3w zebranych w Place Jana Matejki.<\/p>\n<p>\u201ePlac Jana Matejki w Krakowie to strona zwi\u0105zana nie tylko z histori\u0105 miasta, ale tak\u017ce z wolno\u015bci\u0105 s\u0142owa, zw\u0142aszcza teraz, jak Donald Tusk i jego rz\u0105d ataku niezale\u017cnych medi\u00f3w, Republika i Niezale\u017cne dziennikarstwo. Ta lokalizacja cz\u0119sto organizuje wiece, demonstracje i dzia\u0142ania broni\u0105ce si\u0119, przede wszystkim, republika telewizyjna\u201d &#8211; zauwa\u017cy\u0142 Helsner.<\/p>\n<p>By\u0142y dzia\u0142acz opozycji z czas\u00f3w komunistycznych, Ryszard Majdzik, kt\u00f3ry wsp\u00f3\u0142organizowa\u0142 protest, pot\u0119pi\u0142 \u017c\u0105dania policji jako niezgodne z prawem.<\/p>\n<p>\u201ePrzekraczaj\u0105 granice bez zaanga\u017cowania prokuratora\u2026 co to jest? To stan bezprawny i nie mo\u017cemy na to pozwoli\u0107. Nie mo\u017cemy pozwoli\u0107 na eliminacj\u0119 wolnych medi\u00f3w, zw\u0142aszcza Republika. Dzisiejszy protest ilustruje nasz\u0105 determinacj\u0119 do obrony naszych medi\u00f3w i dziennikarzy strefy wolno\u015bci s\u0142owa\u201d &#8211; podkre\u015bli\u0142 Majdzik.<\/p>\n<\/div>\n<\/div>\n","protected":false},"excerpt":{"rendered":"<p>Demonstracja broni\u0105ca medi\u00f3w zwi\u0105zanych ze stref\u0105 wolno\u015bci s\u0142owa (SWS Media &#8211; Ed.) Odby\u0142a si\u0119 w czwartek w Krakowie. Uczestnicy wyrazili<\/p>\n","protected":false},"author":1,"featured_media":6223,"comment_status":"closed","ping_status":"","sticky":false,"template":"","format":"standard","meta":{"footnotes":""},"categories":[4748],"tags":[1368,6281,450,4345,6736,1429,1208,1296,660,7978,7977],"class_list":["post-6222","post","type-post","status-publish","format-standard","has-post-thumbnail","hentry","category-aktualne","tag-mediow","tag-mozemy","tag-nie","tag-obronie","tag-pozwolic","tag-protest","tag-slowa","tag-strefy","tag-wolnosci","tag-wolnych","tag-wyeliminowanie","generate-columns","tablet-grid-50","mobile-grid-100","grid-parent","grid-50","resize-featured-image"],"yoast_head":"<!-- This site is optimized with the Yoast SEO plugin v23.2 - https:\/\/yoast.com\/wordpress\/plugins\/seo\/ -->\n<title>\u201eNie mo\u017cemy pozwoli\u0107 na wyeliminowanie wolnych medi\u00f3w\u201d - protest w obronie strefy wolno\u015bci s\u0142owa - POGOTOWIE FLAGOWE\u00ae<\/title>\n<meta name=\"robots\" content=\"index, follow, max-snippet:-1, max-image-preview:large, max-video-preview:-1\" \/>\n<link rel=\"canonical\" href=\"https:\/\/www.pogotowieflagowe.pl\/aktualne\/nie-mozemy-pozwolic-na-wyeliminowanie-wolnych-mediow-protest-w-obronie-strefy-wolnosci-slowa\/\" \/>\n<meta property=\"og:locale\" content=\"pl_PL\" \/>\n<meta property=\"og:type\" content=\"article\" \/>\n<meta property=\"og:title\" content=\"\u201eNie mo\u017cemy pozwoli\u0107 na wyeliminowanie wolnych medi\u00f3w\u201d - protest w obronie strefy wolno\u015bci s\u0142owa - POGOTOWIE FLAGOWE\u00ae\" \/>\n<meta property=\"og:description\" content=\"Demonstracja broni\u0105ca medi\u00f3w zwi\u0105zanych ze stref\u0105 wolno\u015bci s\u0142owa (SWS Media &#8211; Ed.) Odby\u0142a si\u0119 w czwartek w Krakowie. Uczestnicy wyrazili\" \/>\n<meta property=\"og:url\" content=\"https:\/\/www.pogotowieflagowe.pl\/aktualne\/nie-mozemy-pozwolic-na-wyeliminowanie-wolnych-mediow-protest-w-obronie-strefy-wolnosci-slowa\/\" \/>\n<meta property=\"og:site_name\" content=\"POGOTOWIE FLAGOWE\u00ae\" \/>\n<meta property=\"article:published_time\" content=\"2025-06-12T20:47:34+00:00\" \/>\n<meta property=\"article:modified_time\" content=\"2025-06-12T20:47:35+00:00\" \/>\n<meta property=\"og:image\" content=\"https:\/\/www.pogotowieflagowe.pl\/aktualne\/wp-content\/uploads\/2025\/06\/\u201eNie-mozemy-pozwolic-na-wyeliminowanie-wolnych-mediow-protest-w.webp.webp\" \/>\n\t<meta property=\"og:image:width\" content=\"1280\" \/>\n\t<meta property=\"og:image:height\" content=\"719\" \/>\n\t<meta property=\"og:image:type\" content=\"image\/webp\" \/>\n<meta name=\"author\" content=\"Filip\" \/>\n<meta name=\"twitter:card\" content=\"summary_large_image\" \/>\n<meta name=\"twitter:label1\" content=\"Napisane przez\" \/>\n\t<meta name=\"twitter:data1\" content=\"Filip\" \/>\n\t<meta name=\"twitter:label2\" content=\"Szacowany czas czytania\" \/>\n\t<meta name=\"twitter:data2\" content=\"2 minuty\" \/>\n<script type=\"application\/ld+json\" class=\"yoast-schema-graph\">{\"@context\":\"https:\/\/schema.org\",\"@graph\":[{\"@type\":\"Article\",\"@id\":\"https:\/\/www.pogotowieflagowe.pl\/aktualne\/nie-mozemy-pozwolic-na-wyeliminowanie-wolnych-mediow-protest-w-obronie-strefy-wolnosci-slowa\/#article\",\"isPartOf\":{\"@id\":\"https:\/\/www.pogotowieflagowe.pl\/aktualne\/nie-mozemy-pozwolic-na-wyeliminowanie-wolnych-mediow-protest-w-obronie-strefy-wolnosci-slowa\/\"},\"author\":{\"name\":\"Filip\",\"@id\":\"https:\/\/www.pogotowieflagowe.pl\/aktualne\/#\/schema\/person\/9c2fb7d2362ebf6fa088960d7f0d27b0\"},\"headline\":\"\u201eNie mo\u017cemy pozwoli\u0107 na wyeliminowanie wolnych medi\u00f3w\u201d &#8211; protest w obronie strefy wolno\u015bci s\u0142owa\",\"datePublished\":\"2025-06-12T20:47:34+00:00\",\"dateModified\":\"2025-06-12T20:47:35+00:00\",\"mainEntityOfPage\":{\"@id\":\"https:\/\/www.pogotowieflagowe.pl\/aktualne\/nie-mozemy-pozwolic-na-wyeliminowanie-wolnych-mediow-protest-w-obronie-strefy-wolnosci-slowa\/\"},\"wordCount\":318,\"publisher\":{\"@id\":\"https:\/\/www.pogotowieflagowe.pl\/aktualne\/#organization\"},\"image\":{\"@id\":\"https:\/\/www.pogotowieflagowe.pl\/aktualne\/nie-mozemy-pozwolic-na-wyeliminowanie-wolnych-mediow-protest-w-obronie-strefy-wolnosci-slowa\/#primaryimage\"},\"thumbnailUrl\":\"https:\/\/www.pogotowieflagowe.pl\/aktualne\/wp-content\/uploads\/2025\/06\/\u201eNie-mozemy-pozwolic-na-wyeliminowanie-wolnych-mediow-protest-w.webp.webp\",\"keywords\":[\"Medi\u00f3w\",\"Mo\u017cemy\",\"Nie\",\"obronie\",\"pozwoli\u0107\",\"Protest\",\"s\u0142owa\",\"Strefy\",\"wolno\u015bci\",\"wolnych\",\"wyeliminowanie\"],\"articleSection\":[\"Aktualne\"],\"inLanguage\":\"pl-PL\"},{\"@type\":\"WebPage\",\"@id\":\"https:\/\/www.pogotowieflagowe.pl\/aktualne\/nie-mozemy-pozwolic-na-wyeliminowanie-wolnych-mediow-protest-w-obronie-strefy-wolnosci-slowa\/\",\"url\":\"https:\/\/www.pogotowieflagowe.pl\/aktualne\/nie-mozemy-pozwolic-na-wyeliminowanie-wolnych-mediow-protest-w-obronie-strefy-wolnosci-slowa\/\",\"name\":\"\u201eNie mo\u017cemy pozwoli\u0107 na wyeliminowanie wolnych medi\u00f3w\u201d - protest w obronie strefy wolno\u015bci s\u0142owa - POGOTOWIE FLAGOWE\u00ae\",\"isPartOf\":{\"@id\":\"https:\/\/www.pogotowieflagowe.pl\/aktualne\/#website\"},\"primaryImageOfPage\":{\"@id\":\"https:\/\/www.pogotowieflagowe.pl\/aktualne\/nie-mozemy-pozwolic-na-wyeliminowanie-wolnych-mediow-protest-w-obronie-strefy-wolnosci-slowa\/#primaryimage\"},\"image\":{\"@id\":\"https:\/\/www.pogotowieflagowe.pl\/aktualne\/nie-mozemy-pozwolic-na-wyeliminowanie-wolnych-mediow-protest-w-obronie-strefy-wolnosci-slowa\/#primaryimage\"},\"thumbnailUrl\":\"https:\/\/www.pogotowieflagowe.pl\/aktualne\/wp-content\/uploads\/2025\/06\/\u201eNie-mozemy-pozwolic-na-wyeliminowanie-wolnych-mediow-protest-w.webp.webp\",\"datePublished\":\"2025-06-12T20:47:34+00:00\",\"dateModified\":\"2025-06-12T20:47:35+00:00\",\"breadcrumb\":{\"@id\":\"https:\/\/www.pogotowieflagowe.pl\/aktualne\/nie-mozemy-pozwolic-na-wyeliminowanie-wolnych-mediow-protest-w-obronie-strefy-wolnosci-slowa\/#breadcrumb\"},\"inLanguage\":\"pl-PL\",\"potentialAction\":[{\"@type\":\"ReadAction\",\"target\":[\"https:\/\/www.pogotowieflagowe.pl\/aktualne\/nie-mozemy-pozwolic-na-wyeliminowanie-wolnych-mediow-protest-w-obronie-strefy-wolnosci-slowa\/\"]}]},{\"@type\":\"ImageObject\",\"inLanguage\":\"pl-PL\",\"@id\":\"https:\/\/www.pogotowieflagowe.pl\/aktualne\/nie-mozemy-pozwolic-na-wyeliminowanie-wolnych-mediow-protest-w-obronie-strefy-wolnosci-slowa\/#primaryimage\",\"url\":\"https:\/\/www.pogotowieflagowe.pl\/aktualne\/wp-content\/uploads\/2025\/06\/\u201eNie-mozemy-pozwolic-na-wyeliminowanie-wolnych-mediow-protest-w.webp.webp\",\"contentUrl\":\"https:\/\/www.pogotowieflagowe.pl\/aktualne\/wp-content\/uploads\/2025\/06\/\u201eNie-mozemy-pozwolic-na-wyeliminowanie-wolnych-mediow-protest-w.webp.webp\",\"width\":1280,\"height\":719,\"caption\":\"\u201eNie mo\u017cemy pozwoli\u0107 na wyeliminowanie wolnych medi\u00f3w\u201d - protest w obronie strefy wolno\u015bci s\u0142owa\"},{\"@type\":\"BreadcrumbList\",\"@id\":\"https:\/\/www.pogotowieflagowe.pl\/aktualne\/nie-mozemy-pozwolic-na-wyeliminowanie-wolnych-mediow-protest-w-obronie-strefy-wolnosci-slowa\/#breadcrumb\",\"itemListElement\":[{\"@type\":\"ListItem\",\"position\":1,\"name\":\"Home\",\"item\":\"https:\/\/www.pogotowieflagowe.pl\/aktualne\/\"},{\"@type\":\"ListItem\",\"position\":2,\"name\":\"\u201eNie mo\u017cemy pozwoli\u0107 na wyeliminowanie wolnych medi\u00f3w\u201d &#8211; protest w obronie strefy wolno\u015bci s\u0142owa\"}]},{\"@type\":\"WebSite\",\"@id\":\"https:\/\/www.pogotowieflagowe.pl\/aktualne\/#website\",\"url\":\"https:\/\/www.pogotowieflagowe.pl\/aktualne\/\",\"name\":\"POGOTOWIE FLAGOWE\u00ae\",\"description\":\"\",\"publisher\":{\"@id\":\"https:\/\/www.pogotowieflagowe.pl\/aktualne\/#organization\"},\"potentialAction\":[{\"@type\":\"SearchAction\",\"target\":{\"@type\":\"EntryPoint\",\"urlTemplate\":\"https:\/\/www.pogotowieflagowe.pl\/aktualne\/?s={search_term_string}\"},\"query-input\":\"required name=search_term_string\"}],\"inLanguage\":\"pl-PL\"},{\"@type\":\"Organization\",\"@id\":\"https:\/\/www.pogotowieflagowe.pl\/aktualne\/#organization\",\"name\":\"POGOTOWIE FLAGOWE\u00ae\",\"url\":\"https:\/\/www.pogotowieflagowe.pl\/aktualne\/\",\"logo\":{\"@type\":\"ImageObject\",\"inLanguage\":\"pl-PL\",\"@id\":\"https:\/\/www.pogotowieflagowe.pl\/aktualne\/#\/schema\/logo\/image\/\",\"url\":\"https:\/\/www.pogotowieflagowe.pl\/aktualne\/wp-content\/uploads\/2024\/08\/cropped-pogotowieflagowe_flaga_projekt_sm.jpg\",\"contentUrl\":\"https:\/\/www.pogotowieflagowe.pl\/aktualne\/wp-content\/uploads\/2024\/08\/cropped-pogotowieflagowe_flaga_projekt_sm.jpg\",\"width\":250,\"height\":143,\"caption\":\"POGOTOWIE FLAGOWE\u00ae\"},\"image\":{\"@id\":\"https:\/\/www.pogotowieflagowe.pl\/aktualne\/#\/schema\/logo\/image\/\"}},{\"@type\":\"Person\",\"@id\":\"https:\/\/www.pogotowieflagowe.pl\/aktualne\/#\/schema\/person\/9c2fb7d2362ebf6fa088960d7f0d27b0\",\"name\":\"Filip\",\"image\":{\"@type\":\"ImageObject\",\"inLanguage\":\"pl-PL\",\"@id\":\"https:\/\/www.pogotowieflagowe.pl\/aktualne\/#\/schema\/person\/image\/\",\"url\":\"https:\/\/www.pogotowieflagowe.pl\/aktualne\/wp-content\/uploads\/2024\/08\/pogotowieflagowe.pl_.jpg\",\"contentUrl\":\"https:\/\/www.pogotowieflagowe.pl\/aktualne\/wp-content\/uploads\/2024\/08\/pogotowieflagowe.pl_.jpg\",\"caption\":\"Filip\"},\"description\":\"Jestem Filip, polski dziennikarz z dyplomem nauk politycznych Uniwersytetu Warszawskiego. Rozpoczynaj\u0105c swoj\u0105 karier\u0119 w r\u00f3\u017cnych lokalnych mediach, zdoby\u0142em solidne do\u015bwiadczenie w zakresie \u015bledztwa i redakcji. Obecnie jako redaktor w Pogotowie flagowe, staram si\u0119 dostarcza\u0107 dog\u0142\u0119bne i istotne analizy na temat najwa\u017cniejszych kwestii aktualno\u015bci, \u0142\u0105cz\u0105c rygor z pasj\u0105 dziennikarsk\u0105.\",\"sameAs\":[\"https:\/\/www.pogotowieflagowe.pl\/\"]}]}<\/script>\n<!-- \/ Yoast SEO plugin. -->","yoast_head_json":{"title":"\u201eNie mo\u017cemy pozwoli\u0107 na wyeliminowanie wolnych medi\u00f3w\u201d - protest w obronie strefy wolno\u015bci s\u0142owa - POGOTOWIE FLAGOWE\u00ae","robots":{"index":"index","follow":"follow","max-snippet":"max-snippet:-1","max-image-preview":"max-image-preview:large","max-video-preview":"max-video-preview:-1"},"canonical":"https:\/\/www.pogotowieflagowe.pl\/aktualne\/nie-mozemy-pozwolic-na-wyeliminowanie-wolnych-mediow-protest-w-obronie-strefy-wolnosci-slowa\/","og_locale":"pl_PL","og_type":"article","og_title":"\u201eNie mo\u017cemy pozwoli\u0107 na wyeliminowanie wolnych medi\u00f3w\u201d - protest w obronie strefy wolno\u015bci s\u0142owa - POGOTOWIE FLAGOWE\u00ae","og_description":"Demonstracja broni\u0105ca medi\u00f3w zwi\u0105zanych ze stref\u0105 wolno\u015bci s\u0142owa (SWS Media &#8211; Ed.) Odby\u0142a si\u0119 w czwartek w Krakowie. Uczestnicy wyrazili","og_url":"https:\/\/www.pogotowieflagowe.pl\/aktualne\/nie-mozemy-pozwolic-na-wyeliminowanie-wolnych-mediow-protest-w-obronie-strefy-wolnosci-slowa\/","og_site_name":"POGOTOWIE FLAGOWE\u00ae","article_published_time":"2025-06-12T20:47:34+00:00","article_modified_time":"2025-06-12T20:47:35+00:00","og_image":[{"width":1280,"height":719,"url":"https:\/\/www.pogotowieflagowe.pl\/aktualne\/wp-content\/uploads\/2025\/06\/\u201eNie-mozemy-pozwolic-na-wyeliminowanie-wolnych-mediow-protest-w.webp.webp","type":"image\/webp"}],"author":"Filip","twitter_card":"summary_large_image","twitter_misc":{"Napisane przez":"Filip","Szacowany czas czytania":"2 minuty"},"schema":{"@context":"https:\/\/schema.org","@graph":[{"@type":"Article","@id":"https:\/\/www.pogotowieflagowe.pl\/aktualne\/nie-mozemy-pozwolic-na-wyeliminowanie-wolnych-mediow-protest-w-obronie-strefy-wolnosci-slowa\/#article","isPartOf":{"@id":"https:\/\/www.pogotowieflagowe.pl\/aktualne\/nie-mozemy-pozwolic-na-wyeliminowanie-wolnych-mediow-protest-w-obronie-strefy-wolnosci-slowa\/"},"author":{"name":"Filip","@id":"https:\/\/www.pogotowieflagowe.pl\/aktualne\/#\/schema\/person\/9c2fb7d2362ebf6fa088960d7f0d27b0"},"headline":"\u201eNie mo\u017cemy pozwoli\u0107 na wyeliminowanie wolnych medi\u00f3w\u201d &#8211; protest w obronie strefy wolno\u015bci s\u0142owa","datePublished":"2025-06-12T20:47:34+00:00","dateModified":"2025-06-12T20:47:35+00:00","mainEntityOfPage":{"@id":"https:\/\/www.pogotowieflagowe.pl\/aktualne\/nie-mozemy-pozwolic-na-wyeliminowanie-wolnych-mediow-protest-w-obronie-strefy-wolnosci-slowa\/"},"wordCount":318,"publisher":{"@id":"https:\/\/www.pogotowieflagowe.pl\/aktualne\/#organization"},"image":{"@id":"https:\/\/www.pogotowieflagowe.pl\/aktualne\/nie-mozemy-pozwolic-na-wyeliminowanie-wolnych-mediow-protest-w-obronie-strefy-wolnosci-slowa\/#primaryimage"},"thumbnailUrl":"https:\/\/www.pogotowieflagowe.pl\/aktualne\/wp-content\/uploads\/2025\/06\/\u201eNie-mozemy-pozwolic-na-wyeliminowanie-wolnych-mediow-protest-w.webp.webp","keywords":["Medi\u00f3w","Mo\u017cemy","Nie","obronie","pozwoli\u0107","Protest","s\u0142owa","Strefy","wolno\u015bci","wolnych","wyeliminowanie"],"articleSection":["Aktualne"],"inLanguage":"pl-PL"},{"@type":"WebPage","@id":"https:\/\/www.pogotowieflagowe.pl\/aktualne\/nie-mozemy-pozwolic-na-wyeliminowanie-wolnych-mediow-protest-w-obronie-strefy-wolnosci-slowa\/","url":"https:\/\/www.pogotowieflagowe.pl\/aktualne\/nie-mozemy-pozwolic-na-wyeliminowanie-wolnych-mediow-protest-w-obronie-strefy-wolnosci-slowa\/","name":"\u201eNie mo\u017cemy pozwoli\u0107 na wyeliminowanie wolnych medi\u00f3w\u201d - protest w obronie strefy wolno\u015bci s\u0142owa - POGOTOWIE FLAGOWE\u00ae","isPartOf":{"@id":"https:\/\/www.pogotowieflagowe.pl\/aktualne\/#website"},"primaryImageOfPage":{"@id":"https:\/\/www.pogotowieflagowe.pl\/aktualne\/nie-mozemy-pozwolic-na-wyeliminowanie-wolnych-mediow-protest-w-obronie-strefy-wolnosci-slowa\/#primaryimage"},"image":{"@id":"https:\/\/www.pogotowieflagowe.pl\/aktualne\/nie-mozemy-pozwolic-na-wyeliminowanie-wolnych-mediow-protest-w-obronie-strefy-wolnosci-slowa\/#primaryimage"},"thumbnailUrl":"https:\/\/www.pogotowieflagowe.pl\/aktualne\/wp-content\/uploads\/2025\/06\/\u201eNie-mozemy-pozwolic-na-wyeliminowanie-wolnych-mediow-protest-w.webp.webp","datePublished":"2025-06-12T20:47:34+00:00","dateModified":"2025-06-12T20:47:35+00:00","breadcrumb":{"@id":"https:\/\/www.pogotowieflagowe.pl\/aktualne\/nie-mozemy-pozwolic-na-wyeliminowanie-wolnych-mediow-protest-w-obronie-strefy-wolnosci-slowa\/#breadcrumb"},"inLanguage":"pl-PL","potentialAction":[{"@type":"ReadAction","target":["https:\/\/www.pogotowieflagowe.pl\/aktualne\/nie-mozemy-pozwolic-na-wyeliminowanie-wolnych-mediow-protest-w-obronie-strefy-wolnosci-slowa\/"]}]},{"@type":"ImageObject","inLanguage":"pl-PL","@id":"https:\/\/www.pogotowieflagowe.pl\/aktualne\/nie-mozemy-pozwolic-na-wyeliminowanie-wolnych-mediow-protest-w-obronie-strefy-wolnosci-slowa\/#primaryimage","url":"https:\/\/www.pogotowieflagowe.pl\/aktualne\/wp-content\/uploads\/2025\/06\/\u201eNie-mozemy-pozwolic-na-wyeliminowanie-wolnych-mediow-protest-w.webp.webp","contentUrl":"https:\/\/www.pogotowieflagowe.pl\/aktualne\/wp-content\/uploads\/2025\/06\/\u201eNie-mozemy-pozwolic-na-wyeliminowanie-wolnych-mediow-protest-w.webp.webp","width":1280,"height":719,"caption":"\u201eNie mo\u017cemy pozwoli\u0107 na wyeliminowanie wolnych medi\u00f3w\u201d - protest w obronie strefy wolno\u015bci s\u0142owa"},{"@type":"BreadcrumbList","@id":"https:\/\/www.pogotowieflagowe.pl\/aktualne\/nie-mozemy-pozwolic-na-wyeliminowanie-wolnych-mediow-protest-w-obronie-strefy-wolnosci-slowa\/#breadcrumb","itemListElement":[{"@type":"ListItem","position":1,"name":"Home","item":"https:\/\/www.pogotowieflagowe.pl\/aktualne\/"},{"@type":"ListItem","position":2,"name":"\u201eNie mo\u017cemy pozwoli\u0107 na wyeliminowanie wolnych medi\u00f3w\u201d &#8211; protest w obronie strefy wolno\u015bci s\u0142owa"}]},{"@type":"WebSite","@id":"https:\/\/www.pogotowieflagowe.pl\/aktualne\/#website","url":"https:\/\/www.pogotowieflagowe.pl\/aktualne\/","name":"POGOTOWIE FLAGOWE\u00ae","description":"","publisher":{"@id":"https:\/\/www.pogotowieflagowe.pl\/aktualne\/#organization"},"potentialAction":[{"@type":"SearchAction","target":{"@type":"EntryPoint","urlTemplate":"https:\/\/www.pogotowieflagowe.pl\/aktualne\/?s={search_term_string}"},"query-input":"required name=search_term_string"}],"inLanguage":"pl-PL"},{"@type":"Organization","@id":"https:\/\/www.pogotowieflagowe.pl\/aktualne\/#organization","name":"POGOTOWIE FLAGOWE\u00ae","url":"https:\/\/www.pogotowieflagowe.pl\/aktualne\/","logo":{"@type":"ImageObject","inLanguage":"pl-PL","@id":"https:\/\/www.pogotowieflagowe.pl\/aktualne\/#\/schema\/logo\/image\/","url":"https:\/\/www.pogotowieflagowe.pl\/aktualne\/wp-content\/uploads\/2024\/08\/cropped-pogotowieflagowe_flaga_projekt_sm.jpg","contentUrl":"https:\/\/www.pogotowieflagowe.pl\/aktualne\/wp-content\/uploads\/2024\/08\/cropped-pogotowieflagowe_flaga_projekt_sm.jpg","width":250,"height":143,"caption":"POGOTOWIE FLAGOWE\u00ae"},"image":{"@id":"https:\/\/www.pogotowieflagowe.pl\/aktualne\/#\/schema\/logo\/image\/"}},{"@type":"Person","@id":"https:\/\/www.pogotowieflagowe.pl\/aktualne\/#\/schema\/person\/9c2fb7d2362ebf6fa088960d7f0d27b0","name":"Filip","image":{"@type":"ImageObject","inLanguage":"pl-PL","@id":"https:\/\/www.pogotowieflagowe.pl\/aktualne\/#\/schema\/person\/image\/","url":"https:\/\/www.pogotowieflagowe.pl\/aktualne\/wp-content\/uploads\/2024\/08\/pogotowieflagowe.pl_.jpg","contentUrl":"https:\/\/www.pogotowieflagowe.pl\/aktualne\/wp-content\/uploads\/2024\/08\/pogotowieflagowe.pl_.jpg","caption":"Filip"},"description":"Jestem Filip, polski dziennikarz z dyplomem nauk politycznych Uniwersytetu Warszawskiego. Rozpoczynaj\u0105c swoj\u0105 karier\u0119 w r\u00f3\u017cnych lokalnych mediach, zdoby\u0142em solidne do\u015bwiadczenie w zakresie \u015bledztwa i redakcji. Obecnie jako redaktor w Pogotowie flagowe, staram si\u0119 dostarcza\u0107 dog\u0142\u0119bne i istotne analizy na temat najwa\u017cniejszych kwestii aktualno\u015bci, \u0142\u0105cz\u0105c rygor z pasj\u0105 dziennikarsk\u0105.","sameAs":["https:\/\/www.pogotowieflagowe.pl\/"]}]}},"_links":{"self":[{"href":"https:\/\/www.pogotowieflagowe.pl\/aktualne\/wp-json\/wp\/v2\/posts\/6222","targetHints":{"allow":["GET"]}}],"collection":[{"href":"https:\/\/www.pogotowieflagowe.pl\/aktualne\/wp-json\/wp\/v2\/posts"}],"about":[{"href":"https:\/\/www.pogotowieflagowe.pl\/aktualne\/wp-json\/wp\/v2\/types\/post"}],"author":[{"embeddable":true,"href":"https:\/\/www.pogotowieflagowe.pl\/aktualne\/wp-json\/wp\/v2\/users\/1"}],"replies":[{"embeddable":true,"href":"https:\/\/www.pogotowieflagowe.pl\/aktualne\/wp-json\/wp\/v2\/comments?post=6222"}],"version-history":[{"count":1,"href":"https:\/\/www.pogotowieflagowe.pl\/aktualne\/wp-json\/wp\/v2\/posts\/6222\/revisions"}],"predecessor-version":[{"id":6224,"href":"https:\/\/www.pogotowieflagowe.pl\/aktualne\/wp-json\/wp\/v2\/posts\/6222\/revisions\/6224"}],"wp:featuredmedia":[{"embeddable":true,"href":"https:\/\/www.pogotowieflagowe.pl\/aktualne\/wp-json\/wp\/v2\/media\/6223"}],"wp:attachment":[{"href":"https:\/\/www.pogotowieflagowe.pl\/aktualne\/wp-json\/wp\/v2\/media?parent=6222"}],"wp:term":[{"taxonomy":"category","embeddable":true,"href":"https:\/\/www.pogotowieflagowe.pl\/aktualne\/wp-json\/wp\/v2\/categories?post=6222"},{"taxonomy":"post_tag","embeddable":true,"href":"https:\/\/www.pogotowieflagowe.pl\/aktualne\/wp-json\/wp\/v2\/tags?post=6222"}],"curies":[{"name":"wp","href":"https:\/\/api.w.org\/{rel}","templated":true}]}}