{"id":6225,"date":"2025-06-13T03:51:19","date_gmt":"2025-06-13T01:51:19","guid":{"rendered":"https:\/\/www.pogotowieflagowe.pl\/aktualne\/mularczyk-w-rozmowie-trump-nawrocki-amerykanie-uwazaja-karol-za-wielki-sojusznik\/"},"modified":"2025-06-13T03:51:22","modified_gmt":"2025-06-13T01:51:22","slug":"mularczyk-w-rozmowie-trump-nawrocki-amerykanie-uwazaja-karol-za-wielki-sojusznik","status":"publish","type":"post","link":"https:\/\/www.pogotowieflagowe.pl\/aktualne\/mularczyk-w-rozmowie-trump-nawrocki-amerykanie-uwazaja-karol-za-wielki-sojusznik\/","title":{"rendered":"Mularczyk w rozmowie Trump -Nawrocki: Amerykanie uwa\u017caj\u0105 Karol za wielki sojusznik"},"content":{"rendered":"\n<div class=\"td_block_wrap tdb_single_content tdi_41 td-pb-border-top td_block_template_8 td-post-content tagdiv-type\" data-td-block-uid=\"tdi_41\">\n<style>.tdi_41 {margin-top: 0px! Wa\u017cne; margines-bottom: 0px! WA\u017bNY; PALDING-TOP: 0PX! WA\u017bNY; PALDING-BOTTOM: 0PX! WA\u017bNE}<\/style>\n<style>.tdb_single_content {margin-bottom: 0;*zoom: 1} .tdb_single_content: wcze\u015bniej, .tdb_single_content: po {display: Table; content: ''; line-height: 0} .TDB-BLOCK-INner>*: nie (.WP-BLOCK-QUOTE): not (.alignSwide): not (.Alignfull.wp-block-cover.has-parallax): not (.td-a-ad) {margin-left: auto; margin-right: auto} .tdb_single_ConTent a {wska\u017anik-events: auto} .tdb_single_content .td-spot-id-top_ad .tdc-placeholder-title: przed {content: \u201eArtyku\u0142 top ad\u201d! Wa\u017cne} .tdb_single_content .td-Spot-Id-inline_ad0 .tdc-placeholder-title 1 '! Wa\u017cne} .tdb_single_content .td-Spot-Id-inline_Ad1 .tdc-Placeholder-Title: przed {content: \u201eArtyku\u0142 inline AD 2'! Wa\u017cny} .tdb_single_content. 3 '! Wa\u017cne} .tdb_single_content .td-Spot-Id-Bottom_Ad .tdc-Placeholder-Title: przed {content: \u201eArtyku\u0142 Bottom Ad\u201d! Wa\u017cne} .tdb_single_content .id_top_ad, .tdb_single_content_content .id_bottom_ad {clear: oba; margin-bottom: 21px; text-align: Center} .tdb_single_content .id_top_ad img, .tdb_single_content .id_bottom_ad img {margin-bottom: 0} .tdb_single_conTent .id_top_ad .adsbyGoogle, .tdb_single_content .id_bottom_ad .adsbyGoogle {pozycja: relatyw} .tdb_single_content .id_ad_content-horiz-left, .tdb_single_content .id_ad_content-horiz-right, .tdb_single_content .id_ad_content-horiz-Center {margin-bottom: 15px} .tdb_single_content .id_ad_content-horiz-left Img, .tdb_single_content .id_ad_content-horiz-right img, .tdb_single_content .id_ad_content-horiz-centerter img {margin-bottom: 0} .tdb_single_content .id_ad_content-horiz-center {text-align: Center} .tdb_single_content .id_ad_content-horiz-center img {margin-right: auto; margin-let: auto} .tdb_single_content .id_ad_content-horiz-left {float: left; margin-top: 9px; margin-right: 21px} .tdb_single_content .id_ad_content-horiz-right {float: margin-top: 6px; margin-left: 21px} .tdb_single_content .tdc-a-a-ad .TDC-Placeholder-Title {szeroko\u015b\u0107: 300px; height: 250px} .tdb_single_content .tdc-a-ad .TDC-Placeholder-Title: Przed {Pozycja: Absolute; TOP: 50%;-WebKit-Transform: Translatey (-50%); Transform: Translatey (-50%); margines: auto; Display: Tabela; szeroko\u015b\u0107: 100%}. tdb_single_content .TDB-BLOCK-INNER.TD-FIX-INDEX {Word-Break: Break-word} .tdi_41, .tdi_41> p, .tdi_41 .tdb-block-inner> p, .Wp-Block-Column> p {font-size: 16px! Wa\u017cne; wa\u017cny; p {font-styl: normalne! Wa\u017cne} @media (Max-Width: 767px) {. tdb_single_content .id_ad_content-horiz-left, .tdb_single_content .id_ad_content-horiz-right, .tdb_single_content .id_ad_content-horiz-centter {Margin: 0 AUTO 26PXX auto}}@media (Max-Width: 767px) {. tdb_single_content .id_ad_content-horiz-left {margin-right: 0}}@media (max-width: 767px) {. (Max-Width: 767px) {. tdb_single_content .td-a-ad {float: none; text-align: Center} .tdb_single_content .td-a-ad img {margin-right: auto; margin-left: auto} .tdb_single_content .tdc-a-a-a-{margin-right: auto; margin-left: auto} .tdb_single_content .tdd<\/style>\n<div class=\"tdb-block-inner td-fix-index\">\n<p>Arkadiusz Mularczyk, cz\u0142onek parlamentu z Partii Prawa i Sprawiedliwo\u015bci, by\u0142 go\u015bciem porannego programu w Radio Republika. Om\u00f3wi\u0142 tematy, w tym rol\u0119 Donalda Tuska w Europie, kwestie imigracyjne w Szwecji i stosunki polsko-ameryka\u0144skie.<\/p>\n<p>Pose\u0142, obecnie w Sztokholmie wraz z innymi cz\u0142onkami europejskiej grupy konserwatyst\u00f3w i reformist\u00f3w, rozpocz\u0105\u0142 wywiad od odwo\u0142ania si\u0119 do przest\u0119pstwa, wojen gang\u00f3w i napa\u015bci seksualnych w Szwecji &#8211; wydawa\u0142o si\u0119, \u017ce przypisywa\u0142 dopuszczalnym podej\u015bciu kraju do masowej imigracji.<\/p>\n<p><strong>Na temat nowego szwedzkiego rz\u0105du, kt\u00f3ry ju\u017c osi\u0105gn\u0105\u0142 sukces w imigracji<\/strong><\/p>\n<p>\u201cHere in Sweden, especially under the new government\u2014supported by our allies, the Sweden Democrats, who came in second in the parliamentary elections\u2014there is a major problem: gang wars, shootings, bomb attacks, and rapes. All of this makes illegal immigration one of the most pressing political issues. The Swedish government has had some success by introducing return restrictions, speeding up asylum rejections, and increasing the number Nielegalnych imigrant\u00f3w powr\u00f3cili do swoich kraj\u00f3w rodzinnych \u201d &#8211; powiedzia\u0142 Mularczyk.<\/p>\n<p><strong>Mularczyk we wtorek spotkanie Nawrocki &#8211; Trump<\/strong><\/p>\n<p>Mularczyk zosta\u0142 r\u00f3wnie\u017c zapytany o ostatni\u0105 rozmow\u0119 Karol Nawrocki i Donaldem Trumpem. Przypomnia\u0142 sobie, \u017ce zaraz po zwyci\u0119stwie Nawrockiego wiele ameryka\u0144skich medi\u00f3w poinformowa\u0142o, \u017ce \u201ekandydat Trumpa wygra\u0142 w Polsce\u201d.<\/p>\n<p>\u201eW ten spos\u00f3b Karol Nawrocki jest postrzegany w Stanach Zjednoczonych, i tak widz\u0105 go Amerykanie. Donald Trump i jego ko\u0142o (\u2026) uwa\u017caj\u0105 Karol za wielkiego sojusznika i postrzegaj\u0105 Polsk\u0119 jako wa\u017cny kraj NATO. (\u2026) Ameryka\u0144ska administracja jest \u015bwiadoma tego, co dzieje si\u0119 w Polsce. W ko\u0144cu doniesienia o tym, \u017ce wychodz\u0105 z atmosfery na co dzie\u0144; TYMI MODZINY MEDINGU I MEDII MODZINY W BLISSU MISS\u201d MULCES. podkre\u015bli\u0142.<\/p>\n<p>P\u00f3\u017aniej w rozmowie dyskusja zwr\u00f3ci\u0142a si\u0119 do roli Donalda Tuska w Europie. Pose\u0142 stwierdzi\u0142, \u017ce Europa ma obecnie problem z polskim premierem, co sugeruje, \u017ce sta\u0142 si\u0119 ci\u0119\u017carem dla UE. Temat zielonej umowy zosta\u0142 r\u00f3wnie\u017c podniesiony w kontek\u015bcie orzeczenia trybuna\u0142u konstytucyjnego.<\/p>\n<figure class=\"wp-block-embed is-type-video is-provider-youtube wp-block-embed-youtube wp-embed-aspect-16-9 wp-has-aspect-ratio\">\n<div class=\"wp-block-embed__wrapper\">\n<div class=\"youtube-embed\" data-video_id=\"p1rKXy5LG24\"><a href=\"https:\/\/www.youtube.com\/watch?v=p1rkxy5lg24\">https:\/\/www.youtube.com\/watch?v=p1rkxy5lg24<\/a><\/div>\n<\/div>\n<\/figure>\n<\/div>\n<\/div>\n","protected":false},"excerpt":{"rendered":"<p>Arkadiusz Mularczyk, cz\u0142onek parlamentu z Partii Prawa i Sprawiedliwo\u015bci, by\u0142 go\u015bciem porannego programu w Radio Republika. Om\u00f3wi\u0142 tematy, w tym<\/p>\n","protected":false},"author":1,"featured_media":6226,"comment_status":"closed","ping_status":"","sticky":false,"template":"","format":"standard","meta":{"footnotes":""},"categories":[44],"tags":[1925,2726,49,2727,7898,4770,251,7979,1132],"class_list":["post-6225","post","type-post","status-publish","format-standard","has-post-thumbnail","hentry","category-polityka","tag-amerykanie","tag-karol","tag-mularczyk","tag-nawrocki","tag-rozmowie","tag-sojusznik","tag-trump","tag-uwazaja","tag-wielki","generate-columns","tablet-grid-50","mobile-grid-100","grid-parent","grid-50","resize-featured-image"],"yoast_head":"<!-- This site is optimized with the Yoast SEO plugin v23.2 - https:\/\/yoast.com\/wordpress\/plugins\/seo\/ -->\n<title>Mularczyk w rozmowie Trump -Nawrocki: Amerykanie uwa\u017caj\u0105 Karol za wielki sojusznik - POGOTOWIE FLAGOWE\u00ae<\/title>\n<meta name=\"robots\" content=\"index, follow, max-snippet:-1, max-image-preview:large, max-video-preview:-1\" \/>\n<link rel=\"canonical\" href=\"https:\/\/www.pogotowieflagowe.pl\/aktualne\/mularczyk-w-rozmowie-trump-nawrocki-amerykanie-uwazaja-karol-za-wielki-sojusznik\/\" \/>\n<meta property=\"og:locale\" content=\"pl_PL\" \/>\n<meta property=\"og:type\" content=\"article\" \/>\n<meta property=\"og:title\" content=\"Mularczyk w rozmowie Trump -Nawrocki: Amerykanie uwa\u017caj\u0105 Karol za wielki sojusznik - POGOTOWIE FLAGOWE\u00ae\" \/>\n<meta property=\"og:description\" content=\"Arkadiusz Mularczyk, cz\u0142onek parlamentu z Partii Prawa i Sprawiedliwo\u015bci, by\u0142 go\u015bciem porannego programu w Radio Republika. Om\u00f3wi\u0142 tematy, w tym\" \/>\n<meta property=\"og:url\" content=\"https:\/\/www.pogotowieflagowe.pl\/aktualne\/mularczyk-w-rozmowie-trump-nawrocki-amerykanie-uwazaja-karol-za-wielki-sojusznik\/\" \/>\n<meta property=\"og:site_name\" content=\"POGOTOWIE FLAGOWE\u00ae\" \/>\n<meta property=\"article:published_time\" content=\"2025-06-13T01:51:19+00:00\" \/>\n<meta property=\"article:modified_time\" content=\"2025-06-13T01:51:22+00:00\" \/>\n<meta property=\"og:image\" content=\"https:\/\/www.pogotowieflagowe.pl\/aktualne\/wp-content\/uploads\/2025\/06\/Mularczyk-w-rozmowie-Trump-Nawrocki-Amerykanie-uwazaja-Karol-za-wielki.jpg\" \/>\n\t<meta property=\"og:image:width\" content=\"1280\" \/>\n\t<meta property=\"og:image:height\" content=\"720\" \/>\n\t<meta property=\"og:image:type\" content=\"image\/jpeg\" \/>\n<meta name=\"author\" content=\"Filip\" \/>\n<meta name=\"twitter:card\" content=\"summary_large_image\" \/>\n<meta name=\"twitter:label1\" content=\"Napisane przez\" \/>\n\t<meta name=\"twitter:data1\" content=\"Filip\" \/>\n\t<meta name=\"twitter:label2\" content=\"Szacowany czas czytania\" \/>\n\t<meta name=\"twitter:data2\" content=\"2 minuty\" \/>\n<script type=\"application\/ld+json\" class=\"yoast-schema-graph\">{\"@context\":\"https:\/\/schema.org\",\"@graph\":[{\"@type\":\"Article\",\"@id\":\"https:\/\/www.pogotowieflagowe.pl\/aktualne\/mularczyk-w-rozmowie-trump-nawrocki-amerykanie-uwazaja-karol-za-wielki-sojusznik\/#article\",\"isPartOf\":{\"@id\":\"https:\/\/www.pogotowieflagowe.pl\/aktualne\/mularczyk-w-rozmowie-trump-nawrocki-amerykanie-uwazaja-karol-za-wielki-sojusznik\/\"},\"author\":{\"name\":\"Filip\",\"@id\":\"https:\/\/www.pogotowieflagowe.pl\/aktualne\/#\/schema\/person\/9c2fb7d2362ebf6fa088960d7f0d27b0\"},\"headline\":\"Mularczyk w rozmowie Trump -Nawrocki: Amerykanie uwa\u017caj\u0105 Karol za wielki sojusznik\",\"datePublished\":\"2025-06-13T01:51:19+00:00\",\"dateModified\":\"2025-06-13T01:51:22+00:00\",\"mainEntityOfPage\":{\"@id\":\"https:\/\/www.pogotowieflagowe.pl\/aktualne\/mularczyk-w-rozmowie-trump-nawrocki-amerykanie-uwazaja-karol-za-wielki-sojusznik\/\"},\"wordCount\":362,\"publisher\":{\"@id\":\"https:\/\/www.pogotowieflagowe.pl\/aktualne\/#organization\"},\"image\":{\"@id\":\"https:\/\/www.pogotowieflagowe.pl\/aktualne\/mularczyk-w-rozmowie-trump-nawrocki-amerykanie-uwazaja-karol-za-wielki-sojusznik\/#primaryimage\"},\"thumbnailUrl\":\"https:\/\/www.pogotowieflagowe.pl\/aktualne\/wp-content\/uploads\/2025\/06\/Mularczyk-w-rozmowie-Trump-Nawrocki-Amerykanie-uwazaja-Karol-za-wielki.jpg\",\"keywords\":[\"Amerykanie\",\"Karol\",\"Mularczyk\",\"Nawrocki\",\"rozmowie\",\"sojusznik\",\"Trump\",\"uwa\u017caj\u0105\",\"wielki\"],\"articleSection\":[\"Polityka\"],\"inLanguage\":\"pl-PL\"},{\"@type\":\"WebPage\",\"@id\":\"https:\/\/www.pogotowieflagowe.pl\/aktualne\/mularczyk-w-rozmowie-trump-nawrocki-amerykanie-uwazaja-karol-za-wielki-sojusznik\/\",\"url\":\"https:\/\/www.pogotowieflagowe.pl\/aktualne\/mularczyk-w-rozmowie-trump-nawrocki-amerykanie-uwazaja-karol-za-wielki-sojusznik\/\",\"name\":\"Mularczyk w rozmowie Trump -Nawrocki: Amerykanie uwa\u017caj\u0105 Karol za wielki sojusznik - POGOTOWIE FLAGOWE\u00ae\",\"isPartOf\":{\"@id\":\"https:\/\/www.pogotowieflagowe.pl\/aktualne\/#website\"},\"primaryImageOfPage\":{\"@id\":\"https:\/\/www.pogotowieflagowe.pl\/aktualne\/mularczyk-w-rozmowie-trump-nawrocki-amerykanie-uwazaja-karol-za-wielki-sojusznik\/#primaryimage\"},\"image\":{\"@id\":\"https:\/\/www.pogotowieflagowe.pl\/aktualne\/mularczyk-w-rozmowie-trump-nawrocki-amerykanie-uwazaja-karol-za-wielki-sojusznik\/#primaryimage\"},\"thumbnailUrl\":\"https:\/\/www.pogotowieflagowe.pl\/aktualne\/wp-content\/uploads\/2025\/06\/Mularczyk-w-rozmowie-Trump-Nawrocki-Amerykanie-uwazaja-Karol-za-wielki.jpg\",\"datePublished\":\"2025-06-13T01:51:19+00:00\",\"dateModified\":\"2025-06-13T01:51:22+00:00\",\"breadcrumb\":{\"@id\":\"https:\/\/www.pogotowieflagowe.pl\/aktualne\/mularczyk-w-rozmowie-trump-nawrocki-amerykanie-uwazaja-karol-za-wielki-sojusznik\/#breadcrumb\"},\"inLanguage\":\"pl-PL\",\"potentialAction\":[{\"@type\":\"ReadAction\",\"target\":[\"https:\/\/www.pogotowieflagowe.pl\/aktualne\/mularczyk-w-rozmowie-trump-nawrocki-amerykanie-uwazaja-karol-za-wielki-sojusznik\/\"]}]},{\"@type\":\"ImageObject\",\"inLanguage\":\"pl-PL\",\"@id\":\"https:\/\/www.pogotowieflagowe.pl\/aktualne\/mularczyk-w-rozmowie-trump-nawrocki-amerykanie-uwazaja-karol-za-wielki-sojusznik\/#primaryimage\",\"url\":\"https:\/\/www.pogotowieflagowe.pl\/aktualne\/wp-content\/uploads\/2025\/06\/Mularczyk-w-rozmowie-Trump-Nawrocki-Amerykanie-uwazaja-Karol-za-wielki.jpg\",\"contentUrl\":\"https:\/\/www.pogotowieflagowe.pl\/aktualne\/wp-content\/uploads\/2025\/06\/Mularczyk-w-rozmowie-Trump-Nawrocki-Amerykanie-uwazaja-Karol-za-wielki.jpg\",\"width\":1280,\"height\":720,\"caption\":\"Mularczyk w rozmowie Trump -Nawrocki: Amerykanie uwa\u017caj\u0105 Karol za wielki sojusznik\"},{\"@type\":\"BreadcrumbList\",\"@id\":\"https:\/\/www.pogotowieflagowe.pl\/aktualne\/mularczyk-w-rozmowie-trump-nawrocki-amerykanie-uwazaja-karol-za-wielki-sojusznik\/#breadcrumb\",\"itemListElement\":[{\"@type\":\"ListItem\",\"position\":1,\"name\":\"Home\",\"item\":\"https:\/\/www.pogotowieflagowe.pl\/aktualne\/\"},{\"@type\":\"ListItem\",\"position\":2,\"name\":\"Mularczyk w rozmowie Trump -Nawrocki: Amerykanie uwa\u017caj\u0105 Karol za wielki sojusznik\"}]},{\"@type\":\"WebSite\",\"@id\":\"https:\/\/www.pogotowieflagowe.pl\/aktualne\/#website\",\"url\":\"https:\/\/www.pogotowieflagowe.pl\/aktualne\/\",\"name\":\"POGOTOWIE FLAGOWE\u00ae\",\"description\":\"\",\"publisher\":{\"@id\":\"https:\/\/www.pogotowieflagowe.pl\/aktualne\/#organization\"},\"potentialAction\":[{\"@type\":\"SearchAction\",\"target\":{\"@type\":\"EntryPoint\",\"urlTemplate\":\"https:\/\/www.pogotowieflagowe.pl\/aktualne\/?s={search_term_string}\"},\"query-input\":\"required name=search_term_string\"}],\"inLanguage\":\"pl-PL\"},{\"@type\":\"Organization\",\"@id\":\"https:\/\/www.pogotowieflagowe.pl\/aktualne\/#organization\",\"name\":\"POGOTOWIE FLAGOWE\u00ae\",\"url\":\"https:\/\/www.pogotowieflagowe.pl\/aktualne\/\",\"logo\":{\"@type\":\"ImageObject\",\"inLanguage\":\"pl-PL\",\"@id\":\"https:\/\/www.pogotowieflagowe.pl\/aktualne\/#\/schema\/logo\/image\/\",\"url\":\"https:\/\/www.pogotowieflagowe.pl\/aktualne\/wp-content\/uploads\/2024\/08\/cropped-pogotowieflagowe_flaga_projekt_sm.jpg\",\"contentUrl\":\"https:\/\/www.pogotowieflagowe.pl\/aktualne\/wp-content\/uploads\/2024\/08\/cropped-pogotowieflagowe_flaga_projekt_sm.jpg\",\"width\":250,\"height\":143,\"caption\":\"POGOTOWIE FLAGOWE\u00ae\"},\"image\":{\"@id\":\"https:\/\/www.pogotowieflagowe.pl\/aktualne\/#\/schema\/logo\/image\/\"}},{\"@type\":\"Person\",\"@id\":\"https:\/\/www.pogotowieflagowe.pl\/aktualne\/#\/schema\/person\/9c2fb7d2362ebf6fa088960d7f0d27b0\",\"name\":\"Filip\",\"image\":{\"@type\":\"ImageObject\",\"inLanguage\":\"pl-PL\",\"@id\":\"https:\/\/www.pogotowieflagowe.pl\/aktualne\/#\/schema\/person\/image\/\",\"url\":\"https:\/\/www.pogotowieflagowe.pl\/aktualne\/wp-content\/uploads\/2024\/08\/pogotowieflagowe.pl_.jpg\",\"contentUrl\":\"https:\/\/www.pogotowieflagowe.pl\/aktualne\/wp-content\/uploads\/2024\/08\/pogotowieflagowe.pl_.jpg\",\"caption\":\"Filip\"},\"description\":\"Jestem Filip, polski dziennikarz z dyplomem nauk politycznych Uniwersytetu Warszawskiego. Rozpoczynaj\u0105c swoj\u0105 karier\u0119 w r\u00f3\u017cnych lokalnych mediach, zdoby\u0142em solidne do\u015bwiadczenie w zakresie \u015bledztwa i redakcji. Obecnie jako redaktor w Pogotowie flagowe, staram si\u0119 dostarcza\u0107 dog\u0142\u0119bne i istotne analizy na temat najwa\u017cniejszych kwestii aktualno\u015bci, \u0142\u0105cz\u0105c rygor z pasj\u0105 dziennikarsk\u0105.\",\"sameAs\":[\"https:\/\/www.pogotowieflagowe.pl\/\"]}]}<\/script>\n<!-- \/ Yoast SEO plugin. -->","yoast_head_json":{"title":"Mularczyk w rozmowie Trump -Nawrocki: Amerykanie uwa\u017caj\u0105 Karol za wielki sojusznik - POGOTOWIE FLAGOWE\u00ae","robots":{"index":"index","follow":"follow","max-snippet":"max-snippet:-1","max-image-preview":"max-image-preview:large","max-video-preview":"max-video-preview:-1"},"canonical":"https:\/\/www.pogotowieflagowe.pl\/aktualne\/mularczyk-w-rozmowie-trump-nawrocki-amerykanie-uwazaja-karol-za-wielki-sojusznik\/","og_locale":"pl_PL","og_type":"article","og_title":"Mularczyk w rozmowie Trump -Nawrocki: Amerykanie uwa\u017caj\u0105 Karol za wielki sojusznik - POGOTOWIE FLAGOWE\u00ae","og_description":"Arkadiusz Mularczyk, cz\u0142onek parlamentu z Partii Prawa i Sprawiedliwo\u015bci, by\u0142 go\u015bciem porannego programu w Radio Republika. Om\u00f3wi\u0142 tematy, w tym","og_url":"https:\/\/www.pogotowieflagowe.pl\/aktualne\/mularczyk-w-rozmowie-trump-nawrocki-amerykanie-uwazaja-karol-za-wielki-sojusznik\/","og_site_name":"POGOTOWIE FLAGOWE\u00ae","article_published_time":"2025-06-13T01:51:19+00:00","article_modified_time":"2025-06-13T01:51:22+00:00","og_image":[{"width":1280,"height":720,"url":"https:\/\/www.pogotowieflagowe.pl\/aktualne\/wp-content\/uploads\/2025\/06\/Mularczyk-w-rozmowie-Trump-Nawrocki-Amerykanie-uwazaja-Karol-za-wielki.jpg","type":"image\/jpeg"}],"author":"Filip","twitter_card":"summary_large_image","twitter_misc":{"Napisane przez":"Filip","Szacowany czas czytania":"2 minuty"},"schema":{"@context":"https:\/\/schema.org","@graph":[{"@type":"Article","@id":"https:\/\/www.pogotowieflagowe.pl\/aktualne\/mularczyk-w-rozmowie-trump-nawrocki-amerykanie-uwazaja-karol-za-wielki-sojusznik\/#article","isPartOf":{"@id":"https:\/\/www.pogotowieflagowe.pl\/aktualne\/mularczyk-w-rozmowie-trump-nawrocki-amerykanie-uwazaja-karol-za-wielki-sojusznik\/"},"author":{"name":"Filip","@id":"https:\/\/www.pogotowieflagowe.pl\/aktualne\/#\/schema\/person\/9c2fb7d2362ebf6fa088960d7f0d27b0"},"headline":"Mularczyk w rozmowie Trump -Nawrocki: Amerykanie uwa\u017caj\u0105 Karol za wielki sojusznik","datePublished":"2025-06-13T01:51:19+00:00","dateModified":"2025-06-13T01:51:22+00:00","mainEntityOfPage":{"@id":"https:\/\/www.pogotowieflagowe.pl\/aktualne\/mularczyk-w-rozmowie-trump-nawrocki-amerykanie-uwazaja-karol-za-wielki-sojusznik\/"},"wordCount":362,"publisher":{"@id":"https:\/\/www.pogotowieflagowe.pl\/aktualne\/#organization"},"image":{"@id":"https:\/\/www.pogotowieflagowe.pl\/aktualne\/mularczyk-w-rozmowie-trump-nawrocki-amerykanie-uwazaja-karol-za-wielki-sojusznik\/#primaryimage"},"thumbnailUrl":"https:\/\/www.pogotowieflagowe.pl\/aktualne\/wp-content\/uploads\/2025\/06\/Mularczyk-w-rozmowie-Trump-Nawrocki-Amerykanie-uwazaja-Karol-za-wielki.jpg","keywords":["Amerykanie","Karol","Mularczyk","Nawrocki","rozmowie","sojusznik","Trump","uwa\u017caj\u0105","wielki"],"articleSection":["Polityka"],"inLanguage":"pl-PL"},{"@type":"WebPage","@id":"https:\/\/www.pogotowieflagowe.pl\/aktualne\/mularczyk-w-rozmowie-trump-nawrocki-amerykanie-uwazaja-karol-za-wielki-sojusznik\/","url":"https:\/\/www.pogotowieflagowe.pl\/aktualne\/mularczyk-w-rozmowie-trump-nawrocki-amerykanie-uwazaja-karol-za-wielki-sojusznik\/","name":"Mularczyk w rozmowie Trump -Nawrocki: Amerykanie uwa\u017caj\u0105 Karol za wielki sojusznik - POGOTOWIE FLAGOWE\u00ae","isPartOf":{"@id":"https:\/\/www.pogotowieflagowe.pl\/aktualne\/#website"},"primaryImageOfPage":{"@id":"https:\/\/www.pogotowieflagowe.pl\/aktualne\/mularczyk-w-rozmowie-trump-nawrocki-amerykanie-uwazaja-karol-za-wielki-sojusznik\/#primaryimage"},"image":{"@id":"https:\/\/www.pogotowieflagowe.pl\/aktualne\/mularczyk-w-rozmowie-trump-nawrocki-amerykanie-uwazaja-karol-za-wielki-sojusznik\/#primaryimage"},"thumbnailUrl":"https:\/\/www.pogotowieflagowe.pl\/aktualne\/wp-content\/uploads\/2025\/06\/Mularczyk-w-rozmowie-Trump-Nawrocki-Amerykanie-uwazaja-Karol-za-wielki.jpg","datePublished":"2025-06-13T01:51:19+00:00","dateModified":"2025-06-13T01:51:22+00:00","breadcrumb":{"@id":"https:\/\/www.pogotowieflagowe.pl\/aktualne\/mularczyk-w-rozmowie-trump-nawrocki-amerykanie-uwazaja-karol-za-wielki-sojusznik\/#breadcrumb"},"inLanguage":"pl-PL","potentialAction":[{"@type":"ReadAction","target":["https:\/\/www.pogotowieflagowe.pl\/aktualne\/mularczyk-w-rozmowie-trump-nawrocki-amerykanie-uwazaja-karol-za-wielki-sojusznik\/"]}]},{"@type":"ImageObject","inLanguage":"pl-PL","@id":"https:\/\/www.pogotowieflagowe.pl\/aktualne\/mularczyk-w-rozmowie-trump-nawrocki-amerykanie-uwazaja-karol-za-wielki-sojusznik\/#primaryimage","url":"https:\/\/www.pogotowieflagowe.pl\/aktualne\/wp-content\/uploads\/2025\/06\/Mularczyk-w-rozmowie-Trump-Nawrocki-Amerykanie-uwazaja-Karol-za-wielki.jpg","contentUrl":"https:\/\/www.pogotowieflagowe.pl\/aktualne\/wp-content\/uploads\/2025\/06\/Mularczyk-w-rozmowie-Trump-Nawrocki-Amerykanie-uwazaja-Karol-za-wielki.jpg","width":1280,"height":720,"caption":"Mularczyk w rozmowie Trump -Nawrocki: Amerykanie uwa\u017caj\u0105 Karol za wielki sojusznik"},{"@type":"BreadcrumbList","@id":"https:\/\/www.pogotowieflagowe.pl\/aktualne\/mularczyk-w-rozmowie-trump-nawrocki-amerykanie-uwazaja-karol-za-wielki-sojusznik\/#breadcrumb","itemListElement":[{"@type":"ListItem","position":1,"name":"Home","item":"https:\/\/www.pogotowieflagowe.pl\/aktualne\/"},{"@type":"ListItem","position":2,"name":"Mularczyk w rozmowie Trump -Nawrocki: Amerykanie uwa\u017caj\u0105 Karol za wielki sojusznik"}]},{"@type":"WebSite","@id":"https:\/\/www.pogotowieflagowe.pl\/aktualne\/#website","url":"https:\/\/www.pogotowieflagowe.pl\/aktualne\/","name":"POGOTOWIE FLAGOWE\u00ae","description":"","publisher":{"@id":"https:\/\/www.pogotowieflagowe.pl\/aktualne\/#organization"},"potentialAction":[{"@type":"SearchAction","target":{"@type":"EntryPoint","urlTemplate":"https:\/\/www.pogotowieflagowe.pl\/aktualne\/?s={search_term_string}"},"query-input":"required name=search_term_string"}],"inLanguage":"pl-PL"},{"@type":"Organization","@id":"https:\/\/www.pogotowieflagowe.pl\/aktualne\/#organization","name":"POGOTOWIE FLAGOWE\u00ae","url":"https:\/\/www.pogotowieflagowe.pl\/aktualne\/","logo":{"@type":"ImageObject","inLanguage":"pl-PL","@id":"https:\/\/www.pogotowieflagowe.pl\/aktualne\/#\/schema\/logo\/image\/","url":"https:\/\/www.pogotowieflagowe.pl\/aktualne\/wp-content\/uploads\/2024\/08\/cropped-pogotowieflagowe_flaga_projekt_sm.jpg","contentUrl":"https:\/\/www.pogotowieflagowe.pl\/aktualne\/wp-content\/uploads\/2024\/08\/cropped-pogotowieflagowe_flaga_projekt_sm.jpg","width":250,"height":143,"caption":"POGOTOWIE FLAGOWE\u00ae"},"image":{"@id":"https:\/\/www.pogotowieflagowe.pl\/aktualne\/#\/schema\/logo\/image\/"}},{"@type":"Person","@id":"https:\/\/www.pogotowieflagowe.pl\/aktualne\/#\/schema\/person\/9c2fb7d2362ebf6fa088960d7f0d27b0","name":"Filip","image":{"@type":"ImageObject","inLanguage":"pl-PL","@id":"https:\/\/www.pogotowieflagowe.pl\/aktualne\/#\/schema\/person\/image\/","url":"https:\/\/www.pogotowieflagowe.pl\/aktualne\/wp-content\/uploads\/2024\/08\/pogotowieflagowe.pl_.jpg","contentUrl":"https:\/\/www.pogotowieflagowe.pl\/aktualne\/wp-content\/uploads\/2024\/08\/pogotowieflagowe.pl_.jpg","caption":"Filip"},"description":"Jestem Filip, polski dziennikarz z dyplomem nauk politycznych Uniwersytetu Warszawskiego. Rozpoczynaj\u0105c swoj\u0105 karier\u0119 w r\u00f3\u017cnych lokalnych mediach, zdoby\u0142em solidne do\u015bwiadczenie w zakresie \u015bledztwa i redakcji. Obecnie jako redaktor w Pogotowie flagowe, staram si\u0119 dostarcza\u0107 dog\u0142\u0119bne i istotne analizy na temat najwa\u017cniejszych kwestii aktualno\u015bci, \u0142\u0105cz\u0105c rygor z pasj\u0105 dziennikarsk\u0105.","sameAs":["https:\/\/www.pogotowieflagowe.pl\/"]}]}},"_links":{"self":[{"href":"https:\/\/www.pogotowieflagowe.pl\/aktualne\/wp-json\/wp\/v2\/posts\/6225","targetHints":{"allow":["GET"]}}],"collection":[{"href":"https:\/\/www.pogotowieflagowe.pl\/aktualne\/wp-json\/wp\/v2\/posts"}],"about":[{"href":"https:\/\/www.pogotowieflagowe.pl\/aktualne\/wp-json\/wp\/v2\/types\/post"}],"author":[{"embeddable":true,"href":"https:\/\/www.pogotowieflagowe.pl\/aktualne\/wp-json\/wp\/v2\/users\/1"}],"replies":[{"embeddable":true,"href":"https:\/\/www.pogotowieflagowe.pl\/aktualne\/wp-json\/wp\/v2\/comments?post=6225"}],"version-history":[{"count":1,"href":"https:\/\/www.pogotowieflagowe.pl\/aktualne\/wp-json\/wp\/v2\/posts\/6225\/revisions"}],"predecessor-version":[{"id":6227,"href":"https:\/\/www.pogotowieflagowe.pl\/aktualne\/wp-json\/wp\/v2\/posts\/6225\/revisions\/6227"}],"wp:featuredmedia":[{"embeddable":true,"href":"https:\/\/www.pogotowieflagowe.pl\/aktualne\/wp-json\/wp\/v2\/media\/6226"}],"wp:attachment":[{"href":"https:\/\/www.pogotowieflagowe.pl\/aktualne\/wp-json\/wp\/v2\/media?parent=6225"}],"wp:term":[{"taxonomy":"category","embeddable":true,"href":"https:\/\/www.pogotowieflagowe.pl\/aktualne\/wp-json\/wp\/v2\/categories?post=6225"},{"taxonomy":"post_tag","embeddable":true,"href":"https:\/\/www.pogotowieflagowe.pl\/aktualne\/wp-json\/wp\/v2\/tags?post=6225"}],"curies":[{"name":"wp","href":"https:\/\/api.w.org\/{rel}","templated":true}]}}