{"id":6233,"date":"2025-06-13T16:50:35","date_gmt":"2025-06-13T14:50:35","guid":{"rendered":"https:\/\/www.pogotowieflagowe.pl\/aktualne\/rewolucja-mediow-i-zmiana-polityczna-tomasz-sakiewicz-wzywa-do-zachowania-tego-prezentu\/"},"modified":"2025-06-13T16:50:36","modified_gmt":"2025-06-13T14:50:36","slug":"rewolucja-mediow-i-zmiana-polityczna-tomasz-sakiewicz-wzywa-do-zachowania-tego-prezentu","status":"publish","type":"post","link":"https:\/\/www.pogotowieflagowe.pl\/aktualne\/rewolucja-mediow-i-zmiana-polityczna-tomasz-sakiewicz-wzywa-do-zachowania-tego-prezentu\/","title":{"rendered":"Rewolucja medi\u00f3w i zmiana polityczna: Tomasz Sakiewicz wzywa do zachowania tego prezentu"},"content":{"rendered":"\n<div class=\"td_block_wrap tdb_single_content tdi_41 td-pb-border-top td_block_template_8 td-post-content tagdiv-type\" data-td-block-uid=\"tdi_41\">\n<style>.tdi_41 {margin-top: 0px! Wa\u017cne; margines-bottom: 0px! WA\u017bNY; PALDING-TOP: 0PX! WA\u017bNY; PALDING-BOTTOM: 0PX! WA\u017bNE}<\/style>\n<style>.tdb_single_content {margin-bottom: 0;*zoom: 1} .tdb_single_content: wcze\u015bniej, .tdb_single_content: po {display: Table; content: ''; line-height: 0} .TDB-BLOCK-INner>*: nie (.WP-BLOCK-QUOTE): not (.alignSwide): not (.Alignfull.wp-block-cover.has-parallax): not (.td-a-ad) {margin-left: auto; margin-right: auto} .tdb_single_ConTent a {wska\u017anik-events: auto} .tdb_single_content .td-spot-id-top_ad .tdc-placeholder-title: przed {content: \u201eArtyku\u0142 top ad\u201d! Wa\u017cne} .tdb_single_content .td-Spot-Id-inline_ad0 .tdc-placeholder-title 1 '! Wa\u017cne} .tdb_single_content .td-Spot-Id-inline_Ad1 .tdc-Placeholder-Title: przed {content: \u201eArtyku\u0142 inline AD 2'! Wa\u017cny} .tdb_single_content. 3 '! Wa\u017cne} .tdb_single_content .td-Spot-Id-Bottom_Ad .tdc-Placeholder-Title: przed {content: \u201eArtyku\u0142 Bottom Ad\u201d! Wa\u017cne} .tdb_single_content .id_top_ad, .tdb_single_content_content .id_bottom_ad {clear: oba; margin-bottom: 21px; text-align: Center} .tdb_single_content .id_top_ad img, .tdb_single_content .id_bottom_ad img {margin-bottom: 0} .tdb_single_conTent .id_top_ad .adsbyGoogle, .tdb_single_content .id_bottom_ad .adsbyGoogle {pozycja: relatyw} .tdb_single_content .id_ad_content-horiz-left, .tdb_single_content .id_ad_content-horiz-right, .tdb_single_content .id_ad_content-horiz-Center {margin-bottom: 15px} .tdb_single_content .id_ad_content-horiz-left Img, .tdb_single_content .id_ad_content-horiz-right img, .tdb_single_content .id_ad_content-horiz-centerter img {margin-bottom: 0} .tdb_single_content .id_ad_content-horiz-center {text-align: Center} .tdb_single_content .id_ad_content-horiz-center img {margin-right: auto; margin-let: auto} .tdb_single_content .id_ad_content-horiz-left {float: left; margin-top: 9px; margin-right: 21px} .tdb_single_content .id_ad_content-horiz-right {float: margin-top: 6px; margin-left: 21px} .tdb_single_content .tdc-a-a-ad .TDC-Placeholder-Title {szeroko\u015b\u0107: 300px; height: 250px} .tdb_single_content .tdc-a-ad .TDC-Placeholder-Title: Przed {Pozycja: Absolute; TOP: 50%;-WebKit-Transform: Translatey (-50%); Transform: Translatey (-50%); margines: auto; Display: Tabela; szeroko\u015b\u0107: 100%}. tdb_single_content .TDB-BLOCK-INNER.TD-FIX-INDEX {Word-Break: Break-word} .tdi_41, .tdi_41> p, .tdi_41 .tdb-block-inner> p, .Wp-Block-Column> p {font-size: 16px! Wa\u017cne; wa\u017cny; p {font-styl: normalne! Wa\u017cne} @media (Max-Width: 767px) {. tdb_single_content .id_ad_content-horiz-left, .tdb_single_content .id_ad_content-horiz-right, .tdb_single_content .id_ad_content-horiz-centter {Margin: 0 AUTO 26PXX auto}}@media (Max-Width: 767px) {. tdb_single_content .id_ad_content-horiz-left {margin-right: 0}}@media (max-width: 767px) {. (Max-Width: 767px) {. tdb_single_content .td-a-ad {float: none; text-align: Center} .tdb_single_content .td-a-ad img {margin-right: auto; margin-left: auto} .tdb_single_content .tdc-a-a-a-{margin-right: auto; margin-left: auto} .tdb_single_content .tdd<\/style>\n<div class=\"tdb-block-inner td-fix-index\">\n<p><strong>\u201eNie b\u0119d\u0119 bra\u0142 udzia\u0142u w konkursie, kt\u00f3ry zas\u0142uguje na najwi\u0119ksze uznanie za zmiany polityczne zachodz\u0105ce w Polsce\u201d &#8211; powiedzia\u0142 Eic Tomasz Sakiewicz. \u201eZmiany te nieuchronnie nadejd\u0105 po wyborach prezydenckich. Jedyne pytanie jest to, jak szybko i jak g\u0142\u0119boko si\u0119 wydarzy &#8211; poniewa\u017c proces rozk\u0142adu w obozie rz\u0105dz\u0105cym, a szerzej w lewicy liberalnej, ju\u017c si\u0119 rozpocz\u0105\u0142. Proces ten by\u0142 ostatecznie nieunikniony, chocia\u017c m\u00f3g\u0142 by\u0107 op\u00f3\u017aniony przez lata. Teraz, to nie jest mo\u017cliwe.\u201d<\/strong><\/p>\n<hr class=\"wp-block-separator has-alpha-channel-opacity\">\n<p>Wed\u0142ug Sakiewicza dalsze przyw\u00f3dztwo Donalda Tuska przez rz\u0105d spowoduje g\u0142\u0119bszy luz spo\u0142eczny tylko w nadchodz\u0105cych miesi\u0105cach. \u201eKontrolowane przej\u015bcie mo\u017ce spowolni\u0107 tempo zmian, ale nie zatrzyma go\u201d &#8211; doda\u0142.<\/p>\n<p>\u201eTo, co spowodowa\u0142o zmiany, kt\u00f3re mog\u0142y rozci\u0105gn\u0105\u0107 si\u0119 w ci\u0105gu dekady, nagle tak dramatycznie przyspieszy?\u201d &#8211; zapyta\u0142 Sakiewicz. \u201eZmiany w krajobrazie medialnym. Jest to niezwyk\u0142y rozw\u00f3j Telewizja Republika, p\u0119kanie ba\u0144ki medialnej i zasi\u0119g kana\u0142u w odbiorc\u00f3w wcze\u015bniej polegaj\u0105cych na informacjach z drugiej strony spektrum, kt\u00f3re doprowadzi\u0142y do \u200b\u200bmasowej zmiany nastroj\u00f3w wyborc\u00f3w od obozu rz\u0105dz\u0105cego. Ludzie nie chc\u0105 zosta\u0107 oszukani &#8211; szukaj\u0105 alternatywnych \u017ar\u00f3de\u0142 informacji i s\u0105 mo\u017cliwe do wyci\u0105gni\u0119cia w\u0142asnych ko\u0144c\u00f3wek.<\/p>\n<p>\u201eNic wi\u0119c dziwnego\u201d &#8211; kontynuowa\u0142 &#8211; \u201ew\u0142adze skupia\u0142y si\u0119 na Republika, w niezale\u017cnych mediach i na instytucjach, kt\u00f3re je wspieraj\u0105. Wniosek dla nas jest jasny: musimy teraz zrobi\u0107 wszystko, aby wspiera\u0107 zar\u00f3wno Republiki, jak i szerszy krajobraz niezale\u017cnych medi\u00f3w\u201d.<\/p>\n<\/div>\n<\/div>\n","protected":false},"excerpt":{"rendered":"<p>\u201eNie b\u0119d\u0119 bra\u0142 udzia\u0142u w konkursie, kt\u00f3ry zas\u0142uguje na najwi\u0119ksze uznanie za zmiany polityczne zachodz\u0105ce w Polsce\u201d &#8211; powiedzia\u0142 Eic<\/p>\n","protected":false},"author":1,"featured_media":6234,"comment_status":"closed","ping_status":"","sticky":false,"template":"","format":"standard","meta":{"footnotes":""},"categories":[4748],"tags":[1368,163,7987,2560,373,4768,372,1331,7986,2262],"class_list":["post-6233","post","type-post","status-publish","format-standard","has-post-thumbnail","hentry","category-aktualne","tag-mediow","tag-polityczna","tag-prezentu","tag-rewolucja","tag-sakiewicz","tag-tego","tag-tomasz","tag-wzywa","tag-zachowania","tag-zmiana","generate-columns","tablet-grid-50","mobile-grid-100","grid-parent","grid-50","resize-featured-image"],"yoast_head":"<!-- This site is optimized with the Yoast SEO plugin v23.2 - https:\/\/yoast.com\/wordpress\/plugins\/seo\/ -->\n<title>Rewolucja medi\u00f3w i zmiana polityczna: Tomasz Sakiewicz wzywa do zachowania tego prezentu - POGOTOWIE FLAGOWE\u00ae<\/title>\n<meta name=\"robots\" content=\"index, follow, max-snippet:-1, max-image-preview:large, max-video-preview:-1\" \/>\n<link rel=\"canonical\" href=\"https:\/\/www.pogotowieflagowe.pl\/aktualne\/rewolucja-mediow-i-zmiana-polityczna-tomasz-sakiewicz-wzywa-do-zachowania-tego-prezentu\/\" \/>\n<meta property=\"og:locale\" content=\"pl_PL\" \/>\n<meta property=\"og:type\" content=\"article\" \/>\n<meta property=\"og:title\" content=\"Rewolucja medi\u00f3w i zmiana polityczna: Tomasz Sakiewicz wzywa do zachowania tego prezentu - POGOTOWIE FLAGOWE\u00ae\" \/>\n<meta property=\"og:description\" content=\"\u201eNie b\u0119d\u0119 bra\u0142 udzia\u0142u w konkursie, kt\u00f3ry zas\u0142uguje na najwi\u0119ksze uznanie za zmiany polityczne zachodz\u0105ce w Polsce\u201d &#8211; powiedzia\u0142 Eic\" \/>\n<meta property=\"og:url\" content=\"https:\/\/www.pogotowieflagowe.pl\/aktualne\/rewolucja-mediow-i-zmiana-polityczna-tomasz-sakiewicz-wzywa-do-zachowania-tego-prezentu\/\" \/>\n<meta property=\"og:site_name\" content=\"POGOTOWIE FLAGOWE\u00ae\" \/>\n<meta property=\"article:published_time\" content=\"2025-06-13T14:50:35+00:00\" \/>\n<meta property=\"article:modified_time\" content=\"2025-06-13T14:50:36+00:00\" \/>\n<meta property=\"og:image\" content=\"https:\/\/www.pogotowieflagowe.pl\/aktualne\/wp-content\/uploads\/2025\/06\/Rewolucja-mediow-i-zmiana-polityczna-Tomasz-Sakiewicz-wzywa-do-zachowania.webp.webp\" \/>\n\t<meta property=\"og:image:width\" content=\"1280\" \/>\n\t<meta property=\"og:image:height\" content=\"720\" \/>\n\t<meta property=\"og:image:type\" content=\"image\/webp\" \/>\n<meta name=\"author\" content=\"Filip\" \/>\n<meta name=\"twitter:card\" content=\"summary_large_image\" \/>\n<meta name=\"twitter:label1\" content=\"Napisane przez\" \/>\n\t<meta name=\"twitter:data1\" content=\"Filip\" \/>\n\t<meta name=\"twitter:label2\" content=\"Szacowany czas czytania\" \/>\n\t<meta name=\"twitter:data2\" content=\"1 minuta\" \/>\n<script type=\"application\/ld+json\" class=\"yoast-schema-graph\">{\"@context\":\"https:\/\/schema.org\",\"@graph\":[{\"@type\":\"Article\",\"@id\":\"https:\/\/www.pogotowieflagowe.pl\/aktualne\/rewolucja-mediow-i-zmiana-polityczna-tomasz-sakiewicz-wzywa-do-zachowania-tego-prezentu\/#article\",\"isPartOf\":{\"@id\":\"https:\/\/www.pogotowieflagowe.pl\/aktualne\/rewolucja-mediow-i-zmiana-polityczna-tomasz-sakiewicz-wzywa-do-zachowania-tego-prezentu\/\"},\"author\":{\"name\":\"Filip\",\"@id\":\"https:\/\/www.pogotowieflagowe.pl\/aktualne\/#\/schema\/person\/9c2fb7d2362ebf6fa088960d7f0d27b0\"},\"headline\":\"Rewolucja medi\u00f3w i zmiana polityczna: Tomasz Sakiewicz wzywa do zachowania tego prezentu\",\"datePublished\":\"2025-06-13T14:50:35+00:00\",\"dateModified\":\"2025-06-13T14:50:36+00:00\",\"mainEntityOfPage\":{\"@id\":\"https:\/\/www.pogotowieflagowe.pl\/aktualne\/rewolucja-mediow-i-zmiana-polityczna-tomasz-sakiewicz-wzywa-do-zachowania-tego-prezentu\/\"},\"wordCount\":279,\"publisher\":{\"@id\":\"https:\/\/www.pogotowieflagowe.pl\/aktualne\/#organization\"},\"image\":{\"@id\":\"https:\/\/www.pogotowieflagowe.pl\/aktualne\/rewolucja-mediow-i-zmiana-polityczna-tomasz-sakiewicz-wzywa-do-zachowania-tego-prezentu\/#primaryimage\"},\"thumbnailUrl\":\"https:\/\/www.pogotowieflagowe.pl\/aktualne\/wp-content\/uploads\/2025\/06\/Rewolucja-mediow-i-zmiana-polityczna-Tomasz-Sakiewicz-wzywa-do-zachowania.webp.webp\",\"keywords\":[\"Medi\u00f3w\",\"polityczna\",\"prezentu\",\"Rewolucja\",\"Sakiewicz\",\"tego\",\"Tomasz\",\"wzywa\",\"zachowania\",\"zmiana\"],\"articleSection\":[\"Aktualne\"],\"inLanguage\":\"pl-PL\"},{\"@type\":\"WebPage\",\"@id\":\"https:\/\/www.pogotowieflagowe.pl\/aktualne\/rewolucja-mediow-i-zmiana-polityczna-tomasz-sakiewicz-wzywa-do-zachowania-tego-prezentu\/\",\"url\":\"https:\/\/www.pogotowieflagowe.pl\/aktualne\/rewolucja-mediow-i-zmiana-polityczna-tomasz-sakiewicz-wzywa-do-zachowania-tego-prezentu\/\",\"name\":\"Rewolucja medi\u00f3w i zmiana polityczna: Tomasz Sakiewicz wzywa do zachowania tego prezentu - POGOTOWIE FLAGOWE\u00ae\",\"isPartOf\":{\"@id\":\"https:\/\/www.pogotowieflagowe.pl\/aktualne\/#website\"},\"primaryImageOfPage\":{\"@id\":\"https:\/\/www.pogotowieflagowe.pl\/aktualne\/rewolucja-mediow-i-zmiana-polityczna-tomasz-sakiewicz-wzywa-do-zachowania-tego-prezentu\/#primaryimage\"},\"image\":{\"@id\":\"https:\/\/www.pogotowieflagowe.pl\/aktualne\/rewolucja-mediow-i-zmiana-polityczna-tomasz-sakiewicz-wzywa-do-zachowania-tego-prezentu\/#primaryimage\"},\"thumbnailUrl\":\"https:\/\/www.pogotowieflagowe.pl\/aktualne\/wp-content\/uploads\/2025\/06\/Rewolucja-mediow-i-zmiana-polityczna-Tomasz-Sakiewicz-wzywa-do-zachowania.webp.webp\",\"datePublished\":\"2025-06-13T14:50:35+00:00\",\"dateModified\":\"2025-06-13T14:50:36+00:00\",\"breadcrumb\":{\"@id\":\"https:\/\/www.pogotowieflagowe.pl\/aktualne\/rewolucja-mediow-i-zmiana-polityczna-tomasz-sakiewicz-wzywa-do-zachowania-tego-prezentu\/#breadcrumb\"},\"inLanguage\":\"pl-PL\",\"potentialAction\":[{\"@type\":\"ReadAction\",\"target\":[\"https:\/\/www.pogotowieflagowe.pl\/aktualne\/rewolucja-mediow-i-zmiana-polityczna-tomasz-sakiewicz-wzywa-do-zachowania-tego-prezentu\/\"]}]},{\"@type\":\"ImageObject\",\"inLanguage\":\"pl-PL\",\"@id\":\"https:\/\/www.pogotowieflagowe.pl\/aktualne\/rewolucja-mediow-i-zmiana-polityczna-tomasz-sakiewicz-wzywa-do-zachowania-tego-prezentu\/#primaryimage\",\"url\":\"https:\/\/www.pogotowieflagowe.pl\/aktualne\/wp-content\/uploads\/2025\/06\/Rewolucja-mediow-i-zmiana-polityczna-Tomasz-Sakiewicz-wzywa-do-zachowania.webp.webp\",\"contentUrl\":\"https:\/\/www.pogotowieflagowe.pl\/aktualne\/wp-content\/uploads\/2025\/06\/Rewolucja-mediow-i-zmiana-polityczna-Tomasz-Sakiewicz-wzywa-do-zachowania.webp.webp\",\"width\":1280,\"height\":720,\"caption\":\"Rewolucja medi\u00f3w i zmiana polityczna: Tomasz Sakiewicz wzywa do zachowania tego prezentu\"},{\"@type\":\"BreadcrumbList\",\"@id\":\"https:\/\/www.pogotowieflagowe.pl\/aktualne\/rewolucja-mediow-i-zmiana-polityczna-tomasz-sakiewicz-wzywa-do-zachowania-tego-prezentu\/#breadcrumb\",\"itemListElement\":[{\"@type\":\"ListItem\",\"position\":1,\"name\":\"Home\",\"item\":\"https:\/\/www.pogotowieflagowe.pl\/aktualne\/\"},{\"@type\":\"ListItem\",\"position\":2,\"name\":\"Rewolucja medi\u00f3w i zmiana polityczna: Tomasz Sakiewicz wzywa do zachowania tego prezentu\"}]},{\"@type\":\"WebSite\",\"@id\":\"https:\/\/www.pogotowieflagowe.pl\/aktualne\/#website\",\"url\":\"https:\/\/www.pogotowieflagowe.pl\/aktualne\/\",\"name\":\"POGOTOWIE FLAGOWE\u00ae\",\"description\":\"\",\"publisher\":{\"@id\":\"https:\/\/www.pogotowieflagowe.pl\/aktualne\/#organization\"},\"potentialAction\":[{\"@type\":\"SearchAction\",\"target\":{\"@type\":\"EntryPoint\",\"urlTemplate\":\"https:\/\/www.pogotowieflagowe.pl\/aktualne\/?s={search_term_string}\"},\"query-input\":\"required name=search_term_string\"}],\"inLanguage\":\"pl-PL\"},{\"@type\":\"Organization\",\"@id\":\"https:\/\/www.pogotowieflagowe.pl\/aktualne\/#organization\",\"name\":\"POGOTOWIE FLAGOWE\u00ae\",\"url\":\"https:\/\/www.pogotowieflagowe.pl\/aktualne\/\",\"logo\":{\"@type\":\"ImageObject\",\"inLanguage\":\"pl-PL\",\"@id\":\"https:\/\/www.pogotowieflagowe.pl\/aktualne\/#\/schema\/logo\/image\/\",\"url\":\"https:\/\/www.pogotowieflagowe.pl\/aktualne\/wp-content\/uploads\/2024\/08\/cropped-pogotowieflagowe_flaga_projekt_sm.jpg\",\"contentUrl\":\"https:\/\/www.pogotowieflagowe.pl\/aktualne\/wp-content\/uploads\/2024\/08\/cropped-pogotowieflagowe_flaga_projekt_sm.jpg\",\"width\":250,\"height\":143,\"caption\":\"POGOTOWIE FLAGOWE\u00ae\"},\"image\":{\"@id\":\"https:\/\/www.pogotowieflagowe.pl\/aktualne\/#\/schema\/logo\/image\/\"}},{\"@type\":\"Person\",\"@id\":\"https:\/\/www.pogotowieflagowe.pl\/aktualne\/#\/schema\/person\/9c2fb7d2362ebf6fa088960d7f0d27b0\",\"name\":\"Filip\",\"image\":{\"@type\":\"ImageObject\",\"inLanguage\":\"pl-PL\",\"@id\":\"https:\/\/www.pogotowieflagowe.pl\/aktualne\/#\/schema\/person\/image\/\",\"url\":\"https:\/\/www.pogotowieflagowe.pl\/aktualne\/wp-content\/uploads\/2024\/08\/pogotowieflagowe.pl_.jpg\",\"contentUrl\":\"https:\/\/www.pogotowieflagowe.pl\/aktualne\/wp-content\/uploads\/2024\/08\/pogotowieflagowe.pl_.jpg\",\"caption\":\"Filip\"},\"description\":\"Jestem Filip, polski dziennikarz z dyplomem nauk politycznych Uniwersytetu Warszawskiego. Rozpoczynaj\u0105c swoj\u0105 karier\u0119 w r\u00f3\u017cnych lokalnych mediach, zdoby\u0142em solidne do\u015bwiadczenie w zakresie \u015bledztwa i redakcji. Obecnie jako redaktor w Pogotowie flagowe, staram si\u0119 dostarcza\u0107 dog\u0142\u0119bne i istotne analizy na temat najwa\u017cniejszych kwestii aktualno\u015bci, \u0142\u0105cz\u0105c rygor z pasj\u0105 dziennikarsk\u0105.\",\"sameAs\":[\"https:\/\/www.pogotowieflagowe.pl\/\"]}]}<\/script>\n<!-- \/ Yoast SEO plugin. -->","yoast_head_json":{"title":"Rewolucja medi\u00f3w i zmiana polityczna: Tomasz Sakiewicz wzywa do zachowania tego prezentu - POGOTOWIE FLAGOWE\u00ae","robots":{"index":"index","follow":"follow","max-snippet":"max-snippet:-1","max-image-preview":"max-image-preview:large","max-video-preview":"max-video-preview:-1"},"canonical":"https:\/\/www.pogotowieflagowe.pl\/aktualne\/rewolucja-mediow-i-zmiana-polityczna-tomasz-sakiewicz-wzywa-do-zachowania-tego-prezentu\/","og_locale":"pl_PL","og_type":"article","og_title":"Rewolucja medi\u00f3w i zmiana polityczna: Tomasz Sakiewicz wzywa do zachowania tego prezentu - POGOTOWIE FLAGOWE\u00ae","og_description":"\u201eNie b\u0119d\u0119 bra\u0142 udzia\u0142u w konkursie, kt\u00f3ry zas\u0142uguje na najwi\u0119ksze uznanie za zmiany polityczne zachodz\u0105ce w Polsce\u201d &#8211; powiedzia\u0142 Eic","og_url":"https:\/\/www.pogotowieflagowe.pl\/aktualne\/rewolucja-mediow-i-zmiana-polityczna-tomasz-sakiewicz-wzywa-do-zachowania-tego-prezentu\/","og_site_name":"POGOTOWIE FLAGOWE\u00ae","article_published_time":"2025-06-13T14:50:35+00:00","article_modified_time":"2025-06-13T14:50:36+00:00","og_image":[{"width":1280,"height":720,"url":"https:\/\/www.pogotowieflagowe.pl\/aktualne\/wp-content\/uploads\/2025\/06\/Rewolucja-mediow-i-zmiana-polityczna-Tomasz-Sakiewicz-wzywa-do-zachowania.webp.webp","type":"image\/webp"}],"author":"Filip","twitter_card":"summary_large_image","twitter_misc":{"Napisane przez":"Filip","Szacowany czas czytania":"1 minuta"},"schema":{"@context":"https:\/\/schema.org","@graph":[{"@type":"Article","@id":"https:\/\/www.pogotowieflagowe.pl\/aktualne\/rewolucja-mediow-i-zmiana-polityczna-tomasz-sakiewicz-wzywa-do-zachowania-tego-prezentu\/#article","isPartOf":{"@id":"https:\/\/www.pogotowieflagowe.pl\/aktualne\/rewolucja-mediow-i-zmiana-polityczna-tomasz-sakiewicz-wzywa-do-zachowania-tego-prezentu\/"},"author":{"name":"Filip","@id":"https:\/\/www.pogotowieflagowe.pl\/aktualne\/#\/schema\/person\/9c2fb7d2362ebf6fa088960d7f0d27b0"},"headline":"Rewolucja medi\u00f3w i zmiana polityczna: Tomasz Sakiewicz wzywa do zachowania tego prezentu","datePublished":"2025-06-13T14:50:35+00:00","dateModified":"2025-06-13T14:50:36+00:00","mainEntityOfPage":{"@id":"https:\/\/www.pogotowieflagowe.pl\/aktualne\/rewolucja-mediow-i-zmiana-polityczna-tomasz-sakiewicz-wzywa-do-zachowania-tego-prezentu\/"},"wordCount":279,"publisher":{"@id":"https:\/\/www.pogotowieflagowe.pl\/aktualne\/#organization"},"image":{"@id":"https:\/\/www.pogotowieflagowe.pl\/aktualne\/rewolucja-mediow-i-zmiana-polityczna-tomasz-sakiewicz-wzywa-do-zachowania-tego-prezentu\/#primaryimage"},"thumbnailUrl":"https:\/\/www.pogotowieflagowe.pl\/aktualne\/wp-content\/uploads\/2025\/06\/Rewolucja-mediow-i-zmiana-polityczna-Tomasz-Sakiewicz-wzywa-do-zachowania.webp.webp","keywords":["Medi\u00f3w","polityczna","prezentu","Rewolucja","Sakiewicz","tego","Tomasz","wzywa","zachowania","zmiana"],"articleSection":["Aktualne"],"inLanguage":"pl-PL"},{"@type":"WebPage","@id":"https:\/\/www.pogotowieflagowe.pl\/aktualne\/rewolucja-mediow-i-zmiana-polityczna-tomasz-sakiewicz-wzywa-do-zachowania-tego-prezentu\/","url":"https:\/\/www.pogotowieflagowe.pl\/aktualne\/rewolucja-mediow-i-zmiana-polityczna-tomasz-sakiewicz-wzywa-do-zachowania-tego-prezentu\/","name":"Rewolucja medi\u00f3w i zmiana polityczna: Tomasz Sakiewicz wzywa do zachowania tego prezentu - POGOTOWIE FLAGOWE\u00ae","isPartOf":{"@id":"https:\/\/www.pogotowieflagowe.pl\/aktualne\/#website"},"primaryImageOfPage":{"@id":"https:\/\/www.pogotowieflagowe.pl\/aktualne\/rewolucja-mediow-i-zmiana-polityczna-tomasz-sakiewicz-wzywa-do-zachowania-tego-prezentu\/#primaryimage"},"image":{"@id":"https:\/\/www.pogotowieflagowe.pl\/aktualne\/rewolucja-mediow-i-zmiana-polityczna-tomasz-sakiewicz-wzywa-do-zachowania-tego-prezentu\/#primaryimage"},"thumbnailUrl":"https:\/\/www.pogotowieflagowe.pl\/aktualne\/wp-content\/uploads\/2025\/06\/Rewolucja-mediow-i-zmiana-polityczna-Tomasz-Sakiewicz-wzywa-do-zachowania.webp.webp","datePublished":"2025-06-13T14:50:35+00:00","dateModified":"2025-06-13T14:50:36+00:00","breadcrumb":{"@id":"https:\/\/www.pogotowieflagowe.pl\/aktualne\/rewolucja-mediow-i-zmiana-polityczna-tomasz-sakiewicz-wzywa-do-zachowania-tego-prezentu\/#breadcrumb"},"inLanguage":"pl-PL","potentialAction":[{"@type":"ReadAction","target":["https:\/\/www.pogotowieflagowe.pl\/aktualne\/rewolucja-mediow-i-zmiana-polityczna-tomasz-sakiewicz-wzywa-do-zachowania-tego-prezentu\/"]}]},{"@type":"ImageObject","inLanguage":"pl-PL","@id":"https:\/\/www.pogotowieflagowe.pl\/aktualne\/rewolucja-mediow-i-zmiana-polityczna-tomasz-sakiewicz-wzywa-do-zachowania-tego-prezentu\/#primaryimage","url":"https:\/\/www.pogotowieflagowe.pl\/aktualne\/wp-content\/uploads\/2025\/06\/Rewolucja-mediow-i-zmiana-polityczna-Tomasz-Sakiewicz-wzywa-do-zachowania.webp.webp","contentUrl":"https:\/\/www.pogotowieflagowe.pl\/aktualne\/wp-content\/uploads\/2025\/06\/Rewolucja-mediow-i-zmiana-polityczna-Tomasz-Sakiewicz-wzywa-do-zachowania.webp.webp","width":1280,"height":720,"caption":"Rewolucja medi\u00f3w i zmiana polityczna: Tomasz Sakiewicz wzywa do zachowania tego prezentu"},{"@type":"BreadcrumbList","@id":"https:\/\/www.pogotowieflagowe.pl\/aktualne\/rewolucja-mediow-i-zmiana-polityczna-tomasz-sakiewicz-wzywa-do-zachowania-tego-prezentu\/#breadcrumb","itemListElement":[{"@type":"ListItem","position":1,"name":"Home","item":"https:\/\/www.pogotowieflagowe.pl\/aktualne\/"},{"@type":"ListItem","position":2,"name":"Rewolucja medi\u00f3w i zmiana polityczna: Tomasz Sakiewicz wzywa do zachowania tego prezentu"}]},{"@type":"WebSite","@id":"https:\/\/www.pogotowieflagowe.pl\/aktualne\/#website","url":"https:\/\/www.pogotowieflagowe.pl\/aktualne\/","name":"POGOTOWIE FLAGOWE\u00ae","description":"","publisher":{"@id":"https:\/\/www.pogotowieflagowe.pl\/aktualne\/#organization"},"potentialAction":[{"@type":"SearchAction","target":{"@type":"EntryPoint","urlTemplate":"https:\/\/www.pogotowieflagowe.pl\/aktualne\/?s={search_term_string}"},"query-input":"required name=search_term_string"}],"inLanguage":"pl-PL"},{"@type":"Organization","@id":"https:\/\/www.pogotowieflagowe.pl\/aktualne\/#organization","name":"POGOTOWIE FLAGOWE\u00ae","url":"https:\/\/www.pogotowieflagowe.pl\/aktualne\/","logo":{"@type":"ImageObject","inLanguage":"pl-PL","@id":"https:\/\/www.pogotowieflagowe.pl\/aktualne\/#\/schema\/logo\/image\/","url":"https:\/\/www.pogotowieflagowe.pl\/aktualne\/wp-content\/uploads\/2024\/08\/cropped-pogotowieflagowe_flaga_projekt_sm.jpg","contentUrl":"https:\/\/www.pogotowieflagowe.pl\/aktualne\/wp-content\/uploads\/2024\/08\/cropped-pogotowieflagowe_flaga_projekt_sm.jpg","width":250,"height":143,"caption":"POGOTOWIE FLAGOWE\u00ae"},"image":{"@id":"https:\/\/www.pogotowieflagowe.pl\/aktualne\/#\/schema\/logo\/image\/"}},{"@type":"Person","@id":"https:\/\/www.pogotowieflagowe.pl\/aktualne\/#\/schema\/person\/9c2fb7d2362ebf6fa088960d7f0d27b0","name":"Filip","image":{"@type":"ImageObject","inLanguage":"pl-PL","@id":"https:\/\/www.pogotowieflagowe.pl\/aktualne\/#\/schema\/person\/image\/","url":"https:\/\/www.pogotowieflagowe.pl\/aktualne\/wp-content\/uploads\/2024\/08\/pogotowieflagowe.pl_.jpg","contentUrl":"https:\/\/www.pogotowieflagowe.pl\/aktualne\/wp-content\/uploads\/2024\/08\/pogotowieflagowe.pl_.jpg","caption":"Filip"},"description":"Jestem Filip, polski dziennikarz z dyplomem nauk politycznych Uniwersytetu Warszawskiego. Rozpoczynaj\u0105c swoj\u0105 karier\u0119 w r\u00f3\u017cnych lokalnych mediach, zdoby\u0142em solidne do\u015bwiadczenie w zakresie \u015bledztwa i redakcji. Obecnie jako redaktor w Pogotowie flagowe, staram si\u0119 dostarcza\u0107 dog\u0142\u0119bne i istotne analizy na temat najwa\u017cniejszych kwestii aktualno\u015bci, \u0142\u0105cz\u0105c rygor z pasj\u0105 dziennikarsk\u0105.","sameAs":["https:\/\/www.pogotowieflagowe.pl\/"]}]}},"_links":{"self":[{"href":"https:\/\/www.pogotowieflagowe.pl\/aktualne\/wp-json\/wp\/v2\/posts\/6233","targetHints":{"allow":["GET"]}}],"collection":[{"href":"https:\/\/www.pogotowieflagowe.pl\/aktualne\/wp-json\/wp\/v2\/posts"}],"about":[{"href":"https:\/\/www.pogotowieflagowe.pl\/aktualne\/wp-json\/wp\/v2\/types\/post"}],"author":[{"embeddable":true,"href":"https:\/\/www.pogotowieflagowe.pl\/aktualne\/wp-json\/wp\/v2\/users\/1"}],"replies":[{"embeddable":true,"href":"https:\/\/www.pogotowieflagowe.pl\/aktualne\/wp-json\/wp\/v2\/comments?post=6233"}],"version-history":[{"count":1,"href":"https:\/\/www.pogotowieflagowe.pl\/aktualne\/wp-json\/wp\/v2\/posts\/6233\/revisions"}],"predecessor-version":[{"id":6235,"href":"https:\/\/www.pogotowieflagowe.pl\/aktualne\/wp-json\/wp\/v2\/posts\/6233\/revisions\/6235"}],"wp:featuredmedia":[{"embeddable":true,"href":"https:\/\/www.pogotowieflagowe.pl\/aktualne\/wp-json\/wp\/v2\/media\/6234"}],"wp:attachment":[{"href":"https:\/\/www.pogotowieflagowe.pl\/aktualne\/wp-json\/wp\/v2\/media?parent=6233"}],"wp:term":[{"taxonomy":"category","embeddable":true,"href":"https:\/\/www.pogotowieflagowe.pl\/aktualne\/wp-json\/wp\/v2\/categories?post=6233"},{"taxonomy":"post_tag","embeddable":true,"href":"https:\/\/www.pogotowieflagowe.pl\/aktualne\/wp-json\/wp\/v2\/tags?post=6233"}],"curies":[{"name":"wp","href":"https:\/\/api.w.org\/{rel}","templated":true}]}}