{"id":6281,"date":"2025-06-16T09:47:20","date_gmt":"2025-06-16T07:47:20","guid":{"rendered":"https:\/\/www.pogotowieflagowe.pl\/aktualne\/ewakuacja-z-bliskiego-wschodu-koalicja-z-13-grudnia-wymaga-od-polakow-pokrycia-kosztow-transportu\/"},"modified":"2025-06-16T09:47:21","modified_gmt":"2025-06-16T07:47:21","slug":"ewakuacja-z-bliskiego-wschodu-koalicja-z-13-grudnia-wymaga-od-polakow-pokrycia-kosztow-transportu","status":"publish","type":"post","link":"https:\/\/www.pogotowieflagowe.pl\/aktualne\/ewakuacja-z-bliskiego-wschodu-koalicja-z-13-grudnia-wymaga-od-polakow-pokrycia-kosztow-transportu\/","title":{"rendered":"Ewakuacja z Bliskiego Wschodu: koalicja z 13 grudnia wymaga od Polak\u00f3w pokrycia koszt\u00f3w transportu"},"content":{"rendered":"\n<div class=\"td_block_wrap tdb_single_content tdi_41 td-pb-border-top td_block_template_8 td-post-content tagdiv-type\" data-td-block-uid=\"tdi_41\">\n<style>.tdi_41 {margin-top: 0px! Wa\u017cne; margines-bottom: 0px! WA\u017bNY; PALDING-TOP: 0PX! WA\u017bNY; PALDING-BOTTOM: 0PX! WA\u017bNE}<\/style>\n<style>.tdb_single_content {margin-bottom: 0;*zoom: 1} .tdb_single_content: wcze\u015bniej, .tdb_single_content: po {display: Table; content: ''; line-height: 0} .TDB-BLOCK-INner>*: nie (.WP-BLOCK-QUOTE): not (.alignSwide): not (.Alignfull.wp-block-cover.has-parallax): not (.td-a-ad) {margin-left: auto; margin-right: auto} .tdb_single_ConTent a {wska\u017anik-events: auto} .tdb_single_content .td-spot-id-top_ad .tdc-placeholder-title: przed {content: \u201eArtyku\u0142 top ad\u201d! Wa\u017cne} .tdb_single_content .td-Spot-Id-inline_ad0 .tdc-placeholder-title 1 '! Wa\u017cne} .tdb_single_content .td-Spot-Id-inline_Ad1 .tdc-Placeholder-Title: przed {content: \u201eArtyku\u0142 inline AD 2'! Wa\u017cny} .tdb_single_content. 3 '! Wa\u017cne} .tdb_single_content .td-Spot-Id-Bottom_Ad .tdc-Placeholder-Title: przed {content: \u201eArtyku\u0142 Bottom Ad\u201d! Wa\u017cne} .tdb_single_content .id_top_ad, .tdb_single_content_content .id_bottom_ad {clear: oba; margin-bottom: 21px; text-align: Center} .tdb_single_content .id_top_ad img, .tdb_single_content .id_bottom_ad img {margin-bottom: 0} .tdb_single_conTent .id_top_ad .adsbyGoogle, .tdb_single_content .id_bottom_ad .adsbyGoogle {pozycja: relatyw} .tdb_single_content .id_ad_content-horiz-left, .tdb_single_content .id_ad_content-horiz-right, .tdb_single_content .id_ad_content-horiz-Center {margin-bottom: 15px} .tdb_single_content .id_ad_content-horiz-left Img, .tdb_single_content .id_ad_content-horiz-right img, .tdb_single_content .id_ad_content-horiz-centerter img {margin-bottom: 0} .tdb_single_content .id_ad_content-horiz-center {text-align: Center} .tdb_single_content .id_ad_content-horiz-center img {margin-right: auto; margin-let: auto} .tdb_single_content .id_ad_content-horiz-left {float: left; margin-top: 9px; margin-right: 21px} .tdb_single_content .id_ad_content-horiz-right {float: margin-top: 6px; margin-left: 21px} .tdb_single_content .tdc-a-a-ad .TDC-Placeholder-Title {szeroko\u015b\u0107: 300px; height: 250px} .tdb_single_content .tdc-a-ad .TDC-Placeholder-Title: Przed {Pozycja: Absolute; TOP: 50%;-WebKit-Transform: Translatey (-50%); Transform: Translatey (-50%); margines: auto; Display: Tabela; szeroko\u015b\u0107: 100%}. tdb_single_content .TDB-BLOCK-INNER.TD-FIX-INDEX {Word-Break: Break-word} .tdi_41, .tdi_41> p, .tdi_41 .tdb-block-inner> p, .Wp-Block-Column> p {font-size: 16px! Wa\u017cne; wa\u017cny; p {font-styl: normalne! Wa\u017cne} @media (Max-Width: 767px) {. tdb_single_content .id_ad_content-horiz-left, .tdb_single_content .id_ad_content-horiz-right, .tdb_single_content .id_ad_content-horiz-centter {Margin: 0 AUTO 26PXX auto}}@media (Max-Width: 767px) {. tdb_single_content .id_ad_content-horiz-left {margin-right: 0}}@media (max-width: 767px) {. (Max-Width: 767px) {. tdb_single_content .td-a-ad {float: none; text-align: Center} .tdb_single_content .td-a-ad img {margin-right: auto; margin-left: auto} .tdb_single_content .tdc-a-a-a-{margin-right: auto; margin-left: auto} .tdb_single_content .tdd<\/style>\n<div class=\"tdb-block-inner td-fix-index\">\n<p>Radio Zet dowiedzia\u0142 si\u0119, \u017ce ewakuacja polskich obywateli z Izraela i szerszego Bliskiego Wschodu jest wst\u0119pnie zaplanowana na poniedzia\u0142ek lub wtorek. Okaza\u0142o si\u0119 jednak, \u017ce operacja zostanie przeprowadzona przez prywatne firmy, a obywatele polscy b\u0119d\u0105 zobowi\u0105zani do pokrycia koszt\u00f3w podr\u00f3\u017cy. W ten spos\u00f3b rz\u0105d premiera Tuska, kierowany przez ministra spraw zagranicznych Radrob\u0142a Sikorski, zajmuje si\u0119 dobrobytem swoich obywateli za granic\u0105.<\/p>\n<figure class=\"wp-block-embed is-type-rich is-provider-twitter wp-block-embed-twitter\">\n<div class=\"wp-block-embed__wrapper\">\n<blockquote class=\"twitter-tweet\" data-width=\"550\" data-dnt=\"true\">\n<p lang=\"pl\" dir=\"ltr\">\ud83d\ude31 Co za \u017cenada (je\u015bli to Prrawda)\u2026<\/p>\n<p>W SYTUACJI Absolutnie Kryzysowej &#8211; Zagro\u017cenia Dziaa\u0142aniami Wojenmi &#8211; Rz\u0105d Pobiera Opadaty Za Udzielelen Pomocy \ud83c\uddf5\ud83c\uddf1 OBYWATELOM! <\/p>\n<p>SYTUACJA BUDSETU Musi By brawd\u0119 Powa\u017cna.<\/p>\n<p>Jak Tak DaleJ Pojdzie, Zaraz Tusk Ka\u017ce Placicia Za Wzywanie Policji I\u2026 <a rel=\"nofollow\" href=\"https:\/\/t.co\/zGKkDIPhJd\">pic.twitter.com\/zgkkdiphjd<\/a><\/p>\n<p>&#8211; \ud83c\uddf5\ud83c\uddf1 Paw\u0142od Jab\u0142o\u0144ski (@paweljablonski_) <a rel=\"nofollow\" href=\"https:\/\/twitter.com\/paweljablonski_\/status\/1934195871421235292?ref_src=twsrc%5Etfw\">15 czerwca 2025 r<\/a><\/p><\/blockquote>\n<\/div>\n<\/figure>\n<p><strong>Tak wygl\u0105da ewakuacja pod Tusk<\/strong><\/p>\n<p>Wed\u0142ug Radio Zet \u201eUzgodnienia transportowe s\u0105 koordynowane przez nasz\u0105 ambasad\u0119 i konsulat w Tel Awiwie. Polska misja dyplomatyczna ma list\u0119 ponad 200 os\u00f3b obecnie w Izraelu, kt\u00f3re zarejestrowa\u0142y si\u0119 w systemie Odyseusza\u201d. Ambasada um\u00f3wi\u0142a si\u0119 na prywatn\u0105 firm\u0119 do transportu polskich obywateli autobusem do Jordanii lub Egiptu, sk\u0105d b\u0119d\u0105 lata\u0107 do Europy. Je\u015bli wyst\u0105pi\u0105 wyd\u0142u\u017cone czasy oczekiwania na loty, konieczne b\u0119d\u0105 dodatkowe zakwaterowanie z dnia na dzie\u0144.<\/p>\n<p>Komentatorzy online gwa\u0142townie krytykuj\u0105 podej\u015bcie rz\u0105dowe &#8211; oceniaj\u0105c je po raz kolejny okazuj\u0105c si\u0119 \u201epa\u0144stwem kartonowym\u201d, w kt\u00f3rym obywatele nie mog\u0105 polega\u0107 na swoim kraju, nawet w obliczu konfliktu zbrojnego.<\/p>\n<p>Podczas g\u0142\u00f3wnej ewakuacji w sierpniu 2021 r. Pa\u0144stwo polskie zapewni\u0142o bezpieczny zwrot nie tylko obywateli polskich, ale tak\u017ce obywateli afga\u0144skiej, kt\u00f3rzy wsp\u00f3\u0142pracowali z si\u0142ami polskimi i sojuszniczymi w regionie. W tym czasie rz\u0105d PIS pokry\u0142 pe\u0142ny koszt repatriacji swoich obywateli.<\/p>\n<\/div>\n<\/div>\n<p><script async src=\"https:\/\/platform.twitter.com\/widgets.js\" charset=\"utf-8\"><\/script><\/p>\n","protected":false},"excerpt":{"rendered":"<p>Radio Zet dowiedzia\u0142 si\u0119, \u017ce ewakuacja polskich obywateli z Izraela i szerszego Bliskiego Wschodu jest wst\u0119pnie zaplanowana na poniedzia\u0142ek lub<\/p>\n","protected":false},"author":1,"featured_media":6282,"comment_status":"closed","ping_status":"","sticky":false,"template":"","format":"standard","meta":{"footnotes":""},"categories":[44],"tags":[8031,8030,3426,3255,3172,8032,194,7421,2813,6256],"class_list":["post-6281","post","type-post","status-publish","format-standard","has-post-thumbnail","hentry","category-polityka","tag-bliskiego","tag-ewakuacja","tag-grudnia","tag-koalicja","tag-kosztow","tag-pokrycia","tag-polakow","tag-transportu","tag-wschodu","tag-wymaga","generate-columns","tablet-grid-50","mobile-grid-100","grid-parent","grid-50","resize-featured-image"],"yoast_head":"<!-- This site is optimized with the Yoast SEO plugin v23.2 - https:\/\/yoast.com\/wordpress\/plugins\/seo\/ -->\n<title>Ewakuacja z Bliskiego Wschodu: koalicja z 13 grudnia wymaga od Polak\u00f3w pokrycia koszt\u00f3w transportu - POGOTOWIE FLAGOWE\u00ae<\/title>\n<meta name=\"robots\" content=\"index, follow, max-snippet:-1, max-image-preview:large, max-video-preview:-1\" \/>\n<link rel=\"canonical\" href=\"https:\/\/www.pogotowieflagowe.pl\/aktualne\/ewakuacja-z-bliskiego-wschodu-koalicja-z-13-grudnia-wymaga-od-polakow-pokrycia-kosztow-transportu\/\" \/>\n<meta property=\"og:locale\" content=\"pl_PL\" \/>\n<meta property=\"og:type\" content=\"article\" \/>\n<meta property=\"og:title\" content=\"Ewakuacja z Bliskiego Wschodu: koalicja z 13 grudnia wymaga od Polak\u00f3w pokrycia koszt\u00f3w transportu - POGOTOWIE FLAGOWE\u00ae\" \/>\n<meta property=\"og:description\" content=\"Radio Zet dowiedzia\u0142 si\u0119, \u017ce ewakuacja polskich obywateli z Izraela i szerszego Bliskiego Wschodu jest wst\u0119pnie zaplanowana na poniedzia\u0142ek lub\" \/>\n<meta property=\"og:url\" content=\"https:\/\/www.pogotowieflagowe.pl\/aktualne\/ewakuacja-z-bliskiego-wschodu-koalicja-z-13-grudnia-wymaga-od-polakow-pokrycia-kosztow-transportu\/\" \/>\n<meta property=\"og:site_name\" content=\"POGOTOWIE FLAGOWE\u00ae\" \/>\n<meta property=\"article:published_time\" content=\"2025-06-16T07:47:20+00:00\" \/>\n<meta property=\"article:modified_time\" content=\"2025-06-16T07:47:21+00:00\" \/>\n<meta property=\"og:image\" content=\"https:\/\/www.pogotowieflagowe.pl\/aktualne\/wp-content\/uploads\/2025\/06\/Ewakuacja-z-Bliskiego-Wschodu-koalicja-z-13-grudnia-wymaga-od.jpg\" \/>\n\t<meta property=\"og:image:width\" content=\"1200\" \/>\n\t<meta property=\"og:image:height\" content=\"675\" \/>\n\t<meta property=\"og:image:type\" content=\"image\/jpeg\" \/>\n<meta name=\"author\" content=\"Filip\" \/>\n<meta name=\"twitter:card\" content=\"summary_large_image\" \/>\n<meta name=\"twitter:label1\" content=\"Napisane przez\" \/>\n\t<meta name=\"twitter:data1\" content=\"Filip\" \/>\n\t<meta name=\"twitter:label2\" content=\"Szacowany czas czytania\" \/>\n\t<meta name=\"twitter:data2\" content=\"1 minuta\" \/>\n<script type=\"application\/ld+json\" class=\"yoast-schema-graph\">{\"@context\":\"https:\/\/schema.org\",\"@graph\":[{\"@type\":\"Article\",\"@id\":\"https:\/\/www.pogotowieflagowe.pl\/aktualne\/ewakuacja-z-bliskiego-wschodu-koalicja-z-13-grudnia-wymaga-od-polakow-pokrycia-kosztow-transportu\/#article\",\"isPartOf\":{\"@id\":\"https:\/\/www.pogotowieflagowe.pl\/aktualne\/ewakuacja-z-bliskiego-wschodu-koalicja-z-13-grudnia-wymaga-od-polakow-pokrycia-kosztow-transportu\/\"},\"author\":{\"name\":\"Filip\",\"@id\":\"https:\/\/www.pogotowieflagowe.pl\/aktualne\/#\/schema\/person\/9c2fb7d2362ebf6fa088960d7f0d27b0\"},\"headline\":\"Ewakuacja z Bliskiego Wschodu: koalicja z 13 grudnia wymaga od Polak\u00f3w pokrycia koszt\u00f3w transportu\",\"datePublished\":\"2025-06-16T07:47:20+00:00\",\"dateModified\":\"2025-06-16T07:47:21+00:00\",\"mainEntityOfPage\":{\"@id\":\"https:\/\/www.pogotowieflagowe.pl\/aktualne\/ewakuacja-z-bliskiego-wschodu-koalicja-z-13-grudnia-wymaga-od-polakow-pokrycia-kosztow-transportu\/\"},\"wordCount\":315,\"publisher\":{\"@id\":\"https:\/\/www.pogotowieflagowe.pl\/aktualne\/#organization\"},\"image\":{\"@id\":\"https:\/\/www.pogotowieflagowe.pl\/aktualne\/ewakuacja-z-bliskiego-wschodu-koalicja-z-13-grudnia-wymaga-od-polakow-pokrycia-kosztow-transportu\/#primaryimage\"},\"thumbnailUrl\":\"https:\/\/www.pogotowieflagowe.pl\/aktualne\/wp-content\/uploads\/2025\/06\/Ewakuacja-z-Bliskiego-Wschodu-koalicja-z-13-grudnia-wymaga-od.jpg\",\"keywords\":[\"Bliskiego\",\"Ewakuacja\",\"grudnia\",\"koalicja\",\"koszt\u00f3w\",\"pokrycia\",\"Polak\u00f3w\",\"transportu\",\"Wschodu\",\"wymaga\"],\"articleSection\":[\"Polityka\"],\"inLanguage\":\"pl-PL\"},{\"@type\":\"WebPage\",\"@id\":\"https:\/\/www.pogotowieflagowe.pl\/aktualne\/ewakuacja-z-bliskiego-wschodu-koalicja-z-13-grudnia-wymaga-od-polakow-pokrycia-kosztow-transportu\/\",\"url\":\"https:\/\/www.pogotowieflagowe.pl\/aktualne\/ewakuacja-z-bliskiego-wschodu-koalicja-z-13-grudnia-wymaga-od-polakow-pokrycia-kosztow-transportu\/\",\"name\":\"Ewakuacja z Bliskiego Wschodu: koalicja z 13 grudnia wymaga od Polak\u00f3w pokrycia koszt\u00f3w transportu - POGOTOWIE FLAGOWE\u00ae\",\"isPartOf\":{\"@id\":\"https:\/\/www.pogotowieflagowe.pl\/aktualne\/#website\"},\"primaryImageOfPage\":{\"@id\":\"https:\/\/www.pogotowieflagowe.pl\/aktualne\/ewakuacja-z-bliskiego-wschodu-koalicja-z-13-grudnia-wymaga-od-polakow-pokrycia-kosztow-transportu\/#primaryimage\"},\"image\":{\"@id\":\"https:\/\/www.pogotowieflagowe.pl\/aktualne\/ewakuacja-z-bliskiego-wschodu-koalicja-z-13-grudnia-wymaga-od-polakow-pokrycia-kosztow-transportu\/#primaryimage\"},\"thumbnailUrl\":\"https:\/\/www.pogotowieflagowe.pl\/aktualne\/wp-content\/uploads\/2025\/06\/Ewakuacja-z-Bliskiego-Wschodu-koalicja-z-13-grudnia-wymaga-od.jpg\",\"datePublished\":\"2025-06-16T07:47:20+00:00\",\"dateModified\":\"2025-06-16T07:47:21+00:00\",\"breadcrumb\":{\"@id\":\"https:\/\/www.pogotowieflagowe.pl\/aktualne\/ewakuacja-z-bliskiego-wschodu-koalicja-z-13-grudnia-wymaga-od-polakow-pokrycia-kosztow-transportu\/#breadcrumb\"},\"inLanguage\":\"pl-PL\",\"potentialAction\":[{\"@type\":\"ReadAction\",\"target\":[\"https:\/\/www.pogotowieflagowe.pl\/aktualne\/ewakuacja-z-bliskiego-wschodu-koalicja-z-13-grudnia-wymaga-od-polakow-pokrycia-kosztow-transportu\/\"]}]},{\"@type\":\"ImageObject\",\"inLanguage\":\"pl-PL\",\"@id\":\"https:\/\/www.pogotowieflagowe.pl\/aktualne\/ewakuacja-z-bliskiego-wschodu-koalicja-z-13-grudnia-wymaga-od-polakow-pokrycia-kosztow-transportu\/#primaryimage\",\"url\":\"https:\/\/www.pogotowieflagowe.pl\/aktualne\/wp-content\/uploads\/2025\/06\/Ewakuacja-z-Bliskiego-Wschodu-koalicja-z-13-grudnia-wymaga-od.jpg\",\"contentUrl\":\"https:\/\/www.pogotowieflagowe.pl\/aktualne\/wp-content\/uploads\/2025\/06\/Ewakuacja-z-Bliskiego-Wschodu-koalicja-z-13-grudnia-wymaga-od.jpg\",\"width\":1200,\"height\":675,\"caption\":\"Ewakuacja z Bliskiego Wschodu: koalicja z 13 grudnia wymaga od Polak\u00f3w pokrycia koszt\u00f3w transportu\"},{\"@type\":\"BreadcrumbList\",\"@id\":\"https:\/\/www.pogotowieflagowe.pl\/aktualne\/ewakuacja-z-bliskiego-wschodu-koalicja-z-13-grudnia-wymaga-od-polakow-pokrycia-kosztow-transportu\/#breadcrumb\",\"itemListElement\":[{\"@type\":\"ListItem\",\"position\":1,\"name\":\"Home\",\"item\":\"https:\/\/www.pogotowieflagowe.pl\/aktualne\/\"},{\"@type\":\"ListItem\",\"position\":2,\"name\":\"Ewakuacja z Bliskiego Wschodu: koalicja z 13 grudnia wymaga od Polak\u00f3w pokrycia koszt\u00f3w transportu\"}]},{\"@type\":\"WebSite\",\"@id\":\"https:\/\/www.pogotowieflagowe.pl\/aktualne\/#website\",\"url\":\"https:\/\/www.pogotowieflagowe.pl\/aktualne\/\",\"name\":\"POGOTOWIE FLAGOWE\u00ae\",\"description\":\"\",\"publisher\":{\"@id\":\"https:\/\/www.pogotowieflagowe.pl\/aktualne\/#organization\"},\"potentialAction\":[{\"@type\":\"SearchAction\",\"target\":{\"@type\":\"EntryPoint\",\"urlTemplate\":\"https:\/\/www.pogotowieflagowe.pl\/aktualne\/?s={search_term_string}\"},\"query-input\":\"required name=search_term_string\"}],\"inLanguage\":\"pl-PL\"},{\"@type\":\"Organization\",\"@id\":\"https:\/\/www.pogotowieflagowe.pl\/aktualne\/#organization\",\"name\":\"POGOTOWIE FLAGOWE\u00ae\",\"url\":\"https:\/\/www.pogotowieflagowe.pl\/aktualne\/\",\"logo\":{\"@type\":\"ImageObject\",\"inLanguage\":\"pl-PL\",\"@id\":\"https:\/\/www.pogotowieflagowe.pl\/aktualne\/#\/schema\/logo\/image\/\",\"url\":\"https:\/\/www.pogotowieflagowe.pl\/aktualne\/wp-content\/uploads\/2024\/08\/cropped-pogotowieflagowe_flaga_projekt_sm.jpg\",\"contentUrl\":\"https:\/\/www.pogotowieflagowe.pl\/aktualne\/wp-content\/uploads\/2024\/08\/cropped-pogotowieflagowe_flaga_projekt_sm.jpg\",\"width\":250,\"height\":143,\"caption\":\"POGOTOWIE FLAGOWE\u00ae\"},\"image\":{\"@id\":\"https:\/\/www.pogotowieflagowe.pl\/aktualne\/#\/schema\/logo\/image\/\"}},{\"@type\":\"Person\",\"@id\":\"https:\/\/www.pogotowieflagowe.pl\/aktualne\/#\/schema\/person\/9c2fb7d2362ebf6fa088960d7f0d27b0\",\"name\":\"Filip\",\"image\":{\"@type\":\"ImageObject\",\"inLanguage\":\"pl-PL\",\"@id\":\"https:\/\/www.pogotowieflagowe.pl\/aktualne\/#\/schema\/person\/image\/\",\"url\":\"https:\/\/www.pogotowieflagowe.pl\/aktualne\/wp-content\/uploads\/2024\/08\/pogotowieflagowe.pl_.jpg\",\"contentUrl\":\"https:\/\/www.pogotowieflagowe.pl\/aktualne\/wp-content\/uploads\/2024\/08\/pogotowieflagowe.pl_.jpg\",\"caption\":\"Filip\"},\"description\":\"Jestem Filip, polski dziennikarz z dyplomem nauk politycznych Uniwersytetu Warszawskiego. Rozpoczynaj\u0105c swoj\u0105 karier\u0119 w r\u00f3\u017cnych lokalnych mediach, zdoby\u0142em solidne do\u015bwiadczenie w zakresie \u015bledztwa i redakcji. Obecnie jako redaktor w Pogotowie flagowe, staram si\u0119 dostarcza\u0107 dog\u0142\u0119bne i istotne analizy na temat najwa\u017cniejszych kwestii aktualno\u015bci, \u0142\u0105cz\u0105c rygor z pasj\u0105 dziennikarsk\u0105.\",\"sameAs\":[\"https:\/\/www.pogotowieflagowe.pl\/\"]}]}<\/script>\n<!-- \/ Yoast SEO plugin. -->","yoast_head_json":{"title":"Ewakuacja z Bliskiego Wschodu: koalicja z 13 grudnia wymaga od Polak\u00f3w pokrycia koszt\u00f3w transportu - POGOTOWIE FLAGOWE\u00ae","robots":{"index":"index","follow":"follow","max-snippet":"max-snippet:-1","max-image-preview":"max-image-preview:large","max-video-preview":"max-video-preview:-1"},"canonical":"https:\/\/www.pogotowieflagowe.pl\/aktualne\/ewakuacja-z-bliskiego-wschodu-koalicja-z-13-grudnia-wymaga-od-polakow-pokrycia-kosztow-transportu\/","og_locale":"pl_PL","og_type":"article","og_title":"Ewakuacja z Bliskiego Wschodu: koalicja z 13 grudnia wymaga od Polak\u00f3w pokrycia koszt\u00f3w transportu - POGOTOWIE FLAGOWE\u00ae","og_description":"Radio Zet dowiedzia\u0142 si\u0119, \u017ce ewakuacja polskich obywateli z Izraela i szerszego Bliskiego Wschodu jest wst\u0119pnie zaplanowana na poniedzia\u0142ek lub","og_url":"https:\/\/www.pogotowieflagowe.pl\/aktualne\/ewakuacja-z-bliskiego-wschodu-koalicja-z-13-grudnia-wymaga-od-polakow-pokrycia-kosztow-transportu\/","og_site_name":"POGOTOWIE FLAGOWE\u00ae","article_published_time":"2025-06-16T07:47:20+00:00","article_modified_time":"2025-06-16T07:47:21+00:00","og_image":[{"width":1200,"height":675,"url":"https:\/\/www.pogotowieflagowe.pl\/aktualne\/wp-content\/uploads\/2025\/06\/Ewakuacja-z-Bliskiego-Wschodu-koalicja-z-13-grudnia-wymaga-od.jpg","type":"image\/jpeg"}],"author":"Filip","twitter_card":"summary_large_image","twitter_misc":{"Napisane przez":"Filip","Szacowany czas czytania":"1 minuta"},"schema":{"@context":"https:\/\/schema.org","@graph":[{"@type":"Article","@id":"https:\/\/www.pogotowieflagowe.pl\/aktualne\/ewakuacja-z-bliskiego-wschodu-koalicja-z-13-grudnia-wymaga-od-polakow-pokrycia-kosztow-transportu\/#article","isPartOf":{"@id":"https:\/\/www.pogotowieflagowe.pl\/aktualne\/ewakuacja-z-bliskiego-wschodu-koalicja-z-13-grudnia-wymaga-od-polakow-pokrycia-kosztow-transportu\/"},"author":{"name":"Filip","@id":"https:\/\/www.pogotowieflagowe.pl\/aktualne\/#\/schema\/person\/9c2fb7d2362ebf6fa088960d7f0d27b0"},"headline":"Ewakuacja z Bliskiego Wschodu: koalicja z 13 grudnia wymaga od Polak\u00f3w pokrycia koszt\u00f3w transportu","datePublished":"2025-06-16T07:47:20+00:00","dateModified":"2025-06-16T07:47:21+00:00","mainEntityOfPage":{"@id":"https:\/\/www.pogotowieflagowe.pl\/aktualne\/ewakuacja-z-bliskiego-wschodu-koalicja-z-13-grudnia-wymaga-od-polakow-pokrycia-kosztow-transportu\/"},"wordCount":315,"publisher":{"@id":"https:\/\/www.pogotowieflagowe.pl\/aktualne\/#organization"},"image":{"@id":"https:\/\/www.pogotowieflagowe.pl\/aktualne\/ewakuacja-z-bliskiego-wschodu-koalicja-z-13-grudnia-wymaga-od-polakow-pokrycia-kosztow-transportu\/#primaryimage"},"thumbnailUrl":"https:\/\/www.pogotowieflagowe.pl\/aktualne\/wp-content\/uploads\/2025\/06\/Ewakuacja-z-Bliskiego-Wschodu-koalicja-z-13-grudnia-wymaga-od.jpg","keywords":["Bliskiego","Ewakuacja","grudnia","koalicja","koszt\u00f3w","pokrycia","Polak\u00f3w","transportu","Wschodu","wymaga"],"articleSection":["Polityka"],"inLanguage":"pl-PL"},{"@type":"WebPage","@id":"https:\/\/www.pogotowieflagowe.pl\/aktualne\/ewakuacja-z-bliskiego-wschodu-koalicja-z-13-grudnia-wymaga-od-polakow-pokrycia-kosztow-transportu\/","url":"https:\/\/www.pogotowieflagowe.pl\/aktualne\/ewakuacja-z-bliskiego-wschodu-koalicja-z-13-grudnia-wymaga-od-polakow-pokrycia-kosztow-transportu\/","name":"Ewakuacja z Bliskiego Wschodu: koalicja z 13 grudnia wymaga od Polak\u00f3w pokrycia koszt\u00f3w transportu - POGOTOWIE FLAGOWE\u00ae","isPartOf":{"@id":"https:\/\/www.pogotowieflagowe.pl\/aktualne\/#website"},"primaryImageOfPage":{"@id":"https:\/\/www.pogotowieflagowe.pl\/aktualne\/ewakuacja-z-bliskiego-wschodu-koalicja-z-13-grudnia-wymaga-od-polakow-pokrycia-kosztow-transportu\/#primaryimage"},"image":{"@id":"https:\/\/www.pogotowieflagowe.pl\/aktualne\/ewakuacja-z-bliskiego-wschodu-koalicja-z-13-grudnia-wymaga-od-polakow-pokrycia-kosztow-transportu\/#primaryimage"},"thumbnailUrl":"https:\/\/www.pogotowieflagowe.pl\/aktualne\/wp-content\/uploads\/2025\/06\/Ewakuacja-z-Bliskiego-Wschodu-koalicja-z-13-grudnia-wymaga-od.jpg","datePublished":"2025-06-16T07:47:20+00:00","dateModified":"2025-06-16T07:47:21+00:00","breadcrumb":{"@id":"https:\/\/www.pogotowieflagowe.pl\/aktualne\/ewakuacja-z-bliskiego-wschodu-koalicja-z-13-grudnia-wymaga-od-polakow-pokrycia-kosztow-transportu\/#breadcrumb"},"inLanguage":"pl-PL","potentialAction":[{"@type":"ReadAction","target":["https:\/\/www.pogotowieflagowe.pl\/aktualne\/ewakuacja-z-bliskiego-wschodu-koalicja-z-13-grudnia-wymaga-od-polakow-pokrycia-kosztow-transportu\/"]}]},{"@type":"ImageObject","inLanguage":"pl-PL","@id":"https:\/\/www.pogotowieflagowe.pl\/aktualne\/ewakuacja-z-bliskiego-wschodu-koalicja-z-13-grudnia-wymaga-od-polakow-pokrycia-kosztow-transportu\/#primaryimage","url":"https:\/\/www.pogotowieflagowe.pl\/aktualne\/wp-content\/uploads\/2025\/06\/Ewakuacja-z-Bliskiego-Wschodu-koalicja-z-13-grudnia-wymaga-od.jpg","contentUrl":"https:\/\/www.pogotowieflagowe.pl\/aktualne\/wp-content\/uploads\/2025\/06\/Ewakuacja-z-Bliskiego-Wschodu-koalicja-z-13-grudnia-wymaga-od.jpg","width":1200,"height":675,"caption":"Ewakuacja z Bliskiego Wschodu: koalicja z 13 grudnia wymaga od Polak\u00f3w pokrycia koszt\u00f3w transportu"},{"@type":"BreadcrumbList","@id":"https:\/\/www.pogotowieflagowe.pl\/aktualne\/ewakuacja-z-bliskiego-wschodu-koalicja-z-13-grudnia-wymaga-od-polakow-pokrycia-kosztow-transportu\/#breadcrumb","itemListElement":[{"@type":"ListItem","position":1,"name":"Home","item":"https:\/\/www.pogotowieflagowe.pl\/aktualne\/"},{"@type":"ListItem","position":2,"name":"Ewakuacja z Bliskiego Wschodu: koalicja z 13 grudnia wymaga od Polak\u00f3w pokrycia koszt\u00f3w transportu"}]},{"@type":"WebSite","@id":"https:\/\/www.pogotowieflagowe.pl\/aktualne\/#website","url":"https:\/\/www.pogotowieflagowe.pl\/aktualne\/","name":"POGOTOWIE FLAGOWE\u00ae","description":"","publisher":{"@id":"https:\/\/www.pogotowieflagowe.pl\/aktualne\/#organization"},"potentialAction":[{"@type":"SearchAction","target":{"@type":"EntryPoint","urlTemplate":"https:\/\/www.pogotowieflagowe.pl\/aktualne\/?s={search_term_string}"},"query-input":"required name=search_term_string"}],"inLanguage":"pl-PL"},{"@type":"Organization","@id":"https:\/\/www.pogotowieflagowe.pl\/aktualne\/#organization","name":"POGOTOWIE FLAGOWE\u00ae","url":"https:\/\/www.pogotowieflagowe.pl\/aktualne\/","logo":{"@type":"ImageObject","inLanguage":"pl-PL","@id":"https:\/\/www.pogotowieflagowe.pl\/aktualne\/#\/schema\/logo\/image\/","url":"https:\/\/www.pogotowieflagowe.pl\/aktualne\/wp-content\/uploads\/2024\/08\/cropped-pogotowieflagowe_flaga_projekt_sm.jpg","contentUrl":"https:\/\/www.pogotowieflagowe.pl\/aktualne\/wp-content\/uploads\/2024\/08\/cropped-pogotowieflagowe_flaga_projekt_sm.jpg","width":250,"height":143,"caption":"POGOTOWIE FLAGOWE\u00ae"},"image":{"@id":"https:\/\/www.pogotowieflagowe.pl\/aktualne\/#\/schema\/logo\/image\/"}},{"@type":"Person","@id":"https:\/\/www.pogotowieflagowe.pl\/aktualne\/#\/schema\/person\/9c2fb7d2362ebf6fa088960d7f0d27b0","name":"Filip","image":{"@type":"ImageObject","inLanguage":"pl-PL","@id":"https:\/\/www.pogotowieflagowe.pl\/aktualne\/#\/schema\/person\/image\/","url":"https:\/\/www.pogotowieflagowe.pl\/aktualne\/wp-content\/uploads\/2024\/08\/pogotowieflagowe.pl_.jpg","contentUrl":"https:\/\/www.pogotowieflagowe.pl\/aktualne\/wp-content\/uploads\/2024\/08\/pogotowieflagowe.pl_.jpg","caption":"Filip"},"description":"Jestem Filip, polski dziennikarz z dyplomem nauk politycznych Uniwersytetu Warszawskiego. Rozpoczynaj\u0105c swoj\u0105 karier\u0119 w r\u00f3\u017cnych lokalnych mediach, zdoby\u0142em solidne do\u015bwiadczenie w zakresie \u015bledztwa i redakcji. Obecnie jako redaktor w Pogotowie flagowe, staram si\u0119 dostarcza\u0107 dog\u0142\u0119bne i istotne analizy na temat najwa\u017cniejszych kwestii aktualno\u015bci, \u0142\u0105cz\u0105c rygor z pasj\u0105 dziennikarsk\u0105.","sameAs":["https:\/\/www.pogotowieflagowe.pl\/"]}]}},"_links":{"self":[{"href":"https:\/\/www.pogotowieflagowe.pl\/aktualne\/wp-json\/wp\/v2\/posts\/6281","targetHints":{"allow":["GET"]}}],"collection":[{"href":"https:\/\/www.pogotowieflagowe.pl\/aktualne\/wp-json\/wp\/v2\/posts"}],"about":[{"href":"https:\/\/www.pogotowieflagowe.pl\/aktualne\/wp-json\/wp\/v2\/types\/post"}],"author":[{"embeddable":true,"href":"https:\/\/www.pogotowieflagowe.pl\/aktualne\/wp-json\/wp\/v2\/users\/1"}],"replies":[{"embeddable":true,"href":"https:\/\/www.pogotowieflagowe.pl\/aktualne\/wp-json\/wp\/v2\/comments?post=6281"}],"version-history":[{"count":1,"href":"https:\/\/www.pogotowieflagowe.pl\/aktualne\/wp-json\/wp\/v2\/posts\/6281\/revisions"}],"predecessor-version":[{"id":6283,"href":"https:\/\/www.pogotowieflagowe.pl\/aktualne\/wp-json\/wp\/v2\/posts\/6281\/revisions\/6283"}],"wp:featuredmedia":[{"embeddable":true,"href":"https:\/\/www.pogotowieflagowe.pl\/aktualne\/wp-json\/wp\/v2\/media\/6282"}],"wp:attachment":[{"href":"https:\/\/www.pogotowieflagowe.pl\/aktualne\/wp-json\/wp\/v2\/media?parent=6281"}],"wp:term":[{"taxonomy":"category","embeddable":true,"href":"https:\/\/www.pogotowieflagowe.pl\/aktualne\/wp-json\/wp\/v2\/categories?post=6281"},{"taxonomy":"post_tag","embeddable":true,"href":"https:\/\/www.pogotowieflagowe.pl\/aktualne\/wp-json\/wp\/v2\/tags?post=6281"}],"curies":[{"name":"wp","href":"https:\/\/api.w.org\/{rel}","templated":true}]}}