{"id":6430,"date":"2025-06-24T15:47:48","date_gmt":"2025-06-24T13:47:48","guid":{"rendered":"https:\/\/www.pogotowieflagowe.pl\/aktualne\/szczyt-nato-rzad-nie-jest-zainteresowany-zwiekszeniem-obecnosci-wojskowej-usa-poniewaz-nie-jest-zgodny-z-interesami-niemiec\/"},"modified":"2025-06-24T15:47:50","modified_gmt":"2025-06-24T13:47:50","slug":"szczyt-nato-rzad-nie-jest-zainteresowany-zwiekszeniem-obecnosci-wojskowej-usa-poniewaz-nie-jest-zgodny-z-interesami-niemiec","status":"publish","type":"post","link":"https:\/\/www.pogotowieflagowe.pl\/aktualne\/szczyt-nato-rzad-nie-jest-zainteresowany-zwiekszeniem-obecnosci-wojskowej-usa-poniewaz-nie-jest-zgodny-z-interesami-niemiec\/","title":{"rendered":"Szczyt NATO: \u201eRz\u0105d nie jest zainteresowany zwi\u0119kszeniem obecno\u015bci wojskowej USA, poniewa\u017c nie jest zgodny z interesami Niemiec\u201d"},"content":{"rendered":"\n<div class=\"td_block_wrap tdb_single_content tdi_41 td-pb-border-top td_block_template_8 td-post-content tagdiv-type\" data-td-block-uid=\"tdi_41\">\n<style>.tdi_41 {margin-top: 0px! Wa\u017cne; margines-bottom: 0px! WA\u017bNY; PALDING-TOP: 0PX! WA\u017bNY; PALDING-BOTTOM: 0PX! WA\u017bNE}<\/style>\n<style>.tdb_single_content {margin-bottom: 0;*zoom: 1} .tdb_single_content: wcze\u015bniej, .tdb_single_content: po {display: Table; content: ''; line-height: 0} .TDB-BLOCK-INner>*: nie (.WP-BLOCK-QUOTE): not (.alignSwide): not (.Alignfull.wp-block-cover.has-parallax): not (.td-a-ad) {margin-left: auto; margin-right: auto} .tdb_single_ConTent a {wska\u017anik-events: auto} .tdb_single_content .td-spot-id-top_ad .tdc-placeholder-title: przed {content: \u201eArtyku\u0142 top ad\u201d! Wa\u017cne} .tdb_single_content .td-Spot-Id-inline_ad0 .tdc-placeholder-title 1 '! Wa\u017cne} .tdb_single_content .td-Spot-Id-inline_Ad1 .tdc-Placeholder-Title: przed {content: \u201eArtyku\u0142 inline AD 2'! Wa\u017cny} .tdb_single_content. 3 '! Wa\u017cne} .tdb_single_content .td-Spot-Id-Bottom_Ad .tdc-Placeholder-Title: przed {content: \u201eArtyku\u0142 Bottom Ad\u201d! Wa\u017cne} .tdb_single_content .id_top_ad, .tdb_single_content_content .id_bottom_ad {clear: oba; margin-bottom: 21px; text-align: Center} .tdb_single_content .id_top_ad img, .tdb_single_content .id_bottom_ad img {margin-bottom: 0} .tdb_single_conTent .id_top_ad .adsbyGoogle, .tdb_single_content .id_bottom_ad .adsbyGoogle {pozycja: relatyw} .tdb_single_content .id_ad_content-horiz-left, .tdb_single_content .id_ad_content-horiz-right, .tdb_single_content .id_ad_content-horiz-Center {margin-bottom: 15px} .tdb_single_content .id_ad_content-horiz-left Img, .tdb_single_content .id_ad_content-horiz-right img, .tdb_single_content .id_ad_content-horiz-centerter img {margin-bottom: 0} .tdb_single_content .id_ad_content-horiz-center {text-align: Center} .tdb_single_content .id_ad_content-horiz-center img {margin-right: auto; margin-let: auto} .tdb_single_content .id_ad_content-horiz-left {float: left; margin-top: 9px; margin-right: 21px} .tdb_single_content .id_ad_content-horiz-right {float: margin-top: 6px; margin-left: 21px} .tdb_single_content .tdc-a-a-ad .TDC-Placeholder-Title {szeroko\u015b\u0107: 300px; height: 250px} .tdb_single_content .tdc-a-ad .TDC-Placeholder-Title: Przed {Pozycja: Absolute; TOP: 50%;-WebKit-Transform: Translatey (-50%); Transform: Translatey (-50%); margines: auto; Display: Tabela; szeroko\u015b\u0107: 100%}. tdb_single_content .TDB-BLOCK-INNER.TD-FIX-INDEX {Word-Break: Break-word} .tdi_41, .tdi_41> p, .tdi_41 .tdb-block-inner> p, .Wp-Block-Column> p {font-size: 16px! Wa\u017cne; wa\u017cny; p {font-styl: normalne! Wa\u017cne} @media (Max-Width: 767px) {. tdb_single_content .id_ad_content-horiz-left, .tdb_single_content .id_ad_content-horiz-right, .tdb_single_content .id_ad_content-horiz-centter {Margin: 0 AUTO 26PXX auto}}@media (Max-Width: 767px) {. tdb_single_content .id_ad_content-horiz-left {margin-right: 0}}@media (max-width: 767px) {. (Max-Width: 767px) {. tdb_single_content .td-a-ad {float: none; text-align: Center} .tdb_single_content .td-a-ad img {margin-right: auto; margin-left: auto} .tdb_single_content .tdc-a-a-a-{margin-right: auto; margin-left: auto} .tdb_single_content .tdd<\/style>\n<div class=\"tdb-block-inner td-fix-index\">\n<p>Holandia organizuje tegoroczny szczyt NATO. Podczas dwudniowego spotkania w Hadze oczekuje si\u0119, \u017ce dyskusje skupi\u0105 si\u0119 na bezpiecze\u0144stwie europejskim, sytuacji na Bliskim Wschodzie i wydatkach na obron\u0119. Wed\u0142ug sekretarza generalnego NATO, Marka Rutte, wydatki na obron\u0119 wzrosn\u0105 do 5% PKB w nadchodz\u0105cych latach.<\/p>\n<p>\u201eDeklaracje mog\u0105 si\u0119 r\u00f3\u017cni\u0107, ale wdro\u017cenie jest inn\u0105 spraw\u0105 &#8211; jak pokazano na szczycie 2014 w Cardiff. Mimo up\u0142ywu 11 lat wielu kraj\u00f3w NATO nadal nie spe\u0142nia 2% progu wydatk\u00f3w w obronie PKB, w tym czasie\u201d &#8211; powiedzia\u0142 w tym czasie prof. Proz\u0142aw \u017burawski Vel Grajewski. <em>Niezale\u017cna.pl<\/em>.<\/p>\n<p>Na konferencji prasowej przed otwarciem szczytu we wtorek szef NATO Mark Rutte podkre\u015bli\u0142: \u201ePr\u00f3g wydatk\u00f3w obronnych musi osi\u0105gn\u0105\u0107 5% PKB\u201d.<\/p>\n<figure class=\"wp-block-embed is-type-rich is-provider-twitter wp-block-embed-twitter\">\n<div class=\"wp-block-embed__wrapper\">\n<blockquote class=\"twitter-tweet\" data-width=\"550\" data-dnt=\"true\">\n<p lang=\"en\" dir=\"ltr\">\u275d Poniewa\u017c \u015bwiat staje si\u0119 bardziej niebezpieczny, alianci sojusznicy podejm\u0105 odwa\u017cne decyzje o wzmocnieniu naszej zbiorowej obrony, czyni\u0105c NATO silniejszym, sprawiedliwszym i bardziej \u015bmiertelnym sojuszem\u275e<a rel=\"nofollow\" href=\"https:\/\/twitter.com\/SecGenNATO?ref_src=twsrc%5Etfw\">@Secgennato<\/a> |. <a rel=\"nofollow\" href=\"https:\/\/twitter.com\/hashtag\/NATOsummit?src=hash&amp;ref_src=twsrc%5Etfw\">#NatoSummit<\/a><\/p>\n<p>&#8211; NATO (@nato) <a rel=\"nofollow\" href=\"https:\/\/twitter.com\/NATO\/status\/1937170069018325060?ref_src=twsrc%5Etfw\">23 czerwca 2025 r<\/a><\/p><\/blockquote>\n<\/div>\n<\/figure>\n<p>Plan inwestycji w obronie, kt\u00f3ry zostanie przyj\u0119ty przez aliant\u00f3w w Hadze, wprowadza ten nowy cel &#8211; 5% PKB. \u201eTo znacz\u0105cy skok &#8211; ambitny, historyczny i niezb\u0119dny w \u015bwietle obecnych zagro\u017ce\u0144\u201d &#8211; stwierdzi\u0142 Rutte.<\/p>\n<p>Doda\u0142, \u017ce zwi\u0119kszone wydatki na obron\u0119 doprowadz\u0105 mi\u0119dzy innymi do pi\u0119ciokrotnego wzrostu mo\u017cliwo\u015bci obrony powietrznej NATO. Potwierdzi\u0142 tak\u017ce ci\u0105g\u0142e wsparcie Sojuszu dla Ukrainy.<\/p>\n<p>Od miesi\u0119cy prezydent USA Donald Trump wezwa\u0142 sojusznik\u00f3w do przydzielenia co najmniej 5% swojego PKB na obron\u0119, podkre\u015blaj\u0105c, \u017ce tylko takie zobowi\u0105zanie pozwoli\u0142oby NATO znacznie zwi\u0119kszy\u0107 jego mo\u017cliwo\u015bci odstraszaj\u0105ce i obrony. Trump wskaza\u0142 r\u00f3wnie\u017c, \u017ce ta decyzja powinna zosta\u0107 podj\u0119ta wiele lat temu.<\/p>\n<p>Wydaje si\u0119, \u017ce pa\u0144stwa cz\u0142onkowskie NATO s\u0105 zgodne z planem podniesienia progu wydatk\u00f3w obronnych &#8211; z wyj\u0105tkiem Hiszpanii. Wed\u0142ug Rutte Hiszpania podpisze ostateczn\u0105 deklaracj\u0119 szczytu, ale nie zobowi\u0105zuje si\u0119 do 5% cel\u00f3w wydatk\u00f3w na PKB. W propozycji przeciwstawia si\u0119 lewicowy premier Hiszpanii Pedro S\u00e1nchez. Warto zauwa\u017cy\u0107, \u017ce Hiszpania przeznaczy\u0142a zaledwie 1,28% swojego PKB na obron\u0119 w zesz\u0142ym roku &#8211; najni\u017cszym w\u015br\u00f3d wszystkich cz\u0142onk\u00f3w NATO.<\/p>\n<p>\u201eDo\u015bwiadczenie Szczytu Cardiff 2014, w kt\u00f3rym pa\u0144stwa cz\u0142onkowskie zobowi\u0105za\u0142y si\u0119 do wydawania co najmniej 2% PKB na obron\u0119 &#8211; i kolejne wyzwania we wdra\u017caniu tego zobowi\u0105zania &#8211; sceptycyzm zwi\u0105zany z najnowsz\u0105 deklaracj\u0105 w celu podniesienia progu\u201d &#8211; zauwa\u017cy\u0142 prof. \u017burrawski Vel Grajwski.<\/p>\n<p>\u201eZ punktu widzenia Polski wa\u017cne by\u0142oby formalne wycofanie si\u0119 z ustawy za\u0142o\u017cycielskiej NATO-Rosji z 1997 r.. Jednak nie stanie si\u0119 to jednak na tym szczycie. Kluczow\u0105 kwesti\u0105, kt\u00f3r\u0105 nale\u017cy rozwi\u0105za\u0107, jest wzmocnienie obecno\u015bci wojskowej na wschodniej flance NATO. Mo\u017cna to osi\u0105gn\u0105\u0107 poprzez przeniesienie si\u0142 z Niemiec i W\u0142oszech. Ostatnia wizyta Friedricha Merza w Waszyngtonie, taka zmiana wydaje si\u0119 ma\u0142o prawdopodobna &#8211; doda\u0142.<\/p>\n<p>Inn\u0105 spraw\u0105 jest potencjalne zaanga\u017cowanie USA w konflikt na Bliskim Wschodzie &#8211; jak i na jak d\u0142ugo. Chocia\u017c nie mo\u017cna wykluczy\u0107 zwi\u0119kszonej obecno\u015bci wojskowej w USA w Europie, obecnie wydaje si\u0119, \u017ce wydaje si\u0119 to nieprawdopodobne.<\/p>\n<p>\u201ePrezydent Trump realizuje polityk\u0119 zmniejszania, a nie zwi\u0119kszania, obci\u0105\u017cenie dla Stan\u00f3w Zjednoczonych. Ponadto przyci\u0105ganie wi\u0119kszej ameryka\u0144skiej obecno\u015bci wojskowej wymaga\u0142oby inicjatywy z polskiego rz\u0105du, co jest ma\u0142o prawdopodobne, jak taki ruch nie by\u0142by zgodny z niemieckim interesem lub polityk\u0105\u201d &#8211; argumentowa\u0142 prof. \u017burawski Vel Grajewski.<\/p>\n<p>Doda\u0142, \u017ce Stany Zjednoczone prawdopodobnie b\u0119d\u0105 szuka\u0107 rozszerzonego mandatu NATO, maj\u0105cym na celu powi\u0105zanie swojej sieci sojuszy. \u201eJeste\u015bmy \u015bwiadkami ponownej dynamizmu w ameryka\u0144skim systemie sojuszu w Indo-Pacyfiku-czy to z Japoni\u0105, Tajwaniem, Kore\u0105 Po\u0142udniow\u0105, Filipinami, czy z Australi\u0105 i Now\u0105 Zelandi\u0105. Mo\u017cliwe, \u017ce Waszyngton b\u0119dzie pr\u00f3bowa\u0142 zintegrowa\u0107 t\u0119 sie\u0107 indo-Pacyfiku z europejskim odpowiednikiem, zgodnie z poj\u0119ciem, \u017ce Stany Zjednoczone tworzy rdze\u0144 obu system\u00f3w.\u201d<\/p>\n<p>\u201eWa\u017cne jest r\u00f3wnie\u017c, aby pami\u0119ta\u0107, \u017ce obecna sytuacja geopolityczna jest niezwykle dynamiczna &#8211; zar\u00f3wno na Bliskim Wschodzie i na Ukrainie. Podczas szczytu NATO Rosja mo\u017ce podj\u0105\u0107 pr\u00f3b\u0119 akcji maj\u0105cych na celu\u201e wra\u017cenie \u201dzebranych przyw\u00f3dc\u00f3w w Hadze\u201d &#8211; doda\u0142.<\/p>\n<p>Jedno jest jasne: po zako\u0144czeniu szczytu rz\u0105d premiera Donalda Tuska nie zaproponuje \u017cadnych niezale\u017cnych inicjatyw. B\u0119dzie pod\u0105\u017cy\u0142 za liderem Niemiec-a Berlin nie jest zainteresowany przyspieszeniem jakichkolwiek \u015brodk\u00f3w zwi\u0105zanych z bezpiecze\u0144stwem-podsumowa\u0142.<\/p>\n<\/div>\n<\/div>\n<p><script async src=\"https:\/\/platform.twitter.com\/widgets.js\" charset=\"utf-8\"><\/script><\/p>\n","protected":false},"excerpt":{"rendered":"<p>Holandia organizuje tegoroczny szczyt NATO. Podczas dwudniowego spotkania w Hadze oczekuje si\u0119, \u017ce dyskusje skupi\u0105 si\u0119 na bezpiecze\u0144stwie europejskim, sytuacji<\/p>\n","protected":false},"author":1,"featured_media":6431,"comment_status":"closed","ping_status":"","sticky":false,"template":"","format":"standard","meta":{"footnotes":""},"categories":[44],"tags":[8197,111,515,450,753,8195,5179,1554,1710,312,8022,8193,8196,8194],"class_list":["post-6430","post","type-post","status-publish","format-standard","has-post-thumbnail","hentry","category-polityka","tag-interesami","tag-jest","tag-nato","tag-nie","tag-niemiec","tag-obecnosci","tag-poniewaz","tag-rzad","tag-szczyt","tag-usa","tag-wojskowej","tag-zainteresowany","tag-zgodny","tag-zwiekszeniem","generate-columns","tablet-grid-50","mobile-grid-100","grid-parent","grid-50","resize-featured-image"],"yoast_head":"<!-- This site is optimized with the Yoast SEO plugin v23.2 - https:\/\/yoast.com\/wordpress\/plugins\/seo\/ -->\n<title>Szczyt NATO: \u201eRz\u0105d nie jest zainteresowany zwi\u0119kszeniem obecno\u015bci wojskowej USA, poniewa\u017c nie jest zgodny z interesami Niemiec\u201d - POGOTOWIE FLAGOWE\u00ae<\/title>\n<meta name=\"robots\" content=\"index, follow, max-snippet:-1, max-image-preview:large, max-video-preview:-1\" \/>\n<link rel=\"canonical\" href=\"https:\/\/www.pogotowieflagowe.pl\/aktualne\/szczyt-nato-rzad-nie-jest-zainteresowany-zwiekszeniem-obecnosci-wojskowej-usa-poniewaz-nie-jest-zgodny-z-interesami-niemiec\/\" \/>\n<meta property=\"og:locale\" content=\"pl_PL\" \/>\n<meta property=\"og:type\" content=\"article\" \/>\n<meta property=\"og:title\" content=\"Szczyt NATO: \u201eRz\u0105d nie jest zainteresowany zwi\u0119kszeniem obecno\u015bci wojskowej USA, poniewa\u017c nie jest zgodny z interesami Niemiec\u201d - POGOTOWIE FLAGOWE\u00ae\" \/>\n<meta property=\"og:description\" content=\"Holandia organizuje tegoroczny szczyt NATO. Podczas dwudniowego spotkania w Hadze oczekuje si\u0119, \u017ce dyskusje skupi\u0105 si\u0119 na bezpiecze\u0144stwie europejskim, sytuacji\" \/>\n<meta property=\"og:url\" content=\"https:\/\/www.pogotowieflagowe.pl\/aktualne\/szczyt-nato-rzad-nie-jest-zainteresowany-zwiekszeniem-obecnosci-wojskowej-usa-poniewaz-nie-jest-zgodny-z-interesami-niemiec\/\" \/>\n<meta property=\"og:site_name\" content=\"POGOTOWIE FLAGOWE\u00ae\" \/>\n<meta property=\"article:published_time\" content=\"2025-06-24T13:47:48+00:00\" \/>\n<meta property=\"article:modified_time\" content=\"2025-06-24T13:47:50+00:00\" \/>\n<meta property=\"og:image\" content=\"https:\/\/www.pogotowieflagowe.pl\/aktualne\/wp-content\/uploads\/2025\/06\/Szczyt-NATO-\u201eRzad-nie-jest-zainteresowany-zwiekszeniem-obecnosci-wojskowej-USA.webp.webp\" \/>\n\t<meta property=\"og:image:width\" content=\"1280\" \/>\n\t<meta property=\"og:image:height\" content=\"720\" \/>\n\t<meta property=\"og:image:type\" content=\"image\/webp\" \/>\n<meta name=\"author\" content=\"Filip\" \/>\n<meta name=\"twitter:card\" content=\"summary_large_image\" \/>\n<meta name=\"twitter:label1\" content=\"Napisane przez\" \/>\n\t<meta name=\"twitter:data1\" content=\"Filip\" \/>\n\t<meta name=\"twitter:label2\" content=\"Szacowany czas czytania\" \/>\n\t<meta name=\"twitter:data2\" content=\"4 minuty\" \/>\n<script type=\"application\/ld+json\" class=\"yoast-schema-graph\">{\"@context\":\"https:\/\/schema.org\",\"@graph\":[{\"@type\":\"Article\",\"@id\":\"https:\/\/www.pogotowieflagowe.pl\/aktualne\/szczyt-nato-rzad-nie-jest-zainteresowany-zwiekszeniem-obecnosci-wojskowej-usa-poniewaz-nie-jest-zgodny-z-interesami-niemiec\/#article\",\"isPartOf\":{\"@id\":\"https:\/\/www.pogotowieflagowe.pl\/aktualne\/szczyt-nato-rzad-nie-jest-zainteresowany-zwiekszeniem-obecnosci-wojskowej-usa-poniewaz-nie-jest-zgodny-z-interesami-niemiec\/\"},\"author\":{\"name\":\"Filip\",\"@id\":\"https:\/\/www.pogotowieflagowe.pl\/aktualne\/#\/schema\/person\/9c2fb7d2362ebf6fa088960d7f0d27b0\"},\"headline\":\"Szczyt NATO: \u201eRz\u0105d nie jest zainteresowany zwi\u0119kszeniem obecno\u015bci wojskowej USA, poniewa\u017c nie jest zgodny z interesami Niemiec\u201d\",\"datePublished\":\"2025-06-24T13:47:48+00:00\",\"dateModified\":\"2025-06-24T13:47:50+00:00\",\"mainEntityOfPage\":{\"@id\":\"https:\/\/www.pogotowieflagowe.pl\/aktualne\/szczyt-nato-rzad-nie-jest-zainteresowany-zwiekszeniem-obecnosci-wojskowej-usa-poniewaz-nie-jest-zgodny-z-interesami-niemiec\/\"},\"wordCount\":754,\"publisher\":{\"@id\":\"https:\/\/www.pogotowieflagowe.pl\/aktualne\/#organization\"},\"image\":{\"@id\":\"https:\/\/www.pogotowieflagowe.pl\/aktualne\/szczyt-nato-rzad-nie-jest-zainteresowany-zwiekszeniem-obecnosci-wojskowej-usa-poniewaz-nie-jest-zgodny-z-interesami-niemiec\/#primaryimage\"},\"thumbnailUrl\":\"https:\/\/www.pogotowieflagowe.pl\/aktualne\/wp-content\/uploads\/2025\/06\/Szczyt-NATO-\u201eRzad-nie-jest-zainteresowany-zwiekszeniem-obecnosci-wojskowej-USA.webp.webp\",\"keywords\":[\"interesami\",\"jest\",\"NATO\",\"Nie\",\"Niemiec\",\"obecno\u015bci\",\"poniewa\u017c\",\"Rz\u0105d\",\"szczyt\",\"USA\",\"wojskowej\",\"zainteresowany\",\"zgodny\",\"zwi\u0119kszeniem\"],\"articleSection\":[\"Polityka\"],\"inLanguage\":\"pl-PL\"},{\"@type\":\"WebPage\",\"@id\":\"https:\/\/www.pogotowieflagowe.pl\/aktualne\/szczyt-nato-rzad-nie-jest-zainteresowany-zwiekszeniem-obecnosci-wojskowej-usa-poniewaz-nie-jest-zgodny-z-interesami-niemiec\/\",\"url\":\"https:\/\/www.pogotowieflagowe.pl\/aktualne\/szczyt-nato-rzad-nie-jest-zainteresowany-zwiekszeniem-obecnosci-wojskowej-usa-poniewaz-nie-jest-zgodny-z-interesami-niemiec\/\",\"name\":\"Szczyt NATO: \u201eRz\u0105d nie jest zainteresowany zwi\u0119kszeniem obecno\u015bci wojskowej USA, poniewa\u017c nie jest zgodny z interesami Niemiec\u201d - POGOTOWIE FLAGOWE\u00ae\",\"isPartOf\":{\"@id\":\"https:\/\/www.pogotowieflagowe.pl\/aktualne\/#website\"},\"primaryImageOfPage\":{\"@id\":\"https:\/\/www.pogotowieflagowe.pl\/aktualne\/szczyt-nato-rzad-nie-jest-zainteresowany-zwiekszeniem-obecnosci-wojskowej-usa-poniewaz-nie-jest-zgodny-z-interesami-niemiec\/#primaryimage\"},\"image\":{\"@id\":\"https:\/\/www.pogotowieflagowe.pl\/aktualne\/szczyt-nato-rzad-nie-jest-zainteresowany-zwiekszeniem-obecnosci-wojskowej-usa-poniewaz-nie-jest-zgodny-z-interesami-niemiec\/#primaryimage\"},\"thumbnailUrl\":\"https:\/\/www.pogotowieflagowe.pl\/aktualne\/wp-content\/uploads\/2025\/06\/Szczyt-NATO-\u201eRzad-nie-jest-zainteresowany-zwiekszeniem-obecnosci-wojskowej-USA.webp.webp\",\"datePublished\":\"2025-06-24T13:47:48+00:00\",\"dateModified\":\"2025-06-24T13:47:50+00:00\",\"breadcrumb\":{\"@id\":\"https:\/\/www.pogotowieflagowe.pl\/aktualne\/szczyt-nato-rzad-nie-jest-zainteresowany-zwiekszeniem-obecnosci-wojskowej-usa-poniewaz-nie-jest-zgodny-z-interesami-niemiec\/#breadcrumb\"},\"inLanguage\":\"pl-PL\",\"potentialAction\":[{\"@type\":\"ReadAction\",\"target\":[\"https:\/\/www.pogotowieflagowe.pl\/aktualne\/szczyt-nato-rzad-nie-jest-zainteresowany-zwiekszeniem-obecnosci-wojskowej-usa-poniewaz-nie-jest-zgodny-z-interesami-niemiec\/\"]}]},{\"@type\":\"ImageObject\",\"inLanguage\":\"pl-PL\",\"@id\":\"https:\/\/www.pogotowieflagowe.pl\/aktualne\/szczyt-nato-rzad-nie-jest-zainteresowany-zwiekszeniem-obecnosci-wojskowej-usa-poniewaz-nie-jest-zgodny-z-interesami-niemiec\/#primaryimage\",\"url\":\"https:\/\/www.pogotowieflagowe.pl\/aktualne\/wp-content\/uploads\/2025\/06\/Szczyt-NATO-\u201eRzad-nie-jest-zainteresowany-zwiekszeniem-obecnosci-wojskowej-USA.webp.webp\",\"contentUrl\":\"https:\/\/www.pogotowieflagowe.pl\/aktualne\/wp-content\/uploads\/2025\/06\/Szczyt-NATO-\u201eRzad-nie-jest-zainteresowany-zwiekszeniem-obecnosci-wojskowej-USA.webp.webp\",\"width\":1280,\"height\":720,\"caption\":\"Szczyt NATO: \u201eRz\u0105d nie jest zainteresowany zwi\u0119kszeniem obecno\u015bci wojskowej USA, poniewa\u017c nie jest zgodny z interesami Niemiec\u201d\"},{\"@type\":\"BreadcrumbList\",\"@id\":\"https:\/\/www.pogotowieflagowe.pl\/aktualne\/szczyt-nato-rzad-nie-jest-zainteresowany-zwiekszeniem-obecnosci-wojskowej-usa-poniewaz-nie-jest-zgodny-z-interesami-niemiec\/#breadcrumb\",\"itemListElement\":[{\"@type\":\"ListItem\",\"position\":1,\"name\":\"Home\",\"item\":\"https:\/\/www.pogotowieflagowe.pl\/aktualne\/\"},{\"@type\":\"ListItem\",\"position\":2,\"name\":\"Szczyt NATO: \u201eRz\u0105d nie jest zainteresowany zwi\u0119kszeniem obecno\u015bci wojskowej USA, poniewa\u017c nie jest zgodny z interesami Niemiec\u201d\"}]},{\"@type\":\"WebSite\",\"@id\":\"https:\/\/www.pogotowieflagowe.pl\/aktualne\/#website\",\"url\":\"https:\/\/www.pogotowieflagowe.pl\/aktualne\/\",\"name\":\"POGOTOWIE FLAGOWE\u00ae\",\"description\":\"\",\"publisher\":{\"@id\":\"https:\/\/www.pogotowieflagowe.pl\/aktualne\/#organization\"},\"potentialAction\":[{\"@type\":\"SearchAction\",\"target\":{\"@type\":\"EntryPoint\",\"urlTemplate\":\"https:\/\/www.pogotowieflagowe.pl\/aktualne\/?s={search_term_string}\"},\"query-input\":\"required name=search_term_string\"}],\"inLanguage\":\"pl-PL\"},{\"@type\":\"Organization\",\"@id\":\"https:\/\/www.pogotowieflagowe.pl\/aktualne\/#organization\",\"name\":\"POGOTOWIE FLAGOWE\u00ae\",\"url\":\"https:\/\/www.pogotowieflagowe.pl\/aktualne\/\",\"logo\":{\"@type\":\"ImageObject\",\"inLanguage\":\"pl-PL\",\"@id\":\"https:\/\/www.pogotowieflagowe.pl\/aktualne\/#\/schema\/logo\/image\/\",\"url\":\"https:\/\/www.pogotowieflagowe.pl\/aktualne\/wp-content\/uploads\/2024\/08\/cropped-pogotowieflagowe_flaga_projekt_sm.jpg\",\"contentUrl\":\"https:\/\/www.pogotowieflagowe.pl\/aktualne\/wp-content\/uploads\/2024\/08\/cropped-pogotowieflagowe_flaga_projekt_sm.jpg\",\"width\":250,\"height\":143,\"caption\":\"POGOTOWIE FLAGOWE\u00ae\"},\"image\":{\"@id\":\"https:\/\/www.pogotowieflagowe.pl\/aktualne\/#\/schema\/logo\/image\/\"}},{\"@type\":\"Person\",\"@id\":\"https:\/\/www.pogotowieflagowe.pl\/aktualne\/#\/schema\/person\/9c2fb7d2362ebf6fa088960d7f0d27b0\",\"name\":\"Filip\",\"image\":{\"@type\":\"ImageObject\",\"inLanguage\":\"pl-PL\",\"@id\":\"https:\/\/www.pogotowieflagowe.pl\/aktualne\/#\/schema\/person\/image\/\",\"url\":\"https:\/\/www.pogotowieflagowe.pl\/aktualne\/wp-content\/uploads\/2024\/08\/pogotowieflagowe.pl_.jpg\",\"contentUrl\":\"https:\/\/www.pogotowieflagowe.pl\/aktualne\/wp-content\/uploads\/2024\/08\/pogotowieflagowe.pl_.jpg\",\"caption\":\"Filip\"},\"description\":\"Jestem Filip, polski dziennikarz z dyplomem nauk politycznych Uniwersytetu Warszawskiego. Rozpoczynaj\u0105c swoj\u0105 karier\u0119 w r\u00f3\u017cnych lokalnych mediach, zdoby\u0142em solidne do\u015bwiadczenie w zakresie \u015bledztwa i redakcji. Obecnie jako redaktor w Pogotowie flagowe, staram si\u0119 dostarcza\u0107 dog\u0142\u0119bne i istotne analizy na temat najwa\u017cniejszych kwestii aktualno\u015bci, \u0142\u0105cz\u0105c rygor z pasj\u0105 dziennikarsk\u0105.\",\"sameAs\":[\"https:\/\/www.pogotowieflagowe.pl\/\"]}]}<\/script>\n<!-- \/ Yoast SEO plugin. -->","yoast_head_json":{"title":"Szczyt NATO: \u201eRz\u0105d nie jest zainteresowany zwi\u0119kszeniem obecno\u015bci wojskowej USA, poniewa\u017c nie jest zgodny z interesami Niemiec\u201d - POGOTOWIE FLAGOWE\u00ae","robots":{"index":"index","follow":"follow","max-snippet":"max-snippet:-1","max-image-preview":"max-image-preview:large","max-video-preview":"max-video-preview:-1"},"canonical":"https:\/\/www.pogotowieflagowe.pl\/aktualne\/szczyt-nato-rzad-nie-jest-zainteresowany-zwiekszeniem-obecnosci-wojskowej-usa-poniewaz-nie-jest-zgodny-z-interesami-niemiec\/","og_locale":"pl_PL","og_type":"article","og_title":"Szczyt NATO: \u201eRz\u0105d nie jest zainteresowany zwi\u0119kszeniem obecno\u015bci wojskowej USA, poniewa\u017c nie jest zgodny z interesami Niemiec\u201d - POGOTOWIE FLAGOWE\u00ae","og_description":"Holandia organizuje tegoroczny szczyt NATO. Podczas dwudniowego spotkania w Hadze oczekuje si\u0119, \u017ce dyskusje skupi\u0105 si\u0119 na bezpiecze\u0144stwie europejskim, sytuacji","og_url":"https:\/\/www.pogotowieflagowe.pl\/aktualne\/szczyt-nato-rzad-nie-jest-zainteresowany-zwiekszeniem-obecnosci-wojskowej-usa-poniewaz-nie-jest-zgodny-z-interesami-niemiec\/","og_site_name":"POGOTOWIE FLAGOWE\u00ae","article_published_time":"2025-06-24T13:47:48+00:00","article_modified_time":"2025-06-24T13:47:50+00:00","og_image":[{"width":1280,"height":720,"url":"https:\/\/www.pogotowieflagowe.pl\/aktualne\/wp-content\/uploads\/2025\/06\/Szczyt-NATO-\u201eRzad-nie-jest-zainteresowany-zwiekszeniem-obecnosci-wojskowej-USA.webp.webp","type":"image\/webp"}],"author":"Filip","twitter_card":"summary_large_image","twitter_misc":{"Napisane przez":"Filip","Szacowany czas czytania":"4 minuty"},"schema":{"@context":"https:\/\/schema.org","@graph":[{"@type":"Article","@id":"https:\/\/www.pogotowieflagowe.pl\/aktualne\/szczyt-nato-rzad-nie-jest-zainteresowany-zwiekszeniem-obecnosci-wojskowej-usa-poniewaz-nie-jest-zgodny-z-interesami-niemiec\/#article","isPartOf":{"@id":"https:\/\/www.pogotowieflagowe.pl\/aktualne\/szczyt-nato-rzad-nie-jest-zainteresowany-zwiekszeniem-obecnosci-wojskowej-usa-poniewaz-nie-jest-zgodny-z-interesami-niemiec\/"},"author":{"name":"Filip","@id":"https:\/\/www.pogotowieflagowe.pl\/aktualne\/#\/schema\/person\/9c2fb7d2362ebf6fa088960d7f0d27b0"},"headline":"Szczyt NATO: \u201eRz\u0105d nie jest zainteresowany zwi\u0119kszeniem obecno\u015bci wojskowej USA, poniewa\u017c nie jest zgodny z interesami Niemiec\u201d","datePublished":"2025-06-24T13:47:48+00:00","dateModified":"2025-06-24T13:47:50+00:00","mainEntityOfPage":{"@id":"https:\/\/www.pogotowieflagowe.pl\/aktualne\/szczyt-nato-rzad-nie-jest-zainteresowany-zwiekszeniem-obecnosci-wojskowej-usa-poniewaz-nie-jest-zgodny-z-interesami-niemiec\/"},"wordCount":754,"publisher":{"@id":"https:\/\/www.pogotowieflagowe.pl\/aktualne\/#organization"},"image":{"@id":"https:\/\/www.pogotowieflagowe.pl\/aktualne\/szczyt-nato-rzad-nie-jest-zainteresowany-zwiekszeniem-obecnosci-wojskowej-usa-poniewaz-nie-jest-zgodny-z-interesami-niemiec\/#primaryimage"},"thumbnailUrl":"https:\/\/www.pogotowieflagowe.pl\/aktualne\/wp-content\/uploads\/2025\/06\/Szczyt-NATO-\u201eRzad-nie-jest-zainteresowany-zwiekszeniem-obecnosci-wojskowej-USA.webp.webp","keywords":["interesami","jest","NATO","Nie","Niemiec","obecno\u015bci","poniewa\u017c","Rz\u0105d","szczyt","USA","wojskowej","zainteresowany","zgodny","zwi\u0119kszeniem"],"articleSection":["Polityka"],"inLanguage":"pl-PL"},{"@type":"WebPage","@id":"https:\/\/www.pogotowieflagowe.pl\/aktualne\/szczyt-nato-rzad-nie-jest-zainteresowany-zwiekszeniem-obecnosci-wojskowej-usa-poniewaz-nie-jest-zgodny-z-interesami-niemiec\/","url":"https:\/\/www.pogotowieflagowe.pl\/aktualne\/szczyt-nato-rzad-nie-jest-zainteresowany-zwiekszeniem-obecnosci-wojskowej-usa-poniewaz-nie-jest-zgodny-z-interesami-niemiec\/","name":"Szczyt NATO: \u201eRz\u0105d nie jest zainteresowany zwi\u0119kszeniem obecno\u015bci wojskowej USA, poniewa\u017c nie jest zgodny z interesami Niemiec\u201d - POGOTOWIE FLAGOWE\u00ae","isPartOf":{"@id":"https:\/\/www.pogotowieflagowe.pl\/aktualne\/#website"},"primaryImageOfPage":{"@id":"https:\/\/www.pogotowieflagowe.pl\/aktualne\/szczyt-nato-rzad-nie-jest-zainteresowany-zwiekszeniem-obecnosci-wojskowej-usa-poniewaz-nie-jest-zgodny-z-interesami-niemiec\/#primaryimage"},"image":{"@id":"https:\/\/www.pogotowieflagowe.pl\/aktualne\/szczyt-nato-rzad-nie-jest-zainteresowany-zwiekszeniem-obecnosci-wojskowej-usa-poniewaz-nie-jest-zgodny-z-interesami-niemiec\/#primaryimage"},"thumbnailUrl":"https:\/\/www.pogotowieflagowe.pl\/aktualne\/wp-content\/uploads\/2025\/06\/Szczyt-NATO-\u201eRzad-nie-jest-zainteresowany-zwiekszeniem-obecnosci-wojskowej-USA.webp.webp","datePublished":"2025-06-24T13:47:48+00:00","dateModified":"2025-06-24T13:47:50+00:00","breadcrumb":{"@id":"https:\/\/www.pogotowieflagowe.pl\/aktualne\/szczyt-nato-rzad-nie-jest-zainteresowany-zwiekszeniem-obecnosci-wojskowej-usa-poniewaz-nie-jest-zgodny-z-interesami-niemiec\/#breadcrumb"},"inLanguage":"pl-PL","potentialAction":[{"@type":"ReadAction","target":["https:\/\/www.pogotowieflagowe.pl\/aktualne\/szczyt-nato-rzad-nie-jest-zainteresowany-zwiekszeniem-obecnosci-wojskowej-usa-poniewaz-nie-jest-zgodny-z-interesami-niemiec\/"]}]},{"@type":"ImageObject","inLanguage":"pl-PL","@id":"https:\/\/www.pogotowieflagowe.pl\/aktualne\/szczyt-nato-rzad-nie-jest-zainteresowany-zwiekszeniem-obecnosci-wojskowej-usa-poniewaz-nie-jest-zgodny-z-interesami-niemiec\/#primaryimage","url":"https:\/\/www.pogotowieflagowe.pl\/aktualne\/wp-content\/uploads\/2025\/06\/Szczyt-NATO-\u201eRzad-nie-jest-zainteresowany-zwiekszeniem-obecnosci-wojskowej-USA.webp.webp","contentUrl":"https:\/\/www.pogotowieflagowe.pl\/aktualne\/wp-content\/uploads\/2025\/06\/Szczyt-NATO-\u201eRzad-nie-jest-zainteresowany-zwiekszeniem-obecnosci-wojskowej-USA.webp.webp","width":1280,"height":720,"caption":"Szczyt NATO: \u201eRz\u0105d nie jest zainteresowany zwi\u0119kszeniem obecno\u015bci wojskowej USA, poniewa\u017c nie jest zgodny z interesami Niemiec\u201d"},{"@type":"BreadcrumbList","@id":"https:\/\/www.pogotowieflagowe.pl\/aktualne\/szczyt-nato-rzad-nie-jest-zainteresowany-zwiekszeniem-obecnosci-wojskowej-usa-poniewaz-nie-jest-zgodny-z-interesami-niemiec\/#breadcrumb","itemListElement":[{"@type":"ListItem","position":1,"name":"Home","item":"https:\/\/www.pogotowieflagowe.pl\/aktualne\/"},{"@type":"ListItem","position":2,"name":"Szczyt NATO: \u201eRz\u0105d nie jest zainteresowany zwi\u0119kszeniem obecno\u015bci wojskowej USA, poniewa\u017c nie jest zgodny z interesami Niemiec\u201d"}]},{"@type":"WebSite","@id":"https:\/\/www.pogotowieflagowe.pl\/aktualne\/#website","url":"https:\/\/www.pogotowieflagowe.pl\/aktualne\/","name":"POGOTOWIE FLAGOWE\u00ae","description":"","publisher":{"@id":"https:\/\/www.pogotowieflagowe.pl\/aktualne\/#organization"},"potentialAction":[{"@type":"SearchAction","target":{"@type":"EntryPoint","urlTemplate":"https:\/\/www.pogotowieflagowe.pl\/aktualne\/?s={search_term_string}"},"query-input":"required name=search_term_string"}],"inLanguage":"pl-PL"},{"@type":"Organization","@id":"https:\/\/www.pogotowieflagowe.pl\/aktualne\/#organization","name":"POGOTOWIE FLAGOWE\u00ae","url":"https:\/\/www.pogotowieflagowe.pl\/aktualne\/","logo":{"@type":"ImageObject","inLanguage":"pl-PL","@id":"https:\/\/www.pogotowieflagowe.pl\/aktualne\/#\/schema\/logo\/image\/","url":"https:\/\/www.pogotowieflagowe.pl\/aktualne\/wp-content\/uploads\/2024\/08\/cropped-pogotowieflagowe_flaga_projekt_sm.jpg","contentUrl":"https:\/\/www.pogotowieflagowe.pl\/aktualne\/wp-content\/uploads\/2024\/08\/cropped-pogotowieflagowe_flaga_projekt_sm.jpg","width":250,"height":143,"caption":"POGOTOWIE FLAGOWE\u00ae"},"image":{"@id":"https:\/\/www.pogotowieflagowe.pl\/aktualne\/#\/schema\/logo\/image\/"}},{"@type":"Person","@id":"https:\/\/www.pogotowieflagowe.pl\/aktualne\/#\/schema\/person\/9c2fb7d2362ebf6fa088960d7f0d27b0","name":"Filip","image":{"@type":"ImageObject","inLanguage":"pl-PL","@id":"https:\/\/www.pogotowieflagowe.pl\/aktualne\/#\/schema\/person\/image\/","url":"https:\/\/www.pogotowieflagowe.pl\/aktualne\/wp-content\/uploads\/2024\/08\/pogotowieflagowe.pl_.jpg","contentUrl":"https:\/\/www.pogotowieflagowe.pl\/aktualne\/wp-content\/uploads\/2024\/08\/pogotowieflagowe.pl_.jpg","caption":"Filip"},"description":"Jestem Filip, polski dziennikarz z dyplomem nauk politycznych Uniwersytetu Warszawskiego. Rozpoczynaj\u0105c swoj\u0105 karier\u0119 w r\u00f3\u017cnych lokalnych mediach, zdoby\u0142em solidne do\u015bwiadczenie w zakresie \u015bledztwa i redakcji. Obecnie jako redaktor w Pogotowie flagowe, staram si\u0119 dostarcza\u0107 dog\u0142\u0119bne i istotne analizy na temat najwa\u017cniejszych kwestii aktualno\u015bci, \u0142\u0105cz\u0105c rygor z pasj\u0105 dziennikarsk\u0105.","sameAs":["https:\/\/www.pogotowieflagowe.pl\/"]}]}},"_links":{"self":[{"href":"https:\/\/www.pogotowieflagowe.pl\/aktualne\/wp-json\/wp\/v2\/posts\/6430","targetHints":{"allow":["GET"]}}],"collection":[{"href":"https:\/\/www.pogotowieflagowe.pl\/aktualne\/wp-json\/wp\/v2\/posts"}],"about":[{"href":"https:\/\/www.pogotowieflagowe.pl\/aktualne\/wp-json\/wp\/v2\/types\/post"}],"author":[{"embeddable":true,"href":"https:\/\/www.pogotowieflagowe.pl\/aktualne\/wp-json\/wp\/v2\/users\/1"}],"replies":[{"embeddable":true,"href":"https:\/\/www.pogotowieflagowe.pl\/aktualne\/wp-json\/wp\/v2\/comments?post=6430"}],"version-history":[{"count":1,"href":"https:\/\/www.pogotowieflagowe.pl\/aktualne\/wp-json\/wp\/v2\/posts\/6430\/revisions"}],"predecessor-version":[{"id":6432,"href":"https:\/\/www.pogotowieflagowe.pl\/aktualne\/wp-json\/wp\/v2\/posts\/6430\/revisions\/6432"}],"wp:featuredmedia":[{"embeddable":true,"href":"https:\/\/www.pogotowieflagowe.pl\/aktualne\/wp-json\/wp\/v2\/media\/6431"}],"wp:attachment":[{"href":"https:\/\/www.pogotowieflagowe.pl\/aktualne\/wp-json\/wp\/v2\/media?parent=6430"}],"wp:term":[{"taxonomy":"category","embeddable":true,"href":"https:\/\/www.pogotowieflagowe.pl\/aktualne\/wp-json\/wp\/v2\/categories?post=6430"},{"taxonomy":"post_tag","embeddable":true,"href":"https:\/\/www.pogotowieflagowe.pl\/aktualne\/wp-json\/wp\/v2\/tags?post=6430"}],"curies":[{"name":"wp","href":"https:\/\/api.w.org\/{rel}","templated":true}]}}