{"id":6445,"date":"2025-06-25T10:49:08","date_gmt":"2025-06-25T08:49:08","guid":{"rendered":"https:\/\/www.pogotowieflagowe.pl\/aktualne\/czy-giertych-walczy-o-wolnosc-wczesniej-czy-pozniej-prokuratura-zobaczy-te-sprawe-do-konca\/"},"modified":"2025-06-25T10:49:09","modified_gmt":"2025-06-25T08:49:09","slug":"czy-giertych-walczy-o-wolnosc-wczesniej-czy-pozniej-prokuratura-zobaczy-te-sprawe-do-konca","status":"publish","type":"post","link":"https:\/\/www.pogotowieflagowe.pl\/aktualne\/czy-giertych-walczy-o-wolnosc-wczesniej-czy-pozniej-prokuratura-zobaczy-te-sprawe-do-konca\/","title":{"rendered":"Czy Giertych walczy o wolno\u015b\u0107? \u201eWcze\u015bniej czy p\u00f3\u017aniej prokuratura zobaczy t\u0119 spraw\u0119 do ko\u0144ca\u201d"},"content":{"rendered":"\n<div class=\"td_block_wrap tdb_single_content tdi_41 td-pb-border-top td_block_template_8 td-post-content tagdiv-type\" data-td-block-uid=\"tdi_41\">\n<style>.tdi_41 {margin-top: 0px! Wa\u017cne; margines-bottom: 0px! WA\u017bNY; PALDING-TOP: 0PX! WA\u017bNY; PALDING-BOTTOM: 0PX! WA\u017bNE}<\/style>\n<style>.tdb_single_content {margin-bottom: 0;*zoom: 1} .tdb_single_content: wcze\u015bniej, .tdb_single_content: po {display: Table; content: ''; line-height: 0} .TDB-BLOCK-INner>*: nie (.WP-BLOCK-QUOTE): not (.alignSwide): not (.Alignfull.wp-block-cover.has-parallax): not (.td-a-ad) {margin-left: auto; margin-right: auto} .tdb_single_ConTent a {wska\u017anik-events: auto} .tdb_single_content .td-spot-id-top_ad .tdc-placeholder-title: przed {content: \u201eArtyku\u0142 top ad\u201d! Wa\u017cne} .tdb_single_content .td-Spot-Id-inline_ad0 .tdc-placeholder-title 1 '! Wa\u017cne} .tdb_single_content .td-Spot-Id-inline_Ad1 .tdc-Placeholder-Title: przed {content: \u201eArtyku\u0142 inline AD 2'! Wa\u017cny} .tdb_single_content. 3 '! Wa\u017cne} .tdb_single_content .td-Spot-Id-Bottom_Ad .tdc-Placeholder-Title: przed {content: \u201eArtyku\u0142 Bottom Ad\u201d! Wa\u017cne} .tdb_single_content .id_top_ad, .tdb_single_content_content .id_bottom_ad {clear: oba; margin-bottom: 21px; text-align: Center} .tdb_single_content .id_top_ad img, .tdb_single_content .id_bottom_ad img {margin-bottom: 0} .tdb_single_conTent .id_top_ad .adsbyGoogle, .tdb_single_content .id_bottom_ad .adsbyGoogle {pozycja: relatyw} .tdb_single_content .id_ad_content-horiz-left, .tdb_single_content .id_ad_content-horiz-right, .tdb_single_content .id_ad_content-horiz-Center {margin-bottom: 15px} .tdb_single_content .id_ad_content-horiz-left Img, .tdb_single_content .id_ad_content-horiz-right img, .tdb_single_content .id_ad_content-horiz-centerter img {margin-bottom: 0} .tdb_single_content .id_ad_content-horiz-center {text-align: Center} .tdb_single_content .id_ad_content-horiz-center img {margin-right: auto; margin-let: auto} .tdb_single_content .id_ad_content-horiz-left {float: left; margin-top: 9px; margin-right: 21px} .tdb_single_content .id_ad_content-horiz-right {float: margin-top: 6px; margin-left: 21px} .tdb_single_content .tdc-a-a-ad .TDC-Placeholder-Title {szeroko\u015b\u0107: 300px; height: 250px} .tdb_single_content .tdc-a-ad .TDC-Placeholder-Title: Przed {Pozycja: Absolute; TOP: 50%;-WebKit-Transform: Translatey (-50%); Transform: Translatey (-50%); margines: auto; Display: Tabela; szeroko\u015b\u0107: 100%}. tdb_single_content .TDB-BLOCK-INNER.TD-FIX-INDEX {Word-Break: Break-word} .tdi_41, .tdi_41> p, .tdi_41 .tdb-block-inner> p, .Wp-Block-Column> p {font-size: 16px! Wa\u017cne; wa\u017cny; p {font-styl: normalne! Wa\u017cne} @media (Max-Width: 767px) {. tdb_single_content .id_ad_content-horiz-left, .tdb_single_content .id_ad_content-horiz-right, .tdb_single_content .id_ad_content-horiz-centter {Margin: 0 AUTO 26PXX auto}}@media (Max-Width: 767px) {. tdb_single_content .id_ad_content-horiz-left {margin-right: 0}}@media (max-width: 767px) {. (Max-Width: 767px) {. tdb_single_content .td-a-ad {float: none; text-align: Center} .tdb_single_content .td-a-ad img {margin-right: auto; margin-left: auto} .tdb_single_content .tdc-a-a-a-{margin-right: auto; margin-left: auto} .tdb_single_content .tdd<\/style>\n<div class=\"tdb-block-inner td-fix-index\">\n<p>To t\u0142umaczy nerwowo\u015b\u0107 Giertycha w ostatnich dniach i jego pr\u00f3by zapobiegania Karolowi Nawrockiego zostan\u0105 prezydentem &#8211; chce zapewni\u0107 sobie bezkarno\u015b\u0107. Ale pr\u0119dzej czy p\u00f3\u017aniej sprawiedliwo\u015b\u0107 wr\u00f3ci do Polski, a nast\u0119pnie niezale\u017cna prokuratura, bez tych r\u00f3\u017cnych s\u0119dzi\u00f3w z Iustitii, zbli\u017cy post\u0119powanie, a pan Giertych zostanie poddany rozprawie, pose\u0142 Micha\u0142 Wob\u015b <em>Niezale\u017cna.pl<\/em>. W ten spos\u00f3b komentuje dzisiejsz\u0105 publikacj\u0119 uzasadnienia decyzji o przerwie post\u0119powania przeciwko Romanowi Giertychowi.<\/p>\n<h2 class=\"wp-block-heading\">Tajne rozumowanie staje si\u0119 publiczne<\/h2>\n<p>Dziennikarze z <em>Wirtualna Polska<\/em> ujawni\u0142 wczoraj wcze\u015bniej sklasyfikowane uzasadnienie decyzji o przerwie dochodzenia przeciwko Romanowi Giertycha w tak zwanej sprawie Polnord. Zarzuty przeciwko Giertycha zosta\u0142y uznane za niewystarczaj\u0105ce, aby ustali\u0107, \u017ce m\u00f3g\u0142 pope\u0142ni\u0107 przest\u0119pstwo. Wed\u0142ug prokurator\u00f3w decyzje o wysypaniu pieni\u0119dzy od Polnord by\u0142y podejmowane przez innych wsp\u00f3\u0142oskar\u017conych, podczas gdy Giertych jedynie \u015bwiadczy\u0142 us\u0142ugi prawne zarz\u0105dzanym firmom.<\/p>\n<p>Prokuratura twierdzi, \u017ce nie by\u0142o prania pieni\u0119dzy, poniewa\u017c fundusze by\u0142y czyste; Giertych ustali\u0142 tylko wysok\u0105 cen\u0119 za swoje us\u0142ugi. Sam Giertych utrzymuje, \u017ce przerwa sta\u0142a si\u0119 ostateczna, poniewa\u017c Polnord nie odwo\u0142a\u0142 si\u0119 od decyzji.<\/p>\n<h2 class=\"wp-block-heading\">U\u0142o\u017cenie zamkni\u0119tej p\u0119tli<\/h2>\n<p>Komentuj\u0105c informacje zawarte w rozumowaniu, pose\u0142 Micha\u0142 Wo\u015b podkre\u015bli\u0142, \u017ce \u201eca\u0142a sprawa wygl\u0105da jak porozumienie w p\u0119tli zamkni\u0119tej. W\u0142a\u015bnie dlatego przej\u0119li prokuratur\u0119-aby zakopa\u0107 dok\u0142adnie tego rodzaju spraw\u0119. Bodnar ma zadanie przypisane przez Tuska: aby uwolni\u0107 wszystkich swoich kumpli od tego rodzaju zarzut\u00f3w\u201d.<\/p>\n<p>\u201eOkazuje si\u0119, \u017ce oni, jako zorganizowana grupa, byli za wszystkimi oszustwami. Odstraszaj\u0105c spraw\u0119 &#8211; przez d\u0142ugi czas wykonywa\u0142 j\u0105 klasyfikowane &#8211; prokuratorzy zdecydowali, \u017ce m\u00f3zg ca\u0142ej dzia\u0142alno\u015bci kryminalnej nie by\u0142 Roman Giertych. Sama program jest oczywisty dla prokuratora Bodnar, poniewa\u017c Krauze i Giertych&#8217;s Busdaze nie by\u0142o tym, \u017ce impreza Guilty nie jest oczywista dla Guierch, TURTYCH, TUME, TUME, TURTYCH. Niekt\u00f3re \u201eFOKA\u201d, kt\u00f3re za\u0142o\u017cy\u0142y r\u00f3\u017cne firmy Shell.<\/p>\n<p>Doda\u0142: \u201eJe\u015bli ktokolwiek w Polsce uwa\u017ca, \u017ce \u200b\u200bMastermin by\u0142 prawor\u0119cznym cz\u0142owiekiem Giertycha i \u017ce pan Giertych udost\u0119pni\u0142 swoje konta za to, co skutecznie pranie pieni\u0119dzy (jak twierdz\u0105 prokuratorzy), z jego kancelari\u0105 r\u00f3wnie\u017c zaanga\u017cowan\u0105 w przep\u0142ywy-jak znalaz\u0142 og\u00f3lny inspektor informacji finansowych-well, to \u015bmieszne\u201d. Woj nalega\u0142, aby \u201eci ludzie nie urz\u0119dowali\u201d.<\/p>\n<p>\u201eTo t\u0142umaczy r\u00f3wnie\u017c wzbudzenie Giertycha w ostatnich dniach i jego pr\u00f3by powstrzymania Karola Nawrockiego zostan\u0105 prezydentem: chce zagwarantowa\u0107 w\u0142asn\u0105 bezkarno\u015b\u0107. Ale wcze\u015bniej czy p\u00f3\u017aniej sprawiedliwo\u015b\u0107 powr\u00f3ci do Polski; w\u00f3wczas niezale\u017cna prokuratura, bez tych r\u00f3\u017cnych s\u0119dzi\u00f3w Iustitii, zako\u0144czy spraw\u0119, a pan Giertych b\u0119dzie musia\u0142 zmierzy\u0107 si\u0119 z s\u0105dem, a jego agitacja b\u0119dzie pr\u00f3b\u0105 unikni\u0119cia tego scenariusza &#8211; nie tylko o swojej reputacji, a to, \u017ce pan Giertych b\u0119dzie musia\u0142 stawi\u0107 czo\u0142a s\u0105dowi, a to, \u017ce pan Giertych b\u0119dzie musia\u0142 zmierzy\u0107 si\u0119 z s\u0105dem, a to, \u017ce wyja\u015bni to, \u017ce wyja\u015bni to, \u017ce to wyja\u015bni. Du\u017co &#8211; podsumowa\u0142 parlamentarzysta PIS.<\/p>\n<\/div>\n<\/div>\n","protected":false},"excerpt":{"rendered":"<p>To t\u0142umaczy nerwowo\u015b\u0107 Giertycha w ostatnich dniach i jego pr\u00f3by zapobiegania Karolowi Nawrockiego zostan\u0105 prezydentem &#8211; chce zapewni\u0107 sobie bezkarno\u015b\u0107.<\/p>\n","protected":false},"author":1,"featured_media":6446,"comment_status":"closed","ping_status":"","sticky":false,"template":"","format":"standard","meta":{"footnotes":""},"categories":[4748],"tags":[501,6011,2311,8207,6133,8210,8209,5828,7286,1364,8208],"class_list":["post-6445","post","type-post","status-publish","format-standard","has-post-thumbnail","hentry","category-aktualne","tag-czy","tag-giertych","tag-konca","tag-pozniej","tag-prokuratura","tag-sprawe","tag-te","tag-walczy","tag-wczesniej","tag-wolnosc","tag-zobaczy","generate-columns","tablet-grid-50","mobile-grid-100","grid-parent","grid-50","resize-featured-image"],"yoast_head":"<!-- This site is optimized with the Yoast SEO plugin v23.2 - https:\/\/yoast.com\/wordpress\/plugins\/seo\/ -->\n<title>Czy Giertych walczy o wolno\u015b\u0107? \u201eWcze\u015bniej czy p\u00f3\u017aniej prokuratura zobaczy t\u0119 spraw\u0119 do ko\u0144ca\u201d - POGOTOWIE FLAGOWE\u00ae<\/title>\n<meta name=\"robots\" content=\"index, follow, max-snippet:-1, max-image-preview:large, max-video-preview:-1\" \/>\n<link rel=\"canonical\" href=\"https:\/\/www.pogotowieflagowe.pl\/aktualne\/czy-giertych-walczy-o-wolnosc-wczesniej-czy-pozniej-prokuratura-zobaczy-te-sprawe-do-konca\/\" \/>\n<meta property=\"og:locale\" content=\"pl_PL\" \/>\n<meta property=\"og:type\" content=\"article\" \/>\n<meta property=\"og:title\" content=\"Czy Giertych walczy o wolno\u015b\u0107? \u201eWcze\u015bniej czy p\u00f3\u017aniej prokuratura zobaczy t\u0119 spraw\u0119 do ko\u0144ca\u201d - POGOTOWIE FLAGOWE\u00ae\" \/>\n<meta property=\"og:description\" content=\"To t\u0142umaczy nerwowo\u015b\u0107 Giertycha w ostatnich dniach i jego pr\u00f3by zapobiegania Karolowi Nawrockiego zostan\u0105 prezydentem &#8211; chce zapewni\u0107 sobie bezkarno\u015b\u0107.\" \/>\n<meta property=\"og:url\" content=\"https:\/\/www.pogotowieflagowe.pl\/aktualne\/czy-giertych-walczy-o-wolnosc-wczesniej-czy-pozniej-prokuratura-zobaczy-te-sprawe-do-konca\/\" \/>\n<meta property=\"og:site_name\" content=\"POGOTOWIE FLAGOWE\u00ae\" \/>\n<meta property=\"article:published_time\" content=\"2025-06-25T08:49:08+00:00\" \/>\n<meta property=\"article:modified_time\" content=\"2025-06-25T08:49:09+00:00\" \/>\n<meta property=\"og:image\" content=\"https:\/\/www.pogotowieflagowe.pl\/aktualne\/wp-content\/uploads\/2025\/06\/Czy-Giertych-walczy-o-wolnosc-\u201eWczesniej-czy-pozniej-prokuratura-zobaczy.webp.webp\" \/>\n\t<meta property=\"og:image:width\" content=\"1280\" \/>\n\t<meta property=\"og:image:height\" content=\"720\" \/>\n\t<meta property=\"og:image:type\" content=\"image\/webp\" \/>\n<meta name=\"author\" content=\"Filip\" \/>\n<meta name=\"twitter:card\" content=\"summary_large_image\" \/>\n<meta name=\"twitter:label1\" content=\"Napisane przez\" \/>\n\t<meta name=\"twitter:data1\" content=\"Filip\" \/>\n\t<meta name=\"twitter:label2\" content=\"Szacowany czas czytania\" \/>\n\t<meta name=\"twitter:data2\" content=\"3 minuty\" \/>\n<script type=\"application\/ld+json\" class=\"yoast-schema-graph\">{\"@context\":\"https:\/\/schema.org\",\"@graph\":[{\"@type\":\"Article\",\"@id\":\"https:\/\/www.pogotowieflagowe.pl\/aktualne\/czy-giertych-walczy-o-wolnosc-wczesniej-czy-pozniej-prokuratura-zobaczy-te-sprawe-do-konca\/#article\",\"isPartOf\":{\"@id\":\"https:\/\/www.pogotowieflagowe.pl\/aktualne\/czy-giertych-walczy-o-wolnosc-wczesniej-czy-pozniej-prokuratura-zobaczy-te-sprawe-do-konca\/\"},\"author\":{\"name\":\"Filip\",\"@id\":\"https:\/\/www.pogotowieflagowe.pl\/aktualne\/#\/schema\/person\/9c2fb7d2362ebf6fa088960d7f0d27b0\"},\"headline\":\"Czy Giertych walczy o wolno\u015b\u0107? \u201eWcze\u015bniej czy p\u00f3\u017aniej prokuratura zobaczy t\u0119 spraw\u0119 do ko\u0144ca\u201d\",\"datePublished\":\"2025-06-25T08:49:08+00:00\",\"dateModified\":\"2025-06-25T08:49:09+00:00\",\"mainEntityOfPage\":{\"@id\":\"https:\/\/www.pogotowieflagowe.pl\/aktualne\/czy-giertych-walczy-o-wolnosc-wczesniej-czy-pozniej-prokuratura-zobaczy-te-sprawe-do-konca\/\"},\"wordCount\":538,\"publisher\":{\"@id\":\"https:\/\/www.pogotowieflagowe.pl\/aktualne\/#organization\"},\"image\":{\"@id\":\"https:\/\/www.pogotowieflagowe.pl\/aktualne\/czy-giertych-walczy-o-wolnosc-wczesniej-czy-pozniej-prokuratura-zobaczy-te-sprawe-do-konca\/#primaryimage\"},\"thumbnailUrl\":\"https:\/\/www.pogotowieflagowe.pl\/aktualne\/wp-content\/uploads\/2025\/06\/Czy-Giertych-walczy-o-wolnosc-\u201eWczesniej-czy-pozniej-prokuratura-zobaczy.webp.webp\",\"keywords\":[\"Czy\",\"Giertych\",\"ko\u0144ca\",\"p\u00f3\u017aniej\",\"Prokuratura\",\"spraw\u0119\",\"t\u0119\",\"walczy\",\"wcze\u015bniej\",\"Wolno\u015b\u0107\",\"zobaczy\"],\"articleSection\":[\"Aktualne\"],\"inLanguage\":\"pl-PL\"},{\"@type\":\"WebPage\",\"@id\":\"https:\/\/www.pogotowieflagowe.pl\/aktualne\/czy-giertych-walczy-o-wolnosc-wczesniej-czy-pozniej-prokuratura-zobaczy-te-sprawe-do-konca\/\",\"url\":\"https:\/\/www.pogotowieflagowe.pl\/aktualne\/czy-giertych-walczy-o-wolnosc-wczesniej-czy-pozniej-prokuratura-zobaczy-te-sprawe-do-konca\/\",\"name\":\"Czy Giertych walczy o wolno\u015b\u0107? \u201eWcze\u015bniej czy p\u00f3\u017aniej prokuratura zobaczy t\u0119 spraw\u0119 do ko\u0144ca\u201d - POGOTOWIE FLAGOWE\u00ae\",\"isPartOf\":{\"@id\":\"https:\/\/www.pogotowieflagowe.pl\/aktualne\/#website\"},\"primaryImageOfPage\":{\"@id\":\"https:\/\/www.pogotowieflagowe.pl\/aktualne\/czy-giertych-walczy-o-wolnosc-wczesniej-czy-pozniej-prokuratura-zobaczy-te-sprawe-do-konca\/#primaryimage\"},\"image\":{\"@id\":\"https:\/\/www.pogotowieflagowe.pl\/aktualne\/czy-giertych-walczy-o-wolnosc-wczesniej-czy-pozniej-prokuratura-zobaczy-te-sprawe-do-konca\/#primaryimage\"},\"thumbnailUrl\":\"https:\/\/www.pogotowieflagowe.pl\/aktualne\/wp-content\/uploads\/2025\/06\/Czy-Giertych-walczy-o-wolnosc-\u201eWczesniej-czy-pozniej-prokuratura-zobaczy.webp.webp\",\"datePublished\":\"2025-06-25T08:49:08+00:00\",\"dateModified\":\"2025-06-25T08:49:09+00:00\",\"breadcrumb\":{\"@id\":\"https:\/\/www.pogotowieflagowe.pl\/aktualne\/czy-giertych-walczy-o-wolnosc-wczesniej-czy-pozniej-prokuratura-zobaczy-te-sprawe-do-konca\/#breadcrumb\"},\"inLanguage\":\"pl-PL\",\"potentialAction\":[{\"@type\":\"ReadAction\",\"target\":[\"https:\/\/www.pogotowieflagowe.pl\/aktualne\/czy-giertych-walczy-o-wolnosc-wczesniej-czy-pozniej-prokuratura-zobaczy-te-sprawe-do-konca\/\"]}]},{\"@type\":\"ImageObject\",\"inLanguage\":\"pl-PL\",\"@id\":\"https:\/\/www.pogotowieflagowe.pl\/aktualne\/czy-giertych-walczy-o-wolnosc-wczesniej-czy-pozniej-prokuratura-zobaczy-te-sprawe-do-konca\/#primaryimage\",\"url\":\"https:\/\/www.pogotowieflagowe.pl\/aktualne\/wp-content\/uploads\/2025\/06\/Czy-Giertych-walczy-o-wolnosc-\u201eWczesniej-czy-pozniej-prokuratura-zobaczy.webp.webp\",\"contentUrl\":\"https:\/\/www.pogotowieflagowe.pl\/aktualne\/wp-content\/uploads\/2025\/06\/Czy-Giertych-walczy-o-wolnosc-\u201eWczesniej-czy-pozniej-prokuratura-zobaczy.webp.webp\",\"width\":1280,\"height\":720,\"caption\":\"Czy Giertych walczy o wolno\u015b\u0107? \u201eWcze\u015bniej czy p\u00f3\u017aniej prokuratura zobaczy t\u0119 spraw\u0119 do ko\u0144ca\u201d\"},{\"@type\":\"BreadcrumbList\",\"@id\":\"https:\/\/www.pogotowieflagowe.pl\/aktualne\/czy-giertych-walczy-o-wolnosc-wczesniej-czy-pozniej-prokuratura-zobaczy-te-sprawe-do-konca\/#breadcrumb\",\"itemListElement\":[{\"@type\":\"ListItem\",\"position\":1,\"name\":\"Home\",\"item\":\"https:\/\/www.pogotowieflagowe.pl\/aktualne\/\"},{\"@type\":\"ListItem\",\"position\":2,\"name\":\"Czy Giertych walczy o wolno\u015b\u0107? \u201eWcze\u015bniej czy p\u00f3\u017aniej prokuratura zobaczy t\u0119 spraw\u0119 do ko\u0144ca\u201d\"}]},{\"@type\":\"WebSite\",\"@id\":\"https:\/\/www.pogotowieflagowe.pl\/aktualne\/#website\",\"url\":\"https:\/\/www.pogotowieflagowe.pl\/aktualne\/\",\"name\":\"POGOTOWIE FLAGOWE\u00ae\",\"description\":\"\",\"publisher\":{\"@id\":\"https:\/\/www.pogotowieflagowe.pl\/aktualne\/#organization\"},\"potentialAction\":[{\"@type\":\"SearchAction\",\"target\":{\"@type\":\"EntryPoint\",\"urlTemplate\":\"https:\/\/www.pogotowieflagowe.pl\/aktualne\/?s={search_term_string}\"},\"query-input\":\"required name=search_term_string\"}],\"inLanguage\":\"pl-PL\"},{\"@type\":\"Organization\",\"@id\":\"https:\/\/www.pogotowieflagowe.pl\/aktualne\/#organization\",\"name\":\"POGOTOWIE FLAGOWE\u00ae\",\"url\":\"https:\/\/www.pogotowieflagowe.pl\/aktualne\/\",\"logo\":{\"@type\":\"ImageObject\",\"inLanguage\":\"pl-PL\",\"@id\":\"https:\/\/www.pogotowieflagowe.pl\/aktualne\/#\/schema\/logo\/image\/\",\"url\":\"https:\/\/www.pogotowieflagowe.pl\/aktualne\/wp-content\/uploads\/2024\/08\/cropped-pogotowieflagowe_flaga_projekt_sm.jpg\",\"contentUrl\":\"https:\/\/www.pogotowieflagowe.pl\/aktualne\/wp-content\/uploads\/2024\/08\/cropped-pogotowieflagowe_flaga_projekt_sm.jpg\",\"width\":250,\"height\":143,\"caption\":\"POGOTOWIE FLAGOWE\u00ae\"},\"image\":{\"@id\":\"https:\/\/www.pogotowieflagowe.pl\/aktualne\/#\/schema\/logo\/image\/\"}},{\"@type\":\"Person\",\"@id\":\"https:\/\/www.pogotowieflagowe.pl\/aktualne\/#\/schema\/person\/9c2fb7d2362ebf6fa088960d7f0d27b0\",\"name\":\"Filip\",\"image\":{\"@type\":\"ImageObject\",\"inLanguage\":\"pl-PL\",\"@id\":\"https:\/\/www.pogotowieflagowe.pl\/aktualne\/#\/schema\/person\/image\/\",\"url\":\"https:\/\/www.pogotowieflagowe.pl\/aktualne\/wp-content\/uploads\/2024\/08\/pogotowieflagowe.pl_.jpg\",\"contentUrl\":\"https:\/\/www.pogotowieflagowe.pl\/aktualne\/wp-content\/uploads\/2024\/08\/pogotowieflagowe.pl_.jpg\",\"caption\":\"Filip\"},\"description\":\"Jestem Filip, polski dziennikarz z dyplomem nauk politycznych Uniwersytetu Warszawskiego. Rozpoczynaj\u0105c swoj\u0105 karier\u0119 w r\u00f3\u017cnych lokalnych mediach, zdoby\u0142em solidne do\u015bwiadczenie w zakresie \u015bledztwa i redakcji. Obecnie jako redaktor w Pogotowie flagowe, staram si\u0119 dostarcza\u0107 dog\u0142\u0119bne i istotne analizy na temat najwa\u017cniejszych kwestii aktualno\u015bci, \u0142\u0105cz\u0105c rygor z pasj\u0105 dziennikarsk\u0105.\",\"sameAs\":[\"https:\/\/www.pogotowieflagowe.pl\/\"]}]}<\/script>\n<!-- \/ Yoast SEO plugin. -->","yoast_head_json":{"title":"Czy Giertych walczy o wolno\u015b\u0107? \u201eWcze\u015bniej czy p\u00f3\u017aniej prokuratura zobaczy t\u0119 spraw\u0119 do ko\u0144ca\u201d - POGOTOWIE FLAGOWE\u00ae","robots":{"index":"index","follow":"follow","max-snippet":"max-snippet:-1","max-image-preview":"max-image-preview:large","max-video-preview":"max-video-preview:-1"},"canonical":"https:\/\/www.pogotowieflagowe.pl\/aktualne\/czy-giertych-walczy-o-wolnosc-wczesniej-czy-pozniej-prokuratura-zobaczy-te-sprawe-do-konca\/","og_locale":"pl_PL","og_type":"article","og_title":"Czy Giertych walczy o wolno\u015b\u0107? \u201eWcze\u015bniej czy p\u00f3\u017aniej prokuratura zobaczy t\u0119 spraw\u0119 do ko\u0144ca\u201d - POGOTOWIE FLAGOWE\u00ae","og_description":"To t\u0142umaczy nerwowo\u015b\u0107 Giertycha w ostatnich dniach i jego pr\u00f3by zapobiegania Karolowi Nawrockiego zostan\u0105 prezydentem &#8211; chce zapewni\u0107 sobie bezkarno\u015b\u0107.","og_url":"https:\/\/www.pogotowieflagowe.pl\/aktualne\/czy-giertych-walczy-o-wolnosc-wczesniej-czy-pozniej-prokuratura-zobaczy-te-sprawe-do-konca\/","og_site_name":"POGOTOWIE FLAGOWE\u00ae","article_published_time":"2025-06-25T08:49:08+00:00","article_modified_time":"2025-06-25T08:49:09+00:00","og_image":[{"width":1280,"height":720,"url":"https:\/\/www.pogotowieflagowe.pl\/aktualne\/wp-content\/uploads\/2025\/06\/Czy-Giertych-walczy-o-wolnosc-\u201eWczesniej-czy-pozniej-prokuratura-zobaczy.webp.webp","type":"image\/webp"}],"author":"Filip","twitter_card":"summary_large_image","twitter_misc":{"Napisane przez":"Filip","Szacowany czas czytania":"3 minuty"},"schema":{"@context":"https:\/\/schema.org","@graph":[{"@type":"Article","@id":"https:\/\/www.pogotowieflagowe.pl\/aktualne\/czy-giertych-walczy-o-wolnosc-wczesniej-czy-pozniej-prokuratura-zobaczy-te-sprawe-do-konca\/#article","isPartOf":{"@id":"https:\/\/www.pogotowieflagowe.pl\/aktualne\/czy-giertych-walczy-o-wolnosc-wczesniej-czy-pozniej-prokuratura-zobaczy-te-sprawe-do-konca\/"},"author":{"name":"Filip","@id":"https:\/\/www.pogotowieflagowe.pl\/aktualne\/#\/schema\/person\/9c2fb7d2362ebf6fa088960d7f0d27b0"},"headline":"Czy Giertych walczy o wolno\u015b\u0107? \u201eWcze\u015bniej czy p\u00f3\u017aniej prokuratura zobaczy t\u0119 spraw\u0119 do ko\u0144ca\u201d","datePublished":"2025-06-25T08:49:08+00:00","dateModified":"2025-06-25T08:49:09+00:00","mainEntityOfPage":{"@id":"https:\/\/www.pogotowieflagowe.pl\/aktualne\/czy-giertych-walczy-o-wolnosc-wczesniej-czy-pozniej-prokuratura-zobaczy-te-sprawe-do-konca\/"},"wordCount":538,"publisher":{"@id":"https:\/\/www.pogotowieflagowe.pl\/aktualne\/#organization"},"image":{"@id":"https:\/\/www.pogotowieflagowe.pl\/aktualne\/czy-giertych-walczy-o-wolnosc-wczesniej-czy-pozniej-prokuratura-zobaczy-te-sprawe-do-konca\/#primaryimage"},"thumbnailUrl":"https:\/\/www.pogotowieflagowe.pl\/aktualne\/wp-content\/uploads\/2025\/06\/Czy-Giertych-walczy-o-wolnosc-\u201eWczesniej-czy-pozniej-prokuratura-zobaczy.webp.webp","keywords":["Czy","Giertych","ko\u0144ca","p\u00f3\u017aniej","Prokuratura","spraw\u0119","t\u0119","walczy","wcze\u015bniej","Wolno\u015b\u0107","zobaczy"],"articleSection":["Aktualne"],"inLanguage":"pl-PL"},{"@type":"WebPage","@id":"https:\/\/www.pogotowieflagowe.pl\/aktualne\/czy-giertych-walczy-o-wolnosc-wczesniej-czy-pozniej-prokuratura-zobaczy-te-sprawe-do-konca\/","url":"https:\/\/www.pogotowieflagowe.pl\/aktualne\/czy-giertych-walczy-o-wolnosc-wczesniej-czy-pozniej-prokuratura-zobaczy-te-sprawe-do-konca\/","name":"Czy Giertych walczy o wolno\u015b\u0107? \u201eWcze\u015bniej czy p\u00f3\u017aniej prokuratura zobaczy t\u0119 spraw\u0119 do ko\u0144ca\u201d - POGOTOWIE FLAGOWE\u00ae","isPartOf":{"@id":"https:\/\/www.pogotowieflagowe.pl\/aktualne\/#website"},"primaryImageOfPage":{"@id":"https:\/\/www.pogotowieflagowe.pl\/aktualne\/czy-giertych-walczy-o-wolnosc-wczesniej-czy-pozniej-prokuratura-zobaczy-te-sprawe-do-konca\/#primaryimage"},"image":{"@id":"https:\/\/www.pogotowieflagowe.pl\/aktualne\/czy-giertych-walczy-o-wolnosc-wczesniej-czy-pozniej-prokuratura-zobaczy-te-sprawe-do-konca\/#primaryimage"},"thumbnailUrl":"https:\/\/www.pogotowieflagowe.pl\/aktualne\/wp-content\/uploads\/2025\/06\/Czy-Giertych-walczy-o-wolnosc-\u201eWczesniej-czy-pozniej-prokuratura-zobaczy.webp.webp","datePublished":"2025-06-25T08:49:08+00:00","dateModified":"2025-06-25T08:49:09+00:00","breadcrumb":{"@id":"https:\/\/www.pogotowieflagowe.pl\/aktualne\/czy-giertych-walczy-o-wolnosc-wczesniej-czy-pozniej-prokuratura-zobaczy-te-sprawe-do-konca\/#breadcrumb"},"inLanguage":"pl-PL","potentialAction":[{"@type":"ReadAction","target":["https:\/\/www.pogotowieflagowe.pl\/aktualne\/czy-giertych-walczy-o-wolnosc-wczesniej-czy-pozniej-prokuratura-zobaczy-te-sprawe-do-konca\/"]}]},{"@type":"ImageObject","inLanguage":"pl-PL","@id":"https:\/\/www.pogotowieflagowe.pl\/aktualne\/czy-giertych-walczy-o-wolnosc-wczesniej-czy-pozniej-prokuratura-zobaczy-te-sprawe-do-konca\/#primaryimage","url":"https:\/\/www.pogotowieflagowe.pl\/aktualne\/wp-content\/uploads\/2025\/06\/Czy-Giertych-walczy-o-wolnosc-\u201eWczesniej-czy-pozniej-prokuratura-zobaczy.webp.webp","contentUrl":"https:\/\/www.pogotowieflagowe.pl\/aktualne\/wp-content\/uploads\/2025\/06\/Czy-Giertych-walczy-o-wolnosc-\u201eWczesniej-czy-pozniej-prokuratura-zobaczy.webp.webp","width":1280,"height":720,"caption":"Czy Giertych walczy o wolno\u015b\u0107? \u201eWcze\u015bniej czy p\u00f3\u017aniej prokuratura zobaczy t\u0119 spraw\u0119 do ko\u0144ca\u201d"},{"@type":"BreadcrumbList","@id":"https:\/\/www.pogotowieflagowe.pl\/aktualne\/czy-giertych-walczy-o-wolnosc-wczesniej-czy-pozniej-prokuratura-zobaczy-te-sprawe-do-konca\/#breadcrumb","itemListElement":[{"@type":"ListItem","position":1,"name":"Home","item":"https:\/\/www.pogotowieflagowe.pl\/aktualne\/"},{"@type":"ListItem","position":2,"name":"Czy Giertych walczy o wolno\u015b\u0107? \u201eWcze\u015bniej czy p\u00f3\u017aniej prokuratura zobaczy t\u0119 spraw\u0119 do ko\u0144ca\u201d"}]},{"@type":"WebSite","@id":"https:\/\/www.pogotowieflagowe.pl\/aktualne\/#website","url":"https:\/\/www.pogotowieflagowe.pl\/aktualne\/","name":"POGOTOWIE FLAGOWE\u00ae","description":"","publisher":{"@id":"https:\/\/www.pogotowieflagowe.pl\/aktualne\/#organization"},"potentialAction":[{"@type":"SearchAction","target":{"@type":"EntryPoint","urlTemplate":"https:\/\/www.pogotowieflagowe.pl\/aktualne\/?s={search_term_string}"},"query-input":"required name=search_term_string"}],"inLanguage":"pl-PL"},{"@type":"Organization","@id":"https:\/\/www.pogotowieflagowe.pl\/aktualne\/#organization","name":"POGOTOWIE FLAGOWE\u00ae","url":"https:\/\/www.pogotowieflagowe.pl\/aktualne\/","logo":{"@type":"ImageObject","inLanguage":"pl-PL","@id":"https:\/\/www.pogotowieflagowe.pl\/aktualne\/#\/schema\/logo\/image\/","url":"https:\/\/www.pogotowieflagowe.pl\/aktualne\/wp-content\/uploads\/2024\/08\/cropped-pogotowieflagowe_flaga_projekt_sm.jpg","contentUrl":"https:\/\/www.pogotowieflagowe.pl\/aktualne\/wp-content\/uploads\/2024\/08\/cropped-pogotowieflagowe_flaga_projekt_sm.jpg","width":250,"height":143,"caption":"POGOTOWIE FLAGOWE\u00ae"},"image":{"@id":"https:\/\/www.pogotowieflagowe.pl\/aktualne\/#\/schema\/logo\/image\/"}},{"@type":"Person","@id":"https:\/\/www.pogotowieflagowe.pl\/aktualne\/#\/schema\/person\/9c2fb7d2362ebf6fa088960d7f0d27b0","name":"Filip","image":{"@type":"ImageObject","inLanguage":"pl-PL","@id":"https:\/\/www.pogotowieflagowe.pl\/aktualne\/#\/schema\/person\/image\/","url":"https:\/\/www.pogotowieflagowe.pl\/aktualne\/wp-content\/uploads\/2024\/08\/pogotowieflagowe.pl_.jpg","contentUrl":"https:\/\/www.pogotowieflagowe.pl\/aktualne\/wp-content\/uploads\/2024\/08\/pogotowieflagowe.pl_.jpg","caption":"Filip"},"description":"Jestem Filip, polski dziennikarz z dyplomem nauk politycznych Uniwersytetu Warszawskiego. Rozpoczynaj\u0105c swoj\u0105 karier\u0119 w r\u00f3\u017cnych lokalnych mediach, zdoby\u0142em solidne do\u015bwiadczenie w zakresie \u015bledztwa i redakcji. Obecnie jako redaktor w Pogotowie flagowe, staram si\u0119 dostarcza\u0107 dog\u0142\u0119bne i istotne analizy na temat najwa\u017cniejszych kwestii aktualno\u015bci, \u0142\u0105cz\u0105c rygor z pasj\u0105 dziennikarsk\u0105.","sameAs":["https:\/\/www.pogotowieflagowe.pl\/"]}]}},"_links":{"self":[{"href":"https:\/\/www.pogotowieflagowe.pl\/aktualne\/wp-json\/wp\/v2\/posts\/6445","targetHints":{"allow":["GET"]}}],"collection":[{"href":"https:\/\/www.pogotowieflagowe.pl\/aktualne\/wp-json\/wp\/v2\/posts"}],"about":[{"href":"https:\/\/www.pogotowieflagowe.pl\/aktualne\/wp-json\/wp\/v2\/types\/post"}],"author":[{"embeddable":true,"href":"https:\/\/www.pogotowieflagowe.pl\/aktualne\/wp-json\/wp\/v2\/users\/1"}],"replies":[{"embeddable":true,"href":"https:\/\/www.pogotowieflagowe.pl\/aktualne\/wp-json\/wp\/v2\/comments?post=6445"}],"version-history":[{"count":1,"href":"https:\/\/www.pogotowieflagowe.pl\/aktualne\/wp-json\/wp\/v2\/posts\/6445\/revisions"}],"predecessor-version":[{"id":6447,"href":"https:\/\/www.pogotowieflagowe.pl\/aktualne\/wp-json\/wp\/v2\/posts\/6445\/revisions\/6447"}],"wp:featuredmedia":[{"embeddable":true,"href":"https:\/\/www.pogotowieflagowe.pl\/aktualne\/wp-json\/wp\/v2\/media\/6446"}],"wp:attachment":[{"href":"https:\/\/www.pogotowieflagowe.pl\/aktualne\/wp-json\/wp\/v2\/media?parent=6445"}],"wp:term":[{"taxonomy":"category","embeddable":true,"href":"https:\/\/www.pogotowieflagowe.pl\/aktualne\/wp-json\/wp\/v2\/categories?post=6445"},{"taxonomy":"post_tag","embeddable":true,"href":"https:\/\/www.pogotowieflagowe.pl\/aktualne\/wp-json\/wp\/v2\/tags?post=6445"}],"curies":[{"name":"wp","href":"https:\/\/api.w.org\/{rel}","templated":true}]}}