{"id":6452,"date":"2025-06-25T16:49:24","date_gmt":"2025-06-25T14:49:24","guid":{"rendered":"https:\/\/www.pogotowieflagowe.pl\/aktualne\/gazeta-polska-nowy-problem-czas-przejsc-na-ofensywe-mowi-pemyslaw-czarnek\/"},"modified":"2025-06-25T16:49:25","modified_gmt":"2025-06-25T14:49:25","slug":"gazeta-polska-nowy-problem-czas-przejsc-na-ofensywe-mowi-pemyslaw-czarnek","status":"publish","type":"post","link":"https:\/\/www.pogotowieflagowe.pl\/aktualne\/gazeta-polska-nowy-problem-czas-przejsc-na-ofensywe-mowi-pemyslaw-czarnek\/","title":{"rendered":"Gazeta Polska &#8211; Nowy problem: \u201eCzas przej\u015b\u0107 na ofensyw\u0119\u201d, m\u00f3wi Pemys\u0142aw Czarnek"},"content":{"rendered":"\n<div class=\"td_block_wrap tdb_single_content tdi_41 td-pb-border-top td_block_template_8 td-post-content tagdiv-type\" data-td-block-uid=\"tdi_41\">\n<style>.tdi_41 {margin-top: 0px! Wa\u017cne; margines-bottom: 0px! WA\u017bNY; PALDING-TOP: 0PX! WA\u017bNY; PALDING-BOTTOM: 0PX! WA\u017bNE}<\/style>\n<style>.tdb_single_content {margin-bottom: 0;*zoom: 1} .tdb_single_content: wcze\u015bniej, .tdb_single_content: po {display: Table; content: ''; line-height: 0} .TDB-BLOCK-INner>*: nie (.WP-BLOCK-QUOTE): not (.alignSwide): not (.Alignfull.wp-block-cover.has-parallax): not (.td-a-ad) {margin-left: auto; margin-right: auto} .tdb_single_ConTent a {wska\u017anik-events: auto} .tdb_single_content .td-spot-id-top_ad .tdc-placeholder-title: przed {content: \u201eArtyku\u0142 top ad\u201d! Wa\u017cne} .tdb_single_content .td-Spot-Id-inline_ad0 .tdc-placeholder-title 1 '! Wa\u017cne} .tdb_single_content .td-Spot-Id-inline_Ad1 .tdc-Placeholder-Title: przed {content: \u201eArtyku\u0142 inline AD 2'! Wa\u017cny} .tdb_single_content. 3 '! Wa\u017cne} .tdb_single_content .td-Spot-Id-Bottom_Ad .tdc-Placeholder-Title: przed {content: \u201eArtyku\u0142 Bottom Ad\u201d! Wa\u017cne} .tdb_single_content .id_top_ad, .tdb_single_content_content .id_bottom_ad {clear: oba; margin-bottom: 21px; text-align: Center} .tdb_single_content .id_top_ad img, .tdb_single_content .id_bottom_ad img {margin-bottom: 0} .tdb_single_conTent .id_top_ad .adsbyGoogle, .tdb_single_content .id_bottom_ad .adsbyGoogle {pozycja: relatyw} .tdb_single_content .id_ad_content-horiz-left, .tdb_single_content .id_ad_content-horiz-right, .tdb_single_content .id_ad_content-horiz-Center {margin-bottom: 15px} .tdb_single_content .id_ad_content-horiz-left Img, .tdb_single_content .id_ad_content-horiz-right img, .tdb_single_content .id_ad_content-horiz-centerter img {margin-bottom: 0} .tdb_single_content .id_ad_content-horiz-center {text-align: Center} .tdb_single_content .id_ad_content-horiz-center img {margin-right: auto; margin-let: auto} .tdb_single_content .id_ad_content-horiz-left {float: left; margin-top: 9px; margin-right: 21px} .tdb_single_content .id_ad_content-horiz-right {float: margin-top: 6px; margin-left: 21px} .tdb_single_content .tdc-a-a-ad .TDC-Placeholder-Title {szeroko\u015b\u0107: 300px; height: 250px} .tdb_single_content .tdc-a-ad .TDC-Placeholder-Title: Przed {Pozycja: Absolute; TOP: 50%;-WebKit-Transform: Translatey (-50%); Transform: Translatey (-50%); margines: auto; Display: Tabela; szeroko\u015b\u0107: 100%}. tdb_single_content .TDB-BLOCK-INNER.TD-FIX-INDEX {Word-Break: Break-word} .tdi_41, .tdi_41> p, .tdi_41 .tdb-block-inner> p, .Wp-Block-Column> p {font-size: 16px! Wa\u017cne; wa\u017cny; p {font-styl: normalne! Wa\u017cne} @media (Max-Width: 767px) {. tdb_single_content .id_ad_content-horiz-left, .tdb_single_content .id_ad_content-horiz-right, .tdb_single_content .id_ad_content-horiz-centter {Margin: 0 AUTO 26PXX auto}}@media (Max-Width: 767px) {. tdb_single_content .id_ad_content-horiz-left {margin-right: 0}}@media (max-width: 767px) {. (Max-Width: 767px) {. tdb_single_content .td-a-ad {float: none; text-align: Center} .tdb_single_content .td-a-ad img {margin-right: auto; margin-left: auto} .tdb_single_content .tdc-a-a-a-{margin-right: auto; margin-left: auto} .tdb_single_content .tdd<\/style>\n<div class=\"tdb-block-inner td-fix-index\">\n<p>Jakie s\u0105 perspektywy Polski po zwyci\u0119stwie Karola Nawrockiego? W najnowszym numerze <em>Gazeta Polska<\/em>znajdziesz dog\u0142\u0119bny wywiad z MP PIS Pemys\u0142awem Czarnem, zajmuj\u0105c si\u0119 dok\u0142adnie tym tematem. Zdecydowanie zalecamy nowy wydanie tygodnika i zach\u0119camy do subskrypcji cyfrowej dla wygodnego dost\u0119pu.<\/p>\n<hr class=\"wp-block-separator has-alpha-channel-opacity\">\n<p><strong>Historia ok\u0142adki:<\/strong><br \/><strong>\u201eCzas przej\u015b\u0107 na ofensyw\u0119\u201d<\/strong><br \/>\u201eCzas przej\u015b\u0107 na ofensyw\u0119 &#8211; z inicjatywami legislacyjnymi, radami gabinetami, radami bezpiecze\u0144stwa narodowego i dzia\u0142alno\u015bci bezpiecze\u0144stwa mi\u0119dzynarodowego. Karol Nawrocki, ze swoj\u0105 energi\u0105, si\u0142\u0105 i niesamowit\u0105 wytrzyma\u0142o\u015bci\u0105, jest w stanie to zrobi\u0107 od samego pocz\u0105tku. To zerw\u0105 ostatnie resztki koalicji z 13 grudnia\u201d, m\u00f3wi Praty CZARNEK, PIS MP i kandydatowi do przewodnictwa Karol Nawrocki. Kancelaria w wywiadzie dla <em>Gazeta Polska<\/em> Prowadzony przez Piotr Lisiewicz.<\/p>\n<hr class=\"wp-block-separator has-alpha-channel-opacity\">\n<p><strong>R\u00f3wnie\u017c w tym numerze:<\/strong><\/p>\n<p><strong>Satanizm pod patronatem \u201eAborcyjela\u201d Trzaskowski<\/strong><br \/>Satani\u015bci, kt\u00f3rzy maszerowali w niedawnej paradzie r\u00f3wno\u015bci pod patronatem Rafa\u0142 Trzaskowskiego, promowali zab\u00f3jstwo nienarodzonych dzieci, wykonali czarn\u0105 msz\u0119 na poparcie aborcji, a szatana osiedlili si\u0119 jako kr\u00f3l Polski w Narodowy Dzie\u0144 Pami\u0119ci przekl\u0119tych \u017co\u0142nierzy. W 2021 r. Agata Diduszko-Ozygewska-w\u00f3wczas radny miasta Warszawskiego z Koalicji Obywatelskiej, obecnie doradca ministra kultury-zast\u0105pi\u0142 przedstawiciela globalnego Zakonu Szatana.<br \/>&#8211; Raport Grzegorz Wierrzcho\u0142owskiego<\/p>\n<p><strong>Karbu na ewakuacj\u0119: wszystkie b\u0142\u0119dy MFA<\/strong><br \/>Kilka lat temu Polska by\u0142a wzorem dla innych kraj\u00f3w europejskich w ewakuacji swoich obywateli ze stref wojennych. Ministerstwo Spraw Zagranicznych we wsp\u00f3\u0142pracy z wojskiem z powodzeniem przeprowadzi\u0142o dwie ewakuacje: Afganistan w 2021 r. I Izrael w 2023 r. Po ataku Hamasu. Ten sukces jest teraz wspomnieniem. Po kilku dniach biegun\u00f3w w Izraelu i Iranie pozostawiono samemu sobie i zaoferowano loty komercyjne. Komunikacja by\u0142a biedna, a rzecznik MFA Pawel Wrop\u0144ski z\u0142o\u017cy\u0142 kilka zawstydzaj\u0105cych o\u015bwiadcze\u0144. \u201eTa awaria wynika z braku wra\u017cliwo\u015bci na potrzeby Polak\u00f3w, bez wzgl\u0119du na to, gdzie s\u0105\u201d, powiedzia\u0142 by\u0142y minister spraw zagranicznych Zbigiew Rau.<br \/>&#8211; Analiza Grzegorz WSZO\u0141KA<\/p>\n<p><strong>Co \u015bledczy maj\u0105 na Wa\u0142zimierz Karpi\u0144ski?<\/strong><br \/>Rafa\u0142 Baniak, kluczowa posta\u0107 w skandalu Garbage Warszaw, rzekomo obieca\u0142 budowa\u0107 wi\u0119zi z nowym rz\u0105dem po tym, jak Donald Tusk przej\u0105\u0142 w\u0142adz\u0119, oferuj\u0105c spotkania z PSL i opu\u015bcili polityk\u00f3w w zamian za 30 000 PLN miesi\u0119cznie.<br \/>&#8211; ujawnione przez Piotra Nisztora<\/p>\n<p><strong>Testy i tajny program Giertycha<\/strong><br \/>Wzywaj\u0105c ludzi ze wschodniej Polski i Radom \u201eOp\u00f3\u017anieniem\u201d, zbieraj\u0105c puste podpisy i ok\u0142amywa\u0107 manipulowanie katolickich wyborc\u00f3w przed wyborami &#8211; to i inne s\u0105 cz\u0119\u015bci\u0105 fabu\u0142y Romana Giertycha, jak ujawniono nagrania opublikowane przez telewizj\u0119 Republiki. Media g\u0142\u00f3wnego nurtu pr\u00f3buj\u0105 jednak odwr\u00f3ci\u0107 uwag\u0119 od rdzenia skandalu.<br \/>&#8211; Przeczytaj wi\u0119cej od Huberta Kowalskiego<\/p>\n<p><strong>G\u0142odne konserwatywne wioski<\/strong><br \/>UE negocjuje dwie umowy &#8211; Mercosur i zliberalizowany handel z Ukrain\u0105 &#8211; kt\u00f3re mog\u0142yby podwa\u017cy\u0107 europejskie rolnictwo. Technokraci w Brukseli widz\u0105 korzy\u015bci: obni\u017cenie miliard\u00f3w dotacji w polityce rolnej, zdobywanie taniej si\u0142y roboczej i os\u0142abienie konserwatywnych spo\u0142eczno\u015bci wiejskich.<br \/>&#8211; Napisane przez Jacek Liziniewicz<\/p>\n<p><strong>Strategiczny b\u0142yskotliwo\u015b\u0107 Trumpa i Izraela<\/strong><br \/>W Waszyngtonie i w\u015br\u00f3d zwolennik\u00f3w Maga szaleje, czy USA powinny bezpo\u015brednio uderzy\u0107 Iran. Opr\u00f3cz ideologii Trump &#8211; kt\u00f3ry podziwia zwyci\u0119zc\u00f3w &#8211; mo\u017ce mie\u0107 wp\u0142yw taktyczna pomys\u0142owo\u015b\u0107 i skuteczno\u015b\u0107 Izraela.<br \/>&#8211; Wgl\u0105d z Maciej Ko\u017ckuk<\/p>\n<p><strong>Ostatnia operacja Izraela<\/strong><br \/>Operacja \u201eRising Lion\u201d ma na celu uniemo\u017cliwienie Iranowi nabywaniu broni nuklearnej, atakowania miejsc nuklearnych i, co najwa\u017cniejsze, zdolno\u015bci rakiet Iranu &#8211; jedyny prawdziwy zas\u00f3b wojskowy Republiki Islamskiej.<br \/>&#8211; Raport Antoni Rybczy\u0144skiego<\/p>\n<p><strong>D\u0142uga podr\u00f3\u017c Apache<\/strong><br \/>Pierwsze \u015bmig\u0142owce ataku AH-64D Apache wynaj\u0119te z USA przyby\u0142y do \u200b\u200bPolski-miesi\u0105c p\u00f3\u017aniej ni\u017c to mo\u017cliwe z powodu op\u00f3\u017anie\u0144 ministerstwa obrony. Pomimo przeszk\u00f3d umowa jest rzadkim sukcesem przynosz\u0105cym korzy\u015bci z wojska Polski.<br \/>&#8211; Raport Konrad Wysocki<\/p>\n<p><strong>Deficyt bud\u017cetowy ro\u015bnie alarmuj\u0105co<\/strong><br \/>Wed\u0142ug Ministerstwa Finans\u00f3w deficyt bud\u017cetowy Polski osi\u0105gn\u0105\u0142 108,3 miliarda PLN od stycznia do maja tego roku &#8211; najwa\u017cniejszy rekord, z niewielk\u0105 szans\u0105 na popraw\u0119 w najbli\u017cszej przysz\u0142o\u015bci.<br \/>&#8211; Analiza MACIEJ PALLAK<\/p>\n<p><strong>\u201eJestem tylko \u017co\u0142nierzem\u201d<\/strong><br \/>M\u0142ody cz\u0142owiek z determinacj\u0105 w oczach twarz\u0105 w twarz s\u0119dzi\u00f3w. \u201eObawiam si\u0119, \u017ce nie ma kary &#8211; nie ci\u0119\u017ckiej pracy, nie \u015bmierci\u201d &#8211; m\u00f3wi. 120 lat temu Stefan OKRZEJA zosta\u0142 skazany na \u015bmier\u0107 i stracony za rol\u0119 w walce o niepodleg\u0142o\u015b\u0107.<br \/>&#8211; Pot\u0119\u017cna historia Piotra Dmitrowicza<\/p>\n<p><strong>Kpi\u0105c z Smolena, teraz przedstawiaj\u0105c bieguny jako morderc\u00f3w imigrant\u00f3w<\/strong><br \/>W grze <em>Smole\u0144sk Late Night Show<\/em>autor \u017ca\u0142owa\u0142, \u017ce ofiary Smolena nie zosta\u0142y pochowane bez trumny do zap\u0142odnienia gleby. W <em>2049: Witaj, Abdo<\/em>przewiduje przysz\u0142\u0105 Polsk\u0119 zjednoczon\u0105 przez zamordowanie imigrant\u00f3w. Miasto Warszawy wsp\u00f3\u0142tworzy\u0142o sztuk\u0119, napisan\u0105 przez Bia\u0142orusiusza, kt\u00f3ry studiowa\u0142 w Rosji.<br \/>&#8211; Raport Sylwia Krasnod\u0119bska<\/p>\n<p><strong>Wyczerpuj\u0105ca Amazonia<\/strong><br \/>Kiedy ci\u0105gle jeste\u015b w pogotowiu na jadowite w\u0119\u017ce lub paj\u0105ki podczas chodzenia po rozk\u0142adaj\u0105cych si\u0119 k\u0142odach, tw\u00f3j m\u00f3zg przesuwa si\u0119 w tryb prze\u017cycia-odbywa si\u0119, ale szybko wyczerpany.<br \/>&#8211; Podr\u00f3\u017c ze Stefanem Czerniecki<\/p>\n<p><strong>Zabawne stworzenie<\/strong><br \/>Zachowby mieszkaj\u0105 w ca\u0142ej Polsce, ale niewielu wie o nich. S\u0105 dyskretne, powoduj\u0105 niewielkie szkody i oferuj\u0105 ograniczone korzy\u015bci.<br \/>&#8211; Odkryj z\u0142o\u015bliwe fakty w artykule Jaceka Liziniewicza<\/p>\n<p><strong>Kto uratuje dru\u017cyn\u0119 narodow\u0105?<\/strong><br \/>Trwa chaos w polskiej pi\u0142ce no\u017cnej. Po pierwsze, Robert Lewandowski pomin\u0105\u0142 ob\u00f3z treningowy. Potem pojawi\u0142a si\u0119 skandal kapitana i rezygnacja Micha\u0142 Probierrza. Wy\u015bcig o nowy trener jest w\u0142\u0105czony &#8211; Jan Urban, Adam Nawa\u0142ka, Maciej Skor\u017ca i Marek Papszun s\u0105 najlepszymi pretendentami, ale zagraniczni kandydaci r\u00f3wnie\u017c s\u0105 w mieszance.<br \/>&#8211; Komentarz Leseka Galarowicz<\/p>\n<p><strong>Podr\u00f3\u017c do centrum Ziemi<\/strong><br \/>Chi\u0144scy naukowcy przygotowuj\u0105 jedno z najwi\u0119kszych wyzwa\u0144 geologicznych w historii ludzko\u015bci: wiercenie przez ziemsk\u0105 sk\u00f3rk\u0119, aby dotrze\u0107 do p\u0142aszcza &#8211; \u015bwiat nigdy wcze\u015bniej nie widziany. Ich specjalnie zbudowany statek rozpocznie misj\u0119 w tym roku na zachodnim Pacyfiku.<br \/>&#8211; Przeczytaj artyku\u0142 Jana Prezy\u0142skiego<\/p>\n<hr class=\"wp-block-separator has-alpha-channel-opacity\">\n<p>Opr\u00f3cz powy\u017cszych artyku\u0142\u00f3w najnowszy numer zawiera wiele wnikliwych opinii. <em>Gazeta Polska<\/em> jest dost\u0119pny w sklepach od \u015brody, 25 czerwca 2025 r. Subskrybuj co tydzie\u0144 cyfrowo, aby uzyska\u0107 \u0142atwy dost\u0119p.<\/p>\n<p><strong>Sprawd\u017a ofert\u0119 subskrypcji cyfrowej tutaj \u00bbprenumerata.swsmedia.pl<\/strong><br \/>Lub zadzwo\u0144: <strong>+48 605 900 002<\/strong> Lub <strong>+48 501 678 819<\/strong>.<\/p>\n<\/div>\n<\/div>\n","protected":false},"excerpt":{"rendered":"<p>Jakie s\u0105 perspektywy Polski po zwyci\u0119stwie Karola Nawrockiego? W najnowszym numerze Gazeta Polskaznajdziesz dog\u0142\u0119bny wywiad z MP PIS Pemys\u0142awem Czarnem,<\/p>\n","protected":false},"author":1,"featured_media":6453,"comment_status":"closed","ping_status":"","sticky":false,"template":"","format":"standard","meta":{"footnotes":""},"categories":[4748],"tags":[3175,1335,5501,1498,581,418,8214,4,219,8213],"class_list":["post-6452","post","type-post","status-publish","format-standard","has-post-thumbnail","hentry","category-aktualne","tag-czarnek","tag-czas","tag-gazeta","tag-mowi","tag-nowy","tag-ofensywe","tag-pemyslaw","tag-polska","tag-problem","tag-przejsc","generate-columns","tablet-grid-50","mobile-grid-100","grid-parent","grid-50","resize-featured-image"],"yoast_head":"<!-- This site is optimized with the Yoast SEO plugin v23.2 - https:\/\/yoast.com\/wordpress\/plugins\/seo\/ -->\n<title>Gazeta Polska - Nowy problem: \u201eCzas przej\u015b\u0107 na ofensyw\u0119\u201d, m\u00f3wi Pemys\u0142aw Czarnek - POGOTOWIE FLAGOWE\u00ae<\/title>\n<meta name=\"robots\" content=\"index, follow, max-snippet:-1, max-image-preview:large, max-video-preview:-1\" \/>\n<link rel=\"canonical\" href=\"https:\/\/www.pogotowieflagowe.pl\/aktualne\/gazeta-polska-nowy-problem-czas-przejsc-na-ofensywe-mowi-pemyslaw-czarnek\/\" \/>\n<meta property=\"og:locale\" content=\"pl_PL\" \/>\n<meta property=\"og:type\" content=\"article\" \/>\n<meta property=\"og:title\" content=\"Gazeta Polska - Nowy problem: \u201eCzas przej\u015b\u0107 na ofensyw\u0119\u201d, m\u00f3wi Pemys\u0142aw Czarnek - POGOTOWIE FLAGOWE\u00ae\" \/>\n<meta property=\"og:description\" content=\"Jakie s\u0105 perspektywy Polski po zwyci\u0119stwie Karola Nawrockiego? W najnowszym numerze Gazeta Polskaznajdziesz dog\u0142\u0119bny wywiad z MP PIS Pemys\u0142awem Czarnem,\" \/>\n<meta property=\"og:url\" content=\"https:\/\/www.pogotowieflagowe.pl\/aktualne\/gazeta-polska-nowy-problem-czas-przejsc-na-ofensywe-mowi-pemyslaw-czarnek\/\" \/>\n<meta property=\"og:site_name\" content=\"POGOTOWIE FLAGOWE\u00ae\" \/>\n<meta property=\"article:published_time\" content=\"2025-06-25T14:49:24+00:00\" \/>\n<meta property=\"article:modified_time\" content=\"2025-06-25T14:49:25+00:00\" \/>\n<meta property=\"og:image\" content=\"https:\/\/www.pogotowieflagowe.pl\/aktualne\/wp-content\/uploads\/2025\/06\/Gazeta-Polska-Nowy-problem-\u201eCzas-przejsc-na-ofensywe-mowi.webp.webp\" \/>\n\t<meta property=\"og:image:width\" content=\"1280\" \/>\n\t<meta property=\"og:image:height\" content=\"720\" \/>\n\t<meta property=\"og:image:type\" content=\"image\/webp\" \/>\n<meta name=\"author\" content=\"Filip\" \/>\n<meta name=\"twitter:card\" content=\"summary_large_image\" \/>\n<meta name=\"twitter:label1\" content=\"Napisane przez\" \/>\n\t<meta name=\"twitter:data1\" content=\"Filip\" \/>\n\t<meta name=\"twitter:label2\" content=\"Szacowany czas czytania\" \/>\n\t<meta name=\"twitter:data2\" content=\"5 minut\" \/>\n<script type=\"application\/ld+json\" class=\"yoast-schema-graph\">{\"@context\":\"https:\/\/schema.org\",\"@graph\":[{\"@type\":\"Article\",\"@id\":\"https:\/\/www.pogotowieflagowe.pl\/aktualne\/gazeta-polska-nowy-problem-czas-przejsc-na-ofensywe-mowi-pemyslaw-czarnek\/#article\",\"isPartOf\":{\"@id\":\"https:\/\/www.pogotowieflagowe.pl\/aktualne\/gazeta-polska-nowy-problem-czas-przejsc-na-ofensywe-mowi-pemyslaw-czarnek\/\"},\"author\":{\"name\":\"Filip\",\"@id\":\"https:\/\/www.pogotowieflagowe.pl\/aktualne\/#\/schema\/person\/9c2fb7d2362ebf6fa088960d7f0d27b0\"},\"headline\":\"Gazeta Polska &#8211; Nowy problem: \u201eCzas przej\u015b\u0107 na ofensyw\u0119\u201d, m\u00f3wi Pemys\u0142aw Czarnek\",\"datePublished\":\"2025-06-25T14:49:24+00:00\",\"dateModified\":\"2025-06-25T14:49:25+00:00\",\"mainEntityOfPage\":{\"@id\":\"https:\/\/www.pogotowieflagowe.pl\/aktualne\/gazeta-polska-nowy-problem-czas-przejsc-na-ofensywe-mowi-pemyslaw-czarnek\/\"},\"wordCount\":1060,\"publisher\":{\"@id\":\"https:\/\/www.pogotowieflagowe.pl\/aktualne\/#organization\"},\"image\":{\"@id\":\"https:\/\/www.pogotowieflagowe.pl\/aktualne\/gazeta-polska-nowy-problem-czas-przejsc-na-ofensywe-mowi-pemyslaw-czarnek\/#primaryimage\"},\"thumbnailUrl\":\"https:\/\/www.pogotowieflagowe.pl\/aktualne\/wp-content\/uploads\/2025\/06\/Gazeta-Polska-Nowy-problem-\u201eCzas-przejsc-na-ofensywe-mowi.webp.webp\",\"keywords\":[\"Czarnek\",\"czas\",\"Gazeta\",\"m\u00f3wi\",\"Nowy\",\"ofensyw\u0119\",\"Pemys\u0142aw\",\"polska\",\"problem\",\"przej\u015b\u0107\"],\"articleSection\":[\"Aktualne\"],\"inLanguage\":\"pl-PL\"},{\"@type\":\"WebPage\",\"@id\":\"https:\/\/www.pogotowieflagowe.pl\/aktualne\/gazeta-polska-nowy-problem-czas-przejsc-na-ofensywe-mowi-pemyslaw-czarnek\/\",\"url\":\"https:\/\/www.pogotowieflagowe.pl\/aktualne\/gazeta-polska-nowy-problem-czas-przejsc-na-ofensywe-mowi-pemyslaw-czarnek\/\",\"name\":\"Gazeta Polska - Nowy problem: \u201eCzas przej\u015b\u0107 na ofensyw\u0119\u201d, m\u00f3wi Pemys\u0142aw Czarnek - POGOTOWIE FLAGOWE\u00ae\",\"isPartOf\":{\"@id\":\"https:\/\/www.pogotowieflagowe.pl\/aktualne\/#website\"},\"primaryImageOfPage\":{\"@id\":\"https:\/\/www.pogotowieflagowe.pl\/aktualne\/gazeta-polska-nowy-problem-czas-przejsc-na-ofensywe-mowi-pemyslaw-czarnek\/#primaryimage\"},\"image\":{\"@id\":\"https:\/\/www.pogotowieflagowe.pl\/aktualne\/gazeta-polska-nowy-problem-czas-przejsc-na-ofensywe-mowi-pemyslaw-czarnek\/#primaryimage\"},\"thumbnailUrl\":\"https:\/\/www.pogotowieflagowe.pl\/aktualne\/wp-content\/uploads\/2025\/06\/Gazeta-Polska-Nowy-problem-\u201eCzas-przejsc-na-ofensywe-mowi.webp.webp\",\"datePublished\":\"2025-06-25T14:49:24+00:00\",\"dateModified\":\"2025-06-25T14:49:25+00:00\",\"breadcrumb\":{\"@id\":\"https:\/\/www.pogotowieflagowe.pl\/aktualne\/gazeta-polska-nowy-problem-czas-przejsc-na-ofensywe-mowi-pemyslaw-czarnek\/#breadcrumb\"},\"inLanguage\":\"pl-PL\",\"potentialAction\":[{\"@type\":\"ReadAction\",\"target\":[\"https:\/\/www.pogotowieflagowe.pl\/aktualne\/gazeta-polska-nowy-problem-czas-przejsc-na-ofensywe-mowi-pemyslaw-czarnek\/\"]}]},{\"@type\":\"ImageObject\",\"inLanguage\":\"pl-PL\",\"@id\":\"https:\/\/www.pogotowieflagowe.pl\/aktualne\/gazeta-polska-nowy-problem-czas-przejsc-na-ofensywe-mowi-pemyslaw-czarnek\/#primaryimage\",\"url\":\"https:\/\/www.pogotowieflagowe.pl\/aktualne\/wp-content\/uploads\/2025\/06\/Gazeta-Polska-Nowy-problem-\u201eCzas-przejsc-na-ofensywe-mowi.webp.webp\",\"contentUrl\":\"https:\/\/www.pogotowieflagowe.pl\/aktualne\/wp-content\/uploads\/2025\/06\/Gazeta-Polska-Nowy-problem-\u201eCzas-przejsc-na-ofensywe-mowi.webp.webp\",\"width\":1280,\"height\":720,\"caption\":\"Gazeta Polska - Nowy problem: \u201eCzas przej\u015b\u0107 na ofensyw\u0119\u201d, m\u00f3wi Pemys\u0142aw Czarnek\"},{\"@type\":\"BreadcrumbList\",\"@id\":\"https:\/\/www.pogotowieflagowe.pl\/aktualne\/gazeta-polska-nowy-problem-czas-przejsc-na-ofensywe-mowi-pemyslaw-czarnek\/#breadcrumb\",\"itemListElement\":[{\"@type\":\"ListItem\",\"position\":1,\"name\":\"Home\",\"item\":\"https:\/\/www.pogotowieflagowe.pl\/aktualne\/\"},{\"@type\":\"ListItem\",\"position\":2,\"name\":\"Gazeta Polska &#8211; Nowy problem: \u201eCzas przej\u015b\u0107 na ofensyw\u0119\u201d, m\u00f3wi Pemys\u0142aw Czarnek\"}]},{\"@type\":\"WebSite\",\"@id\":\"https:\/\/www.pogotowieflagowe.pl\/aktualne\/#website\",\"url\":\"https:\/\/www.pogotowieflagowe.pl\/aktualne\/\",\"name\":\"POGOTOWIE FLAGOWE\u00ae\",\"description\":\"\",\"publisher\":{\"@id\":\"https:\/\/www.pogotowieflagowe.pl\/aktualne\/#organization\"},\"potentialAction\":[{\"@type\":\"SearchAction\",\"target\":{\"@type\":\"EntryPoint\",\"urlTemplate\":\"https:\/\/www.pogotowieflagowe.pl\/aktualne\/?s={search_term_string}\"},\"query-input\":\"required name=search_term_string\"}],\"inLanguage\":\"pl-PL\"},{\"@type\":\"Organization\",\"@id\":\"https:\/\/www.pogotowieflagowe.pl\/aktualne\/#organization\",\"name\":\"POGOTOWIE FLAGOWE\u00ae\",\"url\":\"https:\/\/www.pogotowieflagowe.pl\/aktualne\/\",\"logo\":{\"@type\":\"ImageObject\",\"inLanguage\":\"pl-PL\",\"@id\":\"https:\/\/www.pogotowieflagowe.pl\/aktualne\/#\/schema\/logo\/image\/\",\"url\":\"https:\/\/www.pogotowieflagowe.pl\/aktualne\/wp-content\/uploads\/2024\/08\/cropped-pogotowieflagowe_flaga_projekt_sm.jpg\",\"contentUrl\":\"https:\/\/www.pogotowieflagowe.pl\/aktualne\/wp-content\/uploads\/2024\/08\/cropped-pogotowieflagowe_flaga_projekt_sm.jpg\",\"width\":250,\"height\":143,\"caption\":\"POGOTOWIE FLAGOWE\u00ae\"},\"image\":{\"@id\":\"https:\/\/www.pogotowieflagowe.pl\/aktualne\/#\/schema\/logo\/image\/\"}},{\"@type\":\"Person\",\"@id\":\"https:\/\/www.pogotowieflagowe.pl\/aktualne\/#\/schema\/person\/9c2fb7d2362ebf6fa088960d7f0d27b0\",\"name\":\"Filip\",\"image\":{\"@type\":\"ImageObject\",\"inLanguage\":\"pl-PL\",\"@id\":\"https:\/\/www.pogotowieflagowe.pl\/aktualne\/#\/schema\/person\/image\/\",\"url\":\"https:\/\/www.pogotowieflagowe.pl\/aktualne\/wp-content\/uploads\/2024\/08\/pogotowieflagowe.pl_.jpg\",\"contentUrl\":\"https:\/\/www.pogotowieflagowe.pl\/aktualne\/wp-content\/uploads\/2024\/08\/pogotowieflagowe.pl_.jpg\",\"caption\":\"Filip\"},\"description\":\"Jestem Filip, polski dziennikarz z dyplomem nauk politycznych Uniwersytetu Warszawskiego. Rozpoczynaj\u0105c swoj\u0105 karier\u0119 w r\u00f3\u017cnych lokalnych mediach, zdoby\u0142em solidne do\u015bwiadczenie w zakresie \u015bledztwa i redakcji. Obecnie jako redaktor w Pogotowie flagowe, staram si\u0119 dostarcza\u0107 dog\u0142\u0119bne i istotne analizy na temat najwa\u017cniejszych kwestii aktualno\u015bci, \u0142\u0105cz\u0105c rygor z pasj\u0105 dziennikarsk\u0105.\",\"sameAs\":[\"https:\/\/www.pogotowieflagowe.pl\/\"]}]}<\/script>\n<!-- \/ Yoast SEO plugin. -->","yoast_head_json":{"title":"Gazeta Polska - Nowy problem: \u201eCzas przej\u015b\u0107 na ofensyw\u0119\u201d, m\u00f3wi Pemys\u0142aw Czarnek - POGOTOWIE FLAGOWE\u00ae","robots":{"index":"index","follow":"follow","max-snippet":"max-snippet:-1","max-image-preview":"max-image-preview:large","max-video-preview":"max-video-preview:-1"},"canonical":"https:\/\/www.pogotowieflagowe.pl\/aktualne\/gazeta-polska-nowy-problem-czas-przejsc-na-ofensywe-mowi-pemyslaw-czarnek\/","og_locale":"pl_PL","og_type":"article","og_title":"Gazeta Polska - Nowy problem: \u201eCzas przej\u015b\u0107 na ofensyw\u0119\u201d, m\u00f3wi Pemys\u0142aw Czarnek - POGOTOWIE FLAGOWE\u00ae","og_description":"Jakie s\u0105 perspektywy Polski po zwyci\u0119stwie Karola Nawrockiego? W najnowszym numerze Gazeta Polskaznajdziesz dog\u0142\u0119bny wywiad z MP PIS Pemys\u0142awem Czarnem,","og_url":"https:\/\/www.pogotowieflagowe.pl\/aktualne\/gazeta-polska-nowy-problem-czas-przejsc-na-ofensywe-mowi-pemyslaw-czarnek\/","og_site_name":"POGOTOWIE FLAGOWE\u00ae","article_published_time":"2025-06-25T14:49:24+00:00","article_modified_time":"2025-06-25T14:49:25+00:00","og_image":[{"width":1280,"height":720,"url":"https:\/\/www.pogotowieflagowe.pl\/aktualne\/wp-content\/uploads\/2025\/06\/Gazeta-Polska-Nowy-problem-\u201eCzas-przejsc-na-ofensywe-mowi.webp.webp","type":"image\/webp"}],"author":"Filip","twitter_card":"summary_large_image","twitter_misc":{"Napisane przez":"Filip","Szacowany czas czytania":"5 minut"},"schema":{"@context":"https:\/\/schema.org","@graph":[{"@type":"Article","@id":"https:\/\/www.pogotowieflagowe.pl\/aktualne\/gazeta-polska-nowy-problem-czas-przejsc-na-ofensywe-mowi-pemyslaw-czarnek\/#article","isPartOf":{"@id":"https:\/\/www.pogotowieflagowe.pl\/aktualne\/gazeta-polska-nowy-problem-czas-przejsc-na-ofensywe-mowi-pemyslaw-czarnek\/"},"author":{"name":"Filip","@id":"https:\/\/www.pogotowieflagowe.pl\/aktualne\/#\/schema\/person\/9c2fb7d2362ebf6fa088960d7f0d27b0"},"headline":"Gazeta Polska &#8211; Nowy problem: \u201eCzas przej\u015b\u0107 na ofensyw\u0119\u201d, m\u00f3wi Pemys\u0142aw Czarnek","datePublished":"2025-06-25T14:49:24+00:00","dateModified":"2025-06-25T14:49:25+00:00","mainEntityOfPage":{"@id":"https:\/\/www.pogotowieflagowe.pl\/aktualne\/gazeta-polska-nowy-problem-czas-przejsc-na-ofensywe-mowi-pemyslaw-czarnek\/"},"wordCount":1060,"publisher":{"@id":"https:\/\/www.pogotowieflagowe.pl\/aktualne\/#organization"},"image":{"@id":"https:\/\/www.pogotowieflagowe.pl\/aktualne\/gazeta-polska-nowy-problem-czas-przejsc-na-ofensywe-mowi-pemyslaw-czarnek\/#primaryimage"},"thumbnailUrl":"https:\/\/www.pogotowieflagowe.pl\/aktualne\/wp-content\/uploads\/2025\/06\/Gazeta-Polska-Nowy-problem-\u201eCzas-przejsc-na-ofensywe-mowi.webp.webp","keywords":["Czarnek","czas","Gazeta","m\u00f3wi","Nowy","ofensyw\u0119","Pemys\u0142aw","polska","problem","przej\u015b\u0107"],"articleSection":["Aktualne"],"inLanguage":"pl-PL"},{"@type":"WebPage","@id":"https:\/\/www.pogotowieflagowe.pl\/aktualne\/gazeta-polska-nowy-problem-czas-przejsc-na-ofensywe-mowi-pemyslaw-czarnek\/","url":"https:\/\/www.pogotowieflagowe.pl\/aktualne\/gazeta-polska-nowy-problem-czas-przejsc-na-ofensywe-mowi-pemyslaw-czarnek\/","name":"Gazeta Polska - Nowy problem: \u201eCzas przej\u015b\u0107 na ofensyw\u0119\u201d, m\u00f3wi Pemys\u0142aw Czarnek - POGOTOWIE FLAGOWE\u00ae","isPartOf":{"@id":"https:\/\/www.pogotowieflagowe.pl\/aktualne\/#website"},"primaryImageOfPage":{"@id":"https:\/\/www.pogotowieflagowe.pl\/aktualne\/gazeta-polska-nowy-problem-czas-przejsc-na-ofensywe-mowi-pemyslaw-czarnek\/#primaryimage"},"image":{"@id":"https:\/\/www.pogotowieflagowe.pl\/aktualne\/gazeta-polska-nowy-problem-czas-przejsc-na-ofensywe-mowi-pemyslaw-czarnek\/#primaryimage"},"thumbnailUrl":"https:\/\/www.pogotowieflagowe.pl\/aktualne\/wp-content\/uploads\/2025\/06\/Gazeta-Polska-Nowy-problem-\u201eCzas-przejsc-na-ofensywe-mowi.webp.webp","datePublished":"2025-06-25T14:49:24+00:00","dateModified":"2025-06-25T14:49:25+00:00","breadcrumb":{"@id":"https:\/\/www.pogotowieflagowe.pl\/aktualne\/gazeta-polska-nowy-problem-czas-przejsc-na-ofensywe-mowi-pemyslaw-czarnek\/#breadcrumb"},"inLanguage":"pl-PL","potentialAction":[{"@type":"ReadAction","target":["https:\/\/www.pogotowieflagowe.pl\/aktualne\/gazeta-polska-nowy-problem-czas-przejsc-na-ofensywe-mowi-pemyslaw-czarnek\/"]}]},{"@type":"ImageObject","inLanguage":"pl-PL","@id":"https:\/\/www.pogotowieflagowe.pl\/aktualne\/gazeta-polska-nowy-problem-czas-przejsc-na-ofensywe-mowi-pemyslaw-czarnek\/#primaryimage","url":"https:\/\/www.pogotowieflagowe.pl\/aktualne\/wp-content\/uploads\/2025\/06\/Gazeta-Polska-Nowy-problem-\u201eCzas-przejsc-na-ofensywe-mowi.webp.webp","contentUrl":"https:\/\/www.pogotowieflagowe.pl\/aktualne\/wp-content\/uploads\/2025\/06\/Gazeta-Polska-Nowy-problem-\u201eCzas-przejsc-na-ofensywe-mowi.webp.webp","width":1280,"height":720,"caption":"Gazeta Polska - Nowy problem: \u201eCzas przej\u015b\u0107 na ofensyw\u0119\u201d, m\u00f3wi Pemys\u0142aw Czarnek"},{"@type":"BreadcrumbList","@id":"https:\/\/www.pogotowieflagowe.pl\/aktualne\/gazeta-polska-nowy-problem-czas-przejsc-na-ofensywe-mowi-pemyslaw-czarnek\/#breadcrumb","itemListElement":[{"@type":"ListItem","position":1,"name":"Home","item":"https:\/\/www.pogotowieflagowe.pl\/aktualne\/"},{"@type":"ListItem","position":2,"name":"Gazeta Polska &#8211; Nowy problem: \u201eCzas przej\u015b\u0107 na ofensyw\u0119\u201d, m\u00f3wi Pemys\u0142aw Czarnek"}]},{"@type":"WebSite","@id":"https:\/\/www.pogotowieflagowe.pl\/aktualne\/#website","url":"https:\/\/www.pogotowieflagowe.pl\/aktualne\/","name":"POGOTOWIE FLAGOWE\u00ae","description":"","publisher":{"@id":"https:\/\/www.pogotowieflagowe.pl\/aktualne\/#organization"},"potentialAction":[{"@type":"SearchAction","target":{"@type":"EntryPoint","urlTemplate":"https:\/\/www.pogotowieflagowe.pl\/aktualne\/?s={search_term_string}"},"query-input":"required name=search_term_string"}],"inLanguage":"pl-PL"},{"@type":"Organization","@id":"https:\/\/www.pogotowieflagowe.pl\/aktualne\/#organization","name":"POGOTOWIE FLAGOWE\u00ae","url":"https:\/\/www.pogotowieflagowe.pl\/aktualne\/","logo":{"@type":"ImageObject","inLanguage":"pl-PL","@id":"https:\/\/www.pogotowieflagowe.pl\/aktualne\/#\/schema\/logo\/image\/","url":"https:\/\/www.pogotowieflagowe.pl\/aktualne\/wp-content\/uploads\/2024\/08\/cropped-pogotowieflagowe_flaga_projekt_sm.jpg","contentUrl":"https:\/\/www.pogotowieflagowe.pl\/aktualne\/wp-content\/uploads\/2024\/08\/cropped-pogotowieflagowe_flaga_projekt_sm.jpg","width":250,"height":143,"caption":"POGOTOWIE FLAGOWE\u00ae"},"image":{"@id":"https:\/\/www.pogotowieflagowe.pl\/aktualne\/#\/schema\/logo\/image\/"}},{"@type":"Person","@id":"https:\/\/www.pogotowieflagowe.pl\/aktualne\/#\/schema\/person\/9c2fb7d2362ebf6fa088960d7f0d27b0","name":"Filip","image":{"@type":"ImageObject","inLanguage":"pl-PL","@id":"https:\/\/www.pogotowieflagowe.pl\/aktualne\/#\/schema\/person\/image\/","url":"https:\/\/www.pogotowieflagowe.pl\/aktualne\/wp-content\/uploads\/2024\/08\/pogotowieflagowe.pl_.jpg","contentUrl":"https:\/\/www.pogotowieflagowe.pl\/aktualne\/wp-content\/uploads\/2024\/08\/pogotowieflagowe.pl_.jpg","caption":"Filip"},"description":"Jestem Filip, polski dziennikarz z dyplomem nauk politycznych Uniwersytetu Warszawskiego. Rozpoczynaj\u0105c swoj\u0105 karier\u0119 w r\u00f3\u017cnych lokalnych mediach, zdoby\u0142em solidne do\u015bwiadczenie w zakresie \u015bledztwa i redakcji. Obecnie jako redaktor w Pogotowie flagowe, staram si\u0119 dostarcza\u0107 dog\u0142\u0119bne i istotne analizy na temat najwa\u017cniejszych kwestii aktualno\u015bci, \u0142\u0105cz\u0105c rygor z pasj\u0105 dziennikarsk\u0105.","sameAs":["https:\/\/www.pogotowieflagowe.pl\/"]}]}},"_links":{"self":[{"href":"https:\/\/www.pogotowieflagowe.pl\/aktualne\/wp-json\/wp\/v2\/posts\/6452","targetHints":{"allow":["GET"]}}],"collection":[{"href":"https:\/\/www.pogotowieflagowe.pl\/aktualne\/wp-json\/wp\/v2\/posts"}],"about":[{"href":"https:\/\/www.pogotowieflagowe.pl\/aktualne\/wp-json\/wp\/v2\/types\/post"}],"author":[{"embeddable":true,"href":"https:\/\/www.pogotowieflagowe.pl\/aktualne\/wp-json\/wp\/v2\/users\/1"}],"replies":[{"embeddable":true,"href":"https:\/\/www.pogotowieflagowe.pl\/aktualne\/wp-json\/wp\/v2\/comments?post=6452"}],"version-history":[{"count":1,"href":"https:\/\/www.pogotowieflagowe.pl\/aktualne\/wp-json\/wp\/v2\/posts\/6452\/revisions"}],"predecessor-version":[{"id":6454,"href":"https:\/\/www.pogotowieflagowe.pl\/aktualne\/wp-json\/wp\/v2\/posts\/6452\/revisions\/6454"}],"wp:featuredmedia":[{"embeddable":true,"href":"https:\/\/www.pogotowieflagowe.pl\/aktualne\/wp-json\/wp\/v2\/media\/6453"}],"wp:attachment":[{"href":"https:\/\/www.pogotowieflagowe.pl\/aktualne\/wp-json\/wp\/v2\/media?parent=6452"}],"wp:term":[{"taxonomy":"category","embeddable":true,"href":"https:\/\/www.pogotowieflagowe.pl\/aktualne\/wp-json\/wp\/v2\/categories?post=6452"},{"taxonomy":"post_tag","embeddable":true,"href":"https:\/\/www.pogotowieflagowe.pl\/aktualne\/wp-json\/wp\/v2\/tags?post=6452"}],"curies":[{"name":"wp","href":"https:\/\/api.w.org\/{rel}","templated":true}]}}