{"id":6507,"date":"2025-06-29T22:46:56","date_gmt":"2025-06-29T20:46:56","guid":{"rendered":"https:\/\/www.pogotowieflagowe.pl\/aktualne\/ludzie-maja-dosc-demonstracja-w-zgorzelelec-polski-hymn-narodowy-przypomina-sie-na-niemieckiej-ziemi\/"},"modified":"2025-06-29T22:46:56","modified_gmt":"2025-06-29T20:46:56","slug":"ludzie-maja-dosc-demonstracja-w-zgorzelelec-polski-hymn-narodowy-przypomina-sie-na-niemieckiej-ziemi","status":"publish","type":"post","link":"https:\/\/www.pogotowieflagowe.pl\/aktualne\/ludzie-maja-dosc-demonstracja-w-zgorzelelec-polski-hymn-narodowy-przypomina-sie-na-niemieckiej-ziemi\/","title":{"rendered":"\u201eLudzie maj\u0105 do\u015b\u0107!\u201d &#8211; Demonstracja w Zgorzelelec. Polski hymn narodowy przypomina si\u0119 na niemieckiej ziemi"},"content":{"rendered":"\n<div class=\"td_block_wrap tdb_single_content tdi_41 td-pb-border-top td_block_template_8 td-post-content tagdiv-type\" data-td-block-uid=\"tdi_41\">\n<style>.tdi_41 {margin-top: 0px! Wa\u017cne; margines-bottom: 0px! WA\u017bNY; PALDING-TOP: 0PX! WA\u017bNY; PALDING-BOTTOM: 0PX! WA\u017bNE}<\/style>\n<style>.tdb_single_content {margin-bottom: 0;*zoom: 1} .tdb_single_content: wcze\u015bniej, .tdb_single_content: po {display: Table; content: ''; line-height: 0} .TDB-BLOCK-INner>*: nie (.WP-BLOCK-QUOTE): not (.alignSwide): not (.Alignfull.wp-block-cover.has-parallax): not (.td-a-ad) {margin-left: auto; margin-right: auto} .tdb_single_ConTent a {wska\u017anik-events: auto} .tdb_single_content .td-spot-id-top_ad .tdc-placeholder-title: przed {content: \u201eArtyku\u0142 top ad\u201d! Wa\u017cne} .tdb_single_content .td-Spot-Id-inline_ad0 .tdc-placeholder-title 1 '! Wa\u017cne} .tdb_single_content .td-Spot-Id-inline_Ad1 .tdc-Placeholder-Title: przed {content: \u201eArtyku\u0142 inline AD 2'! Wa\u017cny} .tdb_single_content. 3 '! Wa\u017cne} .tdb_single_content .td-Spot-Id-Bottom_Ad .tdc-Placeholder-Title: przed {content: \u201eArtyku\u0142 Bottom Ad\u201d! Wa\u017cne} .tdb_single_content .id_top_ad, .tdb_single_content_content .id_bottom_ad {clear: oba; margin-bottom: 21px; text-align: Center} .tdb_single_content .id_top_ad img, .tdb_single_content .id_bottom_ad img {margin-bottom: 0} .tdb_single_conTent .id_top_ad .adsbyGoogle, .tdb_single_content .id_bottom_ad .adsbyGoogle {pozycja: relatyw} .tdb_single_content .id_ad_content-horiz-left, .tdb_single_content .id_ad_content-horiz-right, .tdb_single_content .id_ad_content-horiz-Center {margin-bottom: 15px} .tdb_single_content .id_ad_content-horiz-left Img, .tdb_single_content .id_ad_content-horiz-right img, .tdb_single_content .id_ad_content-horiz-centerter img {margin-bottom: 0} .tdb_single_content .id_ad_content-horiz-center {text-align: Center} .tdb_single_content .id_ad_content-horiz-center img {margin-right: auto; margin-let: auto} .tdb_single_content .id_ad_content-horiz-left {float: left; margin-top: 9px; margin-right: 21px} .tdb_single_content .id_ad_content-horiz-right {float: margin-top: 6px; margin-left: 21px} .tdb_single_content .tdc-a-a-ad .TDC-Placeholder-Title {szeroko\u015b\u0107: 300px; height: 250px} .tdb_single_content .tdc-a-ad .TDC-Placeholder-Title: Przed {Pozycja: Absolute; TOP: 50%;-WebKit-Transform: Translatey (-50%); Transform: Translatey (-50%); margines: auto; Display: Tabela; szeroko\u015b\u0107: 100%}. tdb_single_content .TDB-BLOCK-INNER.TD-FIX-INDEX {Word-Break: Break-word} .tdi_41, .tdi_41> p, .tdi_41 .tdb-block-inner> p, .Wp-Block-Column> p {font-size: 16px! Wa\u017cne; wa\u017cny; p {font-styl: normalne! Wa\u017cne} @media (Max-Width: 767px) {. tdb_single_content .id_ad_content-horiz-left, .tdb_single_content .id_ad_content-horiz-right, .tdb_single_content .id_ad_content-horiz-centter {Margin: 0 AUTO 26PXX auto}}@media (Max-Width: 767px) {. tdb_single_content .id_ad_content-horiz-left {margin-right: 0}}@media (max-width: 767px) {. (Max-Width: 767px) {. tdb_single_content .td-a-ad {float: none; text-align: Center} .tdb_single_content .td-a-ad img {margin-right: auto; margin-left: auto} .tdb_single_content .tdc-a-a-a-{margin-right: auto; margin-left: auto} .tdb_single_content .tdd<\/style>\n<div class=\"tdb-block-inner td-fix-index\">\n<p>Du\u017ca demonstracja przeciwko nielegalnej migracji odbywa si\u0119 w Zgorzelelec. Uczestnicy przeszli na stron\u0119 niemieck\u0105 i za\u015bpiewa\u0142a Mazurek D\u0105Browskigo, polski hymn narodowy.<\/p>\n<p>Protest, kt\u00f3ry odby\u0142 si\u0119 pod has\u0142em \u201eZatrzymaj nielegaln\u0105 imigracj\u0119\u201d, zosta\u0142 zorganizowany przez patrole obywatelskie i pobra\u0142 du\u017ce t\u0142umy biegun\u00f3w nios\u0105cych kolory krajowe.<\/p>\n<p>W pewnym momencie protestuj\u0105cy przeszli na terytorium niemieckie i wykonali tam polski hymn.<\/p>\n<p>\u201eWyja\u015bnili\u015bmy, \u017ce nie chcemy, aby us\u0142ugi niemieckie przenosz\u0105 migrant\u00f3w. Nie chcemy ich tutaj\u201d, powiedzia\u0142 jeden z uczestnik\u00f3w podczas transmisji w telewizji Republika. \u201eLudzie maj\u0105 do\u015b\u0107 k\u0142amstw, propagandy i rozprzestrzeniania si\u0119 nienawi\u015bci!\u201d Doda\u0142.<\/p>\n<p>\u201eNie poddamy si\u0119. Kochamy ten kraj przede wszystkim. Je\u015bli nie ma Polski, nie ma nas\u201d &#8211; podkre\u015bli\u0142 cz\u0142owiek.<\/p>\n<p>Pe\u0142nosi\u0142 pose\u0142 do konfederacji Tomasz Buczek r\u00f3wnie\u017c uczestniczy\u0142 w prote\u015bcie. \u201eCoraz wi\u0119cej narod\u00f3w w ca\u0142ej Europie zaczyna zdawa\u0107 sobie spraw\u0119 z konsekwencji polityk, kt\u00f3re ich rz\u0105dy narzuci\u0142y im od lat. Niemcy chc\u0105 teraz przenie\u015b\u0107 te konsekwencje na Polsk\u0119. Nie chcemy takiej polityki. Stoimy mocno\u201d &#8211; stwierdzi\u0142.<\/p>\n<\/div>\n<\/div>\n","protected":false},"excerpt":{"rendered":"<p>Du\u017ca demonstracja przeciwko nielegalnej migracji odbywa si\u0119 w Zgorzelelec. Uczestnicy przeszli na stron\u0119 niemieck\u0105 i za\u015bpiewa\u0142a Mazurek D\u0105Browskigo, polski hymn<\/p>\n","protected":false},"author":1,"featured_media":6508,"comment_status":"closed","ping_status":"","sticky":false,"template":"","format":"standard","meta":{"footnotes":""},"categories":[4748],"tags":[6815,6319,8261,1919,2704,1965,1066,72,8262,150,8260,1647],"class_list":["post-6507","post","type-post","status-publish","format-standard","has-post-thumbnail","hentry","category-aktualne","tag-demonstracja","tag-dosc","tag-hymn","tag-ludzie","tag-maja","tag-narodowy","tag-niemieckiej","tag-polski","tag-przypomina","tag-sie","tag-zgorzelelec","tag-ziemi","generate-columns","tablet-grid-50","mobile-grid-100","grid-parent","grid-50","resize-featured-image"],"yoast_head":"<!-- This site is optimized with the Yoast SEO plugin v23.2 - https:\/\/yoast.com\/wordpress\/plugins\/seo\/ -->\n<title>\u201eLudzie maj\u0105 do\u015b\u0107!\u201d - Demonstracja w Zgorzelelec. Polski hymn narodowy przypomina si\u0119 na niemieckiej ziemi - POGOTOWIE FLAGOWE\u00ae<\/title>\n<meta name=\"robots\" content=\"index, follow, max-snippet:-1, max-image-preview:large, max-video-preview:-1\" \/>\n<link rel=\"canonical\" href=\"https:\/\/www.pogotowieflagowe.pl\/aktualne\/ludzie-maja-dosc-demonstracja-w-zgorzelelec-polski-hymn-narodowy-przypomina-sie-na-niemieckiej-ziemi\/\" \/>\n<meta property=\"og:locale\" content=\"pl_PL\" \/>\n<meta property=\"og:type\" content=\"article\" \/>\n<meta property=\"og:title\" content=\"\u201eLudzie maj\u0105 do\u015b\u0107!\u201d - Demonstracja w Zgorzelelec. Polski hymn narodowy przypomina si\u0119 na niemieckiej ziemi - POGOTOWIE FLAGOWE\u00ae\" \/>\n<meta property=\"og:description\" content=\"Du\u017ca demonstracja przeciwko nielegalnej migracji odbywa si\u0119 w Zgorzelelec. Uczestnicy przeszli na stron\u0119 niemieck\u0105 i za\u015bpiewa\u0142a Mazurek D\u0105Browskigo, polski hymn\" \/>\n<meta property=\"og:url\" content=\"https:\/\/www.pogotowieflagowe.pl\/aktualne\/ludzie-maja-dosc-demonstracja-w-zgorzelelec-polski-hymn-narodowy-przypomina-sie-na-niemieckiej-ziemi\/\" \/>\n<meta property=\"og:site_name\" content=\"POGOTOWIE FLAGOWE\u00ae\" \/>\n<meta property=\"article:published_time\" content=\"2025-06-29T20:46:56+00:00\" \/>\n<meta property=\"og:image\" content=\"https:\/\/www.pogotowieflagowe.pl\/aktualne\/wp-content\/uploads\/2025\/06\/\u201eLudzie-maja-dosc-Demonstracja-w-Zgorzelelec-Polski-hymn-narodowy.webp.webp\" \/>\n\t<meta property=\"og:image:width\" content=\"1280\" \/>\n\t<meta property=\"og:image:height\" content=\"721\" \/>\n\t<meta property=\"og:image:type\" content=\"image\/webp\" \/>\n<meta name=\"author\" content=\"Filip\" \/>\n<meta name=\"twitter:card\" content=\"summary_large_image\" \/>\n<meta name=\"twitter:label1\" content=\"Napisane przez\" \/>\n\t<meta name=\"twitter:data1\" content=\"Filip\" \/>\n\t<meta name=\"twitter:label2\" content=\"Szacowany czas czytania\" \/>\n\t<meta name=\"twitter:data2\" content=\"1 minuta\" \/>\n<script type=\"application\/ld+json\" class=\"yoast-schema-graph\">{\"@context\":\"https:\/\/schema.org\",\"@graph\":[{\"@type\":\"Article\",\"@id\":\"https:\/\/www.pogotowieflagowe.pl\/aktualne\/ludzie-maja-dosc-demonstracja-w-zgorzelelec-polski-hymn-narodowy-przypomina-sie-na-niemieckiej-ziemi\/#article\",\"isPartOf\":{\"@id\":\"https:\/\/www.pogotowieflagowe.pl\/aktualne\/ludzie-maja-dosc-demonstracja-w-zgorzelelec-polski-hymn-narodowy-przypomina-sie-na-niemieckiej-ziemi\/\"},\"author\":{\"name\":\"Filip\",\"@id\":\"https:\/\/www.pogotowieflagowe.pl\/aktualne\/#\/schema\/person\/9c2fb7d2362ebf6fa088960d7f0d27b0\"},\"headline\":\"\u201eLudzie maj\u0105 do\u015b\u0107!\u201d &#8211; Demonstracja w Zgorzelelec. Polski hymn narodowy przypomina si\u0119 na niemieckiej ziemi\",\"datePublished\":\"2025-06-29T20:46:56+00:00\",\"dateModified\":\"2025-06-29T20:46:56+00:00\",\"mainEntityOfPage\":{\"@id\":\"https:\/\/www.pogotowieflagowe.pl\/aktualne\/ludzie-maja-dosc-demonstracja-w-zgorzelelec-polski-hymn-narodowy-przypomina-sie-na-niemieckiej-ziemi\/\"},\"wordCount\":197,\"publisher\":{\"@id\":\"https:\/\/www.pogotowieflagowe.pl\/aktualne\/#organization\"},\"image\":{\"@id\":\"https:\/\/www.pogotowieflagowe.pl\/aktualne\/ludzie-maja-dosc-demonstracja-w-zgorzelelec-polski-hymn-narodowy-przypomina-sie-na-niemieckiej-ziemi\/#primaryimage\"},\"thumbnailUrl\":\"https:\/\/www.pogotowieflagowe.pl\/aktualne\/wp-content\/uploads\/2025\/06\/\u201eLudzie-maja-dosc-Demonstracja-w-Zgorzelelec-Polski-hymn-narodowy.webp.webp\",\"keywords\":[\"demonstracja\",\"do\u015b\u0107\",\"hymn\",\"ludzie\",\"maj\u0105\",\"Narodowy\",\"niemieckiej\",\"polski\",\"przypomina\",\"si\u0119\",\"Zgorzelelec\",\"Ziemi\"],\"articleSection\":[\"Aktualne\"],\"inLanguage\":\"pl-PL\"},{\"@type\":\"WebPage\",\"@id\":\"https:\/\/www.pogotowieflagowe.pl\/aktualne\/ludzie-maja-dosc-demonstracja-w-zgorzelelec-polski-hymn-narodowy-przypomina-sie-na-niemieckiej-ziemi\/\",\"url\":\"https:\/\/www.pogotowieflagowe.pl\/aktualne\/ludzie-maja-dosc-demonstracja-w-zgorzelelec-polski-hymn-narodowy-przypomina-sie-na-niemieckiej-ziemi\/\",\"name\":\"\u201eLudzie maj\u0105 do\u015b\u0107!\u201d - Demonstracja w Zgorzelelec. Polski hymn narodowy przypomina si\u0119 na niemieckiej ziemi - POGOTOWIE FLAGOWE\u00ae\",\"isPartOf\":{\"@id\":\"https:\/\/www.pogotowieflagowe.pl\/aktualne\/#website\"},\"primaryImageOfPage\":{\"@id\":\"https:\/\/www.pogotowieflagowe.pl\/aktualne\/ludzie-maja-dosc-demonstracja-w-zgorzelelec-polski-hymn-narodowy-przypomina-sie-na-niemieckiej-ziemi\/#primaryimage\"},\"image\":{\"@id\":\"https:\/\/www.pogotowieflagowe.pl\/aktualne\/ludzie-maja-dosc-demonstracja-w-zgorzelelec-polski-hymn-narodowy-przypomina-sie-na-niemieckiej-ziemi\/#primaryimage\"},\"thumbnailUrl\":\"https:\/\/www.pogotowieflagowe.pl\/aktualne\/wp-content\/uploads\/2025\/06\/\u201eLudzie-maja-dosc-Demonstracja-w-Zgorzelelec-Polski-hymn-narodowy.webp.webp\",\"datePublished\":\"2025-06-29T20:46:56+00:00\",\"dateModified\":\"2025-06-29T20:46:56+00:00\",\"breadcrumb\":{\"@id\":\"https:\/\/www.pogotowieflagowe.pl\/aktualne\/ludzie-maja-dosc-demonstracja-w-zgorzelelec-polski-hymn-narodowy-przypomina-sie-na-niemieckiej-ziemi\/#breadcrumb\"},\"inLanguage\":\"pl-PL\",\"potentialAction\":[{\"@type\":\"ReadAction\",\"target\":[\"https:\/\/www.pogotowieflagowe.pl\/aktualne\/ludzie-maja-dosc-demonstracja-w-zgorzelelec-polski-hymn-narodowy-przypomina-sie-na-niemieckiej-ziemi\/\"]}]},{\"@type\":\"ImageObject\",\"inLanguage\":\"pl-PL\",\"@id\":\"https:\/\/www.pogotowieflagowe.pl\/aktualne\/ludzie-maja-dosc-demonstracja-w-zgorzelelec-polski-hymn-narodowy-przypomina-sie-na-niemieckiej-ziemi\/#primaryimage\",\"url\":\"https:\/\/www.pogotowieflagowe.pl\/aktualne\/wp-content\/uploads\/2025\/06\/\u201eLudzie-maja-dosc-Demonstracja-w-Zgorzelelec-Polski-hymn-narodowy.webp.webp\",\"contentUrl\":\"https:\/\/www.pogotowieflagowe.pl\/aktualne\/wp-content\/uploads\/2025\/06\/\u201eLudzie-maja-dosc-Demonstracja-w-Zgorzelelec-Polski-hymn-narodowy.webp.webp\",\"width\":1280,\"height\":721,\"caption\":\"\u201eLudzie maj\u0105 do\u015b\u0107!\u201d - Demonstracja w Zgorzelelec. Polski hymn narodowy przypomina si\u0119 na niemieckiej ziemi\"},{\"@type\":\"BreadcrumbList\",\"@id\":\"https:\/\/www.pogotowieflagowe.pl\/aktualne\/ludzie-maja-dosc-demonstracja-w-zgorzelelec-polski-hymn-narodowy-przypomina-sie-na-niemieckiej-ziemi\/#breadcrumb\",\"itemListElement\":[{\"@type\":\"ListItem\",\"position\":1,\"name\":\"Home\",\"item\":\"https:\/\/www.pogotowieflagowe.pl\/aktualne\/\"},{\"@type\":\"ListItem\",\"position\":2,\"name\":\"\u201eLudzie maj\u0105 do\u015b\u0107!\u201d &#8211; Demonstracja w Zgorzelelec. Polski hymn narodowy przypomina si\u0119 na niemieckiej ziemi\"}]},{\"@type\":\"WebSite\",\"@id\":\"https:\/\/www.pogotowieflagowe.pl\/aktualne\/#website\",\"url\":\"https:\/\/www.pogotowieflagowe.pl\/aktualne\/\",\"name\":\"POGOTOWIE FLAGOWE\u00ae\",\"description\":\"\",\"publisher\":{\"@id\":\"https:\/\/www.pogotowieflagowe.pl\/aktualne\/#organization\"},\"potentialAction\":[{\"@type\":\"SearchAction\",\"target\":{\"@type\":\"EntryPoint\",\"urlTemplate\":\"https:\/\/www.pogotowieflagowe.pl\/aktualne\/?s={search_term_string}\"},\"query-input\":\"required name=search_term_string\"}],\"inLanguage\":\"pl-PL\"},{\"@type\":\"Organization\",\"@id\":\"https:\/\/www.pogotowieflagowe.pl\/aktualne\/#organization\",\"name\":\"POGOTOWIE FLAGOWE\u00ae\",\"url\":\"https:\/\/www.pogotowieflagowe.pl\/aktualne\/\",\"logo\":{\"@type\":\"ImageObject\",\"inLanguage\":\"pl-PL\",\"@id\":\"https:\/\/www.pogotowieflagowe.pl\/aktualne\/#\/schema\/logo\/image\/\",\"url\":\"https:\/\/www.pogotowieflagowe.pl\/aktualne\/wp-content\/uploads\/2024\/08\/cropped-pogotowieflagowe_flaga_projekt_sm.jpg\",\"contentUrl\":\"https:\/\/www.pogotowieflagowe.pl\/aktualne\/wp-content\/uploads\/2024\/08\/cropped-pogotowieflagowe_flaga_projekt_sm.jpg\",\"width\":250,\"height\":143,\"caption\":\"POGOTOWIE FLAGOWE\u00ae\"},\"image\":{\"@id\":\"https:\/\/www.pogotowieflagowe.pl\/aktualne\/#\/schema\/logo\/image\/\"}},{\"@type\":\"Person\",\"@id\":\"https:\/\/www.pogotowieflagowe.pl\/aktualne\/#\/schema\/person\/9c2fb7d2362ebf6fa088960d7f0d27b0\",\"name\":\"Filip\",\"image\":{\"@type\":\"ImageObject\",\"inLanguage\":\"pl-PL\",\"@id\":\"https:\/\/www.pogotowieflagowe.pl\/aktualne\/#\/schema\/person\/image\/\",\"url\":\"https:\/\/www.pogotowieflagowe.pl\/aktualne\/wp-content\/uploads\/2024\/08\/pogotowieflagowe.pl_.jpg\",\"contentUrl\":\"https:\/\/www.pogotowieflagowe.pl\/aktualne\/wp-content\/uploads\/2024\/08\/pogotowieflagowe.pl_.jpg\",\"caption\":\"Filip\"},\"description\":\"Jestem Filip, polski dziennikarz z dyplomem nauk politycznych Uniwersytetu Warszawskiego. Rozpoczynaj\u0105c swoj\u0105 karier\u0119 w r\u00f3\u017cnych lokalnych mediach, zdoby\u0142em solidne do\u015bwiadczenie w zakresie \u015bledztwa i redakcji. Obecnie jako redaktor w Pogotowie flagowe, staram si\u0119 dostarcza\u0107 dog\u0142\u0119bne i istotne analizy na temat najwa\u017cniejszych kwestii aktualno\u015bci, \u0142\u0105cz\u0105c rygor z pasj\u0105 dziennikarsk\u0105.\",\"sameAs\":[\"https:\/\/www.pogotowieflagowe.pl\/\"]}]}<\/script>\n<!-- \/ Yoast SEO plugin. -->","yoast_head_json":{"title":"\u201eLudzie maj\u0105 do\u015b\u0107!\u201d - Demonstracja w Zgorzelelec. Polski hymn narodowy przypomina si\u0119 na niemieckiej ziemi - POGOTOWIE FLAGOWE\u00ae","robots":{"index":"index","follow":"follow","max-snippet":"max-snippet:-1","max-image-preview":"max-image-preview:large","max-video-preview":"max-video-preview:-1"},"canonical":"https:\/\/www.pogotowieflagowe.pl\/aktualne\/ludzie-maja-dosc-demonstracja-w-zgorzelelec-polski-hymn-narodowy-przypomina-sie-na-niemieckiej-ziemi\/","og_locale":"pl_PL","og_type":"article","og_title":"\u201eLudzie maj\u0105 do\u015b\u0107!\u201d - Demonstracja w Zgorzelelec. Polski hymn narodowy przypomina si\u0119 na niemieckiej ziemi - POGOTOWIE FLAGOWE\u00ae","og_description":"Du\u017ca demonstracja przeciwko nielegalnej migracji odbywa si\u0119 w Zgorzelelec. Uczestnicy przeszli na stron\u0119 niemieck\u0105 i za\u015bpiewa\u0142a Mazurek D\u0105Browskigo, polski hymn","og_url":"https:\/\/www.pogotowieflagowe.pl\/aktualne\/ludzie-maja-dosc-demonstracja-w-zgorzelelec-polski-hymn-narodowy-przypomina-sie-na-niemieckiej-ziemi\/","og_site_name":"POGOTOWIE FLAGOWE\u00ae","article_published_time":"2025-06-29T20:46:56+00:00","og_image":[{"width":1280,"height":721,"url":"https:\/\/www.pogotowieflagowe.pl\/aktualne\/wp-content\/uploads\/2025\/06\/\u201eLudzie-maja-dosc-Demonstracja-w-Zgorzelelec-Polski-hymn-narodowy.webp.webp","type":"image\/webp"}],"author":"Filip","twitter_card":"summary_large_image","twitter_misc":{"Napisane przez":"Filip","Szacowany czas czytania":"1 minuta"},"schema":{"@context":"https:\/\/schema.org","@graph":[{"@type":"Article","@id":"https:\/\/www.pogotowieflagowe.pl\/aktualne\/ludzie-maja-dosc-demonstracja-w-zgorzelelec-polski-hymn-narodowy-przypomina-sie-na-niemieckiej-ziemi\/#article","isPartOf":{"@id":"https:\/\/www.pogotowieflagowe.pl\/aktualne\/ludzie-maja-dosc-demonstracja-w-zgorzelelec-polski-hymn-narodowy-przypomina-sie-na-niemieckiej-ziemi\/"},"author":{"name":"Filip","@id":"https:\/\/www.pogotowieflagowe.pl\/aktualne\/#\/schema\/person\/9c2fb7d2362ebf6fa088960d7f0d27b0"},"headline":"\u201eLudzie maj\u0105 do\u015b\u0107!\u201d &#8211; Demonstracja w Zgorzelelec. Polski hymn narodowy przypomina si\u0119 na niemieckiej ziemi","datePublished":"2025-06-29T20:46:56+00:00","dateModified":"2025-06-29T20:46:56+00:00","mainEntityOfPage":{"@id":"https:\/\/www.pogotowieflagowe.pl\/aktualne\/ludzie-maja-dosc-demonstracja-w-zgorzelelec-polski-hymn-narodowy-przypomina-sie-na-niemieckiej-ziemi\/"},"wordCount":197,"publisher":{"@id":"https:\/\/www.pogotowieflagowe.pl\/aktualne\/#organization"},"image":{"@id":"https:\/\/www.pogotowieflagowe.pl\/aktualne\/ludzie-maja-dosc-demonstracja-w-zgorzelelec-polski-hymn-narodowy-przypomina-sie-na-niemieckiej-ziemi\/#primaryimage"},"thumbnailUrl":"https:\/\/www.pogotowieflagowe.pl\/aktualne\/wp-content\/uploads\/2025\/06\/\u201eLudzie-maja-dosc-Demonstracja-w-Zgorzelelec-Polski-hymn-narodowy.webp.webp","keywords":["demonstracja","do\u015b\u0107","hymn","ludzie","maj\u0105","Narodowy","niemieckiej","polski","przypomina","si\u0119","Zgorzelelec","Ziemi"],"articleSection":["Aktualne"],"inLanguage":"pl-PL"},{"@type":"WebPage","@id":"https:\/\/www.pogotowieflagowe.pl\/aktualne\/ludzie-maja-dosc-demonstracja-w-zgorzelelec-polski-hymn-narodowy-przypomina-sie-na-niemieckiej-ziemi\/","url":"https:\/\/www.pogotowieflagowe.pl\/aktualne\/ludzie-maja-dosc-demonstracja-w-zgorzelelec-polski-hymn-narodowy-przypomina-sie-na-niemieckiej-ziemi\/","name":"\u201eLudzie maj\u0105 do\u015b\u0107!\u201d - Demonstracja w Zgorzelelec. Polski hymn narodowy przypomina si\u0119 na niemieckiej ziemi - POGOTOWIE FLAGOWE\u00ae","isPartOf":{"@id":"https:\/\/www.pogotowieflagowe.pl\/aktualne\/#website"},"primaryImageOfPage":{"@id":"https:\/\/www.pogotowieflagowe.pl\/aktualne\/ludzie-maja-dosc-demonstracja-w-zgorzelelec-polski-hymn-narodowy-przypomina-sie-na-niemieckiej-ziemi\/#primaryimage"},"image":{"@id":"https:\/\/www.pogotowieflagowe.pl\/aktualne\/ludzie-maja-dosc-demonstracja-w-zgorzelelec-polski-hymn-narodowy-przypomina-sie-na-niemieckiej-ziemi\/#primaryimage"},"thumbnailUrl":"https:\/\/www.pogotowieflagowe.pl\/aktualne\/wp-content\/uploads\/2025\/06\/\u201eLudzie-maja-dosc-Demonstracja-w-Zgorzelelec-Polski-hymn-narodowy.webp.webp","datePublished":"2025-06-29T20:46:56+00:00","dateModified":"2025-06-29T20:46:56+00:00","breadcrumb":{"@id":"https:\/\/www.pogotowieflagowe.pl\/aktualne\/ludzie-maja-dosc-demonstracja-w-zgorzelelec-polski-hymn-narodowy-przypomina-sie-na-niemieckiej-ziemi\/#breadcrumb"},"inLanguage":"pl-PL","potentialAction":[{"@type":"ReadAction","target":["https:\/\/www.pogotowieflagowe.pl\/aktualne\/ludzie-maja-dosc-demonstracja-w-zgorzelelec-polski-hymn-narodowy-przypomina-sie-na-niemieckiej-ziemi\/"]}]},{"@type":"ImageObject","inLanguage":"pl-PL","@id":"https:\/\/www.pogotowieflagowe.pl\/aktualne\/ludzie-maja-dosc-demonstracja-w-zgorzelelec-polski-hymn-narodowy-przypomina-sie-na-niemieckiej-ziemi\/#primaryimage","url":"https:\/\/www.pogotowieflagowe.pl\/aktualne\/wp-content\/uploads\/2025\/06\/\u201eLudzie-maja-dosc-Demonstracja-w-Zgorzelelec-Polski-hymn-narodowy.webp.webp","contentUrl":"https:\/\/www.pogotowieflagowe.pl\/aktualne\/wp-content\/uploads\/2025\/06\/\u201eLudzie-maja-dosc-Demonstracja-w-Zgorzelelec-Polski-hymn-narodowy.webp.webp","width":1280,"height":721,"caption":"\u201eLudzie maj\u0105 do\u015b\u0107!\u201d - Demonstracja w Zgorzelelec. Polski hymn narodowy przypomina si\u0119 na niemieckiej ziemi"},{"@type":"BreadcrumbList","@id":"https:\/\/www.pogotowieflagowe.pl\/aktualne\/ludzie-maja-dosc-demonstracja-w-zgorzelelec-polski-hymn-narodowy-przypomina-sie-na-niemieckiej-ziemi\/#breadcrumb","itemListElement":[{"@type":"ListItem","position":1,"name":"Home","item":"https:\/\/www.pogotowieflagowe.pl\/aktualne\/"},{"@type":"ListItem","position":2,"name":"\u201eLudzie maj\u0105 do\u015b\u0107!\u201d &#8211; Demonstracja w Zgorzelelec. Polski hymn narodowy przypomina si\u0119 na niemieckiej ziemi"}]},{"@type":"WebSite","@id":"https:\/\/www.pogotowieflagowe.pl\/aktualne\/#website","url":"https:\/\/www.pogotowieflagowe.pl\/aktualne\/","name":"POGOTOWIE FLAGOWE\u00ae","description":"","publisher":{"@id":"https:\/\/www.pogotowieflagowe.pl\/aktualne\/#organization"},"potentialAction":[{"@type":"SearchAction","target":{"@type":"EntryPoint","urlTemplate":"https:\/\/www.pogotowieflagowe.pl\/aktualne\/?s={search_term_string}"},"query-input":"required name=search_term_string"}],"inLanguage":"pl-PL"},{"@type":"Organization","@id":"https:\/\/www.pogotowieflagowe.pl\/aktualne\/#organization","name":"POGOTOWIE FLAGOWE\u00ae","url":"https:\/\/www.pogotowieflagowe.pl\/aktualne\/","logo":{"@type":"ImageObject","inLanguage":"pl-PL","@id":"https:\/\/www.pogotowieflagowe.pl\/aktualne\/#\/schema\/logo\/image\/","url":"https:\/\/www.pogotowieflagowe.pl\/aktualne\/wp-content\/uploads\/2024\/08\/cropped-pogotowieflagowe_flaga_projekt_sm.jpg","contentUrl":"https:\/\/www.pogotowieflagowe.pl\/aktualne\/wp-content\/uploads\/2024\/08\/cropped-pogotowieflagowe_flaga_projekt_sm.jpg","width":250,"height":143,"caption":"POGOTOWIE FLAGOWE\u00ae"},"image":{"@id":"https:\/\/www.pogotowieflagowe.pl\/aktualne\/#\/schema\/logo\/image\/"}},{"@type":"Person","@id":"https:\/\/www.pogotowieflagowe.pl\/aktualne\/#\/schema\/person\/9c2fb7d2362ebf6fa088960d7f0d27b0","name":"Filip","image":{"@type":"ImageObject","inLanguage":"pl-PL","@id":"https:\/\/www.pogotowieflagowe.pl\/aktualne\/#\/schema\/person\/image\/","url":"https:\/\/www.pogotowieflagowe.pl\/aktualne\/wp-content\/uploads\/2024\/08\/pogotowieflagowe.pl_.jpg","contentUrl":"https:\/\/www.pogotowieflagowe.pl\/aktualne\/wp-content\/uploads\/2024\/08\/pogotowieflagowe.pl_.jpg","caption":"Filip"},"description":"Jestem Filip, polski dziennikarz z dyplomem nauk politycznych Uniwersytetu Warszawskiego. Rozpoczynaj\u0105c swoj\u0105 karier\u0119 w r\u00f3\u017cnych lokalnych mediach, zdoby\u0142em solidne do\u015bwiadczenie w zakresie \u015bledztwa i redakcji. Obecnie jako redaktor w Pogotowie flagowe, staram si\u0119 dostarcza\u0107 dog\u0142\u0119bne i istotne analizy na temat najwa\u017cniejszych kwestii aktualno\u015bci, \u0142\u0105cz\u0105c rygor z pasj\u0105 dziennikarsk\u0105.","sameAs":["https:\/\/www.pogotowieflagowe.pl\/"]}]}},"_links":{"self":[{"href":"https:\/\/www.pogotowieflagowe.pl\/aktualne\/wp-json\/wp\/v2\/posts\/6507","targetHints":{"allow":["GET"]}}],"collection":[{"href":"https:\/\/www.pogotowieflagowe.pl\/aktualne\/wp-json\/wp\/v2\/posts"}],"about":[{"href":"https:\/\/www.pogotowieflagowe.pl\/aktualne\/wp-json\/wp\/v2\/types\/post"}],"author":[{"embeddable":true,"href":"https:\/\/www.pogotowieflagowe.pl\/aktualne\/wp-json\/wp\/v2\/users\/1"}],"replies":[{"embeddable":true,"href":"https:\/\/www.pogotowieflagowe.pl\/aktualne\/wp-json\/wp\/v2\/comments?post=6507"}],"version-history":[{"count":1,"href":"https:\/\/www.pogotowieflagowe.pl\/aktualne\/wp-json\/wp\/v2\/posts\/6507\/revisions"}],"predecessor-version":[{"id":6509,"href":"https:\/\/www.pogotowieflagowe.pl\/aktualne\/wp-json\/wp\/v2\/posts\/6507\/revisions\/6509"}],"wp:featuredmedia":[{"embeddable":true,"href":"https:\/\/www.pogotowieflagowe.pl\/aktualne\/wp-json\/wp\/v2\/media\/6508"}],"wp:attachment":[{"href":"https:\/\/www.pogotowieflagowe.pl\/aktualne\/wp-json\/wp\/v2\/media?parent=6507"}],"wp:term":[{"taxonomy":"category","embeddable":true,"href":"https:\/\/www.pogotowieflagowe.pl\/aktualne\/wp-json\/wp\/v2\/categories?post=6507"},{"taxonomy":"post_tag","embeddable":true,"href":"https:\/\/www.pogotowieflagowe.pl\/aktualne\/wp-json\/wp\/v2\/tags?post=6507"}],"curies":[{"name":"wp","href":"https:\/\/api.w.org\/{rel}","templated":true}]}}