{"id":6510,"date":"2025-06-30T04:52:43","date_gmt":"2025-06-30T02:52:43","guid":{"rendered":"https:\/\/www.pogotowieflagowe.pl\/aktualne\/mateusz-morawiecki-oglasza-utworzenie-specjalnej-ministerstwa-imigracji-deportacje-w-ciagu-72-godzin\/"},"modified":"2025-06-30T04:52:44","modified_gmt":"2025-06-30T02:52:44","slug":"mateusz-morawiecki-oglasza-utworzenie-specjalnej-ministerstwa-imigracji-deportacje-w-ciagu-72-godzin","status":"publish","type":"post","link":"https:\/\/www.pogotowieflagowe.pl\/aktualne\/mateusz-morawiecki-oglasza-utworzenie-specjalnej-ministerstwa-imigracji-deportacje-w-ciagu-72-godzin\/","title":{"rendered":"Mateusz Morawiecki og\u0142asza utworzenie specjalnej ministerstwa imigracji: \u201eDeportacje w ci\u0105gu 72 godzin\u201d"},"content":{"rendered":"\n<div class=\"td_block_wrap tdb_single_content tdi_41 td-pb-border-top td_block_template_8 td-post-content tagdiv-type\" data-td-block-uid=\"tdi_41\">\n<style>.tdi_41 {margin-top: 0px! Wa\u017cne; margines-bottom: 0px! WA\u017bNY; PALDING-TOP: 0PX! WA\u017bNY; PALDING-BOTTOM: 0PX! WA\u017bNE}<\/style>\n<style>.tdb_single_content {margin-bottom: 0;*zoom: 1} .tdb_single_content: wcze\u015bniej, .tdb_single_content: po {display: Table; content: ''; line-height: 0} .TDB-BLOCK-INner>*: nie (.WP-BLOCK-QUOTE): not (.alignSwide): not (.Alignfull.wp-block-cover.has-parallax): not (.td-a-ad) {margin-left: auto; margin-right: auto} .tdb_single_ConTent a {wska\u017anik-events: auto} .tdb_single_content .td-spot-id-top_ad .tdc-placeholder-title: przed {content: \u201eArtyku\u0142 top ad\u201d! Wa\u017cne} .tdb_single_content .td-Spot-Id-inline_ad0 .tdc-placeholder-title 1 '! Wa\u017cne} .tdb_single_content .td-Spot-Id-inline_Ad1 .tdc-Placeholder-Title: przed {content: \u201eArtyku\u0142 inline AD 2'! Wa\u017cny} .tdb_single_content. 3 '! Wa\u017cne} .tdb_single_content .td-Spot-Id-Bottom_Ad .tdc-Placeholder-Title: przed {content: \u201eArtyku\u0142 Bottom Ad\u201d! Wa\u017cne} .tdb_single_content .id_top_ad, .tdb_single_content_content .id_bottom_ad {clear: oba; margin-bottom: 21px; text-align: Center} .tdb_single_content .id_top_ad img, .tdb_single_content .id_bottom_ad img {margin-bottom: 0} .tdb_single_conTent .id_top_ad .adsbyGoogle, .tdb_single_content .id_bottom_ad .adsbyGoogle {pozycja: relatyw} .tdb_single_content .id_ad_content-horiz-left, .tdb_single_content .id_ad_content-horiz-right, .tdb_single_content .id_ad_content-horiz-Center {margin-bottom: 15px} .tdb_single_content .id_ad_content-horiz-left Img, .tdb_single_content .id_ad_content-horiz-right img, .tdb_single_content .id_ad_content-horiz-centerter img {margin-bottom: 0} .tdb_single_content .id_ad_content-horiz-center {text-align: Center} .tdb_single_content .id_ad_content-horiz-center img {margin-right: auto; margin-let: auto} .tdb_single_content .id_ad_content-horiz-left {float: left; margin-top: 9px; margin-right: 21px} .tdb_single_content .id_ad_content-horiz-right {float: margin-top: 6px; margin-left: 21px} .tdb_single_content .tdc-a-a-ad .TDC-Placeholder-Title {szeroko\u015b\u0107: 300px; height: 250px} .tdb_single_content .tdc-a-ad .TDC-Placeholder-Title: Przed {Pozycja: Absolute; TOP: 50%;-WebKit-Transform: Translatey (-50%); Transform: Translatey (-50%); margines: auto; Display: Tabela; szeroko\u015b\u0107: 100%}. tdb_single_content .TDB-BLOCK-INNER.TD-FIX-INDEX {Word-Break: Break-word} .tdi_41, .tdi_41> p, .tdi_41 .tdb-block-inner> p, .Wp-Block-Column> p {font-size: 16px! Wa\u017cne; wa\u017cny; p {font-styl: normalne! Wa\u017cne} @media (Max-Width: 767px) {. tdb_single_content .id_ad_content-horiz-left, .tdb_single_content .id_ad_content-horiz-right, .tdb_single_content .id_ad_content-horiz-centter {Margin: 0 AUTO 26PXX auto}}@media (Max-Width: 767px) {. tdb_single_content .id_ad_content-horiz-left {margin-right: 0}}@media (max-width: 767px) {. (Max-Width: 767px) {. tdb_single_content .td-a-ad {float: none; text-align: Center} .tdb_single_content .td-a-ad img {margin-right: auto; margin-left: auto} .tdb_single_content .tdc-a-a-a-{margin-right: auto; margin-left: auto} .tdb_single_content .tdd<\/style>\n<div class=\"tdb-block-inner td-fix-index\">\n<p>\u201eJe\u015bli prawo i sprawiedliwo\u015b\u0107 (PIS) wygra wybory i powr\u00f3c\u0105 do w\u0142adzy, zostanie utworzona specjalna ministerstwo nielegalnej imigracji. Wszyscy ci\u201e in\u017cynierowie \u201dzostan\u0105 deportowani w ci\u0105gu 72 godzin, a najnowsze w ci\u0105gu jednego do dw\u00f3ch tygodni. Nie pozwolimy ju\u017c Niemcy traktowa\u0107 nas tak, jak to zrobili. Ministerstwo b\u0119dzie mia\u0142o specjalne uprawnienia. biurokraci \u201d &#8211; powiedzia\u0142 Mateusz Morawiecki, by\u0142y premier i przyw\u00f3dca europejskich konserwatyst\u00f3w i reformist\u00f3w (ECR), podczas programu Polityczna Kawa.<\/p>\n<h2 class=\"wp-block-heading\">Ruch braku zaufania przeciwko von der Leyen<\/h2>\n<p>Rumu\u0144ski PE Gheorghe Piperea, z Sojuszu na rzecz Unii Rumu\u0144czyk\u00f3w (AUR) &#8211; cz\u0142onka grupy ECR &#8211; z\u0142o\u017cy\u0142 wniosek o brak zaufania do Komisji Europejskiej i jej prezydenta, Ursula von der Leyen.<\/p>\n<p>Wniosek, przed\u0142o\u017cony 26 czerwca, zosta\u0142 podpisany przez 74 pos\u0142\u00f3w PE, w tym niekt\u00f3rzy z Polski, a nawet z Europejskiej Partii Ludowej (EPP) &#8211; w\u0142asnej grupy politycznej der Leyena. Piperea zauwa\u017cy\u0142a, \u017ce \u200b\u200bniekt\u00f3rzy pos\u0142nicy s\u0105 zmuszeni, aby wycofa\u0107 swoje wsparcie.<\/p>\n<p>G\u0142osowanie odb\u0119dzie si\u0119 mi\u0119dzy 7 a 10 lipca 2025 r.<\/p>\n<p>Zapytany o wniosek podczas programu Tomasza Sakiewicza, przewodnicz\u0105cy ECR Morawiiecki powiedzia\u0142, \u017ce von der Leyen \u201eprawdopodobnie zorganizuje konferencj\u0119 prasow\u0105 za kilka dni\u201d.<\/p>\n<p>\u201eZaproponuje nast\u0119puj\u0105ce inicjatywy: jeszcze wi\u0119cej polityki klimatycznej, 90% docelowego neutralno\u015bci do 2040 r. &#8211; co oznacza jeszcze mniej miejsc pracy i wi\u0119cej lot\u00f3w przemys\u0142owych; zaproponuje finalizacj\u0119 umowy Mercosur, kt\u00f3ra pokonuje polskie rolnictwo; zaproponuje mniejszy bud\u017cet na wsp\u00f3ln\u0105 polityk\u0119 roln\u0105 i wi\u0119ksz\u0105 dla bran\u017cy broni, kt\u00f3ra przyniesie korzy\u015b\u0107 w Niemczech i france; Morawiecki ostrzeg\u0142.<\/p>\n<p>Doda\u0142, \u017ce ECR i inni sygnatariusze wniosku \u201epokazali wszystkim pos\u0142om pos\u0142\u00f3w, jak niebezpieczna jest ta polityka i proponuj\u0105 nowe alternatywy przyw\u00f3dcze\u201d. Zauwa\u017cy\u0142, \u017ce \u201eczasami warto oznacza\u0107 nasze spory z pewnymi osi\u0105gni\u0119ciami\u201d.<\/p>\n<h2 class=\"wp-block-heading\">PIS, aby stworzy\u0107 nowe ministerstwo<\/h2>\n<p>Morawiecki po\u0142o\u017cy\u0142 szczeg\u00f3lny nacisk na kwesti\u0119 nielegalnej migracji, wskazuj\u0105c na rosn\u0105ce incydenty wzd\u0142u\u017c zachodniej granicy Polski, gdzie podobno Niemcy przenosi afryka\u0144skie migrant\u00f3w na terytorium polskie.<\/p>\n<p>\u201eMamy do czynienia z czym\u015b bezprecedensowym &#8211; polska zachodnia granica jest tak samo pe\u0142na dziur, jak ser szwajcarski. Ludzie s\u0105 zmuszeni do zorganizowania si\u0119, poniewa\u017c Donald Tusk boi si\u0119 wys\u0142a\u0107 si\u0142y na t\u0119 granic\u0119. Tak jak ja, jako premier, zbudowa\u0142em \u015bcian\u0119 na wschodniej granicy, je\u015bli powr\u00f3cimy do w\u0142adzy, pa\u0144stwo &#8211; uprzednie w Abdication &#8211; Will Are zn\u00f3w. B\u0119d\u0119 zapewni\u0107 zachodni\u0105 granic\u0119, je\u015bli b\u0119d\u0119 mia\u0142 szans\u0119\u201d, uda mi si\u0119 powo\u0142a\u0107.<\/p>\n<p>Powt\u00f3rzy\u0142, \u017ce je\u015bli PIS powr\u00f3ci do w\u0142adzy, \u201epowstanie specjalna ministerstwo nielegalnej imigracji\u201d.<\/p>\n<p>\u201eWszyscy ci\u201e in\u017cynierowie \u201dzostan\u0105 odes\u0142ani w ci\u0105gu 72 godzin, co najwy\u017cej w ci\u0105gu tygodnia lub dw\u00f3ch. Nie pozwolimy Niemcy na traktowanie nas tak, jak to ma. Ministerstwo b\u0119dzie mia\u0142o specjalne uprawnienia. B\u0119dzie wrz\u0119dzie w Brukseli i Berlinie, ale Polska nie zap\u0142aci ceny za biurokratyczn\u0105 g\u0142upot\u0119. To wszystko nielegalne migranci. Granica powinna by\u0107 monitorowana przez helikopter\u00f3w, dron\u00f3w, telemetrii.<\/p>\n<\/div>\n<\/div>\n","protected":false},"excerpt":{"rendered":"<p>\u201eJe\u015bli prawo i sprawiedliwo\u015b\u0107 (PIS) wygra wybory i powr\u00f3c\u0105 do w\u0142adzy, zostanie utworzona specjalna ministerstwo nielegalnej imigracji. Wszyscy ci\u201e in\u017cynierowie<\/p>\n","protected":false},"author":1,"featured_media":3854,"comment_status":"closed","ping_status":"","sticky":false,"template":"","format":"standard","meta":{"footnotes":""},"categories":[4748],"tags":[1878,1007,8266,8265,3761,357,419,544,8264,8263],"class_list":["post-6510","post","type-post","status-publish","format-standard","has-post-thumbnail","hentry","category-aktualne","tag-ciagu","tag-deportacje","tag-godzin","tag-imigracji","tag-mateusz","tag-ministerstwa","tag-morawiecki","tag-oglasza","tag-specjalnej","tag-utworzenie","generate-columns","tablet-grid-50","mobile-grid-100","grid-parent","grid-50","resize-featured-image"],"yoast_head":"<!-- This site is optimized with the Yoast SEO plugin v23.2 - https:\/\/yoast.com\/wordpress\/plugins\/seo\/ -->\n<title>Mateusz Morawiecki og\u0142asza utworzenie specjalnej ministerstwa imigracji: \u201eDeportacje w ci\u0105gu 72 godzin\u201d - POGOTOWIE FLAGOWE\u00ae<\/title>\n<meta name=\"robots\" content=\"index, follow, max-snippet:-1, max-image-preview:large, max-video-preview:-1\" \/>\n<link rel=\"canonical\" href=\"https:\/\/www.pogotowieflagowe.pl\/aktualne\/mateusz-morawiecki-oglasza-utworzenie-specjalnej-ministerstwa-imigracji-deportacje-w-ciagu-72-godzin\/\" \/>\n<meta property=\"og:locale\" content=\"pl_PL\" \/>\n<meta property=\"og:type\" content=\"article\" \/>\n<meta property=\"og:title\" content=\"Mateusz Morawiecki og\u0142asza utworzenie specjalnej ministerstwa imigracji: \u201eDeportacje w ci\u0105gu 72 godzin\u201d - POGOTOWIE FLAGOWE\u00ae\" \/>\n<meta property=\"og:description\" content=\"\u201eJe\u015bli prawo i sprawiedliwo\u015b\u0107 (PIS) wygra wybory i powr\u00f3c\u0105 do w\u0142adzy, zostanie utworzona specjalna ministerstwo nielegalnej imigracji. Wszyscy ci\u201e in\u017cynierowie\" \/>\n<meta property=\"og:url\" content=\"https:\/\/www.pogotowieflagowe.pl\/aktualne\/mateusz-morawiecki-oglasza-utworzenie-specjalnej-ministerstwa-imigracji-deportacje-w-ciagu-72-godzin\/\" \/>\n<meta property=\"og:site_name\" content=\"POGOTOWIE FLAGOWE\u00ae\" \/>\n<meta property=\"article:published_time\" content=\"2025-06-30T02:52:43+00:00\" \/>\n<meta property=\"article:modified_time\" content=\"2025-06-30T02:52:44+00:00\" \/>\n<meta property=\"og:image\" content=\"https:\/\/www.pogotowieflagowe.pl\/aktualne\/wp-content\/uploads\/2025\/02\/Fundacja-wspierajaca-nielegalnych-migrantow-zarabia-miliony-wsparcie-finansowe-obejmuje-ratusz.jpg\" \/>\n\t<meta property=\"og:image:width\" content=\"1440\" \/>\n\t<meta property=\"og:image:height\" content=\"817\" \/>\n\t<meta property=\"og:image:type\" content=\"image\/jpeg\" \/>\n<meta name=\"author\" content=\"Filip\" \/>\n<meta name=\"twitter:card\" content=\"summary_large_image\" \/>\n<meta name=\"twitter:label1\" content=\"Napisane przez\" \/>\n\t<meta name=\"twitter:data1\" content=\"Filip\" \/>\n\t<meta name=\"twitter:label2\" content=\"Szacowany czas czytania\" \/>\n\t<meta name=\"twitter:data2\" content=\"3 minuty\" \/>\n<script type=\"application\/ld+json\" class=\"yoast-schema-graph\">{\"@context\":\"https:\/\/schema.org\",\"@graph\":[{\"@type\":\"Article\",\"@id\":\"https:\/\/www.pogotowieflagowe.pl\/aktualne\/mateusz-morawiecki-oglasza-utworzenie-specjalnej-ministerstwa-imigracji-deportacje-w-ciagu-72-godzin\/#article\",\"isPartOf\":{\"@id\":\"https:\/\/www.pogotowieflagowe.pl\/aktualne\/mateusz-morawiecki-oglasza-utworzenie-specjalnej-ministerstwa-imigracji-deportacje-w-ciagu-72-godzin\/\"},\"author\":{\"name\":\"Filip\",\"@id\":\"https:\/\/www.pogotowieflagowe.pl\/aktualne\/#\/schema\/person\/9c2fb7d2362ebf6fa088960d7f0d27b0\"},\"headline\":\"Mateusz Morawiecki og\u0142asza utworzenie specjalnej ministerstwa imigracji: \u201eDeportacje w ci\u0105gu 72 godzin\u201d\",\"datePublished\":\"2025-06-30T02:52:43+00:00\",\"dateModified\":\"2025-06-30T02:52:44+00:00\",\"mainEntityOfPage\":{\"@id\":\"https:\/\/www.pogotowieflagowe.pl\/aktualne\/mateusz-morawiecki-oglasza-utworzenie-specjalnej-ministerstwa-imigracji-deportacje-w-ciagu-72-godzin\/\"},\"wordCount\":522,\"publisher\":{\"@id\":\"https:\/\/www.pogotowieflagowe.pl\/aktualne\/#organization\"},\"image\":{\"@id\":\"https:\/\/www.pogotowieflagowe.pl\/aktualne\/mateusz-morawiecki-oglasza-utworzenie-specjalnej-ministerstwa-imigracji-deportacje-w-ciagu-72-godzin\/#primaryimage\"},\"thumbnailUrl\":\"https:\/\/www.pogotowieflagowe.pl\/aktualne\/wp-content\/uploads\/2025\/02\/Fundacja-wspierajaca-nielegalnych-migrantow-zarabia-miliony-wsparcie-finansowe-obejmuje-ratusz.jpg\",\"keywords\":[\"ci\u0105gu\",\"deportacj\u0119\",\"godzin\",\"imigracji\",\"Mateusz\",\"Ministerstwa\",\"Morawiecki\",\"og\u0142asza\",\"specjalnej\",\"utworzenie\"],\"articleSection\":[\"Aktualne\"],\"inLanguage\":\"pl-PL\"},{\"@type\":\"WebPage\",\"@id\":\"https:\/\/www.pogotowieflagowe.pl\/aktualne\/mateusz-morawiecki-oglasza-utworzenie-specjalnej-ministerstwa-imigracji-deportacje-w-ciagu-72-godzin\/\",\"url\":\"https:\/\/www.pogotowieflagowe.pl\/aktualne\/mateusz-morawiecki-oglasza-utworzenie-specjalnej-ministerstwa-imigracji-deportacje-w-ciagu-72-godzin\/\",\"name\":\"Mateusz Morawiecki og\u0142asza utworzenie specjalnej ministerstwa imigracji: \u201eDeportacje w ci\u0105gu 72 godzin\u201d - POGOTOWIE FLAGOWE\u00ae\",\"isPartOf\":{\"@id\":\"https:\/\/www.pogotowieflagowe.pl\/aktualne\/#website\"},\"primaryImageOfPage\":{\"@id\":\"https:\/\/www.pogotowieflagowe.pl\/aktualne\/mateusz-morawiecki-oglasza-utworzenie-specjalnej-ministerstwa-imigracji-deportacje-w-ciagu-72-godzin\/#primaryimage\"},\"image\":{\"@id\":\"https:\/\/www.pogotowieflagowe.pl\/aktualne\/mateusz-morawiecki-oglasza-utworzenie-specjalnej-ministerstwa-imigracji-deportacje-w-ciagu-72-godzin\/#primaryimage\"},\"thumbnailUrl\":\"https:\/\/www.pogotowieflagowe.pl\/aktualne\/wp-content\/uploads\/2025\/02\/Fundacja-wspierajaca-nielegalnych-migrantow-zarabia-miliony-wsparcie-finansowe-obejmuje-ratusz.jpg\",\"datePublished\":\"2025-06-30T02:52:43+00:00\",\"dateModified\":\"2025-06-30T02:52:44+00:00\",\"breadcrumb\":{\"@id\":\"https:\/\/www.pogotowieflagowe.pl\/aktualne\/mateusz-morawiecki-oglasza-utworzenie-specjalnej-ministerstwa-imigracji-deportacje-w-ciagu-72-godzin\/#breadcrumb\"},\"inLanguage\":\"pl-PL\",\"potentialAction\":[{\"@type\":\"ReadAction\",\"target\":[\"https:\/\/www.pogotowieflagowe.pl\/aktualne\/mateusz-morawiecki-oglasza-utworzenie-specjalnej-ministerstwa-imigracji-deportacje-w-ciagu-72-godzin\/\"]}]},{\"@type\":\"ImageObject\",\"inLanguage\":\"pl-PL\",\"@id\":\"https:\/\/www.pogotowieflagowe.pl\/aktualne\/mateusz-morawiecki-oglasza-utworzenie-specjalnej-ministerstwa-imigracji-deportacje-w-ciagu-72-godzin\/#primaryimage\",\"url\":\"https:\/\/www.pogotowieflagowe.pl\/aktualne\/wp-content\/uploads\/2025\/02\/Fundacja-wspierajaca-nielegalnych-migrantow-zarabia-miliony-wsparcie-finansowe-obejmuje-ratusz.jpg\",\"contentUrl\":\"https:\/\/www.pogotowieflagowe.pl\/aktualne\/wp-content\/uploads\/2025\/02\/Fundacja-wspierajaca-nielegalnych-migrantow-zarabia-miliony-wsparcie-finansowe-obejmuje-ratusz.jpg\",\"width\":1440,\"height\":817,\"caption\":\"Fundacja wspieraj\u0105ca nielegalnych migrant\u00f3w zarabia miliony: wsparcie finansowe obejmuje ratusz Warszawa pod Trzaskowski\"},{\"@type\":\"BreadcrumbList\",\"@id\":\"https:\/\/www.pogotowieflagowe.pl\/aktualne\/mateusz-morawiecki-oglasza-utworzenie-specjalnej-ministerstwa-imigracji-deportacje-w-ciagu-72-godzin\/#breadcrumb\",\"itemListElement\":[{\"@type\":\"ListItem\",\"position\":1,\"name\":\"Home\",\"item\":\"https:\/\/www.pogotowieflagowe.pl\/aktualne\/\"},{\"@type\":\"ListItem\",\"position\":2,\"name\":\"Mateusz Morawiecki og\u0142asza utworzenie specjalnej ministerstwa imigracji: \u201eDeportacje w ci\u0105gu 72 godzin\u201d\"}]},{\"@type\":\"WebSite\",\"@id\":\"https:\/\/www.pogotowieflagowe.pl\/aktualne\/#website\",\"url\":\"https:\/\/www.pogotowieflagowe.pl\/aktualne\/\",\"name\":\"POGOTOWIE FLAGOWE\u00ae\",\"description\":\"\",\"publisher\":{\"@id\":\"https:\/\/www.pogotowieflagowe.pl\/aktualne\/#organization\"},\"potentialAction\":[{\"@type\":\"SearchAction\",\"target\":{\"@type\":\"EntryPoint\",\"urlTemplate\":\"https:\/\/www.pogotowieflagowe.pl\/aktualne\/?s={search_term_string}\"},\"query-input\":\"required name=search_term_string\"}],\"inLanguage\":\"pl-PL\"},{\"@type\":\"Organization\",\"@id\":\"https:\/\/www.pogotowieflagowe.pl\/aktualne\/#organization\",\"name\":\"POGOTOWIE FLAGOWE\u00ae\",\"url\":\"https:\/\/www.pogotowieflagowe.pl\/aktualne\/\",\"logo\":{\"@type\":\"ImageObject\",\"inLanguage\":\"pl-PL\",\"@id\":\"https:\/\/www.pogotowieflagowe.pl\/aktualne\/#\/schema\/logo\/image\/\",\"url\":\"https:\/\/www.pogotowieflagowe.pl\/aktualne\/wp-content\/uploads\/2024\/08\/cropped-pogotowieflagowe_flaga_projekt_sm.jpg\",\"contentUrl\":\"https:\/\/www.pogotowieflagowe.pl\/aktualne\/wp-content\/uploads\/2024\/08\/cropped-pogotowieflagowe_flaga_projekt_sm.jpg\",\"width\":250,\"height\":143,\"caption\":\"POGOTOWIE FLAGOWE\u00ae\"},\"image\":{\"@id\":\"https:\/\/www.pogotowieflagowe.pl\/aktualne\/#\/schema\/logo\/image\/\"}},{\"@type\":\"Person\",\"@id\":\"https:\/\/www.pogotowieflagowe.pl\/aktualne\/#\/schema\/person\/9c2fb7d2362ebf6fa088960d7f0d27b0\",\"name\":\"Filip\",\"image\":{\"@type\":\"ImageObject\",\"inLanguage\":\"pl-PL\",\"@id\":\"https:\/\/www.pogotowieflagowe.pl\/aktualne\/#\/schema\/person\/image\/\",\"url\":\"https:\/\/www.pogotowieflagowe.pl\/aktualne\/wp-content\/uploads\/2024\/08\/pogotowieflagowe.pl_.jpg\",\"contentUrl\":\"https:\/\/www.pogotowieflagowe.pl\/aktualne\/wp-content\/uploads\/2024\/08\/pogotowieflagowe.pl_.jpg\",\"caption\":\"Filip\"},\"description\":\"Jestem Filip, polski dziennikarz z dyplomem nauk politycznych Uniwersytetu Warszawskiego. Rozpoczynaj\u0105c swoj\u0105 karier\u0119 w r\u00f3\u017cnych lokalnych mediach, zdoby\u0142em solidne do\u015bwiadczenie w zakresie \u015bledztwa i redakcji. Obecnie jako redaktor w Pogotowie flagowe, staram si\u0119 dostarcza\u0107 dog\u0142\u0119bne i istotne analizy na temat najwa\u017cniejszych kwestii aktualno\u015bci, \u0142\u0105cz\u0105c rygor z pasj\u0105 dziennikarsk\u0105.\",\"sameAs\":[\"https:\/\/www.pogotowieflagowe.pl\/\"]}]}<\/script>\n<!-- \/ Yoast SEO plugin. -->","yoast_head_json":{"title":"Mateusz Morawiecki og\u0142asza utworzenie specjalnej ministerstwa imigracji: \u201eDeportacje w ci\u0105gu 72 godzin\u201d - POGOTOWIE FLAGOWE\u00ae","robots":{"index":"index","follow":"follow","max-snippet":"max-snippet:-1","max-image-preview":"max-image-preview:large","max-video-preview":"max-video-preview:-1"},"canonical":"https:\/\/www.pogotowieflagowe.pl\/aktualne\/mateusz-morawiecki-oglasza-utworzenie-specjalnej-ministerstwa-imigracji-deportacje-w-ciagu-72-godzin\/","og_locale":"pl_PL","og_type":"article","og_title":"Mateusz Morawiecki og\u0142asza utworzenie specjalnej ministerstwa imigracji: \u201eDeportacje w ci\u0105gu 72 godzin\u201d - POGOTOWIE FLAGOWE\u00ae","og_description":"\u201eJe\u015bli prawo i sprawiedliwo\u015b\u0107 (PIS) wygra wybory i powr\u00f3c\u0105 do w\u0142adzy, zostanie utworzona specjalna ministerstwo nielegalnej imigracji. Wszyscy ci\u201e in\u017cynierowie","og_url":"https:\/\/www.pogotowieflagowe.pl\/aktualne\/mateusz-morawiecki-oglasza-utworzenie-specjalnej-ministerstwa-imigracji-deportacje-w-ciagu-72-godzin\/","og_site_name":"POGOTOWIE FLAGOWE\u00ae","article_published_time":"2025-06-30T02:52:43+00:00","article_modified_time":"2025-06-30T02:52:44+00:00","og_image":[{"width":1440,"height":817,"url":"https:\/\/www.pogotowieflagowe.pl\/aktualne\/wp-content\/uploads\/2025\/02\/Fundacja-wspierajaca-nielegalnych-migrantow-zarabia-miliony-wsparcie-finansowe-obejmuje-ratusz.jpg","type":"image\/jpeg"}],"author":"Filip","twitter_card":"summary_large_image","twitter_misc":{"Napisane przez":"Filip","Szacowany czas czytania":"3 minuty"},"schema":{"@context":"https:\/\/schema.org","@graph":[{"@type":"Article","@id":"https:\/\/www.pogotowieflagowe.pl\/aktualne\/mateusz-morawiecki-oglasza-utworzenie-specjalnej-ministerstwa-imigracji-deportacje-w-ciagu-72-godzin\/#article","isPartOf":{"@id":"https:\/\/www.pogotowieflagowe.pl\/aktualne\/mateusz-morawiecki-oglasza-utworzenie-specjalnej-ministerstwa-imigracji-deportacje-w-ciagu-72-godzin\/"},"author":{"name":"Filip","@id":"https:\/\/www.pogotowieflagowe.pl\/aktualne\/#\/schema\/person\/9c2fb7d2362ebf6fa088960d7f0d27b0"},"headline":"Mateusz Morawiecki og\u0142asza utworzenie specjalnej ministerstwa imigracji: \u201eDeportacje w ci\u0105gu 72 godzin\u201d","datePublished":"2025-06-30T02:52:43+00:00","dateModified":"2025-06-30T02:52:44+00:00","mainEntityOfPage":{"@id":"https:\/\/www.pogotowieflagowe.pl\/aktualne\/mateusz-morawiecki-oglasza-utworzenie-specjalnej-ministerstwa-imigracji-deportacje-w-ciagu-72-godzin\/"},"wordCount":522,"publisher":{"@id":"https:\/\/www.pogotowieflagowe.pl\/aktualne\/#organization"},"image":{"@id":"https:\/\/www.pogotowieflagowe.pl\/aktualne\/mateusz-morawiecki-oglasza-utworzenie-specjalnej-ministerstwa-imigracji-deportacje-w-ciagu-72-godzin\/#primaryimage"},"thumbnailUrl":"https:\/\/www.pogotowieflagowe.pl\/aktualne\/wp-content\/uploads\/2025\/02\/Fundacja-wspierajaca-nielegalnych-migrantow-zarabia-miliony-wsparcie-finansowe-obejmuje-ratusz.jpg","keywords":["ci\u0105gu","deportacj\u0119","godzin","imigracji","Mateusz","Ministerstwa","Morawiecki","og\u0142asza","specjalnej","utworzenie"],"articleSection":["Aktualne"],"inLanguage":"pl-PL"},{"@type":"WebPage","@id":"https:\/\/www.pogotowieflagowe.pl\/aktualne\/mateusz-morawiecki-oglasza-utworzenie-specjalnej-ministerstwa-imigracji-deportacje-w-ciagu-72-godzin\/","url":"https:\/\/www.pogotowieflagowe.pl\/aktualne\/mateusz-morawiecki-oglasza-utworzenie-specjalnej-ministerstwa-imigracji-deportacje-w-ciagu-72-godzin\/","name":"Mateusz Morawiecki og\u0142asza utworzenie specjalnej ministerstwa imigracji: \u201eDeportacje w ci\u0105gu 72 godzin\u201d - POGOTOWIE FLAGOWE\u00ae","isPartOf":{"@id":"https:\/\/www.pogotowieflagowe.pl\/aktualne\/#website"},"primaryImageOfPage":{"@id":"https:\/\/www.pogotowieflagowe.pl\/aktualne\/mateusz-morawiecki-oglasza-utworzenie-specjalnej-ministerstwa-imigracji-deportacje-w-ciagu-72-godzin\/#primaryimage"},"image":{"@id":"https:\/\/www.pogotowieflagowe.pl\/aktualne\/mateusz-morawiecki-oglasza-utworzenie-specjalnej-ministerstwa-imigracji-deportacje-w-ciagu-72-godzin\/#primaryimage"},"thumbnailUrl":"https:\/\/www.pogotowieflagowe.pl\/aktualne\/wp-content\/uploads\/2025\/02\/Fundacja-wspierajaca-nielegalnych-migrantow-zarabia-miliony-wsparcie-finansowe-obejmuje-ratusz.jpg","datePublished":"2025-06-30T02:52:43+00:00","dateModified":"2025-06-30T02:52:44+00:00","breadcrumb":{"@id":"https:\/\/www.pogotowieflagowe.pl\/aktualne\/mateusz-morawiecki-oglasza-utworzenie-specjalnej-ministerstwa-imigracji-deportacje-w-ciagu-72-godzin\/#breadcrumb"},"inLanguage":"pl-PL","potentialAction":[{"@type":"ReadAction","target":["https:\/\/www.pogotowieflagowe.pl\/aktualne\/mateusz-morawiecki-oglasza-utworzenie-specjalnej-ministerstwa-imigracji-deportacje-w-ciagu-72-godzin\/"]}]},{"@type":"ImageObject","inLanguage":"pl-PL","@id":"https:\/\/www.pogotowieflagowe.pl\/aktualne\/mateusz-morawiecki-oglasza-utworzenie-specjalnej-ministerstwa-imigracji-deportacje-w-ciagu-72-godzin\/#primaryimage","url":"https:\/\/www.pogotowieflagowe.pl\/aktualne\/wp-content\/uploads\/2025\/02\/Fundacja-wspierajaca-nielegalnych-migrantow-zarabia-miliony-wsparcie-finansowe-obejmuje-ratusz.jpg","contentUrl":"https:\/\/www.pogotowieflagowe.pl\/aktualne\/wp-content\/uploads\/2025\/02\/Fundacja-wspierajaca-nielegalnych-migrantow-zarabia-miliony-wsparcie-finansowe-obejmuje-ratusz.jpg","width":1440,"height":817,"caption":"Fundacja wspieraj\u0105ca nielegalnych migrant\u00f3w zarabia miliony: wsparcie finansowe obejmuje ratusz Warszawa pod Trzaskowski"},{"@type":"BreadcrumbList","@id":"https:\/\/www.pogotowieflagowe.pl\/aktualne\/mateusz-morawiecki-oglasza-utworzenie-specjalnej-ministerstwa-imigracji-deportacje-w-ciagu-72-godzin\/#breadcrumb","itemListElement":[{"@type":"ListItem","position":1,"name":"Home","item":"https:\/\/www.pogotowieflagowe.pl\/aktualne\/"},{"@type":"ListItem","position":2,"name":"Mateusz Morawiecki og\u0142asza utworzenie specjalnej ministerstwa imigracji: \u201eDeportacje w ci\u0105gu 72 godzin\u201d"}]},{"@type":"WebSite","@id":"https:\/\/www.pogotowieflagowe.pl\/aktualne\/#website","url":"https:\/\/www.pogotowieflagowe.pl\/aktualne\/","name":"POGOTOWIE FLAGOWE\u00ae","description":"","publisher":{"@id":"https:\/\/www.pogotowieflagowe.pl\/aktualne\/#organization"},"potentialAction":[{"@type":"SearchAction","target":{"@type":"EntryPoint","urlTemplate":"https:\/\/www.pogotowieflagowe.pl\/aktualne\/?s={search_term_string}"},"query-input":"required name=search_term_string"}],"inLanguage":"pl-PL"},{"@type":"Organization","@id":"https:\/\/www.pogotowieflagowe.pl\/aktualne\/#organization","name":"POGOTOWIE FLAGOWE\u00ae","url":"https:\/\/www.pogotowieflagowe.pl\/aktualne\/","logo":{"@type":"ImageObject","inLanguage":"pl-PL","@id":"https:\/\/www.pogotowieflagowe.pl\/aktualne\/#\/schema\/logo\/image\/","url":"https:\/\/www.pogotowieflagowe.pl\/aktualne\/wp-content\/uploads\/2024\/08\/cropped-pogotowieflagowe_flaga_projekt_sm.jpg","contentUrl":"https:\/\/www.pogotowieflagowe.pl\/aktualne\/wp-content\/uploads\/2024\/08\/cropped-pogotowieflagowe_flaga_projekt_sm.jpg","width":250,"height":143,"caption":"POGOTOWIE FLAGOWE\u00ae"},"image":{"@id":"https:\/\/www.pogotowieflagowe.pl\/aktualne\/#\/schema\/logo\/image\/"}},{"@type":"Person","@id":"https:\/\/www.pogotowieflagowe.pl\/aktualne\/#\/schema\/person\/9c2fb7d2362ebf6fa088960d7f0d27b0","name":"Filip","image":{"@type":"ImageObject","inLanguage":"pl-PL","@id":"https:\/\/www.pogotowieflagowe.pl\/aktualne\/#\/schema\/person\/image\/","url":"https:\/\/www.pogotowieflagowe.pl\/aktualne\/wp-content\/uploads\/2024\/08\/pogotowieflagowe.pl_.jpg","contentUrl":"https:\/\/www.pogotowieflagowe.pl\/aktualne\/wp-content\/uploads\/2024\/08\/pogotowieflagowe.pl_.jpg","caption":"Filip"},"description":"Jestem Filip, polski dziennikarz z dyplomem nauk politycznych Uniwersytetu Warszawskiego. Rozpoczynaj\u0105c swoj\u0105 karier\u0119 w r\u00f3\u017cnych lokalnych mediach, zdoby\u0142em solidne do\u015bwiadczenie w zakresie \u015bledztwa i redakcji. Obecnie jako redaktor w Pogotowie flagowe, staram si\u0119 dostarcza\u0107 dog\u0142\u0119bne i istotne analizy na temat najwa\u017cniejszych kwestii aktualno\u015bci, \u0142\u0105cz\u0105c rygor z pasj\u0105 dziennikarsk\u0105.","sameAs":["https:\/\/www.pogotowieflagowe.pl\/"]}]}},"_links":{"self":[{"href":"https:\/\/www.pogotowieflagowe.pl\/aktualne\/wp-json\/wp\/v2\/posts\/6510","targetHints":{"allow":["GET"]}}],"collection":[{"href":"https:\/\/www.pogotowieflagowe.pl\/aktualne\/wp-json\/wp\/v2\/posts"}],"about":[{"href":"https:\/\/www.pogotowieflagowe.pl\/aktualne\/wp-json\/wp\/v2\/types\/post"}],"author":[{"embeddable":true,"href":"https:\/\/www.pogotowieflagowe.pl\/aktualne\/wp-json\/wp\/v2\/users\/1"}],"replies":[{"embeddable":true,"href":"https:\/\/www.pogotowieflagowe.pl\/aktualne\/wp-json\/wp\/v2\/comments?post=6510"}],"version-history":[{"count":1,"href":"https:\/\/www.pogotowieflagowe.pl\/aktualne\/wp-json\/wp\/v2\/posts\/6510\/revisions"}],"predecessor-version":[{"id":6511,"href":"https:\/\/www.pogotowieflagowe.pl\/aktualne\/wp-json\/wp\/v2\/posts\/6510\/revisions\/6511"}],"wp:featuredmedia":[{"embeddable":true,"href":"https:\/\/www.pogotowieflagowe.pl\/aktualne\/wp-json\/wp\/v2\/media\/3854"}],"wp:attachment":[{"href":"https:\/\/www.pogotowieflagowe.pl\/aktualne\/wp-json\/wp\/v2\/media?parent=6510"}],"wp:term":[{"taxonomy":"category","embeddable":true,"href":"https:\/\/www.pogotowieflagowe.pl\/aktualne\/wp-json\/wp\/v2\/categories?post=6510"},{"taxonomy":"post_tag","embeddable":true,"href":"https:\/\/www.pogotowieflagowe.pl\/aktualne\/wp-json\/wp\/v2\/tags?post=6510"}],"curies":[{"name":"wp","href":"https:\/\/api.w.org\/{rel}","templated":true}]}}