{"id":657,"date":"2024-09-11T22:07:49","date_gmt":"2024-09-11T20:07:49","guid":{"rendered":"https:\/\/www.pogotowieflagowe.pl\/aktualne\/decyzja-niemiec-w-sprawie-kontroli-granicznej-budzi-obawy-sasiedniej-polski\/"},"modified":"2024-09-11T22:07:50","modified_gmt":"2024-09-11T20:07:50","slug":"decyzja-niemiec-w-sprawie-kontroli-granicznej-budzi-obawy-sasiedniej-polski","status":"publish","type":"post","link":"https:\/\/www.pogotowieflagowe.pl\/aktualne\/decyzja-niemiec-w-sprawie-kontroli-granicznej-budzi-obawy-sasiedniej-polski\/","title":{"rendered":"Decyzja Niemiec w sprawie kontroli granicznej budzi obawy s\u0105siedniej Polski"},"content":{"rendered":"\n<div class=\"td_block_wrap tdb_single_content tdi_48 td-pb-border-top td_block_template_8 td-post-content tagdiv-type\" data-td-block-uid=\"tdi_48\">\n<style>.tdi_48{margines g\u00f3rny:0px!wa\u017cne;margines dolny:0px!wa\u017cne;wype\u0142nienie g\u00f3rne:0px!wa\u017cne;wype\u0142nienie dolne:0px!wa\u017cne}<\/style>\n<style>.tdb_single_content{margines-dolny:0;*powi\u0119kszenie:1}.tdb_single_content:before,.tdb_single_content:after{wy\u015bwietlanie:tabela;zawarto\u015b\u0107:'';wysoko\u015b\u0107-linii:0}.tdb_single_content:after{wyczy\u015b\u0107:oba}.tdb_single_content .tdb-block-inner>*:not(.wp-block-quote):not(.alignwide):not(.alignfull.wp-block-cover.has-parallax):not(.td-a-ad){margines-lewy:auto;margines-prawy:auto}.tdb_single_content a{zdarzenia-wska\u017anika:auto}.tdb_single_content .td-spot-id-top_ad .tdc-placeholder-title:before{zawarto\u015b\u0107:'Pocz\u0105tek artyku\u0142u Reklama'!important}.tdb_single_content .td-spot-id-inline_ad0 .tdc-placeholder-title:before{content:'Reklama inline artyku\u0142u 1'!important}.tdb_single_content .td-spot-id-inline_ad1 .tdc-placeholder-title:before{content:'Reklama inline artyku\u0142u 2'!important}.tdb_single_content .td-spot-id-inline_ad2 .tdc-placeholder-title:before{content:'Reklama inline artyku\u0142u 3'!important}.tdb_single_content .td-spot-id-bottom_ad .tdc-placeholder-title:before{content:'Reklama dolna artyku\u0142u'!important}.tdb_single_content .id_top_ad,.tdb_single_content .id_bottom_ad{clear:both;margines-dolny:21px;wyr\u00f3wnanie-tekstu:\u015brodek}.tdb_single_content .id_top_ad img,.tdb_single_content .id_bottom_ad img{margines-dolny:0}.tdb_single_content .id_top_ad .adsbygoogle,.tdb_single_content .id_bottom_ad .adsbygoogle{pozycja:wzgl\u0119dna}.tdb_single_content .id_ad_content-poziom-lewy,.tdb_single_content .id_ad_content-poziom-prawy,.tdb_single_content .id_ad_content-horiz-center{margines dolny:15px}.tdb_single_content .id_ad_content-horiz-lewy img,.tdb_single_content .id_ad_content-horiz-prawy img,.tdb_single_content .id_ad_content-horiz-center img{margines dolny:0}.tdb_single_content .id_ad_content-horiz-center{wyr\u00f3wnanie tekstu:\u015brodek}.tdb_single_content .id_ad_content-horiz-center img{margines prawy:auto;margines lewy:auto}.tdb_single_content .id_ad_content-horiz-left{float:lewy;margines g\u00f3rny:9px;margines prawy:21px}.tdb_single_content .id_ad_content-horiz-right{float:right;margines-g\u00f3rny:6px;margines-lewy:21px}.tdb_single_content .tdc-a-ad .tdc-placeholder-title{szeroko\u015b\u0107:300px;wysoko\u015b\u0107:250px}.tdb_single_content .tdc-a-ad .tdc-placeholder-title:before{pozycja:absolutna;g\u00f3ra:50%;-webkit-transform:translateY(-50%);przekszta\u0142cenie:translateY(-50%);margines:auto;wy\u015bwietlanie:tabela;szeroko\u015b\u0107:100%}.tdb_single_content .tdb-block-inner.td-fix-index{word-break:break-word}.tdi_48,.tdi_48>p,.tdi_48 .tdb-block-inner>p{rozmiar-czcionki:16px!wa\u017cne;wysoko\u015b\u0107-linii:1.6!wa\u017cne}.tdi_48 .tdb-block-inner cytat p{styl-czcionki:normalny!wa\u017cne}@media (maks. szeroko\u015b\u0107:767px){.tdb_single_content .id_ad_content-poziom-lewo,.tdb_single_content .id_ad_content-poziom-prawo,.tdb_single_content .id_ad_content-poziom-\u015brodek{margines:0 auto 26px auto}}@media (maks. szeroko\u015b\u0107:767px){.tdb_single_content .id_ad_content-poziom-lewo{margines-prawy:0}}@media (maks. szeroko\u015b\u0107:767px){.tdb_single_content .id_ad_content-horiz-right{margines-lewy:0}}@media (maks. szeroko\u015b\u0107:767px){.tdb_single_content .td-a-ad{float:none;wyr\u00f3wnanie tekstu:center}.tdb_single_content .td-a-ad img{margines-prawy:auto;margines-lewy:auto}.tdb_single_content .tdc-a-ad{float:none}}<\/style>\n<div class=\"tdb-block-inner td-fix-index\">\n<p>Niedawna decyzja Niemiec o przywr\u00f3ceniu tymczasowych kontroli granicznych na wszystkich granicach l\u0105dowych od 16 wrze\u015bnia wzbudzi\u0142a obawy w\u015br\u00f3d kraj\u00f3w s\u0105siednich, szczeg\u00f3lnie Polski. Ruch ten, og\u0142oszony przez minister spraw wewn\u0119trznych Nancy Faeser, jest postrzegany jako cz\u0119\u015b\u0107 wysi\u0142k\u00f3w na rzecz zarz\u0105dzania nielegaln\u0105 migracj\u0105 po przyj\u0119ciu Paktu Migracyjnego Unii Europejskiej. Jednak decyzja ta wywo\u0142a\u0142a silne reakcje w ca\u0142ej Europie, a Polska wyrazi\u0142a zaniepokojenie potencjalnymi konsekwencjami.<\/p>\n<p>Podczas konferencji prasowej by\u0142y wiceminister spraw zagranicznych Polski Marcin Przydacz ostrzeg\u0142, \u017ce dzia\u0142ania Niemiec mog\u0105 doprowadzi\u0107 do nap\u0142ywu migrant\u00f3w do Polski. \u201eMigranci b\u0119d\u0105 przybywa\u0107 do Polski, czy to ze wschodu, czy z innych kierunk\u00f3w, i pozostan\u0105 tutaj. Mo\u017ce to doprowadzi\u0107 do wzrostu liczby migrant\u00f3w w Polsce, mimo \u017ce kraj ten nie jest odpowiedzialny za te przep\u0142ywy migrant\u00f3w\u201d \u2013 stwierdzi\u0142 Przydacz.<\/p>\n<p>Decyzja ta wywo\u0142a\u0142a r\u00f3wnie\u017c krytyk\u0119 ze strony Paw\u0142a Szefernakera, by\u0142ego wiceministra spraw wewn\u0119trznych, kt\u00f3ry zauwa\u017cy\u0142, \u017ce decyzja Niemiec o zaostrzeniu kontroli granicznych jest sprzeczna z zasadami strefy Schengen, kt\u00f3ra umo\u017cliwia swobodne przemieszczanie si\u0119 w du\u017cej cz\u0119\u015bci Europy. Twierdzi\u0142, \u017ce decyzja Niemiec pozostawi s\u0105siad\u00f3w, w tym Polsk\u0119, samym sobie z wyzwaniami zwi\u0105zanymi z migracj\u0105.<\/p>\n<p>Szefernaker wezwa\u0142 r\u00f3wnie\u017c polski rz\u0105d do wydania jasnego o\u015bwiadczenia dotycz\u0105cego statusu prawnego migrant\u00f3w, kt\u00f3rym nie wolno wje\u017cd\u017ca\u0107 do Niemiec. Podkre\u015bli\u0142, \u017ce sytuacja ta uwypukli\u0142a wady europejskiej polityki granicznej i podkre\u015bli\u0142a presj\u0119, z jak\u0105 Polska mo\u017ce si\u0119 zmierzy\u0107 w zarz\u0105dzaniu nap\u0142ywem migrant\u00f3w.<\/p>\n<\/div>\n<\/div>\n","protected":false},"excerpt":{"rendered":"<p>Niedawna decyzja Niemiec o przywr\u00f3ceniu tymczasowych kontroli granicznych na wszystkich granicach l\u0105dowych od 16 wrze\u015bnia wzbudzi\u0142a obawy w\u015br\u00f3d kraj\u00f3w s\u0105siednich,<\/p>\n","protected":false},"author":1,"featured_media":658,"comment_status":"closed","ping_status":"","sticky":false,"template":"","format":"standard","meta":{"footnotes":""},"categories":[44],"tags":[167,1126,585,1127,753,1128,72,1129,35],"class_list":["post-657","post","type-post","status-publish","format-standard","has-post-thumbnail","hentry","category-polityka","tag-budzi","tag-decyzja","tag-granicznej","tag-kontroli","tag-niemiec","tag-obawy","tag-polski","tag-sasiedniej","tag-sprawie","generate-columns","tablet-grid-50","mobile-grid-100","grid-parent","grid-50","resize-featured-image"],"yoast_head":"<!-- This site is optimized with the Yoast SEO plugin v23.2 - https:\/\/yoast.com\/wordpress\/plugins\/seo\/ -->\n<title>Decyzja Niemiec w sprawie kontroli granicznej budzi obawy s\u0105siedniej Polski - POGOTOWIE FLAGOWE\u00ae<\/title>\n<meta name=\"robots\" content=\"index, follow, max-snippet:-1, max-image-preview:large, max-video-preview:-1\" \/>\n<link rel=\"canonical\" href=\"https:\/\/www.pogotowieflagowe.pl\/aktualne\/decyzja-niemiec-w-sprawie-kontroli-granicznej-budzi-obawy-sasiedniej-polski\/\" \/>\n<meta property=\"og:locale\" content=\"pl_PL\" \/>\n<meta property=\"og:type\" content=\"article\" \/>\n<meta property=\"og:title\" content=\"Decyzja Niemiec w sprawie kontroli granicznej budzi obawy s\u0105siedniej Polski - POGOTOWIE FLAGOWE\u00ae\" \/>\n<meta property=\"og:description\" content=\"Niedawna decyzja Niemiec o przywr\u00f3ceniu tymczasowych kontroli granicznych na wszystkich granicach l\u0105dowych od 16 wrze\u015bnia wzbudzi\u0142a obawy w\u015br\u00f3d kraj\u00f3w s\u0105siednich,\" \/>\n<meta property=\"og:url\" content=\"https:\/\/www.pogotowieflagowe.pl\/aktualne\/decyzja-niemiec-w-sprawie-kontroli-granicznej-budzi-obawy-sasiedniej-polski\/\" \/>\n<meta property=\"og:site_name\" content=\"POGOTOWIE FLAGOWE\u00ae\" \/>\n<meta property=\"article:published_time\" content=\"2024-09-11T20:07:49+00:00\" \/>\n<meta property=\"article:modified_time\" content=\"2024-09-11T20:07:50+00:00\" \/>\n<meta property=\"og:image\" content=\"https:\/\/www.pogotowieflagowe.pl\/aktualne\/wp-content\/uploads\/2024\/09\/Decyzja-Niemiec-w-sprawie-kontroli-granicznej-budzi-obawy-sasiedniej-Polski.jpg\" \/>\n\t<meta property=\"og:image:width\" content=\"917\" \/>\n\t<meta property=\"og:image:height\" content=\"612\" \/>\n\t<meta property=\"og:image:type\" content=\"image\/jpeg\" \/>\n<meta name=\"author\" content=\"Filip\" \/>\n<meta name=\"twitter:card\" content=\"summary_large_image\" \/>\n<meta name=\"twitter:label1\" content=\"Napisane przez\" \/>\n\t<meta name=\"twitter:data1\" content=\"Filip\" \/>\n\t<meta name=\"twitter:label2\" content=\"Szacowany czas czytania\" \/>\n\t<meta name=\"twitter:data2\" content=\"1 minuta\" \/>\n<script type=\"application\/ld+json\" class=\"yoast-schema-graph\">{\"@context\":\"https:\/\/schema.org\",\"@graph\":[{\"@type\":\"Article\",\"@id\":\"https:\/\/www.pogotowieflagowe.pl\/aktualne\/decyzja-niemiec-w-sprawie-kontroli-granicznej-budzi-obawy-sasiedniej-polski\/#article\",\"isPartOf\":{\"@id\":\"https:\/\/www.pogotowieflagowe.pl\/aktualne\/decyzja-niemiec-w-sprawie-kontroli-granicznej-budzi-obawy-sasiedniej-polski\/\"},\"author\":{\"name\":\"Filip\",\"@id\":\"https:\/\/www.pogotowieflagowe.pl\/aktualne\/#\/schema\/person\/9c2fb7d2362ebf6fa088960d7f0d27b0\"},\"headline\":\"Decyzja Niemiec w sprawie kontroli granicznej budzi obawy s\u0105siedniej Polski\",\"datePublished\":\"2024-09-11T20:07:49+00:00\",\"dateModified\":\"2024-09-11T20:07:50+00:00\",\"mainEntityOfPage\":{\"@id\":\"https:\/\/www.pogotowieflagowe.pl\/aktualne\/decyzja-niemiec-w-sprawie-kontroli-granicznej-budzi-obawy-sasiedniej-polski\/\"},\"wordCount\":285,\"publisher\":{\"@id\":\"https:\/\/www.pogotowieflagowe.pl\/aktualne\/#organization\"},\"image\":{\"@id\":\"https:\/\/www.pogotowieflagowe.pl\/aktualne\/decyzja-niemiec-w-sprawie-kontroli-granicznej-budzi-obawy-sasiedniej-polski\/#primaryimage\"},\"thumbnailUrl\":\"https:\/\/www.pogotowieflagowe.pl\/aktualne\/wp-content\/uploads\/2024\/09\/Decyzja-Niemiec-w-sprawie-kontroli-granicznej-budzi-obawy-sasiedniej-Polski.jpg\",\"keywords\":[\"budzi\",\"Decyzja\",\"granicznej\",\"kontroli\",\"Niemiec\",\"obawy\",\"polski\",\"s\u0105siedniej\",\"sprawie\"],\"articleSection\":[\"Polityka\"],\"inLanguage\":\"pl-PL\"},{\"@type\":\"WebPage\",\"@id\":\"https:\/\/www.pogotowieflagowe.pl\/aktualne\/decyzja-niemiec-w-sprawie-kontroli-granicznej-budzi-obawy-sasiedniej-polski\/\",\"url\":\"https:\/\/www.pogotowieflagowe.pl\/aktualne\/decyzja-niemiec-w-sprawie-kontroli-granicznej-budzi-obawy-sasiedniej-polski\/\",\"name\":\"Decyzja Niemiec w sprawie kontroli granicznej budzi obawy s\u0105siedniej Polski - POGOTOWIE FLAGOWE\u00ae\",\"isPartOf\":{\"@id\":\"https:\/\/www.pogotowieflagowe.pl\/aktualne\/#website\"},\"primaryImageOfPage\":{\"@id\":\"https:\/\/www.pogotowieflagowe.pl\/aktualne\/decyzja-niemiec-w-sprawie-kontroli-granicznej-budzi-obawy-sasiedniej-polski\/#primaryimage\"},\"image\":{\"@id\":\"https:\/\/www.pogotowieflagowe.pl\/aktualne\/decyzja-niemiec-w-sprawie-kontroli-granicznej-budzi-obawy-sasiedniej-polski\/#primaryimage\"},\"thumbnailUrl\":\"https:\/\/www.pogotowieflagowe.pl\/aktualne\/wp-content\/uploads\/2024\/09\/Decyzja-Niemiec-w-sprawie-kontroli-granicznej-budzi-obawy-sasiedniej-Polski.jpg\",\"datePublished\":\"2024-09-11T20:07:49+00:00\",\"dateModified\":\"2024-09-11T20:07:50+00:00\",\"breadcrumb\":{\"@id\":\"https:\/\/www.pogotowieflagowe.pl\/aktualne\/decyzja-niemiec-w-sprawie-kontroli-granicznej-budzi-obawy-sasiedniej-polski\/#breadcrumb\"},\"inLanguage\":\"pl-PL\",\"potentialAction\":[{\"@type\":\"ReadAction\",\"target\":[\"https:\/\/www.pogotowieflagowe.pl\/aktualne\/decyzja-niemiec-w-sprawie-kontroli-granicznej-budzi-obawy-sasiedniej-polski\/\"]}]},{\"@type\":\"ImageObject\",\"inLanguage\":\"pl-PL\",\"@id\":\"https:\/\/www.pogotowieflagowe.pl\/aktualne\/decyzja-niemiec-w-sprawie-kontroli-granicznej-budzi-obawy-sasiedniej-polski\/#primaryimage\",\"url\":\"https:\/\/www.pogotowieflagowe.pl\/aktualne\/wp-content\/uploads\/2024\/09\/Decyzja-Niemiec-w-sprawie-kontroli-granicznej-budzi-obawy-sasiedniej-Polski.jpg\",\"contentUrl\":\"https:\/\/www.pogotowieflagowe.pl\/aktualne\/wp-content\/uploads\/2024\/09\/Decyzja-Niemiec-w-sprawie-kontroli-granicznej-budzi-obawy-sasiedniej-Polski.jpg\",\"width\":917,\"height\":612,\"caption\":\"Decyzja Niemiec w sprawie kontroli granicznej budzi obawy s\u0105siedniej Polski\"},{\"@type\":\"BreadcrumbList\",\"@id\":\"https:\/\/www.pogotowieflagowe.pl\/aktualne\/decyzja-niemiec-w-sprawie-kontroli-granicznej-budzi-obawy-sasiedniej-polski\/#breadcrumb\",\"itemListElement\":[{\"@type\":\"ListItem\",\"position\":1,\"name\":\"Home\",\"item\":\"https:\/\/www.pogotowieflagowe.pl\/aktualne\/\"},{\"@type\":\"ListItem\",\"position\":2,\"name\":\"Decyzja Niemiec w sprawie kontroli granicznej budzi obawy s\u0105siedniej Polski\"}]},{\"@type\":\"WebSite\",\"@id\":\"https:\/\/www.pogotowieflagowe.pl\/aktualne\/#website\",\"url\":\"https:\/\/www.pogotowieflagowe.pl\/aktualne\/\",\"name\":\"POGOTOWIE FLAGOWE\u00ae\",\"description\":\"\",\"publisher\":{\"@id\":\"https:\/\/www.pogotowieflagowe.pl\/aktualne\/#organization\"},\"potentialAction\":[{\"@type\":\"SearchAction\",\"target\":{\"@type\":\"EntryPoint\",\"urlTemplate\":\"https:\/\/www.pogotowieflagowe.pl\/aktualne\/?s={search_term_string}\"},\"query-input\":\"required name=search_term_string\"}],\"inLanguage\":\"pl-PL\"},{\"@type\":\"Organization\",\"@id\":\"https:\/\/www.pogotowieflagowe.pl\/aktualne\/#organization\",\"name\":\"POGOTOWIE FLAGOWE\u00ae\",\"url\":\"https:\/\/www.pogotowieflagowe.pl\/aktualne\/\",\"logo\":{\"@type\":\"ImageObject\",\"inLanguage\":\"pl-PL\",\"@id\":\"https:\/\/www.pogotowieflagowe.pl\/aktualne\/#\/schema\/logo\/image\/\",\"url\":\"https:\/\/www.pogotowieflagowe.pl\/aktualne\/wp-content\/uploads\/2024\/08\/cropped-pogotowieflagowe_flaga_projekt_sm.jpg\",\"contentUrl\":\"https:\/\/www.pogotowieflagowe.pl\/aktualne\/wp-content\/uploads\/2024\/08\/cropped-pogotowieflagowe_flaga_projekt_sm.jpg\",\"width\":250,\"height\":143,\"caption\":\"POGOTOWIE FLAGOWE\u00ae\"},\"image\":{\"@id\":\"https:\/\/www.pogotowieflagowe.pl\/aktualne\/#\/schema\/logo\/image\/\"}},{\"@type\":\"Person\",\"@id\":\"https:\/\/www.pogotowieflagowe.pl\/aktualne\/#\/schema\/person\/9c2fb7d2362ebf6fa088960d7f0d27b0\",\"name\":\"Filip\",\"image\":{\"@type\":\"ImageObject\",\"inLanguage\":\"pl-PL\",\"@id\":\"https:\/\/www.pogotowieflagowe.pl\/aktualne\/#\/schema\/person\/image\/\",\"url\":\"https:\/\/www.pogotowieflagowe.pl\/aktualne\/wp-content\/uploads\/2024\/08\/pogotowieflagowe.pl_.jpg\",\"contentUrl\":\"https:\/\/www.pogotowieflagowe.pl\/aktualne\/wp-content\/uploads\/2024\/08\/pogotowieflagowe.pl_.jpg\",\"caption\":\"Filip\"},\"description\":\"Jestem Filip, polski dziennikarz z dyplomem nauk politycznych Uniwersytetu Warszawskiego. Rozpoczynaj\u0105c swoj\u0105 karier\u0119 w r\u00f3\u017cnych lokalnych mediach, zdoby\u0142em solidne do\u015bwiadczenie w zakresie \u015bledztwa i redakcji. Obecnie jako redaktor w Pogotowie flagowe, staram si\u0119 dostarcza\u0107 dog\u0142\u0119bne i istotne analizy na temat najwa\u017cniejszych kwestii aktualno\u015bci, \u0142\u0105cz\u0105c rygor z pasj\u0105 dziennikarsk\u0105.\",\"sameAs\":[\"https:\/\/www.pogotowieflagowe.pl\/\"]}]}<\/script>\n<!-- \/ Yoast SEO plugin. -->","yoast_head_json":{"title":"Decyzja Niemiec w sprawie kontroli granicznej budzi obawy s\u0105siedniej Polski - POGOTOWIE FLAGOWE\u00ae","robots":{"index":"index","follow":"follow","max-snippet":"max-snippet:-1","max-image-preview":"max-image-preview:large","max-video-preview":"max-video-preview:-1"},"canonical":"https:\/\/www.pogotowieflagowe.pl\/aktualne\/decyzja-niemiec-w-sprawie-kontroli-granicznej-budzi-obawy-sasiedniej-polski\/","og_locale":"pl_PL","og_type":"article","og_title":"Decyzja Niemiec w sprawie kontroli granicznej budzi obawy s\u0105siedniej Polski - POGOTOWIE FLAGOWE\u00ae","og_description":"Niedawna decyzja Niemiec o przywr\u00f3ceniu tymczasowych kontroli granicznych na wszystkich granicach l\u0105dowych od 16 wrze\u015bnia wzbudzi\u0142a obawy w\u015br\u00f3d kraj\u00f3w s\u0105siednich,","og_url":"https:\/\/www.pogotowieflagowe.pl\/aktualne\/decyzja-niemiec-w-sprawie-kontroli-granicznej-budzi-obawy-sasiedniej-polski\/","og_site_name":"POGOTOWIE FLAGOWE\u00ae","article_published_time":"2024-09-11T20:07:49+00:00","article_modified_time":"2024-09-11T20:07:50+00:00","og_image":[{"width":917,"height":612,"url":"https:\/\/www.pogotowieflagowe.pl\/aktualne\/wp-content\/uploads\/2024\/09\/Decyzja-Niemiec-w-sprawie-kontroli-granicznej-budzi-obawy-sasiedniej-Polski.jpg","type":"image\/jpeg"}],"author":"Filip","twitter_card":"summary_large_image","twitter_misc":{"Napisane przez":"Filip","Szacowany czas czytania":"1 minuta"},"schema":{"@context":"https:\/\/schema.org","@graph":[{"@type":"Article","@id":"https:\/\/www.pogotowieflagowe.pl\/aktualne\/decyzja-niemiec-w-sprawie-kontroli-granicznej-budzi-obawy-sasiedniej-polski\/#article","isPartOf":{"@id":"https:\/\/www.pogotowieflagowe.pl\/aktualne\/decyzja-niemiec-w-sprawie-kontroli-granicznej-budzi-obawy-sasiedniej-polski\/"},"author":{"name":"Filip","@id":"https:\/\/www.pogotowieflagowe.pl\/aktualne\/#\/schema\/person\/9c2fb7d2362ebf6fa088960d7f0d27b0"},"headline":"Decyzja Niemiec w sprawie kontroli granicznej budzi obawy s\u0105siedniej Polski","datePublished":"2024-09-11T20:07:49+00:00","dateModified":"2024-09-11T20:07:50+00:00","mainEntityOfPage":{"@id":"https:\/\/www.pogotowieflagowe.pl\/aktualne\/decyzja-niemiec-w-sprawie-kontroli-granicznej-budzi-obawy-sasiedniej-polski\/"},"wordCount":285,"publisher":{"@id":"https:\/\/www.pogotowieflagowe.pl\/aktualne\/#organization"},"image":{"@id":"https:\/\/www.pogotowieflagowe.pl\/aktualne\/decyzja-niemiec-w-sprawie-kontroli-granicznej-budzi-obawy-sasiedniej-polski\/#primaryimage"},"thumbnailUrl":"https:\/\/www.pogotowieflagowe.pl\/aktualne\/wp-content\/uploads\/2024\/09\/Decyzja-Niemiec-w-sprawie-kontroli-granicznej-budzi-obawy-sasiedniej-Polski.jpg","keywords":["budzi","Decyzja","granicznej","kontroli","Niemiec","obawy","polski","s\u0105siedniej","sprawie"],"articleSection":["Polityka"],"inLanguage":"pl-PL"},{"@type":"WebPage","@id":"https:\/\/www.pogotowieflagowe.pl\/aktualne\/decyzja-niemiec-w-sprawie-kontroli-granicznej-budzi-obawy-sasiedniej-polski\/","url":"https:\/\/www.pogotowieflagowe.pl\/aktualne\/decyzja-niemiec-w-sprawie-kontroli-granicznej-budzi-obawy-sasiedniej-polski\/","name":"Decyzja Niemiec w sprawie kontroli granicznej budzi obawy s\u0105siedniej Polski - POGOTOWIE FLAGOWE\u00ae","isPartOf":{"@id":"https:\/\/www.pogotowieflagowe.pl\/aktualne\/#website"},"primaryImageOfPage":{"@id":"https:\/\/www.pogotowieflagowe.pl\/aktualne\/decyzja-niemiec-w-sprawie-kontroli-granicznej-budzi-obawy-sasiedniej-polski\/#primaryimage"},"image":{"@id":"https:\/\/www.pogotowieflagowe.pl\/aktualne\/decyzja-niemiec-w-sprawie-kontroli-granicznej-budzi-obawy-sasiedniej-polski\/#primaryimage"},"thumbnailUrl":"https:\/\/www.pogotowieflagowe.pl\/aktualne\/wp-content\/uploads\/2024\/09\/Decyzja-Niemiec-w-sprawie-kontroli-granicznej-budzi-obawy-sasiedniej-Polski.jpg","datePublished":"2024-09-11T20:07:49+00:00","dateModified":"2024-09-11T20:07:50+00:00","breadcrumb":{"@id":"https:\/\/www.pogotowieflagowe.pl\/aktualne\/decyzja-niemiec-w-sprawie-kontroli-granicznej-budzi-obawy-sasiedniej-polski\/#breadcrumb"},"inLanguage":"pl-PL","potentialAction":[{"@type":"ReadAction","target":["https:\/\/www.pogotowieflagowe.pl\/aktualne\/decyzja-niemiec-w-sprawie-kontroli-granicznej-budzi-obawy-sasiedniej-polski\/"]}]},{"@type":"ImageObject","inLanguage":"pl-PL","@id":"https:\/\/www.pogotowieflagowe.pl\/aktualne\/decyzja-niemiec-w-sprawie-kontroli-granicznej-budzi-obawy-sasiedniej-polski\/#primaryimage","url":"https:\/\/www.pogotowieflagowe.pl\/aktualne\/wp-content\/uploads\/2024\/09\/Decyzja-Niemiec-w-sprawie-kontroli-granicznej-budzi-obawy-sasiedniej-Polski.jpg","contentUrl":"https:\/\/www.pogotowieflagowe.pl\/aktualne\/wp-content\/uploads\/2024\/09\/Decyzja-Niemiec-w-sprawie-kontroli-granicznej-budzi-obawy-sasiedniej-Polski.jpg","width":917,"height":612,"caption":"Decyzja Niemiec w sprawie kontroli granicznej budzi obawy s\u0105siedniej Polski"},{"@type":"BreadcrumbList","@id":"https:\/\/www.pogotowieflagowe.pl\/aktualne\/decyzja-niemiec-w-sprawie-kontroli-granicznej-budzi-obawy-sasiedniej-polski\/#breadcrumb","itemListElement":[{"@type":"ListItem","position":1,"name":"Home","item":"https:\/\/www.pogotowieflagowe.pl\/aktualne\/"},{"@type":"ListItem","position":2,"name":"Decyzja Niemiec w sprawie kontroli granicznej budzi obawy s\u0105siedniej Polski"}]},{"@type":"WebSite","@id":"https:\/\/www.pogotowieflagowe.pl\/aktualne\/#website","url":"https:\/\/www.pogotowieflagowe.pl\/aktualne\/","name":"POGOTOWIE FLAGOWE\u00ae","description":"","publisher":{"@id":"https:\/\/www.pogotowieflagowe.pl\/aktualne\/#organization"},"potentialAction":[{"@type":"SearchAction","target":{"@type":"EntryPoint","urlTemplate":"https:\/\/www.pogotowieflagowe.pl\/aktualne\/?s={search_term_string}"},"query-input":"required name=search_term_string"}],"inLanguage":"pl-PL"},{"@type":"Organization","@id":"https:\/\/www.pogotowieflagowe.pl\/aktualne\/#organization","name":"POGOTOWIE FLAGOWE\u00ae","url":"https:\/\/www.pogotowieflagowe.pl\/aktualne\/","logo":{"@type":"ImageObject","inLanguage":"pl-PL","@id":"https:\/\/www.pogotowieflagowe.pl\/aktualne\/#\/schema\/logo\/image\/","url":"https:\/\/www.pogotowieflagowe.pl\/aktualne\/wp-content\/uploads\/2024\/08\/cropped-pogotowieflagowe_flaga_projekt_sm.jpg","contentUrl":"https:\/\/www.pogotowieflagowe.pl\/aktualne\/wp-content\/uploads\/2024\/08\/cropped-pogotowieflagowe_flaga_projekt_sm.jpg","width":250,"height":143,"caption":"POGOTOWIE FLAGOWE\u00ae"},"image":{"@id":"https:\/\/www.pogotowieflagowe.pl\/aktualne\/#\/schema\/logo\/image\/"}},{"@type":"Person","@id":"https:\/\/www.pogotowieflagowe.pl\/aktualne\/#\/schema\/person\/9c2fb7d2362ebf6fa088960d7f0d27b0","name":"Filip","image":{"@type":"ImageObject","inLanguage":"pl-PL","@id":"https:\/\/www.pogotowieflagowe.pl\/aktualne\/#\/schema\/person\/image\/","url":"https:\/\/www.pogotowieflagowe.pl\/aktualne\/wp-content\/uploads\/2024\/08\/pogotowieflagowe.pl_.jpg","contentUrl":"https:\/\/www.pogotowieflagowe.pl\/aktualne\/wp-content\/uploads\/2024\/08\/pogotowieflagowe.pl_.jpg","caption":"Filip"},"description":"Jestem Filip, polski dziennikarz z dyplomem nauk politycznych Uniwersytetu Warszawskiego. Rozpoczynaj\u0105c swoj\u0105 karier\u0119 w r\u00f3\u017cnych lokalnych mediach, zdoby\u0142em solidne do\u015bwiadczenie w zakresie \u015bledztwa i redakcji. Obecnie jako redaktor w Pogotowie flagowe, staram si\u0119 dostarcza\u0107 dog\u0142\u0119bne i istotne analizy na temat najwa\u017cniejszych kwestii aktualno\u015bci, \u0142\u0105cz\u0105c rygor z pasj\u0105 dziennikarsk\u0105.","sameAs":["https:\/\/www.pogotowieflagowe.pl\/"]}]}},"_links":{"self":[{"href":"https:\/\/www.pogotowieflagowe.pl\/aktualne\/wp-json\/wp\/v2\/posts\/657","targetHints":{"allow":["GET"]}}],"collection":[{"href":"https:\/\/www.pogotowieflagowe.pl\/aktualne\/wp-json\/wp\/v2\/posts"}],"about":[{"href":"https:\/\/www.pogotowieflagowe.pl\/aktualne\/wp-json\/wp\/v2\/types\/post"}],"author":[{"embeddable":true,"href":"https:\/\/www.pogotowieflagowe.pl\/aktualne\/wp-json\/wp\/v2\/users\/1"}],"replies":[{"embeddable":true,"href":"https:\/\/www.pogotowieflagowe.pl\/aktualne\/wp-json\/wp\/v2\/comments?post=657"}],"version-history":[{"count":1,"href":"https:\/\/www.pogotowieflagowe.pl\/aktualne\/wp-json\/wp\/v2\/posts\/657\/revisions"}],"predecessor-version":[{"id":659,"href":"https:\/\/www.pogotowieflagowe.pl\/aktualne\/wp-json\/wp\/v2\/posts\/657\/revisions\/659"}],"wp:featuredmedia":[{"embeddable":true,"href":"https:\/\/www.pogotowieflagowe.pl\/aktualne\/wp-json\/wp\/v2\/media\/658"}],"wp:attachment":[{"href":"https:\/\/www.pogotowieflagowe.pl\/aktualne\/wp-json\/wp\/v2\/media?parent=657"}],"wp:term":[{"taxonomy":"category","embeddable":true,"href":"https:\/\/www.pogotowieflagowe.pl\/aktualne\/wp-json\/wp\/v2\/categories?post=657"},{"taxonomy":"post_tag","embeddable":true,"href":"https:\/\/www.pogotowieflagowe.pl\/aktualne\/wp-json\/wp\/v2\/tags?post=657"}],"curies":[{"name":"wp","href":"https:\/\/api.w.org\/{rel}","templated":true}]}}