{"id":6646,"date":"2025-07-10T16:48:19","date_gmt":"2025-07-10T14:48:19","guid":{"rendered":"https:\/\/www.pogotowieflagowe.pl\/aktualne\/zespol-prokuratorow-bodnara-prowadzacy-dochodzenie-w-sprawie-obroncow-granicznych-24-zbadane-sprawy\/"},"modified":"2025-07-10T16:48:20","modified_gmt":"2025-07-10T14:48:20","slug":"zespol-prokuratorow-bodnara-prowadzacy-dochodzenie-w-sprawie-obroncow-granicznych-24-zbadane-sprawy","status":"publish","type":"post","link":"https:\/\/www.pogotowieflagowe.pl\/aktualne\/zespol-prokuratorow-bodnara-prowadzacy-dochodzenie-w-sprawie-obroncow-granicznych-24-zbadane-sprawy\/","title":{"rendered":"Zesp\u00f3\u0142 prokurator\u00f3w Bodnara prowadz\u0105cy dochodzenie w sprawie obro\u0144c\u00f3w granicznych &#8211; 24 zbadane sprawy"},"content":{"rendered":"\n<div class=\"td_block_wrap tdb_single_content tdi_41 td-pb-border-top td_block_template_8 td-post-content tagdiv-type\" data-td-block-uid=\"tdi_41\">\n<style>.tdi_41 {margin-top: 0px! Wa\u017cne; margines-bottom: 0px! WA\u017bNY; PALDING-TOP: 0PX! WA\u017bNY; PALDING-BOTTOM: 0PX! WA\u017bNE}<\/style>\n<style>.tdb_single_content {margin-bottom: 0;*zoom: 1} .tdb_single_content: wcze\u015bniej, .tdb_single_content: po {display: Table; content: ''; line-height: 0} .tdb_single_content: po {clee {clear:} .tdb_single_content .TDB-BLOCK-INner>*: nie (.WP-BLOCK-QUOTE): not (.alignSwide): not (.Alignfull.wp-block-cover.has-parallax): not (.td-a-ad) {margin-left: auto; margin-right: auto} .tdb_single_ConTent a {wska\u017anik-events: auto} .tdb_single_content .td-spot-id-top_ad .tdc-placeholder-title: przed {content: \u201eArtyku\u0142 top ad\u201d! Wa\u017cne} .tdb_single_content .td-Spot-Id-inline_ad0 .tdc-placeholder-title 1 '! Wa\u017cne} .tdb_single_content .td-Spot-Id-inline_Ad1 .tdc-Placeholder-Title: przed {content: \u201eArtyku\u0142 inline AD 2'! Wa\u017cny} .tdb_single_content. 3 '! Wa\u017cne} .tdb_single_content .td-Spot-Id-Bottom_Ad .tdc-Placeholder-Title: przed {content: \u201eArtyku\u0142 Bottom Ad\u201d! Wa\u017cne} .tdb_single_content .id_top_ad, .tdb_single_content_content .id_bottom_ad {clear: oba; margin-bottom: 21px; text-align: Center} .tdb_single_content .id_top_ad img, .tdb_single_content .id_bottom_ad img {margin-bottom: 0} .tdb_single_conTent .id_top_ad .adsbyGoogle, .tdb_single_content .id_bottom_ad .adsbyGoogle {pozycja: relatyw} .tdb_single_content .id_ad_content-horiz-left, .tdb_single_content .id_ad_content-horiz-right, .tdb_single_content .id_ad_content-horiz-Center {margin-bottom: 15px} .tdb_single_content .id_ad_content-horiz-left Img, .tdb_single_content .id_ad_content-horiz-right img, .tdb_single_content .id_ad_content-horiz-centerter img {margin-bottom: 0} .tdb_single_content .id_ad_content-horiz-center {text-align: Center} .tdb_single_content .id_ad_content-horiz-center img {margin-right: auto; margin-let: auto} .tdb_single_content .id_ad_content-horiz-left {float: left; margin-top: 9px; margin-right: 21px} .tdb_single_content .id_ad_content-horiz-right {float: margin-top: 6px; margin-left: 21px} .tdb_single_content .tdc-a-a-ad .TDC-Placeholder-Title {szeroko\u015b\u0107: 300px; height: 250px} .tdb_single_content .tdc-a-ad .TDC-Placeholder-Title: Przed {Pozycja: Absolute; TOP: 50%;-WebKit-Transform: Translatey (-50%); Transform: Translatey (-50%); margines: auto; Display: Tabela; szeroko\u015b\u0107: 100%}. tdb_single_content .TDB-BLOCK-INNER.TD-FIX-INDEX {Word-Break: Break-word} .tdi_41, .tdi_41> p, .tdi_41 .tdb-block-inner> p, .Wp-Block-Column> p {font-size: 16px! Wa\u017cne; wa\u017cny; p {font-styl: normalne! Wa\u017cne} @media (Max-Width: 767px) {. tdb_single_content .id_ad_content-horiz-left, .tdb_single_content .id_ad_content-horiz-right, .tdb_single_content .id_ad_content-horiz-centter {Margin: 0 AUTO 26PXX auto}}@media (Max-Width: 767px) {. tdb_single_content .id_ad_content-horiz-left {margin-right: 0}}@media (max-width: 767px) {. (Max-Width: 767px) {. tdb_single_content .td-a-ad {float: none; text-align: Center} .tdb_single_content .td-a-ad img {margin-right: auto; margin-left: auto} .tdb_single_content .tdc-a-a-a-{margin-right: auto; margin-left: auto} .tdb_single_content .tdd<\/style>\n<div class=\"tdb-block-inner td-fix-index\">\n<p>Specjalny zesp\u00f3\u0142 prokurator\u00f3w zosta\u0142 utworzony w prokuraturze okr\u0119gowej w Siedlce w celu zbadania raport\u00f3w dotycz\u0105cych obro\u0144c\u00f3w granicy polsko-m\u00f3zgowej.<\/p>\n<p>\u201eZesp\u00f3\u0142 prowadzi\u0142 i kontynuuje post\u0119powanie zwi\u0105zane z 24 indywidualnymi sprawami dotycz\u0105cymi konkretnych incydent\u00f3w, kt\u00f3re mia\u0142y miejsce na granicy. Jak dot\u0105d post\u0119powanie w 18 tych sprawach zosta\u0142o podj\u0119te decyzjami o przerwie dochodze\u0144\u201d, stwierdzi\u0142 zast\u0119pca krajowego prokuratora Marek Jamrogowicz.<\/p>\n<p>Dzisiaj w Sejm, podczas sesji pyta\u0144 i odpowiedzi bie\u017c\u0105cej, by\u0142y wiceminister obrony narodowej Marcin Ociepa zada\u0142 pytania dotycz\u0105ce konsekwencji prawnych narzucanych oficerom i \u017co\u0142nierzom s\u0142u\u017c\u0105cym na granicy polsko-m\u00f3zgowej.<\/p>\n<p>\u201eChc\u0119 przeciwstawi\u0107 si\u0119 tym, kt\u00f3rzy zostali fa\u0142szywie oskar\u017ceni, zaatakowani i oskar\u017ceni. Chcia\u0142em bezpo\u015brednio zapyta\u0107 premiera, ale zauwa\u017cam, \u017ce jego nieobecno\u015b\u0107 jest znakiem politycznego tch\u00f3rzostwa. Dlaczego akt oskar\u017cenia przeciwko \u017co\u0142nierzowi, kt\u00f3ry zwolni\u0142 jego bro\u0144 podczas s\u0142u\u017cby na granicy? Dlaczego inspektor Tomasz Waszczuk, kt\u00f3ry by\u0142 obroni\u0142 nasz\u0105 granic\u0119, a haczy\u015bci\u0142 si\u0119 w jego sprawie, gdy jego sprawa za granic\u0119? prze\u015bladowanie?<\/p>\n<p>Dlaczego ci, kt\u00f3rzy fa\u0142szywie oskar\u017cyli naszych funkcjonariuszy podczas ataku hybrydowego, nie stan\u0119li w obliczu konsekwencji? Nasi \u017co\u0142nierze zostali oskar\u017ceni o zakopanie cia\u0142 migrant\u00f3w na granicy. Czy rzeczywi\u015bcie znaleziono jakie\u015b cia\u0142a? Je\u015bli nie, czy zarzuty zosta\u0142y wniesione przeciwko tym, kt\u00f3rzy wysun\u0119li takie znies\u0142awiaj\u0105ce oskar\u017cenia? A co sta\u0142o si\u0119 z Ann\u0105 Michalsk\u0105, rzecznikiem stra\u017cnika granicznego &#8211; dlaczego dozna\u0142a konsekwencji, pomimo obrony nas przed dezinformacj\u0105? \u201d &#8211; zapyta\u0142 Ociepa.<\/p>\n<p><strong>Prokuratura vs. obro\u0144cy granicy<\/strong><\/p>\n<p>Zast\u0119pca krajowego prokuratora Marek Jamrogowicz odpowiedzia\u0142 na pytania pos\u0142a. Szczeg\u00f3\u0142owo opisa\u0142 dzia\u0142alno\u015b\u0107 pi\u0119cioosobowego zespo\u0142u w prokuraturze okr\u0119gowej Siedlce, kt\u00f3ra zajmuje si\u0119 sprawami zwi\u0105zanymi z bezpiecze\u0144stwem granic. Zauwa\u017cy\u0142, \u017ce dochodzenia wynikaj\u0105 ze skarg przed\u0142o\u017conych zar\u00f3wno przez osoby prywatne, jak i same us\u0142ugi.<\/p>\n<p>\u201eZesp\u00f3\u0142 by\u0142 i nadal pracuje nad 24 w\u0105tkami zwi\u0105zanymi z konkretnymi incydentami w tym regionie. Obecnie 18 z nich zosta\u0142o zamkni\u0119tych, z decyzjami wydanymi w celu przerwania post\u0119powania. Nie wszystkie te decyzje s\u0105 ostateczne, poniewa\u017c niekt\u00f3re ofiary z\u0142o\u017cy\u0142y apelacje i czekamy na decyzje s\u0105d\u00f3w\u201d, powiedzia\u0142 Jamrogowicz.<\/p>\n<p>Wymieni\u0142 okre\u015blone przypadki, w kt\u00f3rych sk\u0142adano op\u0142aty, w tym:<\/p>\n<ul class=\"wp-block-list\">\n<li>Dw\u00f3ch funkcjonariuszy stra\u017cnik\u00f3w granicznych oskar\u017conych o przekroczenie uprawnie\u0144 do osobistych zysk\u00f3w finansowych i niszczenie mienia w formie dokument\u00f3w.<\/li>\n<li>Trzech innych funkcjonariuszy stra\u017cnik\u00f3w granicznych oskar\u017ceni o przekroczenie ich autorytetu i nieuzasadnionego stosowania bezpo\u015brednich \u015brodk\u00f3w przymusowych.<\/li>\n<\/ul>\n<p>4 lipca z\u0142o\u017cy\u0142 wniosek do S\u0105du Rejonowego w Hajnochewce z pro\u015bb\u0105 o warunkowe przerwanie post\u0119powania karnego.<\/p>\n<p>Jamrogowicz odwo\u0142a\u0142 si\u0119 r\u00f3wnie\u017c do sprawy wspomnianej przez MP Ociepa z udzia\u0142em funkcjonariusza policji. W tym przypadku regionalna prokuratura w BIAJSTOK, po przegl\u0105dzie sprawy, postanowi\u0142a wycofa\u0107 akt oskar\u017cenia.<\/p>\n<p>Jednak inna sprawa trwa w s\u0105dzie przeciwko oficerowi stra\u017cnikowi oskar\u017conemu o przekroczenie jego uprawnie\u0144 i naruszenie prawa w sprawie bezpo\u015brednich \u015brodk\u00f3w przymusowych, w oparciu o akt oskar\u017cenia z regionalnego prokuratury Bia\u0142ystok.<\/p>\n<p>Jamrogowicz wyja\u015bni\u0142, \u017ce sprawy z udzia\u0142em \u017co\u0142nierzy podlegaj\u0105 jurysdykcji biur prokuratora wojskowego.<\/p>\n<p>Podkre\u015bli\u0142 jedn\u0105 spraw\u0119 z udzia\u0142em \u017co\u0142nierza oskar\u017conego o nieuzasadnione u\u017cycie broni palnej, kt\u00f3ra rzekomo zagra\u017ca\u0142a \u017cyciu lub zdrowiu dziesi\u0119ciu migrant\u00f3w, dw\u00f3ch oficer\u00f3w stra\u017cy granicznej i dw\u00f3ch innych \u017co\u0142nierzy. Ta sprawa jest obecnie w fazie s\u0105dowej.<\/p>\n<p>Kolejny incydent dotyczy zaniedbania broni, co spowodowa\u0142o dwa niekontrolowane strza\u0142y &#8211; z kt\u00f3rych jeden zosta\u0142 zwolniony w kierunku obywatela Syrii. Ta sprawa znajduje si\u0119 obecnie w fazie bada\u0144 przedprocesowych.<\/p>\n<\/div>\n<\/div>\n","protected":false},"excerpt":{"rendered":"<p>Specjalny zesp\u00f3\u0142 prokurator\u00f3w zosta\u0142 utworzony w prokuraturze okr\u0119gowej w Siedlce w celu zbadania raport\u00f3w dotycz\u0105cych obro\u0144c\u00f3w granicy polsko-m\u00f3zgowej. \u201eZesp\u00f3\u0142 prowadzi\u0142<\/p>\n","protected":false},"author":1,"featured_media":6647,"comment_status":"closed","ping_status":"","sticky":false,"template":"","format":"standard","meta":{"footnotes":""},"categories":[4748],"tags":[6292,6036,1186,8384,6291,8386,35,6746,8387,2123],"class_list":["post-6646","post","type-post","status-publish","format-standard","has-post-thumbnail","hentry","category-aktualne","tag-bodnara","tag-dochodzenie","tag-granicznych","tag-obroncow","tag-prokuratorow","tag-prowadzacy","tag-sprawie","tag-sprawy","tag-zbadane","tag-zespol","generate-columns","tablet-grid-50","mobile-grid-100","grid-parent","grid-50","resize-featured-image"],"yoast_head":"<!-- This site is optimized with the Yoast SEO plugin v23.2 - https:\/\/yoast.com\/wordpress\/plugins\/seo\/ -->\n<title>Zesp\u00f3\u0142 prokurator\u00f3w Bodnara prowadz\u0105cy dochodzenie w sprawie obro\u0144c\u00f3w granicznych - 24 zbadane sprawy - POGOTOWIE FLAGOWE\u00ae<\/title>\n<meta name=\"robots\" content=\"index, follow, max-snippet:-1, max-image-preview:large, max-video-preview:-1\" \/>\n<link rel=\"canonical\" href=\"https:\/\/www.pogotowieflagowe.pl\/aktualne\/zespol-prokuratorow-bodnara-prowadzacy-dochodzenie-w-sprawie-obroncow-granicznych-24-zbadane-sprawy\/\" \/>\n<meta property=\"og:locale\" content=\"pl_PL\" \/>\n<meta property=\"og:type\" content=\"article\" \/>\n<meta property=\"og:title\" content=\"Zesp\u00f3\u0142 prokurator\u00f3w Bodnara prowadz\u0105cy dochodzenie w sprawie obro\u0144c\u00f3w granicznych - 24 zbadane sprawy - POGOTOWIE FLAGOWE\u00ae\" \/>\n<meta property=\"og:description\" content=\"Specjalny zesp\u00f3\u0142 prokurator\u00f3w zosta\u0142 utworzony w prokuraturze okr\u0119gowej w Siedlce w celu zbadania raport\u00f3w dotycz\u0105cych obro\u0144c\u00f3w granicy polsko-m\u00f3zgowej. \u201eZesp\u00f3\u0142 prowadzi\u0142\" \/>\n<meta property=\"og:url\" content=\"https:\/\/www.pogotowieflagowe.pl\/aktualne\/zespol-prokuratorow-bodnara-prowadzacy-dochodzenie-w-sprawie-obroncow-granicznych-24-zbadane-sprawy\/\" \/>\n<meta property=\"og:site_name\" content=\"POGOTOWIE FLAGOWE\u00ae\" \/>\n<meta property=\"article:published_time\" content=\"2025-07-10T14:48:19+00:00\" \/>\n<meta property=\"article:modified_time\" content=\"2025-07-10T14:48:20+00:00\" \/>\n<meta property=\"og:image\" content=\"https:\/\/www.pogotowieflagowe.pl\/aktualne\/wp-content\/uploads\/2025\/07\/Zespol-prokuratorow-Bodnara-prowadzacy-dochodzenie-w-sprawie-obroncow-granicznych.webp.webp\" \/>\n\t<meta property=\"og:image:width\" content=\"1280\" \/>\n\t<meta property=\"og:image:height\" content=\"720\" \/>\n\t<meta property=\"og:image:type\" content=\"image\/webp\" \/>\n<meta name=\"author\" content=\"Filip\" \/>\n<meta name=\"twitter:card\" content=\"summary_large_image\" \/>\n<meta name=\"twitter:label1\" content=\"Napisane przez\" \/>\n\t<meta name=\"twitter:data1\" content=\"Filip\" \/>\n\t<meta name=\"twitter:label2\" content=\"Szacowany czas czytania\" \/>\n\t<meta name=\"twitter:data2\" content=\"3 minuty\" \/>\n<script type=\"application\/ld+json\" class=\"yoast-schema-graph\">{\"@context\":\"https:\/\/schema.org\",\"@graph\":[{\"@type\":\"Article\",\"@id\":\"https:\/\/www.pogotowieflagowe.pl\/aktualne\/zespol-prokuratorow-bodnara-prowadzacy-dochodzenie-w-sprawie-obroncow-granicznych-24-zbadane-sprawy\/#article\",\"isPartOf\":{\"@id\":\"https:\/\/www.pogotowieflagowe.pl\/aktualne\/zespol-prokuratorow-bodnara-prowadzacy-dochodzenie-w-sprawie-obroncow-granicznych-24-zbadane-sprawy\/\"},\"author\":{\"name\":\"Filip\",\"@id\":\"https:\/\/www.pogotowieflagowe.pl\/aktualne\/#\/schema\/person\/9c2fb7d2362ebf6fa088960d7f0d27b0\"},\"headline\":\"Zesp\u00f3\u0142 prokurator\u00f3w Bodnara prowadz\u0105cy dochodzenie w sprawie obro\u0144c\u00f3w granicznych &#8211; 24 zbadane sprawy\",\"datePublished\":\"2025-07-10T14:48:19+00:00\",\"dateModified\":\"2025-07-10T14:48:20+00:00\",\"mainEntityOfPage\":{\"@id\":\"https:\/\/www.pogotowieflagowe.pl\/aktualne\/zespol-prokuratorow-bodnara-prowadzacy-dochodzenie-w-sprawie-obroncow-granicznych-24-zbadane-sprawy\/\"},\"wordCount\":644,\"publisher\":{\"@id\":\"https:\/\/www.pogotowieflagowe.pl\/aktualne\/#organization\"},\"image\":{\"@id\":\"https:\/\/www.pogotowieflagowe.pl\/aktualne\/zespol-prokuratorow-bodnara-prowadzacy-dochodzenie-w-sprawie-obroncow-granicznych-24-zbadane-sprawy\/#primaryimage\"},\"thumbnailUrl\":\"https:\/\/www.pogotowieflagowe.pl\/aktualne\/wp-content\/uploads\/2025\/07\/Zespol-prokuratorow-Bodnara-prowadzacy-dochodzenie-w-sprawie-obroncow-granicznych.webp.webp\",\"keywords\":[\"Bodnara\",\"dochodzenie\",\"granicznych\",\"obro\u0144c\u00f3w\",\"prokurator\u00f3w\",\"prowadz\u0105cy\",\"sprawie\",\"sprawy\",\"zbadane\",\"zesp\u00f3\u0142\"],\"articleSection\":[\"Aktualne\"],\"inLanguage\":\"pl-PL\"},{\"@type\":\"WebPage\",\"@id\":\"https:\/\/www.pogotowieflagowe.pl\/aktualne\/zespol-prokuratorow-bodnara-prowadzacy-dochodzenie-w-sprawie-obroncow-granicznych-24-zbadane-sprawy\/\",\"url\":\"https:\/\/www.pogotowieflagowe.pl\/aktualne\/zespol-prokuratorow-bodnara-prowadzacy-dochodzenie-w-sprawie-obroncow-granicznych-24-zbadane-sprawy\/\",\"name\":\"Zesp\u00f3\u0142 prokurator\u00f3w Bodnara prowadz\u0105cy dochodzenie w sprawie obro\u0144c\u00f3w granicznych - 24 zbadane sprawy - POGOTOWIE FLAGOWE\u00ae\",\"isPartOf\":{\"@id\":\"https:\/\/www.pogotowieflagowe.pl\/aktualne\/#website\"},\"primaryImageOfPage\":{\"@id\":\"https:\/\/www.pogotowieflagowe.pl\/aktualne\/zespol-prokuratorow-bodnara-prowadzacy-dochodzenie-w-sprawie-obroncow-granicznych-24-zbadane-sprawy\/#primaryimage\"},\"image\":{\"@id\":\"https:\/\/www.pogotowieflagowe.pl\/aktualne\/zespol-prokuratorow-bodnara-prowadzacy-dochodzenie-w-sprawie-obroncow-granicznych-24-zbadane-sprawy\/#primaryimage\"},\"thumbnailUrl\":\"https:\/\/www.pogotowieflagowe.pl\/aktualne\/wp-content\/uploads\/2025\/07\/Zespol-prokuratorow-Bodnara-prowadzacy-dochodzenie-w-sprawie-obroncow-granicznych.webp.webp\",\"datePublished\":\"2025-07-10T14:48:19+00:00\",\"dateModified\":\"2025-07-10T14:48:20+00:00\",\"breadcrumb\":{\"@id\":\"https:\/\/www.pogotowieflagowe.pl\/aktualne\/zespol-prokuratorow-bodnara-prowadzacy-dochodzenie-w-sprawie-obroncow-granicznych-24-zbadane-sprawy\/#breadcrumb\"},\"inLanguage\":\"pl-PL\",\"potentialAction\":[{\"@type\":\"ReadAction\",\"target\":[\"https:\/\/www.pogotowieflagowe.pl\/aktualne\/zespol-prokuratorow-bodnara-prowadzacy-dochodzenie-w-sprawie-obroncow-granicznych-24-zbadane-sprawy\/\"]}]},{\"@type\":\"ImageObject\",\"inLanguage\":\"pl-PL\",\"@id\":\"https:\/\/www.pogotowieflagowe.pl\/aktualne\/zespol-prokuratorow-bodnara-prowadzacy-dochodzenie-w-sprawie-obroncow-granicznych-24-zbadane-sprawy\/#primaryimage\",\"url\":\"https:\/\/www.pogotowieflagowe.pl\/aktualne\/wp-content\/uploads\/2025\/07\/Zespol-prokuratorow-Bodnara-prowadzacy-dochodzenie-w-sprawie-obroncow-granicznych.webp.webp\",\"contentUrl\":\"https:\/\/www.pogotowieflagowe.pl\/aktualne\/wp-content\/uploads\/2025\/07\/Zespol-prokuratorow-Bodnara-prowadzacy-dochodzenie-w-sprawie-obroncow-granicznych.webp.webp\",\"width\":1280,\"height\":720,\"caption\":\"Zesp\u00f3\u0142 prokurator\u00f3w Bodnara prowadz\u0105cy dochodzenie w sprawie obro\u0144c\u00f3w granicznych - 24 zbadane sprawy\"},{\"@type\":\"BreadcrumbList\",\"@id\":\"https:\/\/www.pogotowieflagowe.pl\/aktualne\/zespol-prokuratorow-bodnara-prowadzacy-dochodzenie-w-sprawie-obroncow-granicznych-24-zbadane-sprawy\/#breadcrumb\",\"itemListElement\":[{\"@type\":\"ListItem\",\"position\":1,\"name\":\"Home\",\"item\":\"https:\/\/www.pogotowieflagowe.pl\/aktualne\/\"},{\"@type\":\"ListItem\",\"position\":2,\"name\":\"Zesp\u00f3\u0142 prokurator\u00f3w Bodnara prowadz\u0105cy dochodzenie w sprawie obro\u0144c\u00f3w granicznych &#8211; 24 zbadane sprawy\"}]},{\"@type\":\"WebSite\",\"@id\":\"https:\/\/www.pogotowieflagowe.pl\/aktualne\/#website\",\"url\":\"https:\/\/www.pogotowieflagowe.pl\/aktualne\/\",\"name\":\"POGOTOWIE FLAGOWE\u00ae\",\"description\":\"\",\"publisher\":{\"@id\":\"https:\/\/www.pogotowieflagowe.pl\/aktualne\/#organization\"},\"potentialAction\":[{\"@type\":\"SearchAction\",\"target\":{\"@type\":\"EntryPoint\",\"urlTemplate\":\"https:\/\/www.pogotowieflagowe.pl\/aktualne\/?s={search_term_string}\"},\"query-input\":\"required name=search_term_string\"}],\"inLanguage\":\"pl-PL\"},{\"@type\":\"Organization\",\"@id\":\"https:\/\/www.pogotowieflagowe.pl\/aktualne\/#organization\",\"name\":\"POGOTOWIE FLAGOWE\u00ae\",\"url\":\"https:\/\/www.pogotowieflagowe.pl\/aktualne\/\",\"logo\":{\"@type\":\"ImageObject\",\"inLanguage\":\"pl-PL\",\"@id\":\"https:\/\/www.pogotowieflagowe.pl\/aktualne\/#\/schema\/logo\/image\/\",\"url\":\"https:\/\/www.pogotowieflagowe.pl\/aktualne\/wp-content\/uploads\/2024\/08\/cropped-pogotowieflagowe_flaga_projekt_sm.jpg\",\"contentUrl\":\"https:\/\/www.pogotowieflagowe.pl\/aktualne\/wp-content\/uploads\/2024\/08\/cropped-pogotowieflagowe_flaga_projekt_sm.jpg\",\"width\":250,\"height\":143,\"caption\":\"POGOTOWIE FLAGOWE\u00ae\"},\"image\":{\"@id\":\"https:\/\/www.pogotowieflagowe.pl\/aktualne\/#\/schema\/logo\/image\/\"}},{\"@type\":\"Person\",\"@id\":\"https:\/\/www.pogotowieflagowe.pl\/aktualne\/#\/schema\/person\/9c2fb7d2362ebf6fa088960d7f0d27b0\",\"name\":\"Filip\",\"image\":{\"@type\":\"ImageObject\",\"inLanguage\":\"pl-PL\",\"@id\":\"https:\/\/www.pogotowieflagowe.pl\/aktualne\/#\/schema\/person\/image\/\",\"url\":\"https:\/\/www.pogotowieflagowe.pl\/aktualne\/wp-content\/uploads\/2024\/08\/pogotowieflagowe.pl_.jpg\",\"contentUrl\":\"https:\/\/www.pogotowieflagowe.pl\/aktualne\/wp-content\/uploads\/2024\/08\/pogotowieflagowe.pl_.jpg\",\"caption\":\"Filip\"},\"description\":\"Jestem Filip, polski dziennikarz z dyplomem nauk politycznych Uniwersytetu Warszawskiego. Rozpoczynaj\u0105c swoj\u0105 karier\u0119 w r\u00f3\u017cnych lokalnych mediach, zdoby\u0142em solidne do\u015bwiadczenie w zakresie \u015bledztwa i redakcji. Obecnie jako redaktor w Pogotowie flagowe, staram si\u0119 dostarcza\u0107 dog\u0142\u0119bne i istotne analizy na temat najwa\u017cniejszych kwestii aktualno\u015bci, \u0142\u0105cz\u0105c rygor z pasj\u0105 dziennikarsk\u0105.\",\"sameAs\":[\"https:\/\/www.pogotowieflagowe.pl\/\"]}]}<\/script>\n<!-- \/ Yoast SEO plugin. -->","yoast_head_json":{"title":"Zesp\u00f3\u0142 prokurator\u00f3w Bodnara prowadz\u0105cy dochodzenie w sprawie obro\u0144c\u00f3w granicznych - 24 zbadane sprawy - POGOTOWIE FLAGOWE\u00ae","robots":{"index":"index","follow":"follow","max-snippet":"max-snippet:-1","max-image-preview":"max-image-preview:large","max-video-preview":"max-video-preview:-1"},"canonical":"https:\/\/www.pogotowieflagowe.pl\/aktualne\/zespol-prokuratorow-bodnara-prowadzacy-dochodzenie-w-sprawie-obroncow-granicznych-24-zbadane-sprawy\/","og_locale":"pl_PL","og_type":"article","og_title":"Zesp\u00f3\u0142 prokurator\u00f3w Bodnara prowadz\u0105cy dochodzenie w sprawie obro\u0144c\u00f3w granicznych - 24 zbadane sprawy - POGOTOWIE FLAGOWE\u00ae","og_description":"Specjalny zesp\u00f3\u0142 prokurator\u00f3w zosta\u0142 utworzony w prokuraturze okr\u0119gowej w Siedlce w celu zbadania raport\u00f3w dotycz\u0105cych obro\u0144c\u00f3w granicy polsko-m\u00f3zgowej. \u201eZesp\u00f3\u0142 prowadzi\u0142","og_url":"https:\/\/www.pogotowieflagowe.pl\/aktualne\/zespol-prokuratorow-bodnara-prowadzacy-dochodzenie-w-sprawie-obroncow-granicznych-24-zbadane-sprawy\/","og_site_name":"POGOTOWIE FLAGOWE\u00ae","article_published_time":"2025-07-10T14:48:19+00:00","article_modified_time":"2025-07-10T14:48:20+00:00","og_image":[{"width":1280,"height":720,"url":"https:\/\/www.pogotowieflagowe.pl\/aktualne\/wp-content\/uploads\/2025\/07\/Zespol-prokuratorow-Bodnara-prowadzacy-dochodzenie-w-sprawie-obroncow-granicznych.webp.webp","type":"image\/webp"}],"author":"Filip","twitter_card":"summary_large_image","twitter_misc":{"Napisane przez":"Filip","Szacowany czas czytania":"3 minuty"},"schema":{"@context":"https:\/\/schema.org","@graph":[{"@type":"Article","@id":"https:\/\/www.pogotowieflagowe.pl\/aktualne\/zespol-prokuratorow-bodnara-prowadzacy-dochodzenie-w-sprawie-obroncow-granicznych-24-zbadane-sprawy\/#article","isPartOf":{"@id":"https:\/\/www.pogotowieflagowe.pl\/aktualne\/zespol-prokuratorow-bodnara-prowadzacy-dochodzenie-w-sprawie-obroncow-granicznych-24-zbadane-sprawy\/"},"author":{"name":"Filip","@id":"https:\/\/www.pogotowieflagowe.pl\/aktualne\/#\/schema\/person\/9c2fb7d2362ebf6fa088960d7f0d27b0"},"headline":"Zesp\u00f3\u0142 prokurator\u00f3w Bodnara prowadz\u0105cy dochodzenie w sprawie obro\u0144c\u00f3w granicznych &#8211; 24 zbadane sprawy","datePublished":"2025-07-10T14:48:19+00:00","dateModified":"2025-07-10T14:48:20+00:00","mainEntityOfPage":{"@id":"https:\/\/www.pogotowieflagowe.pl\/aktualne\/zespol-prokuratorow-bodnara-prowadzacy-dochodzenie-w-sprawie-obroncow-granicznych-24-zbadane-sprawy\/"},"wordCount":644,"publisher":{"@id":"https:\/\/www.pogotowieflagowe.pl\/aktualne\/#organization"},"image":{"@id":"https:\/\/www.pogotowieflagowe.pl\/aktualne\/zespol-prokuratorow-bodnara-prowadzacy-dochodzenie-w-sprawie-obroncow-granicznych-24-zbadane-sprawy\/#primaryimage"},"thumbnailUrl":"https:\/\/www.pogotowieflagowe.pl\/aktualne\/wp-content\/uploads\/2025\/07\/Zespol-prokuratorow-Bodnara-prowadzacy-dochodzenie-w-sprawie-obroncow-granicznych.webp.webp","keywords":["Bodnara","dochodzenie","granicznych","obro\u0144c\u00f3w","prokurator\u00f3w","prowadz\u0105cy","sprawie","sprawy","zbadane","zesp\u00f3\u0142"],"articleSection":["Aktualne"],"inLanguage":"pl-PL"},{"@type":"WebPage","@id":"https:\/\/www.pogotowieflagowe.pl\/aktualne\/zespol-prokuratorow-bodnara-prowadzacy-dochodzenie-w-sprawie-obroncow-granicznych-24-zbadane-sprawy\/","url":"https:\/\/www.pogotowieflagowe.pl\/aktualne\/zespol-prokuratorow-bodnara-prowadzacy-dochodzenie-w-sprawie-obroncow-granicznych-24-zbadane-sprawy\/","name":"Zesp\u00f3\u0142 prokurator\u00f3w Bodnara prowadz\u0105cy dochodzenie w sprawie obro\u0144c\u00f3w granicznych - 24 zbadane sprawy - POGOTOWIE FLAGOWE\u00ae","isPartOf":{"@id":"https:\/\/www.pogotowieflagowe.pl\/aktualne\/#website"},"primaryImageOfPage":{"@id":"https:\/\/www.pogotowieflagowe.pl\/aktualne\/zespol-prokuratorow-bodnara-prowadzacy-dochodzenie-w-sprawie-obroncow-granicznych-24-zbadane-sprawy\/#primaryimage"},"image":{"@id":"https:\/\/www.pogotowieflagowe.pl\/aktualne\/zespol-prokuratorow-bodnara-prowadzacy-dochodzenie-w-sprawie-obroncow-granicznych-24-zbadane-sprawy\/#primaryimage"},"thumbnailUrl":"https:\/\/www.pogotowieflagowe.pl\/aktualne\/wp-content\/uploads\/2025\/07\/Zespol-prokuratorow-Bodnara-prowadzacy-dochodzenie-w-sprawie-obroncow-granicznych.webp.webp","datePublished":"2025-07-10T14:48:19+00:00","dateModified":"2025-07-10T14:48:20+00:00","breadcrumb":{"@id":"https:\/\/www.pogotowieflagowe.pl\/aktualne\/zespol-prokuratorow-bodnara-prowadzacy-dochodzenie-w-sprawie-obroncow-granicznych-24-zbadane-sprawy\/#breadcrumb"},"inLanguage":"pl-PL","potentialAction":[{"@type":"ReadAction","target":["https:\/\/www.pogotowieflagowe.pl\/aktualne\/zespol-prokuratorow-bodnara-prowadzacy-dochodzenie-w-sprawie-obroncow-granicznych-24-zbadane-sprawy\/"]}]},{"@type":"ImageObject","inLanguage":"pl-PL","@id":"https:\/\/www.pogotowieflagowe.pl\/aktualne\/zespol-prokuratorow-bodnara-prowadzacy-dochodzenie-w-sprawie-obroncow-granicznych-24-zbadane-sprawy\/#primaryimage","url":"https:\/\/www.pogotowieflagowe.pl\/aktualne\/wp-content\/uploads\/2025\/07\/Zespol-prokuratorow-Bodnara-prowadzacy-dochodzenie-w-sprawie-obroncow-granicznych.webp.webp","contentUrl":"https:\/\/www.pogotowieflagowe.pl\/aktualne\/wp-content\/uploads\/2025\/07\/Zespol-prokuratorow-Bodnara-prowadzacy-dochodzenie-w-sprawie-obroncow-granicznych.webp.webp","width":1280,"height":720,"caption":"Zesp\u00f3\u0142 prokurator\u00f3w Bodnara prowadz\u0105cy dochodzenie w sprawie obro\u0144c\u00f3w granicznych - 24 zbadane sprawy"},{"@type":"BreadcrumbList","@id":"https:\/\/www.pogotowieflagowe.pl\/aktualne\/zespol-prokuratorow-bodnara-prowadzacy-dochodzenie-w-sprawie-obroncow-granicznych-24-zbadane-sprawy\/#breadcrumb","itemListElement":[{"@type":"ListItem","position":1,"name":"Home","item":"https:\/\/www.pogotowieflagowe.pl\/aktualne\/"},{"@type":"ListItem","position":2,"name":"Zesp\u00f3\u0142 prokurator\u00f3w Bodnara prowadz\u0105cy dochodzenie w sprawie obro\u0144c\u00f3w granicznych &#8211; 24 zbadane sprawy"}]},{"@type":"WebSite","@id":"https:\/\/www.pogotowieflagowe.pl\/aktualne\/#website","url":"https:\/\/www.pogotowieflagowe.pl\/aktualne\/","name":"POGOTOWIE FLAGOWE\u00ae","description":"","publisher":{"@id":"https:\/\/www.pogotowieflagowe.pl\/aktualne\/#organization"},"potentialAction":[{"@type":"SearchAction","target":{"@type":"EntryPoint","urlTemplate":"https:\/\/www.pogotowieflagowe.pl\/aktualne\/?s={search_term_string}"},"query-input":"required name=search_term_string"}],"inLanguage":"pl-PL"},{"@type":"Organization","@id":"https:\/\/www.pogotowieflagowe.pl\/aktualne\/#organization","name":"POGOTOWIE FLAGOWE\u00ae","url":"https:\/\/www.pogotowieflagowe.pl\/aktualne\/","logo":{"@type":"ImageObject","inLanguage":"pl-PL","@id":"https:\/\/www.pogotowieflagowe.pl\/aktualne\/#\/schema\/logo\/image\/","url":"https:\/\/www.pogotowieflagowe.pl\/aktualne\/wp-content\/uploads\/2024\/08\/cropped-pogotowieflagowe_flaga_projekt_sm.jpg","contentUrl":"https:\/\/www.pogotowieflagowe.pl\/aktualne\/wp-content\/uploads\/2024\/08\/cropped-pogotowieflagowe_flaga_projekt_sm.jpg","width":250,"height":143,"caption":"POGOTOWIE FLAGOWE\u00ae"},"image":{"@id":"https:\/\/www.pogotowieflagowe.pl\/aktualne\/#\/schema\/logo\/image\/"}},{"@type":"Person","@id":"https:\/\/www.pogotowieflagowe.pl\/aktualne\/#\/schema\/person\/9c2fb7d2362ebf6fa088960d7f0d27b0","name":"Filip","image":{"@type":"ImageObject","inLanguage":"pl-PL","@id":"https:\/\/www.pogotowieflagowe.pl\/aktualne\/#\/schema\/person\/image\/","url":"https:\/\/www.pogotowieflagowe.pl\/aktualne\/wp-content\/uploads\/2024\/08\/pogotowieflagowe.pl_.jpg","contentUrl":"https:\/\/www.pogotowieflagowe.pl\/aktualne\/wp-content\/uploads\/2024\/08\/pogotowieflagowe.pl_.jpg","caption":"Filip"},"description":"Jestem Filip, polski dziennikarz z dyplomem nauk politycznych Uniwersytetu Warszawskiego. Rozpoczynaj\u0105c swoj\u0105 karier\u0119 w r\u00f3\u017cnych lokalnych mediach, zdoby\u0142em solidne do\u015bwiadczenie w zakresie \u015bledztwa i redakcji. Obecnie jako redaktor w Pogotowie flagowe, staram si\u0119 dostarcza\u0107 dog\u0142\u0119bne i istotne analizy na temat najwa\u017cniejszych kwestii aktualno\u015bci, \u0142\u0105cz\u0105c rygor z pasj\u0105 dziennikarsk\u0105.","sameAs":["https:\/\/www.pogotowieflagowe.pl\/"]}]}},"_links":{"self":[{"href":"https:\/\/www.pogotowieflagowe.pl\/aktualne\/wp-json\/wp\/v2\/posts\/6646","targetHints":{"allow":["GET"]}}],"collection":[{"href":"https:\/\/www.pogotowieflagowe.pl\/aktualne\/wp-json\/wp\/v2\/posts"}],"about":[{"href":"https:\/\/www.pogotowieflagowe.pl\/aktualne\/wp-json\/wp\/v2\/types\/post"}],"author":[{"embeddable":true,"href":"https:\/\/www.pogotowieflagowe.pl\/aktualne\/wp-json\/wp\/v2\/users\/1"}],"replies":[{"embeddable":true,"href":"https:\/\/www.pogotowieflagowe.pl\/aktualne\/wp-json\/wp\/v2\/comments?post=6646"}],"version-history":[{"count":1,"href":"https:\/\/www.pogotowieflagowe.pl\/aktualne\/wp-json\/wp\/v2\/posts\/6646\/revisions"}],"predecessor-version":[{"id":6648,"href":"https:\/\/www.pogotowieflagowe.pl\/aktualne\/wp-json\/wp\/v2\/posts\/6646\/revisions\/6648"}],"wp:featuredmedia":[{"embeddable":true,"href":"https:\/\/www.pogotowieflagowe.pl\/aktualne\/wp-json\/wp\/v2\/media\/6647"}],"wp:attachment":[{"href":"https:\/\/www.pogotowieflagowe.pl\/aktualne\/wp-json\/wp\/v2\/media?parent=6646"}],"wp:term":[{"taxonomy":"category","embeddable":true,"href":"https:\/\/www.pogotowieflagowe.pl\/aktualne\/wp-json\/wp\/v2\/categories?post=6646"},{"taxonomy":"post_tag","embeddable":true,"href":"https:\/\/www.pogotowieflagowe.pl\/aktualne\/wp-json\/wp\/v2\/tags?post=6646"}],"curies":[{"name":"wp","href":"https:\/\/api.w.org\/{rel}","templated":true}]}}