{"id":6649,"date":"2025-07-10T21:48:09","date_gmt":"2025-07-10T19:48:09","guid":{"rendered":"https:\/\/www.pogotowieflagowe.pl\/aktualne\/odrzucil-ruch-bez-zaufania-przeciwko-von-der-leyen-te-meps-z-polski-glosowali-przeciwko-temu\/"},"modified":"2025-07-10T21:48:09","modified_gmt":"2025-07-10T19:48:09","slug":"odrzucil-ruch-bez-zaufania-przeciwko-von-der-leyen-te-meps-z-polski-glosowali-przeciwko-temu","status":"publish","type":"post","link":"https:\/\/www.pogotowieflagowe.pl\/aktualne\/odrzucil-ruch-bez-zaufania-przeciwko-von-der-leyen-te-meps-z-polski-glosowali-przeciwko-temu\/","title":{"rendered":"Odrzuci\u0142 ruch bez zaufania przeciwko von der Leyen. Te MEPS z Polski g\u0142osowali przeciwko temu"},"content":{"rendered":"\n<div class=\"td_block_wrap tdb_single_content tdi_41 td-pb-border-top td_block_template_8 td-post-content tagdiv-type\" data-td-block-uid=\"tdi_41\">\n<style>.tdi_41 {margin-top: 0px! Wa\u017cne; margines-bottom: 0px! WA\u017bNY; PALDING-TOP: 0PX! WA\u017bNY; PALDING-BOTTOM: 0PX! WA\u017bNE}<\/style>\n<style>.tdb_single_content {margin-bottom: 0;*zoom: 1} .tdb_single_content: wcze\u015bniej, .tdb_single_content: po {display: Table; content: ''; line-height: 0} .TDB-BLOCK-INner>*: nie (.WP-BLOCK-QUOTE): not (.alignSwide): not (.Alignfull.wp-block-cover.has-parallax): not (.td-a-ad) {margin-left: auto; margin-right: auto} .tdb_single_ConTent a {wska\u017anik-events: auto} .tdb_single_content .td-spot-id-top_ad .tdc-placeholder-title: przed {content: \u201eArtyku\u0142 top ad\u201d! Wa\u017cne} .tdb_single_content .td-Spot-Id-inline_ad0 .tdc-placeholder-title 1 '! Wa\u017cne} .tdb_single_content .td-Spot-Id-inline_Ad1 .tdc-Placeholder-Title: przed {content: \u201eArtyku\u0142 inline AD 2'! Wa\u017cny} .tdb_single_content. 3 '! Wa\u017cne} .tdb_single_content .td-Spot-Id-Bottom_Ad .tdc-Placeholder-Title: przed {content: \u201eArtyku\u0142 Bottom Ad\u201d! Wa\u017cne} .tdb_single_content .id_top_ad, .tdb_single_content_content .id_bottom_ad {clear: oba; margin-bottom: 21px; text-align: Center} .tdb_single_content .id_top_ad img, .tdb_single_content .id_bottom_ad img {margin-bottom: 0} .tdb_single_conTent .id_top_ad .adsbyGoogle, .tdb_single_content .id_bottom_ad .adsbyGoogle {pozycja: relatyw} .tdb_single_content .id_ad_content-horiz-left, .tdb_single_content .id_ad_content-horiz-right, .tdb_single_content .id_ad_content-horiz-Center {margin-bottom: 15px} .tdb_single_content .id_ad_content-horiz-left Img, .tdb_single_content .id_ad_content-horiz-right img, .tdb_single_content .id_ad_content-horiz-centerter img {margin-bottom: 0} .tdb_single_content .id_ad_content-horiz-center {text-align: Center} .tdb_single_content .id_ad_content-horiz-center img {margin-right: auto; margin-let: auto} .tdb_single_content .id_ad_content-horiz-left {float: left; margin-top: 9px; margin-right: 21px} .tdb_single_content .id_ad_content-horiz-right {float: margin-top: 6px; margin-left: 21px} .tdb_single_content .tdc-a-a-ad .TDC-Placeholder-Title {szeroko\u015b\u0107: 300px; height: 250px} .tdb_single_content .tdc-a-ad .TDC-Placeholder-Title: Przed {Pozycja: Absolute; TOP: 50%;-WebKit-Transform: Translatey (-50%); Transform: Translatey (-50%); margines: auto; Display: Tabela; szeroko\u015b\u0107: 100%}. tdb_single_content .TDB-BLOCK-INNER.TD-FIX-INDEX {Word-Break: Break-word} .tdi_41, .tdi_41> p, .tdi_41 .tdb-block-inner> p, .Wp-Block-Column> p {font-size: 16px! Wa\u017cne; wa\u017cny; p {font-styl: normalne! Wa\u017cne} @media (Max-Width: 767px) {. tdb_single_content .id_ad_content-horiz-left, .tdb_single_content .id_ad_content-horiz-right, .tdb_single_content .id_ad_content-horiz-centter {Margin: 0 AUTO 26PXX auto}}@media (Max-Width: 767px) {. tdb_single_content .id_ad_content-horiz-left {margin-right: 0}}@media (max-width: 767px) {. (Max-Width: 767px) {. tdb_single_content .td-a-ad {float: none; text-align: Center} .tdb_single_content .td-a-ad img {margin-right: auto; margin-left: auto} .tdb_single_content .tdc-a-a-a-{margin-right: auto; margin-left: auto} .tdb_single_content .tdd<\/style>\n<div class=\"tdb-block-inner td-fix-index\">\n<p>\u201eNasi wsp\u00f3\u0142obywatele musz\u0105 wiedzie\u0107 &#8211; nie z rozmowy, ale z g\u0142os\u00f3w &#8211; kt\u00f3rzy popieraj\u0105 t\u0119 szalon\u0105 polityk\u0119\u201d, stwierdzi\u0142 PIS PES Patryk Jaki na platformie X po g\u0142osowaniu w sprawie wniosku o brak zaufania do Komisji Europejskiej, kierowanej przez Ursula von der Leyena. W czwartek parlament europejski odrzuci\u0142 wniosek, a 360 MEPS g\u0142osowa\u0142o przeciwko niemu. W\u015br\u00f3d nich byli tak\u017ce politycy z Polski.<\/p>\n<p>W czwartek Parlament Europejski g\u0142osowa\u0142 na wniosek o brak zaufania do Komisji Europejskiej pod kierownictwem Ursuli von Der Leyena. Wniosek zosta\u0142 przed\u0142o\u017cony przez rumu\u0144skiego pos\u0142\u00f3w PE Gheorghe Piperea z Sojuszu na rzecz Unii Rumunii (AUR), kt\u00f3ra jest cz\u0119\u015bci\u0105 grupy europejskich konserwatyst\u00f3w i reformist\u00f3w (ECR).<\/p>\n<p>W g\u0142osowaniu wzi\u0119\u0142o udzia\u0142 553 pos\u0142\u00f3w PE. 360 g\u0142osowa\u0142o przeciwko wnioskowi, 175 g\u0142osowa\u0142o na korzy\u015b\u0107, a 18 wstrzyma\u0142o si\u0119.<\/p>\n<p>Patry Patryk Jaki skomentowa\u0142 wynik za po\u015brednictwem medi\u00f3w spo\u0142eczno\u015bciowych. Stwierdzi\u0142, \u017ce \u201epolscy pos\u0142owi bronili\u201d Ursula von der Leyen \u201ei jej program\u201d, zauwa\u017caj\u0105c, \u017ce obejmuje nielegaln\u0105 migracj\u0119, zintensyfikowan\u0105 zielon\u0105 umow\u0119, umow\u0119 handlow\u0105 Mercosur oraz zakaz sprzeda\u017cy samochod\u00f3w silnikowych od 2035 r.<\/p>\n<p>\u201eCo wa\u017cne, Ursula von der Leyen otrzyma\u0142a znacznie mniej g\u0142os\u00f3w ni\u017c rok temu. System, kt\u00f3ry niszczy Europ\u0119, broni sama, ale staje si\u0119 s\u0142abszy. I mamy obowi\u0105zek dzia\u0142a\u0107. Nasi wsp\u00f3\u0142obywatele musz\u0105 wiedzie\u0107 &#8211; nie z rozmowy, ale z g\u0142os\u00f3w &#8211; kt\u00f3rzy popieraj\u0105 t\u0119 szalon\u0105 polityk\u0119\u201d &#8211; podkre\u015bli\u0142.<br \/>Lista MEPS<\/p>\n<p>Polityk opublikowa\u0142 tak\u017ce list\u0119 polskich pos\u0142\u00f3w pos\u0142\u00f3w, kt\u00f3rzy g\u0142osowali przeciwko usuni\u0119ciu szefa Komisji Europejskiej. Lista obejmuje:<\/p>\n<ul class=\"wp-block-list\">\n<li>Magdalena Adamowicz<\/li>\n<li>Bartosz Ar\u0142ukowicz<\/li>\n<li>KZYZTOF BREJZA<\/li>\n<li>AndrzeJ Bu\u0142a<\/li>\n<li>Kamila Gasiuk-Pihowicz<\/li>\n<li>AndrzeJ Halicki<\/li>\n<li>Dariusz Ja\u0144ski<\/li>\n<li>\u0141ukasz Kohut<\/li>\n<li>EWA KOPACZ<\/li>\n<li>Janusz Lewandowski<\/li>\n<li>El\u017cbieta brukacijewska<\/li>\n<li>Jagna Marczu\u0142ajtis-Walczak<\/li>\n<li>Miros\u0142awa Nykiel<\/li>\n<li>Jacek Protas<\/li>\n<li>Bart\u0142omiej Sienkiewicz<\/li>\n<li>Micha\u0142 Wawrykiewicz<\/li>\n<li>MARTA WCIS\u0141O<\/li>\n<li>Bogdan ZDROJEWSKI<\/li>\n<li>Robert Biedro\u0144<\/li>\n<li>Joanna Scheuring-Wielgus<\/li>\n<li>KRZYZTOF \u015aMISZEK<\/li>\n<li>Micha\u0142 Kobosko<\/li>\n<\/ul>\n<\/div>\n<\/div>\n","protected":false},"excerpt":{"rendered":"<p>\u201eNasi wsp\u00f3\u0142obywatele musz\u0105 wiedzie\u0107 &#8211; nie z rozmowy, ale z g\u0142os\u00f3w &#8211; kt\u00f3rzy popieraj\u0105 t\u0119 szalon\u0105 polityk\u0119\u201d, stwierdzi\u0142 PIS PES<\/p>\n","protected":false},"author":1,"featured_media":6159,"comment_status":"closed","ping_status":"","sticky":false,"template":"","format":"standard","meta":{"footnotes":""},"categories":[44],"tags":[2937,4079,8389,4080,8388,8252,72,355,1890,225,4078,3022],"class_list":["post-6649","post","type-post","status-publish","format-standard","has-post-thumbnail","hentry","category-polityka","tag-bez","tag-der","tag-glosowali","tag-leyen","tag-meps","tag-odrzucil","tag-polski","tag-przeciwko","tag-ruch","tag-temu","tag-von","tag-zaufania","generate-columns","tablet-grid-50","mobile-grid-100","grid-parent","grid-50","resize-featured-image"],"yoast_head":"<!-- This site is optimized with the Yoast SEO plugin v23.2 - https:\/\/yoast.com\/wordpress\/plugins\/seo\/ -->\n<title>Odrzuci\u0142 ruch bez zaufania przeciwko von der Leyen. Te MEPS z Polski g\u0142osowali przeciwko temu - POGOTOWIE FLAGOWE\u00ae<\/title>\n<meta name=\"robots\" content=\"index, follow, max-snippet:-1, max-image-preview:large, max-video-preview:-1\" \/>\n<link rel=\"canonical\" href=\"https:\/\/www.pogotowieflagowe.pl\/aktualne\/odrzucil-ruch-bez-zaufania-przeciwko-von-der-leyen-te-meps-z-polski-glosowali-przeciwko-temu\/\" \/>\n<meta property=\"og:locale\" content=\"pl_PL\" \/>\n<meta property=\"og:type\" content=\"article\" \/>\n<meta property=\"og:title\" content=\"Odrzuci\u0142 ruch bez zaufania przeciwko von der Leyen. Te MEPS z Polski g\u0142osowali przeciwko temu - POGOTOWIE FLAGOWE\u00ae\" \/>\n<meta property=\"og:description\" content=\"\u201eNasi wsp\u00f3\u0142obywatele musz\u0105 wiedzie\u0107 &#8211; nie z rozmowy, ale z g\u0142os\u00f3w &#8211; kt\u00f3rzy popieraj\u0105 t\u0119 szalon\u0105 polityk\u0119\u201d, stwierdzi\u0142 PIS PES\" \/>\n<meta property=\"og:url\" content=\"https:\/\/www.pogotowieflagowe.pl\/aktualne\/odrzucil-ruch-bez-zaufania-przeciwko-von-der-leyen-te-meps-z-polski-glosowali-przeciwko-temu\/\" \/>\n<meta property=\"og:site_name\" content=\"POGOTOWIE FLAGOWE\u00ae\" \/>\n<meta property=\"article:published_time\" content=\"2025-07-10T19:48:09+00:00\" \/>\n<meta property=\"og:image\" content=\"https:\/\/www.pogotowieflagowe.pl\/aktualne\/wp-content\/uploads\/2025\/06\/Von-der-Leyen-gratuluje-Nawrockiego-\u201eSygnal-dla-Tuska-aby-nie.jpg\" \/>\n\t<meta property=\"og:image:width\" content=\"1599\" \/>\n\t<meta property=\"og:image:height\" content=\"908\" \/>\n\t<meta property=\"og:image:type\" content=\"image\/jpeg\" \/>\n<meta name=\"author\" content=\"Filip\" \/>\n<meta name=\"twitter:card\" content=\"summary_large_image\" \/>\n<meta name=\"twitter:label1\" content=\"Napisane przez\" \/>\n\t<meta name=\"twitter:data1\" content=\"Filip\" \/>\n\t<meta name=\"twitter:label2\" content=\"Szacowany czas czytania\" \/>\n\t<meta name=\"twitter:data2\" content=\"2 minuty\" \/>\n<script type=\"application\/ld+json\" class=\"yoast-schema-graph\">{\"@context\":\"https:\/\/schema.org\",\"@graph\":[{\"@type\":\"Article\",\"@id\":\"https:\/\/www.pogotowieflagowe.pl\/aktualne\/odrzucil-ruch-bez-zaufania-przeciwko-von-der-leyen-te-meps-z-polski-glosowali-przeciwko-temu\/#article\",\"isPartOf\":{\"@id\":\"https:\/\/www.pogotowieflagowe.pl\/aktualne\/odrzucil-ruch-bez-zaufania-przeciwko-von-der-leyen-te-meps-z-polski-glosowali-przeciwko-temu\/\"},\"author\":{\"name\":\"Filip\",\"@id\":\"https:\/\/www.pogotowieflagowe.pl\/aktualne\/#\/schema\/person\/9c2fb7d2362ebf6fa088960d7f0d27b0\"},\"headline\":\"Odrzuci\u0142 ruch bez zaufania przeciwko von der Leyen. Te MEPS z Polski g\u0142osowali przeciwko temu\",\"datePublished\":\"2025-07-10T19:48:09+00:00\",\"dateModified\":\"2025-07-10T19:48:09+00:00\",\"mainEntityOfPage\":{\"@id\":\"https:\/\/www.pogotowieflagowe.pl\/aktualne\/odrzucil-ruch-bez-zaufania-przeciwko-von-der-leyen-te-meps-z-polski-glosowali-przeciwko-temu\/\"},\"wordCount\":345,\"publisher\":{\"@id\":\"https:\/\/www.pogotowieflagowe.pl\/aktualne\/#organization\"},\"image\":{\"@id\":\"https:\/\/www.pogotowieflagowe.pl\/aktualne\/odrzucil-ruch-bez-zaufania-przeciwko-von-der-leyen-te-meps-z-polski-glosowali-przeciwko-temu\/#primaryimage\"},\"thumbnailUrl\":\"https:\/\/www.pogotowieflagowe.pl\/aktualne\/wp-content\/uploads\/2025\/06\/Von-der-Leyen-gratuluje-Nawrockiego-\u201eSygnal-dla-Tuska-aby-nie.jpg\",\"keywords\":[\"bez\",\"der\",\"g\u0142osowali\",\"Leyen\",\"MEPS\",\"odrzuci\u0142\",\"polski\",\"przeciwko\",\"ruch\",\"temu\",\"von\",\"zaufania\"],\"articleSection\":[\"Polityka\"],\"inLanguage\":\"pl-PL\"},{\"@type\":\"WebPage\",\"@id\":\"https:\/\/www.pogotowieflagowe.pl\/aktualne\/odrzucil-ruch-bez-zaufania-przeciwko-von-der-leyen-te-meps-z-polski-glosowali-przeciwko-temu\/\",\"url\":\"https:\/\/www.pogotowieflagowe.pl\/aktualne\/odrzucil-ruch-bez-zaufania-przeciwko-von-der-leyen-te-meps-z-polski-glosowali-przeciwko-temu\/\",\"name\":\"Odrzuci\u0142 ruch bez zaufania przeciwko von der Leyen. Te MEPS z Polski g\u0142osowali przeciwko temu - POGOTOWIE FLAGOWE\u00ae\",\"isPartOf\":{\"@id\":\"https:\/\/www.pogotowieflagowe.pl\/aktualne\/#website\"},\"primaryImageOfPage\":{\"@id\":\"https:\/\/www.pogotowieflagowe.pl\/aktualne\/odrzucil-ruch-bez-zaufania-przeciwko-von-der-leyen-te-meps-z-polski-glosowali-przeciwko-temu\/#primaryimage\"},\"image\":{\"@id\":\"https:\/\/www.pogotowieflagowe.pl\/aktualne\/odrzucil-ruch-bez-zaufania-przeciwko-von-der-leyen-te-meps-z-polski-glosowali-przeciwko-temu\/#primaryimage\"},\"thumbnailUrl\":\"https:\/\/www.pogotowieflagowe.pl\/aktualne\/wp-content\/uploads\/2025\/06\/Von-der-Leyen-gratuluje-Nawrockiego-\u201eSygnal-dla-Tuska-aby-nie.jpg\",\"datePublished\":\"2025-07-10T19:48:09+00:00\",\"dateModified\":\"2025-07-10T19:48:09+00:00\",\"breadcrumb\":{\"@id\":\"https:\/\/www.pogotowieflagowe.pl\/aktualne\/odrzucil-ruch-bez-zaufania-przeciwko-von-der-leyen-te-meps-z-polski-glosowali-przeciwko-temu\/#breadcrumb\"},\"inLanguage\":\"pl-PL\",\"potentialAction\":[{\"@type\":\"ReadAction\",\"target\":[\"https:\/\/www.pogotowieflagowe.pl\/aktualne\/odrzucil-ruch-bez-zaufania-przeciwko-von-der-leyen-te-meps-z-polski-glosowali-przeciwko-temu\/\"]}]},{\"@type\":\"ImageObject\",\"inLanguage\":\"pl-PL\",\"@id\":\"https:\/\/www.pogotowieflagowe.pl\/aktualne\/odrzucil-ruch-bez-zaufania-przeciwko-von-der-leyen-te-meps-z-polski-glosowali-przeciwko-temu\/#primaryimage\",\"url\":\"https:\/\/www.pogotowieflagowe.pl\/aktualne\/wp-content\/uploads\/2025\/06\/Von-der-Leyen-gratuluje-Nawrockiego-\u201eSygnal-dla-Tuska-aby-nie.jpg\",\"contentUrl\":\"https:\/\/www.pogotowieflagowe.pl\/aktualne\/wp-content\/uploads\/2025\/06\/Von-der-Leyen-gratuluje-Nawrockiego-\u201eSygnal-dla-Tuska-aby-nie.jpg\",\"width\":1599,\"height\":908,\"caption\":\"Von der Leyen gratuluje Nawrockiego: \u201eSygna\u0142 dla Tuska, aby nie kwestionowa\u0107 wyniku\u201d\"},{\"@type\":\"BreadcrumbList\",\"@id\":\"https:\/\/www.pogotowieflagowe.pl\/aktualne\/odrzucil-ruch-bez-zaufania-przeciwko-von-der-leyen-te-meps-z-polski-glosowali-przeciwko-temu\/#breadcrumb\",\"itemListElement\":[{\"@type\":\"ListItem\",\"position\":1,\"name\":\"Home\",\"item\":\"https:\/\/www.pogotowieflagowe.pl\/aktualne\/\"},{\"@type\":\"ListItem\",\"position\":2,\"name\":\"Odrzuci\u0142 ruch bez zaufania przeciwko von der Leyen. Te MEPS z Polski g\u0142osowali przeciwko temu\"}]},{\"@type\":\"WebSite\",\"@id\":\"https:\/\/www.pogotowieflagowe.pl\/aktualne\/#website\",\"url\":\"https:\/\/www.pogotowieflagowe.pl\/aktualne\/\",\"name\":\"POGOTOWIE FLAGOWE\u00ae\",\"description\":\"\",\"publisher\":{\"@id\":\"https:\/\/www.pogotowieflagowe.pl\/aktualne\/#organization\"},\"potentialAction\":[{\"@type\":\"SearchAction\",\"target\":{\"@type\":\"EntryPoint\",\"urlTemplate\":\"https:\/\/www.pogotowieflagowe.pl\/aktualne\/?s={search_term_string}\"},\"query-input\":\"required name=search_term_string\"}],\"inLanguage\":\"pl-PL\"},{\"@type\":\"Organization\",\"@id\":\"https:\/\/www.pogotowieflagowe.pl\/aktualne\/#organization\",\"name\":\"POGOTOWIE FLAGOWE\u00ae\",\"url\":\"https:\/\/www.pogotowieflagowe.pl\/aktualne\/\",\"logo\":{\"@type\":\"ImageObject\",\"inLanguage\":\"pl-PL\",\"@id\":\"https:\/\/www.pogotowieflagowe.pl\/aktualne\/#\/schema\/logo\/image\/\",\"url\":\"https:\/\/www.pogotowieflagowe.pl\/aktualne\/wp-content\/uploads\/2024\/08\/cropped-pogotowieflagowe_flaga_projekt_sm.jpg\",\"contentUrl\":\"https:\/\/www.pogotowieflagowe.pl\/aktualne\/wp-content\/uploads\/2024\/08\/cropped-pogotowieflagowe_flaga_projekt_sm.jpg\",\"width\":250,\"height\":143,\"caption\":\"POGOTOWIE FLAGOWE\u00ae\"},\"image\":{\"@id\":\"https:\/\/www.pogotowieflagowe.pl\/aktualne\/#\/schema\/logo\/image\/\"}},{\"@type\":\"Person\",\"@id\":\"https:\/\/www.pogotowieflagowe.pl\/aktualne\/#\/schema\/person\/9c2fb7d2362ebf6fa088960d7f0d27b0\",\"name\":\"Filip\",\"image\":{\"@type\":\"ImageObject\",\"inLanguage\":\"pl-PL\",\"@id\":\"https:\/\/www.pogotowieflagowe.pl\/aktualne\/#\/schema\/person\/image\/\",\"url\":\"https:\/\/www.pogotowieflagowe.pl\/aktualne\/wp-content\/uploads\/2024\/08\/pogotowieflagowe.pl_.jpg\",\"contentUrl\":\"https:\/\/www.pogotowieflagowe.pl\/aktualne\/wp-content\/uploads\/2024\/08\/pogotowieflagowe.pl_.jpg\",\"caption\":\"Filip\"},\"description\":\"Jestem Filip, polski dziennikarz z dyplomem nauk politycznych Uniwersytetu Warszawskiego. Rozpoczynaj\u0105c swoj\u0105 karier\u0119 w r\u00f3\u017cnych lokalnych mediach, zdoby\u0142em solidne do\u015bwiadczenie w zakresie \u015bledztwa i redakcji. Obecnie jako redaktor w Pogotowie flagowe, staram si\u0119 dostarcza\u0107 dog\u0142\u0119bne i istotne analizy na temat najwa\u017cniejszych kwestii aktualno\u015bci, \u0142\u0105cz\u0105c rygor z pasj\u0105 dziennikarsk\u0105.\",\"sameAs\":[\"https:\/\/www.pogotowieflagowe.pl\/\"]}]}<\/script>\n<!-- \/ Yoast SEO plugin. -->","yoast_head_json":{"title":"Odrzuci\u0142 ruch bez zaufania przeciwko von der Leyen. Te MEPS z Polski g\u0142osowali przeciwko temu - POGOTOWIE FLAGOWE\u00ae","robots":{"index":"index","follow":"follow","max-snippet":"max-snippet:-1","max-image-preview":"max-image-preview:large","max-video-preview":"max-video-preview:-1"},"canonical":"https:\/\/www.pogotowieflagowe.pl\/aktualne\/odrzucil-ruch-bez-zaufania-przeciwko-von-der-leyen-te-meps-z-polski-glosowali-przeciwko-temu\/","og_locale":"pl_PL","og_type":"article","og_title":"Odrzuci\u0142 ruch bez zaufania przeciwko von der Leyen. Te MEPS z Polski g\u0142osowali przeciwko temu - POGOTOWIE FLAGOWE\u00ae","og_description":"\u201eNasi wsp\u00f3\u0142obywatele musz\u0105 wiedzie\u0107 &#8211; nie z rozmowy, ale z g\u0142os\u00f3w &#8211; kt\u00f3rzy popieraj\u0105 t\u0119 szalon\u0105 polityk\u0119\u201d, stwierdzi\u0142 PIS PES","og_url":"https:\/\/www.pogotowieflagowe.pl\/aktualne\/odrzucil-ruch-bez-zaufania-przeciwko-von-der-leyen-te-meps-z-polski-glosowali-przeciwko-temu\/","og_site_name":"POGOTOWIE FLAGOWE\u00ae","article_published_time":"2025-07-10T19:48:09+00:00","og_image":[{"width":1599,"height":908,"url":"https:\/\/www.pogotowieflagowe.pl\/aktualne\/wp-content\/uploads\/2025\/06\/Von-der-Leyen-gratuluje-Nawrockiego-\u201eSygnal-dla-Tuska-aby-nie.jpg","type":"image\/jpeg"}],"author":"Filip","twitter_card":"summary_large_image","twitter_misc":{"Napisane przez":"Filip","Szacowany czas czytania":"2 minuty"},"schema":{"@context":"https:\/\/schema.org","@graph":[{"@type":"Article","@id":"https:\/\/www.pogotowieflagowe.pl\/aktualne\/odrzucil-ruch-bez-zaufania-przeciwko-von-der-leyen-te-meps-z-polski-glosowali-przeciwko-temu\/#article","isPartOf":{"@id":"https:\/\/www.pogotowieflagowe.pl\/aktualne\/odrzucil-ruch-bez-zaufania-przeciwko-von-der-leyen-te-meps-z-polski-glosowali-przeciwko-temu\/"},"author":{"name":"Filip","@id":"https:\/\/www.pogotowieflagowe.pl\/aktualne\/#\/schema\/person\/9c2fb7d2362ebf6fa088960d7f0d27b0"},"headline":"Odrzuci\u0142 ruch bez zaufania przeciwko von der Leyen. Te MEPS z Polski g\u0142osowali przeciwko temu","datePublished":"2025-07-10T19:48:09+00:00","dateModified":"2025-07-10T19:48:09+00:00","mainEntityOfPage":{"@id":"https:\/\/www.pogotowieflagowe.pl\/aktualne\/odrzucil-ruch-bez-zaufania-przeciwko-von-der-leyen-te-meps-z-polski-glosowali-przeciwko-temu\/"},"wordCount":345,"publisher":{"@id":"https:\/\/www.pogotowieflagowe.pl\/aktualne\/#organization"},"image":{"@id":"https:\/\/www.pogotowieflagowe.pl\/aktualne\/odrzucil-ruch-bez-zaufania-przeciwko-von-der-leyen-te-meps-z-polski-glosowali-przeciwko-temu\/#primaryimage"},"thumbnailUrl":"https:\/\/www.pogotowieflagowe.pl\/aktualne\/wp-content\/uploads\/2025\/06\/Von-der-Leyen-gratuluje-Nawrockiego-\u201eSygnal-dla-Tuska-aby-nie.jpg","keywords":["bez","der","g\u0142osowali","Leyen","MEPS","odrzuci\u0142","polski","przeciwko","ruch","temu","von","zaufania"],"articleSection":["Polityka"],"inLanguage":"pl-PL"},{"@type":"WebPage","@id":"https:\/\/www.pogotowieflagowe.pl\/aktualne\/odrzucil-ruch-bez-zaufania-przeciwko-von-der-leyen-te-meps-z-polski-glosowali-przeciwko-temu\/","url":"https:\/\/www.pogotowieflagowe.pl\/aktualne\/odrzucil-ruch-bez-zaufania-przeciwko-von-der-leyen-te-meps-z-polski-glosowali-przeciwko-temu\/","name":"Odrzuci\u0142 ruch bez zaufania przeciwko von der Leyen. Te MEPS z Polski g\u0142osowali przeciwko temu - POGOTOWIE FLAGOWE\u00ae","isPartOf":{"@id":"https:\/\/www.pogotowieflagowe.pl\/aktualne\/#website"},"primaryImageOfPage":{"@id":"https:\/\/www.pogotowieflagowe.pl\/aktualne\/odrzucil-ruch-bez-zaufania-przeciwko-von-der-leyen-te-meps-z-polski-glosowali-przeciwko-temu\/#primaryimage"},"image":{"@id":"https:\/\/www.pogotowieflagowe.pl\/aktualne\/odrzucil-ruch-bez-zaufania-przeciwko-von-der-leyen-te-meps-z-polski-glosowali-przeciwko-temu\/#primaryimage"},"thumbnailUrl":"https:\/\/www.pogotowieflagowe.pl\/aktualne\/wp-content\/uploads\/2025\/06\/Von-der-Leyen-gratuluje-Nawrockiego-\u201eSygnal-dla-Tuska-aby-nie.jpg","datePublished":"2025-07-10T19:48:09+00:00","dateModified":"2025-07-10T19:48:09+00:00","breadcrumb":{"@id":"https:\/\/www.pogotowieflagowe.pl\/aktualne\/odrzucil-ruch-bez-zaufania-przeciwko-von-der-leyen-te-meps-z-polski-glosowali-przeciwko-temu\/#breadcrumb"},"inLanguage":"pl-PL","potentialAction":[{"@type":"ReadAction","target":["https:\/\/www.pogotowieflagowe.pl\/aktualne\/odrzucil-ruch-bez-zaufania-przeciwko-von-der-leyen-te-meps-z-polski-glosowali-przeciwko-temu\/"]}]},{"@type":"ImageObject","inLanguage":"pl-PL","@id":"https:\/\/www.pogotowieflagowe.pl\/aktualne\/odrzucil-ruch-bez-zaufania-przeciwko-von-der-leyen-te-meps-z-polski-glosowali-przeciwko-temu\/#primaryimage","url":"https:\/\/www.pogotowieflagowe.pl\/aktualne\/wp-content\/uploads\/2025\/06\/Von-der-Leyen-gratuluje-Nawrockiego-\u201eSygnal-dla-Tuska-aby-nie.jpg","contentUrl":"https:\/\/www.pogotowieflagowe.pl\/aktualne\/wp-content\/uploads\/2025\/06\/Von-der-Leyen-gratuluje-Nawrockiego-\u201eSygnal-dla-Tuska-aby-nie.jpg","width":1599,"height":908,"caption":"Von der Leyen gratuluje Nawrockiego: \u201eSygna\u0142 dla Tuska, aby nie kwestionowa\u0107 wyniku\u201d"},{"@type":"BreadcrumbList","@id":"https:\/\/www.pogotowieflagowe.pl\/aktualne\/odrzucil-ruch-bez-zaufania-przeciwko-von-der-leyen-te-meps-z-polski-glosowali-przeciwko-temu\/#breadcrumb","itemListElement":[{"@type":"ListItem","position":1,"name":"Home","item":"https:\/\/www.pogotowieflagowe.pl\/aktualne\/"},{"@type":"ListItem","position":2,"name":"Odrzuci\u0142 ruch bez zaufania przeciwko von der Leyen. Te MEPS z Polski g\u0142osowali przeciwko temu"}]},{"@type":"WebSite","@id":"https:\/\/www.pogotowieflagowe.pl\/aktualne\/#website","url":"https:\/\/www.pogotowieflagowe.pl\/aktualne\/","name":"POGOTOWIE FLAGOWE\u00ae","description":"","publisher":{"@id":"https:\/\/www.pogotowieflagowe.pl\/aktualne\/#organization"},"potentialAction":[{"@type":"SearchAction","target":{"@type":"EntryPoint","urlTemplate":"https:\/\/www.pogotowieflagowe.pl\/aktualne\/?s={search_term_string}"},"query-input":"required name=search_term_string"}],"inLanguage":"pl-PL"},{"@type":"Organization","@id":"https:\/\/www.pogotowieflagowe.pl\/aktualne\/#organization","name":"POGOTOWIE FLAGOWE\u00ae","url":"https:\/\/www.pogotowieflagowe.pl\/aktualne\/","logo":{"@type":"ImageObject","inLanguage":"pl-PL","@id":"https:\/\/www.pogotowieflagowe.pl\/aktualne\/#\/schema\/logo\/image\/","url":"https:\/\/www.pogotowieflagowe.pl\/aktualne\/wp-content\/uploads\/2024\/08\/cropped-pogotowieflagowe_flaga_projekt_sm.jpg","contentUrl":"https:\/\/www.pogotowieflagowe.pl\/aktualne\/wp-content\/uploads\/2024\/08\/cropped-pogotowieflagowe_flaga_projekt_sm.jpg","width":250,"height":143,"caption":"POGOTOWIE FLAGOWE\u00ae"},"image":{"@id":"https:\/\/www.pogotowieflagowe.pl\/aktualne\/#\/schema\/logo\/image\/"}},{"@type":"Person","@id":"https:\/\/www.pogotowieflagowe.pl\/aktualne\/#\/schema\/person\/9c2fb7d2362ebf6fa088960d7f0d27b0","name":"Filip","image":{"@type":"ImageObject","inLanguage":"pl-PL","@id":"https:\/\/www.pogotowieflagowe.pl\/aktualne\/#\/schema\/person\/image\/","url":"https:\/\/www.pogotowieflagowe.pl\/aktualne\/wp-content\/uploads\/2024\/08\/pogotowieflagowe.pl_.jpg","contentUrl":"https:\/\/www.pogotowieflagowe.pl\/aktualne\/wp-content\/uploads\/2024\/08\/pogotowieflagowe.pl_.jpg","caption":"Filip"},"description":"Jestem Filip, polski dziennikarz z dyplomem nauk politycznych Uniwersytetu Warszawskiego. Rozpoczynaj\u0105c swoj\u0105 karier\u0119 w r\u00f3\u017cnych lokalnych mediach, zdoby\u0142em solidne do\u015bwiadczenie w zakresie \u015bledztwa i redakcji. Obecnie jako redaktor w Pogotowie flagowe, staram si\u0119 dostarcza\u0107 dog\u0142\u0119bne i istotne analizy na temat najwa\u017cniejszych kwestii aktualno\u015bci, \u0142\u0105cz\u0105c rygor z pasj\u0105 dziennikarsk\u0105.","sameAs":["https:\/\/www.pogotowieflagowe.pl\/"]}]}},"_links":{"self":[{"href":"https:\/\/www.pogotowieflagowe.pl\/aktualne\/wp-json\/wp\/v2\/posts\/6649","targetHints":{"allow":["GET"]}}],"collection":[{"href":"https:\/\/www.pogotowieflagowe.pl\/aktualne\/wp-json\/wp\/v2\/posts"}],"about":[{"href":"https:\/\/www.pogotowieflagowe.pl\/aktualne\/wp-json\/wp\/v2\/types\/post"}],"author":[{"embeddable":true,"href":"https:\/\/www.pogotowieflagowe.pl\/aktualne\/wp-json\/wp\/v2\/users\/1"}],"replies":[{"embeddable":true,"href":"https:\/\/www.pogotowieflagowe.pl\/aktualne\/wp-json\/wp\/v2\/comments?post=6649"}],"version-history":[{"count":1,"href":"https:\/\/www.pogotowieflagowe.pl\/aktualne\/wp-json\/wp\/v2\/posts\/6649\/revisions"}],"predecessor-version":[{"id":6650,"href":"https:\/\/www.pogotowieflagowe.pl\/aktualne\/wp-json\/wp\/v2\/posts\/6649\/revisions\/6650"}],"wp:featuredmedia":[{"embeddable":true,"href":"https:\/\/www.pogotowieflagowe.pl\/aktualne\/wp-json\/wp\/v2\/media\/6159"}],"wp:attachment":[{"href":"https:\/\/www.pogotowieflagowe.pl\/aktualne\/wp-json\/wp\/v2\/media?parent=6649"}],"wp:term":[{"taxonomy":"category","embeddable":true,"href":"https:\/\/www.pogotowieflagowe.pl\/aktualne\/wp-json\/wp\/v2\/categories?post=6649"},{"taxonomy":"post_tag","embeddable":true,"href":"https:\/\/www.pogotowieflagowe.pl\/aktualne\/wp-json\/wp\/v2\/tags?post=6649"}],"curies":[{"name":"wp","href":"https:\/\/api.w.org\/{rel}","templated":true}]}}