{"id":6651,"date":"2025-07-10T22:47:31","date_gmt":"2025-07-10T20:47:31","guid":{"rendered":"https:\/\/www.pogotowieflagowe.pl\/aktualne\/bodnar-zemsci-sie-na-bakiewicz-przywracajac-wyrok-sadowy-w-oficjalnym-oswiadczeniu-odnosi-sie-do-babci-kasia\/"},"modified":"2025-07-10T22:47:32","modified_gmt":"2025-07-10T20:47:32","slug":"bodnar-zemsci-sie-na-bakiewicz-przywracajac-wyrok-sadowy-w-oficjalnym-oswiadczeniu-odnosi-sie-do-babci-kasia","status":"publish","type":"post","link":"https:\/\/www.pogotowieflagowe.pl\/aktualne\/bodnar-zemsci-sie-na-bakiewicz-przywracajac-wyrok-sadowy-w-oficjalnym-oswiadczeniu-odnosi-sie-do-babci-kasia\/","title":{"rendered":"Bodnar zem\u015bci si\u0119 na B\u0105kiewicz, przywracaj\u0105c wyrok s\u0105dowy &#8211; w oficjalnym o\u015bwiadczeniu odnosi si\u0119 do \u201ebabci Kasia\u201d"},"content":{"rendered":"\n<div class=\"td_block_wrap tdb_single_content tdi_41 td-pb-border-top td_block_template_8 td-post-content tagdiv-type\" data-td-block-uid=\"tdi_41\">\n<style>.tdi_41 {margin-top: 0px! Wa\u017cne; margines-bottom: 0px! WA\u017bNY; PALDING-TOP: 0PX! WA\u017bNY; PALDING-BOTTOM: 0PX! WA\u017bNE}<\/style>\n<style>.tdb_single_content {margin-bottom: 0;*zoom: 1} .tdb_single_content: wcze\u015bniej, .tdb_single_content: po {display: Table; content: ''; line-height: 0} .TDB-BLOCK-INner>*: nie (.WP-BLOCK-QUOTE): not (.alignSwide): not (.Alignfull.wp-block-cover.has-parallax): not (.td-a-ad) {margin-left: auto; margin-right: auto} .tdb_single_ConTent a {wska\u017anik-events: auto} .tdb_single_content .td-spot-id-top_ad .tdc-placeholder-title: przed {content: \u201eArtyku\u0142 top ad\u201d! Wa\u017cne} .tdb_single_content .td-Spot-Id-inline_ad0 .tdc-placeholder-title 1 '! Wa\u017cne} .tdb_single_content .td-Spot-Id-inline_Ad1 .tdc-Placeholder-Title: przed {content: \u201eArtyku\u0142 inline AD 2'! Wa\u017cny} .tdb_single_content. 3 '! Wa\u017cne} .tdb_single_content .td-Spot-Id-Bottom_Ad .tdc-Placeholder-Title: przed {content: \u201eArtyku\u0142 Bottom Ad\u201d! Wa\u017cne} .tdb_single_content .id_top_ad, .tdb_single_content_content .id_bottom_ad {clear: oba; margin-bottom: 21px; text-align: Center} .tdb_single_content .id_top_ad img, .tdb_single_content .id_bottom_ad img {margin-bottom: 0} .tdb_single_conTent .id_top_ad .adsbyGoogle, .tdb_single_content .id_bottom_ad .adsbyGoogle {pozycja: relatyw} .tdb_single_content .id_ad_content-horiz-left, .tdb_single_content .id_ad_content-horiz-right, .tdb_single_content .id_ad_content-horiz-Center {margin-bottom: 15px} .tdb_single_content .id_ad_content-horiz-left Img, .tdb_single_content .id_ad_content-horiz-right img, .tdb_single_content .id_ad_content-horiz-centerter img {margin-bottom: 0} .tdb_single_content .id_ad_content-horiz-center {text-align: Center} .tdb_single_content .id_ad_content-horiz-center img {margin-right: auto; margin-let: auto} .tdb_single_content .id_ad_content-horiz-left {float: left; margin-top: 9px; margin-right: 21px} .tdb_single_content .id_ad_content-horiz-right {float: margin-top: 6px; margin-left: 21px} .tdb_single_content .tdc-a-a-ad .TDC-Placeholder-Title {szeroko\u015b\u0107: 300px; height: 250px} .tdb_single_content .tdc-a-ad .TDC-Placeholder-Title: Przed {Pozycja: Absolute; TOP: 50%;-WebKit-Transform: Translatey (-50%); Transform: Translatey (-50%); margines: auto; Display: Tabela; szeroko\u015b\u0107: 100%}. tdb_single_content .TDB-BLOCK-INNER.TD-FIX-INDEX {Word-Break: Break-word} .tdi_41, .tdi_41> p, .tdi_41 .tdb-block-inner> p, .Wp-Block-Column> p {font-size: 16px! Wa\u017cne; wa\u017cny; p {font-styl: normalne! Wa\u017cne} @media (Max-Width: 767px) {. tdb_single_content .id_ad_content-horiz-left, .tdb_single_content .id_ad_content-horiz-right, .tdb_single_content .id_ad_content-horiz-centter {Margin: 0 AUTO 26PXX auto}}@media (Max-Width: 767px) {. tdb_single_content .id_ad_content-horiz-left {margin-right: 0}}@media (max-width: 767px) {. (Max-Width: 767px) {. tdb_single_content .td-a-ad {float: none; text-align: Center} .tdb_single_content .td-a-ad img {margin-right: auto; margin-left: auto} .tdb_single_content .tdc-a-a-a-{margin-right: auto; margin-left: auto} .tdb_single_content .tdd<\/style>\n<div class=\"tdb-block-inner td-fix-index\">\n<p>Minister sprawiedliwo\u015bci Adam Bodnar postanowi\u0142 odwo\u0142a\u0107 zawieszenie wyroku na\u0142o\u017conego na Roberta B\u0105kiewicza, lidera ruchu obrony granicznej. W grudniu 2023 r. B\u0105kiewicz zosta\u0142 skazany na rok niezap\u0142aconej s\u0142u\u017cby spo\u0142ecznej za \u201enaruszenie integralno\u015bci cielesnej\u201d znanego prowokatora Katarzyny Augustynek. Zdanie zosta\u0142o wcze\u015bniej zawieszone, ale dzi\u015b Bodnar nakaza\u0142 je przeprowadzi\u0107. Co wi\u0119cej, w jego oficjalnym o\u015bwiadczeniu, nazywa Augustyneka jako \u201ebabci Kasia\u201d, tak jakby by\u0142 jej przyjacielem ni\u017c urz\u0119dnikiem pa\u0144stwowym.<\/p>\n<p>\u201e3 listopada 2023 r. Robert B\u0105kiewicz zosta\u0142 zgodnie z prawem skazany za naruszenie cielesnej integralno\u015bci aktywistki Kasii. Wyrok &#8211; jeden rok ograniczenia liberty w formie niezap\u0142aconej s\u0142u\u017cby spo\u0142ecznej przez 30 godzin miesi\u0119cznie i grzywna w wysoko\u015bci 10 000 PLN na rzecz ofiary.<br \/>\u201eWci\u0105\u017c nie ma \u017cadnej decyzji dotycz\u0105cej u\u0142askawienia. W rezultacie przez p\u00f3\u0142tora roku nie zosta\u0142 wykonany zgodny z prawem werdykt. W tym samym czasie wszyscy widzimy, w jaki spos\u00f3b osoba skazana zachowuje si\u0119 po wydaniu orzeczenia. Dlatego zgodnie z obowi\u0105zuj\u0105cym prawem, postanowi\u0142em odwo\u0142a\u0107 nakaz zawieszania egzekucji ko\u0144cowej zdania. Doda\u0142.<br \/>Eksperci prawni komentuj\u0105cy t\u0119 spraw\u0119 jednog\u0142o\u015bnie stwierdzili, \u017ce jest to przypadek motywowanych politycznie represji. \u201eZastanawiam si\u0119, co funkcjonariusze policji, kt\u00f3rzy byli publicznie obra\u017cani przez dzia\u0142acz\u201e babcia Kasia \u201d, bior\u0105c pod uwag\u0119, \u017ce jej sprawa, wniesiona przez prokuratur\u0119 prywatn\u0105, otrzyma\u0142a tak\u0105 interwencj\u0119 na wysokim poziomie od samego prokuratora generalnego\u201d-zauwa\u017cy\u0142 prokurator Bartosz Lewandowski.<\/p>\n<p>Opr\u00f3cz komentarza na temat represji B\u0105kiewicz, u\u017cytkownicy Internetu opublikowali r\u00f3wnie\u017c filmy z wulgarnych \u201edzia\u0142a\u0144\u201d Augustyneka. W jednym z nich krzyczy w kierunku Jaros\u0142aw Kaczy\u0144ski:<\/p>\n<p>\u201eJAKE !!!<\/p>\n<\/div>\n<\/div>\n","protected":false},"excerpt":{"rendered":"<p>Minister sprawiedliwo\u015bci Adam Bodnar postanowi\u0142 odwo\u0142a\u0107 zawieszenie wyroku na\u0142o\u017conego na Roberta B\u0105kiewicza, lidera ruchu obrony granicznej. W grudniu 2023 r.<\/p>\n","protected":false},"author":1,"featured_media":6652,"comment_status":"closed","ping_status":"","sticky":false,"template":"","format":"standard","meta":{"footnotes":""},"categories":[4748],"tags":[4819,6531,4099,8395,8394,8392,8393,8390,8391,150,3042,6187],"class_list":["post-6651","post","type-post","status-publish","format-standard","has-post-thumbnail","hentry","category-aktualne","tag-babci","tag-bakiewicz","tag-bodnar","tag-kasia","tag-odnosi","tag-oficjalnym","tag-oswiadczeniu","tag-przywracajac","tag-sadowy","tag-sie","tag-wyrok","tag-zemsci","generate-columns","tablet-grid-50","mobile-grid-100","grid-parent","grid-50","resize-featured-image"],"yoast_head":"<!-- This site is optimized with the Yoast SEO plugin v23.2 - https:\/\/yoast.com\/wordpress\/plugins\/seo\/ -->\n<title>Bodnar zem\u015bci si\u0119 na B\u0105kiewicz, przywracaj\u0105c wyrok s\u0105dowy - w oficjalnym o\u015bwiadczeniu odnosi si\u0119 do \u201ebabci Kasia\u201d - POGOTOWIE FLAGOWE\u00ae<\/title>\n<meta name=\"robots\" content=\"index, follow, max-snippet:-1, max-image-preview:large, max-video-preview:-1\" \/>\n<link rel=\"canonical\" href=\"https:\/\/www.pogotowieflagowe.pl\/aktualne\/bodnar-zemsci-sie-na-bakiewicz-przywracajac-wyrok-sadowy-w-oficjalnym-oswiadczeniu-odnosi-sie-do-babci-kasia\/\" \/>\n<meta property=\"og:locale\" content=\"pl_PL\" \/>\n<meta property=\"og:type\" content=\"article\" \/>\n<meta property=\"og:title\" content=\"Bodnar zem\u015bci si\u0119 na B\u0105kiewicz, przywracaj\u0105c wyrok s\u0105dowy - w oficjalnym o\u015bwiadczeniu odnosi si\u0119 do \u201ebabci Kasia\u201d - POGOTOWIE FLAGOWE\u00ae\" \/>\n<meta property=\"og:description\" content=\"Minister sprawiedliwo\u015bci Adam Bodnar postanowi\u0142 odwo\u0142a\u0107 zawieszenie wyroku na\u0142o\u017conego na Roberta B\u0105kiewicza, lidera ruchu obrony granicznej. W grudniu 2023 r.\" \/>\n<meta property=\"og:url\" content=\"https:\/\/www.pogotowieflagowe.pl\/aktualne\/bodnar-zemsci-sie-na-bakiewicz-przywracajac-wyrok-sadowy-w-oficjalnym-oswiadczeniu-odnosi-sie-do-babci-kasia\/\" \/>\n<meta property=\"og:site_name\" content=\"POGOTOWIE FLAGOWE\u00ae\" \/>\n<meta property=\"article:published_time\" content=\"2025-07-10T20:47:31+00:00\" \/>\n<meta property=\"article:modified_time\" content=\"2025-07-10T20:47:32+00:00\" \/>\n<meta property=\"og:image\" content=\"https:\/\/www.pogotowieflagowe.pl\/aktualne\/wp-content\/uploads\/2025\/07\/Bodnar-zemsci-sie-na-Bakiewicz-przywracajac-wyrok-sadowy-w.webp.webp\" \/>\n\t<meta property=\"og:image:width\" content=\"1280\" \/>\n\t<meta property=\"og:image:height\" content=\"720\" \/>\n\t<meta property=\"og:image:type\" content=\"image\/webp\" \/>\n<meta name=\"author\" content=\"Filip\" \/>\n<meta name=\"twitter:card\" content=\"summary_large_image\" \/>\n<meta name=\"twitter:label1\" content=\"Napisane przez\" \/>\n\t<meta name=\"twitter:data1\" content=\"Filip\" \/>\n\t<meta name=\"twitter:label2\" content=\"Szacowany czas czytania\" \/>\n\t<meta name=\"twitter:data2\" content=\"1 minuta\" \/>\n<script type=\"application\/ld+json\" class=\"yoast-schema-graph\">{\"@context\":\"https:\/\/schema.org\",\"@graph\":[{\"@type\":\"Article\",\"@id\":\"https:\/\/www.pogotowieflagowe.pl\/aktualne\/bodnar-zemsci-sie-na-bakiewicz-przywracajac-wyrok-sadowy-w-oficjalnym-oswiadczeniu-odnosi-sie-do-babci-kasia\/#article\",\"isPartOf\":{\"@id\":\"https:\/\/www.pogotowieflagowe.pl\/aktualne\/bodnar-zemsci-sie-na-bakiewicz-przywracajac-wyrok-sadowy-w-oficjalnym-oswiadczeniu-odnosi-sie-do-babci-kasia\/\"},\"author\":{\"name\":\"Filip\",\"@id\":\"https:\/\/www.pogotowieflagowe.pl\/aktualne\/#\/schema\/person\/9c2fb7d2362ebf6fa088960d7f0d27b0\"},\"headline\":\"Bodnar zem\u015bci si\u0119 na B\u0105kiewicz, przywracaj\u0105c wyrok s\u0105dowy &#8211; w oficjalnym o\u015bwiadczeniu odnosi si\u0119 do \u201ebabci Kasia\u201d\",\"datePublished\":\"2025-07-10T20:47:31+00:00\",\"dateModified\":\"2025-07-10T20:47:32+00:00\",\"mainEntityOfPage\":{\"@id\":\"https:\/\/www.pogotowieflagowe.pl\/aktualne\/bodnar-zemsci-sie-na-bakiewicz-przywracajac-wyrok-sadowy-w-oficjalnym-oswiadczeniu-odnosi-sie-do-babci-kasia\/\"},\"wordCount\":297,\"publisher\":{\"@id\":\"https:\/\/www.pogotowieflagowe.pl\/aktualne\/#organization\"},\"image\":{\"@id\":\"https:\/\/www.pogotowieflagowe.pl\/aktualne\/bodnar-zemsci-sie-na-bakiewicz-przywracajac-wyrok-sadowy-w-oficjalnym-oswiadczeniu-odnosi-sie-do-babci-kasia\/#primaryimage\"},\"thumbnailUrl\":\"https:\/\/www.pogotowieflagowe.pl\/aktualne\/wp-content\/uploads\/2025\/07\/Bodnar-zemsci-sie-na-Bakiewicz-przywracajac-wyrok-sadowy-w.webp.webp\",\"keywords\":[\"Babci\",\"B\u0105kiewicz\",\"Bodnar\",\"Kasia\",\"odnosi\",\"oficjalnym\",\"o\u015bwiadczeniu\",\"przywracaj\u0105c\",\"s\u0105dowy\",\"si\u0119\",\"wyrok\",\"zem\u015bci\"],\"articleSection\":[\"Aktualne\"],\"inLanguage\":\"pl-PL\"},{\"@type\":\"WebPage\",\"@id\":\"https:\/\/www.pogotowieflagowe.pl\/aktualne\/bodnar-zemsci-sie-na-bakiewicz-przywracajac-wyrok-sadowy-w-oficjalnym-oswiadczeniu-odnosi-sie-do-babci-kasia\/\",\"url\":\"https:\/\/www.pogotowieflagowe.pl\/aktualne\/bodnar-zemsci-sie-na-bakiewicz-przywracajac-wyrok-sadowy-w-oficjalnym-oswiadczeniu-odnosi-sie-do-babci-kasia\/\",\"name\":\"Bodnar zem\u015bci si\u0119 na B\u0105kiewicz, przywracaj\u0105c wyrok s\u0105dowy - w oficjalnym o\u015bwiadczeniu odnosi si\u0119 do \u201ebabci Kasia\u201d - POGOTOWIE FLAGOWE\u00ae\",\"isPartOf\":{\"@id\":\"https:\/\/www.pogotowieflagowe.pl\/aktualne\/#website\"},\"primaryImageOfPage\":{\"@id\":\"https:\/\/www.pogotowieflagowe.pl\/aktualne\/bodnar-zemsci-sie-na-bakiewicz-przywracajac-wyrok-sadowy-w-oficjalnym-oswiadczeniu-odnosi-sie-do-babci-kasia\/#primaryimage\"},\"image\":{\"@id\":\"https:\/\/www.pogotowieflagowe.pl\/aktualne\/bodnar-zemsci-sie-na-bakiewicz-przywracajac-wyrok-sadowy-w-oficjalnym-oswiadczeniu-odnosi-sie-do-babci-kasia\/#primaryimage\"},\"thumbnailUrl\":\"https:\/\/www.pogotowieflagowe.pl\/aktualne\/wp-content\/uploads\/2025\/07\/Bodnar-zemsci-sie-na-Bakiewicz-przywracajac-wyrok-sadowy-w.webp.webp\",\"datePublished\":\"2025-07-10T20:47:31+00:00\",\"dateModified\":\"2025-07-10T20:47:32+00:00\",\"breadcrumb\":{\"@id\":\"https:\/\/www.pogotowieflagowe.pl\/aktualne\/bodnar-zemsci-sie-na-bakiewicz-przywracajac-wyrok-sadowy-w-oficjalnym-oswiadczeniu-odnosi-sie-do-babci-kasia\/#breadcrumb\"},\"inLanguage\":\"pl-PL\",\"potentialAction\":[{\"@type\":\"ReadAction\",\"target\":[\"https:\/\/www.pogotowieflagowe.pl\/aktualne\/bodnar-zemsci-sie-na-bakiewicz-przywracajac-wyrok-sadowy-w-oficjalnym-oswiadczeniu-odnosi-sie-do-babci-kasia\/\"]}]},{\"@type\":\"ImageObject\",\"inLanguage\":\"pl-PL\",\"@id\":\"https:\/\/www.pogotowieflagowe.pl\/aktualne\/bodnar-zemsci-sie-na-bakiewicz-przywracajac-wyrok-sadowy-w-oficjalnym-oswiadczeniu-odnosi-sie-do-babci-kasia\/#primaryimage\",\"url\":\"https:\/\/www.pogotowieflagowe.pl\/aktualne\/wp-content\/uploads\/2025\/07\/Bodnar-zemsci-sie-na-Bakiewicz-przywracajac-wyrok-sadowy-w.webp.webp\",\"contentUrl\":\"https:\/\/www.pogotowieflagowe.pl\/aktualne\/wp-content\/uploads\/2025\/07\/Bodnar-zemsci-sie-na-Bakiewicz-przywracajac-wyrok-sadowy-w.webp.webp\",\"width\":1280,\"height\":720,\"caption\":\"Bodnar zem\u015bci si\u0119 na B\u0105kiewicz, przywracaj\u0105c wyrok s\u0105dowy - w oficjalnym o\u015bwiadczeniu odnosi si\u0119 do \u201ebabci Kasia\u201d\"},{\"@type\":\"BreadcrumbList\",\"@id\":\"https:\/\/www.pogotowieflagowe.pl\/aktualne\/bodnar-zemsci-sie-na-bakiewicz-przywracajac-wyrok-sadowy-w-oficjalnym-oswiadczeniu-odnosi-sie-do-babci-kasia\/#breadcrumb\",\"itemListElement\":[{\"@type\":\"ListItem\",\"position\":1,\"name\":\"Home\",\"item\":\"https:\/\/www.pogotowieflagowe.pl\/aktualne\/\"},{\"@type\":\"ListItem\",\"position\":2,\"name\":\"Bodnar zem\u015bci si\u0119 na B\u0105kiewicz, przywracaj\u0105c wyrok s\u0105dowy &#8211; w oficjalnym o\u015bwiadczeniu odnosi si\u0119 do \u201ebabci Kasia\u201d\"}]},{\"@type\":\"WebSite\",\"@id\":\"https:\/\/www.pogotowieflagowe.pl\/aktualne\/#website\",\"url\":\"https:\/\/www.pogotowieflagowe.pl\/aktualne\/\",\"name\":\"POGOTOWIE FLAGOWE\u00ae\",\"description\":\"\",\"publisher\":{\"@id\":\"https:\/\/www.pogotowieflagowe.pl\/aktualne\/#organization\"},\"potentialAction\":[{\"@type\":\"SearchAction\",\"target\":{\"@type\":\"EntryPoint\",\"urlTemplate\":\"https:\/\/www.pogotowieflagowe.pl\/aktualne\/?s={search_term_string}\"},\"query-input\":\"required name=search_term_string\"}],\"inLanguage\":\"pl-PL\"},{\"@type\":\"Organization\",\"@id\":\"https:\/\/www.pogotowieflagowe.pl\/aktualne\/#organization\",\"name\":\"POGOTOWIE FLAGOWE\u00ae\",\"url\":\"https:\/\/www.pogotowieflagowe.pl\/aktualne\/\",\"logo\":{\"@type\":\"ImageObject\",\"inLanguage\":\"pl-PL\",\"@id\":\"https:\/\/www.pogotowieflagowe.pl\/aktualne\/#\/schema\/logo\/image\/\",\"url\":\"https:\/\/www.pogotowieflagowe.pl\/aktualne\/wp-content\/uploads\/2024\/08\/cropped-pogotowieflagowe_flaga_projekt_sm.jpg\",\"contentUrl\":\"https:\/\/www.pogotowieflagowe.pl\/aktualne\/wp-content\/uploads\/2024\/08\/cropped-pogotowieflagowe_flaga_projekt_sm.jpg\",\"width\":250,\"height\":143,\"caption\":\"POGOTOWIE FLAGOWE\u00ae\"},\"image\":{\"@id\":\"https:\/\/www.pogotowieflagowe.pl\/aktualne\/#\/schema\/logo\/image\/\"}},{\"@type\":\"Person\",\"@id\":\"https:\/\/www.pogotowieflagowe.pl\/aktualne\/#\/schema\/person\/9c2fb7d2362ebf6fa088960d7f0d27b0\",\"name\":\"Filip\",\"image\":{\"@type\":\"ImageObject\",\"inLanguage\":\"pl-PL\",\"@id\":\"https:\/\/www.pogotowieflagowe.pl\/aktualne\/#\/schema\/person\/image\/\",\"url\":\"https:\/\/www.pogotowieflagowe.pl\/aktualne\/wp-content\/uploads\/2024\/08\/pogotowieflagowe.pl_.jpg\",\"contentUrl\":\"https:\/\/www.pogotowieflagowe.pl\/aktualne\/wp-content\/uploads\/2024\/08\/pogotowieflagowe.pl_.jpg\",\"caption\":\"Filip\"},\"description\":\"Jestem Filip, polski dziennikarz z dyplomem nauk politycznych Uniwersytetu Warszawskiego. Rozpoczynaj\u0105c swoj\u0105 karier\u0119 w r\u00f3\u017cnych lokalnych mediach, zdoby\u0142em solidne do\u015bwiadczenie w zakresie \u015bledztwa i redakcji. Obecnie jako redaktor w Pogotowie flagowe, staram si\u0119 dostarcza\u0107 dog\u0142\u0119bne i istotne analizy na temat najwa\u017cniejszych kwestii aktualno\u015bci, \u0142\u0105cz\u0105c rygor z pasj\u0105 dziennikarsk\u0105.\",\"sameAs\":[\"https:\/\/www.pogotowieflagowe.pl\/\"]}]}<\/script>\n<!-- \/ Yoast SEO plugin. -->","yoast_head_json":{"title":"Bodnar zem\u015bci si\u0119 na B\u0105kiewicz, przywracaj\u0105c wyrok s\u0105dowy - w oficjalnym o\u015bwiadczeniu odnosi si\u0119 do \u201ebabci Kasia\u201d - POGOTOWIE FLAGOWE\u00ae","robots":{"index":"index","follow":"follow","max-snippet":"max-snippet:-1","max-image-preview":"max-image-preview:large","max-video-preview":"max-video-preview:-1"},"canonical":"https:\/\/www.pogotowieflagowe.pl\/aktualne\/bodnar-zemsci-sie-na-bakiewicz-przywracajac-wyrok-sadowy-w-oficjalnym-oswiadczeniu-odnosi-sie-do-babci-kasia\/","og_locale":"pl_PL","og_type":"article","og_title":"Bodnar zem\u015bci si\u0119 na B\u0105kiewicz, przywracaj\u0105c wyrok s\u0105dowy - w oficjalnym o\u015bwiadczeniu odnosi si\u0119 do \u201ebabci Kasia\u201d - POGOTOWIE FLAGOWE\u00ae","og_description":"Minister sprawiedliwo\u015bci Adam Bodnar postanowi\u0142 odwo\u0142a\u0107 zawieszenie wyroku na\u0142o\u017conego na Roberta B\u0105kiewicza, lidera ruchu obrony granicznej. W grudniu 2023 r.","og_url":"https:\/\/www.pogotowieflagowe.pl\/aktualne\/bodnar-zemsci-sie-na-bakiewicz-przywracajac-wyrok-sadowy-w-oficjalnym-oswiadczeniu-odnosi-sie-do-babci-kasia\/","og_site_name":"POGOTOWIE FLAGOWE\u00ae","article_published_time":"2025-07-10T20:47:31+00:00","article_modified_time":"2025-07-10T20:47:32+00:00","og_image":[{"width":1280,"height":720,"url":"https:\/\/www.pogotowieflagowe.pl\/aktualne\/wp-content\/uploads\/2025\/07\/Bodnar-zemsci-sie-na-Bakiewicz-przywracajac-wyrok-sadowy-w.webp.webp","type":"image\/webp"}],"author":"Filip","twitter_card":"summary_large_image","twitter_misc":{"Napisane przez":"Filip","Szacowany czas czytania":"1 minuta"},"schema":{"@context":"https:\/\/schema.org","@graph":[{"@type":"Article","@id":"https:\/\/www.pogotowieflagowe.pl\/aktualne\/bodnar-zemsci-sie-na-bakiewicz-przywracajac-wyrok-sadowy-w-oficjalnym-oswiadczeniu-odnosi-sie-do-babci-kasia\/#article","isPartOf":{"@id":"https:\/\/www.pogotowieflagowe.pl\/aktualne\/bodnar-zemsci-sie-na-bakiewicz-przywracajac-wyrok-sadowy-w-oficjalnym-oswiadczeniu-odnosi-sie-do-babci-kasia\/"},"author":{"name":"Filip","@id":"https:\/\/www.pogotowieflagowe.pl\/aktualne\/#\/schema\/person\/9c2fb7d2362ebf6fa088960d7f0d27b0"},"headline":"Bodnar zem\u015bci si\u0119 na B\u0105kiewicz, przywracaj\u0105c wyrok s\u0105dowy &#8211; w oficjalnym o\u015bwiadczeniu odnosi si\u0119 do \u201ebabci Kasia\u201d","datePublished":"2025-07-10T20:47:31+00:00","dateModified":"2025-07-10T20:47:32+00:00","mainEntityOfPage":{"@id":"https:\/\/www.pogotowieflagowe.pl\/aktualne\/bodnar-zemsci-sie-na-bakiewicz-przywracajac-wyrok-sadowy-w-oficjalnym-oswiadczeniu-odnosi-sie-do-babci-kasia\/"},"wordCount":297,"publisher":{"@id":"https:\/\/www.pogotowieflagowe.pl\/aktualne\/#organization"},"image":{"@id":"https:\/\/www.pogotowieflagowe.pl\/aktualne\/bodnar-zemsci-sie-na-bakiewicz-przywracajac-wyrok-sadowy-w-oficjalnym-oswiadczeniu-odnosi-sie-do-babci-kasia\/#primaryimage"},"thumbnailUrl":"https:\/\/www.pogotowieflagowe.pl\/aktualne\/wp-content\/uploads\/2025\/07\/Bodnar-zemsci-sie-na-Bakiewicz-przywracajac-wyrok-sadowy-w.webp.webp","keywords":["Babci","B\u0105kiewicz","Bodnar","Kasia","odnosi","oficjalnym","o\u015bwiadczeniu","przywracaj\u0105c","s\u0105dowy","si\u0119","wyrok","zem\u015bci"],"articleSection":["Aktualne"],"inLanguage":"pl-PL"},{"@type":"WebPage","@id":"https:\/\/www.pogotowieflagowe.pl\/aktualne\/bodnar-zemsci-sie-na-bakiewicz-przywracajac-wyrok-sadowy-w-oficjalnym-oswiadczeniu-odnosi-sie-do-babci-kasia\/","url":"https:\/\/www.pogotowieflagowe.pl\/aktualne\/bodnar-zemsci-sie-na-bakiewicz-przywracajac-wyrok-sadowy-w-oficjalnym-oswiadczeniu-odnosi-sie-do-babci-kasia\/","name":"Bodnar zem\u015bci si\u0119 na B\u0105kiewicz, przywracaj\u0105c wyrok s\u0105dowy - w oficjalnym o\u015bwiadczeniu odnosi si\u0119 do \u201ebabci Kasia\u201d - POGOTOWIE FLAGOWE\u00ae","isPartOf":{"@id":"https:\/\/www.pogotowieflagowe.pl\/aktualne\/#website"},"primaryImageOfPage":{"@id":"https:\/\/www.pogotowieflagowe.pl\/aktualne\/bodnar-zemsci-sie-na-bakiewicz-przywracajac-wyrok-sadowy-w-oficjalnym-oswiadczeniu-odnosi-sie-do-babci-kasia\/#primaryimage"},"image":{"@id":"https:\/\/www.pogotowieflagowe.pl\/aktualne\/bodnar-zemsci-sie-na-bakiewicz-przywracajac-wyrok-sadowy-w-oficjalnym-oswiadczeniu-odnosi-sie-do-babci-kasia\/#primaryimage"},"thumbnailUrl":"https:\/\/www.pogotowieflagowe.pl\/aktualne\/wp-content\/uploads\/2025\/07\/Bodnar-zemsci-sie-na-Bakiewicz-przywracajac-wyrok-sadowy-w.webp.webp","datePublished":"2025-07-10T20:47:31+00:00","dateModified":"2025-07-10T20:47:32+00:00","breadcrumb":{"@id":"https:\/\/www.pogotowieflagowe.pl\/aktualne\/bodnar-zemsci-sie-na-bakiewicz-przywracajac-wyrok-sadowy-w-oficjalnym-oswiadczeniu-odnosi-sie-do-babci-kasia\/#breadcrumb"},"inLanguage":"pl-PL","potentialAction":[{"@type":"ReadAction","target":["https:\/\/www.pogotowieflagowe.pl\/aktualne\/bodnar-zemsci-sie-na-bakiewicz-przywracajac-wyrok-sadowy-w-oficjalnym-oswiadczeniu-odnosi-sie-do-babci-kasia\/"]}]},{"@type":"ImageObject","inLanguage":"pl-PL","@id":"https:\/\/www.pogotowieflagowe.pl\/aktualne\/bodnar-zemsci-sie-na-bakiewicz-przywracajac-wyrok-sadowy-w-oficjalnym-oswiadczeniu-odnosi-sie-do-babci-kasia\/#primaryimage","url":"https:\/\/www.pogotowieflagowe.pl\/aktualne\/wp-content\/uploads\/2025\/07\/Bodnar-zemsci-sie-na-Bakiewicz-przywracajac-wyrok-sadowy-w.webp.webp","contentUrl":"https:\/\/www.pogotowieflagowe.pl\/aktualne\/wp-content\/uploads\/2025\/07\/Bodnar-zemsci-sie-na-Bakiewicz-przywracajac-wyrok-sadowy-w.webp.webp","width":1280,"height":720,"caption":"Bodnar zem\u015bci si\u0119 na B\u0105kiewicz, przywracaj\u0105c wyrok s\u0105dowy - w oficjalnym o\u015bwiadczeniu odnosi si\u0119 do \u201ebabci Kasia\u201d"},{"@type":"BreadcrumbList","@id":"https:\/\/www.pogotowieflagowe.pl\/aktualne\/bodnar-zemsci-sie-na-bakiewicz-przywracajac-wyrok-sadowy-w-oficjalnym-oswiadczeniu-odnosi-sie-do-babci-kasia\/#breadcrumb","itemListElement":[{"@type":"ListItem","position":1,"name":"Home","item":"https:\/\/www.pogotowieflagowe.pl\/aktualne\/"},{"@type":"ListItem","position":2,"name":"Bodnar zem\u015bci si\u0119 na B\u0105kiewicz, przywracaj\u0105c wyrok s\u0105dowy &#8211; w oficjalnym o\u015bwiadczeniu odnosi si\u0119 do \u201ebabci Kasia\u201d"}]},{"@type":"WebSite","@id":"https:\/\/www.pogotowieflagowe.pl\/aktualne\/#website","url":"https:\/\/www.pogotowieflagowe.pl\/aktualne\/","name":"POGOTOWIE FLAGOWE\u00ae","description":"","publisher":{"@id":"https:\/\/www.pogotowieflagowe.pl\/aktualne\/#organization"},"potentialAction":[{"@type":"SearchAction","target":{"@type":"EntryPoint","urlTemplate":"https:\/\/www.pogotowieflagowe.pl\/aktualne\/?s={search_term_string}"},"query-input":"required name=search_term_string"}],"inLanguage":"pl-PL"},{"@type":"Organization","@id":"https:\/\/www.pogotowieflagowe.pl\/aktualne\/#organization","name":"POGOTOWIE FLAGOWE\u00ae","url":"https:\/\/www.pogotowieflagowe.pl\/aktualne\/","logo":{"@type":"ImageObject","inLanguage":"pl-PL","@id":"https:\/\/www.pogotowieflagowe.pl\/aktualne\/#\/schema\/logo\/image\/","url":"https:\/\/www.pogotowieflagowe.pl\/aktualne\/wp-content\/uploads\/2024\/08\/cropped-pogotowieflagowe_flaga_projekt_sm.jpg","contentUrl":"https:\/\/www.pogotowieflagowe.pl\/aktualne\/wp-content\/uploads\/2024\/08\/cropped-pogotowieflagowe_flaga_projekt_sm.jpg","width":250,"height":143,"caption":"POGOTOWIE FLAGOWE\u00ae"},"image":{"@id":"https:\/\/www.pogotowieflagowe.pl\/aktualne\/#\/schema\/logo\/image\/"}},{"@type":"Person","@id":"https:\/\/www.pogotowieflagowe.pl\/aktualne\/#\/schema\/person\/9c2fb7d2362ebf6fa088960d7f0d27b0","name":"Filip","image":{"@type":"ImageObject","inLanguage":"pl-PL","@id":"https:\/\/www.pogotowieflagowe.pl\/aktualne\/#\/schema\/person\/image\/","url":"https:\/\/www.pogotowieflagowe.pl\/aktualne\/wp-content\/uploads\/2024\/08\/pogotowieflagowe.pl_.jpg","contentUrl":"https:\/\/www.pogotowieflagowe.pl\/aktualne\/wp-content\/uploads\/2024\/08\/pogotowieflagowe.pl_.jpg","caption":"Filip"},"description":"Jestem Filip, polski dziennikarz z dyplomem nauk politycznych Uniwersytetu Warszawskiego. Rozpoczynaj\u0105c swoj\u0105 karier\u0119 w r\u00f3\u017cnych lokalnych mediach, zdoby\u0142em solidne do\u015bwiadczenie w zakresie \u015bledztwa i redakcji. Obecnie jako redaktor w Pogotowie flagowe, staram si\u0119 dostarcza\u0107 dog\u0142\u0119bne i istotne analizy na temat najwa\u017cniejszych kwestii aktualno\u015bci, \u0142\u0105cz\u0105c rygor z pasj\u0105 dziennikarsk\u0105.","sameAs":["https:\/\/www.pogotowieflagowe.pl\/"]}]}},"_links":{"self":[{"href":"https:\/\/www.pogotowieflagowe.pl\/aktualne\/wp-json\/wp\/v2\/posts\/6651","targetHints":{"allow":["GET"]}}],"collection":[{"href":"https:\/\/www.pogotowieflagowe.pl\/aktualne\/wp-json\/wp\/v2\/posts"}],"about":[{"href":"https:\/\/www.pogotowieflagowe.pl\/aktualne\/wp-json\/wp\/v2\/types\/post"}],"author":[{"embeddable":true,"href":"https:\/\/www.pogotowieflagowe.pl\/aktualne\/wp-json\/wp\/v2\/users\/1"}],"replies":[{"embeddable":true,"href":"https:\/\/www.pogotowieflagowe.pl\/aktualne\/wp-json\/wp\/v2\/comments?post=6651"}],"version-history":[{"count":1,"href":"https:\/\/www.pogotowieflagowe.pl\/aktualne\/wp-json\/wp\/v2\/posts\/6651\/revisions"}],"predecessor-version":[{"id":6653,"href":"https:\/\/www.pogotowieflagowe.pl\/aktualne\/wp-json\/wp\/v2\/posts\/6651\/revisions\/6653"}],"wp:featuredmedia":[{"embeddable":true,"href":"https:\/\/www.pogotowieflagowe.pl\/aktualne\/wp-json\/wp\/v2\/media\/6652"}],"wp:attachment":[{"href":"https:\/\/www.pogotowieflagowe.pl\/aktualne\/wp-json\/wp\/v2\/media?parent=6651"}],"wp:term":[{"taxonomy":"category","embeddable":true,"href":"https:\/\/www.pogotowieflagowe.pl\/aktualne\/wp-json\/wp\/v2\/categories?post=6651"},{"taxonomy":"post_tag","embeddable":true,"href":"https:\/\/www.pogotowieflagowe.pl\/aktualne\/wp-json\/wp\/v2\/tags?post=6651"}],"curies":[{"name":"wp","href":"https:\/\/api.w.org\/{rel}","templated":true}]}}