{"id":6669,"date":"2025-07-12T04:47:42","date_gmt":"2025-07-12T02:47:42","guid":{"rendered":"https:\/\/www.pogotowieflagowe.pl\/aktualne\/misja-zbliza-sie-do-konca-astronauci-przygotowuja-sie-do-powrotu-na-ziemie\/"},"modified":"2025-07-12T04:47:43","modified_gmt":"2025-07-12T02:47:43","slug":"misja-zbliza-sie-do-konca-astronauci-przygotowuja-sie-do-powrotu-na-ziemie","status":"publish","type":"post","link":"https:\/\/www.pogotowieflagowe.pl\/aktualne\/misja-zbliza-sie-do-konca-astronauci-przygotowuja-sie-do-powrotu-na-ziemie\/","title":{"rendered":"Misja zbli\u017ca si\u0119 do ko\u0144ca: astronauci przygotowuj\u0105 si\u0119 do powrotu na ziemi\u0119"},"content":{"rendered":"\n<div class=\"td_block_wrap tdb_single_content tdi_41 td-pb-border-top td_block_template_8 td-post-content tagdiv-type\" data-td-block-uid=\"tdi_41\">\n<style>.tdi_41 {margin-top: 0px! Wa\u017cne; margines-bottom: 0px! WA\u017bNY; PALDING-TOP: 0PX! WA\u017bNY; PALDING-BOTTOM: 0PX! WA\u017bNE}<\/style>\n<style>.tdb_single_content {margin-bottom: 0;*zoom: 1} .tdb_single_content: wcze\u015bniej, .tdb_single_content: po {display: Table; content: ''; line-height: 0} .TDB-BLOCK-INner>*: nie (.WP-BLOCK-QUOTE): not (.alignSwide): not (.Alignfull.wp-block-cover.has-parallax): not (.td-a-ad) {margin-left: auto; margin-right: auto} .tdb_single_ConTent a {wska\u017anik-events: auto} .tdb_single_content .td-spot-id-top_ad .tdc-placeholder-title: przed {content: \u201eArtyku\u0142 top ad\u201d! Wa\u017cne} .tdb_single_content .td-Spot-Id-inline_ad0 .tdc-placeholder-title 1 '! Wa\u017cne} .tdb_single_content .td-Spot-Id-inline_Ad1 .tdc-Placeholder-Title: przed {content: \u201eArtyku\u0142 inline AD 2'! Wa\u017cny} .tdb_single_content. 3 '! Wa\u017cne} .tdb_single_content .td-Spot-Id-Bottom_Ad .tdc-Placeholder-Title: przed {content: \u201eArtyku\u0142 Bottom Ad\u201d! Wa\u017cne} .tdb_single_content .id_top_ad, .tdb_single_content_content .id_bottom_ad {clear: oba; margin-bottom: 21px; text-align: Center} .tdb_single_content .id_top_ad img, .tdb_single_content .id_bottom_ad img {margin-bottom: 0} .tdb_single_conTent .id_top_ad .adsbyGoogle, .tdb_single_content .id_bottom_ad .adsbyGoogle {pozycja: relatyw} .tdb_single_content .id_ad_content-horiz-left, .tdb_single_content .id_ad_content-horiz-right, .tdb_single_content .id_ad_content-horiz-Center {margin-bottom: 15px} .tdb_single_content .id_ad_content-horiz-left Img, .tdb_single_content .id_ad_content-horiz-right img, .tdb_single_content .id_ad_content-horiz-centerter img {margin-bottom: 0} .tdb_single_content .id_ad_content-horiz-center {text-align: Center} .tdb_single_content .id_ad_content-horiz-center img {margin-right: auto; margin-let: auto} .tdb_single_content .id_ad_content-horiz-left {float: left; margin-top: 9px; margin-right: 21px} .tdb_single_content .id_ad_content-horiz-right {float: margin-top: 6px; margin-left: 21px} .tdb_single_content .tdc-a-a-ad .TDC-Placeholder-Title {szeroko\u015b\u0107: 300px; height: 250px} .tdb_single_content .tdc-a-ad .TDC-Placeholder-Title: Przed {Pozycja: Absolute; TOP: 50%;-WebKit-Transform: Translatey (-50%); Transform: Translatey (-50%); margines: auto; Display: Tabela; szeroko\u015b\u0107: 100%}. tdb_single_content .TDB-BLOCK-INNER.TD-FIX-INDEX {Word-Break: Break-word} .tdi_41, .tdi_41> p, .tdi_41 .tdb-block-inner> p, .Wp-Block-Column> p {font-size: 16px! Wa\u017cne; wa\u017cny; p {font-styl: normalne! Wa\u017cne} @media (Max-Width: 767px) {. tdb_single_content .id_ad_content-horiz-left, .tdb_single_content .id_ad_content-horiz-right, .tdb_single_content .id_ad_content-horiz-centter {Margin: 0 AUTO 26PXX auto}}@media (Max-Width: 767px) {. tdb_single_content .id_ad_content-horiz-left {margin-right: 0}}@media (max-width: 767px) {. (Max-Width: 767px) {. tdb_single_content .td-a-ad {float: none; text-align: Center} .tdb_single_content .td-a-ad img {margin-right: auto; margin-left: auto} .tdb_single_content .tdc-a-a-a-{margin-right: auto; margin-left: auto} .tdb_single_content .tdd<\/style>\n<div class=\"tdb-block-inner td-fix-index\">\n<p>Axiom Space og\u0142osi\u0142o, \u017ce powr\u00f3t za\u0142ogi z Mi\u0119dzynarodowej Stacji Kosmicznej (ISS) rozpocznie si\u0119 nie wcze\u015bniej ni\u017c w poniedzia\u0142ek, 14 lipca, o 13:05 czasu polskiego. \u201eDaje to naszemu astronaucie i reszt\u0119 za\u0142ogi dodatkowy czas na przeprowadzanie eksperyment\u00f3w technologicznych i naukowych\u201d, stwierdzi\u0142a Polska Agencja Space (Polsa) w komunikacie prasowym.<\/p>\n<p>Obecne post\u0119py w wype\u0142nianiu podstawowych cel\u00f3w misji zosta\u0142y ocenione na 91,3%, podczas gdy wska\u017anik uko\u0144czenia dodatkowych dzia\u0142a\u0144 wynosi 20,4%.<\/p>\n<p>W codziennym raporcie Axiom Space firma podkre\u015bli\u0142a, \u017ce astronauci w pe\u0142ni wykorzystuj\u0105 swoje ostatnie dni na orbicie, kontynuuj\u0105c eksperymenty, kt\u00f3re \u201emog\u0105 kszta\u0142towa\u0107 przysz\u0142o\u015b\u0107 eksploracji przestrzeni i poprawi\u0107 \u017cycie na Ziemi\u201d. Polsa wyja\u015bni\u0142a, \u017ce 14 dnia misji astronauci byli zaanga\u017cowani w badania nad zmianami mikroflory jelitowej w kosmosie (mikrobiota jelit), zdrowie psychiczne podczas misji kosmicznych (astromentalhealth), zastosowania interfejsu interfejsu m\u00f3zgowo-komputerowego (PhotongRav), zdrowia ko\u015bci, stymulacji mi\u0119\u015bni i snu na orbicie.<\/p>\n<figure class=\"wp-block-embed is-type-rich is-provider-twitter wp-block-embed-twitter\">\n<div class=\"wp-block-embed__wrapper\">\n<blockquote class=\"twitter-tweet\" data-width=\"550\" data-dnt=\"true\">\n<p lang=\"en\" dir=\"ltr\">. <a rel=\"nofollow\" href=\"https:\/\/twitter.com\/hashtag\/Ax4?src=hash&amp;ref_src=twsrc%5Etfw\">#Ax4<\/a> Za\u0142oga ma si\u0119 oderwa\u0107 od <a rel=\"nofollow\" href=\"https:\/\/twitter.com\/Space_Station?ref_src=twsrc%5Etfw\">@Space_station<\/a> Nie wcze\u015bniej ni\u017c w poniedzia\u0142ek, 14 lipca, o 7:05 ET. <a rel=\"nofollow\" href=\"https:\/\/t.co\/o6olQx50II\">pic.twitter.com\/o6olqx50ii<\/a><\/p>\n<p>&#8211; Axiom Space (@axiom_space) <a rel=\"nofollow\" href=\"https:\/\/twitter.com\/Axiom_Space\/status\/1943402760432505164?ref_src=twsrc%5Etfw\">10 lipca 2025 r<\/a><\/p><\/blockquote>\n<\/div>\n<\/figure>\n<h2 class=\"wp-block-heading\"><strong>Zadania polskiego astronauty<\/strong><\/h2>\n<p>15. dzie\u0144 misji zosta\u0142 opisany jako szczeg\u00f3lnie zaj\u0119ty. Harmonogram obejmuje seri\u0119 eksperyment\u00f3w, takich jak regulacja stan\u00f3w emocjonalnych za pomoc\u0105 sprz\u0119\u017cenia zwrotnego aktywno\u015bci m\u00f3zgu (EEG Neurofeedback), testowanie nanomateria\u0142\u00f3w MxENE i badanie prze\u017cywalno\u015bci genetycznie zmodyfikowanych dro\u017cd\u017cy w warunkach kosmicznych (Tardigradegen dro\u017cd\u017cy).<\/p>\n<p>Wed\u0142ug Polsa, polski astronauta r\u00f3wnie\u017c odwiedzi kolejn\u0105 wizyt\u0119 w module obserwacji cupola i przygotuje dodatkowe materia\u0142y promocyjne w module Columbus. Agencja wyja\u015bni\u0142a r\u00f3wnie\u017c, \u017ce astronauci mieszkaj\u0105cy na pok\u0142adzie ISS musz\u0105 poradzi\u0107 sobie z ograniczonymi dostawami, w tym wod\u0105, kt\u00f3ra jest niezb\u0119dna do przetrwania, ale trudna do transportu. W\u0142a\u015bnie dlatego stacja korzysta z systemu kontroli \u015brodowiska i podtrzymywania \u017cycia (ECLSS), kt\u00f3ry mi\u0119dzy innymi recyklinguje wod\u0119 dla astronaut\u00f3w. System ten jest w stanie odzyska\u0107 ponad 90% wody na ISS, co jest kluczowe, poniewa\u017c ka\u017cdy astronauta spo\u017cywa prawie 4 litr\u00f3w wody dziennie do picia, przygotowania posi\u0142k\u00f3w i higieny.<\/p>\n<p>Tymczasem kolejna czteroosobowa za\u0142oga przygotowuje si\u0119 do lot\u00f3w kosmicznych. Zaplanowano one uruchomienie ISS pod koniec lipca.<\/p>\n<figure class=\"wp-block-embed is-type-rich is-provider-twitter wp-block-embed-twitter\">\n<div class=\"wp-block-embed__wrapper\">\n<blockquote class=\"twitter-tweet\" data-width=\"550\" data-dnt=\"true\">\n<p lang=\"en\" dir=\"ltr\">.<a rel=\"nofollow\" href=\"https:\/\/twitter.com\/NASA?ref_src=twsrc%5Etfw\">@Nasa<\/a> I <a rel=\"nofollow\" href=\"https:\/\/twitter.com\/SpaceX?ref_src=twsrc%5Etfw\">@Spacex<\/a> Kieruj\u0105 si\u0119 nie wcze\u015bniej ni\u017c 31 lipca o 12:09 EDT w celu uruchomienia misji za\u0142ogi-11 do Mi\u0119dzynarodowej Stacji Kosmicznej, oczekuj\u0105cej gotowo\u015bci do misji. <a rel=\"nofollow\" href=\"https:\/\/t.co\/pxkdqLXK8f\">pic.twitter.com\/pxkdqlxk8f<\/a><\/p>\n<p>&#8211; Mi\u0119dzynarodowa stacja kosmiczna (@space_station) <a rel=\"nofollow\" href=\"https:\/\/twitter.com\/Space_Station\/status\/1943412680309772360?ref_src=twsrc%5Etfw\">10 lipca 2025 r<\/a><\/p><\/blockquote>\n<\/div>\n<\/figure>\n<\/div>\n<\/div>\n<p><script async src=\"https:\/\/platform.twitter.com\/widgets.js\" charset=\"utf-8\"><\/script><\/p>\n","protected":false},"excerpt":{"rendered":"<p>Axiom Space og\u0142osi\u0142o, \u017ce powr\u00f3t za\u0142ogi z Mi\u0119dzynarodowej Stacji Kosmicznej (ISS) rozpocznie si\u0119 nie wcze\u015bniej ni\u017c w poniedzia\u0142ek, 14 lipca,<\/p>\n","protected":false},"author":1,"featured_media":6670,"comment_status":"closed","ping_status":"","sticky":false,"template":"","format":"standard","meta":{"footnotes":""},"categories":[4748],"tags":[8413,2311,1119,3469,3565,150,149,5812],"class_list":["post-6669","post","type-post","status-publish","format-standard","has-post-thumbnail","hentry","category-aktualne","tag-astronauci","tag-konca","tag-misja","tag-powrotu","tag-przygotowuja","tag-sie","tag-zbliza","tag-ziemie","generate-columns","tablet-grid-50","mobile-grid-100","grid-parent","grid-50","resize-featured-image"],"yoast_head":"<!-- This site is optimized with the Yoast SEO plugin v23.2 - https:\/\/yoast.com\/wordpress\/plugins\/seo\/ -->\n<title>Misja zbli\u017ca si\u0119 do ko\u0144ca: astronauci przygotowuj\u0105 si\u0119 do powrotu na ziemi\u0119 - POGOTOWIE FLAGOWE\u00ae<\/title>\n<meta name=\"robots\" content=\"index, follow, max-snippet:-1, max-image-preview:large, max-video-preview:-1\" \/>\n<link rel=\"canonical\" href=\"https:\/\/www.pogotowieflagowe.pl\/aktualne\/misja-zbliza-sie-do-konca-astronauci-przygotowuja-sie-do-powrotu-na-ziemie\/\" \/>\n<meta property=\"og:locale\" content=\"pl_PL\" \/>\n<meta property=\"og:type\" content=\"article\" \/>\n<meta property=\"og:title\" content=\"Misja zbli\u017ca si\u0119 do ko\u0144ca: astronauci przygotowuj\u0105 si\u0119 do powrotu na ziemi\u0119 - POGOTOWIE FLAGOWE\u00ae\" \/>\n<meta property=\"og:description\" content=\"Axiom Space og\u0142osi\u0142o, \u017ce powr\u00f3t za\u0142ogi z Mi\u0119dzynarodowej Stacji Kosmicznej (ISS) rozpocznie si\u0119 nie wcze\u015bniej ni\u017c w poniedzia\u0142ek, 14 lipca,\" \/>\n<meta property=\"og:url\" content=\"https:\/\/www.pogotowieflagowe.pl\/aktualne\/misja-zbliza-sie-do-konca-astronauci-przygotowuja-sie-do-powrotu-na-ziemie\/\" \/>\n<meta property=\"og:site_name\" content=\"POGOTOWIE FLAGOWE\u00ae\" \/>\n<meta property=\"article:published_time\" content=\"2025-07-12T02:47:42+00:00\" \/>\n<meta property=\"article:modified_time\" content=\"2025-07-12T02:47:43+00:00\" \/>\n<meta property=\"og:image\" content=\"https:\/\/www.pogotowieflagowe.pl\/aktualne\/wp-content\/uploads\/2025\/07\/Misja-zbliza-sie-do-konca-astronauci-przygotowuja-sie-do-powrotu.webp.webp\" \/>\n\t<meta property=\"og:image:width\" content=\"1280\" \/>\n\t<meta property=\"og:image:height\" content=\"720\" \/>\n\t<meta property=\"og:image:type\" content=\"image\/webp\" \/>\n<meta name=\"author\" content=\"Filip\" \/>\n<meta name=\"twitter:card\" content=\"summary_large_image\" \/>\n<meta name=\"twitter:label1\" content=\"Napisane przez\" \/>\n\t<meta name=\"twitter:data1\" content=\"Filip\" \/>\n\t<meta name=\"twitter:label2\" content=\"Szacowany czas czytania\" \/>\n\t<meta name=\"twitter:data2\" content=\"2 minuty\" \/>\n<script type=\"application\/ld+json\" class=\"yoast-schema-graph\">{\"@context\":\"https:\/\/schema.org\",\"@graph\":[{\"@type\":\"Article\",\"@id\":\"https:\/\/www.pogotowieflagowe.pl\/aktualne\/misja-zbliza-sie-do-konca-astronauci-przygotowuja-sie-do-powrotu-na-ziemie\/#article\",\"isPartOf\":{\"@id\":\"https:\/\/www.pogotowieflagowe.pl\/aktualne\/misja-zbliza-sie-do-konca-astronauci-przygotowuja-sie-do-powrotu-na-ziemie\/\"},\"author\":{\"name\":\"Filip\",\"@id\":\"https:\/\/www.pogotowieflagowe.pl\/aktualne\/#\/schema\/person\/9c2fb7d2362ebf6fa088960d7f0d27b0\"},\"headline\":\"Misja zbli\u017ca si\u0119 do ko\u0144ca: astronauci przygotowuj\u0105 si\u0119 do powrotu na ziemi\u0119\",\"datePublished\":\"2025-07-12T02:47:42+00:00\",\"dateModified\":\"2025-07-12T02:47:43+00:00\",\"mainEntityOfPage\":{\"@id\":\"https:\/\/www.pogotowieflagowe.pl\/aktualne\/misja-zbliza-sie-do-konca-astronauci-przygotowuja-sie-do-powrotu-na-ziemie\/\"},\"wordCount\":434,\"publisher\":{\"@id\":\"https:\/\/www.pogotowieflagowe.pl\/aktualne\/#organization\"},\"image\":{\"@id\":\"https:\/\/www.pogotowieflagowe.pl\/aktualne\/misja-zbliza-sie-do-konca-astronauci-przygotowuja-sie-do-powrotu-na-ziemie\/#primaryimage\"},\"thumbnailUrl\":\"https:\/\/www.pogotowieflagowe.pl\/aktualne\/wp-content\/uploads\/2025\/07\/Misja-zbliza-sie-do-konca-astronauci-przygotowuja-sie-do-powrotu.webp.webp\",\"keywords\":[\"astronauci\",\"ko\u0144ca\",\"Misja\",\"powrotu\",\"przygotowuj\u0105\",\"si\u0119\",\"zbli\u017ca\",\"ziemi\u0119\"],\"articleSection\":[\"Aktualne\"],\"inLanguage\":\"pl-PL\"},{\"@type\":\"WebPage\",\"@id\":\"https:\/\/www.pogotowieflagowe.pl\/aktualne\/misja-zbliza-sie-do-konca-astronauci-przygotowuja-sie-do-powrotu-na-ziemie\/\",\"url\":\"https:\/\/www.pogotowieflagowe.pl\/aktualne\/misja-zbliza-sie-do-konca-astronauci-przygotowuja-sie-do-powrotu-na-ziemie\/\",\"name\":\"Misja zbli\u017ca si\u0119 do ko\u0144ca: astronauci przygotowuj\u0105 si\u0119 do powrotu na ziemi\u0119 - POGOTOWIE FLAGOWE\u00ae\",\"isPartOf\":{\"@id\":\"https:\/\/www.pogotowieflagowe.pl\/aktualne\/#website\"},\"primaryImageOfPage\":{\"@id\":\"https:\/\/www.pogotowieflagowe.pl\/aktualne\/misja-zbliza-sie-do-konca-astronauci-przygotowuja-sie-do-powrotu-na-ziemie\/#primaryimage\"},\"image\":{\"@id\":\"https:\/\/www.pogotowieflagowe.pl\/aktualne\/misja-zbliza-sie-do-konca-astronauci-przygotowuja-sie-do-powrotu-na-ziemie\/#primaryimage\"},\"thumbnailUrl\":\"https:\/\/www.pogotowieflagowe.pl\/aktualne\/wp-content\/uploads\/2025\/07\/Misja-zbliza-sie-do-konca-astronauci-przygotowuja-sie-do-powrotu.webp.webp\",\"datePublished\":\"2025-07-12T02:47:42+00:00\",\"dateModified\":\"2025-07-12T02:47:43+00:00\",\"breadcrumb\":{\"@id\":\"https:\/\/www.pogotowieflagowe.pl\/aktualne\/misja-zbliza-sie-do-konca-astronauci-przygotowuja-sie-do-powrotu-na-ziemie\/#breadcrumb\"},\"inLanguage\":\"pl-PL\",\"potentialAction\":[{\"@type\":\"ReadAction\",\"target\":[\"https:\/\/www.pogotowieflagowe.pl\/aktualne\/misja-zbliza-sie-do-konca-astronauci-przygotowuja-sie-do-powrotu-na-ziemie\/\"]}]},{\"@type\":\"ImageObject\",\"inLanguage\":\"pl-PL\",\"@id\":\"https:\/\/www.pogotowieflagowe.pl\/aktualne\/misja-zbliza-sie-do-konca-astronauci-przygotowuja-sie-do-powrotu-na-ziemie\/#primaryimage\",\"url\":\"https:\/\/www.pogotowieflagowe.pl\/aktualne\/wp-content\/uploads\/2025\/07\/Misja-zbliza-sie-do-konca-astronauci-przygotowuja-sie-do-powrotu.webp.webp\",\"contentUrl\":\"https:\/\/www.pogotowieflagowe.pl\/aktualne\/wp-content\/uploads\/2025\/07\/Misja-zbliza-sie-do-konca-astronauci-przygotowuja-sie-do-powrotu.webp.webp\",\"width\":1280,\"height\":720,\"caption\":\"Misja zbli\u017ca si\u0119 do ko\u0144ca: astronauci przygotowuj\u0105 si\u0119 do powrotu na ziemi\u0119\"},{\"@type\":\"BreadcrumbList\",\"@id\":\"https:\/\/www.pogotowieflagowe.pl\/aktualne\/misja-zbliza-sie-do-konca-astronauci-przygotowuja-sie-do-powrotu-na-ziemie\/#breadcrumb\",\"itemListElement\":[{\"@type\":\"ListItem\",\"position\":1,\"name\":\"Home\",\"item\":\"https:\/\/www.pogotowieflagowe.pl\/aktualne\/\"},{\"@type\":\"ListItem\",\"position\":2,\"name\":\"Misja zbli\u017ca si\u0119 do ko\u0144ca: astronauci przygotowuj\u0105 si\u0119 do powrotu na ziemi\u0119\"}]},{\"@type\":\"WebSite\",\"@id\":\"https:\/\/www.pogotowieflagowe.pl\/aktualne\/#website\",\"url\":\"https:\/\/www.pogotowieflagowe.pl\/aktualne\/\",\"name\":\"POGOTOWIE FLAGOWE\u00ae\",\"description\":\"\",\"publisher\":{\"@id\":\"https:\/\/www.pogotowieflagowe.pl\/aktualne\/#organization\"},\"potentialAction\":[{\"@type\":\"SearchAction\",\"target\":{\"@type\":\"EntryPoint\",\"urlTemplate\":\"https:\/\/www.pogotowieflagowe.pl\/aktualne\/?s={search_term_string}\"},\"query-input\":\"required name=search_term_string\"}],\"inLanguage\":\"pl-PL\"},{\"@type\":\"Organization\",\"@id\":\"https:\/\/www.pogotowieflagowe.pl\/aktualne\/#organization\",\"name\":\"POGOTOWIE FLAGOWE\u00ae\",\"url\":\"https:\/\/www.pogotowieflagowe.pl\/aktualne\/\",\"logo\":{\"@type\":\"ImageObject\",\"inLanguage\":\"pl-PL\",\"@id\":\"https:\/\/www.pogotowieflagowe.pl\/aktualne\/#\/schema\/logo\/image\/\",\"url\":\"https:\/\/www.pogotowieflagowe.pl\/aktualne\/wp-content\/uploads\/2024\/08\/cropped-pogotowieflagowe_flaga_projekt_sm.jpg\",\"contentUrl\":\"https:\/\/www.pogotowieflagowe.pl\/aktualne\/wp-content\/uploads\/2024\/08\/cropped-pogotowieflagowe_flaga_projekt_sm.jpg\",\"width\":250,\"height\":143,\"caption\":\"POGOTOWIE FLAGOWE\u00ae\"},\"image\":{\"@id\":\"https:\/\/www.pogotowieflagowe.pl\/aktualne\/#\/schema\/logo\/image\/\"}},{\"@type\":\"Person\",\"@id\":\"https:\/\/www.pogotowieflagowe.pl\/aktualne\/#\/schema\/person\/9c2fb7d2362ebf6fa088960d7f0d27b0\",\"name\":\"Filip\",\"image\":{\"@type\":\"ImageObject\",\"inLanguage\":\"pl-PL\",\"@id\":\"https:\/\/www.pogotowieflagowe.pl\/aktualne\/#\/schema\/person\/image\/\",\"url\":\"https:\/\/www.pogotowieflagowe.pl\/aktualne\/wp-content\/uploads\/2024\/08\/pogotowieflagowe.pl_.jpg\",\"contentUrl\":\"https:\/\/www.pogotowieflagowe.pl\/aktualne\/wp-content\/uploads\/2024\/08\/pogotowieflagowe.pl_.jpg\",\"caption\":\"Filip\"},\"description\":\"Jestem Filip, polski dziennikarz z dyplomem nauk politycznych Uniwersytetu Warszawskiego. Rozpoczynaj\u0105c swoj\u0105 karier\u0119 w r\u00f3\u017cnych lokalnych mediach, zdoby\u0142em solidne do\u015bwiadczenie w zakresie \u015bledztwa i redakcji. Obecnie jako redaktor w Pogotowie flagowe, staram si\u0119 dostarcza\u0107 dog\u0142\u0119bne i istotne analizy na temat najwa\u017cniejszych kwestii aktualno\u015bci, \u0142\u0105cz\u0105c rygor z pasj\u0105 dziennikarsk\u0105.\",\"sameAs\":[\"https:\/\/www.pogotowieflagowe.pl\/\"]}]}<\/script>\n<!-- \/ Yoast SEO plugin. -->","yoast_head_json":{"title":"Misja zbli\u017ca si\u0119 do ko\u0144ca: astronauci przygotowuj\u0105 si\u0119 do powrotu na ziemi\u0119 - POGOTOWIE FLAGOWE\u00ae","robots":{"index":"index","follow":"follow","max-snippet":"max-snippet:-1","max-image-preview":"max-image-preview:large","max-video-preview":"max-video-preview:-1"},"canonical":"https:\/\/www.pogotowieflagowe.pl\/aktualne\/misja-zbliza-sie-do-konca-astronauci-przygotowuja-sie-do-powrotu-na-ziemie\/","og_locale":"pl_PL","og_type":"article","og_title":"Misja zbli\u017ca si\u0119 do ko\u0144ca: astronauci przygotowuj\u0105 si\u0119 do powrotu na ziemi\u0119 - POGOTOWIE FLAGOWE\u00ae","og_description":"Axiom Space og\u0142osi\u0142o, \u017ce powr\u00f3t za\u0142ogi z Mi\u0119dzynarodowej Stacji Kosmicznej (ISS) rozpocznie si\u0119 nie wcze\u015bniej ni\u017c w poniedzia\u0142ek, 14 lipca,","og_url":"https:\/\/www.pogotowieflagowe.pl\/aktualne\/misja-zbliza-sie-do-konca-astronauci-przygotowuja-sie-do-powrotu-na-ziemie\/","og_site_name":"POGOTOWIE FLAGOWE\u00ae","article_published_time":"2025-07-12T02:47:42+00:00","article_modified_time":"2025-07-12T02:47:43+00:00","og_image":[{"width":1280,"height":720,"url":"https:\/\/www.pogotowieflagowe.pl\/aktualne\/wp-content\/uploads\/2025\/07\/Misja-zbliza-sie-do-konca-astronauci-przygotowuja-sie-do-powrotu.webp.webp","type":"image\/webp"}],"author":"Filip","twitter_card":"summary_large_image","twitter_misc":{"Napisane przez":"Filip","Szacowany czas czytania":"2 minuty"},"schema":{"@context":"https:\/\/schema.org","@graph":[{"@type":"Article","@id":"https:\/\/www.pogotowieflagowe.pl\/aktualne\/misja-zbliza-sie-do-konca-astronauci-przygotowuja-sie-do-powrotu-na-ziemie\/#article","isPartOf":{"@id":"https:\/\/www.pogotowieflagowe.pl\/aktualne\/misja-zbliza-sie-do-konca-astronauci-przygotowuja-sie-do-powrotu-na-ziemie\/"},"author":{"name":"Filip","@id":"https:\/\/www.pogotowieflagowe.pl\/aktualne\/#\/schema\/person\/9c2fb7d2362ebf6fa088960d7f0d27b0"},"headline":"Misja zbli\u017ca si\u0119 do ko\u0144ca: astronauci przygotowuj\u0105 si\u0119 do powrotu na ziemi\u0119","datePublished":"2025-07-12T02:47:42+00:00","dateModified":"2025-07-12T02:47:43+00:00","mainEntityOfPage":{"@id":"https:\/\/www.pogotowieflagowe.pl\/aktualne\/misja-zbliza-sie-do-konca-astronauci-przygotowuja-sie-do-powrotu-na-ziemie\/"},"wordCount":434,"publisher":{"@id":"https:\/\/www.pogotowieflagowe.pl\/aktualne\/#organization"},"image":{"@id":"https:\/\/www.pogotowieflagowe.pl\/aktualne\/misja-zbliza-sie-do-konca-astronauci-przygotowuja-sie-do-powrotu-na-ziemie\/#primaryimage"},"thumbnailUrl":"https:\/\/www.pogotowieflagowe.pl\/aktualne\/wp-content\/uploads\/2025\/07\/Misja-zbliza-sie-do-konca-astronauci-przygotowuja-sie-do-powrotu.webp.webp","keywords":["astronauci","ko\u0144ca","Misja","powrotu","przygotowuj\u0105","si\u0119","zbli\u017ca","ziemi\u0119"],"articleSection":["Aktualne"],"inLanguage":"pl-PL"},{"@type":"WebPage","@id":"https:\/\/www.pogotowieflagowe.pl\/aktualne\/misja-zbliza-sie-do-konca-astronauci-przygotowuja-sie-do-powrotu-na-ziemie\/","url":"https:\/\/www.pogotowieflagowe.pl\/aktualne\/misja-zbliza-sie-do-konca-astronauci-przygotowuja-sie-do-powrotu-na-ziemie\/","name":"Misja zbli\u017ca si\u0119 do ko\u0144ca: astronauci przygotowuj\u0105 si\u0119 do powrotu na ziemi\u0119 - POGOTOWIE FLAGOWE\u00ae","isPartOf":{"@id":"https:\/\/www.pogotowieflagowe.pl\/aktualne\/#website"},"primaryImageOfPage":{"@id":"https:\/\/www.pogotowieflagowe.pl\/aktualne\/misja-zbliza-sie-do-konca-astronauci-przygotowuja-sie-do-powrotu-na-ziemie\/#primaryimage"},"image":{"@id":"https:\/\/www.pogotowieflagowe.pl\/aktualne\/misja-zbliza-sie-do-konca-astronauci-przygotowuja-sie-do-powrotu-na-ziemie\/#primaryimage"},"thumbnailUrl":"https:\/\/www.pogotowieflagowe.pl\/aktualne\/wp-content\/uploads\/2025\/07\/Misja-zbliza-sie-do-konca-astronauci-przygotowuja-sie-do-powrotu.webp.webp","datePublished":"2025-07-12T02:47:42+00:00","dateModified":"2025-07-12T02:47:43+00:00","breadcrumb":{"@id":"https:\/\/www.pogotowieflagowe.pl\/aktualne\/misja-zbliza-sie-do-konca-astronauci-przygotowuja-sie-do-powrotu-na-ziemie\/#breadcrumb"},"inLanguage":"pl-PL","potentialAction":[{"@type":"ReadAction","target":["https:\/\/www.pogotowieflagowe.pl\/aktualne\/misja-zbliza-sie-do-konca-astronauci-przygotowuja-sie-do-powrotu-na-ziemie\/"]}]},{"@type":"ImageObject","inLanguage":"pl-PL","@id":"https:\/\/www.pogotowieflagowe.pl\/aktualne\/misja-zbliza-sie-do-konca-astronauci-przygotowuja-sie-do-powrotu-na-ziemie\/#primaryimage","url":"https:\/\/www.pogotowieflagowe.pl\/aktualne\/wp-content\/uploads\/2025\/07\/Misja-zbliza-sie-do-konca-astronauci-przygotowuja-sie-do-powrotu.webp.webp","contentUrl":"https:\/\/www.pogotowieflagowe.pl\/aktualne\/wp-content\/uploads\/2025\/07\/Misja-zbliza-sie-do-konca-astronauci-przygotowuja-sie-do-powrotu.webp.webp","width":1280,"height":720,"caption":"Misja zbli\u017ca si\u0119 do ko\u0144ca: astronauci przygotowuj\u0105 si\u0119 do powrotu na ziemi\u0119"},{"@type":"BreadcrumbList","@id":"https:\/\/www.pogotowieflagowe.pl\/aktualne\/misja-zbliza-sie-do-konca-astronauci-przygotowuja-sie-do-powrotu-na-ziemie\/#breadcrumb","itemListElement":[{"@type":"ListItem","position":1,"name":"Home","item":"https:\/\/www.pogotowieflagowe.pl\/aktualne\/"},{"@type":"ListItem","position":2,"name":"Misja zbli\u017ca si\u0119 do ko\u0144ca: astronauci przygotowuj\u0105 si\u0119 do powrotu na ziemi\u0119"}]},{"@type":"WebSite","@id":"https:\/\/www.pogotowieflagowe.pl\/aktualne\/#website","url":"https:\/\/www.pogotowieflagowe.pl\/aktualne\/","name":"POGOTOWIE FLAGOWE\u00ae","description":"","publisher":{"@id":"https:\/\/www.pogotowieflagowe.pl\/aktualne\/#organization"},"potentialAction":[{"@type":"SearchAction","target":{"@type":"EntryPoint","urlTemplate":"https:\/\/www.pogotowieflagowe.pl\/aktualne\/?s={search_term_string}"},"query-input":"required name=search_term_string"}],"inLanguage":"pl-PL"},{"@type":"Organization","@id":"https:\/\/www.pogotowieflagowe.pl\/aktualne\/#organization","name":"POGOTOWIE FLAGOWE\u00ae","url":"https:\/\/www.pogotowieflagowe.pl\/aktualne\/","logo":{"@type":"ImageObject","inLanguage":"pl-PL","@id":"https:\/\/www.pogotowieflagowe.pl\/aktualne\/#\/schema\/logo\/image\/","url":"https:\/\/www.pogotowieflagowe.pl\/aktualne\/wp-content\/uploads\/2024\/08\/cropped-pogotowieflagowe_flaga_projekt_sm.jpg","contentUrl":"https:\/\/www.pogotowieflagowe.pl\/aktualne\/wp-content\/uploads\/2024\/08\/cropped-pogotowieflagowe_flaga_projekt_sm.jpg","width":250,"height":143,"caption":"POGOTOWIE FLAGOWE\u00ae"},"image":{"@id":"https:\/\/www.pogotowieflagowe.pl\/aktualne\/#\/schema\/logo\/image\/"}},{"@type":"Person","@id":"https:\/\/www.pogotowieflagowe.pl\/aktualne\/#\/schema\/person\/9c2fb7d2362ebf6fa088960d7f0d27b0","name":"Filip","image":{"@type":"ImageObject","inLanguage":"pl-PL","@id":"https:\/\/www.pogotowieflagowe.pl\/aktualne\/#\/schema\/person\/image\/","url":"https:\/\/www.pogotowieflagowe.pl\/aktualne\/wp-content\/uploads\/2024\/08\/pogotowieflagowe.pl_.jpg","contentUrl":"https:\/\/www.pogotowieflagowe.pl\/aktualne\/wp-content\/uploads\/2024\/08\/pogotowieflagowe.pl_.jpg","caption":"Filip"},"description":"Jestem Filip, polski dziennikarz z dyplomem nauk politycznych Uniwersytetu Warszawskiego. Rozpoczynaj\u0105c swoj\u0105 karier\u0119 w r\u00f3\u017cnych lokalnych mediach, zdoby\u0142em solidne do\u015bwiadczenie w zakresie \u015bledztwa i redakcji. Obecnie jako redaktor w Pogotowie flagowe, staram si\u0119 dostarcza\u0107 dog\u0142\u0119bne i istotne analizy na temat najwa\u017cniejszych kwestii aktualno\u015bci, \u0142\u0105cz\u0105c rygor z pasj\u0105 dziennikarsk\u0105.","sameAs":["https:\/\/www.pogotowieflagowe.pl\/"]}]}},"_links":{"self":[{"href":"https:\/\/www.pogotowieflagowe.pl\/aktualne\/wp-json\/wp\/v2\/posts\/6669","targetHints":{"allow":["GET"]}}],"collection":[{"href":"https:\/\/www.pogotowieflagowe.pl\/aktualne\/wp-json\/wp\/v2\/posts"}],"about":[{"href":"https:\/\/www.pogotowieflagowe.pl\/aktualne\/wp-json\/wp\/v2\/types\/post"}],"author":[{"embeddable":true,"href":"https:\/\/www.pogotowieflagowe.pl\/aktualne\/wp-json\/wp\/v2\/users\/1"}],"replies":[{"embeddable":true,"href":"https:\/\/www.pogotowieflagowe.pl\/aktualne\/wp-json\/wp\/v2\/comments?post=6669"}],"version-history":[{"count":1,"href":"https:\/\/www.pogotowieflagowe.pl\/aktualne\/wp-json\/wp\/v2\/posts\/6669\/revisions"}],"predecessor-version":[{"id":6671,"href":"https:\/\/www.pogotowieflagowe.pl\/aktualne\/wp-json\/wp\/v2\/posts\/6669\/revisions\/6671"}],"wp:featuredmedia":[{"embeddable":true,"href":"https:\/\/www.pogotowieflagowe.pl\/aktualne\/wp-json\/wp\/v2\/media\/6670"}],"wp:attachment":[{"href":"https:\/\/www.pogotowieflagowe.pl\/aktualne\/wp-json\/wp\/v2\/media?parent=6669"}],"wp:term":[{"taxonomy":"category","embeddable":true,"href":"https:\/\/www.pogotowieflagowe.pl\/aktualne\/wp-json\/wp\/v2\/categories?post=6669"},{"taxonomy":"post_tag","embeddable":true,"href":"https:\/\/www.pogotowieflagowe.pl\/aktualne\/wp-json\/wp\/v2\/tags?post=6669"}],"curies":[{"name":"wp","href":"https:\/\/api.w.org\/{rel}","templated":true}]}}