{"id":6675,"date":"2025-07-12T16:50:32","date_gmt":"2025-07-12T14:50:32","guid":{"rendered":"https:\/\/www.pogotowieflagowe.pl\/aktualne\/polaki-zadaja-referendum-w-sprawie-nielegalnej-migracji-swieze-wyzwanie-dla-tusk\/"},"modified":"2025-07-12T16:50:33","modified_gmt":"2025-07-12T14:50:33","slug":"polaki-zadaja-referendum-w-sprawie-nielegalnej-migracji-swieze-wyzwanie-dla-tusk","status":"publish","type":"post","link":"https:\/\/www.pogotowieflagowe.pl\/aktualne\/polaki-zadaja-referendum-w-sprawie-nielegalnej-migracji-swieze-wyzwanie-dla-tusk\/","title":{"rendered":"Polaki \u017c\u0105daj\u0105 referendum w sprawie nielegalnej migracji: \u015bwie\u017ce wyzwanie dla TUSK?"},"content":{"rendered":"\n<div class=\"td_block_wrap tdb_single_content tdi_41 td-pb-border-top td_block_template_8 td-post-content tagdiv-type\" data-td-block-uid=\"tdi_41\">\n<style>.tdi_41 {margin-top: 0px! Wa\u017cne; margines-bottom: 0px! WA\u017bNY; PALDING-TOP: 0PX! WA\u017bNY; PALDING-BOTTOM: 0PX! WA\u017bNE}<\/style>\n<style>.tdb_single_content {margin-bottom: 0;*zoom: 1} .tdb_single_content: wcze\u015bniej, .tdb_single_content: po {display: Table; content: ''; line-height: 0} .TDB-BLOCK-INner>*: nie (.WP-BLOCK-QUOTE): not (.alignSwide): not (.Alignfull.wp-block-cover.has-parallax): not (.td-a-ad) {margin-left: auto; margin-right: auto} .tdb_single_ConTent a {wska\u017anik-events: auto} .tdb_single_content .td-spot-id-top_ad .tdc-placeholder-title: przed {content: \u201eArtyku\u0142 top ad\u201d! Wa\u017cne} .tdb_single_content .td-Spot-Id-inline_ad0 .tdc-placeholder-title 1 '! Wa\u017cne} .tdb_single_content .td-Spot-Id-inline_Ad1 .tdc-Placeholder-Title: przed {content: \u201eArtyku\u0142 inline AD 2'! Wa\u017cny} .tdb_single_content. 3 '! Wa\u017cne} .tdb_single_content .td-Spot-Id-Bottom_Ad .tdc-Placeholder-Title: przed {content: \u201eArtyku\u0142 Bottom Ad\u201d! Wa\u017cne} .tdb_single_content .id_top_ad, .tdb_single_content_content .id_bottom_ad {clear: oba; margin-bottom: 21px; text-align: Center} .tdb_single_content .id_top_ad img, .tdb_single_content .id_bottom_ad img {margin-bottom: 0} .tdb_single_conTent .id_top_ad .adsbyGoogle, .tdb_single_content .id_bottom_ad .adsbyGoogle {pozycja: relatyw} .tdb_single_content .id_ad_content-horiz-left, .tdb_single_content .id_ad_content-horiz-right, .tdb_single_content .id_ad_content-horiz-Center {margin-bottom: 15px} .tdb_single_content .id_ad_content-horiz-left Img, .tdb_single_content .id_ad_content-horiz-right img, .tdb_single_content .id_ad_content-horiz-centerter img {margin-bottom: 0} .tdb_single_content .id_ad_content-horiz-center {text-align: Center} .tdb_single_content .id_ad_content-horiz-center img {margin-right: auto; margin-let: auto} .tdb_single_content .id_ad_content-horiz-left {float: left; margin-top: 9px; margin-right: 21px} .tdb_single_content .id_ad_content-horiz-right {float: margin-top: 6px; margin-left: 21px} .tdb_single_content .tdc-a-a-ad .TDC-Placeholder-Title {szeroko\u015b\u0107: 300px; height: 250px} .tdb_single_content .tdc-a-ad .TDC-Placeholder-Title: Przed {Pozycja: Absolute; TOP: 50%;-WebKit-Transform: Translatey (-50%); Transform: Translatey (-50%); margines: auto; Display: Tabela; szeroko\u015b\u0107: 100%}. tdb_single_content .TDB-BLOCK-INNER.TD-FIX-INDEX {Word-Break: Break-word} .tdi_41, .tdi_41> p, .tdi_41 .tdb-block-inner> p, .Wp-Block-Column> p {font-size: 16px! Wa\u017cne; wa\u017cny; p {font-styl: normalne! Wa\u017cne} @media (Max-Width: 767px) {. tdb_single_content .id_ad_content-horiz-left, .tdb_single_content .id_ad_content-horiz-right, .tdb_single_content .id_ad_content-horiz-centter {Margin: 0 AUTO 26PXX auto}}@media (Max-Width: 767px) {. tdb_single_content .id_ad_content-horiz-left {margin-right: 0}}@media (max-width: 767px) {. (Max-Width: 767px) {. tdb_single_content .td-a-ad {float: none; text-align: Center} .tdb_single_content .td-a-ad img {margin-right: auto; margin-left: auto} .tdb_single_content .tdc-a-a-a-{margin-right: auto; margin-left: auto} .tdb_single_content .tdd<\/style>\n<div class=\"tdb-block-inner td-fix-index\">\n<p>Wed\u0142ug ankiety przeprowadzonej przez SW Research dla codziennej Rzeczpospolita prawie trzy czwarte biegun\u00f3w o\u015bwiadcza, \u017ce uczestnicz\u0105 w referendum w sprawie nielegalnej migracji.<\/p>\n<h2 class=\"wp-block-heading\">Nowe referendum?<\/h2>\n<p>W og\u00f3lnopolskim referendum w Polsce 15 pa\u017adziernika 2023 r. (Dzie\u0144 wybor\u00f3w parlamentarnych) jedno z czterech pyta\u0144 stanowi\u0142o zaniepokojone migracj\u0119. Dok\u0142adne sformu\u0142owanie brzmia\u0142o:<\/p>\n<p>\u201eCzy popierasz akceptacj\u0119 tysi\u0119cy nielegalnych imigrant\u00f3w z Bliskiego Wschodu i Afryki zgodnie z obowi\u0105zkowym mechanizmem relokacji na\u0142o\u017conym przez europejsk\u0105 biurokracj\u0119?\u201d<\/p>\n<p>W tym czasie prawie 97% respondent\u00f3w wybra\u0142o odpowied\u017a \u201enie\u201d. Jednak frekwencja wyborcza w tym referendum by\u0142a bardzo niska, nie osi\u0105gn\u0119\u0142a wymaganego 50% progu (by\u0142 to dok\u0142adnie 40,91%), wi\u0119c wynik nie by\u0142 wi\u0105\u017c\u0105cy.<\/p>\n<p>Teraz jednak Partia Prawa Rz\u0105dowego i Sprawiedliwo\u015bci (PIS), powo\u0142uj\u0105c si\u0119 na kryzys migracyjny na zachodniej granicy Polski, przywraca ide\u0119 przeprowadzenia kolejnego referendum. Tym razem zaproponowane pytanie referendum brzmia\u0142oby:<\/p>\n<p>\u201eCzy popierasz odrzucenie obowi\u0105zkowej akceptacji nielegalnych migrant\u00f3w, co powoduje ryzyko bezpiecze\u0144stwa osobistego i gospodarczego?\u201d<\/p>\n<p>Prawie trzy czwarte ankietowanych wyrazi\u0142o gotowo\u015b\u0107 do uczestnictwa w takim referendum-50,4% odpowiedzia\u0142o \u201ezdecydowanie tak\u201d, podczas gdy kolejne 23,4% powiedzia\u0142o \u201eraczej tak\u201d. Tylko 7,4% respondent\u00f3w mocno odrzuci\u0142o pomys\u0142 udzia\u0142u w tym referendum, a kolejne 6,5% by\u0142o r\u00f3wnie\u017c sk\u0142onne do odrzucenia uczestnicz\u0105cego. Kolejne 12,3% nie mia\u0142o zdania w tej sprawie.<\/p>\n<\/div>\n<\/div>\n","protected":false},"excerpt":{"rendered":"<p>Wed\u0142ug ankiety przeprowadzonej przez SW Research dla codziennej Rzeczpospolita prawie trzy czwarte biegun\u00f3w o\u015bwiadcza, \u017ce uczestnicz\u0105 w referendum w sprawie<\/p>\n","protected":false},"author":1,"featured_media":6676,"comment_status":"closed","ping_status":"","sticky":false,"template":"","format":"standard","meta":{"footnotes":""},"categories":[4748],"tags":[131,1531,5624,4772,6409,35,8416,221,1619,8415],"class_list":["post-6675","post","type-post","status-publish","format-standard","has-post-thumbnail","hentry","category-aktualne","tag-dla","tag-migracji","tag-nielegalnej","tag-polaki","tag-referendum","tag-sprawie","tag-swieze","tag-tusk","tag-wyzwanie","tag-zadaja","generate-columns","tablet-grid-50","mobile-grid-100","grid-parent","grid-50","resize-featured-image"],"yoast_head":"<!-- This site is optimized with the Yoast SEO plugin v23.2 - https:\/\/yoast.com\/wordpress\/plugins\/seo\/ -->\n<title>Polaki \u017c\u0105daj\u0105 referendum w sprawie nielegalnej migracji: \u015bwie\u017ce wyzwanie dla TUSK? - POGOTOWIE FLAGOWE\u00ae<\/title>\n<meta name=\"robots\" content=\"index, follow, max-snippet:-1, max-image-preview:large, max-video-preview:-1\" \/>\n<link rel=\"canonical\" href=\"https:\/\/www.pogotowieflagowe.pl\/aktualne\/polaki-zadaja-referendum-w-sprawie-nielegalnej-migracji-swieze-wyzwanie-dla-tusk\/\" \/>\n<meta property=\"og:locale\" content=\"pl_PL\" \/>\n<meta property=\"og:type\" content=\"article\" \/>\n<meta property=\"og:title\" content=\"Polaki \u017c\u0105daj\u0105 referendum w sprawie nielegalnej migracji: \u015bwie\u017ce wyzwanie dla TUSK? - POGOTOWIE FLAGOWE\u00ae\" \/>\n<meta property=\"og:description\" content=\"Wed\u0142ug ankiety przeprowadzonej przez SW Research dla codziennej Rzeczpospolita prawie trzy czwarte biegun\u00f3w o\u015bwiadcza, \u017ce uczestnicz\u0105 w referendum w sprawie\" \/>\n<meta property=\"og:url\" content=\"https:\/\/www.pogotowieflagowe.pl\/aktualne\/polaki-zadaja-referendum-w-sprawie-nielegalnej-migracji-swieze-wyzwanie-dla-tusk\/\" \/>\n<meta property=\"og:site_name\" content=\"POGOTOWIE FLAGOWE\u00ae\" \/>\n<meta property=\"article:published_time\" content=\"2025-07-12T14:50:32+00:00\" \/>\n<meta property=\"article:modified_time\" content=\"2025-07-12T14:50:33+00:00\" \/>\n<meta property=\"og:image\" content=\"https:\/\/www.pogotowieflagowe.pl\/aktualne\/wp-content\/uploads\/2025\/07\/Polaki-zadaja-referendum-w-sprawie-nielegalnej-migracji-swieze-wyzwanie-dla.jpeg\" \/>\n\t<meta property=\"og:image:width\" content=\"1200\" \/>\n\t<meta property=\"og:image:height\" content=\"675\" \/>\n\t<meta property=\"og:image:type\" content=\"image\/jpeg\" \/>\n<meta name=\"author\" content=\"Filip\" \/>\n<meta name=\"twitter:card\" content=\"summary_large_image\" \/>\n<meta name=\"twitter:label1\" content=\"Napisane przez\" \/>\n\t<meta name=\"twitter:data1\" content=\"Filip\" \/>\n\t<meta name=\"twitter:label2\" content=\"Szacowany czas czytania\" \/>\n\t<meta name=\"twitter:data2\" content=\"1 minuta\" \/>\n<script type=\"application\/ld+json\" class=\"yoast-schema-graph\">{\"@context\":\"https:\/\/schema.org\",\"@graph\":[{\"@type\":\"Article\",\"@id\":\"https:\/\/www.pogotowieflagowe.pl\/aktualne\/polaki-zadaja-referendum-w-sprawie-nielegalnej-migracji-swieze-wyzwanie-dla-tusk\/#article\",\"isPartOf\":{\"@id\":\"https:\/\/www.pogotowieflagowe.pl\/aktualne\/polaki-zadaja-referendum-w-sprawie-nielegalnej-migracji-swieze-wyzwanie-dla-tusk\/\"},\"author\":{\"name\":\"Filip\",\"@id\":\"https:\/\/www.pogotowieflagowe.pl\/aktualne\/#\/schema\/person\/9c2fb7d2362ebf6fa088960d7f0d27b0\"},\"headline\":\"Polaki \u017c\u0105daj\u0105 referendum w sprawie nielegalnej migracji: \u015bwie\u017ce wyzwanie dla TUSK?\",\"datePublished\":\"2025-07-12T14:50:32+00:00\",\"dateModified\":\"2025-07-12T14:50:33+00:00\",\"mainEntityOfPage\":{\"@id\":\"https:\/\/www.pogotowieflagowe.pl\/aktualne\/polaki-zadaja-referendum-w-sprawie-nielegalnej-migracji-swieze-wyzwanie-dla-tusk\/\"},\"wordCount\":233,\"publisher\":{\"@id\":\"https:\/\/www.pogotowieflagowe.pl\/aktualne\/#organization\"},\"image\":{\"@id\":\"https:\/\/www.pogotowieflagowe.pl\/aktualne\/polaki-zadaja-referendum-w-sprawie-nielegalnej-migracji-swieze-wyzwanie-dla-tusk\/#primaryimage\"},\"thumbnailUrl\":\"https:\/\/www.pogotowieflagowe.pl\/aktualne\/wp-content\/uploads\/2025\/07\/Polaki-zadaja-referendum-w-sprawie-nielegalnej-migracji-swieze-wyzwanie-dla.jpeg\",\"keywords\":[\"dla\",\"migracji\",\"nielegalnej\",\"Polaki\",\"referendum\",\"sprawie\",\"\u015bwie\u017ce\",\"Tusk\",\"wyzwanie\",\"\u017c\u0105daj\u0105\"],\"articleSection\":[\"Aktualne\"],\"inLanguage\":\"pl-PL\"},{\"@type\":\"WebPage\",\"@id\":\"https:\/\/www.pogotowieflagowe.pl\/aktualne\/polaki-zadaja-referendum-w-sprawie-nielegalnej-migracji-swieze-wyzwanie-dla-tusk\/\",\"url\":\"https:\/\/www.pogotowieflagowe.pl\/aktualne\/polaki-zadaja-referendum-w-sprawie-nielegalnej-migracji-swieze-wyzwanie-dla-tusk\/\",\"name\":\"Polaki \u017c\u0105daj\u0105 referendum w sprawie nielegalnej migracji: \u015bwie\u017ce wyzwanie dla TUSK? - POGOTOWIE FLAGOWE\u00ae\",\"isPartOf\":{\"@id\":\"https:\/\/www.pogotowieflagowe.pl\/aktualne\/#website\"},\"primaryImageOfPage\":{\"@id\":\"https:\/\/www.pogotowieflagowe.pl\/aktualne\/polaki-zadaja-referendum-w-sprawie-nielegalnej-migracji-swieze-wyzwanie-dla-tusk\/#primaryimage\"},\"image\":{\"@id\":\"https:\/\/www.pogotowieflagowe.pl\/aktualne\/polaki-zadaja-referendum-w-sprawie-nielegalnej-migracji-swieze-wyzwanie-dla-tusk\/#primaryimage\"},\"thumbnailUrl\":\"https:\/\/www.pogotowieflagowe.pl\/aktualne\/wp-content\/uploads\/2025\/07\/Polaki-zadaja-referendum-w-sprawie-nielegalnej-migracji-swieze-wyzwanie-dla.jpeg\",\"datePublished\":\"2025-07-12T14:50:32+00:00\",\"dateModified\":\"2025-07-12T14:50:33+00:00\",\"breadcrumb\":{\"@id\":\"https:\/\/www.pogotowieflagowe.pl\/aktualne\/polaki-zadaja-referendum-w-sprawie-nielegalnej-migracji-swieze-wyzwanie-dla-tusk\/#breadcrumb\"},\"inLanguage\":\"pl-PL\",\"potentialAction\":[{\"@type\":\"ReadAction\",\"target\":[\"https:\/\/www.pogotowieflagowe.pl\/aktualne\/polaki-zadaja-referendum-w-sprawie-nielegalnej-migracji-swieze-wyzwanie-dla-tusk\/\"]}]},{\"@type\":\"ImageObject\",\"inLanguage\":\"pl-PL\",\"@id\":\"https:\/\/www.pogotowieflagowe.pl\/aktualne\/polaki-zadaja-referendum-w-sprawie-nielegalnej-migracji-swieze-wyzwanie-dla-tusk\/#primaryimage\",\"url\":\"https:\/\/www.pogotowieflagowe.pl\/aktualne\/wp-content\/uploads\/2025\/07\/Polaki-zadaja-referendum-w-sprawie-nielegalnej-migracji-swieze-wyzwanie-dla.jpeg\",\"contentUrl\":\"https:\/\/www.pogotowieflagowe.pl\/aktualne\/wp-content\/uploads\/2025\/07\/Polaki-zadaja-referendum-w-sprawie-nielegalnej-migracji-swieze-wyzwanie-dla.jpeg\",\"width\":1200,\"height\":675,\"caption\":\"Polaki \u017c\u0105daj\u0105 referendum w sprawie nielegalnej migracji: \u015bwie\u017ce wyzwanie dla TUSK?\"},{\"@type\":\"BreadcrumbList\",\"@id\":\"https:\/\/www.pogotowieflagowe.pl\/aktualne\/polaki-zadaja-referendum-w-sprawie-nielegalnej-migracji-swieze-wyzwanie-dla-tusk\/#breadcrumb\",\"itemListElement\":[{\"@type\":\"ListItem\",\"position\":1,\"name\":\"Home\",\"item\":\"https:\/\/www.pogotowieflagowe.pl\/aktualne\/\"},{\"@type\":\"ListItem\",\"position\":2,\"name\":\"Polaki \u017c\u0105daj\u0105 referendum w sprawie nielegalnej migracji: \u015bwie\u017ce wyzwanie dla TUSK?\"}]},{\"@type\":\"WebSite\",\"@id\":\"https:\/\/www.pogotowieflagowe.pl\/aktualne\/#website\",\"url\":\"https:\/\/www.pogotowieflagowe.pl\/aktualne\/\",\"name\":\"POGOTOWIE FLAGOWE\u00ae\",\"description\":\"\",\"publisher\":{\"@id\":\"https:\/\/www.pogotowieflagowe.pl\/aktualne\/#organization\"},\"potentialAction\":[{\"@type\":\"SearchAction\",\"target\":{\"@type\":\"EntryPoint\",\"urlTemplate\":\"https:\/\/www.pogotowieflagowe.pl\/aktualne\/?s={search_term_string}\"},\"query-input\":\"required name=search_term_string\"}],\"inLanguage\":\"pl-PL\"},{\"@type\":\"Organization\",\"@id\":\"https:\/\/www.pogotowieflagowe.pl\/aktualne\/#organization\",\"name\":\"POGOTOWIE FLAGOWE\u00ae\",\"url\":\"https:\/\/www.pogotowieflagowe.pl\/aktualne\/\",\"logo\":{\"@type\":\"ImageObject\",\"inLanguage\":\"pl-PL\",\"@id\":\"https:\/\/www.pogotowieflagowe.pl\/aktualne\/#\/schema\/logo\/image\/\",\"url\":\"https:\/\/www.pogotowieflagowe.pl\/aktualne\/wp-content\/uploads\/2024\/08\/cropped-pogotowieflagowe_flaga_projekt_sm.jpg\",\"contentUrl\":\"https:\/\/www.pogotowieflagowe.pl\/aktualne\/wp-content\/uploads\/2024\/08\/cropped-pogotowieflagowe_flaga_projekt_sm.jpg\",\"width\":250,\"height\":143,\"caption\":\"POGOTOWIE FLAGOWE\u00ae\"},\"image\":{\"@id\":\"https:\/\/www.pogotowieflagowe.pl\/aktualne\/#\/schema\/logo\/image\/\"}},{\"@type\":\"Person\",\"@id\":\"https:\/\/www.pogotowieflagowe.pl\/aktualne\/#\/schema\/person\/9c2fb7d2362ebf6fa088960d7f0d27b0\",\"name\":\"Filip\",\"image\":{\"@type\":\"ImageObject\",\"inLanguage\":\"pl-PL\",\"@id\":\"https:\/\/www.pogotowieflagowe.pl\/aktualne\/#\/schema\/person\/image\/\",\"url\":\"https:\/\/www.pogotowieflagowe.pl\/aktualne\/wp-content\/uploads\/2024\/08\/pogotowieflagowe.pl_.jpg\",\"contentUrl\":\"https:\/\/www.pogotowieflagowe.pl\/aktualne\/wp-content\/uploads\/2024\/08\/pogotowieflagowe.pl_.jpg\",\"caption\":\"Filip\"},\"description\":\"Jestem Filip, polski dziennikarz z dyplomem nauk politycznych Uniwersytetu Warszawskiego. Rozpoczynaj\u0105c swoj\u0105 karier\u0119 w r\u00f3\u017cnych lokalnych mediach, zdoby\u0142em solidne do\u015bwiadczenie w zakresie \u015bledztwa i redakcji. Obecnie jako redaktor w Pogotowie flagowe, staram si\u0119 dostarcza\u0107 dog\u0142\u0119bne i istotne analizy na temat najwa\u017cniejszych kwestii aktualno\u015bci, \u0142\u0105cz\u0105c rygor z pasj\u0105 dziennikarsk\u0105.\",\"sameAs\":[\"https:\/\/www.pogotowieflagowe.pl\/\"]}]}<\/script>\n<!-- \/ Yoast SEO plugin. -->","yoast_head_json":{"title":"Polaki \u017c\u0105daj\u0105 referendum w sprawie nielegalnej migracji: \u015bwie\u017ce wyzwanie dla TUSK? - POGOTOWIE FLAGOWE\u00ae","robots":{"index":"index","follow":"follow","max-snippet":"max-snippet:-1","max-image-preview":"max-image-preview:large","max-video-preview":"max-video-preview:-1"},"canonical":"https:\/\/www.pogotowieflagowe.pl\/aktualne\/polaki-zadaja-referendum-w-sprawie-nielegalnej-migracji-swieze-wyzwanie-dla-tusk\/","og_locale":"pl_PL","og_type":"article","og_title":"Polaki \u017c\u0105daj\u0105 referendum w sprawie nielegalnej migracji: \u015bwie\u017ce wyzwanie dla TUSK? - POGOTOWIE FLAGOWE\u00ae","og_description":"Wed\u0142ug ankiety przeprowadzonej przez SW Research dla codziennej Rzeczpospolita prawie trzy czwarte biegun\u00f3w o\u015bwiadcza, \u017ce uczestnicz\u0105 w referendum w sprawie","og_url":"https:\/\/www.pogotowieflagowe.pl\/aktualne\/polaki-zadaja-referendum-w-sprawie-nielegalnej-migracji-swieze-wyzwanie-dla-tusk\/","og_site_name":"POGOTOWIE FLAGOWE\u00ae","article_published_time":"2025-07-12T14:50:32+00:00","article_modified_time":"2025-07-12T14:50:33+00:00","og_image":[{"width":1200,"height":675,"url":"https:\/\/www.pogotowieflagowe.pl\/aktualne\/wp-content\/uploads\/2025\/07\/Polaki-zadaja-referendum-w-sprawie-nielegalnej-migracji-swieze-wyzwanie-dla.jpeg","type":"image\/jpeg"}],"author":"Filip","twitter_card":"summary_large_image","twitter_misc":{"Napisane przez":"Filip","Szacowany czas czytania":"1 minuta"},"schema":{"@context":"https:\/\/schema.org","@graph":[{"@type":"Article","@id":"https:\/\/www.pogotowieflagowe.pl\/aktualne\/polaki-zadaja-referendum-w-sprawie-nielegalnej-migracji-swieze-wyzwanie-dla-tusk\/#article","isPartOf":{"@id":"https:\/\/www.pogotowieflagowe.pl\/aktualne\/polaki-zadaja-referendum-w-sprawie-nielegalnej-migracji-swieze-wyzwanie-dla-tusk\/"},"author":{"name":"Filip","@id":"https:\/\/www.pogotowieflagowe.pl\/aktualne\/#\/schema\/person\/9c2fb7d2362ebf6fa088960d7f0d27b0"},"headline":"Polaki \u017c\u0105daj\u0105 referendum w sprawie nielegalnej migracji: \u015bwie\u017ce wyzwanie dla TUSK?","datePublished":"2025-07-12T14:50:32+00:00","dateModified":"2025-07-12T14:50:33+00:00","mainEntityOfPage":{"@id":"https:\/\/www.pogotowieflagowe.pl\/aktualne\/polaki-zadaja-referendum-w-sprawie-nielegalnej-migracji-swieze-wyzwanie-dla-tusk\/"},"wordCount":233,"publisher":{"@id":"https:\/\/www.pogotowieflagowe.pl\/aktualne\/#organization"},"image":{"@id":"https:\/\/www.pogotowieflagowe.pl\/aktualne\/polaki-zadaja-referendum-w-sprawie-nielegalnej-migracji-swieze-wyzwanie-dla-tusk\/#primaryimage"},"thumbnailUrl":"https:\/\/www.pogotowieflagowe.pl\/aktualne\/wp-content\/uploads\/2025\/07\/Polaki-zadaja-referendum-w-sprawie-nielegalnej-migracji-swieze-wyzwanie-dla.jpeg","keywords":["dla","migracji","nielegalnej","Polaki","referendum","sprawie","\u015bwie\u017ce","Tusk","wyzwanie","\u017c\u0105daj\u0105"],"articleSection":["Aktualne"],"inLanguage":"pl-PL"},{"@type":"WebPage","@id":"https:\/\/www.pogotowieflagowe.pl\/aktualne\/polaki-zadaja-referendum-w-sprawie-nielegalnej-migracji-swieze-wyzwanie-dla-tusk\/","url":"https:\/\/www.pogotowieflagowe.pl\/aktualne\/polaki-zadaja-referendum-w-sprawie-nielegalnej-migracji-swieze-wyzwanie-dla-tusk\/","name":"Polaki \u017c\u0105daj\u0105 referendum w sprawie nielegalnej migracji: \u015bwie\u017ce wyzwanie dla TUSK? - POGOTOWIE FLAGOWE\u00ae","isPartOf":{"@id":"https:\/\/www.pogotowieflagowe.pl\/aktualne\/#website"},"primaryImageOfPage":{"@id":"https:\/\/www.pogotowieflagowe.pl\/aktualne\/polaki-zadaja-referendum-w-sprawie-nielegalnej-migracji-swieze-wyzwanie-dla-tusk\/#primaryimage"},"image":{"@id":"https:\/\/www.pogotowieflagowe.pl\/aktualne\/polaki-zadaja-referendum-w-sprawie-nielegalnej-migracji-swieze-wyzwanie-dla-tusk\/#primaryimage"},"thumbnailUrl":"https:\/\/www.pogotowieflagowe.pl\/aktualne\/wp-content\/uploads\/2025\/07\/Polaki-zadaja-referendum-w-sprawie-nielegalnej-migracji-swieze-wyzwanie-dla.jpeg","datePublished":"2025-07-12T14:50:32+00:00","dateModified":"2025-07-12T14:50:33+00:00","breadcrumb":{"@id":"https:\/\/www.pogotowieflagowe.pl\/aktualne\/polaki-zadaja-referendum-w-sprawie-nielegalnej-migracji-swieze-wyzwanie-dla-tusk\/#breadcrumb"},"inLanguage":"pl-PL","potentialAction":[{"@type":"ReadAction","target":["https:\/\/www.pogotowieflagowe.pl\/aktualne\/polaki-zadaja-referendum-w-sprawie-nielegalnej-migracji-swieze-wyzwanie-dla-tusk\/"]}]},{"@type":"ImageObject","inLanguage":"pl-PL","@id":"https:\/\/www.pogotowieflagowe.pl\/aktualne\/polaki-zadaja-referendum-w-sprawie-nielegalnej-migracji-swieze-wyzwanie-dla-tusk\/#primaryimage","url":"https:\/\/www.pogotowieflagowe.pl\/aktualne\/wp-content\/uploads\/2025\/07\/Polaki-zadaja-referendum-w-sprawie-nielegalnej-migracji-swieze-wyzwanie-dla.jpeg","contentUrl":"https:\/\/www.pogotowieflagowe.pl\/aktualne\/wp-content\/uploads\/2025\/07\/Polaki-zadaja-referendum-w-sprawie-nielegalnej-migracji-swieze-wyzwanie-dla.jpeg","width":1200,"height":675,"caption":"Polaki \u017c\u0105daj\u0105 referendum w sprawie nielegalnej migracji: \u015bwie\u017ce wyzwanie dla TUSK?"},{"@type":"BreadcrumbList","@id":"https:\/\/www.pogotowieflagowe.pl\/aktualne\/polaki-zadaja-referendum-w-sprawie-nielegalnej-migracji-swieze-wyzwanie-dla-tusk\/#breadcrumb","itemListElement":[{"@type":"ListItem","position":1,"name":"Home","item":"https:\/\/www.pogotowieflagowe.pl\/aktualne\/"},{"@type":"ListItem","position":2,"name":"Polaki \u017c\u0105daj\u0105 referendum w sprawie nielegalnej migracji: \u015bwie\u017ce wyzwanie dla TUSK?"}]},{"@type":"WebSite","@id":"https:\/\/www.pogotowieflagowe.pl\/aktualne\/#website","url":"https:\/\/www.pogotowieflagowe.pl\/aktualne\/","name":"POGOTOWIE FLAGOWE\u00ae","description":"","publisher":{"@id":"https:\/\/www.pogotowieflagowe.pl\/aktualne\/#organization"},"potentialAction":[{"@type":"SearchAction","target":{"@type":"EntryPoint","urlTemplate":"https:\/\/www.pogotowieflagowe.pl\/aktualne\/?s={search_term_string}"},"query-input":"required name=search_term_string"}],"inLanguage":"pl-PL"},{"@type":"Organization","@id":"https:\/\/www.pogotowieflagowe.pl\/aktualne\/#organization","name":"POGOTOWIE FLAGOWE\u00ae","url":"https:\/\/www.pogotowieflagowe.pl\/aktualne\/","logo":{"@type":"ImageObject","inLanguage":"pl-PL","@id":"https:\/\/www.pogotowieflagowe.pl\/aktualne\/#\/schema\/logo\/image\/","url":"https:\/\/www.pogotowieflagowe.pl\/aktualne\/wp-content\/uploads\/2024\/08\/cropped-pogotowieflagowe_flaga_projekt_sm.jpg","contentUrl":"https:\/\/www.pogotowieflagowe.pl\/aktualne\/wp-content\/uploads\/2024\/08\/cropped-pogotowieflagowe_flaga_projekt_sm.jpg","width":250,"height":143,"caption":"POGOTOWIE FLAGOWE\u00ae"},"image":{"@id":"https:\/\/www.pogotowieflagowe.pl\/aktualne\/#\/schema\/logo\/image\/"}},{"@type":"Person","@id":"https:\/\/www.pogotowieflagowe.pl\/aktualne\/#\/schema\/person\/9c2fb7d2362ebf6fa088960d7f0d27b0","name":"Filip","image":{"@type":"ImageObject","inLanguage":"pl-PL","@id":"https:\/\/www.pogotowieflagowe.pl\/aktualne\/#\/schema\/person\/image\/","url":"https:\/\/www.pogotowieflagowe.pl\/aktualne\/wp-content\/uploads\/2024\/08\/pogotowieflagowe.pl_.jpg","contentUrl":"https:\/\/www.pogotowieflagowe.pl\/aktualne\/wp-content\/uploads\/2024\/08\/pogotowieflagowe.pl_.jpg","caption":"Filip"},"description":"Jestem Filip, polski dziennikarz z dyplomem nauk politycznych Uniwersytetu Warszawskiego. Rozpoczynaj\u0105c swoj\u0105 karier\u0119 w r\u00f3\u017cnych lokalnych mediach, zdoby\u0142em solidne do\u015bwiadczenie w zakresie \u015bledztwa i redakcji. Obecnie jako redaktor w Pogotowie flagowe, staram si\u0119 dostarcza\u0107 dog\u0142\u0119bne i istotne analizy na temat najwa\u017cniejszych kwestii aktualno\u015bci, \u0142\u0105cz\u0105c rygor z pasj\u0105 dziennikarsk\u0105.","sameAs":["https:\/\/www.pogotowieflagowe.pl\/"]}]}},"_links":{"self":[{"href":"https:\/\/www.pogotowieflagowe.pl\/aktualne\/wp-json\/wp\/v2\/posts\/6675","targetHints":{"allow":["GET"]}}],"collection":[{"href":"https:\/\/www.pogotowieflagowe.pl\/aktualne\/wp-json\/wp\/v2\/posts"}],"about":[{"href":"https:\/\/www.pogotowieflagowe.pl\/aktualne\/wp-json\/wp\/v2\/types\/post"}],"author":[{"embeddable":true,"href":"https:\/\/www.pogotowieflagowe.pl\/aktualne\/wp-json\/wp\/v2\/users\/1"}],"replies":[{"embeddable":true,"href":"https:\/\/www.pogotowieflagowe.pl\/aktualne\/wp-json\/wp\/v2\/comments?post=6675"}],"version-history":[{"count":1,"href":"https:\/\/www.pogotowieflagowe.pl\/aktualne\/wp-json\/wp\/v2\/posts\/6675\/revisions"}],"predecessor-version":[{"id":6677,"href":"https:\/\/www.pogotowieflagowe.pl\/aktualne\/wp-json\/wp\/v2\/posts\/6675\/revisions\/6677"}],"wp:featuredmedia":[{"embeddable":true,"href":"https:\/\/www.pogotowieflagowe.pl\/aktualne\/wp-json\/wp\/v2\/media\/6676"}],"wp:attachment":[{"href":"https:\/\/www.pogotowieflagowe.pl\/aktualne\/wp-json\/wp\/v2\/media?parent=6675"}],"wp:term":[{"taxonomy":"category","embeddable":true,"href":"https:\/\/www.pogotowieflagowe.pl\/aktualne\/wp-json\/wp\/v2\/categories?post=6675"},{"taxonomy":"post_tag","embeddable":true,"href":"https:\/\/www.pogotowieflagowe.pl\/aktualne\/wp-json\/wp\/v2\/tags?post=6675"}],"curies":[{"name":"wp","href":"https:\/\/api.w.org\/{rel}","templated":true}]}}