{"id":6717,"date":"2025-07-14T22:47:03","date_gmt":"2025-07-14T20:47:03","guid":{"rendered":"https:\/\/www.pogotowieflagowe.pl\/aktualne\/wystawa-skandaliczna-w-gdansku-morawiecki-podnosi-alarm-i-wskazuje-to-nie-jest-przypadek\/"},"modified":"2025-07-14T22:47:04","modified_gmt":"2025-07-14T20:47:04","slug":"wystawa-skandaliczna-w-gdansku-morawiecki-podnosi-alarm-i-wskazuje-to-nie-jest-przypadek","status":"publish","type":"post","link":"https:\/\/www.pogotowieflagowe.pl\/aktualne\/wystawa-skandaliczna-w-gdansku-morawiecki-podnosi-alarm-i-wskazuje-to-nie-jest-przypadek\/","title":{"rendered":"Wystawa skandaliczna w Gda\u0144sku. Morawiecki podnosi alarm i wskazuje: \u201eTo nie jest przypadek\u201d"},"content":{"rendered":"\n<div class=\"td_block_wrap tdb_single_content tdi_41 td-pb-border-top td_block_template_8 td-post-content tagdiv-type\" data-td-block-uid=\"tdi_41\">\n<style>.tdi_41 {margin-top: 0px! Wa\u017cne; margines-bottom: 0px! WA\u017bNY; PALDING-TOP: 0PX! WA\u017bNY; PALDING-BOTTOM: 0PX! WA\u017bNE}<\/style>\n<style>.tdb_single_content {margin-bottom: 0;*zoom: 1} .tdb_single_content: wcze\u015bniej, .tdb_single_content: po {display: Table; content: ''; line-height: 0} .TDB-BLOCK-INner>*: nie (.WP-BLOCK-QUOTE): not (.alignSwide): not (.Alignfull.wp-block-cover.has-parallax): not (.td-a-ad) {margin-left: auto; margin-right: auto} .tdb_single_ConTent a {wska\u017anik-events: auto} .tdb_single_content .td-spot-id-top_ad .tdc-placeholder-title: przed {content: \u201eArtyku\u0142 top ad\u201d! Wa\u017cne} .tdb_single_content .td-Spot-Id-inline_ad0 .tdc-placeholder-title 1 '! Wa\u017cne} .tdb_single_content .td-Spot-Id-inline_Ad1 .tdc-Placeholder-Title: przed {content: \u201eArtyku\u0142 inline AD 2'! Wa\u017cny} .tdb_single_content. 3 '! Wa\u017cne} .tdb_single_content .td-Spot-Id-Bottom_Ad .tdc-Placeholder-Title: przed {content: \u201eArtyku\u0142 Bottom Ad\u201d! Wa\u017cne} .tdb_single_content .id_top_ad, .tdb_single_content_content .id_bottom_ad {clear: oba; margin-bottom: 21px; text-align: Center} .tdb_single_content .id_top_ad img, .tdb_single_content .id_bottom_ad img {margin-bottom: 0} .tdb_single_conTent .id_top_ad .adsbyGoogle, .tdb_single_content .id_bottom_ad .adsbyGoogle {pozycja: relatyw} .tdb_single_content .id_ad_content-horiz-left, .tdb_single_content .id_ad_content-horiz-right, .tdb_single_content .id_ad_content-horiz-Center {margin-bottom: 15px} .tdb_single_content .id_ad_content-horiz-left Img, .tdb_single_content .id_ad_content-horiz-right img, .tdb_single_content .id_ad_content-horiz-centerter img {margin-bottom: 0} .tdb_single_content .id_ad_content-horiz-center {text-align: Center} .tdb_single_content .id_ad_content-horiz-center img {margin-right: auto; margin-let: auto} .tdb_single_content .id_ad_content-horiz-left {float: left; margin-top: 9px; margin-right: 21px} .tdb_single_content .id_ad_content-horiz-right {float: margin-top: 6px; margin-left: 21px} .tdb_single_content .tdc-a-a-ad .TDC-Placeholder-Title {szeroko\u015b\u0107: 300px; height: 250px} .tdb_single_content .tdc-a-ad .TDC-Placeholder-Title: Przed {Pozycja: Absolute; TOP: 50%;-WebKit-Transform: Translatey (-50%); Transform: Translatey (-50%); margines: auto; Display: Tabela; szeroko\u015b\u0107: 100%}. tdb_single_content .TDB-BLOCK-INNER.TD-FIX-INDEX {Word-Break: Break-word} .tdi_41, .tdi_41> p, .tdi_41 .tdb-block-inner> p, .Wp-Block-Column> p {font-size: 16px! Wa\u017cne; wa\u017cny; p {font-styl: normalne! Wa\u017cne} @media (Max-Width: 767px) {. tdb_single_content .id_ad_content-horiz-left, .tdb_single_content .id_ad_content-horiz-right, .tdb_single_content .id_ad_content-horiz-centter {Margin: 0 AUTO 26PXX auto}}@media (Max-Width: 767px) {. tdb_single_content .id_ad_content-horiz-left {margin-right: 0}}@media (max-width: 767px) {. (Max-Width: 767px) {. tdb_single_content .td-a-ad {float: none; text-align: Center} .tdb_single_content .td-a-ad img {margin-right: auto; margin-left: auto} .tdb_single_content .tdc-a-a-a-{margin-right: auto; margin-left: auto} .tdb_single_content .tdd<\/style>\n<div class=\"tdb-block-inner td-fix-index\">\n<p>\u201eTo, co dzieje si\u0119 w Gda\u0144sku, jest zgodne z ca\u0142\u0105 sekwencj\u0105 wydarze\u0144, kt\u00f3re pasuj\u0105 do koncepcji zas\u0142aniania prawdziwej historii i relatywowania z\u0142a pope\u0142nionego przez Niemc\u00f3w na terytorium polskim\u201d, napisa\u0142 by\u0142y premier Mateusz Morawiklecki na X, podkre\u015blaj\u0105c pewne fakty z poprzedniego roku i p\u00f3\u0142 roku.<\/p>\n<p>Vernisa\u017c wystawy <em>\u201eNasi ch\u0142opcy. Mieszka\u0144cy Gda\u0144skiej Pomerania w armii trzeciej Rzeszy\u201d<\/em>kt\u00f3ry przedstawia historie dziesi\u0105tek tysi\u0119cy mieszka\u0144c\u00f3w regionu Pomerania pobieranych do Wehrmacht, odby\u0142y si\u0119 w pi\u0105tek w galerii Palowa g\u0142\u00f3wnego ratusza w Gda\u0144sku. Dzisiaj wystawa zosta\u0142a skrytykowana mi\u0119dzy innymi przez Prezydenta Andrzeja Dud\u0119, wicepremier i ministra obrony narodowej W\u0142adys\u0142aw Kosiniak-Kamisz oraz by\u0142ego ministra obrony narodowej Mariusz Ba\u0142szczak.<\/p>\n<p>Prezydent Duda napisa\u0142, \u017ce otrzyma\u0142 informacje o wystawie z \u201eoburzeniem\u201d. Podkre\u015bli\u0142, \u017ce \u201eprzedstawianie \u017co\u0142nierzy Trzeciej Rzeszy jako\u201e naszego \u201djest nie tylko historycznym fa\u0142szem, ale tak\u017ce moraln\u0105 prowokacj\u0105, nawet je\u015bli zdj\u0119cia pokazuj\u0105 m\u0142odych m\u0119\u017cczyzn w mundurach armii Hitlera, kt\u00f3rzy zostali przymusowo pobierani do armii niemieckiej jako Polak\u00f3w\u201d. Na swoim stanowisku podkre\u015bli\u0142, \u017ce Polcy jako nar\u00f3d byli ofiarami okupacji i terroru niemieckiego, a nie jego sprawcami lub uczestnikami.<\/p>\n<p>Post w podobnym tonie zosta\u0142 opublikowany na X przez by\u0142ego premiera Mateusza Morawiecki, kt\u00f3ry stwierdzi\u0142, \u017ce przypadek <em>\u201eNasi ch\u0142opcy\u201d<\/em> Wystawa jest szokuj\u0105ca, ale \u201epope\u0142nimy ogromny b\u0142\u0105d, je\u015bli potraktujemy to jako odizolowany incydent, przypadkowe wydarzenie\u2026\u201d<\/p>\n<p>Wed\u0142ug Morawiecki, to, co dzieje si\u0119 w Gda\u0144sku, \u0142\u0105czy si\u0119 z szerszym wzorem wydarze\u0144, kt\u00f3re potwierdzaj\u0105 ide\u0119 rozmycia prawdy historii i relatywowania z\u0142a pope\u0142nionego przez Niemc\u00f3w na polskiej ziemi.<\/p>\n<p>\u201eNasi przeciwnicy oczywi\u015bcie oskar\u017c\u0105 nas o promowanie teorii spiskowych. Ale podsumujmy fakty z ostatniego p\u00f3\u0142tora roku\u201d, stwierdzi\u0142, wymieniaj\u0105c nast\u0119puj\u0105ce: nast\u0119puj\u0105ce:<\/p>\n<ul class=\"wp-block-list\">\n<li><strong>Mianowanie profesora Ruchniewicz na dyrektora Instytutu Pilecki<\/strong>cz\u0142owiek, kt\u00f3ry przyczyni\u0142 si\u0119 bardziej do kultywowania historii Niemiec ni\u017c polskiej. Nied\u0142ugo po spotkaniu zablokowa\u0142 konferencj\u0119 w Berlinie na temat wojennych grabie\u017cy dzie\u0142 sztuki, poniewa\u017c mo\u017ce\u2026 zdenerwowa\u0107 Niemc\u00f3w. C\u00f3\u017c, kto by si\u0119 domy\u015bla\u0142!<\/li>\n<li><strong>W 2024 r. D\u0142ugoletni szef biura niemieckiego funduszu Marshall w Polsce i Europie \u015brodkowej i wschodniej zosta\u0142 wiceministrem Polski ds. Rozwoju i Technologii<\/strong>a tak\u017ce cz\u0142onek Rady Zygmunt Wojciechowski Western Institute, pa\u0144stwowej instytucji analitycznej. Wed\u0142ug Morawiecki, jest to tylko jedna z wielu takich nominacji w polskiej administracji z udzia\u0142em os\u00f3b od dawna zwi\u0105zanych z niemieck\u0105 fundamentami, funduszami, dotacjami i uniwersytetami.<\/li>\n<li><strong>W sferze symbolicznej dzieje si\u0119 r\u00f3wnie\u017c wiele.<\/strong> W ostatnich dniach istnia\u0142 publiczny oburzenie na temat przywr\u00f3cenia niemieckiego napisu na mo\u015bcie Grunwaldzki w Wroc\u0142awie. Wyja\u015bnienie w\u0142adz miasta, \u017ce nie jest to zmiana nazwy, a jedynie \u201ehistoryczny napis\u201d, ujawnia prawdziw\u0105 logik\u0119 takich dzia\u0142a\u0144. Niedawno odby\u0142a si\u0119 publiczna debata na temat kolejnego \u201ehistorycznego napisu\u201d, tym razem na budynku pocztowym w Gda\u0144sku, tu\u017c obok g\u0142\u00f3wnego dworca kolejowego.<\/li>\n<\/ul>\n<p>\u201eJaki jest cel wszystkich tych dzia\u0142a\u0144?\u201d By\u0142y premier zapyta\u0142 i wskaza\u0142:<\/p>\n<ul class=\"wp-block-list\">\n<li><strong>Pierwszy<\/strong>po\u0142o\u017cy\u0107 podwaliny pod publiczn\u0105 akceptacj\u0119 haniebnych instalacji, takich jak <strong>Berlin Stone<\/strong>kt\u00f3ry ma upami\u0119tni\u0107 polskie ofiary II wojny \u015bwiatowej.<\/li>\n<li><strong>Drugi<\/strong>aby uzna\u0107 polsk\u0105 opini\u0119 publiczn\u0105 do zaakceptowania <strong>domniemane niemieckie skargi<\/strong>szczeg\u00f3lnie zwi\u0105zane z powojennymi zmianami granic.<\/li>\n<li><strong>Trzeci<\/strong>Do <strong>Relatywizacja<\/strong><strong> zbrodnie Wehrmachta pope\u0142niane przeciwko polskim obywatelom<\/strong> Przedstawiaj\u0105c narracj\u0119, kt\u00f3r\u0105 niekt\u00f3rzy \u201ez naszych ch\u0142opc\u00f3w\u201d s\u0142u\u017cyli r\u00f3wnie\u017c w armii Hitlera.<\/li>\n<\/ul>\n<p>\u201eJednak w d\u0142u\u017cszej perspektywie Niemcy od lat przez lata przydzielaj\u0105 ogromne fundusze na globalne przekszta\u0142cenie postrzegania ich roli w inicjowaniu najwi\u0119kszej wojny w historii ludzko\u015bci i skutecznego unikania odpowiedzialno\u015bci za to. Jeden przyk\u0142ad tego sposobu my\u015blenia\u201d &#8211; kontynuowa\u0142 Morawicecki, \u201eby\u0142a kr\u00f3tk\u0105 gie\u0142d\u0105 w czerwcu w Owalnym Oczywie mi\u0119dzy niemieckim kanclerzem i prezydentem. Prawdopodobnie nie by\u0142 to randka pami\u0119tana przez Niemc\u00f3w, kanclerz Merz odpowiedzia\u0142, \u017ce wr\u0119cz przeciwnie, Landing Normandia faktycznie pom\u00f3g\u0142\u2026 Niemcy pokonuj\u0105 re\u017cim Hitlera. Morawiecki podkre\u015bli\u0142. \u201eCa\u0142kowicie oderwa\u0107 nar\u00f3d niemiecki od przest\u0119pstw pope\u0142nionych przez r\u00f3\u017cne formacje Hitlerite &#8211; przez <em>ich<\/em> Ch\u0142opcy, nie nasi. \u201d<\/p>\n<figure class=\"wp-block-embed is-type-rich is-provider-twitter wp-block-embed-twitter\">\n<div class=\"wp-block-embed__wrapper\">\n<blockquote class=\"twitter-tweet\" data-width=\"550\" data-dnt=\"true\">\n<p lang=\"pl\" dir=\"ltr\">SPRAWA WYSTAWY \u201eNasi Ch\u0142opcy\u201d Organizowanej pluz <a rel=\"nofollow\" href=\"https:\/\/twitter.com\/muzeumgdansk?ref_src=twsrc%5Etfw\">@MuzeumgDansk<\/a> JEST BULWERSUJ\u0105CA. Ale Pope\u0142nimy Gigantyczny B\u0142\u0105d, je\u015bli B\u0119dziemy J\u0105 Rozpatrywi\u0107 Jako Jednostkowy Przypadek, d\u017cakie\u015b insydentalne Zdarzeenie\u2026 <\/p>\n<p>To, co si\u0119 dzieje w gda\u0144sku, jest sp\u00f3jne z ca\u0142ym ci\u0105giem zdary, ktudzie\u2026 <a rel=\"nofollow\" href=\"https:\/\/t.co\/edhiQFGTLu\">pic.twitter.com\/edhiqfgtlu<\/a><\/p>\n<p>&#8211; Mateusz Morawiecki (@Morawialeckim) <a rel=\"nofollow\" href=\"https:\/\/twitter.com\/MorawieckiM\/status\/1944821592728727692?ref_src=twsrc%5Etfw\">14 lipca 2025 r<\/a><\/p><\/blockquote>\n<\/div>\n<\/figure>\n<\/div>\n<\/div>\n<p><script async src=\"https:\/\/platform.twitter.com\/widgets.js\" charset=\"utf-8\"><\/script><\/p>\n","protected":false},"excerpt":{"rendered":"<p>\u201eTo, co dzieje si\u0119 w Gda\u0144sku, jest zgodne z ca\u0142\u0105 sekwencj\u0105 wydarze\u0144, kt\u00f3re pasuj\u0105 do koncepcji zas\u0142aniania prawdziwej historii i<\/p>\n","protected":false},"author":1,"featured_media":6718,"comment_status":"closed","ping_status":"","sticky":false,"template":"","format":"standard","meta":{"footnotes":""},"categories":[4748],"tags":[3192,5351,111,419,450,4877,1366,5753,1678,3878],"class_list":["post-6717","post","type-post","status-publish","format-standard","has-post-thumbnail","hentry","category-aktualne","tag-alarm","tag-gdansku","tag-jest","tag-morawiecki","tag-nie","tag-podnosi","tag-przypadek","tag-skandaliczna","tag-wskazuje","tag-wystawa","generate-columns","tablet-grid-50","mobile-grid-100","grid-parent","grid-50","resize-featured-image"],"yoast_head":"<!-- This site is optimized with the Yoast SEO plugin v23.2 - https:\/\/yoast.com\/wordpress\/plugins\/seo\/ -->\n<title>Wystawa skandaliczna w Gda\u0144sku. Morawiecki podnosi alarm i wskazuje: \u201eTo nie jest przypadek\u201d - POGOTOWIE FLAGOWE\u00ae<\/title>\n<meta name=\"robots\" content=\"index, follow, max-snippet:-1, max-image-preview:large, max-video-preview:-1\" \/>\n<link rel=\"canonical\" href=\"https:\/\/www.pogotowieflagowe.pl\/aktualne\/wystawa-skandaliczna-w-gdansku-morawiecki-podnosi-alarm-i-wskazuje-to-nie-jest-przypadek\/\" \/>\n<meta property=\"og:locale\" content=\"pl_PL\" \/>\n<meta property=\"og:type\" content=\"article\" \/>\n<meta property=\"og:title\" content=\"Wystawa skandaliczna w Gda\u0144sku. Morawiecki podnosi alarm i wskazuje: \u201eTo nie jest przypadek\u201d - POGOTOWIE FLAGOWE\u00ae\" \/>\n<meta property=\"og:description\" content=\"\u201eTo, co dzieje si\u0119 w Gda\u0144sku, jest zgodne z ca\u0142\u0105 sekwencj\u0105 wydarze\u0144, kt\u00f3re pasuj\u0105 do koncepcji zas\u0142aniania prawdziwej historii i\" \/>\n<meta property=\"og:url\" content=\"https:\/\/www.pogotowieflagowe.pl\/aktualne\/wystawa-skandaliczna-w-gdansku-morawiecki-podnosi-alarm-i-wskazuje-to-nie-jest-przypadek\/\" \/>\n<meta property=\"og:site_name\" content=\"POGOTOWIE FLAGOWE\u00ae\" \/>\n<meta property=\"article:published_time\" content=\"2025-07-14T20:47:03+00:00\" \/>\n<meta property=\"article:modified_time\" content=\"2025-07-14T20:47:04+00:00\" \/>\n<meta property=\"og:image\" content=\"https:\/\/www.pogotowieflagowe.pl\/aktualne\/wp-content\/uploads\/2025\/07\/Wystawa-skandaliczna-w-Gdansku-Morawiecki-podnosi-alarm-i-wskazuje-\u201eTo.webp.webp\" \/>\n\t<meta property=\"og:image:width\" content=\"1280\" \/>\n\t<meta property=\"og:image:height\" content=\"720\" \/>\n\t<meta property=\"og:image:type\" content=\"image\/webp\" \/>\n<meta name=\"author\" content=\"Filip\" \/>\n<meta name=\"twitter:card\" content=\"summary_large_image\" \/>\n<meta name=\"twitter:label1\" content=\"Napisane przez\" \/>\n\t<meta name=\"twitter:data1\" content=\"Filip\" \/>\n\t<meta name=\"twitter:label2\" content=\"Szacowany czas czytania\" \/>\n\t<meta name=\"twitter:data2\" content=\"4 minuty\" \/>\n<script type=\"application\/ld+json\" class=\"yoast-schema-graph\">{\"@context\":\"https:\/\/schema.org\",\"@graph\":[{\"@type\":\"Article\",\"@id\":\"https:\/\/www.pogotowieflagowe.pl\/aktualne\/wystawa-skandaliczna-w-gdansku-morawiecki-podnosi-alarm-i-wskazuje-to-nie-jest-przypadek\/#article\",\"isPartOf\":{\"@id\":\"https:\/\/www.pogotowieflagowe.pl\/aktualne\/wystawa-skandaliczna-w-gdansku-morawiecki-podnosi-alarm-i-wskazuje-to-nie-jest-przypadek\/\"},\"author\":{\"name\":\"Filip\",\"@id\":\"https:\/\/www.pogotowieflagowe.pl\/aktualne\/#\/schema\/person\/9c2fb7d2362ebf6fa088960d7f0d27b0\"},\"headline\":\"Wystawa skandaliczna w Gda\u0144sku. Morawiecki podnosi alarm i wskazuje: \u201eTo nie jest przypadek\u201d\",\"datePublished\":\"2025-07-14T20:47:03+00:00\",\"dateModified\":\"2025-07-14T20:47:04+00:00\",\"mainEntityOfPage\":{\"@id\":\"https:\/\/www.pogotowieflagowe.pl\/aktualne\/wystawa-skandaliczna-w-gdansku-morawiecki-podnosi-alarm-i-wskazuje-to-nie-jest-przypadek\/\"},\"wordCount\":763,\"publisher\":{\"@id\":\"https:\/\/www.pogotowieflagowe.pl\/aktualne\/#organization\"},\"image\":{\"@id\":\"https:\/\/www.pogotowieflagowe.pl\/aktualne\/wystawa-skandaliczna-w-gdansku-morawiecki-podnosi-alarm-i-wskazuje-to-nie-jest-przypadek\/#primaryimage\"},\"thumbnailUrl\":\"https:\/\/www.pogotowieflagowe.pl\/aktualne\/wp-content\/uploads\/2025\/07\/Wystawa-skandaliczna-w-Gdansku-Morawiecki-podnosi-alarm-i-wskazuje-\u201eTo.webp.webp\",\"keywords\":[\"alarm\",\"Gda\u0144sku\",\"jest\",\"Morawiecki\",\"Nie\",\"podnosi\",\"Przypadek\",\"skandaliczn\u0105\",\"wskazuje\",\"Wystawa\"],\"articleSection\":[\"Aktualne\"],\"inLanguage\":\"pl-PL\"},{\"@type\":\"WebPage\",\"@id\":\"https:\/\/www.pogotowieflagowe.pl\/aktualne\/wystawa-skandaliczna-w-gdansku-morawiecki-podnosi-alarm-i-wskazuje-to-nie-jest-przypadek\/\",\"url\":\"https:\/\/www.pogotowieflagowe.pl\/aktualne\/wystawa-skandaliczna-w-gdansku-morawiecki-podnosi-alarm-i-wskazuje-to-nie-jest-przypadek\/\",\"name\":\"Wystawa skandaliczna w Gda\u0144sku. Morawiecki podnosi alarm i wskazuje: \u201eTo nie jest przypadek\u201d - POGOTOWIE FLAGOWE\u00ae\",\"isPartOf\":{\"@id\":\"https:\/\/www.pogotowieflagowe.pl\/aktualne\/#website\"},\"primaryImageOfPage\":{\"@id\":\"https:\/\/www.pogotowieflagowe.pl\/aktualne\/wystawa-skandaliczna-w-gdansku-morawiecki-podnosi-alarm-i-wskazuje-to-nie-jest-przypadek\/#primaryimage\"},\"image\":{\"@id\":\"https:\/\/www.pogotowieflagowe.pl\/aktualne\/wystawa-skandaliczna-w-gdansku-morawiecki-podnosi-alarm-i-wskazuje-to-nie-jest-przypadek\/#primaryimage\"},\"thumbnailUrl\":\"https:\/\/www.pogotowieflagowe.pl\/aktualne\/wp-content\/uploads\/2025\/07\/Wystawa-skandaliczna-w-Gdansku-Morawiecki-podnosi-alarm-i-wskazuje-\u201eTo.webp.webp\",\"datePublished\":\"2025-07-14T20:47:03+00:00\",\"dateModified\":\"2025-07-14T20:47:04+00:00\",\"breadcrumb\":{\"@id\":\"https:\/\/www.pogotowieflagowe.pl\/aktualne\/wystawa-skandaliczna-w-gdansku-morawiecki-podnosi-alarm-i-wskazuje-to-nie-jest-przypadek\/#breadcrumb\"},\"inLanguage\":\"pl-PL\",\"potentialAction\":[{\"@type\":\"ReadAction\",\"target\":[\"https:\/\/www.pogotowieflagowe.pl\/aktualne\/wystawa-skandaliczna-w-gdansku-morawiecki-podnosi-alarm-i-wskazuje-to-nie-jest-przypadek\/\"]}]},{\"@type\":\"ImageObject\",\"inLanguage\":\"pl-PL\",\"@id\":\"https:\/\/www.pogotowieflagowe.pl\/aktualne\/wystawa-skandaliczna-w-gdansku-morawiecki-podnosi-alarm-i-wskazuje-to-nie-jest-przypadek\/#primaryimage\",\"url\":\"https:\/\/www.pogotowieflagowe.pl\/aktualne\/wp-content\/uploads\/2025\/07\/Wystawa-skandaliczna-w-Gdansku-Morawiecki-podnosi-alarm-i-wskazuje-\u201eTo.webp.webp\",\"contentUrl\":\"https:\/\/www.pogotowieflagowe.pl\/aktualne\/wp-content\/uploads\/2025\/07\/Wystawa-skandaliczna-w-Gdansku-Morawiecki-podnosi-alarm-i-wskazuje-\u201eTo.webp.webp\",\"width\":1280,\"height\":720,\"caption\":\"Wystawa skandaliczna w Gda\u0144sku. Morawiecki podnosi alarm i wskazuje: \u201eTo nie jest przypadek\u201d\"},{\"@type\":\"BreadcrumbList\",\"@id\":\"https:\/\/www.pogotowieflagowe.pl\/aktualne\/wystawa-skandaliczna-w-gdansku-morawiecki-podnosi-alarm-i-wskazuje-to-nie-jest-przypadek\/#breadcrumb\",\"itemListElement\":[{\"@type\":\"ListItem\",\"position\":1,\"name\":\"Home\",\"item\":\"https:\/\/www.pogotowieflagowe.pl\/aktualne\/\"},{\"@type\":\"ListItem\",\"position\":2,\"name\":\"Wystawa skandaliczna w Gda\u0144sku. Morawiecki podnosi alarm i wskazuje: \u201eTo nie jest przypadek\u201d\"}]},{\"@type\":\"WebSite\",\"@id\":\"https:\/\/www.pogotowieflagowe.pl\/aktualne\/#website\",\"url\":\"https:\/\/www.pogotowieflagowe.pl\/aktualne\/\",\"name\":\"POGOTOWIE FLAGOWE\u00ae\",\"description\":\"\",\"publisher\":{\"@id\":\"https:\/\/www.pogotowieflagowe.pl\/aktualne\/#organization\"},\"potentialAction\":[{\"@type\":\"SearchAction\",\"target\":{\"@type\":\"EntryPoint\",\"urlTemplate\":\"https:\/\/www.pogotowieflagowe.pl\/aktualne\/?s={search_term_string}\"},\"query-input\":\"required name=search_term_string\"}],\"inLanguage\":\"pl-PL\"},{\"@type\":\"Organization\",\"@id\":\"https:\/\/www.pogotowieflagowe.pl\/aktualne\/#organization\",\"name\":\"POGOTOWIE FLAGOWE\u00ae\",\"url\":\"https:\/\/www.pogotowieflagowe.pl\/aktualne\/\",\"logo\":{\"@type\":\"ImageObject\",\"inLanguage\":\"pl-PL\",\"@id\":\"https:\/\/www.pogotowieflagowe.pl\/aktualne\/#\/schema\/logo\/image\/\",\"url\":\"https:\/\/www.pogotowieflagowe.pl\/aktualne\/wp-content\/uploads\/2024\/08\/cropped-pogotowieflagowe_flaga_projekt_sm.jpg\",\"contentUrl\":\"https:\/\/www.pogotowieflagowe.pl\/aktualne\/wp-content\/uploads\/2024\/08\/cropped-pogotowieflagowe_flaga_projekt_sm.jpg\",\"width\":250,\"height\":143,\"caption\":\"POGOTOWIE FLAGOWE\u00ae\"},\"image\":{\"@id\":\"https:\/\/www.pogotowieflagowe.pl\/aktualne\/#\/schema\/logo\/image\/\"}},{\"@type\":\"Person\",\"@id\":\"https:\/\/www.pogotowieflagowe.pl\/aktualne\/#\/schema\/person\/9c2fb7d2362ebf6fa088960d7f0d27b0\",\"name\":\"Filip\",\"image\":{\"@type\":\"ImageObject\",\"inLanguage\":\"pl-PL\",\"@id\":\"https:\/\/www.pogotowieflagowe.pl\/aktualne\/#\/schema\/person\/image\/\",\"url\":\"https:\/\/www.pogotowieflagowe.pl\/aktualne\/wp-content\/uploads\/2024\/08\/pogotowieflagowe.pl_.jpg\",\"contentUrl\":\"https:\/\/www.pogotowieflagowe.pl\/aktualne\/wp-content\/uploads\/2024\/08\/pogotowieflagowe.pl_.jpg\",\"caption\":\"Filip\"},\"description\":\"Jestem Filip, polski dziennikarz z dyplomem nauk politycznych Uniwersytetu Warszawskiego. Rozpoczynaj\u0105c swoj\u0105 karier\u0119 w r\u00f3\u017cnych lokalnych mediach, zdoby\u0142em solidne do\u015bwiadczenie w zakresie \u015bledztwa i redakcji. Obecnie jako redaktor w Pogotowie flagowe, staram si\u0119 dostarcza\u0107 dog\u0142\u0119bne i istotne analizy na temat najwa\u017cniejszych kwestii aktualno\u015bci, \u0142\u0105cz\u0105c rygor z pasj\u0105 dziennikarsk\u0105.\",\"sameAs\":[\"https:\/\/www.pogotowieflagowe.pl\/\"]}]}<\/script>\n<!-- \/ Yoast SEO plugin. -->","yoast_head_json":{"title":"Wystawa skandaliczna w Gda\u0144sku. Morawiecki podnosi alarm i wskazuje: \u201eTo nie jest przypadek\u201d - POGOTOWIE FLAGOWE\u00ae","robots":{"index":"index","follow":"follow","max-snippet":"max-snippet:-1","max-image-preview":"max-image-preview:large","max-video-preview":"max-video-preview:-1"},"canonical":"https:\/\/www.pogotowieflagowe.pl\/aktualne\/wystawa-skandaliczna-w-gdansku-morawiecki-podnosi-alarm-i-wskazuje-to-nie-jest-przypadek\/","og_locale":"pl_PL","og_type":"article","og_title":"Wystawa skandaliczna w Gda\u0144sku. Morawiecki podnosi alarm i wskazuje: \u201eTo nie jest przypadek\u201d - POGOTOWIE FLAGOWE\u00ae","og_description":"\u201eTo, co dzieje si\u0119 w Gda\u0144sku, jest zgodne z ca\u0142\u0105 sekwencj\u0105 wydarze\u0144, kt\u00f3re pasuj\u0105 do koncepcji zas\u0142aniania prawdziwej historii i","og_url":"https:\/\/www.pogotowieflagowe.pl\/aktualne\/wystawa-skandaliczna-w-gdansku-morawiecki-podnosi-alarm-i-wskazuje-to-nie-jest-przypadek\/","og_site_name":"POGOTOWIE FLAGOWE\u00ae","article_published_time":"2025-07-14T20:47:03+00:00","article_modified_time":"2025-07-14T20:47:04+00:00","og_image":[{"width":1280,"height":720,"url":"https:\/\/www.pogotowieflagowe.pl\/aktualne\/wp-content\/uploads\/2025\/07\/Wystawa-skandaliczna-w-Gdansku-Morawiecki-podnosi-alarm-i-wskazuje-\u201eTo.webp.webp","type":"image\/webp"}],"author":"Filip","twitter_card":"summary_large_image","twitter_misc":{"Napisane przez":"Filip","Szacowany czas czytania":"4 minuty"},"schema":{"@context":"https:\/\/schema.org","@graph":[{"@type":"Article","@id":"https:\/\/www.pogotowieflagowe.pl\/aktualne\/wystawa-skandaliczna-w-gdansku-morawiecki-podnosi-alarm-i-wskazuje-to-nie-jest-przypadek\/#article","isPartOf":{"@id":"https:\/\/www.pogotowieflagowe.pl\/aktualne\/wystawa-skandaliczna-w-gdansku-morawiecki-podnosi-alarm-i-wskazuje-to-nie-jest-przypadek\/"},"author":{"name":"Filip","@id":"https:\/\/www.pogotowieflagowe.pl\/aktualne\/#\/schema\/person\/9c2fb7d2362ebf6fa088960d7f0d27b0"},"headline":"Wystawa skandaliczna w Gda\u0144sku. Morawiecki podnosi alarm i wskazuje: \u201eTo nie jest przypadek\u201d","datePublished":"2025-07-14T20:47:03+00:00","dateModified":"2025-07-14T20:47:04+00:00","mainEntityOfPage":{"@id":"https:\/\/www.pogotowieflagowe.pl\/aktualne\/wystawa-skandaliczna-w-gdansku-morawiecki-podnosi-alarm-i-wskazuje-to-nie-jest-przypadek\/"},"wordCount":763,"publisher":{"@id":"https:\/\/www.pogotowieflagowe.pl\/aktualne\/#organization"},"image":{"@id":"https:\/\/www.pogotowieflagowe.pl\/aktualne\/wystawa-skandaliczna-w-gdansku-morawiecki-podnosi-alarm-i-wskazuje-to-nie-jest-przypadek\/#primaryimage"},"thumbnailUrl":"https:\/\/www.pogotowieflagowe.pl\/aktualne\/wp-content\/uploads\/2025\/07\/Wystawa-skandaliczna-w-Gdansku-Morawiecki-podnosi-alarm-i-wskazuje-\u201eTo.webp.webp","keywords":["alarm","Gda\u0144sku","jest","Morawiecki","Nie","podnosi","Przypadek","skandaliczn\u0105","wskazuje","Wystawa"],"articleSection":["Aktualne"],"inLanguage":"pl-PL"},{"@type":"WebPage","@id":"https:\/\/www.pogotowieflagowe.pl\/aktualne\/wystawa-skandaliczna-w-gdansku-morawiecki-podnosi-alarm-i-wskazuje-to-nie-jest-przypadek\/","url":"https:\/\/www.pogotowieflagowe.pl\/aktualne\/wystawa-skandaliczna-w-gdansku-morawiecki-podnosi-alarm-i-wskazuje-to-nie-jest-przypadek\/","name":"Wystawa skandaliczna w Gda\u0144sku. Morawiecki podnosi alarm i wskazuje: \u201eTo nie jest przypadek\u201d - POGOTOWIE FLAGOWE\u00ae","isPartOf":{"@id":"https:\/\/www.pogotowieflagowe.pl\/aktualne\/#website"},"primaryImageOfPage":{"@id":"https:\/\/www.pogotowieflagowe.pl\/aktualne\/wystawa-skandaliczna-w-gdansku-morawiecki-podnosi-alarm-i-wskazuje-to-nie-jest-przypadek\/#primaryimage"},"image":{"@id":"https:\/\/www.pogotowieflagowe.pl\/aktualne\/wystawa-skandaliczna-w-gdansku-morawiecki-podnosi-alarm-i-wskazuje-to-nie-jest-przypadek\/#primaryimage"},"thumbnailUrl":"https:\/\/www.pogotowieflagowe.pl\/aktualne\/wp-content\/uploads\/2025\/07\/Wystawa-skandaliczna-w-Gdansku-Morawiecki-podnosi-alarm-i-wskazuje-\u201eTo.webp.webp","datePublished":"2025-07-14T20:47:03+00:00","dateModified":"2025-07-14T20:47:04+00:00","breadcrumb":{"@id":"https:\/\/www.pogotowieflagowe.pl\/aktualne\/wystawa-skandaliczna-w-gdansku-morawiecki-podnosi-alarm-i-wskazuje-to-nie-jest-przypadek\/#breadcrumb"},"inLanguage":"pl-PL","potentialAction":[{"@type":"ReadAction","target":["https:\/\/www.pogotowieflagowe.pl\/aktualne\/wystawa-skandaliczna-w-gdansku-morawiecki-podnosi-alarm-i-wskazuje-to-nie-jest-przypadek\/"]}]},{"@type":"ImageObject","inLanguage":"pl-PL","@id":"https:\/\/www.pogotowieflagowe.pl\/aktualne\/wystawa-skandaliczna-w-gdansku-morawiecki-podnosi-alarm-i-wskazuje-to-nie-jest-przypadek\/#primaryimage","url":"https:\/\/www.pogotowieflagowe.pl\/aktualne\/wp-content\/uploads\/2025\/07\/Wystawa-skandaliczna-w-Gdansku-Morawiecki-podnosi-alarm-i-wskazuje-\u201eTo.webp.webp","contentUrl":"https:\/\/www.pogotowieflagowe.pl\/aktualne\/wp-content\/uploads\/2025\/07\/Wystawa-skandaliczna-w-Gdansku-Morawiecki-podnosi-alarm-i-wskazuje-\u201eTo.webp.webp","width":1280,"height":720,"caption":"Wystawa skandaliczna w Gda\u0144sku. Morawiecki podnosi alarm i wskazuje: \u201eTo nie jest przypadek\u201d"},{"@type":"BreadcrumbList","@id":"https:\/\/www.pogotowieflagowe.pl\/aktualne\/wystawa-skandaliczna-w-gdansku-morawiecki-podnosi-alarm-i-wskazuje-to-nie-jest-przypadek\/#breadcrumb","itemListElement":[{"@type":"ListItem","position":1,"name":"Home","item":"https:\/\/www.pogotowieflagowe.pl\/aktualne\/"},{"@type":"ListItem","position":2,"name":"Wystawa skandaliczna w Gda\u0144sku. Morawiecki podnosi alarm i wskazuje: \u201eTo nie jest przypadek\u201d"}]},{"@type":"WebSite","@id":"https:\/\/www.pogotowieflagowe.pl\/aktualne\/#website","url":"https:\/\/www.pogotowieflagowe.pl\/aktualne\/","name":"POGOTOWIE FLAGOWE\u00ae","description":"","publisher":{"@id":"https:\/\/www.pogotowieflagowe.pl\/aktualne\/#organization"},"potentialAction":[{"@type":"SearchAction","target":{"@type":"EntryPoint","urlTemplate":"https:\/\/www.pogotowieflagowe.pl\/aktualne\/?s={search_term_string}"},"query-input":"required name=search_term_string"}],"inLanguage":"pl-PL"},{"@type":"Organization","@id":"https:\/\/www.pogotowieflagowe.pl\/aktualne\/#organization","name":"POGOTOWIE FLAGOWE\u00ae","url":"https:\/\/www.pogotowieflagowe.pl\/aktualne\/","logo":{"@type":"ImageObject","inLanguage":"pl-PL","@id":"https:\/\/www.pogotowieflagowe.pl\/aktualne\/#\/schema\/logo\/image\/","url":"https:\/\/www.pogotowieflagowe.pl\/aktualne\/wp-content\/uploads\/2024\/08\/cropped-pogotowieflagowe_flaga_projekt_sm.jpg","contentUrl":"https:\/\/www.pogotowieflagowe.pl\/aktualne\/wp-content\/uploads\/2024\/08\/cropped-pogotowieflagowe_flaga_projekt_sm.jpg","width":250,"height":143,"caption":"POGOTOWIE FLAGOWE\u00ae"},"image":{"@id":"https:\/\/www.pogotowieflagowe.pl\/aktualne\/#\/schema\/logo\/image\/"}},{"@type":"Person","@id":"https:\/\/www.pogotowieflagowe.pl\/aktualne\/#\/schema\/person\/9c2fb7d2362ebf6fa088960d7f0d27b0","name":"Filip","image":{"@type":"ImageObject","inLanguage":"pl-PL","@id":"https:\/\/www.pogotowieflagowe.pl\/aktualne\/#\/schema\/person\/image\/","url":"https:\/\/www.pogotowieflagowe.pl\/aktualne\/wp-content\/uploads\/2024\/08\/pogotowieflagowe.pl_.jpg","contentUrl":"https:\/\/www.pogotowieflagowe.pl\/aktualne\/wp-content\/uploads\/2024\/08\/pogotowieflagowe.pl_.jpg","caption":"Filip"},"description":"Jestem Filip, polski dziennikarz z dyplomem nauk politycznych Uniwersytetu Warszawskiego. Rozpoczynaj\u0105c swoj\u0105 karier\u0119 w r\u00f3\u017cnych lokalnych mediach, zdoby\u0142em solidne do\u015bwiadczenie w zakresie \u015bledztwa i redakcji. Obecnie jako redaktor w Pogotowie flagowe, staram si\u0119 dostarcza\u0107 dog\u0142\u0119bne i istotne analizy na temat najwa\u017cniejszych kwestii aktualno\u015bci, \u0142\u0105cz\u0105c rygor z pasj\u0105 dziennikarsk\u0105.","sameAs":["https:\/\/www.pogotowieflagowe.pl\/"]}]}},"_links":{"self":[{"href":"https:\/\/www.pogotowieflagowe.pl\/aktualne\/wp-json\/wp\/v2\/posts\/6717","targetHints":{"allow":["GET"]}}],"collection":[{"href":"https:\/\/www.pogotowieflagowe.pl\/aktualne\/wp-json\/wp\/v2\/posts"}],"about":[{"href":"https:\/\/www.pogotowieflagowe.pl\/aktualne\/wp-json\/wp\/v2\/types\/post"}],"author":[{"embeddable":true,"href":"https:\/\/www.pogotowieflagowe.pl\/aktualne\/wp-json\/wp\/v2\/users\/1"}],"replies":[{"embeddable":true,"href":"https:\/\/www.pogotowieflagowe.pl\/aktualne\/wp-json\/wp\/v2\/comments?post=6717"}],"version-history":[{"count":1,"href":"https:\/\/www.pogotowieflagowe.pl\/aktualne\/wp-json\/wp\/v2\/posts\/6717\/revisions"}],"predecessor-version":[{"id":6719,"href":"https:\/\/www.pogotowieflagowe.pl\/aktualne\/wp-json\/wp\/v2\/posts\/6717\/revisions\/6719"}],"wp:featuredmedia":[{"embeddable":true,"href":"https:\/\/www.pogotowieflagowe.pl\/aktualne\/wp-json\/wp\/v2\/media\/6718"}],"wp:attachment":[{"href":"https:\/\/www.pogotowieflagowe.pl\/aktualne\/wp-json\/wp\/v2\/media?parent=6717"}],"wp:term":[{"taxonomy":"category","embeddable":true,"href":"https:\/\/www.pogotowieflagowe.pl\/aktualne\/wp-json\/wp\/v2\/categories?post=6717"},{"taxonomy":"post_tag","embeddable":true,"href":"https:\/\/www.pogotowieflagowe.pl\/aktualne\/wp-json\/wp\/v2\/tags?post=6717"}],"curies":[{"name":"wp","href":"https:\/\/api.w.org\/{rel}","templated":true}]}}