{"id":6727,"date":"2025-07-15T22:48:02","date_gmt":"2025-07-15T20:48:02","guid":{"rendered":"https:\/\/www.pogotowieflagowe.pl\/aktualne\/kogo-wysylaja-nas-niemcy-wiekszosc-nielegalnych-migrantow-nie-miala-dokumentow-identyfikacyjnych\/"},"modified":"2025-07-15T22:48:03","modified_gmt":"2025-07-15T20:48:03","slug":"kogo-wysylaja-nas-niemcy-wiekszosc-nielegalnych-migrantow-nie-miala-dokumentow-identyfikacyjnych","status":"publish","type":"post","link":"https:\/\/www.pogotowieflagowe.pl\/aktualne\/kogo-wysylaja-nas-niemcy-wiekszosc-nielegalnych-migrantow-nie-miala-dokumentow-identyfikacyjnych\/","title":{"rendered":"Kogo wysy\u0142aj\u0105 nas Niemcy? Wi\u0119kszo\u015b\u0107 nielegalnych migrant\u00f3w nie mia\u0142a dokument\u00f3w identyfikacyjnych"},"content":{"rendered":"\n<div class=\"td_block_wrap tdb_single_content tdi_41 td-pb-border-top td_block_template_8 td-post-content tagdiv-type\" data-td-block-uid=\"tdi_41\">\n<style>.tdi_41 {margin-top: 0px! Wa\u017cne; margines-bottom: 0px! WA\u017bNY; PALDING-TOP: 0PX! WA\u017bNY; PALDING-BOTTOM: 0PX! WA\u017bNE}<\/style>\n<style>.tdb_single_content {margin-bottom: 0;*zoom: 1} .tdb_single_content: wcze\u015bniej, .tdb_single_content: po {display: Table; content: ''; line-height: 0} .TDB-BLOCK-INner>*: nie (.WP-BLOCK-QUOTE): not (.alignSwide): not (.Alignfull.wp-block-cover.has-parallax): not (.td-a-ad) {margin-left: auto; margin-right: auto} .tdb_single_ConTent a {wska\u017anik-events: auto} .tdb_single_content .td-spot-id-top_ad .tdc-placeholder-title: przed {content: \u201eArtyku\u0142 top ad\u201d! Wa\u017cne} .tdb_single_content .td-Spot-Id-inline_ad0 .tdc-placeholder-title 1 '! Wa\u017cne} .tdb_single_content .td-Spot-Id-inline_Ad1 .tdc-Placeholder-Title: przed {content: \u201eArtyku\u0142 inline AD 2'! Wa\u017cny} .tdb_single_content. 3 '! Wa\u017cne} .tdb_single_content .td-Spot-Id-Bottom_Ad .tdc-Placeholder-Title: przed {content: \u201eArtyku\u0142 Bottom Ad\u201d! Wa\u017cne} .tdb_single_content .id_top_ad, .tdb_single_content_content .id_bottom_ad {clear: oba; margin-bottom: 21px; text-align: Center} .tdb_single_content .id_top_ad img, .tdb_single_content .id_bottom_ad img {margin-bottom: 0} .tdb_single_conTent .id_top_ad .adsbyGoogle, .tdb_single_content .id_bottom_ad .adsbyGoogle {pozycja: relatyw} .tdb_single_content .id_ad_content-horiz-left, .tdb_single_content .id_ad_content-horiz-right, .tdb_single_content .id_ad_content-horiz-Center {margin-bottom: 15px} .tdb_single_content .id_ad_content-horiz-left Img, .tdb_single_content .id_ad_content-horiz-right img, .tdb_single_content .id_ad_content-horiz-centerter img {margin-bottom: 0} .tdb_single_content .id_ad_content-horiz-center {text-align: Center} .tdb_single_content .id_ad_content-horiz-center img {margin-right: auto; margin-let: auto} .tdb_single_content .id_ad_content-horiz-left {float: left; margin-top: 9px; margin-right: 21px} .tdb_single_content .id_ad_content-horiz-right {float: margin-top: 6px; margin-left: 21px} .tdb_single_content .tdc-a-a-ad .TDC-Placeholder-Title {szeroko\u015b\u0107: 300px; height: 250px} .tdb_single_content .tdc-a-ad .TDC-Placeholder-Title: Przed {Pozycja: Absolute; TOP: 50%;-WebKit-Transform: Translatey (-50%); Transform: Translatey (-50%); margines: auto; Display: Tabela; szeroko\u015b\u0107: 100%}. tdb_single_content .TDB-BLOCK-INNER.TD-FIX-INDEX {Word-Break: Break-word} .tdi_41, .tdi_41> p, .tdi_41 .tdb-block-inner> p, .Wp-Block-Column> p {font-size: 16px! Wa\u017cne; wa\u017cny; p {font-styl: normalne! Wa\u017cne} @media (Max-Width: 767px) {. tdb_single_content .id_ad_content-horiz-left, .tdb_single_content .id_ad_content-horiz-right, .tdb_single_content .id_ad_content-horiz-centter {Margin: 0 AUTO 26PXX auto}}@media (Max-Width: 767px) {. tdb_single_content .id_ad_content-horiz-left {margin-right: 0}}@media (max-width: 767px) {. (Max-Width: 767px) {. tdb_single_content .td-a-ad {float: none; text-align: Center} .tdb_single_content .td-a-ad img {margin-right: auto; margin-left: auto} .tdb_single_content .tdc-a-a-a-{margin-right: auto; margin-left: auto} .tdb_single_content .tdd<\/style>\n<div class=\"tdb-block-inner td-fix-index\">\n<p>Wi\u0119kszo\u015b\u0107 migrant\u00f3w przekazanych Polsce przez Niemcy w 2024 r. Nie mia\u0142a na nich \u017cadnych dokument\u00f3w identyfikacyjnych &#8211; ostrzega pos\u0142a Anna Bry\u0142ka, powo\u0142uj\u0105c si\u0119 na dane od polskiego stra\u017cnika granicznego. S\u0105 to absolutnie szokuj\u0105ce postacie, ujawniaj\u0105c to w rzeczywisto\u015bci\u2026 nikt tak naprawd\u0119 nie wie, kogo Niemcy si\u0142\u0105 wcisn\u0119\u0142y do naszego kraju.<\/p>\n<p>Od pewnego czasu zachodnia granica Polski prze\u017cywa prawdziw\u0105 obl\u0119\u017cenie przez nielegalnych migrant\u00f3w &#8211; cz\u0119\u015bciowo z powodu dzia\u0142a\u0144 w\u0142adz niemieckich. Zarejestrowano wiele przypadk\u00f3w, w kt\u00f3rych migranci zostali przeniesione do Polski przez niemieck\u0105 policj\u0119.<\/p>\n<p>W \u015bwietle niepokoj\u0105cych doniesie\u0144 na temat dzia\u0142alno\u015bci migrant\u00f3w na terytorium polskim i rosn\u0105cym dowodom, \u017ce niemieckie us\u0142ugi transportuj\u0105 obcokrajowc\u00f3w do kraju, coraz wi\u0119cej os\u00f3b podejmuje dzia\u0142ania w celu obrony granic.<\/p>\n<p>Dzi\u015b szokuj\u0105ce dane dotycz\u0105ce nielegalnej migracji zosta\u0142a udost\u0119pniona przez Ann\u0119 Bry\u0142k\u0119, cz\u0142onek Parlamentu Europejskiego reprezentuj\u0105cego parti\u0119 Konfederacji.<\/p>\n<p>\u201eZgodnie z informacjami uzyskanymi z jednostki stra\u017cnika granicznego Nadrza\u0144skiego, w 2024 r., <strong>133 z 189<\/strong> Migranci (to jest <strong>70%<\/strong>!) Przeniesione zgodnie z procedur\u0105 readmisji <strong>nie mia\u0142o dokument\u00f3w identyfikacyjnych<\/strong>. Zak\u0142ada si\u0119, \u017ce nie byli ju\u017c bez takich dokument\u00f3w w momencie przekroczenia granicy polsko-niemieckiej-poinformowa\u0142 Bry\u0142ka.<\/p>\n<p>\u201eCzy to oznacza, \u017ce wszystkie metody deportacji stosowane przez Niemcy by\u0142y zasadniczo jednym wielkim oszustem &#8211; a stra\u017c graniczna o tym wiedzia\u0142?\u201d Dziennikarz Aleksandra Fedorska pyta wyra\u017anie.<\/p>\n<\/div>\n<\/div>\n","protected":false},"excerpt":{"rendered":"<p>Wi\u0119kszo\u015b\u0107 migrant\u00f3w przekazanych Polsce przez Niemcy w 2024 r. Nie mia\u0142a na nich \u017cadnych dokument\u00f3w identyfikacyjnych &#8211; ostrzega pos\u0142a Anna<\/p>\n","protected":false},"author":1,"featured_media":6728,"comment_status":"closed","ping_status":"","sticky":false,"template":"","format":"standard","meta":{"footnotes":""},"categories":[4748],"tags":[8239,8469,7699,8468,1185,282,450,5134,30,681,5470],"class_list":["post-6727","post","type-post","status-publish","format-standard","has-post-thumbnail","hentry","category-aktualne","tag-dokumentow","tag-identyfikacyjnych","tag-kogo","tag-miala","tag-migrantow","tag-nas","tag-nie","tag-nielegalnych","tag-niemcy","tag-wiekszosc","tag-wysylaja","generate-columns","tablet-grid-50","mobile-grid-100","grid-parent","grid-50","resize-featured-image"],"yoast_head":"<!-- This site is optimized with the Yoast SEO plugin v23.2 - https:\/\/yoast.com\/wordpress\/plugins\/seo\/ -->\n<title>Kogo wysy\u0142aj\u0105 nas Niemcy? Wi\u0119kszo\u015b\u0107 nielegalnych migrant\u00f3w nie mia\u0142a dokument\u00f3w identyfikacyjnych - POGOTOWIE FLAGOWE\u00ae<\/title>\n<meta name=\"robots\" content=\"index, follow, max-snippet:-1, max-image-preview:large, max-video-preview:-1\" \/>\n<link rel=\"canonical\" href=\"https:\/\/www.pogotowieflagowe.pl\/aktualne\/kogo-wysylaja-nas-niemcy-wiekszosc-nielegalnych-migrantow-nie-miala-dokumentow-identyfikacyjnych\/\" \/>\n<meta property=\"og:locale\" content=\"pl_PL\" \/>\n<meta property=\"og:type\" content=\"article\" \/>\n<meta property=\"og:title\" content=\"Kogo wysy\u0142aj\u0105 nas Niemcy? Wi\u0119kszo\u015b\u0107 nielegalnych migrant\u00f3w nie mia\u0142a dokument\u00f3w identyfikacyjnych - POGOTOWIE FLAGOWE\u00ae\" \/>\n<meta property=\"og:description\" content=\"Wi\u0119kszo\u015b\u0107 migrant\u00f3w przekazanych Polsce przez Niemcy w 2024 r. Nie mia\u0142a na nich \u017cadnych dokument\u00f3w identyfikacyjnych &#8211; ostrzega pos\u0142a Anna\" \/>\n<meta property=\"og:url\" content=\"https:\/\/www.pogotowieflagowe.pl\/aktualne\/kogo-wysylaja-nas-niemcy-wiekszosc-nielegalnych-migrantow-nie-miala-dokumentow-identyfikacyjnych\/\" \/>\n<meta property=\"og:site_name\" content=\"POGOTOWIE FLAGOWE\u00ae\" \/>\n<meta property=\"article:published_time\" content=\"2025-07-15T20:48:02+00:00\" \/>\n<meta property=\"article:modified_time\" content=\"2025-07-15T20:48:03+00:00\" \/>\n<meta property=\"og:image\" content=\"https:\/\/www.pogotowieflagowe.pl\/aktualne\/wp-content\/uploads\/2025\/07\/Kogo-wysylaja-nas-Niemcy-Wiekszosc-nielegalnych-migrantow-nie-miala-dokumentow.webp.webp\" \/>\n\t<meta property=\"og:image:width\" content=\"1280\" \/>\n\t<meta property=\"og:image:height\" content=\"719\" \/>\n\t<meta property=\"og:image:type\" content=\"image\/webp\" \/>\n<meta name=\"author\" content=\"Filip\" \/>\n<meta name=\"twitter:card\" content=\"summary_large_image\" \/>\n<meta name=\"twitter:label1\" content=\"Napisane przez\" \/>\n\t<meta name=\"twitter:data1\" content=\"Filip\" \/>\n\t<meta name=\"twitter:label2\" content=\"Szacowany czas czytania\" \/>\n\t<meta name=\"twitter:data2\" content=\"1 minuta\" \/>\n<script type=\"application\/ld+json\" class=\"yoast-schema-graph\">{\"@context\":\"https:\/\/schema.org\",\"@graph\":[{\"@type\":\"Article\",\"@id\":\"https:\/\/www.pogotowieflagowe.pl\/aktualne\/kogo-wysylaja-nas-niemcy-wiekszosc-nielegalnych-migrantow-nie-miala-dokumentow-identyfikacyjnych\/#article\",\"isPartOf\":{\"@id\":\"https:\/\/www.pogotowieflagowe.pl\/aktualne\/kogo-wysylaja-nas-niemcy-wiekszosc-nielegalnych-migrantow-nie-miala-dokumentow-identyfikacyjnych\/\"},\"author\":{\"name\":\"Filip\",\"@id\":\"https:\/\/www.pogotowieflagowe.pl\/aktualne\/#\/schema\/person\/9c2fb7d2362ebf6fa088960d7f0d27b0\"},\"headline\":\"Kogo wysy\u0142aj\u0105 nas Niemcy? Wi\u0119kszo\u015b\u0107 nielegalnych migrant\u00f3w nie mia\u0142a dokument\u00f3w identyfikacyjnych\",\"datePublished\":\"2025-07-15T20:48:02+00:00\",\"dateModified\":\"2025-07-15T20:48:03+00:00\",\"mainEntityOfPage\":{\"@id\":\"https:\/\/www.pogotowieflagowe.pl\/aktualne\/kogo-wysylaja-nas-niemcy-wiekszosc-nielegalnych-migrantow-nie-miala-dokumentow-identyfikacyjnych\/\"},\"wordCount\":257,\"publisher\":{\"@id\":\"https:\/\/www.pogotowieflagowe.pl\/aktualne\/#organization\"},\"image\":{\"@id\":\"https:\/\/www.pogotowieflagowe.pl\/aktualne\/kogo-wysylaja-nas-niemcy-wiekszosc-nielegalnych-migrantow-nie-miala-dokumentow-identyfikacyjnych\/#primaryimage\"},\"thumbnailUrl\":\"https:\/\/www.pogotowieflagowe.pl\/aktualne\/wp-content\/uploads\/2025\/07\/Kogo-wysylaja-nas-Niemcy-Wiekszosc-nielegalnych-migrantow-nie-miala-dokumentow.webp.webp\",\"keywords\":[\"dokument\u00f3w\",\"identyfikacyjnych\",\"kogo\",\"mia\u0142a\",\"migrant\u00f3w\",\"nas\",\"Nie\",\"nielegalnych\",\"Niemcy\",\"wi\u0119kszo\u015b\u0107\",\"wysy\u0142aj\u0105\"],\"articleSection\":[\"Aktualne\"],\"inLanguage\":\"pl-PL\"},{\"@type\":\"WebPage\",\"@id\":\"https:\/\/www.pogotowieflagowe.pl\/aktualne\/kogo-wysylaja-nas-niemcy-wiekszosc-nielegalnych-migrantow-nie-miala-dokumentow-identyfikacyjnych\/\",\"url\":\"https:\/\/www.pogotowieflagowe.pl\/aktualne\/kogo-wysylaja-nas-niemcy-wiekszosc-nielegalnych-migrantow-nie-miala-dokumentow-identyfikacyjnych\/\",\"name\":\"Kogo wysy\u0142aj\u0105 nas Niemcy? Wi\u0119kszo\u015b\u0107 nielegalnych migrant\u00f3w nie mia\u0142a dokument\u00f3w identyfikacyjnych - POGOTOWIE FLAGOWE\u00ae\",\"isPartOf\":{\"@id\":\"https:\/\/www.pogotowieflagowe.pl\/aktualne\/#website\"},\"primaryImageOfPage\":{\"@id\":\"https:\/\/www.pogotowieflagowe.pl\/aktualne\/kogo-wysylaja-nas-niemcy-wiekszosc-nielegalnych-migrantow-nie-miala-dokumentow-identyfikacyjnych\/#primaryimage\"},\"image\":{\"@id\":\"https:\/\/www.pogotowieflagowe.pl\/aktualne\/kogo-wysylaja-nas-niemcy-wiekszosc-nielegalnych-migrantow-nie-miala-dokumentow-identyfikacyjnych\/#primaryimage\"},\"thumbnailUrl\":\"https:\/\/www.pogotowieflagowe.pl\/aktualne\/wp-content\/uploads\/2025\/07\/Kogo-wysylaja-nas-Niemcy-Wiekszosc-nielegalnych-migrantow-nie-miala-dokumentow.webp.webp\",\"datePublished\":\"2025-07-15T20:48:02+00:00\",\"dateModified\":\"2025-07-15T20:48:03+00:00\",\"breadcrumb\":{\"@id\":\"https:\/\/www.pogotowieflagowe.pl\/aktualne\/kogo-wysylaja-nas-niemcy-wiekszosc-nielegalnych-migrantow-nie-miala-dokumentow-identyfikacyjnych\/#breadcrumb\"},\"inLanguage\":\"pl-PL\",\"potentialAction\":[{\"@type\":\"ReadAction\",\"target\":[\"https:\/\/www.pogotowieflagowe.pl\/aktualne\/kogo-wysylaja-nas-niemcy-wiekszosc-nielegalnych-migrantow-nie-miala-dokumentow-identyfikacyjnych\/\"]}]},{\"@type\":\"ImageObject\",\"inLanguage\":\"pl-PL\",\"@id\":\"https:\/\/www.pogotowieflagowe.pl\/aktualne\/kogo-wysylaja-nas-niemcy-wiekszosc-nielegalnych-migrantow-nie-miala-dokumentow-identyfikacyjnych\/#primaryimage\",\"url\":\"https:\/\/www.pogotowieflagowe.pl\/aktualne\/wp-content\/uploads\/2025\/07\/Kogo-wysylaja-nas-Niemcy-Wiekszosc-nielegalnych-migrantow-nie-miala-dokumentow.webp.webp\",\"contentUrl\":\"https:\/\/www.pogotowieflagowe.pl\/aktualne\/wp-content\/uploads\/2025\/07\/Kogo-wysylaja-nas-Niemcy-Wiekszosc-nielegalnych-migrantow-nie-miala-dokumentow.webp.webp\",\"width\":1280,\"height\":719,\"caption\":\"Kogo wysy\u0142aj\u0105 nas Niemcy? Wi\u0119kszo\u015b\u0107 nielegalnych migrant\u00f3w nie mia\u0142a dokument\u00f3w identyfikacyjnych\"},{\"@type\":\"BreadcrumbList\",\"@id\":\"https:\/\/www.pogotowieflagowe.pl\/aktualne\/kogo-wysylaja-nas-niemcy-wiekszosc-nielegalnych-migrantow-nie-miala-dokumentow-identyfikacyjnych\/#breadcrumb\",\"itemListElement\":[{\"@type\":\"ListItem\",\"position\":1,\"name\":\"Home\",\"item\":\"https:\/\/www.pogotowieflagowe.pl\/aktualne\/\"},{\"@type\":\"ListItem\",\"position\":2,\"name\":\"Kogo wysy\u0142aj\u0105 nas Niemcy? Wi\u0119kszo\u015b\u0107 nielegalnych migrant\u00f3w nie mia\u0142a dokument\u00f3w identyfikacyjnych\"}]},{\"@type\":\"WebSite\",\"@id\":\"https:\/\/www.pogotowieflagowe.pl\/aktualne\/#website\",\"url\":\"https:\/\/www.pogotowieflagowe.pl\/aktualne\/\",\"name\":\"POGOTOWIE FLAGOWE\u00ae\",\"description\":\"\",\"publisher\":{\"@id\":\"https:\/\/www.pogotowieflagowe.pl\/aktualne\/#organization\"},\"potentialAction\":[{\"@type\":\"SearchAction\",\"target\":{\"@type\":\"EntryPoint\",\"urlTemplate\":\"https:\/\/www.pogotowieflagowe.pl\/aktualne\/?s={search_term_string}\"},\"query-input\":\"required name=search_term_string\"}],\"inLanguage\":\"pl-PL\"},{\"@type\":\"Organization\",\"@id\":\"https:\/\/www.pogotowieflagowe.pl\/aktualne\/#organization\",\"name\":\"POGOTOWIE FLAGOWE\u00ae\",\"url\":\"https:\/\/www.pogotowieflagowe.pl\/aktualne\/\",\"logo\":{\"@type\":\"ImageObject\",\"inLanguage\":\"pl-PL\",\"@id\":\"https:\/\/www.pogotowieflagowe.pl\/aktualne\/#\/schema\/logo\/image\/\",\"url\":\"https:\/\/www.pogotowieflagowe.pl\/aktualne\/wp-content\/uploads\/2024\/08\/cropped-pogotowieflagowe_flaga_projekt_sm.jpg\",\"contentUrl\":\"https:\/\/www.pogotowieflagowe.pl\/aktualne\/wp-content\/uploads\/2024\/08\/cropped-pogotowieflagowe_flaga_projekt_sm.jpg\",\"width\":250,\"height\":143,\"caption\":\"POGOTOWIE FLAGOWE\u00ae\"},\"image\":{\"@id\":\"https:\/\/www.pogotowieflagowe.pl\/aktualne\/#\/schema\/logo\/image\/\"}},{\"@type\":\"Person\",\"@id\":\"https:\/\/www.pogotowieflagowe.pl\/aktualne\/#\/schema\/person\/9c2fb7d2362ebf6fa088960d7f0d27b0\",\"name\":\"Filip\",\"image\":{\"@type\":\"ImageObject\",\"inLanguage\":\"pl-PL\",\"@id\":\"https:\/\/www.pogotowieflagowe.pl\/aktualne\/#\/schema\/person\/image\/\",\"url\":\"https:\/\/www.pogotowieflagowe.pl\/aktualne\/wp-content\/uploads\/2024\/08\/pogotowieflagowe.pl_.jpg\",\"contentUrl\":\"https:\/\/www.pogotowieflagowe.pl\/aktualne\/wp-content\/uploads\/2024\/08\/pogotowieflagowe.pl_.jpg\",\"caption\":\"Filip\"},\"description\":\"Jestem Filip, polski dziennikarz z dyplomem nauk politycznych Uniwersytetu Warszawskiego. Rozpoczynaj\u0105c swoj\u0105 karier\u0119 w r\u00f3\u017cnych lokalnych mediach, zdoby\u0142em solidne do\u015bwiadczenie w zakresie \u015bledztwa i redakcji. Obecnie jako redaktor w Pogotowie flagowe, staram si\u0119 dostarcza\u0107 dog\u0142\u0119bne i istotne analizy na temat najwa\u017cniejszych kwestii aktualno\u015bci, \u0142\u0105cz\u0105c rygor z pasj\u0105 dziennikarsk\u0105.\",\"sameAs\":[\"https:\/\/www.pogotowieflagowe.pl\/\"]}]}<\/script>\n<!-- \/ Yoast SEO plugin. -->","yoast_head_json":{"title":"Kogo wysy\u0142aj\u0105 nas Niemcy? Wi\u0119kszo\u015b\u0107 nielegalnych migrant\u00f3w nie mia\u0142a dokument\u00f3w identyfikacyjnych - POGOTOWIE FLAGOWE\u00ae","robots":{"index":"index","follow":"follow","max-snippet":"max-snippet:-1","max-image-preview":"max-image-preview:large","max-video-preview":"max-video-preview:-1"},"canonical":"https:\/\/www.pogotowieflagowe.pl\/aktualne\/kogo-wysylaja-nas-niemcy-wiekszosc-nielegalnych-migrantow-nie-miala-dokumentow-identyfikacyjnych\/","og_locale":"pl_PL","og_type":"article","og_title":"Kogo wysy\u0142aj\u0105 nas Niemcy? Wi\u0119kszo\u015b\u0107 nielegalnych migrant\u00f3w nie mia\u0142a dokument\u00f3w identyfikacyjnych - POGOTOWIE FLAGOWE\u00ae","og_description":"Wi\u0119kszo\u015b\u0107 migrant\u00f3w przekazanych Polsce przez Niemcy w 2024 r. Nie mia\u0142a na nich \u017cadnych dokument\u00f3w identyfikacyjnych &#8211; ostrzega pos\u0142a Anna","og_url":"https:\/\/www.pogotowieflagowe.pl\/aktualne\/kogo-wysylaja-nas-niemcy-wiekszosc-nielegalnych-migrantow-nie-miala-dokumentow-identyfikacyjnych\/","og_site_name":"POGOTOWIE FLAGOWE\u00ae","article_published_time":"2025-07-15T20:48:02+00:00","article_modified_time":"2025-07-15T20:48:03+00:00","og_image":[{"width":1280,"height":719,"url":"https:\/\/www.pogotowieflagowe.pl\/aktualne\/wp-content\/uploads\/2025\/07\/Kogo-wysylaja-nas-Niemcy-Wiekszosc-nielegalnych-migrantow-nie-miala-dokumentow.webp.webp","type":"image\/webp"}],"author":"Filip","twitter_card":"summary_large_image","twitter_misc":{"Napisane przez":"Filip","Szacowany czas czytania":"1 minuta"},"schema":{"@context":"https:\/\/schema.org","@graph":[{"@type":"Article","@id":"https:\/\/www.pogotowieflagowe.pl\/aktualne\/kogo-wysylaja-nas-niemcy-wiekszosc-nielegalnych-migrantow-nie-miala-dokumentow-identyfikacyjnych\/#article","isPartOf":{"@id":"https:\/\/www.pogotowieflagowe.pl\/aktualne\/kogo-wysylaja-nas-niemcy-wiekszosc-nielegalnych-migrantow-nie-miala-dokumentow-identyfikacyjnych\/"},"author":{"name":"Filip","@id":"https:\/\/www.pogotowieflagowe.pl\/aktualne\/#\/schema\/person\/9c2fb7d2362ebf6fa088960d7f0d27b0"},"headline":"Kogo wysy\u0142aj\u0105 nas Niemcy? Wi\u0119kszo\u015b\u0107 nielegalnych migrant\u00f3w nie mia\u0142a dokument\u00f3w identyfikacyjnych","datePublished":"2025-07-15T20:48:02+00:00","dateModified":"2025-07-15T20:48:03+00:00","mainEntityOfPage":{"@id":"https:\/\/www.pogotowieflagowe.pl\/aktualne\/kogo-wysylaja-nas-niemcy-wiekszosc-nielegalnych-migrantow-nie-miala-dokumentow-identyfikacyjnych\/"},"wordCount":257,"publisher":{"@id":"https:\/\/www.pogotowieflagowe.pl\/aktualne\/#organization"},"image":{"@id":"https:\/\/www.pogotowieflagowe.pl\/aktualne\/kogo-wysylaja-nas-niemcy-wiekszosc-nielegalnych-migrantow-nie-miala-dokumentow-identyfikacyjnych\/#primaryimage"},"thumbnailUrl":"https:\/\/www.pogotowieflagowe.pl\/aktualne\/wp-content\/uploads\/2025\/07\/Kogo-wysylaja-nas-Niemcy-Wiekszosc-nielegalnych-migrantow-nie-miala-dokumentow.webp.webp","keywords":["dokument\u00f3w","identyfikacyjnych","kogo","mia\u0142a","migrant\u00f3w","nas","Nie","nielegalnych","Niemcy","wi\u0119kszo\u015b\u0107","wysy\u0142aj\u0105"],"articleSection":["Aktualne"],"inLanguage":"pl-PL"},{"@type":"WebPage","@id":"https:\/\/www.pogotowieflagowe.pl\/aktualne\/kogo-wysylaja-nas-niemcy-wiekszosc-nielegalnych-migrantow-nie-miala-dokumentow-identyfikacyjnych\/","url":"https:\/\/www.pogotowieflagowe.pl\/aktualne\/kogo-wysylaja-nas-niemcy-wiekszosc-nielegalnych-migrantow-nie-miala-dokumentow-identyfikacyjnych\/","name":"Kogo wysy\u0142aj\u0105 nas Niemcy? Wi\u0119kszo\u015b\u0107 nielegalnych migrant\u00f3w nie mia\u0142a dokument\u00f3w identyfikacyjnych - POGOTOWIE FLAGOWE\u00ae","isPartOf":{"@id":"https:\/\/www.pogotowieflagowe.pl\/aktualne\/#website"},"primaryImageOfPage":{"@id":"https:\/\/www.pogotowieflagowe.pl\/aktualne\/kogo-wysylaja-nas-niemcy-wiekszosc-nielegalnych-migrantow-nie-miala-dokumentow-identyfikacyjnych\/#primaryimage"},"image":{"@id":"https:\/\/www.pogotowieflagowe.pl\/aktualne\/kogo-wysylaja-nas-niemcy-wiekszosc-nielegalnych-migrantow-nie-miala-dokumentow-identyfikacyjnych\/#primaryimage"},"thumbnailUrl":"https:\/\/www.pogotowieflagowe.pl\/aktualne\/wp-content\/uploads\/2025\/07\/Kogo-wysylaja-nas-Niemcy-Wiekszosc-nielegalnych-migrantow-nie-miala-dokumentow.webp.webp","datePublished":"2025-07-15T20:48:02+00:00","dateModified":"2025-07-15T20:48:03+00:00","breadcrumb":{"@id":"https:\/\/www.pogotowieflagowe.pl\/aktualne\/kogo-wysylaja-nas-niemcy-wiekszosc-nielegalnych-migrantow-nie-miala-dokumentow-identyfikacyjnych\/#breadcrumb"},"inLanguage":"pl-PL","potentialAction":[{"@type":"ReadAction","target":["https:\/\/www.pogotowieflagowe.pl\/aktualne\/kogo-wysylaja-nas-niemcy-wiekszosc-nielegalnych-migrantow-nie-miala-dokumentow-identyfikacyjnych\/"]}]},{"@type":"ImageObject","inLanguage":"pl-PL","@id":"https:\/\/www.pogotowieflagowe.pl\/aktualne\/kogo-wysylaja-nas-niemcy-wiekszosc-nielegalnych-migrantow-nie-miala-dokumentow-identyfikacyjnych\/#primaryimage","url":"https:\/\/www.pogotowieflagowe.pl\/aktualne\/wp-content\/uploads\/2025\/07\/Kogo-wysylaja-nas-Niemcy-Wiekszosc-nielegalnych-migrantow-nie-miala-dokumentow.webp.webp","contentUrl":"https:\/\/www.pogotowieflagowe.pl\/aktualne\/wp-content\/uploads\/2025\/07\/Kogo-wysylaja-nas-Niemcy-Wiekszosc-nielegalnych-migrantow-nie-miala-dokumentow.webp.webp","width":1280,"height":719,"caption":"Kogo wysy\u0142aj\u0105 nas Niemcy? Wi\u0119kszo\u015b\u0107 nielegalnych migrant\u00f3w nie mia\u0142a dokument\u00f3w identyfikacyjnych"},{"@type":"BreadcrumbList","@id":"https:\/\/www.pogotowieflagowe.pl\/aktualne\/kogo-wysylaja-nas-niemcy-wiekszosc-nielegalnych-migrantow-nie-miala-dokumentow-identyfikacyjnych\/#breadcrumb","itemListElement":[{"@type":"ListItem","position":1,"name":"Home","item":"https:\/\/www.pogotowieflagowe.pl\/aktualne\/"},{"@type":"ListItem","position":2,"name":"Kogo wysy\u0142aj\u0105 nas Niemcy? Wi\u0119kszo\u015b\u0107 nielegalnych migrant\u00f3w nie mia\u0142a dokument\u00f3w identyfikacyjnych"}]},{"@type":"WebSite","@id":"https:\/\/www.pogotowieflagowe.pl\/aktualne\/#website","url":"https:\/\/www.pogotowieflagowe.pl\/aktualne\/","name":"POGOTOWIE FLAGOWE\u00ae","description":"","publisher":{"@id":"https:\/\/www.pogotowieflagowe.pl\/aktualne\/#organization"},"potentialAction":[{"@type":"SearchAction","target":{"@type":"EntryPoint","urlTemplate":"https:\/\/www.pogotowieflagowe.pl\/aktualne\/?s={search_term_string}"},"query-input":"required name=search_term_string"}],"inLanguage":"pl-PL"},{"@type":"Organization","@id":"https:\/\/www.pogotowieflagowe.pl\/aktualne\/#organization","name":"POGOTOWIE FLAGOWE\u00ae","url":"https:\/\/www.pogotowieflagowe.pl\/aktualne\/","logo":{"@type":"ImageObject","inLanguage":"pl-PL","@id":"https:\/\/www.pogotowieflagowe.pl\/aktualne\/#\/schema\/logo\/image\/","url":"https:\/\/www.pogotowieflagowe.pl\/aktualne\/wp-content\/uploads\/2024\/08\/cropped-pogotowieflagowe_flaga_projekt_sm.jpg","contentUrl":"https:\/\/www.pogotowieflagowe.pl\/aktualne\/wp-content\/uploads\/2024\/08\/cropped-pogotowieflagowe_flaga_projekt_sm.jpg","width":250,"height":143,"caption":"POGOTOWIE FLAGOWE\u00ae"},"image":{"@id":"https:\/\/www.pogotowieflagowe.pl\/aktualne\/#\/schema\/logo\/image\/"}},{"@type":"Person","@id":"https:\/\/www.pogotowieflagowe.pl\/aktualne\/#\/schema\/person\/9c2fb7d2362ebf6fa088960d7f0d27b0","name":"Filip","image":{"@type":"ImageObject","inLanguage":"pl-PL","@id":"https:\/\/www.pogotowieflagowe.pl\/aktualne\/#\/schema\/person\/image\/","url":"https:\/\/www.pogotowieflagowe.pl\/aktualne\/wp-content\/uploads\/2024\/08\/pogotowieflagowe.pl_.jpg","contentUrl":"https:\/\/www.pogotowieflagowe.pl\/aktualne\/wp-content\/uploads\/2024\/08\/pogotowieflagowe.pl_.jpg","caption":"Filip"},"description":"Jestem Filip, polski dziennikarz z dyplomem nauk politycznych Uniwersytetu Warszawskiego. Rozpoczynaj\u0105c swoj\u0105 karier\u0119 w r\u00f3\u017cnych lokalnych mediach, zdoby\u0142em solidne do\u015bwiadczenie w zakresie \u015bledztwa i redakcji. Obecnie jako redaktor w Pogotowie flagowe, staram si\u0119 dostarcza\u0107 dog\u0142\u0119bne i istotne analizy na temat najwa\u017cniejszych kwestii aktualno\u015bci, \u0142\u0105cz\u0105c rygor z pasj\u0105 dziennikarsk\u0105.","sameAs":["https:\/\/www.pogotowieflagowe.pl\/"]}]}},"_links":{"self":[{"href":"https:\/\/www.pogotowieflagowe.pl\/aktualne\/wp-json\/wp\/v2\/posts\/6727","targetHints":{"allow":["GET"]}}],"collection":[{"href":"https:\/\/www.pogotowieflagowe.pl\/aktualne\/wp-json\/wp\/v2\/posts"}],"about":[{"href":"https:\/\/www.pogotowieflagowe.pl\/aktualne\/wp-json\/wp\/v2\/types\/post"}],"author":[{"embeddable":true,"href":"https:\/\/www.pogotowieflagowe.pl\/aktualne\/wp-json\/wp\/v2\/users\/1"}],"replies":[{"embeddable":true,"href":"https:\/\/www.pogotowieflagowe.pl\/aktualne\/wp-json\/wp\/v2\/comments?post=6727"}],"version-history":[{"count":1,"href":"https:\/\/www.pogotowieflagowe.pl\/aktualne\/wp-json\/wp\/v2\/posts\/6727\/revisions"}],"predecessor-version":[{"id":6729,"href":"https:\/\/www.pogotowieflagowe.pl\/aktualne\/wp-json\/wp\/v2\/posts\/6727\/revisions\/6729"}],"wp:featuredmedia":[{"embeddable":true,"href":"https:\/\/www.pogotowieflagowe.pl\/aktualne\/wp-json\/wp\/v2\/media\/6728"}],"wp:attachment":[{"href":"https:\/\/www.pogotowieflagowe.pl\/aktualne\/wp-json\/wp\/v2\/media?parent=6727"}],"wp:term":[{"taxonomy":"category","embeddable":true,"href":"https:\/\/www.pogotowieflagowe.pl\/aktualne\/wp-json\/wp\/v2\/categories?post=6727"},{"taxonomy":"post_tag","embeddable":true,"href":"https:\/\/www.pogotowieflagowe.pl\/aktualne\/wp-json\/wp\/v2\/tags?post=6727"}],"curies":[{"name":"wp","href":"https:\/\/api.w.org\/{rel}","templated":true}]}}