{"id":6730,"date":"2025-07-16T04:48:23","date_gmt":"2025-07-16T02:48:23","guid":{"rendered":"https:\/\/www.pogotowieflagowe.pl\/aktualne\/rozbij-panstwa-narodowe-zmien-pamiec-europejczykow-prof-krasnodebski-na-wystawie-our-boys\/"},"modified":"2025-07-16T04:48:24","modified_gmt":"2025-07-16T02:48:24","slug":"rozbij-panstwa-narodowe-zmien-pamiec-europejczykow-prof-krasnodebski-na-wystawie-our-boys","status":"publish","type":"post","link":"https:\/\/www.pogotowieflagowe.pl\/aktualne\/rozbij-panstwa-narodowe-zmien-pamiec-europejczykow-prof-krasnodebski-na-wystawie-our-boys\/","title":{"rendered":"\u201eRozbij pa\u0144stwa narodowe, zmie\u0144 pami\u0119\u0107 Europejczyk\u00f3w\u201d. Prof. Krasnod\u0119bski na wystawie \u201eOur Boys\u201d"},"content":{"rendered":"\n<div class=\"td_block_wrap tdb_single_content tdi_41 td-pb-border-top td_block_template_8 td-post-content tagdiv-type\" data-td-block-uid=\"tdi_41\">\n<style>.tdi_41 {margin-top: 0px! Wa\u017cne; margines-bottom: 0px! WA\u017bNY; PALDING-TOP: 0PX! WA\u017bNY; PALDING-BOTTOM: 0PX! WA\u017bNE}<\/style>\n<style>.tdb_single_content {margin-bottom: 0;*zoom: 1} .tdb_single_content: wcze\u015bniej, .tdb_single_content: po {display: Table; content: ''; line-height: 0} .TDB-BLOCK-INner>*: nie (.WP-BLOCK-QUOTE): not (.alignSwide): not (.Alignfull.wp-block-cover.has-parallax): not (.td-a-ad) {margin-left: auto; margin-right: auto} .tdb_single_ConTent a {wska\u017anik-events: auto} .tdb_single_content .td-spot-id-top_ad .tdc-placeholder-title: przed {content: \u201eArtyku\u0142 top ad\u201d! Wa\u017cne} .tdb_single_content .td-Spot-Id-inline_ad0 .tdc-placeholder-title 1 '! Wa\u017cne} .tdb_single_content .td-Spot-Id-inline_Ad1 .tdc-Placeholder-Title: przed {content: \u201eArtyku\u0142 inline AD 2'! Wa\u017cny} .tdb_single_content. 3 '! Wa\u017cne} .tdb_single_content .td-Spot-Id-Bottom_Ad .tdc-Placeholder-Title: przed {content: \u201eArtyku\u0142 Bottom Ad\u201d! Wa\u017cne} .tdb_single_content .id_top_ad, .tdb_single_content_content .id_bottom_ad {clear: oba; margin-bottom: 21px; text-align: Center} .tdb_single_content .id_top_ad img, .tdb_single_content .id_bottom_ad img {margin-bottom: 0} .tdb_single_conTent .id_top_ad .adsbyGoogle, .tdb_single_content .id_bottom_ad .adsbyGoogle {pozycja: relatyw} .tdb_single_content .id_ad_content-horiz-left, .tdb_single_content .id_ad_content-horiz-right, .tdb_single_content .id_ad_content-horiz-Center {margin-bottom: 15px} .tdb_single_content .id_ad_content-horiz-left Img, .tdb_single_content .id_ad_content-horiz-right img, .tdb_single_content .id_ad_content-horiz-centerter img {margin-bottom: 0} .tdb_single_content .id_ad_content-horiz-center {text-align: Center} .tdb_single_content .id_ad_content-horiz-center img {margin-right: auto; margin-let: auto} .tdb_single_content .id_ad_content-horiz-left {float: left; margin-top: 9px; margin-right: 21px} .tdb_single_content .id_ad_content-horiz-right {float: margin-top: 6px; margin-left: 21px} .tdb_single_content .tdc-a-a-ad .TDC-Placeholder-Title {szeroko\u015b\u0107: 300px; height: 250px} .tdb_single_content .tdc-a-ad .TDC-Placeholder-Title: Przed {Pozycja: Absolute; TOP: 50%;-WebKit-Transform: Translatey (-50%); Transform: Translatey (-50%); margines: auto; Display: Tabela; szeroko\u015b\u0107: 100%}. tdb_single_content .TDB-BLOCK-INNER.TD-FIX-INDEX {Word-Break: Break-word} .tdi_41, .tdi_41> p, .tdi_41 .tdb-block-inner> p, .Wp-Block-Column> p {font-size: 16px! Wa\u017cne; wa\u017cny; p {font-styl: normalne! Wa\u017cne} @media (Max-Width: 767px) {. tdb_single_content .id_ad_content-horiz-left, .tdb_single_content .id_ad_content-horiz-right, .tdb_single_content .id_ad_content-horiz-centter {Margin: 0 AUTO 26PXX auto}}@media (Max-Width: 767px) {. tdb_single_content .id_ad_content-horiz-left {margin-right: 0}}@media (max-width: 767px) {. (Max-Width: 767px) {. tdb_single_content .td-a-ad {float: none; text-align: Center} .tdb_single_content .td-a-ad img {margin-right: auto; margin-left: auto} .tdb_single_content .tdc-a-a-a-{margin-right: auto; margin-left: auto} .tdb_single_content .tdd<\/style>\n<div class=\"tdb-block-inner td-fix-index\">\n<p><em>\u201eNiew\u0105tpliwie celem tych dzia\u0142a\u0144 jest kszta\u0142towanie \u015bwiadomo\u015bci spo\u0142ecznej w spos\u00f3b, kt\u00f3ry jest sprzeczny z narracj\u0105 typow\u0105 dla pa\u0144stw narodowych, lub og\u00f3lnie pa\u0144stw narodowych w Unii Europejskiej. Jak wiemy, wszystko, co dzi\u015b zmierza w kierunku demonta\u017cu pa\u0144stw narodowych jako formy politycznej, ale tak\u017ce w kierunku pami\u0119ci Europejczyk\u00f3w w tym duchu. I tego, w tym, obejmuje Poly,\u201d.<\/em> powiedzia\u0142 prof. Zdzis\u0142aw Krasnod\u0119bski w wywiadzie dla <em>Niezale\u017cna.pl<\/em>komentowanie wystawy <em>\u201eNasi ch\u0142opcy\u201d<\/em>kt\u00f3ry zniekszta\u0142ca pami\u0119\u0107 historyczn\u0105.<\/p>\n<hr class=\"wp-block-separator has-alpha-channel-opacity\">\n<h3 class=\"wp-block-heading\"><strong>Nie <em>Nasz<\/em> Ch\u0142opcy<\/strong><\/h3>\n<p>Wystawa zosta\u0142a otwarta w pi\u0105tek w gotyckiej hali g\u0142\u00f3wnej ratuszu w Gda\u0144sku, pokazuj\u0105c los tysi\u0119cy mieszka\u0144c\u00f3w Pomor\u00f3w, kt\u00f3rzy zostali poborowi do Wehrmacht. Wywo\u0142a\u0142o oburzenie i krytyk\u0119 wielu lider\u00f3w opinii i polityk\u00f3w, w tym prezydenta Andrzeja Duda. Krytycy podkre\u015blili, \u017ce eksponat jest przyk\u0142adem relatywycji historii i pr\u00f3b implikowania biegun\u00f3w w kataklizmie spowodowanym przez Niemc\u00f3w. Prowokuj\u0105cy tytu\u0142 wystawy &#8211; <em>\u201eNasi ch\u0142opcy\u201d<\/em> &#8211; by\u0142 r\u00f3wnie\u017c powszechnie pot\u0119piony.<\/p>\n<p>Ministerstwo Kultury i Dziedzictwa Narodowego oraz Muzeum Gda\u0144skiego pr\u00f3bowa\u0142y uspokoi\u0107 luz, twierdz\u0105c, \u017ce wystawa po prostu przedstawia losy <em>\u201eDziesi\u0105tki tysi\u0119cy biegun\u00f3w\u201d<\/em> kt\u00f3rzy zostali przymusowo pobierani do Wehrmacht. Co ciekawe, Ministerstwo okre\u015bli\u0142o krytyk\u0119 wystawy jako <em>&#8222;dezinformacja,&#8221;<\/em> naleganie na to <em>\u201eNarracja wok\u00f3\u0142 wystawy jest wykorzystywana do kr\u00f3tkoterminowych cel\u00f3w politycznych\u201d.<\/em><\/p>\n<hr class=\"wp-block-separator has-alpha-channel-opacity\">\n<h3 class=\"wp-block-heading\"><strong>Normalizacja Wehrmacht<\/strong><\/h3>\n<p>Zapytany o opini\u0119 na temat wystawy i jej kontekstu, prof. Zdzis\u0142aw Krasnod\u0119bski nie wykluczy\u0142, \u017ce tw\u00f3rcy zamierzali przedstawi\u0107 <em>\u201eBardziej z\u0142o\u017cone historie \u017cyciowe o biegunach, szczeg\u00f3lnie z obszar\u00f3w bezpo\u015brednio zaanektowanych do trzeciej Rzeszy\u201d.<\/em><\/p>\n<p><em>\u201eI \u017ce jest to prawda, kt\u00f3ra, jak zawsze, mo\u017cna zilustrowa\u0107 indywidualne historie. Ale jest to zasadniczo spos\u00f3b normalizacji Wehrmachta i jego roli. Mogliby po\u015bwi\u0119ci\u0107 eksponat na takie biografie lub losy, ale mog\u0142yby r\u00f3wnie\u017c nada\u0107 mu inny tytu\u0142\u201d<\/em> zauwa\u017cy\u0142.<\/p>\n<p><em>\u201eMy\u015bl\u0119, \u017ce ta wystawa jest tylko jednym elementem szerszej polityki przepisywania narracji historycznej, kt\u00f3rej obecne w\u0142adze &#8211; w tym w\u0142adze regionalne w Gda\u0144sku &#8211; pr\u00f3buje narzuci\u0107. I jest to wyra\u017anie zerwanie od tradycyjnej polskiej narracji, pr\u00f3ba przedstawienia Wehrmachta i polskich si\u0142 zbrojnych na zachodzie jako w jaki\u015b spos\u00f3b r\u00f3wnowa\u017cne. To w jaki\u015b spos\u00f3b odpowiada. W Polityce Unii Europejskiej wida\u0107 to w domu europejskim.<\/em> Wyja\u015bni\u0142.<\/p>\n<hr class=\"wp-block-separator has-alpha-channel-opacity\">\n<h3 class=\"wp-block-heading\"><strong>Konstruowanie europejskiej narracji<\/strong><\/h3>\n<p>Zapytany o cel takich wysi\u0142k\u00f3w, Krasnod\u0119bski podkre\u015bli\u0142, \u017ce s\u0105 <em>\u201eSkierowany przeciwko klasycznej polskiej narracji\u201d<\/em> I <em>\u201eOd lat s\u0105 \u015bcigane w Niemczech\u201d.<\/em><\/p>\n<p><em>\u201eBy\u0142 s\u0142ynny serial telewizyjny\u201e Unsere M\u00fctter, Unsere V\u00e4ter \u201d(<\/em>\u201eNasze matki, nasi ojcowie\u201d<em>), kt\u00f3ry przedstawi\u0142 podobn\u0105 perspektyw\u0119. Jest to zasadniczo powt\u00f3rzenie dobrze ugruntowanego szablonu: m\u0142odzi ludzie, za\u015blepieni ideologicznie, ale tak\u017ce ignoranci, znajduj\u0105 si\u0119 w armii itp. Podobna ideologia by\u0142a widoczna we wczesnej koncepcji Muzeum II wojny \u015bwiatowej. Wysi\u0142ek, aby wskrzesi\u0107 niemieck\u0105 przesz\u0142o\u015b\u0107 &#8211; czy to w Gda\u0144sku, Wroc\u0142aw, czy gdzie indziej &#8211; jest niepowtarzalny \u201d<\/em> Powiedzia\u0142.<\/p>\n<p><em>\u201eKoncentruje si\u0119 na losach zwyk\u0142ych ludzi, kt\u00f3rzy wpadli w histori\u0119. Ale jest to tak\u017ce budowa narracji, kt\u00f3ra ma sta\u0107 si\u0119 dominuj\u0105c\u0105 w dzisiejszej Europie, s\u0142u\u017c\u0105c\u0105 do integracji europejskiej i tak zwanym polskim pojednaniu.<\/em> podkre\u015bli\u0142.<\/p>\n<hr class=\"wp-block-separator has-alpha-channel-opacity\">\n<h3 class=\"wp-block-heading\"><strong>Mit \u201eczystego\u201d Wehrmachta<\/strong><\/h3>\n<p>Prof. Krasnod\u0119bski odwo\u0142a\u0142 si\u0119 do wystawy, kt\u00f3ra odby\u0142a si\u0119 w Niemczech w latach 90. <em>\u201eTo walczy\u0142o przeciwko mitowi\u201e czystego Wehrmachta \u201d &#8211; czyli rzekomo regularnej armii\u201d.<\/em><\/p>\n<p><em>\u201eI to pokazuje, jak zmieni\u0142a si\u0119 historyczna narracja. Teraz widzimy rodzaj odwr\u00f3cenia, tendencj\u0119 do pokazywania czego\u015b, co jednoczy Europejczyk\u00f3w: jedna osoba walczy\u0142a z jednej strony, druga, ale ostatecznie wszyscy byli tylko lud\u017ami wpl\u0105tanymi w histori\u0119. Prze\u017cyli j\u0105, a teraz oczekuje si\u0119, \u017ce zidentyfikujemy z\u201e naszymi ch\u0142opcami \u201d, kt\u00f3rzy znalazli si\u0119 w tej sytuacji\u201d,<\/em> Wyja\u015bni\u0142.<\/p>\n<p>Zwr\u00f3ci\u0142 tak\u017ce uwag\u0119 na trend zmiany nazwy ulic i budynk\u00f3w publicznych o nazwach niemieckich.<\/p>\n<p><em>\u201ePo raz kolejny powiedziano nam, \u017ce jest to przesz\u0142o\u015b\u0107, kt\u00f3r\u0105 musimy zaakceptowa\u0107-i \u017ce jest to w jaki\u015b spos\u00f3b pan-europejski\u201d<\/em> Zauwa\u017cy\u0142.<\/p>\n<hr class=\"wp-block-separator has-alpha-channel-opacity\">\n<h3 class=\"wp-block-heading\"><strong>Celowa strategia<\/strong><\/h3>\n<p>Wed\u0142ug socjologa tak jest <em>\u201eAbsolutnie oczywiste\u201d<\/em> \u017ce to jest <em>\u201eCelowa strategia\u201d.<\/em><\/p>\n<p><em>\u201eNie chodzi o to, \u017ce te historie \u017cyciowe nie powinny by\u0107 opowiadane &#8211; ale wszystko sprowadza si\u0119 do kontekstu i celu\u201d.<\/em> podkre\u015bli\u0142.<\/p>\n<p><em>\u201eNiew\u0105tpliwie celem jest stworzenie \u015bwiadomo\u015bci publicznej, kt\u00f3ra jest sprzeczna z narracj\u0105 typow\u0105 dla pa\u0144stwa narodowego-jakiegokolwiek pa\u0144stwa narodowego w Unii Europejskiej. Jak wiemy, trendem jest rozbicie narodu-pa\u0144stwa jako formy politycznej, ale tak\u017ce przekszta\u0142cenie pami\u0119ci Europejczyk\u00f3w zgodnych z tym celem. I oczywi\u015bcie, to dotyczy to r\u00f3wnie\u017c Polak\u00f3w\u201d.<\/em> zako\u0144czy\u0142 prof. Zdzis\u0142aw Krasnod\u0119bski.<\/p>\n<\/div>\n<\/div>\n","protected":false},"excerpt":{"rendered":"<p>\u201eNiew\u0105tpliwie celem tych dzia\u0142a\u0144 jest kszta\u0142towanie \u015bwiadomo\u015bci spo\u0142ecznej w spos\u00f3b, kt\u00f3ry jest sprzeczny z narracj\u0105 typow\u0105 dla pa\u0144stw narodowych, lub<\/p>\n","protected":false},"author":1,"featured_media":6731,"comment_status":"closed","ping_status":"","sticky":false,"template":"","format":"standard","meta":{"footnotes":""},"categories":[4748],"tags":[8474,8472,8473,1045,180,1717,5985,8470,4693,8471],"class_list":["post-6730","post","type-post","status-publish","format-standard","has-post-thumbnail","hentry","category-aktualne","tag-boys","tag-europejczykow","tag-krasnodebski","tag-narodowe","tag-pamiec","tag-panstwa","tag-prof","tag-rozbij","tag-wystawie","tag-zmien","generate-columns","tablet-grid-50","mobile-grid-100","grid-parent","grid-50","resize-featured-image"],"yoast_head":"<!-- This site is optimized with the Yoast SEO plugin v23.2 - https:\/\/yoast.com\/wordpress\/plugins\/seo\/ -->\n<title>\u201eRozbij pa\u0144stwa narodowe, zmie\u0144 pami\u0119\u0107 Europejczyk\u00f3w\u201d. Prof. Krasnod\u0119bski na wystawie \u201eOur Boys\u201d - POGOTOWIE FLAGOWE\u00ae<\/title>\n<meta name=\"robots\" content=\"index, follow, max-snippet:-1, max-image-preview:large, max-video-preview:-1\" \/>\n<link rel=\"canonical\" href=\"https:\/\/www.pogotowieflagowe.pl\/aktualne\/rozbij-panstwa-narodowe-zmien-pamiec-europejczykow-prof-krasnodebski-na-wystawie-our-boys\/\" \/>\n<meta property=\"og:locale\" content=\"pl_PL\" \/>\n<meta property=\"og:type\" content=\"article\" \/>\n<meta property=\"og:title\" content=\"\u201eRozbij pa\u0144stwa narodowe, zmie\u0144 pami\u0119\u0107 Europejczyk\u00f3w\u201d. Prof. Krasnod\u0119bski na wystawie \u201eOur Boys\u201d - POGOTOWIE FLAGOWE\u00ae\" \/>\n<meta property=\"og:description\" content=\"\u201eNiew\u0105tpliwie celem tych dzia\u0142a\u0144 jest kszta\u0142towanie \u015bwiadomo\u015bci spo\u0142ecznej w spos\u00f3b, kt\u00f3ry jest sprzeczny z narracj\u0105 typow\u0105 dla pa\u0144stw narodowych, lub\" \/>\n<meta property=\"og:url\" content=\"https:\/\/www.pogotowieflagowe.pl\/aktualne\/rozbij-panstwa-narodowe-zmien-pamiec-europejczykow-prof-krasnodebski-na-wystawie-our-boys\/\" \/>\n<meta property=\"og:site_name\" content=\"POGOTOWIE FLAGOWE\u00ae\" \/>\n<meta property=\"article:published_time\" content=\"2025-07-16T02:48:23+00:00\" \/>\n<meta property=\"article:modified_time\" content=\"2025-07-16T02:48:24+00:00\" \/>\n<meta property=\"og:image\" content=\"https:\/\/www.pogotowieflagowe.pl\/aktualne\/wp-content\/uploads\/2025\/07\/\u201eRozbij-panstwa-narodowe-zmien-pamiec-Europejczykow-Prof-Krasnodebski-na-wystawie.webp.webp\" \/>\n\t<meta property=\"og:image:width\" content=\"1280\" \/>\n\t<meta property=\"og:image:height\" content=\"720\" \/>\n\t<meta property=\"og:image:type\" content=\"image\/webp\" \/>\n<meta name=\"author\" content=\"Filip\" \/>\n<meta name=\"twitter:card\" content=\"summary_large_image\" \/>\n<meta name=\"twitter:label1\" content=\"Napisane przez\" \/>\n\t<meta name=\"twitter:data1\" content=\"Filip\" \/>\n\t<meta name=\"twitter:label2\" content=\"Szacowany czas czytania\" \/>\n\t<meta name=\"twitter:data2\" content=\"4 minuty\" \/>\n<script type=\"application\/ld+json\" class=\"yoast-schema-graph\">{\"@context\":\"https:\/\/schema.org\",\"@graph\":[{\"@type\":\"Article\",\"@id\":\"https:\/\/www.pogotowieflagowe.pl\/aktualne\/rozbij-panstwa-narodowe-zmien-pamiec-europejczykow-prof-krasnodebski-na-wystawie-our-boys\/#article\",\"isPartOf\":{\"@id\":\"https:\/\/www.pogotowieflagowe.pl\/aktualne\/rozbij-panstwa-narodowe-zmien-pamiec-europejczykow-prof-krasnodebski-na-wystawie-our-boys\/\"},\"author\":{\"name\":\"Filip\",\"@id\":\"https:\/\/www.pogotowieflagowe.pl\/aktualne\/#\/schema\/person\/9c2fb7d2362ebf6fa088960d7f0d27b0\"},\"headline\":\"\u201eRozbij pa\u0144stwa narodowe, zmie\u0144 pami\u0119\u0107 Europejczyk\u00f3w\u201d. Prof. Krasnod\u0119bski na wystawie \u201eOur Boys\u201d\",\"datePublished\":\"2025-07-16T02:48:23+00:00\",\"dateModified\":\"2025-07-16T02:48:24+00:00\",\"mainEntityOfPage\":{\"@id\":\"https:\/\/www.pogotowieflagowe.pl\/aktualne\/rozbij-panstwa-narodowe-zmien-pamiec-europejczykow-prof-krasnodebski-na-wystawie-our-boys\/\"},\"wordCount\":808,\"publisher\":{\"@id\":\"https:\/\/www.pogotowieflagowe.pl\/aktualne\/#organization\"},\"image\":{\"@id\":\"https:\/\/www.pogotowieflagowe.pl\/aktualne\/rozbij-panstwa-narodowe-zmien-pamiec-europejczykow-prof-krasnodebski-na-wystawie-our-boys\/#primaryimage\"},\"thumbnailUrl\":\"https:\/\/www.pogotowieflagowe.pl\/aktualne\/wp-content\/uploads\/2025\/07\/\u201eRozbij-panstwa-narodowe-zmien-pamiec-Europejczykow-Prof-Krasnodebski-na-wystawie.webp.webp\",\"keywords\":[\"Boys\",\"Europejczyk\u00f3w\",\"Krasnod\u0119bski\",\"Narodowe\",\"pami\u0119\u0107\",\"pa\u0144stwa\",\"Prof\",\"Rozbij\",\"wystawie\",\"zmie\u0144\"],\"articleSection\":[\"Aktualne\"],\"inLanguage\":\"pl-PL\"},{\"@type\":\"WebPage\",\"@id\":\"https:\/\/www.pogotowieflagowe.pl\/aktualne\/rozbij-panstwa-narodowe-zmien-pamiec-europejczykow-prof-krasnodebski-na-wystawie-our-boys\/\",\"url\":\"https:\/\/www.pogotowieflagowe.pl\/aktualne\/rozbij-panstwa-narodowe-zmien-pamiec-europejczykow-prof-krasnodebski-na-wystawie-our-boys\/\",\"name\":\"\u201eRozbij pa\u0144stwa narodowe, zmie\u0144 pami\u0119\u0107 Europejczyk\u00f3w\u201d. Prof. Krasnod\u0119bski na wystawie \u201eOur Boys\u201d - POGOTOWIE FLAGOWE\u00ae\",\"isPartOf\":{\"@id\":\"https:\/\/www.pogotowieflagowe.pl\/aktualne\/#website\"},\"primaryImageOfPage\":{\"@id\":\"https:\/\/www.pogotowieflagowe.pl\/aktualne\/rozbij-panstwa-narodowe-zmien-pamiec-europejczykow-prof-krasnodebski-na-wystawie-our-boys\/#primaryimage\"},\"image\":{\"@id\":\"https:\/\/www.pogotowieflagowe.pl\/aktualne\/rozbij-panstwa-narodowe-zmien-pamiec-europejczykow-prof-krasnodebski-na-wystawie-our-boys\/#primaryimage\"},\"thumbnailUrl\":\"https:\/\/www.pogotowieflagowe.pl\/aktualne\/wp-content\/uploads\/2025\/07\/\u201eRozbij-panstwa-narodowe-zmien-pamiec-Europejczykow-Prof-Krasnodebski-na-wystawie.webp.webp\",\"datePublished\":\"2025-07-16T02:48:23+00:00\",\"dateModified\":\"2025-07-16T02:48:24+00:00\",\"breadcrumb\":{\"@id\":\"https:\/\/www.pogotowieflagowe.pl\/aktualne\/rozbij-panstwa-narodowe-zmien-pamiec-europejczykow-prof-krasnodebski-na-wystawie-our-boys\/#breadcrumb\"},\"inLanguage\":\"pl-PL\",\"potentialAction\":[{\"@type\":\"ReadAction\",\"target\":[\"https:\/\/www.pogotowieflagowe.pl\/aktualne\/rozbij-panstwa-narodowe-zmien-pamiec-europejczykow-prof-krasnodebski-na-wystawie-our-boys\/\"]}]},{\"@type\":\"ImageObject\",\"inLanguage\":\"pl-PL\",\"@id\":\"https:\/\/www.pogotowieflagowe.pl\/aktualne\/rozbij-panstwa-narodowe-zmien-pamiec-europejczykow-prof-krasnodebski-na-wystawie-our-boys\/#primaryimage\",\"url\":\"https:\/\/www.pogotowieflagowe.pl\/aktualne\/wp-content\/uploads\/2025\/07\/\u201eRozbij-panstwa-narodowe-zmien-pamiec-Europejczykow-Prof-Krasnodebski-na-wystawie.webp.webp\",\"contentUrl\":\"https:\/\/www.pogotowieflagowe.pl\/aktualne\/wp-content\/uploads\/2025\/07\/\u201eRozbij-panstwa-narodowe-zmien-pamiec-Europejczykow-Prof-Krasnodebski-na-wystawie.webp.webp\",\"width\":1280,\"height\":720,\"caption\":\"\u201eRozbij pa\u0144stwa narodowe, zmie\u0144 pami\u0119\u0107 Europejczyk\u00f3w\u201d. Prof. Krasnod\u0119bski na wystawie \u201eOur Boys\u201d\"},{\"@type\":\"BreadcrumbList\",\"@id\":\"https:\/\/www.pogotowieflagowe.pl\/aktualne\/rozbij-panstwa-narodowe-zmien-pamiec-europejczykow-prof-krasnodebski-na-wystawie-our-boys\/#breadcrumb\",\"itemListElement\":[{\"@type\":\"ListItem\",\"position\":1,\"name\":\"Home\",\"item\":\"https:\/\/www.pogotowieflagowe.pl\/aktualne\/\"},{\"@type\":\"ListItem\",\"position\":2,\"name\":\"\u201eRozbij pa\u0144stwa narodowe, zmie\u0144 pami\u0119\u0107 Europejczyk\u00f3w\u201d. Prof. Krasnod\u0119bski na wystawie \u201eOur Boys\u201d\"}]},{\"@type\":\"WebSite\",\"@id\":\"https:\/\/www.pogotowieflagowe.pl\/aktualne\/#website\",\"url\":\"https:\/\/www.pogotowieflagowe.pl\/aktualne\/\",\"name\":\"POGOTOWIE FLAGOWE\u00ae\",\"description\":\"\",\"publisher\":{\"@id\":\"https:\/\/www.pogotowieflagowe.pl\/aktualne\/#organization\"},\"potentialAction\":[{\"@type\":\"SearchAction\",\"target\":{\"@type\":\"EntryPoint\",\"urlTemplate\":\"https:\/\/www.pogotowieflagowe.pl\/aktualne\/?s={search_term_string}\"},\"query-input\":\"required name=search_term_string\"}],\"inLanguage\":\"pl-PL\"},{\"@type\":\"Organization\",\"@id\":\"https:\/\/www.pogotowieflagowe.pl\/aktualne\/#organization\",\"name\":\"POGOTOWIE FLAGOWE\u00ae\",\"url\":\"https:\/\/www.pogotowieflagowe.pl\/aktualne\/\",\"logo\":{\"@type\":\"ImageObject\",\"inLanguage\":\"pl-PL\",\"@id\":\"https:\/\/www.pogotowieflagowe.pl\/aktualne\/#\/schema\/logo\/image\/\",\"url\":\"https:\/\/www.pogotowieflagowe.pl\/aktualne\/wp-content\/uploads\/2024\/08\/cropped-pogotowieflagowe_flaga_projekt_sm.jpg\",\"contentUrl\":\"https:\/\/www.pogotowieflagowe.pl\/aktualne\/wp-content\/uploads\/2024\/08\/cropped-pogotowieflagowe_flaga_projekt_sm.jpg\",\"width\":250,\"height\":143,\"caption\":\"POGOTOWIE FLAGOWE\u00ae\"},\"image\":{\"@id\":\"https:\/\/www.pogotowieflagowe.pl\/aktualne\/#\/schema\/logo\/image\/\"}},{\"@type\":\"Person\",\"@id\":\"https:\/\/www.pogotowieflagowe.pl\/aktualne\/#\/schema\/person\/9c2fb7d2362ebf6fa088960d7f0d27b0\",\"name\":\"Filip\",\"image\":{\"@type\":\"ImageObject\",\"inLanguage\":\"pl-PL\",\"@id\":\"https:\/\/www.pogotowieflagowe.pl\/aktualne\/#\/schema\/person\/image\/\",\"url\":\"https:\/\/www.pogotowieflagowe.pl\/aktualne\/wp-content\/uploads\/2024\/08\/pogotowieflagowe.pl_.jpg\",\"contentUrl\":\"https:\/\/www.pogotowieflagowe.pl\/aktualne\/wp-content\/uploads\/2024\/08\/pogotowieflagowe.pl_.jpg\",\"caption\":\"Filip\"},\"description\":\"Jestem Filip, polski dziennikarz z dyplomem nauk politycznych Uniwersytetu Warszawskiego. Rozpoczynaj\u0105c swoj\u0105 karier\u0119 w r\u00f3\u017cnych lokalnych mediach, zdoby\u0142em solidne do\u015bwiadczenie w zakresie \u015bledztwa i redakcji. Obecnie jako redaktor w Pogotowie flagowe, staram si\u0119 dostarcza\u0107 dog\u0142\u0119bne i istotne analizy na temat najwa\u017cniejszych kwestii aktualno\u015bci, \u0142\u0105cz\u0105c rygor z pasj\u0105 dziennikarsk\u0105.\",\"sameAs\":[\"https:\/\/www.pogotowieflagowe.pl\/\"]}]}<\/script>\n<!-- \/ Yoast SEO plugin. -->","yoast_head_json":{"title":"\u201eRozbij pa\u0144stwa narodowe, zmie\u0144 pami\u0119\u0107 Europejczyk\u00f3w\u201d. Prof. Krasnod\u0119bski na wystawie \u201eOur Boys\u201d - POGOTOWIE FLAGOWE\u00ae","robots":{"index":"index","follow":"follow","max-snippet":"max-snippet:-1","max-image-preview":"max-image-preview:large","max-video-preview":"max-video-preview:-1"},"canonical":"https:\/\/www.pogotowieflagowe.pl\/aktualne\/rozbij-panstwa-narodowe-zmien-pamiec-europejczykow-prof-krasnodebski-na-wystawie-our-boys\/","og_locale":"pl_PL","og_type":"article","og_title":"\u201eRozbij pa\u0144stwa narodowe, zmie\u0144 pami\u0119\u0107 Europejczyk\u00f3w\u201d. Prof. Krasnod\u0119bski na wystawie \u201eOur Boys\u201d - POGOTOWIE FLAGOWE\u00ae","og_description":"\u201eNiew\u0105tpliwie celem tych dzia\u0142a\u0144 jest kszta\u0142towanie \u015bwiadomo\u015bci spo\u0142ecznej w spos\u00f3b, kt\u00f3ry jest sprzeczny z narracj\u0105 typow\u0105 dla pa\u0144stw narodowych, lub","og_url":"https:\/\/www.pogotowieflagowe.pl\/aktualne\/rozbij-panstwa-narodowe-zmien-pamiec-europejczykow-prof-krasnodebski-na-wystawie-our-boys\/","og_site_name":"POGOTOWIE FLAGOWE\u00ae","article_published_time":"2025-07-16T02:48:23+00:00","article_modified_time":"2025-07-16T02:48:24+00:00","og_image":[{"width":1280,"height":720,"url":"https:\/\/www.pogotowieflagowe.pl\/aktualne\/wp-content\/uploads\/2025\/07\/\u201eRozbij-panstwa-narodowe-zmien-pamiec-Europejczykow-Prof-Krasnodebski-na-wystawie.webp.webp","type":"image\/webp"}],"author":"Filip","twitter_card":"summary_large_image","twitter_misc":{"Napisane przez":"Filip","Szacowany czas czytania":"4 minuty"},"schema":{"@context":"https:\/\/schema.org","@graph":[{"@type":"Article","@id":"https:\/\/www.pogotowieflagowe.pl\/aktualne\/rozbij-panstwa-narodowe-zmien-pamiec-europejczykow-prof-krasnodebski-na-wystawie-our-boys\/#article","isPartOf":{"@id":"https:\/\/www.pogotowieflagowe.pl\/aktualne\/rozbij-panstwa-narodowe-zmien-pamiec-europejczykow-prof-krasnodebski-na-wystawie-our-boys\/"},"author":{"name":"Filip","@id":"https:\/\/www.pogotowieflagowe.pl\/aktualne\/#\/schema\/person\/9c2fb7d2362ebf6fa088960d7f0d27b0"},"headline":"\u201eRozbij pa\u0144stwa narodowe, zmie\u0144 pami\u0119\u0107 Europejczyk\u00f3w\u201d. Prof. Krasnod\u0119bski na wystawie \u201eOur Boys\u201d","datePublished":"2025-07-16T02:48:23+00:00","dateModified":"2025-07-16T02:48:24+00:00","mainEntityOfPage":{"@id":"https:\/\/www.pogotowieflagowe.pl\/aktualne\/rozbij-panstwa-narodowe-zmien-pamiec-europejczykow-prof-krasnodebski-na-wystawie-our-boys\/"},"wordCount":808,"publisher":{"@id":"https:\/\/www.pogotowieflagowe.pl\/aktualne\/#organization"},"image":{"@id":"https:\/\/www.pogotowieflagowe.pl\/aktualne\/rozbij-panstwa-narodowe-zmien-pamiec-europejczykow-prof-krasnodebski-na-wystawie-our-boys\/#primaryimage"},"thumbnailUrl":"https:\/\/www.pogotowieflagowe.pl\/aktualne\/wp-content\/uploads\/2025\/07\/\u201eRozbij-panstwa-narodowe-zmien-pamiec-Europejczykow-Prof-Krasnodebski-na-wystawie.webp.webp","keywords":["Boys","Europejczyk\u00f3w","Krasnod\u0119bski","Narodowe","pami\u0119\u0107","pa\u0144stwa","Prof","Rozbij","wystawie","zmie\u0144"],"articleSection":["Aktualne"],"inLanguage":"pl-PL"},{"@type":"WebPage","@id":"https:\/\/www.pogotowieflagowe.pl\/aktualne\/rozbij-panstwa-narodowe-zmien-pamiec-europejczykow-prof-krasnodebski-na-wystawie-our-boys\/","url":"https:\/\/www.pogotowieflagowe.pl\/aktualne\/rozbij-panstwa-narodowe-zmien-pamiec-europejczykow-prof-krasnodebski-na-wystawie-our-boys\/","name":"\u201eRozbij pa\u0144stwa narodowe, zmie\u0144 pami\u0119\u0107 Europejczyk\u00f3w\u201d. Prof. Krasnod\u0119bski na wystawie \u201eOur Boys\u201d - POGOTOWIE FLAGOWE\u00ae","isPartOf":{"@id":"https:\/\/www.pogotowieflagowe.pl\/aktualne\/#website"},"primaryImageOfPage":{"@id":"https:\/\/www.pogotowieflagowe.pl\/aktualne\/rozbij-panstwa-narodowe-zmien-pamiec-europejczykow-prof-krasnodebski-na-wystawie-our-boys\/#primaryimage"},"image":{"@id":"https:\/\/www.pogotowieflagowe.pl\/aktualne\/rozbij-panstwa-narodowe-zmien-pamiec-europejczykow-prof-krasnodebski-na-wystawie-our-boys\/#primaryimage"},"thumbnailUrl":"https:\/\/www.pogotowieflagowe.pl\/aktualne\/wp-content\/uploads\/2025\/07\/\u201eRozbij-panstwa-narodowe-zmien-pamiec-Europejczykow-Prof-Krasnodebski-na-wystawie.webp.webp","datePublished":"2025-07-16T02:48:23+00:00","dateModified":"2025-07-16T02:48:24+00:00","breadcrumb":{"@id":"https:\/\/www.pogotowieflagowe.pl\/aktualne\/rozbij-panstwa-narodowe-zmien-pamiec-europejczykow-prof-krasnodebski-na-wystawie-our-boys\/#breadcrumb"},"inLanguage":"pl-PL","potentialAction":[{"@type":"ReadAction","target":["https:\/\/www.pogotowieflagowe.pl\/aktualne\/rozbij-panstwa-narodowe-zmien-pamiec-europejczykow-prof-krasnodebski-na-wystawie-our-boys\/"]}]},{"@type":"ImageObject","inLanguage":"pl-PL","@id":"https:\/\/www.pogotowieflagowe.pl\/aktualne\/rozbij-panstwa-narodowe-zmien-pamiec-europejczykow-prof-krasnodebski-na-wystawie-our-boys\/#primaryimage","url":"https:\/\/www.pogotowieflagowe.pl\/aktualne\/wp-content\/uploads\/2025\/07\/\u201eRozbij-panstwa-narodowe-zmien-pamiec-Europejczykow-Prof-Krasnodebski-na-wystawie.webp.webp","contentUrl":"https:\/\/www.pogotowieflagowe.pl\/aktualne\/wp-content\/uploads\/2025\/07\/\u201eRozbij-panstwa-narodowe-zmien-pamiec-Europejczykow-Prof-Krasnodebski-na-wystawie.webp.webp","width":1280,"height":720,"caption":"\u201eRozbij pa\u0144stwa narodowe, zmie\u0144 pami\u0119\u0107 Europejczyk\u00f3w\u201d. Prof. Krasnod\u0119bski na wystawie \u201eOur Boys\u201d"},{"@type":"BreadcrumbList","@id":"https:\/\/www.pogotowieflagowe.pl\/aktualne\/rozbij-panstwa-narodowe-zmien-pamiec-europejczykow-prof-krasnodebski-na-wystawie-our-boys\/#breadcrumb","itemListElement":[{"@type":"ListItem","position":1,"name":"Home","item":"https:\/\/www.pogotowieflagowe.pl\/aktualne\/"},{"@type":"ListItem","position":2,"name":"\u201eRozbij pa\u0144stwa narodowe, zmie\u0144 pami\u0119\u0107 Europejczyk\u00f3w\u201d. Prof. Krasnod\u0119bski na wystawie \u201eOur Boys\u201d"}]},{"@type":"WebSite","@id":"https:\/\/www.pogotowieflagowe.pl\/aktualne\/#website","url":"https:\/\/www.pogotowieflagowe.pl\/aktualne\/","name":"POGOTOWIE FLAGOWE\u00ae","description":"","publisher":{"@id":"https:\/\/www.pogotowieflagowe.pl\/aktualne\/#organization"},"potentialAction":[{"@type":"SearchAction","target":{"@type":"EntryPoint","urlTemplate":"https:\/\/www.pogotowieflagowe.pl\/aktualne\/?s={search_term_string}"},"query-input":"required name=search_term_string"}],"inLanguage":"pl-PL"},{"@type":"Organization","@id":"https:\/\/www.pogotowieflagowe.pl\/aktualne\/#organization","name":"POGOTOWIE FLAGOWE\u00ae","url":"https:\/\/www.pogotowieflagowe.pl\/aktualne\/","logo":{"@type":"ImageObject","inLanguage":"pl-PL","@id":"https:\/\/www.pogotowieflagowe.pl\/aktualne\/#\/schema\/logo\/image\/","url":"https:\/\/www.pogotowieflagowe.pl\/aktualne\/wp-content\/uploads\/2024\/08\/cropped-pogotowieflagowe_flaga_projekt_sm.jpg","contentUrl":"https:\/\/www.pogotowieflagowe.pl\/aktualne\/wp-content\/uploads\/2024\/08\/cropped-pogotowieflagowe_flaga_projekt_sm.jpg","width":250,"height":143,"caption":"POGOTOWIE FLAGOWE\u00ae"},"image":{"@id":"https:\/\/www.pogotowieflagowe.pl\/aktualne\/#\/schema\/logo\/image\/"}},{"@type":"Person","@id":"https:\/\/www.pogotowieflagowe.pl\/aktualne\/#\/schema\/person\/9c2fb7d2362ebf6fa088960d7f0d27b0","name":"Filip","image":{"@type":"ImageObject","inLanguage":"pl-PL","@id":"https:\/\/www.pogotowieflagowe.pl\/aktualne\/#\/schema\/person\/image\/","url":"https:\/\/www.pogotowieflagowe.pl\/aktualne\/wp-content\/uploads\/2024\/08\/pogotowieflagowe.pl_.jpg","contentUrl":"https:\/\/www.pogotowieflagowe.pl\/aktualne\/wp-content\/uploads\/2024\/08\/pogotowieflagowe.pl_.jpg","caption":"Filip"},"description":"Jestem Filip, polski dziennikarz z dyplomem nauk politycznych Uniwersytetu Warszawskiego. Rozpoczynaj\u0105c swoj\u0105 karier\u0119 w r\u00f3\u017cnych lokalnych mediach, zdoby\u0142em solidne do\u015bwiadczenie w zakresie \u015bledztwa i redakcji. Obecnie jako redaktor w Pogotowie flagowe, staram si\u0119 dostarcza\u0107 dog\u0142\u0119bne i istotne analizy na temat najwa\u017cniejszych kwestii aktualno\u015bci, \u0142\u0105cz\u0105c rygor z pasj\u0105 dziennikarsk\u0105.","sameAs":["https:\/\/www.pogotowieflagowe.pl\/"]}]}},"_links":{"self":[{"href":"https:\/\/www.pogotowieflagowe.pl\/aktualne\/wp-json\/wp\/v2\/posts\/6730","targetHints":{"allow":["GET"]}}],"collection":[{"href":"https:\/\/www.pogotowieflagowe.pl\/aktualne\/wp-json\/wp\/v2\/posts"}],"about":[{"href":"https:\/\/www.pogotowieflagowe.pl\/aktualne\/wp-json\/wp\/v2\/types\/post"}],"author":[{"embeddable":true,"href":"https:\/\/www.pogotowieflagowe.pl\/aktualne\/wp-json\/wp\/v2\/users\/1"}],"replies":[{"embeddable":true,"href":"https:\/\/www.pogotowieflagowe.pl\/aktualne\/wp-json\/wp\/v2\/comments?post=6730"}],"version-history":[{"count":1,"href":"https:\/\/www.pogotowieflagowe.pl\/aktualne\/wp-json\/wp\/v2\/posts\/6730\/revisions"}],"predecessor-version":[{"id":6732,"href":"https:\/\/www.pogotowieflagowe.pl\/aktualne\/wp-json\/wp\/v2\/posts\/6730\/revisions\/6732"}],"wp:featuredmedia":[{"embeddable":true,"href":"https:\/\/www.pogotowieflagowe.pl\/aktualne\/wp-json\/wp\/v2\/media\/6731"}],"wp:attachment":[{"href":"https:\/\/www.pogotowieflagowe.pl\/aktualne\/wp-json\/wp\/v2\/media?parent=6730"}],"wp:term":[{"taxonomy":"category","embeddable":true,"href":"https:\/\/www.pogotowieflagowe.pl\/aktualne\/wp-json\/wp\/v2\/categories?post=6730"},{"taxonomy":"post_tag","embeddable":true,"href":"https:\/\/www.pogotowieflagowe.pl\/aktualne\/wp-json\/wp\/v2\/tags?post=6730"}],"curies":[{"name":"wp","href":"https:\/\/api.w.org\/{rel}","templated":true}]}}