{"id":6736,"date":"2025-07-16T16:56:18","date_gmt":"2025-07-16T14:56:18","guid":{"rendered":"https:\/\/www.pogotowieflagowe.pl\/aktualne\/dr-oskar-kida-do-tusk-6-sierpnia-karol-nawrocki-zostanie-prezydentem-polski-niezaleznie-od-tego-czy-ci-sie-to-podoba-czy-nie\/"},"modified":"2025-07-16T16:56:19","modified_gmt":"2025-07-16T14:56:19","slug":"dr-oskar-kida-do-tusk-6-sierpnia-karol-nawrocki-zostanie-prezydentem-polski-niezaleznie-od-tego-czy-ci-sie-to-podoba-czy-nie","status":"publish","type":"post","link":"https:\/\/www.pogotowieflagowe.pl\/aktualne\/dr-oskar-kida-do-tusk-6-sierpnia-karol-nawrocki-zostanie-prezydentem-polski-niezaleznie-od-tego-czy-ci-sie-to-podoba-czy-nie\/","title":{"rendered":"Dr Oskar Kida do Tusk: \u201e6 sierpnia Karol Nawrocki zostanie prezydentem Polski &#8211; niezale\u017cnie od tego, czy ci si\u0119 to podoba, czy nie!\u201d"},"content":{"rendered":"\n<div class=\"td_block_wrap tdb_single_content tdi_41 td-pb-border-top td_block_template_8 td-post-content tagdiv-type\" data-td-block-uid=\"tdi_41\">\n<style>.tdi_41 {margin-top: 0px! Wa\u017cne; margines-bottom: 0px! WA\u017bNY; PALDING-TOP: 0PX! WA\u017bNY; PALDING-BOTTOM: 0PX! WA\u017bNE}<\/style>\n<style>.tdb_single_content {margin-bottom: 0;*zoom: 1} .tdb_single_content: wcze\u015bniej, .tdb_single_content: po {display: Table; content: ''; line-height: 0} .TDB-BLOCK-INner>*: nie (.WP-BLOCK-QUOTE): not (.alignSwide): not (.Alignfull.wp-block-cover.has-parallax): not (.td-a-ad) {margin-left: auto; margin-right: auto} .tdb_single_ConTent a {wska\u017anik-events: auto} .tdb_single_content .td-spot-id-top_ad .tdc-placeholder-title: przed {content: \u201eArtyku\u0142 top ad\u201d! Wa\u017cne} .tdb_single_content .td-Spot-Id-inline_ad0 .tdc-placeholder-title 1 '! Wa\u017cne} .tdb_single_content .td-Spot-Id-inline_Ad1 .tdc-Placeholder-Title: przed {content: \u201eArtyku\u0142 inline AD 2'! Wa\u017cny} .tdb_single_content. 3 '! Wa\u017cne} .tdb_single_content .td-Spot-Id-Bottom_Ad .tdc-Placeholder-Title: przed {content: \u201eArtyku\u0142 Bottom Ad\u201d! Wa\u017cne} .tdb_single_content .id_top_ad, .tdb_single_content_content .id_bottom_ad {clear: oba; margin-bottom: 21px; text-align: Center} .tdb_single_content .id_top_ad img, .tdb_single_content .id_bottom_ad img {margin-bottom: 0} .tdb_single_conTent .id_top_ad .adsbyGoogle, .tdb_single_content .id_bottom_ad .adsbyGoogle {pozycja: relatyw} .tdb_single_content .id_ad_content-horiz-left, .tdb_single_content .id_ad_content-horiz-right, .tdb_single_content .id_ad_content-horiz-Center {margin-bottom: 15px} .tdb_single_content .id_ad_content-horiz-left Img, .tdb_single_content .id_ad_content-horiz-right img, .tdb_single_content .id_ad_content-horiz-centerter img {margin-bottom: 0} .tdb_single_content .id_ad_content-horiz-center {text-align: Center} .tdb_single_content .id_ad_content-horiz-center img {margin-right: auto; margin-let: auto} .tdb_single_content .id_ad_content-horiz-left {float: left; margin-top: 9px; margin-right: 21px} .tdb_single_content .id_ad_content-horiz-right {float: margin-top: 6px; margin-left: 21px} .tdb_single_content .tdc-a-a-ad .TDC-Placeholder-Title {szeroko\u015b\u0107: 300px; height: 250px} .tdb_single_content .tdc-a-ad .TDC-Placeholder-Title: Przed {Pozycja: Absolute; TOP: 50%;-WebKit-Transform: Translatey (-50%); Transform: Translatey (-50%); margines: auto; Display: Tabela; szeroko\u015b\u0107: 100%}. tdb_single_content .TDB-BLOCK-INNER.TD-FIX-INDEX {Word-Break: Break-word} .tdi_41, .tdi_41> p, .tdi_41 .tdb-block-inner> p, .Wp-Block-Column> p {font-size: 16px! Wa\u017cne; wa\u017cny; p {font-styl: normalne! Wa\u017cne} @media (Max-Width: 767px) {. tdb_single_content .id_ad_content-horiz-left, .tdb_single_content .id_ad_content-horiz-right, .tdb_single_content .id_ad_content-horiz-centter {Margin: 0 AUTO 26PXX auto}}@media (Max-Width: 767px) {. tdb_single_content .id_ad_content-horiz-left {margin-right: 0}}@media (max-width: 767px) {. (Max-Width: 767px) {. tdb_single_content .td-a-ad {float: none; text-align: Center} .tdb_single_content .td-a-ad img {margin-right: auto; margin-left: auto} .tdb_single_content .tdc-a-a-a-{margin-right: auto; margin-left: auto} .tdb_single_content .tdd<\/style>\n<div class=\"tdb-block-inner td-fix-index\">\n<p>Pomimo coraz bardziej zdesperowanych ruch\u00f3w, Donald Tusk nie jest w stanie nie chcie\u0107 ca\u0142ej swojej postawy politycznej-aby zablokowa\u0107 przekle\u0144stwo Karol Nawrocki na prezydenta Republiki Polski. Jak wyja\u015bnia ekspert konstytucyjny Dr Oskar Kida, nawet ostateczna odmowa opublikowania dekretu zwo\u0142ania Zgromadzenia Narodowego zmieni\u0142aby wszystko w tym zakresie.<\/p>\n<p>6 sierpnia Karol Nawrocki ma zosta\u0107 zaprzysi\u0119\u017cony na prezydenta Polski podczas sesji Zgromadzenia Narodowego. M\u00f3wi si\u0119, \u017ce wstrzymanie dekretu przywo\u0142ywaj\u0105cych cz\u0142onk\u00f3w Parlamentu jest kolejn\u0105 &#8211; i prawdopodobnie ostatni\u0105 &#8211; desperack\u0105 pr\u00f3b\u0105 TUSK, aby uniemo\u017cliwi\u0107 zwyci\u0119zcy wybor\u00f3w 1 czerwca.<\/p>\n<p>Przedostatni ruch obejmowa\u0142 pr\u00f3b\u0119 wywierania presji na marsza\u0142ka Ha\u0142owii, aby w og\u00f3le nie zwo\u0142a\u0107 Zgromadzenia Narodowego &#8211; lub, je\u015bli rozpocz\u0119\u0142a si\u0119 sesja, zawieszenie go na czas nieokre\u015blony. Poniewa\u017c Ha\u0142ownia podobno odm\u00f3wi\u0142a poparcia dzia\u0142ania, kt\u00f3re w rzeczywisto\u015bci stanowi\u0142oby zamach stanu, Tusk pozosta\u0142 tylko jedna pozosta\u0142a opcja: blokowanie publikacji dekretu marsza\u0142ka na Zgromadzeniu Narodowym w <em>Monitoruj Polski<\/em>.<\/p>\n<p>Ale ta blokada ostatecznie nic nie osi\u0105gnie. Jak wykaza\u0142 konstytucjonalistyczny dr Oskar Kida, nawet ostateczna odmowa opublikowania dekretu zwo\u0142ania Zgromadzenia Narodowego nie mo\u017ce zapobiec zaprzysi\u0119\u017ceniu Karola Nawrockiego jako prezydent Polski.<\/p>\n<p>\u201eBrak warunk\u00f3w przepisu prawnego Wa\u017cno\u015b\u0107 tego dekretu w sprawie jego publikacji w <em>Monitoruj Polski<\/em>. W rzeczywisto\u015bci, je\u015bli uwa\u017cnie przeczytamy dekret, akapit 3 wyra\u017anie stwierdza, \u017ce wchodzi on w \u017cycie w momencie, gdy zostanie przyj\u0119ty \u201d, wyja\u015bnia szanowany uczony konstytucyjny, znany widzom z Republika TV.<\/p>\n<figure class=\"wp-block-embed is-type-rich is-provider-twitter wp-block-embed-twitter\">\n<div class=\"wp-block-embed__wrapper\">\n<blockquote class=\"twitter-tweet\" data-width=\"550\" data-dnt=\"true\">\n<p lang=\"pl\" dir=\"ltr\">\u2757\ufe0fPremier Donald Tusk nie Opublikowaglan Postanowina o Zwo\u0142aniu Zgromadzenia Narodowego w celu zaprzeysi\u017cenia Karola Nawrockogo na urz\u0105d prezydenta rp \ud83c\uddf5\ud83c\uddf1\u2757<br \/>Z Czym do si\u0119 wi\u0105\u017ce? \ud83e\udd14<br \/>Wi\u0119cej w filmku poni\u017cej \ud83c\udfa5\u2b07\ufe0f<\/p>\n<p>\ud83d\udcf2 Zach\u0119cam do Podawania Dalej. <a rel=\"nofollow\" href=\"https:\/\/t.co\/MkOgndGSkN\">pic.twitter.com\/mkogndgskn<\/a><\/p>\n<p>&#8211; Oskar Kida (@kidaoskar) <a rel=\"nofollow\" href=\"https:\/\/twitter.com\/KidaOskar\/status\/1945208284111159455?ref_src=twsrc%5Etfw\">15 lipca 2025 r<\/a><\/p><\/blockquote>\n<\/div>\n<\/figure>\n<\/div>\n<\/div>\n<p><script async src=\"https:\/\/platform.twitter.com\/widgets.js\" charset=\"utf-8\"><\/script><\/p>\n","protected":false},"excerpt":{"rendered":"<p>Pomimo coraz bardziej zdesperowanych ruch\u00f3w, Donald Tusk nie jest w stanie nie chcie\u0107 ca\u0142ej swojej postawy politycznej-aby zablokowa\u0107 przekle\u0144stwo Karol<\/p>\n","protected":false},"author":1,"featured_media":6737,"comment_status":"closed","ping_status":"","sticky":false,"template":"","format":"standard","meta":{"footnotes":""},"categories":[4748],"tags":[501,2726,8478,2727,450,8479,8477,8480,72,6396,150,259,4768,221,4292],"class_list":["post-6736","post","type-post","status-publish","format-standard","has-post-thumbnail","hentry","category-aktualne","tag-czy","tag-karol","tag-kida","tag-nawrocki","tag-nie","tag-niezaleznie","tag-oskar","tag-podoba","tag-polski","tag-prezydentem","tag-sie","tag-sierpnia","tag-tego","tag-tusk","tag-zostanie","generate-columns","tablet-grid-50","mobile-grid-100","grid-parent","grid-50","resize-featured-image"],"yoast_head":"<!-- This site is optimized with the Yoast SEO plugin v23.2 - https:\/\/yoast.com\/wordpress\/plugins\/seo\/ -->\n<title>Dr Oskar Kida do Tusk: \u201e6 sierpnia Karol Nawrocki zostanie prezydentem Polski - niezale\u017cnie od tego, czy ci si\u0119 to podoba, czy nie!\u201d - POGOTOWIE FLAGOWE\u00ae<\/title>\n<meta name=\"robots\" content=\"index, follow, max-snippet:-1, max-image-preview:large, max-video-preview:-1\" \/>\n<link rel=\"canonical\" href=\"https:\/\/www.pogotowieflagowe.pl\/aktualne\/dr-oskar-kida-do-tusk-6-sierpnia-karol-nawrocki-zostanie-prezydentem-polski-niezaleznie-od-tego-czy-ci-sie-to-podoba-czy-nie\/\" \/>\n<meta property=\"og:locale\" content=\"pl_PL\" \/>\n<meta property=\"og:type\" content=\"article\" \/>\n<meta property=\"og:title\" content=\"Dr Oskar Kida do Tusk: \u201e6 sierpnia Karol Nawrocki zostanie prezydentem Polski - niezale\u017cnie od tego, czy ci si\u0119 to podoba, czy nie!\u201d - POGOTOWIE FLAGOWE\u00ae\" \/>\n<meta property=\"og:description\" content=\"Pomimo coraz bardziej zdesperowanych ruch\u00f3w, Donald Tusk nie jest w stanie nie chcie\u0107 ca\u0142ej swojej postawy politycznej-aby zablokowa\u0107 przekle\u0144stwo Karol\" \/>\n<meta property=\"og:url\" content=\"https:\/\/www.pogotowieflagowe.pl\/aktualne\/dr-oskar-kida-do-tusk-6-sierpnia-karol-nawrocki-zostanie-prezydentem-polski-niezaleznie-od-tego-czy-ci-sie-to-podoba-czy-nie\/\" \/>\n<meta property=\"og:site_name\" content=\"POGOTOWIE FLAGOWE\u00ae\" \/>\n<meta property=\"article:published_time\" content=\"2025-07-16T14:56:18+00:00\" \/>\n<meta property=\"article:modified_time\" content=\"2025-07-16T14:56:19+00:00\" \/>\n<meta property=\"og:image\" content=\"https:\/\/www.pogotowieflagowe.pl\/aktualne\/wp-content\/uploads\/2025\/07\/Dr-Oskar-Kida-do-Tusk-\u201e6-sierpnia-Karol-Nawrocki-zostanie.jpg\" \/>\n\t<meta property=\"og:image:width\" content=\"1200\" \/>\n\t<meta property=\"og:image:height\" content=\"675\" \/>\n\t<meta property=\"og:image:type\" content=\"image\/jpeg\" \/>\n<meta name=\"author\" content=\"Filip\" \/>\n<meta name=\"twitter:card\" content=\"summary_large_image\" \/>\n<meta name=\"twitter:label1\" content=\"Napisane przez\" \/>\n\t<meta name=\"twitter:data1\" content=\"Filip\" \/>\n\t<meta name=\"twitter:label2\" content=\"Szacowany czas czytania\" \/>\n\t<meta name=\"twitter:data2\" content=\"2 minuty\" \/>\n<script type=\"application\/ld+json\" class=\"yoast-schema-graph\">{\"@context\":\"https:\/\/schema.org\",\"@graph\":[{\"@type\":\"Article\",\"@id\":\"https:\/\/www.pogotowieflagowe.pl\/aktualne\/dr-oskar-kida-do-tusk-6-sierpnia-karol-nawrocki-zostanie-prezydentem-polski-niezaleznie-od-tego-czy-ci-sie-to-podoba-czy-nie\/#article\",\"isPartOf\":{\"@id\":\"https:\/\/www.pogotowieflagowe.pl\/aktualne\/dr-oskar-kida-do-tusk-6-sierpnia-karol-nawrocki-zostanie-prezydentem-polski-niezaleznie-od-tego-czy-ci-sie-to-podoba-czy-nie\/\"},\"author\":{\"name\":\"Filip\",\"@id\":\"https:\/\/www.pogotowieflagowe.pl\/aktualne\/#\/schema\/person\/9c2fb7d2362ebf6fa088960d7f0d27b0\"},\"headline\":\"Dr Oskar Kida do Tusk: \u201e6 sierpnia Karol Nawrocki zostanie prezydentem Polski &#8211; niezale\u017cnie od tego, czy ci si\u0119 to podoba, czy nie!\u201d\",\"datePublished\":\"2025-07-16T14:56:18+00:00\",\"dateModified\":\"2025-07-16T14:56:19+00:00\",\"mainEntityOfPage\":{\"@id\":\"https:\/\/www.pogotowieflagowe.pl\/aktualne\/dr-oskar-kida-do-tusk-6-sierpnia-karol-nawrocki-zostanie-prezydentem-polski-niezaleznie-od-tego-czy-ci-sie-to-podoba-czy-nie\/\"},\"wordCount\":325,\"publisher\":{\"@id\":\"https:\/\/www.pogotowieflagowe.pl\/aktualne\/#organization\"},\"image\":{\"@id\":\"https:\/\/www.pogotowieflagowe.pl\/aktualne\/dr-oskar-kida-do-tusk-6-sierpnia-karol-nawrocki-zostanie-prezydentem-polski-niezaleznie-od-tego-czy-ci-sie-to-podoba-czy-nie\/#primaryimage\"},\"thumbnailUrl\":\"https:\/\/www.pogotowieflagowe.pl\/aktualne\/wp-content\/uploads\/2025\/07\/Dr-Oskar-Kida-do-Tusk-\u201e6-sierpnia-Karol-Nawrocki-zostanie.jpg\",\"keywords\":[\"Czy\",\"Karol\",\"Kida\",\"Nawrocki\",\"Nie\",\"niezale\u017cnie\",\"Oskar\",\"podoba\",\"polski\",\"prezydentem\",\"si\u0119\",\"sierpnia\",\"tego\",\"Tusk\",\"zostanie\"],\"articleSection\":[\"Aktualne\"],\"inLanguage\":\"pl-PL\"},{\"@type\":\"WebPage\",\"@id\":\"https:\/\/www.pogotowieflagowe.pl\/aktualne\/dr-oskar-kida-do-tusk-6-sierpnia-karol-nawrocki-zostanie-prezydentem-polski-niezaleznie-od-tego-czy-ci-sie-to-podoba-czy-nie\/\",\"url\":\"https:\/\/www.pogotowieflagowe.pl\/aktualne\/dr-oskar-kida-do-tusk-6-sierpnia-karol-nawrocki-zostanie-prezydentem-polski-niezaleznie-od-tego-czy-ci-sie-to-podoba-czy-nie\/\",\"name\":\"Dr Oskar Kida do Tusk: \u201e6 sierpnia Karol Nawrocki zostanie prezydentem Polski - niezale\u017cnie od tego, czy ci si\u0119 to podoba, czy nie!\u201d - POGOTOWIE FLAGOWE\u00ae\",\"isPartOf\":{\"@id\":\"https:\/\/www.pogotowieflagowe.pl\/aktualne\/#website\"},\"primaryImageOfPage\":{\"@id\":\"https:\/\/www.pogotowieflagowe.pl\/aktualne\/dr-oskar-kida-do-tusk-6-sierpnia-karol-nawrocki-zostanie-prezydentem-polski-niezaleznie-od-tego-czy-ci-sie-to-podoba-czy-nie\/#primaryimage\"},\"image\":{\"@id\":\"https:\/\/www.pogotowieflagowe.pl\/aktualne\/dr-oskar-kida-do-tusk-6-sierpnia-karol-nawrocki-zostanie-prezydentem-polski-niezaleznie-od-tego-czy-ci-sie-to-podoba-czy-nie\/#primaryimage\"},\"thumbnailUrl\":\"https:\/\/www.pogotowieflagowe.pl\/aktualne\/wp-content\/uploads\/2025\/07\/Dr-Oskar-Kida-do-Tusk-\u201e6-sierpnia-Karol-Nawrocki-zostanie.jpg\",\"datePublished\":\"2025-07-16T14:56:18+00:00\",\"dateModified\":\"2025-07-16T14:56:19+00:00\",\"breadcrumb\":{\"@id\":\"https:\/\/www.pogotowieflagowe.pl\/aktualne\/dr-oskar-kida-do-tusk-6-sierpnia-karol-nawrocki-zostanie-prezydentem-polski-niezaleznie-od-tego-czy-ci-sie-to-podoba-czy-nie\/#breadcrumb\"},\"inLanguage\":\"pl-PL\",\"potentialAction\":[{\"@type\":\"ReadAction\",\"target\":[\"https:\/\/www.pogotowieflagowe.pl\/aktualne\/dr-oskar-kida-do-tusk-6-sierpnia-karol-nawrocki-zostanie-prezydentem-polski-niezaleznie-od-tego-czy-ci-sie-to-podoba-czy-nie\/\"]}]},{\"@type\":\"ImageObject\",\"inLanguage\":\"pl-PL\",\"@id\":\"https:\/\/www.pogotowieflagowe.pl\/aktualne\/dr-oskar-kida-do-tusk-6-sierpnia-karol-nawrocki-zostanie-prezydentem-polski-niezaleznie-od-tego-czy-ci-sie-to-podoba-czy-nie\/#primaryimage\",\"url\":\"https:\/\/www.pogotowieflagowe.pl\/aktualne\/wp-content\/uploads\/2025\/07\/Dr-Oskar-Kida-do-Tusk-\u201e6-sierpnia-Karol-Nawrocki-zostanie.jpg\",\"contentUrl\":\"https:\/\/www.pogotowieflagowe.pl\/aktualne\/wp-content\/uploads\/2025\/07\/Dr-Oskar-Kida-do-Tusk-\u201e6-sierpnia-Karol-Nawrocki-zostanie.jpg\",\"width\":1200,\"height\":675,\"caption\":\"Dr Oskar Kida do Tusk: \u201e6 sierpnia Karol Nawrocki zostanie prezydentem Polski - niezale\u017cnie od tego, czy ci si\u0119 to podoba, czy nie!\u201d\"},{\"@type\":\"BreadcrumbList\",\"@id\":\"https:\/\/www.pogotowieflagowe.pl\/aktualne\/dr-oskar-kida-do-tusk-6-sierpnia-karol-nawrocki-zostanie-prezydentem-polski-niezaleznie-od-tego-czy-ci-sie-to-podoba-czy-nie\/#breadcrumb\",\"itemListElement\":[{\"@type\":\"ListItem\",\"position\":1,\"name\":\"Home\",\"item\":\"https:\/\/www.pogotowieflagowe.pl\/aktualne\/\"},{\"@type\":\"ListItem\",\"position\":2,\"name\":\"Dr Oskar Kida do Tusk: \u201e6 sierpnia Karol Nawrocki zostanie prezydentem Polski &#8211; niezale\u017cnie od tego, czy ci si\u0119 to podoba, czy nie!\u201d\"}]},{\"@type\":\"WebSite\",\"@id\":\"https:\/\/www.pogotowieflagowe.pl\/aktualne\/#website\",\"url\":\"https:\/\/www.pogotowieflagowe.pl\/aktualne\/\",\"name\":\"POGOTOWIE FLAGOWE\u00ae\",\"description\":\"\",\"publisher\":{\"@id\":\"https:\/\/www.pogotowieflagowe.pl\/aktualne\/#organization\"},\"potentialAction\":[{\"@type\":\"SearchAction\",\"target\":{\"@type\":\"EntryPoint\",\"urlTemplate\":\"https:\/\/www.pogotowieflagowe.pl\/aktualne\/?s={search_term_string}\"},\"query-input\":\"required name=search_term_string\"}],\"inLanguage\":\"pl-PL\"},{\"@type\":\"Organization\",\"@id\":\"https:\/\/www.pogotowieflagowe.pl\/aktualne\/#organization\",\"name\":\"POGOTOWIE FLAGOWE\u00ae\",\"url\":\"https:\/\/www.pogotowieflagowe.pl\/aktualne\/\",\"logo\":{\"@type\":\"ImageObject\",\"inLanguage\":\"pl-PL\",\"@id\":\"https:\/\/www.pogotowieflagowe.pl\/aktualne\/#\/schema\/logo\/image\/\",\"url\":\"https:\/\/www.pogotowieflagowe.pl\/aktualne\/wp-content\/uploads\/2024\/08\/cropped-pogotowieflagowe_flaga_projekt_sm.jpg\",\"contentUrl\":\"https:\/\/www.pogotowieflagowe.pl\/aktualne\/wp-content\/uploads\/2024\/08\/cropped-pogotowieflagowe_flaga_projekt_sm.jpg\",\"width\":250,\"height\":143,\"caption\":\"POGOTOWIE FLAGOWE\u00ae\"},\"image\":{\"@id\":\"https:\/\/www.pogotowieflagowe.pl\/aktualne\/#\/schema\/logo\/image\/\"}},{\"@type\":\"Person\",\"@id\":\"https:\/\/www.pogotowieflagowe.pl\/aktualne\/#\/schema\/person\/9c2fb7d2362ebf6fa088960d7f0d27b0\",\"name\":\"Filip\",\"image\":{\"@type\":\"ImageObject\",\"inLanguage\":\"pl-PL\",\"@id\":\"https:\/\/www.pogotowieflagowe.pl\/aktualne\/#\/schema\/person\/image\/\",\"url\":\"https:\/\/www.pogotowieflagowe.pl\/aktualne\/wp-content\/uploads\/2024\/08\/pogotowieflagowe.pl_.jpg\",\"contentUrl\":\"https:\/\/www.pogotowieflagowe.pl\/aktualne\/wp-content\/uploads\/2024\/08\/pogotowieflagowe.pl_.jpg\",\"caption\":\"Filip\"},\"description\":\"Jestem Filip, polski dziennikarz z dyplomem nauk politycznych Uniwersytetu Warszawskiego. Rozpoczynaj\u0105c swoj\u0105 karier\u0119 w r\u00f3\u017cnych lokalnych mediach, zdoby\u0142em solidne do\u015bwiadczenie w zakresie \u015bledztwa i redakcji. Obecnie jako redaktor w Pogotowie flagowe, staram si\u0119 dostarcza\u0107 dog\u0142\u0119bne i istotne analizy na temat najwa\u017cniejszych kwestii aktualno\u015bci, \u0142\u0105cz\u0105c rygor z pasj\u0105 dziennikarsk\u0105.\",\"sameAs\":[\"https:\/\/www.pogotowieflagowe.pl\/\"]}]}<\/script>\n<!-- \/ Yoast SEO plugin. -->","yoast_head_json":{"title":"Dr Oskar Kida do Tusk: \u201e6 sierpnia Karol Nawrocki zostanie prezydentem Polski - niezale\u017cnie od tego, czy ci si\u0119 to podoba, czy nie!\u201d - POGOTOWIE FLAGOWE\u00ae","robots":{"index":"index","follow":"follow","max-snippet":"max-snippet:-1","max-image-preview":"max-image-preview:large","max-video-preview":"max-video-preview:-1"},"canonical":"https:\/\/www.pogotowieflagowe.pl\/aktualne\/dr-oskar-kida-do-tusk-6-sierpnia-karol-nawrocki-zostanie-prezydentem-polski-niezaleznie-od-tego-czy-ci-sie-to-podoba-czy-nie\/","og_locale":"pl_PL","og_type":"article","og_title":"Dr Oskar Kida do Tusk: \u201e6 sierpnia Karol Nawrocki zostanie prezydentem Polski - niezale\u017cnie od tego, czy ci si\u0119 to podoba, czy nie!\u201d - POGOTOWIE FLAGOWE\u00ae","og_description":"Pomimo coraz bardziej zdesperowanych ruch\u00f3w, Donald Tusk nie jest w stanie nie chcie\u0107 ca\u0142ej swojej postawy politycznej-aby zablokowa\u0107 przekle\u0144stwo Karol","og_url":"https:\/\/www.pogotowieflagowe.pl\/aktualne\/dr-oskar-kida-do-tusk-6-sierpnia-karol-nawrocki-zostanie-prezydentem-polski-niezaleznie-od-tego-czy-ci-sie-to-podoba-czy-nie\/","og_site_name":"POGOTOWIE FLAGOWE\u00ae","article_published_time":"2025-07-16T14:56:18+00:00","article_modified_time":"2025-07-16T14:56:19+00:00","og_image":[{"width":1200,"height":675,"url":"https:\/\/www.pogotowieflagowe.pl\/aktualne\/wp-content\/uploads\/2025\/07\/Dr-Oskar-Kida-do-Tusk-\u201e6-sierpnia-Karol-Nawrocki-zostanie.jpg","type":"image\/jpeg"}],"author":"Filip","twitter_card":"summary_large_image","twitter_misc":{"Napisane przez":"Filip","Szacowany czas czytania":"2 minuty"},"schema":{"@context":"https:\/\/schema.org","@graph":[{"@type":"Article","@id":"https:\/\/www.pogotowieflagowe.pl\/aktualne\/dr-oskar-kida-do-tusk-6-sierpnia-karol-nawrocki-zostanie-prezydentem-polski-niezaleznie-od-tego-czy-ci-sie-to-podoba-czy-nie\/#article","isPartOf":{"@id":"https:\/\/www.pogotowieflagowe.pl\/aktualne\/dr-oskar-kida-do-tusk-6-sierpnia-karol-nawrocki-zostanie-prezydentem-polski-niezaleznie-od-tego-czy-ci-sie-to-podoba-czy-nie\/"},"author":{"name":"Filip","@id":"https:\/\/www.pogotowieflagowe.pl\/aktualne\/#\/schema\/person\/9c2fb7d2362ebf6fa088960d7f0d27b0"},"headline":"Dr Oskar Kida do Tusk: \u201e6 sierpnia Karol Nawrocki zostanie prezydentem Polski &#8211; niezale\u017cnie od tego, czy ci si\u0119 to podoba, czy nie!\u201d","datePublished":"2025-07-16T14:56:18+00:00","dateModified":"2025-07-16T14:56:19+00:00","mainEntityOfPage":{"@id":"https:\/\/www.pogotowieflagowe.pl\/aktualne\/dr-oskar-kida-do-tusk-6-sierpnia-karol-nawrocki-zostanie-prezydentem-polski-niezaleznie-od-tego-czy-ci-sie-to-podoba-czy-nie\/"},"wordCount":325,"publisher":{"@id":"https:\/\/www.pogotowieflagowe.pl\/aktualne\/#organization"},"image":{"@id":"https:\/\/www.pogotowieflagowe.pl\/aktualne\/dr-oskar-kida-do-tusk-6-sierpnia-karol-nawrocki-zostanie-prezydentem-polski-niezaleznie-od-tego-czy-ci-sie-to-podoba-czy-nie\/#primaryimage"},"thumbnailUrl":"https:\/\/www.pogotowieflagowe.pl\/aktualne\/wp-content\/uploads\/2025\/07\/Dr-Oskar-Kida-do-Tusk-\u201e6-sierpnia-Karol-Nawrocki-zostanie.jpg","keywords":["Czy","Karol","Kida","Nawrocki","Nie","niezale\u017cnie","Oskar","podoba","polski","prezydentem","si\u0119","sierpnia","tego","Tusk","zostanie"],"articleSection":["Aktualne"],"inLanguage":"pl-PL"},{"@type":"WebPage","@id":"https:\/\/www.pogotowieflagowe.pl\/aktualne\/dr-oskar-kida-do-tusk-6-sierpnia-karol-nawrocki-zostanie-prezydentem-polski-niezaleznie-od-tego-czy-ci-sie-to-podoba-czy-nie\/","url":"https:\/\/www.pogotowieflagowe.pl\/aktualne\/dr-oskar-kida-do-tusk-6-sierpnia-karol-nawrocki-zostanie-prezydentem-polski-niezaleznie-od-tego-czy-ci-sie-to-podoba-czy-nie\/","name":"Dr Oskar Kida do Tusk: \u201e6 sierpnia Karol Nawrocki zostanie prezydentem Polski - niezale\u017cnie od tego, czy ci si\u0119 to podoba, czy nie!\u201d - POGOTOWIE FLAGOWE\u00ae","isPartOf":{"@id":"https:\/\/www.pogotowieflagowe.pl\/aktualne\/#website"},"primaryImageOfPage":{"@id":"https:\/\/www.pogotowieflagowe.pl\/aktualne\/dr-oskar-kida-do-tusk-6-sierpnia-karol-nawrocki-zostanie-prezydentem-polski-niezaleznie-od-tego-czy-ci-sie-to-podoba-czy-nie\/#primaryimage"},"image":{"@id":"https:\/\/www.pogotowieflagowe.pl\/aktualne\/dr-oskar-kida-do-tusk-6-sierpnia-karol-nawrocki-zostanie-prezydentem-polski-niezaleznie-od-tego-czy-ci-sie-to-podoba-czy-nie\/#primaryimage"},"thumbnailUrl":"https:\/\/www.pogotowieflagowe.pl\/aktualne\/wp-content\/uploads\/2025\/07\/Dr-Oskar-Kida-do-Tusk-\u201e6-sierpnia-Karol-Nawrocki-zostanie.jpg","datePublished":"2025-07-16T14:56:18+00:00","dateModified":"2025-07-16T14:56:19+00:00","breadcrumb":{"@id":"https:\/\/www.pogotowieflagowe.pl\/aktualne\/dr-oskar-kida-do-tusk-6-sierpnia-karol-nawrocki-zostanie-prezydentem-polski-niezaleznie-od-tego-czy-ci-sie-to-podoba-czy-nie\/#breadcrumb"},"inLanguage":"pl-PL","potentialAction":[{"@type":"ReadAction","target":["https:\/\/www.pogotowieflagowe.pl\/aktualne\/dr-oskar-kida-do-tusk-6-sierpnia-karol-nawrocki-zostanie-prezydentem-polski-niezaleznie-od-tego-czy-ci-sie-to-podoba-czy-nie\/"]}]},{"@type":"ImageObject","inLanguage":"pl-PL","@id":"https:\/\/www.pogotowieflagowe.pl\/aktualne\/dr-oskar-kida-do-tusk-6-sierpnia-karol-nawrocki-zostanie-prezydentem-polski-niezaleznie-od-tego-czy-ci-sie-to-podoba-czy-nie\/#primaryimage","url":"https:\/\/www.pogotowieflagowe.pl\/aktualne\/wp-content\/uploads\/2025\/07\/Dr-Oskar-Kida-do-Tusk-\u201e6-sierpnia-Karol-Nawrocki-zostanie.jpg","contentUrl":"https:\/\/www.pogotowieflagowe.pl\/aktualne\/wp-content\/uploads\/2025\/07\/Dr-Oskar-Kida-do-Tusk-\u201e6-sierpnia-Karol-Nawrocki-zostanie.jpg","width":1200,"height":675,"caption":"Dr Oskar Kida do Tusk: \u201e6 sierpnia Karol Nawrocki zostanie prezydentem Polski - niezale\u017cnie od tego, czy ci si\u0119 to podoba, czy nie!\u201d"},{"@type":"BreadcrumbList","@id":"https:\/\/www.pogotowieflagowe.pl\/aktualne\/dr-oskar-kida-do-tusk-6-sierpnia-karol-nawrocki-zostanie-prezydentem-polski-niezaleznie-od-tego-czy-ci-sie-to-podoba-czy-nie\/#breadcrumb","itemListElement":[{"@type":"ListItem","position":1,"name":"Home","item":"https:\/\/www.pogotowieflagowe.pl\/aktualne\/"},{"@type":"ListItem","position":2,"name":"Dr Oskar Kida do Tusk: \u201e6 sierpnia Karol Nawrocki zostanie prezydentem Polski &#8211; niezale\u017cnie od tego, czy ci si\u0119 to podoba, czy nie!\u201d"}]},{"@type":"WebSite","@id":"https:\/\/www.pogotowieflagowe.pl\/aktualne\/#website","url":"https:\/\/www.pogotowieflagowe.pl\/aktualne\/","name":"POGOTOWIE FLAGOWE\u00ae","description":"","publisher":{"@id":"https:\/\/www.pogotowieflagowe.pl\/aktualne\/#organization"},"potentialAction":[{"@type":"SearchAction","target":{"@type":"EntryPoint","urlTemplate":"https:\/\/www.pogotowieflagowe.pl\/aktualne\/?s={search_term_string}"},"query-input":"required name=search_term_string"}],"inLanguage":"pl-PL"},{"@type":"Organization","@id":"https:\/\/www.pogotowieflagowe.pl\/aktualne\/#organization","name":"POGOTOWIE FLAGOWE\u00ae","url":"https:\/\/www.pogotowieflagowe.pl\/aktualne\/","logo":{"@type":"ImageObject","inLanguage":"pl-PL","@id":"https:\/\/www.pogotowieflagowe.pl\/aktualne\/#\/schema\/logo\/image\/","url":"https:\/\/www.pogotowieflagowe.pl\/aktualne\/wp-content\/uploads\/2024\/08\/cropped-pogotowieflagowe_flaga_projekt_sm.jpg","contentUrl":"https:\/\/www.pogotowieflagowe.pl\/aktualne\/wp-content\/uploads\/2024\/08\/cropped-pogotowieflagowe_flaga_projekt_sm.jpg","width":250,"height":143,"caption":"POGOTOWIE FLAGOWE\u00ae"},"image":{"@id":"https:\/\/www.pogotowieflagowe.pl\/aktualne\/#\/schema\/logo\/image\/"}},{"@type":"Person","@id":"https:\/\/www.pogotowieflagowe.pl\/aktualne\/#\/schema\/person\/9c2fb7d2362ebf6fa088960d7f0d27b0","name":"Filip","image":{"@type":"ImageObject","inLanguage":"pl-PL","@id":"https:\/\/www.pogotowieflagowe.pl\/aktualne\/#\/schema\/person\/image\/","url":"https:\/\/www.pogotowieflagowe.pl\/aktualne\/wp-content\/uploads\/2024\/08\/pogotowieflagowe.pl_.jpg","contentUrl":"https:\/\/www.pogotowieflagowe.pl\/aktualne\/wp-content\/uploads\/2024\/08\/pogotowieflagowe.pl_.jpg","caption":"Filip"},"description":"Jestem Filip, polski dziennikarz z dyplomem nauk politycznych Uniwersytetu Warszawskiego. Rozpoczynaj\u0105c swoj\u0105 karier\u0119 w r\u00f3\u017cnych lokalnych mediach, zdoby\u0142em solidne do\u015bwiadczenie w zakresie \u015bledztwa i redakcji. Obecnie jako redaktor w Pogotowie flagowe, staram si\u0119 dostarcza\u0107 dog\u0142\u0119bne i istotne analizy na temat najwa\u017cniejszych kwestii aktualno\u015bci, \u0142\u0105cz\u0105c rygor z pasj\u0105 dziennikarsk\u0105.","sameAs":["https:\/\/www.pogotowieflagowe.pl\/"]}]}},"_links":{"self":[{"href":"https:\/\/www.pogotowieflagowe.pl\/aktualne\/wp-json\/wp\/v2\/posts\/6736","targetHints":{"allow":["GET"]}}],"collection":[{"href":"https:\/\/www.pogotowieflagowe.pl\/aktualne\/wp-json\/wp\/v2\/posts"}],"about":[{"href":"https:\/\/www.pogotowieflagowe.pl\/aktualne\/wp-json\/wp\/v2\/types\/post"}],"author":[{"embeddable":true,"href":"https:\/\/www.pogotowieflagowe.pl\/aktualne\/wp-json\/wp\/v2\/users\/1"}],"replies":[{"embeddable":true,"href":"https:\/\/www.pogotowieflagowe.pl\/aktualne\/wp-json\/wp\/v2\/comments?post=6736"}],"version-history":[{"count":1,"href":"https:\/\/www.pogotowieflagowe.pl\/aktualne\/wp-json\/wp\/v2\/posts\/6736\/revisions"}],"predecessor-version":[{"id":6738,"href":"https:\/\/www.pogotowieflagowe.pl\/aktualne\/wp-json\/wp\/v2\/posts\/6736\/revisions\/6738"}],"wp:featuredmedia":[{"embeddable":true,"href":"https:\/\/www.pogotowieflagowe.pl\/aktualne\/wp-json\/wp\/v2\/media\/6737"}],"wp:attachment":[{"href":"https:\/\/www.pogotowieflagowe.pl\/aktualne\/wp-json\/wp\/v2\/media?parent=6736"}],"wp:term":[{"taxonomy":"category","embeddable":true,"href":"https:\/\/www.pogotowieflagowe.pl\/aktualne\/wp-json\/wp\/v2\/categories?post=6736"},{"taxonomy":"post_tag","embeddable":true,"href":"https:\/\/www.pogotowieflagowe.pl\/aktualne\/wp-json\/wp\/v2\/tags?post=6736"}],"curies":[{"name":"wp","href":"https:\/\/api.w.org\/{rel}","templated":true}]}}