{"id":6763,"date":"2025-07-18T16:47:53","date_gmt":"2025-07-18T14:47:53","guid":{"rendered":"https:\/\/www.pogotowieflagowe.pl\/aktualne\/widmo-bezrobocia-powraca-setki-wyslanych-wyslanych-mniej-ofert-pracy-masowe-zwolnienia\/"},"modified":"2025-07-18T16:47:55","modified_gmt":"2025-07-18T14:47:55","slug":"widmo-bezrobocia-powraca-setki-wyslanych-wyslanych-mniej-ofert-pracy-masowe-zwolnienia","status":"publish","type":"post","link":"https:\/\/www.pogotowieflagowe.pl\/aktualne\/widmo-bezrobocia-powraca-setki-wyslanych-wyslanych-mniej-ofert-pracy-masowe-zwolnienia\/","title":{"rendered":"Widmo bezrobocia powraca: \u201eSetki Wys\u0142anych Wys\u0142anych, mniej ofert pracy, masowe zwolnienia\u201d"},"content":{"rendered":"\n<div class=\"td_block_wrap tdb_single_content tdi_41 td-pb-border-top td_block_template_8 td-post-content tagdiv-type\" data-td-block-uid=\"tdi_41\">\n<style>.tdi_41 {margin-top: 0px! Wa\u017cne; margines-bottom: 0px! WA\u017bNY; PALDING-TOP: 0PX! WA\u017bNY; PALDING-BOTTOM: 0PX! WA\u017bNE}<\/style>\n<style>.tdb_single_content {margin-bottom: 0;*zoom: 1} .tdb_single_content: wcze\u015bniej, .tdb_single_content: po {display: Table; content: ''; line-height: 0} .TDB-BLOCK-INner>*: nie (.WP-BLOCK-QUOTE): not (.alignSwide): not (.Alignfull.wp-block-cover.has-parallax): not (.td-a-ad) {margin-left: auto; margin-right: auto} .tdb_single_ConTent a {wska\u017anik-events: auto} .tdb_single_content .td-spot-id-top_ad .tdc-placeholder-title: przed {content: \u201eArtyku\u0142 top ad\u201d! Wa\u017cne} .tdb_single_content .td-Spot-Id-inline_ad0 .tdc-placeholder-title 1 '! Wa\u017cne} .tdb_single_content .td-Spot-Id-inline_Ad1 .tdc-Placeholder-Title: przed {content: \u201eArtyku\u0142 inline AD 2'! Wa\u017cny} .tdb_single_content. 3 '! Wa\u017cne} .tdb_single_content .td-Spot-Id-Bottom_Ad .tdc-Placeholder-Title: przed {content: \u201eArtyku\u0142 Bottom Ad\u201d! Wa\u017cne} .tdb_single_content .id_top_ad, .tdb_single_content_content .id_bottom_ad {clear: oba; margin-bottom: 21px; text-align: Center} .tdb_single_content .id_top_ad img, .tdb_single_content .id_bottom_ad img {margin-bottom: 0} .tdb_single_conTent .id_top_ad .adsbyGoogle, .tdb_single_content .id_bottom_ad .adsbyGoogle {pozycja: relatyw} .tdb_single_content .id_ad_content-horiz-left, .tdb_single_content .id_ad_content-horiz-right, .tdb_single_content .id_ad_content-horiz-Center {margin-bottom: 15px} .tdb_single_content .id_ad_content-horiz-left Img, .tdb_single_content .id_ad_content-horiz-right img, .tdb_single_content .id_ad_content-horiz-centerter img {margin-bottom: 0} .tdb_single_content .id_ad_content-horiz-center {text-align: Center} .tdb_single_content .id_ad_content-horiz-center img {margin-right: auto; margin-let: auto} .tdb_single_content .id_ad_content-horiz-left {float: left; margin-top: 9px; margin-right: 21px} .tdb_single_content .id_ad_content-horiz-right {float: margin-top: 6px; margin-left: 21px} .tdb_single_content .tdc-a-a-ad .TDC-Placeholder-Title {szeroko\u015b\u0107: 300px; height: 250px} .tdb_single_content .tdc-a-ad .TDC-Placeholder-Title: Przed {Pozycja: Absolute; TOP: 50%;-WebKit-Transform: Translatey (-50%); Transform: Translatey (-50%); margines: auto; Display: Tabela; szeroko\u015b\u0107: 100%}. tdb_single_content .TDB-BLOCK-INNER.TD-FIX-INDEX {Word-Break: Break-word} .tdi_41, .tdi_41> p, .tdi_41 .tdb-block-inner> p, .Wp-Block-Column> p {font-size: 16px! Wa\u017cne; wa\u017cny; p {font-styl: normalne! Wa\u017cne} @media (Max-Width: 767px) {. tdb_single_content .id_ad_content-horiz-left, .tdb_single_content .id_ad_content-horiz-right, .tdb_single_content .id_ad_content-horiz-centter {Margin: 0 AUTO 26PXX auto}}@media (Max-Width: 767px) {. tdb_single_content .id_ad_content-horiz-left {margin-right: 0}}@media (max-width: 767px) {. (Max-Width: 767px) {. tdb_single_content .td-a-ad {float: none; text-align: Center} .tdb_single_content .td-a-ad img {margin-right: auto; margin-left: auto} .tdb_single_content .tdc-a-a-a-{margin-right: auto; margin-left: auto} .tdb_single_content .tdd<\/style>\n<div class=\"tdb-block-inner td-fix-index\">\n<p>Setki CV wysy\u0142ane przez m\u0142odych ludzi, kurcz\u0105ca liczba ofert pracy, gwa\u0142towny wzrost bezrobocia w ca\u0142ym kraju, masowe zwolnienia &#8211; ludzie s\u0105 przera\u017ceni. Coraz wi\u0119cej m\u0142odych ludzi rozwa\u017ca emigracj\u0119. Niedawno by\u0142a to codzienna rzeczywisto\u015b\u0107 trzeciej Republiki Polski. Niestety ten czas powraca. Bezrobocie m\u0142odzie\u017cy wzros\u0142o powy\u017cej 13 punkt\u00f3w procentowych. S\u0105 to ludzkie tragedie, z kt\u00f3rymi rz\u0105d powinien si\u0119 zwr\u00f3ci\u0107, powiedzia\u0142 Mateusz Morawiecki, lider europejskich konserwatyst\u00f3w i reformist\u00f3w (ECR) i by\u0142ego premiera, podczas dzisiejszej konferencji prasowej.<\/p>\n<p>Wed\u0142ug danych Eurostat stopa bezrobocia m\u0142odzie\u017cy w UE wynios\u0142a \u015brednio 14,8% w maju 2025 r.. Chocia\u017c Polska pozostaje poni\u017cej \u015bredniej UE, w ci\u0105gu ostatniego roku odnotowa\u0142a jeden z najwy\u017cszych wzrost\u00f3w bezrobocia w\u015br\u00f3d m\u0142odzie\u017cy.<\/p>\n<p>W maju 2025 r. Stopa bezrobocia m\u0142odzie\u017cy w Polsce osi\u0105gn\u0119\u0142a 13,5%, w por\u00f3wnaniu z 10,6% rok wcze\u015bniej. Pod wzgl\u0119dem bezwzgl\u0119dnym liczba bezrobotnych m\u0142odych ludzi wzros\u0142a z 117 000 w maju 2024 r. Do 151 000 w maju 2025 r. Wed\u0142ug MP Jarozaja Wiecoreka, stanowi to wzrost o 27,4%rok do roku. Jest to najwy\u017cszy wzrost w\u015br\u00f3d ankietowanych kraj\u00f3w, podczas gdy wi\u0119kszo\u015b\u0107 kraj\u00f3w UE do\u015bwiadcza spadku trendu bezrobocia m\u0142odzie\u017cy. Wy\u017csze stopy bezrobocia odnotowano w Irlandii, Austrii, Finlandii, W\u0142oszech i Holandii.<\/p>\n<p>Dzisiaj by\u0142y premier Mateusz Morawiecki zaj\u0105\u0142 si\u0119 wyzwaniami stoj\u0105cymi przed m\u0142odymi lud\u017ami na rynku pracy podczas konferencji prasowej:<br \/>\u201eM\u0142odzi ludzie wysy\u0142aj\u0105 setki \u017cyciorys\u00f3w, liczba ofert pracy maleje, szalej\u0105ce bezrobocie odczuwa si\u0119 w ca\u0142ej Polsce, masowe zwolnienia &#8211; ludzie s\u0105 przestraszeni. Coraz wi\u0119cej m\u0142odych ludzi my\u015bli o emigracji. Niedawno by\u0142o to normalna rzeczywisto\u015b\u0107 w trzeciej republice Polski. Smutno, \u017ce czas powraca. przyw\u00f3dca europejskich konserwatyst\u00f3w i reformist\u00f3w.<\/p>\n<p>Jego zdaniem rz\u0105d Donalda Tuska \u201ezmierza w kierunku eksportu pracy za granic\u0105\u201d.<\/p>\n<p>Jako \u201epraca dla Polski\u201d, MPS proponuj\u0105 szereg rozwi\u0105za\u0144, w tym zmiany na rynku pracy, szkolenia nowych technologii i ulg\u0119 podatkow\u0105 dla pracodawc\u00f3w.<\/p>\n<p>\u201ePonad 80 000 wi\u0119cej m\u0142odych ludzi szuka pracy w Polsce. Z drugiej strony widzimy dziesi\u0105tki tysi\u0119cy mniej pracy w firmach. Jest to dzi\u015b ogromny problem, szczeg\u00f3lnie dla m\u0142odego pokolenia, poniewa\u017c prawie 30% z nich musi znale\u017a\u0107 swoje miejsce. W\u015br\u00f3d kobiet by\u0142o wi\u0119cej ni\u017c 20% wzrost bezrobocia. W\u015br\u00f3d m\u0119\u017cczyzn, ponad 10%. To pokazuje, \u017ce nadmierna troska i brak troski dla polskich robotnik\u00f3w by\u0142o ponad 20% wzrostu. WIELZOREK, PIS MP i by\u0142y goiw \u015bluzowy.<\/p>\n<p>Kolejny pose\u0142 z \u015bl\u0105skiej, Pawelo\u0144ski\u0144ski, zauwa\u017cy\u0142, \u017ce do maja 2000 os\u00f3b w g\u0119stoi w g\u0142owie \u015bl\u0105skim straci\u0142o prac\u0119 w ramach zwolnie\u0144 zbiorowych. Sytuacja jest szczeg\u00f3lnie z\u0142a w regionie Racib\u00f3rz, jak wcze\u015bniej informowano na naszej stronie.<\/p>\n<figure class=\"wp-block-embed is-type-rich is-provider-twitter wp-block-embed-twitter\">\n<div class=\"wp-block-embed__wrapper\">\n<blockquote class=\"twitter-tweet\" data-width=\"550\" data-dnt=\"true\">\n<p lang=\"pl\" dir=\"ltr\">\ud83d\udd34 KonferencJa prasowa pis https:\/\/t.co\/jtsfkdair0<\/p>\n<p>&#8211; Prrawo I roztrawiedliwo\u015bu (@Pisorgpl) <a rel=\"nofollow\" href=\"https:\/\/twitter.com\/pisorgpl\/status\/1946119872448233969?ref_src=twsrc%5Etfw\">18 lipca 2025 r<\/a><\/p><\/blockquote>\n<\/div>\n<\/figure>\n<\/div>\n<\/div>\n<p><script async src=\"https:\/\/platform.twitter.com\/widgets.js\" charset=\"utf-8\"><\/script><\/p>\n","protected":false},"excerpt":{"rendered":"<p>Setki CV wysy\u0142ane przez m\u0142odych ludzi, kurcz\u0105ca liczba ofert pracy, gwa\u0142towny wzrost bezrobocia w ca\u0142ym kraju, masowe zwolnienia &#8211; ludzie<\/p>\n","protected":false},"author":1,"featured_media":6764,"comment_status":"closed","ping_status":"","sticky":false,"template":"","format":"standard","meta":{"footnotes":""},"categories":[4748],"tags":[517,3939,3828,1677,6497,968,3851,8508,8509,539],"class_list":["post-6763","post","type-post","status-publish","format-standard","has-post-thumbnail","hentry","category-aktualne","tag-bezrobocia","tag-masowe","tag-mniej","tag-ofert","tag-powraca","tag-pracy","tag-setki","tag-widmo","tag-wyslanych","tag-zwolnienia","generate-columns","tablet-grid-50","mobile-grid-100","grid-parent","grid-50","resize-featured-image"],"yoast_head":"<!-- This site is optimized with the Yoast SEO plugin v23.2 - https:\/\/yoast.com\/wordpress\/plugins\/seo\/ -->\n<title>Widmo bezrobocia powraca: \u201eSetki Wys\u0142anych Wys\u0142anych, mniej ofert pracy, masowe zwolnienia\u201d - POGOTOWIE FLAGOWE\u00ae<\/title>\n<meta name=\"robots\" content=\"index, follow, max-snippet:-1, max-image-preview:large, max-video-preview:-1\" \/>\n<link rel=\"canonical\" href=\"https:\/\/www.pogotowieflagowe.pl\/aktualne\/widmo-bezrobocia-powraca-setki-wyslanych-wyslanych-mniej-ofert-pracy-masowe-zwolnienia\/\" \/>\n<meta property=\"og:locale\" content=\"pl_PL\" \/>\n<meta property=\"og:type\" content=\"article\" \/>\n<meta property=\"og:title\" content=\"Widmo bezrobocia powraca: \u201eSetki Wys\u0142anych Wys\u0142anych, mniej ofert pracy, masowe zwolnienia\u201d - POGOTOWIE FLAGOWE\u00ae\" \/>\n<meta property=\"og:description\" content=\"Setki CV wysy\u0142ane przez m\u0142odych ludzi, kurcz\u0105ca liczba ofert pracy, gwa\u0142towny wzrost bezrobocia w ca\u0142ym kraju, masowe zwolnienia &#8211; ludzie\" \/>\n<meta property=\"og:url\" content=\"https:\/\/www.pogotowieflagowe.pl\/aktualne\/widmo-bezrobocia-powraca-setki-wyslanych-wyslanych-mniej-ofert-pracy-masowe-zwolnienia\/\" \/>\n<meta property=\"og:site_name\" content=\"POGOTOWIE FLAGOWE\u00ae\" \/>\n<meta property=\"article:published_time\" content=\"2025-07-18T14:47:53+00:00\" \/>\n<meta property=\"article:modified_time\" content=\"2025-07-18T14:47:55+00:00\" \/>\n<meta property=\"og:image\" content=\"https:\/\/www.pogotowieflagowe.pl\/aktualne\/wp-content\/uploads\/2025\/07\/Widmo-bezrobocia-powraca-\u201eSetki-Wyslanych-Wyslanych-mniej-ofert-pracy-masowe.webp.webp\" \/>\n\t<meta property=\"og:image:width\" content=\"1280\" \/>\n\t<meta property=\"og:image:height\" content=\"720\" \/>\n\t<meta property=\"og:image:type\" content=\"image\/webp\" \/>\n<meta name=\"author\" content=\"Filip\" \/>\n<meta name=\"twitter:card\" content=\"summary_large_image\" \/>\n<meta name=\"twitter:label1\" content=\"Napisane przez\" \/>\n\t<meta name=\"twitter:data1\" content=\"Filip\" \/>\n\t<meta name=\"twitter:label2\" content=\"Szacowany czas czytania\" \/>\n\t<meta name=\"twitter:data2\" content=\"2 minuty\" \/>\n<script type=\"application\/ld+json\" class=\"yoast-schema-graph\">{\"@context\":\"https:\/\/schema.org\",\"@graph\":[{\"@type\":\"Article\",\"@id\":\"https:\/\/www.pogotowieflagowe.pl\/aktualne\/widmo-bezrobocia-powraca-setki-wyslanych-wyslanych-mniej-ofert-pracy-masowe-zwolnienia\/#article\",\"isPartOf\":{\"@id\":\"https:\/\/www.pogotowieflagowe.pl\/aktualne\/widmo-bezrobocia-powraca-setki-wyslanych-wyslanych-mniej-ofert-pracy-masowe-zwolnienia\/\"},\"author\":{\"name\":\"Filip\",\"@id\":\"https:\/\/www.pogotowieflagowe.pl\/aktualne\/#\/schema\/person\/9c2fb7d2362ebf6fa088960d7f0d27b0\"},\"headline\":\"Widmo bezrobocia powraca: \u201eSetki Wys\u0142anych Wys\u0142anych, mniej ofert pracy, masowe zwolnienia\u201d\",\"datePublished\":\"2025-07-18T14:47:53+00:00\",\"dateModified\":\"2025-07-18T14:47:55+00:00\",\"mainEntityOfPage\":{\"@id\":\"https:\/\/www.pogotowieflagowe.pl\/aktualne\/widmo-bezrobocia-powraca-setki-wyslanych-wyslanych-mniej-ofert-pracy-masowe-zwolnienia\/\"},\"wordCount\":503,\"publisher\":{\"@id\":\"https:\/\/www.pogotowieflagowe.pl\/aktualne\/#organization\"},\"image\":{\"@id\":\"https:\/\/www.pogotowieflagowe.pl\/aktualne\/widmo-bezrobocia-powraca-setki-wyslanych-wyslanych-mniej-ofert-pracy-masowe-zwolnienia\/#primaryimage\"},\"thumbnailUrl\":\"https:\/\/www.pogotowieflagowe.pl\/aktualne\/wp-content\/uploads\/2025\/07\/Widmo-bezrobocia-powraca-\u201eSetki-Wyslanych-Wyslanych-mniej-ofert-pracy-masowe.webp.webp\",\"keywords\":[\"bezrobocia\",\"masowe\",\"mniej\",\"ofert\",\"powraca\",\"pracy\",\"setki\",\"Widmo\",\"Wys\u0142anych\",\"zwolnienia\"],\"articleSection\":[\"Aktualne\"],\"inLanguage\":\"pl-PL\"},{\"@type\":\"WebPage\",\"@id\":\"https:\/\/www.pogotowieflagowe.pl\/aktualne\/widmo-bezrobocia-powraca-setki-wyslanych-wyslanych-mniej-ofert-pracy-masowe-zwolnienia\/\",\"url\":\"https:\/\/www.pogotowieflagowe.pl\/aktualne\/widmo-bezrobocia-powraca-setki-wyslanych-wyslanych-mniej-ofert-pracy-masowe-zwolnienia\/\",\"name\":\"Widmo bezrobocia powraca: \u201eSetki Wys\u0142anych Wys\u0142anych, mniej ofert pracy, masowe zwolnienia\u201d - POGOTOWIE FLAGOWE\u00ae\",\"isPartOf\":{\"@id\":\"https:\/\/www.pogotowieflagowe.pl\/aktualne\/#website\"},\"primaryImageOfPage\":{\"@id\":\"https:\/\/www.pogotowieflagowe.pl\/aktualne\/widmo-bezrobocia-powraca-setki-wyslanych-wyslanych-mniej-ofert-pracy-masowe-zwolnienia\/#primaryimage\"},\"image\":{\"@id\":\"https:\/\/www.pogotowieflagowe.pl\/aktualne\/widmo-bezrobocia-powraca-setki-wyslanych-wyslanych-mniej-ofert-pracy-masowe-zwolnienia\/#primaryimage\"},\"thumbnailUrl\":\"https:\/\/www.pogotowieflagowe.pl\/aktualne\/wp-content\/uploads\/2025\/07\/Widmo-bezrobocia-powraca-\u201eSetki-Wyslanych-Wyslanych-mniej-ofert-pracy-masowe.webp.webp\",\"datePublished\":\"2025-07-18T14:47:53+00:00\",\"dateModified\":\"2025-07-18T14:47:55+00:00\",\"breadcrumb\":{\"@id\":\"https:\/\/www.pogotowieflagowe.pl\/aktualne\/widmo-bezrobocia-powraca-setki-wyslanych-wyslanych-mniej-ofert-pracy-masowe-zwolnienia\/#breadcrumb\"},\"inLanguage\":\"pl-PL\",\"potentialAction\":[{\"@type\":\"ReadAction\",\"target\":[\"https:\/\/www.pogotowieflagowe.pl\/aktualne\/widmo-bezrobocia-powraca-setki-wyslanych-wyslanych-mniej-ofert-pracy-masowe-zwolnienia\/\"]}]},{\"@type\":\"ImageObject\",\"inLanguage\":\"pl-PL\",\"@id\":\"https:\/\/www.pogotowieflagowe.pl\/aktualne\/widmo-bezrobocia-powraca-setki-wyslanych-wyslanych-mniej-ofert-pracy-masowe-zwolnienia\/#primaryimage\",\"url\":\"https:\/\/www.pogotowieflagowe.pl\/aktualne\/wp-content\/uploads\/2025\/07\/Widmo-bezrobocia-powraca-\u201eSetki-Wyslanych-Wyslanych-mniej-ofert-pracy-masowe.webp.webp\",\"contentUrl\":\"https:\/\/www.pogotowieflagowe.pl\/aktualne\/wp-content\/uploads\/2025\/07\/Widmo-bezrobocia-powraca-\u201eSetki-Wyslanych-Wyslanych-mniej-ofert-pracy-masowe.webp.webp\",\"width\":1280,\"height\":720,\"caption\":\"Widmo bezrobocia powraca: \u201eSetki Wys\u0142anych Wys\u0142anych, mniej ofert pracy, masowe zwolnienia\u201d\"},{\"@type\":\"BreadcrumbList\",\"@id\":\"https:\/\/www.pogotowieflagowe.pl\/aktualne\/widmo-bezrobocia-powraca-setki-wyslanych-wyslanych-mniej-ofert-pracy-masowe-zwolnienia\/#breadcrumb\",\"itemListElement\":[{\"@type\":\"ListItem\",\"position\":1,\"name\":\"Home\",\"item\":\"https:\/\/www.pogotowieflagowe.pl\/aktualne\/\"},{\"@type\":\"ListItem\",\"position\":2,\"name\":\"Widmo bezrobocia powraca: \u201eSetki Wys\u0142anych Wys\u0142anych, mniej ofert pracy, masowe zwolnienia\u201d\"}]},{\"@type\":\"WebSite\",\"@id\":\"https:\/\/www.pogotowieflagowe.pl\/aktualne\/#website\",\"url\":\"https:\/\/www.pogotowieflagowe.pl\/aktualne\/\",\"name\":\"POGOTOWIE FLAGOWE\u00ae\",\"description\":\"\",\"publisher\":{\"@id\":\"https:\/\/www.pogotowieflagowe.pl\/aktualne\/#organization\"},\"potentialAction\":[{\"@type\":\"SearchAction\",\"target\":{\"@type\":\"EntryPoint\",\"urlTemplate\":\"https:\/\/www.pogotowieflagowe.pl\/aktualne\/?s={search_term_string}\"},\"query-input\":\"required name=search_term_string\"}],\"inLanguage\":\"pl-PL\"},{\"@type\":\"Organization\",\"@id\":\"https:\/\/www.pogotowieflagowe.pl\/aktualne\/#organization\",\"name\":\"POGOTOWIE FLAGOWE\u00ae\",\"url\":\"https:\/\/www.pogotowieflagowe.pl\/aktualne\/\",\"logo\":{\"@type\":\"ImageObject\",\"inLanguage\":\"pl-PL\",\"@id\":\"https:\/\/www.pogotowieflagowe.pl\/aktualne\/#\/schema\/logo\/image\/\",\"url\":\"https:\/\/www.pogotowieflagowe.pl\/aktualne\/wp-content\/uploads\/2024\/08\/cropped-pogotowieflagowe_flaga_projekt_sm.jpg\",\"contentUrl\":\"https:\/\/www.pogotowieflagowe.pl\/aktualne\/wp-content\/uploads\/2024\/08\/cropped-pogotowieflagowe_flaga_projekt_sm.jpg\",\"width\":250,\"height\":143,\"caption\":\"POGOTOWIE FLAGOWE\u00ae\"},\"image\":{\"@id\":\"https:\/\/www.pogotowieflagowe.pl\/aktualne\/#\/schema\/logo\/image\/\"}},{\"@type\":\"Person\",\"@id\":\"https:\/\/www.pogotowieflagowe.pl\/aktualne\/#\/schema\/person\/9c2fb7d2362ebf6fa088960d7f0d27b0\",\"name\":\"Filip\",\"image\":{\"@type\":\"ImageObject\",\"inLanguage\":\"pl-PL\",\"@id\":\"https:\/\/www.pogotowieflagowe.pl\/aktualne\/#\/schema\/person\/image\/\",\"url\":\"https:\/\/www.pogotowieflagowe.pl\/aktualne\/wp-content\/uploads\/2024\/08\/pogotowieflagowe.pl_.jpg\",\"contentUrl\":\"https:\/\/www.pogotowieflagowe.pl\/aktualne\/wp-content\/uploads\/2024\/08\/pogotowieflagowe.pl_.jpg\",\"caption\":\"Filip\"},\"description\":\"Jestem Filip, polski dziennikarz z dyplomem nauk politycznych Uniwersytetu Warszawskiego. Rozpoczynaj\u0105c swoj\u0105 karier\u0119 w r\u00f3\u017cnych lokalnych mediach, zdoby\u0142em solidne do\u015bwiadczenie w zakresie \u015bledztwa i redakcji. Obecnie jako redaktor w Pogotowie flagowe, staram si\u0119 dostarcza\u0107 dog\u0142\u0119bne i istotne analizy na temat najwa\u017cniejszych kwestii aktualno\u015bci, \u0142\u0105cz\u0105c rygor z pasj\u0105 dziennikarsk\u0105.\",\"sameAs\":[\"https:\/\/www.pogotowieflagowe.pl\/\"]}]}<\/script>\n<!-- \/ Yoast SEO plugin. -->","yoast_head_json":{"title":"Widmo bezrobocia powraca: \u201eSetki Wys\u0142anych Wys\u0142anych, mniej ofert pracy, masowe zwolnienia\u201d - POGOTOWIE FLAGOWE\u00ae","robots":{"index":"index","follow":"follow","max-snippet":"max-snippet:-1","max-image-preview":"max-image-preview:large","max-video-preview":"max-video-preview:-1"},"canonical":"https:\/\/www.pogotowieflagowe.pl\/aktualne\/widmo-bezrobocia-powraca-setki-wyslanych-wyslanych-mniej-ofert-pracy-masowe-zwolnienia\/","og_locale":"pl_PL","og_type":"article","og_title":"Widmo bezrobocia powraca: \u201eSetki Wys\u0142anych Wys\u0142anych, mniej ofert pracy, masowe zwolnienia\u201d - POGOTOWIE FLAGOWE\u00ae","og_description":"Setki CV wysy\u0142ane przez m\u0142odych ludzi, kurcz\u0105ca liczba ofert pracy, gwa\u0142towny wzrost bezrobocia w ca\u0142ym kraju, masowe zwolnienia &#8211; ludzie","og_url":"https:\/\/www.pogotowieflagowe.pl\/aktualne\/widmo-bezrobocia-powraca-setki-wyslanych-wyslanych-mniej-ofert-pracy-masowe-zwolnienia\/","og_site_name":"POGOTOWIE FLAGOWE\u00ae","article_published_time":"2025-07-18T14:47:53+00:00","article_modified_time":"2025-07-18T14:47:55+00:00","og_image":[{"width":1280,"height":720,"url":"https:\/\/www.pogotowieflagowe.pl\/aktualne\/wp-content\/uploads\/2025\/07\/Widmo-bezrobocia-powraca-\u201eSetki-Wyslanych-Wyslanych-mniej-ofert-pracy-masowe.webp.webp","type":"image\/webp"}],"author":"Filip","twitter_card":"summary_large_image","twitter_misc":{"Napisane przez":"Filip","Szacowany czas czytania":"2 minuty"},"schema":{"@context":"https:\/\/schema.org","@graph":[{"@type":"Article","@id":"https:\/\/www.pogotowieflagowe.pl\/aktualne\/widmo-bezrobocia-powraca-setki-wyslanych-wyslanych-mniej-ofert-pracy-masowe-zwolnienia\/#article","isPartOf":{"@id":"https:\/\/www.pogotowieflagowe.pl\/aktualne\/widmo-bezrobocia-powraca-setki-wyslanych-wyslanych-mniej-ofert-pracy-masowe-zwolnienia\/"},"author":{"name":"Filip","@id":"https:\/\/www.pogotowieflagowe.pl\/aktualne\/#\/schema\/person\/9c2fb7d2362ebf6fa088960d7f0d27b0"},"headline":"Widmo bezrobocia powraca: \u201eSetki Wys\u0142anych Wys\u0142anych, mniej ofert pracy, masowe zwolnienia\u201d","datePublished":"2025-07-18T14:47:53+00:00","dateModified":"2025-07-18T14:47:55+00:00","mainEntityOfPage":{"@id":"https:\/\/www.pogotowieflagowe.pl\/aktualne\/widmo-bezrobocia-powraca-setki-wyslanych-wyslanych-mniej-ofert-pracy-masowe-zwolnienia\/"},"wordCount":503,"publisher":{"@id":"https:\/\/www.pogotowieflagowe.pl\/aktualne\/#organization"},"image":{"@id":"https:\/\/www.pogotowieflagowe.pl\/aktualne\/widmo-bezrobocia-powraca-setki-wyslanych-wyslanych-mniej-ofert-pracy-masowe-zwolnienia\/#primaryimage"},"thumbnailUrl":"https:\/\/www.pogotowieflagowe.pl\/aktualne\/wp-content\/uploads\/2025\/07\/Widmo-bezrobocia-powraca-\u201eSetki-Wyslanych-Wyslanych-mniej-ofert-pracy-masowe.webp.webp","keywords":["bezrobocia","masowe","mniej","ofert","powraca","pracy","setki","Widmo","Wys\u0142anych","zwolnienia"],"articleSection":["Aktualne"],"inLanguage":"pl-PL"},{"@type":"WebPage","@id":"https:\/\/www.pogotowieflagowe.pl\/aktualne\/widmo-bezrobocia-powraca-setki-wyslanych-wyslanych-mniej-ofert-pracy-masowe-zwolnienia\/","url":"https:\/\/www.pogotowieflagowe.pl\/aktualne\/widmo-bezrobocia-powraca-setki-wyslanych-wyslanych-mniej-ofert-pracy-masowe-zwolnienia\/","name":"Widmo bezrobocia powraca: \u201eSetki Wys\u0142anych Wys\u0142anych, mniej ofert pracy, masowe zwolnienia\u201d - POGOTOWIE FLAGOWE\u00ae","isPartOf":{"@id":"https:\/\/www.pogotowieflagowe.pl\/aktualne\/#website"},"primaryImageOfPage":{"@id":"https:\/\/www.pogotowieflagowe.pl\/aktualne\/widmo-bezrobocia-powraca-setki-wyslanych-wyslanych-mniej-ofert-pracy-masowe-zwolnienia\/#primaryimage"},"image":{"@id":"https:\/\/www.pogotowieflagowe.pl\/aktualne\/widmo-bezrobocia-powraca-setki-wyslanych-wyslanych-mniej-ofert-pracy-masowe-zwolnienia\/#primaryimage"},"thumbnailUrl":"https:\/\/www.pogotowieflagowe.pl\/aktualne\/wp-content\/uploads\/2025\/07\/Widmo-bezrobocia-powraca-\u201eSetki-Wyslanych-Wyslanych-mniej-ofert-pracy-masowe.webp.webp","datePublished":"2025-07-18T14:47:53+00:00","dateModified":"2025-07-18T14:47:55+00:00","breadcrumb":{"@id":"https:\/\/www.pogotowieflagowe.pl\/aktualne\/widmo-bezrobocia-powraca-setki-wyslanych-wyslanych-mniej-ofert-pracy-masowe-zwolnienia\/#breadcrumb"},"inLanguage":"pl-PL","potentialAction":[{"@type":"ReadAction","target":["https:\/\/www.pogotowieflagowe.pl\/aktualne\/widmo-bezrobocia-powraca-setki-wyslanych-wyslanych-mniej-ofert-pracy-masowe-zwolnienia\/"]}]},{"@type":"ImageObject","inLanguage":"pl-PL","@id":"https:\/\/www.pogotowieflagowe.pl\/aktualne\/widmo-bezrobocia-powraca-setki-wyslanych-wyslanych-mniej-ofert-pracy-masowe-zwolnienia\/#primaryimage","url":"https:\/\/www.pogotowieflagowe.pl\/aktualne\/wp-content\/uploads\/2025\/07\/Widmo-bezrobocia-powraca-\u201eSetki-Wyslanych-Wyslanych-mniej-ofert-pracy-masowe.webp.webp","contentUrl":"https:\/\/www.pogotowieflagowe.pl\/aktualne\/wp-content\/uploads\/2025\/07\/Widmo-bezrobocia-powraca-\u201eSetki-Wyslanych-Wyslanych-mniej-ofert-pracy-masowe.webp.webp","width":1280,"height":720,"caption":"Widmo bezrobocia powraca: \u201eSetki Wys\u0142anych Wys\u0142anych, mniej ofert pracy, masowe zwolnienia\u201d"},{"@type":"BreadcrumbList","@id":"https:\/\/www.pogotowieflagowe.pl\/aktualne\/widmo-bezrobocia-powraca-setki-wyslanych-wyslanych-mniej-ofert-pracy-masowe-zwolnienia\/#breadcrumb","itemListElement":[{"@type":"ListItem","position":1,"name":"Home","item":"https:\/\/www.pogotowieflagowe.pl\/aktualne\/"},{"@type":"ListItem","position":2,"name":"Widmo bezrobocia powraca: \u201eSetki Wys\u0142anych Wys\u0142anych, mniej ofert pracy, masowe zwolnienia\u201d"}]},{"@type":"WebSite","@id":"https:\/\/www.pogotowieflagowe.pl\/aktualne\/#website","url":"https:\/\/www.pogotowieflagowe.pl\/aktualne\/","name":"POGOTOWIE FLAGOWE\u00ae","description":"","publisher":{"@id":"https:\/\/www.pogotowieflagowe.pl\/aktualne\/#organization"},"potentialAction":[{"@type":"SearchAction","target":{"@type":"EntryPoint","urlTemplate":"https:\/\/www.pogotowieflagowe.pl\/aktualne\/?s={search_term_string}"},"query-input":"required name=search_term_string"}],"inLanguage":"pl-PL"},{"@type":"Organization","@id":"https:\/\/www.pogotowieflagowe.pl\/aktualne\/#organization","name":"POGOTOWIE FLAGOWE\u00ae","url":"https:\/\/www.pogotowieflagowe.pl\/aktualne\/","logo":{"@type":"ImageObject","inLanguage":"pl-PL","@id":"https:\/\/www.pogotowieflagowe.pl\/aktualne\/#\/schema\/logo\/image\/","url":"https:\/\/www.pogotowieflagowe.pl\/aktualne\/wp-content\/uploads\/2024\/08\/cropped-pogotowieflagowe_flaga_projekt_sm.jpg","contentUrl":"https:\/\/www.pogotowieflagowe.pl\/aktualne\/wp-content\/uploads\/2024\/08\/cropped-pogotowieflagowe_flaga_projekt_sm.jpg","width":250,"height":143,"caption":"POGOTOWIE FLAGOWE\u00ae"},"image":{"@id":"https:\/\/www.pogotowieflagowe.pl\/aktualne\/#\/schema\/logo\/image\/"}},{"@type":"Person","@id":"https:\/\/www.pogotowieflagowe.pl\/aktualne\/#\/schema\/person\/9c2fb7d2362ebf6fa088960d7f0d27b0","name":"Filip","image":{"@type":"ImageObject","inLanguage":"pl-PL","@id":"https:\/\/www.pogotowieflagowe.pl\/aktualne\/#\/schema\/person\/image\/","url":"https:\/\/www.pogotowieflagowe.pl\/aktualne\/wp-content\/uploads\/2024\/08\/pogotowieflagowe.pl_.jpg","contentUrl":"https:\/\/www.pogotowieflagowe.pl\/aktualne\/wp-content\/uploads\/2024\/08\/pogotowieflagowe.pl_.jpg","caption":"Filip"},"description":"Jestem Filip, polski dziennikarz z dyplomem nauk politycznych Uniwersytetu Warszawskiego. Rozpoczynaj\u0105c swoj\u0105 karier\u0119 w r\u00f3\u017cnych lokalnych mediach, zdoby\u0142em solidne do\u015bwiadczenie w zakresie \u015bledztwa i redakcji. Obecnie jako redaktor w Pogotowie flagowe, staram si\u0119 dostarcza\u0107 dog\u0142\u0119bne i istotne analizy na temat najwa\u017cniejszych kwestii aktualno\u015bci, \u0142\u0105cz\u0105c rygor z pasj\u0105 dziennikarsk\u0105.","sameAs":["https:\/\/www.pogotowieflagowe.pl\/"]}]}},"_links":{"self":[{"href":"https:\/\/www.pogotowieflagowe.pl\/aktualne\/wp-json\/wp\/v2\/posts\/6763","targetHints":{"allow":["GET"]}}],"collection":[{"href":"https:\/\/www.pogotowieflagowe.pl\/aktualne\/wp-json\/wp\/v2\/posts"}],"about":[{"href":"https:\/\/www.pogotowieflagowe.pl\/aktualne\/wp-json\/wp\/v2\/types\/post"}],"author":[{"embeddable":true,"href":"https:\/\/www.pogotowieflagowe.pl\/aktualne\/wp-json\/wp\/v2\/users\/1"}],"replies":[{"embeddable":true,"href":"https:\/\/www.pogotowieflagowe.pl\/aktualne\/wp-json\/wp\/v2\/comments?post=6763"}],"version-history":[{"count":1,"href":"https:\/\/www.pogotowieflagowe.pl\/aktualne\/wp-json\/wp\/v2\/posts\/6763\/revisions"}],"predecessor-version":[{"id":6765,"href":"https:\/\/www.pogotowieflagowe.pl\/aktualne\/wp-json\/wp\/v2\/posts\/6763\/revisions\/6765"}],"wp:featuredmedia":[{"embeddable":true,"href":"https:\/\/www.pogotowieflagowe.pl\/aktualne\/wp-json\/wp\/v2\/media\/6764"}],"wp:attachment":[{"href":"https:\/\/www.pogotowieflagowe.pl\/aktualne\/wp-json\/wp\/v2\/media?parent=6763"}],"wp:term":[{"taxonomy":"category","embeddable":true,"href":"https:\/\/www.pogotowieflagowe.pl\/aktualne\/wp-json\/wp\/v2\/categories?post=6763"},{"taxonomy":"post_tag","embeddable":true,"href":"https:\/\/www.pogotowieflagowe.pl\/aktualne\/wp-json\/wp\/v2\/tags?post=6763"}],"curies":[{"name":"wp","href":"https:\/\/api.w.org\/{rel}","templated":true}]}}