{"id":6766,"date":"2025-07-18T22:48:33","date_gmt":"2025-07-18T20:48:33","guid":{"rendered":"https:\/\/www.pogotowieflagowe.pl\/aktualne\/polska-pod-cisnieniem-migracyjnym-tarczynski-wymaga-bariery-granicznej-i-obecnosci-wojskowej\/"},"modified":"2025-07-18T22:48:34","modified_gmt":"2025-07-18T20:48:34","slug":"polska-pod-cisnieniem-migracyjnym-tarczynski-wymaga-bariery-granicznej-i-obecnosci-wojskowej","status":"publish","type":"post","link":"https:\/\/www.pogotowieflagowe.pl\/aktualne\/polska-pod-cisnieniem-migracyjnym-tarczynski-wymaga-bariery-granicznej-i-obecnosci-wojskowej\/","title":{"rendered":"Polska pod ci\u015bnieniem migracyjnym. Tarczy\u0144ski wymaga bariery granicznej i obecno\u015bci wojskowej"},"content":{"rendered":"\n<div class=\"td_block_wrap tdb_single_content tdi_41 td-pb-border-top td_block_template_8 td-post-content tagdiv-type\" data-td-block-uid=\"tdi_41\">\n<style>.tdi_41 {margin-top: 0px! Wa\u017cne; margines-bottom: 0px! WA\u017bNY; PALDING-TOP: 0PX! WA\u017bNY; PALDING-BOTTOM: 0PX! WA\u017bNE}<\/style>\n<style>.tdb_single_content {margin-bottom: 0;*zoom: 1} .tdb_single_content: wcze\u015bniej, .tdb_single_content: po {display: Table; content: ''; line-height: 0} .TDB-BLOCK-INner>*: nie (.WP-BLOCK-QUOTE): not (.alignSwide): not (.Alignfull.wp-block-cover.has-parallax): not (.td-a-ad) {margin-left: auto; margin-right: auto} .tdb_single_ConTent a {wska\u017anik-events: auto} .tdb_single_content .td-spot-id-top_ad .tdc-placeholder-title: przed {content: \u201eArtyku\u0142 top ad\u201d! Wa\u017cne} .tdb_single_content .td-Spot-Id-inline_ad0 .tdc-placeholder-title 1 '! Wa\u017cne} .tdb_single_content .td-Spot-Id-inline_Ad1 .tdc-Placeholder-Title: przed {content: \u201eArtyku\u0142 inline AD 2'! Wa\u017cny} .tdb_single_content. 3 '! Wa\u017cne} .tdb_single_content .td-Spot-Id-Bottom_Ad .tdc-Placeholder-Title: przed {content: \u201eArtyku\u0142 Bottom Ad\u201d! Wa\u017cne} .tdb_single_content .id_top_ad, .tdb_single_content_content .id_bottom_ad {clear: oba; margin-bottom: 21px; text-align: Center} .tdb_single_content .id_top_ad img, .tdb_single_content .id_bottom_ad img {margin-bottom: 0} .tdb_single_conTent .id_top_ad .adsbyGoogle, .tdb_single_content .id_bottom_ad .adsbyGoogle {pozycja: relatyw} .tdb_single_content .id_ad_content-horiz-left, .tdb_single_content .id_ad_content-horiz-right, .tdb_single_content .id_ad_content-horiz-Center {margin-bottom: 15px} .tdb_single_content .id_ad_content-horiz-left Img, .tdb_single_content .id_ad_content-horiz-right img, .tdb_single_content .id_ad_content-horiz-centerter img {margin-bottom: 0} .tdb_single_content .id_ad_content-horiz-center {text-align: Center} .tdb_single_content .id_ad_content-horiz-center img {margin-right: auto; margin-let: auto} .tdb_single_content .id_ad_content-horiz-left {float: left; margin-top: 9px; margin-right: 21px} .tdb_single_content .id_ad_content-horiz-right {float: margin-top: 6px; margin-left: 21px} .tdb_single_content .tdc-a-a-ad .TDC-Placeholder-Title {szeroko\u015b\u0107: 300px; height: 250px} .tdb_single_content .tdc-a-ad .TDC-Placeholder-Title: Przed {Pozycja: Absolute; TOP: 50%;-WebKit-Transform: Translatey (-50%); Transform: Translatey (-50%); margines: auto; Display: Tabela; szeroko\u015b\u0107: 100%}. tdb_single_content .TDB-BLOCK-INNER.TD-FIX-INDEX {Word-Break: Break-word} .tdi_41, .tdi_41> p, .tdi_41 .tdb-block-inner> p, .Wp-Block-Column> p {font-size: 16px! Wa\u017cne; wa\u017cny; p {font-styl: normalne! Wa\u017cne} @media (Max-Width: 767px) {. tdb_single_content .id_ad_content-horiz-left, .tdb_single_content .id_ad_content-horiz-right, .tdb_single_content .id_ad_content-horiz-centter {Margin: 0 AUTO 26PXX auto}}@media (Max-Width: 767px) {. tdb_single_content .id_ad_content-horiz-left {margin-right: 0}}@media (max-width: 767px) {. (Max-Width: 767px) {. tdb_single_content .td-a-ad {float: none; text-align: Center} .tdb_single_content .td-a-ad img {margin-right: auto; margin-left: auto} .tdb_single_content .tdc-a-a-a-{margin-right: auto; margin-left: auto} .tdb_single_content .tdd<\/style>\n<div class=\"tdb-block-inner td-fix-index\">\n<p>Dominik Tarczy\u0144ski, cz\u0142onek Parlamentu Europejskiego z Partii Prawa i Sprawiedliwo\u015bci (PIS), mocno m\u00f3wi\u0142 o migracji i o tym, jak sobie z tym poradzi\u0107 podczas wywiadu z Micha\u0142 Racho\u0144. Jego diagnoza sytuacji jest wyra\u017ana, ale, jak twierdzi, na podstawie twardych danych, kt\u00f3re wydaje si\u0119 ukrywa\u0107 rz\u0105d premiera Donalda Tuska.<\/p>\n<blockquote class=\"wp-block-quote is-layout-flow wp-block-quote-is-layout-flow\">\n<p><em>\u201eUwa\u017cam, \u017ce nawet migracja prawna powinna by\u0107 ograniczona i \u015bci\u015ble regulowana. Wszyscy nielegalni migranci &#8211; Out!\u201d<\/em> Tarczy\u0144ski stwierdzi\u0142 podczas <em>\u201eRozmowa polityczna\u201d<\/em> Poka\u017c, nie pozostawiaj\u0105c miejsca na kompromis.<\/p>\n<\/blockquote>\n<h3 class=\"wp-block-heading\">Migracja i przest\u0119pstwo<\/h3>\n<p>Tarczy\u0144ski przedstawi\u0142 dane z niemieckiej policji federalnej i Eurostatu, kt\u00f3re, jak twierdzi wyra\u017anie pokazuj\u0105, \u017ce migranci w Europie s\u0105 odpowiedzialni za wi\u0119kszo\u015b\u0107 powa\u017cnych przest\u0119pstw, takich jak morderstwo, napa\u015b\u0107 seksualna i rozb\u00f3j. Przytoczy\u0142 postacie z Niemiec, W\u0142och, Wielkiej Brytanii i Szwecji.<\/p>\n<p><em>\u201ePodczas rz\u0105du prawa i sprawiedliwo\u015bci \u017cadna polska dziewczyna nie mia\u0142a oczy wyrzuconego z \u015brubokr\u0119ta lub no\u017cem wciskowanym do jej serca (\u2026), a my nie mieli\u015bmy setek innych przypadk\u00f3w, tak jak my. Nie ufam Niemcom ani tym rz\u0105dowi\u201d<\/em> Powiedzia\u0142 Tarczy\u0144ski, wskazuj\u0105c na to, co opisa\u0142 jako dramatyczne pogorszenie bezpiecze\u0144stwa Polski od czasu przej\u0105\u0142 w\u0142adz\u0119, realizuj\u0105c to, co twierdzi, \u017ce s\u0105 interesami niemieckie.<\/p>\n<h3 class=\"wp-block-heading\">Tarczy\u0144ski: \u201eMusimy mocno odpowiedzie\u0107\u201d<\/h3>\n<p>W odpowiedzi na rosn\u0105c\u0105 liczb\u0119 powr\u00f3t migrant\u00f3w do Polski z Niemiec Tarczy\u0144ski wezwa\u0142 do budowy fizycznej bariery na granicy i do rozmieszczenia wojskowego. Jego celem jest zapobieganie praktyce przenoszenia migrant\u00f3w z powrotem do Polski. Wed\u0142ug niego zagro\u017cenie ze strony zachodniej granicy jest teraz tak samo powa\u017cne jak to z Bia\u0142orusi.<\/p>\n<p><em>\u201eChodzi o fizyczne zapobieganie przej\u015bciom granicznym (\u2026). Bariera w \u017caden spos\u00f3b nie ogranicza naszych obowi\u0105zk\u00f3w traktatowych, takich jak swobodny przep\u0142yw towar\u00f3w i us\u0142ug\u201d, \u201d<\/em> podkre\u015bli\u0142.<\/p>\n<p>Wed\u0142ug dost\u0119pnych danych, do ko\u0144ca czerwca, by\u0142o 300 przypadk\u00f3w nielegalnych migrant\u00f3w, kt\u00f3rzy zostali zatrzymani po wcze\u015bniejszym przebyciu w Polsce. Jednak w\u0142adze niemieckie m\u00f3wi\u0105 o kilku tysi\u0119cy, co Tarczy\u0144ski interpretuje si\u0119 jako dow\u00f3d, \u017ce <em>\u201ePolskie us\u0142ugi k\u0142amie i nie m\u00f3wi\u0105 prawdy\u201d.<\/em><\/p>\n<p><em>\u201eGdyby Donald Tusk nie zgodzi\u0142 si\u0119 na to, nie by\u0142oby ich tutaj (\u2026). Silny pa\u0144stwo powinno wykaza\u0107 si\u0142\u0119. Powinna istnie\u0107 bariera i na granicy powinni by\u0107 obecno\u015b\u0107 wojskowa. Musimy zareagowa\u0107 mocno\u201d<\/em> Wezwa\u0142.<\/p>\n<h3 class=\"wp-block-heading\">\u201eLudzie z pustyni\u201d i potrzeba deportacji<\/h3>\n<p>Tarczy\u0144ski wyja\u015bni\u0142, \u017ce jego stanowisko w sprawie migracji jest trudne, ale uwa\u017ca, \u017ce jest to ostatni moment, aby dzia\u0142a\u0107. Og\u0142osi\u0142 nawet, \u017ce b\u0119dzie got\u00f3w zrezygnowa\u0107 z Parlamentu Europejskiego, aby powr\u00f3ci\u0107 do Polski i poradzi\u0107 sobie z nielegaln\u0105 migracj\u0105 w przysz\u0142ym rz\u0105dzie PIS.<\/p>\n<p><em>\u201eNiemcy chc\u0105 pozby\u0107 si\u0119 problemu, kt\u00f3re sami stworzyli. Staj\u0105 w obliczu katastrofy spo\u0142ecznej i wiedz\u0105 o tym (\u2026). Jak uj\u0105\u0142 m\u00f3j przyjaciel, mamy do czynienia z lud\u017ami z pustyni, a nie wolno wpuszcza\u0107. Powinna podj\u0105\u0107 decyzj\u0119 o rozpocz\u0119ciu kampanii deportacji na du\u017c\u0105 skal\u0119 (\u2026). Jestem gotowy na to, je\u015bli to znaczy rezygnacja z europejskiego parlamentu\u201d.<\/em> Dokona\u0142.<\/p>\n<h3 class=\"wp-block-heading\">Migracja prawna r\u00f3wnie\u017c pod kontrol\u0105<\/h3>\n<p>Rozmowa dotkn\u0119\u0142a tak\u017ce migracji zarobkowej, a Tarczyk\u0144ski nie pozostawi\u0142 \u017cadnych z\u0142udze\u0144 na temat swojej pozycji.<\/p>\n<p><em>\u201eUwa\u017cam, \u017ce nawet migracja prawna powinna by\u0107 ograniczona i wykonywana \u015bci\u015ble. Wszyscy nielegalni migranci &#8211; Out!\u201d<\/em> Powt\u00f3rzy\u0142, dodaj\u0105c, \u017ce nale\u017cy wprowadzi\u0107 trudne przepisy, w tym surowsze kontrole rejestr\u00f3w karnych.<\/p>\n<p><em>\u201eKiedy zapraszam kogo\u015b do mojego domu, mam prawo zdecydowa\u0107, kiedy ten pobyt si\u0119 sko\u0144czy. I tylko pa\u0144stwo polskie ma prawo decydowa\u0107, kiedy i na jakich warunkach takie pobyty s\u0105 zako\u0144czone\u201d<\/em> Doda\u0142.<\/p>\n<figure class=\"wp-block-embed is-type-video is-provider-youtube wp-block-embed-youtube wp-embed-aspect-16-9 wp-has-aspect-ratio\">\n<div class=\"wp-block-embed__wrapper\">\n<div class=\"youtube-embed\" data-video_id=\"XVLnTgxXEvQ\"><a href=\"https:\/\/www.youtube.com\/watch?v=xvlntgxxevq\">https:\/\/www.youtube.com\/watch?v=xvlntgxxevq<\/a><\/div>\n<\/div>\n<\/figure>\n<\/div>\n<\/div>\n","protected":false},"excerpt":{"rendered":"<p>Dominik Tarczy\u0144ski, cz\u0142onek Parlamentu Europejskiego z Partii Prawa i Sprawiedliwo\u015bci (PIS), mocno m\u00f3wi\u0142 o migracji i o tym, jak sobie<\/p>\n","protected":false},"author":1,"featured_media":6767,"comment_status":"closed","ping_status":"","sticky":false,"template":"","format":"standard","meta":{"footnotes":""},"categories":[4748],"tags":[584,8510,585,8511,8195,2326,4,2176,8022,6256],"class_list":["post-6766","post","type-post","status-publish","format-standard","has-post-thumbnail","hentry","category-aktualne","tag-bariery","tag-cisnieniem","tag-granicznej","tag-migracyjnym","tag-obecnosci","tag-pod","tag-polska","tag-tarczynski","tag-wojskowej","tag-wymaga","generate-columns","tablet-grid-50","mobile-grid-100","grid-parent","grid-50","resize-featured-image"],"yoast_head":"<!-- This site is optimized with the Yoast SEO plugin v23.2 - https:\/\/yoast.com\/wordpress\/plugins\/seo\/ -->\n<title>Polska pod ci\u015bnieniem migracyjnym. Tarczy\u0144ski wymaga bariery granicznej i obecno\u015bci wojskowej - POGOTOWIE FLAGOWE\u00ae<\/title>\n<meta name=\"robots\" content=\"index, follow, max-snippet:-1, max-image-preview:large, max-video-preview:-1\" \/>\n<link rel=\"canonical\" href=\"https:\/\/www.pogotowieflagowe.pl\/aktualne\/polska-pod-cisnieniem-migracyjnym-tarczynski-wymaga-bariery-granicznej-i-obecnosci-wojskowej\/\" \/>\n<meta property=\"og:locale\" content=\"pl_PL\" \/>\n<meta property=\"og:type\" content=\"article\" \/>\n<meta property=\"og:title\" content=\"Polska pod ci\u015bnieniem migracyjnym. Tarczy\u0144ski wymaga bariery granicznej i obecno\u015bci wojskowej - POGOTOWIE FLAGOWE\u00ae\" \/>\n<meta property=\"og:description\" content=\"Dominik Tarczy\u0144ski, cz\u0142onek Parlamentu Europejskiego z Partii Prawa i Sprawiedliwo\u015bci (PIS), mocno m\u00f3wi\u0142 o migracji i o tym, jak sobie\" \/>\n<meta property=\"og:url\" content=\"https:\/\/www.pogotowieflagowe.pl\/aktualne\/polska-pod-cisnieniem-migracyjnym-tarczynski-wymaga-bariery-granicznej-i-obecnosci-wojskowej\/\" \/>\n<meta property=\"og:site_name\" content=\"POGOTOWIE FLAGOWE\u00ae\" \/>\n<meta property=\"article:published_time\" content=\"2025-07-18T20:48:33+00:00\" \/>\n<meta property=\"article:modified_time\" content=\"2025-07-18T20:48:34+00:00\" \/>\n<meta property=\"og:image\" content=\"https:\/\/www.pogotowieflagowe.pl\/aktualne\/wp-content\/uploads\/2025\/07\/Polska-pod-cisnieniem-migracyjnym-Tarczynski-wymaga-bariery-granicznej-i-obecnosci.jpg\" \/>\n\t<meta property=\"og:image:width\" content=\"1280\" \/>\n\t<meta property=\"og:image:height\" content=\"720\" \/>\n\t<meta property=\"og:image:type\" content=\"image\/jpeg\" \/>\n<meta name=\"author\" content=\"Filip\" \/>\n<meta name=\"twitter:card\" content=\"summary_large_image\" \/>\n<meta name=\"twitter:label1\" content=\"Napisane przez\" \/>\n\t<meta name=\"twitter:data1\" content=\"Filip\" \/>\n\t<meta name=\"twitter:label2\" content=\"Szacowany czas czytania\" \/>\n\t<meta name=\"twitter:data2\" content=\"3 minuty\" \/>\n<script type=\"application\/ld+json\" class=\"yoast-schema-graph\">{\"@context\":\"https:\/\/schema.org\",\"@graph\":[{\"@type\":\"Article\",\"@id\":\"https:\/\/www.pogotowieflagowe.pl\/aktualne\/polska-pod-cisnieniem-migracyjnym-tarczynski-wymaga-bariery-granicznej-i-obecnosci-wojskowej\/#article\",\"isPartOf\":{\"@id\":\"https:\/\/www.pogotowieflagowe.pl\/aktualne\/polska-pod-cisnieniem-migracyjnym-tarczynski-wymaga-bariery-granicznej-i-obecnosci-wojskowej\/\"},\"author\":{\"name\":\"Filip\",\"@id\":\"https:\/\/www.pogotowieflagowe.pl\/aktualne\/#\/schema\/person\/9c2fb7d2362ebf6fa088960d7f0d27b0\"},\"headline\":\"Polska pod ci\u015bnieniem migracyjnym. Tarczy\u0144ski wymaga bariery granicznej i obecno\u015bci wojskowej\",\"datePublished\":\"2025-07-18T20:48:33+00:00\",\"dateModified\":\"2025-07-18T20:48:34+00:00\",\"mainEntityOfPage\":{\"@id\":\"https:\/\/www.pogotowieflagowe.pl\/aktualne\/polska-pod-cisnieniem-migracyjnym-tarczynski-wymaga-bariery-granicznej-i-obecnosci-wojskowej\/\"},\"wordCount\":629,\"publisher\":{\"@id\":\"https:\/\/www.pogotowieflagowe.pl\/aktualne\/#organization\"},\"image\":{\"@id\":\"https:\/\/www.pogotowieflagowe.pl\/aktualne\/polska-pod-cisnieniem-migracyjnym-tarczynski-wymaga-bariery-granicznej-i-obecnosci-wojskowej\/#primaryimage\"},\"thumbnailUrl\":\"https:\/\/www.pogotowieflagowe.pl\/aktualne\/wp-content\/uploads\/2025\/07\/Polska-pod-cisnieniem-migracyjnym-Tarczynski-wymaga-bariery-granicznej-i-obecnosci.jpg\",\"keywords\":[\"bariery\",\"ci\u015bnieniem\",\"granicznej\",\"migracyjnym\",\"obecno\u015bci\",\"pod\",\"polska\",\"Tarczy\u0144ski\",\"wojskowej\",\"wymaga\"],\"articleSection\":[\"Aktualne\"],\"inLanguage\":\"pl-PL\"},{\"@type\":\"WebPage\",\"@id\":\"https:\/\/www.pogotowieflagowe.pl\/aktualne\/polska-pod-cisnieniem-migracyjnym-tarczynski-wymaga-bariery-granicznej-i-obecnosci-wojskowej\/\",\"url\":\"https:\/\/www.pogotowieflagowe.pl\/aktualne\/polska-pod-cisnieniem-migracyjnym-tarczynski-wymaga-bariery-granicznej-i-obecnosci-wojskowej\/\",\"name\":\"Polska pod ci\u015bnieniem migracyjnym. Tarczy\u0144ski wymaga bariery granicznej i obecno\u015bci wojskowej - POGOTOWIE FLAGOWE\u00ae\",\"isPartOf\":{\"@id\":\"https:\/\/www.pogotowieflagowe.pl\/aktualne\/#website\"},\"primaryImageOfPage\":{\"@id\":\"https:\/\/www.pogotowieflagowe.pl\/aktualne\/polska-pod-cisnieniem-migracyjnym-tarczynski-wymaga-bariery-granicznej-i-obecnosci-wojskowej\/#primaryimage\"},\"image\":{\"@id\":\"https:\/\/www.pogotowieflagowe.pl\/aktualne\/polska-pod-cisnieniem-migracyjnym-tarczynski-wymaga-bariery-granicznej-i-obecnosci-wojskowej\/#primaryimage\"},\"thumbnailUrl\":\"https:\/\/www.pogotowieflagowe.pl\/aktualne\/wp-content\/uploads\/2025\/07\/Polska-pod-cisnieniem-migracyjnym-Tarczynski-wymaga-bariery-granicznej-i-obecnosci.jpg\",\"datePublished\":\"2025-07-18T20:48:33+00:00\",\"dateModified\":\"2025-07-18T20:48:34+00:00\",\"breadcrumb\":{\"@id\":\"https:\/\/www.pogotowieflagowe.pl\/aktualne\/polska-pod-cisnieniem-migracyjnym-tarczynski-wymaga-bariery-granicznej-i-obecnosci-wojskowej\/#breadcrumb\"},\"inLanguage\":\"pl-PL\",\"potentialAction\":[{\"@type\":\"ReadAction\",\"target\":[\"https:\/\/www.pogotowieflagowe.pl\/aktualne\/polska-pod-cisnieniem-migracyjnym-tarczynski-wymaga-bariery-granicznej-i-obecnosci-wojskowej\/\"]}]},{\"@type\":\"ImageObject\",\"inLanguage\":\"pl-PL\",\"@id\":\"https:\/\/www.pogotowieflagowe.pl\/aktualne\/polska-pod-cisnieniem-migracyjnym-tarczynski-wymaga-bariery-granicznej-i-obecnosci-wojskowej\/#primaryimage\",\"url\":\"https:\/\/www.pogotowieflagowe.pl\/aktualne\/wp-content\/uploads\/2025\/07\/Polska-pod-cisnieniem-migracyjnym-Tarczynski-wymaga-bariery-granicznej-i-obecnosci.jpg\",\"contentUrl\":\"https:\/\/www.pogotowieflagowe.pl\/aktualne\/wp-content\/uploads\/2025\/07\/Polska-pod-cisnieniem-migracyjnym-Tarczynski-wymaga-bariery-granicznej-i-obecnosci.jpg\",\"width\":1280,\"height\":720,\"caption\":\"Polska pod ci\u015bnieniem migracyjnym. Tarczy\u0144ski wymaga bariery granicznej i obecno\u015bci wojskowej\"},{\"@type\":\"BreadcrumbList\",\"@id\":\"https:\/\/www.pogotowieflagowe.pl\/aktualne\/polska-pod-cisnieniem-migracyjnym-tarczynski-wymaga-bariery-granicznej-i-obecnosci-wojskowej\/#breadcrumb\",\"itemListElement\":[{\"@type\":\"ListItem\",\"position\":1,\"name\":\"Home\",\"item\":\"https:\/\/www.pogotowieflagowe.pl\/aktualne\/\"},{\"@type\":\"ListItem\",\"position\":2,\"name\":\"Polska pod ci\u015bnieniem migracyjnym. Tarczy\u0144ski wymaga bariery granicznej i obecno\u015bci wojskowej\"}]},{\"@type\":\"WebSite\",\"@id\":\"https:\/\/www.pogotowieflagowe.pl\/aktualne\/#website\",\"url\":\"https:\/\/www.pogotowieflagowe.pl\/aktualne\/\",\"name\":\"POGOTOWIE FLAGOWE\u00ae\",\"description\":\"\",\"publisher\":{\"@id\":\"https:\/\/www.pogotowieflagowe.pl\/aktualne\/#organization\"},\"potentialAction\":[{\"@type\":\"SearchAction\",\"target\":{\"@type\":\"EntryPoint\",\"urlTemplate\":\"https:\/\/www.pogotowieflagowe.pl\/aktualne\/?s={search_term_string}\"},\"query-input\":\"required name=search_term_string\"}],\"inLanguage\":\"pl-PL\"},{\"@type\":\"Organization\",\"@id\":\"https:\/\/www.pogotowieflagowe.pl\/aktualne\/#organization\",\"name\":\"POGOTOWIE FLAGOWE\u00ae\",\"url\":\"https:\/\/www.pogotowieflagowe.pl\/aktualne\/\",\"logo\":{\"@type\":\"ImageObject\",\"inLanguage\":\"pl-PL\",\"@id\":\"https:\/\/www.pogotowieflagowe.pl\/aktualne\/#\/schema\/logo\/image\/\",\"url\":\"https:\/\/www.pogotowieflagowe.pl\/aktualne\/wp-content\/uploads\/2024\/08\/cropped-pogotowieflagowe_flaga_projekt_sm.jpg\",\"contentUrl\":\"https:\/\/www.pogotowieflagowe.pl\/aktualne\/wp-content\/uploads\/2024\/08\/cropped-pogotowieflagowe_flaga_projekt_sm.jpg\",\"width\":250,\"height\":143,\"caption\":\"POGOTOWIE FLAGOWE\u00ae\"},\"image\":{\"@id\":\"https:\/\/www.pogotowieflagowe.pl\/aktualne\/#\/schema\/logo\/image\/\"}},{\"@type\":\"Person\",\"@id\":\"https:\/\/www.pogotowieflagowe.pl\/aktualne\/#\/schema\/person\/9c2fb7d2362ebf6fa088960d7f0d27b0\",\"name\":\"Filip\",\"image\":{\"@type\":\"ImageObject\",\"inLanguage\":\"pl-PL\",\"@id\":\"https:\/\/www.pogotowieflagowe.pl\/aktualne\/#\/schema\/person\/image\/\",\"url\":\"https:\/\/www.pogotowieflagowe.pl\/aktualne\/wp-content\/uploads\/2024\/08\/pogotowieflagowe.pl_.jpg\",\"contentUrl\":\"https:\/\/www.pogotowieflagowe.pl\/aktualne\/wp-content\/uploads\/2024\/08\/pogotowieflagowe.pl_.jpg\",\"caption\":\"Filip\"},\"description\":\"Jestem Filip, polski dziennikarz z dyplomem nauk politycznych Uniwersytetu Warszawskiego. Rozpoczynaj\u0105c swoj\u0105 karier\u0119 w r\u00f3\u017cnych lokalnych mediach, zdoby\u0142em solidne do\u015bwiadczenie w zakresie \u015bledztwa i redakcji. Obecnie jako redaktor w Pogotowie flagowe, staram si\u0119 dostarcza\u0107 dog\u0142\u0119bne i istotne analizy na temat najwa\u017cniejszych kwestii aktualno\u015bci, \u0142\u0105cz\u0105c rygor z pasj\u0105 dziennikarsk\u0105.\",\"sameAs\":[\"https:\/\/www.pogotowieflagowe.pl\/\"]}]}<\/script>\n<!-- \/ Yoast SEO plugin. -->","yoast_head_json":{"title":"Polska pod ci\u015bnieniem migracyjnym. Tarczy\u0144ski wymaga bariery granicznej i obecno\u015bci wojskowej - POGOTOWIE FLAGOWE\u00ae","robots":{"index":"index","follow":"follow","max-snippet":"max-snippet:-1","max-image-preview":"max-image-preview:large","max-video-preview":"max-video-preview:-1"},"canonical":"https:\/\/www.pogotowieflagowe.pl\/aktualne\/polska-pod-cisnieniem-migracyjnym-tarczynski-wymaga-bariery-granicznej-i-obecnosci-wojskowej\/","og_locale":"pl_PL","og_type":"article","og_title":"Polska pod ci\u015bnieniem migracyjnym. Tarczy\u0144ski wymaga bariery granicznej i obecno\u015bci wojskowej - POGOTOWIE FLAGOWE\u00ae","og_description":"Dominik Tarczy\u0144ski, cz\u0142onek Parlamentu Europejskiego z Partii Prawa i Sprawiedliwo\u015bci (PIS), mocno m\u00f3wi\u0142 o migracji i o tym, jak sobie","og_url":"https:\/\/www.pogotowieflagowe.pl\/aktualne\/polska-pod-cisnieniem-migracyjnym-tarczynski-wymaga-bariery-granicznej-i-obecnosci-wojskowej\/","og_site_name":"POGOTOWIE FLAGOWE\u00ae","article_published_time":"2025-07-18T20:48:33+00:00","article_modified_time":"2025-07-18T20:48:34+00:00","og_image":[{"width":1280,"height":720,"url":"https:\/\/www.pogotowieflagowe.pl\/aktualne\/wp-content\/uploads\/2025\/07\/Polska-pod-cisnieniem-migracyjnym-Tarczynski-wymaga-bariery-granicznej-i-obecnosci.jpg","type":"image\/jpeg"}],"author":"Filip","twitter_card":"summary_large_image","twitter_misc":{"Napisane przez":"Filip","Szacowany czas czytania":"3 minuty"},"schema":{"@context":"https:\/\/schema.org","@graph":[{"@type":"Article","@id":"https:\/\/www.pogotowieflagowe.pl\/aktualne\/polska-pod-cisnieniem-migracyjnym-tarczynski-wymaga-bariery-granicznej-i-obecnosci-wojskowej\/#article","isPartOf":{"@id":"https:\/\/www.pogotowieflagowe.pl\/aktualne\/polska-pod-cisnieniem-migracyjnym-tarczynski-wymaga-bariery-granicznej-i-obecnosci-wojskowej\/"},"author":{"name":"Filip","@id":"https:\/\/www.pogotowieflagowe.pl\/aktualne\/#\/schema\/person\/9c2fb7d2362ebf6fa088960d7f0d27b0"},"headline":"Polska pod ci\u015bnieniem migracyjnym. Tarczy\u0144ski wymaga bariery granicznej i obecno\u015bci wojskowej","datePublished":"2025-07-18T20:48:33+00:00","dateModified":"2025-07-18T20:48:34+00:00","mainEntityOfPage":{"@id":"https:\/\/www.pogotowieflagowe.pl\/aktualne\/polska-pod-cisnieniem-migracyjnym-tarczynski-wymaga-bariery-granicznej-i-obecnosci-wojskowej\/"},"wordCount":629,"publisher":{"@id":"https:\/\/www.pogotowieflagowe.pl\/aktualne\/#organization"},"image":{"@id":"https:\/\/www.pogotowieflagowe.pl\/aktualne\/polska-pod-cisnieniem-migracyjnym-tarczynski-wymaga-bariery-granicznej-i-obecnosci-wojskowej\/#primaryimage"},"thumbnailUrl":"https:\/\/www.pogotowieflagowe.pl\/aktualne\/wp-content\/uploads\/2025\/07\/Polska-pod-cisnieniem-migracyjnym-Tarczynski-wymaga-bariery-granicznej-i-obecnosci.jpg","keywords":["bariery","ci\u015bnieniem","granicznej","migracyjnym","obecno\u015bci","pod","polska","Tarczy\u0144ski","wojskowej","wymaga"],"articleSection":["Aktualne"],"inLanguage":"pl-PL"},{"@type":"WebPage","@id":"https:\/\/www.pogotowieflagowe.pl\/aktualne\/polska-pod-cisnieniem-migracyjnym-tarczynski-wymaga-bariery-granicznej-i-obecnosci-wojskowej\/","url":"https:\/\/www.pogotowieflagowe.pl\/aktualne\/polska-pod-cisnieniem-migracyjnym-tarczynski-wymaga-bariery-granicznej-i-obecnosci-wojskowej\/","name":"Polska pod ci\u015bnieniem migracyjnym. Tarczy\u0144ski wymaga bariery granicznej i obecno\u015bci wojskowej - POGOTOWIE FLAGOWE\u00ae","isPartOf":{"@id":"https:\/\/www.pogotowieflagowe.pl\/aktualne\/#website"},"primaryImageOfPage":{"@id":"https:\/\/www.pogotowieflagowe.pl\/aktualne\/polska-pod-cisnieniem-migracyjnym-tarczynski-wymaga-bariery-granicznej-i-obecnosci-wojskowej\/#primaryimage"},"image":{"@id":"https:\/\/www.pogotowieflagowe.pl\/aktualne\/polska-pod-cisnieniem-migracyjnym-tarczynski-wymaga-bariery-granicznej-i-obecnosci-wojskowej\/#primaryimage"},"thumbnailUrl":"https:\/\/www.pogotowieflagowe.pl\/aktualne\/wp-content\/uploads\/2025\/07\/Polska-pod-cisnieniem-migracyjnym-Tarczynski-wymaga-bariery-granicznej-i-obecnosci.jpg","datePublished":"2025-07-18T20:48:33+00:00","dateModified":"2025-07-18T20:48:34+00:00","breadcrumb":{"@id":"https:\/\/www.pogotowieflagowe.pl\/aktualne\/polska-pod-cisnieniem-migracyjnym-tarczynski-wymaga-bariery-granicznej-i-obecnosci-wojskowej\/#breadcrumb"},"inLanguage":"pl-PL","potentialAction":[{"@type":"ReadAction","target":["https:\/\/www.pogotowieflagowe.pl\/aktualne\/polska-pod-cisnieniem-migracyjnym-tarczynski-wymaga-bariery-granicznej-i-obecnosci-wojskowej\/"]}]},{"@type":"ImageObject","inLanguage":"pl-PL","@id":"https:\/\/www.pogotowieflagowe.pl\/aktualne\/polska-pod-cisnieniem-migracyjnym-tarczynski-wymaga-bariery-granicznej-i-obecnosci-wojskowej\/#primaryimage","url":"https:\/\/www.pogotowieflagowe.pl\/aktualne\/wp-content\/uploads\/2025\/07\/Polska-pod-cisnieniem-migracyjnym-Tarczynski-wymaga-bariery-granicznej-i-obecnosci.jpg","contentUrl":"https:\/\/www.pogotowieflagowe.pl\/aktualne\/wp-content\/uploads\/2025\/07\/Polska-pod-cisnieniem-migracyjnym-Tarczynski-wymaga-bariery-granicznej-i-obecnosci.jpg","width":1280,"height":720,"caption":"Polska pod ci\u015bnieniem migracyjnym. Tarczy\u0144ski wymaga bariery granicznej i obecno\u015bci wojskowej"},{"@type":"BreadcrumbList","@id":"https:\/\/www.pogotowieflagowe.pl\/aktualne\/polska-pod-cisnieniem-migracyjnym-tarczynski-wymaga-bariery-granicznej-i-obecnosci-wojskowej\/#breadcrumb","itemListElement":[{"@type":"ListItem","position":1,"name":"Home","item":"https:\/\/www.pogotowieflagowe.pl\/aktualne\/"},{"@type":"ListItem","position":2,"name":"Polska pod ci\u015bnieniem migracyjnym. Tarczy\u0144ski wymaga bariery granicznej i obecno\u015bci wojskowej"}]},{"@type":"WebSite","@id":"https:\/\/www.pogotowieflagowe.pl\/aktualne\/#website","url":"https:\/\/www.pogotowieflagowe.pl\/aktualne\/","name":"POGOTOWIE FLAGOWE\u00ae","description":"","publisher":{"@id":"https:\/\/www.pogotowieflagowe.pl\/aktualne\/#organization"},"potentialAction":[{"@type":"SearchAction","target":{"@type":"EntryPoint","urlTemplate":"https:\/\/www.pogotowieflagowe.pl\/aktualne\/?s={search_term_string}"},"query-input":"required name=search_term_string"}],"inLanguage":"pl-PL"},{"@type":"Organization","@id":"https:\/\/www.pogotowieflagowe.pl\/aktualne\/#organization","name":"POGOTOWIE FLAGOWE\u00ae","url":"https:\/\/www.pogotowieflagowe.pl\/aktualne\/","logo":{"@type":"ImageObject","inLanguage":"pl-PL","@id":"https:\/\/www.pogotowieflagowe.pl\/aktualne\/#\/schema\/logo\/image\/","url":"https:\/\/www.pogotowieflagowe.pl\/aktualne\/wp-content\/uploads\/2024\/08\/cropped-pogotowieflagowe_flaga_projekt_sm.jpg","contentUrl":"https:\/\/www.pogotowieflagowe.pl\/aktualne\/wp-content\/uploads\/2024\/08\/cropped-pogotowieflagowe_flaga_projekt_sm.jpg","width":250,"height":143,"caption":"POGOTOWIE FLAGOWE\u00ae"},"image":{"@id":"https:\/\/www.pogotowieflagowe.pl\/aktualne\/#\/schema\/logo\/image\/"}},{"@type":"Person","@id":"https:\/\/www.pogotowieflagowe.pl\/aktualne\/#\/schema\/person\/9c2fb7d2362ebf6fa088960d7f0d27b0","name":"Filip","image":{"@type":"ImageObject","inLanguage":"pl-PL","@id":"https:\/\/www.pogotowieflagowe.pl\/aktualne\/#\/schema\/person\/image\/","url":"https:\/\/www.pogotowieflagowe.pl\/aktualne\/wp-content\/uploads\/2024\/08\/pogotowieflagowe.pl_.jpg","contentUrl":"https:\/\/www.pogotowieflagowe.pl\/aktualne\/wp-content\/uploads\/2024\/08\/pogotowieflagowe.pl_.jpg","caption":"Filip"},"description":"Jestem Filip, polski dziennikarz z dyplomem nauk politycznych Uniwersytetu Warszawskiego. Rozpoczynaj\u0105c swoj\u0105 karier\u0119 w r\u00f3\u017cnych lokalnych mediach, zdoby\u0142em solidne do\u015bwiadczenie w zakresie \u015bledztwa i redakcji. Obecnie jako redaktor w Pogotowie flagowe, staram si\u0119 dostarcza\u0107 dog\u0142\u0119bne i istotne analizy na temat najwa\u017cniejszych kwestii aktualno\u015bci, \u0142\u0105cz\u0105c rygor z pasj\u0105 dziennikarsk\u0105.","sameAs":["https:\/\/www.pogotowieflagowe.pl\/"]}]}},"_links":{"self":[{"href":"https:\/\/www.pogotowieflagowe.pl\/aktualne\/wp-json\/wp\/v2\/posts\/6766","targetHints":{"allow":["GET"]}}],"collection":[{"href":"https:\/\/www.pogotowieflagowe.pl\/aktualne\/wp-json\/wp\/v2\/posts"}],"about":[{"href":"https:\/\/www.pogotowieflagowe.pl\/aktualne\/wp-json\/wp\/v2\/types\/post"}],"author":[{"embeddable":true,"href":"https:\/\/www.pogotowieflagowe.pl\/aktualne\/wp-json\/wp\/v2\/users\/1"}],"replies":[{"embeddable":true,"href":"https:\/\/www.pogotowieflagowe.pl\/aktualne\/wp-json\/wp\/v2\/comments?post=6766"}],"version-history":[{"count":1,"href":"https:\/\/www.pogotowieflagowe.pl\/aktualne\/wp-json\/wp\/v2\/posts\/6766\/revisions"}],"predecessor-version":[{"id":6768,"href":"https:\/\/www.pogotowieflagowe.pl\/aktualne\/wp-json\/wp\/v2\/posts\/6766\/revisions\/6768"}],"wp:featuredmedia":[{"embeddable":true,"href":"https:\/\/www.pogotowieflagowe.pl\/aktualne\/wp-json\/wp\/v2\/media\/6767"}],"wp:attachment":[{"href":"https:\/\/www.pogotowieflagowe.pl\/aktualne\/wp-json\/wp\/v2\/media?parent=6766"}],"wp:term":[{"taxonomy":"category","embeddable":true,"href":"https:\/\/www.pogotowieflagowe.pl\/aktualne\/wp-json\/wp\/v2\/categories?post=6766"},{"taxonomy":"post_tag","embeddable":true,"href":"https:\/\/www.pogotowieflagowe.pl\/aktualne\/wp-json\/wp\/v2\/tags?post=6766"}],"curies":[{"name":"wp","href":"https:\/\/api.w.org\/{rel}","templated":true}]}}