{"id":6778,"date":"2025-07-19T10:47:13","date_gmt":"2025-07-19T08:47:13","guid":{"rendered":"https:\/\/www.pogotowieflagowe.pl\/aktualne\/pemyslaw-czarnek-dla-gazeta-polska-musimy-zerwac-z-trzecia-republika-plan-nowej-konstytucji\/"},"modified":"2025-07-19T10:47:14","modified_gmt":"2025-07-19T08:47:14","slug":"pemyslaw-czarnek-dla-gazeta-polska-musimy-zerwac-z-trzecia-republika-plan-nowej-konstytucji","status":"publish","type":"post","link":"https:\/\/www.pogotowieflagowe.pl\/aktualne\/pemyslaw-czarnek-dla-gazeta-polska-musimy-zerwac-z-trzecia-republika-plan-nowej-konstytucji\/","title":{"rendered":"Pemys\u0142aw Czarnek dla Gazeta Polska: \u201eMusimy zerwa\u0107 z trzeci\u0105 republik\u0105. Plan nowej konstytucji\u201d"},"content":{"rendered":"\n<div class=\"td_block_wrap tdb_single_content tdi_41 td-pb-border-top td_block_template_8 td-post-content tagdiv-type\" data-td-block-uid=\"tdi_41\">\n<style>.tdi_41 {margin-top: 0px! Wa\u017cne; margines-bottom: 0px! WA\u017bNY; PALDING-TOP: 0PX! WA\u017bNY; PALDING-BOTTOM: 0PX! WA\u017bNE}<\/style>\n<style>.tdb_single_content {margin-bottom: 0;*zoom: 1} .tdb_single_content: wcze\u015bniej, .tdb_single_content: po {display: Table; content: ''; line-height: 0} .TDB-BLOCK-INner>*: nie (.WP-BLOCK-QUOTE): not (.alignSwide): not (.Alignfull.wp-block-cover.has-parallax): not (.td-a-ad) {margin-left: auto; margin-right: auto} .tdb_single_ConTent a {wska\u017anik-events: auto} .tdb_single_content .td-spot-id-top_ad .tdc-placeholder-title: przed {content: \u201eArtyku\u0142 top ad\u201d! Wa\u017cne} .tdb_single_content .td-Spot-Id-inline_ad0 .tdc-placeholder-title 1 '! Wa\u017cne} .tdb_single_content .td-Spot-Id-inline_Ad1 .tdc-Placeholder-Title: przed {content: \u201eArtyku\u0142 inline AD 2'! Wa\u017cny} .tdb_single_content. 3 '! Wa\u017cne} .tdb_single_content .td-Spot-Id-Bottom_Ad .tdc-Placeholder-Title: przed {content: \u201eArtyku\u0142 Bottom Ad\u201d! Wa\u017cne} .tdb_single_content .id_top_ad, .tdb_single_content_content .id_bottom_ad {clear: oba; margin-bottom: 21px; text-align: Center} .tdb_single_content .id_top_ad img, .tdb_single_content .id_bottom_ad img {margin-bottom: 0} .tdb_single_conTent .id_top_ad .adsbyGoogle, .tdb_single_content .id_bottom_ad .adsbyGoogle {pozycja: relatyw} .tdb_single_content .id_ad_content-horiz-left, .tdb_single_content .id_ad_content-horiz-right, .tdb_single_content .id_ad_content-horiz-Center {margin-bottom: 15px} .tdb_single_content .id_ad_content-horiz-left Img, .tdb_single_content .id_ad_content-horiz-right img, .tdb_single_content .id_ad_content-horiz-centerter img {margin-bottom: 0} .tdb_single_content .id_ad_content-horiz-center {text-align: Center} .tdb_single_content .id_ad_content-horiz-center img {margin-right: auto; margin-let: auto} .tdb_single_content .id_ad_content-horiz-left {float: left; margin-top: 9px; margin-right: 21px} .tdb_single_content .id_ad_content-horiz-right {float: margin-top: 6px; margin-left: 21px} .tdb_single_content .tdc-a-a-ad .TDC-Placeholder-Title {szeroko\u015b\u0107: 300px; height: 250px} .tdb_single_content .tdc-a-ad .TDC-Placeholder-Title: Przed {Pozycja: Absolute; TOP: 50%;-WebKit-Transform: Translatey (-50%); Transform: Translatey (-50%); margines: auto; Display: Tabela; szeroko\u015b\u0107: 100%}. tdb_single_content .TDB-BLOCK-INNER.TD-FIX-INDEX {Word-Break: Break-word} .tdi_41, .tdi_41> p, .tdi_41 .tdb-block-inner> p, .Wp-Block-Column> p {font-size: 16px! Wa\u017cne; wa\u017cny; p {font-styl: normalne! Wa\u017cne} @media (Max-Width: 767px) {. tdb_single_content .id_ad_content-horiz-left, .tdb_single_content .id_ad_content-horiz-right, .tdb_single_content .id_ad_content-horiz-centter {Margin: 0 AUTO 26PXX auto}}@media (Max-Width: 767px) {. tdb_single_content .id_ad_content-horiz-left {margin-right: 0}}@media (max-width: 767px) {. (Max-Width: 767px) {. tdb_single_content .td-a-ad {float: none; text-align: Center} .tdb_single_content .td-a-ad img {margin-right: auto; margin-left: auto} .tdb_single_content .tdc-a-a-a-{margin-right: auto; margin-left: auto} .tdb_single_content .tdd<\/style>\n<div class=\"tdb-block-inner td-fix-index\">\n<p>\u201e\u0141amanie z trzeci\u0105 Republik\u0105 oznacza r\u00f3wnie\u017c zmian\u0119 systemu zarz\u0105dzania w Polsce, poniewa\u017c obecny system jest niezwykle szkodliwy dla kraju. W nowej rzeczywisto\u015bci potrzebujemy nowej konstytucji\u201d, m\u00f3wi by\u0142y minister edukacji narodowej i pose\u0142 PIS Prof. Pzemys\u0142aw Czarnek w wywiadzie dla wywiadu z <em>Gazeta Polska<\/em>. Polityk przewiduje trudn\u0105 wsp\u00f3\u0142prac\u0119 mi\u0119dzy Karol Nawrocki i obecnym rz\u0105dem i obiecuje przywr\u00f3ci\u0107 obowi\u0105zkow\u0105 prac\u0119 domow\u0105 w szko\u0142ach, je\u015bli w\u0142a\u015bciwe powr\u00f3ci do w\u0142adzy.<\/p>\n<p><strong>PIS proponuje prace nad now\u0105 konstytucj\u0105, kt\u00f3rej kontury opozycji ma om\u00f3wi\u0107 po lecie. Co powinno obejmowa\u0107 nowe podstawowe prawo? Czy b\u0119dzie to ca\u0142kowita przerwa z trzeci\u0105 republik\u0105?<\/strong><\/p>\n<p>Je\u015bli pojawi si\u0119 sytuacja, \u017ce w nast\u0119pnej kadencji parlamentarnej wi\u0119kszo\u015b\u0107 konstytucyjna zostanie osi\u0105gni\u0119ta zar\u00f3wno w Sejm, jak i w Senacie, to tak &#8211; by\u0142oby to w\u0142a\u015bciwy moment, aby zdecydowa\u0107 si\u0119 na decyduj\u0105ce zerwanie z Trzeci\u0105 Republik\u0105. \u0141amanie z trzeci\u0105 republik\u0105 oznacza r\u00f3wnie\u017c zmian\u0119 systemu zarz\u0105dzania w Polsce, poniewa\u017c obecny jest niezwykle szkodliwy. Mamy do czynienia z systemami konstytucyjnymi mi\u0119dzy systemami prezydenckich, p\u00f3\u0142przewodnikowych i parlamentarnych-i z \u201eznokautymi z\u0119bami\u201d, \u017ce tak powiem, dotycz\u0105ce uprawnie\u0144 prezydenta. Wymaga to szerszej reformy. Jak wspomnia\u0142e\u015b redaktor &#8211; musi to by\u0107 jednoznaczna przerwa z trzeci\u0105 republik\u0105.<\/p>\n<p><strong>Konstytucja jest niejasna, je\u015bli chodzi o obowi\u0105zki polityki zagranicznej dzielone mi\u0119dzy rz\u0105dem a prezydentem, a orzeczenie Trybuna\u0142u Konstytucyjnego podczas prezydentury Lecha Kaczy\u0144skiego by\u0142o kompromisem solomonicznym. Trybuna\u0142 orzek\u0142, \u017ce premier okre\u015bla stanowisko Polski w UE, ale prezydent mo\u017ce uczestniczy\u0107 w szczytach, je\u017celi uzna to za w\u0142a\u015bciwe w ramach wsp\u00f3\u0142pracy mi\u0119dzy w\u0142adzami pa\u0144stwowymi. Czy PI wyja\u015bni te przepisy?<\/strong><\/p>\n<p>W\u0142a\u015bnie o tym mia\u0142em na my\u015bli. Jest to system zarz\u0105dzania &#8211; forma parlamentaryzmu z elementami prezydencji, jak to nazywa w literaturze akademickiej. Ale w tym przypadku, zgodnie z obecn\u0105 konstytucj\u0105, nie ma to nic wsp\u00f3lnego z racjonalnym zarz\u0105dzaniem. Jest to po prostu wynik opracowania konstytucji najpierw w opozycji do Lecha Wa\u0142\u0119sa, a nast\u0119pnie dostosowania go do Aleksandra Kwa\u015bniewskiego po zwyci\u0119stwie postkomunistycznym w wyborach prezydenckich w 1995 r. Z tego wynika r\u00f3wnie\u017c dwuznaczno\u015b\u0107 w prowadzeniu polityki zagranicznej. Z jednej strony, zgodnie z art. 126 Konstytucji, Prezydent jest najwy\u017cszym przedstawicielem Republiki Polski, czyni\u0105c go szefem delegacji zagranicznych, misji itp. Z drugiej strony, art. 146, paragraf 4 wyra\u017anie stwierdza, \u017ce Rada Ministr\u00f3w prowadzi zar\u00f3wno polityk\u0119 wewn\u0119trzn\u0105, jak i zagraniczn\u0105. Ta sprzeczno\u015b\u0107 powoduje liczne komplikacje i nieporozumienia. Przypomn\u0119 ci, \u017ce jedn\u0105 z konsekwencji tego zamieszania by\u0142a tragedia Smolena w dniu 10 kwietnia 2010 r. I oddzielenie wizyt premiera i szefa pa\u0144stwa do Katyn. Gdyby istnia\u0142 normalny, funkcjonalny system zarz\u0105dzania &#8211; opr\u00f3cz wszystkich innych przyczyn, takich jak zdrada lub akty przest\u0119pcze &#8211; \u017ce katastrof\u0119 mo\u017cna by\u0142o unikn\u0105\u0107.<\/p>\n<p><strong>Aby zmieni\u0107 konstytucj\u0119, potrzebujesz dw\u00f3ch trzecich g\u0142os\u00f3w-307 g\u0142os\u00f3w. PIS ma 189 MPS, Konfederacja 16. Jeste\u015b ponad 100 g\u0142os\u00f3w. W tym terminie nie jest to mo\u017cliwe.<\/strong><\/p>\n<p>Rzeczywi\u015bcie by\u0142oby to niezwykle z\u0142o\u017cone zadanie. Musisz przekona\u0107 i \u201ezebra\u0107\u201d du\u017c\u0105 liczb\u0119 pos\u0142\u00f3w. Nie wierz\u0119, \u017ce taka zmiana konstytucyjna jest mo\u017cliwa w tym okresie.<\/p>\n<p><strong>Niedawno by\u0142o du\u017co ha\u0142asu wok\u00f3\u0142 Szymon Ha\u0142ownia. Kr\u0119gi liberalni nazywaj\u0105 go zdrajc\u0105, por\u00f3wnuj\u0105c go z Paw\u0142odem Kukizem po jego spotkaniach z Jaroz\u0142awem Kaczy\u0144skim i Adamem Bielanem. M\u00f3wca SEJM jest regularnie poddawany zniewagom, zw\u0142aszcza po opozycji Polski w 2050 r. W g\u0142osowaniu w sprawie polityki mieszkaniowej. Czy spr\u00f3bujesz obali\u0107 koalicj\u0119 rz\u0105dz\u0105c\u0105?<\/strong><\/p>\n<p>Je\u015bli mieliby\u015bmy zastosowa\u0107 teori\u0119 prawdopodobie\u0144stwa, najbardziej prawdopodobnym scenariuszem jest to, \u017ce koalicja z Donaldem Tuskiem przetrwa do 2027 r. B\u0119dzie coraz bardziej niestabilna &#8211; jest ju\u017c bardzo dr\u017c\u0105ca &#8211; ale przetrwa. Jednak nie jest r\u00f3wnie\u017c nieprawdopodobne, \u017ce obecny ob\u00f3z rz\u0105dz\u0105cy mo\u017ce upa\u015b\u0107 jak dom kart, nawet w tym roku. W takim przypadku rzeczywi\u015bcie musieliby\u015bmy porozmawia\u0107 z Polsk\u0105 2050 o tym, co dalej. Gdyby koalicja rozpadnie si\u0119, potrzebna by\u0142aby nowa, konstruktywna koalicja &#8211; lub, na przyk\u0142ad, prezydent mo\u017ce zadzwoni\u0107 do wczesnych wybor\u00f3w na wiosn\u0119 z powodu braku uchwalenia bud\u017cetu. Z prawnego punktu widzenia istnieje r\u00f3wnie\u017c opcja rozwi\u0105zania SEJM &#8211; cho\u0107 jest to najmniej prawdopodobny scenariusz. Mimo to nic nie jest poza tabel\u0105 &#8211; wszystkie opcje pozostaj\u0105 mo\u017cliwe.<\/p>\n<p><strong>Je\u015bli osi\u0105gniesz porozumienie z Polsk\u0105 2050 r., Czy politycy tacy jak Szymon Ha\u0142ownia &#8211; kt\u00f3rzy na przyk\u0142ad uczestniczyli w nieudanej pr\u00f3bie rozwi\u0105zania mandat\u00f3w Mariusza Kami\u0144skiego i Maciej W\u0105sik &#8211; otrzymaj\u0105 zwalczanie w przysz\u0142o\u015bci?<\/strong><\/p>\n<p>To bardzo szczeg\u00f3\u0142owe pytanie, kt\u00f3re wygl\u0105da daleko w przysz\u0142o\u015b\u0107 i trudno jest udzieli\u0107 ostatecznej odpowiedzi. Ale mog\u0119 ci\u0119 zapewni\u0107: nikt, kto pope\u0142nia przest\u0119pstwa, nie mo\u017ce pozosta\u0107 bezkarne. To jest absolutnie jasne. Dodam jednak, \u017ce tworzenie koalicji jest tak\u017ce sztuk\u0105 tworzenia pewnych kompromis\u00f3w w dziedzinie polityki.<\/p>\n<figure class=\"wp-block-embed is-type-rich is-provider-twitter wp-block-embed-twitter\">\n<div class=\"wp-block-embed__wrapper\">\n<blockquote class=\"twitter-tweet\" data-width=\"550\" data-dnt=\"true\">\n<p lang=\"pl\" dir=\"ltr\">JEM JEST! Nowy Numer Tygodnika <a rel=\"nofollow\" href=\"https:\/\/twitter.com\/hashtag\/GazetaPolska?src=hash&amp;ref_src=twsrc%5Etfw\">#Gazetapolska<\/a>!<\/p>\n<p>TEMAT NUMERU: JAK PREZYDENT ZMIENI POLSK\u0119<\/p>\n<p>ZOBAZ CO JESZCZE PZUCOTOWALISMY. <br \/>Wi\u0119cej na https:\/\/t.co\/zvugl4jq7k <a rel=\"nofollow\" href=\"https:\/\/t.co\/MQuvzDRDrh\">pic.twitter.com\/mquvzdrh<\/a><\/p>\n<p>&#8211; Gazeta Polska &#8211; W Ka\u017cd\u0105 \u015brod\u0119 (@gptygodnik) <a rel=\"nofollow\" href=\"https:\/\/twitter.com\/GPtygodnik\/status\/1945323707649437712?ref_src=twsrc%5Etfw\">16 lipca 2025 r<\/a><\/p><\/blockquote>\n<\/div>\n<\/figure>\n<hr class=\"wp-block-separator has-alpha-channel-opacity\">\n<p>Pe\u0142ny wywiad jest dost\u0119pny w bie\u017c\u0105cym numerze <em>Gazeta Polska<\/em>. Co tydzie\u0144 <em>Gazeta Polska<\/em> jest r\u00f3wnie\u017c dost\u0119pny w wygodnej subskrypcji cyfrowej. Sprawd\u017a ofert\u0119 subskrypcji cyfrowej <strong>TUTAJ<\/strong> \u00bbPrenumerata.swsmedia.pl lub dzwoni\u0105c: +48 605 900 002 lub +48 501 678 819.<\/p>\n<\/div>\n<\/div>\n<p><script async src=\"https:\/\/platform.twitter.com\/widgets.js\" charset=\"utf-8\"><\/script><\/p>\n","protected":false},"excerpt":{"rendered":"<p>\u201e\u0141amanie z trzeci\u0105 Republik\u0105 oznacza r\u00f3wnie\u017c zmian\u0119 systemu zarz\u0105dzania w Polsce, poniewa\u017c obecny system jest niezwykle szkodliwy dla kraju. W<\/p>\n","protected":false},"author":1,"featured_media":6779,"comment_status":"closed","ping_status":"","sticky":false,"template":"","format":"standard","meta":{"footnotes":""},"categories":[4748],"tags":[3175,131,5501,2352,5700,423,8214,4827,4,340,4848,8519],"class_list":["post-6778","post","type-post","status-publish","format-standard","has-post-thumbnail","hentry","category-aktualne","tag-czarnek","tag-dla","tag-gazeta","tag-konstytucji","tag-musimy","tag-nowej","tag-pemyslaw","tag-plan","tag-polska","tag-republika","tag-trzecia","tag-zerwac","generate-columns","tablet-grid-50","mobile-grid-100","grid-parent","grid-50","resize-featured-image"],"yoast_head":"<!-- This site is optimized with the Yoast SEO plugin v23.2 - https:\/\/yoast.com\/wordpress\/plugins\/seo\/ -->\n<title>Pemys\u0142aw Czarnek dla Gazeta Polska: \u201eMusimy zerwa\u0107 z trzeci\u0105 republik\u0105. Plan nowej konstytucji\u201d - POGOTOWIE FLAGOWE\u00ae<\/title>\n<meta name=\"robots\" content=\"index, follow, max-snippet:-1, max-image-preview:large, max-video-preview:-1\" \/>\n<link rel=\"canonical\" href=\"https:\/\/www.pogotowieflagowe.pl\/aktualne\/pemyslaw-czarnek-dla-gazeta-polska-musimy-zerwac-z-trzecia-republika-plan-nowej-konstytucji\/\" \/>\n<meta property=\"og:locale\" content=\"pl_PL\" \/>\n<meta property=\"og:type\" content=\"article\" \/>\n<meta property=\"og:title\" content=\"Pemys\u0142aw Czarnek dla Gazeta Polska: \u201eMusimy zerwa\u0107 z trzeci\u0105 republik\u0105. Plan nowej konstytucji\u201d - POGOTOWIE FLAGOWE\u00ae\" \/>\n<meta property=\"og:description\" content=\"\u201e\u0141amanie z trzeci\u0105 Republik\u0105 oznacza r\u00f3wnie\u017c zmian\u0119 systemu zarz\u0105dzania w Polsce, poniewa\u017c obecny system jest niezwykle szkodliwy dla kraju. W\" \/>\n<meta property=\"og:url\" content=\"https:\/\/www.pogotowieflagowe.pl\/aktualne\/pemyslaw-czarnek-dla-gazeta-polska-musimy-zerwac-z-trzecia-republika-plan-nowej-konstytucji\/\" \/>\n<meta property=\"og:site_name\" content=\"POGOTOWIE FLAGOWE\u00ae\" \/>\n<meta property=\"article:published_time\" content=\"2025-07-19T08:47:13+00:00\" \/>\n<meta property=\"article:modified_time\" content=\"2025-07-19T08:47:14+00:00\" \/>\n<meta property=\"og:image\" content=\"https:\/\/www.pogotowieflagowe.pl\/aktualne\/wp-content\/uploads\/2025\/07\/Pemyslaw-Czarnek-dla-Gazeta-Polska-\u201eMusimy-zerwac-z-trzecia-republika.webp.webp\" \/>\n\t<meta property=\"og:image:width\" content=\"1280\" \/>\n\t<meta property=\"og:image:height\" content=\"719\" \/>\n\t<meta property=\"og:image:type\" content=\"image\/webp\" \/>\n<meta name=\"author\" content=\"Filip\" \/>\n<meta name=\"twitter:card\" content=\"summary_large_image\" \/>\n<meta name=\"twitter:label1\" content=\"Napisane przez\" \/>\n\t<meta name=\"twitter:data1\" content=\"Filip\" \/>\n\t<meta name=\"twitter:label2\" content=\"Szacowany czas czytania\" \/>\n\t<meta name=\"twitter:data2\" content=\"5 minut\" \/>\n<script type=\"application\/ld+json\" class=\"yoast-schema-graph\">{\"@context\":\"https:\/\/schema.org\",\"@graph\":[{\"@type\":\"Article\",\"@id\":\"https:\/\/www.pogotowieflagowe.pl\/aktualne\/pemyslaw-czarnek-dla-gazeta-polska-musimy-zerwac-z-trzecia-republika-plan-nowej-konstytucji\/#article\",\"isPartOf\":{\"@id\":\"https:\/\/www.pogotowieflagowe.pl\/aktualne\/pemyslaw-czarnek-dla-gazeta-polska-musimy-zerwac-z-trzecia-republika-plan-nowej-konstytucji\/\"},\"author\":{\"name\":\"Filip\",\"@id\":\"https:\/\/www.pogotowieflagowe.pl\/aktualne\/#\/schema\/person\/9c2fb7d2362ebf6fa088960d7f0d27b0\"},\"headline\":\"Pemys\u0142aw Czarnek dla Gazeta Polska: \u201eMusimy zerwa\u0107 z trzeci\u0105 republik\u0105. Plan nowej konstytucji\u201d\",\"datePublished\":\"2025-07-19T08:47:13+00:00\",\"dateModified\":\"2025-07-19T08:47:14+00:00\",\"mainEntityOfPage\":{\"@id\":\"https:\/\/www.pogotowieflagowe.pl\/aktualne\/pemyslaw-czarnek-dla-gazeta-polska-musimy-zerwac-z-trzecia-republika-plan-nowej-konstytucji\/\"},\"wordCount\":932,\"publisher\":{\"@id\":\"https:\/\/www.pogotowieflagowe.pl\/aktualne\/#organization\"},\"image\":{\"@id\":\"https:\/\/www.pogotowieflagowe.pl\/aktualne\/pemyslaw-czarnek-dla-gazeta-polska-musimy-zerwac-z-trzecia-republika-plan-nowej-konstytucji\/#primaryimage\"},\"thumbnailUrl\":\"https:\/\/www.pogotowieflagowe.pl\/aktualne\/wp-content\/uploads\/2025\/07\/Pemyslaw-Czarnek-dla-Gazeta-Polska-\u201eMusimy-zerwac-z-trzecia-republika.webp.webp\",\"keywords\":[\"Czarnek\",\"dla\",\"Gazeta\",\"konstytucji\",\"Musimy\",\"nowej\",\"Pemys\u0142aw\",\"plan\",\"polska\",\"Republika\",\"Trzecia\",\"zerwa\u0107\"],\"articleSection\":[\"Aktualne\"],\"inLanguage\":\"pl-PL\"},{\"@type\":\"WebPage\",\"@id\":\"https:\/\/www.pogotowieflagowe.pl\/aktualne\/pemyslaw-czarnek-dla-gazeta-polska-musimy-zerwac-z-trzecia-republika-plan-nowej-konstytucji\/\",\"url\":\"https:\/\/www.pogotowieflagowe.pl\/aktualne\/pemyslaw-czarnek-dla-gazeta-polska-musimy-zerwac-z-trzecia-republika-plan-nowej-konstytucji\/\",\"name\":\"Pemys\u0142aw Czarnek dla Gazeta Polska: \u201eMusimy zerwa\u0107 z trzeci\u0105 republik\u0105. Plan nowej konstytucji\u201d - POGOTOWIE FLAGOWE\u00ae\",\"isPartOf\":{\"@id\":\"https:\/\/www.pogotowieflagowe.pl\/aktualne\/#website\"},\"primaryImageOfPage\":{\"@id\":\"https:\/\/www.pogotowieflagowe.pl\/aktualne\/pemyslaw-czarnek-dla-gazeta-polska-musimy-zerwac-z-trzecia-republika-plan-nowej-konstytucji\/#primaryimage\"},\"image\":{\"@id\":\"https:\/\/www.pogotowieflagowe.pl\/aktualne\/pemyslaw-czarnek-dla-gazeta-polska-musimy-zerwac-z-trzecia-republika-plan-nowej-konstytucji\/#primaryimage\"},\"thumbnailUrl\":\"https:\/\/www.pogotowieflagowe.pl\/aktualne\/wp-content\/uploads\/2025\/07\/Pemyslaw-Czarnek-dla-Gazeta-Polska-\u201eMusimy-zerwac-z-trzecia-republika.webp.webp\",\"datePublished\":\"2025-07-19T08:47:13+00:00\",\"dateModified\":\"2025-07-19T08:47:14+00:00\",\"breadcrumb\":{\"@id\":\"https:\/\/www.pogotowieflagowe.pl\/aktualne\/pemyslaw-czarnek-dla-gazeta-polska-musimy-zerwac-z-trzecia-republika-plan-nowej-konstytucji\/#breadcrumb\"},\"inLanguage\":\"pl-PL\",\"potentialAction\":[{\"@type\":\"ReadAction\",\"target\":[\"https:\/\/www.pogotowieflagowe.pl\/aktualne\/pemyslaw-czarnek-dla-gazeta-polska-musimy-zerwac-z-trzecia-republika-plan-nowej-konstytucji\/\"]}]},{\"@type\":\"ImageObject\",\"inLanguage\":\"pl-PL\",\"@id\":\"https:\/\/www.pogotowieflagowe.pl\/aktualne\/pemyslaw-czarnek-dla-gazeta-polska-musimy-zerwac-z-trzecia-republika-plan-nowej-konstytucji\/#primaryimage\",\"url\":\"https:\/\/www.pogotowieflagowe.pl\/aktualne\/wp-content\/uploads\/2025\/07\/Pemyslaw-Czarnek-dla-Gazeta-Polska-\u201eMusimy-zerwac-z-trzecia-republika.webp.webp\",\"contentUrl\":\"https:\/\/www.pogotowieflagowe.pl\/aktualne\/wp-content\/uploads\/2025\/07\/Pemyslaw-Czarnek-dla-Gazeta-Polska-\u201eMusimy-zerwac-z-trzecia-republika.webp.webp\",\"width\":1280,\"height\":719,\"caption\":\"Pemys\u0142aw Czarnek dla Gazeta Polska: \u201eMusimy zerwa\u0107 z trzeci\u0105 republik\u0105. Plan nowej konstytucji\u201d\"},{\"@type\":\"BreadcrumbList\",\"@id\":\"https:\/\/www.pogotowieflagowe.pl\/aktualne\/pemyslaw-czarnek-dla-gazeta-polska-musimy-zerwac-z-trzecia-republika-plan-nowej-konstytucji\/#breadcrumb\",\"itemListElement\":[{\"@type\":\"ListItem\",\"position\":1,\"name\":\"Home\",\"item\":\"https:\/\/www.pogotowieflagowe.pl\/aktualne\/\"},{\"@type\":\"ListItem\",\"position\":2,\"name\":\"Pemys\u0142aw Czarnek dla Gazeta Polska: \u201eMusimy zerwa\u0107 z trzeci\u0105 republik\u0105. Plan nowej konstytucji\u201d\"}]},{\"@type\":\"WebSite\",\"@id\":\"https:\/\/www.pogotowieflagowe.pl\/aktualne\/#website\",\"url\":\"https:\/\/www.pogotowieflagowe.pl\/aktualne\/\",\"name\":\"POGOTOWIE FLAGOWE\u00ae\",\"description\":\"\",\"publisher\":{\"@id\":\"https:\/\/www.pogotowieflagowe.pl\/aktualne\/#organization\"},\"potentialAction\":[{\"@type\":\"SearchAction\",\"target\":{\"@type\":\"EntryPoint\",\"urlTemplate\":\"https:\/\/www.pogotowieflagowe.pl\/aktualne\/?s={search_term_string}\"},\"query-input\":\"required name=search_term_string\"}],\"inLanguage\":\"pl-PL\"},{\"@type\":\"Organization\",\"@id\":\"https:\/\/www.pogotowieflagowe.pl\/aktualne\/#organization\",\"name\":\"POGOTOWIE FLAGOWE\u00ae\",\"url\":\"https:\/\/www.pogotowieflagowe.pl\/aktualne\/\",\"logo\":{\"@type\":\"ImageObject\",\"inLanguage\":\"pl-PL\",\"@id\":\"https:\/\/www.pogotowieflagowe.pl\/aktualne\/#\/schema\/logo\/image\/\",\"url\":\"https:\/\/www.pogotowieflagowe.pl\/aktualne\/wp-content\/uploads\/2024\/08\/cropped-pogotowieflagowe_flaga_projekt_sm.jpg\",\"contentUrl\":\"https:\/\/www.pogotowieflagowe.pl\/aktualne\/wp-content\/uploads\/2024\/08\/cropped-pogotowieflagowe_flaga_projekt_sm.jpg\",\"width\":250,\"height\":143,\"caption\":\"POGOTOWIE FLAGOWE\u00ae\"},\"image\":{\"@id\":\"https:\/\/www.pogotowieflagowe.pl\/aktualne\/#\/schema\/logo\/image\/\"}},{\"@type\":\"Person\",\"@id\":\"https:\/\/www.pogotowieflagowe.pl\/aktualne\/#\/schema\/person\/9c2fb7d2362ebf6fa088960d7f0d27b0\",\"name\":\"Filip\",\"image\":{\"@type\":\"ImageObject\",\"inLanguage\":\"pl-PL\",\"@id\":\"https:\/\/www.pogotowieflagowe.pl\/aktualne\/#\/schema\/person\/image\/\",\"url\":\"https:\/\/www.pogotowieflagowe.pl\/aktualne\/wp-content\/uploads\/2024\/08\/pogotowieflagowe.pl_.jpg\",\"contentUrl\":\"https:\/\/www.pogotowieflagowe.pl\/aktualne\/wp-content\/uploads\/2024\/08\/pogotowieflagowe.pl_.jpg\",\"caption\":\"Filip\"},\"description\":\"Jestem Filip, polski dziennikarz z dyplomem nauk politycznych Uniwersytetu Warszawskiego. Rozpoczynaj\u0105c swoj\u0105 karier\u0119 w r\u00f3\u017cnych lokalnych mediach, zdoby\u0142em solidne do\u015bwiadczenie w zakresie \u015bledztwa i redakcji. Obecnie jako redaktor w Pogotowie flagowe, staram si\u0119 dostarcza\u0107 dog\u0142\u0119bne i istotne analizy na temat najwa\u017cniejszych kwestii aktualno\u015bci, \u0142\u0105cz\u0105c rygor z pasj\u0105 dziennikarsk\u0105.\",\"sameAs\":[\"https:\/\/www.pogotowieflagowe.pl\/\"]}]}<\/script>\n<!-- \/ Yoast SEO plugin. -->","yoast_head_json":{"title":"Pemys\u0142aw Czarnek dla Gazeta Polska: \u201eMusimy zerwa\u0107 z trzeci\u0105 republik\u0105. Plan nowej konstytucji\u201d - POGOTOWIE FLAGOWE\u00ae","robots":{"index":"index","follow":"follow","max-snippet":"max-snippet:-1","max-image-preview":"max-image-preview:large","max-video-preview":"max-video-preview:-1"},"canonical":"https:\/\/www.pogotowieflagowe.pl\/aktualne\/pemyslaw-czarnek-dla-gazeta-polska-musimy-zerwac-z-trzecia-republika-plan-nowej-konstytucji\/","og_locale":"pl_PL","og_type":"article","og_title":"Pemys\u0142aw Czarnek dla Gazeta Polska: \u201eMusimy zerwa\u0107 z trzeci\u0105 republik\u0105. Plan nowej konstytucji\u201d - POGOTOWIE FLAGOWE\u00ae","og_description":"\u201e\u0141amanie z trzeci\u0105 Republik\u0105 oznacza r\u00f3wnie\u017c zmian\u0119 systemu zarz\u0105dzania w Polsce, poniewa\u017c obecny system jest niezwykle szkodliwy dla kraju. W","og_url":"https:\/\/www.pogotowieflagowe.pl\/aktualne\/pemyslaw-czarnek-dla-gazeta-polska-musimy-zerwac-z-trzecia-republika-plan-nowej-konstytucji\/","og_site_name":"POGOTOWIE FLAGOWE\u00ae","article_published_time":"2025-07-19T08:47:13+00:00","article_modified_time":"2025-07-19T08:47:14+00:00","og_image":[{"width":1280,"height":719,"url":"https:\/\/www.pogotowieflagowe.pl\/aktualne\/wp-content\/uploads\/2025\/07\/Pemyslaw-Czarnek-dla-Gazeta-Polska-\u201eMusimy-zerwac-z-trzecia-republika.webp.webp","type":"image\/webp"}],"author":"Filip","twitter_card":"summary_large_image","twitter_misc":{"Napisane przez":"Filip","Szacowany czas czytania":"5 minut"},"schema":{"@context":"https:\/\/schema.org","@graph":[{"@type":"Article","@id":"https:\/\/www.pogotowieflagowe.pl\/aktualne\/pemyslaw-czarnek-dla-gazeta-polska-musimy-zerwac-z-trzecia-republika-plan-nowej-konstytucji\/#article","isPartOf":{"@id":"https:\/\/www.pogotowieflagowe.pl\/aktualne\/pemyslaw-czarnek-dla-gazeta-polska-musimy-zerwac-z-trzecia-republika-plan-nowej-konstytucji\/"},"author":{"name":"Filip","@id":"https:\/\/www.pogotowieflagowe.pl\/aktualne\/#\/schema\/person\/9c2fb7d2362ebf6fa088960d7f0d27b0"},"headline":"Pemys\u0142aw Czarnek dla Gazeta Polska: \u201eMusimy zerwa\u0107 z trzeci\u0105 republik\u0105. Plan nowej konstytucji\u201d","datePublished":"2025-07-19T08:47:13+00:00","dateModified":"2025-07-19T08:47:14+00:00","mainEntityOfPage":{"@id":"https:\/\/www.pogotowieflagowe.pl\/aktualne\/pemyslaw-czarnek-dla-gazeta-polska-musimy-zerwac-z-trzecia-republika-plan-nowej-konstytucji\/"},"wordCount":932,"publisher":{"@id":"https:\/\/www.pogotowieflagowe.pl\/aktualne\/#organization"},"image":{"@id":"https:\/\/www.pogotowieflagowe.pl\/aktualne\/pemyslaw-czarnek-dla-gazeta-polska-musimy-zerwac-z-trzecia-republika-plan-nowej-konstytucji\/#primaryimage"},"thumbnailUrl":"https:\/\/www.pogotowieflagowe.pl\/aktualne\/wp-content\/uploads\/2025\/07\/Pemyslaw-Czarnek-dla-Gazeta-Polska-\u201eMusimy-zerwac-z-trzecia-republika.webp.webp","keywords":["Czarnek","dla","Gazeta","konstytucji","Musimy","nowej","Pemys\u0142aw","plan","polska","Republika","Trzecia","zerwa\u0107"],"articleSection":["Aktualne"],"inLanguage":"pl-PL"},{"@type":"WebPage","@id":"https:\/\/www.pogotowieflagowe.pl\/aktualne\/pemyslaw-czarnek-dla-gazeta-polska-musimy-zerwac-z-trzecia-republika-plan-nowej-konstytucji\/","url":"https:\/\/www.pogotowieflagowe.pl\/aktualne\/pemyslaw-czarnek-dla-gazeta-polska-musimy-zerwac-z-trzecia-republika-plan-nowej-konstytucji\/","name":"Pemys\u0142aw Czarnek dla Gazeta Polska: \u201eMusimy zerwa\u0107 z trzeci\u0105 republik\u0105. Plan nowej konstytucji\u201d - POGOTOWIE FLAGOWE\u00ae","isPartOf":{"@id":"https:\/\/www.pogotowieflagowe.pl\/aktualne\/#website"},"primaryImageOfPage":{"@id":"https:\/\/www.pogotowieflagowe.pl\/aktualne\/pemyslaw-czarnek-dla-gazeta-polska-musimy-zerwac-z-trzecia-republika-plan-nowej-konstytucji\/#primaryimage"},"image":{"@id":"https:\/\/www.pogotowieflagowe.pl\/aktualne\/pemyslaw-czarnek-dla-gazeta-polska-musimy-zerwac-z-trzecia-republika-plan-nowej-konstytucji\/#primaryimage"},"thumbnailUrl":"https:\/\/www.pogotowieflagowe.pl\/aktualne\/wp-content\/uploads\/2025\/07\/Pemyslaw-Czarnek-dla-Gazeta-Polska-\u201eMusimy-zerwac-z-trzecia-republika.webp.webp","datePublished":"2025-07-19T08:47:13+00:00","dateModified":"2025-07-19T08:47:14+00:00","breadcrumb":{"@id":"https:\/\/www.pogotowieflagowe.pl\/aktualne\/pemyslaw-czarnek-dla-gazeta-polska-musimy-zerwac-z-trzecia-republika-plan-nowej-konstytucji\/#breadcrumb"},"inLanguage":"pl-PL","potentialAction":[{"@type":"ReadAction","target":["https:\/\/www.pogotowieflagowe.pl\/aktualne\/pemyslaw-czarnek-dla-gazeta-polska-musimy-zerwac-z-trzecia-republika-plan-nowej-konstytucji\/"]}]},{"@type":"ImageObject","inLanguage":"pl-PL","@id":"https:\/\/www.pogotowieflagowe.pl\/aktualne\/pemyslaw-czarnek-dla-gazeta-polska-musimy-zerwac-z-trzecia-republika-plan-nowej-konstytucji\/#primaryimage","url":"https:\/\/www.pogotowieflagowe.pl\/aktualne\/wp-content\/uploads\/2025\/07\/Pemyslaw-Czarnek-dla-Gazeta-Polska-\u201eMusimy-zerwac-z-trzecia-republika.webp.webp","contentUrl":"https:\/\/www.pogotowieflagowe.pl\/aktualne\/wp-content\/uploads\/2025\/07\/Pemyslaw-Czarnek-dla-Gazeta-Polska-\u201eMusimy-zerwac-z-trzecia-republika.webp.webp","width":1280,"height":719,"caption":"Pemys\u0142aw Czarnek dla Gazeta Polska: \u201eMusimy zerwa\u0107 z trzeci\u0105 republik\u0105. Plan nowej konstytucji\u201d"},{"@type":"BreadcrumbList","@id":"https:\/\/www.pogotowieflagowe.pl\/aktualne\/pemyslaw-czarnek-dla-gazeta-polska-musimy-zerwac-z-trzecia-republika-plan-nowej-konstytucji\/#breadcrumb","itemListElement":[{"@type":"ListItem","position":1,"name":"Home","item":"https:\/\/www.pogotowieflagowe.pl\/aktualne\/"},{"@type":"ListItem","position":2,"name":"Pemys\u0142aw Czarnek dla Gazeta Polska: \u201eMusimy zerwa\u0107 z trzeci\u0105 republik\u0105. Plan nowej konstytucji\u201d"}]},{"@type":"WebSite","@id":"https:\/\/www.pogotowieflagowe.pl\/aktualne\/#website","url":"https:\/\/www.pogotowieflagowe.pl\/aktualne\/","name":"POGOTOWIE FLAGOWE\u00ae","description":"","publisher":{"@id":"https:\/\/www.pogotowieflagowe.pl\/aktualne\/#organization"},"potentialAction":[{"@type":"SearchAction","target":{"@type":"EntryPoint","urlTemplate":"https:\/\/www.pogotowieflagowe.pl\/aktualne\/?s={search_term_string}"},"query-input":"required name=search_term_string"}],"inLanguage":"pl-PL"},{"@type":"Organization","@id":"https:\/\/www.pogotowieflagowe.pl\/aktualne\/#organization","name":"POGOTOWIE FLAGOWE\u00ae","url":"https:\/\/www.pogotowieflagowe.pl\/aktualne\/","logo":{"@type":"ImageObject","inLanguage":"pl-PL","@id":"https:\/\/www.pogotowieflagowe.pl\/aktualne\/#\/schema\/logo\/image\/","url":"https:\/\/www.pogotowieflagowe.pl\/aktualne\/wp-content\/uploads\/2024\/08\/cropped-pogotowieflagowe_flaga_projekt_sm.jpg","contentUrl":"https:\/\/www.pogotowieflagowe.pl\/aktualne\/wp-content\/uploads\/2024\/08\/cropped-pogotowieflagowe_flaga_projekt_sm.jpg","width":250,"height":143,"caption":"POGOTOWIE FLAGOWE\u00ae"},"image":{"@id":"https:\/\/www.pogotowieflagowe.pl\/aktualne\/#\/schema\/logo\/image\/"}},{"@type":"Person","@id":"https:\/\/www.pogotowieflagowe.pl\/aktualne\/#\/schema\/person\/9c2fb7d2362ebf6fa088960d7f0d27b0","name":"Filip","image":{"@type":"ImageObject","inLanguage":"pl-PL","@id":"https:\/\/www.pogotowieflagowe.pl\/aktualne\/#\/schema\/person\/image\/","url":"https:\/\/www.pogotowieflagowe.pl\/aktualne\/wp-content\/uploads\/2024\/08\/pogotowieflagowe.pl_.jpg","contentUrl":"https:\/\/www.pogotowieflagowe.pl\/aktualne\/wp-content\/uploads\/2024\/08\/pogotowieflagowe.pl_.jpg","caption":"Filip"},"description":"Jestem Filip, polski dziennikarz z dyplomem nauk politycznych Uniwersytetu Warszawskiego. Rozpoczynaj\u0105c swoj\u0105 karier\u0119 w r\u00f3\u017cnych lokalnych mediach, zdoby\u0142em solidne do\u015bwiadczenie w zakresie \u015bledztwa i redakcji. Obecnie jako redaktor w Pogotowie flagowe, staram si\u0119 dostarcza\u0107 dog\u0142\u0119bne i istotne analizy na temat najwa\u017cniejszych kwestii aktualno\u015bci, \u0142\u0105cz\u0105c rygor z pasj\u0105 dziennikarsk\u0105.","sameAs":["https:\/\/www.pogotowieflagowe.pl\/"]}]}},"_links":{"self":[{"href":"https:\/\/www.pogotowieflagowe.pl\/aktualne\/wp-json\/wp\/v2\/posts\/6778","targetHints":{"allow":["GET"]}}],"collection":[{"href":"https:\/\/www.pogotowieflagowe.pl\/aktualne\/wp-json\/wp\/v2\/posts"}],"about":[{"href":"https:\/\/www.pogotowieflagowe.pl\/aktualne\/wp-json\/wp\/v2\/types\/post"}],"author":[{"embeddable":true,"href":"https:\/\/www.pogotowieflagowe.pl\/aktualne\/wp-json\/wp\/v2\/users\/1"}],"replies":[{"embeddable":true,"href":"https:\/\/www.pogotowieflagowe.pl\/aktualne\/wp-json\/wp\/v2\/comments?post=6778"}],"version-history":[{"count":1,"href":"https:\/\/www.pogotowieflagowe.pl\/aktualne\/wp-json\/wp\/v2\/posts\/6778\/revisions"}],"predecessor-version":[{"id":6780,"href":"https:\/\/www.pogotowieflagowe.pl\/aktualne\/wp-json\/wp\/v2\/posts\/6778\/revisions\/6780"}],"wp:featuredmedia":[{"embeddable":true,"href":"https:\/\/www.pogotowieflagowe.pl\/aktualne\/wp-json\/wp\/v2\/media\/6779"}],"wp:attachment":[{"href":"https:\/\/www.pogotowieflagowe.pl\/aktualne\/wp-json\/wp\/v2\/media?parent=6778"}],"wp:term":[{"taxonomy":"category","embeddable":true,"href":"https:\/\/www.pogotowieflagowe.pl\/aktualne\/wp-json\/wp\/v2\/categories?post=6778"},{"taxonomy":"post_tag","embeddable":true,"href":"https:\/\/www.pogotowieflagowe.pl\/aktualne\/wp-json\/wp\/v2\/tags?post=6778"}],"curies":[{"name":"wp","href":"https:\/\/api.w.org\/{rel}","templated":true}]}}