{"id":6781,"date":"2025-07-19T16:47:50","date_gmt":"2025-07-19T14:47:50","guid":{"rendered":"https:\/\/www.pogotowieflagowe.pl\/aktualne\/protest-przeciwko-masowej-migracji-odbyl-sie-rowniez-w-wroclawie-silna-demonstracja\/"},"modified":"2025-07-19T16:47:51","modified_gmt":"2025-07-19T14:47:51","slug":"protest-przeciwko-masowej-migracji-odbyl-sie-rowniez-w-wroclawie-silna-demonstracja","status":"publish","type":"post","link":"https:\/\/www.pogotowieflagowe.pl\/aktualne\/protest-przeciwko-masowej-migracji-odbyl-sie-rowniez-w-wroclawie-silna-demonstracja\/","title":{"rendered":"Protest przeciwko masowej migracji odby\u0142 si\u0119 r\u00f3wnie\u017c w Wroc\u0142awie: \u201eSilna demonstracja\u201d"},"content":{"rendered":"\n<div class=\"td_block_wrap tdb_single_content tdi_41 td-pb-border-top td_block_template_8 td-post-content tagdiv-type\" data-td-block-uid=\"tdi_41\">\n<style>.tdi_41 {margin-top: 0px! Wa\u017cne; margines-bottom: 0px! WA\u017bNY; PALDING-TOP: 0PX! WA\u017bNY; PALDING-BOTTOM: 0PX! WA\u017bNE}<\/style>\n<style>.tdb_single_content {margin-bottom: 0;*zoom: 1} .tdb_single_content: wcze\u015bniej, .tdb_single_content: po {display: Table; content: ''; line-height: 0} .TDB-BLOCK-INner>*: nie (.WP-BLOCK-QUOTE): not (.alignSwide): not (.Alignfull.wp-block-cover.has-parallax): not (.td-a-ad) {margin-left: auto; margin-right: auto} .tdb_single_ConTent a {wska\u017anik-events: auto} .tdb_single_content .td-spot-id-top_ad .tdc-placeholder-title: przed {content: \u201eArtyku\u0142 top ad\u201d! Wa\u017cne} .tdb_single_content .td-Spot-Id-inline_ad0 .tdc-placeholder-title 1 '! Wa\u017cne} .tdb_single_content .td-Spot-Id-inline_Ad1 .tdc-Placeholder-Title: przed {content: \u201eArtyku\u0142 inline AD 2'! Wa\u017cny} .tdb_single_content. 3 '! Wa\u017cne} .tdb_single_content .td-Spot-Id-Bottom_Ad .tdc-Placeholder-Title: przed {content: \u201eArtyku\u0142 Bottom Ad\u201d! Wa\u017cne} .tdb_single_content .id_top_ad, .tdb_single_content_content .id_bottom_ad {clear: oba; margin-bottom: 21px; text-align: Center} .tdb_single_content .id_top_ad img, .tdb_single_content .id_bottom_ad img {margin-bottom: 0} .tdb_single_conTent .id_top_ad .adsbyGoogle, .tdb_single_content .id_bottom_ad .adsbyGoogle {pozycja: relatyw} .tdb_single_content .id_ad_content-horiz-left, .tdb_single_content .id_ad_content-horiz-right, .tdb_single_content .id_ad_content-horiz-Center {margin-bottom: 15px} .tdb_single_content .id_ad_content-horiz-left Img, .tdb_single_content .id_ad_content-horiz-right img, .tdb_single_content .id_ad_content-horiz-centerter img {margin-bottom: 0} .tdb_single_content .id_ad_content-horiz-center {text-align: Center} .tdb_single_content .id_ad_content-horiz-center img {margin-right: auto; margin-let: auto} .tdb_single_content .id_ad_content-horiz-left {float: left; margin-top: 9px; margin-right: 21px} .tdb_single_content .id_ad_content-horiz-right {float: margin-top: 6px; margin-left: 21px} .tdb_single_content .tdc-a-a-ad .TDC-Placeholder-Title {szeroko\u015b\u0107: 300px; height: 250px} .tdb_single_content .tdc-a-ad .TDC-Placeholder-Title: Przed {Pozycja: Absolute; TOP: 50%;-WebKit-Transform: Translatey (-50%); Transform: Translatey (-50%); margines: auto; Display: Tabela; szeroko\u015b\u0107: 100%}. tdb_single_content .TDB-BLOCK-INNER.TD-FIX-INDEX {Word-Break: Break-word} .tdi_41, .tdi_41> p, .tdi_41 .tdb-block-inner> p, .Wp-Block-Column> p {font-size: 16px! Wa\u017cne; wa\u017cny; p {font-styl: normalne! Wa\u017cne} @media (Max-Width: 767px) {. tdb_single_content .id_ad_content-horiz-left, .tdb_single_content .id_ad_content-horiz-right, .tdb_single_content .id_ad_content-horiz-centter {Margin: 0 AUTO 26PXX auto}}@media (Max-Width: 767px) {. tdb_single_content .id_ad_content-horiz-left {margin-right: 0}}@media (max-width: 767px) {. (Max-Width: 767px) {. tdb_single_content .td-a-ad {float: none; text-align: Center} .tdb_single_content .td-a-ad img {margin-right: auto; margin-left: auto} .tdb_single_content .tdc-a-a-a-{margin-right: auto; margin-left: auto} .tdb_single_content .tdd<\/style>\n<div class=\"tdb-block-inner td-fix-index\">\n<p>Kilkaset os\u00f3b zebra\u0142o si\u0119 w Wroc\u0142awie na \u201eStop Immigration!\u201d protest. \u201eZwyci\u0119\u017cy\u0142a bia\u0142a i czerwona flaga\u201d &#8211; powiedzia\u0142 Krzysztof Tuduj, cz\u0142onek parlamentu z Partii Konfederacji, kt\u00f3ra zorganizowa\u0142a rajd. Mia\u0142 na my\u015bli postaw\u0119 lewicowego kontr-protestu, kt\u00f3ry ostatecznie\u2026 po prostu rozproszy\u0142 si\u0119.<\/p>\n<p>W sobot\u0119 19 lipca, dok\u0142adnie o godzinie 12:00, wiece pod has\u0142em \u201eZatrzymaj imigracj\u0119!\u201d odbywa\u0142y si\u0119 w 80 miastach w ca\u0142ej Polsce, zorganizowane przez grupy powi\u0105zane z Konfederacj\u0105. Jedno z wi\u0119kszych spotka\u0144 odby\u0142o si\u0119 w Wroc\u0142awie.<\/p>\n<figure class=\"wp-block-embed is-type-rich is-provider-twitter wp-block-embed-twitter\">\n<div class=\"wp-block-embed__wrapper\">\n<blockquote class=\"twitter-tweet\" data-width=\"550\" data-dnt=\"true\">\n<p lang=\"pl\" dir=\"ltr\">Zatrzymaj imigracji my wroc\u0142awiu \u2757\ud83c\uddf5\ud83c\uddf1<br \/>Dzi\u0119kuj\u0119 wam za obecnoSi\u0107 \u2757<a rel=\"nofollow\" href=\"https:\/\/twitter.com\/hashtag\/StopImigracji?src=hash&amp;ref_src=twsrc%5Etfw\">#StopiMigracji<\/a> <a rel=\"nofollow\" href=\"https:\/\/twitter.com\/hashtag\/wroclaw?src=hash&amp;ref_src=twsrc%5Etfw\">#WroClaw<\/a> <a rel=\"nofollow\" href=\"https:\/\/t.co\/Lqvi25MUmV\">pic.twitter.com\/lqvi25mumv<\/a><\/p>\n<p>&#8211; Pawel Przydawa \ud83c\uddf5\ud83c\uddf1 (@pawelprzystawa) <a rel=\"nofollow\" href=\"https:\/\/twitter.com\/pawelprzystawa\/status\/1946533524246348106?ref_src=twsrc%5Etfw\">19 lipca 2025 r<\/a><\/p><\/blockquote>\n<\/div>\n<\/figure>\n<p>Pose\u0142 Krzysztof Tuduj (Konfederacja) powiedzia\u0142 TV Republika, \u017ce migracja na du\u017c\u0105 skal\u0119 jest szkodliwa.<\/p>\n<blockquote class=\"wp-block-quote is-layout-flow wp-block-quote-is-layout-flow\">\n<p>\u201eProtest dotyczy\u0142 masowej migracji, nie tylko nielegalnej imigracji. Nielegalna migracja jest powa\u017cnym problemem, ale masowa, niekontrolowana migracja jest r\u00f3wnie\u017c problemem. Nie wiemy, kogo wpuszczamy\u201d<br \/>Powiedzia\u0142.<\/p>\n<\/blockquote>\n<p>Podsumowa\u0142 protest, m\u00f3wi\u0105c:<\/p>\n<blockquote class=\"wp-block-quote is-layout-flow wp-block-quote-is-layout-flow\">\n<p>\u201eSilna demonstracja w Wroc\u0142awie. Kilkuset os\u00f3b, wiele r\u00f3\u017cnych grup, wszystko posz\u0142o dobrze, a kontrakt przeciwny ostatecznie rozproszy\u0142 si\u0119. Bia\u0142a i czerwona flaga zwyci\u0119\u017cy\u0142a\u201d.<\/p>\n<\/blockquote>\n<figure class=\"wp-block-embed is-type-rich is-provider-twitter wp-block-embed-twitter\">\n<div class=\"wp-block-embed__wrapper\">\n<blockquote class=\"twitter-tweet\" data-width=\"550\" data-dnt=\"true\">\n<p lang=\"pl\" dir=\"ltr\">Wroc\u0142aw Dzi\u015b <a rel=\"nofollow\" href=\"https:\/\/t.co\/obOCvUBhz1\">pic.twitter.com\/obocvubhz1<\/a><\/p>\n<p>&#8211; ZBIGNIEW OSTROM\u0119CI (@ZBIGIEWPOMIAN) <a rel=\"nofollow\" href=\"https:\/\/twitter.com\/ZbigniewPomian\/status\/1946521088013238507?ref_src=twsrc%5Etfw\">19 lipca 2025 r<\/a><\/p><\/blockquote>\n<\/div>\n<\/figure>\n<figure class=\"wp-block-embed is-type-rich is-provider-twitter wp-block-embed-twitter\">\n<div class=\"wp-block-embed__wrapper\">\n<blockquote class=\"twitter-tweet\" data-width=\"550\" data-dnt=\"true\">\n<p lang=\"pl\" dir=\"ltr\">Wroc\u0142aw \ud83c\uddf5\ud83c\uddf1 <a rel=\"nofollow\" href=\"https:\/\/t.co\/05bX0NMCcX\">pic.twitter.com\/05bx0nmccx<\/a><\/p>\n<p>&#8211; Polscy kibice (@Polscykibicepl) <a rel=\"nofollow\" href=\"https:\/\/twitter.com\/PolscyKibicePL\/status\/1946509899824767115?ref_src=twsrc%5Etfw\">19 lipca 2025 r<\/a><\/p><\/blockquote>\n<\/div>\n<\/figure>\n<p>Przedstawiciel Konfederacji podkre\u015bli\u0142, \u017ce jego strona postrzega migracj\u0119 prawn\u0105, ale na du\u017c\u0105 skal\u0119 r\u00f3wnie\u017c jako problem.<\/p>\n<blockquote class=\"wp-block-quote is-layout-flow wp-block-quote-is-layout-flow\">\n<p>\u201eNie chcemy mie\u0107 muzu\u0142ma\u0144skich stref bez \u017cadnych stref lub rodzaju przest\u0119pstwa, kt\u00f3re widzimy za granic\u0105\u201d<br \/>Tuduj podkre\u015bli\u0142.<\/p>\n<\/blockquote>\n<figure class=\"wp-block-embed is-type-rich is-provider-twitter wp-block-embed-twitter\">\n<div class=\"wp-block-embed__wrapper\">\n<blockquote class=\"twitter-tweet\" data-width=\"550\" data-dnt=\"true\">\n<p lang=\"pl\" dir=\"ltr\">Obecni na prote\u015bcie stop Masowej imigracji my wroc\u0142awiu! \ud83c\uddf5\ud83c\uddf1<\/p>\n<p>\u203c \ufe0f Szczelne granice = Bezpieszne ulice \ud83d\udce3 <a rel=\"nofollow\" href=\"https:\/\/t.co\/iArYO5TaF9\">pic.twitter.com\/iaryo5taf9<\/a><\/p>\n<p>&#8211; Patrykja \u0141\u0119gowik (@Legowikp) <a rel=\"nofollow\" href=\"https:\/\/twitter.com\/LegowikP\/status\/1946538062965551560?ref_src=twsrc%5Etfw\">19 lipca 2025 r<\/a><\/p><\/blockquote>\n<\/div>\n<\/figure>\n<\/div>\n<\/div>\n<p><script async src=\"https:\/\/platform.twitter.com\/widgets.js\" charset=\"utf-8\"><\/script><\/p>\n","protected":false},"excerpt":{"rendered":"<p>Kilkaset os\u00f3b zebra\u0142o si\u0119 w Wroc\u0142awie na \u201eStop Immigration!\u201d protest. \u201eZwyci\u0119\u017cy\u0142a bia\u0142a i czerwona flaga\u201d &#8211; powiedzia\u0142 Krzysztof Tuduj, cz\u0142onek<\/p>\n","protected":false},"author":1,"featured_media":6782,"comment_status":"closed","ping_status":"","sticky":false,"template":"","format":"standard","meta":{"footnotes":""},"categories":[4748],"tags":[6815,7026,1531,8520,1429,355,6118,150,1496,8521],"class_list":["post-6781","post","type-post","status-publish","format-standard","has-post-thumbnail","hentry","category-aktualne","tag-demonstracja","tag-masowej","tag-migracji","tag-odbyl","tag-protest","tag-przeciwko","tag-rowniez","tag-sie","tag-silna","tag-wroclawie","generate-columns","tablet-grid-50","mobile-grid-100","grid-parent","grid-50","resize-featured-image"],"yoast_head":"<!-- This site is optimized with the Yoast SEO plugin v23.2 - https:\/\/yoast.com\/wordpress\/plugins\/seo\/ -->\n<title>Protest przeciwko masowej migracji odby\u0142 si\u0119 r\u00f3wnie\u017c w Wroc\u0142awie: \u201eSilna demonstracja\u201d - POGOTOWIE FLAGOWE\u00ae<\/title>\n<meta name=\"robots\" content=\"index, follow, max-snippet:-1, max-image-preview:large, max-video-preview:-1\" \/>\n<link rel=\"canonical\" href=\"https:\/\/www.pogotowieflagowe.pl\/aktualne\/protest-przeciwko-masowej-migracji-odbyl-sie-rowniez-w-wroclawie-silna-demonstracja\/\" \/>\n<meta property=\"og:locale\" content=\"pl_PL\" \/>\n<meta property=\"og:type\" content=\"article\" \/>\n<meta property=\"og:title\" content=\"Protest przeciwko masowej migracji odby\u0142 si\u0119 r\u00f3wnie\u017c w Wroc\u0142awie: \u201eSilna demonstracja\u201d - POGOTOWIE FLAGOWE\u00ae\" \/>\n<meta property=\"og:description\" content=\"Kilkaset os\u00f3b zebra\u0142o si\u0119 w Wroc\u0142awie na \u201eStop Immigration!\u201d protest. \u201eZwyci\u0119\u017cy\u0142a bia\u0142a i czerwona flaga\u201d &#8211; powiedzia\u0142 Krzysztof Tuduj, cz\u0142onek\" \/>\n<meta property=\"og:url\" content=\"https:\/\/www.pogotowieflagowe.pl\/aktualne\/protest-przeciwko-masowej-migracji-odbyl-sie-rowniez-w-wroclawie-silna-demonstracja\/\" \/>\n<meta property=\"og:site_name\" content=\"POGOTOWIE FLAGOWE\u00ae\" \/>\n<meta property=\"article:published_time\" content=\"2025-07-19T14:47:50+00:00\" \/>\n<meta property=\"article:modified_time\" content=\"2025-07-19T14:47:51+00:00\" \/>\n<meta property=\"og:image\" content=\"https:\/\/www.pogotowieflagowe.pl\/aktualne\/wp-content\/uploads\/2025\/07\/Protest-przeciwko-masowej-migracji-odbyl-sie-rowniez-w-Wroclawie-\u201eSilna.webp.webp\" \/>\n\t<meta property=\"og:image:width\" content=\"1280\" \/>\n\t<meta property=\"og:image:height\" content=\"720\" \/>\n\t<meta property=\"og:image:type\" content=\"image\/webp\" \/>\n<meta name=\"author\" content=\"Filip\" \/>\n<meta name=\"twitter:card\" content=\"summary_large_image\" \/>\n<meta name=\"twitter:label1\" content=\"Napisane przez\" \/>\n\t<meta name=\"twitter:data1\" content=\"Filip\" \/>\n\t<meta name=\"twitter:label2\" content=\"Szacowany czas czytania\" \/>\n\t<meta name=\"twitter:data2\" content=\"1 minuta\" \/>\n<script type=\"application\/ld+json\" class=\"yoast-schema-graph\">{\"@context\":\"https:\/\/schema.org\",\"@graph\":[{\"@type\":\"Article\",\"@id\":\"https:\/\/www.pogotowieflagowe.pl\/aktualne\/protest-przeciwko-masowej-migracji-odbyl-sie-rowniez-w-wroclawie-silna-demonstracja\/#article\",\"isPartOf\":{\"@id\":\"https:\/\/www.pogotowieflagowe.pl\/aktualne\/protest-przeciwko-masowej-migracji-odbyl-sie-rowniez-w-wroclawie-silna-demonstracja\/\"},\"author\":{\"name\":\"Filip\",\"@id\":\"https:\/\/www.pogotowieflagowe.pl\/aktualne\/#\/schema\/person\/9c2fb7d2362ebf6fa088960d7f0d27b0\"},\"headline\":\"Protest przeciwko masowej migracji odby\u0142 si\u0119 r\u00f3wnie\u017c w Wroc\u0142awie: \u201eSilna demonstracja\u201d\",\"datePublished\":\"2025-07-19T14:47:50+00:00\",\"dateModified\":\"2025-07-19T14:47:51+00:00\",\"mainEntityOfPage\":{\"@id\":\"https:\/\/www.pogotowieflagowe.pl\/aktualne\/protest-przeciwko-masowej-migracji-odbyl-sie-rowniez-w-wroclawie-silna-demonstracja\/\"},\"wordCount\":294,\"publisher\":{\"@id\":\"https:\/\/www.pogotowieflagowe.pl\/aktualne\/#organization\"},\"image\":{\"@id\":\"https:\/\/www.pogotowieflagowe.pl\/aktualne\/protest-przeciwko-masowej-migracji-odbyl-sie-rowniez-w-wroclawie-silna-demonstracja\/#primaryimage\"},\"thumbnailUrl\":\"https:\/\/www.pogotowieflagowe.pl\/aktualne\/wp-content\/uploads\/2025\/07\/Protest-przeciwko-masowej-migracji-odbyl-sie-rowniez-w-Wroclawie-\u201eSilna.webp.webp\",\"keywords\":[\"demonstracja\",\"masowej\",\"migracji\",\"odby\u0142\",\"Protest\",\"przeciwko\",\"r\u00f3wnie\u017c\",\"si\u0119\",\"Silna\",\"Wroc\u0142awie\"],\"articleSection\":[\"Aktualne\"],\"inLanguage\":\"pl-PL\"},{\"@type\":\"WebPage\",\"@id\":\"https:\/\/www.pogotowieflagowe.pl\/aktualne\/protest-przeciwko-masowej-migracji-odbyl-sie-rowniez-w-wroclawie-silna-demonstracja\/\",\"url\":\"https:\/\/www.pogotowieflagowe.pl\/aktualne\/protest-przeciwko-masowej-migracji-odbyl-sie-rowniez-w-wroclawie-silna-demonstracja\/\",\"name\":\"Protest przeciwko masowej migracji odby\u0142 si\u0119 r\u00f3wnie\u017c w Wroc\u0142awie: \u201eSilna demonstracja\u201d - POGOTOWIE FLAGOWE\u00ae\",\"isPartOf\":{\"@id\":\"https:\/\/www.pogotowieflagowe.pl\/aktualne\/#website\"},\"primaryImageOfPage\":{\"@id\":\"https:\/\/www.pogotowieflagowe.pl\/aktualne\/protest-przeciwko-masowej-migracji-odbyl-sie-rowniez-w-wroclawie-silna-demonstracja\/#primaryimage\"},\"image\":{\"@id\":\"https:\/\/www.pogotowieflagowe.pl\/aktualne\/protest-przeciwko-masowej-migracji-odbyl-sie-rowniez-w-wroclawie-silna-demonstracja\/#primaryimage\"},\"thumbnailUrl\":\"https:\/\/www.pogotowieflagowe.pl\/aktualne\/wp-content\/uploads\/2025\/07\/Protest-przeciwko-masowej-migracji-odbyl-sie-rowniez-w-Wroclawie-\u201eSilna.webp.webp\",\"datePublished\":\"2025-07-19T14:47:50+00:00\",\"dateModified\":\"2025-07-19T14:47:51+00:00\",\"breadcrumb\":{\"@id\":\"https:\/\/www.pogotowieflagowe.pl\/aktualne\/protest-przeciwko-masowej-migracji-odbyl-sie-rowniez-w-wroclawie-silna-demonstracja\/#breadcrumb\"},\"inLanguage\":\"pl-PL\",\"potentialAction\":[{\"@type\":\"ReadAction\",\"target\":[\"https:\/\/www.pogotowieflagowe.pl\/aktualne\/protest-przeciwko-masowej-migracji-odbyl-sie-rowniez-w-wroclawie-silna-demonstracja\/\"]}]},{\"@type\":\"ImageObject\",\"inLanguage\":\"pl-PL\",\"@id\":\"https:\/\/www.pogotowieflagowe.pl\/aktualne\/protest-przeciwko-masowej-migracji-odbyl-sie-rowniez-w-wroclawie-silna-demonstracja\/#primaryimage\",\"url\":\"https:\/\/www.pogotowieflagowe.pl\/aktualne\/wp-content\/uploads\/2025\/07\/Protest-przeciwko-masowej-migracji-odbyl-sie-rowniez-w-Wroclawie-\u201eSilna.webp.webp\",\"contentUrl\":\"https:\/\/www.pogotowieflagowe.pl\/aktualne\/wp-content\/uploads\/2025\/07\/Protest-przeciwko-masowej-migracji-odbyl-sie-rowniez-w-Wroclawie-\u201eSilna.webp.webp\",\"width\":1280,\"height\":720,\"caption\":\"Protest przeciwko masowej migracji odby\u0142 si\u0119 r\u00f3wnie\u017c w Wroc\u0142awie: \u201eSilna demonstracja\u201d\"},{\"@type\":\"BreadcrumbList\",\"@id\":\"https:\/\/www.pogotowieflagowe.pl\/aktualne\/protest-przeciwko-masowej-migracji-odbyl-sie-rowniez-w-wroclawie-silna-demonstracja\/#breadcrumb\",\"itemListElement\":[{\"@type\":\"ListItem\",\"position\":1,\"name\":\"Home\",\"item\":\"https:\/\/www.pogotowieflagowe.pl\/aktualne\/\"},{\"@type\":\"ListItem\",\"position\":2,\"name\":\"Protest przeciwko masowej migracji odby\u0142 si\u0119 r\u00f3wnie\u017c w Wroc\u0142awie: \u201eSilna demonstracja\u201d\"}]},{\"@type\":\"WebSite\",\"@id\":\"https:\/\/www.pogotowieflagowe.pl\/aktualne\/#website\",\"url\":\"https:\/\/www.pogotowieflagowe.pl\/aktualne\/\",\"name\":\"POGOTOWIE FLAGOWE\u00ae\",\"description\":\"\",\"publisher\":{\"@id\":\"https:\/\/www.pogotowieflagowe.pl\/aktualne\/#organization\"},\"potentialAction\":[{\"@type\":\"SearchAction\",\"target\":{\"@type\":\"EntryPoint\",\"urlTemplate\":\"https:\/\/www.pogotowieflagowe.pl\/aktualne\/?s={search_term_string}\"},\"query-input\":\"required name=search_term_string\"}],\"inLanguage\":\"pl-PL\"},{\"@type\":\"Organization\",\"@id\":\"https:\/\/www.pogotowieflagowe.pl\/aktualne\/#organization\",\"name\":\"POGOTOWIE FLAGOWE\u00ae\",\"url\":\"https:\/\/www.pogotowieflagowe.pl\/aktualne\/\",\"logo\":{\"@type\":\"ImageObject\",\"inLanguage\":\"pl-PL\",\"@id\":\"https:\/\/www.pogotowieflagowe.pl\/aktualne\/#\/schema\/logo\/image\/\",\"url\":\"https:\/\/www.pogotowieflagowe.pl\/aktualne\/wp-content\/uploads\/2024\/08\/cropped-pogotowieflagowe_flaga_projekt_sm.jpg\",\"contentUrl\":\"https:\/\/www.pogotowieflagowe.pl\/aktualne\/wp-content\/uploads\/2024\/08\/cropped-pogotowieflagowe_flaga_projekt_sm.jpg\",\"width\":250,\"height\":143,\"caption\":\"POGOTOWIE FLAGOWE\u00ae\"},\"image\":{\"@id\":\"https:\/\/www.pogotowieflagowe.pl\/aktualne\/#\/schema\/logo\/image\/\"}},{\"@type\":\"Person\",\"@id\":\"https:\/\/www.pogotowieflagowe.pl\/aktualne\/#\/schema\/person\/9c2fb7d2362ebf6fa088960d7f0d27b0\",\"name\":\"Filip\",\"image\":{\"@type\":\"ImageObject\",\"inLanguage\":\"pl-PL\",\"@id\":\"https:\/\/www.pogotowieflagowe.pl\/aktualne\/#\/schema\/person\/image\/\",\"url\":\"https:\/\/www.pogotowieflagowe.pl\/aktualne\/wp-content\/uploads\/2024\/08\/pogotowieflagowe.pl_.jpg\",\"contentUrl\":\"https:\/\/www.pogotowieflagowe.pl\/aktualne\/wp-content\/uploads\/2024\/08\/pogotowieflagowe.pl_.jpg\",\"caption\":\"Filip\"},\"description\":\"Jestem Filip, polski dziennikarz z dyplomem nauk politycznych Uniwersytetu Warszawskiego. Rozpoczynaj\u0105c swoj\u0105 karier\u0119 w r\u00f3\u017cnych lokalnych mediach, zdoby\u0142em solidne do\u015bwiadczenie w zakresie \u015bledztwa i redakcji. Obecnie jako redaktor w Pogotowie flagowe, staram si\u0119 dostarcza\u0107 dog\u0142\u0119bne i istotne analizy na temat najwa\u017cniejszych kwestii aktualno\u015bci, \u0142\u0105cz\u0105c rygor z pasj\u0105 dziennikarsk\u0105.\",\"sameAs\":[\"https:\/\/www.pogotowieflagowe.pl\/\"]}]}<\/script>\n<!-- \/ Yoast SEO plugin. -->","yoast_head_json":{"title":"Protest przeciwko masowej migracji odby\u0142 si\u0119 r\u00f3wnie\u017c w Wroc\u0142awie: \u201eSilna demonstracja\u201d - POGOTOWIE FLAGOWE\u00ae","robots":{"index":"index","follow":"follow","max-snippet":"max-snippet:-1","max-image-preview":"max-image-preview:large","max-video-preview":"max-video-preview:-1"},"canonical":"https:\/\/www.pogotowieflagowe.pl\/aktualne\/protest-przeciwko-masowej-migracji-odbyl-sie-rowniez-w-wroclawie-silna-demonstracja\/","og_locale":"pl_PL","og_type":"article","og_title":"Protest przeciwko masowej migracji odby\u0142 si\u0119 r\u00f3wnie\u017c w Wroc\u0142awie: \u201eSilna demonstracja\u201d - POGOTOWIE FLAGOWE\u00ae","og_description":"Kilkaset os\u00f3b zebra\u0142o si\u0119 w Wroc\u0142awie na \u201eStop Immigration!\u201d protest. \u201eZwyci\u0119\u017cy\u0142a bia\u0142a i czerwona flaga\u201d &#8211; powiedzia\u0142 Krzysztof Tuduj, cz\u0142onek","og_url":"https:\/\/www.pogotowieflagowe.pl\/aktualne\/protest-przeciwko-masowej-migracji-odbyl-sie-rowniez-w-wroclawie-silna-demonstracja\/","og_site_name":"POGOTOWIE FLAGOWE\u00ae","article_published_time":"2025-07-19T14:47:50+00:00","article_modified_time":"2025-07-19T14:47:51+00:00","og_image":[{"width":1280,"height":720,"url":"https:\/\/www.pogotowieflagowe.pl\/aktualne\/wp-content\/uploads\/2025\/07\/Protest-przeciwko-masowej-migracji-odbyl-sie-rowniez-w-Wroclawie-\u201eSilna.webp.webp","type":"image\/webp"}],"author":"Filip","twitter_card":"summary_large_image","twitter_misc":{"Napisane przez":"Filip","Szacowany czas czytania":"1 minuta"},"schema":{"@context":"https:\/\/schema.org","@graph":[{"@type":"Article","@id":"https:\/\/www.pogotowieflagowe.pl\/aktualne\/protest-przeciwko-masowej-migracji-odbyl-sie-rowniez-w-wroclawie-silna-demonstracja\/#article","isPartOf":{"@id":"https:\/\/www.pogotowieflagowe.pl\/aktualne\/protest-przeciwko-masowej-migracji-odbyl-sie-rowniez-w-wroclawie-silna-demonstracja\/"},"author":{"name":"Filip","@id":"https:\/\/www.pogotowieflagowe.pl\/aktualne\/#\/schema\/person\/9c2fb7d2362ebf6fa088960d7f0d27b0"},"headline":"Protest przeciwko masowej migracji odby\u0142 si\u0119 r\u00f3wnie\u017c w Wroc\u0142awie: \u201eSilna demonstracja\u201d","datePublished":"2025-07-19T14:47:50+00:00","dateModified":"2025-07-19T14:47:51+00:00","mainEntityOfPage":{"@id":"https:\/\/www.pogotowieflagowe.pl\/aktualne\/protest-przeciwko-masowej-migracji-odbyl-sie-rowniez-w-wroclawie-silna-demonstracja\/"},"wordCount":294,"publisher":{"@id":"https:\/\/www.pogotowieflagowe.pl\/aktualne\/#organization"},"image":{"@id":"https:\/\/www.pogotowieflagowe.pl\/aktualne\/protest-przeciwko-masowej-migracji-odbyl-sie-rowniez-w-wroclawie-silna-demonstracja\/#primaryimage"},"thumbnailUrl":"https:\/\/www.pogotowieflagowe.pl\/aktualne\/wp-content\/uploads\/2025\/07\/Protest-przeciwko-masowej-migracji-odbyl-sie-rowniez-w-Wroclawie-\u201eSilna.webp.webp","keywords":["demonstracja","masowej","migracji","odby\u0142","Protest","przeciwko","r\u00f3wnie\u017c","si\u0119","Silna","Wroc\u0142awie"],"articleSection":["Aktualne"],"inLanguage":"pl-PL"},{"@type":"WebPage","@id":"https:\/\/www.pogotowieflagowe.pl\/aktualne\/protest-przeciwko-masowej-migracji-odbyl-sie-rowniez-w-wroclawie-silna-demonstracja\/","url":"https:\/\/www.pogotowieflagowe.pl\/aktualne\/protest-przeciwko-masowej-migracji-odbyl-sie-rowniez-w-wroclawie-silna-demonstracja\/","name":"Protest przeciwko masowej migracji odby\u0142 si\u0119 r\u00f3wnie\u017c w Wroc\u0142awie: \u201eSilna demonstracja\u201d - POGOTOWIE FLAGOWE\u00ae","isPartOf":{"@id":"https:\/\/www.pogotowieflagowe.pl\/aktualne\/#website"},"primaryImageOfPage":{"@id":"https:\/\/www.pogotowieflagowe.pl\/aktualne\/protest-przeciwko-masowej-migracji-odbyl-sie-rowniez-w-wroclawie-silna-demonstracja\/#primaryimage"},"image":{"@id":"https:\/\/www.pogotowieflagowe.pl\/aktualne\/protest-przeciwko-masowej-migracji-odbyl-sie-rowniez-w-wroclawie-silna-demonstracja\/#primaryimage"},"thumbnailUrl":"https:\/\/www.pogotowieflagowe.pl\/aktualne\/wp-content\/uploads\/2025\/07\/Protest-przeciwko-masowej-migracji-odbyl-sie-rowniez-w-Wroclawie-\u201eSilna.webp.webp","datePublished":"2025-07-19T14:47:50+00:00","dateModified":"2025-07-19T14:47:51+00:00","breadcrumb":{"@id":"https:\/\/www.pogotowieflagowe.pl\/aktualne\/protest-przeciwko-masowej-migracji-odbyl-sie-rowniez-w-wroclawie-silna-demonstracja\/#breadcrumb"},"inLanguage":"pl-PL","potentialAction":[{"@type":"ReadAction","target":["https:\/\/www.pogotowieflagowe.pl\/aktualne\/protest-przeciwko-masowej-migracji-odbyl-sie-rowniez-w-wroclawie-silna-demonstracja\/"]}]},{"@type":"ImageObject","inLanguage":"pl-PL","@id":"https:\/\/www.pogotowieflagowe.pl\/aktualne\/protest-przeciwko-masowej-migracji-odbyl-sie-rowniez-w-wroclawie-silna-demonstracja\/#primaryimage","url":"https:\/\/www.pogotowieflagowe.pl\/aktualne\/wp-content\/uploads\/2025\/07\/Protest-przeciwko-masowej-migracji-odbyl-sie-rowniez-w-Wroclawie-\u201eSilna.webp.webp","contentUrl":"https:\/\/www.pogotowieflagowe.pl\/aktualne\/wp-content\/uploads\/2025\/07\/Protest-przeciwko-masowej-migracji-odbyl-sie-rowniez-w-Wroclawie-\u201eSilna.webp.webp","width":1280,"height":720,"caption":"Protest przeciwko masowej migracji odby\u0142 si\u0119 r\u00f3wnie\u017c w Wroc\u0142awie: \u201eSilna demonstracja\u201d"},{"@type":"BreadcrumbList","@id":"https:\/\/www.pogotowieflagowe.pl\/aktualne\/protest-przeciwko-masowej-migracji-odbyl-sie-rowniez-w-wroclawie-silna-demonstracja\/#breadcrumb","itemListElement":[{"@type":"ListItem","position":1,"name":"Home","item":"https:\/\/www.pogotowieflagowe.pl\/aktualne\/"},{"@type":"ListItem","position":2,"name":"Protest przeciwko masowej migracji odby\u0142 si\u0119 r\u00f3wnie\u017c w Wroc\u0142awie: \u201eSilna demonstracja\u201d"}]},{"@type":"WebSite","@id":"https:\/\/www.pogotowieflagowe.pl\/aktualne\/#website","url":"https:\/\/www.pogotowieflagowe.pl\/aktualne\/","name":"POGOTOWIE FLAGOWE\u00ae","description":"","publisher":{"@id":"https:\/\/www.pogotowieflagowe.pl\/aktualne\/#organization"},"potentialAction":[{"@type":"SearchAction","target":{"@type":"EntryPoint","urlTemplate":"https:\/\/www.pogotowieflagowe.pl\/aktualne\/?s={search_term_string}"},"query-input":"required name=search_term_string"}],"inLanguage":"pl-PL"},{"@type":"Organization","@id":"https:\/\/www.pogotowieflagowe.pl\/aktualne\/#organization","name":"POGOTOWIE FLAGOWE\u00ae","url":"https:\/\/www.pogotowieflagowe.pl\/aktualne\/","logo":{"@type":"ImageObject","inLanguage":"pl-PL","@id":"https:\/\/www.pogotowieflagowe.pl\/aktualne\/#\/schema\/logo\/image\/","url":"https:\/\/www.pogotowieflagowe.pl\/aktualne\/wp-content\/uploads\/2024\/08\/cropped-pogotowieflagowe_flaga_projekt_sm.jpg","contentUrl":"https:\/\/www.pogotowieflagowe.pl\/aktualne\/wp-content\/uploads\/2024\/08\/cropped-pogotowieflagowe_flaga_projekt_sm.jpg","width":250,"height":143,"caption":"POGOTOWIE FLAGOWE\u00ae"},"image":{"@id":"https:\/\/www.pogotowieflagowe.pl\/aktualne\/#\/schema\/logo\/image\/"}},{"@type":"Person","@id":"https:\/\/www.pogotowieflagowe.pl\/aktualne\/#\/schema\/person\/9c2fb7d2362ebf6fa088960d7f0d27b0","name":"Filip","image":{"@type":"ImageObject","inLanguage":"pl-PL","@id":"https:\/\/www.pogotowieflagowe.pl\/aktualne\/#\/schema\/person\/image\/","url":"https:\/\/www.pogotowieflagowe.pl\/aktualne\/wp-content\/uploads\/2024\/08\/pogotowieflagowe.pl_.jpg","contentUrl":"https:\/\/www.pogotowieflagowe.pl\/aktualne\/wp-content\/uploads\/2024\/08\/pogotowieflagowe.pl_.jpg","caption":"Filip"},"description":"Jestem Filip, polski dziennikarz z dyplomem nauk politycznych Uniwersytetu Warszawskiego. Rozpoczynaj\u0105c swoj\u0105 karier\u0119 w r\u00f3\u017cnych lokalnych mediach, zdoby\u0142em solidne do\u015bwiadczenie w zakresie \u015bledztwa i redakcji. Obecnie jako redaktor w Pogotowie flagowe, staram si\u0119 dostarcza\u0107 dog\u0142\u0119bne i istotne analizy na temat najwa\u017cniejszych kwestii aktualno\u015bci, \u0142\u0105cz\u0105c rygor z pasj\u0105 dziennikarsk\u0105.","sameAs":["https:\/\/www.pogotowieflagowe.pl\/"]}]}},"_links":{"self":[{"href":"https:\/\/www.pogotowieflagowe.pl\/aktualne\/wp-json\/wp\/v2\/posts\/6781","targetHints":{"allow":["GET"]}}],"collection":[{"href":"https:\/\/www.pogotowieflagowe.pl\/aktualne\/wp-json\/wp\/v2\/posts"}],"about":[{"href":"https:\/\/www.pogotowieflagowe.pl\/aktualne\/wp-json\/wp\/v2\/types\/post"}],"author":[{"embeddable":true,"href":"https:\/\/www.pogotowieflagowe.pl\/aktualne\/wp-json\/wp\/v2\/users\/1"}],"replies":[{"embeddable":true,"href":"https:\/\/www.pogotowieflagowe.pl\/aktualne\/wp-json\/wp\/v2\/comments?post=6781"}],"version-history":[{"count":1,"href":"https:\/\/www.pogotowieflagowe.pl\/aktualne\/wp-json\/wp\/v2\/posts\/6781\/revisions"}],"predecessor-version":[{"id":6783,"href":"https:\/\/www.pogotowieflagowe.pl\/aktualne\/wp-json\/wp\/v2\/posts\/6781\/revisions\/6783"}],"wp:featuredmedia":[{"embeddable":true,"href":"https:\/\/www.pogotowieflagowe.pl\/aktualne\/wp-json\/wp\/v2\/media\/6782"}],"wp:attachment":[{"href":"https:\/\/www.pogotowieflagowe.pl\/aktualne\/wp-json\/wp\/v2\/media?parent=6781"}],"wp:term":[{"taxonomy":"category","embeddable":true,"href":"https:\/\/www.pogotowieflagowe.pl\/aktualne\/wp-json\/wp\/v2\/categories?post=6781"},{"taxonomy":"post_tag","embeddable":true,"href":"https:\/\/www.pogotowieflagowe.pl\/aktualne\/wp-json\/wp\/v2\/tags?post=6781"}],"curies":[{"name":"wp","href":"https:\/\/api.w.org\/{rel}","templated":true}]}}