{"id":6784,"date":"2025-07-19T22:49:13","date_gmt":"2025-07-19T20:49:13","guid":{"rendered":"https:\/\/www.pogotowieflagowe.pl\/aktualne\/polaki-walcza-o-uratowanie-szokujacy-raport-ujawnia-kryzys-finansowy-pod-rzadami-tuska\/"},"modified":"2025-07-19T22:49:16","modified_gmt":"2025-07-19T20:49:16","slug":"polaki-walcza-o-uratowanie-szokujacy-raport-ujawnia-kryzys-finansowy-pod-rzadami-tuska","status":"publish","type":"post","link":"https:\/\/www.pogotowieflagowe.pl\/aktualne\/polaki-walcza-o-uratowanie-szokujacy-raport-ujawnia-kryzys-finansowy-pod-rzadami-tuska\/","title":{"rendered":"Polaki walcz\u0105 o uratowanie: Szokuj\u0105cy raport ujawnia kryzys finansowy pod rz\u0105dami Tuska"},"content":{"rendered":"\n<div class=\"td_block_wrap tdb_single_content tdi_41 td-pb-border-top td_block_template_8 td-post-content tagdiv-type\" data-td-block-uid=\"tdi_41\">\n<style>.tdi_41 {margin-top: 0px! Wa\u017cne; margines-bottom: 0px! WA\u017bNY; PALDING-TOP: 0PX! WA\u017bNY; PALDING-BOTTOM: 0PX! WA\u017bNE}<\/style>\n<style>.tdb_single_content {margin-bottom: 0;*zoom: 1} .tdb_single_content: wcze\u015bniej, .tdb_single_content: po {display: Table; content: ''; line-height: 0} .TDB-BLOCK-INner>*: nie (.WP-BLOCK-QUOTE): not (.alignSwide): not (.Alignfull.wp-block-cover.has-parallax): not (.td-a-ad) {margin-left: auto; margin-right: auto} .tdb_single_ConTent a {wska\u017anik-events: auto} .tdb_single_content .td-spot-id-top_ad .tdc-placeholder-title: przed {content: \u201eArtyku\u0142 top ad\u201d! Wa\u017cne} .tdb_single_content .td-Spot-Id-inline_ad0 .tdc-placeholder-title 1 '! Wa\u017cne} .tdb_single_content .td-Spot-Id-inline_Ad1 .tdc-Placeholder-Title: przed {content: \u201eArtyku\u0142 inline AD 2'! Wa\u017cny} .tdb_single_content. 3 '! Wa\u017cne} .tdb_single_content .td-Spot-Id-Bottom_Ad .tdc-Placeholder-Title: przed {content: \u201eArtyku\u0142 Bottom Ad\u201d! Wa\u017cne} .tdb_single_content .id_top_ad, .tdb_single_content_content .id_bottom_ad {clear: oba; margin-bottom: 21px; text-align: Center} .tdb_single_content .id_top_ad img, .tdb_single_content .id_bottom_ad img {margin-bottom: 0} .tdb_single_conTent .id_top_ad .adsbyGoogle, .tdb_single_content .id_bottom_ad .adsbyGoogle {pozycja: relatyw} .tdb_single_content .id_ad_content-horiz-left, .tdb_single_content .id_ad_content-horiz-right, .tdb_single_content .id_ad_content-horiz-Center {margin-bottom: 15px} .tdb_single_content .id_ad_content-horiz-left Img, .tdb_single_content .id_ad_content-horiz-right img, .tdb_single_content .id_ad_content-horiz-centerter img {margin-bottom: 0} .tdb_single_content .id_ad_content-horiz-center {text-align: Center} .tdb_single_content .id_ad_content-horiz-center img {margin-right: auto; margin-let: auto} .tdb_single_content .id_ad_content-horiz-left {float: left; margin-top: 9px; margin-right: 21px} .tdb_single_content .id_ad_content-horiz-right {float: margin-top: 6px; margin-left: 21px} .tdb_single_content .tdc-a-a-ad .TDC-Placeholder-Title {szeroko\u015b\u0107: 300px; height: 250px} .tdb_single_content .tdc-a-ad .TDC-Placeholder-Title: Przed {Pozycja: Absolute; TOP: 50%;-WebKit-Transform: Translatey (-50%); Transform: Translatey (-50%); margines: auto; Display: Tabela; szeroko\u015b\u0107: 100%}. tdb_single_content .TDB-BLOCK-INNER.TD-FIX-INDEX {Word-Break: Break-word} .tdi_41, .tdi_41> p, .tdi_41 .tdb-block-inner> p, .Wp-Block-Column> p {font-size: 16px! Wa\u017cne; wa\u017cny; p {font-styl: normalne! Wa\u017cne} @media (Max-Width: 767px) {. tdb_single_content .id_ad_content-horiz-left, .tdb_single_content .id_ad_content-horiz-right, .tdb_single_content .id_ad_content-horiz-centter {Margin: 0 AUTO 26PXX auto}}@media (Max-Width: 767px) {. tdb_single_content .id_ad_content-horiz-left {margin-right: 0}}@media (max-width: 767px) {. (Max-Width: 767px) {. tdb_single_content .td-a-ad {float: none; text-align: Center} .tdb_single_content .td-a-ad img {margin-right: auto; margin-left: auto} .tdb_single_content .tdc-a-a-a-{margin-right: auto; margin-left: auto} .tdb_single_content .tdd<\/style>\n<div class=\"tdb-block-inner td-fix-index\">\n<p>\u201eZwalniamy. Niestety, nie z powodu Polskiego &#8211; ale z powodu obecnego rz\u0105du!\u201d napisa\u0142 by\u0142ego polskiego premiera Mateusza Morawiecki w mediach spo\u0142eczno\u015bciowych. Polityk odwo\u0142a\u0142 si\u0119 do ustale\u0144 raportu \u201ePortfel w\u0142asny Polak\u00f3w: tak oszcz\u0119dny jak s\u0142up\u201d, kt\u00f3ry ujawnia, \u017ce tylko jeden na czterech biegunach mo\u017ce sobie pozwoli\u0107 na pokrycie codziennych wydatk\u00f3w i nadal oszcz\u0119dza\u0107 pieni\u0105dze.<\/p>\n<p>Mateusz Morawiklecki, by\u0142y polski premier, podzieli\u0142 si\u0119 wynik\u00f3w najnowszego raportu zatytu\u0142owanego \u201ePortfel w\u0142asny Poles: tak Thrifty jak s\u0142up\u201d w po\u015bcie na platformie X.com. Raport koncentruje si\u0119 na tematyce oszcz\u0119dno\u015bciowych nawyk\u00f3w w\u015br\u00f3d biegun\u00f3w.<\/p>\n<p>Jak pisze polityk prawa i sprawiedliwo\u015bci, raport pokazuje, \u017ce \u201esytuacja finansowa wielu z nas pozostawia wiele do \u017cyczenia\u201d.<\/p>\n<h2 class=\"wp-block-heading\">Sytuacja finansowa biegun\u00f3w<\/h2>\n<p>A\u017c 49 procent respondent\u00f3w przyznaje, \u017ce ich dochody obejmuj\u0105 tylko bie\u017c\u0105ce wydatki. Tymczasem tylko jeden na czterech respondent\u00f3w twierdzi, \u017ce mog\u0105 sobie pozwoli\u0107 zar\u00f3wno na codzienne wydatki, jak i regularne oszcz\u0119dzanie pieni\u0119dzy, czytamy.<\/p>\n<p>Okazuje si\u0119, \u017ce sytuacja jest najgorsza w\u015br\u00f3d starszego segmentu polskiego spo\u0142ecze\u0144stwa &#8211; seksualnych. \u201eA\u017c dwie trzecie os\u00f3b w wieku emerytalnym \u017cyje wyp\u0142aty do wyp\u0142aty, bez oszcz\u0119dno\u015bci\u201d, ujawnia raport.<\/p>\n<p>Coraz wi\u0119cej m\u0142odych ludzi walczy r\u00f3wnie\u017c z ko\u0144cz\u0105cymi pieni\u0105dze przed ko\u0144cem miesi\u0105ca. \u201eTo jest wizerunek kraju, kt\u00f3ry zamiast przyspieszy\u0107 &#8211; zwalnia. Zamiast budowa\u0107 siln\u0105 gospodark\u0119 &#8211; dryfuje\u201d, pisze Morawiki.<\/p>\n<p>Jego zdaniem: \u201eRz\u0105d Tuska nie ma ani planu, ani strategii. Zaniedbuje kluczowe inwestycje, kt\u00f3re mog\u0142yby da\u0107 Polandowi p\u0119d rozwojowy: centralny port komunikacji, elektrownie j\u0105drowe, rozszerzenie polskich port\u00f3w\u201d.<\/p>\n<p>Podsumowuje: \u201eBezczynno\u015b\u0107 tego rz\u0105du niestety zaczyna mie\u0107 bardzo negatywne konsekwencje. Je\u015bli ten trend b\u0119dzie si\u0119 utrzymywa\u0142, nasz kraj b\u0119dzie mia\u0142 prawdziwy kryzys i powa\u017cne problemy\u201d.<\/p>\n<\/div>\n<\/div>\n","protected":false},"excerpt":{"rendered":"<p>\u201eZwalniamy. Niestety, nie z powodu Polskiego &#8211; ale z powodu obecnego rz\u0105du!\u201d napisa\u0142 by\u0142ego polskiego premiera Mateusza Morawiecki w mediach<\/p>\n","protected":false},"author":1,"featured_media":6785,"comment_status":"closed","ping_status":"","sticky":false,"template":"","format":"standard","meta":{"footnotes":""},"categories":[4748],"tags":[8523,1680,2326,4772,1812,3440,986,567,192,8522,6097],"class_list":["post-6784","post","type-post","status-publish","format-standard","has-post-thumbnail","hentry","category-aktualne","tag-finansowy","tag-kryzys","tag-pod","tag-polaki","tag-raport","tag-rzadami","tag-szokujacy","tag-tuska","tag-ujawnia","tag-uratowanie","tag-walcza","generate-columns","tablet-grid-50","mobile-grid-100","grid-parent","grid-50","resize-featured-image"],"yoast_head":"<!-- This site is optimized with the Yoast SEO plugin v23.2 - https:\/\/yoast.com\/wordpress\/plugins\/seo\/ -->\n<title>Polaki walcz\u0105 o uratowanie: Szokuj\u0105cy raport ujawnia kryzys finansowy pod rz\u0105dami Tuska - POGOTOWIE FLAGOWE\u00ae<\/title>\n<meta name=\"robots\" content=\"index, follow, max-snippet:-1, max-image-preview:large, max-video-preview:-1\" \/>\n<link rel=\"canonical\" href=\"https:\/\/www.pogotowieflagowe.pl\/aktualne\/polaki-walcza-o-uratowanie-szokujacy-raport-ujawnia-kryzys-finansowy-pod-rzadami-tuska\/\" \/>\n<meta property=\"og:locale\" content=\"pl_PL\" \/>\n<meta property=\"og:type\" content=\"article\" \/>\n<meta property=\"og:title\" content=\"Polaki walcz\u0105 o uratowanie: Szokuj\u0105cy raport ujawnia kryzys finansowy pod rz\u0105dami Tuska - POGOTOWIE FLAGOWE\u00ae\" \/>\n<meta property=\"og:description\" content=\"\u201eZwalniamy. Niestety, nie z powodu Polskiego &#8211; ale z powodu obecnego rz\u0105du!\u201d napisa\u0142 by\u0142ego polskiego premiera Mateusza Morawiecki w mediach\" \/>\n<meta property=\"og:url\" content=\"https:\/\/www.pogotowieflagowe.pl\/aktualne\/polaki-walcza-o-uratowanie-szokujacy-raport-ujawnia-kryzys-finansowy-pod-rzadami-tuska\/\" \/>\n<meta property=\"og:site_name\" content=\"POGOTOWIE FLAGOWE\u00ae\" \/>\n<meta property=\"article:published_time\" content=\"2025-07-19T20:49:13+00:00\" \/>\n<meta property=\"article:modified_time\" content=\"2025-07-19T20:49:16+00:00\" \/>\n<meta property=\"og:image\" content=\"https:\/\/www.pogotowieflagowe.pl\/aktualne\/wp-content\/uploads\/2025\/07\/Polaki-walcza-o-uratowanie-Szokujacy-raport-ujawnia-kryzys-finansowy-pod.webp.webp\" \/>\n\t<meta property=\"og:image:width\" content=\"1280\" \/>\n\t<meta property=\"og:image:height\" content=\"720\" \/>\n\t<meta property=\"og:image:type\" content=\"image\/webp\" \/>\n<meta name=\"author\" content=\"Filip\" \/>\n<meta name=\"twitter:card\" content=\"summary_large_image\" \/>\n<meta name=\"twitter:label1\" content=\"Napisane przez\" \/>\n\t<meta name=\"twitter:data1\" content=\"Filip\" \/>\n\t<meta name=\"twitter:label2\" content=\"Szacowany czas czytania\" \/>\n\t<meta name=\"twitter:data2\" content=\"2 minuty\" \/>\n<script type=\"application\/ld+json\" class=\"yoast-schema-graph\">{\"@context\":\"https:\/\/schema.org\",\"@graph\":[{\"@type\":\"Article\",\"@id\":\"https:\/\/www.pogotowieflagowe.pl\/aktualne\/polaki-walcza-o-uratowanie-szokujacy-raport-ujawnia-kryzys-finansowy-pod-rzadami-tuska\/#article\",\"isPartOf\":{\"@id\":\"https:\/\/www.pogotowieflagowe.pl\/aktualne\/polaki-walcza-o-uratowanie-szokujacy-raport-ujawnia-kryzys-finansowy-pod-rzadami-tuska\/\"},\"author\":{\"name\":\"Filip\",\"@id\":\"https:\/\/www.pogotowieflagowe.pl\/aktualne\/#\/schema\/person\/9c2fb7d2362ebf6fa088960d7f0d27b0\"},\"headline\":\"Polaki walcz\u0105 o uratowanie: Szokuj\u0105cy raport ujawnia kryzys finansowy pod rz\u0105dami Tuska\",\"datePublished\":\"2025-07-19T20:49:13+00:00\",\"dateModified\":\"2025-07-19T20:49:16+00:00\",\"mainEntityOfPage\":{\"@id\":\"https:\/\/www.pogotowieflagowe.pl\/aktualne\/polaki-walcza-o-uratowanie-szokujacy-raport-ujawnia-kryzys-finansowy-pod-rzadami-tuska\/\"},\"wordCount\":325,\"publisher\":{\"@id\":\"https:\/\/www.pogotowieflagowe.pl\/aktualne\/#organization\"},\"image\":{\"@id\":\"https:\/\/www.pogotowieflagowe.pl\/aktualne\/polaki-walcza-o-uratowanie-szokujacy-raport-ujawnia-kryzys-finansowy-pod-rzadami-tuska\/#primaryimage\"},\"thumbnailUrl\":\"https:\/\/www.pogotowieflagowe.pl\/aktualne\/wp-content\/uploads\/2025\/07\/Polaki-walcza-o-uratowanie-Szokujacy-raport-ujawnia-kryzys-finansowy-pod.webp.webp\",\"keywords\":[\"finansowy\",\"Kryzys\",\"pod\",\"Polaki\",\"raport\",\"rz\u0105dami\",\"szokuj\u0105cy\",\"Tuska\",\"ujawnia\",\"uratowanie\",\"walcz\u0105\"],\"articleSection\":[\"Aktualne\"],\"inLanguage\":\"pl-PL\"},{\"@type\":\"WebPage\",\"@id\":\"https:\/\/www.pogotowieflagowe.pl\/aktualne\/polaki-walcza-o-uratowanie-szokujacy-raport-ujawnia-kryzys-finansowy-pod-rzadami-tuska\/\",\"url\":\"https:\/\/www.pogotowieflagowe.pl\/aktualne\/polaki-walcza-o-uratowanie-szokujacy-raport-ujawnia-kryzys-finansowy-pod-rzadami-tuska\/\",\"name\":\"Polaki walcz\u0105 o uratowanie: Szokuj\u0105cy raport ujawnia kryzys finansowy pod rz\u0105dami Tuska - POGOTOWIE FLAGOWE\u00ae\",\"isPartOf\":{\"@id\":\"https:\/\/www.pogotowieflagowe.pl\/aktualne\/#website\"},\"primaryImageOfPage\":{\"@id\":\"https:\/\/www.pogotowieflagowe.pl\/aktualne\/polaki-walcza-o-uratowanie-szokujacy-raport-ujawnia-kryzys-finansowy-pod-rzadami-tuska\/#primaryimage\"},\"image\":{\"@id\":\"https:\/\/www.pogotowieflagowe.pl\/aktualne\/polaki-walcza-o-uratowanie-szokujacy-raport-ujawnia-kryzys-finansowy-pod-rzadami-tuska\/#primaryimage\"},\"thumbnailUrl\":\"https:\/\/www.pogotowieflagowe.pl\/aktualne\/wp-content\/uploads\/2025\/07\/Polaki-walcza-o-uratowanie-Szokujacy-raport-ujawnia-kryzys-finansowy-pod.webp.webp\",\"datePublished\":\"2025-07-19T20:49:13+00:00\",\"dateModified\":\"2025-07-19T20:49:16+00:00\",\"breadcrumb\":{\"@id\":\"https:\/\/www.pogotowieflagowe.pl\/aktualne\/polaki-walcza-o-uratowanie-szokujacy-raport-ujawnia-kryzys-finansowy-pod-rzadami-tuska\/#breadcrumb\"},\"inLanguage\":\"pl-PL\",\"potentialAction\":[{\"@type\":\"ReadAction\",\"target\":[\"https:\/\/www.pogotowieflagowe.pl\/aktualne\/polaki-walcza-o-uratowanie-szokujacy-raport-ujawnia-kryzys-finansowy-pod-rzadami-tuska\/\"]}]},{\"@type\":\"ImageObject\",\"inLanguage\":\"pl-PL\",\"@id\":\"https:\/\/www.pogotowieflagowe.pl\/aktualne\/polaki-walcza-o-uratowanie-szokujacy-raport-ujawnia-kryzys-finansowy-pod-rzadami-tuska\/#primaryimage\",\"url\":\"https:\/\/www.pogotowieflagowe.pl\/aktualne\/wp-content\/uploads\/2025\/07\/Polaki-walcza-o-uratowanie-Szokujacy-raport-ujawnia-kryzys-finansowy-pod.webp.webp\",\"contentUrl\":\"https:\/\/www.pogotowieflagowe.pl\/aktualne\/wp-content\/uploads\/2025\/07\/Polaki-walcza-o-uratowanie-Szokujacy-raport-ujawnia-kryzys-finansowy-pod.webp.webp\",\"width\":1280,\"height\":720,\"caption\":\"Polaki walcz\u0105 o uratowanie: Szokuj\u0105cy raport ujawnia kryzys finansowy pod rz\u0105dami Tuska\"},{\"@type\":\"BreadcrumbList\",\"@id\":\"https:\/\/www.pogotowieflagowe.pl\/aktualne\/polaki-walcza-o-uratowanie-szokujacy-raport-ujawnia-kryzys-finansowy-pod-rzadami-tuska\/#breadcrumb\",\"itemListElement\":[{\"@type\":\"ListItem\",\"position\":1,\"name\":\"Home\",\"item\":\"https:\/\/www.pogotowieflagowe.pl\/aktualne\/\"},{\"@type\":\"ListItem\",\"position\":2,\"name\":\"Polaki walcz\u0105 o uratowanie: Szokuj\u0105cy raport ujawnia kryzys finansowy pod rz\u0105dami Tuska\"}]},{\"@type\":\"WebSite\",\"@id\":\"https:\/\/www.pogotowieflagowe.pl\/aktualne\/#website\",\"url\":\"https:\/\/www.pogotowieflagowe.pl\/aktualne\/\",\"name\":\"POGOTOWIE FLAGOWE\u00ae\",\"description\":\"\",\"publisher\":{\"@id\":\"https:\/\/www.pogotowieflagowe.pl\/aktualne\/#organization\"},\"potentialAction\":[{\"@type\":\"SearchAction\",\"target\":{\"@type\":\"EntryPoint\",\"urlTemplate\":\"https:\/\/www.pogotowieflagowe.pl\/aktualne\/?s={search_term_string}\"},\"query-input\":\"required name=search_term_string\"}],\"inLanguage\":\"pl-PL\"},{\"@type\":\"Organization\",\"@id\":\"https:\/\/www.pogotowieflagowe.pl\/aktualne\/#organization\",\"name\":\"POGOTOWIE FLAGOWE\u00ae\",\"url\":\"https:\/\/www.pogotowieflagowe.pl\/aktualne\/\",\"logo\":{\"@type\":\"ImageObject\",\"inLanguage\":\"pl-PL\",\"@id\":\"https:\/\/www.pogotowieflagowe.pl\/aktualne\/#\/schema\/logo\/image\/\",\"url\":\"https:\/\/www.pogotowieflagowe.pl\/aktualne\/wp-content\/uploads\/2024\/08\/cropped-pogotowieflagowe_flaga_projekt_sm.jpg\",\"contentUrl\":\"https:\/\/www.pogotowieflagowe.pl\/aktualne\/wp-content\/uploads\/2024\/08\/cropped-pogotowieflagowe_flaga_projekt_sm.jpg\",\"width\":250,\"height\":143,\"caption\":\"POGOTOWIE FLAGOWE\u00ae\"},\"image\":{\"@id\":\"https:\/\/www.pogotowieflagowe.pl\/aktualne\/#\/schema\/logo\/image\/\"}},{\"@type\":\"Person\",\"@id\":\"https:\/\/www.pogotowieflagowe.pl\/aktualne\/#\/schema\/person\/9c2fb7d2362ebf6fa088960d7f0d27b0\",\"name\":\"Filip\",\"image\":{\"@type\":\"ImageObject\",\"inLanguage\":\"pl-PL\",\"@id\":\"https:\/\/www.pogotowieflagowe.pl\/aktualne\/#\/schema\/person\/image\/\",\"url\":\"https:\/\/www.pogotowieflagowe.pl\/aktualne\/wp-content\/uploads\/2024\/08\/pogotowieflagowe.pl_.jpg\",\"contentUrl\":\"https:\/\/www.pogotowieflagowe.pl\/aktualne\/wp-content\/uploads\/2024\/08\/pogotowieflagowe.pl_.jpg\",\"caption\":\"Filip\"},\"description\":\"Jestem Filip, polski dziennikarz z dyplomem nauk politycznych Uniwersytetu Warszawskiego. Rozpoczynaj\u0105c swoj\u0105 karier\u0119 w r\u00f3\u017cnych lokalnych mediach, zdoby\u0142em solidne do\u015bwiadczenie w zakresie \u015bledztwa i redakcji. Obecnie jako redaktor w Pogotowie flagowe, staram si\u0119 dostarcza\u0107 dog\u0142\u0119bne i istotne analizy na temat najwa\u017cniejszych kwestii aktualno\u015bci, \u0142\u0105cz\u0105c rygor z pasj\u0105 dziennikarsk\u0105.\",\"sameAs\":[\"https:\/\/www.pogotowieflagowe.pl\/\"]}]}<\/script>\n<!-- \/ Yoast SEO plugin. -->","yoast_head_json":{"title":"Polaki walcz\u0105 o uratowanie: Szokuj\u0105cy raport ujawnia kryzys finansowy pod rz\u0105dami Tuska - POGOTOWIE FLAGOWE\u00ae","robots":{"index":"index","follow":"follow","max-snippet":"max-snippet:-1","max-image-preview":"max-image-preview:large","max-video-preview":"max-video-preview:-1"},"canonical":"https:\/\/www.pogotowieflagowe.pl\/aktualne\/polaki-walcza-o-uratowanie-szokujacy-raport-ujawnia-kryzys-finansowy-pod-rzadami-tuska\/","og_locale":"pl_PL","og_type":"article","og_title":"Polaki walcz\u0105 o uratowanie: Szokuj\u0105cy raport ujawnia kryzys finansowy pod rz\u0105dami Tuska - POGOTOWIE FLAGOWE\u00ae","og_description":"\u201eZwalniamy. Niestety, nie z powodu Polskiego &#8211; ale z powodu obecnego rz\u0105du!\u201d napisa\u0142 by\u0142ego polskiego premiera Mateusza Morawiecki w mediach","og_url":"https:\/\/www.pogotowieflagowe.pl\/aktualne\/polaki-walcza-o-uratowanie-szokujacy-raport-ujawnia-kryzys-finansowy-pod-rzadami-tuska\/","og_site_name":"POGOTOWIE FLAGOWE\u00ae","article_published_time":"2025-07-19T20:49:13+00:00","article_modified_time":"2025-07-19T20:49:16+00:00","og_image":[{"width":1280,"height":720,"url":"https:\/\/www.pogotowieflagowe.pl\/aktualne\/wp-content\/uploads\/2025\/07\/Polaki-walcza-o-uratowanie-Szokujacy-raport-ujawnia-kryzys-finansowy-pod.webp.webp","type":"image\/webp"}],"author":"Filip","twitter_card":"summary_large_image","twitter_misc":{"Napisane przez":"Filip","Szacowany czas czytania":"2 minuty"},"schema":{"@context":"https:\/\/schema.org","@graph":[{"@type":"Article","@id":"https:\/\/www.pogotowieflagowe.pl\/aktualne\/polaki-walcza-o-uratowanie-szokujacy-raport-ujawnia-kryzys-finansowy-pod-rzadami-tuska\/#article","isPartOf":{"@id":"https:\/\/www.pogotowieflagowe.pl\/aktualne\/polaki-walcza-o-uratowanie-szokujacy-raport-ujawnia-kryzys-finansowy-pod-rzadami-tuska\/"},"author":{"name":"Filip","@id":"https:\/\/www.pogotowieflagowe.pl\/aktualne\/#\/schema\/person\/9c2fb7d2362ebf6fa088960d7f0d27b0"},"headline":"Polaki walcz\u0105 o uratowanie: Szokuj\u0105cy raport ujawnia kryzys finansowy pod rz\u0105dami Tuska","datePublished":"2025-07-19T20:49:13+00:00","dateModified":"2025-07-19T20:49:16+00:00","mainEntityOfPage":{"@id":"https:\/\/www.pogotowieflagowe.pl\/aktualne\/polaki-walcza-o-uratowanie-szokujacy-raport-ujawnia-kryzys-finansowy-pod-rzadami-tuska\/"},"wordCount":325,"publisher":{"@id":"https:\/\/www.pogotowieflagowe.pl\/aktualne\/#organization"},"image":{"@id":"https:\/\/www.pogotowieflagowe.pl\/aktualne\/polaki-walcza-o-uratowanie-szokujacy-raport-ujawnia-kryzys-finansowy-pod-rzadami-tuska\/#primaryimage"},"thumbnailUrl":"https:\/\/www.pogotowieflagowe.pl\/aktualne\/wp-content\/uploads\/2025\/07\/Polaki-walcza-o-uratowanie-Szokujacy-raport-ujawnia-kryzys-finansowy-pod.webp.webp","keywords":["finansowy","Kryzys","pod","Polaki","raport","rz\u0105dami","szokuj\u0105cy","Tuska","ujawnia","uratowanie","walcz\u0105"],"articleSection":["Aktualne"],"inLanguage":"pl-PL"},{"@type":"WebPage","@id":"https:\/\/www.pogotowieflagowe.pl\/aktualne\/polaki-walcza-o-uratowanie-szokujacy-raport-ujawnia-kryzys-finansowy-pod-rzadami-tuska\/","url":"https:\/\/www.pogotowieflagowe.pl\/aktualne\/polaki-walcza-o-uratowanie-szokujacy-raport-ujawnia-kryzys-finansowy-pod-rzadami-tuska\/","name":"Polaki walcz\u0105 o uratowanie: Szokuj\u0105cy raport ujawnia kryzys finansowy pod rz\u0105dami Tuska - POGOTOWIE FLAGOWE\u00ae","isPartOf":{"@id":"https:\/\/www.pogotowieflagowe.pl\/aktualne\/#website"},"primaryImageOfPage":{"@id":"https:\/\/www.pogotowieflagowe.pl\/aktualne\/polaki-walcza-o-uratowanie-szokujacy-raport-ujawnia-kryzys-finansowy-pod-rzadami-tuska\/#primaryimage"},"image":{"@id":"https:\/\/www.pogotowieflagowe.pl\/aktualne\/polaki-walcza-o-uratowanie-szokujacy-raport-ujawnia-kryzys-finansowy-pod-rzadami-tuska\/#primaryimage"},"thumbnailUrl":"https:\/\/www.pogotowieflagowe.pl\/aktualne\/wp-content\/uploads\/2025\/07\/Polaki-walcza-o-uratowanie-Szokujacy-raport-ujawnia-kryzys-finansowy-pod.webp.webp","datePublished":"2025-07-19T20:49:13+00:00","dateModified":"2025-07-19T20:49:16+00:00","breadcrumb":{"@id":"https:\/\/www.pogotowieflagowe.pl\/aktualne\/polaki-walcza-o-uratowanie-szokujacy-raport-ujawnia-kryzys-finansowy-pod-rzadami-tuska\/#breadcrumb"},"inLanguage":"pl-PL","potentialAction":[{"@type":"ReadAction","target":["https:\/\/www.pogotowieflagowe.pl\/aktualne\/polaki-walcza-o-uratowanie-szokujacy-raport-ujawnia-kryzys-finansowy-pod-rzadami-tuska\/"]}]},{"@type":"ImageObject","inLanguage":"pl-PL","@id":"https:\/\/www.pogotowieflagowe.pl\/aktualne\/polaki-walcza-o-uratowanie-szokujacy-raport-ujawnia-kryzys-finansowy-pod-rzadami-tuska\/#primaryimage","url":"https:\/\/www.pogotowieflagowe.pl\/aktualne\/wp-content\/uploads\/2025\/07\/Polaki-walcza-o-uratowanie-Szokujacy-raport-ujawnia-kryzys-finansowy-pod.webp.webp","contentUrl":"https:\/\/www.pogotowieflagowe.pl\/aktualne\/wp-content\/uploads\/2025\/07\/Polaki-walcza-o-uratowanie-Szokujacy-raport-ujawnia-kryzys-finansowy-pod.webp.webp","width":1280,"height":720,"caption":"Polaki walcz\u0105 o uratowanie: Szokuj\u0105cy raport ujawnia kryzys finansowy pod rz\u0105dami Tuska"},{"@type":"BreadcrumbList","@id":"https:\/\/www.pogotowieflagowe.pl\/aktualne\/polaki-walcza-o-uratowanie-szokujacy-raport-ujawnia-kryzys-finansowy-pod-rzadami-tuska\/#breadcrumb","itemListElement":[{"@type":"ListItem","position":1,"name":"Home","item":"https:\/\/www.pogotowieflagowe.pl\/aktualne\/"},{"@type":"ListItem","position":2,"name":"Polaki walcz\u0105 o uratowanie: Szokuj\u0105cy raport ujawnia kryzys finansowy pod rz\u0105dami Tuska"}]},{"@type":"WebSite","@id":"https:\/\/www.pogotowieflagowe.pl\/aktualne\/#website","url":"https:\/\/www.pogotowieflagowe.pl\/aktualne\/","name":"POGOTOWIE FLAGOWE\u00ae","description":"","publisher":{"@id":"https:\/\/www.pogotowieflagowe.pl\/aktualne\/#organization"},"potentialAction":[{"@type":"SearchAction","target":{"@type":"EntryPoint","urlTemplate":"https:\/\/www.pogotowieflagowe.pl\/aktualne\/?s={search_term_string}"},"query-input":"required name=search_term_string"}],"inLanguage":"pl-PL"},{"@type":"Organization","@id":"https:\/\/www.pogotowieflagowe.pl\/aktualne\/#organization","name":"POGOTOWIE FLAGOWE\u00ae","url":"https:\/\/www.pogotowieflagowe.pl\/aktualne\/","logo":{"@type":"ImageObject","inLanguage":"pl-PL","@id":"https:\/\/www.pogotowieflagowe.pl\/aktualne\/#\/schema\/logo\/image\/","url":"https:\/\/www.pogotowieflagowe.pl\/aktualne\/wp-content\/uploads\/2024\/08\/cropped-pogotowieflagowe_flaga_projekt_sm.jpg","contentUrl":"https:\/\/www.pogotowieflagowe.pl\/aktualne\/wp-content\/uploads\/2024\/08\/cropped-pogotowieflagowe_flaga_projekt_sm.jpg","width":250,"height":143,"caption":"POGOTOWIE FLAGOWE\u00ae"},"image":{"@id":"https:\/\/www.pogotowieflagowe.pl\/aktualne\/#\/schema\/logo\/image\/"}},{"@type":"Person","@id":"https:\/\/www.pogotowieflagowe.pl\/aktualne\/#\/schema\/person\/9c2fb7d2362ebf6fa088960d7f0d27b0","name":"Filip","image":{"@type":"ImageObject","inLanguage":"pl-PL","@id":"https:\/\/www.pogotowieflagowe.pl\/aktualne\/#\/schema\/person\/image\/","url":"https:\/\/www.pogotowieflagowe.pl\/aktualne\/wp-content\/uploads\/2024\/08\/pogotowieflagowe.pl_.jpg","contentUrl":"https:\/\/www.pogotowieflagowe.pl\/aktualne\/wp-content\/uploads\/2024\/08\/pogotowieflagowe.pl_.jpg","caption":"Filip"},"description":"Jestem Filip, polski dziennikarz z dyplomem nauk politycznych Uniwersytetu Warszawskiego. Rozpoczynaj\u0105c swoj\u0105 karier\u0119 w r\u00f3\u017cnych lokalnych mediach, zdoby\u0142em solidne do\u015bwiadczenie w zakresie \u015bledztwa i redakcji. Obecnie jako redaktor w Pogotowie flagowe, staram si\u0119 dostarcza\u0107 dog\u0142\u0119bne i istotne analizy na temat najwa\u017cniejszych kwestii aktualno\u015bci, \u0142\u0105cz\u0105c rygor z pasj\u0105 dziennikarsk\u0105.","sameAs":["https:\/\/www.pogotowieflagowe.pl\/"]}]}},"_links":{"self":[{"href":"https:\/\/www.pogotowieflagowe.pl\/aktualne\/wp-json\/wp\/v2\/posts\/6784","targetHints":{"allow":["GET"]}}],"collection":[{"href":"https:\/\/www.pogotowieflagowe.pl\/aktualne\/wp-json\/wp\/v2\/posts"}],"about":[{"href":"https:\/\/www.pogotowieflagowe.pl\/aktualne\/wp-json\/wp\/v2\/types\/post"}],"author":[{"embeddable":true,"href":"https:\/\/www.pogotowieflagowe.pl\/aktualne\/wp-json\/wp\/v2\/users\/1"}],"replies":[{"embeddable":true,"href":"https:\/\/www.pogotowieflagowe.pl\/aktualne\/wp-json\/wp\/v2\/comments?post=6784"}],"version-history":[{"count":1,"href":"https:\/\/www.pogotowieflagowe.pl\/aktualne\/wp-json\/wp\/v2\/posts\/6784\/revisions"}],"predecessor-version":[{"id":6786,"href":"https:\/\/www.pogotowieflagowe.pl\/aktualne\/wp-json\/wp\/v2\/posts\/6784\/revisions\/6786"}],"wp:featuredmedia":[{"embeddable":true,"href":"https:\/\/www.pogotowieflagowe.pl\/aktualne\/wp-json\/wp\/v2\/media\/6785"}],"wp:attachment":[{"href":"https:\/\/www.pogotowieflagowe.pl\/aktualne\/wp-json\/wp\/v2\/media?parent=6784"}],"wp:term":[{"taxonomy":"category","embeddable":true,"href":"https:\/\/www.pogotowieflagowe.pl\/aktualne\/wp-json\/wp\/v2\/categories?post=6784"},{"taxonomy":"post_tag","embeddable":true,"href":"https:\/\/www.pogotowieflagowe.pl\/aktualne\/wp-json\/wp\/v2\/tags?post=6784"}],"curies":[{"name":"wp","href":"https:\/\/api.w.org\/{rel}","templated":true}]}}