{"id":6799,"date":"2025-07-21T02:48:46","date_gmt":"2025-07-21T00:48:46","guid":{"rendered":"https:\/\/www.pogotowieflagowe.pl\/aktualne\/nowy-budzet-ue-rzonca-dostajemy-mniej-pieniedzy-niz-wczesniej\/"},"modified":"2025-07-21T02:48:46","modified_gmt":"2025-07-21T00:48:46","slug":"nowy-budzet-ue-rzonca-dostajemy-mniej-pieniedzy-niz-wczesniej","status":"publish","type":"post","link":"https:\/\/www.pogotowieflagowe.pl\/aktualne\/nowy-budzet-ue-rzonca-dostajemy-mniej-pieniedzy-niz-wczesniej\/","title":{"rendered":"Nowy bud\u017cet UE. Rzo\u0144ca: Dostajemy mniej pieni\u0119dzy ni\u017c wcze\u015bniej"},"content":{"rendered":"\n<div class=\"td_block_wrap tdb_single_content tdi_41 td-pb-border-top td_block_template_8 td-post-content tagdiv-type\" data-td-block-uid=\"tdi_41\">\n<style>.tdi_41 {margin-top: 0px! Wa\u017cne; margines-bottom: 0px! WA\u017bNY; PALDING-TOP: 0PX! WA\u017bNY; PALDING-BOTTOM: 0PX! WA\u017bNE}<\/style>\n<style>.tdb_single_content {margin-bottom: 0;*zoom: 1} .tdb_single_content: wcze\u015bniej, .tdb_single_content: po {display: Table; content: ''; line-height: 0} .TDB-BLOCK-INner>*: nie (.WP-BLOCK-QUOTE): not (.alignSwide): not (.Alignfull.wp-block-cover.has-parallax): not (.td-a-ad) {margin-left: auto; margin-right: auto} .tdb_single_ConTent a {wska\u017anik-events: auto} .tdb_single_content .td-spot-id-top_ad .tdc-placeholder-title: przed {content: \u201eArtyku\u0142 top ad\u201d! Wa\u017cne} .tdb_single_content .td-Spot-Id-inline_ad0 .tdc-placeholder-title 1 '! Wa\u017cne} .tdb_single_content .td-Spot-Id-inline_Ad1 .tdc-Placeholder-Title: przed {content: \u201eArtyku\u0142 inline AD 2'! Wa\u017cny} .tdb_single_content. 3 '! Wa\u017cne} .tdb_single_content .td-Spot-Id-Bottom_Ad .tdc-Placeholder-Title: przed {content: \u201eArtyku\u0142 Bottom Ad\u201d! Wa\u017cne} .tdb_single_content .id_top_ad, .tdb_single_content_content .id_bottom_ad {clear: oba; margin-bottom: 21px; text-align: Center} .tdb_single_content .id_top_ad img, .tdb_single_content .id_bottom_ad img {margin-bottom: 0} .tdb_single_conTent .id_top_ad .adsbyGoogle, .tdb_single_content .id_bottom_ad .adsbyGoogle {pozycja: relatyw} .tdb_single_content .id_ad_content-horiz-left, .tdb_single_content .id_ad_content-horiz-right, .tdb_single_content .id_ad_content-horiz-Center {margin-bottom: 15px} .tdb_single_content .id_ad_content-horiz-left Img, .tdb_single_content .id_ad_content-horiz-right img, .tdb_single_content .id_ad_content-horiz-centerter img {margin-bottom: 0} .tdb_single_content .id_ad_content-horiz-center {text-align: Center} .tdb_single_content .id_ad_content-horiz-center img {margin-right: auto; margin-let: auto} .tdb_single_content .id_ad_content-horiz-left {float: left; margin-top: 9px; margin-right: 21px} .tdb_single_content .id_ad_content-horiz-right {float: margin-top: 6px; margin-left: 21px} .tdb_single_content .tdc-a-a-ad .TDC-Placeholder-Title {szeroko\u015b\u0107: 300px; height: 250px} .tdb_single_content .tdc-a-ad .TDC-Placeholder-Title: Przed {Pozycja: Absolute; TOP: 50%;-WebKit-Transform: Translatey (-50%); Transform: Translatey (-50%); margines: auto; Display: Tabela; szeroko\u015b\u0107: 100%}. tdb_single_content .TDB-BLOCK-INNER.TD-FIX-INDEX {Word-Break: Break-word} .tdi_41, .tdi_41> p, .tdi_41 .tdb-block-inner> p, .Wp-Block-Column> p {font-size: 16px! Wa\u017cne; wa\u017cny; p {font-styl: normalne! Wa\u017cne} @media (Max-Width: 767px) {. tdb_single_content .id_ad_content-horiz-left, .tdb_single_content .id_ad_content-horiz-right, .tdb_single_content .id_ad_content-horiz-centter {Margin: 0 AUTO 26PXX auto}}@media (Max-Width: 767px) {. tdb_single_content .id_ad_content-horiz-left {margin-right: 0}}@media (max-width: 767px) {. (Max-Width: 767px) {. tdb_single_content .td-a-ad {float: none; text-align: Center} .tdb_single_content .td-a-ad img {margin-right: auto; margin-left: auto} .tdb_single_content .tdc-a-a-a-{margin-right: auto; margin-left: auto} .tdb_single_content .tdd<\/style>\n<div class=\"tdb-block-inner td-fix-index\">\n<p>\u201eProjekt bud\u017cetu UE obejmuje mi\u0119dzy innymi podatek od odpad\u00f3w-przychody oczekuje si\u0119 od usuwania lod\u00f3wek, pralki i elektroniki (podatku znanego jako Weee lub E-Waste). Ka\u017cdy z was, wr\u0119czaj\u0105c star\u0105 lod\u00f3wk\u0119, aby kupi\u0107 now\u0105, b\u0119dzie musia\u0142 zap\u0142aci\u0107 2 euro za kilogram za jego utylizacj\u0119\u201d-powiedzia\u0142 Partia Bogdan Rzo\u0144ca.<\/p>\n<p>W \u015brod\u0119 Komisja Europejska przedstawi\u0142a propozycj\u0119 bud\u017cetu UE w latach 2028\u20132034, w wysoko\u015bci 2 bilion\u00f3w euro. Nowy bud\u017cet ma skupi\u0107 si\u0119 na zasadach sektorowych w ramach plan\u00f3w krajowych. Pomimo powszechnej krytyki projektu, rz\u0105d Donalda Tuska uzna\u0142 go za sukces dla Polski.<\/p>\n<p>Komentuj\u0105c dzisiejsz\u0105 propozycj\u0119 programu Mi\u0142osz Ka\u0142czka w telewizji Republika, Bogdan Rzo\u0144ca, MEP z Prawa i Sprawiedliwo\u015bci (PIS), zauwa\u017cy\u0142, \u017ce kwota netto przydzielona do Polski nie jest szczeg\u00f3lnie imponuj\u0105ca.<\/p>\n<p>\u201eDostajemy 123 miliardy euro na 7 lat. Je\u015bli to za\u0142amiesz, to oko\u0142o 17,5 miliarda euro rocznie od 1 stycznia 2028 r. &#8211; za wszystko. Pomnaj to przez 4, a obecnie otrzymasz pe\u0142n\u0105 kwot\u0119. W rzeczywisto\u015bci otrzymujemy mniej pieni\u0119dzy. Og\u0142oszenie jest niczym wi\u0119cej ni\u017c tani\u0105 propagand\u0105 w stylu PRL-argumentowa\u0142 Rzo\u0144ca.<\/p>\n<p>Doda\u0142, \u017ce obecny rz\u0105d zatrzyma\u0142 inwestycje, zatrzyma\u0142 rozw\u00f3j gospodarczy i polega na obietnicach finansowania UE.<\/p>\n<p>\u201eCo determinuje si\u0142\u0119 kraju? Nie fundusze UE &#8211; chocia\u017c s\u0105 one wa\u017cne. Siedemna\u015bcie miliard\u00f3w euro pomno\u017conych przez cztery to prawie 70 miliard\u00f3w Za\u0142oty. Ale nasze systemy wykszta\u0142cenia, opieki zdrowotnej i obrony zale\u017c\u0105 od si\u0142y pa\u0144stwa polskiego. UE zapewnia ograniczone wsparcie. Otrzymamy 17 miliard\u00f3w euro, zap\u0142aci\u0107 10 miliard\u00f3w i pozostawi\u0107 z netto 7 miliard\u00f3w netto.<\/p>\n<h2 class=\"wp-block-heading\">Podatek od lod\u00f3wki?<\/h2>\n<p>Rzo\u0144ca twierdzi\u0142 r\u00f3wnie\u017c, \u017ce pozycja Donalda Tuska w grupie politycznej, kt\u00f3r\u0105 kiedy\u015b kierowa\u0142 &#8211; Europejska Partia Ludowa &#8211; os\u0142abia.<\/p>\n<p>\u201eJest to widoczne z nieformalnych, zakulisowych pyta\u0144 i postawy koleg\u00f3w Tuska. Staje si\u0119 jasne, \u017ce ten rz\u0105d jest gorszy w Polsce, a w\u015br\u00f3d innych cz\u0142onk\u00f3w EPP jest znaczny dyskomfort dla Nowego Wielokrotno\u015bci. Bud\u017cet przygotowany przez Piotr Serafin (komisarz UE Polski) i Ursula von der Leyen. \u201d My w grupie ECR powiedzieli\u015bmy to samo &#8211; wszystkie grupy polityczne skrytykowa\u0142y proponowany bud\u017cet, poniewa\u017c jest on sprzeczny z interesami rolnik\u00f3w i gospodarki &#8211; wyja\u015bni\u0142 MEP.<\/p>\n<p>\u201eObejmowa\u0142y mi\u0119dzy innymi podatek od odpad\u00f3w, kt\u00f3ry oczekuje dochod\u00f3w z usuwania lod\u00f3wek, pralki i elektroniki (tak zwany podatek Weee lub E-Paste). Wi\u0119c kiedy zamie\u015bcicie swoj\u0105 lod\u00f3wk\u0119, b\u0119dziesz musia\u0142 zap\u0142aci\u0107 2 euro na kilogram, aby usun\u0105\u0107 starego. Bud\u017cet ten opiera si\u0119 na zgadywaniu\u201d, podsumowa\u0142.<\/p>\n<\/div>\n<\/div>\n","protected":false},"excerpt":{"rendered":"<p>\u201eProjekt bud\u017cetu UE obejmuje mi\u0119dzy innymi podatek od odpad\u00f3w-przychody oczekuje si\u0119 od usuwania lod\u00f3wek, pralki i elektroniki (podatku znanego jako<\/p>\n","protected":false},"author":1,"featured_media":6667,"comment_status":"closed","ping_status":"","sticky":false,"template":"","format":"standard","meta":{"footnotes":""},"categories":[45],"tags":[1251,8538,3828,3830,581,2059,8537,7286],"class_list":["post-6799","post","type-post","status-publish","format-standard","has-post-thumbnail","hentry","category-biznes","tag-budzet","tag-dostajemy","tag-mniej","tag-niz","tag-nowy","tag-pieniedzy","tag-rzonca","tag-wczesniej","generate-columns","tablet-grid-50","mobile-grid-100","grid-parent","grid-50","resize-featured-image"],"yoast_head":"<!-- This site is optimized with the Yoast SEO plugin v23.2 - https:\/\/yoast.com\/wordpress\/plugins\/seo\/ -->\n<title>Nowy bud\u017cet UE. Rzo\u0144ca: Dostajemy mniej pieni\u0119dzy ni\u017c wcze\u015bniej - POGOTOWIE FLAGOWE\u00ae<\/title>\n<meta name=\"robots\" content=\"index, follow, max-snippet:-1, max-image-preview:large, max-video-preview:-1\" \/>\n<link rel=\"canonical\" href=\"https:\/\/www.pogotowieflagowe.pl\/aktualne\/nowy-budzet-ue-rzonca-dostajemy-mniej-pieniedzy-niz-wczesniej\/\" \/>\n<meta property=\"og:locale\" content=\"pl_PL\" \/>\n<meta property=\"og:type\" content=\"article\" \/>\n<meta property=\"og:title\" content=\"Nowy bud\u017cet UE. Rzo\u0144ca: Dostajemy mniej pieni\u0119dzy ni\u017c wcze\u015bniej - POGOTOWIE FLAGOWE\u00ae\" \/>\n<meta property=\"og:description\" content=\"\u201eProjekt bud\u017cetu UE obejmuje mi\u0119dzy innymi podatek od odpad\u00f3w-przychody oczekuje si\u0119 od usuwania lod\u00f3wek, pralki i elektroniki (podatku znanego jako\" \/>\n<meta property=\"og:url\" content=\"https:\/\/www.pogotowieflagowe.pl\/aktualne\/nowy-budzet-ue-rzonca-dostajemy-mniej-pieniedzy-niz-wczesniej\/\" \/>\n<meta property=\"og:site_name\" content=\"POGOTOWIE FLAGOWE\u00ae\" \/>\n<meta property=\"article:published_time\" content=\"2025-07-21T00:48:46+00:00\" \/>\n<meta property=\"og:image\" content=\"https:\/\/www.pogotowieflagowe.pl\/aktualne\/wp-content\/uploads\/2025\/07\/Prezydent-Parlamentu-Europejskiego-odrzuca-wniosek-o-moment-ciszy-dla-ofiar.jpg\" \/>\n\t<meta property=\"og:image:width\" content=\"767\" \/>\n\t<meta property=\"og:image:height\" content=\"511\" \/>\n\t<meta property=\"og:image:type\" content=\"image\/jpeg\" \/>\n<meta name=\"author\" content=\"Filip\" \/>\n<meta name=\"twitter:card\" content=\"summary_large_image\" \/>\n<meta name=\"twitter:label1\" content=\"Napisane przez\" \/>\n\t<meta name=\"twitter:data1\" content=\"Filip\" \/>\n\t<meta name=\"twitter:label2\" content=\"Szacowany czas czytania\" \/>\n\t<meta name=\"twitter:data2\" content=\"2 minuty\" \/>\n<script type=\"application\/ld+json\" class=\"yoast-schema-graph\">{\"@context\":\"https:\/\/schema.org\",\"@graph\":[{\"@type\":\"Article\",\"@id\":\"https:\/\/www.pogotowieflagowe.pl\/aktualne\/nowy-budzet-ue-rzonca-dostajemy-mniej-pieniedzy-niz-wczesniej\/#article\",\"isPartOf\":{\"@id\":\"https:\/\/www.pogotowieflagowe.pl\/aktualne\/nowy-budzet-ue-rzonca-dostajemy-mniej-pieniedzy-niz-wczesniej\/\"},\"author\":{\"name\":\"Filip\",\"@id\":\"https:\/\/www.pogotowieflagowe.pl\/aktualne\/#\/schema\/person\/9c2fb7d2362ebf6fa088960d7f0d27b0\"},\"headline\":\"Nowy bud\u017cet UE. Rzo\u0144ca: Dostajemy mniej pieni\u0119dzy ni\u017c wcze\u015bniej\",\"datePublished\":\"2025-07-21T00:48:46+00:00\",\"dateModified\":\"2025-07-21T00:48:46+00:00\",\"mainEntityOfPage\":{\"@id\":\"https:\/\/www.pogotowieflagowe.pl\/aktualne\/nowy-budzet-ue-rzonca-dostajemy-mniej-pieniedzy-niz-wczesniej\/\"},\"wordCount\":448,\"publisher\":{\"@id\":\"https:\/\/www.pogotowieflagowe.pl\/aktualne\/#organization\"},\"image\":{\"@id\":\"https:\/\/www.pogotowieflagowe.pl\/aktualne\/nowy-budzet-ue-rzonca-dostajemy-mniej-pieniedzy-niz-wczesniej\/#primaryimage\"},\"thumbnailUrl\":\"https:\/\/www.pogotowieflagowe.pl\/aktualne\/wp-content\/uploads\/2025\/07\/Prezydent-Parlamentu-Europejskiego-odrzuca-wniosek-o-moment-ciszy-dla-ofiar.jpg\",\"keywords\":[\"Bud\u017cet\",\"Dostajemy\",\"mniej\",\"ni\u017c\",\"Nowy\",\"pieni\u0119dzy\",\"Rzo\u0144ca\",\"wcze\u015bniej\"],\"articleSection\":[\"Biznes\"],\"inLanguage\":\"pl-PL\"},{\"@type\":\"WebPage\",\"@id\":\"https:\/\/www.pogotowieflagowe.pl\/aktualne\/nowy-budzet-ue-rzonca-dostajemy-mniej-pieniedzy-niz-wczesniej\/\",\"url\":\"https:\/\/www.pogotowieflagowe.pl\/aktualne\/nowy-budzet-ue-rzonca-dostajemy-mniej-pieniedzy-niz-wczesniej\/\",\"name\":\"Nowy bud\u017cet UE. Rzo\u0144ca: Dostajemy mniej pieni\u0119dzy ni\u017c wcze\u015bniej - POGOTOWIE FLAGOWE\u00ae\",\"isPartOf\":{\"@id\":\"https:\/\/www.pogotowieflagowe.pl\/aktualne\/#website\"},\"primaryImageOfPage\":{\"@id\":\"https:\/\/www.pogotowieflagowe.pl\/aktualne\/nowy-budzet-ue-rzonca-dostajemy-mniej-pieniedzy-niz-wczesniej\/#primaryimage\"},\"image\":{\"@id\":\"https:\/\/www.pogotowieflagowe.pl\/aktualne\/nowy-budzet-ue-rzonca-dostajemy-mniej-pieniedzy-niz-wczesniej\/#primaryimage\"},\"thumbnailUrl\":\"https:\/\/www.pogotowieflagowe.pl\/aktualne\/wp-content\/uploads\/2025\/07\/Prezydent-Parlamentu-Europejskiego-odrzuca-wniosek-o-moment-ciszy-dla-ofiar.jpg\",\"datePublished\":\"2025-07-21T00:48:46+00:00\",\"dateModified\":\"2025-07-21T00:48:46+00:00\",\"breadcrumb\":{\"@id\":\"https:\/\/www.pogotowieflagowe.pl\/aktualne\/nowy-budzet-ue-rzonca-dostajemy-mniej-pieniedzy-niz-wczesniej\/#breadcrumb\"},\"inLanguage\":\"pl-PL\",\"potentialAction\":[{\"@type\":\"ReadAction\",\"target\":[\"https:\/\/www.pogotowieflagowe.pl\/aktualne\/nowy-budzet-ue-rzonca-dostajemy-mniej-pieniedzy-niz-wczesniej\/\"]}]},{\"@type\":\"ImageObject\",\"inLanguage\":\"pl-PL\",\"@id\":\"https:\/\/www.pogotowieflagowe.pl\/aktualne\/nowy-budzet-ue-rzonca-dostajemy-mniej-pieniedzy-niz-wczesniej\/#primaryimage\",\"url\":\"https:\/\/www.pogotowieflagowe.pl\/aktualne\/wp-content\/uploads\/2025\/07\/Prezydent-Parlamentu-Europejskiego-odrzuca-wniosek-o-moment-ciszy-dla-ofiar.jpg\",\"contentUrl\":\"https:\/\/www.pogotowieflagowe.pl\/aktualne\/wp-content\/uploads\/2025\/07\/Prezydent-Parlamentu-Europejskiego-odrzuca-wniosek-o-moment-ciszy-dla-ofiar.jpg\",\"width\":767,\"height\":511,\"caption\":\"Prezydent Parlamentu Europejskiego odrzuca wniosek o moment ciszy dla ofiar Volhyia\"},{\"@type\":\"BreadcrumbList\",\"@id\":\"https:\/\/www.pogotowieflagowe.pl\/aktualne\/nowy-budzet-ue-rzonca-dostajemy-mniej-pieniedzy-niz-wczesniej\/#breadcrumb\",\"itemListElement\":[{\"@type\":\"ListItem\",\"position\":1,\"name\":\"Home\",\"item\":\"https:\/\/www.pogotowieflagowe.pl\/aktualne\/\"},{\"@type\":\"ListItem\",\"position\":2,\"name\":\"Nowy bud\u017cet UE. Rzo\u0144ca: Dostajemy mniej pieni\u0119dzy ni\u017c wcze\u015bniej\"}]},{\"@type\":\"WebSite\",\"@id\":\"https:\/\/www.pogotowieflagowe.pl\/aktualne\/#website\",\"url\":\"https:\/\/www.pogotowieflagowe.pl\/aktualne\/\",\"name\":\"POGOTOWIE FLAGOWE\u00ae\",\"description\":\"\",\"publisher\":{\"@id\":\"https:\/\/www.pogotowieflagowe.pl\/aktualne\/#organization\"},\"potentialAction\":[{\"@type\":\"SearchAction\",\"target\":{\"@type\":\"EntryPoint\",\"urlTemplate\":\"https:\/\/www.pogotowieflagowe.pl\/aktualne\/?s={search_term_string}\"},\"query-input\":\"required name=search_term_string\"}],\"inLanguage\":\"pl-PL\"},{\"@type\":\"Organization\",\"@id\":\"https:\/\/www.pogotowieflagowe.pl\/aktualne\/#organization\",\"name\":\"POGOTOWIE FLAGOWE\u00ae\",\"url\":\"https:\/\/www.pogotowieflagowe.pl\/aktualne\/\",\"logo\":{\"@type\":\"ImageObject\",\"inLanguage\":\"pl-PL\",\"@id\":\"https:\/\/www.pogotowieflagowe.pl\/aktualne\/#\/schema\/logo\/image\/\",\"url\":\"https:\/\/www.pogotowieflagowe.pl\/aktualne\/wp-content\/uploads\/2024\/08\/cropped-pogotowieflagowe_flaga_projekt_sm.jpg\",\"contentUrl\":\"https:\/\/www.pogotowieflagowe.pl\/aktualne\/wp-content\/uploads\/2024\/08\/cropped-pogotowieflagowe_flaga_projekt_sm.jpg\",\"width\":250,\"height\":143,\"caption\":\"POGOTOWIE FLAGOWE\u00ae\"},\"image\":{\"@id\":\"https:\/\/www.pogotowieflagowe.pl\/aktualne\/#\/schema\/logo\/image\/\"}},{\"@type\":\"Person\",\"@id\":\"https:\/\/www.pogotowieflagowe.pl\/aktualne\/#\/schema\/person\/9c2fb7d2362ebf6fa088960d7f0d27b0\",\"name\":\"Filip\",\"image\":{\"@type\":\"ImageObject\",\"inLanguage\":\"pl-PL\",\"@id\":\"https:\/\/www.pogotowieflagowe.pl\/aktualne\/#\/schema\/person\/image\/\",\"url\":\"https:\/\/www.pogotowieflagowe.pl\/aktualne\/wp-content\/uploads\/2024\/08\/pogotowieflagowe.pl_.jpg\",\"contentUrl\":\"https:\/\/www.pogotowieflagowe.pl\/aktualne\/wp-content\/uploads\/2024\/08\/pogotowieflagowe.pl_.jpg\",\"caption\":\"Filip\"},\"description\":\"Jestem Filip, polski dziennikarz z dyplomem nauk politycznych Uniwersytetu Warszawskiego. Rozpoczynaj\u0105c swoj\u0105 karier\u0119 w r\u00f3\u017cnych lokalnych mediach, zdoby\u0142em solidne do\u015bwiadczenie w zakresie \u015bledztwa i redakcji. Obecnie jako redaktor w Pogotowie flagowe, staram si\u0119 dostarcza\u0107 dog\u0142\u0119bne i istotne analizy na temat najwa\u017cniejszych kwestii aktualno\u015bci, \u0142\u0105cz\u0105c rygor z pasj\u0105 dziennikarsk\u0105.\",\"sameAs\":[\"https:\/\/www.pogotowieflagowe.pl\/\"]}]}<\/script>\n<!-- \/ Yoast SEO plugin. -->","yoast_head_json":{"title":"Nowy bud\u017cet UE. Rzo\u0144ca: Dostajemy mniej pieni\u0119dzy ni\u017c wcze\u015bniej - POGOTOWIE FLAGOWE\u00ae","robots":{"index":"index","follow":"follow","max-snippet":"max-snippet:-1","max-image-preview":"max-image-preview:large","max-video-preview":"max-video-preview:-1"},"canonical":"https:\/\/www.pogotowieflagowe.pl\/aktualne\/nowy-budzet-ue-rzonca-dostajemy-mniej-pieniedzy-niz-wczesniej\/","og_locale":"pl_PL","og_type":"article","og_title":"Nowy bud\u017cet UE. Rzo\u0144ca: Dostajemy mniej pieni\u0119dzy ni\u017c wcze\u015bniej - POGOTOWIE FLAGOWE\u00ae","og_description":"\u201eProjekt bud\u017cetu UE obejmuje mi\u0119dzy innymi podatek od odpad\u00f3w-przychody oczekuje si\u0119 od usuwania lod\u00f3wek, pralki i elektroniki (podatku znanego jako","og_url":"https:\/\/www.pogotowieflagowe.pl\/aktualne\/nowy-budzet-ue-rzonca-dostajemy-mniej-pieniedzy-niz-wczesniej\/","og_site_name":"POGOTOWIE FLAGOWE\u00ae","article_published_time":"2025-07-21T00:48:46+00:00","og_image":[{"width":767,"height":511,"url":"https:\/\/www.pogotowieflagowe.pl\/aktualne\/wp-content\/uploads\/2025\/07\/Prezydent-Parlamentu-Europejskiego-odrzuca-wniosek-o-moment-ciszy-dla-ofiar.jpg","type":"image\/jpeg"}],"author":"Filip","twitter_card":"summary_large_image","twitter_misc":{"Napisane przez":"Filip","Szacowany czas czytania":"2 minuty"},"schema":{"@context":"https:\/\/schema.org","@graph":[{"@type":"Article","@id":"https:\/\/www.pogotowieflagowe.pl\/aktualne\/nowy-budzet-ue-rzonca-dostajemy-mniej-pieniedzy-niz-wczesniej\/#article","isPartOf":{"@id":"https:\/\/www.pogotowieflagowe.pl\/aktualne\/nowy-budzet-ue-rzonca-dostajemy-mniej-pieniedzy-niz-wczesniej\/"},"author":{"name":"Filip","@id":"https:\/\/www.pogotowieflagowe.pl\/aktualne\/#\/schema\/person\/9c2fb7d2362ebf6fa088960d7f0d27b0"},"headline":"Nowy bud\u017cet UE. Rzo\u0144ca: Dostajemy mniej pieni\u0119dzy ni\u017c wcze\u015bniej","datePublished":"2025-07-21T00:48:46+00:00","dateModified":"2025-07-21T00:48:46+00:00","mainEntityOfPage":{"@id":"https:\/\/www.pogotowieflagowe.pl\/aktualne\/nowy-budzet-ue-rzonca-dostajemy-mniej-pieniedzy-niz-wczesniej\/"},"wordCount":448,"publisher":{"@id":"https:\/\/www.pogotowieflagowe.pl\/aktualne\/#organization"},"image":{"@id":"https:\/\/www.pogotowieflagowe.pl\/aktualne\/nowy-budzet-ue-rzonca-dostajemy-mniej-pieniedzy-niz-wczesniej\/#primaryimage"},"thumbnailUrl":"https:\/\/www.pogotowieflagowe.pl\/aktualne\/wp-content\/uploads\/2025\/07\/Prezydent-Parlamentu-Europejskiego-odrzuca-wniosek-o-moment-ciszy-dla-ofiar.jpg","keywords":["Bud\u017cet","Dostajemy","mniej","ni\u017c","Nowy","pieni\u0119dzy","Rzo\u0144ca","wcze\u015bniej"],"articleSection":["Biznes"],"inLanguage":"pl-PL"},{"@type":"WebPage","@id":"https:\/\/www.pogotowieflagowe.pl\/aktualne\/nowy-budzet-ue-rzonca-dostajemy-mniej-pieniedzy-niz-wczesniej\/","url":"https:\/\/www.pogotowieflagowe.pl\/aktualne\/nowy-budzet-ue-rzonca-dostajemy-mniej-pieniedzy-niz-wczesniej\/","name":"Nowy bud\u017cet UE. Rzo\u0144ca: Dostajemy mniej pieni\u0119dzy ni\u017c wcze\u015bniej - POGOTOWIE FLAGOWE\u00ae","isPartOf":{"@id":"https:\/\/www.pogotowieflagowe.pl\/aktualne\/#website"},"primaryImageOfPage":{"@id":"https:\/\/www.pogotowieflagowe.pl\/aktualne\/nowy-budzet-ue-rzonca-dostajemy-mniej-pieniedzy-niz-wczesniej\/#primaryimage"},"image":{"@id":"https:\/\/www.pogotowieflagowe.pl\/aktualne\/nowy-budzet-ue-rzonca-dostajemy-mniej-pieniedzy-niz-wczesniej\/#primaryimage"},"thumbnailUrl":"https:\/\/www.pogotowieflagowe.pl\/aktualne\/wp-content\/uploads\/2025\/07\/Prezydent-Parlamentu-Europejskiego-odrzuca-wniosek-o-moment-ciszy-dla-ofiar.jpg","datePublished":"2025-07-21T00:48:46+00:00","dateModified":"2025-07-21T00:48:46+00:00","breadcrumb":{"@id":"https:\/\/www.pogotowieflagowe.pl\/aktualne\/nowy-budzet-ue-rzonca-dostajemy-mniej-pieniedzy-niz-wczesniej\/#breadcrumb"},"inLanguage":"pl-PL","potentialAction":[{"@type":"ReadAction","target":["https:\/\/www.pogotowieflagowe.pl\/aktualne\/nowy-budzet-ue-rzonca-dostajemy-mniej-pieniedzy-niz-wczesniej\/"]}]},{"@type":"ImageObject","inLanguage":"pl-PL","@id":"https:\/\/www.pogotowieflagowe.pl\/aktualne\/nowy-budzet-ue-rzonca-dostajemy-mniej-pieniedzy-niz-wczesniej\/#primaryimage","url":"https:\/\/www.pogotowieflagowe.pl\/aktualne\/wp-content\/uploads\/2025\/07\/Prezydent-Parlamentu-Europejskiego-odrzuca-wniosek-o-moment-ciszy-dla-ofiar.jpg","contentUrl":"https:\/\/www.pogotowieflagowe.pl\/aktualne\/wp-content\/uploads\/2025\/07\/Prezydent-Parlamentu-Europejskiego-odrzuca-wniosek-o-moment-ciszy-dla-ofiar.jpg","width":767,"height":511,"caption":"Prezydent Parlamentu Europejskiego odrzuca wniosek o moment ciszy dla ofiar Volhyia"},{"@type":"BreadcrumbList","@id":"https:\/\/www.pogotowieflagowe.pl\/aktualne\/nowy-budzet-ue-rzonca-dostajemy-mniej-pieniedzy-niz-wczesniej\/#breadcrumb","itemListElement":[{"@type":"ListItem","position":1,"name":"Home","item":"https:\/\/www.pogotowieflagowe.pl\/aktualne\/"},{"@type":"ListItem","position":2,"name":"Nowy bud\u017cet UE. Rzo\u0144ca: Dostajemy mniej pieni\u0119dzy ni\u017c wcze\u015bniej"}]},{"@type":"WebSite","@id":"https:\/\/www.pogotowieflagowe.pl\/aktualne\/#website","url":"https:\/\/www.pogotowieflagowe.pl\/aktualne\/","name":"POGOTOWIE FLAGOWE\u00ae","description":"","publisher":{"@id":"https:\/\/www.pogotowieflagowe.pl\/aktualne\/#organization"},"potentialAction":[{"@type":"SearchAction","target":{"@type":"EntryPoint","urlTemplate":"https:\/\/www.pogotowieflagowe.pl\/aktualne\/?s={search_term_string}"},"query-input":"required name=search_term_string"}],"inLanguage":"pl-PL"},{"@type":"Organization","@id":"https:\/\/www.pogotowieflagowe.pl\/aktualne\/#organization","name":"POGOTOWIE FLAGOWE\u00ae","url":"https:\/\/www.pogotowieflagowe.pl\/aktualne\/","logo":{"@type":"ImageObject","inLanguage":"pl-PL","@id":"https:\/\/www.pogotowieflagowe.pl\/aktualne\/#\/schema\/logo\/image\/","url":"https:\/\/www.pogotowieflagowe.pl\/aktualne\/wp-content\/uploads\/2024\/08\/cropped-pogotowieflagowe_flaga_projekt_sm.jpg","contentUrl":"https:\/\/www.pogotowieflagowe.pl\/aktualne\/wp-content\/uploads\/2024\/08\/cropped-pogotowieflagowe_flaga_projekt_sm.jpg","width":250,"height":143,"caption":"POGOTOWIE FLAGOWE\u00ae"},"image":{"@id":"https:\/\/www.pogotowieflagowe.pl\/aktualne\/#\/schema\/logo\/image\/"}},{"@type":"Person","@id":"https:\/\/www.pogotowieflagowe.pl\/aktualne\/#\/schema\/person\/9c2fb7d2362ebf6fa088960d7f0d27b0","name":"Filip","image":{"@type":"ImageObject","inLanguage":"pl-PL","@id":"https:\/\/www.pogotowieflagowe.pl\/aktualne\/#\/schema\/person\/image\/","url":"https:\/\/www.pogotowieflagowe.pl\/aktualne\/wp-content\/uploads\/2024\/08\/pogotowieflagowe.pl_.jpg","contentUrl":"https:\/\/www.pogotowieflagowe.pl\/aktualne\/wp-content\/uploads\/2024\/08\/pogotowieflagowe.pl_.jpg","caption":"Filip"},"description":"Jestem Filip, polski dziennikarz z dyplomem nauk politycznych Uniwersytetu Warszawskiego. Rozpoczynaj\u0105c swoj\u0105 karier\u0119 w r\u00f3\u017cnych lokalnych mediach, zdoby\u0142em solidne do\u015bwiadczenie w zakresie \u015bledztwa i redakcji. Obecnie jako redaktor w Pogotowie flagowe, staram si\u0119 dostarcza\u0107 dog\u0142\u0119bne i istotne analizy na temat najwa\u017cniejszych kwestii aktualno\u015bci, \u0142\u0105cz\u0105c rygor z pasj\u0105 dziennikarsk\u0105.","sameAs":["https:\/\/www.pogotowieflagowe.pl\/"]}]}},"_links":{"self":[{"href":"https:\/\/www.pogotowieflagowe.pl\/aktualne\/wp-json\/wp\/v2\/posts\/6799","targetHints":{"allow":["GET"]}}],"collection":[{"href":"https:\/\/www.pogotowieflagowe.pl\/aktualne\/wp-json\/wp\/v2\/posts"}],"about":[{"href":"https:\/\/www.pogotowieflagowe.pl\/aktualne\/wp-json\/wp\/v2\/types\/post"}],"author":[{"embeddable":true,"href":"https:\/\/www.pogotowieflagowe.pl\/aktualne\/wp-json\/wp\/v2\/users\/1"}],"replies":[{"embeddable":true,"href":"https:\/\/www.pogotowieflagowe.pl\/aktualne\/wp-json\/wp\/v2\/comments?post=6799"}],"version-history":[{"count":1,"href":"https:\/\/www.pogotowieflagowe.pl\/aktualne\/wp-json\/wp\/v2\/posts\/6799\/revisions"}],"predecessor-version":[{"id":6800,"href":"https:\/\/www.pogotowieflagowe.pl\/aktualne\/wp-json\/wp\/v2\/posts\/6799\/revisions\/6800"}],"wp:featuredmedia":[{"embeddable":true,"href":"https:\/\/www.pogotowieflagowe.pl\/aktualne\/wp-json\/wp\/v2\/media\/6667"}],"wp:attachment":[{"href":"https:\/\/www.pogotowieflagowe.pl\/aktualne\/wp-json\/wp\/v2\/media?parent=6799"}],"wp:term":[{"taxonomy":"category","embeddable":true,"href":"https:\/\/www.pogotowieflagowe.pl\/aktualne\/wp-json\/wp\/v2\/categories?post=6799"},{"taxonomy":"post_tag","embeddable":true,"href":"https:\/\/www.pogotowieflagowe.pl\/aktualne\/wp-json\/wp\/v2\/tags?post=6799"}],"curies":[{"name":"wp","href":"https:\/\/api.w.org\/{rel}","templated":true}]}}