{"id":6816,"date":"2025-07-21T21:49:12","date_gmt":"2025-07-21T19:49:12","guid":{"rendered":"https:\/\/www.pogotowieflagowe.pl\/aktualne\/berlin-podwaja-liczbe-dotacji-obywatelskich-niemieckich\/"},"modified":"2025-07-21T21:49:13","modified_gmt":"2025-07-21T19:49:13","slug":"berlin-podwaja-liczbe-dotacji-obywatelskich-niemieckich","status":"publish","type":"post","link":"https:\/\/www.pogotowieflagowe.pl\/aktualne\/berlin-podwaja-liczbe-dotacji-obywatelskich-niemieckich\/","title":{"rendered":"Berlin podwaja liczb\u0119 dotacji obywatelskich niemieckich"},"content":{"rendered":"\n<div class=\"td_block_wrap tdb_single_content tdi_41 td-pb-border-top td_block_template_8 td-post-content tagdiv-type\" data-td-block-uid=\"tdi_41\">\n<style>.tdi_41 {margin-top: 0px! Wa\u017cne; margines-bottom: 0px! WA\u017bNY; PALDING-TOP: 0PX! WA\u017bNY; PALDING-BOTTOM: 0PX! WA\u017bNE}<\/style>\n<style>.tdb_single_content {margin-bottom: 0;*zoom: 1} .tdb_single_content: wcze\u015bniej, .tdb_single_content: po {display: Table; content: ''; line-height: 0} .TDB-BLOCK-INner>*: nie (.WP-BLOCK-QUOTE): not (.alignSwide): not (.Alignfull.wp-block-cover.has-parallax): not (.td-a-ad) {margin-left: auto; margin-right: auto} .tdb_single_ConTent a {wska\u017anik-events: auto} .tdb_single_content .td-spot-id-top_ad .tdc-placeholder-title: przed {content: \u201eArtyku\u0142 top ad\u201d! Wa\u017cne} .tdb_single_content .td-Spot-Id-inline_ad0 .tdc-placeholder-title 1 '! Wa\u017cne} .tdb_single_content .td-Spot-Id-inline_Ad1 .tdc-Placeholder-Title: przed {content: \u201eArtyku\u0142 inline AD 2'! Wa\u017cny} .tdb_single_content. 3 '! Wa\u017cne} .tdb_single_content .td-Spot-Id-Bottom_Ad .tdc-Placeholder-Title: przed {content: \u201eArtyku\u0142 Bottom Ad\u201d! Wa\u017cne} .tdb_single_content .id_top_ad, .tdb_single_content_content .id_bottom_ad {clear: oba; margin-bottom: 21px; text-align: Center} .tdb_single_content .id_top_ad img, .tdb_single_content .id_bottom_ad img {margin-bottom: 0} .tdb_single_conTent .id_top_ad .adsbyGoogle, .tdb_single_content .id_bottom_ad .adsbyGoogle {pozycja: relatyw} .tdb_single_content .id_ad_content-horiz-left, .tdb_single_content .id_ad_content-horiz-right, .tdb_single_content .id_ad_content-horiz-Center {margin-bottom: 15px} .tdb_single_content .id_ad_content-horiz-left Img, .tdb_single_content .id_ad_content-horiz-right img, .tdb_single_content .id_ad_content-horiz-centerter img {margin-bottom: 0} .tdb_single_content .id_ad_content-horiz-center {text-align: Center} .tdb_single_content .id_ad_content-horiz-center img {margin-right: auto; margin-let: auto} .tdb_single_content .id_ad_content-horiz-left {float: left; margin-top: 9px; margin-right: 21px} .tdb_single_content .id_ad_content-horiz-right {float: margin-top: 6px; margin-left: 21px} .tdb_single_content .tdc-a-a-ad .TDC-Placeholder-Title {szeroko\u015b\u0107: 300px; height: 250px} .tdb_single_content .tdc-a-ad .TDC-Placeholder-Title: Przed {Pozycja: Absolute; TOP: 50%;-WebKit-Transform: Translatey (-50%); Transform: Translatey (-50%); margines: auto; Display: Tabela; szeroko\u015b\u0107: 100%}. tdb_single_content .TDB-BLOCK-INNER.TD-FIX-INDEX {Word-Break: Break-word} .tdi_41, .tdi_41> p, .tdi_41 .tdb-block-inner> p, .Wp-Block-Column> p {font-size: 16px! Wa\u017cne; wa\u017cny; p {font-styl: normalne! Wa\u017cne} @media (Max-Width: 767px) {. tdb_single_content .id_ad_content-horiz-left, .tdb_single_content .id_ad_content-horiz-right, .tdb_single_content .id_ad_content-horiz-centter {Margin: 0 AUTO 26PXX auto}}@media (Max-Width: 767px) {. tdb_single_content .id_ad_content-horiz-left {margin-right: 0}}@media (max-width: 767px) {. (Max-Width: 767px) {. tdb_single_content .td-a-ad {float: none; text-align: Center} .tdb_single_content .td-a-ad img {margin-right: auto; margin-left: auto} .tdb_single_content .tdc-a-a-a-{margin-right: auto; margin-left: auto} .tdb_single_content .tdd<\/style>\n<div class=\"tdb-block-inner td-fix-index\">\n<p>Pomimo, \u017ce rz\u0105d federalny pod kanclerzem Friedrich Merz (CDU) prowadzi\u0142 surowsz\u0105 polityk\u0119 migracyjn\u0105, Berlin pod\u0105\u017cy\u0142 zupe\u0142nie inn\u0105 \u015bcie\u017ck\u0105. Biuro imigracyjne miasta (LEA) wyznaczy\u0142o ambitny cel: w 2025 r. Planuje przyzna\u0107 40 000 niemieckich paszport\u00f3w &#8211; dwa razy wi\u0119cej ni\u017c w zesz\u0142ym roku &#8211; wywo\u0142uj\u0105c powa\u017cne kontrowersje, w tym oskar\u017cenia o presj\u0119 personelu i nieprawid\u0142owo\u015bci.<\/p>\n<p>Od czasu obj\u0119cia urz\u0119du w maju kanclerz Friedrich Merz (CDU) i minister spraw wewn\u0119trznych Alexander Dobrindt (CSU) stale wdra\u017caj\u0105 og\u0142oszone \u201eprzesuni\u0119cie polityki migracji\u201d. Obejmuje to wzmocnienie kontroli granicznych, zmniejszenie liczby zastosowa\u0144 azylowych i zwi\u0119kszenie deportacji &#8211; w tym do Afganistanu. W zesz\u0142y pi\u0105tek deportowano tam 81 przest\u0119pc\u00f3w.<\/p>\n<p>Tymczasem w Berlinie &#8211; rz\u0105dzony przez CDU &#8211; sytuacja jest zupe\u0142nie inna. . <em>Landesamt f\u00fcr einwanderung<\/em> (Lea), biuro imigracyjne stolicy, znacznie przyspieszy\u0142o proces naturalizacji. W 2024 r. 21 802 obcokrajowc\u00f3w otrzyma\u0142o obywatelstwo niemieckie &#8211; osi\u0105gni\u0119cie \u015bwi\u0119towane wewn\u0119trznie z ciastem z napisem \u201eEinb\u00fcrgerung 20 000\u201d (\u201enaturalizacji &#8211; 20 000\u201d) podczas \u015bwi\u0105tecznych uroczysto\u015bci w biurze.<\/p>\n<p>W bie\u017c\u0105cym roku Lea Chief Engelhard Mazanke wyznaczy\u0142 rekordowy cel 40 000 naturalizacji &#8211; dwa razy wi\u0119cej ni\u017c poprzedni rok. Zgodnie z wewn\u0119trznymi protoko\u0142ami LES uzyskanymi przez niemiec <em>Bild<\/em>20 600 cudzoziemc\u00f3w sta\u0142o si\u0119 ju\u017c obywatelami niemieck\u0105 do ko\u0144ca czerwca 2025 r. Oficjalne uzasadnienie tak wysokich danych obejmuje oszcz\u0119dno\u015bci administracyjne w zarz\u0105dzaniu obcokrajowcami i cel ograniczenia \u201ekwoty obcokrajowc\u00f3w\u201d w statystykach miasta.<\/p>\n<p>Te wysokie cele podobno wywieraj\u0105 presj\u0119 na pracownik\u00f3w LEA. Anonimowy urz\u0119dnik powiedzia\u0142 <em>Bild<\/em> Oczekuje si\u0119, \u017ce ka\u017cdy pracownik w odpowiednim dziale \u201ewyprodukuje\u201d co najmniej osiem naturalizacji tygodniowo, przy czym nagroda jest opcj\u0105 pracy w domu. Biuro cz\u0119\u015bciowo temu zaprzecza, twierdz\u0105c, \u017ce takie wnioski s\u0105 \u201eoceniane indywidualnie\u201d.<\/p>\n<p>Istniej\u0105 r\u00f3wnie\u017c doniesienia o omijaniu przepis\u00f3w pracownik\u00f3w i przyznawania obywatelstwa osobom, kt\u00f3re nie powinny by\u0142y ich otrzymywa\u0107. W czwartek, 18 lipca 2025 r., Prokuratorzy w Berlinie przeszukali dom pracownika Lea podejrzanego o przekupstwo i fa\u0142szywe certyfikat. W kwietniu pracownik rzekomo przyzna\u0142 obywatelstwo nielegalnie i bez upowa\u017cnienia rodzinie z dw\u00f3jk\u0105 ma\u0142ych dzieci z P\u00f3\u0142nocnej Macedonii.<\/p>\n<figure class=\"wp-block-embed is-type-rich is-provider-twitter wp-block-embed-twitter\">\n<div class=\"wp-block-embed__wrapper\">\n<blockquote class=\"twitter-tweet\" data-width=\"550\" data-dnt=\"true\">\n<p lang=\"de\" dir=\"ltr\">IM CDU-gef\u00fchrten berlin erf\u00fcllt man nun eine MindQuote: Mindestens 40.000 Einb\u00fcrgerungen M\u00fcssen Die Verwaltungsmitheiter Pro Jahr Umsetzen-ALS Belohnung D\u00fcrfen Sie Im Homeoffice Arbeiten.  <a rel=\"nofollow\" href=\"https:\/\/twitter.com\/hashtag\/Sommerinterview?src=hash&amp;ref_src=twsrc%5Etfw\">#SommerInterView<\/a> <a rel=\"nofollow\" href=\"https:\/\/twitter.com\/hashtag\/Tagesschau?src=hash&amp;ref_src=twsrc%5Etfw\">#Tagesschau<\/a> <a rel=\"nofollow\" href=\"https:\/\/twitter.com\/hashtag\/DeshalbAfD?src=hash&amp;ref_src=twsrc%5Etfw\">#Deshalbafd<\/a> <a rel=\"nofollow\" href=\"https:\/\/t.co\/0m2T9LavmG\">pic.twitter.com\/0m2t9lavmg<\/a><\/p>\n<p>&#8211; Alice Weidel (@Alice_Weidel) <a rel=\"nofollow\" href=\"https:\/\/twitter.com\/Alice_Weidel\/status\/1946946609729728732?ref_src=twsrc%5Etfw\">20 lipca 2025 r<\/a><\/p><\/blockquote>\n<\/div>\n<\/figure>\n<p>Kolejnym coraz wi\u0119kszym problemem jest niewystarczaj\u0105ce umiej\u0119tno\u015bci j\u0119zyka niemieckiego wielu kandydat\u00f3w. Anonimowy pracownik Lea powiedzia\u0142 <em>Bild<\/em> \u017ce musia\u0142 \u201eb\u0142aga\u0107\u201d swojego prze\u0142o\u017conego o od\u0142o\u017cenie ceremonii naturalizacji ze wzgl\u0119du na niezwykle s\u0142ab\u0105 dow\u00f3dztwo niemieckiego wnioskodawcy. Niepokoi si\u0119 r\u00f3wnie\u017c, \u017ce osoby z antysemick\u0105 mog\u0105 \u0142atwo uzyska\u0107 obywatelstwo, pomimo wymogu og\u0142oszenia lojalno\u015bci wobec niemieckiego porz\u0105dku demokratycznego.<\/p>\n<p>\u201eDeklaracja zobowi\u0105zania do liberalnego porz\u0105dku demokratycznego jest cz\u0119sto tylko formalno\u015bci\u0105 &#8211; kawa\u0142kiem papieru i podpisu\u201d, stwierdzi\u0142 cz\u0142onek personelu Lea, dodaj\u0105c, \u017ce brakuje nadzoru, poniewa\u017c wnioskodawcy s\u0105 widziani tylko podczas otrzymywania dokument\u00f3w. Wskaza\u0142 na to jako g\u0142\u00f3wn\u0105 wad\u0119 w digitalizowany proces.<\/p>\n<p>Oficjalnie jednak biuro widzi jedynie korzy\u015bci z cyfryzacji.<\/p>\n<p>\u201eJak bezpieczna jest nasza procedura cyfrowa, zosta\u0142o wykazane przez trwaj\u0105ce dochodzenie wobec by\u0142ego pracownika Landesamt F\u00fcr Einwanderung\u201d, skomentowa\u0142 szef Lea Engelhard Mazanke w odpowiedzi na <em>Bild<\/em>Zapytanie.<\/p>\n<\/div>\n<\/div>\n<p><script async src=\"https:\/\/platform.twitter.com\/widgets.js\" charset=\"utf-8\"><\/script><\/p>\n","protected":false},"excerpt":{"rendered":"<p>Pomimo, \u017ce rz\u0105d federalny pod kanclerzem Friedrich Merz (CDU) prowadzi\u0142 surowsz\u0105 polityk\u0119 migracyjn\u0105, Berlin pod\u0105\u017cy\u0142 zupe\u0142nie inn\u0105 \u015bcie\u017ck\u0105. Biuro imigracyjne<\/p>\n","protected":false},"author":1,"featured_media":6817,"comment_status":"closed","ping_status":"","sticky":false,"template":"","format":"standard","meta":{"footnotes":""},"categories":[44],"tags":[7020,165,1850,4982,8555,8554],"class_list":["post-6816","post","type-post","status-publish","format-standard","has-post-thumbnail","hentry","category-polityka","tag-berlin","tag-dotacji","tag-liczbe","tag-niemieckich","tag-obywatelskich","tag-podwaja","generate-columns","tablet-grid-50","mobile-grid-100","grid-parent","grid-50","resize-featured-image"],"yoast_head":"<!-- This site is optimized with the Yoast SEO plugin v23.2 - https:\/\/yoast.com\/wordpress\/plugins\/seo\/ -->\n<title>Berlin podwaja liczb\u0119 dotacji obywatelskich niemieckich - POGOTOWIE FLAGOWE\u00ae<\/title>\n<meta name=\"robots\" content=\"index, follow, max-snippet:-1, max-image-preview:large, max-video-preview:-1\" \/>\n<link rel=\"canonical\" href=\"https:\/\/www.pogotowieflagowe.pl\/aktualne\/berlin-podwaja-liczbe-dotacji-obywatelskich-niemieckich\/\" \/>\n<meta property=\"og:locale\" content=\"pl_PL\" \/>\n<meta property=\"og:type\" content=\"article\" \/>\n<meta property=\"og:title\" content=\"Berlin podwaja liczb\u0119 dotacji obywatelskich niemieckich - POGOTOWIE FLAGOWE\u00ae\" \/>\n<meta property=\"og:description\" content=\"Pomimo, \u017ce rz\u0105d federalny pod kanclerzem Friedrich Merz (CDU) prowadzi\u0142 surowsz\u0105 polityk\u0119 migracyjn\u0105, Berlin pod\u0105\u017cy\u0142 zupe\u0142nie inn\u0105 \u015bcie\u017ck\u0105. Biuro imigracyjne\" \/>\n<meta property=\"og:url\" content=\"https:\/\/www.pogotowieflagowe.pl\/aktualne\/berlin-podwaja-liczbe-dotacji-obywatelskich-niemieckich\/\" \/>\n<meta property=\"og:site_name\" content=\"POGOTOWIE FLAGOWE\u00ae\" \/>\n<meta property=\"article:published_time\" content=\"2025-07-21T19:49:12+00:00\" \/>\n<meta property=\"article:modified_time\" content=\"2025-07-21T19:49:13+00:00\" \/>\n<meta property=\"og:image\" content=\"https:\/\/www.pogotowieflagowe.pl\/aktualne\/wp-content\/uploads\/2025\/07\/Berlin-podwaja-liczbe-dotacji-obywatelskich-niemieckich.jpg\" \/>\n\t<meta property=\"og:image:width\" content=\"1200\" \/>\n\t<meta property=\"og:image:height\" content=\"675\" \/>\n\t<meta property=\"og:image:type\" content=\"image\/jpeg\" \/>\n<meta name=\"author\" content=\"Filip\" \/>\n<meta name=\"twitter:card\" content=\"summary_large_image\" \/>\n<meta name=\"twitter:label1\" content=\"Napisane przez\" \/>\n\t<meta name=\"twitter:data1\" content=\"Filip\" \/>\n\t<meta name=\"twitter:label2\" content=\"Szacowany czas czytania\" \/>\n\t<meta name=\"twitter:data2\" content=\"3 minuty\" \/>\n<script type=\"application\/ld+json\" class=\"yoast-schema-graph\">{\"@context\":\"https:\/\/schema.org\",\"@graph\":[{\"@type\":\"Article\",\"@id\":\"https:\/\/www.pogotowieflagowe.pl\/aktualne\/berlin-podwaja-liczbe-dotacji-obywatelskich-niemieckich\/#article\",\"isPartOf\":{\"@id\":\"https:\/\/www.pogotowieflagowe.pl\/aktualne\/berlin-podwaja-liczbe-dotacji-obywatelskich-niemieckich\/\"},\"author\":{\"name\":\"Filip\",\"@id\":\"https:\/\/www.pogotowieflagowe.pl\/aktualne\/#\/schema\/person\/9c2fb7d2362ebf6fa088960d7f0d27b0\"},\"headline\":\"Berlin podwaja liczb\u0119 dotacji obywatelskich niemieckich\",\"datePublished\":\"2025-07-21T19:49:12+00:00\",\"dateModified\":\"2025-07-21T19:49:13+00:00\",\"mainEntityOfPage\":{\"@id\":\"https:\/\/www.pogotowieflagowe.pl\/aktualne\/berlin-podwaja-liczbe-dotacji-obywatelskich-niemieckich\/\"},\"wordCount\":567,\"publisher\":{\"@id\":\"https:\/\/www.pogotowieflagowe.pl\/aktualne\/#organization\"},\"image\":{\"@id\":\"https:\/\/www.pogotowieflagowe.pl\/aktualne\/berlin-podwaja-liczbe-dotacji-obywatelskich-niemieckich\/#primaryimage\"},\"thumbnailUrl\":\"https:\/\/www.pogotowieflagowe.pl\/aktualne\/wp-content\/uploads\/2025\/07\/Berlin-podwaja-liczbe-dotacji-obywatelskich-niemieckich.jpg\",\"keywords\":[\"Berlin\",\"dotacji\",\"liczb\u0119\",\"niemieckich\",\"obywatelskich\",\"podwaja\"],\"articleSection\":[\"Polityka\"],\"inLanguage\":\"pl-PL\"},{\"@type\":\"WebPage\",\"@id\":\"https:\/\/www.pogotowieflagowe.pl\/aktualne\/berlin-podwaja-liczbe-dotacji-obywatelskich-niemieckich\/\",\"url\":\"https:\/\/www.pogotowieflagowe.pl\/aktualne\/berlin-podwaja-liczbe-dotacji-obywatelskich-niemieckich\/\",\"name\":\"Berlin podwaja liczb\u0119 dotacji obywatelskich niemieckich - POGOTOWIE FLAGOWE\u00ae\",\"isPartOf\":{\"@id\":\"https:\/\/www.pogotowieflagowe.pl\/aktualne\/#website\"},\"primaryImageOfPage\":{\"@id\":\"https:\/\/www.pogotowieflagowe.pl\/aktualne\/berlin-podwaja-liczbe-dotacji-obywatelskich-niemieckich\/#primaryimage\"},\"image\":{\"@id\":\"https:\/\/www.pogotowieflagowe.pl\/aktualne\/berlin-podwaja-liczbe-dotacji-obywatelskich-niemieckich\/#primaryimage\"},\"thumbnailUrl\":\"https:\/\/www.pogotowieflagowe.pl\/aktualne\/wp-content\/uploads\/2025\/07\/Berlin-podwaja-liczbe-dotacji-obywatelskich-niemieckich.jpg\",\"datePublished\":\"2025-07-21T19:49:12+00:00\",\"dateModified\":\"2025-07-21T19:49:13+00:00\",\"breadcrumb\":{\"@id\":\"https:\/\/www.pogotowieflagowe.pl\/aktualne\/berlin-podwaja-liczbe-dotacji-obywatelskich-niemieckich\/#breadcrumb\"},\"inLanguage\":\"pl-PL\",\"potentialAction\":[{\"@type\":\"ReadAction\",\"target\":[\"https:\/\/www.pogotowieflagowe.pl\/aktualne\/berlin-podwaja-liczbe-dotacji-obywatelskich-niemieckich\/\"]}]},{\"@type\":\"ImageObject\",\"inLanguage\":\"pl-PL\",\"@id\":\"https:\/\/www.pogotowieflagowe.pl\/aktualne\/berlin-podwaja-liczbe-dotacji-obywatelskich-niemieckich\/#primaryimage\",\"url\":\"https:\/\/www.pogotowieflagowe.pl\/aktualne\/wp-content\/uploads\/2025\/07\/Berlin-podwaja-liczbe-dotacji-obywatelskich-niemieckich.jpg\",\"contentUrl\":\"https:\/\/www.pogotowieflagowe.pl\/aktualne\/wp-content\/uploads\/2025\/07\/Berlin-podwaja-liczbe-dotacji-obywatelskich-niemieckich.jpg\",\"width\":1200,\"height\":675,\"caption\":\"Berlin podwaja liczb\u0119 dotacji obywatelskich niemieckich\"},{\"@type\":\"BreadcrumbList\",\"@id\":\"https:\/\/www.pogotowieflagowe.pl\/aktualne\/berlin-podwaja-liczbe-dotacji-obywatelskich-niemieckich\/#breadcrumb\",\"itemListElement\":[{\"@type\":\"ListItem\",\"position\":1,\"name\":\"Home\",\"item\":\"https:\/\/www.pogotowieflagowe.pl\/aktualne\/\"},{\"@type\":\"ListItem\",\"position\":2,\"name\":\"Berlin podwaja liczb\u0119 dotacji obywatelskich niemieckich\"}]},{\"@type\":\"WebSite\",\"@id\":\"https:\/\/www.pogotowieflagowe.pl\/aktualne\/#website\",\"url\":\"https:\/\/www.pogotowieflagowe.pl\/aktualne\/\",\"name\":\"POGOTOWIE FLAGOWE\u00ae\",\"description\":\"\",\"publisher\":{\"@id\":\"https:\/\/www.pogotowieflagowe.pl\/aktualne\/#organization\"},\"potentialAction\":[{\"@type\":\"SearchAction\",\"target\":{\"@type\":\"EntryPoint\",\"urlTemplate\":\"https:\/\/www.pogotowieflagowe.pl\/aktualne\/?s={search_term_string}\"},\"query-input\":\"required name=search_term_string\"}],\"inLanguage\":\"pl-PL\"},{\"@type\":\"Organization\",\"@id\":\"https:\/\/www.pogotowieflagowe.pl\/aktualne\/#organization\",\"name\":\"POGOTOWIE FLAGOWE\u00ae\",\"url\":\"https:\/\/www.pogotowieflagowe.pl\/aktualne\/\",\"logo\":{\"@type\":\"ImageObject\",\"inLanguage\":\"pl-PL\",\"@id\":\"https:\/\/www.pogotowieflagowe.pl\/aktualne\/#\/schema\/logo\/image\/\",\"url\":\"https:\/\/www.pogotowieflagowe.pl\/aktualne\/wp-content\/uploads\/2024\/08\/cropped-pogotowieflagowe_flaga_projekt_sm.jpg\",\"contentUrl\":\"https:\/\/www.pogotowieflagowe.pl\/aktualne\/wp-content\/uploads\/2024\/08\/cropped-pogotowieflagowe_flaga_projekt_sm.jpg\",\"width\":250,\"height\":143,\"caption\":\"POGOTOWIE FLAGOWE\u00ae\"},\"image\":{\"@id\":\"https:\/\/www.pogotowieflagowe.pl\/aktualne\/#\/schema\/logo\/image\/\"}},{\"@type\":\"Person\",\"@id\":\"https:\/\/www.pogotowieflagowe.pl\/aktualne\/#\/schema\/person\/9c2fb7d2362ebf6fa088960d7f0d27b0\",\"name\":\"Filip\",\"image\":{\"@type\":\"ImageObject\",\"inLanguage\":\"pl-PL\",\"@id\":\"https:\/\/www.pogotowieflagowe.pl\/aktualne\/#\/schema\/person\/image\/\",\"url\":\"https:\/\/www.pogotowieflagowe.pl\/aktualne\/wp-content\/uploads\/2024\/08\/pogotowieflagowe.pl_.jpg\",\"contentUrl\":\"https:\/\/www.pogotowieflagowe.pl\/aktualne\/wp-content\/uploads\/2024\/08\/pogotowieflagowe.pl_.jpg\",\"caption\":\"Filip\"},\"description\":\"Jestem Filip, polski dziennikarz z dyplomem nauk politycznych Uniwersytetu Warszawskiego. Rozpoczynaj\u0105c swoj\u0105 karier\u0119 w r\u00f3\u017cnych lokalnych mediach, zdoby\u0142em solidne do\u015bwiadczenie w zakresie \u015bledztwa i redakcji. Obecnie jako redaktor w Pogotowie flagowe, staram si\u0119 dostarcza\u0107 dog\u0142\u0119bne i istotne analizy na temat najwa\u017cniejszych kwestii aktualno\u015bci, \u0142\u0105cz\u0105c rygor z pasj\u0105 dziennikarsk\u0105.\",\"sameAs\":[\"https:\/\/www.pogotowieflagowe.pl\/\"]}]}<\/script>\n<!-- \/ Yoast SEO plugin. -->","yoast_head_json":{"title":"Berlin podwaja liczb\u0119 dotacji obywatelskich niemieckich - POGOTOWIE FLAGOWE\u00ae","robots":{"index":"index","follow":"follow","max-snippet":"max-snippet:-1","max-image-preview":"max-image-preview:large","max-video-preview":"max-video-preview:-1"},"canonical":"https:\/\/www.pogotowieflagowe.pl\/aktualne\/berlin-podwaja-liczbe-dotacji-obywatelskich-niemieckich\/","og_locale":"pl_PL","og_type":"article","og_title":"Berlin podwaja liczb\u0119 dotacji obywatelskich niemieckich - POGOTOWIE FLAGOWE\u00ae","og_description":"Pomimo, \u017ce rz\u0105d federalny pod kanclerzem Friedrich Merz (CDU) prowadzi\u0142 surowsz\u0105 polityk\u0119 migracyjn\u0105, Berlin pod\u0105\u017cy\u0142 zupe\u0142nie inn\u0105 \u015bcie\u017ck\u0105. Biuro imigracyjne","og_url":"https:\/\/www.pogotowieflagowe.pl\/aktualne\/berlin-podwaja-liczbe-dotacji-obywatelskich-niemieckich\/","og_site_name":"POGOTOWIE FLAGOWE\u00ae","article_published_time":"2025-07-21T19:49:12+00:00","article_modified_time":"2025-07-21T19:49:13+00:00","og_image":[{"width":1200,"height":675,"url":"https:\/\/www.pogotowieflagowe.pl\/aktualne\/wp-content\/uploads\/2025\/07\/Berlin-podwaja-liczbe-dotacji-obywatelskich-niemieckich.jpg","type":"image\/jpeg"}],"author":"Filip","twitter_card":"summary_large_image","twitter_misc":{"Napisane przez":"Filip","Szacowany czas czytania":"3 minuty"},"schema":{"@context":"https:\/\/schema.org","@graph":[{"@type":"Article","@id":"https:\/\/www.pogotowieflagowe.pl\/aktualne\/berlin-podwaja-liczbe-dotacji-obywatelskich-niemieckich\/#article","isPartOf":{"@id":"https:\/\/www.pogotowieflagowe.pl\/aktualne\/berlin-podwaja-liczbe-dotacji-obywatelskich-niemieckich\/"},"author":{"name":"Filip","@id":"https:\/\/www.pogotowieflagowe.pl\/aktualne\/#\/schema\/person\/9c2fb7d2362ebf6fa088960d7f0d27b0"},"headline":"Berlin podwaja liczb\u0119 dotacji obywatelskich niemieckich","datePublished":"2025-07-21T19:49:12+00:00","dateModified":"2025-07-21T19:49:13+00:00","mainEntityOfPage":{"@id":"https:\/\/www.pogotowieflagowe.pl\/aktualne\/berlin-podwaja-liczbe-dotacji-obywatelskich-niemieckich\/"},"wordCount":567,"publisher":{"@id":"https:\/\/www.pogotowieflagowe.pl\/aktualne\/#organization"},"image":{"@id":"https:\/\/www.pogotowieflagowe.pl\/aktualne\/berlin-podwaja-liczbe-dotacji-obywatelskich-niemieckich\/#primaryimage"},"thumbnailUrl":"https:\/\/www.pogotowieflagowe.pl\/aktualne\/wp-content\/uploads\/2025\/07\/Berlin-podwaja-liczbe-dotacji-obywatelskich-niemieckich.jpg","keywords":["Berlin","dotacji","liczb\u0119","niemieckich","obywatelskich","podwaja"],"articleSection":["Polityka"],"inLanguage":"pl-PL"},{"@type":"WebPage","@id":"https:\/\/www.pogotowieflagowe.pl\/aktualne\/berlin-podwaja-liczbe-dotacji-obywatelskich-niemieckich\/","url":"https:\/\/www.pogotowieflagowe.pl\/aktualne\/berlin-podwaja-liczbe-dotacji-obywatelskich-niemieckich\/","name":"Berlin podwaja liczb\u0119 dotacji obywatelskich niemieckich - POGOTOWIE FLAGOWE\u00ae","isPartOf":{"@id":"https:\/\/www.pogotowieflagowe.pl\/aktualne\/#website"},"primaryImageOfPage":{"@id":"https:\/\/www.pogotowieflagowe.pl\/aktualne\/berlin-podwaja-liczbe-dotacji-obywatelskich-niemieckich\/#primaryimage"},"image":{"@id":"https:\/\/www.pogotowieflagowe.pl\/aktualne\/berlin-podwaja-liczbe-dotacji-obywatelskich-niemieckich\/#primaryimage"},"thumbnailUrl":"https:\/\/www.pogotowieflagowe.pl\/aktualne\/wp-content\/uploads\/2025\/07\/Berlin-podwaja-liczbe-dotacji-obywatelskich-niemieckich.jpg","datePublished":"2025-07-21T19:49:12+00:00","dateModified":"2025-07-21T19:49:13+00:00","breadcrumb":{"@id":"https:\/\/www.pogotowieflagowe.pl\/aktualne\/berlin-podwaja-liczbe-dotacji-obywatelskich-niemieckich\/#breadcrumb"},"inLanguage":"pl-PL","potentialAction":[{"@type":"ReadAction","target":["https:\/\/www.pogotowieflagowe.pl\/aktualne\/berlin-podwaja-liczbe-dotacji-obywatelskich-niemieckich\/"]}]},{"@type":"ImageObject","inLanguage":"pl-PL","@id":"https:\/\/www.pogotowieflagowe.pl\/aktualne\/berlin-podwaja-liczbe-dotacji-obywatelskich-niemieckich\/#primaryimage","url":"https:\/\/www.pogotowieflagowe.pl\/aktualne\/wp-content\/uploads\/2025\/07\/Berlin-podwaja-liczbe-dotacji-obywatelskich-niemieckich.jpg","contentUrl":"https:\/\/www.pogotowieflagowe.pl\/aktualne\/wp-content\/uploads\/2025\/07\/Berlin-podwaja-liczbe-dotacji-obywatelskich-niemieckich.jpg","width":1200,"height":675,"caption":"Berlin podwaja liczb\u0119 dotacji obywatelskich niemieckich"},{"@type":"BreadcrumbList","@id":"https:\/\/www.pogotowieflagowe.pl\/aktualne\/berlin-podwaja-liczbe-dotacji-obywatelskich-niemieckich\/#breadcrumb","itemListElement":[{"@type":"ListItem","position":1,"name":"Home","item":"https:\/\/www.pogotowieflagowe.pl\/aktualne\/"},{"@type":"ListItem","position":2,"name":"Berlin podwaja liczb\u0119 dotacji obywatelskich niemieckich"}]},{"@type":"WebSite","@id":"https:\/\/www.pogotowieflagowe.pl\/aktualne\/#website","url":"https:\/\/www.pogotowieflagowe.pl\/aktualne\/","name":"POGOTOWIE FLAGOWE\u00ae","description":"","publisher":{"@id":"https:\/\/www.pogotowieflagowe.pl\/aktualne\/#organization"},"potentialAction":[{"@type":"SearchAction","target":{"@type":"EntryPoint","urlTemplate":"https:\/\/www.pogotowieflagowe.pl\/aktualne\/?s={search_term_string}"},"query-input":"required name=search_term_string"}],"inLanguage":"pl-PL"},{"@type":"Organization","@id":"https:\/\/www.pogotowieflagowe.pl\/aktualne\/#organization","name":"POGOTOWIE FLAGOWE\u00ae","url":"https:\/\/www.pogotowieflagowe.pl\/aktualne\/","logo":{"@type":"ImageObject","inLanguage":"pl-PL","@id":"https:\/\/www.pogotowieflagowe.pl\/aktualne\/#\/schema\/logo\/image\/","url":"https:\/\/www.pogotowieflagowe.pl\/aktualne\/wp-content\/uploads\/2024\/08\/cropped-pogotowieflagowe_flaga_projekt_sm.jpg","contentUrl":"https:\/\/www.pogotowieflagowe.pl\/aktualne\/wp-content\/uploads\/2024\/08\/cropped-pogotowieflagowe_flaga_projekt_sm.jpg","width":250,"height":143,"caption":"POGOTOWIE FLAGOWE\u00ae"},"image":{"@id":"https:\/\/www.pogotowieflagowe.pl\/aktualne\/#\/schema\/logo\/image\/"}},{"@type":"Person","@id":"https:\/\/www.pogotowieflagowe.pl\/aktualne\/#\/schema\/person\/9c2fb7d2362ebf6fa088960d7f0d27b0","name":"Filip","image":{"@type":"ImageObject","inLanguage":"pl-PL","@id":"https:\/\/www.pogotowieflagowe.pl\/aktualne\/#\/schema\/person\/image\/","url":"https:\/\/www.pogotowieflagowe.pl\/aktualne\/wp-content\/uploads\/2024\/08\/pogotowieflagowe.pl_.jpg","contentUrl":"https:\/\/www.pogotowieflagowe.pl\/aktualne\/wp-content\/uploads\/2024\/08\/pogotowieflagowe.pl_.jpg","caption":"Filip"},"description":"Jestem Filip, polski dziennikarz z dyplomem nauk politycznych Uniwersytetu Warszawskiego. Rozpoczynaj\u0105c swoj\u0105 karier\u0119 w r\u00f3\u017cnych lokalnych mediach, zdoby\u0142em solidne do\u015bwiadczenie w zakresie \u015bledztwa i redakcji. Obecnie jako redaktor w Pogotowie flagowe, staram si\u0119 dostarcza\u0107 dog\u0142\u0119bne i istotne analizy na temat najwa\u017cniejszych kwestii aktualno\u015bci, \u0142\u0105cz\u0105c rygor z pasj\u0105 dziennikarsk\u0105.","sameAs":["https:\/\/www.pogotowieflagowe.pl\/"]}]}},"_links":{"self":[{"href":"https:\/\/www.pogotowieflagowe.pl\/aktualne\/wp-json\/wp\/v2\/posts\/6816","targetHints":{"allow":["GET"]}}],"collection":[{"href":"https:\/\/www.pogotowieflagowe.pl\/aktualne\/wp-json\/wp\/v2\/posts"}],"about":[{"href":"https:\/\/www.pogotowieflagowe.pl\/aktualne\/wp-json\/wp\/v2\/types\/post"}],"author":[{"embeddable":true,"href":"https:\/\/www.pogotowieflagowe.pl\/aktualne\/wp-json\/wp\/v2\/users\/1"}],"replies":[{"embeddable":true,"href":"https:\/\/www.pogotowieflagowe.pl\/aktualne\/wp-json\/wp\/v2\/comments?post=6816"}],"version-history":[{"count":1,"href":"https:\/\/www.pogotowieflagowe.pl\/aktualne\/wp-json\/wp\/v2\/posts\/6816\/revisions"}],"predecessor-version":[{"id":6818,"href":"https:\/\/www.pogotowieflagowe.pl\/aktualne\/wp-json\/wp\/v2\/posts\/6816\/revisions\/6818"}],"wp:featuredmedia":[{"embeddable":true,"href":"https:\/\/www.pogotowieflagowe.pl\/aktualne\/wp-json\/wp\/v2\/media\/6817"}],"wp:attachment":[{"href":"https:\/\/www.pogotowieflagowe.pl\/aktualne\/wp-json\/wp\/v2\/media?parent=6816"}],"wp:term":[{"taxonomy":"category","embeddable":true,"href":"https:\/\/www.pogotowieflagowe.pl\/aktualne\/wp-json\/wp\/v2\/categories?post=6816"},{"taxonomy":"post_tag","embeddable":true,"href":"https:\/\/www.pogotowieflagowe.pl\/aktualne\/wp-json\/wp\/v2\/tags?post=6816"}],"curies":[{"name":"wp","href":"https:\/\/api.w.org\/{rel}","templated":true}]}}