{"id":6869,"date":"2025-07-25T04:48:11","date_gmt":"2025-07-25T02:48:11","guid":{"rendered":"https:\/\/www.pogotowieflagowe.pl\/aktualne\/nowy-rzad-tuska-zaprzysiagl-prezydent-ludzie-mniej-dbaja-o-spory-polityczne-niz-bezpieczenstwo\/"},"modified":"2025-07-25T04:48:12","modified_gmt":"2025-07-25T02:48:12","slug":"nowy-rzad-tuska-zaprzysiagl-prezydent-ludzie-mniej-dbaja-o-spory-polityczne-niz-bezpieczenstwo","status":"publish","type":"post","link":"https:\/\/www.pogotowieflagowe.pl\/aktualne\/nowy-rzad-tuska-zaprzysiagl-prezydent-ludzie-mniej-dbaja-o-spory-polityczne-niz-bezpieczenstwo\/","title":{"rendered":"Nowy rz\u0105d Tuska zaprzysi\u0105g\u0142. Prezydent: \u201eLudzie mniej dbaj\u0105 o spory polityczne ni\u017c bezpiecze\u0144stwo\u201d"},"content":{"rendered":"\n<div class=\"td_block_wrap tdb_single_content tdi_41 td-pb-border-top td_block_template_8 td-post-content tagdiv-type\" data-td-block-uid=\"tdi_41\">\n<style>.tdi_41 {margin-top: 0px! Wa\u017cne; margines-bottom: 0px! WA\u017bNY; PALDING-TOP: 0PX! WA\u017bNY; PALDING-BOTTOM: 0PX! WA\u017bNE}<\/style>\n<style>.tdb_single_content {margin-bottom: 0;*zoom: 1} .tdb_single_content: wcze\u015bniej, .tdb_single_content: po {display: Table; content: ''; line-height: 0} .TDB-BLOCK-INner>*: nie (.WP-BLOCK-QUOTE): not (.alignSwide): not (.Alignfull.wp-block-cover.has-parallax): not (.td-a-ad) {margin-left: auto; margin-right: auto} .tdb_single_ConTent a {wska\u017anik-events: auto} .tdb_single_content .td-spot-id-top_ad .tdc-placeholder-title: przed {content: \u201eArtyku\u0142 top ad\u201d! Wa\u017cne} .tdb_single_content .td-Spot-Id-inline_ad0 .tdc-placeholder-title 1 '! Wa\u017cne} .tdb_single_content .td-Spot-Id-inline_Ad1 .tdc-Placeholder-Title: przed {content: \u201eArtyku\u0142 inline AD 2'! Wa\u017cny} .tdb_single_content. 3 '! Wa\u017cne} .tdb_single_content .td-Spot-Id-Bottom_Ad .tdc-Placeholder-Title: przed {content: \u201eArtyku\u0142 Bottom Ad\u201d! Wa\u017cne} .tdb_single_content .id_top_ad, .tdb_single_content_content .id_bottom_ad {clear: oba; margin-bottom: 21px; text-align: Center} .tdb_single_content .id_top_ad img, .tdb_single_content .id_bottom_ad img {margin-bottom: 0} .tdb_single_conTent .id_top_ad .adsbyGoogle, .tdb_single_content .id_bottom_ad .adsbyGoogle {pozycja: relatyw} .tdb_single_content .id_ad_content-horiz-left, .tdb_single_content .id_ad_content-horiz-right, .tdb_single_content .id_ad_content-horiz-Center {margin-bottom: 15px} .tdb_single_content .id_ad_content-horiz-left Img, .tdb_single_content .id_ad_content-horiz-right img, .tdb_single_content .id_ad_content-horiz-centerter img {margin-bottom: 0} .tdb_single_content .id_ad_content-horiz-center {text-align: Center} .tdb_single_content .id_ad_content-horiz-center img {margin-right: auto; margin-let: auto} .tdb_single_content .id_ad_content-horiz-left {float: left; margin-top: 9px; margin-right: 21px} .tdb_single_content .id_ad_content-horiz-right {float: margin-top: 6px; margin-left: 21px} .tdb_single_content .tdc-a-a-ad .TDC-Placeholder-Title {szeroko\u015b\u0107: 300px; height: 250px} .tdb_single_content .tdc-a-ad .TDC-Placeholder-Title: Przed {Pozycja: Absolute; TOP: 50%;-WebKit-Transform: Translatey (-50%); Transform: Translatey (-50%); margines: auto; Display: Tabela; szeroko\u015b\u0107: 100%}. tdb_single_content .TDB-BLOCK-INNER.TD-FIX-INDEX {Word-Break: Break-word} .tdi_41, .tdi_41> p, .tdi_41 .tdb-block-inner> p, .Wp-Block-Column> p {font-size: 16px! Wa\u017cne; wa\u017cny; p {font-styl: normalne! Wa\u017cne} @media (Max-Width: 767px) {. tdb_single_content .id_ad_content-horiz-left, .tdb_single_content .id_ad_content-horiz-right, .tdb_single_content .id_ad_content-horiz-centter {Margin: 0 AUTO 26PXX auto}}@media (Max-Width: 767px) {. tdb_single_content .id_ad_content-horiz-left {margin-right: 0}}@media (max-width: 767px) {. (Max-Width: 767px) {. tdb_single_content .td-a-ad {float: none; text-align: Center} .tdb_single_content .td-a-ad img {margin-right: auto; margin-left: auto} .tdb_single_content .tdc-a-a-a-{margin-right: auto; margin-left: auto} .tdb_single_content .tdd<\/style>\n<div class=\"tdb-block-inner td-fix-index\">\n<p>Prezydent AndrzeJ Duda przedstawi\u0142 dzi\u015b nominacje nowym ministrom w rz\u0105dzie Donalda Tuska. Prezydent podkre\u015bli\u0142, \u017ce bezpiecze\u0144stwo jest obecnie kluczowym problemem dla biegun\u00f3w. \u201eSpory, starcia, zemsta polityczna maj\u0105 znacznie mniej dla ludzi ni\u017c to, czy \u017cyj\u0105 w bezpiecze\u0144stwie, w komforcie i czy s\u0105 one dotkni\u0119te najbardziej fundamentalnymi i powa\u017cnymi obawami\u201d, powiedzia\u0142 prezydent nowo mianowanym ministrom.<\/p>\n<p>Prezydent Duda oficjalnie nominowa\u0142 nowych cz\u0142onk\u00f3w gabinetu premiera Donalda Tuska.<\/p>\n<p>\u201eDzisiaj, dla naszych wsp\u00f3\u0142obywateli, absolutnie najbardziej fundamentalnym problemem jest bezpiecze\u0144stwo &#8211; rozumiane w bardzo konkretnym, trudnym sensie. Chodzi o bezpiecze\u0144stwo fizyczne, a nie w pewnym, abstrakcyjnym sensie. Chodzi o zapewnienie, \u017ce Polska jest stabilna, rz\u0105dzona i uporz\u0105dkowana\u201d &#8211; powiedzia\u0142 prezydent.<\/p>\n<p>Podkre\u015bli\u0142 r\u00f3wnie\u017c, \u017ce \u201ewszystkie spekulacje dobieg\u0142y ko\u0144ca, a Polska po raz kolejny ma stabilny, jasno okre\u015blony rz\u0105d\u201d.<\/p>\n<p>\u201eJest to dzi\u015b podstawowe zadanie, jak rozumiane przez wszystkich naszych rodak\u00f3w &#8211; \u017ce jest jasne, kto rz\u0105dzi, kto ponosi odpowiedzialno\u015b\u0107 i kt\u00f3ry posiada wodze pa\u0144stwa\u201d &#8211; stwierdzi\u0142 Duda.<\/p>\n<p>\u201eSpory, starcia, zemsta polityczna maj\u0105 znacznie mniej dla ludzi ni\u017c to, czy \u017cyj\u0105 w bezpiecze\u0144stwie, w komforcie i czy s\u0105 na nich najbardziej fundamentalne i powa\u017cne obawy\u201d &#8211; doda\u0142.<\/p>\n<p>Ministerstwo odpowiedzialne za kwestie gospodarcze i finansowe b\u0119dzie teraz prowadzone przez obecnego ministra finans\u00f3w, <strong>AndrzeJ Doma\u0144ski<\/strong>.<\/p>\n<p><strong>Mi\u0142osz Motyka<\/strong>wcze\u015bniej wiceminister klimatu i \u015brodowiska, przej\u0105\u0142 stanowisko ministra energii.<\/p>\n<p><strong>Jakub Jaworowski<\/strong>ust\u0119puj\u0105cy szef Ministerstwa \u015arodk\u00f3w pa\u0144stwowych, zosta\u0142 zast\u0105piony przez <strong>Wojciech Balczun<\/strong>Do tej pory prezes Agencji Rozwoju Przemys\u0142owego.<\/p>\n<p><strong>Czes\u0142aw Siekierski<\/strong> opu\u015bci\u0142 stanowisko ministra rolnictwa i rozwoju obszar\u00f3w wiejskich, zast\u0105pione przez <strong>Stefan Krajewski<\/strong>wcze\u015bniej wiceminister w tym samym ministerstwie.<\/p>\n<p>Z utworzeniem du\u017cej Ministerstwa Gospodarki i Finans\u00f3w, <strong>Ministerstwo Rozwoju i Technologii<\/strong>kieruj\u0105c <strong>KZYZTOF PASYKYK<\/strong>zosta\u0142 rozwi\u0105zany. . <strong>Ministerstwo Przemys\u0142u<\/strong>prowadzony przez <strong>Marzena Czarnecka<\/strong>i <strong>Ministerstwo R\u00f3wno\u015bci<\/strong>kieruj\u0105c <strong>Katarrzyna Kotula<\/strong>zosta\u0142y r\u00f3wnie\u017c zniesione.<\/p>\n<p>Inni nowo mianowani ministrowie to:<\/p>\n<ul class=\"wp-block-list\">\n<li><strong>Marcin Kulasek<\/strong> &#8211; Minister nauki i szkolnictwa wy\u017cszego<\/li>\n<li><strong>Marcin Kierwi\u0144ski<\/strong> &#8211; Minister spraw wewn\u0119trznych i administracji<\/li>\n<li><strong>Marta Cienkowska<\/strong> &#8211; Minister kultury<\/li>\n<li><strong>Jakub Rutnicki<\/strong> &#8211; Minister sportu i turystyki<\/li>\n<li><strong>Jolanta Sobiera\u0144ska-Grenda<\/strong> &#8211; Minister Zdrowia<\/li>\n<\/ul>\n<p><strong>RADOS\u0141AW SIKORSKI<\/strong>minister spraw zagranicznych, zosta\u0142 dodatkowo mianowany wicepremier\u0105.<br \/>Tymczasem, <strong>Waldemar \u017burek<\/strong> kieruje Ministerstwem Sprawiedliwo\u015bci.<\/p>\n<\/div>\n<\/div>\n","protected":false},"excerpt":{"rendered":"<p>Prezydent AndrzeJ Duda przedstawi\u0142 dzi\u015b nominacje nowym ministrom w rz\u0105dzie Donalda Tuska. Prezydent podkre\u015bli\u0142, \u017ce bezpiecze\u0144stwo jest obecnie kluczowym problemem<\/p>\n","protected":false},"author":1,"featured_media":6870,"comment_status":"closed","ping_status":"","sticky":false,"template":"","format":"standard","meta":{"footnotes":""},"categories":[4748],"tags":[2272,8602,1919,3828,3830,581,671,341,1554,8603,567,8601],"class_list":["post-6869","post","type-post","status-publish","format-standard","has-post-thumbnail","hentry","category-aktualne","tag-bezpieczenstwo","tag-dbaja","tag-ludzie","tag-mniej","tag-niz","tag-nowy","tag-polityczne","tag-prezydent","tag-rzad","tag-spory","tag-tuska","tag-zaprzysiagl","generate-columns","tablet-grid-50","mobile-grid-100","grid-parent","grid-50","resize-featured-image"],"yoast_head":"<!-- This site is optimized with the Yoast SEO plugin v23.2 - https:\/\/yoast.com\/wordpress\/plugins\/seo\/ -->\n<title>Nowy rz\u0105d Tuska zaprzysi\u0105g\u0142. Prezydent: \u201eLudzie mniej dbaj\u0105 o spory polityczne ni\u017c bezpiecze\u0144stwo\u201d - POGOTOWIE FLAGOWE\u00ae<\/title>\n<meta name=\"robots\" content=\"index, follow, max-snippet:-1, max-image-preview:large, max-video-preview:-1\" \/>\n<link rel=\"canonical\" href=\"https:\/\/www.pogotowieflagowe.pl\/aktualne\/nowy-rzad-tuska-zaprzysiagl-prezydent-ludzie-mniej-dbaja-o-spory-polityczne-niz-bezpieczenstwo\/\" \/>\n<meta property=\"og:locale\" content=\"pl_PL\" \/>\n<meta property=\"og:type\" content=\"article\" \/>\n<meta property=\"og:title\" content=\"Nowy rz\u0105d Tuska zaprzysi\u0105g\u0142. Prezydent: \u201eLudzie mniej dbaj\u0105 o spory polityczne ni\u017c bezpiecze\u0144stwo\u201d - POGOTOWIE FLAGOWE\u00ae\" \/>\n<meta property=\"og:description\" content=\"Prezydent AndrzeJ Duda przedstawi\u0142 dzi\u015b nominacje nowym ministrom w rz\u0105dzie Donalda Tuska. Prezydent podkre\u015bli\u0142, \u017ce bezpiecze\u0144stwo jest obecnie kluczowym problemem\" \/>\n<meta property=\"og:url\" content=\"https:\/\/www.pogotowieflagowe.pl\/aktualne\/nowy-rzad-tuska-zaprzysiagl-prezydent-ludzie-mniej-dbaja-o-spory-polityczne-niz-bezpieczenstwo\/\" \/>\n<meta property=\"og:site_name\" content=\"POGOTOWIE FLAGOWE\u00ae\" \/>\n<meta property=\"article:published_time\" content=\"2025-07-25T02:48:11+00:00\" \/>\n<meta property=\"article:modified_time\" content=\"2025-07-25T02:48:12+00:00\" \/>\n<meta property=\"og:image\" content=\"https:\/\/www.pogotowieflagowe.pl\/aktualne\/wp-content\/uploads\/2025\/07\/Nowy-rzad-Tuska-zaprzysiagl-Prezydent-\u201eLudzie-mniej-dbaja-o-spory.webp.webp\" \/>\n\t<meta property=\"og:image:width\" content=\"1280\" \/>\n\t<meta property=\"og:image:height\" content=\"720\" \/>\n\t<meta property=\"og:image:type\" content=\"image\/webp\" \/>\n<meta name=\"author\" content=\"Filip\" \/>\n<meta name=\"twitter:card\" content=\"summary_large_image\" \/>\n<meta name=\"twitter:label1\" content=\"Napisane przez\" \/>\n\t<meta name=\"twitter:data1\" content=\"Filip\" \/>\n\t<meta name=\"twitter:label2\" content=\"Szacowany czas czytania\" \/>\n\t<meta name=\"twitter:data2\" content=\"2 minuty\" \/>\n<script type=\"application\/ld+json\" class=\"yoast-schema-graph\">{\"@context\":\"https:\/\/schema.org\",\"@graph\":[{\"@type\":\"Article\",\"@id\":\"https:\/\/www.pogotowieflagowe.pl\/aktualne\/nowy-rzad-tuska-zaprzysiagl-prezydent-ludzie-mniej-dbaja-o-spory-polityczne-niz-bezpieczenstwo\/#article\",\"isPartOf\":{\"@id\":\"https:\/\/www.pogotowieflagowe.pl\/aktualne\/nowy-rzad-tuska-zaprzysiagl-prezydent-ludzie-mniej-dbaja-o-spory-polityczne-niz-bezpieczenstwo\/\"},\"author\":{\"name\":\"Filip\",\"@id\":\"https:\/\/www.pogotowieflagowe.pl\/aktualne\/#\/schema\/person\/9c2fb7d2362ebf6fa088960d7f0d27b0\"},\"headline\":\"Nowy rz\u0105d Tuska zaprzysi\u0105g\u0142. Prezydent: \u201eLudzie mniej dbaj\u0105 o spory polityczne ni\u017c bezpiecze\u0144stwo\u201d\",\"datePublished\":\"2025-07-25T02:48:11+00:00\",\"dateModified\":\"2025-07-25T02:48:12+00:00\",\"mainEntityOfPage\":{\"@id\":\"https:\/\/www.pogotowieflagowe.pl\/aktualne\/nowy-rzad-tuska-zaprzysiagl-prezydent-ludzie-mniej-dbaja-o-spory-polityczne-niz-bezpieczenstwo\/\"},\"wordCount\":391,\"publisher\":{\"@id\":\"https:\/\/www.pogotowieflagowe.pl\/aktualne\/#organization\"},\"image\":{\"@id\":\"https:\/\/www.pogotowieflagowe.pl\/aktualne\/nowy-rzad-tuska-zaprzysiagl-prezydent-ludzie-mniej-dbaja-o-spory-polityczne-niz-bezpieczenstwo\/#primaryimage\"},\"thumbnailUrl\":\"https:\/\/www.pogotowieflagowe.pl\/aktualne\/wp-content\/uploads\/2025\/07\/Nowy-rzad-Tuska-zaprzysiagl-Prezydent-\u201eLudzie-mniej-dbaja-o-spory.webp.webp\",\"keywords\":[\"bezpiecze\u0144stwo\",\"dbaj\u0105\",\"ludzie\",\"mniej\",\"ni\u017c\",\"Nowy\",\"polityczne\",\"Prezydent\",\"Rz\u0105d\",\"spory\",\"Tuska\",\"zaprzysi\u0105g\u0142\"],\"articleSection\":[\"Aktualne\"],\"inLanguage\":\"pl-PL\"},{\"@type\":\"WebPage\",\"@id\":\"https:\/\/www.pogotowieflagowe.pl\/aktualne\/nowy-rzad-tuska-zaprzysiagl-prezydent-ludzie-mniej-dbaja-o-spory-polityczne-niz-bezpieczenstwo\/\",\"url\":\"https:\/\/www.pogotowieflagowe.pl\/aktualne\/nowy-rzad-tuska-zaprzysiagl-prezydent-ludzie-mniej-dbaja-o-spory-polityczne-niz-bezpieczenstwo\/\",\"name\":\"Nowy rz\u0105d Tuska zaprzysi\u0105g\u0142. Prezydent: \u201eLudzie mniej dbaj\u0105 o spory polityczne ni\u017c bezpiecze\u0144stwo\u201d - POGOTOWIE FLAGOWE\u00ae\",\"isPartOf\":{\"@id\":\"https:\/\/www.pogotowieflagowe.pl\/aktualne\/#website\"},\"primaryImageOfPage\":{\"@id\":\"https:\/\/www.pogotowieflagowe.pl\/aktualne\/nowy-rzad-tuska-zaprzysiagl-prezydent-ludzie-mniej-dbaja-o-spory-polityczne-niz-bezpieczenstwo\/#primaryimage\"},\"image\":{\"@id\":\"https:\/\/www.pogotowieflagowe.pl\/aktualne\/nowy-rzad-tuska-zaprzysiagl-prezydent-ludzie-mniej-dbaja-o-spory-polityczne-niz-bezpieczenstwo\/#primaryimage\"},\"thumbnailUrl\":\"https:\/\/www.pogotowieflagowe.pl\/aktualne\/wp-content\/uploads\/2025\/07\/Nowy-rzad-Tuska-zaprzysiagl-Prezydent-\u201eLudzie-mniej-dbaja-o-spory.webp.webp\",\"datePublished\":\"2025-07-25T02:48:11+00:00\",\"dateModified\":\"2025-07-25T02:48:12+00:00\",\"breadcrumb\":{\"@id\":\"https:\/\/www.pogotowieflagowe.pl\/aktualne\/nowy-rzad-tuska-zaprzysiagl-prezydent-ludzie-mniej-dbaja-o-spory-polityczne-niz-bezpieczenstwo\/#breadcrumb\"},\"inLanguage\":\"pl-PL\",\"potentialAction\":[{\"@type\":\"ReadAction\",\"target\":[\"https:\/\/www.pogotowieflagowe.pl\/aktualne\/nowy-rzad-tuska-zaprzysiagl-prezydent-ludzie-mniej-dbaja-o-spory-polityczne-niz-bezpieczenstwo\/\"]}]},{\"@type\":\"ImageObject\",\"inLanguage\":\"pl-PL\",\"@id\":\"https:\/\/www.pogotowieflagowe.pl\/aktualne\/nowy-rzad-tuska-zaprzysiagl-prezydent-ludzie-mniej-dbaja-o-spory-polityczne-niz-bezpieczenstwo\/#primaryimage\",\"url\":\"https:\/\/www.pogotowieflagowe.pl\/aktualne\/wp-content\/uploads\/2025\/07\/Nowy-rzad-Tuska-zaprzysiagl-Prezydent-\u201eLudzie-mniej-dbaja-o-spory.webp.webp\",\"contentUrl\":\"https:\/\/www.pogotowieflagowe.pl\/aktualne\/wp-content\/uploads\/2025\/07\/Nowy-rzad-Tuska-zaprzysiagl-Prezydent-\u201eLudzie-mniej-dbaja-o-spory.webp.webp\",\"width\":1280,\"height\":720,\"caption\":\"Nowy rz\u0105d Tuska zaprzysi\u0105g\u0142. Prezydent: \u201eLudzie mniej dbaj\u0105 o spory polityczne ni\u017c bezpiecze\u0144stwo\u201d\"},{\"@type\":\"BreadcrumbList\",\"@id\":\"https:\/\/www.pogotowieflagowe.pl\/aktualne\/nowy-rzad-tuska-zaprzysiagl-prezydent-ludzie-mniej-dbaja-o-spory-polityczne-niz-bezpieczenstwo\/#breadcrumb\",\"itemListElement\":[{\"@type\":\"ListItem\",\"position\":1,\"name\":\"Home\",\"item\":\"https:\/\/www.pogotowieflagowe.pl\/aktualne\/\"},{\"@type\":\"ListItem\",\"position\":2,\"name\":\"Nowy rz\u0105d Tuska zaprzysi\u0105g\u0142. Prezydent: \u201eLudzie mniej dbaj\u0105 o spory polityczne ni\u017c bezpiecze\u0144stwo\u201d\"}]},{\"@type\":\"WebSite\",\"@id\":\"https:\/\/www.pogotowieflagowe.pl\/aktualne\/#website\",\"url\":\"https:\/\/www.pogotowieflagowe.pl\/aktualne\/\",\"name\":\"POGOTOWIE FLAGOWE\u00ae\",\"description\":\"\",\"publisher\":{\"@id\":\"https:\/\/www.pogotowieflagowe.pl\/aktualne\/#organization\"},\"potentialAction\":[{\"@type\":\"SearchAction\",\"target\":{\"@type\":\"EntryPoint\",\"urlTemplate\":\"https:\/\/www.pogotowieflagowe.pl\/aktualne\/?s={search_term_string}\"},\"query-input\":\"required name=search_term_string\"}],\"inLanguage\":\"pl-PL\"},{\"@type\":\"Organization\",\"@id\":\"https:\/\/www.pogotowieflagowe.pl\/aktualne\/#organization\",\"name\":\"POGOTOWIE FLAGOWE\u00ae\",\"url\":\"https:\/\/www.pogotowieflagowe.pl\/aktualne\/\",\"logo\":{\"@type\":\"ImageObject\",\"inLanguage\":\"pl-PL\",\"@id\":\"https:\/\/www.pogotowieflagowe.pl\/aktualne\/#\/schema\/logo\/image\/\",\"url\":\"https:\/\/www.pogotowieflagowe.pl\/aktualne\/wp-content\/uploads\/2024\/08\/cropped-pogotowieflagowe_flaga_projekt_sm.jpg\",\"contentUrl\":\"https:\/\/www.pogotowieflagowe.pl\/aktualne\/wp-content\/uploads\/2024\/08\/cropped-pogotowieflagowe_flaga_projekt_sm.jpg\",\"width\":250,\"height\":143,\"caption\":\"POGOTOWIE FLAGOWE\u00ae\"},\"image\":{\"@id\":\"https:\/\/www.pogotowieflagowe.pl\/aktualne\/#\/schema\/logo\/image\/\"}},{\"@type\":\"Person\",\"@id\":\"https:\/\/www.pogotowieflagowe.pl\/aktualne\/#\/schema\/person\/9c2fb7d2362ebf6fa088960d7f0d27b0\",\"name\":\"Filip\",\"image\":{\"@type\":\"ImageObject\",\"inLanguage\":\"pl-PL\",\"@id\":\"https:\/\/www.pogotowieflagowe.pl\/aktualne\/#\/schema\/person\/image\/\",\"url\":\"https:\/\/www.pogotowieflagowe.pl\/aktualne\/wp-content\/uploads\/2024\/08\/pogotowieflagowe.pl_.jpg\",\"contentUrl\":\"https:\/\/www.pogotowieflagowe.pl\/aktualne\/wp-content\/uploads\/2024\/08\/pogotowieflagowe.pl_.jpg\",\"caption\":\"Filip\"},\"description\":\"Jestem Filip, polski dziennikarz z dyplomem nauk politycznych Uniwersytetu Warszawskiego. Rozpoczynaj\u0105c swoj\u0105 karier\u0119 w r\u00f3\u017cnych lokalnych mediach, zdoby\u0142em solidne do\u015bwiadczenie w zakresie \u015bledztwa i redakcji. Obecnie jako redaktor w Pogotowie flagowe, staram si\u0119 dostarcza\u0107 dog\u0142\u0119bne i istotne analizy na temat najwa\u017cniejszych kwestii aktualno\u015bci, \u0142\u0105cz\u0105c rygor z pasj\u0105 dziennikarsk\u0105.\",\"sameAs\":[\"https:\/\/www.pogotowieflagowe.pl\/\"]}]}<\/script>\n<!-- \/ Yoast SEO plugin. -->","yoast_head_json":{"title":"Nowy rz\u0105d Tuska zaprzysi\u0105g\u0142. Prezydent: \u201eLudzie mniej dbaj\u0105 o spory polityczne ni\u017c bezpiecze\u0144stwo\u201d - POGOTOWIE FLAGOWE\u00ae","robots":{"index":"index","follow":"follow","max-snippet":"max-snippet:-1","max-image-preview":"max-image-preview:large","max-video-preview":"max-video-preview:-1"},"canonical":"https:\/\/www.pogotowieflagowe.pl\/aktualne\/nowy-rzad-tuska-zaprzysiagl-prezydent-ludzie-mniej-dbaja-o-spory-polityczne-niz-bezpieczenstwo\/","og_locale":"pl_PL","og_type":"article","og_title":"Nowy rz\u0105d Tuska zaprzysi\u0105g\u0142. Prezydent: \u201eLudzie mniej dbaj\u0105 o spory polityczne ni\u017c bezpiecze\u0144stwo\u201d - POGOTOWIE FLAGOWE\u00ae","og_description":"Prezydent AndrzeJ Duda przedstawi\u0142 dzi\u015b nominacje nowym ministrom w rz\u0105dzie Donalda Tuska. Prezydent podkre\u015bli\u0142, \u017ce bezpiecze\u0144stwo jest obecnie kluczowym problemem","og_url":"https:\/\/www.pogotowieflagowe.pl\/aktualne\/nowy-rzad-tuska-zaprzysiagl-prezydent-ludzie-mniej-dbaja-o-spory-polityczne-niz-bezpieczenstwo\/","og_site_name":"POGOTOWIE FLAGOWE\u00ae","article_published_time":"2025-07-25T02:48:11+00:00","article_modified_time":"2025-07-25T02:48:12+00:00","og_image":[{"width":1280,"height":720,"url":"https:\/\/www.pogotowieflagowe.pl\/aktualne\/wp-content\/uploads\/2025\/07\/Nowy-rzad-Tuska-zaprzysiagl-Prezydent-\u201eLudzie-mniej-dbaja-o-spory.webp.webp","type":"image\/webp"}],"author":"Filip","twitter_card":"summary_large_image","twitter_misc":{"Napisane przez":"Filip","Szacowany czas czytania":"2 minuty"},"schema":{"@context":"https:\/\/schema.org","@graph":[{"@type":"Article","@id":"https:\/\/www.pogotowieflagowe.pl\/aktualne\/nowy-rzad-tuska-zaprzysiagl-prezydent-ludzie-mniej-dbaja-o-spory-polityczne-niz-bezpieczenstwo\/#article","isPartOf":{"@id":"https:\/\/www.pogotowieflagowe.pl\/aktualne\/nowy-rzad-tuska-zaprzysiagl-prezydent-ludzie-mniej-dbaja-o-spory-polityczne-niz-bezpieczenstwo\/"},"author":{"name":"Filip","@id":"https:\/\/www.pogotowieflagowe.pl\/aktualne\/#\/schema\/person\/9c2fb7d2362ebf6fa088960d7f0d27b0"},"headline":"Nowy rz\u0105d Tuska zaprzysi\u0105g\u0142. Prezydent: \u201eLudzie mniej dbaj\u0105 o spory polityczne ni\u017c bezpiecze\u0144stwo\u201d","datePublished":"2025-07-25T02:48:11+00:00","dateModified":"2025-07-25T02:48:12+00:00","mainEntityOfPage":{"@id":"https:\/\/www.pogotowieflagowe.pl\/aktualne\/nowy-rzad-tuska-zaprzysiagl-prezydent-ludzie-mniej-dbaja-o-spory-polityczne-niz-bezpieczenstwo\/"},"wordCount":391,"publisher":{"@id":"https:\/\/www.pogotowieflagowe.pl\/aktualne\/#organization"},"image":{"@id":"https:\/\/www.pogotowieflagowe.pl\/aktualne\/nowy-rzad-tuska-zaprzysiagl-prezydent-ludzie-mniej-dbaja-o-spory-polityczne-niz-bezpieczenstwo\/#primaryimage"},"thumbnailUrl":"https:\/\/www.pogotowieflagowe.pl\/aktualne\/wp-content\/uploads\/2025\/07\/Nowy-rzad-Tuska-zaprzysiagl-Prezydent-\u201eLudzie-mniej-dbaja-o-spory.webp.webp","keywords":["bezpiecze\u0144stwo","dbaj\u0105","ludzie","mniej","ni\u017c","Nowy","polityczne","Prezydent","Rz\u0105d","spory","Tuska","zaprzysi\u0105g\u0142"],"articleSection":["Aktualne"],"inLanguage":"pl-PL"},{"@type":"WebPage","@id":"https:\/\/www.pogotowieflagowe.pl\/aktualne\/nowy-rzad-tuska-zaprzysiagl-prezydent-ludzie-mniej-dbaja-o-spory-polityczne-niz-bezpieczenstwo\/","url":"https:\/\/www.pogotowieflagowe.pl\/aktualne\/nowy-rzad-tuska-zaprzysiagl-prezydent-ludzie-mniej-dbaja-o-spory-polityczne-niz-bezpieczenstwo\/","name":"Nowy rz\u0105d Tuska zaprzysi\u0105g\u0142. Prezydent: \u201eLudzie mniej dbaj\u0105 o spory polityczne ni\u017c bezpiecze\u0144stwo\u201d - POGOTOWIE FLAGOWE\u00ae","isPartOf":{"@id":"https:\/\/www.pogotowieflagowe.pl\/aktualne\/#website"},"primaryImageOfPage":{"@id":"https:\/\/www.pogotowieflagowe.pl\/aktualne\/nowy-rzad-tuska-zaprzysiagl-prezydent-ludzie-mniej-dbaja-o-spory-polityczne-niz-bezpieczenstwo\/#primaryimage"},"image":{"@id":"https:\/\/www.pogotowieflagowe.pl\/aktualne\/nowy-rzad-tuska-zaprzysiagl-prezydent-ludzie-mniej-dbaja-o-spory-polityczne-niz-bezpieczenstwo\/#primaryimage"},"thumbnailUrl":"https:\/\/www.pogotowieflagowe.pl\/aktualne\/wp-content\/uploads\/2025\/07\/Nowy-rzad-Tuska-zaprzysiagl-Prezydent-\u201eLudzie-mniej-dbaja-o-spory.webp.webp","datePublished":"2025-07-25T02:48:11+00:00","dateModified":"2025-07-25T02:48:12+00:00","breadcrumb":{"@id":"https:\/\/www.pogotowieflagowe.pl\/aktualne\/nowy-rzad-tuska-zaprzysiagl-prezydent-ludzie-mniej-dbaja-o-spory-polityczne-niz-bezpieczenstwo\/#breadcrumb"},"inLanguage":"pl-PL","potentialAction":[{"@type":"ReadAction","target":["https:\/\/www.pogotowieflagowe.pl\/aktualne\/nowy-rzad-tuska-zaprzysiagl-prezydent-ludzie-mniej-dbaja-o-spory-polityczne-niz-bezpieczenstwo\/"]}]},{"@type":"ImageObject","inLanguage":"pl-PL","@id":"https:\/\/www.pogotowieflagowe.pl\/aktualne\/nowy-rzad-tuska-zaprzysiagl-prezydent-ludzie-mniej-dbaja-o-spory-polityczne-niz-bezpieczenstwo\/#primaryimage","url":"https:\/\/www.pogotowieflagowe.pl\/aktualne\/wp-content\/uploads\/2025\/07\/Nowy-rzad-Tuska-zaprzysiagl-Prezydent-\u201eLudzie-mniej-dbaja-o-spory.webp.webp","contentUrl":"https:\/\/www.pogotowieflagowe.pl\/aktualne\/wp-content\/uploads\/2025\/07\/Nowy-rzad-Tuska-zaprzysiagl-Prezydent-\u201eLudzie-mniej-dbaja-o-spory.webp.webp","width":1280,"height":720,"caption":"Nowy rz\u0105d Tuska zaprzysi\u0105g\u0142. Prezydent: \u201eLudzie mniej dbaj\u0105 o spory polityczne ni\u017c bezpiecze\u0144stwo\u201d"},{"@type":"BreadcrumbList","@id":"https:\/\/www.pogotowieflagowe.pl\/aktualne\/nowy-rzad-tuska-zaprzysiagl-prezydent-ludzie-mniej-dbaja-o-spory-polityczne-niz-bezpieczenstwo\/#breadcrumb","itemListElement":[{"@type":"ListItem","position":1,"name":"Home","item":"https:\/\/www.pogotowieflagowe.pl\/aktualne\/"},{"@type":"ListItem","position":2,"name":"Nowy rz\u0105d Tuska zaprzysi\u0105g\u0142. Prezydent: \u201eLudzie mniej dbaj\u0105 o spory polityczne ni\u017c bezpiecze\u0144stwo\u201d"}]},{"@type":"WebSite","@id":"https:\/\/www.pogotowieflagowe.pl\/aktualne\/#website","url":"https:\/\/www.pogotowieflagowe.pl\/aktualne\/","name":"POGOTOWIE FLAGOWE\u00ae","description":"","publisher":{"@id":"https:\/\/www.pogotowieflagowe.pl\/aktualne\/#organization"},"potentialAction":[{"@type":"SearchAction","target":{"@type":"EntryPoint","urlTemplate":"https:\/\/www.pogotowieflagowe.pl\/aktualne\/?s={search_term_string}"},"query-input":"required name=search_term_string"}],"inLanguage":"pl-PL"},{"@type":"Organization","@id":"https:\/\/www.pogotowieflagowe.pl\/aktualne\/#organization","name":"POGOTOWIE FLAGOWE\u00ae","url":"https:\/\/www.pogotowieflagowe.pl\/aktualne\/","logo":{"@type":"ImageObject","inLanguage":"pl-PL","@id":"https:\/\/www.pogotowieflagowe.pl\/aktualne\/#\/schema\/logo\/image\/","url":"https:\/\/www.pogotowieflagowe.pl\/aktualne\/wp-content\/uploads\/2024\/08\/cropped-pogotowieflagowe_flaga_projekt_sm.jpg","contentUrl":"https:\/\/www.pogotowieflagowe.pl\/aktualne\/wp-content\/uploads\/2024\/08\/cropped-pogotowieflagowe_flaga_projekt_sm.jpg","width":250,"height":143,"caption":"POGOTOWIE FLAGOWE\u00ae"},"image":{"@id":"https:\/\/www.pogotowieflagowe.pl\/aktualne\/#\/schema\/logo\/image\/"}},{"@type":"Person","@id":"https:\/\/www.pogotowieflagowe.pl\/aktualne\/#\/schema\/person\/9c2fb7d2362ebf6fa088960d7f0d27b0","name":"Filip","image":{"@type":"ImageObject","inLanguage":"pl-PL","@id":"https:\/\/www.pogotowieflagowe.pl\/aktualne\/#\/schema\/person\/image\/","url":"https:\/\/www.pogotowieflagowe.pl\/aktualne\/wp-content\/uploads\/2024\/08\/pogotowieflagowe.pl_.jpg","contentUrl":"https:\/\/www.pogotowieflagowe.pl\/aktualne\/wp-content\/uploads\/2024\/08\/pogotowieflagowe.pl_.jpg","caption":"Filip"},"description":"Jestem Filip, polski dziennikarz z dyplomem nauk politycznych Uniwersytetu Warszawskiego. Rozpoczynaj\u0105c swoj\u0105 karier\u0119 w r\u00f3\u017cnych lokalnych mediach, zdoby\u0142em solidne do\u015bwiadczenie w zakresie \u015bledztwa i redakcji. Obecnie jako redaktor w Pogotowie flagowe, staram si\u0119 dostarcza\u0107 dog\u0142\u0119bne i istotne analizy na temat najwa\u017cniejszych kwestii aktualno\u015bci, \u0142\u0105cz\u0105c rygor z pasj\u0105 dziennikarsk\u0105.","sameAs":["https:\/\/www.pogotowieflagowe.pl\/"]}]}},"_links":{"self":[{"href":"https:\/\/www.pogotowieflagowe.pl\/aktualne\/wp-json\/wp\/v2\/posts\/6869","targetHints":{"allow":["GET"]}}],"collection":[{"href":"https:\/\/www.pogotowieflagowe.pl\/aktualne\/wp-json\/wp\/v2\/posts"}],"about":[{"href":"https:\/\/www.pogotowieflagowe.pl\/aktualne\/wp-json\/wp\/v2\/types\/post"}],"author":[{"embeddable":true,"href":"https:\/\/www.pogotowieflagowe.pl\/aktualne\/wp-json\/wp\/v2\/users\/1"}],"replies":[{"embeddable":true,"href":"https:\/\/www.pogotowieflagowe.pl\/aktualne\/wp-json\/wp\/v2\/comments?post=6869"}],"version-history":[{"count":1,"href":"https:\/\/www.pogotowieflagowe.pl\/aktualne\/wp-json\/wp\/v2\/posts\/6869\/revisions"}],"predecessor-version":[{"id":6871,"href":"https:\/\/www.pogotowieflagowe.pl\/aktualne\/wp-json\/wp\/v2\/posts\/6869\/revisions\/6871"}],"wp:featuredmedia":[{"embeddable":true,"href":"https:\/\/www.pogotowieflagowe.pl\/aktualne\/wp-json\/wp\/v2\/media\/6870"}],"wp:attachment":[{"href":"https:\/\/www.pogotowieflagowe.pl\/aktualne\/wp-json\/wp\/v2\/media?parent=6869"}],"wp:term":[{"taxonomy":"category","embeddable":true,"href":"https:\/\/www.pogotowieflagowe.pl\/aktualne\/wp-json\/wp\/v2\/categories?post=6869"},{"taxonomy":"post_tag","embeddable":true,"href":"https:\/\/www.pogotowieflagowe.pl\/aktualne\/wp-json\/wp\/v2\/tags?post=6869"}],"curies":[{"name":"wp","href":"https:\/\/api.w.org\/{rel}","templated":true}]}}