{"id":6872,"date":"2025-07-25T10:51:06","date_gmt":"2025-07-25T08:51:06","guid":{"rendered":"https:\/\/www.pogotowieflagowe.pl\/aktualne\/czy-zurek-zasygnalizowal-atak-na-krs-nieoficjalnie-w-najblizszych-dniach\/"},"modified":"2025-07-25T10:51:08","modified_gmt":"2025-07-25T08:51:08","slug":"czy-zurek-zasygnalizowal-atak-na-krs-nieoficjalnie-w-najblizszych-dniach","status":"publish","type":"post","link":"https:\/\/www.pogotowieflagowe.pl\/aktualne\/czy-zurek-zasygnalizowal-atak-na-krs-nieoficjalnie-w-najblizszych-dniach\/","title":{"rendered":"Czy \u017burek zasygnalizowa\u0142 atak na KRS? Nieoficjalnie: w najbli\u017cszych dniach"},"content":{"rendered":"\n<div class=\"td_block_wrap tdb_single_content tdi_41 td-pb-border-top td_block_template_8 td-post-content tagdiv-type\" data-td-block-uid=\"tdi_41\">\n<style>.tdi_41 {margin-top: 0px! Wa\u017cne; margines-bottom: 0px! WA\u017bNY; PALDING-TOP: 0PX! WA\u017bNY; PALDING-BOTTOM: 0PX! WA\u017bNE}<\/style>\n<style>.tdb_single_content {margin-bottom: 0;*zoom: 1} .tdb_single_content: wcze\u015bniej, .tdb_single_content: po {display: Table; content: ''; line-height: 0} .TDB-BLOCK-INner>*: nie (.WP-BLOCK-QUOTE): not (.alignSwide): not (.Alignfull.wp-block-cover.has-parallax): not (.td-a-ad) {margin-left: auto; margin-right: auto} .tdb_single_ConTent a {wska\u017anik-events: auto} .tdb_single_content .td-spot-id-top_ad .tdc-placeholder-title: przed {content: \u201eArtyku\u0142 top ad\u201d! Wa\u017cne} .tdb_single_content .td-Spot-Id-inline_ad0 .tdc-placeholder-title 1 '! Wa\u017cne} .tdb_single_content .td-Spot-Id-inline_Ad1 .tdc-Placeholder-Title: przed {content: \u201eArtyku\u0142 inline AD 2'! Wa\u017cny} .tdb_single_content. 3 '! Wa\u017cne} .tdb_single_content .td-Spot-Id-Bottom_Ad .tdc-Placeholder-Title: przed {content: \u201eArtyku\u0142 Bottom Ad\u201d! Wa\u017cne} .tdb_single_content .id_top_ad, .tdb_single_content_content .id_bottom_ad {clear: oba; margin-bottom: 21px; text-align: Center} .tdb_single_content .id_top_ad img, .tdb_single_content .id_bottom_ad img {margin-bottom: 0} .tdb_single_conTent .id_top_ad .adsbyGoogle, .tdb_single_content .id_bottom_ad .adsbyGoogle {pozycja: relatyw} .tdb_single_content .id_ad_content-horiz-left, .tdb_single_content .id_ad_content-horiz-right, .tdb_single_content .id_ad_content-horiz-Center {margin-bottom: 15px} .tdb_single_content .id_ad_content-horiz-left Img, .tdb_single_content .id_ad_content-horiz-right img, .tdb_single_content .id_ad_content-horiz-centerter img {margin-bottom: 0} .tdb_single_content .id_ad_content-horiz-center {text-align: Center} .tdb_single_content .id_ad_content-horiz-center img {margin-right: auto; margin-let: auto} .tdb_single_content .id_ad_content-horiz-left {float: left; margin-top: 9px; margin-right: 21px} .tdb_single_content .id_ad_content-horiz-right {float: margin-top: 6px; margin-left: 21px} .tdb_single_content .tdc-a-a-ad .TDC-Placeholder-Title {szeroko\u015b\u0107: 300px; height: 250px} .tdb_single_content .tdc-a-ad .TDC-Placeholder-Title: Przed {Pozycja: Absolute; TOP: 50%;-WebKit-Transform: Translatey (-50%); Transform: Translatey (-50%); margines: auto; Display: Tabela; szeroko\u015b\u0107: 100%}. tdb_single_content .TDB-BLOCK-INNER.TD-FIX-INDEX {Word-Break: Break-word} .tdi_41, .tdi_41> p, .tdi_41 .tdb-block-inner> p, .Wp-Block-Column> p {font-size: 16px! Wa\u017cne; wa\u017cny; p {font-styl: normalne! Wa\u017cne} @media (Max-Width: 767px) {. tdb_single_content .id_ad_content-horiz-left, .tdb_single_content .id_ad_content-horiz-right, .tdb_single_content .id_ad_content-horiz-centter {Margin: 0 AUTO 26PXX auto}}@media (Max-Width: 767px) {. tdb_single_content .id_ad_content-horiz-left {margin-right: 0}}@media (max-width: 767px) {. (Max-Width: 767px) {. tdb_single_content .td-a-ad {float: none; text-align: Center} .tdb_single_content .td-a-ad img {margin-right: auto; margin-left: auto} .tdb_single_content .tdc-a-a-a-{margin-right: auto; margin-left: auto} .tdb_single_content .tdd<\/style>\n<div class=\"tdb-block-inner td-fix-index\">\n<p>Mo\u017ce nast\u0105pi\u0107 fizyczna pr\u00f3ba przej\u0119cia Rady Krajowej S\u0105downictwa i wjazdu przez Us\u0142ugi &#8211; takie alarmuj\u0105ce informacje dotar\u0142y do dziennikarzy z portalu Niezalezna.pl. Sta\u0142o si\u0119 to jeszcze bardziej prawdopodobne, jak po raz pierwszy po z\u0142o\u017ceniu przysi\u0119gi, minister sprawiedliwo\u015bci Waldemar \u017burek stwierdzi\u0142: \u201eNie mamy dzisiaj KRS\u201d. Nie jest wykluczone, \u017ce pretekst do ataku stanie si\u0119 pr\u00f3b\u0105 przymusowego przej\u0119cia urz\u0119du dyscyplinarnego rzecznika rzecznika dla zwyk\u0142ych s\u0119dzi\u00f3w s\u0105dowych, kt\u00f3rzy dzia\u0142aj\u0105 w budynku KRS. \u201eTakie dzia\u0142ania stanowi\u0142yby powa\u017cne przest\u0119pstwa\u201d, stwierdzi\u0142a przewodnicz\u0105ca KRS.<\/p>\n<h2 class=\"wp-block-heading\">Kolejny atak na KRS?<\/h2>\n<p>Zgodnie z informacjami do portalu Niezalezna.pl, us\u0142ugi mog\u0105 wej\u015b\u0107 do siedziby krajowej Rady S\u0105downictwa w najbli\u017cszych dniach. Mo\u017cliwe, \u017ce stanie si\u0119 to nawet jutro lub w poniedzia\u0142ek.<\/p>\n<p>Co wa\u017cne, podczas dzisiejszego pojawienia si\u0119, zaledwie kilka godzin po przysi\u0119gu, minister Waldemar \u017burek zagrozi\u0142:<\/p>\n<p>\u201eChcia\u0142bym ostrzec tych polityk\u00f3w, kt\u00f3rzy w r\u00f3\u017cnych o\u015bwiadczeniach zagra\u017caj\u0105 niezale\u017cnym s\u0119dziom, niezale\u017cnym prokuratorom i pr\u00f3buj\u0105 ich zastraszy\u0107. Nie mamy dzisiaj KRS, kt\u00f3ry zapewni\u0142by takim ludziom ochron\u0119 konstytucyjn\u0105, dlatego zareaguj\u0119 na takie sytuacje z wszelk\u0105 firm\u0105. Odwo\u0142uj\u0119 si\u0119 do tych, kt\u00f3rzy staramy si\u0119 kierowa\u0107 takimi zagro\u017ceniami &#8211; nie b\u0119d\u0105 ignorowane\u201d.<\/p>\n<p>Prektem wej\u015bcia do krajowej Rady S\u0105downictwa mo\u017ce by\u0107 ch\u0119\u0107 przej\u0119cia urz\u0119du zajmowanego przez dyscyplinarnego rzecznika rzecznika dla wsp\u00f3lnych s\u0119dzi\u00f3w s\u0105dowych.<\/p>\n<p>Przypomnijmy: Adam Bodnar pr\u00f3bowa\u0142 odrzuci\u0107 s\u0119dziego Piotra Schaba i jego zast\u0119pc\u0119 s\u0119dziego, PeMys\u0142awa Radyzika przed ko\u0144cem ich kadencji, chocia\u017c przyzna\u0142, \u017ce zgodnie z prawem nie m\u00f3g\u0142 tego zrobi\u0107. W tym samym czasie (obecnie by\u0142y) minister mianowa\u0142 innych s\u0119dzi\u00f3w na stanowisko.<\/p>\n<h2 class=\"wp-block-heading\">Przewodnicz\u0105ca apelacji KRS do prokurator\u00f3w i policji<\/h2>\n<p>Przewodnicz\u0105ca Krajowej Rady S\u0105downictwa odni\u00f3s\u0142 si\u0119 do informacji o mo\u017cliwych dzia\u0142aniach przez Us\u0142ugi. S\u0119dzia Dagmara Paw\u0142czyk-woinka powiedzia\u0142, \u017ce \u201esilne przej\u0119cie kwatery g\u0142\u00f3wnej KRS\u201d nie osi\u0105gnie nic, ale \u201emo\u017cna si\u0119 spodziewa\u0107\u201d, \u017ce prokuratorzy zostan\u0105 wydane przez prokurator\u00f3w wobec s\u0119dzi\u00f3w, zak\u0142adaj\u0105c, \u017ce \u201enie s\u0105 s\u0119dziami i nie maj\u0105 immunitetu\u201d. Doradzi\u0142a r\u00f3wnie\u017c prokuratorom i funkcjonariuszom policji, aby uwa\u017cnie zastanowili si\u0119 nad wykonaniem takich rozkaz\u00f3w.<\/p>\n<p>\u201eTakie dzia\u0142ania stanowi\u0142yby powa\u017cne przest\u0119pstwa, a tym razem w naszym kraju nie zostan\u0105 zmiecione pod dywan. To samo dotyczy policji i innych funkcjonariuszy s\u0142u\u017cby. Unikanie odpowiedzialno\u015bci by\u0142oby mo\u017cliwe tylko w dw\u00f3ch scenariuszach: udane zamach stanu lub ucieczka do odleg\u0142ego kraju. Zamachu by\u0142oby: wsparcie z jednolitego us\u0142ugi, znacz\u0105ce poparcie spo\u0142eczne (miliony obywateli, nie setki tysi\u0119cy), poparcie ze spo\u0142eczno\u015bci mi\u0119dzynarodowej,\u201d s\u0119dzia napisa\u0142by s\u0119dzia, \u201ds\u0119dzia napisa\u0142by s\u0119dzia,\u201d s\u0119dzia napisa\u0142 s\u0119dzia, \u201d. Paw\u0142szyk-Woicka.<\/p>\n<p>Doda\u0142a, \u017ce jej zdaniem \u201e\u017caden z tych warunk\u00f3w nie jest spe\u0142niony\u201d i \u201eczas powie, jak si\u0119 rozwija\u201d. \u201ePami\u0119tam jednak jesie\u0144 2021 r. (To by\u0142o w mediach spo\u0142eczno\u015bciowych), kiedy podczas wydarzenia przed budynkiem s\u0105du okr\u0119gowego Krak\u00f3w minister zach\u0119ci\u0142 ludzi do wej\u015bcia na 5. pi\u0119tro do biur prezydent\u00f3w. Obywatele nie s\u0142uchali. W ko\u0144cu pojawi\u0142 si\u0119 z kilkoma kolegami, atmosfera by\u0142a napi\u0119ta, ale nie by\u0142o \u017cadnej przemocy.<\/p>\n<h2 class=\"wp-block-heading\">\u201eB\u0119dziemy si\u0119 oprze\u0107\u201d<\/h2>\n<p>W rozmowie z Niezalezn\u0105.pl, przewodnicz\u0105ca KRS poinformowa\u0142a, \u017ce nikt do tej pory nie skontaktowa\u0142 si\u0119 z nimi w sprawie \u201edyscyplinarnych Rzecznik\u00f3w Rzecznik\u00f3w\u201d powo\u0142anych przez Bodnar.<\/p>\n<p>\u201eNie podj\u0119to \u017cadnych pr\u00f3b kontaktu\u201d &#8211; stwierdzi\u0142a.<\/p>\n<p>Jednak, gdy zapytano go o mo\u017cliwe wtargni\u0119cie do KRS, prawny zast\u0119pca dyscyplinarnego Rzecznika Praw Obywatelskich dla s\u0119dzi\u00f3w powszechnych s\u0105d\u00f3w, s\u0119dzia Pemys\u0142aw Radyzik, odpowiedzia\u0142 kr\u00f3tko: \u201eB\u0119dziemy si\u0119 oprze\u0107!\u201d<\/p>\n<\/div>\n<\/div>\n","protected":false},"excerpt":{"rendered":"<p>Mo\u017ce nast\u0105pi\u0107 fizyczna pr\u00f3ba przej\u0119cia Rady Krajowej S\u0105downictwa i wjazdu przez Us\u0142ugi &#8211; takie alarmuj\u0105ce informacje dotar\u0142y do dziennikarzy z<\/p>\n","protected":false},"author":1,"featured_media":6873,"comment_status":"closed","ping_status":"","sticky":false,"template":"","format":"standard","meta":{"footnotes":""},"categories":[4748],"tags":[4192,501,8607,8605,8606,6301,8604,4131],"class_list":["post-6872","post","type-post","status-publish","format-standard","has-post-thumbnail","hentry","category-aktualne","tag-atak","tag-czy","tag-dniach","tag-krs","tag-najblizszych","tag-nieoficjalnie","tag-zasygnalizowal","tag-zurek","generate-columns","tablet-grid-50","mobile-grid-100","grid-parent","grid-50","resize-featured-image"],"yoast_head":"<!-- This site is optimized with the Yoast SEO plugin v23.2 - https:\/\/yoast.com\/wordpress\/plugins\/seo\/ -->\n<title>Czy \u017burek zasygnalizowa\u0142 atak na KRS? Nieoficjalnie: w najbli\u017cszych dniach - POGOTOWIE FLAGOWE\u00ae<\/title>\n<meta name=\"robots\" content=\"index, follow, max-snippet:-1, max-image-preview:large, max-video-preview:-1\" \/>\n<link rel=\"canonical\" href=\"https:\/\/www.pogotowieflagowe.pl\/aktualne\/czy-zurek-zasygnalizowal-atak-na-krs-nieoficjalnie-w-najblizszych-dniach\/\" \/>\n<meta property=\"og:locale\" content=\"pl_PL\" \/>\n<meta property=\"og:type\" content=\"article\" \/>\n<meta property=\"og:title\" content=\"Czy \u017burek zasygnalizowa\u0142 atak na KRS? Nieoficjalnie: w najbli\u017cszych dniach - POGOTOWIE FLAGOWE\u00ae\" \/>\n<meta property=\"og:description\" content=\"Mo\u017ce nast\u0105pi\u0107 fizyczna pr\u00f3ba przej\u0119cia Rady Krajowej S\u0105downictwa i wjazdu przez Us\u0142ugi &#8211; takie alarmuj\u0105ce informacje dotar\u0142y do dziennikarzy z\" \/>\n<meta property=\"og:url\" content=\"https:\/\/www.pogotowieflagowe.pl\/aktualne\/czy-zurek-zasygnalizowal-atak-na-krs-nieoficjalnie-w-najblizszych-dniach\/\" \/>\n<meta property=\"og:site_name\" content=\"POGOTOWIE FLAGOWE\u00ae\" \/>\n<meta property=\"article:published_time\" content=\"2025-07-25T08:51:06+00:00\" \/>\n<meta property=\"article:modified_time\" content=\"2025-07-25T08:51:08+00:00\" \/>\n<meta property=\"og:image\" content=\"https:\/\/www.pogotowieflagowe.pl\/aktualne\/wp-content\/uploads\/2025\/07\/Czy-Zurek-zasygnalizowal-atak-na-KRS-Nieoficjalnie-w-najblizszych-dniach.webp.webp\" \/>\n\t<meta property=\"og:image:width\" content=\"1280\" \/>\n\t<meta property=\"og:image:height\" content=\"720\" \/>\n\t<meta property=\"og:image:type\" content=\"image\/webp\" \/>\n<meta name=\"author\" content=\"Filip\" \/>\n<meta name=\"twitter:card\" content=\"summary_large_image\" \/>\n<meta name=\"twitter:label1\" content=\"Napisane przez\" \/>\n\t<meta name=\"twitter:data1\" content=\"Filip\" \/>\n\t<meta name=\"twitter:label2\" content=\"Szacowany czas czytania\" \/>\n\t<meta name=\"twitter:data2\" content=\"3 minuty\" \/>\n<script type=\"application\/ld+json\" class=\"yoast-schema-graph\">{\"@context\":\"https:\/\/schema.org\",\"@graph\":[{\"@type\":\"Article\",\"@id\":\"https:\/\/www.pogotowieflagowe.pl\/aktualne\/czy-zurek-zasygnalizowal-atak-na-krs-nieoficjalnie-w-najblizszych-dniach\/#article\",\"isPartOf\":{\"@id\":\"https:\/\/www.pogotowieflagowe.pl\/aktualne\/czy-zurek-zasygnalizowal-atak-na-krs-nieoficjalnie-w-najblizszych-dniach\/\"},\"author\":{\"name\":\"Filip\",\"@id\":\"https:\/\/www.pogotowieflagowe.pl\/aktualne\/#\/schema\/person\/9c2fb7d2362ebf6fa088960d7f0d27b0\"},\"headline\":\"Czy \u017burek zasygnalizowa\u0142 atak na KRS? Nieoficjalnie: w najbli\u017cszych dniach\",\"datePublished\":\"2025-07-25T08:51:06+00:00\",\"dateModified\":\"2025-07-25T08:51:08+00:00\",\"mainEntityOfPage\":{\"@id\":\"https:\/\/www.pogotowieflagowe.pl\/aktualne\/czy-zurek-zasygnalizowal-atak-na-krs-nieoficjalnie-w-najblizszych-dniach\/\"},\"wordCount\":667,\"publisher\":{\"@id\":\"https:\/\/www.pogotowieflagowe.pl\/aktualne\/#organization\"},\"image\":{\"@id\":\"https:\/\/www.pogotowieflagowe.pl\/aktualne\/czy-zurek-zasygnalizowal-atak-na-krs-nieoficjalnie-w-najblizszych-dniach\/#primaryimage\"},\"thumbnailUrl\":\"https:\/\/www.pogotowieflagowe.pl\/aktualne\/wp-content\/uploads\/2025\/07\/Czy-Zurek-zasygnalizowal-atak-na-KRS-Nieoficjalnie-w-najblizszych-dniach.webp.webp\",\"keywords\":[\"Atak\",\"Czy\",\"dniach\",\"KRS\",\"najbli\u017cszych\",\"nieoficjalnie\",\"zasygnalizowa\u0142\",\"\u017burek\"],\"articleSection\":[\"Aktualne\"],\"inLanguage\":\"pl-PL\"},{\"@type\":\"WebPage\",\"@id\":\"https:\/\/www.pogotowieflagowe.pl\/aktualne\/czy-zurek-zasygnalizowal-atak-na-krs-nieoficjalnie-w-najblizszych-dniach\/\",\"url\":\"https:\/\/www.pogotowieflagowe.pl\/aktualne\/czy-zurek-zasygnalizowal-atak-na-krs-nieoficjalnie-w-najblizszych-dniach\/\",\"name\":\"Czy \u017burek zasygnalizowa\u0142 atak na KRS? Nieoficjalnie: w najbli\u017cszych dniach - POGOTOWIE FLAGOWE\u00ae\",\"isPartOf\":{\"@id\":\"https:\/\/www.pogotowieflagowe.pl\/aktualne\/#website\"},\"primaryImageOfPage\":{\"@id\":\"https:\/\/www.pogotowieflagowe.pl\/aktualne\/czy-zurek-zasygnalizowal-atak-na-krs-nieoficjalnie-w-najblizszych-dniach\/#primaryimage\"},\"image\":{\"@id\":\"https:\/\/www.pogotowieflagowe.pl\/aktualne\/czy-zurek-zasygnalizowal-atak-na-krs-nieoficjalnie-w-najblizszych-dniach\/#primaryimage\"},\"thumbnailUrl\":\"https:\/\/www.pogotowieflagowe.pl\/aktualne\/wp-content\/uploads\/2025\/07\/Czy-Zurek-zasygnalizowal-atak-na-KRS-Nieoficjalnie-w-najblizszych-dniach.webp.webp\",\"datePublished\":\"2025-07-25T08:51:06+00:00\",\"dateModified\":\"2025-07-25T08:51:08+00:00\",\"breadcrumb\":{\"@id\":\"https:\/\/www.pogotowieflagowe.pl\/aktualne\/czy-zurek-zasygnalizowal-atak-na-krs-nieoficjalnie-w-najblizszych-dniach\/#breadcrumb\"},\"inLanguage\":\"pl-PL\",\"potentialAction\":[{\"@type\":\"ReadAction\",\"target\":[\"https:\/\/www.pogotowieflagowe.pl\/aktualne\/czy-zurek-zasygnalizowal-atak-na-krs-nieoficjalnie-w-najblizszych-dniach\/\"]}]},{\"@type\":\"ImageObject\",\"inLanguage\":\"pl-PL\",\"@id\":\"https:\/\/www.pogotowieflagowe.pl\/aktualne\/czy-zurek-zasygnalizowal-atak-na-krs-nieoficjalnie-w-najblizszych-dniach\/#primaryimage\",\"url\":\"https:\/\/www.pogotowieflagowe.pl\/aktualne\/wp-content\/uploads\/2025\/07\/Czy-Zurek-zasygnalizowal-atak-na-KRS-Nieoficjalnie-w-najblizszych-dniach.webp.webp\",\"contentUrl\":\"https:\/\/www.pogotowieflagowe.pl\/aktualne\/wp-content\/uploads\/2025\/07\/Czy-Zurek-zasygnalizowal-atak-na-KRS-Nieoficjalnie-w-najblizszych-dniach.webp.webp\",\"width\":1280,\"height\":720,\"caption\":\"Czy \u017burek zasygnalizowa\u0142 atak na KRS? Nieoficjalnie: w najbli\u017cszych dniach\"},{\"@type\":\"BreadcrumbList\",\"@id\":\"https:\/\/www.pogotowieflagowe.pl\/aktualne\/czy-zurek-zasygnalizowal-atak-na-krs-nieoficjalnie-w-najblizszych-dniach\/#breadcrumb\",\"itemListElement\":[{\"@type\":\"ListItem\",\"position\":1,\"name\":\"Home\",\"item\":\"https:\/\/www.pogotowieflagowe.pl\/aktualne\/\"},{\"@type\":\"ListItem\",\"position\":2,\"name\":\"Czy \u017burek zasygnalizowa\u0142 atak na KRS? Nieoficjalnie: w najbli\u017cszych dniach\"}]},{\"@type\":\"WebSite\",\"@id\":\"https:\/\/www.pogotowieflagowe.pl\/aktualne\/#website\",\"url\":\"https:\/\/www.pogotowieflagowe.pl\/aktualne\/\",\"name\":\"POGOTOWIE FLAGOWE\u00ae\",\"description\":\"\",\"publisher\":{\"@id\":\"https:\/\/www.pogotowieflagowe.pl\/aktualne\/#organization\"},\"potentialAction\":[{\"@type\":\"SearchAction\",\"target\":{\"@type\":\"EntryPoint\",\"urlTemplate\":\"https:\/\/www.pogotowieflagowe.pl\/aktualne\/?s={search_term_string}\"},\"query-input\":\"required name=search_term_string\"}],\"inLanguage\":\"pl-PL\"},{\"@type\":\"Organization\",\"@id\":\"https:\/\/www.pogotowieflagowe.pl\/aktualne\/#organization\",\"name\":\"POGOTOWIE FLAGOWE\u00ae\",\"url\":\"https:\/\/www.pogotowieflagowe.pl\/aktualne\/\",\"logo\":{\"@type\":\"ImageObject\",\"inLanguage\":\"pl-PL\",\"@id\":\"https:\/\/www.pogotowieflagowe.pl\/aktualne\/#\/schema\/logo\/image\/\",\"url\":\"https:\/\/www.pogotowieflagowe.pl\/aktualne\/wp-content\/uploads\/2024\/08\/cropped-pogotowieflagowe_flaga_projekt_sm.jpg\",\"contentUrl\":\"https:\/\/www.pogotowieflagowe.pl\/aktualne\/wp-content\/uploads\/2024\/08\/cropped-pogotowieflagowe_flaga_projekt_sm.jpg\",\"width\":250,\"height\":143,\"caption\":\"POGOTOWIE FLAGOWE\u00ae\"},\"image\":{\"@id\":\"https:\/\/www.pogotowieflagowe.pl\/aktualne\/#\/schema\/logo\/image\/\"}},{\"@type\":\"Person\",\"@id\":\"https:\/\/www.pogotowieflagowe.pl\/aktualne\/#\/schema\/person\/9c2fb7d2362ebf6fa088960d7f0d27b0\",\"name\":\"Filip\",\"image\":{\"@type\":\"ImageObject\",\"inLanguage\":\"pl-PL\",\"@id\":\"https:\/\/www.pogotowieflagowe.pl\/aktualne\/#\/schema\/person\/image\/\",\"url\":\"https:\/\/www.pogotowieflagowe.pl\/aktualne\/wp-content\/uploads\/2024\/08\/pogotowieflagowe.pl_.jpg\",\"contentUrl\":\"https:\/\/www.pogotowieflagowe.pl\/aktualne\/wp-content\/uploads\/2024\/08\/pogotowieflagowe.pl_.jpg\",\"caption\":\"Filip\"},\"description\":\"Jestem Filip, polski dziennikarz z dyplomem nauk politycznych Uniwersytetu Warszawskiego. Rozpoczynaj\u0105c swoj\u0105 karier\u0119 w r\u00f3\u017cnych lokalnych mediach, zdoby\u0142em solidne do\u015bwiadczenie w zakresie \u015bledztwa i redakcji. Obecnie jako redaktor w Pogotowie flagowe, staram si\u0119 dostarcza\u0107 dog\u0142\u0119bne i istotne analizy na temat najwa\u017cniejszych kwestii aktualno\u015bci, \u0142\u0105cz\u0105c rygor z pasj\u0105 dziennikarsk\u0105.\",\"sameAs\":[\"https:\/\/www.pogotowieflagowe.pl\/\"]}]}<\/script>\n<!-- \/ Yoast SEO plugin. -->","yoast_head_json":{"title":"Czy \u017burek zasygnalizowa\u0142 atak na KRS? Nieoficjalnie: w najbli\u017cszych dniach - POGOTOWIE FLAGOWE\u00ae","robots":{"index":"index","follow":"follow","max-snippet":"max-snippet:-1","max-image-preview":"max-image-preview:large","max-video-preview":"max-video-preview:-1"},"canonical":"https:\/\/www.pogotowieflagowe.pl\/aktualne\/czy-zurek-zasygnalizowal-atak-na-krs-nieoficjalnie-w-najblizszych-dniach\/","og_locale":"pl_PL","og_type":"article","og_title":"Czy \u017burek zasygnalizowa\u0142 atak na KRS? Nieoficjalnie: w najbli\u017cszych dniach - POGOTOWIE FLAGOWE\u00ae","og_description":"Mo\u017ce nast\u0105pi\u0107 fizyczna pr\u00f3ba przej\u0119cia Rady Krajowej S\u0105downictwa i wjazdu przez Us\u0142ugi &#8211; takie alarmuj\u0105ce informacje dotar\u0142y do dziennikarzy z","og_url":"https:\/\/www.pogotowieflagowe.pl\/aktualne\/czy-zurek-zasygnalizowal-atak-na-krs-nieoficjalnie-w-najblizszych-dniach\/","og_site_name":"POGOTOWIE FLAGOWE\u00ae","article_published_time":"2025-07-25T08:51:06+00:00","article_modified_time":"2025-07-25T08:51:08+00:00","og_image":[{"width":1280,"height":720,"url":"https:\/\/www.pogotowieflagowe.pl\/aktualne\/wp-content\/uploads\/2025\/07\/Czy-Zurek-zasygnalizowal-atak-na-KRS-Nieoficjalnie-w-najblizszych-dniach.webp.webp","type":"image\/webp"}],"author":"Filip","twitter_card":"summary_large_image","twitter_misc":{"Napisane przez":"Filip","Szacowany czas czytania":"3 minuty"},"schema":{"@context":"https:\/\/schema.org","@graph":[{"@type":"Article","@id":"https:\/\/www.pogotowieflagowe.pl\/aktualne\/czy-zurek-zasygnalizowal-atak-na-krs-nieoficjalnie-w-najblizszych-dniach\/#article","isPartOf":{"@id":"https:\/\/www.pogotowieflagowe.pl\/aktualne\/czy-zurek-zasygnalizowal-atak-na-krs-nieoficjalnie-w-najblizszych-dniach\/"},"author":{"name":"Filip","@id":"https:\/\/www.pogotowieflagowe.pl\/aktualne\/#\/schema\/person\/9c2fb7d2362ebf6fa088960d7f0d27b0"},"headline":"Czy \u017burek zasygnalizowa\u0142 atak na KRS? Nieoficjalnie: w najbli\u017cszych dniach","datePublished":"2025-07-25T08:51:06+00:00","dateModified":"2025-07-25T08:51:08+00:00","mainEntityOfPage":{"@id":"https:\/\/www.pogotowieflagowe.pl\/aktualne\/czy-zurek-zasygnalizowal-atak-na-krs-nieoficjalnie-w-najblizszych-dniach\/"},"wordCount":667,"publisher":{"@id":"https:\/\/www.pogotowieflagowe.pl\/aktualne\/#organization"},"image":{"@id":"https:\/\/www.pogotowieflagowe.pl\/aktualne\/czy-zurek-zasygnalizowal-atak-na-krs-nieoficjalnie-w-najblizszych-dniach\/#primaryimage"},"thumbnailUrl":"https:\/\/www.pogotowieflagowe.pl\/aktualne\/wp-content\/uploads\/2025\/07\/Czy-Zurek-zasygnalizowal-atak-na-KRS-Nieoficjalnie-w-najblizszych-dniach.webp.webp","keywords":["Atak","Czy","dniach","KRS","najbli\u017cszych","nieoficjalnie","zasygnalizowa\u0142","\u017burek"],"articleSection":["Aktualne"],"inLanguage":"pl-PL"},{"@type":"WebPage","@id":"https:\/\/www.pogotowieflagowe.pl\/aktualne\/czy-zurek-zasygnalizowal-atak-na-krs-nieoficjalnie-w-najblizszych-dniach\/","url":"https:\/\/www.pogotowieflagowe.pl\/aktualne\/czy-zurek-zasygnalizowal-atak-na-krs-nieoficjalnie-w-najblizszych-dniach\/","name":"Czy \u017burek zasygnalizowa\u0142 atak na KRS? Nieoficjalnie: w najbli\u017cszych dniach - POGOTOWIE FLAGOWE\u00ae","isPartOf":{"@id":"https:\/\/www.pogotowieflagowe.pl\/aktualne\/#website"},"primaryImageOfPage":{"@id":"https:\/\/www.pogotowieflagowe.pl\/aktualne\/czy-zurek-zasygnalizowal-atak-na-krs-nieoficjalnie-w-najblizszych-dniach\/#primaryimage"},"image":{"@id":"https:\/\/www.pogotowieflagowe.pl\/aktualne\/czy-zurek-zasygnalizowal-atak-na-krs-nieoficjalnie-w-najblizszych-dniach\/#primaryimage"},"thumbnailUrl":"https:\/\/www.pogotowieflagowe.pl\/aktualne\/wp-content\/uploads\/2025\/07\/Czy-Zurek-zasygnalizowal-atak-na-KRS-Nieoficjalnie-w-najblizszych-dniach.webp.webp","datePublished":"2025-07-25T08:51:06+00:00","dateModified":"2025-07-25T08:51:08+00:00","breadcrumb":{"@id":"https:\/\/www.pogotowieflagowe.pl\/aktualne\/czy-zurek-zasygnalizowal-atak-na-krs-nieoficjalnie-w-najblizszych-dniach\/#breadcrumb"},"inLanguage":"pl-PL","potentialAction":[{"@type":"ReadAction","target":["https:\/\/www.pogotowieflagowe.pl\/aktualne\/czy-zurek-zasygnalizowal-atak-na-krs-nieoficjalnie-w-najblizszych-dniach\/"]}]},{"@type":"ImageObject","inLanguage":"pl-PL","@id":"https:\/\/www.pogotowieflagowe.pl\/aktualne\/czy-zurek-zasygnalizowal-atak-na-krs-nieoficjalnie-w-najblizszych-dniach\/#primaryimage","url":"https:\/\/www.pogotowieflagowe.pl\/aktualne\/wp-content\/uploads\/2025\/07\/Czy-Zurek-zasygnalizowal-atak-na-KRS-Nieoficjalnie-w-najblizszych-dniach.webp.webp","contentUrl":"https:\/\/www.pogotowieflagowe.pl\/aktualne\/wp-content\/uploads\/2025\/07\/Czy-Zurek-zasygnalizowal-atak-na-KRS-Nieoficjalnie-w-najblizszych-dniach.webp.webp","width":1280,"height":720,"caption":"Czy \u017burek zasygnalizowa\u0142 atak na KRS? Nieoficjalnie: w najbli\u017cszych dniach"},{"@type":"BreadcrumbList","@id":"https:\/\/www.pogotowieflagowe.pl\/aktualne\/czy-zurek-zasygnalizowal-atak-na-krs-nieoficjalnie-w-najblizszych-dniach\/#breadcrumb","itemListElement":[{"@type":"ListItem","position":1,"name":"Home","item":"https:\/\/www.pogotowieflagowe.pl\/aktualne\/"},{"@type":"ListItem","position":2,"name":"Czy \u017burek zasygnalizowa\u0142 atak na KRS? Nieoficjalnie: w najbli\u017cszych dniach"}]},{"@type":"WebSite","@id":"https:\/\/www.pogotowieflagowe.pl\/aktualne\/#website","url":"https:\/\/www.pogotowieflagowe.pl\/aktualne\/","name":"POGOTOWIE FLAGOWE\u00ae","description":"","publisher":{"@id":"https:\/\/www.pogotowieflagowe.pl\/aktualne\/#organization"},"potentialAction":[{"@type":"SearchAction","target":{"@type":"EntryPoint","urlTemplate":"https:\/\/www.pogotowieflagowe.pl\/aktualne\/?s={search_term_string}"},"query-input":"required name=search_term_string"}],"inLanguage":"pl-PL"},{"@type":"Organization","@id":"https:\/\/www.pogotowieflagowe.pl\/aktualne\/#organization","name":"POGOTOWIE FLAGOWE\u00ae","url":"https:\/\/www.pogotowieflagowe.pl\/aktualne\/","logo":{"@type":"ImageObject","inLanguage":"pl-PL","@id":"https:\/\/www.pogotowieflagowe.pl\/aktualne\/#\/schema\/logo\/image\/","url":"https:\/\/www.pogotowieflagowe.pl\/aktualne\/wp-content\/uploads\/2024\/08\/cropped-pogotowieflagowe_flaga_projekt_sm.jpg","contentUrl":"https:\/\/www.pogotowieflagowe.pl\/aktualne\/wp-content\/uploads\/2024\/08\/cropped-pogotowieflagowe_flaga_projekt_sm.jpg","width":250,"height":143,"caption":"POGOTOWIE FLAGOWE\u00ae"},"image":{"@id":"https:\/\/www.pogotowieflagowe.pl\/aktualne\/#\/schema\/logo\/image\/"}},{"@type":"Person","@id":"https:\/\/www.pogotowieflagowe.pl\/aktualne\/#\/schema\/person\/9c2fb7d2362ebf6fa088960d7f0d27b0","name":"Filip","image":{"@type":"ImageObject","inLanguage":"pl-PL","@id":"https:\/\/www.pogotowieflagowe.pl\/aktualne\/#\/schema\/person\/image\/","url":"https:\/\/www.pogotowieflagowe.pl\/aktualne\/wp-content\/uploads\/2024\/08\/pogotowieflagowe.pl_.jpg","contentUrl":"https:\/\/www.pogotowieflagowe.pl\/aktualne\/wp-content\/uploads\/2024\/08\/pogotowieflagowe.pl_.jpg","caption":"Filip"},"description":"Jestem Filip, polski dziennikarz z dyplomem nauk politycznych Uniwersytetu Warszawskiego. Rozpoczynaj\u0105c swoj\u0105 karier\u0119 w r\u00f3\u017cnych lokalnych mediach, zdoby\u0142em solidne do\u015bwiadczenie w zakresie \u015bledztwa i redakcji. Obecnie jako redaktor w Pogotowie flagowe, staram si\u0119 dostarcza\u0107 dog\u0142\u0119bne i istotne analizy na temat najwa\u017cniejszych kwestii aktualno\u015bci, \u0142\u0105cz\u0105c rygor z pasj\u0105 dziennikarsk\u0105.","sameAs":["https:\/\/www.pogotowieflagowe.pl\/"]}]}},"_links":{"self":[{"href":"https:\/\/www.pogotowieflagowe.pl\/aktualne\/wp-json\/wp\/v2\/posts\/6872","targetHints":{"allow":["GET"]}}],"collection":[{"href":"https:\/\/www.pogotowieflagowe.pl\/aktualne\/wp-json\/wp\/v2\/posts"}],"about":[{"href":"https:\/\/www.pogotowieflagowe.pl\/aktualne\/wp-json\/wp\/v2\/types\/post"}],"author":[{"embeddable":true,"href":"https:\/\/www.pogotowieflagowe.pl\/aktualne\/wp-json\/wp\/v2\/users\/1"}],"replies":[{"embeddable":true,"href":"https:\/\/www.pogotowieflagowe.pl\/aktualne\/wp-json\/wp\/v2\/comments?post=6872"}],"version-history":[{"count":1,"href":"https:\/\/www.pogotowieflagowe.pl\/aktualne\/wp-json\/wp\/v2\/posts\/6872\/revisions"}],"predecessor-version":[{"id":6874,"href":"https:\/\/www.pogotowieflagowe.pl\/aktualne\/wp-json\/wp\/v2\/posts\/6872\/revisions\/6874"}],"wp:featuredmedia":[{"embeddable":true,"href":"https:\/\/www.pogotowieflagowe.pl\/aktualne\/wp-json\/wp\/v2\/media\/6873"}],"wp:attachment":[{"href":"https:\/\/www.pogotowieflagowe.pl\/aktualne\/wp-json\/wp\/v2\/media?parent=6872"}],"wp:term":[{"taxonomy":"category","embeddable":true,"href":"https:\/\/www.pogotowieflagowe.pl\/aktualne\/wp-json\/wp\/v2\/categories?post=6872"},{"taxonomy":"post_tag","embeddable":true,"href":"https:\/\/www.pogotowieflagowe.pl\/aktualne\/wp-json\/wp\/v2\/tags?post=6872"}],"curies":[{"name":"wp","href":"https:\/\/api.w.org\/{rel}","templated":true}]}}