{"id":6875,"date":"2025-07-25T15:52:00","date_gmt":"2025-07-25T13:52:00","guid":{"rendered":"https:\/\/www.pogotowieflagowe.pl\/aktualne\/stany-zjednoczone-prawdopodobnie-zbuduja-swoje-relacje-z-polska-za-posrednictwem-tego-kanalu-przydak-w-pewnej-rezerwacie-waszyngtonu\/"},"modified":"2025-07-25T15:52:01","modified_gmt":"2025-07-25T13:52:01","slug":"stany-zjednoczone-prawdopodobnie-zbuduja-swoje-relacje-z-polska-za-posrednictwem-tego-kanalu-przydak-w-pewnej-rezerwacie-waszyngtonu","status":"publish","type":"post","link":"https:\/\/www.pogotowieflagowe.pl\/aktualne\/stany-zjednoczone-prawdopodobnie-zbuduja-swoje-relacje-z-polska-za-posrednictwem-tego-kanalu-przydak-w-pewnej-rezerwacie-waszyngtonu\/","title":{"rendered":"\u201eStany Zjednoczone prawdopodobnie zbuduj\u0105 swoje relacje z Polsk\u0105 za po\u015brednictwem tego kana\u0142u\u201d. Przydak w \u201ePewnej rezerwacie\u201d Waszyngtonu"},"content":{"rendered":"\n<div class=\"td_block_wrap tdb_single_content tdi_41 td-pb-border-top td_block_template_8 td-post-content tagdiv-type\" data-td-block-uid=\"tdi_41\">\n<style>.tdi_41 {margin-top: 0px! Wa\u017cne; margines-bottom: 0px! WA\u017bNY; PALDING-TOP: 0PX! WA\u017bNY; PALDING-BOTTOM: 0PX! WA\u017bNE}<\/style>\n<style>.tdb_single_content {margin-bottom: 0;*zoom: 1} .tdb_single_content: wcze\u015bniej, .tdb_single_content: po {display: Table; content: ''; line-height: 0} .TDB-BLOCK-INner>*: nie (.WP-BLOCK-QUOTE): not (.alignSwide): not (.Alignfull.wp-block-cover.has-parallax): not (.td-a-ad) {margin-left: auto; margin-right: auto} .tdb_single_ConTent a {wska\u017anik-events: auto} .tdb_single_content .td-spot-id-top_ad .tdc-placeholder-title: przed {content: \u201eArtyku\u0142 top ad\u201d! Wa\u017cne} .tdb_single_content .td-Spot-Id-inline_ad0 .tdc-placeholder-title 1 '! Wa\u017cne} .tdb_single_content .td-Spot-Id-inline_Ad1 .tdc-Placeholder-Title: przed {content: \u201eArtyku\u0142 inline AD 2'! Wa\u017cny} .tdb_single_content. 3 '! Wa\u017cne} .tdb_single_content .td-Spot-Id-Bottom_Ad .tdc-Placeholder-Title: przed {content: \u201eArtyku\u0142 Bottom Ad\u201d! Wa\u017cne} .tdb_single_content .id_top_ad, .tdb_single_content_content .id_bottom_ad {clear: oba; margin-bottom: 21px; text-align: Center} .tdb_single_content .id_top_ad img, .tdb_single_content .id_bottom_ad img {margin-bottom: 0} .tdb_single_conTent .id_top_ad .adsbyGoogle, .tdb_single_content .id_bottom_ad .adsbyGoogle {pozycja: relatyw} .tdb_single_content .id_ad_content-horiz-left, .tdb_single_content .id_ad_content-horiz-right, .tdb_single_content .id_ad_content-horiz-Center {margin-bottom: 15px} .tdb_single_content .id_ad_content-horiz-left Img, .tdb_single_content .id_ad_content-horiz-right img, .tdb_single_content .id_ad_content-horiz-centerter img {margin-bottom: 0} .tdb_single_content .id_ad_content-horiz-center {text-align: Center} .tdb_single_content .id_ad_content-horiz-center img {margin-right: auto; margin-let: auto} .tdb_single_content .id_ad_content-horiz-left {float: left; margin-top: 9px; margin-right: 21px} .tdb_single_content .id_ad_content-horiz-right {float: margin-top: 6px; margin-left: 21px} .tdb_single_content .tdc-a-a-ad .TDC-Placeholder-Title {szeroko\u015b\u0107: 300px; height: 250px} .tdb_single_content .tdc-a-ad .TDC-Placeholder-Title: Przed {Pozycja: Absolute; TOP: 50%;-WebKit-Transform: Translatey (-50%); Transform: Translatey (-50%); margines: auto; Display: Tabela; szeroko\u015b\u0107: 100%}. tdb_single_content .TDB-BLOCK-INNER.TD-FIX-INDEX {Word-Break: Break-word} .tdi_41, .tdi_41> p, .tdi_41 .tdb-block-inner> p, .Wp-Block-Column> p {font-size: 16px! Wa\u017cne; wa\u017cny; p {font-styl: normalne! Wa\u017cne} @media (Max-Width: 767px) {. tdb_single_content .id_ad_content-horiz-left, .tdb_single_content .id_ad_content-horiz-right, .tdb_single_content .id_ad_content-horiz-centter {Margin: 0 AUTO 26PXX auto}}@media (Max-Width: 767px) {. tdb_single_content .id_ad_content-horiz-left {margin-right: 0}}@media (max-width: 767px) {. (Max-Width: 767px) {. tdb_single_content .td-a-ad {float: none; text-align: Center} .tdb_single_content .td-a-ad img {margin-right: auto; margin-left: auto} .tdb_single_content .tdc-a-a-a-{margin-right: auto; margin-left: auto} .tdb_single_content .tdd<\/style>\n<div class=\"tdb-block-inner td-fix-index\">\n<p><strong>\u201eAmerykanie byli zainteresowani prezydentem Nawrocki, zapytali, czego mog\u0105 si\u0119 spodziewa\u0107. Istnieje du\u017ce zainteresowanie i wydaje si\u0119, \u017ce USA b\u0119d\u0105 chcia\u0142y budowa\u0107 stosunki z Polsk\u0105 bardziej przez ten kana\u0142 ni\u017c przez rz\u0105dowy, gdzie wydaj\u0105 si\u0119 mie\u0107 pewn\u0105 rezerw\u0119 wobec partii rz\u0105dz\u0105cej\u201d, \u201d<\/strong> powiedzia\u0142 by\u0142y wiceminister spraw zagranicznych Marcin Przydak o programie Micha\u0142 Racho\u0144 <em>TV Republika<\/em>.<\/p>\n<p>W latach 13\u201318 lipca 2025 r. Odwiedzi\u0142a delegacja polskich parlamentarzyst\u00f3w <em>Stany Zjednoczone<\/em>.<\/p>\n<p><strong>\u201eTo by\u0142a d\u0142uga wizyta. Dziesi\u0105tki spotka\u0144 i na bardzo wysokim poziomie &#8211; na <em>Kapitol Hill<\/em>z krzes\u0142em <em>Komitet Spraw Zagranicznych<\/em>i <em>Komitet wywiadu<\/em>. Podkre\u015blili\u015bmy elementy najwa\u017cniejsze dla naszego bezpiecze\u0144stwa. Zgodzili\u015bmy si\u0119 przekona\u0107 Amerykan\u00f3w do utrzymania swoich \u017co\u0142nierzy w Polsce &#8211;rzeka, aby rozszerzy\u0107 ich obecno\u015b\u0107, wype\u0142ni\u0107 kontrakty obronne i powstrzymywa\u0107 Rosj\u0119 \u201d<\/strong> &#8211; powiedzia\u0142 Marcin PrzydacZ <em>TV Republika<\/em>by\u0142y wiceminister spraw zagranicznych i cz\u0142onek <em>Komitet Spraw Zagranicznych<\/em> w <em>Sejm<\/em>.<\/p>\n<p>Doda\u0142, \u017ce Amerykanie byli szczeg\u00f3lnie zainteresowani nowym prezydentem Polski. <strong>\u201eAmerykanie byli zainteresowani prezydentem Nawrocki, zapytali, czego mog\u0105 si\u0119 spodziewa\u0107. Istnieje du\u017ce zainteresowanie i wydaje si\u0119, \u017ce USA b\u0119d\u0105 chcia\u0142y budowa\u0107 stosunki z Polsk\u0105 bardziej przez ten kana\u0142 ni\u017c przez rz\u0105dowy, gdzie wydaj\u0105 si\u0119 mie\u0107 pewn\u0105 rezerw\u0119 wobec partii rz\u0105dz\u0105cej\u201d, \u201d<\/strong> Powt\u00f3rzy\u0142.<\/p>\n<p>Zapytany, czy szef ambasady Polski w Waszyngtonie, <em>Charg\u00e9 d&#8217;Affaires<\/em> Bogdan Klich, wzi\u0105\u0142 udzia\u0142 w spotkaniach delegacji, Przydak odpowiedzia\u0142 <strong>\u201eNie uczestniczy\u0142 w jednym\u201d.<\/strong><\/p>\n<p><strong>\u201eNasza delegacja obejmowa\u0142a sze\u015bciu polskich parlamentarzyst\u00f3w &#8211; przewodnicz\u0105cych spraw zagranicznych i komitet\u00f3w obrony narodowej, ich zast\u0119pcy &#8211; niekt\u00f3rzy z najwa\u017cniejszych postaci w polskim parlamencie. Spotkali\u015bmy si\u0119 z kilkunastu cz\u0142onk\u00f3w Kongresu USA na r\u00f3\u017cnych spotkaniach, 6\u20137 think tank\u00f3w i odwiedzili\u015bmy czo\u0142gi think <em>Pi\u0119ciok\u0105t<\/em>W <em>Bia\u0142y Dom<\/em>I <em>Departament Stanu<\/em>. Niestety pan Klich nie znalaz\u0142 czasu na udzia\u0142 w tych dyskusjach. W tym czasie nie by\u0142o go w Waszyngtonie &#8211; nie widzia\u0142em go przez ca\u0142y tydzie\u0144. Nie znam powod\u00f3w ani jego zada\u0144, ale podczas tego bardzo aktywnego tygodnia Klich nie uczestniczy\u0142 w jednym spotkaniu \u201d<\/strong> Doda\u0142.<\/p>\n<p>Delegacja obejmowa\u0142a Paw\u0142a Kowal &#8211; kir <em>Komitet Spraw Zagranicznych<\/em>AndrzeJ Grzyb &#8211; Kraj <em>Narodowy Komitet Obrony<\/em>Ewa Sch\u00e4dler &#8211; Deputy przewodnicz\u0105cy <em>Komitet Spraw Zagranicznych<\/em>Radoz\u0142aw Fogiel &#8211; Deputy krzes\u0142o <em>Komitet Spraw Zagranicznych<\/em>Marcin Przydacz &#8211; cz\u0142onek <em>Komitet Spraw Zagranicznych<\/em>i Joanna Kluzik-Rostkowska-Deputy krzes\u0142o <em>Narodowy Komitet Obrony<\/em>.<\/p>\n<\/div>\n<\/div>\n","protected":false},"excerpt":{"rendered":"<p>\u201eAmerykanie byli zainteresowani prezydentem Nawrocki, zapytali, czego mog\u0105 si\u0119 spodziewa\u0107. Istnieje du\u017ce zainteresowanie i wydaje si\u0119, \u017ce USA b\u0119d\u0105 chcia\u0142y<\/p>\n","protected":false},"author":1,"featured_media":6876,"comment_status":"closed","ping_status":"","sticky":false,"template":"","format":"standard","meta":{"footnotes":""},"categories":[44],"tags":[173,8612,4,8610,5221,8611,8609,8613,5516,2904,4768,3781,8608,5517],"class_list":["post-6875","post","type-post","status-publish","format-standard","has-post-thumbnail","hentry","category-polityka","tag-kanalu","tag-pewnej","tag-polska","tag-posrednictwem","tag-prawdopodobnie","tag-przydak","tag-relacje","tag-rezerwacie","tag-stany","tag-swoje","tag-tego","tag-waszyngtonu","tag-zbuduja","tag-zjednoczone","generate-columns","tablet-grid-50","mobile-grid-100","grid-parent","grid-50","resize-featured-image"],"yoast_head":"<!-- This site is optimized with the Yoast SEO plugin v23.2 - https:\/\/yoast.com\/wordpress\/plugins\/seo\/ -->\n<title>\u201eStany Zjednoczone prawdopodobnie zbuduj\u0105 swoje relacje z Polsk\u0105 za po\u015brednictwem tego kana\u0142u\u201d. Przydak w \u201ePewnej rezerwacie\u201d Waszyngtonu - POGOTOWIE FLAGOWE\u00ae<\/title>\n<meta name=\"robots\" content=\"index, follow, max-snippet:-1, max-image-preview:large, max-video-preview:-1\" \/>\n<link rel=\"canonical\" href=\"https:\/\/www.pogotowieflagowe.pl\/aktualne\/stany-zjednoczone-prawdopodobnie-zbuduja-swoje-relacje-z-polska-za-posrednictwem-tego-kanalu-przydak-w-pewnej-rezerwacie-waszyngtonu\/\" \/>\n<meta property=\"og:locale\" content=\"pl_PL\" \/>\n<meta property=\"og:type\" content=\"article\" \/>\n<meta property=\"og:title\" content=\"\u201eStany Zjednoczone prawdopodobnie zbuduj\u0105 swoje relacje z Polsk\u0105 za po\u015brednictwem tego kana\u0142u\u201d. Przydak w \u201ePewnej rezerwacie\u201d Waszyngtonu - POGOTOWIE FLAGOWE\u00ae\" \/>\n<meta property=\"og:description\" content=\"\u201eAmerykanie byli zainteresowani prezydentem Nawrocki, zapytali, czego mog\u0105 si\u0119 spodziewa\u0107. Istnieje du\u017ce zainteresowanie i wydaje si\u0119, \u017ce USA b\u0119d\u0105 chcia\u0142y\" \/>\n<meta property=\"og:url\" content=\"https:\/\/www.pogotowieflagowe.pl\/aktualne\/stany-zjednoczone-prawdopodobnie-zbuduja-swoje-relacje-z-polska-za-posrednictwem-tego-kanalu-przydak-w-pewnej-rezerwacie-waszyngtonu\/\" \/>\n<meta property=\"og:site_name\" content=\"POGOTOWIE FLAGOWE\u00ae\" \/>\n<meta property=\"article:published_time\" content=\"2025-07-25T13:52:00+00:00\" \/>\n<meta property=\"article:modified_time\" content=\"2025-07-25T13:52:01+00:00\" \/>\n<meta property=\"og:image\" content=\"https:\/\/www.pogotowieflagowe.pl\/aktualne\/wp-content\/uploads\/2025\/07\/\u201eStany-Zjednoczone-prawdopodobnie-zbuduja-swoje-relacje-z-Polska-za-posrednictwem.webp.webp\" \/>\n\t<meta property=\"og:image:width\" content=\"1280\" \/>\n\t<meta property=\"og:image:height\" content=\"720\" \/>\n\t<meta property=\"og:image:type\" content=\"image\/webp\" \/>\n<meta name=\"author\" content=\"Filip\" \/>\n<meta name=\"twitter:card\" content=\"summary_large_image\" \/>\n<meta name=\"twitter:label1\" content=\"Napisane przez\" \/>\n\t<meta name=\"twitter:data1\" content=\"Filip\" \/>\n\t<meta name=\"twitter:label2\" content=\"Szacowany czas czytania\" \/>\n\t<meta name=\"twitter:data2\" content=\"2 minuty\" \/>\n<script type=\"application\/ld+json\" class=\"yoast-schema-graph\">{\"@context\":\"https:\/\/schema.org\",\"@graph\":[{\"@type\":\"Article\",\"@id\":\"https:\/\/www.pogotowieflagowe.pl\/aktualne\/stany-zjednoczone-prawdopodobnie-zbuduja-swoje-relacje-z-polska-za-posrednictwem-tego-kanalu-przydak-w-pewnej-rezerwacie-waszyngtonu\/#article\",\"isPartOf\":{\"@id\":\"https:\/\/www.pogotowieflagowe.pl\/aktualne\/stany-zjednoczone-prawdopodobnie-zbuduja-swoje-relacje-z-polska-za-posrednictwem-tego-kanalu-przydak-w-pewnej-rezerwacie-waszyngtonu\/\"},\"author\":{\"name\":\"Filip\",\"@id\":\"https:\/\/www.pogotowieflagowe.pl\/aktualne\/#\/schema\/person\/9c2fb7d2362ebf6fa088960d7f0d27b0\"},\"headline\":\"\u201eStany Zjednoczone prawdopodobnie zbuduj\u0105 swoje relacje z Polsk\u0105 za po\u015brednictwem tego kana\u0142u\u201d. Przydak w \u201ePewnej rezerwacie\u201d Waszyngtonu\",\"datePublished\":\"2025-07-25T13:52:00+00:00\",\"dateModified\":\"2025-07-25T13:52:01+00:00\",\"mainEntityOfPage\":{\"@id\":\"https:\/\/www.pogotowieflagowe.pl\/aktualne\/stany-zjednoczone-prawdopodobnie-zbuduja-swoje-relacje-z-polska-za-posrednictwem-tego-kanalu-przydak-w-pewnej-rezerwacie-waszyngtonu\/\"},\"wordCount\":411,\"publisher\":{\"@id\":\"https:\/\/www.pogotowieflagowe.pl\/aktualne\/#organization\"},\"image\":{\"@id\":\"https:\/\/www.pogotowieflagowe.pl\/aktualne\/stany-zjednoczone-prawdopodobnie-zbuduja-swoje-relacje-z-polska-za-posrednictwem-tego-kanalu-przydak-w-pewnej-rezerwacie-waszyngtonu\/#primaryimage\"},\"thumbnailUrl\":\"https:\/\/www.pogotowieflagowe.pl\/aktualne\/wp-content\/uploads\/2025\/07\/\u201eStany-Zjednoczone-prawdopodobnie-zbuduja-swoje-relacje-z-Polska-za-posrednictwem.webp.webp\",\"keywords\":[\"kana\u0142u\",\"Pewnej\",\"polska\",\"po\u015brednictwem\",\"Prawdopodobnie\",\"Przydak\",\"relacje\",\"rezerwacie\",\"Stany\",\"swoje\",\"tego\",\"Waszyngtonu\",\"zbuduj\u0105\",\"Zjednoczone\"],\"articleSection\":[\"Polityka\"],\"inLanguage\":\"pl-PL\"},{\"@type\":\"WebPage\",\"@id\":\"https:\/\/www.pogotowieflagowe.pl\/aktualne\/stany-zjednoczone-prawdopodobnie-zbuduja-swoje-relacje-z-polska-za-posrednictwem-tego-kanalu-przydak-w-pewnej-rezerwacie-waszyngtonu\/\",\"url\":\"https:\/\/www.pogotowieflagowe.pl\/aktualne\/stany-zjednoczone-prawdopodobnie-zbuduja-swoje-relacje-z-polska-za-posrednictwem-tego-kanalu-przydak-w-pewnej-rezerwacie-waszyngtonu\/\",\"name\":\"\u201eStany Zjednoczone prawdopodobnie zbuduj\u0105 swoje relacje z Polsk\u0105 za po\u015brednictwem tego kana\u0142u\u201d. Przydak w \u201ePewnej rezerwacie\u201d Waszyngtonu - POGOTOWIE FLAGOWE\u00ae\",\"isPartOf\":{\"@id\":\"https:\/\/www.pogotowieflagowe.pl\/aktualne\/#website\"},\"primaryImageOfPage\":{\"@id\":\"https:\/\/www.pogotowieflagowe.pl\/aktualne\/stany-zjednoczone-prawdopodobnie-zbuduja-swoje-relacje-z-polska-za-posrednictwem-tego-kanalu-przydak-w-pewnej-rezerwacie-waszyngtonu\/#primaryimage\"},\"image\":{\"@id\":\"https:\/\/www.pogotowieflagowe.pl\/aktualne\/stany-zjednoczone-prawdopodobnie-zbuduja-swoje-relacje-z-polska-za-posrednictwem-tego-kanalu-przydak-w-pewnej-rezerwacie-waszyngtonu\/#primaryimage\"},\"thumbnailUrl\":\"https:\/\/www.pogotowieflagowe.pl\/aktualne\/wp-content\/uploads\/2025\/07\/\u201eStany-Zjednoczone-prawdopodobnie-zbuduja-swoje-relacje-z-Polska-za-posrednictwem.webp.webp\",\"datePublished\":\"2025-07-25T13:52:00+00:00\",\"dateModified\":\"2025-07-25T13:52:01+00:00\",\"breadcrumb\":{\"@id\":\"https:\/\/www.pogotowieflagowe.pl\/aktualne\/stany-zjednoczone-prawdopodobnie-zbuduja-swoje-relacje-z-polska-za-posrednictwem-tego-kanalu-przydak-w-pewnej-rezerwacie-waszyngtonu\/#breadcrumb\"},\"inLanguage\":\"pl-PL\",\"potentialAction\":[{\"@type\":\"ReadAction\",\"target\":[\"https:\/\/www.pogotowieflagowe.pl\/aktualne\/stany-zjednoczone-prawdopodobnie-zbuduja-swoje-relacje-z-polska-za-posrednictwem-tego-kanalu-przydak-w-pewnej-rezerwacie-waszyngtonu\/\"]}]},{\"@type\":\"ImageObject\",\"inLanguage\":\"pl-PL\",\"@id\":\"https:\/\/www.pogotowieflagowe.pl\/aktualne\/stany-zjednoczone-prawdopodobnie-zbuduja-swoje-relacje-z-polska-za-posrednictwem-tego-kanalu-przydak-w-pewnej-rezerwacie-waszyngtonu\/#primaryimage\",\"url\":\"https:\/\/www.pogotowieflagowe.pl\/aktualne\/wp-content\/uploads\/2025\/07\/\u201eStany-Zjednoczone-prawdopodobnie-zbuduja-swoje-relacje-z-Polska-za-posrednictwem.webp.webp\",\"contentUrl\":\"https:\/\/www.pogotowieflagowe.pl\/aktualne\/wp-content\/uploads\/2025\/07\/\u201eStany-Zjednoczone-prawdopodobnie-zbuduja-swoje-relacje-z-Polska-za-posrednictwem.webp.webp\",\"width\":1280,\"height\":720,\"caption\":\"\u201eStany Zjednoczone prawdopodobnie zbuduj\u0105 swoje relacje z Polsk\u0105 za po\u015brednictwem tego kana\u0142u\u201d. Przydak w \u201ePewnej rezerwacie\u201d Waszyngtonu\"},{\"@type\":\"BreadcrumbList\",\"@id\":\"https:\/\/www.pogotowieflagowe.pl\/aktualne\/stany-zjednoczone-prawdopodobnie-zbuduja-swoje-relacje-z-polska-za-posrednictwem-tego-kanalu-przydak-w-pewnej-rezerwacie-waszyngtonu\/#breadcrumb\",\"itemListElement\":[{\"@type\":\"ListItem\",\"position\":1,\"name\":\"Home\",\"item\":\"https:\/\/www.pogotowieflagowe.pl\/aktualne\/\"},{\"@type\":\"ListItem\",\"position\":2,\"name\":\"\u201eStany Zjednoczone prawdopodobnie zbuduj\u0105 swoje relacje z Polsk\u0105 za po\u015brednictwem tego kana\u0142u\u201d. Przydak w \u201ePewnej rezerwacie\u201d Waszyngtonu\"}]},{\"@type\":\"WebSite\",\"@id\":\"https:\/\/www.pogotowieflagowe.pl\/aktualne\/#website\",\"url\":\"https:\/\/www.pogotowieflagowe.pl\/aktualne\/\",\"name\":\"POGOTOWIE FLAGOWE\u00ae\",\"description\":\"\",\"publisher\":{\"@id\":\"https:\/\/www.pogotowieflagowe.pl\/aktualne\/#organization\"},\"potentialAction\":[{\"@type\":\"SearchAction\",\"target\":{\"@type\":\"EntryPoint\",\"urlTemplate\":\"https:\/\/www.pogotowieflagowe.pl\/aktualne\/?s={search_term_string}\"},\"query-input\":\"required name=search_term_string\"}],\"inLanguage\":\"pl-PL\"},{\"@type\":\"Organization\",\"@id\":\"https:\/\/www.pogotowieflagowe.pl\/aktualne\/#organization\",\"name\":\"POGOTOWIE FLAGOWE\u00ae\",\"url\":\"https:\/\/www.pogotowieflagowe.pl\/aktualne\/\",\"logo\":{\"@type\":\"ImageObject\",\"inLanguage\":\"pl-PL\",\"@id\":\"https:\/\/www.pogotowieflagowe.pl\/aktualne\/#\/schema\/logo\/image\/\",\"url\":\"https:\/\/www.pogotowieflagowe.pl\/aktualne\/wp-content\/uploads\/2024\/08\/cropped-pogotowieflagowe_flaga_projekt_sm.jpg\",\"contentUrl\":\"https:\/\/www.pogotowieflagowe.pl\/aktualne\/wp-content\/uploads\/2024\/08\/cropped-pogotowieflagowe_flaga_projekt_sm.jpg\",\"width\":250,\"height\":143,\"caption\":\"POGOTOWIE FLAGOWE\u00ae\"},\"image\":{\"@id\":\"https:\/\/www.pogotowieflagowe.pl\/aktualne\/#\/schema\/logo\/image\/\"}},{\"@type\":\"Person\",\"@id\":\"https:\/\/www.pogotowieflagowe.pl\/aktualne\/#\/schema\/person\/9c2fb7d2362ebf6fa088960d7f0d27b0\",\"name\":\"Filip\",\"image\":{\"@type\":\"ImageObject\",\"inLanguage\":\"pl-PL\",\"@id\":\"https:\/\/www.pogotowieflagowe.pl\/aktualne\/#\/schema\/person\/image\/\",\"url\":\"https:\/\/www.pogotowieflagowe.pl\/aktualne\/wp-content\/uploads\/2024\/08\/pogotowieflagowe.pl_.jpg\",\"contentUrl\":\"https:\/\/www.pogotowieflagowe.pl\/aktualne\/wp-content\/uploads\/2024\/08\/pogotowieflagowe.pl_.jpg\",\"caption\":\"Filip\"},\"description\":\"Jestem Filip, polski dziennikarz z dyplomem nauk politycznych Uniwersytetu Warszawskiego. Rozpoczynaj\u0105c swoj\u0105 karier\u0119 w r\u00f3\u017cnych lokalnych mediach, zdoby\u0142em solidne do\u015bwiadczenie w zakresie \u015bledztwa i redakcji. Obecnie jako redaktor w Pogotowie flagowe, staram si\u0119 dostarcza\u0107 dog\u0142\u0119bne i istotne analizy na temat najwa\u017cniejszych kwestii aktualno\u015bci, \u0142\u0105cz\u0105c rygor z pasj\u0105 dziennikarsk\u0105.\",\"sameAs\":[\"https:\/\/www.pogotowieflagowe.pl\/\"]}]}<\/script>\n<!-- \/ Yoast SEO plugin. -->","yoast_head_json":{"title":"\u201eStany Zjednoczone prawdopodobnie zbuduj\u0105 swoje relacje z Polsk\u0105 za po\u015brednictwem tego kana\u0142u\u201d. Przydak w \u201ePewnej rezerwacie\u201d Waszyngtonu - POGOTOWIE FLAGOWE\u00ae","robots":{"index":"index","follow":"follow","max-snippet":"max-snippet:-1","max-image-preview":"max-image-preview:large","max-video-preview":"max-video-preview:-1"},"canonical":"https:\/\/www.pogotowieflagowe.pl\/aktualne\/stany-zjednoczone-prawdopodobnie-zbuduja-swoje-relacje-z-polska-za-posrednictwem-tego-kanalu-przydak-w-pewnej-rezerwacie-waszyngtonu\/","og_locale":"pl_PL","og_type":"article","og_title":"\u201eStany Zjednoczone prawdopodobnie zbuduj\u0105 swoje relacje z Polsk\u0105 za po\u015brednictwem tego kana\u0142u\u201d. Przydak w \u201ePewnej rezerwacie\u201d Waszyngtonu - POGOTOWIE FLAGOWE\u00ae","og_description":"\u201eAmerykanie byli zainteresowani prezydentem Nawrocki, zapytali, czego mog\u0105 si\u0119 spodziewa\u0107. Istnieje du\u017ce zainteresowanie i wydaje si\u0119, \u017ce USA b\u0119d\u0105 chcia\u0142y","og_url":"https:\/\/www.pogotowieflagowe.pl\/aktualne\/stany-zjednoczone-prawdopodobnie-zbuduja-swoje-relacje-z-polska-za-posrednictwem-tego-kanalu-przydak-w-pewnej-rezerwacie-waszyngtonu\/","og_site_name":"POGOTOWIE FLAGOWE\u00ae","article_published_time":"2025-07-25T13:52:00+00:00","article_modified_time":"2025-07-25T13:52:01+00:00","og_image":[{"width":1280,"height":720,"url":"https:\/\/www.pogotowieflagowe.pl\/aktualne\/wp-content\/uploads\/2025\/07\/\u201eStany-Zjednoczone-prawdopodobnie-zbuduja-swoje-relacje-z-Polska-za-posrednictwem.webp.webp","type":"image\/webp"}],"author":"Filip","twitter_card":"summary_large_image","twitter_misc":{"Napisane przez":"Filip","Szacowany czas czytania":"2 minuty"},"schema":{"@context":"https:\/\/schema.org","@graph":[{"@type":"Article","@id":"https:\/\/www.pogotowieflagowe.pl\/aktualne\/stany-zjednoczone-prawdopodobnie-zbuduja-swoje-relacje-z-polska-za-posrednictwem-tego-kanalu-przydak-w-pewnej-rezerwacie-waszyngtonu\/#article","isPartOf":{"@id":"https:\/\/www.pogotowieflagowe.pl\/aktualne\/stany-zjednoczone-prawdopodobnie-zbuduja-swoje-relacje-z-polska-za-posrednictwem-tego-kanalu-przydak-w-pewnej-rezerwacie-waszyngtonu\/"},"author":{"name":"Filip","@id":"https:\/\/www.pogotowieflagowe.pl\/aktualne\/#\/schema\/person\/9c2fb7d2362ebf6fa088960d7f0d27b0"},"headline":"\u201eStany Zjednoczone prawdopodobnie zbuduj\u0105 swoje relacje z Polsk\u0105 za po\u015brednictwem tego kana\u0142u\u201d. Przydak w \u201ePewnej rezerwacie\u201d Waszyngtonu","datePublished":"2025-07-25T13:52:00+00:00","dateModified":"2025-07-25T13:52:01+00:00","mainEntityOfPage":{"@id":"https:\/\/www.pogotowieflagowe.pl\/aktualne\/stany-zjednoczone-prawdopodobnie-zbuduja-swoje-relacje-z-polska-za-posrednictwem-tego-kanalu-przydak-w-pewnej-rezerwacie-waszyngtonu\/"},"wordCount":411,"publisher":{"@id":"https:\/\/www.pogotowieflagowe.pl\/aktualne\/#organization"},"image":{"@id":"https:\/\/www.pogotowieflagowe.pl\/aktualne\/stany-zjednoczone-prawdopodobnie-zbuduja-swoje-relacje-z-polska-za-posrednictwem-tego-kanalu-przydak-w-pewnej-rezerwacie-waszyngtonu\/#primaryimage"},"thumbnailUrl":"https:\/\/www.pogotowieflagowe.pl\/aktualne\/wp-content\/uploads\/2025\/07\/\u201eStany-Zjednoczone-prawdopodobnie-zbuduja-swoje-relacje-z-Polska-za-posrednictwem.webp.webp","keywords":["kana\u0142u","Pewnej","polska","po\u015brednictwem","Prawdopodobnie","Przydak","relacje","rezerwacie","Stany","swoje","tego","Waszyngtonu","zbuduj\u0105","Zjednoczone"],"articleSection":["Polityka"],"inLanguage":"pl-PL"},{"@type":"WebPage","@id":"https:\/\/www.pogotowieflagowe.pl\/aktualne\/stany-zjednoczone-prawdopodobnie-zbuduja-swoje-relacje-z-polska-za-posrednictwem-tego-kanalu-przydak-w-pewnej-rezerwacie-waszyngtonu\/","url":"https:\/\/www.pogotowieflagowe.pl\/aktualne\/stany-zjednoczone-prawdopodobnie-zbuduja-swoje-relacje-z-polska-za-posrednictwem-tego-kanalu-przydak-w-pewnej-rezerwacie-waszyngtonu\/","name":"\u201eStany Zjednoczone prawdopodobnie zbuduj\u0105 swoje relacje z Polsk\u0105 za po\u015brednictwem tego kana\u0142u\u201d. Przydak w \u201ePewnej rezerwacie\u201d Waszyngtonu - POGOTOWIE FLAGOWE\u00ae","isPartOf":{"@id":"https:\/\/www.pogotowieflagowe.pl\/aktualne\/#website"},"primaryImageOfPage":{"@id":"https:\/\/www.pogotowieflagowe.pl\/aktualne\/stany-zjednoczone-prawdopodobnie-zbuduja-swoje-relacje-z-polska-za-posrednictwem-tego-kanalu-przydak-w-pewnej-rezerwacie-waszyngtonu\/#primaryimage"},"image":{"@id":"https:\/\/www.pogotowieflagowe.pl\/aktualne\/stany-zjednoczone-prawdopodobnie-zbuduja-swoje-relacje-z-polska-za-posrednictwem-tego-kanalu-przydak-w-pewnej-rezerwacie-waszyngtonu\/#primaryimage"},"thumbnailUrl":"https:\/\/www.pogotowieflagowe.pl\/aktualne\/wp-content\/uploads\/2025\/07\/\u201eStany-Zjednoczone-prawdopodobnie-zbuduja-swoje-relacje-z-Polska-za-posrednictwem.webp.webp","datePublished":"2025-07-25T13:52:00+00:00","dateModified":"2025-07-25T13:52:01+00:00","breadcrumb":{"@id":"https:\/\/www.pogotowieflagowe.pl\/aktualne\/stany-zjednoczone-prawdopodobnie-zbuduja-swoje-relacje-z-polska-za-posrednictwem-tego-kanalu-przydak-w-pewnej-rezerwacie-waszyngtonu\/#breadcrumb"},"inLanguage":"pl-PL","potentialAction":[{"@type":"ReadAction","target":["https:\/\/www.pogotowieflagowe.pl\/aktualne\/stany-zjednoczone-prawdopodobnie-zbuduja-swoje-relacje-z-polska-za-posrednictwem-tego-kanalu-przydak-w-pewnej-rezerwacie-waszyngtonu\/"]}]},{"@type":"ImageObject","inLanguage":"pl-PL","@id":"https:\/\/www.pogotowieflagowe.pl\/aktualne\/stany-zjednoczone-prawdopodobnie-zbuduja-swoje-relacje-z-polska-za-posrednictwem-tego-kanalu-przydak-w-pewnej-rezerwacie-waszyngtonu\/#primaryimage","url":"https:\/\/www.pogotowieflagowe.pl\/aktualne\/wp-content\/uploads\/2025\/07\/\u201eStany-Zjednoczone-prawdopodobnie-zbuduja-swoje-relacje-z-Polska-za-posrednictwem.webp.webp","contentUrl":"https:\/\/www.pogotowieflagowe.pl\/aktualne\/wp-content\/uploads\/2025\/07\/\u201eStany-Zjednoczone-prawdopodobnie-zbuduja-swoje-relacje-z-Polska-za-posrednictwem.webp.webp","width":1280,"height":720,"caption":"\u201eStany Zjednoczone prawdopodobnie zbuduj\u0105 swoje relacje z Polsk\u0105 za po\u015brednictwem tego kana\u0142u\u201d. Przydak w \u201ePewnej rezerwacie\u201d Waszyngtonu"},{"@type":"BreadcrumbList","@id":"https:\/\/www.pogotowieflagowe.pl\/aktualne\/stany-zjednoczone-prawdopodobnie-zbuduja-swoje-relacje-z-polska-za-posrednictwem-tego-kanalu-przydak-w-pewnej-rezerwacie-waszyngtonu\/#breadcrumb","itemListElement":[{"@type":"ListItem","position":1,"name":"Home","item":"https:\/\/www.pogotowieflagowe.pl\/aktualne\/"},{"@type":"ListItem","position":2,"name":"\u201eStany Zjednoczone prawdopodobnie zbuduj\u0105 swoje relacje z Polsk\u0105 za po\u015brednictwem tego kana\u0142u\u201d. Przydak w \u201ePewnej rezerwacie\u201d Waszyngtonu"}]},{"@type":"WebSite","@id":"https:\/\/www.pogotowieflagowe.pl\/aktualne\/#website","url":"https:\/\/www.pogotowieflagowe.pl\/aktualne\/","name":"POGOTOWIE FLAGOWE\u00ae","description":"","publisher":{"@id":"https:\/\/www.pogotowieflagowe.pl\/aktualne\/#organization"},"potentialAction":[{"@type":"SearchAction","target":{"@type":"EntryPoint","urlTemplate":"https:\/\/www.pogotowieflagowe.pl\/aktualne\/?s={search_term_string}"},"query-input":"required name=search_term_string"}],"inLanguage":"pl-PL"},{"@type":"Organization","@id":"https:\/\/www.pogotowieflagowe.pl\/aktualne\/#organization","name":"POGOTOWIE FLAGOWE\u00ae","url":"https:\/\/www.pogotowieflagowe.pl\/aktualne\/","logo":{"@type":"ImageObject","inLanguage":"pl-PL","@id":"https:\/\/www.pogotowieflagowe.pl\/aktualne\/#\/schema\/logo\/image\/","url":"https:\/\/www.pogotowieflagowe.pl\/aktualne\/wp-content\/uploads\/2024\/08\/cropped-pogotowieflagowe_flaga_projekt_sm.jpg","contentUrl":"https:\/\/www.pogotowieflagowe.pl\/aktualne\/wp-content\/uploads\/2024\/08\/cropped-pogotowieflagowe_flaga_projekt_sm.jpg","width":250,"height":143,"caption":"POGOTOWIE FLAGOWE\u00ae"},"image":{"@id":"https:\/\/www.pogotowieflagowe.pl\/aktualne\/#\/schema\/logo\/image\/"}},{"@type":"Person","@id":"https:\/\/www.pogotowieflagowe.pl\/aktualne\/#\/schema\/person\/9c2fb7d2362ebf6fa088960d7f0d27b0","name":"Filip","image":{"@type":"ImageObject","inLanguage":"pl-PL","@id":"https:\/\/www.pogotowieflagowe.pl\/aktualne\/#\/schema\/person\/image\/","url":"https:\/\/www.pogotowieflagowe.pl\/aktualne\/wp-content\/uploads\/2024\/08\/pogotowieflagowe.pl_.jpg","contentUrl":"https:\/\/www.pogotowieflagowe.pl\/aktualne\/wp-content\/uploads\/2024\/08\/pogotowieflagowe.pl_.jpg","caption":"Filip"},"description":"Jestem Filip, polski dziennikarz z dyplomem nauk politycznych Uniwersytetu Warszawskiego. Rozpoczynaj\u0105c swoj\u0105 karier\u0119 w r\u00f3\u017cnych lokalnych mediach, zdoby\u0142em solidne do\u015bwiadczenie w zakresie \u015bledztwa i redakcji. Obecnie jako redaktor w Pogotowie flagowe, staram si\u0119 dostarcza\u0107 dog\u0142\u0119bne i istotne analizy na temat najwa\u017cniejszych kwestii aktualno\u015bci, \u0142\u0105cz\u0105c rygor z pasj\u0105 dziennikarsk\u0105.","sameAs":["https:\/\/www.pogotowieflagowe.pl\/"]}]}},"_links":{"self":[{"href":"https:\/\/www.pogotowieflagowe.pl\/aktualne\/wp-json\/wp\/v2\/posts\/6875","targetHints":{"allow":["GET"]}}],"collection":[{"href":"https:\/\/www.pogotowieflagowe.pl\/aktualne\/wp-json\/wp\/v2\/posts"}],"about":[{"href":"https:\/\/www.pogotowieflagowe.pl\/aktualne\/wp-json\/wp\/v2\/types\/post"}],"author":[{"embeddable":true,"href":"https:\/\/www.pogotowieflagowe.pl\/aktualne\/wp-json\/wp\/v2\/users\/1"}],"replies":[{"embeddable":true,"href":"https:\/\/www.pogotowieflagowe.pl\/aktualne\/wp-json\/wp\/v2\/comments?post=6875"}],"version-history":[{"count":1,"href":"https:\/\/www.pogotowieflagowe.pl\/aktualne\/wp-json\/wp\/v2\/posts\/6875\/revisions"}],"predecessor-version":[{"id":6877,"href":"https:\/\/www.pogotowieflagowe.pl\/aktualne\/wp-json\/wp\/v2\/posts\/6875\/revisions\/6877"}],"wp:featuredmedia":[{"embeddable":true,"href":"https:\/\/www.pogotowieflagowe.pl\/aktualne\/wp-json\/wp\/v2\/media\/6876"}],"wp:attachment":[{"href":"https:\/\/www.pogotowieflagowe.pl\/aktualne\/wp-json\/wp\/v2\/media?parent=6875"}],"wp:term":[{"taxonomy":"category","embeddable":true,"href":"https:\/\/www.pogotowieflagowe.pl\/aktualne\/wp-json\/wp\/v2\/categories?post=6875"},{"taxonomy":"post_tag","embeddable":true,"href":"https:\/\/www.pogotowieflagowe.pl\/aktualne\/wp-json\/wp\/v2\/tags?post=6875"}],"curies":[{"name":"wp","href":"https:\/\/api.w.org\/{rel}","templated":true}]}}