{"id":6892,"date":"2025-07-26T22:47:49","date_gmt":"2025-07-26T20:47:49","guid":{"rendered":"https:\/\/www.pogotowieflagowe.pl\/aktualne\/rzad-bez-tusk-polaki-przemowily-kto-ma-najgorsza-opinie-premiera\/"},"modified":"2025-07-26T22:47:49","modified_gmt":"2025-07-26T20:47:49","slug":"rzad-bez-tusk-polaki-przemowily-kto-ma-najgorsza-opinie-premiera","status":"publish","type":"post","link":"https:\/\/www.pogotowieflagowe.pl\/aktualne\/rzad-bez-tusk-polaki-przemowily-kto-ma-najgorsza-opinie-premiera\/","title":{"rendered":"Rz\u0105d bez TUSK? Polaki przem\u00f3wi\u0142y. Kto ma najgorsz\u0105 opini\u0119 premiera?"},"content":{"rendered":"\n<div class=\"td_block_wrap tdb_single_content tdi_41 td-pb-border-top td_block_template_8 td-post-content tagdiv-type\" data-td-block-uid=\"tdi_41\">\n<style>.tdi_41 {margin-top: 0px! Wa\u017cne; margines-bottom: 0px! WA\u017bNY; PALDING-TOP: 0PX! WA\u017bNY; PALDING-BOTTOM: 0PX! WA\u017bNE}<\/style>\n<style>.tdb_single_content {margin-bottom: 0;*zoom: 1} .tdb_single_content: wcze\u015bniej, .tdb_single_content: po {display: Table; content: ''; line-height: 0} .TDB-BLOCK-INner>*: nie (.WP-BLOCK-QUOTE): not (.alignSwide): not (.Alignfull.wp-block-cover.has-parallax): not (.td-a-ad) {margin-left: auto; margin-right: auto} .tdb_single_ConTent a {wska\u017anik-events: auto} .tdb_single_content .td-spot-id-top_ad .tdc-placeholder-title: przed {content: \u201eArtyku\u0142 top ad\u201d! Wa\u017cne} .tdb_single_content .td-Spot-Id-inline_ad0 .tdc-placeholder-title 1 '! Wa\u017cne} .tdb_single_content .td-Spot-Id-inline_Ad1 .tdc-Placeholder-Title: przed {content: \u201eArtyku\u0142 inline AD 2'! Wa\u017cny} .tdb_single_content. 3 '! Wa\u017cne} .tdb_single_content .td-Spot-Id-Bottom_Ad .tdc-Placeholder-Title: przed {content: \u201eArtyku\u0142 Bottom Ad\u201d! Wa\u017cne} .tdb_single_content .id_top_ad, .tdb_single_content_content .id_bottom_ad {clear: oba; margin-bottom: 21px; text-align: Center} .tdb_single_content .id_top_ad img, .tdb_single_content .id_bottom_ad img {margin-bottom: 0} .tdb_single_conTent .id_top_ad .adsbyGoogle, .tdb_single_content .id_bottom_ad .adsbyGoogle {pozycja: relatyw} .tdb_single_content .id_ad_content-horiz-left, .tdb_single_content .id_ad_content-horiz-right, .tdb_single_content .id_ad_content-horiz-Center {margin-bottom: 15px} .tdb_single_content .id_ad_content-horiz-left Img, .tdb_single_content .id_ad_content-horiz-right img, .tdb_single_content .id_ad_content-horiz-centerter img {margin-bottom: 0} .tdb_single_content .id_ad_content-horiz-center {text-align: Center} .tdb_single_content .id_ad_content-horiz-center img {margin-right: auto; margin-let: auto} .tdb_single_content .id_ad_content-horiz-left {float: left; margin-top: 9px; margin-right: 21px} .tdb_single_content .id_ad_content-horiz-right {float: margin-top: 6px; margin-left: 21px} .tdb_single_content .tdc-a-a-ad .TDC-Placeholder-Title {szeroko\u015b\u0107: 300px; height: 250px} .tdb_single_content .tdc-a-ad .TDC-Placeholder-Title: Przed {Pozycja: Absolute; TOP: 50%;-WebKit-Transform: Translatey (-50%); Transform: Translatey (-50%); margines: auto; Display: Tabela; szeroko\u015b\u0107: 100%}. tdb_single_content .TDB-BLOCK-INNER.TD-FIX-INDEX {Word-Break: Break-word} .tdi_41, .tdi_41> p, .tdi_41 .tdb-block-inner> p, .Wp-Block-Column> p {font-size: 16px! Wa\u017cne; wa\u017cny; p {font-styl: normalne! Wa\u017cne} @media (Max-Width: 767px) {. tdb_single_content .id_ad_content-horiz-left, .tdb_single_content .id_ad_content-horiz-right, .tdb_single_content .id_ad_content-horiz-centter {Margin: 0 AUTO 26PXX auto}}@media (Max-Width: 767px) {. tdb_single_content .id_ad_content-horiz-left {margin-right: 0}}@media (max-width: 767px) {. (Max-Width: 767px) {. tdb_single_content .td-a-ad {float: none; text-align: Center} .tdb_single_content .td-a-ad img {margin-right: auto; margin-left: auto} .tdb_single_content .tdc-a-a-a-{margin-right: auto; margin-left: auto} .tdb_single_content .tdd<\/style>\n<div class=\"tdb-block-inner td-fix-index\">\n<p>Prawie 38 procent biegun\u00f3w uwa\u017ca, \u017ce rz\u0105d b\u0119dzie dzia\u0142a\u0142 lepiej bez Donalda Tuska jako premiera. Jest to zgodne z ankiet\u0105 przeprowadzon\u0105 przez Agencj\u0119 Badawcz\u0105 SW.<\/p>\n<p>Badanie zosta\u0142o zam\u00f3wione przez <em>Rzeczpospolita<\/em>. Wed\u0142ug 37,9 procent respondent\u00f3w rz\u0105d osi\u0105gn\u0105\u0142by lepsze wyniki, gdyby lider platformy obywatelskiej (platforma Obiewatelska) nie by\u0142 u steru.<\/p>\n<p>Natomiast 30,8 procent respondent\u00f3w nie zgadza\u0142o si\u0119 z tym pogl\u0105dem, a 31,3 procent nie mia\u0142o zdania w tej sprawie.<\/p>\n<h2 class=\"wp-block-heading\">Najbardziej krytyczne w\u015br\u00f3d najm\u0142odszych<\/h2>\n<p>M\u0119\u017cczy\u017ani s\u0105 bardziej krytyczni wobec obecnego premiera. A\u017c 44 procent m\u0119\u017cczyzn respondent\u00f3w popiera zmian\u0119 przyw\u00f3dztwa. W\u015br\u00f3d kobiet 33 procent wola\u0142oby innego szefa rz\u0105du.<\/p>\n<p>Najbardziej negatywne opinie na temat TUSK pochodz\u0105 od os\u00f3b w wieku 24 lat i mniej. W tej grupie wiekowej 49,7 procent uwa\u017ca, \u017ce rz\u0105d lepiej pracowa\u0142by pod innym premierem. Tylko 16,5 procent respondent\u00f3w w tej grupie mia\u0142o odwrotny pogl\u0105d.<\/p>\n<p>TUSK TABES WI\u0118CEJ w\u015br\u00f3d os\u00f3b w wieku 50 lat i wi\u0119cej. W tej grupie demograficznej 35,8 procent stwierdzi\u0142o, \u017ce lider platformy obywatelskiej wype\u0142nia swoje obowi\u0105zki, a 33,6 procent utrzymywa\u0142o opini\u0119 przeciwn\u0105.<\/p>\n<pre class=\"wp-block-preformatted\">The survey was conducted between July 22 and 23 on a sample of 800 internet users aged 18 and older.<\/pre>\n<\/div>\n<\/div>\n","protected":false},"excerpt":{"rendered":"<p>Prawie 38 procent biegun\u00f3w uwa\u017ca, \u017ce rz\u0105d b\u0119dzie dzia\u0142a\u0142 lepiej bez Donalda Tuska jako premiera. Jest to zgodne z ankiet\u0105<\/p>\n","protected":false},"author":1,"featured_media":6247,"comment_status":"closed","ping_status":"","sticky":false,"template":"","format":"standard","meta":{"footnotes":""},"categories":[4748],"tags":[2937,5483,5783,2306,4772,1380,8629,1554,221],"class_list":["post-6892","post","type-post","status-publish","format-standard","has-post-thumbnail","hentry","category-aktualne","tag-bez","tag-kto","tag-najgorsza","tag-opinie","tag-polaki","tag-premiera","tag-przemowily","tag-rzad","tag-tusk","generate-columns","tablet-grid-50","mobile-grid-100","grid-parent","grid-50","resize-featured-image"],"yoast_head":"<!-- This site is optimized with the Yoast SEO plugin v23.2 - https:\/\/yoast.com\/wordpress\/plugins\/seo\/ -->\n<title>Rz\u0105d bez TUSK? Polaki przem\u00f3wi\u0142y. Kto ma najgorsz\u0105 opini\u0119 premiera? - POGOTOWIE FLAGOWE\u00ae<\/title>\n<meta name=\"robots\" content=\"index, follow, max-snippet:-1, max-image-preview:large, max-video-preview:-1\" \/>\n<link rel=\"canonical\" href=\"https:\/\/www.pogotowieflagowe.pl\/aktualne\/rzad-bez-tusk-polaki-przemowily-kto-ma-najgorsza-opinie-premiera\/\" \/>\n<meta property=\"og:locale\" content=\"pl_PL\" \/>\n<meta property=\"og:type\" content=\"article\" \/>\n<meta property=\"og:title\" content=\"Rz\u0105d bez TUSK? Polaki przem\u00f3wi\u0142y. Kto ma najgorsz\u0105 opini\u0119 premiera? - POGOTOWIE FLAGOWE\u00ae\" \/>\n<meta property=\"og:description\" content=\"Prawie 38 procent biegun\u00f3w uwa\u017ca, \u017ce rz\u0105d b\u0119dzie dzia\u0142a\u0142 lepiej bez Donalda Tuska jako premiera. Jest to zgodne z ankiet\u0105\" \/>\n<meta property=\"og:url\" content=\"https:\/\/www.pogotowieflagowe.pl\/aktualne\/rzad-bez-tusk-polaki-przemowily-kto-ma-najgorsza-opinie-premiera\/\" \/>\n<meta property=\"og:site_name\" content=\"POGOTOWIE FLAGOWE\u00ae\" \/>\n<meta property=\"article:published_time\" content=\"2025-07-26T20:47:49+00:00\" \/>\n<meta property=\"og:image\" content=\"https:\/\/www.pogotowieflagowe.pl\/aktualne\/wp-content\/uploads\/2025\/06\/Premier-kontra-wolnosc-slowa-Trybunal-zatrzaskuje-dzialania-rzadu-TUSK-przeciwko.webp.webp\" \/>\n\t<meta property=\"og:image:width\" content=\"1280\" \/>\n\t<meta property=\"og:image:height\" content=\"719\" \/>\n\t<meta property=\"og:image:type\" content=\"image\/webp\" \/>\n<meta name=\"author\" content=\"Filip\" \/>\n<meta name=\"twitter:card\" content=\"summary_large_image\" \/>\n<meta name=\"twitter:label1\" content=\"Napisane przez\" \/>\n\t<meta name=\"twitter:data1\" content=\"Filip\" \/>\n\t<meta name=\"twitter:label2\" content=\"Szacowany czas czytania\" \/>\n\t<meta name=\"twitter:data2\" content=\"1 minuta\" \/>\n<script type=\"application\/ld+json\" class=\"yoast-schema-graph\">{\"@context\":\"https:\/\/schema.org\",\"@graph\":[{\"@type\":\"Article\",\"@id\":\"https:\/\/www.pogotowieflagowe.pl\/aktualne\/rzad-bez-tusk-polaki-przemowily-kto-ma-najgorsza-opinie-premiera\/#article\",\"isPartOf\":{\"@id\":\"https:\/\/www.pogotowieflagowe.pl\/aktualne\/rzad-bez-tusk-polaki-przemowily-kto-ma-najgorsza-opinie-premiera\/\"},\"author\":{\"name\":\"Filip\",\"@id\":\"https:\/\/www.pogotowieflagowe.pl\/aktualne\/#\/schema\/person\/9c2fb7d2362ebf6fa088960d7f0d27b0\"},\"headline\":\"Rz\u0105d bez TUSK? Polaki przem\u00f3wi\u0142y. Kto ma najgorsz\u0105 opini\u0119 premiera?\",\"datePublished\":\"2025-07-26T20:47:49+00:00\",\"dateModified\":\"2025-07-26T20:47:49+00:00\",\"mainEntityOfPage\":{\"@id\":\"https:\/\/www.pogotowieflagowe.pl\/aktualne\/rzad-bez-tusk-polaki-przemowily-kto-ma-najgorsza-opinie-premiera\/\"},\"wordCount\":209,\"publisher\":{\"@id\":\"https:\/\/www.pogotowieflagowe.pl\/aktualne\/#organization\"},\"image\":{\"@id\":\"https:\/\/www.pogotowieflagowe.pl\/aktualne\/rzad-bez-tusk-polaki-przemowily-kto-ma-najgorsza-opinie-premiera\/#primaryimage\"},\"thumbnailUrl\":\"https:\/\/www.pogotowieflagowe.pl\/aktualne\/wp-content\/uploads\/2025\/06\/Premier-kontra-wolnosc-slowa-Trybunal-zatrzaskuje-dzialania-rzadu-TUSK-przeciwko.webp.webp\",\"keywords\":[\"bez\",\"Kto\",\"najgorsz\u0105\",\"opini\u0119\",\"Polaki\",\"premiera\",\"przem\u00f3wi\u0142y\",\"Rz\u0105d\",\"Tusk\"],\"articleSection\":[\"Aktualne\"],\"inLanguage\":\"pl-PL\"},{\"@type\":\"WebPage\",\"@id\":\"https:\/\/www.pogotowieflagowe.pl\/aktualne\/rzad-bez-tusk-polaki-przemowily-kto-ma-najgorsza-opinie-premiera\/\",\"url\":\"https:\/\/www.pogotowieflagowe.pl\/aktualne\/rzad-bez-tusk-polaki-przemowily-kto-ma-najgorsza-opinie-premiera\/\",\"name\":\"Rz\u0105d bez TUSK? Polaki przem\u00f3wi\u0142y. Kto ma najgorsz\u0105 opini\u0119 premiera? - POGOTOWIE FLAGOWE\u00ae\",\"isPartOf\":{\"@id\":\"https:\/\/www.pogotowieflagowe.pl\/aktualne\/#website\"},\"primaryImageOfPage\":{\"@id\":\"https:\/\/www.pogotowieflagowe.pl\/aktualne\/rzad-bez-tusk-polaki-przemowily-kto-ma-najgorsza-opinie-premiera\/#primaryimage\"},\"image\":{\"@id\":\"https:\/\/www.pogotowieflagowe.pl\/aktualne\/rzad-bez-tusk-polaki-przemowily-kto-ma-najgorsza-opinie-premiera\/#primaryimage\"},\"thumbnailUrl\":\"https:\/\/www.pogotowieflagowe.pl\/aktualne\/wp-content\/uploads\/2025\/06\/Premier-kontra-wolnosc-slowa-Trybunal-zatrzaskuje-dzialania-rzadu-TUSK-przeciwko.webp.webp\",\"datePublished\":\"2025-07-26T20:47:49+00:00\",\"dateModified\":\"2025-07-26T20:47:49+00:00\",\"breadcrumb\":{\"@id\":\"https:\/\/www.pogotowieflagowe.pl\/aktualne\/rzad-bez-tusk-polaki-przemowily-kto-ma-najgorsza-opinie-premiera\/#breadcrumb\"},\"inLanguage\":\"pl-PL\",\"potentialAction\":[{\"@type\":\"ReadAction\",\"target\":[\"https:\/\/www.pogotowieflagowe.pl\/aktualne\/rzad-bez-tusk-polaki-przemowily-kto-ma-najgorsza-opinie-premiera\/\"]}]},{\"@type\":\"ImageObject\",\"inLanguage\":\"pl-PL\",\"@id\":\"https:\/\/www.pogotowieflagowe.pl\/aktualne\/rzad-bez-tusk-polaki-przemowily-kto-ma-najgorsza-opinie-premiera\/#primaryimage\",\"url\":\"https:\/\/www.pogotowieflagowe.pl\/aktualne\/wp-content\/uploads\/2025\/06\/Premier-kontra-wolnosc-slowa-Trybunal-zatrzaskuje-dzialania-rzadu-TUSK-przeciwko.webp.webp\",\"contentUrl\":\"https:\/\/www.pogotowieflagowe.pl\/aktualne\/wp-content\/uploads\/2025\/06\/Premier-kontra-wolnosc-slowa-Trybunal-zatrzaskuje-dzialania-rzadu-TUSK-przeciwko.webp.webp\",\"width\":1280,\"height\":719,\"caption\":\"Premier kontra wolno\u015b\u0107 s\u0142owa. Trybuna\u0142 zatrzaskuje dzia\u0142ania rz\u0105du TUSK przeciwko telewizyjnej Republika\"},{\"@type\":\"BreadcrumbList\",\"@id\":\"https:\/\/www.pogotowieflagowe.pl\/aktualne\/rzad-bez-tusk-polaki-przemowily-kto-ma-najgorsza-opinie-premiera\/#breadcrumb\",\"itemListElement\":[{\"@type\":\"ListItem\",\"position\":1,\"name\":\"Home\",\"item\":\"https:\/\/www.pogotowieflagowe.pl\/aktualne\/\"},{\"@type\":\"ListItem\",\"position\":2,\"name\":\"Rz\u0105d bez TUSK? Polaki przem\u00f3wi\u0142y. Kto ma najgorsz\u0105 opini\u0119 premiera?\"}]},{\"@type\":\"WebSite\",\"@id\":\"https:\/\/www.pogotowieflagowe.pl\/aktualne\/#website\",\"url\":\"https:\/\/www.pogotowieflagowe.pl\/aktualne\/\",\"name\":\"POGOTOWIE FLAGOWE\u00ae\",\"description\":\"\",\"publisher\":{\"@id\":\"https:\/\/www.pogotowieflagowe.pl\/aktualne\/#organization\"},\"potentialAction\":[{\"@type\":\"SearchAction\",\"target\":{\"@type\":\"EntryPoint\",\"urlTemplate\":\"https:\/\/www.pogotowieflagowe.pl\/aktualne\/?s={search_term_string}\"},\"query-input\":\"required name=search_term_string\"}],\"inLanguage\":\"pl-PL\"},{\"@type\":\"Organization\",\"@id\":\"https:\/\/www.pogotowieflagowe.pl\/aktualne\/#organization\",\"name\":\"POGOTOWIE FLAGOWE\u00ae\",\"url\":\"https:\/\/www.pogotowieflagowe.pl\/aktualne\/\",\"logo\":{\"@type\":\"ImageObject\",\"inLanguage\":\"pl-PL\",\"@id\":\"https:\/\/www.pogotowieflagowe.pl\/aktualne\/#\/schema\/logo\/image\/\",\"url\":\"https:\/\/www.pogotowieflagowe.pl\/aktualne\/wp-content\/uploads\/2024\/08\/cropped-pogotowieflagowe_flaga_projekt_sm.jpg\",\"contentUrl\":\"https:\/\/www.pogotowieflagowe.pl\/aktualne\/wp-content\/uploads\/2024\/08\/cropped-pogotowieflagowe_flaga_projekt_sm.jpg\",\"width\":250,\"height\":143,\"caption\":\"POGOTOWIE FLAGOWE\u00ae\"},\"image\":{\"@id\":\"https:\/\/www.pogotowieflagowe.pl\/aktualne\/#\/schema\/logo\/image\/\"}},{\"@type\":\"Person\",\"@id\":\"https:\/\/www.pogotowieflagowe.pl\/aktualne\/#\/schema\/person\/9c2fb7d2362ebf6fa088960d7f0d27b0\",\"name\":\"Filip\",\"image\":{\"@type\":\"ImageObject\",\"inLanguage\":\"pl-PL\",\"@id\":\"https:\/\/www.pogotowieflagowe.pl\/aktualne\/#\/schema\/person\/image\/\",\"url\":\"https:\/\/www.pogotowieflagowe.pl\/aktualne\/wp-content\/uploads\/2024\/08\/pogotowieflagowe.pl_.jpg\",\"contentUrl\":\"https:\/\/www.pogotowieflagowe.pl\/aktualne\/wp-content\/uploads\/2024\/08\/pogotowieflagowe.pl_.jpg\",\"caption\":\"Filip\"},\"description\":\"Jestem Filip, polski dziennikarz z dyplomem nauk politycznych Uniwersytetu Warszawskiego. Rozpoczynaj\u0105c swoj\u0105 karier\u0119 w r\u00f3\u017cnych lokalnych mediach, zdoby\u0142em solidne do\u015bwiadczenie w zakresie \u015bledztwa i redakcji. Obecnie jako redaktor w Pogotowie flagowe, staram si\u0119 dostarcza\u0107 dog\u0142\u0119bne i istotne analizy na temat najwa\u017cniejszych kwestii aktualno\u015bci, \u0142\u0105cz\u0105c rygor z pasj\u0105 dziennikarsk\u0105.\",\"sameAs\":[\"https:\/\/www.pogotowieflagowe.pl\/\"]}]}<\/script>\n<!-- \/ Yoast SEO plugin. -->","yoast_head_json":{"title":"Rz\u0105d bez TUSK? Polaki przem\u00f3wi\u0142y. Kto ma najgorsz\u0105 opini\u0119 premiera? - POGOTOWIE FLAGOWE\u00ae","robots":{"index":"index","follow":"follow","max-snippet":"max-snippet:-1","max-image-preview":"max-image-preview:large","max-video-preview":"max-video-preview:-1"},"canonical":"https:\/\/www.pogotowieflagowe.pl\/aktualne\/rzad-bez-tusk-polaki-przemowily-kto-ma-najgorsza-opinie-premiera\/","og_locale":"pl_PL","og_type":"article","og_title":"Rz\u0105d bez TUSK? Polaki przem\u00f3wi\u0142y. Kto ma najgorsz\u0105 opini\u0119 premiera? - POGOTOWIE FLAGOWE\u00ae","og_description":"Prawie 38 procent biegun\u00f3w uwa\u017ca, \u017ce rz\u0105d b\u0119dzie dzia\u0142a\u0142 lepiej bez Donalda Tuska jako premiera. Jest to zgodne z ankiet\u0105","og_url":"https:\/\/www.pogotowieflagowe.pl\/aktualne\/rzad-bez-tusk-polaki-przemowily-kto-ma-najgorsza-opinie-premiera\/","og_site_name":"POGOTOWIE FLAGOWE\u00ae","article_published_time":"2025-07-26T20:47:49+00:00","og_image":[{"width":1280,"height":719,"url":"https:\/\/www.pogotowieflagowe.pl\/aktualne\/wp-content\/uploads\/2025\/06\/Premier-kontra-wolnosc-slowa-Trybunal-zatrzaskuje-dzialania-rzadu-TUSK-przeciwko.webp.webp","type":"image\/webp"}],"author":"Filip","twitter_card":"summary_large_image","twitter_misc":{"Napisane przez":"Filip","Szacowany czas czytania":"1 minuta"},"schema":{"@context":"https:\/\/schema.org","@graph":[{"@type":"Article","@id":"https:\/\/www.pogotowieflagowe.pl\/aktualne\/rzad-bez-tusk-polaki-przemowily-kto-ma-najgorsza-opinie-premiera\/#article","isPartOf":{"@id":"https:\/\/www.pogotowieflagowe.pl\/aktualne\/rzad-bez-tusk-polaki-przemowily-kto-ma-najgorsza-opinie-premiera\/"},"author":{"name":"Filip","@id":"https:\/\/www.pogotowieflagowe.pl\/aktualne\/#\/schema\/person\/9c2fb7d2362ebf6fa088960d7f0d27b0"},"headline":"Rz\u0105d bez TUSK? Polaki przem\u00f3wi\u0142y. Kto ma najgorsz\u0105 opini\u0119 premiera?","datePublished":"2025-07-26T20:47:49+00:00","dateModified":"2025-07-26T20:47:49+00:00","mainEntityOfPage":{"@id":"https:\/\/www.pogotowieflagowe.pl\/aktualne\/rzad-bez-tusk-polaki-przemowily-kto-ma-najgorsza-opinie-premiera\/"},"wordCount":209,"publisher":{"@id":"https:\/\/www.pogotowieflagowe.pl\/aktualne\/#organization"},"image":{"@id":"https:\/\/www.pogotowieflagowe.pl\/aktualne\/rzad-bez-tusk-polaki-przemowily-kto-ma-najgorsza-opinie-premiera\/#primaryimage"},"thumbnailUrl":"https:\/\/www.pogotowieflagowe.pl\/aktualne\/wp-content\/uploads\/2025\/06\/Premier-kontra-wolnosc-slowa-Trybunal-zatrzaskuje-dzialania-rzadu-TUSK-przeciwko.webp.webp","keywords":["bez","Kto","najgorsz\u0105","opini\u0119","Polaki","premiera","przem\u00f3wi\u0142y","Rz\u0105d","Tusk"],"articleSection":["Aktualne"],"inLanguage":"pl-PL"},{"@type":"WebPage","@id":"https:\/\/www.pogotowieflagowe.pl\/aktualne\/rzad-bez-tusk-polaki-przemowily-kto-ma-najgorsza-opinie-premiera\/","url":"https:\/\/www.pogotowieflagowe.pl\/aktualne\/rzad-bez-tusk-polaki-przemowily-kto-ma-najgorsza-opinie-premiera\/","name":"Rz\u0105d bez TUSK? Polaki przem\u00f3wi\u0142y. Kto ma najgorsz\u0105 opini\u0119 premiera? - POGOTOWIE FLAGOWE\u00ae","isPartOf":{"@id":"https:\/\/www.pogotowieflagowe.pl\/aktualne\/#website"},"primaryImageOfPage":{"@id":"https:\/\/www.pogotowieflagowe.pl\/aktualne\/rzad-bez-tusk-polaki-przemowily-kto-ma-najgorsza-opinie-premiera\/#primaryimage"},"image":{"@id":"https:\/\/www.pogotowieflagowe.pl\/aktualne\/rzad-bez-tusk-polaki-przemowily-kto-ma-najgorsza-opinie-premiera\/#primaryimage"},"thumbnailUrl":"https:\/\/www.pogotowieflagowe.pl\/aktualne\/wp-content\/uploads\/2025\/06\/Premier-kontra-wolnosc-slowa-Trybunal-zatrzaskuje-dzialania-rzadu-TUSK-przeciwko.webp.webp","datePublished":"2025-07-26T20:47:49+00:00","dateModified":"2025-07-26T20:47:49+00:00","breadcrumb":{"@id":"https:\/\/www.pogotowieflagowe.pl\/aktualne\/rzad-bez-tusk-polaki-przemowily-kto-ma-najgorsza-opinie-premiera\/#breadcrumb"},"inLanguage":"pl-PL","potentialAction":[{"@type":"ReadAction","target":["https:\/\/www.pogotowieflagowe.pl\/aktualne\/rzad-bez-tusk-polaki-przemowily-kto-ma-najgorsza-opinie-premiera\/"]}]},{"@type":"ImageObject","inLanguage":"pl-PL","@id":"https:\/\/www.pogotowieflagowe.pl\/aktualne\/rzad-bez-tusk-polaki-przemowily-kto-ma-najgorsza-opinie-premiera\/#primaryimage","url":"https:\/\/www.pogotowieflagowe.pl\/aktualne\/wp-content\/uploads\/2025\/06\/Premier-kontra-wolnosc-slowa-Trybunal-zatrzaskuje-dzialania-rzadu-TUSK-przeciwko.webp.webp","contentUrl":"https:\/\/www.pogotowieflagowe.pl\/aktualne\/wp-content\/uploads\/2025\/06\/Premier-kontra-wolnosc-slowa-Trybunal-zatrzaskuje-dzialania-rzadu-TUSK-przeciwko.webp.webp","width":1280,"height":719,"caption":"Premier kontra wolno\u015b\u0107 s\u0142owa. Trybuna\u0142 zatrzaskuje dzia\u0142ania rz\u0105du TUSK przeciwko telewizyjnej Republika"},{"@type":"BreadcrumbList","@id":"https:\/\/www.pogotowieflagowe.pl\/aktualne\/rzad-bez-tusk-polaki-przemowily-kto-ma-najgorsza-opinie-premiera\/#breadcrumb","itemListElement":[{"@type":"ListItem","position":1,"name":"Home","item":"https:\/\/www.pogotowieflagowe.pl\/aktualne\/"},{"@type":"ListItem","position":2,"name":"Rz\u0105d bez TUSK? Polaki przem\u00f3wi\u0142y. Kto ma najgorsz\u0105 opini\u0119 premiera?"}]},{"@type":"WebSite","@id":"https:\/\/www.pogotowieflagowe.pl\/aktualne\/#website","url":"https:\/\/www.pogotowieflagowe.pl\/aktualne\/","name":"POGOTOWIE FLAGOWE\u00ae","description":"","publisher":{"@id":"https:\/\/www.pogotowieflagowe.pl\/aktualne\/#organization"},"potentialAction":[{"@type":"SearchAction","target":{"@type":"EntryPoint","urlTemplate":"https:\/\/www.pogotowieflagowe.pl\/aktualne\/?s={search_term_string}"},"query-input":"required name=search_term_string"}],"inLanguage":"pl-PL"},{"@type":"Organization","@id":"https:\/\/www.pogotowieflagowe.pl\/aktualne\/#organization","name":"POGOTOWIE FLAGOWE\u00ae","url":"https:\/\/www.pogotowieflagowe.pl\/aktualne\/","logo":{"@type":"ImageObject","inLanguage":"pl-PL","@id":"https:\/\/www.pogotowieflagowe.pl\/aktualne\/#\/schema\/logo\/image\/","url":"https:\/\/www.pogotowieflagowe.pl\/aktualne\/wp-content\/uploads\/2024\/08\/cropped-pogotowieflagowe_flaga_projekt_sm.jpg","contentUrl":"https:\/\/www.pogotowieflagowe.pl\/aktualne\/wp-content\/uploads\/2024\/08\/cropped-pogotowieflagowe_flaga_projekt_sm.jpg","width":250,"height":143,"caption":"POGOTOWIE FLAGOWE\u00ae"},"image":{"@id":"https:\/\/www.pogotowieflagowe.pl\/aktualne\/#\/schema\/logo\/image\/"}},{"@type":"Person","@id":"https:\/\/www.pogotowieflagowe.pl\/aktualne\/#\/schema\/person\/9c2fb7d2362ebf6fa088960d7f0d27b0","name":"Filip","image":{"@type":"ImageObject","inLanguage":"pl-PL","@id":"https:\/\/www.pogotowieflagowe.pl\/aktualne\/#\/schema\/person\/image\/","url":"https:\/\/www.pogotowieflagowe.pl\/aktualne\/wp-content\/uploads\/2024\/08\/pogotowieflagowe.pl_.jpg","contentUrl":"https:\/\/www.pogotowieflagowe.pl\/aktualne\/wp-content\/uploads\/2024\/08\/pogotowieflagowe.pl_.jpg","caption":"Filip"},"description":"Jestem Filip, polski dziennikarz z dyplomem nauk politycznych Uniwersytetu Warszawskiego. Rozpoczynaj\u0105c swoj\u0105 karier\u0119 w r\u00f3\u017cnych lokalnych mediach, zdoby\u0142em solidne do\u015bwiadczenie w zakresie \u015bledztwa i redakcji. Obecnie jako redaktor w Pogotowie flagowe, staram si\u0119 dostarcza\u0107 dog\u0142\u0119bne i istotne analizy na temat najwa\u017cniejszych kwestii aktualno\u015bci, \u0142\u0105cz\u0105c rygor z pasj\u0105 dziennikarsk\u0105.","sameAs":["https:\/\/www.pogotowieflagowe.pl\/"]}]}},"_links":{"self":[{"href":"https:\/\/www.pogotowieflagowe.pl\/aktualne\/wp-json\/wp\/v2\/posts\/6892","targetHints":{"allow":["GET"]}}],"collection":[{"href":"https:\/\/www.pogotowieflagowe.pl\/aktualne\/wp-json\/wp\/v2\/posts"}],"about":[{"href":"https:\/\/www.pogotowieflagowe.pl\/aktualne\/wp-json\/wp\/v2\/types\/post"}],"author":[{"embeddable":true,"href":"https:\/\/www.pogotowieflagowe.pl\/aktualne\/wp-json\/wp\/v2\/users\/1"}],"replies":[{"embeddable":true,"href":"https:\/\/www.pogotowieflagowe.pl\/aktualne\/wp-json\/wp\/v2\/comments?post=6892"}],"version-history":[{"count":1,"href":"https:\/\/www.pogotowieflagowe.pl\/aktualne\/wp-json\/wp\/v2\/posts\/6892\/revisions"}],"predecessor-version":[{"id":6893,"href":"https:\/\/www.pogotowieflagowe.pl\/aktualne\/wp-json\/wp\/v2\/posts\/6892\/revisions\/6893"}],"wp:featuredmedia":[{"embeddable":true,"href":"https:\/\/www.pogotowieflagowe.pl\/aktualne\/wp-json\/wp\/v2\/media\/6247"}],"wp:attachment":[{"href":"https:\/\/www.pogotowieflagowe.pl\/aktualne\/wp-json\/wp\/v2\/media?parent=6892"}],"wp:term":[{"taxonomy":"category","embeddable":true,"href":"https:\/\/www.pogotowieflagowe.pl\/aktualne\/wp-json\/wp\/v2\/categories?post=6892"},{"taxonomy":"post_tag","embeddable":true,"href":"https:\/\/www.pogotowieflagowe.pl\/aktualne\/wp-json\/wp\/v2\/tags?post=6892"}],"curies":[{"name":"wp","href":"https:\/\/api.w.org\/{rel}","templated":true}]}}