{"id":6901,"date":"2025-07-27T16:46:51","date_gmt":"2025-07-27T14:46:51","guid":{"rendered":"https:\/\/www.pogotowieflagowe.pl\/aktualne\/nowe-powstancze-krzyze-pojawily-sie-na-kopcu-powstrzymywania-warszawy-inicjatywa-oddolna\/"},"modified":"2025-07-27T16:46:52","modified_gmt":"2025-07-27T14:46:52","slug":"nowe-powstancze-krzyze-pojawily-sie-na-kopcu-powstrzymywania-warszawy-inicjatywa-oddolna","status":"publish","type":"post","link":"https:\/\/www.pogotowieflagowe.pl\/aktualne\/nowe-powstancze-krzyze-pojawily-sie-na-kopcu-powstrzymywania-warszawy-inicjatywa-oddolna\/","title":{"rendered":"Nowe powsta\u0144cze krzy\u017ce pojawi\u0142y si\u0119 na kopcu powstrzymywania Warszawy! Inicjatywa oddolna"},"content":{"rendered":"\n<div class=\"td_block_wrap tdb_single_content tdi_41 td-pb-border-top td_block_template_8 td-post-content tagdiv-type\" data-td-block-uid=\"tdi_41\">\n<style>.tdi_41 {margin-top: 0px! Wa\u017cne; margines-bottom: 0px! WA\u017bNY; PALDING-TOP: 0PX! WA\u017bNY; PALDING-BOTTOM: 0PX! WA\u017bNE}<\/style>\n<style>.tdb_single_content {margin-bottom: 0;*zoom: 1} .tdb_single_content: wcze\u015bniej, .tdb_single_content: po {display: Table; content: ''; line-height: 0} .TDB-BLOCK-INner>*: nie (.WP-BLOCK-QUOTE): not (.alignSwide): not (.Alignfull.wp-block-cover.has-parallax): not (.td-a-ad) {margin-left: auto; margin-right: auto} .tdb_single_ConTent a {wska\u017anik-events: auto} .tdb_single_content .td-spot-id-top_ad .tdc-placeholder-title: przed {content: \u201eArtyku\u0142 top ad\u201d! Wa\u017cne} .tdb_single_content .td-Spot-Id-inline_ad0 .tdc-placeholder-title 1 '! Wa\u017cne} .tdb_single_content .td-Spot-Id-inline_Ad1 .tdc-Placeholder-Title: przed {content: \u201eArtyku\u0142 inline AD 2'! Wa\u017cny} .tdb_single_content. 3 '! Wa\u017cne} .tdb_single_content .td-Spot-Id-Bottom_Ad .tdc-Placeholder-Title: przed {content: \u201eArtyku\u0142 Bottom Ad\u201d! Wa\u017cne} .tdb_single_content .id_top_ad, .tdb_single_content_content .id_bottom_ad {clear: oba; margin-bottom: 21px; text-align: Center} .tdb_single_content .id_top_ad img, .tdb_single_content .id_bottom_ad img {margin-bottom: 0} .tdb_single_conTent .id_top_ad .adsbyGoogle, .tdb_single_content .id_bottom_ad .adsbyGoogle {pozycja: relatyw} .tdb_single_content .id_ad_content-horiz-left, .tdb_single_content .id_ad_content-horiz-right, .tdb_single_content .id_ad_content-horiz-Center {margin-bottom: 15px} .tdb_single_content .id_ad_content-horiz-left Img, .tdb_single_content .id_ad_content-horiz-right img, .tdb_single_content .id_ad_content-horiz-centerter img {margin-bottom: 0} .tdb_single_content .id_ad_content-horiz-center {text-align: Center} .tdb_single_content .id_ad_content-horiz-center img {margin-right: auto; margin-let: auto} .tdb_single_content .id_ad_content-horiz-left {float: left; margin-top: 9px; margin-right: 21px} .tdb_single_content .id_ad_content-horiz-right {float: margin-top: 6px; margin-left: 21px} .tdb_single_content .tdc-a-a-ad .TDC-Placeholder-Title {szeroko\u015b\u0107: 300px; height: 250px} .tdb_single_content .tdc-a-ad .TDC-Placeholder-Title: Przed {Pozycja: Absolute; TOP: 50%;-WebKit-Transform: Translatey (-50%); Transform: Translatey (-50%); margines: auto; Display: Tabela; szeroko\u015b\u0107: 100%}. tdb_single_content .TDB-BLOCK-INNER.TD-FIX-INDEX {Word-Break: Break-word} .tdi_41, .tdi_41> p, .tdi_41 .tdb-block-inner> p, .Wp-Block-Column> p {font-size: 16px! Wa\u017cne; wa\u017cny; p {font-styl: normalne! Wa\u017cne} @media (Max-Width: 767px) {. tdb_single_content .id_ad_content-horiz-left, .tdb_single_content .id_ad_content-horiz-right, .tdb_single_content .id_ad_content-horiz-centter {Margin: 0 AUTO 26PXX auto}}@media (Max-Width: 767px) {. tdb_single_content .id_ad_content-horiz-left {margin-right: 0}}@media (max-width: 767px) {. (Max-Width: 767px) {. tdb_single_content .td-a-ad {float: none; text-align: Center} .tdb_single_content .td-a-ad img {margin-right: auto; margin-left: auto} .tdb_single_content .tdc-a-a-a-{margin-right: auto; margin-left: auto} .tdb_single_content .tdd<\/style>\n<div class=\"tdb-block-inner td-fix-index\">\n<p>W 2023 r., Podczas modernizacji <em>PARK AKCJA \u201eBURZA\u201d<\/em> (<em>Operacja Park Tempest<\/em>) i <em>Kopiec Powstania Warszawskiego<\/em> (Kopiec powstaje Warszawa), drewniane krzy\u017ce, kt\u00f3re zosta\u0142y tam umieszczone przez zwiadowc\u00f3w od 2005 r., Zosta\u0142y usuni\u0119te. Miasto og\u0142osi\u0142o, \u017ce krzy\u017ce nie wr\u00f3c\u0105 do kopca. Tymczasem, w ramach inicjatywy obywatelskiej, w parku pojawi\u0142y si\u0119 dziesi\u0105tki nowych powsta\u0144c\u00f3w. Czy miasto zdecyduje si\u0119 je usun\u0105\u0107?<\/p>\n<p>Nowe powsta\u0144cze krzy\u017ce zosta\u0142y umieszczone na <em>Kopiec powstaje Warszaw<\/em> W <em>Operacja Park Tempest Park<\/em> w stolicy. Jest to wynik oddolnej inicjatywy mieszka\u0144c\u00f3w <em>Mokotoch<\/em>. Wcze\u015bniej w 2023 r. Krzy\u017ce zosta\u0142y usuni\u0119te podczas rekonstrukcji parku i nigdy nie zosta\u0142y od\u0142o\u017cone.<\/p>\n<p>Inicjatywa obywatelska zosta\u0142a zg\u0142oszona do naszego portalu przez Rados\u0142awa Sosnowskiego, a <em>Prawo i sprawiedliwo\u015b\u0107<\/em> radny z <em>Mokotoch<\/em>.<\/p>\n<p>W 2004 r <em>Bartycka Street <\/em>W <em>Mokotoch<\/em> . <em>Kopiec powstaje Warszaw<\/em>. W tym samym roku, w 60. rocznic\u0119 wybuchu powstania, obszar zosta\u0142 oczyszczony i zbudowano schody prowadz\u0105ce na szczyt kopca.<\/p>\n<p>Wzd\u0142u\u017c tych schod\u00f3w nazwanych <em>\u201eW\u201d Hour Avenue<\/em>-Niez\u0142agodne drewniane krzy\u017ce powsta\u0144cze zosta\u0142y umieszczone przez zwiadowc\u00f3w. Krzy\u017ce te wcze\u015bniej sta\u0142y w r\u00f3\u017cnych lokalizacjach upami\u0119tniaj\u0105cych powstanie w ca\u0142ej Warszawie.<\/p>\n<h2 class=\"wp-block-heading\"><strong>Krzy\u017ce znikn\u0119\u0142y w 2023 roku<\/strong><\/h2>\n<p>Podczas modernizacji 2023 <em><em>Operacja Park Tempest<\/em><\/em>pod administracj\u0105 burmistrza Rafa\u0142a Trzaskowskiego, krzy\u017ce znikn\u0119\u0142y z krajobrazu kopca. . <em>Miejscowy organ zieleni<\/em> stwierdzono w tym czasie <strong>\u201eKrzy\u017ce zosta\u0142y zabezpieczone\u201d.<\/strong> <strong>\u201eUk\u0142ad schod\u00f3w zosta\u0142 zmieniony, a projekt nie obejmowa\u0142 ponownej instalacji krzy\u017cy\u201d, \u201d<\/strong> -powiedzia\u0142a Karolina KwieCie\u0144-\u0141ukaszewska, rzeczniczka <em>ZZM<\/em>w tym czasie. W\u015br\u00f3d tych, kt\u00f3rzy zaprotestowali w tej decyzji, by\u0142 Radosp\u0142aw Sosnowski.<\/p>\n<p><strong>\u201ePrzez lata sta\u0142y tam krzy\u017ce; ludzie przynie\u015bli i zapalili \u015bwiece\u201d<\/strong> powiedzia\u0142 Sosnowski. Podkre\u015bli\u0142, \u017ce w\u0142adze okr\u0119gowe regularnie zast\u0119powa\u0142y uszkodzone krzy\u017ce na przestrzeni lat. Ponadto, <em>ZZM<\/em> Dyrektor Magdalena M\u0142ochowska stwierdzi\u0142 w odpowiedzi na oficjalne dochodzenie <strong>\u201eKrzy\u017ce mia\u0142y by\u0107 tymczasowe od samego pocz\u0105tku\u201d.<\/strong><\/p>\n<h2 class=\"wp-block-heading\"><strong>Pr\u00f3ba rozebrania tradycji<\/strong><\/h2>\n<p>W styczniu 2025 r., <em>Prawo i sprawiedliwo\u015b\u0107<\/em> Politycy ujawnili, w jaki spos\u00f3b powsta\u0144cze krzy\u017ce z kopca by\u0142y przechowywane przez miasto Warszaw.<br \/><strong>\u201eKrzy\u017ce te zosta\u0142y umieszczone przez mieszka\u0144c\u00f3w Warszawy; to by\u0142 ich akt, ich potrzeba. Dlaczego krzy\u017ce s\u0105 usuwane z przestrzeni publicznej w Warszawie? Wzywamy miasto i oczekujemy, \u017ce krzy\u017ce powr\u00f3c\u0105 na ich miejsce\u201d<\/strong> Podczas konferencji prasowej powiedzia\u0142a MP PIS Anita Czerwi\u0144ska.<\/p>\n<p><strong>\u201eZnikni\u0119cie krzy\u017c\u00f3w podczas ostatniej modernizacji kopca (\u2026) jest pr\u00f3b\u0105 pozbawionego go duchowo\u015bci, tradycji i historii\u201d<\/strong> Dodano Radoz\u0142aw Sosnowski. Politycy zwr\u00f3cili uwag\u0119, \u017ce usuni\u0119cie krzy\u017c\u00f3w z kopca mia\u0142o znaczenie symboliczne, powi\u0105zane z polityk\u0105 ratusza <strong>\u201eWalka z krzy\u017cem\u201d.<\/strong> Teraz, gdy Rafa\u0142 Trzaskowski nie musi ju\u017c stwierdzi\u0107 jako konserwatyst\u00f3w, czy nowe krzy\u017ce odniesie ten sam los?<\/p>\n<figure class=\"wp-block-embed is-type-rich is-provider-twitter wp-block-embed-twitter\">\n<div class=\"wp-block-embed__wrapper\">\n<blockquote class=\"twitter-tweet\" data-width=\"550\" data-dnt=\"true\">\n<p lang=\"pl\" dir=\"ltr\">Odnale\u017ali\u015bmy Krzy\u017ce, Kture Zosto\u0142y Usuni\u0119te Z Kopca Powstania Warszawskiego!<\/p>\n<p>Kontrola Poselska Z. <a rel=\"nofollow\" href=\"https:\/\/twitter.com\/KrajewskiJarek?ref_src=twsrc%5Etfw\">@Krajewskijarek<\/a> I Radnym <a rel=\"nofollow\" href=\"https:\/\/twitter.com\/chmlynarek?ref_src=twsrc%5Etfw\">@chmlynarek<\/a> Doprowadzi\u0142a Nas do Mocznego Magazyu Zarz\u0105du Zieleni m. St. Warszawy Podleg\u0142ego Rafa\u0142owi Trzaskowskimu.<\/p>\n<p>Jutro Konf. W Sejmie o GOGZ. 9.00 <a rel=\"nofollow\" href=\"https:\/\/t.co\/1BpV3xXnGi\">pic.twitter.com\/1bpv3xxngi<\/a><\/p>\n<p>&#8211; Anita Czerwi\u0144ska \ud83c\uddf5\ud83c\uddf1\u271d\ufe0f (@A__KZERWINSKA) <a rel=\"nofollow\" href=\"https:\/\/twitter.com\/A__Czerwinska\/status\/1885011819992912347?ref_src=twsrc%5Etfw\">30 stycznia 2025 r<\/a><\/p><\/blockquote>\n<\/div>\n<\/figure>\n<\/div>\n<\/div>\n<p><script async src=\"https:\/\/platform.twitter.com\/widgets.js\" charset=\"utf-8\"><\/script><\/p>\n","protected":false},"excerpt":{"rendered":"<p>W 2023 r., Podczas modernizacji PARK AKCJA \u201eBURZA\u201d (Operacja Park Tempest) i Kopiec Powstania Warszawskiego (Kopiec powstaje Warszawa), drewniane krzy\u017ce,<\/p>\n","protected":false},"author":1,"featured_media":6902,"comment_status":"closed","ping_status":"","sticky":false,"template":"","format":"standard","meta":{"footnotes":""},"categories":[4748],"tags":[3425,8638,7074,812,8640,8247,8637,8639,150,980],"class_list":["post-6901","post","type-post","status-publish","format-standard","has-post-thumbnail","hentry","category-aktualne","tag-inicjatywa","tag-kopcu","tag-krzyze","tag-nowe","tag-oddolna","tag-pojawily","tag-powstancze","tag-powstrzymywania","tag-sie","tag-warszawy","generate-columns","tablet-grid-50","mobile-grid-100","grid-parent","grid-50","resize-featured-image"],"yoast_head":"<!-- This site is optimized with the Yoast SEO plugin v23.2 - https:\/\/yoast.com\/wordpress\/plugins\/seo\/ -->\n<title>Nowe powsta\u0144cze krzy\u017ce pojawi\u0142y si\u0119 na kopcu powstrzymywania Warszawy! Inicjatywa oddolna - POGOTOWIE FLAGOWE\u00ae<\/title>\n<meta name=\"robots\" content=\"index, follow, max-snippet:-1, max-image-preview:large, max-video-preview:-1\" \/>\n<link rel=\"canonical\" href=\"https:\/\/www.pogotowieflagowe.pl\/aktualne\/nowe-powstancze-krzyze-pojawily-sie-na-kopcu-powstrzymywania-warszawy-inicjatywa-oddolna\/\" \/>\n<meta property=\"og:locale\" content=\"pl_PL\" \/>\n<meta property=\"og:type\" content=\"article\" \/>\n<meta property=\"og:title\" content=\"Nowe powsta\u0144cze krzy\u017ce pojawi\u0142y si\u0119 na kopcu powstrzymywania Warszawy! Inicjatywa oddolna - POGOTOWIE FLAGOWE\u00ae\" \/>\n<meta property=\"og:description\" content=\"W 2023 r., Podczas modernizacji PARK AKCJA \u201eBURZA\u201d (Operacja Park Tempest) i Kopiec Powstania Warszawskiego (Kopiec powstaje Warszawa), drewniane krzy\u017ce,\" \/>\n<meta property=\"og:url\" content=\"https:\/\/www.pogotowieflagowe.pl\/aktualne\/nowe-powstancze-krzyze-pojawily-sie-na-kopcu-powstrzymywania-warszawy-inicjatywa-oddolna\/\" \/>\n<meta property=\"og:site_name\" content=\"POGOTOWIE FLAGOWE\u00ae\" \/>\n<meta property=\"article:published_time\" content=\"2025-07-27T14:46:51+00:00\" \/>\n<meta property=\"article:modified_time\" content=\"2025-07-27T14:46:52+00:00\" \/>\n<meta property=\"og:image\" content=\"https:\/\/www.pogotowieflagowe.pl\/aktualne\/wp-content\/uploads\/2025\/07\/Nowe-powstancze-krzyze-pojawily-sie-na-kopcu-powstrzymywania-Warszawy-Inicjatywa.webp.webp\" \/>\n\t<meta property=\"og:image:width\" content=\"1280\" \/>\n\t<meta property=\"og:image:height\" content=\"720\" \/>\n\t<meta property=\"og:image:type\" content=\"image\/webp\" \/>\n<meta name=\"author\" content=\"Filip\" \/>\n<meta name=\"twitter:card\" content=\"summary_large_image\" \/>\n<meta name=\"twitter:label1\" content=\"Napisane przez\" \/>\n\t<meta name=\"twitter:data1\" content=\"Filip\" \/>\n\t<meta name=\"twitter:label2\" content=\"Szacowany czas czytania\" \/>\n\t<meta name=\"twitter:data2\" content=\"3 minuty\" \/>\n<script type=\"application\/ld+json\" class=\"yoast-schema-graph\">{\"@context\":\"https:\/\/schema.org\",\"@graph\":[{\"@type\":\"Article\",\"@id\":\"https:\/\/www.pogotowieflagowe.pl\/aktualne\/nowe-powstancze-krzyze-pojawily-sie-na-kopcu-powstrzymywania-warszawy-inicjatywa-oddolna\/#article\",\"isPartOf\":{\"@id\":\"https:\/\/www.pogotowieflagowe.pl\/aktualne\/nowe-powstancze-krzyze-pojawily-sie-na-kopcu-powstrzymywania-warszawy-inicjatywa-oddolna\/\"},\"author\":{\"name\":\"Filip\",\"@id\":\"https:\/\/www.pogotowieflagowe.pl\/aktualne\/#\/schema\/person\/9c2fb7d2362ebf6fa088960d7f0d27b0\"},\"headline\":\"Nowe powsta\u0144cze krzy\u017ce pojawi\u0142y si\u0119 na kopcu powstrzymywania Warszawy! Inicjatywa oddolna\",\"datePublished\":\"2025-07-27T14:46:51+00:00\",\"dateModified\":\"2025-07-27T14:46:52+00:00\",\"mainEntityOfPage\":{\"@id\":\"https:\/\/www.pogotowieflagowe.pl\/aktualne\/nowe-powstancze-krzyze-pojawily-sie-na-kopcu-powstrzymywania-warszawy-inicjatywa-oddolna\/\"},\"wordCount\":547,\"publisher\":{\"@id\":\"https:\/\/www.pogotowieflagowe.pl\/aktualne\/#organization\"},\"image\":{\"@id\":\"https:\/\/www.pogotowieflagowe.pl\/aktualne\/nowe-powstancze-krzyze-pojawily-sie-na-kopcu-powstrzymywania-warszawy-inicjatywa-oddolna\/#primaryimage\"},\"thumbnailUrl\":\"https:\/\/www.pogotowieflagowe.pl\/aktualne\/wp-content\/uploads\/2025\/07\/Nowe-powstancze-krzyze-pojawily-sie-na-kopcu-powstrzymywania-Warszawy-Inicjatywa.webp.webp\",\"keywords\":[\"inicjatywa\",\"kopcu\",\"Krzy\u017ce\",\"Nowe\",\"oddolna\",\"pojawi\u0142y\",\"powsta\u0144cze\",\"powstrzymywania\",\"si\u0119\",\"Warszawy\"],\"articleSection\":[\"Aktualne\"],\"inLanguage\":\"pl-PL\"},{\"@type\":\"WebPage\",\"@id\":\"https:\/\/www.pogotowieflagowe.pl\/aktualne\/nowe-powstancze-krzyze-pojawily-sie-na-kopcu-powstrzymywania-warszawy-inicjatywa-oddolna\/\",\"url\":\"https:\/\/www.pogotowieflagowe.pl\/aktualne\/nowe-powstancze-krzyze-pojawily-sie-na-kopcu-powstrzymywania-warszawy-inicjatywa-oddolna\/\",\"name\":\"Nowe powsta\u0144cze krzy\u017ce pojawi\u0142y si\u0119 na kopcu powstrzymywania Warszawy! Inicjatywa oddolna - POGOTOWIE FLAGOWE\u00ae\",\"isPartOf\":{\"@id\":\"https:\/\/www.pogotowieflagowe.pl\/aktualne\/#website\"},\"primaryImageOfPage\":{\"@id\":\"https:\/\/www.pogotowieflagowe.pl\/aktualne\/nowe-powstancze-krzyze-pojawily-sie-na-kopcu-powstrzymywania-warszawy-inicjatywa-oddolna\/#primaryimage\"},\"image\":{\"@id\":\"https:\/\/www.pogotowieflagowe.pl\/aktualne\/nowe-powstancze-krzyze-pojawily-sie-na-kopcu-powstrzymywania-warszawy-inicjatywa-oddolna\/#primaryimage\"},\"thumbnailUrl\":\"https:\/\/www.pogotowieflagowe.pl\/aktualne\/wp-content\/uploads\/2025\/07\/Nowe-powstancze-krzyze-pojawily-sie-na-kopcu-powstrzymywania-Warszawy-Inicjatywa.webp.webp\",\"datePublished\":\"2025-07-27T14:46:51+00:00\",\"dateModified\":\"2025-07-27T14:46:52+00:00\",\"breadcrumb\":{\"@id\":\"https:\/\/www.pogotowieflagowe.pl\/aktualne\/nowe-powstancze-krzyze-pojawily-sie-na-kopcu-powstrzymywania-warszawy-inicjatywa-oddolna\/#breadcrumb\"},\"inLanguage\":\"pl-PL\",\"potentialAction\":[{\"@type\":\"ReadAction\",\"target\":[\"https:\/\/www.pogotowieflagowe.pl\/aktualne\/nowe-powstancze-krzyze-pojawily-sie-na-kopcu-powstrzymywania-warszawy-inicjatywa-oddolna\/\"]}]},{\"@type\":\"ImageObject\",\"inLanguage\":\"pl-PL\",\"@id\":\"https:\/\/www.pogotowieflagowe.pl\/aktualne\/nowe-powstancze-krzyze-pojawily-sie-na-kopcu-powstrzymywania-warszawy-inicjatywa-oddolna\/#primaryimage\",\"url\":\"https:\/\/www.pogotowieflagowe.pl\/aktualne\/wp-content\/uploads\/2025\/07\/Nowe-powstancze-krzyze-pojawily-sie-na-kopcu-powstrzymywania-Warszawy-Inicjatywa.webp.webp\",\"contentUrl\":\"https:\/\/www.pogotowieflagowe.pl\/aktualne\/wp-content\/uploads\/2025\/07\/Nowe-powstancze-krzyze-pojawily-sie-na-kopcu-powstrzymywania-Warszawy-Inicjatywa.webp.webp\",\"width\":1280,\"height\":720,\"caption\":\"Nowe powsta\u0144cze krzy\u017ce pojawi\u0142y si\u0119 na kopcu powstrzymywania Warszawy! Inicjatywa oddolna\"},{\"@type\":\"BreadcrumbList\",\"@id\":\"https:\/\/www.pogotowieflagowe.pl\/aktualne\/nowe-powstancze-krzyze-pojawily-sie-na-kopcu-powstrzymywania-warszawy-inicjatywa-oddolna\/#breadcrumb\",\"itemListElement\":[{\"@type\":\"ListItem\",\"position\":1,\"name\":\"Home\",\"item\":\"https:\/\/www.pogotowieflagowe.pl\/aktualne\/\"},{\"@type\":\"ListItem\",\"position\":2,\"name\":\"Nowe powsta\u0144cze krzy\u017ce pojawi\u0142y si\u0119 na kopcu powstrzymywania Warszawy! Inicjatywa oddolna\"}]},{\"@type\":\"WebSite\",\"@id\":\"https:\/\/www.pogotowieflagowe.pl\/aktualne\/#website\",\"url\":\"https:\/\/www.pogotowieflagowe.pl\/aktualne\/\",\"name\":\"POGOTOWIE FLAGOWE\u00ae\",\"description\":\"\",\"publisher\":{\"@id\":\"https:\/\/www.pogotowieflagowe.pl\/aktualne\/#organization\"},\"potentialAction\":[{\"@type\":\"SearchAction\",\"target\":{\"@type\":\"EntryPoint\",\"urlTemplate\":\"https:\/\/www.pogotowieflagowe.pl\/aktualne\/?s={search_term_string}\"},\"query-input\":\"required name=search_term_string\"}],\"inLanguage\":\"pl-PL\"},{\"@type\":\"Organization\",\"@id\":\"https:\/\/www.pogotowieflagowe.pl\/aktualne\/#organization\",\"name\":\"POGOTOWIE FLAGOWE\u00ae\",\"url\":\"https:\/\/www.pogotowieflagowe.pl\/aktualne\/\",\"logo\":{\"@type\":\"ImageObject\",\"inLanguage\":\"pl-PL\",\"@id\":\"https:\/\/www.pogotowieflagowe.pl\/aktualne\/#\/schema\/logo\/image\/\",\"url\":\"https:\/\/www.pogotowieflagowe.pl\/aktualne\/wp-content\/uploads\/2024\/08\/cropped-pogotowieflagowe_flaga_projekt_sm.jpg\",\"contentUrl\":\"https:\/\/www.pogotowieflagowe.pl\/aktualne\/wp-content\/uploads\/2024\/08\/cropped-pogotowieflagowe_flaga_projekt_sm.jpg\",\"width\":250,\"height\":143,\"caption\":\"POGOTOWIE FLAGOWE\u00ae\"},\"image\":{\"@id\":\"https:\/\/www.pogotowieflagowe.pl\/aktualne\/#\/schema\/logo\/image\/\"}},{\"@type\":\"Person\",\"@id\":\"https:\/\/www.pogotowieflagowe.pl\/aktualne\/#\/schema\/person\/9c2fb7d2362ebf6fa088960d7f0d27b0\",\"name\":\"Filip\",\"image\":{\"@type\":\"ImageObject\",\"inLanguage\":\"pl-PL\",\"@id\":\"https:\/\/www.pogotowieflagowe.pl\/aktualne\/#\/schema\/person\/image\/\",\"url\":\"https:\/\/www.pogotowieflagowe.pl\/aktualne\/wp-content\/uploads\/2024\/08\/pogotowieflagowe.pl_.jpg\",\"contentUrl\":\"https:\/\/www.pogotowieflagowe.pl\/aktualne\/wp-content\/uploads\/2024\/08\/pogotowieflagowe.pl_.jpg\",\"caption\":\"Filip\"},\"description\":\"Jestem Filip, polski dziennikarz z dyplomem nauk politycznych Uniwersytetu Warszawskiego. Rozpoczynaj\u0105c swoj\u0105 karier\u0119 w r\u00f3\u017cnych lokalnych mediach, zdoby\u0142em solidne do\u015bwiadczenie w zakresie \u015bledztwa i redakcji. Obecnie jako redaktor w Pogotowie flagowe, staram si\u0119 dostarcza\u0107 dog\u0142\u0119bne i istotne analizy na temat najwa\u017cniejszych kwestii aktualno\u015bci, \u0142\u0105cz\u0105c rygor z pasj\u0105 dziennikarsk\u0105.\",\"sameAs\":[\"https:\/\/www.pogotowieflagowe.pl\/\"]}]}<\/script>\n<!-- \/ Yoast SEO plugin. -->","yoast_head_json":{"title":"Nowe powsta\u0144cze krzy\u017ce pojawi\u0142y si\u0119 na kopcu powstrzymywania Warszawy! Inicjatywa oddolna - POGOTOWIE FLAGOWE\u00ae","robots":{"index":"index","follow":"follow","max-snippet":"max-snippet:-1","max-image-preview":"max-image-preview:large","max-video-preview":"max-video-preview:-1"},"canonical":"https:\/\/www.pogotowieflagowe.pl\/aktualne\/nowe-powstancze-krzyze-pojawily-sie-na-kopcu-powstrzymywania-warszawy-inicjatywa-oddolna\/","og_locale":"pl_PL","og_type":"article","og_title":"Nowe powsta\u0144cze krzy\u017ce pojawi\u0142y si\u0119 na kopcu powstrzymywania Warszawy! Inicjatywa oddolna - POGOTOWIE FLAGOWE\u00ae","og_description":"W 2023 r., Podczas modernizacji PARK AKCJA \u201eBURZA\u201d (Operacja Park Tempest) i Kopiec Powstania Warszawskiego (Kopiec powstaje Warszawa), drewniane krzy\u017ce,","og_url":"https:\/\/www.pogotowieflagowe.pl\/aktualne\/nowe-powstancze-krzyze-pojawily-sie-na-kopcu-powstrzymywania-warszawy-inicjatywa-oddolna\/","og_site_name":"POGOTOWIE FLAGOWE\u00ae","article_published_time":"2025-07-27T14:46:51+00:00","article_modified_time":"2025-07-27T14:46:52+00:00","og_image":[{"width":1280,"height":720,"url":"https:\/\/www.pogotowieflagowe.pl\/aktualne\/wp-content\/uploads\/2025\/07\/Nowe-powstancze-krzyze-pojawily-sie-na-kopcu-powstrzymywania-Warszawy-Inicjatywa.webp.webp","type":"image\/webp"}],"author":"Filip","twitter_card":"summary_large_image","twitter_misc":{"Napisane przez":"Filip","Szacowany czas czytania":"3 minuty"},"schema":{"@context":"https:\/\/schema.org","@graph":[{"@type":"Article","@id":"https:\/\/www.pogotowieflagowe.pl\/aktualne\/nowe-powstancze-krzyze-pojawily-sie-na-kopcu-powstrzymywania-warszawy-inicjatywa-oddolna\/#article","isPartOf":{"@id":"https:\/\/www.pogotowieflagowe.pl\/aktualne\/nowe-powstancze-krzyze-pojawily-sie-na-kopcu-powstrzymywania-warszawy-inicjatywa-oddolna\/"},"author":{"name":"Filip","@id":"https:\/\/www.pogotowieflagowe.pl\/aktualne\/#\/schema\/person\/9c2fb7d2362ebf6fa088960d7f0d27b0"},"headline":"Nowe powsta\u0144cze krzy\u017ce pojawi\u0142y si\u0119 na kopcu powstrzymywania Warszawy! Inicjatywa oddolna","datePublished":"2025-07-27T14:46:51+00:00","dateModified":"2025-07-27T14:46:52+00:00","mainEntityOfPage":{"@id":"https:\/\/www.pogotowieflagowe.pl\/aktualne\/nowe-powstancze-krzyze-pojawily-sie-na-kopcu-powstrzymywania-warszawy-inicjatywa-oddolna\/"},"wordCount":547,"publisher":{"@id":"https:\/\/www.pogotowieflagowe.pl\/aktualne\/#organization"},"image":{"@id":"https:\/\/www.pogotowieflagowe.pl\/aktualne\/nowe-powstancze-krzyze-pojawily-sie-na-kopcu-powstrzymywania-warszawy-inicjatywa-oddolna\/#primaryimage"},"thumbnailUrl":"https:\/\/www.pogotowieflagowe.pl\/aktualne\/wp-content\/uploads\/2025\/07\/Nowe-powstancze-krzyze-pojawily-sie-na-kopcu-powstrzymywania-Warszawy-Inicjatywa.webp.webp","keywords":["inicjatywa","kopcu","Krzy\u017ce","Nowe","oddolna","pojawi\u0142y","powsta\u0144cze","powstrzymywania","si\u0119","Warszawy"],"articleSection":["Aktualne"],"inLanguage":"pl-PL"},{"@type":"WebPage","@id":"https:\/\/www.pogotowieflagowe.pl\/aktualne\/nowe-powstancze-krzyze-pojawily-sie-na-kopcu-powstrzymywania-warszawy-inicjatywa-oddolna\/","url":"https:\/\/www.pogotowieflagowe.pl\/aktualne\/nowe-powstancze-krzyze-pojawily-sie-na-kopcu-powstrzymywania-warszawy-inicjatywa-oddolna\/","name":"Nowe powsta\u0144cze krzy\u017ce pojawi\u0142y si\u0119 na kopcu powstrzymywania Warszawy! Inicjatywa oddolna - POGOTOWIE FLAGOWE\u00ae","isPartOf":{"@id":"https:\/\/www.pogotowieflagowe.pl\/aktualne\/#website"},"primaryImageOfPage":{"@id":"https:\/\/www.pogotowieflagowe.pl\/aktualne\/nowe-powstancze-krzyze-pojawily-sie-na-kopcu-powstrzymywania-warszawy-inicjatywa-oddolna\/#primaryimage"},"image":{"@id":"https:\/\/www.pogotowieflagowe.pl\/aktualne\/nowe-powstancze-krzyze-pojawily-sie-na-kopcu-powstrzymywania-warszawy-inicjatywa-oddolna\/#primaryimage"},"thumbnailUrl":"https:\/\/www.pogotowieflagowe.pl\/aktualne\/wp-content\/uploads\/2025\/07\/Nowe-powstancze-krzyze-pojawily-sie-na-kopcu-powstrzymywania-Warszawy-Inicjatywa.webp.webp","datePublished":"2025-07-27T14:46:51+00:00","dateModified":"2025-07-27T14:46:52+00:00","breadcrumb":{"@id":"https:\/\/www.pogotowieflagowe.pl\/aktualne\/nowe-powstancze-krzyze-pojawily-sie-na-kopcu-powstrzymywania-warszawy-inicjatywa-oddolna\/#breadcrumb"},"inLanguage":"pl-PL","potentialAction":[{"@type":"ReadAction","target":["https:\/\/www.pogotowieflagowe.pl\/aktualne\/nowe-powstancze-krzyze-pojawily-sie-na-kopcu-powstrzymywania-warszawy-inicjatywa-oddolna\/"]}]},{"@type":"ImageObject","inLanguage":"pl-PL","@id":"https:\/\/www.pogotowieflagowe.pl\/aktualne\/nowe-powstancze-krzyze-pojawily-sie-na-kopcu-powstrzymywania-warszawy-inicjatywa-oddolna\/#primaryimage","url":"https:\/\/www.pogotowieflagowe.pl\/aktualne\/wp-content\/uploads\/2025\/07\/Nowe-powstancze-krzyze-pojawily-sie-na-kopcu-powstrzymywania-Warszawy-Inicjatywa.webp.webp","contentUrl":"https:\/\/www.pogotowieflagowe.pl\/aktualne\/wp-content\/uploads\/2025\/07\/Nowe-powstancze-krzyze-pojawily-sie-na-kopcu-powstrzymywania-Warszawy-Inicjatywa.webp.webp","width":1280,"height":720,"caption":"Nowe powsta\u0144cze krzy\u017ce pojawi\u0142y si\u0119 na kopcu powstrzymywania Warszawy! Inicjatywa oddolna"},{"@type":"BreadcrumbList","@id":"https:\/\/www.pogotowieflagowe.pl\/aktualne\/nowe-powstancze-krzyze-pojawily-sie-na-kopcu-powstrzymywania-warszawy-inicjatywa-oddolna\/#breadcrumb","itemListElement":[{"@type":"ListItem","position":1,"name":"Home","item":"https:\/\/www.pogotowieflagowe.pl\/aktualne\/"},{"@type":"ListItem","position":2,"name":"Nowe powsta\u0144cze krzy\u017ce pojawi\u0142y si\u0119 na kopcu powstrzymywania Warszawy! Inicjatywa oddolna"}]},{"@type":"WebSite","@id":"https:\/\/www.pogotowieflagowe.pl\/aktualne\/#website","url":"https:\/\/www.pogotowieflagowe.pl\/aktualne\/","name":"POGOTOWIE FLAGOWE\u00ae","description":"","publisher":{"@id":"https:\/\/www.pogotowieflagowe.pl\/aktualne\/#organization"},"potentialAction":[{"@type":"SearchAction","target":{"@type":"EntryPoint","urlTemplate":"https:\/\/www.pogotowieflagowe.pl\/aktualne\/?s={search_term_string}"},"query-input":"required name=search_term_string"}],"inLanguage":"pl-PL"},{"@type":"Organization","@id":"https:\/\/www.pogotowieflagowe.pl\/aktualne\/#organization","name":"POGOTOWIE FLAGOWE\u00ae","url":"https:\/\/www.pogotowieflagowe.pl\/aktualne\/","logo":{"@type":"ImageObject","inLanguage":"pl-PL","@id":"https:\/\/www.pogotowieflagowe.pl\/aktualne\/#\/schema\/logo\/image\/","url":"https:\/\/www.pogotowieflagowe.pl\/aktualne\/wp-content\/uploads\/2024\/08\/cropped-pogotowieflagowe_flaga_projekt_sm.jpg","contentUrl":"https:\/\/www.pogotowieflagowe.pl\/aktualne\/wp-content\/uploads\/2024\/08\/cropped-pogotowieflagowe_flaga_projekt_sm.jpg","width":250,"height":143,"caption":"POGOTOWIE FLAGOWE\u00ae"},"image":{"@id":"https:\/\/www.pogotowieflagowe.pl\/aktualne\/#\/schema\/logo\/image\/"}},{"@type":"Person","@id":"https:\/\/www.pogotowieflagowe.pl\/aktualne\/#\/schema\/person\/9c2fb7d2362ebf6fa088960d7f0d27b0","name":"Filip","image":{"@type":"ImageObject","inLanguage":"pl-PL","@id":"https:\/\/www.pogotowieflagowe.pl\/aktualne\/#\/schema\/person\/image\/","url":"https:\/\/www.pogotowieflagowe.pl\/aktualne\/wp-content\/uploads\/2024\/08\/pogotowieflagowe.pl_.jpg","contentUrl":"https:\/\/www.pogotowieflagowe.pl\/aktualne\/wp-content\/uploads\/2024\/08\/pogotowieflagowe.pl_.jpg","caption":"Filip"},"description":"Jestem Filip, polski dziennikarz z dyplomem nauk politycznych Uniwersytetu Warszawskiego. Rozpoczynaj\u0105c swoj\u0105 karier\u0119 w r\u00f3\u017cnych lokalnych mediach, zdoby\u0142em solidne do\u015bwiadczenie w zakresie \u015bledztwa i redakcji. Obecnie jako redaktor w Pogotowie flagowe, staram si\u0119 dostarcza\u0107 dog\u0142\u0119bne i istotne analizy na temat najwa\u017cniejszych kwestii aktualno\u015bci, \u0142\u0105cz\u0105c rygor z pasj\u0105 dziennikarsk\u0105.","sameAs":["https:\/\/www.pogotowieflagowe.pl\/"]}]}},"_links":{"self":[{"href":"https:\/\/www.pogotowieflagowe.pl\/aktualne\/wp-json\/wp\/v2\/posts\/6901","targetHints":{"allow":["GET"]}}],"collection":[{"href":"https:\/\/www.pogotowieflagowe.pl\/aktualne\/wp-json\/wp\/v2\/posts"}],"about":[{"href":"https:\/\/www.pogotowieflagowe.pl\/aktualne\/wp-json\/wp\/v2\/types\/post"}],"author":[{"embeddable":true,"href":"https:\/\/www.pogotowieflagowe.pl\/aktualne\/wp-json\/wp\/v2\/users\/1"}],"replies":[{"embeddable":true,"href":"https:\/\/www.pogotowieflagowe.pl\/aktualne\/wp-json\/wp\/v2\/comments?post=6901"}],"version-history":[{"count":1,"href":"https:\/\/www.pogotowieflagowe.pl\/aktualne\/wp-json\/wp\/v2\/posts\/6901\/revisions"}],"predecessor-version":[{"id":6903,"href":"https:\/\/www.pogotowieflagowe.pl\/aktualne\/wp-json\/wp\/v2\/posts\/6901\/revisions\/6903"}],"wp:featuredmedia":[{"embeddable":true,"href":"https:\/\/www.pogotowieflagowe.pl\/aktualne\/wp-json\/wp\/v2\/media\/6902"}],"wp:attachment":[{"href":"https:\/\/www.pogotowieflagowe.pl\/aktualne\/wp-json\/wp\/v2\/media?parent=6901"}],"wp:term":[{"taxonomy":"category","embeddable":true,"href":"https:\/\/www.pogotowieflagowe.pl\/aktualne\/wp-json\/wp\/v2\/categories?post=6901"},{"taxonomy":"post_tag","embeddable":true,"href":"https:\/\/www.pogotowieflagowe.pl\/aktualne\/wp-json\/wp\/v2\/tags?post=6901"}],"curies":[{"name":"wp","href":"https:\/\/api.w.org\/{rel}","templated":true}]}}