{"id":6913,"date":"2025-07-28T10:47:16","date_gmt":"2025-07-28T08:47:16","guid":{"rendered":"https:\/\/www.pogotowieflagowe.pl\/aktualne\/swirski-w-centrali-krrit-nadal-wypelniam-swoje-obowiazki-jak-poprzednio-nie-podlegam-zawieszeniu\/"},"modified":"2025-07-28T10:47:17","modified_gmt":"2025-07-28T08:47:17","slug":"swirski-w-centrali-krrit-nadal-wypelniam-swoje-obowiazki-jak-poprzednio-nie-podlegam-zawieszeniu","status":"publish","type":"post","link":"https:\/\/www.pogotowieflagowe.pl\/aktualne\/swirski-w-centrali-krrit-nadal-wypelniam-swoje-obowiazki-jak-poprzednio-nie-podlegam-zawieszeniu\/","title":{"rendered":"\u015awirski w centrali Krrit: nadal wype\u0142niam swoje obowi\u0105zki jak poprzednio. Nie podlegam zawieszeniu"},"content":{"rendered":"\n<div class=\"td_block_wrap tdb_single_content tdi_41 td-pb-border-top td_block_template_8 td-post-content tagdiv-type\" data-td-block-uid=\"tdi_41\">\n<style>.tdi_41 {margin-top: 0px! Wa\u017cne; margines-bottom: 0px! WA\u017bNY; PALDING-TOP: 0PX! WA\u017bNY; PALDING-BOTTOM: 0PX! WA\u017bNE}<\/style>\n<style>.tdb_single_content {margin-bottom: 0;*zoom: 1} .tdb_single_content: wcze\u015bniej, .tdb_single_content: po {display: Table; content: ''; line-height: 0} .TDB-BLOCK-INner>*: nie (.WP-BLOCK-QUOTE): not (.alignSwide): not (.Alignfull.wp-block-cover.has-parallax): not (.td-a-ad) {margin-left: auto; margin-right: auto} .tdb_single_ConTent a {wska\u017anik-events: auto} .tdb_single_content .td-spot-id-top_ad .tdc-placeholder-title: przed {content: \u201eArtyku\u0142 top ad\u201d! Wa\u017cne} .tdb_single_content .td-Spot-Id-inline_ad0 .tdc-placeholder-title 1 '! Wa\u017cne} .tdb_single_content .td-Spot-Id-inline_Ad1 .tdc-Placeholder-Title: przed {content: \u201eArtyku\u0142 inline AD 2'! Wa\u017cny} .tdb_single_content. 3 '! Wa\u017cne} .tdb_single_content .td-Spot-Id-Bottom_Ad .tdc-Placeholder-Title: przed {content: \u201eArtyku\u0142 Bottom Ad\u201d! Wa\u017cne} .tdb_single_content .id_top_ad, .tdb_single_content_content .id_bottom_ad {clear: oba; margin-bottom: 21px; text-align: Center} .tdb_single_content .id_top_ad img, .tdb_single_content .id_bottom_ad img {margin-bottom: 0} .tdb_single_conTent .id_top_ad .adsbyGoogle, .tdb_single_content .id_bottom_ad .adsbyGoogle {pozycja: relatyw} .tdb_single_content .id_ad_content-horiz-left, .tdb_single_content .id_ad_content-horiz-right, .tdb_single_content .id_ad_content-horiz-Center {margin-bottom: 15px} .tdb_single_content .id_ad_content-horiz-left Img, .tdb_single_content .id_ad_content-horiz-right img, .tdb_single_content .id_ad_content-horiz-centerter img {margin-bottom: 0} .tdb_single_content .id_ad_content-horiz-center {text-align: Center} .tdb_single_content .id_ad_content-horiz-center img {margin-right: auto; margin-let: auto} .tdb_single_content .id_ad_content-horiz-left {float: left; margin-top: 9px; margin-right: 21px} .tdb_single_content .id_ad_content-horiz-right {float: margin-top: 6px; margin-left: 21px} .tdb_single_content .tdc-a-a-ad .TDC-Placeholder-Title {szeroko\u015b\u0107: 300px; height: 250px} .tdb_single_content .tdc-a-ad .TDC-Placeholder-Title: Przed {Pozycja: Absolute; TOP: 50%;-WebKit-Transform: Translatey (-50%); Transform: Translatey (-50%); margines: auto; Display: Tabela; szeroko\u015b\u0107: 100%}. tdb_single_content .TDB-BLOCK-INNER.TD-FIX-INDEX {Word-Break: Break-word} .tdi_41, .tdi_41> p, .tdi_41 .tdb-block-inner> p, .Wp-Block-Column> p {font-size: 16px! Wa\u017cne; wa\u017cny; p {font-styl: normalne! Wa\u017cne} @media (Max-Width: 767px) {. tdb_single_content .id_ad_content-horiz-left, .tdb_single_content .id_ad_content-horiz-right, .tdb_single_content .id_ad_content-horiz-centter {Margin: 0 AUTO 26PXX auto}}@media (Max-Width: 767px) {. tdb_single_content .id_ad_content-horiz-left {margin-right: 0}}@media (max-width: 767px) {. (Max-Width: 767px) {. tdb_single_content .td-a-ad {float: none; text-align: Center} .tdb_single_content .td-a-ad img {margin-right: auto; margin-left: auto} .tdb_single_content .tdc-a-a-a-{margin-right: auto; margin-left: auto} .tdb_single_content .tdd<\/style>\n<div class=\"tdb-block-inner td-fix-index\">\n<p>\u201eSzanuj\u0105c prawo, a mianowicie orzeczenie Trybuna\u0142u Konstytucyjnego, kt\u00f3ry s\u0142u\u017cy jako organ nadzorczy w sprawie dzia\u0142a\u0144 SEJM i innych w\u0142adz pa\u0144stwowych, nie uznaj\u0119 prawnego przepisu, kt\u00f3re zosta\u0142o przes\u0142uchane przez trybuna\u0142. Dlatego nadal wykonywam moje obowi\u0105zki, bez przeniesienia, i nie poddaje mi si\u0119 zawieszenie (Krrit), podczas konferencji prasowej odbywaj\u0105cej si\u0119 dzi\u015b w centrali rady.<\/p>\n<p>Ostatniej nocy telewizyjna Republika poinformowa\u0142a, \u017ce \u201epolicjanci pojawili si\u0119 w centrali National Broadcasting Council\u201d. Szef Krit potwierdzi\u0142 te informacje w rozmowie z portalem Niezalezna.pl. Funkcjonariusze zadawali pytania personelu, w tym, czy \u015awirski faktycznie tam pracuje.<\/p>\n<p>Policja wyda\u0142a wczoraj o\u015bwiadczenie dotycz\u0105ce wizyty funkcjonariuszy w siedzibie Krajowej Rady Nadawania. Podkre\u015blono, \u017ce \u201epolicjanci rozmawiali wczoraj wieczorem z personelem ochrony siedziby g\u0142\u00f3wnej Krit, a rozmowa odby\u0142a si\u0119 przed budynkiem, a nie w jego pomieszczeniach\u201d.<\/p>\n<pre class=\"wp-block-preformatted\">On July 25, the Sejm, with the votes of the ruling coalition, adopted a resolution to bring Maciej \u015awirski before the State Tribunal. The motion was supported by 237 MPs, with 179 voting against it and 16 abstaining. The coalition accuses the Chairman of the National Broadcasting Council (KRRiT) of, among other things, blocking license fee funds for public media and conducting protracted licensing proceedings against private broadcasters.<\/pre>\n<p>Przeczytaj wi\u0119cej<span class=\"screen-reader-text\">: \u015awirski w centrali Krit: Nadal wype\u0142niam swoje obowi\u0105zki. Nie podlegam zawieszeniu<\/span><\/p>\n<ul class=\"wp-block-list\">\n<li>Sejm odnosi przewodnicz\u0105cego Rady nadawczej krajowej Trybuna\u0142u Stanowego, rada pot\u0119pia poruszanie si\u0119 jako motywowane politycznie<\/li>\n<li>TV Republika: Policja wchodzi do kwatery g\u0142\u00f3wnej krajowej Rady nadawczej<\/li>\n<li>TV Republika deklaruje gotowo\u015b\u0107 do wsp\u00f3\u0142prowadzenia debaty prezydenckiej z TVP, TVN i Polsat. \u015awirski: \u201eMusi to by\u0107 dozwolone\u201d<\/li>\n<li>Trybuna\u0142 konstytucyjny odpowiada na decyzj\u0119 Parlamentu w sprawie \u015awirskiego: \u201eElement konstytucyjnego zamachu stanu\u201d<\/li>\n<\/ul>\n<\/div>\n<\/div>\n","protected":false},"excerpt":{"rendered":"<p>\u201eSzanuj\u0105c prawo, a mianowicie orzeczenie Trybuna\u0142u Konstytucyjnego, kt\u00f3ry s\u0142u\u017cy jako organ nadzorczy w sprawie dzia\u0142a\u0144 SEJM i innych w\u0142adz pa\u0144stwowych,<\/p>\n","protected":false},"author":1,"featured_media":6914,"comment_status":"closed","ping_status":"","sticky":false,"template":"","format":"standard","meta":{"footnotes":""},"categories":[4748],"tags":[8648,982,6955,1987,450,8650,8652,8651,7254,2904,8649,7096],"class_list":["post-6913","post","type-post","status-publish","format-standard","has-post-thumbnail","hentry","category-aktualne","tag-centrali","tag-jak","tag-krrit","tag-nadal","tag-nie","tag-obowiazki","tag-podlegam","tag-poprzednio","tag-swirski","tag-swoje","tag-wypelniam","tag-zawieszeniu","generate-columns","tablet-grid-50","mobile-grid-100","grid-parent","grid-50","resize-featured-image"],"yoast_head":"<!-- This site is optimized with the Yoast SEO plugin v23.2 - https:\/\/yoast.com\/wordpress\/plugins\/seo\/ -->\n<title>\u015awirski w centrali Krrit: nadal wype\u0142niam swoje obowi\u0105zki jak poprzednio. Nie podlegam zawieszeniu - POGOTOWIE FLAGOWE\u00ae<\/title>\n<meta name=\"robots\" content=\"index, follow, max-snippet:-1, max-image-preview:large, max-video-preview:-1\" \/>\n<link rel=\"canonical\" href=\"https:\/\/www.pogotowieflagowe.pl\/aktualne\/swirski-w-centrali-krrit-nadal-wypelniam-swoje-obowiazki-jak-poprzednio-nie-podlegam-zawieszeniu\/\" \/>\n<meta property=\"og:locale\" content=\"pl_PL\" \/>\n<meta property=\"og:type\" content=\"article\" \/>\n<meta property=\"og:title\" content=\"\u015awirski w centrali Krrit: nadal wype\u0142niam swoje obowi\u0105zki jak poprzednio. Nie podlegam zawieszeniu - POGOTOWIE FLAGOWE\u00ae\" \/>\n<meta property=\"og:description\" content=\"\u201eSzanuj\u0105c prawo, a mianowicie orzeczenie Trybuna\u0142u Konstytucyjnego, kt\u00f3ry s\u0142u\u017cy jako organ nadzorczy w sprawie dzia\u0142a\u0144 SEJM i innych w\u0142adz pa\u0144stwowych,\" \/>\n<meta property=\"og:url\" content=\"https:\/\/www.pogotowieflagowe.pl\/aktualne\/swirski-w-centrali-krrit-nadal-wypelniam-swoje-obowiazki-jak-poprzednio-nie-podlegam-zawieszeniu\/\" \/>\n<meta property=\"og:site_name\" content=\"POGOTOWIE FLAGOWE\u00ae\" \/>\n<meta property=\"article:published_time\" content=\"2025-07-28T08:47:16+00:00\" \/>\n<meta property=\"article:modified_time\" content=\"2025-07-28T08:47:17+00:00\" \/>\n<meta property=\"og:image\" content=\"https:\/\/www.pogotowieflagowe.pl\/aktualne\/wp-content\/uploads\/2025\/07\/Swirski-w-centrali-Krrit-nadal-wypelniam-swoje-obowiazki-jak-poprzednio.webp.webp\" \/>\n\t<meta property=\"og:image:width\" content=\"1280\" \/>\n\t<meta property=\"og:image:height\" content=\"721\" \/>\n\t<meta property=\"og:image:type\" content=\"image\/webp\" \/>\n<meta name=\"author\" content=\"Filip\" \/>\n<meta name=\"twitter:card\" content=\"summary_large_image\" \/>\n<meta name=\"twitter:label1\" content=\"Napisane przez\" \/>\n\t<meta name=\"twitter:data1\" content=\"Filip\" \/>\n\t<meta name=\"twitter:label2\" content=\"Szacowany czas czytania\" \/>\n\t<meta name=\"twitter:data2\" content=\"1 minuta\" \/>\n<script type=\"application\/ld+json\" class=\"yoast-schema-graph\">{\"@context\":\"https:\/\/schema.org\",\"@graph\":[{\"@type\":\"Article\",\"@id\":\"https:\/\/www.pogotowieflagowe.pl\/aktualne\/swirski-w-centrali-krrit-nadal-wypelniam-swoje-obowiazki-jak-poprzednio-nie-podlegam-zawieszeniu\/#article\",\"isPartOf\":{\"@id\":\"https:\/\/www.pogotowieflagowe.pl\/aktualne\/swirski-w-centrali-krrit-nadal-wypelniam-swoje-obowiazki-jak-poprzednio-nie-podlegam-zawieszeniu\/\"},\"author\":{\"name\":\"Filip\",\"@id\":\"https:\/\/www.pogotowieflagowe.pl\/aktualne\/#\/schema\/person\/9c2fb7d2362ebf6fa088960d7f0d27b0\"},\"headline\":\"\u015awirski w centrali Krrit: nadal wype\u0142niam swoje obowi\u0105zki jak poprzednio. Nie podlegam zawieszeniu\",\"datePublished\":\"2025-07-28T08:47:16+00:00\",\"dateModified\":\"2025-07-28T08:47:17+00:00\",\"mainEntityOfPage\":{\"@id\":\"https:\/\/www.pogotowieflagowe.pl\/aktualne\/swirski-w-centrali-krrit-nadal-wypelniam-swoje-obowiazki-jak-poprzednio-nie-podlegam-zawieszeniu\/\"},\"wordCount\":235,\"publisher\":{\"@id\":\"https:\/\/www.pogotowieflagowe.pl\/aktualne\/#organization\"},\"image\":{\"@id\":\"https:\/\/www.pogotowieflagowe.pl\/aktualne\/swirski-w-centrali-krrit-nadal-wypelniam-swoje-obowiazki-jak-poprzednio-nie-podlegam-zawieszeniu\/#primaryimage\"},\"thumbnailUrl\":\"https:\/\/www.pogotowieflagowe.pl\/aktualne\/wp-content\/uploads\/2025\/07\/Swirski-w-centrali-Krrit-nadal-wypelniam-swoje-obowiazki-jak-poprzednio.webp.webp\",\"keywords\":[\"centrali\",\"Jak\",\"Krrit\",\"nadal\",\"Nie\",\"obowi\u0105zki\",\"podlegam\",\"poprzednio\",\"\u015awirski\",\"swoje\",\"wype\u0142niam\",\"zawieszeniu\"],\"articleSection\":[\"Aktualne\"],\"inLanguage\":\"pl-PL\"},{\"@type\":\"WebPage\",\"@id\":\"https:\/\/www.pogotowieflagowe.pl\/aktualne\/swirski-w-centrali-krrit-nadal-wypelniam-swoje-obowiazki-jak-poprzednio-nie-podlegam-zawieszeniu\/\",\"url\":\"https:\/\/www.pogotowieflagowe.pl\/aktualne\/swirski-w-centrali-krrit-nadal-wypelniam-swoje-obowiazki-jak-poprzednio-nie-podlegam-zawieszeniu\/\",\"name\":\"\u015awirski w centrali Krrit: nadal wype\u0142niam swoje obowi\u0105zki jak poprzednio. Nie podlegam zawieszeniu - POGOTOWIE FLAGOWE\u00ae\",\"isPartOf\":{\"@id\":\"https:\/\/www.pogotowieflagowe.pl\/aktualne\/#website\"},\"primaryImageOfPage\":{\"@id\":\"https:\/\/www.pogotowieflagowe.pl\/aktualne\/swirski-w-centrali-krrit-nadal-wypelniam-swoje-obowiazki-jak-poprzednio-nie-podlegam-zawieszeniu\/#primaryimage\"},\"image\":{\"@id\":\"https:\/\/www.pogotowieflagowe.pl\/aktualne\/swirski-w-centrali-krrit-nadal-wypelniam-swoje-obowiazki-jak-poprzednio-nie-podlegam-zawieszeniu\/#primaryimage\"},\"thumbnailUrl\":\"https:\/\/www.pogotowieflagowe.pl\/aktualne\/wp-content\/uploads\/2025\/07\/Swirski-w-centrali-Krrit-nadal-wypelniam-swoje-obowiazki-jak-poprzednio.webp.webp\",\"datePublished\":\"2025-07-28T08:47:16+00:00\",\"dateModified\":\"2025-07-28T08:47:17+00:00\",\"breadcrumb\":{\"@id\":\"https:\/\/www.pogotowieflagowe.pl\/aktualne\/swirski-w-centrali-krrit-nadal-wypelniam-swoje-obowiazki-jak-poprzednio-nie-podlegam-zawieszeniu\/#breadcrumb\"},\"inLanguage\":\"pl-PL\",\"potentialAction\":[{\"@type\":\"ReadAction\",\"target\":[\"https:\/\/www.pogotowieflagowe.pl\/aktualne\/swirski-w-centrali-krrit-nadal-wypelniam-swoje-obowiazki-jak-poprzednio-nie-podlegam-zawieszeniu\/\"]}]},{\"@type\":\"ImageObject\",\"inLanguage\":\"pl-PL\",\"@id\":\"https:\/\/www.pogotowieflagowe.pl\/aktualne\/swirski-w-centrali-krrit-nadal-wypelniam-swoje-obowiazki-jak-poprzednio-nie-podlegam-zawieszeniu\/#primaryimage\",\"url\":\"https:\/\/www.pogotowieflagowe.pl\/aktualne\/wp-content\/uploads\/2025\/07\/Swirski-w-centrali-Krrit-nadal-wypelniam-swoje-obowiazki-jak-poprzednio.webp.webp\",\"contentUrl\":\"https:\/\/www.pogotowieflagowe.pl\/aktualne\/wp-content\/uploads\/2025\/07\/Swirski-w-centrali-Krrit-nadal-wypelniam-swoje-obowiazki-jak-poprzednio.webp.webp\",\"width\":1280,\"height\":721,\"caption\":\"\u015awirski w centrali Krrit: nadal wype\u0142niam swoje obowi\u0105zki jak poprzednio. Nie podlegam zawieszeniu\"},{\"@type\":\"BreadcrumbList\",\"@id\":\"https:\/\/www.pogotowieflagowe.pl\/aktualne\/swirski-w-centrali-krrit-nadal-wypelniam-swoje-obowiazki-jak-poprzednio-nie-podlegam-zawieszeniu\/#breadcrumb\",\"itemListElement\":[{\"@type\":\"ListItem\",\"position\":1,\"name\":\"Home\",\"item\":\"https:\/\/www.pogotowieflagowe.pl\/aktualne\/\"},{\"@type\":\"ListItem\",\"position\":2,\"name\":\"\u015awirski w centrali Krrit: nadal wype\u0142niam swoje obowi\u0105zki jak poprzednio. Nie podlegam zawieszeniu\"}]},{\"@type\":\"WebSite\",\"@id\":\"https:\/\/www.pogotowieflagowe.pl\/aktualne\/#website\",\"url\":\"https:\/\/www.pogotowieflagowe.pl\/aktualne\/\",\"name\":\"POGOTOWIE FLAGOWE\u00ae\",\"description\":\"\",\"publisher\":{\"@id\":\"https:\/\/www.pogotowieflagowe.pl\/aktualne\/#organization\"},\"potentialAction\":[{\"@type\":\"SearchAction\",\"target\":{\"@type\":\"EntryPoint\",\"urlTemplate\":\"https:\/\/www.pogotowieflagowe.pl\/aktualne\/?s={search_term_string}\"},\"query-input\":\"required name=search_term_string\"}],\"inLanguage\":\"pl-PL\"},{\"@type\":\"Organization\",\"@id\":\"https:\/\/www.pogotowieflagowe.pl\/aktualne\/#organization\",\"name\":\"POGOTOWIE FLAGOWE\u00ae\",\"url\":\"https:\/\/www.pogotowieflagowe.pl\/aktualne\/\",\"logo\":{\"@type\":\"ImageObject\",\"inLanguage\":\"pl-PL\",\"@id\":\"https:\/\/www.pogotowieflagowe.pl\/aktualne\/#\/schema\/logo\/image\/\",\"url\":\"https:\/\/www.pogotowieflagowe.pl\/aktualne\/wp-content\/uploads\/2024\/08\/cropped-pogotowieflagowe_flaga_projekt_sm.jpg\",\"contentUrl\":\"https:\/\/www.pogotowieflagowe.pl\/aktualne\/wp-content\/uploads\/2024\/08\/cropped-pogotowieflagowe_flaga_projekt_sm.jpg\",\"width\":250,\"height\":143,\"caption\":\"POGOTOWIE FLAGOWE\u00ae\"},\"image\":{\"@id\":\"https:\/\/www.pogotowieflagowe.pl\/aktualne\/#\/schema\/logo\/image\/\"}},{\"@type\":\"Person\",\"@id\":\"https:\/\/www.pogotowieflagowe.pl\/aktualne\/#\/schema\/person\/9c2fb7d2362ebf6fa088960d7f0d27b0\",\"name\":\"Filip\",\"image\":{\"@type\":\"ImageObject\",\"inLanguage\":\"pl-PL\",\"@id\":\"https:\/\/www.pogotowieflagowe.pl\/aktualne\/#\/schema\/person\/image\/\",\"url\":\"https:\/\/www.pogotowieflagowe.pl\/aktualne\/wp-content\/uploads\/2024\/08\/pogotowieflagowe.pl_.jpg\",\"contentUrl\":\"https:\/\/www.pogotowieflagowe.pl\/aktualne\/wp-content\/uploads\/2024\/08\/pogotowieflagowe.pl_.jpg\",\"caption\":\"Filip\"},\"description\":\"Jestem Filip, polski dziennikarz z dyplomem nauk politycznych Uniwersytetu Warszawskiego. Rozpoczynaj\u0105c swoj\u0105 karier\u0119 w r\u00f3\u017cnych lokalnych mediach, zdoby\u0142em solidne do\u015bwiadczenie w zakresie \u015bledztwa i redakcji. Obecnie jako redaktor w Pogotowie flagowe, staram si\u0119 dostarcza\u0107 dog\u0142\u0119bne i istotne analizy na temat najwa\u017cniejszych kwestii aktualno\u015bci, \u0142\u0105cz\u0105c rygor z pasj\u0105 dziennikarsk\u0105.\",\"sameAs\":[\"https:\/\/www.pogotowieflagowe.pl\/\"]}]}<\/script>\n<!-- \/ Yoast SEO plugin. -->","yoast_head_json":{"title":"\u015awirski w centrali Krrit: nadal wype\u0142niam swoje obowi\u0105zki jak poprzednio. Nie podlegam zawieszeniu - POGOTOWIE FLAGOWE\u00ae","robots":{"index":"index","follow":"follow","max-snippet":"max-snippet:-1","max-image-preview":"max-image-preview:large","max-video-preview":"max-video-preview:-1"},"canonical":"https:\/\/www.pogotowieflagowe.pl\/aktualne\/swirski-w-centrali-krrit-nadal-wypelniam-swoje-obowiazki-jak-poprzednio-nie-podlegam-zawieszeniu\/","og_locale":"pl_PL","og_type":"article","og_title":"\u015awirski w centrali Krrit: nadal wype\u0142niam swoje obowi\u0105zki jak poprzednio. Nie podlegam zawieszeniu - POGOTOWIE FLAGOWE\u00ae","og_description":"\u201eSzanuj\u0105c prawo, a mianowicie orzeczenie Trybuna\u0142u Konstytucyjnego, kt\u00f3ry s\u0142u\u017cy jako organ nadzorczy w sprawie dzia\u0142a\u0144 SEJM i innych w\u0142adz pa\u0144stwowych,","og_url":"https:\/\/www.pogotowieflagowe.pl\/aktualne\/swirski-w-centrali-krrit-nadal-wypelniam-swoje-obowiazki-jak-poprzednio-nie-podlegam-zawieszeniu\/","og_site_name":"POGOTOWIE FLAGOWE\u00ae","article_published_time":"2025-07-28T08:47:16+00:00","article_modified_time":"2025-07-28T08:47:17+00:00","og_image":[{"width":1280,"height":721,"url":"https:\/\/www.pogotowieflagowe.pl\/aktualne\/wp-content\/uploads\/2025\/07\/Swirski-w-centrali-Krrit-nadal-wypelniam-swoje-obowiazki-jak-poprzednio.webp.webp","type":"image\/webp"}],"author":"Filip","twitter_card":"summary_large_image","twitter_misc":{"Napisane przez":"Filip","Szacowany czas czytania":"1 minuta"},"schema":{"@context":"https:\/\/schema.org","@graph":[{"@type":"Article","@id":"https:\/\/www.pogotowieflagowe.pl\/aktualne\/swirski-w-centrali-krrit-nadal-wypelniam-swoje-obowiazki-jak-poprzednio-nie-podlegam-zawieszeniu\/#article","isPartOf":{"@id":"https:\/\/www.pogotowieflagowe.pl\/aktualne\/swirski-w-centrali-krrit-nadal-wypelniam-swoje-obowiazki-jak-poprzednio-nie-podlegam-zawieszeniu\/"},"author":{"name":"Filip","@id":"https:\/\/www.pogotowieflagowe.pl\/aktualne\/#\/schema\/person\/9c2fb7d2362ebf6fa088960d7f0d27b0"},"headline":"\u015awirski w centrali Krrit: nadal wype\u0142niam swoje obowi\u0105zki jak poprzednio. Nie podlegam zawieszeniu","datePublished":"2025-07-28T08:47:16+00:00","dateModified":"2025-07-28T08:47:17+00:00","mainEntityOfPage":{"@id":"https:\/\/www.pogotowieflagowe.pl\/aktualne\/swirski-w-centrali-krrit-nadal-wypelniam-swoje-obowiazki-jak-poprzednio-nie-podlegam-zawieszeniu\/"},"wordCount":235,"publisher":{"@id":"https:\/\/www.pogotowieflagowe.pl\/aktualne\/#organization"},"image":{"@id":"https:\/\/www.pogotowieflagowe.pl\/aktualne\/swirski-w-centrali-krrit-nadal-wypelniam-swoje-obowiazki-jak-poprzednio-nie-podlegam-zawieszeniu\/#primaryimage"},"thumbnailUrl":"https:\/\/www.pogotowieflagowe.pl\/aktualne\/wp-content\/uploads\/2025\/07\/Swirski-w-centrali-Krrit-nadal-wypelniam-swoje-obowiazki-jak-poprzednio.webp.webp","keywords":["centrali","Jak","Krrit","nadal","Nie","obowi\u0105zki","podlegam","poprzednio","\u015awirski","swoje","wype\u0142niam","zawieszeniu"],"articleSection":["Aktualne"],"inLanguage":"pl-PL"},{"@type":"WebPage","@id":"https:\/\/www.pogotowieflagowe.pl\/aktualne\/swirski-w-centrali-krrit-nadal-wypelniam-swoje-obowiazki-jak-poprzednio-nie-podlegam-zawieszeniu\/","url":"https:\/\/www.pogotowieflagowe.pl\/aktualne\/swirski-w-centrali-krrit-nadal-wypelniam-swoje-obowiazki-jak-poprzednio-nie-podlegam-zawieszeniu\/","name":"\u015awirski w centrali Krrit: nadal wype\u0142niam swoje obowi\u0105zki jak poprzednio. Nie podlegam zawieszeniu - POGOTOWIE FLAGOWE\u00ae","isPartOf":{"@id":"https:\/\/www.pogotowieflagowe.pl\/aktualne\/#website"},"primaryImageOfPage":{"@id":"https:\/\/www.pogotowieflagowe.pl\/aktualne\/swirski-w-centrali-krrit-nadal-wypelniam-swoje-obowiazki-jak-poprzednio-nie-podlegam-zawieszeniu\/#primaryimage"},"image":{"@id":"https:\/\/www.pogotowieflagowe.pl\/aktualne\/swirski-w-centrali-krrit-nadal-wypelniam-swoje-obowiazki-jak-poprzednio-nie-podlegam-zawieszeniu\/#primaryimage"},"thumbnailUrl":"https:\/\/www.pogotowieflagowe.pl\/aktualne\/wp-content\/uploads\/2025\/07\/Swirski-w-centrali-Krrit-nadal-wypelniam-swoje-obowiazki-jak-poprzednio.webp.webp","datePublished":"2025-07-28T08:47:16+00:00","dateModified":"2025-07-28T08:47:17+00:00","breadcrumb":{"@id":"https:\/\/www.pogotowieflagowe.pl\/aktualne\/swirski-w-centrali-krrit-nadal-wypelniam-swoje-obowiazki-jak-poprzednio-nie-podlegam-zawieszeniu\/#breadcrumb"},"inLanguage":"pl-PL","potentialAction":[{"@type":"ReadAction","target":["https:\/\/www.pogotowieflagowe.pl\/aktualne\/swirski-w-centrali-krrit-nadal-wypelniam-swoje-obowiazki-jak-poprzednio-nie-podlegam-zawieszeniu\/"]}]},{"@type":"ImageObject","inLanguage":"pl-PL","@id":"https:\/\/www.pogotowieflagowe.pl\/aktualne\/swirski-w-centrali-krrit-nadal-wypelniam-swoje-obowiazki-jak-poprzednio-nie-podlegam-zawieszeniu\/#primaryimage","url":"https:\/\/www.pogotowieflagowe.pl\/aktualne\/wp-content\/uploads\/2025\/07\/Swirski-w-centrali-Krrit-nadal-wypelniam-swoje-obowiazki-jak-poprzednio.webp.webp","contentUrl":"https:\/\/www.pogotowieflagowe.pl\/aktualne\/wp-content\/uploads\/2025\/07\/Swirski-w-centrali-Krrit-nadal-wypelniam-swoje-obowiazki-jak-poprzednio.webp.webp","width":1280,"height":721,"caption":"\u015awirski w centrali Krrit: nadal wype\u0142niam swoje obowi\u0105zki jak poprzednio. Nie podlegam zawieszeniu"},{"@type":"BreadcrumbList","@id":"https:\/\/www.pogotowieflagowe.pl\/aktualne\/swirski-w-centrali-krrit-nadal-wypelniam-swoje-obowiazki-jak-poprzednio-nie-podlegam-zawieszeniu\/#breadcrumb","itemListElement":[{"@type":"ListItem","position":1,"name":"Home","item":"https:\/\/www.pogotowieflagowe.pl\/aktualne\/"},{"@type":"ListItem","position":2,"name":"\u015awirski w centrali Krrit: nadal wype\u0142niam swoje obowi\u0105zki jak poprzednio. Nie podlegam zawieszeniu"}]},{"@type":"WebSite","@id":"https:\/\/www.pogotowieflagowe.pl\/aktualne\/#website","url":"https:\/\/www.pogotowieflagowe.pl\/aktualne\/","name":"POGOTOWIE FLAGOWE\u00ae","description":"","publisher":{"@id":"https:\/\/www.pogotowieflagowe.pl\/aktualne\/#organization"},"potentialAction":[{"@type":"SearchAction","target":{"@type":"EntryPoint","urlTemplate":"https:\/\/www.pogotowieflagowe.pl\/aktualne\/?s={search_term_string}"},"query-input":"required name=search_term_string"}],"inLanguage":"pl-PL"},{"@type":"Organization","@id":"https:\/\/www.pogotowieflagowe.pl\/aktualne\/#organization","name":"POGOTOWIE FLAGOWE\u00ae","url":"https:\/\/www.pogotowieflagowe.pl\/aktualne\/","logo":{"@type":"ImageObject","inLanguage":"pl-PL","@id":"https:\/\/www.pogotowieflagowe.pl\/aktualne\/#\/schema\/logo\/image\/","url":"https:\/\/www.pogotowieflagowe.pl\/aktualne\/wp-content\/uploads\/2024\/08\/cropped-pogotowieflagowe_flaga_projekt_sm.jpg","contentUrl":"https:\/\/www.pogotowieflagowe.pl\/aktualne\/wp-content\/uploads\/2024\/08\/cropped-pogotowieflagowe_flaga_projekt_sm.jpg","width":250,"height":143,"caption":"POGOTOWIE FLAGOWE\u00ae"},"image":{"@id":"https:\/\/www.pogotowieflagowe.pl\/aktualne\/#\/schema\/logo\/image\/"}},{"@type":"Person","@id":"https:\/\/www.pogotowieflagowe.pl\/aktualne\/#\/schema\/person\/9c2fb7d2362ebf6fa088960d7f0d27b0","name":"Filip","image":{"@type":"ImageObject","inLanguage":"pl-PL","@id":"https:\/\/www.pogotowieflagowe.pl\/aktualne\/#\/schema\/person\/image\/","url":"https:\/\/www.pogotowieflagowe.pl\/aktualne\/wp-content\/uploads\/2024\/08\/pogotowieflagowe.pl_.jpg","contentUrl":"https:\/\/www.pogotowieflagowe.pl\/aktualne\/wp-content\/uploads\/2024\/08\/pogotowieflagowe.pl_.jpg","caption":"Filip"},"description":"Jestem Filip, polski dziennikarz z dyplomem nauk politycznych Uniwersytetu Warszawskiego. Rozpoczynaj\u0105c swoj\u0105 karier\u0119 w r\u00f3\u017cnych lokalnych mediach, zdoby\u0142em solidne do\u015bwiadczenie w zakresie \u015bledztwa i redakcji. Obecnie jako redaktor w Pogotowie flagowe, staram si\u0119 dostarcza\u0107 dog\u0142\u0119bne i istotne analizy na temat najwa\u017cniejszych kwestii aktualno\u015bci, \u0142\u0105cz\u0105c rygor z pasj\u0105 dziennikarsk\u0105.","sameAs":["https:\/\/www.pogotowieflagowe.pl\/"]}]}},"_links":{"self":[{"href":"https:\/\/www.pogotowieflagowe.pl\/aktualne\/wp-json\/wp\/v2\/posts\/6913","targetHints":{"allow":["GET"]}}],"collection":[{"href":"https:\/\/www.pogotowieflagowe.pl\/aktualne\/wp-json\/wp\/v2\/posts"}],"about":[{"href":"https:\/\/www.pogotowieflagowe.pl\/aktualne\/wp-json\/wp\/v2\/types\/post"}],"author":[{"embeddable":true,"href":"https:\/\/www.pogotowieflagowe.pl\/aktualne\/wp-json\/wp\/v2\/users\/1"}],"replies":[{"embeddable":true,"href":"https:\/\/www.pogotowieflagowe.pl\/aktualne\/wp-json\/wp\/v2\/comments?post=6913"}],"version-history":[{"count":1,"href":"https:\/\/www.pogotowieflagowe.pl\/aktualne\/wp-json\/wp\/v2\/posts\/6913\/revisions"}],"predecessor-version":[{"id":6915,"href":"https:\/\/www.pogotowieflagowe.pl\/aktualne\/wp-json\/wp\/v2\/posts\/6913\/revisions\/6915"}],"wp:featuredmedia":[{"embeddable":true,"href":"https:\/\/www.pogotowieflagowe.pl\/aktualne\/wp-json\/wp\/v2\/media\/6914"}],"wp:attachment":[{"href":"https:\/\/www.pogotowieflagowe.pl\/aktualne\/wp-json\/wp\/v2\/media?parent=6913"}],"wp:term":[{"taxonomy":"category","embeddable":true,"href":"https:\/\/www.pogotowieflagowe.pl\/aktualne\/wp-json\/wp\/v2\/categories?post=6913"},{"taxonomy":"post_tag","embeddable":true,"href":"https:\/\/www.pogotowieflagowe.pl\/aktualne\/wp-json\/wp\/v2\/tags?post=6913"}],"curies":[{"name":"wp","href":"https:\/\/api.w.org\/{rel}","templated":true}]}}