{"id":6925,"date":"2025-07-29T10:48:09","date_gmt":"2025-07-29T08:48:09","guid":{"rendered":"https:\/\/www.pogotowieflagowe.pl\/aktualne\/talk-zamachu-byly-prezydent-trybunalu-konstytucyjnego-mowi-ze-jego-slowa-zostaly-zle-zinterpretowane\/"},"modified":"2025-07-29T10:48:11","modified_gmt":"2025-07-29T08:48:11","slug":"talk-zamachu-byly-prezydent-trybunalu-konstytucyjnego-mowi-ze-jego-slowa-zostaly-zle-zinterpretowane","status":"publish","type":"post","link":"https:\/\/www.pogotowieflagowe.pl\/aktualne\/talk-zamachu-byly-prezydent-trybunalu-konstytucyjnego-mowi-ze-jego-slowa-zostaly-zle-zinterpretowane\/","title":{"rendered":"Talk zamachu? By\u0142y prezydent trybuna\u0142u konstytucyjnego m\u00f3wi, \u017ce jego s\u0142owa zosta\u0142y \u017ale zinterpretowane"},"content":{"rendered":"\n<div class=\"td_block_wrap tdb_single_content tdi_41 td-pb-border-top td_block_template_8 td-post-content tagdiv-type\" data-td-block-uid=\"tdi_41\">\n<style>.tdi_41 {margin-top: 0px! Wa\u017cne; margines-bottom: 0px! WA\u017bNY; PALDING-TOP: 0PX! WA\u017bNY; PALDING-BOTTOM: 0PX! WA\u017bNE}<\/style>\n<style>.tdb_single_content {margin-bottom: 0;*zoom: 1} .tdb_single_content: wcze\u015bniej, .tdb_single_content: po {display: Table; content: ''; line-height: 0} .TDB-BLOCK-INner>*: nie (.WP-BLOCK-QUOTE): not (.alignSwide): not (.Alignfull.wp-block-cover.has-parallax): not (.td-a-ad) {margin-left: auto; margin-right: auto} .tdb_single_ConTent a {wska\u017anik-events: auto} .tdb_single_content .td-spot-id-top_ad .tdc-placeholder-title: przed {content: \u201eArtyku\u0142 top ad\u201d! Wa\u017cne} .tdb_single_content .td-Spot-Id-inline_ad0 .tdc-placeholder-title 1 '! Wa\u017cne} .tdb_single_content .td-Spot-Id-inline_Ad1 .tdc-Placeholder-Title: przed {content: \u201eArtyku\u0142 inline AD 2'! Wa\u017cny} .tdb_single_content. 3 '! Wa\u017cne} .tdb_single_content .td-Spot-Id-Bottom_Ad .tdc-Placeholder-Title: przed {content: \u201eArtyku\u0142 Bottom Ad\u201d! Wa\u017cne} .tdb_single_content .id_top_ad, .tdb_single_content_content .id_bottom_ad {clear: oba; margin-bottom: 21px; text-align: Center} .tdb_single_content .id_top_ad img, .tdb_single_content .id_bottom_ad img {margin-bottom: 0} .tdb_single_conTent .id_top_ad .adsbyGoogle, .tdb_single_content .id_bottom_ad .adsbyGoogle {pozycja: relatyw} .tdb_single_content .id_ad_content-horiz-left, .tdb_single_content .id_ad_content-horiz-right, .tdb_single_content .id_ad_content-horiz-Center {margin-bottom: 15px} .tdb_single_content .id_ad_content-horiz-left Img, .tdb_single_content .id_ad_content-horiz-right img, .tdb_single_content .id_ad_content-horiz-centerter img {margin-bottom: 0} .tdb_single_content .id_ad_content-horiz-center {text-align: Center} .tdb_single_content .id_ad_content-horiz-center img {margin-right: auto; margin-let: auto} .tdb_single_content .id_ad_content-horiz-left {float: left; margin-top: 9px; margin-right: 21px} .tdb_single_content .id_ad_content-horiz-right {float: margin-top: 6px; margin-left: 21px} .tdb_single_content .tdc-a-a-ad .TDC-Placeholder-Title {szeroko\u015b\u0107: 300px; height: 250px} .tdb_single_content .tdc-a-ad .TDC-Placeholder-Title: Przed {Pozycja: Absolute; TOP: 50%;-WebKit-Transform: Translatey (-50%); Transform: Translatey (-50%); margines: auto; Display: Tabela; szeroko\u015b\u0107: 100%}. tdb_single_content .TDB-BLOCK-INNER.TD-FIX-INDEX {Word-Break: Break-word} .tdi_41, .tdi_41> p, .tdi_41 .tdb-block-inner> p, .Wp-Block-Column> p {font-size: 16px! Wa\u017cne; wa\u017cny; p {font-styl: normalne! Wa\u017cne} @media (Max-Width: 767px) {. tdb_single_content .id_ad_content-horiz-left, .tdb_single_content .id_ad_content-horiz-right, .tdb_single_content .id_ad_content-horiz-centter {Margin: 0 AUTO 26PXX auto}}@media (Max-Width: 767px) {. tdb_single_content .id_ad_content-horiz-left {margin-right: 0}}@media (max-width: 767px) {. (Max-Width: 767px) {. tdb_single_content .td-a-ad {float: none; text-align: Center} .tdb_single_content .td-a-ad img {margin-right: auto; margin-left: auto} .tdb_single_content .tdc-a-a-a-{margin-right: auto; margin-left: auto} .tdb_single_content .tdd<\/style>\n<div class=\"tdb-block-inner td-fix-index\">\n<p>\u201eNie zach\u0119ci\u0142em nikogo do zorganizowania zamachu stanu. Nie mia\u0142em \u017cadnego kontaktu z m\u00f3wc\u0105 Sejm\u201d &#8211; wyja\u015bni\u0142 profesor AndrzeJ Zoll podczas transmisji w TVN24. W wywiadzie nie by\u0142o \u017cadnych agresywnych propozycji zapobiegania przeklinaniu Karol Nawrocki. \u201eTo nie jest dla mnie komfortowa sytuacja\u201d &#8211; przyzna\u0142 ekspert prawny.<\/p>\n<p>Profesor AndrzeJ Zoll, by\u0142y prezydent Trybuna\u0142u Konstytucyjnego, przez kilka tygodni publicznie spekuluje na temat r\u00f3\u017cnych scenariuszy dotycz\u0105cych wynik\u00f3w wybor\u00f3w prezydenckich. Jeden szczeg\u00f3lny pomys\u0142, kt\u00f3ry podzieli\u0142 si\u0119 w TVN24, zyska\u0142 znaczn\u0105 uwag\u0119.<\/p>\n<figure class=\"wp-block-pullquote\">\n<blockquote>\n<p>\u201eZgromadzenie Narodowe powinno nie tylko podawa\u0107 przysi\u0119g\u0119 Karolowi Nawrockim, ale tak\u017ce potwierdzi\u0107 wa\u017cno\u015b\u0107 wybor\u00f3w\u201d <\/p>\n<p><cite>argumentowa\u0142.<\/cite><\/p><\/blockquote>\n<\/figure>\n<figure class=\"wp-block-pullquote\">\n<blockquote>\n<p>\u201eWyobra\u017cam sobie, \u017ce w ten spos\u00f3b: Zgromadzenie Narodowe, zwo\u0142ane na 6 sierpnia, powinno pozwoli\u0107 prokuratorowi generalnemu, kt\u00f3ry jest r\u00f3wnie\u017c senatorem, a zatem cz\u0142onka Zgromadzenia, na przedstawienie zarzut\u00f3w dotycz\u0105cych Izby Kontroli. Niech Zgromadzenie Narodowe podejmie decyzj\u0119 i ustali\u0107 wa\u017cno\u015b\u0107 wybor\u00f3w. (\u2026) Mo\u017cliwo\u015b\u0107 tej mo\u017cliwo\u015bci powinna by\u0107 wykorzystana tak, aby Zgromadzenie Narodowe w sprawie sprawno\u015bci wybor\u00f3w (w tych okoliczno\u015bciach, kt\u00f3re uwa\u017cam, \u017ce powinienem by\u0107 Sofa. zawieszony,&#8221;<\/p>\n<p><cite>  Zoll zaproponowa\u0142, opowiadaj\u0105c si\u0119 za interwencj\u0105 ustalon\u0105 precedensem.<\/cite><\/p><\/blockquote>\n<\/figure>\n<p>Profesor Zoll prawdopodobnie nie spodziewa\u0142 si\u0119, \u017ce jego uwagi spowoduj\u0105 burz\u0119 polityczn\u0105 lub \u017ce do ko\u0144ca miesi\u0105ca b\u0119dzie zmuszony dramatycznie wycofa\u0107 jego odwa\u017cne propozycje.<\/p>\n<p>Kiedy m\u00f3wca komentarzy Sejmu na temat mi\u0119dzy innymi prawnicy wzywaj\u0105cy go do op\u00f3\u017anienia przeklinania Karola Nawrockiego i pope\u0142nienia zamachu stanu, media szybko powi\u0105za\u0142y te uwagi z wcze\u015bniejszymi stwierdzeniami profesora Zoll. Uczony prawny wycofa\u0142 si\u0119 na TVN24, dystansuj\u0105c si\u0119 od wcze\u015bniej sugerowanych scenariuszy.<\/p>\n<figure class=\"wp-block-pullquote\">\n<blockquote>\n<p>\u201eM\u00f3wca nie mia\u0142 podstaw do powiedzenia, \u017ce go zach\u0119ci\u0142em, poniewa\u017c nikogo nie zach\u0119ca\u0142em. W moim wywiadzie TVN m\u00f3wi\u0142em o mo\u017cliwych rozwi\u0105zaniach bardzo szkodliwej sytuacji dla pa\u0144stwa polskiego, kt\u00f3re wynika\u0142y z podejrze\u0144, \u017ce liczenie g\u0142os\u00f3w po wyborach 1 czerwca zosta\u0142o wb\u0142onione i wypaczy\u0142y wyniki\u201d<\/p>\n<p><cite>  Zoll nalega\u0142 podczas poniedzia\u0142kowej edycji <em>Fakty PO FAKTACH<\/em>.<\/cite><\/p><\/blockquote>\n<\/figure>\n<p>Doda\u0142, \u017ce zamierza\u0142 pokaza\u0107 spos\u00f3b na uspokojenie sytuacji.<\/p>\n<p>\u201eNigdy nie powiedzia\u0142em, \u017ce Zgromadzenie Narodowe nie powinno by\u0107 zwo\u0142ane\u201d &#8211; doda\u0142, cho\u0107 nikt tak naprawd\u0119 nie oskar\u017cy\u0142 go o to.<\/p>\n<p>Wielokrotnie podkre\u015bli\u0142: \u201eNie zach\u0119ci\u0142em nikogo do zorganizowania zamachu stanu. Nie mia\u0142em kontaktu z m\u00f3wc\u0105 Sejm, a m\u00f3wca nie mia\u0142 podstaw, by podejrzewa\u0107 mnie, \u017ce pr\u00f3buj\u0119 wp\u0142yn\u0105\u0107 na niego w sprawie zamachu stanu\u201d.<\/p>\n<p>Profesor Zoll przem\u00f3wi\u0142 r\u00f3wnie\u017c do skargi karnej z\u0142o\u017conej przeciwko niemu do prokuratury okr\u0119gowej Warszaw <em>Prawnicy dla Polski<\/em> (Stowarzyszenie Frawnicy DLA Polski).<\/p>\n<figure class=\"wp-block-pullquote\">\n<blockquote>\n<p>\u201eJestem w bardzo trudnej sytuacji, poniewa\u017c dowiedzia\u0142em si\u0119, \u017ce stowarzyszenie polskich prawnik\u00f3w (<em>Prawnicy dla Polski<\/em>) z\u0142o\u017cy\u0142 skarg\u0119 do prokuratury, twierdz\u0105c, \u017ce pope\u0142ni\u0142em przest\u0119pstwo, przemawiaj\u0105c <em>Tak<\/em> na TVN24. To nie jest dla mnie komfortowa sytuacja \u201d <\/p>\n<p><cite>Powiedzia\u0142.<\/cite><\/p><\/blockquote>\n<\/figure>\n<figure class=\"wp-block-pullquote\">\n<blockquote>\n<p>\u201eChcia\u0142em wykorzysta\u0107 moje uwagi, aby podkre\u015bli\u0107 spos\u00f3b rozwi\u0105zania tej nienormalnej sytuacji w Polsce w konstruktywny spos\u00f3b\u201d,<\/p>\n<p><cite>  Wyja\u015bni\u0142.<\/cite><\/p><\/blockquote>\n<\/figure>\n<\/div>\n<\/div>\n","protected":false},"excerpt":{"rendered":"<p>\u201eNie zach\u0119ci\u0142em nikogo do zorganizowania zamachu stanu. Nie mia\u0142em \u017cadnego kontaktu z m\u00f3wc\u0105 Sejm\u201d &#8211; wyja\u015bni\u0142 profesor AndrzeJ Zoll podczas<\/p>\n","protected":false},"author":1,"featured_media":6926,"comment_status":"closed","ping_status":"","sticky":false,"template":"","format":"standard","meta":{"footnotes":""},"categories":[4748],"tags":[1791,257,2737,1498,341,1208,5236,2736,5288,453,8662,7022,5889],"class_list":["post-6925","post","type-post","status-publish","format-standard","has-post-thumbnail","hentry","category-aktualne","tag-byly","tag-jego","tag-konstytucyjnego","tag-mowi","tag-prezydent","tag-slowa","tag-talk","tag-trybunalu","tag-zamachu","tag-ze","tag-zinterpretowane","tag-zle","tag-zostaly","generate-columns","tablet-grid-50","mobile-grid-100","grid-parent","grid-50","resize-featured-image"],"yoast_head":"<!-- This site is optimized with the Yoast SEO plugin v23.2 - https:\/\/yoast.com\/wordpress\/plugins\/seo\/ -->\n<title>Talk zamachu? By\u0142y prezydent trybuna\u0142u konstytucyjnego m\u00f3wi, \u017ce jego s\u0142owa zosta\u0142y \u017ale zinterpretowane - POGOTOWIE FLAGOWE\u00ae<\/title>\n<meta name=\"robots\" content=\"index, follow, max-snippet:-1, max-image-preview:large, max-video-preview:-1\" \/>\n<link rel=\"canonical\" href=\"https:\/\/www.pogotowieflagowe.pl\/aktualne\/talk-zamachu-byly-prezydent-trybunalu-konstytucyjnego-mowi-ze-jego-slowa-zostaly-zle-zinterpretowane\/\" \/>\n<meta property=\"og:locale\" content=\"pl_PL\" \/>\n<meta property=\"og:type\" content=\"article\" \/>\n<meta property=\"og:title\" content=\"Talk zamachu? By\u0142y prezydent trybuna\u0142u konstytucyjnego m\u00f3wi, \u017ce jego s\u0142owa zosta\u0142y \u017ale zinterpretowane - POGOTOWIE FLAGOWE\u00ae\" \/>\n<meta property=\"og:description\" content=\"\u201eNie zach\u0119ci\u0142em nikogo do zorganizowania zamachu stanu. Nie mia\u0142em \u017cadnego kontaktu z m\u00f3wc\u0105 Sejm\u201d &#8211; wyja\u015bni\u0142 profesor AndrzeJ Zoll podczas\" \/>\n<meta property=\"og:url\" content=\"https:\/\/www.pogotowieflagowe.pl\/aktualne\/talk-zamachu-byly-prezydent-trybunalu-konstytucyjnego-mowi-ze-jego-slowa-zostaly-zle-zinterpretowane\/\" \/>\n<meta property=\"og:site_name\" content=\"POGOTOWIE FLAGOWE\u00ae\" \/>\n<meta property=\"article:published_time\" content=\"2025-07-29T08:48:09+00:00\" \/>\n<meta property=\"article:modified_time\" content=\"2025-07-29T08:48:11+00:00\" \/>\n<meta property=\"og:image\" content=\"https:\/\/www.pogotowieflagowe.pl\/aktualne\/wp-content\/uploads\/2025\/07\/Talk-zamachu-Byly-prezydent-trybunalu-konstytucyjnego-mowi-ze-jego-slowa.jpg\" \/>\n\t<meta property=\"og:image:width\" content=\"1280\" \/>\n\t<meta property=\"og:image:height\" content=\"720\" \/>\n\t<meta property=\"og:image:type\" content=\"image\/jpeg\" \/>\n<meta name=\"author\" content=\"Filip\" \/>\n<meta name=\"twitter:card\" content=\"summary_large_image\" \/>\n<meta name=\"twitter:label1\" content=\"Napisane przez\" \/>\n\t<meta name=\"twitter:data1\" content=\"Filip\" \/>\n\t<meta name=\"twitter:label2\" content=\"Szacowany czas czytania\" \/>\n\t<meta name=\"twitter:data2\" content=\"3 minuty\" \/>\n<script type=\"application\/ld+json\" class=\"yoast-schema-graph\">{\"@context\":\"https:\/\/schema.org\",\"@graph\":[{\"@type\":\"Article\",\"@id\":\"https:\/\/www.pogotowieflagowe.pl\/aktualne\/talk-zamachu-byly-prezydent-trybunalu-konstytucyjnego-mowi-ze-jego-slowa-zostaly-zle-zinterpretowane\/#article\",\"isPartOf\":{\"@id\":\"https:\/\/www.pogotowieflagowe.pl\/aktualne\/talk-zamachu-byly-prezydent-trybunalu-konstytucyjnego-mowi-ze-jego-slowa-zostaly-zle-zinterpretowane\/\"},\"author\":{\"name\":\"Filip\",\"@id\":\"https:\/\/www.pogotowieflagowe.pl\/aktualne\/#\/schema\/person\/9c2fb7d2362ebf6fa088960d7f0d27b0\"},\"headline\":\"Talk zamachu? By\u0142y prezydent trybuna\u0142u konstytucyjnego m\u00f3wi, \u017ce jego s\u0142owa zosta\u0142y \u017ale zinterpretowane\",\"datePublished\":\"2025-07-29T08:48:09+00:00\",\"dateModified\":\"2025-07-29T08:48:11+00:00\",\"mainEntityOfPage\":{\"@id\":\"https:\/\/www.pogotowieflagowe.pl\/aktualne\/talk-zamachu-byly-prezydent-trybunalu-konstytucyjnego-mowi-ze-jego-slowa-zostaly-zle-zinterpretowane\/\"},\"wordCount\":530,\"publisher\":{\"@id\":\"https:\/\/www.pogotowieflagowe.pl\/aktualne\/#organization\"},\"image\":{\"@id\":\"https:\/\/www.pogotowieflagowe.pl\/aktualne\/talk-zamachu-byly-prezydent-trybunalu-konstytucyjnego-mowi-ze-jego-slowa-zostaly-zle-zinterpretowane\/#primaryimage\"},\"thumbnailUrl\":\"https:\/\/www.pogotowieflagowe.pl\/aktualne\/wp-content\/uploads\/2025\/07\/Talk-zamachu-Byly-prezydent-trybunalu-konstytucyjnego-mowi-ze-jego-slowa.jpg\",\"keywords\":[\"By\u0142y\",\"jego\",\"Konstytucyjnego\",\"m\u00f3wi\",\"Prezydent\",\"s\u0142owa\",\"Talk\",\"Trybuna\u0142u\",\"zamachu\",\"\u017ce\",\"zinterpretowane\",\"Z\u0142e\",\"Zosta\u0142y\"],\"articleSection\":[\"Aktualne\"],\"inLanguage\":\"pl-PL\"},{\"@type\":\"WebPage\",\"@id\":\"https:\/\/www.pogotowieflagowe.pl\/aktualne\/talk-zamachu-byly-prezydent-trybunalu-konstytucyjnego-mowi-ze-jego-slowa-zostaly-zle-zinterpretowane\/\",\"url\":\"https:\/\/www.pogotowieflagowe.pl\/aktualne\/talk-zamachu-byly-prezydent-trybunalu-konstytucyjnego-mowi-ze-jego-slowa-zostaly-zle-zinterpretowane\/\",\"name\":\"Talk zamachu? By\u0142y prezydent trybuna\u0142u konstytucyjnego m\u00f3wi, \u017ce jego s\u0142owa zosta\u0142y \u017ale zinterpretowane - POGOTOWIE FLAGOWE\u00ae\",\"isPartOf\":{\"@id\":\"https:\/\/www.pogotowieflagowe.pl\/aktualne\/#website\"},\"primaryImageOfPage\":{\"@id\":\"https:\/\/www.pogotowieflagowe.pl\/aktualne\/talk-zamachu-byly-prezydent-trybunalu-konstytucyjnego-mowi-ze-jego-slowa-zostaly-zle-zinterpretowane\/#primaryimage\"},\"image\":{\"@id\":\"https:\/\/www.pogotowieflagowe.pl\/aktualne\/talk-zamachu-byly-prezydent-trybunalu-konstytucyjnego-mowi-ze-jego-slowa-zostaly-zle-zinterpretowane\/#primaryimage\"},\"thumbnailUrl\":\"https:\/\/www.pogotowieflagowe.pl\/aktualne\/wp-content\/uploads\/2025\/07\/Talk-zamachu-Byly-prezydent-trybunalu-konstytucyjnego-mowi-ze-jego-slowa.jpg\",\"datePublished\":\"2025-07-29T08:48:09+00:00\",\"dateModified\":\"2025-07-29T08:48:11+00:00\",\"breadcrumb\":{\"@id\":\"https:\/\/www.pogotowieflagowe.pl\/aktualne\/talk-zamachu-byly-prezydent-trybunalu-konstytucyjnego-mowi-ze-jego-slowa-zostaly-zle-zinterpretowane\/#breadcrumb\"},\"inLanguage\":\"pl-PL\",\"potentialAction\":[{\"@type\":\"ReadAction\",\"target\":[\"https:\/\/www.pogotowieflagowe.pl\/aktualne\/talk-zamachu-byly-prezydent-trybunalu-konstytucyjnego-mowi-ze-jego-slowa-zostaly-zle-zinterpretowane\/\"]}]},{\"@type\":\"ImageObject\",\"inLanguage\":\"pl-PL\",\"@id\":\"https:\/\/www.pogotowieflagowe.pl\/aktualne\/talk-zamachu-byly-prezydent-trybunalu-konstytucyjnego-mowi-ze-jego-slowa-zostaly-zle-zinterpretowane\/#primaryimage\",\"url\":\"https:\/\/www.pogotowieflagowe.pl\/aktualne\/wp-content\/uploads\/2025\/07\/Talk-zamachu-Byly-prezydent-trybunalu-konstytucyjnego-mowi-ze-jego-slowa.jpg\",\"contentUrl\":\"https:\/\/www.pogotowieflagowe.pl\/aktualne\/wp-content\/uploads\/2025\/07\/Talk-zamachu-Byly-prezydent-trybunalu-konstytucyjnego-mowi-ze-jego-slowa.jpg\",\"width\":1280,\"height\":720,\"caption\":\"Talk zamachu? By\u0142y prezydent trybuna\u0142u konstytucyjnego m\u00f3wi, \u017ce jego s\u0142owa zosta\u0142y \u017ale zinterpretowane\"},{\"@type\":\"BreadcrumbList\",\"@id\":\"https:\/\/www.pogotowieflagowe.pl\/aktualne\/talk-zamachu-byly-prezydent-trybunalu-konstytucyjnego-mowi-ze-jego-slowa-zostaly-zle-zinterpretowane\/#breadcrumb\",\"itemListElement\":[{\"@type\":\"ListItem\",\"position\":1,\"name\":\"Home\",\"item\":\"https:\/\/www.pogotowieflagowe.pl\/aktualne\/\"},{\"@type\":\"ListItem\",\"position\":2,\"name\":\"Talk zamachu? By\u0142y prezydent trybuna\u0142u konstytucyjnego m\u00f3wi, \u017ce jego s\u0142owa zosta\u0142y \u017ale zinterpretowane\"}]},{\"@type\":\"WebSite\",\"@id\":\"https:\/\/www.pogotowieflagowe.pl\/aktualne\/#website\",\"url\":\"https:\/\/www.pogotowieflagowe.pl\/aktualne\/\",\"name\":\"POGOTOWIE FLAGOWE\u00ae\",\"description\":\"\",\"publisher\":{\"@id\":\"https:\/\/www.pogotowieflagowe.pl\/aktualne\/#organization\"},\"potentialAction\":[{\"@type\":\"SearchAction\",\"target\":{\"@type\":\"EntryPoint\",\"urlTemplate\":\"https:\/\/www.pogotowieflagowe.pl\/aktualne\/?s={search_term_string}\"},\"query-input\":\"required name=search_term_string\"}],\"inLanguage\":\"pl-PL\"},{\"@type\":\"Organization\",\"@id\":\"https:\/\/www.pogotowieflagowe.pl\/aktualne\/#organization\",\"name\":\"POGOTOWIE FLAGOWE\u00ae\",\"url\":\"https:\/\/www.pogotowieflagowe.pl\/aktualne\/\",\"logo\":{\"@type\":\"ImageObject\",\"inLanguage\":\"pl-PL\",\"@id\":\"https:\/\/www.pogotowieflagowe.pl\/aktualne\/#\/schema\/logo\/image\/\",\"url\":\"https:\/\/www.pogotowieflagowe.pl\/aktualne\/wp-content\/uploads\/2024\/08\/cropped-pogotowieflagowe_flaga_projekt_sm.jpg\",\"contentUrl\":\"https:\/\/www.pogotowieflagowe.pl\/aktualne\/wp-content\/uploads\/2024\/08\/cropped-pogotowieflagowe_flaga_projekt_sm.jpg\",\"width\":250,\"height\":143,\"caption\":\"POGOTOWIE FLAGOWE\u00ae\"},\"image\":{\"@id\":\"https:\/\/www.pogotowieflagowe.pl\/aktualne\/#\/schema\/logo\/image\/\"}},{\"@type\":\"Person\",\"@id\":\"https:\/\/www.pogotowieflagowe.pl\/aktualne\/#\/schema\/person\/9c2fb7d2362ebf6fa088960d7f0d27b0\",\"name\":\"Filip\",\"image\":{\"@type\":\"ImageObject\",\"inLanguage\":\"pl-PL\",\"@id\":\"https:\/\/www.pogotowieflagowe.pl\/aktualne\/#\/schema\/person\/image\/\",\"url\":\"https:\/\/www.pogotowieflagowe.pl\/aktualne\/wp-content\/uploads\/2024\/08\/pogotowieflagowe.pl_.jpg\",\"contentUrl\":\"https:\/\/www.pogotowieflagowe.pl\/aktualne\/wp-content\/uploads\/2024\/08\/pogotowieflagowe.pl_.jpg\",\"caption\":\"Filip\"},\"description\":\"Jestem Filip, polski dziennikarz z dyplomem nauk politycznych Uniwersytetu Warszawskiego. Rozpoczynaj\u0105c swoj\u0105 karier\u0119 w r\u00f3\u017cnych lokalnych mediach, zdoby\u0142em solidne do\u015bwiadczenie w zakresie \u015bledztwa i redakcji. Obecnie jako redaktor w Pogotowie flagowe, staram si\u0119 dostarcza\u0107 dog\u0142\u0119bne i istotne analizy na temat najwa\u017cniejszych kwestii aktualno\u015bci, \u0142\u0105cz\u0105c rygor z pasj\u0105 dziennikarsk\u0105.\",\"sameAs\":[\"https:\/\/www.pogotowieflagowe.pl\/\"]}]}<\/script>\n<!-- \/ Yoast SEO plugin. -->","yoast_head_json":{"title":"Talk zamachu? By\u0142y prezydent trybuna\u0142u konstytucyjnego m\u00f3wi, \u017ce jego s\u0142owa zosta\u0142y \u017ale zinterpretowane - POGOTOWIE FLAGOWE\u00ae","robots":{"index":"index","follow":"follow","max-snippet":"max-snippet:-1","max-image-preview":"max-image-preview:large","max-video-preview":"max-video-preview:-1"},"canonical":"https:\/\/www.pogotowieflagowe.pl\/aktualne\/talk-zamachu-byly-prezydent-trybunalu-konstytucyjnego-mowi-ze-jego-slowa-zostaly-zle-zinterpretowane\/","og_locale":"pl_PL","og_type":"article","og_title":"Talk zamachu? By\u0142y prezydent trybuna\u0142u konstytucyjnego m\u00f3wi, \u017ce jego s\u0142owa zosta\u0142y \u017ale zinterpretowane - POGOTOWIE FLAGOWE\u00ae","og_description":"\u201eNie zach\u0119ci\u0142em nikogo do zorganizowania zamachu stanu. Nie mia\u0142em \u017cadnego kontaktu z m\u00f3wc\u0105 Sejm\u201d &#8211; wyja\u015bni\u0142 profesor AndrzeJ Zoll podczas","og_url":"https:\/\/www.pogotowieflagowe.pl\/aktualne\/talk-zamachu-byly-prezydent-trybunalu-konstytucyjnego-mowi-ze-jego-slowa-zostaly-zle-zinterpretowane\/","og_site_name":"POGOTOWIE FLAGOWE\u00ae","article_published_time":"2025-07-29T08:48:09+00:00","article_modified_time":"2025-07-29T08:48:11+00:00","og_image":[{"width":1280,"height":720,"url":"https:\/\/www.pogotowieflagowe.pl\/aktualne\/wp-content\/uploads\/2025\/07\/Talk-zamachu-Byly-prezydent-trybunalu-konstytucyjnego-mowi-ze-jego-slowa.jpg","type":"image\/jpeg"}],"author":"Filip","twitter_card":"summary_large_image","twitter_misc":{"Napisane przez":"Filip","Szacowany czas czytania":"3 minuty"},"schema":{"@context":"https:\/\/schema.org","@graph":[{"@type":"Article","@id":"https:\/\/www.pogotowieflagowe.pl\/aktualne\/talk-zamachu-byly-prezydent-trybunalu-konstytucyjnego-mowi-ze-jego-slowa-zostaly-zle-zinterpretowane\/#article","isPartOf":{"@id":"https:\/\/www.pogotowieflagowe.pl\/aktualne\/talk-zamachu-byly-prezydent-trybunalu-konstytucyjnego-mowi-ze-jego-slowa-zostaly-zle-zinterpretowane\/"},"author":{"name":"Filip","@id":"https:\/\/www.pogotowieflagowe.pl\/aktualne\/#\/schema\/person\/9c2fb7d2362ebf6fa088960d7f0d27b0"},"headline":"Talk zamachu? By\u0142y prezydent trybuna\u0142u konstytucyjnego m\u00f3wi, \u017ce jego s\u0142owa zosta\u0142y \u017ale zinterpretowane","datePublished":"2025-07-29T08:48:09+00:00","dateModified":"2025-07-29T08:48:11+00:00","mainEntityOfPage":{"@id":"https:\/\/www.pogotowieflagowe.pl\/aktualne\/talk-zamachu-byly-prezydent-trybunalu-konstytucyjnego-mowi-ze-jego-slowa-zostaly-zle-zinterpretowane\/"},"wordCount":530,"publisher":{"@id":"https:\/\/www.pogotowieflagowe.pl\/aktualne\/#organization"},"image":{"@id":"https:\/\/www.pogotowieflagowe.pl\/aktualne\/talk-zamachu-byly-prezydent-trybunalu-konstytucyjnego-mowi-ze-jego-slowa-zostaly-zle-zinterpretowane\/#primaryimage"},"thumbnailUrl":"https:\/\/www.pogotowieflagowe.pl\/aktualne\/wp-content\/uploads\/2025\/07\/Talk-zamachu-Byly-prezydent-trybunalu-konstytucyjnego-mowi-ze-jego-slowa.jpg","keywords":["By\u0142y","jego","Konstytucyjnego","m\u00f3wi","Prezydent","s\u0142owa","Talk","Trybuna\u0142u","zamachu","\u017ce","zinterpretowane","Z\u0142e","Zosta\u0142y"],"articleSection":["Aktualne"],"inLanguage":"pl-PL"},{"@type":"WebPage","@id":"https:\/\/www.pogotowieflagowe.pl\/aktualne\/talk-zamachu-byly-prezydent-trybunalu-konstytucyjnego-mowi-ze-jego-slowa-zostaly-zle-zinterpretowane\/","url":"https:\/\/www.pogotowieflagowe.pl\/aktualne\/talk-zamachu-byly-prezydent-trybunalu-konstytucyjnego-mowi-ze-jego-slowa-zostaly-zle-zinterpretowane\/","name":"Talk zamachu? By\u0142y prezydent trybuna\u0142u konstytucyjnego m\u00f3wi, \u017ce jego s\u0142owa zosta\u0142y \u017ale zinterpretowane - POGOTOWIE FLAGOWE\u00ae","isPartOf":{"@id":"https:\/\/www.pogotowieflagowe.pl\/aktualne\/#website"},"primaryImageOfPage":{"@id":"https:\/\/www.pogotowieflagowe.pl\/aktualne\/talk-zamachu-byly-prezydent-trybunalu-konstytucyjnego-mowi-ze-jego-slowa-zostaly-zle-zinterpretowane\/#primaryimage"},"image":{"@id":"https:\/\/www.pogotowieflagowe.pl\/aktualne\/talk-zamachu-byly-prezydent-trybunalu-konstytucyjnego-mowi-ze-jego-slowa-zostaly-zle-zinterpretowane\/#primaryimage"},"thumbnailUrl":"https:\/\/www.pogotowieflagowe.pl\/aktualne\/wp-content\/uploads\/2025\/07\/Talk-zamachu-Byly-prezydent-trybunalu-konstytucyjnego-mowi-ze-jego-slowa.jpg","datePublished":"2025-07-29T08:48:09+00:00","dateModified":"2025-07-29T08:48:11+00:00","breadcrumb":{"@id":"https:\/\/www.pogotowieflagowe.pl\/aktualne\/talk-zamachu-byly-prezydent-trybunalu-konstytucyjnego-mowi-ze-jego-slowa-zostaly-zle-zinterpretowane\/#breadcrumb"},"inLanguage":"pl-PL","potentialAction":[{"@type":"ReadAction","target":["https:\/\/www.pogotowieflagowe.pl\/aktualne\/talk-zamachu-byly-prezydent-trybunalu-konstytucyjnego-mowi-ze-jego-slowa-zostaly-zle-zinterpretowane\/"]}]},{"@type":"ImageObject","inLanguage":"pl-PL","@id":"https:\/\/www.pogotowieflagowe.pl\/aktualne\/talk-zamachu-byly-prezydent-trybunalu-konstytucyjnego-mowi-ze-jego-slowa-zostaly-zle-zinterpretowane\/#primaryimage","url":"https:\/\/www.pogotowieflagowe.pl\/aktualne\/wp-content\/uploads\/2025\/07\/Talk-zamachu-Byly-prezydent-trybunalu-konstytucyjnego-mowi-ze-jego-slowa.jpg","contentUrl":"https:\/\/www.pogotowieflagowe.pl\/aktualne\/wp-content\/uploads\/2025\/07\/Talk-zamachu-Byly-prezydent-trybunalu-konstytucyjnego-mowi-ze-jego-slowa.jpg","width":1280,"height":720,"caption":"Talk zamachu? By\u0142y prezydent trybuna\u0142u konstytucyjnego m\u00f3wi, \u017ce jego s\u0142owa zosta\u0142y \u017ale zinterpretowane"},{"@type":"BreadcrumbList","@id":"https:\/\/www.pogotowieflagowe.pl\/aktualne\/talk-zamachu-byly-prezydent-trybunalu-konstytucyjnego-mowi-ze-jego-slowa-zostaly-zle-zinterpretowane\/#breadcrumb","itemListElement":[{"@type":"ListItem","position":1,"name":"Home","item":"https:\/\/www.pogotowieflagowe.pl\/aktualne\/"},{"@type":"ListItem","position":2,"name":"Talk zamachu? By\u0142y prezydent trybuna\u0142u konstytucyjnego m\u00f3wi, \u017ce jego s\u0142owa zosta\u0142y \u017ale zinterpretowane"}]},{"@type":"WebSite","@id":"https:\/\/www.pogotowieflagowe.pl\/aktualne\/#website","url":"https:\/\/www.pogotowieflagowe.pl\/aktualne\/","name":"POGOTOWIE FLAGOWE\u00ae","description":"","publisher":{"@id":"https:\/\/www.pogotowieflagowe.pl\/aktualne\/#organization"},"potentialAction":[{"@type":"SearchAction","target":{"@type":"EntryPoint","urlTemplate":"https:\/\/www.pogotowieflagowe.pl\/aktualne\/?s={search_term_string}"},"query-input":"required name=search_term_string"}],"inLanguage":"pl-PL"},{"@type":"Organization","@id":"https:\/\/www.pogotowieflagowe.pl\/aktualne\/#organization","name":"POGOTOWIE FLAGOWE\u00ae","url":"https:\/\/www.pogotowieflagowe.pl\/aktualne\/","logo":{"@type":"ImageObject","inLanguage":"pl-PL","@id":"https:\/\/www.pogotowieflagowe.pl\/aktualne\/#\/schema\/logo\/image\/","url":"https:\/\/www.pogotowieflagowe.pl\/aktualne\/wp-content\/uploads\/2024\/08\/cropped-pogotowieflagowe_flaga_projekt_sm.jpg","contentUrl":"https:\/\/www.pogotowieflagowe.pl\/aktualne\/wp-content\/uploads\/2024\/08\/cropped-pogotowieflagowe_flaga_projekt_sm.jpg","width":250,"height":143,"caption":"POGOTOWIE FLAGOWE\u00ae"},"image":{"@id":"https:\/\/www.pogotowieflagowe.pl\/aktualne\/#\/schema\/logo\/image\/"}},{"@type":"Person","@id":"https:\/\/www.pogotowieflagowe.pl\/aktualne\/#\/schema\/person\/9c2fb7d2362ebf6fa088960d7f0d27b0","name":"Filip","image":{"@type":"ImageObject","inLanguage":"pl-PL","@id":"https:\/\/www.pogotowieflagowe.pl\/aktualne\/#\/schema\/person\/image\/","url":"https:\/\/www.pogotowieflagowe.pl\/aktualne\/wp-content\/uploads\/2024\/08\/pogotowieflagowe.pl_.jpg","contentUrl":"https:\/\/www.pogotowieflagowe.pl\/aktualne\/wp-content\/uploads\/2024\/08\/pogotowieflagowe.pl_.jpg","caption":"Filip"},"description":"Jestem Filip, polski dziennikarz z dyplomem nauk politycznych Uniwersytetu Warszawskiego. Rozpoczynaj\u0105c swoj\u0105 karier\u0119 w r\u00f3\u017cnych lokalnych mediach, zdoby\u0142em solidne do\u015bwiadczenie w zakresie \u015bledztwa i redakcji. Obecnie jako redaktor w Pogotowie flagowe, staram si\u0119 dostarcza\u0107 dog\u0142\u0119bne i istotne analizy na temat najwa\u017cniejszych kwestii aktualno\u015bci, \u0142\u0105cz\u0105c rygor z pasj\u0105 dziennikarsk\u0105.","sameAs":["https:\/\/www.pogotowieflagowe.pl\/"]}]}},"_links":{"self":[{"href":"https:\/\/www.pogotowieflagowe.pl\/aktualne\/wp-json\/wp\/v2\/posts\/6925","targetHints":{"allow":["GET"]}}],"collection":[{"href":"https:\/\/www.pogotowieflagowe.pl\/aktualne\/wp-json\/wp\/v2\/posts"}],"about":[{"href":"https:\/\/www.pogotowieflagowe.pl\/aktualne\/wp-json\/wp\/v2\/types\/post"}],"author":[{"embeddable":true,"href":"https:\/\/www.pogotowieflagowe.pl\/aktualne\/wp-json\/wp\/v2\/users\/1"}],"replies":[{"embeddable":true,"href":"https:\/\/www.pogotowieflagowe.pl\/aktualne\/wp-json\/wp\/v2\/comments?post=6925"}],"version-history":[{"count":1,"href":"https:\/\/www.pogotowieflagowe.pl\/aktualne\/wp-json\/wp\/v2\/posts\/6925\/revisions"}],"predecessor-version":[{"id":6927,"href":"https:\/\/www.pogotowieflagowe.pl\/aktualne\/wp-json\/wp\/v2\/posts\/6925\/revisions\/6927"}],"wp:featuredmedia":[{"embeddable":true,"href":"https:\/\/www.pogotowieflagowe.pl\/aktualne\/wp-json\/wp\/v2\/media\/6926"}],"wp:attachment":[{"href":"https:\/\/www.pogotowieflagowe.pl\/aktualne\/wp-json\/wp\/v2\/media?parent=6925"}],"wp:term":[{"taxonomy":"category","embeddable":true,"href":"https:\/\/www.pogotowieflagowe.pl\/aktualne\/wp-json\/wp\/v2\/categories?post=6925"},{"taxonomy":"post_tag","embeddable":true,"href":"https:\/\/www.pogotowieflagowe.pl\/aktualne\/wp-json\/wp\/v2\/tags?post=6925"}],"curies":[{"name":"wp","href":"https:\/\/api.w.org\/{rel}","templated":true}]}}