{"id":693,"date":"2024-09-13T18:51:39","date_gmt":"2024-09-13T16:51:39","guid":{"rendered":"https:\/\/www.pogotowieflagowe.pl\/aktualne\/niemcy-odsylaja-migrantow-do-polski-w-obliczu-nowych-kontroli-granicznych\/"},"modified":"2024-09-13T18:51:43","modified_gmt":"2024-09-13T16:51:43","slug":"niemcy-odsylaja-migrantow-do-polski-w-obliczu-nowych-kontroli-granicznych","status":"publish","type":"post","link":"https:\/\/www.pogotowieflagowe.pl\/aktualne\/niemcy-odsylaja-migrantow-do-polski-w-obliczu-nowych-kontroli-granicznych\/","title":{"rendered":"Niemcy odsy\u0142aj\u0105 migrant\u00f3w do Polski w obliczu nowych kontroli granicznych"},"content":{"rendered":"\n<div class=\"td_block_wrap tdb_single_content tdi_48 td-pb-border-top td_block_template_8 td-post-content tagdiv-type\" data-td-block-uid=\"tdi_48\">\n<style>.tdi_48{margines g\u00f3rny:0px!wa\u017cne;margines dolny:0px!wa\u017cne;wype\u0142nienie g\u00f3rne:0px!wa\u017cne;wype\u0142nienie dolne:0px!wa\u017cne}<\/style>\n<style>.tdb_single_content{margines-dolny:0;*powi\u0119kszenie:1}.tdb_single_content:before,.tdb_single_content:after{wy\u015bwietlanie:tabela;zawarto\u015b\u0107:'';wysoko\u015b\u0107-linii:0}.tdb_single_content:after{wyczy\u015b\u0107:oba}.tdb_single_content .tdb-block-inner>*:not(.wp-block-quote):not(.alignwide):not(.alignfull.wp-block-cover.has-parallax):not(.td-a-ad){margines-lewy:auto;margines-prawy:auto}.tdb_single_content a{zdarzenia-wska\u017anika:auto}.tdb_single_content .td-spot-id-top_ad .tdc-placeholder-title:before{zawarto\u015b\u0107:'Pocz\u0105tek artyku\u0142u Reklama'!important}.tdb_single_content .td-spot-id-inline_ad0 .tdc-placeholder-title:before{content:'Reklama inline artyku\u0142u 1'!important}.tdb_single_content .td-spot-id-inline_ad1 .tdc-placeholder-title:before{content:'Reklama inline artyku\u0142u 2'!important}.tdb_single_content .td-spot-id-inline_ad2 .tdc-placeholder-title:before{content:'Reklama inline artyku\u0142u 3'!important}.tdb_single_content .td-spot-id-bottom_ad .tdc-placeholder-title:before{content:'Reklama dolna artyku\u0142u'!important}.tdb_single_content .id_top_ad,.tdb_single_content .id_bottom_ad{clear:both;margines-dolny:21px;wyr\u00f3wnanie-tekstu:\u015brodek}.tdb_single_content .id_top_ad img,.tdb_single_content .id_bottom_ad img{margines-dolny:0}.tdb_single_content .id_top_ad .adsbygoogle,.tdb_single_content .id_bottom_ad .adsbygoogle{pozycja:wzgl\u0119dna}.tdb_single_content .id_ad_content-poziom-lewy,.tdb_single_content .id_ad_content-poziom-prawy,.tdb_single_content .id_ad_content-horiz-center{margines dolny:15px}.tdb_single_content .id_ad_content-horiz-lewy img,.tdb_single_content .id_ad_content-horiz-prawy img,.tdb_single_content .id_ad_content-horiz-center img{margines dolny:0}.tdb_single_content .id_ad_content-horiz-center{wyr\u00f3wnanie tekstu:\u015brodek}.tdb_single_content .id_ad_content-horiz-center img{margines prawy:auto;margines lewy:auto}.tdb_single_content .id_ad_content-horiz-left{float:lewy;margines g\u00f3rny:9px;margines prawy:21px}.tdb_single_content .id_ad_content-horiz-right{float:right;margines-g\u00f3rny:6px;margines-lewy:21px}.tdb_single_content .tdc-a-ad .tdc-placeholder-title{szeroko\u015b\u0107:300px;wysoko\u015b\u0107:250px}.tdb_single_content .tdc-a-ad .tdc-placeholder-title:before{pozycja:absolutna;g\u00f3ra:50%;-webkit-transform:translateY(-50%);przekszta\u0142cenie:translateY(-50%);margines:auto;wy\u015bwietlanie:tabela;szeroko\u015b\u0107:100%}.tdb_single_content .tdb-block-inner.td-fix-index{word-break:break-word}.tdi_48,.tdi_48>p,.tdi_48 .tdb-block-inner>p{rozmiar-czcionki:16px!wa\u017cne;wysoko\u015b\u0107-linii:1.6!wa\u017cne}.tdi_48 .tdb-block-inner cytat p{styl-czcionki:normalny!wa\u017cne}@media (maks. szeroko\u015b\u0107:767px){.tdb_single_content .id_ad_content-poziom-lewo,.tdb_single_content .id_ad_content-poziom-prawo,.tdb_single_content .id_ad_content-poziom-\u015brodek{margines:0 auto 26px auto}}@media (maks. szeroko\u015b\u0107:767px){.tdb_single_content .id_ad_content-poziom-lewo{margines-prawy:0}}@media (maks. szeroko\u015b\u0107:767px){.tdb_single_content .id_ad_content-horiz-right{margines-lewy:0}}@media (maks. szeroko\u015b\u0107:767px){.tdb_single_content .td-a-ad{float:none;wyr\u00f3wnanie tekstu:center}.tdb_single_content .td-a-ad img{margines-prawy:auto;margines-lewy:auto}.tdb_single_content .tdc-a-ad{float:none}}<\/style>\n<div class=\"tdb-block-inner td-fix-index\">\n<h2 class=\"wp-block-heading\">Niemcy zaostrzaj\u0105 kontrole graniczne, wysy\u0142aj\u0105c do Polski wi\u0119cej migrant\u00f3w, co budzi obawy zar\u00f3wno w kontek\u015bcie migracji, jak i dzia\u0142alno\u015bci transgranicznej.<\/h2>\n<hr class=\"wp-block-separator has-alpha-channel-opacity\">\n<p><strong>Rosn\u0105ca liczba migrant\u00f3w powracaj\u0105cych do Polski<\/strong><\/p>\n<p>Wed\u0142ug raportu Niemieckich w\u0142adz od pa\u017adziernika 2023 r. oko\u0142o 4600 migrant\u00f3w zosta\u0142o odes\u0142anych do Polski <em>Obraz<\/em>Oczekuje si\u0119, \u017ce liczba ta wzro\u015bnie, poniewa\u017c Niemcy zaostrz\u0105 kontrole graniczne od 16 wrze\u015bnia 2024 r.<\/p>\n<p><strong>Wp\u0142yw na Polsk\u0119 i migrant\u00f3w<\/strong><\/p>\n<p>Polska mo\u017ce odnotowa\u0107 wzrost liczby migrant\u00f3w, mimo \u017ce nie jest \u017ar\u00f3d\u0142em przep\u0142ywu migracyjnego. Marcin Przydacz, by\u0142y wiceminister spraw zagranicznych Polski, ostrzeg\u0142, \u017ce dzia\u0142ania Niemiec mog\u0105 sprawi\u0107, \u017ce Polska b\u0119dzie musia\u0142a radzi\u0107 sobie z wi\u0119ksz\u0105 liczb\u0105 migrant\u00f3w z r\u00f3\u017cnych kierunk\u00f3w, co jeszcze bardziej skomplikuje sytuacj\u0119.<\/p>\n<p><strong>Obawy polskich przedsi\u0119biorstw<\/strong><\/p>\n<p>Polscy przedsi\u0119biorcy, szczeg\u00f3lnie w pobli\u017cu granicy z Niemcami, s\u0105 zaniepokojeni negatywnym wp\u0142ywem na biznes. Hanna Mojsiuk, prezes P\u00f3\u0142nocnej Izby Gospodarczej, wyrazi\u0142a rozczarowanie ograniczeniami, stwierdzaj\u0105c, \u017ce wsp\u00f3\u0142praca transgraniczna, niegdy\u015b mocna strona regionu, zosta\u0142a os\u0142abiona. Region, kt\u00f3ry najpierw ucierpia\u0142 z powodu pandemii, teraz stoi przed kolejnymi wyzwaniami z powodu sta\u0142ych kontroli granicznych.<\/p>\n<\/div>\n<\/div>\n","protected":false},"excerpt":{"rendered":"<p>Niemcy zaostrzaj\u0105 kontrole graniczne, wysy\u0142aj\u0105c do Polski wi\u0119cej migrant\u00f3w, co budzi obawy zar\u00f3wno w kontek\u015bcie migracji, jak i dzia\u0142alno\u015bci transgranicznej.<\/p>\n","protected":false},"author":1,"featured_media":694,"comment_status":"closed","ping_status":"","sticky":false,"template":"","format":"standard","meta":{"footnotes":""},"categories":[44],"tags":[1186,1127,1185,30,789,185,1184,72],"class_list":["post-693","post","type-post","status-publish","format-standard","has-post-thumbnail","hentry","category-polityka","tag-granicznych","tag-kontroli","tag-migrantow","tag-niemcy","tag-nowych","tag-obliczu","tag-odsylaja","tag-polski","generate-columns","tablet-grid-50","mobile-grid-100","grid-parent","grid-50","resize-featured-image"],"yoast_head":"<!-- This site is optimized with the Yoast SEO plugin v23.2 - https:\/\/yoast.com\/wordpress\/plugins\/seo\/ -->\n<title>Niemcy odsy\u0142aj\u0105 migrant\u00f3w do Polski w obliczu nowych kontroli granicznych - POGOTOWIE FLAGOWE\u00ae<\/title>\n<meta name=\"robots\" content=\"index, follow, max-snippet:-1, max-image-preview:large, max-video-preview:-1\" \/>\n<link rel=\"canonical\" href=\"https:\/\/www.pogotowieflagowe.pl\/aktualne\/niemcy-odsylaja-migrantow-do-polski-w-obliczu-nowych-kontroli-granicznych\/\" \/>\n<meta property=\"og:locale\" content=\"pl_PL\" \/>\n<meta property=\"og:type\" content=\"article\" \/>\n<meta property=\"og:title\" content=\"Niemcy odsy\u0142aj\u0105 migrant\u00f3w do Polski w obliczu nowych kontroli granicznych - POGOTOWIE FLAGOWE\u00ae\" \/>\n<meta property=\"og:description\" content=\"Niemcy zaostrzaj\u0105 kontrole graniczne, wysy\u0142aj\u0105c do Polski wi\u0119cej migrant\u00f3w, co budzi obawy zar\u00f3wno w kontek\u015bcie migracji, jak i dzia\u0142alno\u015bci transgranicznej.\" \/>\n<meta property=\"og:url\" content=\"https:\/\/www.pogotowieflagowe.pl\/aktualne\/niemcy-odsylaja-migrantow-do-polski-w-obliczu-nowych-kontroli-granicznych\/\" \/>\n<meta property=\"og:site_name\" content=\"POGOTOWIE FLAGOWE\u00ae\" \/>\n<meta property=\"article:published_time\" content=\"2024-09-13T16:51:39+00:00\" \/>\n<meta property=\"article:modified_time\" content=\"2024-09-13T16:51:43+00:00\" \/>\n<meta property=\"og:image\" content=\"https:\/\/www.pogotowieflagowe.pl\/aktualne\/wp-content\/uploads\/2024\/09\/Niemcy-odsylaja-migrantow-do-Polski-w-obliczu-nowych-kontroli-granicznych.jpeg\" \/>\n\t<meta property=\"og:image:width\" content=\"1920\" \/>\n\t<meta property=\"og:image:height\" content=\"1440\" \/>\n\t<meta property=\"og:image:type\" content=\"image\/jpeg\" \/>\n<meta name=\"author\" content=\"Filip\" \/>\n<meta name=\"twitter:card\" content=\"summary_large_image\" \/>\n<meta name=\"twitter:label1\" content=\"Napisane przez\" \/>\n\t<meta name=\"twitter:data1\" content=\"Filip\" \/>\n\t<meta name=\"twitter:label2\" content=\"Szacowany czas czytania\" \/>\n\t<meta name=\"twitter:data2\" content=\"1 minuta\" \/>\n<script type=\"application\/ld+json\" class=\"yoast-schema-graph\">{\"@context\":\"https:\/\/schema.org\",\"@graph\":[{\"@type\":\"Article\",\"@id\":\"https:\/\/www.pogotowieflagowe.pl\/aktualne\/niemcy-odsylaja-migrantow-do-polski-w-obliczu-nowych-kontroli-granicznych\/#article\",\"isPartOf\":{\"@id\":\"https:\/\/www.pogotowieflagowe.pl\/aktualne\/niemcy-odsylaja-migrantow-do-polski-w-obliczu-nowych-kontroli-granicznych\/\"},\"author\":{\"name\":\"Filip\",\"@id\":\"https:\/\/www.pogotowieflagowe.pl\/aktualne\/#\/schema\/person\/9c2fb7d2362ebf6fa088960d7f0d27b0\"},\"headline\":\"Niemcy odsy\u0142aj\u0105 migrant\u00f3w do Polski w obliczu nowych kontroli granicznych\",\"datePublished\":\"2024-09-13T16:51:39+00:00\",\"dateModified\":\"2024-09-13T16:51:43+00:00\",\"mainEntityOfPage\":{\"@id\":\"https:\/\/www.pogotowieflagowe.pl\/aktualne\/niemcy-odsylaja-migrantow-do-polski-w-obliczu-nowych-kontroli-granicznych\/\"},\"wordCount\":215,\"publisher\":{\"@id\":\"https:\/\/www.pogotowieflagowe.pl\/aktualne\/#organization\"},\"image\":{\"@id\":\"https:\/\/www.pogotowieflagowe.pl\/aktualne\/niemcy-odsylaja-migrantow-do-polski-w-obliczu-nowych-kontroli-granicznych\/#primaryimage\"},\"thumbnailUrl\":\"https:\/\/www.pogotowieflagowe.pl\/aktualne\/wp-content\/uploads\/2024\/09\/Niemcy-odsylaja-migrantow-do-Polski-w-obliczu-nowych-kontroli-granicznych.jpeg\",\"keywords\":[\"granicznych\",\"kontroli\",\"migrant\u00f3w\",\"Niemcy\",\"nowych\",\"obliczu\",\"odsy\u0142aj\u0105\",\"polski\"],\"articleSection\":[\"Polityka\"],\"inLanguage\":\"pl-PL\"},{\"@type\":\"WebPage\",\"@id\":\"https:\/\/www.pogotowieflagowe.pl\/aktualne\/niemcy-odsylaja-migrantow-do-polski-w-obliczu-nowych-kontroli-granicznych\/\",\"url\":\"https:\/\/www.pogotowieflagowe.pl\/aktualne\/niemcy-odsylaja-migrantow-do-polski-w-obliczu-nowych-kontroli-granicznych\/\",\"name\":\"Niemcy odsy\u0142aj\u0105 migrant\u00f3w do Polski w obliczu nowych kontroli granicznych - POGOTOWIE FLAGOWE\u00ae\",\"isPartOf\":{\"@id\":\"https:\/\/www.pogotowieflagowe.pl\/aktualne\/#website\"},\"primaryImageOfPage\":{\"@id\":\"https:\/\/www.pogotowieflagowe.pl\/aktualne\/niemcy-odsylaja-migrantow-do-polski-w-obliczu-nowych-kontroli-granicznych\/#primaryimage\"},\"image\":{\"@id\":\"https:\/\/www.pogotowieflagowe.pl\/aktualne\/niemcy-odsylaja-migrantow-do-polski-w-obliczu-nowych-kontroli-granicznych\/#primaryimage\"},\"thumbnailUrl\":\"https:\/\/www.pogotowieflagowe.pl\/aktualne\/wp-content\/uploads\/2024\/09\/Niemcy-odsylaja-migrantow-do-Polski-w-obliczu-nowych-kontroli-granicznych.jpeg\",\"datePublished\":\"2024-09-13T16:51:39+00:00\",\"dateModified\":\"2024-09-13T16:51:43+00:00\",\"breadcrumb\":{\"@id\":\"https:\/\/www.pogotowieflagowe.pl\/aktualne\/niemcy-odsylaja-migrantow-do-polski-w-obliczu-nowych-kontroli-granicznych\/#breadcrumb\"},\"inLanguage\":\"pl-PL\",\"potentialAction\":[{\"@type\":\"ReadAction\",\"target\":[\"https:\/\/www.pogotowieflagowe.pl\/aktualne\/niemcy-odsylaja-migrantow-do-polski-w-obliczu-nowych-kontroli-granicznych\/\"]}]},{\"@type\":\"ImageObject\",\"inLanguage\":\"pl-PL\",\"@id\":\"https:\/\/www.pogotowieflagowe.pl\/aktualne\/niemcy-odsylaja-migrantow-do-polski-w-obliczu-nowych-kontroli-granicznych\/#primaryimage\",\"url\":\"https:\/\/www.pogotowieflagowe.pl\/aktualne\/wp-content\/uploads\/2024\/09\/Niemcy-odsylaja-migrantow-do-Polski-w-obliczu-nowych-kontroli-granicznych.jpeg\",\"contentUrl\":\"https:\/\/www.pogotowieflagowe.pl\/aktualne\/wp-content\/uploads\/2024\/09\/Niemcy-odsylaja-migrantow-do-Polski-w-obliczu-nowych-kontroli-granicznych.jpeg\",\"width\":1920,\"height\":1440,\"caption\":\"Niemcy odsy\u0142aj\u0105 migrant\u00f3w do Polski w obliczu nowych kontroli granicznych\"},{\"@type\":\"BreadcrumbList\",\"@id\":\"https:\/\/www.pogotowieflagowe.pl\/aktualne\/niemcy-odsylaja-migrantow-do-polski-w-obliczu-nowych-kontroli-granicznych\/#breadcrumb\",\"itemListElement\":[{\"@type\":\"ListItem\",\"position\":1,\"name\":\"Home\",\"item\":\"https:\/\/www.pogotowieflagowe.pl\/aktualne\/\"},{\"@type\":\"ListItem\",\"position\":2,\"name\":\"Niemcy odsy\u0142aj\u0105 migrant\u00f3w do Polski w obliczu nowych kontroli granicznych\"}]},{\"@type\":\"WebSite\",\"@id\":\"https:\/\/www.pogotowieflagowe.pl\/aktualne\/#website\",\"url\":\"https:\/\/www.pogotowieflagowe.pl\/aktualne\/\",\"name\":\"POGOTOWIE FLAGOWE\u00ae\",\"description\":\"\",\"publisher\":{\"@id\":\"https:\/\/www.pogotowieflagowe.pl\/aktualne\/#organization\"},\"potentialAction\":[{\"@type\":\"SearchAction\",\"target\":{\"@type\":\"EntryPoint\",\"urlTemplate\":\"https:\/\/www.pogotowieflagowe.pl\/aktualne\/?s={search_term_string}\"},\"query-input\":\"required name=search_term_string\"}],\"inLanguage\":\"pl-PL\"},{\"@type\":\"Organization\",\"@id\":\"https:\/\/www.pogotowieflagowe.pl\/aktualne\/#organization\",\"name\":\"POGOTOWIE FLAGOWE\u00ae\",\"url\":\"https:\/\/www.pogotowieflagowe.pl\/aktualne\/\",\"logo\":{\"@type\":\"ImageObject\",\"inLanguage\":\"pl-PL\",\"@id\":\"https:\/\/www.pogotowieflagowe.pl\/aktualne\/#\/schema\/logo\/image\/\",\"url\":\"https:\/\/www.pogotowieflagowe.pl\/aktualne\/wp-content\/uploads\/2024\/08\/cropped-pogotowieflagowe_flaga_projekt_sm.jpg\",\"contentUrl\":\"https:\/\/www.pogotowieflagowe.pl\/aktualne\/wp-content\/uploads\/2024\/08\/cropped-pogotowieflagowe_flaga_projekt_sm.jpg\",\"width\":250,\"height\":143,\"caption\":\"POGOTOWIE FLAGOWE\u00ae\"},\"image\":{\"@id\":\"https:\/\/www.pogotowieflagowe.pl\/aktualne\/#\/schema\/logo\/image\/\"}},{\"@type\":\"Person\",\"@id\":\"https:\/\/www.pogotowieflagowe.pl\/aktualne\/#\/schema\/person\/9c2fb7d2362ebf6fa088960d7f0d27b0\",\"name\":\"Filip\",\"image\":{\"@type\":\"ImageObject\",\"inLanguage\":\"pl-PL\",\"@id\":\"https:\/\/www.pogotowieflagowe.pl\/aktualne\/#\/schema\/person\/image\/\",\"url\":\"https:\/\/www.pogotowieflagowe.pl\/aktualne\/wp-content\/uploads\/2024\/08\/pogotowieflagowe.pl_.jpg\",\"contentUrl\":\"https:\/\/www.pogotowieflagowe.pl\/aktualne\/wp-content\/uploads\/2024\/08\/pogotowieflagowe.pl_.jpg\",\"caption\":\"Filip\"},\"description\":\"Jestem Filip, polski dziennikarz z dyplomem nauk politycznych Uniwersytetu Warszawskiego. Rozpoczynaj\u0105c swoj\u0105 karier\u0119 w r\u00f3\u017cnych lokalnych mediach, zdoby\u0142em solidne do\u015bwiadczenie w zakresie \u015bledztwa i redakcji. Obecnie jako redaktor w Pogotowie flagowe, staram si\u0119 dostarcza\u0107 dog\u0142\u0119bne i istotne analizy na temat najwa\u017cniejszych kwestii aktualno\u015bci, \u0142\u0105cz\u0105c rygor z pasj\u0105 dziennikarsk\u0105.\",\"sameAs\":[\"https:\/\/www.pogotowieflagowe.pl\/\"]}]}<\/script>\n<!-- \/ Yoast SEO plugin. -->","yoast_head_json":{"title":"Niemcy odsy\u0142aj\u0105 migrant\u00f3w do Polski w obliczu nowych kontroli granicznych - POGOTOWIE FLAGOWE\u00ae","robots":{"index":"index","follow":"follow","max-snippet":"max-snippet:-1","max-image-preview":"max-image-preview:large","max-video-preview":"max-video-preview:-1"},"canonical":"https:\/\/www.pogotowieflagowe.pl\/aktualne\/niemcy-odsylaja-migrantow-do-polski-w-obliczu-nowych-kontroli-granicznych\/","og_locale":"pl_PL","og_type":"article","og_title":"Niemcy odsy\u0142aj\u0105 migrant\u00f3w do Polski w obliczu nowych kontroli granicznych - POGOTOWIE FLAGOWE\u00ae","og_description":"Niemcy zaostrzaj\u0105 kontrole graniczne, wysy\u0142aj\u0105c do Polski wi\u0119cej migrant\u00f3w, co budzi obawy zar\u00f3wno w kontek\u015bcie migracji, jak i dzia\u0142alno\u015bci transgranicznej.","og_url":"https:\/\/www.pogotowieflagowe.pl\/aktualne\/niemcy-odsylaja-migrantow-do-polski-w-obliczu-nowych-kontroli-granicznych\/","og_site_name":"POGOTOWIE FLAGOWE\u00ae","article_published_time":"2024-09-13T16:51:39+00:00","article_modified_time":"2024-09-13T16:51:43+00:00","og_image":[{"width":1920,"height":1440,"url":"https:\/\/www.pogotowieflagowe.pl\/aktualne\/wp-content\/uploads\/2024\/09\/Niemcy-odsylaja-migrantow-do-Polski-w-obliczu-nowych-kontroli-granicznych.jpeg","type":"image\/jpeg"}],"author":"Filip","twitter_card":"summary_large_image","twitter_misc":{"Napisane przez":"Filip","Szacowany czas czytania":"1 minuta"},"schema":{"@context":"https:\/\/schema.org","@graph":[{"@type":"Article","@id":"https:\/\/www.pogotowieflagowe.pl\/aktualne\/niemcy-odsylaja-migrantow-do-polski-w-obliczu-nowych-kontroli-granicznych\/#article","isPartOf":{"@id":"https:\/\/www.pogotowieflagowe.pl\/aktualne\/niemcy-odsylaja-migrantow-do-polski-w-obliczu-nowych-kontroli-granicznych\/"},"author":{"name":"Filip","@id":"https:\/\/www.pogotowieflagowe.pl\/aktualne\/#\/schema\/person\/9c2fb7d2362ebf6fa088960d7f0d27b0"},"headline":"Niemcy odsy\u0142aj\u0105 migrant\u00f3w do Polski w obliczu nowych kontroli granicznych","datePublished":"2024-09-13T16:51:39+00:00","dateModified":"2024-09-13T16:51:43+00:00","mainEntityOfPage":{"@id":"https:\/\/www.pogotowieflagowe.pl\/aktualne\/niemcy-odsylaja-migrantow-do-polski-w-obliczu-nowych-kontroli-granicznych\/"},"wordCount":215,"publisher":{"@id":"https:\/\/www.pogotowieflagowe.pl\/aktualne\/#organization"},"image":{"@id":"https:\/\/www.pogotowieflagowe.pl\/aktualne\/niemcy-odsylaja-migrantow-do-polski-w-obliczu-nowych-kontroli-granicznych\/#primaryimage"},"thumbnailUrl":"https:\/\/www.pogotowieflagowe.pl\/aktualne\/wp-content\/uploads\/2024\/09\/Niemcy-odsylaja-migrantow-do-Polski-w-obliczu-nowych-kontroli-granicznych.jpeg","keywords":["granicznych","kontroli","migrant\u00f3w","Niemcy","nowych","obliczu","odsy\u0142aj\u0105","polski"],"articleSection":["Polityka"],"inLanguage":"pl-PL"},{"@type":"WebPage","@id":"https:\/\/www.pogotowieflagowe.pl\/aktualne\/niemcy-odsylaja-migrantow-do-polski-w-obliczu-nowych-kontroli-granicznych\/","url":"https:\/\/www.pogotowieflagowe.pl\/aktualne\/niemcy-odsylaja-migrantow-do-polski-w-obliczu-nowych-kontroli-granicznych\/","name":"Niemcy odsy\u0142aj\u0105 migrant\u00f3w do Polski w obliczu nowych kontroli granicznych - POGOTOWIE FLAGOWE\u00ae","isPartOf":{"@id":"https:\/\/www.pogotowieflagowe.pl\/aktualne\/#website"},"primaryImageOfPage":{"@id":"https:\/\/www.pogotowieflagowe.pl\/aktualne\/niemcy-odsylaja-migrantow-do-polski-w-obliczu-nowych-kontroli-granicznych\/#primaryimage"},"image":{"@id":"https:\/\/www.pogotowieflagowe.pl\/aktualne\/niemcy-odsylaja-migrantow-do-polski-w-obliczu-nowych-kontroli-granicznych\/#primaryimage"},"thumbnailUrl":"https:\/\/www.pogotowieflagowe.pl\/aktualne\/wp-content\/uploads\/2024\/09\/Niemcy-odsylaja-migrantow-do-Polski-w-obliczu-nowych-kontroli-granicznych.jpeg","datePublished":"2024-09-13T16:51:39+00:00","dateModified":"2024-09-13T16:51:43+00:00","breadcrumb":{"@id":"https:\/\/www.pogotowieflagowe.pl\/aktualne\/niemcy-odsylaja-migrantow-do-polski-w-obliczu-nowych-kontroli-granicznych\/#breadcrumb"},"inLanguage":"pl-PL","potentialAction":[{"@type":"ReadAction","target":["https:\/\/www.pogotowieflagowe.pl\/aktualne\/niemcy-odsylaja-migrantow-do-polski-w-obliczu-nowych-kontroli-granicznych\/"]}]},{"@type":"ImageObject","inLanguage":"pl-PL","@id":"https:\/\/www.pogotowieflagowe.pl\/aktualne\/niemcy-odsylaja-migrantow-do-polski-w-obliczu-nowych-kontroli-granicznych\/#primaryimage","url":"https:\/\/www.pogotowieflagowe.pl\/aktualne\/wp-content\/uploads\/2024\/09\/Niemcy-odsylaja-migrantow-do-Polski-w-obliczu-nowych-kontroli-granicznych.jpeg","contentUrl":"https:\/\/www.pogotowieflagowe.pl\/aktualne\/wp-content\/uploads\/2024\/09\/Niemcy-odsylaja-migrantow-do-Polski-w-obliczu-nowych-kontroli-granicznych.jpeg","width":1920,"height":1440,"caption":"Niemcy odsy\u0142aj\u0105 migrant\u00f3w do Polski w obliczu nowych kontroli granicznych"},{"@type":"BreadcrumbList","@id":"https:\/\/www.pogotowieflagowe.pl\/aktualne\/niemcy-odsylaja-migrantow-do-polski-w-obliczu-nowych-kontroli-granicznych\/#breadcrumb","itemListElement":[{"@type":"ListItem","position":1,"name":"Home","item":"https:\/\/www.pogotowieflagowe.pl\/aktualne\/"},{"@type":"ListItem","position":2,"name":"Niemcy odsy\u0142aj\u0105 migrant\u00f3w do Polski w obliczu nowych kontroli granicznych"}]},{"@type":"WebSite","@id":"https:\/\/www.pogotowieflagowe.pl\/aktualne\/#website","url":"https:\/\/www.pogotowieflagowe.pl\/aktualne\/","name":"POGOTOWIE FLAGOWE\u00ae","description":"","publisher":{"@id":"https:\/\/www.pogotowieflagowe.pl\/aktualne\/#organization"},"potentialAction":[{"@type":"SearchAction","target":{"@type":"EntryPoint","urlTemplate":"https:\/\/www.pogotowieflagowe.pl\/aktualne\/?s={search_term_string}"},"query-input":"required name=search_term_string"}],"inLanguage":"pl-PL"},{"@type":"Organization","@id":"https:\/\/www.pogotowieflagowe.pl\/aktualne\/#organization","name":"POGOTOWIE FLAGOWE\u00ae","url":"https:\/\/www.pogotowieflagowe.pl\/aktualne\/","logo":{"@type":"ImageObject","inLanguage":"pl-PL","@id":"https:\/\/www.pogotowieflagowe.pl\/aktualne\/#\/schema\/logo\/image\/","url":"https:\/\/www.pogotowieflagowe.pl\/aktualne\/wp-content\/uploads\/2024\/08\/cropped-pogotowieflagowe_flaga_projekt_sm.jpg","contentUrl":"https:\/\/www.pogotowieflagowe.pl\/aktualne\/wp-content\/uploads\/2024\/08\/cropped-pogotowieflagowe_flaga_projekt_sm.jpg","width":250,"height":143,"caption":"POGOTOWIE FLAGOWE\u00ae"},"image":{"@id":"https:\/\/www.pogotowieflagowe.pl\/aktualne\/#\/schema\/logo\/image\/"}},{"@type":"Person","@id":"https:\/\/www.pogotowieflagowe.pl\/aktualne\/#\/schema\/person\/9c2fb7d2362ebf6fa088960d7f0d27b0","name":"Filip","image":{"@type":"ImageObject","inLanguage":"pl-PL","@id":"https:\/\/www.pogotowieflagowe.pl\/aktualne\/#\/schema\/person\/image\/","url":"https:\/\/www.pogotowieflagowe.pl\/aktualne\/wp-content\/uploads\/2024\/08\/pogotowieflagowe.pl_.jpg","contentUrl":"https:\/\/www.pogotowieflagowe.pl\/aktualne\/wp-content\/uploads\/2024\/08\/pogotowieflagowe.pl_.jpg","caption":"Filip"},"description":"Jestem Filip, polski dziennikarz z dyplomem nauk politycznych Uniwersytetu Warszawskiego. Rozpoczynaj\u0105c swoj\u0105 karier\u0119 w r\u00f3\u017cnych lokalnych mediach, zdoby\u0142em solidne do\u015bwiadczenie w zakresie \u015bledztwa i redakcji. Obecnie jako redaktor w Pogotowie flagowe, staram si\u0119 dostarcza\u0107 dog\u0142\u0119bne i istotne analizy na temat najwa\u017cniejszych kwestii aktualno\u015bci, \u0142\u0105cz\u0105c rygor z pasj\u0105 dziennikarsk\u0105.","sameAs":["https:\/\/www.pogotowieflagowe.pl\/"]}]}},"_links":{"self":[{"href":"https:\/\/www.pogotowieflagowe.pl\/aktualne\/wp-json\/wp\/v2\/posts\/693","targetHints":{"allow":["GET"]}}],"collection":[{"href":"https:\/\/www.pogotowieflagowe.pl\/aktualne\/wp-json\/wp\/v2\/posts"}],"about":[{"href":"https:\/\/www.pogotowieflagowe.pl\/aktualne\/wp-json\/wp\/v2\/types\/post"}],"author":[{"embeddable":true,"href":"https:\/\/www.pogotowieflagowe.pl\/aktualne\/wp-json\/wp\/v2\/users\/1"}],"replies":[{"embeddable":true,"href":"https:\/\/www.pogotowieflagowe.pl\/aktualne\/wp-json\/wp\/v2\/comments?post=693"}],"version-history":[{"count":1,"href":"https:\/\/www.pogotowieflagowe.pl\/aktualne\/wp-json\/wp\/v2\/posts\/693\/revisions"}],"predecessor-version":[{"id":695,"href":"https:\/\/www.pogotowieflagowe.pl\/aktualne\/wp-json\/wp\/v2\/posts\/693\/revisions\/695"}],"wp:featuredmedia":[{"embeddable":true,"href":"https:\/\/www.pogotowieflagowe.pl\/aktualne\/wp-json\/wp\/v2\/media\/694"}],"wp:attachment":[{"href":"https:\/\/www.pogotowieflagowe.pl\/aktualne\/wp-json\/wp\/v2\/media?parent=693"}],"wp:term":[{"taxonomy":"category","embeddable":true,"href":"https:\/\/www.pogotowieflagowe.pl\/aktualne\/wp-json\/wp\/v2\/categories?post=693"},{"taxonomy":"post_tag","embeddable":true,"href":"https:\/\/www.pogotowieflagowe.pl\/aktualne\/wp-json\/wp\/v2\/tags?post=693"}],"curies":[{"name":"wp","href":"https:\/\/api.w.org\/{rel}","templated":true}]}}